{"id":51351,"date":"2024-11-18T20:52:52","date_gmt":"2024-11-18T18:52:52","guid":{"rendered":"https:\/\/www.laguiadepamplona.com\/actualidad\/?p=51351"},"modified":"2024-11-18T20:52:52","modified_gmt":"2024-11-18T18:52:52","slug":"los-premios-tomas-belzunegui-2024-han-reconocido-esta-manana-las-iniciativas-que-promueven-una-imagen-positiva-de-las-personas-mayores","status":"publish","type":"post","link":"https:\/\/www.laguiadepamplona.com\/actualidad\/los-premios-tomas-belzunegui-2024-han-reconocido-esta-manana-las-iniciativas-que-promueven-una-imagen-positiva-de-las-personas-mayores\/","title":{"rendered":"Los premios Tom\u00e1s Belzunegui 2024 han reconocido esta ma\u00f1ana las iniciativas que promueven una imagen positiva de las personas mayores"},"content":{"rendered":"<h2>La Sociedad Navarra de Geriatr\u00eda y Gerontolog\u00eda ha premiado 10 trabajos entre el medio centenar presentados a esta 24 edici\u00f3n del certamen<\/h2>\n<p><!--more--><\/p>\n<p>Los premios Tom\u00e1s Belzunegui han reconocido esta ma\u00f1ana diversas iniciativas que promueven la imagen positiva de las personas mayores. La Sociedad Navarra de Geriatr\u00eda y Gerontolog\u00eda, promotora del certamen desde hace 24 a\u00f1os, ha premiado un total de 10 trabajos de entre el m\u00e1s de medio centenar de propuestas presentadas.<\/p>\n<p>La entrega de los premios se ha celebrado en el Palacio del Condestable y ha contado con la presencia de representantes del Ayuntamiento de Pamplona, Gobierno de Navarra, la Sociedad Navarra de Geriatr\u00eda y Gerontolog\u00eda (SNGG), y la Asociaci\u00f3n de Periodistas de Navarra, as\u00ed como de diferentes entidades colaboradores de este certamen literario. El acto ha estado presidido por la presidenta de la SNGG, Teresa Marcell\u00e1n, acompa\u00f1ada en la mesa presidencial por la primera teniente de alcalde del Ayuntamiento, Garbi\u00f1e Bueno Zabalza, y Patxi P\u00e9rez, presidente de la Asociaci\u00f3n Periodistas de Navarra. Ha participado tambi\u00e9n la concejala delegada de Igualdad, Acci\u00f3n Comunitaria, Barrios, Participaci\u00f3n Ciudadana y Euskera, Zaloa Basabe Guti\u00e9rrez.<\/p>\n<p>Estos premios, que corresponden a los \u00e1mbitos de la literatura, el periodismo, las relaciones intergeneracionales, y la educaci\u00f3n, honran la figura del doctor Tom\u00e1s Belzunegui Sarasa, fundador, junto al doctor Joaqu\u00edn Pe\u00f1alba, del Servicio de Geriatr\u00eda del Hospital de Navarra, en 1980. Se le considera uno de los precursores de la geriatr\u00eda moderna.<\/p>\n<p><strong>Premios para dos centros escolares<\/strong><\/p>\n<p>Mar\u00eda Dolores L\u00f3pez, secretaria del jurado de los premios, ha procedido a leer el acta para comunicar qui\u00e9nes eran los ganadores de esta edici\u00f3n, en la que se han presentado casi medio centenar de trabajos entre cinco modalidades diferentes: ESO (3\u00ba y 4\u00ba), periodismo, intergeneracional, relato corto y relato senior.<\/p>\n<p>La modalidad juvenil est\u00e1 dirigida al alumnado que estudia 3\u00ba y 4\u00ba de ESO en centros educativos navarros. El primer premio ha reca\u00eddo en el trabajo titulado \u201cLos recuerdos\u201d, presentado por Miley Tatiana Coello, del Colegio Santa Catalina-Sant\u00edsimo Sacramento. Asimismo, el jurado ha decidido dar un acc\u00e9sit al trabajo titulado \u201cLa carta olvidada\u201d, presentado por Anne Cusnir, tambi\u00e9n del Colegio Santa Catalina-Sant\u00edsimo Sacramento de Pamplona.<\/p>\n<p>En la modalidad de actividades intergeneracionales, el jurado ha decidido premiar al encuentro intergeneracional que tuvo lugar entre las personas mayores de la residencia El Mirador y el alumnado del Colegio P\u00fablico Cardenal Ilundain en los d\u00edas previos a la Navidad del a\u00f1o pasado con el fin de aliviar el sentimiento de soledad que en ocasiones acompa\u00f1a a estas entra\u00f1ables fiestas. Tras un trabajo previo de sensibilizaci\u00f3n en el centro escolar y de creaci\u00f3n de manualidades, las personas invitadas fueron al centro escolar a encontrarse con estudiantes de 6\u00ba de primaria. Ha recogido el galard\u00f3n la directora del colegio, Carmen Garc\u00eda.<\/p>\n<p><strong>Trabajos period\u00edsticos y de relato<\/strong><\/p>\n<p>El n\u00famero de trabajos presentados en la modalidad period\u00edstica ha sido elevado y el jurado se ha congratulado al comprobar el incremento de la presencia de mensajes positivos sobre las personas mayores en los medios de comunicaci\u00f3n navarros. Por ello, ha decidido en esta modalidad otorgar adem\u00e1s del premio, dos acc\u00e9sits.<\/p>\n<p>El primer premio se ha dirigido al reportaje sobre Amparo Zubiri escrito por Sonsoles Echavarren y publicado en Diario de Navarra el 7 de abril de 2024. El primer acc\u00e9sit se ha concedido al reportaje publicado por Navarra Capital el lunes 22 de marzo de 2024, y realizado por Patricia Ruiz P\u00e9rez. El titular del art\u00edculo sintetiza muy bien su contenido: \u201cI\u00f1aki Vallejo, la llave que garantiza un doble relevo\u201d. El segundo acc\u00e9sit se ha otorgado al art\u00edculo titulado \u201cJaque mate al olvido\u201d escrito por Eva Fern\u00e1ndez Suarez y publicado en Diario de Navarra.<\/p>\n<p>En la modalidad de relato corto abierto, el primer premio, por unanimidad del jurado, ha sido para al trabajo titulado \u2018Hierba de oto\u00f1o\u2019, presentado por Jos\u00e9 Agust\u00edn Blanco. Asimismo, el jurado ha decidido otorgar un acc\u00e9sit al texto titulado \u2018La loca de Chaillot\u2019, escrito por Jos\u00e9 Ignacio Tamayo P\u00e9rez.<\/p>\n<p>Por \u00faltimo, en la modalidad de relato senior, el premio se ha concedido al relato titulado \u2018El programa, la carpa y otras cosas de fiesta\u2019, escrito por Fernando Juan Lezaun. El jurado ha decidido conceder un acc\u00e9sit al texto titulado \u2018Recuerdos de infancia\u2019, escrito por M\u00aa Cruz Ib\u00e1\u00f1ez Garde.<\/p>\n<p>&nbsp;<\/p>\n<h3><strong>Premios Tom\u00e1s Belzunegui 2024<\/strong><\/h3>\n<p><strong>ESO<\/strong><\/p>\n<ul>\n<li>Premio<br \/>\n\u201cLos recuerdos\u201d, de Miley Tatiana Coello, del Colegio Santa Catalina-Sant\u00edsimo Sacramento<\/li>\n<li>Acc\u00e9sit<br \/>\n\u201cLa carta olvidada\u201d, de Anne Cusnir, del Colegio Santa Catalina-Sant\u00edsimo Sacramento de Pamplona.<\/li>\n<\/ul>\n<p><strong><br \/>\nINTERGENERACIONAL<\/strong><\/p>\n<ul>\n<li>Premio<\/li>\n<\/ul>\n<p>Encuentro intergeneracional entre personas mayores de la residencia El Mirador y el alumnado del Colegio P\u00fablico Cardenal Ilundain en los d\u00edas previos a Navidad<\/p>\n<p><strong>PERIODISMO<\/strong><\/p>\n<ul>\n<li>Premio<br \/>\nReportaje sobre Amparo Zubiri escrito por Sonsoles Echavarren y publicado en Diario de Navarra el 7 de abril de 2024<\/li>\n<\/ul>\n<p>&nbsp;<\/p>\n<ul>\n<li>Primer Acc\u00e9sit:<br \/>\n\u201cI\u00f1aki Vallejo, la llave que garantiza un doble relevo\u201d, escrito por Patricia Ruiz P\u00e9rez en Navarra Capital el lunes 22 de marzo de 2024<\/li>\n<\/ul>\n<p>&nbsp;<\/p>\n<p>Segundo Acc\u00e9sit:<br \/>\n\u201cJaque mate al olvido\u201d, escrito por Eva Fern\u00e1ndez Su\u00e1rez y publicado en Diario de Navarra.<\/p>\n<p>&nbsp;<\/p>\n<p><strong>RELATO CORTO ABIERTO<\/strong><\/p>\n<ul>\n<li>Premio<br \/>\n\u2018Hierba de oto\u00f1o\u2019. Jos\u00e9 Agust\u00edn Blanco<\/li>\n<\/ul>\n<p>&nbsp;<\/p>\n<ul>\n<li>Acc\u00e9sit<br \/>\n\u2018La loca de Chaillot\u2019. Jos\u00e9 Ignacio Tamayo P\u00e9rez.<\/li>\n<\/ul>\n<p>&nbsp;<\/p>\n<p><strong>PREMIO SENIOR<\/strong><\/p>\n<ul>\n<li>Premio<br \/>\n\u2018El programa, la carpa y otras cosas de fiesta\u2019. Fernando Juan Lezaun<\/li>\n<li>Acc\u00e9sit<br \/>\n\u2018Recuerdos de infancia\u2019. M\u00aa Cruz Ib\u00e1\u00f1ez Garde.<\/li>\n<\/ul>\n","protected":false},"excerpt":{"rendered":"<p>La Sociedad Navarra de Geriatr\u00eda y Gerontolog\u00eda ha premiado 10 trabajos entre el medio centenar presentados a esta 24 edici\u00f3n del certamen<\/p>\n","protected":false},"author":1,"featured_media":51352,"comment_status":"open","ping_status":"closed","sticky":false,"template":"","format":"standard","meta":{"footnotes":""},"categories":[2],"tags":[],"class_list":["post-51351","post","type-post","status-publish","format-standard","has-post-thumbnail","hentry","category-ayuntamiento-pamplona"],"yoast_head":"<!-- This site is optimized with the Yoast SEO plugin v27.3 - https:\/\/yoast.com\/product\/yoast-seo-wordpress\/ -->\n<title>Los premios Tom\u00e1s Belzunegui 2024 han reconocido esta ma\u00f1ana las iniciativas que promueven una imagen positiva de las personas mayores<\/title>\n<meta name=\"description\" content=\"La Sociedad Navarra de Geriatr\u00eda y Gerontolog\u00eda ha premiado 10 trabajos entre el medio centenar presentados a esta 24 edici\u00f3n del certamen\" \/>\n<meta name=\"robots\" content=\"index, follow, max-snippet:-1, max-image-preview:large, max-video-preview:-1\" \/>\n<link rel=\"canonical\" href=\"https:\/\/www.laguiadepamplona.com\/actualidad\/los-premios-tomas-belzunegui-2024-han-reconocido-esta-manana-las-iniciativas-que-promueven-una-imagen-positiva-de-las-personas-mayores\/\" \/>\n<meta property=\"og:locale\" content=\"es_ES\" \/>\n<meta property=\"og:type\" content=\"article\" \/>\n<meta property=\"og:title\" content=\"Los premios Tom\u00e1s Belzunegui 2024 han reconocido esta ma\u00f1ana las iniciativas que promueven una imagen positiva de las personas mayores\" \/>\n<meta property=\"og:description\" content=\"La Sociedad Navarra de Geriatr\u00eda y Gerontolog\u00eda ha premiado 10 trabajos entre el medio centenar presentados a esta 24 edici\u00f3n del certamen\" \/>\n<meta property=\"og:url\" content=\"https:\/\/www.laguiadepamplona.com\/actualidad\/los-premios-tomas-belzunegui-2024-han-reconocido-esta-manana-las-iniciativas-que-promueven-una-imagen-positiva-de-las-personas-mayores\/\" \/>\n<meta property=\"og:site_name\" content=\"La Gu\u00eda de Pamplona\" \/>\n<meta property=\"article:publisher\" content=\"https:\/\/www.facebook.com\/laguiadepamplonacom-133175176762273\/?ref=hl\" \/>\n<meta property=\"article:published_time\" content=\"2024-11-18T18:52:52+00:00\" \/>\n<meta property=\"og:image\" content=\"https:\/\/www.laguiadepamplona.com\/actualidad\/wp-content\/uploads\/2024\/11\/premiostomasbelzunegui5d47681.webp\" \/>\n\t<meta property=\"og:image:width\" content=\"1000\" \/>\n\t<meta property=\"og:image:height\" content=\"667\" \/>\n\t<meta property=\"og:image:type\" content=\"image\/webp\" \/>\n<meta name=\"author\" content=\"La Gu\u00eda de Pamplona\" \/>\n<meta name=\"twitter:card\" content=\"summary_large_image\" \/>\n<meta name=\"twitter:creator\" content=\"@LaGuiadPamplona\" \/>\n<meta name=\"twitter:site\" content=\"@LaGuiadPamplona\" \/>\n<meta name=\"twitter:label1\" content=\"Escrito por\" \/>\n\t<meta name=\"twitter:data1\" content=\"La Gu\u00eda de Pamplona\" \/>\n\t<meta name=\"twitter:label2\" content=\"Tiempo de lectura\" \/>\n\t<meta name=\"twitter:data2\" content=\"4 minutos\" \/>\n<script type=\"application\/ld+json\" class=\"yoast-schema-graph\">{\"@context\":\"https:\\\/\\\/schema.org\",\"@graph\":[{\"@type\":\"Article\",\"@id\":\"https:\\\/\\\/www.laguiadepamplona.com\\\/actualidad\\\/los-premios-tomas-belzunegui-2024-han-reconocido-esta-manana-las-iniciativas-que-promueven-una-imagen-positiva-de-las-personas-mayores\\\/#article\",\"isPartOf\":{\"@id\":\"https:\\\/\\\/www.laguiadepamplona.com\\\/actualidad\\\/los-premios-tomas-belzunegui-2024-han-reconocido-esta-manana-las-iniciativas-que-promueven-una-imagen-positiva-de-las-personas-mayores\\\/\"},\"author\":{\"name\":\"La Gu\u00eda de Pamplona\",\"@id\":\"https:\\\/\\\/www.laguiadepamplona.com\\\/actualidad\\\/#\\\/schema\\\/person\\\/efe887376f0213d4657c93adc50b1fdb\"},\"headline\":\"Los premios Tom\u00e1s Belzunegui 2024 han reconocido esta ma\u00f1ana las iniciativas que promueven una imagen positiva de las personas mayores\",\"datePublished\":\"2024-11-18T18:52:52+00:00\",\"mainEntityOfPage\":{\"@id\":\"https:\\\/\\\/www.laguiadepamplona.com\\\/actualidad\\\/los-premios-tomas-belzunegui-2024-han-reconocido-esta-manana-las-iniciativas-que-promueven-una-imagen-positiva-de-las-personas-mayores\\\/\"},\"wordCount\":958,\"commentCount\":0,\"publisher\":{\"@id\":\"https:\\\/\\\/www.laguiadepamplona.com\\\/actualidad\\\/#organization\"},\"image\":{\"@id\":\"https:\\\/\\\/www.laguiadepamplona.com\\\/actualidad\\\/los-premios-tomas-belzunegui-2024-han-reconocido-esta-manana-las-iniciativas-que-promueven-una-imagen-positiva-de-las-personas-mayores\\\/#primaryimage\"},\"thumbnailUrl\":\"https:\\\/\\\/www.laguiadepamplona.com\\\/actualidad\\\/wp-content\\\/uploads\\\/2024\\\/11\\\/premiostomasbelzunegui5d47681.webp\",\"articleSection\":[\"Ayto Pamplona\"],\"inLanguage\":\"es\",\"potentialAction\":[{\"@type\":\"CommentAction\",\"name\":\"Comment\",\"target\":[\"https:\\\/\\\/www.laguiadepamplona.com\\\/actualidad\\\/los-premios-tomas-belzunegui-2024-han-reconocido-esta-manana-las-iniciativas-que-promueven-una-imagen-positiva-de-las-personas-mayores\\\/#respond\"]}]},{\"@type\":\"WebPage\",\"@id\":\"https:\\\/\\\/www.laguiadepamplona.com\\\/actualidad\\\/los-premios-tomas-belzunegui-2024-han-reconocido-esta-manana-las-iniciativas-que-promueven-una-imagen-positiva-de-las-personas-mayores\\\/\",\"url\":\"https:\\\/\\\/www.laguiadepamplona.com\\\/actualidad\\\/los-premios-tomas-belzunegui-2024-han-reconocido-esta-manana-las-iniciativas-que-promueven-una-imagen-positiva-de-las-personas-mayores\\\/\",\"name\":\"Los premios Tom\u00e1s Belzunegui 2024 han reconocido esta ma\u00f1ana las iniciativas que promueven una imagen positiva de las personas mayores\",\"isPartOf\":{\"@id\":\"https:\\\/\\\/www.laguiadepamplona.com\\\/actualidad\\\/#website\"},\"primaryImageOfPage\":{\"@id\":\"https:\\\/\\\/www.laguiadepamplona.com\\\/actualidad\\\/los-premios-tomas-belzunegui-2024-han-reconocido-esta-manana-las-iniciativas-que-promueven-una-imagen-positiva-de-las-personas-mayores\\\/#primaryimage\"},\"image\":{\"@id\":\"https:\\\/\\\/www.laguiadepamplona.com\\\/actualidad\\\/los-premios-tomas-belzunegui-2024-han-reconocido-esta-manana-las-iniciativas-que-promueven-una-imagen-positiva-de-las-personas-mayores\\\/#primaryimage\"},\"thumbnailUrl\":\"https:\\\/\\\/www.laguiadepamplona.com\\\/actualidad\\\/wp-content\\\/uploads\\\/2024\\\/11\\\/premiostomasbelzunegui5d47681.webp\",\"datePublished\":\"2024-11-18T18:52:52+00:00\",\"description\":\"La Sociedad Navarra de Geriatr\u00eda y Gerontolog\u00eda ha premiado 10 trabajos entre el medio centenar presentados a esta 24 edici\u00f3n del certamen\",\"breadcrumb\":{\"@id\":\"https:\\\/\\\/www.laguiadepamplona.com\\\/actualidad\\\/los-premios-tomas-belzunegui-2024-han-reconocido-esta-manana-las-iniciativas-que-promueven-una-imagen-positiva-de-las-personas-mayores\\\/#breadcrumb\"},\"inLanguage\":\"es\",\"potentialAction\":[{\"@type\":\"ReadAction\",\"target\":[\"https:\\\/\\\/www.laguiadepamplona.com\\\/actualidad\\\/los-premios-tomas-belzunegui-2024-han-reconocido-esta-manana-las-iniciativas-que-promueven-una-imagen-positiva-de-las-personas-mayores\\\/\"]}]},{\"@type\":\"ImageObject\",\"inLanguage\":\"es\",\"@id\":\"https:\\\/\\\/www.laguiadepamplona.com\\\/actualidad\\\/los-premios-tomas-belzunegui-2024-han-reconocido-esta-manana-las-iniciativas-que-promueven-una-imagen-positiva-de-las-personas-mayores\\\/#primaryimage\",\"url\":\"https:\\\/\\\/www.laguiadepamplona.com\\\/actualidad\\\/wp-content\\\/uploads\\\/2024\\\/11\\\/premiostomasbelzunegui5d47681.webp\",\"contentUrl\":\"https:\\\/\\\/www.laguiadepamplona.com\\\/actualidad\\\/wp-content\\\/uploads\\\/2024\\\/11\\\/premiostomasbelzunegui5d47681.webp\",\"width\":1000,\"height\":667,\"caption\":\"premios Tom\u00e1s Belzunegui\"},{\"@type\":\"BreadcrumbList\",\"@id\":\"https:\\\/\\\/www.laguiadepamplona.com\\\/actualidad\\\/los-premios-tomas-belzunegui-2024-han-reconocido-esta-manana-las-iniciativas-que-promueven-una-imagen-positiva-de-las-personas-mayores\\\/#breadcrumb\",\"itemListElement\":[{\"@type\":\"ListItem\",\"position\":1,\"name\":\"Portada\",\"item\":\"https:\\\/\\\/www.laguiadepamplona.com\\\/actualidad\\\/\"},{\"@type\":\"ListItem\",\"position\":2,\"name\":\"Los premios Tom\u00e1s Belzunegui 2024 han reconocido esta ma\u00f1ana las iniciativas que promueven una imagen positiva de las personas mayores\"}]},{\"@type\":\"WebSite\",\"@id\":\"https:\\\/\\\/www.laguiadepamplona.com\\\/actualidad\\\/#website\",\"url\":\"https:\\\/\\\/www.laguiadepamplona.com\\\/actualidad\\\/\",\"name\":\"La gu\u00eda de Pamplona\",\"description\":\"Noticias de Pamplona\",\"publisher\":{\"@id\":\"https:\\\/\\\/www.laguiadepamplona.com\\\/actualidad\\\/#organization\"},\"potentialAction\":[{\"@type\":\"SearchAction\",\"target\":{\"@type\":\"EntryPoint\",\"urlTemplate\":\"https:\\\/\\\/www.laguiadepamplona.com\\\/actualidad\\\/?s={search_term_string}\"},\"query-input\":{\"@type\":\"PropertyValueSpecification\",\"valueRequired\":true,\"valueName\":\"search_term_string\"}}],\"inLanguage\":\"es\"},{\"@type\":\"Organization\",\"@id\":\"https:\\\/\\\/www.laguiadepamplona.com\\\/actualidad\\\/#organization\",\"name\":\"La Gu\u00eda de Pamplona \\\/ Noticias\",\"url\":\"https:\\\/\\\/www.laguiadepamplona.com\\\/actualidad\\\/\",\"logo\":{\"@type\":\"ImageObject\",\"inLanguage\":\"es\",\"@id\":\"https:\\\/\\\/www.laguiadepamplona.com\\\/actualidad\\\/#\\\/schema\\\/logo\\\/image\\\/\",\"url\":\"https:\\\/\\\/www.laguiadepamplona.com\\\/actualidad\\\/wp-content\\\/uploads\\\/2018\\\/11\\\/logo-laguiadepamplona18-web1.png\",\"contentUrl\":\"https:\\\/\\\/www.laguiadepamplona.com\\\/actualidad\\\/wp-content\\\/uploads\\\/2018\\\/11\\\/logo-laguiadepamplona18-web1.png\",\"width\":600,\"height\":196,\"caption\":\"La Gu\u00eda de Pamplona \\\/ Noticias\"},\"image\":{\"@id\":\"https:\\\/\\\/www.laguiadepamplona.com\\\/actualidad\\\/#\\\/schema\\\/logo\\\/image\\\/\"},\"sameAs\":[\"https:\\\/\\\/www.facebook.com\\\/laguiadepamplonacom-133175176762273\\\/?ref=hl\",\"https:\\\/\\\/x.com\\\/LaGuiadPamplona\",\"https:\\\/\\\/www.instagram.com\\\/la_guia_de_pamplona\\\/\",\"https:\\\/\\\/www.youtube.com\\\/user\\\/laguiadepamplona\"]},{\"@type\":\"Person\",\"@id\":\"https:\\\/\\\/www.laguiadepamplona.com\\\/actualidad\\\/#\\\/schema\\\/person\\\/efe887376f0213d4657c93adc50b1fdb\",\"name\":\"La Gu\u00eda de Pamplona\",\"image\":{\"@type\":\"ImageObject\",\"inLanguage\":\"es\",\"@id\":\"https:\\\/\\\/secure.gravatar.com\\\/avatar\\\/b6992f131dc8d30ab0dff15446e9d346d9dbd95992de0fef795073f5ea83a81c?s=96&d=mm&r=g\",\"url\":\"https:\\\/\\\/secure.gravatar.com\\\/avatar\\\/b6992f131dc8d30ab0dff15446e9d346d9dbd95992de0fef795073f5ea83a81c?s=96&d=mm&r=g\",\"contentUrl\":\"https:\\\/\\\/secure.gravatar.com\\\/avatar\\\/b6992f131dc8d30ab0dff15446e9d346d9dbd95992de0fef795073f5ea83a81c?s=96&d=mm&r=g\",\"caption\":\"La Gu\u00eda de Pamplona\"}}]}<\/script>\n<!-- \/ Yoast SEO plugin. -->","yoast_head_json":{"title":"Los premios Tom\u00e1s Belzunegui 2024 han reconocido esta ma\u00f1ana las iniciativas que promueven una imagen positiva de las personas mayores","description":"La Sociedad Navarra de Geriatr\u00eda y Gerontolog\u00eda ha premiado 10 trabajos entre el medio centenar presentados a esta 24 edici\u00f3n del certamen","robots":{"index":"index","follow":"follow","max-snippet":"max-snippet:-1","max-image-preview":"max-image-preview:large","max-video-preview":"max-video-preview:-1"},"canonical":"https:\/\/www.laguiadepamplona.com\/actualidad\/los-premios-tomas-belzunegui-2024-han-reconocido-esta-manana-las-iniciativas-que-promueven-una-imagen-positiva-de-las-personas-mayores\/","og_locale":"es_ES","og_type":"article","og_title":"Los premios Tom\u00e1s Belzunegui 2024 han reconocido esta ma\u00f1ana las iniciativas que promueven una imagen positiva de las personas mayores","og_description":"La Sociedad Navarra de Geriatr\u00eda y Gerontolog\u00eda ha premiado 10 trabajos entre el medio centenar presentados a esta 24 edici\u00f3n del certamen","og_url":"https:\/\/www.laguiadepamplona.com\/actualidad\/los-premios-tomas-belzunegui-2024-han-reconocido-esta-manana-las-iniciativas-que-promueven-una-imagen-positiva-de-las-personas-mayores\/","og_site_name":"La Gu\u00eda de Pamplona","article_publisher":"https:\/\/www.facebook.com\/laguiadepamplonacom-133175176762273\/?ref=hl","article_published_time":"2024-11-18T18:52:52+00:00","og_image":[{"width":1000,"height":667,"url":"https:\/\/www.laguiadepamplona.com\/actualidad\/wp-content\/uploads\/2024\/11\/premiostomasbelzunegui5d47681.webp","type":"image\/webp"}],"author":"La Gu\u00eda de Pamplona","twitter_card":"summary_large_image","twitter_creator":"@LaGuiadPamplona","twitter_site":"@LaGuiadPamplona","twitter_misc":{"Escrito por":"La Gu\u00eda de Pamplona","Tiempo de lectura":"4 minutos"},"schema":{"@context":"https:\/\/schema.org","@graph":[{"@type":"Article","@id":"https:\/\/www.laguiadepamplona.com\/actualidad\/los-premios-tomas-belzunegui-2024-han-reconocido-esta-manana-las-iniciativas-que-promueven-una-imagen-positiva-de-las-personas-mayores\/#article","isPartOf":{"@id":"https:\/\/www.laguiadepamplona.com\/actualidad\/los-premios-tomas-belzunegui-2024-han-reconocido-esta-manana-las-iniciativas-que-promueven-una-imagen-positiva-de-las-personas-mayores\/"},"author":{"name":"La Gu\u00eda de Pamplona","@id":"https:\/\/www.laguiadepamplona.com\/actualidad\/#\/schema\/person\/efe887376f0213d4657c93adc50b1fdb"},"headline":"Los premios Tom\u00e1s Belzunegui 2024 han reconocido esta ma\u00f1ana las iniciativas que promueven una imagen positiva de las personas mayores","datePublished":"2024-11-18T18:52:52+00:00","mainEntityOfPage":{"@id":"https:\/\/www.laguiadepamplona.com\/actualidad\/los-premios-tomas-belzunegui-2024-han-reconocido-esta-manana-las-iniciativas-que-promueven-una-imagen-positiva-de-las-personas-mayores\/"},"wordCount":958,"commentCount":0,"publisher":{"@id":"https:\/\/www.laguiadepamplona.com\/actualidad\/#organization"},"image":{"@id":"https:\/\/www.laguiadepamplona.com\/actualidad\/los-premios-tomas-belzunegui-2024-han-reconocido-esta-manana-las-iniciativas-que-promueven-una-imagen-positiva-de-las-personas-mayores\/#primaryimage"},"thumbnailUrl":"https:\/\/www.laguiadepamplona.com\/actualidad\/wp-content\/uploads\/2024\/11\/premiostomasbelzunegui5d47681.webp","articleSection":["Ayto Pamplona"],"inLanguage":"es","potentialAction":[{"@type":"CommentAction","name":"Comment","target":["https:\/\/www.laguiadepamplona.com\/actualidad\/los-premios-tomas-belzunegui-2024-han-reconocido-esta-manana-las-iniciativas-que-promueven-una-imagen-positiva-de-las-personas-mayores\/#respond"]}]},{"@type":"WebPage","@id":"https:\/\/www.laguiadepamplona.com\/actualidad\/los-premios-tomas-belzunegui-2024-han-reconocido-esta-manana-las-iniciativas-que-promueven-una-imagen-positiva-de-las-personas-mayores\/","url":"https:\/\/www.laguiadepamplona.com\/actualidad\/los-premios-tomas-belzunegui-2024-han-reconocido-esta-manana-las-iniciativas-que-promueven-una-imagen-positiva-de-las-personas-mayores\/","name":"Los premios Tom\u00e1s Belzunegui 2024 han reconocido esta ma\u00f1ana las iniciativas que promueven una imagen positiva de las personas mayores","isPartOf":{"@id":"https:\/\/www.laguiadepamplona.com\/actualidad\/#website"},"primaryImageOfPage":{"@id":"https:\/\/www.laguiadepamplona.com\/actualidad\/los-premios-tomas-belzunegui-2024-han-reconocido-esta-manana-las-iniciativas-que-promueven-una-imagen-positiva-de-las-personas-mayores\/#primaryimage"},"image":{"@id":"https:\/\/www.laguiadepamplona.com\/actualidad\/los-premios-tomas-belzunegui-2024-han-reconocido-esta-manana-las-iniciativas-que-promueven-una-imagen-positiva-de-las-personas-mayores\/#primaryimage"},"thumbnailUrl":"https:\/\/www.laguiadepamplona.com\/actualidad\/wp-content\/uploads\/2024\/11\/premiostomasbelzunegui5d47681.webp","datePublished":"2024-11-18T18:52:52+00:00","description":"La Sociedad Navarra de Geriatr\u00eda y Gerontolog\u00eda ha premiado 10 trabajos entre el medio centenar presentados a esta 24 edici\u00f3n del certamen","breadcrumb":{"@id":"https:\/\/www.laguiadepamplona.com\/actualidad\/los-premios-tomas-belzunegui-2024-han-reconocido-esta-manana-las-iniciativas-que-promueven-una-imagen-positiva-de-las-personas-mayores\/#breadcrumb"},"inLanguage":"es","potentialAction":[{"@type":"ReadAction","target":["https:\/\/www.laguiadepamplona.com\/actualidad\/los-premios-tomas-belzunegui-2024-han-reconocido-esta-manana-las-iniciativas-que-promueven-una-imagen-positiva-de-las-personas-mayores\/"]}]},{"@type":"ImageObject","inLanguage":"es","@id":"https:\/\/www.laguiadepamplona.com\/actualidad\/los-premios-tomas-belzunegui-2024-han-reconocido-esta-manana-las-iniciativas-que-promueven-una-imagen-positiva-de-las-personas-mayores\/#primaryimage","url":"https:\/\/www.laguiadepamplona.com\/actualidad\/wp-content\/uploads\/2024\/11\/premiostomasbelzunegui5d47681.webp","contentUrl":"https:\/\/www.laguiadepamplona.com\/actualidad\/wp-content\/uploads\/2024\/11\/premiostomasbelzunegui5d47681.webp","width":1000,"height":667,"caption":"premios Tom\u00e1s Belzunegui"},{"@type":"BreadcrumbList","@id":"https:\/\/www.laguiadepamplona.com\/actualidad\/los-premios-tomas-belzunegui-2024-han-reconocido-esta-manana-las-iniciativas-que-promueven-una-imagen-positiva-de-las-personas-mayores\/#breadcrumb","itemListElement":[{"@type":"ListItem","position":1,"name":"Portada","item":"https:\/\/www.laguiadepamplona.com\/actualidad\/"},{"@type":"ListItem","position":2,"name":"Los premios Tom\u00e1s Belzunegui 2024 han reconocido esta ma\u00f1ana las iniciativas que promueven una imagen positiva de las personas mayores"}]},{"@type":"WebSite","@id":"https:\/\/www.laguiadepamplona.com\/actualidad\/#website","url":"https:\/\/www.laguiadepamplona.com\/actualidad\/","name":"La gu\u00eda de Pamplona","description":"Noticias de Pamplona","publisher":{"@id":"https:\/\/www.laguiadepamplona.com\/actualidad\/#organization"},"potentialAction":[{"@type":"SearchAction","target":{"@type":"EntryPoint","urlTemplate":"https:\/\/www.laguiadepamplona.com\/actualidad\/?s={search_term_string}"},"query-input":{"@type":"PropertyValueSpecification","valueRequired":true,"valueName":"search_term_string"}}],"inLanguage":"es"},{"@type":"Organization","@id":"https:\/\/www.laguiadepamplona.com\/actualidad\/#organization","name":"La Gu\u00eda de Pamplona \/ Noticias","url":"https:\/\/www.laguiadepamplona.com\/actualidad\/","logo":{"@type":"ImageObject","inLanguage":"es","@id":"https:\/\/www.laguiadepamplona.com\/actualidad\/#\/schema\/logo\/image\/","url":"https:\/\/www.laguiadepamplona.com\/actualidad\/wp-content\/uploads\/2018\/11\/logo-laguiadepamplona18-web1.png","contentUrl":"https:\/\/www.laguiadepamplona.com\/actualidad\/wp-content\/uploads\/2018\/11\/logo-laguiadepamplona18-web1.png","width":600,"height":196,"caption":"La Gu\u00eda de Pamplona \/ Noticias"},"image":{"@id":"https:\/\/www.laguiadepamplona.com\/actualidad\/#\/schema\/logo\/image\/"},"sameAs":["https:\/\/www.facebook.com\/laguiadepamplonacom-133175176762273\/?ref=hl","https:\/\/x.com\/LaGuiadPamplona","https:\/\/www.instagram.com\/la_guia_de_pamplona\/","https:\/\/www.youtube.com\/user\/laguiadepamplona"]},{"@type":"Person","@id":"https:\/\/www.laguiadepamplona.com\/actualidad\/#\/schema\/person\/efe887376f0213d4657c93adc50b1fdb","name":"La Gu\u00eda de Pamplona","image":{"@type":"ImageObject","inLanguage":"es","@id":"https:\/\/secure.gravatar.com\/avatar\/b6992f131dc8d30ab0dff15446e9d346d9dbd95992de0fef795073f5ea83a81c?s=96&d=mm&r=g","url":"https:\/\/secure.gravatar.com\/avatar\/b6992f131dc8d30ab0dff15446e9d346d9dbd95992de0fef795073f5ea83a81c?s=96&d=mm&r=g","contentUrl":"https:\/\/secure.gravatar.com\/avatar\/b6992f131dc8d30ab0dff15446e9d346d9dbd95992de0fef795073f5ea83a81c?s=96&d=mm&r=g","caption":"La Gu\u00eda de Pamplona"}}]}},"post_mailing_queue_ids":[],"_links":{"self":[{"href":"https:\/\/www.laguiadepamplona.com\/actualidad\/wp-json\/wp\/v2\/posts\/51351","targetHints":{"allow":["GET"]}}],"collection":[{"href":"https:\/\/www.laguiadepamplona.com\/actualidad\/wp-json\/wp\/v2\/posts"}],"about":[{"href":"https:\/\/www.laguiadepamplona.com\/actualidad\/wp-json\/wp\/v2\/types\/post"}],"author":[{"embeddable":true,"href":"https:\/\/www.laguiadepamplona.com\/actualidad\/wp-json\/wp\/v2\/users\/1"}],"replies":[{"embeddable":true,"href":"https:\/\/www.laguiadepamplona.com\/actualidad\/wp-json\/wp\/v2\/comments?post=51351"}],"version-history":[{"count":1,"href":"https:\/\/www.laguiadepamplona.com\/actualidad\/wp-json\/wp\/v2\/posts\/51351\/revisions"}],"predecessor-version":[{"id":51353,"href":"https:\/\/www.laguiadepamplona.com\/actualidad\/wp-json\/wp\/v2\/posts\/51351\/revisions\/51353"}],"wp:featuredmedia":[{"embeddable":true,"href":"https:\/\/www.laguiadepamplona.com\/actualidad\/wp-json\/wp\/v2\/media\/51352"}],"wp:attachment":[{"href":"https:\/\/www.laguiadepamplona.com\/actualidad\/wp-json\/wp\/v2\/media?parent=51351"}],"wp:term":[{"taxonomy":"category","embeddable":true,"href":"https:\/\/www.laguiadepamplona.com\/actualidad\/wp-json\/wp\/v2\/categories?post=51351"},{"taxonomy":"post_tag","embeddable":true,"href":"https:\/\/www.laguiadepamplona.com\/actualidad\/wp-json\/wp\/v2\/tags?post=51351"}],"curies":[{"name":"wp","href":"https:\/\/api.w.org\/{rel}","templated":true}]}}