{"id":51347,"date":"2024-11-18T13:20:30","date_gmt":"2024-11-18T11:20:30","guid":{"rendered":"https:\/\/www.laguiadepamplona.com\/actualidad\/?p=51347"},"modified":"2024-11-18T13:20:30","modified_gmt":"2024-11-18T11:20:30","slug":"el-ayuntamiento-iluminara-este-martes-su-fachada-de-azul-en-apoyo-a-la-convencion-de-derechos-de-las-ninas-y-ninos-y-al-acogimiento-familiar","status":"publish","type":"post","link":"https:\/\/www.laguiadepamplona.com\/actualidad\/el-ayuntamiento-iluminara-este-martes-su-fachada-de-azul-en-apoyo-a-la-convencion-de-derechos-de-las-ninas-y-ninos-y-al-acogimiento-familiar\/","title":{"rendered":"El Ayuntamiento iluminar\u00e1 este martes su fachada de azul en apoyo a la convenci\u00f3n de derechos de las ni\u00f1as y ni\u00f1os y al acogimiento familiar"},"content":{"rendered":"<h2>El mi\u00e9rcoles, la Casa Consistorial se te\u00f1ir\u00e1 de naranja para conmemorar el D\u00eda Mundial de la EPOC<\/h2>\n<p><!--more--><\/p>\n<p>El Ayuntamiento de Pamplona se iluminar\u00e1 este martes su fachada de azul para unirse a la celebraci\u00f3n de la convenci\u00f3n sobre los derechos de las ni\u00f1as y ni\u00f1os. Elaborada durante 10 a\u00f1os con las aportaciones de representantes de diversas sociedades, culturas y religiones, la Convenci\u00f3n fue aprobada como tratado internacional de derechos humanos el 20 de noviembre de 1989.<\/p>\n<p>A lo largo de sus 54 art\u00edculos, la Convenci\u00f3n reconoce que las ni\u00f1as y los ni\u00f1os (seres humanos menores de 18 a\u00f1os) son individuos con derecho de pleno desarrollo f\u00edsico, mental y social, y con derecho a expresar libremente sus opiniones. Adem\u00e1s, es tambi\u00e9n un modelo para la salud, la supervivencia y el progreso de toda la sociedad humana. La Convenci\u00f3n, como primera ley internacional sobre los derechos de los ni\u00f1os y ni\u00f1as, es de car\u00e1cter obligatorio para los Estados firmantes. Estos pa\u00edses informan al Comit\u00e9 de los Derechos del Ni\u00f1o sobre los pasos que han adoptado para aplicar lo establecido en esta norma.<\/p>\n<p>Desde su aprobaci\u00f3n, en el mundo se han producido avances considerables en el cumplimiento de los derechos de la infancia a la supervivencia, la salud y la educaci\u00f3n, a trav\u00e9s de la prestaci\u00f3n de bienes y servicios esenciales, as\u00ed como un reconocimiento cada vez mayor de la necesidad de establecer un entorno protector que defienda a los ni\u00f1os y ni\u00f1as de la explotaci\u00f3n, los malos tratos y la violencia. Prueba de ello es la entrada en vigor en 2002 de dos Protocolos Facultativos, uno relativo a la venta de ni\u00f1os, la prostituci\u00f3n infantil y la utilizaci\u00f3n de ni\u00f1os en la pornograf\u00eda, y el relativo a la participaci\u00f3n de ni\u00f1os en los conflictos armados.<\/p>\n<p><strong>D\u00eda mundial de la EPOC<\/strong><\/p>\n<p>El mi\u00e9rcoles 20 de noviembre, el Ayuntamiento se unir\u00e1 a la conmemoraci\u00f3n del D\u00eda Mundial de la EPOC (Enfermedad Pulmonar Obstructiva Cr\u00f3nica) ti\u00f1endo la fachada de color naranja, un hito impulsado por la Iniciativa Global para la Enfermedad Pulmonar Obstructiva Cr\u00f3nica (GOLD) en colaboraci\u00f3n con profesionales de la salud y grupos de pacientes con EPOC. Se trata de una enfermedad que afecta a m\u00e1s de 380 millones de personas en todo el mundo, siendo una de las principales causas de muerte y discapacidad. Por eso, este d\u00eda es una fecha clave para concienciar sobre los factores de riesgo, la importancia de la prevenci\u00f3n y los recursos de apoyo para quienes conviven con esta enfermedad.<\/p>\n<p>En Navarra m\u00e1s de 13.000 personas est\u00e1n diagnosticadas de EPOC. Sin embargo, los expertos calculan que podr\u00edan ser muchas m\u00e1s debido a un posible infradiagn\u00f3stico por el desconocimiento por parte de la poblaci\u00f3n de esta patolog\u00eda, que provoca que muchas personas con s\u00edntomas respiratorios que la padecen sin saberlo no busquen atenci\u00f3n m\u00e9dica.<\/p>\n<p>Hay diversos factores de riesgo en la EPOC (tabaquismo activo y pasivo, contaminaci\u00f3n del aire, exposici\u00f3n laboral a polvo y productos qu\u00edmicos). No obstante, hasta un 90% de los casos se deben al consumo del tabaco. Los s\u00edntomas con los que se presenta la enfermedad son tos, expectoraciones y una disnea (falta de aire) que se va haciendo progresiva. Se trata, por tanto, de s\u00edntomas relativamente inespec\u00edficos que muchos fumadores asumen como normales dentro de su h\u00e1bito, lo que provoca que no se consulte por ellos. No obstante, en su evoluci\u00f3n se trata de una enfermedad altamente invalidante, en la que los casos m\u00e1s graves presentan insuficiencia respiratoria cr\u00f3nica, con necesidad de ox\u00edgeno domiciliario, y considerables limitaciones para las actividades de la vida cotidiana.<\/p>\n<p>El primer D\u00eda Mundial de la EPOC se celebr\u00f3 en 2002. Desde entonces, cada a\u00f1o, organizadores de m\u00e1s de 50 pa\u00edses de todo el mundo han llevado a cabo diferentes actividades con el fin educar a los pacientes, concienciar a la poblaci\u00f3n y dar visibilidad a la enfermedad con el fin de mejorar las tasas de infradiagn\u00f3stico de una de las patolog\u00edas m\u00e1s prevalentes en el mundo. Este a\u00f1o, la GOLD utiliza el lema \u201cAll Together to End COPD\u201d (todos juntos para poner fin a la EPOC).<\/p>\n","protected":false},"excerpt":{"rendered":"<p>El mi\u00e9rcoles, la Casa Consistorial se te\u00f1ir\u00e1 de naranja para conmemorar el D\u00eda Mundial de la EPOC<\/p>\n","protected":false},"author":1,"featured_media":42175,"comment_status":"open","ping_status":"closed","sticky":false,"template":"","format":"standard","meta":{"footnotes":""},"categories":[2],"tags":[],"class_list":["post-51347","post","type-post","status-publish","format-standard","has-post-thumbnail","hentry","category-ayuntamiento-pamplona"],"yoast_head":"<!-- This site is optimized with the Yoast SEO plugin v27.3 - https:\/\/yoast.com\/product\/yoast-seo-wordpress\/ -->\n<title>El Ayuntamiento iluminar\u00e1 este martes su fachada de azul en apoyo a la convenci\u00f3n de derechos de las ni\u00f1as y ni\u00f1os y al acogimiento familiar<\/title>\n<meta name=\"description\" content=\"El mi\u00e9rcoles, la Casa Consistorial se te\u00f1ir\u00e1 de naranja para conmemorar el D\u00eda Mundial de la EPOC\" \/>\n<meta name=\"robots\" content=\"index, follow, max-snippet:-1, max-image-preview:large, max-video-preview:-1\" \/>\n<link rel=\"canonical\" href=\"https:\/\/www.laguiadepamplona.com\/actualidad\/el-ayuntamiento-iluminara-este-martes-su-fachada-de-azul-en-apoyo-a-la-convencion-de-derechos-de-las-ninas-y-ninos-y-al-acogimiento-familiar\/\" \/>\n<meta property=\"og:locale\" content=\"es_ES\" \/>\n<meta property=\"og:type\" content=\"article\" \/>\n<meta property=\"og:title\" content=\"El Ayuntamiento iluminar\u00e1 este martes su fachada de azul en apoyo a la convenci\u00f3n de derechos de las ni\u00f1as y ni\u00f1os y al acogimiento familiar\" \/>\n<meta property=\"og:description\" content=\"El mi\u00e9rcoles, la Casa Consistorial se te\u00f1ir\u00e1 de naranja para conmemorar el D\u00eda Mundial de la EPOC\" \/>\n<meta property=\"og:url\" content=\"https:\/\/www.laguiadepamplona.com\/actualidad\/el-ayuntamiento-iluminara-este-martes-su-fachada-de-azul-en-apoyo-a-la-convencion-de-derechos-de-las-ninas-y-ninos-y-al-acogimiento-familiar\/\" \/>\n<meta property=\"og:site_name\" content=\"La Gu\u00eda de Pamplona\" \/>\n<meta property=\"article:publisher\" content=\"https:\/\/www.facebook.com\/laguiadepamplonacom-133175176762273\/?ref=hl\" \/>\n<meta property=\"article:published_time\" content=\"2024-11-18T11:20:30+00:00\" \/>\n<meta property=\"og:image\" content=\"https:\/\/www.laguiadepamplona.com\/actualidad\/wp-content\/uploads\/2022\/11\/ayto-azul_JGV8972_15.webp\" \/>\n\t<meta property=\"og:image:width\" content=\"1920\" \/>\n\t<meta property=\"og:image:height\" content=\"1280\" \/>\n\t<meta property=\"og:image:type\" content=\"image\/webp\" \/>\n<meta name=\"author\" content=\"La Gu\u00eda de Pamplona\" \/>\n<meta name=\"twitter:card\" content=\"summary_large_image\" \/>\n<meta name=\"twitter:creator\" content=\"@LaGuiadPamplona\" \/>\n<meta name=\"twitter:site\" content=\"@LaGuiadPamplona\" \/>\n<meta name=\"twitter:label1\" content=\"Escrito por\" \/>\n\t<meta name=\"twitter:data1\" content=\"La Gu\u00eda de Pamplona\" \/>\n\t<meta name=\"twitter:label2\" content=\"Tiempo de lectura\" \/>\n\t<meta name=\"twitter:data2\" content=\"4 minutos\" \/>\n<script type=\"application\/ld+json\" class=\"yoast-schema-graph\">{\"@context\":\"https:\\\/\\\/schema.org\",\"@graph\":[{\"@type\":\"Article\",\"@id\":\"https:\\\/\\\/www.laguiadepamplona.com\\\/actualidad\\\/el-ayuntamiento-iluminara-este-martes-su-fachada-de-azul-en-apoyo-a-la-convencion-de-derechos-de-las-ninas-y-ninos-y-al-acogimiento-familiar\\\/#article\",\"isPartOf\":{\"@id\":\"https:\\\/\\\/www.laguiadepamplona.com\\\/actualidad\\\/el-ayuntamiento-iluminara-este-martes-su-fachada-de-azul-en-apoyo-a-la-convencion-de-derechos-de-las-ninas-y-ninos-y-al-acogimiento-familiar\\\/\"},\"author\":{\"name\":\"La Gu\u00eda de Pamplona\",\"@id\":\"https:\\\/\\\/www.laguiadepamplona.com\\\/actualidad\\\/#\\\/schema\\\/person\\\/efe887376f0213d4657c93adc50b1fdb\"},\"headline\":\"El Ayuntamiento iluminar\u00e1 este martes su fachada de azul en apoyo a la convenci\u00f3n de derechos de las ni\u00f1as y ni\u00f1os y al acogimiento familiar\",\"datePublished\":\"2024-11-18T11:20:30+00:00\",\"mainEntityOfPage\":{\"@id\":\"https:\\\/\\\/www.laguiadepamplona.com\\\/actualidad\\\/el-ayuntamiento-iluminara-este-martes-su-fachada-de-azul-en-apoyo-a-la-convencion-de-derechos-de-las-ninas-y-ninos-y-al-acogimiento-familiar\\\/\"},\"wordCount\":770,\"commentCount\":0,\"publisher\":{\"@id\":\"https:\\\/\\\/www.laguiadepamplona.com\\\/actualidad\\\/#organization\"},\"image\":{\"@id\":\"https:\\\/\\\/www.laguiadepamplona.com\\\/actualidad\\\/el-ayuntamiento-iluminara-este-martes-su-fachada-de-azul-en-apoyo-a-la-convencion-de-derechos-de-las-ninas-y-ninos-y-al-acogimiento-familiar\\\/#primaryimage\"},\"thumbnailUrl\":\"https:\\\/\\\/www.laguiadepamplona.com\\\/actualidad\\\/wp-content\\\/uploads\\\/2022\\\/11\\\/ayto-azul_JGV8972_15.webp\",\"articleSection\":[\"Ayto Pamplona\"],\"inLanguage\":\"es\",\"potentialAction\":[{\"@type\":\"CommentAction\",\"name\":\"Comment\",\"target\":[\"https:\\\/\\\/www.laguiadepamplona.com\\\/actualidad\\\/el-ayuntamiento-iluminara-este-martes-su-fachada-de-azul-en-apoyo-a-la-convencion-de-derechos-de-las-ninas-y-ninos-y-al-acogimiento-familiar\\\/#respond\"]}]},{\"@type\":\"WebPage\",\"@id\":\"https:\\\/\\\/www.laguiadepamplona.com\\\/actualidad\\\/el-ayuntamiento-iluminara-este-martes-su-fachada-de-azul-en-apoyo-a-la-convencion-de-derechos-de-las-ninas-y-ninos-y-al-acogimiento-familiar\\\/\",\"url\":\"https:\\\/\\\/www.laguiadepamplona.com\\\/actualidad\\\/el-ayuntamiento-iluminara-este-martes-su-fachada-de-azul-en-apoyo-a-la-convencion-de-derechos-de-las-ninas-y-ninos-y-al-acogimiento-familiar\\\/\",\"name\":\"El Ayuntamiento iluminar\u00e1 este martes su fachada de azul en apoyo a la convenci\u00f3n de derechos de las ni\u00f1as y ni\u00f1os y al acogimiento familiar\",\"isPartOf\":{\"@id\":\"https:\\\/\\\/www.laguiadepamplona.com\\\/actualidad\\\/#website\"},\"primaryImageOfPage\":{\"@id\":\"https:\\\/\\\/www.laguiadepamplona.com\\\/actualidad\\\/el-ayuntamiento-iluminara-este-martes-su-fachada-de-azul-en-apoyo-a-la-convencion-de-derechos-de-las-ninas-y-ninos-y-al-acogimiento-familiar\\\/#primaryimage\"},\"image\":{\"@id\":\"https:\\\/\\\/www.laguiadepamplona.com\\\/actualidad\\\/el-ayuntamiento-iluminara-este-martes-su-fachada-de-azul-en-apoyo-a-la-convencion-de-derechos-de-las-ninas-y-ninos-y-al-acogimiento-familiar\\\/#primaryimage\"},\"thumbnailUrl\":\"https:\\\/\\\/www.laguiadepamplona.com\\\/actualidad\\\/wp-content\\\/uploads\\\/2022\\\/11\\\/ayto-azul_JGV8972_15.webp\",\"datePublished\":\"2024-11-18T11:20:30+00:00\",\"description\":\"El mi\u00e9rcoles, la Casa Consistorial se te\u00f1ir\u00e1 de naranja para conmemorar el D\u00eda Mundial de la EPOC\",\"breadcrumb\":{\"@id\":\"https:\\\/\\\/www.laguiadepamplona.com\\\/actualidad\\\/el-ayuntamiento-iluminara-este-martes-su-fachada-de-azul-en-apoyo-a-la-convencion-de-derechos-de-las-ninas-y-ninos-y-al-acogimiento-familiar\\\/#breadcrumb\"},\"inLanguage\":\"es\",\"potentialAction\":[{\"@type\":\"ReadAction\",\"target\":[\"https:\\\/\\\/www.laguiadepamplona.com\\\/actualidad\\\/el-ayuntamiento-iluminara-este-martes-su-fachada-de-azul-en-apoyo-a-la-convencion-de-derechos-de-las-ninas-y-ninos-y-al-acogimiento-familiar\\\/\"]}]},{\"@type\":\"ImageObject\",\"inLanguage\":\"es\",\"@id\":\"https:\\\/\\\/www.laguiadepamplona.com\\\/actualidad\\\/el-ayuntamiento-iluminara-este-martes-su-fachada-de-azul-en-apoyo-a-la-convencion-de-derechos-de-las-ninas-y-ninos-y-al-acogimiento-familiar\\\/#primaryimage\",\"url\":\"https:\\\/\\\/www.laguiadepamplona.com\\\/actualidad\\\/wp-content\\\/uploads\\\/2022\\\/11\\\/ayto-azul_JGV8972_15.webp\",\"contentUrl\":\"https:\\\/\\\/www.laguiadepamplona.com\\\/actualidad\\\/wp-content\\\/uploads\\\/2022\\\/11\\\/ayto-azul_JGV8972_15.webp\",\"width\":1920,\"height\":1280,\"caption\":\"ayuntamiento azul\"},{\"@type\":\"BreadcrumbList\",\"@id\":\"https:\\\/\\\/www.laguiadepamplona.com\\\/actualidad\\\/el-ayuntamiento-iluminara-este-martes-su-fachada-de-azul-en-apoyo-a-la-convencion-de-derechos-de-las-ninas-y-ninos-y-al-acogimiento-familiar\\\/#breadcrumb\",\"itemListElement\":[{\"@type\":\"ListItem\",\"position\":1,\"name\":\"Portada\",\"item\":\"https:\\\/\\\/www.laguiadepamplona.com\\\/actualidad\\\/\"},{\"@type\":\"ListItem\",\"position\":2,\"name\":\"El Ayuntamiento iluminar\u00e1 este martes su fachada de azul en apoyo a la convenci\u00f3n de derechos de las ni\u00f1as y ni\u00f1os y al acogimiento familiar\"}]},{\"@type\":\"WebSite\",\"@id\":\"https:\\\/\\\/www.laguiadepamplona.com\\\/actualidad\\\/#website\",\"url\":\"https:\\\/\\\/www.laguiadepamplona.com\\\/actualidad\\\/\",\"name\":\"La gu\u00eda de Pamplona\",\"description\":\"Noticias de Pamplona\",\"publisher\":{\"@id\":\"https:\\\/\\\/www.laguiadepamplona.com\\\/actualidad\\\/#organization\"},\"potentialAction\":[{\"@type\":\"SearchAction\",\"target\":{\"@type\":\"EntryPoint\",\"urlTemplate\":\"https:\\\/\\\/www.laguiadepamplona.com\\\/actualidad\\\/?s={search_term_string}\"},\"query-input\":{\"@type\":\"PropertyValueSpecification\",\"valueRequired\":true,\"valueName\":\"search_term_string\"}}],\"inLanguage\":\"es\"},{\"@type\":\"Organization\",\"@id\":\"https:\\\/\\\/www.laguiadepamplona.com\\\/actualidad\\\/#organization\",\"name\":\"La Gu\u00eda de Pamplona \\\/ Noticias\",\"url\":\"https:\\\/\\\/www.laguiadepamplona.com\\\/actualidad\\\/\",\"logo\":{\"@type\":\"ImageObject\",\"inLanguage\":\"es\",\"@id\":\"https:\\\/\\\/www.laguiadepamplona.com\\\/actualidad\\\/#\\\/schema\\\/logo\\\/image\\\/\",\"url\":\"https:\\\/\\\/www.laguiadepamplona.com\\\/actualidad\\\/wp-content\\\/uploads\\\/2018\\\/11\\\/logo-laguiadepamplona18-web1.png\",\"contentUrl\":\"https:\\\/\\\/www.laguiadepamplona.com\\\/actualidad\\\/wp-content\\\/uploads\\\/2018\\\/11\\\/logo-laguiadepamplona18-web1.png\",\"width\":600,\"height\":196,\"caption\":\"La Gu\u00eda de Pamplona \\\/ Noticias\"},\"image\":{\"@id\":\"https:\\\/\\\/www.laguiadepamplona.com\\\/actualidad\\\/#\\\/schema\\\/logo\\\/image\\\/\"},\"sameAs\":[\"https:\\\/\\\/www.facebook.com\\\/laguiadepamplonacom-133175176762273\\\/?ref=hl\",\"https:\\\/\\\/x.com\\\/LaGuiadPamplona\",\"https:\\\/\\\/www.instagram.com\\\/la_guia_de_pamplona\\\/\",\"https:\\\/\\\/www.youtube.com\\\/user\\\/laguiadepamplona\"]},{\"@type\":\"Person\",\"@id\":\"https:\\\/\\\/www.laguiadepamplona.com\\\/actualidad\\\/#\\\/schema\\\/person\\\/efe887376f0213d4657c93adc50b1fdb\",\"name\":\"La Gu\u00eda de Pamplona\",\"image\":{\"@type\":\"ImageObject\",\"inLanguage\":\"es\",\"@id\":\"https:\\\/\\\/secure.gravatar.com\\\/avatar\\\/b6992f131dc8d30ab0dff15446e9d346d9dbd95992de0fef795073f5ea83a81c?s=96&d=mm&r=g\",\"url\":\"https:\\\/\\\/secure.gravatar.com\\\/avatar\\\/b6992f131dc8d30ab0dff15446e9d346d9dbd95992de0fef795073f5ea83a81c?s=96&d=mm&r=g\",\"contentUrl\":\"https:\\\/\\\/secure.gravatar.com\\\/avatar\\\/b6992f131dc8d30ab0dff15446e9d346d9dbd95992de0fef795073f5ea83a81c?s=96&d=mm&r=g\",\"caption\":\"La Gu\u00eda de Pamplona\"}}]}<\/script>\n<!-- \/ Yoast SEO plugin. -->","yoast_head_json":{"title":"El Ayuntamiento iluminar\u00e1 este martes su fachada de azul en apoyo a la convenci\u00f3n de derechos de las ni\u00f1as y ni\u00f1os y al acogimiento familiar","description":"El mi\u00e9rcoles, la Casa Consistorial se te\u00f1ir\u00e1 de naranja para conmemorar el D\u00eda Mundial de la EPOC","robots":{"index":"index","follow":"follow","max-snippet":"max-snippet:-1","max-image-preview":"max-image-preview:large","max-video-preview":"max-video-preview:-1"},"canonical":"https:\/\/www.laguiadepamplona.com\/actualidad\/el-ayuntamiento-iluminara-este-martes-su-fachada-de-azul-en-apoyo-a-la-convencion-de-derechos-de-las-ninas-y-ninos-y-al-acogimiento-familiar\/","og_locale":"es_ES","og_type":"article","og_title":"El Ayuntamiento iluminar\u00e1 este martes su fachada de azul en apoyo a la convenci\u00f3n de derechos de las ni\u00f1as y ni\u00f1os y al acogimiento familiar","og_description":"El mi\u00e9rcoles, la Casa Consistorial se te\u00f1ir\u00e1 de naranja para conmemorar el D\u00eda Mundial de la EPOC","og_url":"https:\/\/www.laguiadepamplona.com\/actualidad\/el-ayuntamiento-iluminara-este-martes-su-fachada-de-azul-en-apoyo-a-la-convencion-de-derechos-de-las-ninas-y-ninos-y-al-acogimiento-familiar\/","og_site_name":"La Gu\u00eda de Pamplona","article_publisher":"https:\/\/www.facebook.com\/laguiadepamplonacom-133175176762273\/?ref=hl","article_published_time":"2024-11-18T11:20:30+00:00","og_image":[{"width":1920,"height":1280,"url":"https:\/\/www.laguiadepamplona.com\/actualidad\/wp-content\/uploads\/2022\/11\/ayto-azul_JGV8972_15.webp","type":"image\/webp"}],"author":"La Gu\u00eda de Pamplona","twitter_card":"summary_large_image","twitter_creator":"@LaGuiadPamplona","twitter_site":"@LaGuiadPamplona","twitter_misc":{"Escrito por":"La Gu\u00eda de Pamplona","Tiempo de lectura":"4 minutos"},"schema":{"@context":"https:\/\/schema.org","@graph":[{"@type":"Article","@id":"https:\/\/www.laguiadepamplona.com\/actualidad\/el-ayuntamiento-iluminara-este-martes-su-fachada-de-azul-en-apoyo-a-la-convencion-de-derechos-de-las-ninas-y-ninos-y-al-acogimiento-familiar\/#article","isPartOf":{"@id":"https:\/\/www.laguiadepamplona.com\/actualidad\/el-ayuntamiento-iluminara-este-martes-su-fachada-de-azul-en-apoyo-a-la-convencion-de-derechos-de-las-ninas-y-ninos-y-al-acogimiento-familiar\/"},"author":{"name":"La Gu\u00eda de Pamplona","@id":"https:\/\/www.laguiadepamplona.com\/actualidad\/#\/schema\/person\/efe887376f0213d4657c93adc50b1fdb"},"headline":"El Ayuntamiento iluminar\u00e1 este martes su fachada de azul en apoyo a la convenci\u00f3n de derechos de las ni\u00f1as y ni\u00f1os y al acogimiento familiar","datePublished":"2024-11-18T11:20:30+00:00","mainEntityOfPage":{"@id":"https:\/\/www.laguiadepamplona.com\/actualidad\/el-ayuntamiento-iluminara-este-martes-su-fachada-de-azul-en-apoyo-a-la-convencion-de-derechos-de-las-ninas-y-ninos-y-al-acogimiento-familiar\/"},"wordCount":770,"commentCount":0,"publisher":{"@id":"https:\/\/www.laguiadepamplona.com\/actualidad\/#organization"},"image":{"@id":"https:\/\/www.laguiadepamplona.com\/actualidad\/el-ayuntamiento-iluminara-este-martes-su-fachada-de-azul-en-apoyo-a-la-convencion-de-derechos-de-las-ninas-y-ninos-y-al-acogimiento-familiar\/#primaryimage"},"thumbnailUrl":"https:\/\/www.laguiadepamplona.com\/actualidad\/wp-content\/uploads\/2022\/11\/ayto-azul_JGV8972_15.webp","articleSection":["Ayto Pamplona"],"inLanguage":"es","potentialAction":[{"@type":"CommentAction","name":"Comment","target":["https:\/\/www.laguiadepamplona.com\/actualidad\/el-ayuntamiento-iluminara-este-martes-su-fachada-de-azul-en-apoyo-a-la-convencion-de-derechos-de-las-ninas-y-ninos-y-al-acogimiento-familiar\/#respond"]}]},{"@type":"WebPage","@id":"https:\/\/www.laguiadepamplona.com\/actualidad\/el-ayuntamiento-iluminara-este-martes-su-fachada-de-azul-en-apoyo-a-la-convencion-de-derechos-de-las-ninas-y-ninos-y-al-acogimiento-familiar\/","url":"https:\/\/www.laguiadepamplona.com\/actualidad\/el-ayuntamiento-iluminara-este-martes-su-fachada-de-azul-en-apoyo-a-la-convencion-de-derechos-de-las-ninas-y-ninos-y-al-acogimiento-familiar\/","name":"El Ayuntamiento iluminar\u00e1 este martes su fachada de azul en apoyo a la convenci\u00f3n de derechos de las ni\u00f1as y ni\u00f1os y al acogimiento familiar","isPartOf":{"@id":"https:\/\/www.laguiadepamplona.com\/actualidad\/#website"},"primaryImageOfPage":{"@id":"https:\/\/www.laguiadepamplona.com\/actualidad\/el-ayuntamiento-iluminara-este-martes-su-fachada-de-azul-en-apoyo-a-la-convencion-de-derechos-de-las-ninas-y-ninos-y-al-acogimiento-familiar\/#primaryimage"},"image":{"@id":"https:\/\/www.laguiadepamplona.com\/actualidad\/el-ayuntamiento-iluminara-este-martes-su-fachada-de-azul-en-apoyo-a-la-convencion-de-derechos-de-las-ninas-y-ninos-y-al-acogimiento-familiar\/#primaryimage"},"thumbnailUrl":"https:\/\/www.laguiadepamplona.com\/actualidad\/wp-content\/uploads\/2022\/11\/ayto-azul_JGV8972_15.webp","datePublished":"2024-11-18T11:20:30+00:00","description":"El mi\u00e9rcoles, la Casa Consistorial se te\u00f1ir\u00e1 de naranja para conmemorar el D\u00eda Mundial de la EPOC","breadcrumb":{"@id":"https:\/\/www.laguiadepamplona.com\/actualidad\/el-ayuntamiento-iluminara-este-martes-su-fachada-de-azul-en-apoyo-a-la-convencion-de-derechos-de-las-ninas-y-ninos-y-al-acogimiento-familiar\/#breadcrumb"},"inLanguage":"es","potentialAction":[{"@type":"ReadAction","target":["https:\/\/www.laguiadepamplona.com\/actualidad\/el-ayuntamiento-iluminara-este-martes-su-fachada-de-azul-en-apoyo-a-la-convencion-de-derechos-de-las-ninas-y-ninos-y-al-acogimiento-familiar\/"]}]},{"@type":"ImageObject","inLanguage":"es","@id":"https:\/\/www.laguiadepamplona.com\/actualidad\/el-ayuntamiento-iluminara-este-martes-su-fachada-de-azul-en-apoyo-a-la-convencion-de-derechos-de-las-ninas-y-ninos-y-al-acogimiento-familiar\/#primaryimage","url":"https:\/\/www.laguiadepamplona.com\/actualidad\/wp-content\/uploads\/2022\/11\/ayto-azul_JGV8972_15.webp","contentUrl":"https:\/\/www.laguiadepamplona.com\/actualidad\/wp-content\/uploads\/2022\/11\/ayto-azul_JGV8972_15.webp","width":1920,"height":1280,"caption":"ayuntamiento azul"},{"@type":"BreadcrumbList","@id":"https:\/\/www.laguiadepamplona.com\/actualidad\/el-ayuntamiento-iluminara-este-martes-su-fachada-de-azul-en-apoyo-a-la-convencion-de-derechos-de-las-ninas-y-ninos-y-al-acogimiento-familiar\/#breadcrumb","itemListElement":[{"@type":"ListItem","position":1,"name":"Portada","item":"https:\/\/www.laguiadepamplona.com\/actualidad\/"},{"@type":"ListItem","position":2,"name":"El Ayuntamiento iluminar\u00e1 este martes su fachada de azul en apoyo a la convenci\u00f3n de derechos de las ni\u00f1as y ni\u00f1os y al acogimiento familiar"}]},{"@type":"WebSite","@id":"https:\/\/www.laguiadepamplona.com\/actualidad\/#website","url":"https:\/\/www.laguiadepamplona.com\/actualidad\/","name":"La gu\u00eda de Pamplona","description":"Noticias de Pamplona","publisher":{"@id":"https:\/\/www.laguiadepamplona.com\/actualidad\/#organization"},"potentialAction":[{"@type":"SearchAction","target":{"@type":"EntryPoint","urlTemplate":"https:\/\/www.laguiadepamplona.com\/actualidad\/?s={search_term_string}"},"query-input":{"@type":"PropertyValueSpecification","valueRequired":true,"valueName":"search_term_string"}}],"inLanguage":"es"},{"@type":"Organization","@id":"https:\/\/www.laguiadepamplona.com\/actualidad\/#organization","name":"La Gu\u00eda de Pamplona \/ Noticias","url":"https:\/\/www.laguiadepamplona.com\/actualidad\/","logo":{"@type":"ImageObject","inLanguage":"es","@id":"https:\/\/www.laguiadepamplona.com\/actualidad\/#\/schema\/logo\/image\/","url":"https:\/\/www.laguiadepamplona.com\/actualidad\/wp-content\/uploads\/2018\/11\/logo-laguiadepamplona18-web1.png","contentUrl":"https:\/\/www.laguiadepamplona.com\/actualidad\/wp-content\/uploads\/2018\/11\/logo-laguiadepamplona18-web1.png","width":600,"height":196,"caption":"La Gu\u00eda de Pamplona \/ Noticias"},"image":{"@id":"https:\/\/www.laguiadepamplona.com\/actualidad\/#\/schema\/logo\/image\/"},"sameAs":["https:\/\/www.facebook.com\/laguiadepamplonacom-133175176762273\/?ref=hl","https:\/\/x.com\/LaGuiadPamplona","https:\/\/www.instagram.com\/la_guia_de_pamplona\/","https:\/\/www.youtube.com\/user\/laguiadepamplona"]},{"@type":"Person","@id":"https:\/\/www.laguiadepamplona.com\/actualidad\/#\/schema\/person\/efe887376f0213d4657c93adc50b1fdb","name":"La Gu\u00eda de Pamplona","image":{"@type":"ImageObject","inLanguage":"es","@id":"https:\/\/secure.gravatar.com\/avatar\/b6992f131dc8d30ab0dff15446e9d346d9dbd95992de0fef795073f5ea83a81c?s=96&d=mm&r=g","url":"https:\/\/secure.gravatar.com\/avatar\/b6992f131dc8d30ab0dff15446e9d346d9dbd95992de0fef795073f5ea83a81c?s=96&d=mm&r=g","contentUrl":"https:\/\/secure.gravatar.com\/avatar\/b6992f131dc8d30ab0dff15446e9d346d9dbd95992de0fef795073f5ea83a81c?s=96&d=mm&r=g","caption":"La Gu\u00eda de Pamplona"}}]}},"post_mailing_queue_ids":[],"_links":{"self":[{"href":"https:\/\/www.laguiadepamplona.com\/actualidad\/wp-json\/wp\/v2\/posts\/51347","targetHints":{"allow":["GET"]}}],"collection":[{"href":"https:\/\/www.laguiadepamplona.com\/actualidad\/wp-json\/wp\/v2\/posts"}],"about":[{"href":"https:\/\/www.laguiadepamplona.com\/actualidad\/wp-json\/wp\/v2\/types\/post"}],"author":[{"embeddable":true,"href":"https:\/\/www.laguiadepamplona.com\/actualidad\/wp-json\/wp\/v2\/users\/1"}],"replies":[{"embeddable":true,"href":"https:\/\/www.laguiadepamplona.com\/actualidad\/wp-json\/wp\/v2\/comments?post=51347"}],"version-history":[{"count":1,"href":"https:\/\/www.laguiadepamplona.com\/actualidad\/wp-json\/wp\/v2\/posts\/51347\/revisions"}],"predecessor-version":[{"id":51348,"href":"https:\/\/www.laguiadepamplona.com\/actualidad\/wp-json\/wp\/v2\/posts\/51347\/revisions\/51348"}],"wp:featuredmedia":[{"embeddable":true,"href":"https:\/\/www.laguiadepamplona.com\/actualidad\/wp-json\/wp\/v2\/media\/42175"}],"wp:attachment":[{"href":"https:\/\/www.laguiadepamplona.com\/actualidad\/wp-json\/wp\/v2\/media?parent=51347"}],"wp:term":[{"taxonomy":"category","embeddable":true,"href":"https:\/\/www.laguiadepamplona.com\/actualidad\/wp-json\/wp\/v2\/categories?post=51347"},{"taxonomy":"post_tag","embeddable":true,"href":"https:\/\/www.laguiadepamplona.com\/actualidad\/wp-json\/wp\/v2\/tags?post=51347"}],"curies":[{"name":"wp","href":"https:\/\/api.w.org\/{rel}","templated":true}]}}