{"id":51343,"date":"2024-11-18T13:18:04","date_gmt":"2024-11-18T11:18:04","guid":{"rendered":"https:\/\/www.laguiadepamplona.com\/actualidad\/?p=51343"},"modified":"2024-11-18T13:18:04","modified_gmt":"2024-11-18T11:18:04","slug":"pamplona-actualiza-su-protocolo-de-prevencion-y-actuacion-ante-la-violencia-sexista-en-espacios-festivos-y-de-ocio-nocturno-privado","status":"publish","type":"post","link":"https:\/\/www.laguiadepamplona.com\/actualidad\/pamplona-actualiza-su-protocolo-de-prevencion-y-actuacion-ante-la-violencia-sexista-en-espacios-festivos-y-de-ocio-nocturno-privado\/","title":{"rendered":"Pamplona actualiza su protocolo de Prevenci\u00f3n y actuaci\u00f3n ante la violencia sexista en espacios festivos y de ocio nocturno privado"},"content":{"rendered":"<h2>Se presentar\u00e1 en el transcurso de una mesa redonda con expertas que tendr\u00e1 lugar en Condestable el martes 19 de noviembre<\/h2>\n<p><!--more--><\/p>\n<p>El Ayuntamiento de Pamplona ha actualizado su protocolo de Prevenci\u00f3n y actuaci\u00f3n ante la violencia sexista en espacios festivos y de ocio nocturno privado, una herramienta para la prevenci\u00f3n, atenci\u00f3n y sensibilizaci\u00f3n ante las violencias sexistas. Es un sistema de trabajo que surgi\u00f3 de un proceso participado con entidades sociales y organizaci\u00f3n del sector y que se aprob\u00f3 definitivamente en el a\u00f1o 2019.<\/p>\n<p>Si en 2023 se realiz\u00f3 una actualizaci\u00f3n para adecuarlo a la Ley de Garant\u00eda Integral de la Libertad Sexual (Ley Org\u00e1nica 10\/2022, de 6 de septiembre) o el cambio de h\u00e1bitos de ocio que tras el impacto de la pandemia en 2020 consolidaron horarios de ocio alternativos, en estos momentos se est\u00e1 trabajando en el an\u00e1lisis de lo aprendido en estos a\u00f1os de implantaci\u00f3n. Esta ma\u00f1ana ha presentado las principales l\u00edneas de trabajo la concejala delegada del \u00c1rea de Igualdad, Acci\u00f3n Comunitaria, Barrios, Participaci\u00f3n Ciudadana y Euskera, Zaloa Basabe Guti\u00e9rrez.<\/p>\n<p>Los locales y experiencias no permanentes de ocio que se adhieren al protocolo subscriben compromisos de sensibilizaci\u00f3n (a su clientela, al equipo profesional y a la ciudadan\u00eda en general), de coordinaci\u00f3n en la atenci\u00f3n y respuesta ante situaciones de violencia sexista (aplicando los principios y escenarios del Protocolo); definen procesos de formaci\u00f3n interna, as\u00ed como otras medidas estructurales, y revisi\u00f3n de espacios y oferta de ocio.<\/p>\n<p>As\u00ed, en esta actualizaci\u00f3n se ha realizado una tipificaci\u00f3n m\u00e1s espec\u00edfica de establecimientos de hosteler\u00eda a la hora de implementar las medidas (locales de ocio, bares y cafeter\u00edas, alojamientos, restaurantes y restauraci\u00f3n social). Tambi\u00e9n se ha incidido en el proceso de acreditaci\u00f3n de los locales y negocios asociados, en la actualizaci\u00f3n bianual, tanto de la acreditaci\u00f3n final, como de la garant\u00eda de formaci\u00f3n de la plantilla y la propiedad de los negocios en un sector en el que hay mucha rotaci\u00f3n.<\/p>\n<p>Y es que la participaci\u00f3n en el protocolo requiere, entre otros compromisos, contar con personal formado en la identificaci\u00f3n, prevenci\u00f3n y aplicaci\u00f3n del sistema de atenci\u00f3n y respuesta contra las violencias de g\u00e9nero acordado por todos los agentes. El equipo t\u00e9cnico del Ayuntamiento garantizar\u00e1 la oferta de formaci\u00f3n acreditada, que se ofrecer\u00e1 de forma gratuita dos veces al a\u00f1o, y complementar\u00e1 esta oferta con contenidos espec\u00edficos a trav\u00e9s de la p\u00e1gina web.<\/p>\n<p>Adicionalmente, las personas que realicen la formaci\u00f3n y deseen seguir completando su capacitaci\u00f3n (opcional), podr\u00e1n beneficiarse del equivalente a cr\u00e9ditos formativos, que recibir\u00e1n al justificar su participaci\u00f3n en acciones formativas y de sensibilizaci\u00f3n promovidas por el Ayuntamiento (directamente o en colaboraci\u00f3n con otros agentes).<\/p>\n<p><strong>Una mesa redonda de presentaci\u00f3n<\/strong><\/p>\n<p>Este proceso de actualizaci\u00f3n est\u00e1 siendo coordinado por la consultor\u00eda de comunicaci\u00f3n estrat\u00e9gica Linking Ideas y se presentar\u00e1 en el transcurso de una mesa redonda que tendr\u00e1 lugar en Condestable el martes 19 de noviembre. bajo el t\u00edtulo \u201cBares, discotecas, festivales, conciertos\u2026 libres de violencias sexistas\u201d, de 18 a 19.30 horas y en la que participar\u00e1n Pilar Kaltzada Gonz\u00e1lez, periodista y consultora de Linking Ideas; Nerea Barjola Ramos, doctora en Feminismos y G\u00e9nero y Amaia D\u00edez Rodriguez, de Noct\u00e1mbul@s &#8211; Observatorio sobre violencias sexuales en entornos de ocio nocturno y de consumo de droga.<\/p>\n<p>La apertura de la actividad estar\u00e1 a cargo de Zaloa Basabe Guti\u00e9rrez, concejala delegada del \u00c1rea de Igualdad, Acci\u00f3n Comunitaria, Barrios, Participaci\u00f3n Ciudadana y Euskera. Ayuntamiento de Pamplona. Entre los temas a abordar, adem\u00e1s de la modificaci\u00f3n del protocolo de Pamplona, estar\u00e1n las violencias sexuales y la socializaci\u00f3n y las experiencias de respuesta en las violencias sexistas en el ocio nocturno.<\/p>\n<p>El protocolo de Prevenci\u00f3n y actuaci\u00f3n ante la violencia sexista en espacios festivos y de ocio nocturno privado de Pamplona, dise\u00f1ado a solicitud de los locales y asociaciones de hosteler\u00eda de la ciudad, se gest\u00f3 con la colaboraci\u00f3n de las \u00e1reas municipales de Seguridad Ciudadana, Hacienda, Comercio y Turismo, m\u00e1s las aportaciones de Servicio Municipal de la Mujer-SMAM; el tejido social y feminista de Pamplona; Gora Iru\u00f1a; la Federaci\u00f3n de Pe\u00f1as de Pamplona; las asociaciones de hosteler\u00eda de Navarra (Asociaci\u00f3n Navarra de Peque\u00f1a Hosteler\u00eda-ANAPEH, Asociaci\u00f3n de Empresarios de Salas de Fiesta, Baile y Discotecas de Navarra-ASBANA, Asociaci\u00f3n de Empresarios de Hosteler\u00eda de Navarra-AEHN); locales de ocio\/bares\/salas (Zentral, El Terminal, Herriko Taberna, La Antigua Farmacia, Ozone) y el festival de m\u00fasica Iru\u00f1a Rock.<\/p>\n","protected":false},"excerpt":{"rendered":"<p>Se presentar\u00e1 en el transcurso de una mesa redonda con expertas que tendr\u00e1 lugar en Condestable el martes 19 de noviembre<\/p>\n","protected":false},"author":1,"featured_media":18030,"comment_status":"open","ping_status":"closed","sticky":false,"template":"","format":"standard","meta":{"footnotes":""},"categories":[2],"tags":[],"class_list":["post-51343","post","type-post","status-publish","format-standard","has-post-thumbnail","hentry","category-ayuntamiento-pamplona"],"yoast_head":"<!-- This site is optimized with the Yoast SEO plugin v27.3 - https:\/\/yoast.com\/product\/yoast-seo-wordpress\/ -->\n<title>Pamplona actualiza su protocolo de Prevenci\u00f3n y actuaci\u00f3n ante la violencia sexista en espacios festivos y de ocio nocturno privado<\/title>\n<meta name=\"description\" content=\"Se presentar\u00e1 en el transcurso de una mesa redonda con expertas que tendr\u00e1 lugar en Condestable el martes 19 de noviembre\" \/>\n<meta name=\"robots\" content=\"index, follow, max-snippet:-1, max-image-preview:large, max-video-preview:-1\" \/>\n<link rel=\"canonical\" href=\"https:\/\/www.laguiadepamplona.com\/actualidad\/pamplona-actualiza-su-protocolo-de-prevencion-y-actuacion-ante-la-violencia-sexista-en-espacios-festivos-y-de-ocio-nocturno-privado\/\" \/>\n<meta property=\"og:locale\" content=\"es_ES\" \/>\n<meta property=\"og:type\" content=\"article\" \/>\n<meta property=\"og:title\" content=\"Pamplona actualiza su protocolo de Prevenci\u00f3n y actuaci\u00f3n ante la violencia sexista en espacios festivos y de ocio nocturno privado\" \/>\n<meta property=\"og:description\" content=\"Se presentar\u00e1 en el transcurso de una mesa redonda con expertas que tendr\u00e1 lugar en Condestable el martes 19 de noviembre\" \/>\n<meta property=\"og:url\" content=\"https:\/\/www.laguiadepamplona.com\/actualidad\/pamplona-actualiza-su-protocolo-de-prevencion-y-actuacion-ante-la-violencia-sexista-en-espacios-festivos-y-de-ocio-nocturno-privado\/\" \/>\n<meta property=\"og:site_name\" content=\"La Gu\u00eda de Pamplona\" \/>\n<meta property=\"article:publisher\" content=\"https:\/\/www.facebook.com\/laguiadepamplonacom-133175176762273\/?ref=hl\" \/>\n<meta property=\"article:published_time\" content=\"2024-11-18T11:18:04+00:00\" \/>\n<meta property=\"og:image\" content=\"https:\/\/www.laguiadepamplona.com\/actualidad\/wp-content\/uploads\/2018\/06\/cartel-agresiones-sexistas.jpg\" \/>\n\t<meta property=\"og:image:width\" content=\"1084\" \/>\n\t<meta property=\"og:image:height\" content=\"740\" \/>\n\t<meta property=\"og:image:type\" content=\"image\/jpeg\" \/>\n<meta name=\"author\" content=\"La Gu\u00eda de Pamplona\" \/>\n<meta name=\"twitter:card\" content=\"summary_large_image\" \/>\n<meta name=\"twitter:creator\" content=\"@LaGuiadPamplona\" \/>\n<meta name=\"twitter:site\" content=\"@LaGuiadPamplona\" \/>\n<meta name=\"twitter:label1\" content=\"Escrito por\" \/>\n\t<meta name=\"twitter:data1\" content=\"La Gu\u00eda de Pamplona\" \/>\n\t<meta name=\"twitter:label2\" content=\"Tiempo de lectura\" \/>\n\t<meta name=\"twitter:data2\" content=\"4 minutos\" \/>\n<script type=\"application\/ld+json\" class=\"yoast-schema-graph\">{\"@context\":\"https:\\\/\\\/schema.org\",\"@graph\":[{\"@type\":\"Article\",\"@id\":\"https:\\\/\\\/www.laguiadepamplona.com\\\/actualidad\\\/pamplona-actualiza-su-protocolo-de-prevencion-y-actuacion-ante-la-violencia-sexista-en-espacios-festivos-y-de-ocio-nocturno-privado\\\/#article\",\"isPartOf\":{\"@id\":\"https:\\\/\\\/www.laguiadepamplona.com\\\/actualidad\\\/pamplona-actualiza-su-protocolo-de-prevencion-y-actuacion-ante-la-violencia-sexista-en-espacios-festivos-y-de-ocio-nocturno-privado\\\/\"},\"author\":{\"name\":\"La Gu\u00eda de Pamplona\",\"@id\":\"https:\\\/\\\/www.laguiadepamplona.com\\\/actualidad\\\/#\\\/schema\\\/person\\\/efe887376f0213d4657c93adc50b1fdb\"},\"headline\":\"Pamplona actualiza su protocolo de Prevenci\u00f3n y actuaci\u00f3n ante la violencia sexista en espacios festivos y de ocio nocturno privado\",\"datePublished\":\"2024-11-18T11:18:04+00:00\",\"mainEntityOfPage\":{\"@id\":\"https:\\\/\\\/www.laguiadepamplona.com\\\/actualidad\\\/pamplona-actualiza-su-protocolo-de-prevencion-y-actuacion-ante-la-violencia-sexista-en-espacios-festivos-y-de-ocio-nocturno-privado\\\/\"},\"wordCount\":830,\"commentCount\":0,\"publisher\":{\"@id\":\"https:\\\/\\\/www.laguiadepamplona.com\\\/actualidad\\\/#organization\"},\"image\":{\"@id\":\"https:\\\/\\\/www.laguiadepamplona.com\\\/actualidad\\\/pamplona-actualiza-su-protocolo-de-prevencion-y-actuacion-ante-la-violencia-sexista-en-espacios-festivos-y-de-ocio-nocturno-privado\\\/#primaryimage\"},\"thumbnailUrl\":\"https:\\\/\\\/www.laguiadepamplona.com\\\/actualidad\\\/wp-content\\\/uploads\\\/2018\\\/06\\\/cartel-agresiones-sexistas.jpg\",\"articleSection\":[\"Ayto Pamplona\"],\"inLanguage\":\"es\",\"potentialAction\":[{\"@type\":\"CommentAction\",\"name\":\"Comment\",\"target\":[\"https:\\\/\\\/www.laguiadepamplona.com\\\/actualidad\\\/pamplona-actualiza-su-protocolo-de-prevencion-y-actuacion-ante-la-violencia-sexista-en-espacios-festivos-y-de-ocio-nocturno-privado\\\/#respond\"]}]},{\"@type\":\"WebPage\",\"@id\":\"https:\\\/\\\/www.laguiadepamplona.com\\\/actualidad\\\/pamplona-actualiza-su-protocolo-de-prevencion-y-actuacion-ante-la-violencia-sexista-en-espacios-festivos-y-de-ocio-nocturno-privado\\\/\",\"url\":\"https:\\\/\\\/www.laguiadepamplona.com\\\/actualidad\\\/pamplona-actualiza-su-protocolo-de-prevencion-y-actuacion-ante-la-violencia-sexista-en-espacios-festivos-y-de-ocio-nocturno-privado\\\/\",\"name\":\"Pamplona actualiza su protocolo de Prevenci\u00f3n y actuaci\u00f3n ante la violencia sexista en espacios festivos y de ocio nocturno privado\",\"isPartOf\":{\"@id\":\"https:\\\/\\\/www.laguiadepamplona.com\\\/actualidad\\\/#website\"},\"primaryImageOfPage\":{\"@id\":\"https:\\\/\\\/www.laguiadepamplona.com\\\/actualidad\\\/pamplona-actualiza-su-protocolo-de-prevencion-y-actuacion-ante-la-violencia-sexista-en-espacios-festivos-y-de-ocio-nocturno-privado\\\/#primaryimage\"},\"image\":{\"@id\":\"https:\\\/\\\/www.laguiadepamplona.com\\\/actualidad\\\/pamplona-actualiza-su-protocolo-de-prevencion-y-actuacion-ante-la-violencia-sexista-en-espacios-festivos-y-de-ocio-nocturno-privado\\\/#primaryimage\"},\"thumbnailUrl\":\"https:\\\/\\\/www.laguiadepamplona.com\\\/actualidad\\\/wp-content\\\/uploads\\\/2018\\\/06\\\/cartel-agresiones-sexistas.jpg\",\"datePublished\":\"2024-11-18T11:18:04+00:00\",\"description\":\"Se presentar\u00e1 en el transcurso de una mesa redonda con expertas que tendr\u00e1 lugar en Condestable el martes 19 de noviembre\",\"breadcrumb\":{\"@id\":\"https:\\\/\\\/www.laguiadepamplona.com\\\/actualidad\\\/pamplona-actualiza-su-protocolo-de-prevencion-y-actuacion-ante-la-violencia-sexista-en-espacios-festivos-y-de-ocio-nocturno-privado\\\/#breadcrumb\"},\"inLanguage\":\"es\",\"potentialAction\":[{\"@type\":\"ReadAction\",\"target\":[\"https:\\\/\\\/www.laguiadepamplona.com\\\/actualidad\\\/pamplona-actualiza-su-protocolo-de-prevencion-y-actuacion-ante-la-violencia-sexista-en-espacios-festivos-y-de-ocio-nocturno-privado\\\/\"]}]},{\"@type\":\"ImageObject\",\"inLanguage\":\"es\",\"@id\":\"https:\\\/\\\/www.laguiadepamplona.com\\\/actualidad\\\/pamplona-actualiza-su-protocolo-de-prevencion-y-actuacion-ante-la-violencia-sexista-en-espacios-festivos-y-de-ocio-nocturno-privado\\\/#primaryimage\",\"url\":\"https:\\\/\\\/www.laguiadepamplona.com\\\/actualidad\\\/wp-content\\\/uploads\\\/2018\\\/06\\\/cartel-agresiones-sexistas.jpg\",\"contentUrl\":\"https:\\\/\\\/www.laguiadepamplona.com\\\/actualidad\\\/wp-content\\\/uploads\\\/2018\\\/06\\\/cartel-agresiones-sexistas.jpg\",\"width\":1084,\"height\":740},{\"@type\":\"BreadcrumbList\",\"@id\":\"https:\\\/\\\/www.laguiadepamplona.com\\\/actualidad\\\/pamplona-actualiza-su-protocolo-de-prevencion-y-actuacion-ante-la-violencia-sexista-en-espacios-festivos-y-de-ocio-nocturno-privado\\\/#breadcrumb\",\"itemListElement\":[{\"@type\":\"ListItem\",\"position\":1,\"name\":\"Portada\",\"item\":\"https:\\\/\\\/www.laguiadepamplona.com\\\/actualidad\\\/\"},{\"@type\":\"ListItem\",\"position\":2,\"name\":\"Pamplona actualiza su protocolo de Prevenci\u00f3n y actuaci\u00f3n ante la violencia sexista en espacios festivos y de ocio nocturno privado\"}]},{\"@type\":\"WebSite\",\"@id\":\"https:\\\/\\\/www.laguiadepamplona.com\\\/actualidad\\\/#website\",\"url\":\"https:\\\/\\\/www.laguiadepamplona.com\\\/actualidad\\\/\",\"name\":\"La gu\u00eda de Pamplona\",\"description\":\"Noticias de Pamplona\",\"publisher\":{\"@id\":\"https:\\\/\\\/www.laguiadepamplona.com\\\/actualidad\\\/#organization\"},\"potentialAction\":[{\"@type\":\"SearchAction\",\"target\":{\"@type\":\"EntryPoint\",\"urlTemplate\":\"https:\\\/\\\/www.laguiadepamplona.com\\\/actualidad\\\/?s={search_term_string}\"},\"query-input\":{\"@type\":\"PropertyValueSpecification\",\"valueRequired\":true,\"valueName\":\"search_term_string\"}}],\"inLanguage\":\"es\"},{\"@type\":\"Organization\",\"@id\":\"https:\\\/\\\/www.laguiadepamplona.com\\\/actualidad\\\/#organization\",\"name\":\"La Gu\u00eda de Pamplona \\\/ Noticias\",\"url\":\"https:\\\/\\\/www.laguiadepamplona.com\\\/actualidad\\\/\",\"logo\":{\"@type\":\"ImageObject\",\"inLanguage\":\"es\",\"@id\":\"https:\\\/\\\/www.laguiadepamplona.com\\\/actualidad\\\/#\\\/schema\\\/logo\\\/image\\\/\",\"url\":\"https:\\\/\\\/www.laguiadepamplona.com\\\/actualidad\\\/wp-content\\\/uploads\\\/2018\\\/11\\\/logo-laguiadepamplona18-web1.png\",\"contentUrl\":\"https:\\\/\\\/www.laguiadepamplona.com\\\/actualidad\\\/wp-content\\\/uploads\\\/2018\\\/11\\\/logo-laguiadepamplona18-web1.png\",\"width\":600,\"height\":196,\"caption\":\"La Gu\u00eda de Pamplona \\\/ Noticias\"},\"image\":{\"@id\":\"https:\\\/\\\/www.laguiadepamplona.com\\\/actualidad\\\/#\\\/schema\\\/logo\\\/image\\\/\"},\"sameAs\":[\"https:\\\/\\\/www.facebook.com\\\/laguiadepamplonacom-133175176762273\\\/?ref=hl\",\"https:\\\/\\\/x.com\\\/LaGuiadPamplona\",\"https:\\\/\\\/www.instagram.com\\\/la_guia_de_pamplona\\\/\",\"https:\\\/\\\/www.youtube.com\\\/user\\\/laguiadepamplona\"]},{\"@type\":\"Person\",\"@id\":\"https:\\\/\\\/www.laguiadepamplona.com\\\/actualidad\\\/#\\\/schema\\\/person\\\/efe887376f0213d4657c93adc50b1fdb\",\"name\":\"La Gu\u00eda de Pamplona\",\"image\":{\"@type\":\"ImageObject\",\"inLanguage\":\"es\",\"@id\":\"https:\\\/\\\/secure.gravatar.com\\\/avatar\\\/b6992f131dc8d30ab0dff15446e9d346d9dbd95992de0fef795073f5ea83a81c?s=96&d=mm&r=g\",\"url\":\"https:\\\/\\\/secure.gravatar.com\\\/avatar\\\/b6992f131dc8d30ab0dff15446e9d346d9dbd95992de0fef795073f5ea83a81c?s=96&d=mm&r=g\",\"contentUrl\":\"https:\\\/\\\/secure.gravatar.com\\\/avatar\\\/b6992f131dc8d30ab0dff15446e9d346d9dbd95992de0fef795073f5ea83a81c?s=96&d=mm&r=g\",\"caption\":\"La Gu\u00eda de Pamplona\"}}]}<\/script>\n<!-- \/ Yoast SEO plugin. -->","yoast_head_json":{"title":"Pamplona actualiza su protocolo de Prevenci\u00f3n y actuaci\u00f3n ante la violencia sexista en espacios festivos y de ocio nocturno privado","description":"Se presentar\u00e1 en el transcurso de una mesa redonda con expertas que tendr\u00e1 lugar en Condestable el martes 19 de noviembre","robots":{"index":"index","follow":"follow","max-snippet":"max-snippet:-1","max-image-preview":"max-image-preview:large","max-video-preview":"max-video-preview:-1"},"canonical":"https:\/\/www.laguiadepamplona.com\/actualidad\/pamplona-actualiza-su-protocolo-de-prevencion-y-actuacion-ante-la-violencia-sexista-en-espacios-festivos-y-de-ocio-nocturno-privado\/","og_locale":"es_ES","og_type":"article","og_title":"Pamplona actualiza su protocolo de Prevenci\u00f3n y actuaci\u00f3n ante la violencia sexista en espacios festivos y de ocio nocturno privado","og_description":"Se presentar\u00e1 en el transcurso de una mesa redonda con expertas que tendr\u00e1 lugar en Condestable el martes 19 de noviembre","og_url":"https:\/\/www.laguiadepamplona.com\/actualidad\/pamplona-actualiza-su-protocolo-de-prevencion-y-actuacion-ante-la-violencia-sexista-en-espacios-festivos-y-de-ocio-nocturno-privado\/","og_site_name":"La Gu\u00eda de Pamplona","article_publisher":"https:\/\/www.facebook.com\/laguiadepamplonacom-133175176762273\/?ref=hl","article_published_time":"2024-11-18T11:18:04+00:00","og_image":[{"width":1084,"height":740,"url":"https:\/\/www.laguiadepamplona.com\/actualidad\/wp-content\/uploads\/2018\/06\/cartel-agresiones-sexistas.jpg","type":"image\/jpeg"}],"author":"La Gu\u00eda de Pamplona","twitter_card":"summary_large_image","twitter_creator":"@LaGuiadPamplona","twitter_site":"@LaGuiadPamplona","twitter_misc":{"Escrito por":"La Gu\u00eda de Pamplona","Tiempo de lectura":"4 minutos"},"schema":{"@context":"https:\/\/schema.org","@graph":[{"@type":"Article","@id":"https:\/\/www.laguiadepamplona.com\/actualidad\/pamplona-actualiza-su-protocolo-de-prevencion-y-actuacion-ante-la-violencia-sexista-en-espacios-festivos-y-de-ocio-nocturno-privado\/#article","isPartOf":{"@id":"https:\/\/www.laguiadepamplona.com\/actualidad\/pamplona-actualiza-su-protocolo-de-prevencion-y-actuacion-ante-la-violencia-sexista-en-espacios-festivos-y-de-ocio-nocturno-privado\/"},"author":{"name":"La Gu\u00eda de Pamplona","@id":"https:\/\/www.laguiadepamplona.com\/actualidad\/#\/schema\/person\/efe887376f0213d4657c93adc50b1fdb"},"headline":"Pamplona actualiza su protocolo de Prevenci\u00f3n y actuaci\u00f3n ante la violencia sexista en espacios festivos y de ocio nocturno privado","datePublished":"2024-11-18T11:18:04+00:00","mainEntityOfPage":{"@id":"https:\/\/www.laguiadepamplona.com\/actualidad\/pamplona-actualiza-su-protocolo-de-prevencion-y-actuacion-ante-la-violencia-sexista-en-espacios-festivos-y-de-ocio-nocturno-privado\/"},"wordCount":830,"commentCount":0,"publisher":{"@id":"https:\/\/www.laguiadepamplona.com\/actualidad\/#organization"},"image":{"@id":"https:\/\/www.laguiadepamplona.com\/actualidad\/pamplona-actualiza-su-protocolo-de-prevencion-y-actuacion-ante-la-violencia-sexista-en-espacios-festivos-y-de-ocio-nocturno-privado\/#primaryimage"},"thumbnailUrl":"https:\/\/www.laguiadepamplona.com\/actualidad\/wp-content\/uploads\/2018\/06\/cartel-agresiones-sexistas.jpg","articleSection":["Ayto Pamplona"],"inLanguage":"es","potentialAction":[{"@type":"CommentAction","name":"Comment","target":["https:\/\/www.laguiadepamplona.com\/actualidad\/pamplona-actualiza-su-protocolo-de-prevencion-y-actuacion-ante-la-violencia-sexista-en-espacios-festivos-y-de-ocio-nocturno-privado\/#respond"]}]},{"@type":"WebPage","@id":"https:\/\/www.laguiadepamplona.com\/actualidad\/pamplona-actualiza-su-protocolo-de-prevencion-y-actuacion-ante-la-violencia-sexista-en-espacios-festivos-y-de-ocio-nocturno-privado\/","url":"https:\/\/www.laguiadepamplona.com\/actualidad\/pamplona-actualiza-su-protocolo-de-prevencion-y-actuacion-ante-la-violencia-sexista-en-espacios-festivos-y-de-ocio-nocturno-privado\/","name":"Pamplona actualiza su protocolo de Prevenci\u00f3n y actuaci\u00f3n ante la violencia sexista en espacios festivos y de ocio nocturno privado","isPartOf":{"@id":"https:\/\/www.laguiadepamplona.com\/actualidad\/#website"},"primaryImageOfPage":{"@id":"https:\/\/www.laguiadepamplona.com\/actualidad\/pamplona-actualiza-su-protocolo-de-prevencion-y-actuacion-ante-la-violencia-sexista-en-espacios-festivos-y-de-ocio-nocturno-privado\/#primaryimage"},"image":{"@id":"https:\/\/www.laguiadepamplona.com\/actualidad\/pamplona-actualiza-su-protocolo-de-prevencion-y-actuacion-ante-la-violencia-sexista-en-espacios-festivos-y-de-ocio-nocturno-privado\/#primaryimage"},"thumbnailUrl":"https:\/\/www.laguiadepamplona.com\/actualidad\/wp-content\/uploads\/2018\/06\/cartel-agresiones-sexistas.jpg","datePublished":"2024-11-18T11:18:04+00:00","description":"Se presentar\u00e1 en el transcurso de una mesa redonda con expertas que tendr\u00e1 lugar en Condestable el martes 19 de noviembre","breadcrumb":{"@id":"https:\/\/www.laguiadepamplona.com\/actualidad\/pamplona-actualiza-su-protocolo-de-prevencion-y-actuacion-ante-la-violencia-sexista-en-espacios-festivos-y-de-ocio-nocturno-privado\/#breadcrumb"},"inLanguage":"es","potentialAction":[{"@type":"ReadAction","target":["https:\/\/www.laguiadepamplona.com\/actualidad\/pamplona-actualiza-su-protocolo-de-prevencion-y-actuacion-ante-la-violencia-sexista-en-espacios-festivos-y-de-ocio-nocturno-privado\/"]}]},{"@type":"ImageObject","inLanguage":"es","@id":"https:\/\/www.laguiadepamplona.com\/actualidad\/pamplona-actualiza-su-protocolo-de-prevencion-y-actuacion-ante-la-violencia-sexista-en-espacios-festivos-y-de-ocio-nocturno-privado\/#primaryimage","url":"https:\/\/www.laguiadepamplona.com\/actualidad\/wp-content\/uploads\/2018\/06\/cartel-agresiones-sexistas.jpg","contentUrl":"https:\/\/www.laguiadepamplona.com\/actualidad\/wp-content\/uploads\/2018\/06\/cartel-agresiones-sexistas.jpg","width":1084,"height":740},{"@type":"BreadcrumbList","@id":"https:\/\/www.laguiadepamplona.com\/actualidad\/pamplona-actualiza-su-protocolo-de-prevencion-y-actuacion-ante-la-violencia-sexista-en-espacios-festivos-y-de-ocio-nocturno-privado\/#breadcrumb","itemListElement":[{"@type":"ListItem","position":1,"name":"Portada","item":"https:\/\/www.laguiadepamplona.com\/actualidad\/"},{"@type":"ListItem","position":2,"name":"Pamplona actualiza su protocolo de Prevenci\u00f3n y actuaci\u00f3n ante la violencia sexista en espacios festivos y de ocio nocturno privado"}]},{"@type":"WebSite","@id":"https:\/\/www.laguiadepamplona.com\/actualidad\/#website","url":"https:\/\/www.laguiadepamplona.com\/actualidad\/","name":"La gu\u00eda de Pamplona","description":"Noticias de Pamplona","publisher":{"@id":"https:\/\/www.laguiadepamplona.com\/actualidad\/#organization"},"potentialAction":[{"@type":"SearchAction","target":{"@type":"EntryPoint","urlTemplate":"https:\/\/www.laguiadepamplona.com\/actualidad\/?s={search_term_string}"},"query-input":{"@type":"PropertyValueSpecification","valueRequired":true,"valueName":"search_term_string"}}],"inLanguage":"es"},{"@type":"Organization","@id":"https:\/\/www.laguiadepamplona.com\/actualidad\/#organization","name":"La Gu\u00eda de Pamplona \/ Noticias","url":"https:\/\/www.laguiadepamplona.com\/actualidad\/","logo":{"@type":"ImageObject","inLanguage":"es","@id":"https:\/\/www.laguiadepamplona.com\/actualidad\/#\/schema\/logo\/image\/","url":"https:\/\/www.laguiadepamplona.com\/actualidad\/wp-content\/uploads\/2018\/11\/logo-laguiadepamplona18-web1.png","contentUrl":"https:\/\/www.laguiadepamplona.com\/actualidad\/wp-content\/uploads\/2018\/11\/logo-laguiadepamplona18-web1.png","width":600,"height":196,"caption":"La Gu\u00eda de Pamplona \/ Noticias"},"image":{"@id":"https:\/\/www.laguiadepamplona.com\/actualidad\/#\/schema\/logo\/image\/"},"sameAs":["https:\/\/www.facebook.com\/laguiadepamplonacom-133175176762273\/?ref=hl","https:\/\/x.com\/LaGuiadPamplona","https:\/\/www.instagram.com\/la_guia_de_pamplona\/","https:\/\/www.youtube.com\/user\/laguiadepamplona"]},{"@type":"Person","@id":"https:\/\/www.laguiadepamplona.com\/actualidad\/#\/schema\/person\/efe887376f0213d4657c93adc50b1fdb","name":"La Gu\u00eda de Pamplona","image":{"@type":"ImageObject","inLanguage":"es","@id":"https:\/\/secure.gravatar.com\/avatar\/b6992f131dc8d30ab0dff15446e9d346d9dbd95992de0fef795073f5ea83a81c?s=96&d=mm&r=g","url":"https:\/\/secure.gravatar.com\/avatar\/b6992f131dc8d30ab0dff15446e9d346d9dbd95992de0fef795073f5ea83a81c?s=96&d=mm&r=g","contentUrl":"https:\/\/secure.gravatar.com\/avatar\/b6992f131dc8d30ab0dff15446e9d346d9dbd95992de0fef795073f5ea83a81c?s=96&d=mm&r=g","caption":"La Gu\u00eda de Pamplona"}}]}},"post_mailing_queue_ids":[],"_links":{"self":[{"href":"https:\/\/www.laguiadepamplona.com\/actualidad\/wp-json\/wp\/v2\/posts\/51343","targetHints":{"allow":["GET"]}}],"collection":[{"href":"https:\/\/www.laguiadepamplona.com\/actualidad\/wp-json\/wp\/v2\/posts"}],"about":[{"href":"https:\/\/www.laguiadepamplona.com\/actualidad\/wp-json\/wp\/v2\/types\/post"}],"author":[{"embeddable":true,"href":"https:\/\/www.laguiadepamplona.com\/actualidad\/wp-json\/wp\/v2\/users\/1"}],"replies":[{"embeddable":true,"href":"https:\/\/www.laguiadepamplona.com\/actualidad\/wp-json\/wp\/v2\/comments?post=51343"}],"version-history":[{"count":1,"href":"https:\/\/www.laguiadepamplona.com\/actualidad\/wp-json\/wp\/v2\/posts\/51343\/revisions"}],"predecessor-version":[{"id":51344,"href":"https:\/\/www.laguiadepamplona.com\/actualidad\/wp-json\/wp\/v2\/posts\/51343\/revisions\/51344"}],"wp:featuredmedia":[{"embeddable":true,"href":"https:\/\/www.laguiadepamplona.com\/actualidad\/wp-json\/wp\/v2\/media\/18030"}],"wp:attachment":[{"href":"https:\/\/www.laguiadepamplona.com\/actualidad\/wp-json\/wp\/v2\/media?parent=51343"}],"wp:term":[{"taxonomy":"category","embeddable":true,"href":"https:\/\/www.laguiadepamplona.com\/actualidad\/wp-json\/wp\/v2\/categories?post=51343"},{"taxonomy":"post_tag","embeddable":true,"href":"https:\/\/www.laguiadepamplona.com\/actualidad\/wp-json\/wp\/v2\/tags?post=51343"}],"curies":[{"name":"wp","href":"https:\/\/api.w.org\/{rel}","templated":true}]}}