{"id":51340,"date":"2024-11-18T13:16:54","date_gmt":"2024-11-18T11:16:54","guid":{"rendered":"https:\/\/www.laguiadepamplona.com\/actualidad\/?p=51340"},"modified":"2024-11-18T13:16:54","modified_gmt":"2024-11-18T11:16:54","slug":"pamplona-disenara-la-nueva-plaza-maravillas-lamberto-de-lezkairu-que-acogera-el-civivox-y-la-biblioteca-y-permitira-crear-unas-50-vpo-en-alquiler-joven","status":"publish","type":"post","link":"https:\/\/www.laguiadepamplona.com\/actualidad\/pamplona-disenara-la-nueva-plaza-maravillas-lamberto-de-lezkairu-que-acogera-el-civivox-y-la-biblioteca-y-permitira-crear-unas-50-vpo-en-alquiler-joven\/","title":{"rendered":"Pamplona dise\u00f1ar\u00e1 la nueva plaza Maravillas Lamberto de Lezkairu, que acoger\u00e1 el Civivox y la biblioteca, y permitir\u00e1 crear unas 50 VPO en alquiler joven"},"content":{"rendered":"<h2>El Consistorio va a poner en marcha la redacci\u00f3n de un Plan Especial de Actuaci\u00f3n Urbana para ese entorno, que afecta a 19.600 metros cuadrados<\/h2>\n<p><!--more--><\/p>\n<p>Ordenar el espacio del entorno de la plaza Maravillas Lamberto de Lezkairu, sus usos y sus caracter\u00edsticas es el objetivo que persigue el Ayuntamiento de Pamplona. Para ello, tiene previsto elaborar un Plan Especial de Actuaci\u00f3n Urbana (PEAU), que afectar\u00e1 a un espacio total de 19.601,15 metros cuadrados, propiedad del Consistorio, que combina usos terciarios, viviendas y edificios dotacionales como el centro c\u00edvico del barrio.<\/p>\n<p>La plaza, delimitada por la avenida Juan Pablo II y el parque Alfredo Landa, ocupa dos unidades b\u00e1sicas (cuatro parcelas). En estos momentos, de forma provisional, parte de ella est\u00e1 ocupada por una zona de juegos infantiles cubiertos. El resto del espacio est\u00e1 todav\u00eda sin desarrollar. La idea que persigue el Consistorio es redise\u00f1ar todo el espacio y modificar algunos usos, atendiendo a las nuevas demandas ciudadanas.<\/p>\n<p>El dise\u00f1o original preve\u00eda en esta ubicaci\u00f3n la construcci\u00f3n de alrededor de 256 viviendas, todas ellas, libres, y se reservaba la planta baja y la primera planta para uso terciario, a raz\u00f3n de 5.100 y 4.780 metros cuadrados respectivamente. El Consistorio plantea, no obstante, una modificaci\u00f3n de estos usos, limitando el uso terciario \u00fanicamente a la planta baja. La reforma supondr\u00e1 ganar entre 40 y 50 viviendas de VPO en alquiler joven al proyecto inicial.<\/p>\n<p>Para proteger la actividad comercial en el barrio, el Ayuntamiento propone diversas medidas de protecci\u00f3n e impulso de los comercios y hosteler\u00eda en la plaza. As\u00ed, plantea con este PEAU la prohibici\u00f3n de transformar los locales de uso terciario en viviendas en planta baja, y ofrecer una variedad de tipolog\u00edas y superficies de los espacios de uso terciario.<\/p>\n<p>En lo que se refiere a impacto visual, con este redise\u00f1o, el Ayuntamiento apuesta por mantener la est\u00e9tica del barrio de Lezkairu, permitiendo que los locales en planta baja dispongan de porches que sigan la trama ya existente. Adem\u00e1s, a la hora construir los edificios que albergar\u00e1n las viviendas y los comercios, se buscar\u00e1 ofrecer una imagen unitaria. Para ello, se realizar\u00e1 un estudio de fachadas de los bloques residenciales, para armonizarlos con el entorno.<\/p>\n<p><strong>El nuevo Civivox, en la plaza<\/strong><\/p>\n<p>La plaza Maravillas Lamberto es el lugar elegido para acoger el Civivox de Lezkairu. El nuevo PEAU que plantea el Ayuntamiento prev\u00e9 un estudio espec\u00edfico para hallar la mejor ubicaci\u00f3n posible de este centro c\u00edvico en los 19.600 metros cuadrados de terreno disponible. El objetivo es que este edificio dotacional se convierta en epicentro de la actividad cultural y de ocio del barrio. Es por ello que se buscar\u00e1 en su ubicaci\u00f3n, la integraci\u00f3n de todos los elementos: zonas verdes, espacio de terrazas, zona de juegos infantil\u2026<\/p>\n<p>Al margen de estas actuaciones, con el redise\u00f1o que plantea el Consistorio se quiere mejorar tambi\u00e9n las condiciones de las viviendas que se vayan a construir en la zona, posibilitando una doble orientaci\u00f3n y amplias terrazas. En la ordenaci\u00f3n actual prev\u00e9 la separaci\u00f3n entre viviendas en algunas zonas de 5 metros. Con la modificaci\u00f3n del PEAU se quiere incrementar y podr\u00eda llegar hasta los 30 metros, lo que supondr\u00eda una mejora sustancial de la calidad de las viviendas.<\/p>\n<p><strong>Proceso participativo<\/strong><\/p>\n<p>Con el objetivo de hacer part\u00edcipe a la ciudadan\u00eda de este cambio de usos y redise\u00f1o de la plaza Maravillas Lamberto, el Ayuntamiento de Pamplona ha organizado para el pr\u00f3ximo 27 de noviembre una sesi\u00f3n informativa. \u00c9sta tendr\u00e1 lugar en el colegio Paderborn de Lezkairu, a las 18.30 horas. El objetivo de esta cita es dar a conocer la situaci\u00f3n actual y las intenciones municipales. A lo largo de 2025, se abrir\u00e1 un proceso de participaci\u00f3n propio y un concurso de ideas en torno al Civivox que acoger\u00e1 tambi\u00e9n la biblioteca y la unidad de barrio.<\/p>\n<p>La Gerencia de Urbanismo del Ayuntamiento de Pamplona es la propietaria de las parcelas que acogen la plaza Maravillas Lamberto, tras adquirirlas al propio Consistorio por un importe de 20,3 millones de euros en 2009, una operaci\u00f3n contable an\u00f3mala que se arrastraba desde entonces. La venta de estas parcelas, recogida en los nuevos presupuestos de la Gerencia de Urbanismo, se producir\u00e1 en el a\u00f1o 2025 y permitir\u00e1 resolver esa anomal\u00eda contable y obtener recursos para las inversiones previstas para ese a\u00f1o en materias como equipamientos de barrio o actuaciones relevantes como el paseo de Sarasate o el Centro de Interpretaci\u00f3n de la Pelota Vasca.<\/p>\n<h3>Sesi\u00f3n Informativa<\/h3>\n<ul>\n<li>Fecha: 27 de noviembre<\/li>\n<li>Hora: 18.30 horas<\/li>\n<li>Lugar: CPEIP Paderborn de Lezkairu<\/li>\n<\/ul>\n","protected":false},"excerpt":{"rendered":"<p>El Consistorio va a poner en marcha la redacci\u00f3n de un Plan Especial de Actuaci\u00f3n Urbana para ese entorno, que afecta a 19.600 metros cuadrados<\/p>\n","protected":false},"author":1,"featured_media":51341,"comment_status":"open","ping_status":"closed","sticky":false,"template":"","format":"standard","meta":{"footnotes":""},"categories":[2],"tags":[],"class_list":["post-51340","post","type-post","status-publish","format-standard","has-post-thumbnail","hentry","category-ayuntamiento-pamplona"],"yoast_head":"<!-- This site is optimized with the Yoast SEO plugin v27.3 - https:\/\/yoast.com\/product\/yoast-seo-wordpress\/ -->\n<title>Pamplona dise\u00f1ar\u00e1 la nueva plaza Maravillas Lamberto de Lezkairu, que acoger\u00e1 el Civivox y la biblioteca, y permitir\u00e1 crear unas 50 VPO en alquiler joven<\/title>\n<meta name=\"description\" content=\"El Consistorio va a poner en marcha la redacci\u00f3n de un Plan Especial de Actuaci\u00f3n Urbana para ese entorno, que afecta a 19.600 metros cuadrados\" \/>\n<meta name=\"robots\" content=\"index, follow, max-snippet:-1, max-image-preview:large, max-video-preview:-1\" \/>\n<link rel=\"canonical\" href=\"https:\/\/www.laguiadepamplona.com\/actualidad\/pamplona-disenara-la-nueva-plaza-maravillas-lamberto-de-lezkairu-que-acogera-el-civivox-y-la-biblioteca-y-permitira-crear-unas-50-vpo-en-alquiler-joven\/\" \/>\n<meta property=\"og:locale\" content=\"es_ES\" \/>\n<meta property=\"og:type\" content=\"article\" \/>\n<meta property=\"og:title\" content=\"Pamplona dise\u00f1ar\u00e1 la nueva plaza Maravillas Lamberto de Lezkairu, que acoger\u00e1 el Civivox y la biblioteca, y permitir\u00e1 crear unas 50 VPO en alquiler joven\" \/>\n<meta property=\"og:description\" content=\"El Consistorio va a poner en marcha la redacci\u00f3n de un Plan Especial de Actuaci\u00f3n Urbana para ese entorno, que afecta a 19.600 metros cuadrados\" \/>\n<meta property=\"og:url\" content=\"https:\/\/www.laguiadepamplona.com\/actualidad\/pamplona-disenara-la-nueva-plaza-maravillas-lamberto-de-lezkairu-que-acogera-el-civivox-y-la-biblioteca-y-permitira-crear-unas-50-vpo-en-alquiler-joven\/\" \/>\n<meta property=\"og:site_name\" content=\"La Gu\u00eda de Pamplona\" \/>\n<meta property=\"article:publisher\" content=\"https:\/\/www.facebook.com\/laguiadepamplonacom-133175176762273\/?ref=hl\" \/>\n<meta property=\"article:published_time\" content=\"2024-11-18T11:16:54+00:00\" \/>\n<meta property=\"og:image\" content=\"https:\/\/www.laguiadepamplona.com\/actualidad\/wp-content\/uploads\/2024\/11\/MARAVILLAS-WEB.webp\" \/>\n\t<meta property=\"og:image:width\" content=\"1000\" \/>\n\t<meta property=\"og:image:height\" content=\"560\" \/>\n\t<meta property=\"og:image:type\" content=\"image\/webp\" \/>\n<meta name=\"author\" content=\"La Gu\u00eda de Pamplona\" \/>\n<meta name=\"twitter:card\" content=\"summary_large_image\" \/>\n<meta name=\"twitter:creator\" content=\"@LaGuiadPamplona\" \/>\n<meta name=\"twitter:site\" content=\"@LaGuiadPamplona\" \/>\n<meta name=\"twitter:label1\" content=\"Escrito por\" \/>\n\t<meta name=\"twitter:data1\" content=\"La Gu\u00eda de Pamplona\" \/>\n\t<meta name=\"twitter:label2\" content=\"Tiempo de lectura\" \/>\n\t<meta name=\"twitter:data2\" content=\"4 minutos\" \/>\n<script type=\"application\/ld+json\" class=\"yoast-schema-graph\">{\"@context\":\"https:\\\/\\\/schema.org\",\"@graph\":[{\"@type\":\"Article\",\"@id\":\"https:\\\/\\\/www.laguiadepamplona.com\\\/actualidad\\\/pamplona-disenara-la-nueva-plaza-maravillas-lamberto-de-lezkairu-que-acogera-el-civivox-y-la-biblioteca-y-permitira-crear-unas-50-vpo-en-alquiler-joven\\\/#article\",\"isPartOf\":{\"@id\":\"https:\\\/\\\/www.laguiadepamplona.com\\\/actualidad\\\/pamplona-disenara-la-nueva-plaza-maravillas-lamberto-de-lezkairu-que-acogera-el-civivox-y-la-biblioteca-y-permitira-crear-unas-50-vpo-en-alquiler-joven\\\/\"},\"author\":{\"name\":\"La Gu\u00eda de Pamplona\",\"@id\":\"https:\\\/\\\/www.laguiadepamplona.com\\\/actualidad\\\/#\\\/schema\\\/person\\\/efe887376f0213d4657c93adc50b1fdb\"},\"headline\":\"Pamplona dise\u00f1ar\u00e1 la nueva plaza Maravillas Lamberto de Lezkairu, que acoger\u00e1 el Civivox y la biblioteca, y permitir\u00e1 crear unas 50 VPO en alquiler joven\",\"datePublished\":\"2024-11-18T11:16:54+00:00\",\"mainEntityOfPage\":{\"@id\":\"https:\\\/\\\/www.laguiadepamplona.com\\\/actualidad\\\/pamplona-disenara-la-nueva-plaza-maravillas-lamberto-de-lezkairu-que-acogera-el-civivox-y-la-biblioteca-y-permitira-crear-unas-50-vpo-en-alquiler-joven\\\/\"},\"wordCount\":809,\"commentCount\":0,\"publisher\":{\"@id\":\"https:\\\/\\\/www.laguiadepamplona.com\\\/actualidad\\\/#organization\"},\"image\":{\"@id\":\"https:\\\/\\\/www.laguiadepamplona.com\\\/actualidad\\\/pamplona-disenara-la-nueva-plaza-maravillas-lamberto-de-lezkairu-que-acogera-el-civivox-y-la-biblioteca-y-permitira-crear-unas-50-vpo-en-alquiler-joven\\\/#primaryimage\"},\"thumbnailUrl\":\"https:\\\/\\\/www.laguiadepamplona.com\\\/actualidad\\\/wp-content\\\/uploads\\\/2024\\\/11\\\/MARAVILLAS-WEB.webp\",\"articleSection\":[\"Ayto Pamplona\"],\"inLanguage\":\"es\",\"potentialAction\":[{\"@type\":\"CommentAction\",\"name\":\"Comment\",\"target\":[\"https:\\\/\\\/www.laguiadepamplona.com\\\/actualidad\\\/pamplona-disenara-la-nueva-plaza-maravillas-lamberto-de-lezkairu-que-acogera-el-civivox-y-la-biblioteca-y-permitira-crear-unas-50-vpo-en-alquiler-joven\\\/#respond\"]}]},{\"@type\":\"WebPage\",\"@id\":\"https:\\\/\\\/www.laguiadepamplona.com\\\/actualidad\\\/pamplona-disenara-la-nueva-plaza-maravillas-lamberto-de-lezkairu-que-acogera-el-civivox-y-la-biblioteca-y-permitira-crear-unas-50-vpo-en-alquiler-joven\\\/\",\"url\":\"https:\\\/\\\/www.laguiadepamplona.com\\\/actualidad\\\/pamplona-disenara-la-nueva-plaza-maravillas-lamberto-de-lezkairu-que-acogera-el-civivox-y-la-biblioteca-y-permitira-crear-unas-50-vpo-en-alquiler-joven\\\/\",\"name\":\"Pamplona dise\u00f1ar\u00e1 la nueva plaza Maravillas Lamberto de Lezkairu, que acoger\u00e1 el Civivox y la biblioteca, y permitir\u00e1 crear unas 50 VPO en alquiler joven\",\"isPartOf\":{\"@id\":\"https:\\\/\\\/www.laguiadepamplona.com\\\/actualidad\\\/#website\"},\"primaryImageOfPage\":{\"@id\":\"https:\\\/\\\/www.laguiadepamplona.com\\\/actualidad\\\/pamplona-disenara-la-nueva-plaza-maravillas-lamberto-de-lezkairu-que-acogera-el-civivox-y-la-biblioteca-y-permitira-crear-unas-50-vpo-en-alquiler-joven\\\/#primaryimage\"},\"image\":{\"@id\":\"https:\\\/\\\/www.laguiadepamplona.com\\\/actualidad\\\/pamplona-disenara-la-nueva-plaza-maravillas-lamberto-de-lezkairu-que-acogera-el-civivox-y-la-biblioteca-y-permitira-crear-unas-50-vpo-en-alquiler-joven\\\/#primaryimage\"},\"thumbnailUrl\":\"https:\\\/\\\/www.laguiadepamplona.com\\\/actualidad\\\/wp-content\\\/uploads\\\/2024\\\/11\\\/MARAVILLAS-WEB.webp\",\"datePublished\":\"2024-11-18T11:16:54+00:00\",\"description\":\"El Consistorio va a poner en marcha la redacci\u00f3n de un Plan Especial de Actuaci\u00f3n Urbana para ese entorno, que afecta a 19.600 metros cuadrados\",\"breadcrumb\":{\"@id\":\"https:\\\/\\\/www.laguiadepamplona.com\\\/actualidad\\\/pamplona-disenara-la-nueva-plaza-maravillas-lamberto-de-lezkairu-que-acogera-el-civivox-y-la-biblioteca-y-permitira-crear-unas-50-vpo-en-alquiler-joven\\\/#breadcrumb\"},\"inLanguage\":\"es\",\"potentialAction\":[{\"@type\":\"ReadAction\",\"target\":[\"https:\\\/\\\/www.laguiadepamplona.com\\\/actualidad\\\/pamplona-disenara-la-nueva-plaza-maravillas-lamberto-de-lezkairu-que-acogera-el-civivox-y-la-biblioteca-y-permitira-crear-unas-50-vpo-en-alquiler-joven\\\/\"]}]},{\"@type\":\"ImageObject\",\"inLanguage\":\"es\",\"@id\":\"https:\\\/\\\/www.laguiadepamplona.com\\\/actualidad\\\/pamplona-disenara-la-nueva-plaza-maravillas-lamberto-de-lezkairu-que-acogera-el-civivox-y-la-biblioteca-y-permitira-crear-unas-50-vpo-en-alquiler-joven\\\/#primaryimage\",\"url\":\"https:\\\/\\\/www.laguiadepamplona.com\\\/actualidad\\\/wp-content\\\/uploads\\\/2024\\\/11\\\/MARAVILLAS-WEB.webp\",\"contentUrl\":\"https:\\\/\\\/www.laguiadepamplona.com\\\/actualidad\\\/wp-content\\\/uploads\\\/2024\\\/11\\\/MARAVILLAS-WEB.webp\",\"width\":1000,\"height\":560,\"caption\":\"maravilla\"},{\"@type\":\"BreadcrumbList\",\"@id\":\"https:\\\/\\\/www.laguiadepamplona.com\\\/actualidad\\\/pamplona-disenara-la-nueva-plaza-maravillas-lamberto-de-lezkairu-que-acogera-el-civivox-y-la-biblioteca-y-permitira-crear-unas-50-vpo-en-alquiler-joven\\\/#breadcrumb\",\"itemListElement\":[{\"@type\":\"ListItem\",\"position\":1,\"name\":\"Portada\",\"item\":\"https:\\\/\\\/www.laguiadepamplona.com\\\/actualidad\\\/\"},{\"@type\":\"ListItem\",\"position\":2,\"name\":\"Pamplona dise\u00f1ar\u00e1 la nueva plaza Maravillas Lamberto de Lezkairu, que acoger\u00e1 el Civivox y la biblioteca, y permitir\u00e1 crear unas 50 VPO en alquiler joven\"}]},{\"@type\":\"WebSite\",\"@id\":\"https:\\\/\\\/www.laguiadepamplona.com\\\/actualidad\\\/#website\",\"url\":\"https:\\\/\\\/www.laguiadepamplona.com\\\/actualidad\\\/\",\"name\":\"La gu\u00eda de Pamplona\",\"description\":\"Noticias de Pamplona\",\"publisher\":{\"@id\":\"https:\\\/\\\/www.laguiadepamplona.com\\\/actualidad\\\/#organization\"},\"potentialAction\":[{\"@type\":\"SearchAction\",\"target\":{\"@type\":\"EntryPoint\",\"urlTemplate\":\"https:\\\/\\\/www.laguiadepamplona.com\\\/actualidad\\\/?s={search_term_string}\"},\"query-input\":{\"@type\":\"PropertyValueSpecification\",\"valueRequired\":true,\"valueName\":\"search_term_string\"}}],\"inLanguage\":\"es\"},{\"@type\":\"Organization\",\"@id\":\"https:\\\/\\\/www.laguiadepamplona.com\\\/actualidad\\\/#organization\",\"name\":\"La Gu\u00eda de Pamplona \\\/ Noticias\",\"url\":\"https:\\\/\\\/www.laguiadepamplona.com\\\/actualidad\\\/\",\"logo\":{\"@type\":\"ImageObject\",\"inLanguage\":\"es\",\"@id\":\"https:\\\/\\\/www.laguiadepamplona.com\\\/actualidad\\\/#\\\/schema\\\/logo\\\/image\\\/\",\"url\":\"https:\\\/\\\/www.laguiadepamplona.com\\\/actualidad\\\/wp-content\\\/uploads\\\/2018\\\/11\\\/logo-laguiadepamplona18-web1.png\",\"contentUrl\":\"https:\\\/\\\/www.laguiadepamplona.com\\\/actualidad\\\/wp-content\\\/uploads\\\/2018\\\/11\\\/logo-laguiadepamplona18-web1.png\",\"width\":600,\"height\":196,\"caption\":\"La Gu\u00eda de Pamplona \\\/ Noticias\"},\"image\":{\"@id\":\"https:\\\/\\\/www.laguiadepamplona.com\\\/actualidad\\\/#\\\/schema\\\/logo\\\/image\\\/\"},\"sameAs\":[\"https:\\\/\\\/www.facebook.com\\\/laguiadepamplonacom-133175176762273\\\/?ref=hl\",\"https:\\\/\\\/x.com\\\/LaGuiadPamplona\",\"https:\\\/\\\/www.instagram.com\\\/la_guia_de_pamplona\\\/\",\"https:\\\/\\\/www.youtube.com\\\/user\\\/laguiadepamplona\"]},{\"@type\":\"Person\",\"@id\":\"https:\\\/\\\/www.laguiadepamplona.com\\\/actualidad\\\/#\\\/schema\\\/person\\\/efe887376f0213d4657c93adc50b1fdb\",\"name\":\"La Gu\u00eda de Pamplona\",\"image\":{\"@type\":\"ImageObject\",\"inLanguage\":\"es\",\"@id\":\"https:\\\/\\\/secure.gravatar.com\\\/avatar\\\/b6992f131dc8d30ab0dff15446e9d346d9dbd95992de0fef795073f5ea83a81c?s=96&d=mm&r=g\",\"url\":\"https:\\\/\\\/secure.gravatar.com\\\/avatar\\\/b6992f131dc8d30ab0dff15446e9d346d9dbd95992de0fef795073f5ea83a81c?s=96&d=mm&r=g\",\"contentUrl\":\"https:\\\/\\\/secure.gravatar.com\\\/avatar\\\/b6992f131dc8d30ab0dff15446e9d346d9dbd95992de0fef795073f5ea83a81c?s=96&d=mm&r=g\",\"caption\":\"La Gu\u00eda de Pamplona\"}}]}<\/script>\n<!-- \/ Yoast SEO plugin. -->","yoast_head_json":{"title":"Pamplona dise\u00f1ar\u00e1 la nueva plaza Maravillas Lamberto de Lezkairu, que acoger\u00e1 el Civivox y la biblioteca, y permitir\u00e1 crear unas 50 VPO en alquiler joven","description":"El Consistorio va a poner en marcha la redacci\u00f3n de un Plan Especial de Actuaci\u00f3n Urbana para ese entorno, que afecta a 19.600 metros cuadrados","robots":{"index":"index","follow":"follow","max-snippet":"max-snippet:-1","max-image-preview":"max-image-preview:large","max-video-preview":"max-video-preview:-1"},"canonical":"https:\/\/www.laguiadepamplona.com\/actualidad\/pamplona-disenara-la-nueva-plaza-maravillas-lamberto-de-lezkairu-que-acogera-el-civivox-y-la-biblioteca-y-permitira-crear-unas-50-vpo-en-alquiler-joven\/","og_locale":"es_ES","og_type":"article","og_title":"Pamplona dise\u00f1ar\u00e1 la nueva plaza Maravillas Lamberto de Lezkairu, que acoger\u00e1 el Civivox y la biblioteca, y permitir\u00e1 crear unas 50 VPO en alquiler joven","og_description":"El Consistorio va a poner en marcha la redacci\u00f3n de un Plan Especial de Actuaci\u00f3n Urbana para ese entorno, que afecta a 19.600 metros cuadrados","og_url":"https:\/\/www.laguiadepamplona.com\/actualidad\/pamplona-disenara-la-nueva-plaza-maravillas-lamberto-de-lezkairu-que-acogera-el-civivox-y-la-biblioteca-y-permitira-crear-unas-50-vpo-en-alquiler-joven\/","og_site_name":"La Gu\u00eda de Pamplona","article_publisher":"https:\/\/www.facebook.com\/laguiadepamplonacom-133175176762273\/?ref=hl","article_published_time":"2024-11-18T11:16:54+00:00","og_image":[{"width":1000,"height":560,"url":"https:\/\/www.laguiadepamplona.com\/actualidad\/wp-content\/uploads\/2024\/11\/MARAVILLAS-WEB.webp","type":"image\/webp"}],"author":"La Gu\u00eda de Pamplona","twitter_card":"summary_large_image","twitter_creator":"@LaGuiadPamplona","twitter_site":"@LaGuiadPamplona","twitter_misc":{"Escrito por":"La Gu\u00eda de Pamplona","Tiempo de lectura":"4 minutos"},"schema":{"@context":"https:\/\/schema.org","@graph":[{"@type":"Article","@id":"https:\/\/www.laguiadepamplona.com\/actualidad\/pamplona-disenara-la-nueva-plaza-maravillas-lamberto-de-lezkairu-que-acogera-el-civivox-y-la-biblioteca-y-permitira-crear-unas-50-vpo-en-alquiler-joven\/#article","isPartOf":{"@id":"https:\/\/www.laguiadepamplona.com\/actualidad\/pamplona-disenara-la-nueva-plaza-maravillas-lamberto-de-lezkairu-que-acogera-el-civivox-y-la-biblioteca-y-permitira-crear-unas-50-vpo-en-alquiler-joven\/"},"author":{"name":"La Gu\u00eda de Pamplona","@id":"https:\/\/www.laguiadepamplona.com\/actualidad\/#\/schema\/person\/efe887376f0213d4657c93adc50b1fdb"},"headline":"Pamplona dise\u00f1ar\u00e1 la nueva plaza Maravillas Lamberto de Lezkairu, que acoger\u00e1 el Civivox y la biblioteca, y permitir\u00e1 crear unas 50 VPO en alquiler joven","datePublished":"2024-11-18T11:16:54+00:00","mainEntityOfPage":{"@id":"https:\/\/www.laguiadepamplona.com\/actualidad\/pamplona-disenara-la-nueva-plaza-maravillas-lamberto-de-lezkairu-que-acogera-el-civivox-y-la-biblioteca-y-permitira-crear-unas-50-vpo-en-alquiler-joven\/"},"wordCount":809,"commentCount":0,"publisher":{"@id":"https:\/\/www.laguiadepamplona.com\/actualidad\/#organization"},"image":{"@id":"https:\/\/www.laguiadepamplona.com\/actualidad\/pamplona-disenara-la-nueva-plaza-maravillas-lamberto-de-lezkairu-que-acogera-el-civivox-y-la-biblioteca-y-permitira-crear-unas-50-vpo-en-alquiler-joven\/#primaryimage"},"thumbnailUrl":"https:\/\/www.laguiadepamplona.com\/actualidad\/wp-content\/uploads\/2024\/11\/MARAVILLAS-WEB.webp","articleSection":["Ayto Pamplona"],"inLanguage":"es","potentialAction":[{"@type":"CommentAction","name":"Comment","target":["https:\/\/www.laguiadepamplona.com\/actualidad\/pamplona-disenara-la-nueva-plaza-maravillas-lamberto-de-lezkairu-que-acogera-el-civivox-y-la-biblioteca-y-permitira-crear-unas-50-vpo-en-alquiler-joven\/#respond"]}]},{"@type":"WebPage","@id":"https:\/\/www.laguiadepamplona.com\/actualidad\/pamplona-disenara-la-nueva-plaza-maravillas-lamberto-de-lezkairu-que-acogera-el-civivox-y-la-biblioteca-y-permitira-crear-unas-50-vpo-en-alquiler-joven\/","url":"https:\/\/www.laguiadepamplona.com\/actualidad\/pamplona-disenara-la-nueva-plaza-maravillas-lamberto-de-lezkairu-que-acogera-el-civivox-y-la-biblioteca-y-permitira-crear-unas-50-vpo-en-alquiler-joven\/","name":"Pamplona dise\u00f1ar\u00e1 la nueva plaza Maravillas Lamberto de Lezkairu, que acoger\u00e1 el Civivox y la biblioteca, y permitir\u00e1 crear unas 50 VPO en alquiler joven","isPartOf":{"@id":"https:\/\/www.laguiadepamplona.com\/actualidad\/#website"},"primaryImageOfPage":{"@id":"https:\/\/www.laguiadepamplona.com\/actualidad\/pamplona-disenara-la-nueva-plaza-maravillas-lamberto-de-lezkairu-que-acogera-el-civivox-y-la-biblioteca-y-permitira-crear-unas-50-vpo-en-alquiler-joven\/#primaryimage"},"image":{"@id":"https:\/\/www.laguiadepamplona.com\/actualidad\/pamplona-disenara-la-nueva-plaza-maravillas-lamberto-de-lezkairu-que-acogera-el-civivox-y-la-biblioteca-y-permitira-crear-unas-50-vpo-en-alquiler-joven\/#primaryimage"},"thumbnailUrl":"https:\/\/www.laguiadepamplona.com\/actualidad\/wp-content\/uploads\/2024\/11\/MARAVILLAS-WEB.webp","datePublished":"2024-11-18T11:16:54+00:00","description":"El Consistorio va a poner en marcha la redacci\u00f3n de un Plan Especial de Actuaci\u00f3n Urbana para ese entorno, que afecta a 19.600 metros cuadrados","breadcrumb":{"@id":"https:\/\/www.laguiadepamplona.com\/actualidad\/pamplona-disenara-la-nueva-plaza-maravillas-lamberto-de-lezkairu-que-acogera-el-civivox-y-la-biblioteca-y-permitira-crear-unas-50-vpo-en-alquiler-joven\/#breadcrumb"},"inLanguage":"es","potentialAction":[{"@type":"ReadAction","target":["https:\/\/www.laguiadepamplona.com\/actualidad\/pamplona-disenara-la-nueva-plaza-maravillas-lamberto-de-lezkairu-que-acogera-el-civivox-y-la-biblioteca-y-permitira-crear-unas-50-vpo-en-alquiler-joven\/"]}]},{"@type":"ImageObject","inLanguage":"es","@id":"https:\/\/www.laguiadepamplona.com\/actualidad\/pamplona-disenara-la-nueva-plaza-maravillas-lamberto-de-lezkairu-que-acogera-el-civivox-y-la-biblioteca-y-permitira-crear-unas-50-vpo-en-alquiler-joven\/#primaryimage","url":"https:\/\/www.laguiadepamplona.com\/actualidad\/wp-content\/uploads\/2024\/11\/MARAVILLAS-WEB.webp","contentUrl":"https:\/\/www.laguiadepamplona.com\/actualidad\/wp-content\/uploads\/2024\/11\/MARAVILLAS-WEB.webp","width":1000,"height":560,"caption":"maravilla"},{"@type":"BreadcrumbList","@id":"https:\/\/www.laguiadepamplona.com\/actualidad\/pamplona-disenara-la-nueva-plaza-maravillas-lamberto-de-lezkairu-que-acogera-el-civivox-y-la-biblioteca-y-permitira-crear-unas-50-vpo-en-alquiler-joven\/#breadcrumb","itemListElement":[{"@type":"ListItem","position":1,"name":"Portada","item":"https:\/\/www.laguiadepamplona.com\/actualidad\/"},{"@type":"ListItem","position":2,"name":"Pamplona dise\u00f1ar\u00e1 la nueva plaza Maravillas Lamberto de Lezkairu, que acoger\u00e1 el Civivox y la biblioteca, y permitir\u00e1 crear unas 50 VPO en alquiler joven"}]},{"@type":"WebSite","@id":"https:\/\/www.laguiadepamplona.com\/actualidad\/#website","url":"https:\/\/www.laguiadepamplona.com\/actualidad\/","name":"La gu\u00eda de Pamplona","description":"Noticias de Pamplona","publisher":{"@id":"https:\/\/www.laguiadepamplona.com\/actualidad\/#organization"},"potentialAction":[{"@type":"SearchAction","target":{"@type":"EntryPoint","urlTemplate":"https:\/\/www.laguiadepamplona.com\/actualidad\/?s={search_term_string}"},"query-input":{"@type":"PropertyValueSpecification","valueRequired":true,"valueName":"search_term_string"}}],"inLanguage":"es"},{"@type":"Organization","@id":"https:\/\/www.laguiadepamplona.com\/actualidad\/#organization","name":"La Gu\u00eda de Pamplona \/ Noticias","url":"https:\/\/www.laguiadepamplona.com\/actualidad\/","logo":{"@type":"ImageObject","inLanguage":"es","@id":"https:\/\/www.laguiadepamplona.com\/actualidad\/#\/schema\/logo\/image\/","url":"https:\/\/www.laguiadepamplona.com\/actualidad\/wp-content\/uploads\/2018\/11\/logo-laguiadepamplona18-web1.png","contentUrl":"https:\/\/www.laguiadepamplona.com\/actualidad\/wp-content\/uploads\/2018\/11\/logo-laguiadepamplona18-web1.png","width":600,"height":196,"caption":"La Gu\u00eda de Pamplona \/ Noticias"},"image":{"@id":"https:\/\/www.laguiadepamplona.com\/actualidad\/#\/schema\/logo\/image\/"},"sameAs":["https:\/\/www.facebook.com\/laguiadepamplonacom-133175176762273\/?ref=hl","https:\/\/x.com\/LaGuiadPamplona","https:\/\/www.instagram.com\/la_guia_de_pamplona\/","https:\/\/www.youtube.com\/user\/laguiadepamplona"]},{"@type":"Person","@id":"https:\/\/www.laguiadepamplona.com\/actualidad\/#\/schema\/person\/efe887376f0213d4657c93adc50b1fdb","name":"La Gu\u00eda de Pamplona","image":{"@type":"ImageObject","inLanguage":"es","@id":"https:\/\/secure.gravatar.com\/avatar\/b6992f131dc8d30ab0dff15446e9d346d9dbd95992de0fef795073f5ea83a81c?s=96&d=mm&r=g","url":"https:\/\/secure.gravatar.com\/avatar\/b6992f131dc8d30ab0dff15446e9d346d9dbd95992de0fef795073f5ea83a81c?s=96&d=mm&r=g","contentUrl":"https:\/\/secure.gravatar.com\/avatar\/b6992f131dc8d30ab0dff15446e9d346d9dbd95992de0fef795073f5ea83a81c?s=96&d=mm&r=g","caption":"La Gu\u00eda de Pamplona"}}]}},"post_mailing_queue_ids":[],"_links":{"self":[{"href":"https:\/\/www.laguiadepamplona.com\/actualidad\/wp-json\/wp\/v2\/posts\/51340","targetHints":{"allow":["GET"]}}],"collection":[{"href":"https:\/\/www.laguiadepamplona.com\/actualidad\/wp-json\/wp\/v2\/posts"}],"about":[{"href":"https:\/\/www.laguiadepamplona.com\/actualidad\/wp-json\/wp\/v2\/types\/post"}],"author":[{"embeddable":true,"href":"https:\/\/www.laguiadepamplona.com\/actualidad\/wp-json\/wp\/v2\/users\/1"}],"replies":[{"embeddable":true,"href":"https:\/\/www.laguiadepamplona.com\/actualidad\/wp-json\/wp\/v2\/comments?post=51340"}],"version-history":[{"count":1,"href":"https:\/\/www.laguiadepamplona.com\/actualidad\/wp-json\/wp\/v2\/posts\/51340\/revisions"}],"predecessor-version":[{"id":51342,"href":"https:\/\/www.laguiadepamplona.com\/actualidad\/wp-json\/wp\/v2\/posts\/51340\/revisions\/51342"}],"wp:featuredmedia":[{"embeddable":true,"href":"https:\/\/www.laguiadepamplona.com\/actualidad\/wp-json\/wp\/v2\/media\/51341"}],"wp:attachment":[{"href":"https:\/\/www.laguiadepamplona.com\/actualidad\/wp-json\/wp\/v2\/media?parent=51340"}],"wp:term":[{"taxonomy":"category","embeddable":true,"href":"https:\/\/www.laguiadepamplona.com\/actualidad\/wp-json\/wp\/v2\/categories?post=51340"},{"taxonomy":"post_tag","embeddable":true,"href":"https:\/\/www.laguiadepamplona.com\/actualidad\/wp-json\/wp\/v2\/tags?post=51340"}],"curies":[{"name":"wp","href":"https:\/\/api.w.org\/{rel}","templated":true}]}}