{"id":51337,"date":"2024-11-15T19:04:57","date_gmt":"2024-11-15T17:04:57","guid":{"rendered":"https:\/\/www.laguiadepamplona.com\/actualidad\/?p=51337"},"modified":"2024-11-15T19:04:57","modified_gmt":"2024-11-15T17:04:57","slug":"el-ayuntamiento-de-pamplona-ejecutara-un-carril-arbol-en-la-avenida-de-gipuzkoa-entre-las-calles-santa-lucia-y-santos-a-ochandategui","status":"publish","type":"post","link":"https:\/\/www.laguiadepamplona.com\/actualidad\/el-ayuntamiento-de-pamplona-ejecutara-un-carril-arbol-en-la-avenida-de-gipuzkoa-entre-las-calles-santa-lucia-y-santos-a-ochandategui\/","title":{"rendered":"El Ayuntamiento de Pamplona ejecutar\u00e1 un carril \u00e1rbol en la avenida de Gipuzkoa, entre las calles Santa Luc\u00eda y Santos A. Ochand\u00e1tegui"},"content":{"rendered":"<h2>Las obras para este carril \u00e1rbol comenzar\u00e1 la pr\u00f3xima semana y se desarrollar\u00e1n hasta final de a\u00f1o<\/h2>\n<p><!--more--><\/p>\n<p>La avenida de Gipuzkoa va a renaturalizar su tramo comprendido entre las calles Santa Luc\u00eda y Santos A. Ochand\u00e1tegui con un carril \u00e1rbol con el que se ganar\u00e1 superficie verde y con el que se amabilizar\u00e1 la imagen de una zona dominada la urbanizaci\u00f3n. La Junta de Gobierno Local ha aprobado esta semana la adjudicaci\u00f3n de los trabajos a la empresa Obras y Servicios Tex SL por un importe de 228.465,15 euros, vinculados al acuerdo marco para obras de rehabilitaci\u00f3n de espacios p\u00fablicos.<\/p>\n<p>El estado actual de las alineaciones arboladas de la avenida de Gipuzkoa es decadente. La doble alineaci\u00f3n proyectada en la urbanizaci\u00f3n original no ha prosperado, debido principalmente a la ausencia de espacio y condiciones adecuadas para el desarrollo de las ra\u00edces de los \u00e1rboles. La reposici\u00f3n de arbolado en los alcorques originales no supone una soluci\u00f3n efectiva, sino un coste ineficiente sin justificaci\u00f3n t\u00e9cnica ni ambiental.<\/p>\n<p>Salvo el tramo iniciado en 2021, frente al Centro Comunitario Buztingune, en el que se implantaron nueve posiciones sobre un carril \u00e1rbol de nueva ejecuci\u00f3n, el resto de posiciones est\u00e1n vac\u00edas o en estado de decadencia. A la vista del resultado de esas nuevas posiciones, el Ayuntamiento de Pamplona ha decidido continuar con la actuaci\u00f3n a lo largo de toda la manzana e incluso extenderla a la manzana del centro de salud de Buztintxuri.<\/p>\n<p>Se prev\u00e9 que las obras comiencen la pr\u00f3xima semana y concluyan a finales de a\u00f1o. Se generar\u00e1 un carril \u00e1rbol continuo a lo largo de las dos manzanas, en la acera contigua al sentido de la circulaci\u00f3n en direcci\u00f3n centro de la ciudad, con 1,74 metros de ancho y 1,28 metros de profundo y con un drenaje inferior de 0,30 metros. En cada alcorque, se plantar\u00e1 un ejemplar de <em>Tilia Tormentosa<\/em>.<\/p>\n<p>El carril \u00e1rbol se rellenar\u00e1 con tierra estructural formada por un 65% de balasto of\u00edtico y un 35% de tierra vegetal. En las zonas en las que se prev\u00e9 la existencia de un alcorque, sobre la mezcla anterior, se instalar\u00e1 una capa antirra\u00edces de grava, tambi\u00e9n of\u00edtica, de doce cent\u00edmetros de espesor rematada superiormente con un relleno de diez cent\u00edmetros de acolchado de madera. En el resto de espacio se instalar\u00e1 una capa de firme formada por hormig\u00f3n y adoqu\u00edn poroso para favorecer la permeabilidad del agua de lluvia al interior del carril \u00e1rbol. En general, entre todas las capas, se colocar\u00e1 una capa de geotextil de separaci\u00f3n<\/p>\n","protected":false},"excerpt":{"rendered":"<p>Las obras para este carril \u00e1rbol comenzar\u00e1 la pr\u00f3xima semana y se desarrollar\u00e1n hasta final de a\u00f1o<\/p>\n","protected":false},"author":1,"featured_media":51338,"comment_status":"open","ping_status":"closed","sticky":false,"template":"","format":"standard","meta":{"footnotes":""},"categories":[2],"tags":[],"class_list":["post-51337","post","type-post","status-publish","format-standard","has-post-thumbnail","hentry","category-ayuntamiento-pamplona"],"yoast_head":"<!-- This site is optimized with the Yoast SEO plugin v27.3 - https:\/\/yoast.com\/product\/yoast-seo-wordpress\/ -->\n<title>El Ayuntamiento de Pamplona ejecutar\u00e1 un carril \u00e1rbol en la avenida de Gipuzkoa, entre las calles Santa Luc\u00eda y Santos A. Ochand\u00e1tegui<\/title>\n<meta name=\"description\" content=\"Las obras para este carril \u00e1rbol comenzar\u00e1 la pr\u00f3xima semana y se desarrollar\u00e1n hasta final de a\u00f1o\" \/>\n<meta name=\"robots\" content=\"index, follow, max-snippet:-1, max-image-preview:large, max-video-preview:-1\" \/>\n<link rel=\"canonical\" href=\"https:\/\/www.laguiadepamplona.com\/actualidad\/el-ayuntamiento-de-pamplona-ejecutara-un-carril-arbol-en-la-avenida-de-gipuzkoa-entre-las-calles-santa-lucia-y-santos-a-ochandategui\/\" \/>\n<meta property=\"og:locale\" content=\"es_ES\" \/>\n<meta property=\"og:type\" content=\"article\" \/>\n<meta property=\"og:title\" content=\"El Ayuntamiento de Pamplona ejecutar\u00e1 un carril \u00e1rbol en la avenida de Gipuzkoa, entre las calles Santa Luc\u00eda y Santos A. Ochand\u00e1tegui\" \/>\n<meta property=\"og:description\" content=\"Las obras para este carril \u00e1rbol comenzar\u00e1 la pr\u00f3xima semana y se desarrollar\u00e1n hasta final de a\u00f1o\" \/>\n<meta property=\"og:url\" content=\"https:\/\/www.laguiadepamplona.com\/actualidad\/el-ayuntamiento-de-pamplona-ejecutara-un-carril-arbol-en-la-avenida-de-gipuzkoa-entre-las-calles-santa-lucia-y-santos-a-ochandategui\/\" \/>\n<meta property=\"og:site_name\" content=\"La Gu\u00eda de Pamplona\" \/>\n<meta property=\"article:publisher\" content=\"https:\/\/www.facebook.com\/laguiadepamplonacom-133175176762273\/?ref=hl\" \/>\n<meta property=\"article:published_time\" content=\"2024-11-15T17:04:57+00:00\" \/>\n<meta property=\"og:image\" content=\"https:\/\/www.laguiadepamplona.com\/actualidad\/wp-content\/uploads\/2024\/11\/zona_verde_jardin_parque-copia.webp\" \/>\n\t<meta property=\"og:image:width\" content=\"1000\" \/>\n\t<meta property=\"og:image:height\" content=\"665\" \/>\n\t<meta property=\"og:image:type\" content=\"image\/webp\" \/>\n<meta name=\"author\" content=\"La Gu\u00eda de Pamplona\" \/>\n<meta name=\"twitter:card\" content=\"summary_large_image\" \/>\n<meta name=\"twitter:creator\" content=\"@LaGuiadPamplona\" \/>\n<meta name=\"twitter:site\" content=\"@LaGuiadPamplona\" \/>\n<meta name=\"twitter:label1\" content=\"Escrito por\" \/>\n\t<meta name=\"twitter:data1\" content=\"La Gu\u00eda de Pamplona\" \/>\n\t<meta name=\"twitter:label2\" content=\"Tiempo de lectura\" \/>\n\t<meta name=\"twitter:data2\" content=\"2 minutos\" \/>\n<script type=\"application\/ld+json\" class=\"yoast-schema-graph\">{\"@context\":\"https:\\\/\\\/schema.org\",\"@graph\":[{\"@type\":\"Article\",\"@id\":\"https:\\\/\\\/www.laguiadepamplona.com\\\/actualidad\\\/el-ayuntamiento-de-pamplona-ejecutara-un-carril-arbol-en-la-avenida-de-gipuzkoa-entre-las-calles-santa-lucia-y-santos-a-ochandategui\\\/#article\",\"isPartOf\":{\"@id\":\"https:\\\/\\\/www.laguiadepamplona.com\\\/actualidad\\\/el-ayuntamiento-de-pamplona-ejecutara-un-carril-arbol-en-la-avenida-de-gipuzkoa-entre-las-calles-santa-lucia-y-santos-a-ochandategui\\\/\"},\"author\":{\"name\":\"La Gu\u00eda de Pamplona\",\"@id\":\"https:\\\/\\\/www.laguiadepamplona.com\\\/actualidad\\\/#\\\/schema\\\/person\\\/efe887376f0213d4657c93adc50b1fdb\"},\"headline\":\"El Ayuntamiento de Pamplona ejecutar\u00e1 un carril \u00e1rbol en la avenida de Gipuzkoa, entre las calles Santa Luc\u00eda y Santos A. Ochand\u00e1tegui\",\"datePublished\":\"2024-11-15T17:04:57+00:00\",\"mainEntityOfPage\":{\"@id\":\"https:\\\/\\\/www.laguiadepamplona.com\\\/actualidad\\\/el-ayuntamiento-de-pamplona-ejecutara-un-carril-arbol-en-la-avenida-de-gipuzkoa-entre-las-calles-santa-lucia-y-santos-a-ochandategui\\\/\"},\"wordCount\":469,\"commentCount\":0,\"publisher\":{\"@id\":\"https:\\\/\\\/www.laguiadepamplona.com\\\/actualidad\\\/#organization\"},\"image\":{\"@id\":\"https:\\\/\\\/www.laguiadepamplona.com\\\/actualidad\\\/el-ayuntamiento-de-pamplona-ejecutara-un-carril-arbol-en-la-avenida-de-gipuzkoa-entre-las-calles-santa-lucia-y-santos-a-ochandategui\\\/#primaryimage\"},\"thumbnailUrl\":\"https:\\\/\\\/www.laguiadepamplona.com\\\/actualidad\\\/wp-content\\\/uploads\\\/2024\\\/11\\\/zona_verde_jardin_parque-copia.webp\",\"articleSection\":[\"Ayto Pamplona\"],\"inLanguage\":\"es\",\"potentialAction\":[{\"@type\":\"CommentAction\",\"name\":\"Comment\",\"target\":[\"https:\\\/\\\/www.laguiadepamplona.com\\\/actualidad\\\/el-ayuntamiento-de-pamplona-ejecutara-un-carril-arbol-en-la-avenida-de-gipuzkoa-entre-las-calles-santa-lucia-y-santos-a-ochandategui\\\/#respond\"]}]},{\"@type\":\"WebPage\",\"@id\":\"https:\\\/\\\/www.laguiadepamplona.com\\\/actualidad\\\/el-ayuntamiento-de-pamplona-ejecutara-un-carril-arbol-en-la-avenida-de-gipuzkoa-entre-las-calles-santa-lucia-y-santos-a-ochandategui\\\/\",\"url\":\"https:\\\/\\\/www.laguiadepamplona.com\\\/actualidad\\\/el-ayuntamiento-de-pamplona-ejecutara-un-carril-arbol-en-la-avenida-de-gipuzkoa-entre-las-calles-santa-lucia-y-santos-a-ochandategui\\\/\",\"name\":\"El Ayuntamiento de Pamplona ejecutar\u00e1 un carril \u00e1rbol en la avenida de Gipuzkoa, entre las calles Santa Luc\u00eda y Santos A. Ochand\u00e1tegui\",\"isPartOf\":{\"@id\":\"https:\\\/\\\/www.laguiadepamplona.com\\\/actualidad\\\/#website\"},\"primaryImageOfPage\":{\"@id\":\"https:\\\/\\\/www.laguiadepamplona.com\\\/actualidad\\\/el-ayuntamiento-de-pamplona-ejecutara-un-carril-arbol-en-la-avenida-de-gipuzkoa-entre-las-calles-santa-lucia-y-santos-a-ochandategui\\\/#primaryimage\"},\"image\":{\"@id\":\"https:\\\/\\\/www.laguiadepamplona.com\\\/actualidad\\\/el-ayuntamiento-de-pamplona-ejecutara-un-carril-arbol-en-la-avenida-de-gipuzkoa-entre-las-calles-santa-lucia-y-santos-a-ochandategui\\\/#primaryimage\"},\"thumbnailUrl\":\"https:\\\/\\\/www.laguiadepamplona.com\\\/actualidad\\\/wp-content\\\/uploads\\\/2024\\\/11\\\/zona_verde_jardin_parque-copia.webp\",\"datePublished\":\"2024-11-15T17:04:57+00:00\",\"description\":\"Las obras para este carril \u00e1rbol comenzar\u00e1 la pr\u00f3xima semana y se desarrollar\u00e1n hasta final de a\u00f1o\",\"breadcrumb\":{\"@id\":\"https:\\\/\\\/www.laguiadepamplona.com\\\/actualidad\\\/el-ayuntamiento-de-pamplona-ejecutara-un-carril-arbol-en-la-avenida-de-gipuzkoa-entre-las-calles-santa-lucia-y-santos-a-ochandategui\\\/#breadcrumb\"},\"inLanguage\":\"es\",\"potentialAction\":[{\"@type\":\"ReadAction\",\"target\":[\"https:\\\/\\\/www.laguiadepamplona.com\\\/actualidad\\\/el-ayuntamiento-de-pamplona-ejecutara-un-carril-arbol-en-la-avenida-de-gipuzkoa-entre-las-calles-santa-lucia-y-santos-a-ochandategui\\\/\"]}]},{\"@type\":\"ImageObject\",\"inLanguage\":\"es\",\"@id\":\"https:\\\/\\\/www.laguiadepamplona.com\\\/actualidad\\\/el-ayuntamiento-de-pamplona-ejecutara-un-carril-arbol-en-la-avenida-de-gipuzkoa-entre-las-calles-santa-lucia-y-santos-a-ochandategui\\\/#primaryimage\",\"url\":\"https:\\\/\\\/www.laguiadepamplona.com\\\/actualidad\\\/wp-content\\\/uploads\\\/2024\\\/11\\\/zona_verde_jardin_parque-copia.webp\",\"contentUrl\":\"https:\\\/\\\/www.laguiadepamplona.com\\\/actualidad\\\/wp-content\\\/uploads\\\/2024\\\/11\\\/zona_verde_jardin_parque-copia.webp\",\"width\":1000,\"height\":665,\"caption\":\"zona verde jard\u00edn parque\"},{\"@type\":\"BreadcrumbList\",\"@id\":\"https:\\\/\\\/www.laguiadepamplona.com\\\/actualidad\\\/el-ayuntamiento-de-pamplona-ejecutara-un-carril-arbol-en-la-avenida-de-gipuzkoa-entre-las-calles-santa-lucia-y-santos-a-ochandategui\\\/#breadcrumb\",\"itemListElement\":[{\"@type\":\"ListItem\",\"position\":1,\"name\":\"Portada\",\"item\":\"https:\\\/\\\/www.laguiadepamplona.com\\\/actualidad\\\/\"},{\"@type\":\"ListItem\",\"position\":2,\"name\":\"El Ayuntamiento de Pamplona ejecutar\u00e1 un carril \u00e1rbol en la avenida de Gipuzkoa, entre las calles Santa Luc\u00eda y Santos A. Ochand\u00e1tegui\"}]},{\"@type\":\"WebSite\",\"@id\":\"https:\\\/\\\/www.laguiadepamplona.com\\\/actualidad\\\/#website\",\"url\":\"https:\\\/\\\/www.laguiadepamplona.com\\\/actualidad\\\/\",\"name\":\"La gu\u00eda de Pamplona\",\"description\":\"Noticias de Pamplona\",\"publisher\":{\"@id\":\"https:\\\/\\\/www.laguiadepamplona.com\\\/actualidad\\\/#organization\"},\"potentialAction\":[{\"@type\":\"SearchAction\",\"target\":{\"@type\":\"EntryPoint\",\"urlTemplate\":\"https:\\\/\\\/www.laguiadepamplona.com\\\/actualidad\\\/?s={search_term_string}\"},\"query-input\":{\"@type\":\"PropertyValueSpecification\",\"valueRequired\":true,\"valueName\":\"search_term_string\"}}],\"inLanguage\":\"es\"},{\"@type\":\"Organization\",\"@id\":\"https:\\\/\\\/www.laguiadepamplona.com\\\/actualidad\\\/#organization\",\"name\":\"La Gu\u00eda de Pamplona \\\/ Noticias\",\"url\":\"https:\\\/\\\/www.laguiadepamplona.com\\\/actualidad\\\/\",\"logo\":{\"@type\":\"ImageObject\",\"inLanguage\":\"es\",\"@id\":\"https:\\\/\\\/www.laguiadepamplona.com\\\/actualidad\\\/#\\\/schema\\\/logo\\\/image\\\/\",\"url\":\"https:\\\/\\\/www.laguiadepamplona.com\\\/actualidad\\\/wp-content\\\/uploads\\\/2018\\\/11\\\/logo-laguiadepamplona18-web1.png\",\"contentUrl\":\"https:\\\/\\\/www.laguiadepamplona.com\\\/actualidad\\\/wp-content\\\/uploads\\\/2018\\\/11\\\/logo-laguiadepamplona18-web1.png\",\"width\":600,\"height\":196,\"caption\":\"La Gu\u00eda de Pamplona \\\/ Noticias\"},\"image\":{\"@id\":\"https:\\\/\\\/www.laguiadepamplona.com\\\/actualidad\\\/#\\\/schema\\\/logo\\\/image\\\/\"},\"sameAs\":[\"https:\\\/\\\/www.facebook.com\\\/laguiadepamplonacom-133175176762273\\\/?ref=hl\",\"https:\\\/\\\/x.com\\\/LaGuiadPamplona\",\"https:\\\/\\\/www.instagram.com\\\/la_guia_de_pamplona\\\/\",\"https:\\\/\\\/www.youtube.com\\\/user\\\/laguiadepamplona\"]},{\"@type\":\"Person\",\"@id\":\"https:\\\/\\\/www.laguiadepamplona.com\\\/actualidad\\\/#\\\/schema\\\/person\\\/efe887376f0213d4657c93adc50b1fdb\",\"name\":\"La Gu\u00eda de Pamplona\",\"image\":{\"@type\":\"ImageObject\",\"inLanguage\":\"es\",\"@id\":\"https:\\\/\\\/secure.gravatar.com\\\/avatar\\\/b6992f131dc8d30ab0dff15446e9d346d9dbd95992de0fef795073f5ea83a81c?s=96&d=mm&r=g\",\"url\":\"https:\\\/\\\/secure.gravatar.com\\\/avatar\\\/b6992f131dc8d30ab0dff15446e9d346d9dbd95992de0fef795073f5ea83a81c?s=96&d=mm&r=g\",\"contentUrl\":\"https:\\\/\\\/secure.gravatar.com\\\/avatar\\\/b6992f131dc8d30ab0dff15446e9d346d9dbd95992de0fef795073f5ea83a81c?s=96&d=mm&r=g\",\"caption\":\"La Gu\u00eda de Pamplona\"}}]}<\/script>\n<!-- \/ Yoast SEO plugin. -->","yoast_head_json":{"title":"El Ayuntamiento de Pamplona ejecutar\u00e1 un carril \u00e1rbol en la avenida de Gipuzkoa, entre las calles Santa Luc\u00eda y Santos A. Ochand\u00e1tegui","description":"Las obras para este carril \u00e1rbol comenzar\u00e1 la pr\u00f3xima semana y se desarrollar\u00e1n hasta final de a\u00f1o","robots":{"index":"index","follow":"follow","max-snippet":"max-snippet:-1","max-image-preview":"max-image-preview:large","max-video-preview":"max-video-preview:-1"},"canonical":"https:\/\/www.laguiadepamplona.com\/actualidad\/el-ayuntamiento-de-pamplona-ejecutara-un-carril-arbol-en-la-avenida-de-gipuzkoa-entre-las-calles-santa-lucia-y-santos-a-ochandategui\/","og_locale":"es_ES","og_type":"article","og_title":"El Ayuntamiento de Pamplona ejecutar\u00e1 un carril \u00e1rbol en la avenida de Gipuzkoa, entre las calles Santa Luc\u00eda y Santos A. Ochand\u00e1tegui","og_description":"Las obras para este carril \u00e1rbol comenzar\u00e1 la pr\u00f3xima semana y se desarrollar\u00e1n hasta final de a\u00f1o","og_url":"https:\/\/www.laguiadepamplona.com\/actualidad\/el-ayuntamiento-de-pamplona-ejecutara-un-carril-arbol-en-la-avenida-de-gipuzkoa-entre-las-calles-santa-lucia-y-santos-a-ochandategui\/","og_site_name":"La Gu\u00eda de Pamplona","article_publisher":"https:\/\/www.facebook.com\/laguiadepamplonacom-133175176762273\/?ref=hl","article_published_time":"2024-11-15T17:04:57+00:00","og_image":[{"width":1000,"height":665,"url":"https:\/\/www.laguiadepamplona.com\/actualidad\/wp-content\/uploads\/2024\/11\/zona_verde_jardin_parque-copia.webp","type":"image\/webp"}],"author":"La Gu\u00eda de Pamplona","twitter_card":"summary_large_image","twitter_creator":"@LaGuiadPamplona","twitter_site":"@LaGuiadPamplona","twitter_misc":{"Escrito por":"La Gu\u00eda de Pamplona","Tiempo de lectura":"2 minutos"},"schema":{"@context":"https:\/\/schema.org","@graph":[{"@type":"Article","@id":"https:\/\/www.laguiadepamplona.com\/actualidad\/el-ayuntamiento-de-pamplona-ejecutara-un-carril-arbol-en-la-avenida-de-gipuzkoa-entre-las-calles-santa-lucia-y-santos-a-ochandategui\/#article","isPartOf":{"@id":"https:\/\/www.laguiadepamplona.com\/actualidad\/el-ayuntamiento-de-pamplona-ejecutara-un-carril-arbol-en-la-avenida-de-gipuzkoa-entre-las-calles-santa-lucia-y-santos-a-ochandategui\/"},"author":{"name":"La Gu\u00eda de Pamplona","@id":"https:\/\/www.laguiadepamplona.com\/actualidad\/#\/schema\/person\/efe887376f0213d4657c93adc50b1fdb"},"headline":"El Ayuntamiento de Pamplona ejecutar\u00e1 un carril \u00e1rbol en la avenida de Gipuzkoa, entre las calles Santa Luc\u00eda y Santos A. Ochand\u00e1tegui","datePublished":"2024-11-15T17:04:57+00:00","mainEntityOfPage":{"@id":"https:\/\/www.laguiadepamplona.com\/actualidad\/el-ayuntamiento-de-pamplona-ejecutara-un-carril-arbol-en-la-avenida-de-gipuzkoa-entre-las-calles-santa-lucia-y-santos-a-ochandategui\/"},"wordCount":469,"commentCount":0,"publisher":{"@id":"https:\/\/www.laguiadepamplona.com\/actualidad\/#organization"},"image":{"@id":"https:\/\/www.laguiadepamplona.com\/actualidad\/el-ayuntamiento-de-pamplona-ejecutara-un-carril-arbol-en-la-avenida-de-gipuzkoa-entre-las-calles-santa-lucia-y-santos-a-ochandategui\/#primaryimage"},"thumbnailUrl":"https:\/\/www.laguiadepamplona.com\/actualidad\/wp-content\/uploads\/2024\/11\/zona_verde_jardin_parque-copia.webp","articleSection":["Ayto Pamplona"],"inLanguage":"es","potentialAction":[{"@type":"CommentAction","name":"Comment","target":["https:\/\/www.laguiadepamplona.com\/actualidad\/el-ayuntamiento-de-pamplona-ejecutara-un-carril-arbol-en-la-avenida-de-gipuzkoa-entre-las-calles-santa-lucia-y-santos-a-ochandategui\/#respond"]}]},{"@type":"WebPage","@id":"https:\/\/www.laguiadepamplona.com\/actualidad\/el-ayuntamiento-de-pamplona-ejecutara-un-carril-arbol-en-la-avenida-de-gipuzkoa-entre-las-calles-santa-lucia-y-santos-a-ochandategui\/","url":"https:\/\/www.laguiadepamplona.com\/actualidad\/el-ayuntamiento-de-pamplona-ejecutara-un-carril-arbol-en-la-avenida-de-gipuzkoa-entre-las-calles-santa-lucia-y-santos-a-ochandategui\/","name":"El Ayuntamiento de Pamplona ejecutar\u00e1 un carril \u00e1rbol en la avenida de Gipuzkoa, entre las calles Santa Luc\u00eda y Santos A. Ochand\u00e1tegui","isPartOf":{"@id":"https:\/\/www.laguiadepamplona.com\/actualidad\/#website"},"primaryImageOfPage":{"@id":"https:\/\/www.laguiadepamplona.com\/actualidad\/el-ayuntamiento-de-pamplona-ejecutara-un-carril-arbol-en-la-avenida-de-gipuzkoa-entre-las-calles-santa-lucia-y-santos-a-ochandategui\/#primaryimage"},"image":{"@id":"https:\/\/www.laguiadepamplona.com\/actualidad\/el-ayuntamiento-de-pamplona-ejecutara-un-carril-arbol-en-la-avenida-de-gipuzkoa-entre-las-calles-santa-lucia-y-santos-a-ochandategui\/#primaryimage"},"thumbnailUrl":"https:\/\/www.laguiadepamplona.com\/actualidad\/wp-content\/uploads\/2024\/11\/zona_verde_jardin_parque-copia.webp","datePublished":"2024-11-15T17:04:57+00:00","description":"Las obras para este carril \u00e1rbol comenzar\u00e1 la pr\u00f3xima semana y se desarrollar\u00e1n hasta final de a\u00f1o","breadcrumb":{"@id":"https:\/\/www.laguiadepamplona.com\/actualidad\/el-ayuntamiento-de-pamplona-ejecutara-un-carril-arbol-en-la-avenida-de-gipuzkoa-entre-las-calles-santa-lucia-y-santos-a-ochandategui\/#breadcrumb"},"inLanguage":"es","potentialAction":[{"@type":"ReadAction","target":["https:\/\/www.laguiadepamplona.com\/actualidad\/el-ayuntamiento-de-pamplona-ejecutara-un-carril-arbol-en-la-avenida-de-gipuzkoa-entre-las-calles-santa-lucia-y-santos-a-ochandategui\/"]}]},{"@type":"ImageObject","inLanguage":"es","@id":"https:\/\/www.laguiadepamplona.com\/actualidad\/el-ayuntamiento-de-pamplona-ejecutara-un-carril-arbol-en-la-avenida-de-gipuzkoa-entre-las-calles-santa-lucia-y-santos-a-ochandategui\/#primaryimage","url":"https:\/\/www.laguiadepamplona.com\/actualidad\/wp-content\/uploads\/2024\/11\/zona_verde_jardin_parque-copia.webp","contentUrl":"https:\/\/www.laguiadepamplona.com\/actualidad\/wp-content\/uploads\/2024\/11\/zona_verde_jardin_parque-copia.webp","width":1000,"height":665,"caption":"zona verde jard\u00edn parque"},{"@type":"BreadcrumbList","@id":"https:\/\/www.laguiadepamplona.com\/actualidad\/el-ayuntamiento-de-pamplona-ejecutara-un-carril-arbol-en-la-avenida-de-gipuzkoa-entre-las-calles-santa-lucia-y-santos-a-ochandategui\/#breadcrumb","itemListElement":[{"@type":"ListItem","position":1,"name":"Portada","item":"https:\/\/www.laguiadepamplona.com\/actualidad\/"},{"@type":"ListItem","position":2,"name":"El Ayuntamiento de Pamplona ejecutar\u00e1 un carril \u00e1rbol en la avenida de Gipuzkoa, entre las calles Santa Luc\u00eda y Santos A. Ochand\u00e1tegui"}]},{"@type":"WebSite","@id":"https:\/\/www.laguiadepamplona.com\/actualidad\/#website","url":"https:\/\/www.laguiadepamplona.com\/actualidad\/","name":"La gu\u00eda de Pamplona","description":"Noticias de Pamplona","publisher":{"@id":"https:\/\/www.laguiadepamplona.com\/actualidad\/#organization"},"potentialAction":[{"@type":"SearchAction","target":{"@type":"EntryPoint","urlTemplate":"https:\/\/www.laguiadepamplona.com\/actualidad\/?s={search_term_string}"},"query-input":{"@type":"PropertyValueSpecification","valueRequired":true,"valueName":"search_term_string"}}],"inLanguage":"es"},{"@type":"Organization","@id":"https:\/\/www.laguiadepamplona.com\/actualidad\/#organization","name":"La Gu\u00eda de Pamplona \/ Noticias","url":"https:\/\/www.laguiadepamplona.com\/actualidad\/","logo":{"@type":"ImageObject","inLanguage":"es","@id":"https:\/\/www.laguiadepamplona.com\/actualidad\/#\/schema\/logo\/image\/","url":"https:\/\/www.laguiadepamplona.com\/actualidad\/wp-content\/uploads\/2018\/11\/logo-laguiadepamplona18-web1.png","contentUrl":"https:\/\/www.laguiadepamplona.com\/actualidad\/wp-content\/uploads\/2018\/11\/logo-laguiadepamplona18-web1.png","width":600,"height":196,"caption":"La Gu\u00eda de Pamplona \/ Noticias"},"image":{"@id":"https:\/\/www.laguiadepamplona.com\/actualidad\/#\/schema\/logo\/image\/"},"sameAs":["https:\/\/www.facebook.com\/laguiadepamplonacom-133175176762273\/?ref=hl","https:\/\/x.com\/LaGuiadPamplona","https:\/\/www.instagram.com\/la_guia_de_pamplona\/","https:\/\/www.youtube.com\/user\/laguiadepamplona"]},{"@type":"Person","@id":"https:\/\/www.laguiadepamplona.com\/actualidad\/#\/schema\/person\/efe887376f0213d4657c93adc50b1fdb","name":"La Gu\u00eda de Pamplona","image":{"@type":"ImageObject","inLanguage":"es","@id":"https:\/\/secure.gravatar.com\/avatar\/b6992f131dc8d30ab0dff15446e9d346d9dbd95992de0fef795073f5ea83a81c?s=96&d=mm&r=g","url":"https:\/\/secure.gravatar.com\/avatar\/b6992f131dc8d30ab0dff15446e9d346d9dbd95992de0fef795073f5ea83a81c?s=96&d=mm&r=g","contentUrl":"https:\/\/secure.gravatar.com\/avatar\/b6992f131dc8d30ab0dff15446e9d346d9dbd95992de0fef795073f5ea83a81c?s=96&d=mm&r=g","caption":"La Gu\u00eda de Pamplona"}}]}},"post_mailing_queue_ids":[],"_links":{"self":[{"href":"https:\/\/www.laguiadepamplona.com\/actualidad\/wp-json\/wp\/v2\/posts\/51337","targetHints":{"allow":["GET"]}}],"collection":[{"href":"https:\/\/www.laguiadepamplona.com\/actualidad\/wp-json\/wp\/v2\/posts"}],"about":[{"href":"https:\/\/www.laguiadepamplona.com\/actualidad\/wp-json\/wp\/v2\/types\/post"}],"author":[{"embeddable":true,"href":"https:\/\/www.laguiadepamplona.com\/actualidad\/wp-json\/wp\/v2\/users\/1"}],"replies":[{"embeddable":true,"href":"https:\/\/www.laguiadepamplona.com\/actualidad\/wp-json\/wp\/v2\/comments?post=51337"}],"version-history":[{"count":1,"href":"https:\/\/www.laguiadepamplona.com\/actualidad\/wp-json\/wp\/v2\/posts\/51337\/revisions"}],"predecessor-version":[{"id":51339,"href":"https:\/\/www.laguiadepamplona.com\/actualidad\/wp-json\/wp\/v2\/posts\/51337\/revisions\/51339"}],"wp:featuredmedia":[{"embeddable":true,"href":"https:\/\/www.laguiadepamplona.com\/actualidad\/wp-json\/wp\/v2\/media\/51338"}],"wp:attachment":[{"href":"https:\/\/www.laguiadepamplona.com\/actualidad\/wp-json\/wp\/v2\/media?parent=51337"}],"wp:term":[{"taxonomy":"category","embeddable":true,"href":"https:\/\/www.laguiadepamplona.com\/actualidad\/wp-json\/wp\/v2\/categories?post=51337"},{"taxonomy":"post_tag","embeddable":true,"href":"https:\/\/www.laguiadepamplona.com\/actualidad\/wp-json\/wp\/v2\/tags?post=51337"}],"curies":[{"name":"wp","href":"https:\/\/api.w.org\/{rel}","templated":true}]}}