{"id":51334,"date":"2024-11-15T19:03:17","date_gmt":"2024-11-15T17:03:17","guid":{"rendered":"https:\/\/www.laguiadepamplona.com\/actualidad\/?p=51334"},"modified":"2024-11-15T19:03:17","modified_gmt":"2024-11-15T17:03:17","slug":"el-festival-de-cultura-contemporanea-en-euskera-irunaldia-comienza-este-lunes-con-la-participacion-de-una-veintena-de-creadores-y-creadoras","status":"publish","type":"post","link":"https:\/\/www.laguiadepamplona.com\/actualidad\/el-festival-de-cultura-contemporanea-en-euskera-irunaldia-comienza-este-lunes-con-la-participacion-de-una-veintena-de-creadores-y-creadoras\/","title":{"rendered":"El festival de cultura contempor\u00e1nea en euskera, Iru\u00f1aldia, comienza este lunes con la participaci\u00f3n de una veintena de creadores y creadoras"},"content":{"rendered":"<h2>Todas las actividades, incluidas las que tienen entrada libre, requieren de inscripci\u00f3n previa en <a href=\"http:\/\/www.loraldia.eus\/plaza\/irunaldia\/\" target=\"_blank\" rel=\"noopener\">http:\/\/www.loraldia.eus\/plaza\/irunaldia\/<\/a><\/h2>\n<p><!--more--><\/p>\n<p>Una veintena de creadores y creadores mostrar\u00e1n su talento en nueve espacios de la ciudad para revelar por d\u00f3nde se mueve la cultura contempor\u00e1nea en euskera, en \u00e1mbitos como la m\u00fasica, la literatura, la danza, el teatro, los bertsos, las performances o la gastronom\u00eda. Del 18 al 23 de noviembre, tendr\u00e1 lugar el festival Iru\u00f1aldia, organizado por Loraldia y el Ayuntamiento de Pamplona, con diez actividades, algunas de pago y otras con entrada libre, que requerir\u00e1n en todos los casos de retirada de entradas, en <a href=\"https:\/\/www.loraldia.eus\/plaza\/irunaldia\/\" target=\"_blank\" rel=\"noopener\">https:\/\/www.loraldia.eus\/plaza\/irunaldia\/<\/a>. Toda la informaci\u00f3n se puede consultar tambi\u00e9n en <a href=\"http:\/\/www.pamplonaescultura.es\" target=\"_blank\" rel=\"noopener\">www.pamplonaescultura.es<\/a>.<\/p>\n<p>El festival comenzar\u00e1 el lunes con dos actuaciones especiales. Los artistas Petti Bera y Ana Galarraga presentar\u00e1n, de la mano de Elkar, el disco-libro \u2018Frankestein agurgarria\u2019. A continuaci\u00f3n, la Plaza Consistorial acoger\u00e1 el acto inaugural de Iru\u00f1aldia, con la actuaci\u00f3n conjunta de Duguna Iru\u00f1eko Dantzariak y Broken Brothers Brass Band, m\u00e1s los bertsolaris Sustrai Colina y Sarai Robles.<\/p>\n<p>La Compa\u00f1\u00eda Joven de Pabell\u00f3n 6 de Bilbao ofrecer\u00e1 el martes 19 de noviembre la obra \u2018Egun zoragarriak\u2019 en el Teatro Gayarre, en la versi\u00f3n en euskera de Patxo Telleria sobre el texto del escritor navarro Alfredo Sanzol. Esta comedia gamberra y sentimental reflexiona, a trav\u00e9s de breves escenas y a modo de puzzle emocional salpicado de humor, sobre la amistad, las relaciones personales y las fantas\u00edas que proyectamos fuera de la rutina de la vida cotidiana. El mi\u00e9rcoles 20 de noviembre se presentar\u00e1 en Karrikiri el libro \u2018Itzulpena (Traducci\u00f3n)\u2019, de \u00c1ngel Erro, en un acto junto al concierto ac\u00fastico de Petti. Esa tarde se combinar\u00e1 la poes\u00eda y el juego ling\u00fc\u00edstico que propone Erro en su libro con el pensamiento, la melod\u00eda y la inspiraci\u00f3n po\u00e9tica de las canciones de Petti.<\/p>\n<p>El jueves 21 de noviembre la escritora Mar\u00eda Os\u00e9s y la cantante Idoia Asurmendi presentan en Laba \u2018Munstroen bila: ohe azpian aurkitutakoak\u201d. Durante estos a\u00f1os, han creado varias canciones juntas, que han retomado, revisado y reinventado, tirando del di\u00e1logo entre la palabra y la m\u00fasica. Por la tarde, Maialen Lujanbio a\u00fana bertsolarismo, palabra y audiovisuales en su propuesta performativa \u201cRR\u201d en Katakrak. El viernes 22 de noviembre Iru\u00f1aldia llega al Palacio del Condestable con el concierto que ofrecer\u00e1n Nerea Erbiti, Lide Hernando y Maialen Errotabehere, bajo el t\u00edtulo de \u2018Bozak\u2019. Se trata de una producci\u00f3n propia de Loraldia creada especialmente para el festival que a\u00fana la m\u00fasica de tres mujeres con tres estilos totalmente distintos.<\/p>\n<p>El festival se despide el s\u00e1bado 23 de noviembre con tres propuestas diferentes. En Zaldiko Maldiko (calle Ansoleaga 9), se ha programado una cata gratuita de vinos y m\u00fasica, con la bodega Baztango Xurie upategia y el m\u00fasico Mikel Inun. Ya por la tarde, la Plaza Consistorial acoge la coreograf\u00eda \u2018Gelajauziak\u2019, con la compa\u00f1\u00eda de danza Kukai. Finalmente, en la Escuela Navarra de Teatro se representar\u00e1 \u2018Ai, gure juaneteak\u2019, una obra de Patxo Telleria, con la participaci\u00f3n de Adri\u00e1n Garc\u00eda de los Ojos y Maider L\u00f3pez, que combina musica y palabras, basada en canciones de Mikel Laboa.<\/p>\n","protected":false},"excerpt":{"rendered":"<p>Todas las actividades, incluidas las que tienen entrada libre, requieren de inscripci\u00f3n previa en http:\/\/www.loraldia.eus\/plaza\/irunaldia\/<\/p>\n","protected":false},"author":1,"featured_media":51335,"comment_status":"open","ping_status":"closed","sticky":false,"template":"","format":"standard","meta":{"footnotes":""},"categories":[2],"tags":[],"class_list":["post-51334","post","type-post","status-publish","format-standard","has-post-thumbnail","hentry","category-ayuntamiento-pamplona"],"yoast_head":"<!-- This site is optimized with the Yoast SEO plugin v27.3 - https:\/\/yoast.com\/product\/yoast-seo-wordpress\/ -->\n<title>El festival de cultura contempor\u00e1nea en euskera, Iru\u00f1aldia, comienza este lunes con la participaci\u00f3n de una veintena de creadores y creadoras<\/title>\n<meta name=\"description\" content=\"Todas las actividades, incluidas las que tienen entrada libre, requieren de inscripci\u00f3n previa en http:\/\/www.loraldia.eus\/plaza\/irunaldia\/\" \/>\n<meta name=\"robots\" content=\"index, follow, max-snippet:-1, max-image-preview:large, max-video-preview:-1\" \/>\n<link rel=\"canonical\" href=\"https:\/\/www.laguiadepamplona.com\/actualidad\/el-festival-de-cultura-contemporanea-en-euskera-irunaldia-comienza-este-lunes-con-la-participacion-de-una-veintena-de-creadores-y-creadoras\/\" \/>\n<meta property=\"og:locale\" content=\"es_ES\" \/>\n<meta property=\"og:type\" content=\"article\" \/>\n<meta property=\"og:title\" content=\"El festival de cultura contempor\u00e1nea en euskera, Iru\u00f1aldia, comienza este lunes con la participaci\u00f3n de una veintena de creadores y creadoras\" \/>\n<meta property=\"og:description\" content=\"Todas las actividades, incluidas las que tienen entrada libre, requieren de inscripci\u00f3n previa en http:\/\/www.loraldia.eus\/plaza\/irunaldia\/\" \/>\n<meta property=\"og:url\" content=\"https:\/\/www.laguiadepamplona.com\/actualidad\/el-festival-de-cultura-contemporanea-en-euskera-irunaldia-comienza-este-lunes-con-la-participacion-de-una-veintena-de-creadores-y-creadoras\/\" \/>\n<meta property=\"og:site_name\" content=\"La Gu\u00eda de Pamplona\" \/>\n<meta property=\"article:publisher\" content=\"https:\/\/www.facebook.com\/laguiadepamplonacom-133175176762273\/?ref=hl\" \/>\n<meta property=\"article:published_time\" content=\"2024-11-15T17:03:17+00:00\" \/>\n<meta property=\"og:image\" content=\"https:\/\/www.laguiadepamplona.com\/actualidad\/wp-content\/uploads\/2024\/11\/Loraldia-HORIZONTAL-1-870x480_0.webp\" \/>\n\t<meta property=\"og:image:width\" content=\"870\" \/>\n\t<meta property=\"og:image:height\" content=\"480\" \/>\n\t<meta property=\"og:image:type\" content=\"image\/webp\" \/>\n<meta name=\"author\" content=\"La Gu\u00eda de Pamplona\" \/>\n<meta name=\"twitter:card\" content=\"summary_large_image\" \/>\n<meta name=\"twitter:creator\" content=\"@LaGuiadPamplona\" \/>\n<meta name=\"twitter:site\" content=\"@LaGuiadPamplona\" \/>\n<meta name=\"twitter:label1\" content=\"Escrito por\" \/>\n\t<meta name=\"twitter:data1\" content=\"La Gu\u00eda de Pamplona\" \/>\n\t<meta name=\"twitter:label2\" content=\"Tiempo de lectura\" \/>\n\t<meta name=\"twitter:data2\" content=\"3 minutos\" \/>\n<script type=\"application\/ld+json\" class=\"yoast-schema-graph\">{\"@context\":\"https:\\\/\\\/schema.org\",\"@graph\":[{\"@type\":\"Article\",\"@id\":\"https:\\\/\\\/www.laguiadepamplona.com\\\/actualidad\\\/el-festival-de-cultura-contemporanea-en-euskera-irunaldia-comienza-este-lunes-con-la-participacion-de-una-veintena-de-creadores-y-creadoras\\\/#article\",\"isPartOf\":{\"@id\":\"https:\\\/\\\/www.laguiadepamplona.com\\\/actualidad\\\/el-festival-de-cultura-contemporanea-en-euskera-irunaldia-comienza-este-lunes-con-la-participacion-de-una-veintena-de-creadores-y-creadoras\\\/\"},\"author\":{\"name\":\"La Gu\u00eda de Pamplona\",\"@id\":\"https:\\\/\\\/www.laguiadepamplona.com\\\/actualidad\\\/#\\\/schema\\\/person\\\/efe887376f0213d4657c93adc50b1fdb\"},\"headline\":\"El festival de cultura contempor\u00e1nea en euskera, Iru\u00f1aldia, comienza este lunes con la participaci\u00f3n de una veintena de creadores y creadoras\",\"datePublished\":\"2024-11-15T17:03:17+00:00\",\"mainEntityOfPage\":{\"@id\":\"https:\\\/\\\/www.laguiadepamplona.com\\\/actualidad\\\/el-festival-de-cultura-contemporanea-en-euskera-irunaldia-comienza-este-lunes-con-la-participacion-de-una-veintena-de-creadores-y-creadoras\\\/\"},\"wordCount\":589,\"commentCount\":0,\"publisher\":{\"@id\":\"https:\\\/\\\/www.laguiadepamplona.com\\\/actualidad\\\/#organization\"},\"image\":{\"@id\":\"https:\\\/\\\/www.laguiadepamplona.com\\\/actualidad\\\/el-festival-de-cultura-contemporanea-en-euskera-irunaldia-comienza-este-lunes-con-la-participacion-de-una-veintena-de-creadores-y-creadoras\\\/#primaryimage\"},\"thumbnailUrl\":\"https:\\\/\\\/www.laguiadepamplona.com\\\/actualidad\\\/wp-content\\\/uploads\\\/2024\\\/11\\\/Loraldia-HORIZONTAL-1-870x480_0.webp\",\"articleSection\":[\"Ayto Pamplona\"],\"inLanguage\":\"es\",\"potentialAction\":[{\"@type\":\"CommentAction\",\"name\":\"Comment\",\"target\":[\"https:\\\/\\\/www.laguiadepamplona.com\\\/actualidad\\\/el-festival-de-cultura-contemporanea-en-euskera-irunaldia-comienza-este-lunes-con-la-participacion-de-una-veintena-de-creadores-y-creadoras\\\/#respond\"]}]},{\"@type\":\"WebPage\",\"@id\":\"https:\\\/\\\/www.laguiadepamplona.com\\\/actualidad\\\/el-festival-de-cultura-contemporanea-en-euskera-irunaldia-comienza-este-lunes-con-la-participacion-de-una-veintena-de-creadores-y-creadoras\\\/\",\"url\":\"https:\\\/\\\/www.laguiadepamplona.com\\\/actualidad\\\/el-festival-de-cultura-contemporanea-en-euskera-irunaldia-comienza-este-lunes-con-la-participacion-de-una-veintena-de-creadores-y-creadoras\\\/\",\"name\":\"El festival de cultura contempor\u00e1nea en euskera, Iru\u00f1aldia, comienza este lunes con la participaci\u00f3n de una veintena de creadores y creadoras\",\"isPartOf\":{\"@id\":\"https:\\\/\\\/www.laguiadepamplona.com\\\/actualidad\\\/#website\"},\"primaryImageOfPage\":{\"@id\":\"https:\\\/\\\/www.laguiadepamplona.com\\\/actualidad\\\/el-festival-de-cultura-contemporanea-en-euskera-irunaldia-comienza-este-lunes-con-la-participacion-de-una-veintena-de-creadores-y-creadoras\\\/#primaryimage\"},\"image\":{\"@id\":\"https:\\\/\\\/www.laguiadepamplona.com\\\/actualidad\\\/el-festival-de-cultura-contemporanea-en-euskera-irunaldia-comienza-este-lunes-con-la-participacion-de-una-veintena-de-creadores-y-creadoras\\\/#primaryimage\"},\"thumbnailUrl\":\"https:\\\/\\\/www.laguiadepamplona.com\\\/actualidad\\\/wp-content\\\/uploads\\\/2024\\\/11\\\/Loraldia-HORIZONTAL-1-870x480_0.webp\",\"datePublished\":\"2024-11-15T17:03:17+00:00\",\"description\":\"Todas las actividades, incluidas las que tienen entrada libre, requieren de inscripci\u00f3n previa en http:\\\/\\\/www.loraldia.eus\\\/plaza\\\/irunaldia\\\/\",\"breadcrumb\":{\"@id\":\"https:\\\/\\\/www.laguiadepamplona.com\\\/actualidad\\\/el-festival-de-cultura-contemporanea-en-euskera-irunaldia-comienza-este-lunes-con-la-participacion-de-una-veintena-de-creadores-y-creadoras\\\/#breadcrumb\"},\"inLanguage\":\"es\",\"potentialAction\":[{\"@type\":\"ReadAction\",\"target\":[\"https:\\\/\\\/www.laguiadepamplona.com\\\/actualidad\\\/el-festival-de-cultura-contemporanea-en-euskera-irunaldia-comienza-este-lunes-con-la-participacion-de-una-veintena-de-creadores-y-creadoras\\\/\"]}]},{\"@type\":\"ImageObject\",\"inLanguage\":\"es\",\"@id\":\"https:\\\/\\\/www.laguiadepamplona.com\\\/actualidad\\\/el-festival-de-cultura-contemporanea-en-euskera-irunaldia-comienza-este-lunes-con-la-participacion-de-una-veintena-de-creadores-y-creadoras\\\/#primaryimage\",\"url\":\"https:\\\/\\\/www.laguiadepamplona.com\\\/actualidad\\\/wp-content\\\/uploads\\\/2024\\\/11\\\/Loraldia-HORIZONTAL-1-870x480_0.webp\",\"contentUrl\":\"https:\\\/\\\/www.laguiadepamplona.com\\\/actualidad\\\/wp-content\\\/uploads\\\/2024\\\/11\\\/Loraldia-HORIZONTAL-1-870x480_0.webp\",\"width\":870,\"height\":480,\"caption\":\"Loraldia\"},{\"@type\":\"BreadcrumbList\",\"@id\":\"https:\\\/\\\/www.laguiadepamplona.com\\\/actualidad\\\/el-festival-de-cultura-contemporanea-en-euskera-irunaldia-comienza-este-lunes-con-la-participacion-de-una-veintena-de-creadores-y-creadoras\\\/#breadcrumb\",\"itemListElement\":[{\"@type\":\"ListItem\",\"position\":1,\"name\":\"Portada\",\"item\":\"https:\\\/\\\/www.laguiadepamplona.com\\\/actualidad\\\/\"},{\"@type\":\"ListItem\",\"position\":2,\"name\":\"El festival de cultura contempor\u00e1nea en euskera, Iru\u00f1aldia, comienza este lunes con la participaci\u00f3n de una veintena de creadores y creadoras\"}]},{\"@type\":\"WebSite\",\"@id\":\"https:\\\/\\\/www.laguiadepamplona.com\\\/actualidad\\\/#website\",\"url\":\"https:\\\/\\\/www.laguiadepamplona.com\\\/actualidad\\\/\",\"name\":\"La gu\u00eda de Pamplona\",\"description\":\"Noticias de Pamplona\",\"publisher\":{\"@id\":\"https:\\\/\\\/www.laguiadepamplona.com\\\/actualidad\\\/#organization\"},\"potentialAction\":[{\"@type\":\"SearchAction\",\"target\":{\"@type\":\"EntryPoint\",\"urlTemplate\":\"https:\\\/\\\/www.laguiadepamplona.com\\\/actualidad\\\/?s={search_term_string}\"},\"query-input\":{\"@type\":\"PropertyValueSpecification\",\"valueRequired\":true,\"valueName\":\"search_term_string\"}}],\"inLanguage\":\"es\"},{\"@type\":\"Organization\",\"@id\":\"https:\\\/\\\/www.laguiadepamplona.com\\\/actualidad\\\/#organization\",\"name\":\"La Gu\u00eda de Pamplona \\\/ Noticias\",\"url\":\"https:\\\/\\\/www.laguiadepamplona.com\\\/actualidad\\\/\",\"logo\":{\"@type\":\"ImageObject\",\"inLanguage\":\"es\",\"@id\":\"https:\\\/\\\/www.laguiadepamplona.com\\\/actualidad\\\/#\\\/schema\\\/logo\\\/image\\\/\",\"url\":\"https:\\\/\\\/www.laguiadepamplona.com\\\/actualidad\\\/wp-content\\\/uploads\\\/2018\\\/11\\\/logo-laguiadepamplona18-web1.png\",\"contentUrl\":\"https:\\\/\\\/www.laguiadepamplona.com\\\/actualidad\\\/wp-content\\\/uploads\\\/2018\\\/11\\\/logo-laguiadepamplona18-web1.png\",\"width\":600,\"height\":196,\"caption\":\"La Gu\u00eda de Pamplona \\\/ Noticias\"},\"image\":{\"@id\":\"https:\\\/\\\/www.laguiadepamplona.com\\\/actualidad\\\/#\\\/schema\\\/logo\\\/image\\\/\"},\"sameAs\":[\"https:\\\/\\\/www.facebook.com\\\/laguiadepamplonacom-133175176762273\\\/?ref=hl\",\"https:\\\/\\\/x.com\\\/LaGuiadPamplona\",\"https:\\\/\\\/www.instagram.com\\\/la_guia_de_pamplona\\\/\",\"https:\\\/\\\/www.youtube.com\\\/user\\\/laguiadepamplona\"]},{\"@type\":\"Person\",\"@id\":\"https:\\\/\\\/www.laguiadepamplona.com\\\/actualidad\\\/#\\\/schema\\\/person\\\/efe887376f0213d4657c93adc50b1fdb\",\"name\":\"La Gu\u00eda de Pamplona\",\"image\":{\"@type\":\"ImageObject\",\"inLanguage\":\"es\",\"@id\":\"https:\\\/\\\/secure.gravatar.com\\\/avatar\\\/b6992f131dc8d30ab0dff15446e9d346d9dbd95992de0fef795073f5ea83a81c?s=96&d=mm&r=g\",\"url\":\"https:\\\/\\\/secure.gravatar.com\\\/avatar\\\/b6992f131dc8d30ab0dff15446e9d346d9dbd95992de0fef795073f5ea83a81c?s=96&d=mm&r=g\",\"contentUrl\":\"https:\\\/\\\/secure.gravatar.com\\\/avatar\\\/b6992f131dc8d30ab0dff15446e9d346d9dbd95992de0fef795073f5ea83a81c?s=96&d=mm&r=g\",\"caption\":\"La Gu\u00eda de Pamplona\"}}]}<\/script>\n<!-- \/ Yoast SEO plugin. -->","yoast_head_json":{"title":"El festival de cultura contempor\u00e1nea en euskera, Iru\u00f1aldia, comienza este lunes con la participaci\u00f3n de una veintena de creadores y creadoras","description":"Todas las actividades, incluidas las que tienen entrada libre, requieren de inscripci\u00f3n previa en http:\/\/www.loraldia.eus\/plaza\/irunaldia\/","robots":{"index":"index","follow":"follow","max-snippet":"max-snippet:-1","max-image-preview":"max-image-preview:large","max-video-preview":"max-video-preview:-1"},"canonical":"https:\/\/www.laguiadepamplona.com\/actualidad\/el-festival-de-cultura-contemporanea-en-euskera-irunaldia-comienza-este-lunes-con-la-participacion-de-una-veintena-de-creadores-y-creadoras\/","og_locale":"es_ES","og_type":"article","og_title":"El festival de cultura contempor\u00e1nea en euskera, Iru\u00f1aldia, comienza este lunes con la participaci\u00f3n de una veintena de creadores y creadoras","og_description":"Todas las actividades, incluidas las que tienen entrada libre, requieren de inscripci\u00f3n previa en http:\/\/www.loraldia.eus\/plaza\/irunaldia\/","og_url":"https:\/\/www.laguiadepamplona.com\/actualidad\/el-festival-de-cultura-contemporanea-en-euskera-irunaldia-comienza-este-lunes-con-la-participacion-de-una-veintena-de-creadores-y-creadoras\/","og_site_name":"La Gu\u00eda de Pamplona","article_publisher":"https:\/\/www.facebook.com\/laguiadepamplonacom-133175176762273\/?ref=hl","article_published_time":"2024-11-15T17:03:17+00:00","og_image":[{"width":870,"height":480,"url":"https:\/\/www.laguiadepamplona.com\/actualidad\/wp-content\/uploads\/2024\/11\/Loraldia-HORIZONTAL-1-870x480_0.webp","type":"image\/webp"}],"author":"La Gu\u00eda de Pamplona","twitter_card":"summary_large_image","twitter_creator":"@LaGuiadPamplona","twitter_site":"@LaGuiadPamplona","twitter_misc":{"Escrito por":"La Gu\u00eda de Pamplona","Tiempo de lectura":"3 minutos"},"schema":{"@context":"https:\/\/schema.org","@graph":[{"@type":"Article","@id":"https:\/\/www.laguiadepamplona.com\/actualidad\/el-festival-de-cultura-contemporanea-en-euskera-irunaldia-comienza-este-lunes-con-la-participacion-de-una-veintena-de-creadores-y-creadoras\/#article","isPartOf":{"@id":"https:\/\/www.laguiadepamplona.com\/actualidad\/el-festival-de-cultura-contemporanea-en-euskera-irunaldia-comienza-este-lunes-con-la-participacion-de-una-veintena-de-creadores-y-creadoras\/"},"author":{"name":"La Gu\u00eda de Pamplona","@id":"https:\/\/www.laguiadepamplona.com\/actualidad\/#\/schema\/person\/efe887376f0213d4657c93adc50b1fdb"},"headline":"El festival de cultura contempor\u00e1nea en euskera, Iru\u00f1aldia, comienza este lunes con la participaci\u00f3n de una veintena de creadores y creadoras","datePublished":"2024-11-15T17:03:17+00:00","mainEntityOfPage":{"@id":"https:\/\/www.laguiadepamplona.com\/actualidad\/el-festival-de-cultura-contemporanea-en-euskera-irunaldia-comienza-este-lunes-con-la-participacion-de-una-veintena-de-creadores-y-creadoras\/"},"wordCount":589,"commentCount":0,"publisher":{"@id":"https:\/\/www.laguiadepamplona.com\/actualidad\/#organization"},"image":{"@id":"https:\/\/www.laguiadepamplona.com\/actualidad\/el-festival-de-cultura-contemporanea-en-euskera-irunaldia-comienza-este-lunes-con-la-participacion-de-una-veintena-de-creadores-y-creadoras\/#primaryimage"},"thumbnailUrl":"https:\/\/www.laguiadepamplona.com\/actualidad\/wp-content\/uploads\/2024\/11\/Loraldia-HORIZONTAL-1-870x480_0.webp","articleSection":["Ayto Pamplona"],"inLanguage":"es","potentialAction":[{"@type":"CommentAction","name":"Comment","target":["https:\/\/www.laguiadepamplona.com\/actualidad\/el-festival-de-cultura-contemporanea-en-euskera-irunaldia-comienza-este-lunes-con-la-participacion-de-una-veintena-de-creadores-y-creadoras\/#respond"]}]},{"@type":"WebPage","@id":"https:\/\/www.laguiadepamplona.com\/actualidad\/el-festival-de-cultura-contemporanea-en-euskera-irunaldia-comienza-este-lunes-con-la-participacion-de-una-veintena-de-creadores-y-creadoras\/","url":"https:\/\/www.laguiadepamplona.com\/actualidad\/el-festival-de-cultura-contemporanea-en-euskera-irunaldia-comienza-este-lunes-con-la-participacion-de-una-veintena-de-creadores-y-creadoras\/","name":"El festival de cultura contempor\u00e1nea en euskera, Iru\u00f1aldia, comienza este lunes con la participaci\u00f3n de una veintena de creadores y creadoras","isPartOf":{"@id":"https:\/\/www.laguiadepamplona.com\/actualidad\/#website"},"primaryImageOfPage":{"@id":"https:\/\/www.laguiadepamplona.com\/actualidad\/el-festival-de-cultura-contemporanea-en-euskera-irunaldia-comienza-este-lunes-con-la-participacion-de-una-veintena-de-creadores-y-creadoras\/#primaryimage"},"image":{"@id":"https:\/\/www.laguiadepamplona.com\/actualidad\/el-festival-de-cultura-contemporanea-en-euskera-irunaldia-comienza-este-lunes-con-la-participacion-de-una-veintena-de-creadores-y-creadoras\/#primaryimage"},"thumbnailUrl":"https:\/\/www.laguiadepamplona.com\/actualidad\/wp-content\/uploads\/2024\/11\/Loraldia-HORIZONTAL-1-870x480_0.webp","datePublished":"2024-11-15T17:03:17+00:00","description":"Todas las actividades, incluidas las que tienen entrada libre, requieren de inscripci\u00f3n previa en http:\/\/www.loraldia.eus\/plaza\/irunaldia\/","breadcrumb":{"@id":"https:\/\/www.laguiadepamplona.com\/actualidad\/el-festival-de-cultura-contemporanea-en-euskera-irunaldia-comienza-este-lunes-con-la-participacion-de-una-veintena-de-creadores-y-creadoras\/#breadcrumb"},"inLanguage":"es","potentialAction":[{"@type":"ReadAction","target":["https:\/\/www.laguiadepamplona.com\/actualidad\/el-festival-de-cultura-contemporanea-en-euskera-irunaldia-comienza-este-lunes-con-la-participacion-de-una-veintena-de-creadores-y-creadoras\/"]}]},{"@type":"ImageObject","inLanguage":"es","@id":"https:\/\/www.laguiadepamplona.com\/actualidad\/el-festival-de-cultura-contemporanea-en-euskera-irunaldia-comienza-este-lunes-con-la-participacion-de-una-veintena-de-creadores-y-creadoras\/#primaryimage","url":"https:\/\/www.laguiadepamplona.com\/actualidad\/wp-content\/uploads\/2024\/11\/Loraldia-HORIZONTAL-1-870x480_0.webp","contentUrl":"https:\/\/www.laguiadepamplona.com\/actualidad\/wp-content\/uploads\/2024\/11\/Loraldia-HORIZONTAL-1-870x480_0.webp","width":870,"height":480,"caption":"Loraldia"},{"@type":"BreadcrumbList","@id":"https:\/\/www.laguiadepamplona.com\/actualidad\/el-festival-de-cultura-contemporanea-en-euskera-irunaldia-comienza-este-lunes-con-la-participacion-de-una-veintena-de-creadores-y-creadoras\/#breadcrumb","itemListElement":[{"@type":"ListItem","position":1,"name":"Portada","item":"https:\/\/www.laguiadepamplona.com\/actualidad\/"},{"@type":"ListItem","position":2,"name":"El festival de cultura contempor\u00e1nea en euskera, Iru\u00f1aldia, comienza este lunes con la participaci\u00f3n de una veintena de creadores y creadoras"}]},{"@type":"WebSite","@id":"https:\/\/www.laguiadepamplona.com\/actualidad\/#website","url":"https:\/\/www.laguiadepamplona.com\/actualidad\/","name":"La gu\u00eda de Pamplona","description":"Noticias de Pamplona","publisher":{"@id":"https:\/\/www.laguiadepamplona.com\/actualidad\/#organization"},"potentialAction":[{"@type":"SearchAction","target":{"@type":"EntryPoint","urlTemplate":"https:\/\/www.laguiadepamplona.com\/actualidad\/?s={search_term_string}"},"query-input":{"@type":"PropertyValueSpecification","valueRequired":true,"valueName":"search_term_string"}}],"inLanguage":"es"},{"@type":"Organization","@id":"https:\/\/www.laguiadepamplona.com\/actualidad\/#organization","name":"La Gu\u00eda de Pamplona \/ Noticias","url":"https:\/\/www.laguiadepamplona.com\/actualidad\/","logo":{"@type":"ImageObject","inLanguage":"es","@id":"https:\/\/www.laguiadepamplona.com\/actualidad\/#\/schema\/logo\/image\/","url":"https:\/\/www.laguiadepamplona.com\/actualidad\/wp-content\/uploads\/2018\/11\/logo-laguiadepamplona18-web1.png","contentUrl":"https:\/\/www.laguiadepamplona.com\/actualidad\/wp-content\/uploads\/2018\/11\/logo-laguiadepamplona18-web1.png","width":600,"height":196,"caption":"La Gu\u00eda de Pamplona \/ Noticias"},"image":{"@id":"https:\/\/www.laguiadepamplona.com\/actualidad\/#\/schema\/logo\/image\/"},"sameAs":["https:\/\/www.facebook.com\/laguiadepamplonacom-133175176762273\/?ref=hl","https:\/\/x.com\/LaGuiadPamplona","https:\/\/www.instagram.com\/la_guia_de_pamplona\/","https:\/\/www.youtube.com\/user\/laguiadepamplona"]},{"@type":"Person","@id":"https:\/\/www.laguiadepamplona.com\/actualidad\/#\/schema\/person\/efe887376f0213d4657c93adc50b1fdb","name":"La Gu\u00eda de Pamplona","image":{"@type":"ImageObject","inLanguage":"es","@id":"https:\/\/secure.gravatar.com\/avatar\/b6992f131dc8d30ab0dff15446e9d346d9dbd95992de0fef795073f5ea83a81c?s=96&d=mm&r=g","url":"https:\/\/secure.gravatar.com\/avatar\/b6992f131dc8d30ab0dff15446e9d346d9dbd95992de0fef795073f5ea83a81c?s=96&d=mm&r=g","contentUrl":"https:\/\/secure.gravatar.com\/avatar\/b6992f131dc8d30ab0dff15446e9d346d9dbd95992de0fef795073f5ea83a81c?s=96&d=mm&r=g","caption":"La Gu\u00eda de Pamplona"}}]}},"post_mailing_queue_ids":[],"_links":{"self":[{"href":"https:\/\/www.laguiadepamplona.com\/actualidad\/wp-json\/wp\/v2\/posts\/51334","targetHints":{"allow":["GET"]}}],"collection":[{"href":"https:\/\/www.laguiadepamplona.com\/actualidad\/wp-json\/wp\/v2\/posts"}],"about":[{"href":"https:\/\/www.laguiadepamplona.com\/actualidad\/wp-json\/wp\/v2\/types\/post"}],"author":[{"embeddable":true,"href":"https:\/\/www.laguiadepamplona.com\/actualidad\/wp-json\/wp\/v2\/users\/1"}],"replies":[{"embeddable":true,"href":"https:\/\/www.laguiadepamplona.com\/actualidad\/wp-json\/wp\/v2\/comments?post=51334"}],"version-history":[{"count":1,"href":"https:\/\/www.laguiadepamplona.com\/actualidad\/wp-json\/wp\/v2\/posts\/51334\/revisions"}],"predecessor-version":[{"id":51336,"href":"https:\/\/www.laguiadepamplona.com\/actualidad\/wp-json\/wp\/v2\/posts\/51334\/revisions\/51336"}],"wp:featuredmedia":[{"embeddable":true,"href":"https:\/\/www.laguiadepamplona.com\/actualidad\/wp-json\/wp\/v2\/media\/51335"}],"wp:attachment":[{"href":"https:\/\/www.laguiadepamplona.com\/actualidad\/wp-json\/wp\/v2\/media?parent=51334"}],"wp:term":[{"taxonomy":"category","embeddable":true,"href":"https:\/\/www.laguiadepamplona.com\/actualidad\/wp-json\/wp\/v2\/categories?post=51334"},{"taxonomy":"post_tag","embeddable":true,"href":"https:\/\/www.laguiadepamplona.com\/actualidad\/wp-json\/wp\/v2\/tags?post=51334"}],"curies":[{"name":"wp","href":"https:\/\/api.w.org\/{rel}","templated":true}]}}