{"id":51331,"date":"2024-11-15T19:01:51","date_gmt":"2024-11-15T17:01:51","guid":{"rendered":"https:\/\/www.laguiadepamplona.com\/actualidad\/?p=51331"},"modified":"2024-11-15T19:01:51","modified_gmt":"2024-11-15T17:01:51","slug":"una-treintena-de-personas-voluntarias-plantaran-este-sabado-arboles-y-arbustos-en-el-bosque-olimpico-de-mendillorri","status":"publish","type":"post","link":"https:\/\/www.laguiadepamplona.com\/actualidad\/una-treintena-de-personas-voluntarias-plantaran-este-sabado-arboles-y-arbustos-en-el-bosque-olimpico-de-mendillorri\/","title":{"rendered":"Una treintena de personas voluntarias plantar\u00e1n este s\u00e1bado \u00e1rboles y arbustos en el Bosque Ol\u00edmpico de Mendillorri"},"content":{"rendered":"<h2>La siguiente y \u00faltima jornada para reponer ejemplares fallidos tendr\u00e1 lugar el 23 de noviembre y tienen abiertas las inscripciones en el 010<\/h2>\n<p><!--more--><\/p>\n<p>Ma\u00f1ana tendr\u00e1 lugar la primera jornada de voluntariado para reposici\u00f3n de ejemplares en el Bosque Ol\u00edmpico de Pamplona situado en la ladera que une Mendillorri y Lezkairu. El Ayuntamiento ha citado a las 10 horas, en la calle del Lago, intersecci\u00f3n calle de las Aguas 79, Mendillorri a las personas voluntarias que, de 10 a 12.30 horas, trabajar\u00e1n en el mantenimiento de este dep\u00f3sito natural de carbono que, adem\u00e1s, ayuda a la ciudad como medida compensatoria en el c\u00e1lculo de la huella de carbono.<\/p>\n<p>A ese acto acudir\u00e1n el concejal delegado del Gobierno Estrat\u00e9gico, Urbanismo, Vivienda y Agenda 2030, Joxe Abaurrea San Juan y la t\u00e9cnica municipal de Medio Ambiente, Marta Torres Gonz\u00e1lez. Esta l\u00ednea de trabajo persigue tambi\u00e9n conseguir el Objetivo de Desarrollo Sostenible (ODS) 13, Acci\u00f3n por el Clima, de Naciones Unidas (ONU). Adem\u00e1s, los bosques son, junto con las riberas de los r\u00edos, los de los espacios que m\u00e1s contribuyen a la mejora de indicadores de biodiversidad de la ciudad,<\/p>\n<p>El Consistorio, el Comit\u00e9 Ol\u00edmpico Espa\u00f1ol y la Federaci\u00f3n Espa\u00f1ola de Municipios y Provincias plantaron en noviembre del a\u00f1o pasado mil \u00e1rboles y arbustos aut\u00f3ctonos en laderas de Mendillorri. Entre otros, alberga robles, encinas, arces menores, almeces, pinos, cornejos, espinos o enebros. De esos ejemplares, 307 plantones son marras, es decir, brotes fallidos, en general por haberse secado en verano. La jornada de voluntariado de ma\u00f1ana y la del pr\u00f3ximo s\u00e1bado 23 de noviembre, quieren reponer esas plantas, a la vez que realizan un trabajo de sensibilizaci\u00f3n y educaci\u00f3n ambiental para la ciudadan\u00eda.<\/p>\n<p>Tras las explicaciones iniciales de c\u00f3mo proceder, est\u00e1 previsto que cada persona participante plante cuatro \u00e1rboles o arbustos. Se retirar\u00e1n la planta seca y los materiales de apoyo, se escardar\u00e1 la zona de alrededor, se abrir\u00e1 una hoya con la azada, se colocar\u00e1 la lana de oveja, el compost y la tierra en la hoya, se colocar\u00e1 el disco de lana en el cuello de la planta y se pondr\u00e1 el protector y el tutor. Si el proceso se completa con tiempo suficiente, con ayuda del personal t\u00e9cnico se escardar\u00e1 y se revisar\u00e1 el estado de otros \u00e1rboles y arbustos.<\/p>\n<p>Quienes participen en esta actividad, siempre mayores de 8 a\u00f1os, deber\u00e1n llevar guantes de trabajo, tijeras para cortar bridas, agua para beber y regar las plantas, ropa y calzado adecuados a la climatolog\u00eda y almuerzo. La organizaci\u00f3n aportar\u00e1 la planta para reponer y materiales necesarios como azadas, cubos, palas, compost o lana de oveja.<\/p>\n<p>Los bosques son dep\u00f3sitos de CO2 porque utilizan este componente atmosf\u00e9rico para construir sus estructuras gracias a la fotos\u00edntesis; adem\u00e1s, los bosques aportan otros beneficios dan sombra (efecto isla de calor), frutos y madera, mejoran la biodiversidad, son refugio y alimento para la fauna, limpian el aire, generan ox\u00edgeno, mejoran la experiencia de ciudad mediante un dise\u00f1o paisaj\u00edstico m\u00e1s amable, etc.<\/p>\n<p>Los bosques contribuyen a la estrategia municipal contra el cambio clim\u00e1tico y en favor del clima. Pamplona tiene, dentro del t\u00e9rmino municipal parcelas forestales de propiedad p\u00fablica, desde las consolidadas como las aut\u00f3ctonas del monte Ezkaba o los pinares de Mendebaldea, hasta las de nueva creaci\u00f3n como el Bosque Ol\u00edmpico de Mendillorri o el recientemente creado en el Pol\u00edgono de Agustinos.<\/p>\n<p>Habr\u00e1 una segunda jornada de plantaci\u00f3n el pr\u00f3ximo 23 de noviembre y las inscripciones para participar est\u00e1n abierta a trav\u00e9s del Tel\u00e9fono de Atenci\u00f3n Ciudadana 010 o 948 420100.<\/p>\n","protected":false},"excerpt":{"rendered":"<p>La siguiente y \u00faltima jornada para reponer ejemplares fallidos tendr\u00e1 lugar el 23 de noviembre y tienen abiertas las inscripciones en el 010<\/p>\n","protected":false},"author":1,"featured_media":51332,"comment_status":"open","ping_status":"closed","sticky":false,"template":"","format":"standard","meta":{"footnotes":""},"categories":[2],"tags":[],"class_list":["post-51331","post","type-post","status-publish","format-standard","has-post-thumbnail","hentry","category-ayuntamiento-pamplona"],"yoast_head":"<!-- This site is optimized with the Yoast SEO plugin v27.3 - https:\/\/yoast.com\/product\/yoast-seo-wordpress\/ -->\n<title>Una treintena de personas voluntarias plantar\u00e1n este s\u00e1bado \u00e1rboles y arbustos en el Bosque Ol\u00edmpico de Mendillorri<\/title>\n<meta name=\"description\" content=\"La siguiente y \u00faltima jornada para reponer ejemplares fallidos tendr\u00e1 lugar el 23 de noviembre y tienen abiertas las inscripciones en el 010\" \/>\n<meta name=\"robots\" content=\"index, follow, max-snippet:-1, max-image-preview:large, max-video-preview:-1\" \/>\n<link rel=\"canonical\" href=\"https:\/\/www.laguiadepamplona.com\/actualidad\/una-treintena-de-personas-voluntarias-plantaran-este-sabado-arboles-y-arbustos-en-el-bosque-olimpico-de-mendillorri\/\" \/>\n<meta property=\"og:locale\" content=\"es_ES\" \/>\n<meta property=\"og:type\" content=\"article\" \/>\n<meta property=\"og:title\" content=\"Una treintena de personas voluntarias plantar\u00e1n este s\u00e1bado \u00e1rboles y arbustos en el Bosque Ol\u00edmpico de Mendillorri\" \/>\n<meta property=\"og:description\" content=\"La siguiente y \u00faltima jornada para reponer ejemplares fallidos tendr\u00e1 lugar el 23 de noviembre y tienen abiertas las inscripciones en el 010\" \/>\n<meta property=\"og:url\" content=\"https:\/\/www.laguiadepamplona.com\/actualidad\/una-treintena-de-personas-voluntarias-plantaran-este-sabado-arboles-y-arbustos-en-el-bosque-olimpico-de-mendillorri\/\" \/>\n<meta property=\"og:site_name\" content=\"La Gu\u00eda de Pamplona\" \/>\n<meta property=\"article:publisher\" content=\"https:\/\/www.facebook.com\/laguiadepamplonacom-133175176762273\/?ref=hl\" \/>\n<meta property=\"article:published_time\" content=\"2024-11-15T17:01:51+00:00\" \/>\n<meta property=\"og:image\" content=\"https:\/\/www.laguiadepamplona.com\/actualidad\/wp-content\/uploads\/2024\/11\/plantacion_arboles_lezkairu.webp\" \/>\n\t<meta property=\"og:image:width\" content=\"1000\" \/>\n\t<meta property=\"og:image:height\" content=\"667\" \/>\n\t<meta property=\"og:image:type\" content=\"image\/webp\" \/>\n<meta name=\"author\" content=\"La Gu\u00eda de Pamplona\" \/>\n<meta name=\"twitter:card\" content=\"summary_large_image\" \/>\n<meta name=\"twitter:creator\" content=\"@LaGuiadPamplona\" \/>\n<meta name=\"twitter:site\" content=\"@LaGuiadPamplona\" \/>\n<meta name=\"twitter:label1\" content=\"Escrito por\" \/>\n\t<meta name=\"twitter:data1\" content=\"La Gu\u00eda de Pamplona\" \/>\n\t<meta name=\"twitter:label2\" content=\"Tiempo de lectura\" \/>\n\t<meta name=\"twitter:data2\" content=\"3 minutos\" \/>\n<script type=\"application\/ld+json\" class=\"yoast-schema-graph\">{\"@context\":\"https:\\\/\\\/schema.org\",\"@graph\":[{\"@type\":\"Article\",\"@id\":\"https:\\\/\\\/www.laguiadepamplona.com\\\/actualidad\\\/una-treintena-de-personas-voluntarias-plantaran-este-sabado-arboles-y-arbustos-en-el-bosque-olimpico-de-mendillorri\\\/#article\",\"isPartOf\":{\"@id\":\"https:\\\/\\\/www.laguiadepamplona.com\\\/actualidad\\\/una-treintena-de-personas-voluntarias-plantaran-este-sabado-arboles-y-arbustos-en-el-bosque-olimpico-de-mendillorri\\\/\"},\"author\":{\"name\":\"La Gu\u00eda de Pamplona\",\"@id\":\"https:\\\/\\\/www.laguiadepamplona.com\\\/actualidad\\\/#\\\/schema\\\/person\\\/efe887376f0213d4657c93adc50b1fdb\"},\"headline\":\"Una treintena de personas voluntarias plantar\u00e1n este s\u00e1bado \u00e1rboles y arbustos en el Bosque Ol\u00edmpico de Mendillorri\",\"datePublished\":\"2024-11-15T17:01:51+00:00\",\"mainEntityOfPage\":{\"@id\":\"https:\\\/\\\/www.laguiadepamplona.com\\\/actualidad\\\/una-treintena-de-personas-voluntarias-plantaran-este-sabado-arboles-y-arbustos-en-el-bosque-olimpico-de-mendillorri\\\/\"},\"wordCount\":647,\"commentCount\":0,\"publisher\":{\"@id\":\"https:\\\/\\\/www.laguiadepamplona.com\\\/actualidad\\\/#organization\"},\"image\":{\"@id\":\"https:\\\/\\\/www.laguiadepamplona.com\\\/actualidad\\\/una-treintena-de-personas-voluntarias-plantaran-este-sabado-arboles-y-arbustos-en-el-bosque-olimpico-de-mendillorri\\\/#primaryimage\"},\"thumbnailUrl\":\"https:\\\/\\\/www.laguiadepamplona.com\\\/actualidad\\\/wp-content\\\/uploads\\\/2024\\\/11\\\/plantacion_arboles_lezkairu.webp\",\"articleSection\":[\"Ayto Pamplona\"],\"inLanguage\":\"es\",\"potentialAction\":[{\"@type\":\"CommentAction\",\"name\":\"Comment\",\"target\":[\"https:\\\/\\\/www.laguiadepamplona.com\\\/actualidad\\\/una-treintena-de-personas-voluntarias-plantaran-este-sabado-arboles-y-arbustos-en-el-bosque-olimpico-de-mendillorri\\\/#respond\"]}]},{\"@type\":\"WebPage\",\"@id\":\"https:\\\/\\\/www.laguiadepamplona.com\\\/actualidad\\\/una-treintena-de-personas-voluntarias-plantaran-este-sabado-arboles-y-arbustos-en-el-bosque-olimpico-de-mendillorri\\\/\",\"url\":\"https:\\\/\\\/www.laguiadepamplona.com\\\/actualidad\\\/una-treintena-de-personas-voluntarias-plantaran-este-sabado-arboles-y-arbustos-en-el-bosque-olimpico-de-mendillorri\\\/\",\"name\":\"Una treintena de personas voluntarias plantar\u00e1n este s\u00e1bado \u00e1rboles y arbustos en el Bosque Ol\u00edmpico de Mendillorri\",\"isPartOf\":{\"@id\":\"https:\\\/\\\/www.laguiadepamplona.com\\\/actualidad\\\/#website\"},\"primaryImageOfPage\":{\"@id\":\"https:\\\/\\\/www.laguiadepamplona.com\\\/actualidad\\\/una-treintena-de-personas-voluntarias-plantaran-este-sabado-arboles-y-arbustos-en-el-bosque-olimpico-de-mendillorri\\\/#primaryimage\"},\"image\":{\"@id\":\"https:\\\/\\\/www.laguiadepamplona.com\\\/actualidad\\\/una-treintena-de-personas-voluntarias-plantaran-este-sabado-arboles-y-arbustos-en-el-bosque-olimpico-de-mendillorri\\\/#primaryimage\"},\"thumbnailUrl\":\"https:\\\/\\\/www.laguiadepamplona.com\\\/actualidad\\\/wp-content\\\/uploads\\\/2024\\\/11\\\/plantacion_arboles_lezkairu.webp\",\"datePublished\":\"2024-11-15T17:01:51+00:00\",\"description\":\"La siguiente y \u00faltima jornada para reponer ejemplares fallidos tendr\u00e1 lugar el 23 de noviembre y tienen abiertas las inscripciones en el 010\",\"breadcrumb\":{\"@id\":\"https:\\\/\\\/www.laguiadepamplona.com\\\/actualidad\\\/una-treintena-de-personas-voluntarias-plantaran-este-sabado-arboles-y-arbustos-en-el-bosque-olimpico-de-mendillorri\\\/#breadcrumb\"},\"inLanguage\":\"es\",\"potentialAction\":[{\"@type\":\"ReadAction\",\"target\":[\"https:\\\/\\\/www.laguiadepamplona.com\\\/actualidad\\\/una-treintena-de-personas-voluntarias-plantaran-este-sabado-arboles-y-arbustos-en-el-bosque-olimpico-de-mendillorri\\\/\"]}]},{\"@type\":\"ImageObject\",\"inLanguage\":\"es\",\"@id\":\"https:\\\/\\\/www.laguiadepamplona.com\\\/actualidad\\\/una-treintena-de-personas-voluntarias-plantaran-este-sabado-arboles-y-arbustos-en-el-bosque-olimpico-de-mendillorri\\\/#primaryimage\",\"url\":\"https:\\\/\\\/www.laguiadepamplona.com\\\/actualidad\\\/wp-content\\\/uploads\\\/2024\\\/11\\\/plantacion_arboles_lezkairu.webp\",\"contentUrl\":\"https:\\\/\\\/www.laguiadepamplona.com\\\/actualidad\\\/wp-content\\\/uploads\\\/2024\\\/11\\\/plantacion_arboles_lezkairu.webp\",\"width\":1000,\"height\":667,\"caption\":\"plantaci\u00f3n arboles lezkairu\"},{\"@type\":\"BreadcrumbList\",\"@id\":\"https:\\\/\\\/www.laguiadepamplona.com\\\/actualidad\\\/una-treintena-de-personas-voluntarias-plantaran-este-sabado-arboles-y-arbustos-en-el-bosque-olimpico-de-mendillorri\\\/#breadcrumb\",\"itemListElement\":[{\"@type\":\"ListItem\",\"position\":1,\"name\":\"Portada\",\"item\":\"https:\\\/\\\/www.laguiadepamplona.com\\\/actualidad\\\/\"},{\"@type\":\"ListItem\",\"position\":2,\"name\":\"Una treintena de personas voluntarias plantar\u00e1n este s\u00e1bado \u00e1rboles y arbustos en el Bosque Ol\u00edmpico de Mendillorri\"}]},{\"@type\":\"WebSite\",\"@id\":\"https:\\\/\\\/www.laguiadepamplona.com\\\/actualidad\\\/#website\",\"url\":\"https:\\\/\\\/www.laguiadepamplona.com\\\/actualidad\\\/\",\"name\":\"La gu\u00eda de Pamplona\",\"description\":\"Noticias de Pamplona\",\"publisher\":{\"@id\":\"https:\\\/\\\/www.laguiadepamplona.com\\\/actualidad\\\/#organization\"},\"potentialAction\":[{\"@type\":\"SearchAction\",\"target\":{\"@type\":\"EntryPoint\",\"urlTemplate\":\"https:\\\/\\\/www.laguiadepamplona.com\\\/actualidad\\\/?s={search_term_string}\"},\"query-input\":{\"@type\":\"PropertyValueSpecification\",\"valueRequired\":true,\"valueName\":\"search_term_string\"}}],\"inLanguage\":\"es\"},{\"@type\":\"Organization\",\"@id\":\"https:\\\/\\\/www.laguiadepamplona.com\\\/actualidad\\\/#organization\",\"name\":\"La Gu\u00eda de Pamplona \\\/ Noticias\",\"url\":\"https:\\\/\\\/www.laguiadepamplona.com\\\/actualidad\\\/\",\"logo\":{\"@type\":\"ImageObject\",\"inLanguage\":\"es\",\"@id\":\"https:\\\/\\\/www.laguiadepamplona.com\\\/actualidad\\\/#\\\/schema\\\/logo\\\/image\\\/\",\"url\":\"https:\\\/\\\/www.laguiadepamplona.com\\\/actualidad\\\/wp-content\\\/uploads\\\/2018\\\/11\\\/logo-laguiadepamplona18-web1.png\",\"contentUrl\":\"https:\\\/\\\/www.laguiadepamplona.com\\\/actualidad\\\/wp-content\\\/uploads\\\/2018\\\/11\\\/logo-laguiadepamplona18-web1.png\",\"width\":600,\"height\":196,\"caption\":\"La Gu\u00eda de Pamplona \\\/ Noticias\"},\"image\":{\"@id\":\"https:\\\/\\\/www.laguiadepamplona.com\\\/actualidad\\\/#\\\/schema\\\/logo\\\/image\\\/\"},\"sameAs\":[\"https:\\\/\\\/www.facebook.com\\\/laguiadepamplonacom-133175176762273\\\/?ref=hl\",\"https:\\\/\\\/x.com\\\/LaGuiadPamplona\",\"https:\\\/\\\/www.instagram.com\\\/la_guia_de_pamplona\\\/\",\"https:\\\/\\\/www.youtube.com\\\/user\\\/laguiadepamplona\"]},{\"@type\":\"Person\",\"@id\":\"https:\\\/\\\/www.laguiadepamplona.com\\\/actualidad\\\/#\\\/schema\\\/person\\\/efe887376f0213d4657c93adc50b1fdb\",\"name\":\"La Gu\u00eda de Pamplona\",\"image\":{\"@type\":\"ImageObject\",\"inLanguage\":\"es\",\"@id\":\"https:\\\/\\\/secure.gravatar.com\\\/avatar\\\/b6992f131dc8d30ab0dff15446e9d346d9dbd95992de0fef795073f5ea83a81c?s=96&d=mm&r=g\",\"url\":\"https:\\\/\\\/secure.gravatar.com\\\/avatar\\\/b6992f131dc8d30ab0dff15446e9d346d9dbd95992de0fef795073f5ea83a81c?s=96&d=mm&r=g\",\"contentUrl\":\"https:\\\/\\\/secure.gravatar.com\\\/avatar\\\/b6992f131dc8d30ab0dff15446e9d346d9dbd95992de0fef795073f5ea83a81c?s=96&d=mm&r=g\",\"caption\":\"La Gu\u00eda de Pamplona\"}}]}<\/script>\n<!-- \/ Yoast SEO plugin. -->","yoast_head_json":{"title":"Una treintena de personas voluntarias plantar\u00e1n este s\u00e1bado \u00e1rboles y arbustos en el Bosque Ol\u00edmpico de Mendillorri","description":"La siguiente y \u00faltima jornada para reponer ejemplares fallidos tendr\u00e1 lugar el 23 de noviembre y tienen abiertas las inscripciones en el 010","robots":{"index":"index","follow":"follow","max-snippet":"max-snippet:-1","max-image-preview":"max-image-preview:large","max-video-preview":"max-video-preview:-1"},"canonical":"https:\/\/www.laguiadepamplona.com\/actualidad\/una-treintena-de-personas-voluntarias-plantaran-este-sabado-arboles-y-arbustos-en-el-bosque-olimpico-de-mendillorri\/","og_locale":"es_ES","og_type":"article","og_title":"Una treintena de personas voluntarias plantar\u00e1n este s\u00e1bado \u00e1rboles y arbustos en el Bosque Ol\u00edmpico de Mendillorri","og_description":"La siguiente y \u00faltima jornada para reponer ejemplares fallidos tendr\u00e1 lugar el 23 de noviembre y tienen abiertas las inscripciones en el 010","og_url":"https:\/\/www.laguiadepamplona.com\/actualidad\/una-treintena-de-personas-voluntarias-plantaran-este-sabado-arboles-y-arbustos-en-el-bosque-olimpico-de-mendillorri\/","og_site_name":"La Gu\u00eda de Pamplona","article_publisher":"https:\/\/www.facebook.com\/laguiadepamplonacom-133175176762273\/?ref=hl","article_published_time":"2024-11-15T17:01:51+00:00","og_image":[{"width":1000,"height":667,"url":"https:\/\/www.laguiadepamplona.com\/actualidad\/wp-content\/uploads\/2024\/11\/plantacion_arboles_lezkairu.webp","type":"image\/webp"}],"author":"La Gu\u00eda de Pamplona","twitter_card":"summary_large_image","twitter_creator":"@LaGuiadPamplona","twitter_site":"@LaGuiadPamplona","twitter_misc":{"Escrito por":"La Gu\u00eda de Pamplona","Tiempo de lectura":"3 minutos"},"schema":{"@context":"https:\/\/schema.org","@graph":[{"@type":"Article","@id":"https:\/\/www.laguiadepamplona.com\/actualidad\/una-treintena-de-personas-voluntarias-plantaran-este-sabado-arboles-y-arbustos-en-el-bosque-olimpico-de-mendillorri\/#article","isPartOf":{"@id":"https:\/\/www.laguiadepamplona.com\/actualidad\/una-treintena-de-personas-voluntarias-plantaran-este-sabado-arboles-y-arbustos-en-el-bosque-olimpico-de-mendillorri\/"},"author":{"name":"La Gu\u00eda de Pamplona","@id":"https:\/\/www.laguiadepamplona.com\/actualidad\/#\/schema\/person\/efe887376f0213d4657c93adc50b1fdb"},"headline":"Una treintena de personas voluntarias plantar\u00e1n este s\u00e1bado \u00e1rboles y arbustos en el Bosque Ol\u00edmpico de Mendillorri","datePublished":"2024-11-15T17:01:51+00:00","mainEntityOfPage":{"@id":"https:\/\/www.laguiadepamplona.com\/actualidad\/una-treintena-de-personas-voluntarias-plantaran-este-sabado-arboles-y-arbustos-en-el-bosque-olimpico-de-mendillorri\/"},"wordCount":647,"commentCount":0,"publisher":{"@id":"https:\/\/www.laguiadepamplona.com\/actualidad\/#organization"},"image":{"@id":"https:\/\/www.laguiadepamplona.com\/actualidad\/una-treintena-de-personas-voluntarias-plantaran-este-sabado-arboles-y-arbustos-en-el-bosque-olimpico-de-mendillorri\/#primaryimage"},"thumbnailUrl":"https:\/\/www.laguiadepamplona.com\/actualidad\/wp-content\/uploads\/2024\/11\/plantacion_arboles_lezkairu.webp","articleSection":["Ayto Pamplona"],"inLanguage":"es","potentialAction":[{"@type":"CommentAction","name":"Comment","target":["https:\/\/www.laguiadepamplona.com\/actualidad\/una-treintena-de-personas-voluntarias-plantaran-este-sabado-arboles-y-arbustos-en-el-bosque-olimpico-de-mendillorri\/#respond"]}]},{"@type":"WebPage","@id":"https:\/\/www.laguiadepamplona.com\/actualidad\/una-treintena-de-personas-voluntarias-plantaran-este-sabado-arboles-y-arbustos-en-el-bosque-olimpico-de-mendillorri\/","url":"https:\/\/www.laguiadepamplona.com\/actualidad\/una-treintena-de-personas-voluntarias-plantaran-este-sabado-arboles-y-arbustos-en-el-bosque-olimpico-de-mendillorri\/","name":"Una treintena de personas voluntarias plantar\u00e1n este s\u00e1bado \u00e1rboles y arbustos en el Bosque Ol\u00edmpico de Mendillorri","isPartOf":{"@id":"https:\/\/www.laguiadepamplona.com\/actualidad\/#website"},"primaryImageOfPage":{"@id":"https:\/\/www.laguiadepamplona.com\/actualidad\/una-treintena-de-personas-voluntarias-plantaran-este-sabado-arboles-y-arbustos-en-el-bosque-olimpico-de-mendillorri\/#primaryimage"},"image":{"@id":"https:\/\/www.laguiadepamplona.com\/actualidad\/una-treintena-de-personas-voluntarias-plantaran-este-sabado-arboles-y-arbustos-en-el-bosque-olimpico-de-mendillorri\/#primaryimage"},"thumbnailUrl":"https:\/\/www.laguiadepamplona.com\/actualidad\/wp-content\/uploads\/2024\/11\/plantacion_arboles_lezkairu.webp","datePublished":"2024-11-15T17:01:51+00:00","description":"La siguiente y \u00faltima jornada para reponer ejemplares fallidos tendr\u00e1 lugar el 23 de noviembre y tienen abiertas las inscripciones en el 010","breadcrumb":{"@id":"https:\/\/www.laguiadepamplona.com\/actualidad\/una-treintena-de-personas-voluntarias-plantaran-este-sabado-arboles-y-arbustos-en-el-bosque-olimpico-de-mendillorri\/#breadcrumb"},"inLanguage":"es","potentialAction":[{"@type":"ReadAction","target":["https:\/\/www.laguiadepamplona.com\/actualidad\/una-treintena-de-personas-voluntarias-plantaran-este-sabado-arboles-y-arbustos-en-el-bosque-olimpico-de-mendillorri\/"]}]},{"@type":"ImageObject","inLanguage":"es","@id":"https:\/\/www.laguiadepamplona.com\/actualidad\/una-treintena-de-personas-voluntarias-plantaran-este-sabado-arboles-y-arbustos-en-el-bosque-olimpico-de-mendillorri\/#primaryimage","url":"https:\/\/www.laguiadepamplona.com\/actualidad\/wp-content\/uploads\/2024\/11\/plantacion_arboles_lezkairu.webp","contentUrl":"https:\/\/www.laguiadepamplona.com\/actualidad\/wp-content\/uploads\/2024\/11\/plantacion_arboles_lezkairu.webp","width":1000,"height":667,"caption":"plantaci\u00f3n arboles lezkairu"},{"@type":"BreadcrumbList","@id":"https:\/\/www.laguiadepamplona.com\/actualidad\/una-treintena-de-personas-voluntarias-plantaran-este-sabado-arboles-y-arbustos-en-el-bosque-olimpico-de-mendillorri\/#breadcrumb","itemListElement":[{"@type":"ListItem","position":1,"name":"Portada","item":"https:\/\/www.laguiadepamplona.com\/actualidad\/"},{"@type":"ListItem","position":2,"name":"Una treintena de personas voluntarias plantar\u00e1n este s\u00e1bado \u00e1rboles y arbustos en el Bosque Ol\u00edmpico de Mendillorri"}]},{"@type":"WebSite","@id":"https:\/\/www.laguiadepamplona.com\/actualidad\/#website","url":"https:\/\/www.laguiadepamplona.com\/actualidad\/","name":"La gu\u00eda de Pamplona","description":"Noticias de Pamplona","publisher":{"@id":"https:\/\/www.laguiadepamplona.com\/actualidad\/#organization"},"potentialAction":[{"@type":"SearchAction","target":{"@type":"EntryPoint","urlTemplate":"https:\/\/www.laguiadepamplona.com\/actualidad\/?s={search_term_string}"},"query-input":{"@type":"PropertyValueSpecification","valueRequired":true,"valueName":"search_term_string"}}],"inLanguage":"es"},{"@type":"Organization","@id":"https:\/\/www.laguiadepamplona.com\/actualidad\/#organization","name":"La Gu\u00eda de Pamplona \/ Noticias","url":"https:\/\/www.laguiadepamplona.com\/actualidad\/","logo":{"@type":"ImageObject","inLanguage":"es","@id":"https:\/\/www.laguiadepamplona.com\/actualidad\/#\/schema\/logo\/image\/","url":"https:\/\/www.laguiadepamplona.com\/actualidad\/wp-content\/uploads\/2018\/11\/logo-laguiadepamplona18-web1.png","contentUrl":"https:\/\/www.laguiadepamplona.com\/actualidad\/wp-content\/uploads\/2018\/11\/logo-laguiadepamplona18-web1.png","width":600,"height":196,"caption":"La Gu\u00eda de Pamplona \/ Noticias"},"image":{"@id":"https:\/\/www.laguiadepamplona.com\/actualidad\/#\/schema\/logo\/image\/"},"sameAs":["https:\/\/www.facebook.com\/laguiadepamplonacom-133175176762273\/?ref=hl","https:\/\/x.com\/LaGuiadPamplona","https:\/\/www.instagram.com\/la_guia_de_pamplona\/","https:\/\/www.youtube.com\/user\/laguiadepamplona"]},{"@type":"Person","@id":"https:\/\/www.laguiadepamplona.com\/actualidad\/#\/schema\/person\/efe887376f0213d4657c93adc50b1fdb","name":"La Gu\u00eda de Pamplona","image":{"@type":"ImageObject","inLanguage":"es","@id":"https:\/\/secure.gravatar.com\/avatar\/b6992f131dc8d30ab0dff15446e9d346d9dbd95992de0fef795073f5ea83a81c?s=96&d=mm&r=g","url":"https:\/\/secure.gravatar.com\/avatar\/b6992f131dc8d30ab0dff15446e9d346d9dbd95992de0fef795073f5ea83a81c?s=96&d=mm&r=g","contentUrl":"https:\/\/secure.gravatar.com\/avatar\/b6992f131dc8d30ab0dff15446e9d346d9dbd95992de0fef795073f5ea83a81c?s=96&d=mm&r=g","caption":"La Gu\u00eda de Pamplona"}}]}},"post_mailing_queue_ids":[],"_links":{"self":[{"href":"https:\/\/www.laguiadepamplona.com\/actualidad\/wp-json\/wp\/v2\/posts\/51331","targetHints":{"allow":["GET"]}}],"collection":[{"href":"https:\/\/www.laguiadepamplona.com\/actualidad\/wp-json\/wp\/v2\/posts"}],"about":[{"href":"https:\/\/www.laguiadepamplona.com\/actualidad\/wp-json\/wp\/v2\/types\/post"}],"author":[{"embeddable":true,"href":"https:\/\/www.laguiadepamplona.com\/actualidad\/wp-json\/wp\/v2\/users\/1"}],"replies":[{"embeddable":true,"href":"https:\/\/www.laguiadepamplona.com\/actualidad\/wp-json\/wp\/v2\/comments?post=51331"}],"version-history":[{"count":1,"href":"https:\/\/www.laguiadepamplona.com\/actualidad\/wp-json\/wp\/v2\/posts\/51331\/revisions"}],"predecessor-version":[{"id":51333,"href":"https:\/\/www.laguiadepamplona.com\/actualidad\/wp-json\/wp\/v2\/posts\/51331\/revisions\/51333"}],"wp:featuredmedia":[{"embeddable":true,"href":"https:\/\/www.laguiadepamplona.com\/actualidad\/wp-json\/wp\/v2\/media\/51332"}],"wp:attachment":[{"href":"https:\/\/www.laguiadepamplona.com\/actualidad\/wp-json\/wp\/v2\/media?parent=51331"}],"wp:term":[{"taxonomy":"category","embeddable":true,"href":"https:\/\/www.laguiadepamplona.com\/actualidad\/wp-json\/wp\/v2\/categories?post=51331"},{"taxonomy":"post_tag","embeddable":true,"href":"https:\/\/www.laguiadepamplona.com\/actualidad\/wp-json\/wp\/v2\/tags?post=51331"}],"curies":[{"name":"wp","href":"https:\/\/api.w.org\/{rel}","templated":true}]}}