{"id":51328,"date":"2024-11-15T14:49:11","date_gmt":"2024-11-15T12:49:11","guid":{"rendered":"https:\/\/www.laguiadepamplona.com\/actualidad\/?p=51328"},"modified":"2024-11-15T14:49:11","modified_gmt":"2024-11-15T12:49:11","slug":"el-ayuntamiento-de-pamplona-rinde-homenaje-a-ortzadar-por-sus-50-anos-recuperando-y-difundiendo-la-musica-y-danzas-tradicionales-vasco-navarras","status":"publish","type":"post","link":"https:\/\/www.laguiadepamplona.com\/actualidad\/el-ayuntamiento-de-pamplona-rinde-homenaje-a-ortzadar-por-sus-50-anos-recuperando-y-difundiendo-la-musica-y-danzas-tradicionales-vasco-navarras\/","title":{"rendered":"El Ayuntamiento de Pamplona rinde homenaje a Ortzadar por sus 50 a\u00f1os recuperando y difundiendo la m\u00fasica y danzas tradicionales vasco-navarras"},"content":{"rendered":"<h2>Ortzadar Euskal Dantzari eta Kantari Elkartea cuenta en la actualidad con 120 integrantes<\/h2>\n<p><!--more--><\/p>\n<p>El Ayuntamiento de Pamplona ha celebrado hoy un acto de homenaje a Ortzadar Euskal Dantzari eta Kantari Elkartea, que este a\u00f1o 2024 cumple 50 a\u00f1os de andadura en su labor de recuperaci\u00f3n y difusi\u00f3n del folclore navarro. Una representaci\u00f3n de esta asociaci\u00f3n ha acudido hoy al Sal\u00f3n de Recepciones de la Casa Consistorial para recibir el reconocimiento a su labor por parte de todos los grupos municipales.<\/p>\n<p>El alcalde de Pamplona, Joseba Asiron Saez, ha entregado a Ortzadar un cuadro con la fachada de la casa consistorial con una placa conmemorativa. En nombre de la asociaci\u00f3n, lo ha recogido Karlos Irujo Asurmendi, quien a su vez ha obsequiado al Ayuntamiento con el disco \u2018Plaza dantza\u2019, producido este mismo a\u00f1o. Tras las palabras de agradecimiento, Ortzadar ha puesto el broche al acto con uno de sus bailes.<\/p>\n<p>Ortzadar naci\u00f3 en el a\u00f1o 1974 fruto de la uni\u00f3n de m\u00fasicos, m\u00fasicas y dantzaris provenientes de diversos grupos de danza de Pamplona. Les uni\u00f3 una ilusi\u00f3n: impulsar desde cero y de forma colectiva un nuevo formato en la difusi\u00f3n del folklore en Navarra. As\u00ed, en los primeros a\u00f1os de vida, Ortzadar tiene como actividades principales el aprendizaje de m\u00fasicas y danzas tradicionales, la impartici\u00f3n de cursos, como el txistu, y la organizaci\u00f3n de actividades, como la salida del Olantzero en Pamplona.<\/p>\n<p>En los a\u00f1os siguientes, contin\u00faa su andadura configur\u00e1ndose como Ortzadar Euskal Folklore Taldea, agrupaci\u00f3n cultural privada sin \u00e1nimo de lucro, para a\u00f1os despu\u00e9s configurarse como asociaci\u00f3n, dando cabida as\u00ed tanto a las personas que trabajan por preservar y divulgar el folklore y la tradici\u00f3n vasco-navarra, como a aqu\u00e9llas que quieran contribuir econ\u00f3micamente a que Ortzadar siga impulsando este prop\u00f3sito. En la actualidad, componen Ortzadar m\u00e1s de 120 personas, todas ellas en calidad de socias, que aportan su trabajo en las distintas actividades programadas, tanto en las de danza y m\u00fasica como en las de vestuario, ense\u00f1anza, jornadas, investigaci\u00f3n, etc.<\/p>\n<p><strong>Estudio, investigaci\u00f3n y divulgaci\u00f3n del folklore<\/strong><\/p>\n<p>Desde su fundaci\u00f3n, en Ortzadar se cre\u00f3 un cuadro de dantzaris y m\u00fasicos con estructura de aprendizaje din\u00e1mico y colaborativo: a diferencia de la tendencia de la mayor parte de los grupos de la \u00e9poca, quer\u00edan ir m\u00e1s all\u00e1 de la mera corograf\u00eda para aprender nuevas danzas y m\u00fasicas en su origen. Esta inquietud les condujo a hacer una labor de investigaci\u00f3n en Navarra, acudiendo a los maestros de danza de cada lugar, y lo que permiti\u00f3 recuperar danzas y m\u00fasicas que entonces se hab\u00edan perdido.<\/p>\n<p>As\u00ed, Ortzadar comenz\u00f3 a realizar labores de investigaci\u00f3n, tanto en archivos y estudios bibliogr\u00e1ficos como en los propios pueblos de la geograf\u00eda foral. Este trabajo permiti\u00f3 la recuperaci\u00f3n de danzas de la Ribera de Navarra y del ingurutxo y carnaval de Ihabar, entre otras. Todas las danzas y m\u00fasicas recuperadas fueron ense\u00f1adas a los habitantes de las poblaciones originarias e incorporadas al repertorio de Ortzadar, y m\u00e1s tarde interpretadas por el resto de grupos de danza.<\/p>\n<p><strong>Cursos y jornadas<\/strong><\/p>\n<p>Desde 1988 y de forma ininterrumpida, Ortzadar organiza cursos monogr\u00e1ficos sobre distintos aspectos de la cultura tradicional: instrumentos tradicionales (txalaparta, txistu\u2026), danzas o canci\u00f3n tradicional. Estos cursos cruzaron el Atl\u00e1ntico entre los a\u00f1os 1994 y 2005, cuando Ortzadar imparti\u00f3 varios cursos de danza tradicional navarra y txistu para los centros navarros de Argentina.<\/p>\n<p>Asimismo, desde el a\u00f1o 1985 organiza las Jornadas de Folklore, que tienen por objeto fundamental profundizar y divulgar el estudio de todos aquellos aspectos que conforman el folklore y la cultura tradicional, al mismo tiempo que ofrecer un foro en el que poder presentar y discutir los estudios e investigaciones. Estas jornadas han logrado prestigio y reconocimiento entre la comunidad cient\u00edfica y las personas aficionadas a estas materias, por su trayectoria y el nivel de los trabajos presentados.<\/p>\n","protected":false},"excerpt":{"rendered":"<p>Ortzadar Euskal Dantzari eta Kantari Elkartea cuenta en la actualidad con 120 integrantes<\/p>\n","protected":false},"author":1,"featured_media":51329,"comment_status":"open","ping_status":"closed","sticky":false,"template":"","format":"standard","meta":{"footnotes":""},"categories":[2],"tags":[],"class_list":["post-51328","post","type-post","status-publish","format-standard","has-post-thumbnail","hentry","category-ayuntamiento-pamplona"],"yoast_head":"<!-- This site is optimized with the Yoast SEO plugin v27.3 - https:\/\/yoast.com\/product\/yoast-seo-wordpress\/ -->\n<title>El Ayuntamiento de Pamplona rinde homenaje a Ortzadar por sus 50 a\u00f1os recuperando y difundiendo la m\u00fasica y danzas tradicionales vasco-navarras<\/title>\n<meta name=\"description\" content=\"Ortzadar Euskal Dantzari eta Kantari Elkartea cuenta en la actualidad con 120 integrantes\" \/>\n<meta name=\"robots\" content=\"index, follow, max-snippet:-1, max-image-preview:large, max-video-preview:-1\" \/>\n<link rel=\"canonical\" href=\"https:\/\/www.laguiadepamplona.com\/actualidad\/el-ayuntamiento-de-pamplona-rinde-homenaje-a-ortzadar-por-sus-50-anos-recuperando-y-difundiendo-la-musica-y-danzas-tradicionales-vasco-navarras\/\" \/>\n<meta property=\"og:locale\" content=\"es_ES\" \/>\n<meta property=\"og:type\" content=\"article\" \/>\n<meta property=\"og:title\" content=\"El Ayuntamiento de Pamplona rinde homenaje a Ortzadar por sus 50 a\u00f1os recuperando y difundiendo la m\u00fasica y danzas tradicionales vasco-navarras\" \/>\n<meta property=\"og:description\" content=\"Ortzadar Euskal Dantzari eta Kantari Elkartea cuenta en la actualidad con 120 integrantes\" \/>\n<meta property=\"og:url\" content=\"https:\/\/www.laguiadepamplona.com\/actualidad\/el-ayuntamiento-de-pamplona-rinde-homenaje-a-ortzadar-por-sus-50-anos-recuperando-y-difundiendo-la-musica-y-danzas-tradicionales-vasco-navarras\/\" \/>\n<meta property=\"og:site_name\" content=\"La Gu\u00eda de Pamplona\" \/>\n<meta property=\"article:publisher\" content=\"https:\/\/www.facebook.com\/laguiadepamplonacom-133175176762273\/?ref=hl\" \/>\n<meta property=\"article:published_time\" content=\"2024-11-15T12:49:11+00:00\" \/>\n<meta property=\"og:image\" content=\"https:\/\/www.laguiadepamplona.com\/actualidad\/wp-content\/uploads\/2024\/11\/recepcionalgrupoortzadareuskalfolkloreelkarteadsc2110copia_0.webp\" \/>\n\t<meta property=\"og:image:width\" content=\"1000\" \/>\n\t<meta property=\"og:image:height\" content=\"666\" \/>\n\t<meta property=\"og:image:type\" content=\"image\/webp\" \/>\n<meta name=\"author\" content=\"La Gu\u00eda de Pamplona\" \/>\n<meta name=\"twitter:card\" content=\"summary_large_image\" \/>\n<meta name=\"twitter:creator\" content=\"@LaGuiadPamplona\" \/>\n<meta name=\"twitter:site\" content=\"@LaGuiadPamplona\" \/>\n<meta name=\"twitter:label1\" content=\"Escrito por\" \/>\n\t<meta name=\"twitter:data1\" content=\"La Gu\u00eda de Pamplona\" \/>\n\t<meta name=\"twitter:label2\" content=\"Tiempo de lectura\" \/>\n\t<meta name=\"twitter:data2\" content=\"3 minutos\" \/>\n<script type=\"application\/ld+json\" class=\"yoast-schema-graph\">{\"@context\":\"https:\\\/\\\/schema.org\",\"@graph\":[{\"@type\":\"Article\",\"@id\":\"https:\\\/\\\/www.laguiadepamplona.com\\\/actualidad\\\/el-ayuntamiento-de-pamplona-rinde-homenaje-a-ortzadar-por-sus-50-anos-recuperando-y-difundiendo-la-musica-y-danzas-tradicionales-vasco-navarras\\\/#article\",\"isPartOf\":{\"@id\":\"https:\\\/\\\/www.laguiadepamplona.com\\\/actualidad\\\/el-ayuntamiento-de-pamplona-rinde-homenaje-a-ortzadar-por-sus-50-anos-recuperando-y-difundiendo-la-musica-y-danzas-tradicionales-vasco-navarras\\\/\"},\"author\":{\"name\":\"La Gu\u00eda de Pamplona\",\"@id\":\"https:\\\/\\\/www.laguiadepamplona.com\\\/actualidad\\\/#\\\/schema\\\/person\\\/efe887376f0213d4657c93adc50b1fdb\"},\"headline\":\"El Ayuntamiento de Pamplona rinde homenaje a Ortzadar por sus 50 a\u00f1os recuperando y difundiendo la m\u00fasica y danzas tradicionales vasco-navarras\",\"datePublished\":\"2024-11-15T12:49:11+00:00\",\"mainEntityOfPage\":{\"@id\":\"https:\\\/\\\/www.laguiadepamplona.com\\\/actualidad\\\/el-ayuntamiento-de-pamplona-rinde-homenaje-a-ortzadar-por-sus-50-anos-recuperando-y-difundiendo-la-musica-y-danzas-tradicionales-vasco-navarras\\\/\"},\"wordCount\":704,\"commentCount\":0,\"publisher\":{\"@id\":\"https:\\\/\\\/www.laguiadepamplona.com\\\/actualidad\\\/#organization\"},\"image\":{\"@id\":\"https:\\\/\\\/www.laguiadepamplona.com\\\/actualidad\\\/el-ayuntamiento-de-pamplona-rinde-homenaje-a-ortzadar-por-sus-50-anos-recuperando-y-difundiendo-la-musica-y-danzas-tradicionales-vasco-navarras\\\/#primaryimage\"},\"thumbnailUrl\":\"https:\\\/\\\/www.laguiadepamplona.com\\\/actualidad\\\/wp-content\\\/uploads\\\/2024\\\/11\\\/recepcionalgrupoortzadareuskalfolkloreelkarteadsc2110copia_0.webp\",\"articleSection\":[\"Ayto Pamplona\"],\"inLanguage\":\"es\",\"potentialAction\":[{\"@type\":\"CommentAction\",\"name\":\"Comment\",\"target\":[\"https:\\\/\\\/www.laguiadepamplona.com\\\/actualidad\\\/el-ayuntamiento-de-pamplona-rinde-homenaje-a-ortzadar-por-sus-50-anos-recuperando-y-difundiendo-la-musica-y-danzas-tradicionales-vasco-navarras\\\/#respond\"]}]},{\"@type\":\"WebPage\",\"@id\":\"https:\\\/\\\/www.laguiadepamplona.com\\\/actualidad\\\/el-ayuntamiento-de-pamplona-rinde-homenaje-a-ortzadar-por-sus-50-anos-recuperando-y-difundiendo-la-musica-y-danzas-tradicionales-vasco-navarras\\\/\",\"url\":\"https:\\\/\\\/www.laguiadepamplona.com\\\/actualidad\\\/el-ayuntamiento-de-pamplona-rinde-homenaje-a-ortzadar-por-sus-50-anos-recuperando-y-difundiendo-la-musica-y-danzas-tradicionales-vasco-navarras\\\/\",\"name\":\"El Ayuntamiento de Pamplona rinde homenaje a Ortzadar por sus 50 a\u00f1os recuperando y difundiendo la m\u00fasica y danzas tradicionales vasco-navarras\",\"isPartOf\":{\"@id\":\"https:\\\/\\\/www.laguiadepamplona.com\\\/actualidad\\\/#website\"},\"primaryImageOfPage\":{\"@id\":\"https:\\\/\\\/www.laguiadepamplona.com\\\/actualidad\\\/el-ayuntamiento-de-pamplona-rinde-homenaje-a-ortzadar-por-sus-50-anos-recuperando-y-difundiendo-la-musica-y-danzas-tradicionales-vasco-navarras\\\/#primaryimage\"},\"image\":{\"@id\":\"https:\\\/\\\/www.laguiadepamplona.com\\\/actualidad\\\/el-ayuntamiento-de-pamplona-rinde-homenaje-a-ortzadar-por-sus-50-anos-recuperando-y-difundiendo-la-musica-y-danzas-tradicionales-vasco-navarras\\\/#primaryimage\"},\"thumbnailUrl\":\"https:\\\/\\\/www.laguiadepamplona.com\\\/actualidad\\\/wp-content\\\/uploads\\\/2024\\\/11\\\/recepcionalgrupoortzadareuskalfolkloreelkarteadsc2110copia_0.webp\",\"datePublished\":\"2024-11-15T12:49:11+00:00\",\"description\":\"Ortzadar Euskal Dantzari eta Kantari Elkartea cuenta en la actualidad con 120 integrantes\",\"breadcrumb\":{\"@id\":\"https:\\\/\\\/www.laguiadepamplona.com\\\/actualidad\\\/el-ayuntamiento-de-pamplona-rinde-homenaje-a-ortzadar-por-sus-50-anos-recuperando-y-difundiendo-la-musica-y-danzas-tradicionales-vasco-navarras\\\/#breadcrumb\"},\"inLanguage\":\"es\",\"potentialAction\":[{\"@type\":\"ReadAction\",\"target\":[\"https:\\\/\\\/www.laguiadepamplona.com\\\/actualidad\\\/el-ayuntamiento-de-pamplona-rinde-homenaje-a-ortzadar-por-sus-50-anos-recuperando-y-difundiendo-la-musica-y-danzas-tradicionales-vasco-navarras\\\/\"]}]},{\"@type\":\"ImageObject\",\"inLanguage\":\"es\",\"@id\":\"https:\\\/\\\/www.laguiadepamplona.com\\\/actualidad\\\/el-ayuntamiento-de-pamplona-rinde-homenaje-a-ortzadar-por-sus-50-anos-recuperando-y-difundiendo-la-musica-y-danzas-tradicionales-vasco-navarras\\\/#primaryimage\",\"url\":\"https:\\\/\\\/www.laguiadepamplona.com\\\/actualidad\\\/wp-content\\\/uploads\\\/2024\\\/11\\\/recepcionalgrupoortzadareuskalfolkloreelkarteadsc2110copia_0.webp\",\"contentUrl\":\"https:\\\/\\\/www.laguiadepamplona.com\\\/actualidad\\\/wp-content\\\/uploads\\\/2024\\\/11\\\/recepcionalgrupoortzadareuskalfolkloreelkarteadsc2110copia_0.webp\",\"width\":1000,\"height\":666,\"caption\":\"recepci\u00f3n grupo Ortzadar\"},{\"@type\":\"BreadcrumbList\",\"@id\":\"https:\\\/\\\/www.laguiadepamplona.com\\\/actualidad\\\/el-ayuntamiento-de-pamplona-rinde-homenaje-a-ortzadar-por-sus-50-anos-recuperando-y-difundiendo-la-musica-y-danzas-tradicionales-vasco-navarras\\\/#breadcrumb\",\"itemListElement\":[{\"@type\":\"ListItem\",\"position\":1,\"name\":\"Portada\",\"item\":\"https:\\\/\\\/www.laguiadepamplona.com\\\/actualidad\\\/\"},{\"@type\":\"ListItem\",\"position\":2,\"name\":\"El Ayuntamiento de Pamplona rinde homenaje a Ortzadar por sus 50 a\u00f1os recuperando y difundiendo la m\u00fasica y danzas tradicionales vasco-navarras\"}]},{\"@type\":\"WebSite\",\"@id\":\"https:\\\/\\\/www.laguiadepamplona.com\\\/actualidad\\\/#website\",\"url\":\"https:\\\/\\\/www.laguiadepamplona.com\\\/actualidad\\\/\",\"name\":\"La gu\u00eda de Pamplona\",\"description\":\"Noticias de Pamplona\",\"publisher\":{\"@id\":\"https:\\\/\\\/www.laguiadepamplona.com\\\/actualidad\\\/#organization\"},\"potentialAction\":[{\"@type\":\"SearchAction\",\"target\":{\"@type\":\"EntryPoint\",\"urlTemplate\":\"https:\\\/\\\/www.laguiadepamplona.com\\\/actualidad\\\/?s={search_term_string}\"},\"query-input\":{\"@type\":\"PropertyValueSpecification\",\"valueRequired\":true,\"valueName\":\"search_term_string\"}}],\"inLanguage\":\"es\"},{\"@type\":\"Organization\",\"@id\":\"https:\\\/\\\/www.laguiadepamplona.com\\\/actualidad\\\/#organization\",\"name\":\"La Gu\u00eda de Pamplona \\\/ Noticias\",\"url\":\"https:\\\/\\\/www.laguiadepamplona.com\\\/actualidad\\\/\",\"logo\":{\"@type\":\"ImageObject\",\"inLanguage\":\"es\",\"@id\":\"https:\\\/\\\/www.laguiadepamplona.com\\\/actualidad\\\/#\\\/schema\\\/logo\\\/image\\\/\",\"url\":\"https:\\\/\\\/www.laguiadepamplona.com\\\/actualidad\\\/wp-content\\\/uploads\\\/2018\\\/11\\\/logo-laguiadepamplona18-web1.png\",\"contentUrl\":\"https:\\\/\\\/www.laguiadepamplona.com\\\/actualidad\\\/wp-content\\\/uploads\\\/2018\\\/11\\\/logo-laguiadepamplona18-web1.png\",\"width\":600,\"height\":196,\"caption\":\"La Gu\u00eda de Pamplona \\\/ Noticias\"},\"image\":{\"@id\":\"https:\\\/\\\/www.laguiadepamplona.com\\\/actualidad\\\/#\\\/schema\\\/logo\\\/image\\\/\"},\"sameAs\":[\"https:\\\/\\\/www.facebook.com\\\/laguiadepamplonacom-133175176762273\\\/?ref=hl\",\"https:\\\/\\\/x.com\\\/LaGuiadPamplona\",\"https:\\\/\\\/www.instagram.com\\\/la_guia_de_pamplona\\\/\",\"https:\\\/\\\/www.youtube.com\\\/user\\\/laguiadepamplona\"]},{\"@type\":\"Person\",\"@id\":\"https:\\\/\\\/www.laguiadepamplona.com\\\/actualidad\\\/#\\\/schema\\\/person\\\/efe887376f0213d4657c93adc50b1fdb\",\"name\":\"La Gu\u00eda de Pamplona\",\"image\":{\"@type\":\"ImageObject\",\"inLanguage\":\"es\",\"@id\":\"https:\\\/\\\/secure.gravatar.com\\\/avatar\\\/b6992f131dc8d30ab0dff15446e9d346d9dbd95992de0fef795073f5ea83a81c?s=96&d=mm&r=g\",\"url\":\"https:\\\/\\\/secure.gravatar.com\\\/avatar\\\/b6992f131dc8d30ab0dff15446e9d346d9dbd95992de0fef795073f5ea83a81c?s=96&d=mm&r=g\",\"contentUrl\":\"https:\\\/\\\/secure.gravatar.com\\\/avatar\\\/b6992f131dc8d30ab0dff15446e9d346d9dbd95992de0fef795073f5ea83a81c?s=96&d=mm&r=g\",\"caption\":\"La Gu\u00eda de Pamplona\"}}]}<\/script>\n<!-- \/ Yoast SEO plugin. -->","yoast_head_json":{"title":"El Ayuntamiento de Pamplona rinde homenaje a Ortzadar por sus 50 a\u00f1os recuperando y difundiendo la m\u00fasica y danzas tradicionales vasco-navarras","description":"Ortzadar Euskal Dantzari eta Kantari Elkartea cuenta en la actualidad con 120 integrantes","robots":{"index":"index","follow":"follow","max-snippet":"max-snippet:-1","max-image-preview":"max-image-preview:large","max-video-preview":"max-video-preview:-1"},"canonical":"https:\/\/www.laguiadepamplona.com\/actualidad\/el-ayuntamiento-de-pamplona-rinde-homenaje-a-ortzadar-por-sus-50-anos-recuperando-y-difundiendo-la-musica-y-danzas-tradicionales-vasco-navarras\/","og_locale":"es_ES","og_type":"article","og_title":"El Ayuntamiento de Pamplona rinde homenaje a Ortzadar por sus 50 a\u00f1os recuperando y difundiendo la m\u00fasica y danzas tradicionales vasco-navarras","og_description":"Ortzadar Euskal Dantzari eta Kantari Elkartea cuenta en la actualidad con 120 integrantes","og_url":"https:\/\/www.laguiadepamplona.com\/actualidad\/el-ayuntamiento-de-pamplona-rinde-homenaje-a-ortzadar-por-sus-50-anos-recuperando-y-difundiendo-la-musica-y-danzas-tradicionales-vasco-navarras\/","og_site_name":"La Gu\u00eda de Pamplona","article_publisher":"https:\/\/www.facebook.com\/laguiadepamplonacom-133175176762273\/?ref=hl","article_published_time":"2024-11-15T12:49:11+00:00","og_image":[{"width":1000,"height":666,"url":"https:\/\/www.laguiadepamplona.com\/actualidad\/wp-content\/uploads\/2024\/11\/recepcionalgrupoortzadareuskalfolkloreelkarteadsc2110copia_0.webp","type":"image\/webp"}],"author":"La Gu\u00eda de Pamplona","twitter_card":"summary_large_image","twitter_creator":"@LaGuiadPamplona","twitter_site":"@LaGuiadPamplona","twitter_misc":{"Escrito por":"La Gu\u00eda de Pamplona","Tiempo de lectura":"3 minutos"},"schema":{"@context":"https:\/\/schema.org","@graph":[{"@type":"Article","@id":"https:\/\/www.laguiadepamplona.com\/actualidad\/el-ayuntamiento-de-pamplona-rinde-homenaje-a-ortzadar-por-sus-50-anos-recuperando-y-difundiendo-la-musica-y-danzas-tradicionales-vasco-navarras\/#article","isPartOf":{"@id":"https:\/\/www.laguiadepamplona.com\/actualidad\/el-ayuntamiento-de-pamplona-rinde-homenaje-a-ortzadar-por-sus-50-anos-recuperando-y-difundiendo-la-musica-y-danzas-tradicionales-vasco-navarras\/"},"author":{"name":"La Gu\u00eda de Pamplona","@id":"https:\/\/www.laguiadepamplona.com\/actualidad\/#\/schema\/person\/efe887376f0213d4657c93adc50b1fdb"},"headline":"El Ayuntamiento de Pamplona rinde homenaje a Ortzadar por sus 50 a\u00f1os recuperando y difundiendo la m\u00fasica y danzas tradicionales vasco-navarras","datePublished":"2024-11-15T12:49:11+00:00","mainEntityOfPage":{"@id":"https:\/\/www.laguiadepamplona.com\/actualidad\/el-ayuntamiento-de-pamplona-rinde-homenaje-a-ortzadar-por-sus-50-anos-recuperando-y-difundiendo-la-musica-y-danzas-tradicionales-vasco-navarras\/"},"wordCount":704,"commentCount":0,"publisher":{"@id":"https:\/\/www.laguiadepamplona.com\/actualidad\/#organization"},"image":{"@id":"https:\/\/www.laguiadepamplona.com\/actualidad\/el-ayuntamiento-de-pamplona-rinde-homenaje-a-ortzadar-por-sus-50-anos-recuperando-y-difundiendo-la-musica-y-danzas-tradicionales-vasco-navarras\/#primaryimage"},"thumbnailUrl":"https:\/\/www.laguiadepamplona.com\/actualidad\/wp-content\/uploads\/2024\/11\/recepcionalgrupoortzadareuskalfolkloreelkarteadsc2110copia_0.webp","articleSection":["Ayto Pamplona"],"inLanguage":"es","potentialAction":[{"@type":"CommentAction","name":"Comment","target":["https:\/\/www.laguiadepamplona.com\/actualidad\/el-ayuntamiento-de-pamplona-rinde-homenaje-a-ortzadar-por-sus-50-anos-recuperando-y-difundiendo-la-musica-y-danzas-tradicionales-vasco-navarras\/#respond"]}]},{"@type":"WebPage","@id":"https:\/\/www.laguiadepamplona.com\/actualidad\/el-ayuntamiento-de-pamplona-rinde-homenaje-a-ortzadar-por-sus-50-anos-recuperando-y-difundiendo-la-musica-y-danzas-tradicionales-vasco-navarras\/","url":"https:\/\/www.laguiadepamplona.com\/actualidad\/el-ayuntamiento-de-pamplona-rinde-homenaje-a-ortzadar-por-sus-50-anos-recuperando-y-difundiendo-la-musica-y-danzas-tradicionales-vasco-navarras\/","name":"El Ayuntamiento de Pamplona rinde homenaje a Ortzadar por sus 50 a\u00f1os recuperando y difundiendo la m\u00fasica y danzas tradicionales vasco-navarras","isPartOf":{"@id":"https:\/\/www.laguiadepamplona.com\/actualidad\/#website"},"primaryImageOfPage":{"@id":"https:\/\/www.laguiadepamplona.com\/actualidad\/el-ayuntamiento-de-pamplona-rinde-homenaje-a-ortzadar-por-sus-50-anos-recuperando-y-difundiendo-la-musica-y-danzas-tradicionales-vasco-navarras\/#primaryimage"},"image":{"@id":"https:\/\/www.laguiadepamplona.com\/actualidad\/el-ayuntamiento-de-pamplona-rinde-homenaje-a-ortzadar-por-sus-50-anos-recuperando-y-difundiendo-la-musica-y-danzas-tradicionales-vasco-navarras\/#primaryimage"},"thumbnailUrl":"https:\/\/www.laguiadepamplona.com\/actualidad\/wp-content\/uploads\/2024\/11\/recepcionalgrupoortzadareuskalfolkloreelkarteadsc2110copia_0.webp","datePublished":"2024-11-15T12:49:11+00:00","description":"Ortzadar Euskal Dantzari eta Kantari Elkartea cuenta en la actualidad con 120 integrantes","breadcrumb":{"@id":"https:\/\/www.laguiadepamplona.com\/actualidad\/el-ayuntamiento-de-pamplona-rinde-homenaje-a-ortzadar-por-sus-50-anos-recuperando-y-difundiendo-la-musica-y-danzas-tradicionales-vasco-navarras\/#breadcrumb"},"inLanguage":"es","potentialAction":[{"@type":"ReadAction","target":["https:\/\/www.laguiadepamplona.com\/actualidad\/el-ayuntamiento-de-pamplona-rinde-homenaje-a-ortzadar-por-sus-50-anos-recuperando-y-difundiendo-la-musica-y-danzas-tradicionales-vasco-navarras\/"]}]},{"@type":"ImageObject","inLanguage":"es","@id":"https:\/\/www.laguiadepamplona.com\/actualidad\/el-ayuntamiento-de-pamplona-rinde-homenaje-a-ortzadar-por-sus-50-anos-recuperando-y-difundiendo-la-musica-y-danzas-tradicionales-vasco-navarras\/#primaryimage","url":"https:\/\/www.laguiadepamplona.com\/actualidad\/wp-content\/uploads\/2024\/11\/recepcionalgrupoortzadareuskalfolkloreelkarteadsc2110copia_0.webp","contentUrl":"https:\/\/www.laguiadepamplona.com\/actualidad\/wp-content\/uploads\/2024\/11\/recepcionalgrupoortzadareuskalfolkloreelkarteadsc2110copia_0.webp","width":1000,"height":666,"caption":"recepci\u00f3n grupo Ortzadar"},{"@type":"BreadcrumbList","@id":"https:\/\/www.laguiadepamplona.com\/actualidad\/el-ayuntamiento-de-pamplona-rinde-homenaje-a-ortzadar-por-sus-50-anos-recuperando-y-difundiendo-la-musica-y-danzas-tradicionales-vasco-navarras\/#breadcrumb","itemListElement":[{"@type":"ListItem","position":1,"name":"Portada","item":"https:\/\/www.laguiadepamplona.com\/actualidad\/"},{"@type":"ListItem","position":2,"name":"El Ayuntamiento de Pamplona rinde homenaje a Ortzadar por sus 50 a\u00f1os recuperando y difundiendo la m\u00fasica y danzas tradicionales vasco-navarras"}]},{"@type":"WebSite","@id":"https:\/\/www.laguiadepamplona.com\/actualidad\/#website","url":"https:\/\/www.laguiadepamplona.com\/actualidad\/","name":"La gu\u00eda de Pamplona","description":"Noticias de Pamplona","publisher":{"@id":"https:\/\/www.laguiadepamplona.com\/actualidad\/#organization"},"potentialAction":[{"@type":"SearchAction","target":{"@type":"EntryPoint","urlTemplate":"https:\/\/www.laguiadepamplona.com\/actualidad\/?s={search_term_string}"},"query-input":{"@type":"PropertyValueSpecification","valueRequired":true,"valueName":"search_term_string"}}],"inLanguage":"es"},{"@type":"Organization","@id":"https:\/\/www.laguiadepamplona.com\/actualidad\/#organization","name":"La Gu\u00eda de Pamplona \/ Noticias","url":"https:\/\/www.laguiadepamplona.com\/actualidad\/","logo":{"@type":"ImageObject","inLanguage":"es","@id":"https:\/\/www.laguiadepamplona.com\/actualidad\/#\/schema\/logo\/image\/","url":"https:\/\/www.laguiadepamplona.com\/actualidad\/wp-content\/uploads\/2018\/11\/logo-laguiadepamplona18-web1.png","contentUrl":"https:\/\/www.laguiadepamplona.com\/actualidad\/wp-content\/uploads\/2018\/11\/logo-laguiadepamplona18-web1.png","width":600,"height":196,"caption":"La Gu\u00eda de Pamplona \/ Noticias"},"image":{"@id":"https:\/\/www.laguiadepamplona.com\/actualidad\/#\/schema\/logo\/image\/"},"sameAs":["https:\/\/www.facebook.com\/laguiadepamplonacom-133175176762273\/?ref=hl","https:\/\/x.com\/LaGuiadPamplona","https:\/\/www.instagram.com\/la_guia_de_pamplona\/","https:\/\/www.youtube.com\/user\/laguiadepamplona"]},{"@type":"Person","@id":"https:\/\/www.laguiadepamplona.com\/actualidad\/#\/schema\/person\/efe887376f0213d4657c93adc50b1fdb","name":"La Gu\u00eda de Pamplona","image":{"@type":"ImageObject","inLanguage":"es","@id":"https:\/\/secure.gravatar.com\/avatar\/b6992f131dc8d30ab0dff15446e9d346d9dbd95992de0fef795073f5ea83a81c?s=96&d=mm&r=g","url":"https:\/\/secure.gravatar.com\/avatar\/b6992f131dc8d30ab0dff15446e9d346d9dbd95992de0fef795073f5ea83a81c?s=96&d=mm&r=g","contentUrl":"https:\/\/secure.gravatar.com\/avatar\/b6992f131dc8d30ab0dff15446e9d346d9dbd95992de0fef795073f5ea83a81c?s=96&d=mm&r=g","caption":"La Gu\u00eda de Pamplona"}}]}},"post_mailing_queue_ids":[],"_links":{"self":[{"href":"https:\/\/www.laguiadepamplona.com\/actualidad\/wp-json\/wp\/v2\/posts\/51328","targetHints":{"allow":["GET"]}}],"collection":[{"href":"https:\/\/www.laguiadepamplona.com\/actualidad\/wp-json\/wp\/v2\/posts"}],"about":[{"href":"https:\/\/www.laguiadepamplona.com\/actualidad\/wp-json\/wp\/v2\/types\/post"}],"author":[{"embeddable":true,"href":"https:\/\/www.laguiadepamplona.com\/actualidad\/wp-json\/wp\/v2\/users\/1"}],"replies":[{"embeddable":true,"href":"https:\/\/www.laguiadepamplona.com\/actualidad\/wp-json\/wp\/v2\/comments?post=51328"}],"version-history":[{"count":1,"href":"https:\/\/www.laguiadepamplona.com\/actualidad\/wp-json\/wp\/v2\/posts\/51328\/revisions"}],"predecessor-version":[{"id":51330,"href":"https:\/\/www.laguiadepamplona.com\/actualidad\/wp-json\/wp\/v2\/posts\/51328\/revisions\/51330"}],"wp:featuredmedia":[{"embeddable":true,"href":"https:\/\/www.laguiadepamplona.com\/actualidad\/wp-json\/wp\/v2\/media\/51329"}],"wp:attachment":[{"href":"https:\/\/www.laguiadepamplona.com\/actualidad\/wp-json\/wp\/v2\/media?parent=51328"}],"wp:term":[{"taxonomy":"category","embeddable":true,"href":"https:\/\/www.laguiadepamplona.com\/actualidad\/wp-json\/wp\/v2\/categories?post=51328"},{"taxonomy":"post_tag","embeddable":true,"href":"https:\/\/www.laguiadepamplona.com\/actualidad\/wp-json\/wp\/v2\/tags?post=51328"}],"curies":[{"name":"wp","href":"https:\/\/api.w.org\/{rel}","templated":true}]}}