{"id":51325,"date":"2024-11-15T14:45:29","date_gmt":"2024-11-15T12:45:29","guid":{"rendered":"https:\/\/www.laguiadepamplona.com\/actualidad\/?p=51325"},"modified":"2024-11-15T14:45:29","modified_gmt":"2024-11-15T12:45:29","slug":"escuela-municipal-de-artes-y-oficios-catalina-de-oscariz-abre-matricula-para-las-80-plazas-de-sus-talleres-de-dibujo-y-pintura-del-segundo-trimestre-del-curso","status":"publish","type":"post","link":"https:\/\/www.laguiadepamplona.com\/actualidad\/escuela-municipal-de-artes-y-oficios-catalina-de-oscariz-abre-matricula-para-las-80-plazas-de-sus-talleres-de-dibujo-y-pintura-del-segundo-trimestre-del-curso\/","title":{"rendered":"Escuela Municipal de Artes y Oficios Catalina de Osc\u00e1riz abre matr\u00edcula para las 80 plazas de sus talleres de Dibujo y Pintura del segundo trimestre del curso"},"content":{"rendered":"<h2>Las personas interesadas podr\u00e1n realizar la preinscripci\u00f3n hasta el d\u00eda 27 de noviembre en el tel\u00e9fono de atenci\u00f3n ciudadana 010<\/h2>\n<p><!--more--><\/p>\n<p>Este lunes 18 de noviembre comienza el plazo de preinscripci\u00f3n en los talleres de dibujo y pintura de la Escuela Municipal de Artes y Oficios Catalina de Osc\u00e1riz para el \u00faltimo trimestre del curso. Hay 20 plazas en cada actividad, que requiere a quienes participen tener conocimientos b\u00e1sicos de dibujo y pintura. Estas actividades, que est\u00e1n dirigidas a p\u00fablico mayor de 16 a\u00f1os, tendr\u00e1n un coste de 49,50 euros.<\/p>\n<p>Los talleres de este segundo trimestre del curso 2024\/2025 son Taller de Pintura: \u201cPaisaje de mar y campo\u201d (del 16 de diciembre al 19 de marzo) y Taller de Dibujo: \u201cRepresentaci\u00f3n e interpretaci\u00f3n de la forma\u201d (del 17 de diciembre al 20 de marzo). Habr\u00e1 2 grupos con 20 plazas cada uno de los talleres, y se podr\u00e1 elegir franja horaria para todo el tiempo que dure la formaci\u00f3n: o bien de 17 a 19 horas, o bien de 19 a 21 horas. Cada taller\/grupo tendr\u00e1 dos citas semanales: lunes y mi\u00e9rcoles.<\/p>\n<p>Las personas interesadas en acudir a estas formaciones podr\u00e1n realizar la preinscripci\u00f3n hasta el d\u00eda 27 de este mes, a trav\u00e9s del tel\u00e9fono de atenci\u00f3n ciudadana 010. Si el n\u00famero de personas inscritas es mayor, \u00e9stas se adjudicar\u00e1n por sorteo. Las personas adjudicatarias recibir\u00e1n un SMS el 28 de noviembre con la asignaci\u00f3n de la plaza, tras revisar los listados de inscritos y realizar el sorteo. Una vez recibido el SMS podr\u00e1n realizar la matr\u00edcula en el mismo servicio 010.<\/p>\n<p>Las personas adjudicatarias dispondr\u00e1n de plazo desde el 2 hasta el 12 de diciembre para confirmar la plaza y abonar el coste de la matr\u00edcula, sobre el que se podr\u00e1n realizar deducciones en los casos habituales recogidos en las ordenanzas fiscales. En caso de que se agoten las plazas, se crear\u00e1 una lista de espera.<\/p>\n<p>La Escuela Municipal de Artes y Oficios Catalina de Osc\u00e1riz ofrece formaci\u00f3n dibujo y pintura durante todo el curso, a trav\u00e9s de talleres anuales y trimestrales. El centro, ubicado en el antiguo colegio Jos\u00e9 Vila Marqu\u00e9s, en la calle Tajonar, ofrece ense\u00f1anzas no regladas dedicado a estudios cl\u00e1sicos de dibujo y pintura para personas a partir de los 16 a\u00f1os. El profesorado se compone de cuatro profesionales: una profesora y un profesor de Dibujo, una profesora de Pintura y un profesor para los talleres trimestrales.<\/p>\n<p>&nbsp;<\/p>\n<h3>Talleres trimestrales. Segundo trimestre diciembre\/ marzo<\/h3>\n<p><strong>Taller de Pintura<\/strong>: \u201cPaisaje de mar y campo\u201d<\/p>\n<ul>\n<li>Horario: lunes y mi\u00e9rcoles de 17 a 19 y de 19 a 21 horas<\/li>\n<li>Fecha: del 16 de diciembre a 19 de marzo<\/li>\n<\/ul>\n<p><strong>Taller de Dibujo<\/strong>: \u201cRepresentaci\u00f3n e interpretaci\u00f3n de la forma\u201d<\/p>\n<ul>\n<li>Horario: lunes y mi\u00e9rcoles de 17 a 19 y de 19 a 21 horas<\/li>\n<li>Fecha: del 17 de diciembre al 20 de marzo<\/li>\n<\/ul>\n<p><strong>Proceso de matr\u00edcula<\/strong><\/p>\n<ul>\n<li>Preinscripci\u00f3n: del 18 al 27 de noviembre<\/li>\n<li>Sorteo y env\u00edo de SMS para matriculaci\u00f3n: 28 de noviembre<\/li>\n<li>Matriculaci\u00f3n: del 2 al 12 de diciembre<\/li>\n<li>Precio: 49,5 euros<\/li>\n<li>N\u00ba de plazas: 20 plazas en cada taller. Se requiere tener conocimientos b\u00e1sicos<\/li>\n<\/ul>\n","protected":false},"excerpt":{"rendered":"<p>Las personas interesadas podr\u00e1n realizar la preinscripci\u00f3n hasta el d\u00eda 27 de noviembre en el tel\u00e9fono de atenci\u00f3n ciudadana 010<\/p>\n","protected":false},"author":1,"featured_media":51326,"comment_status":"open","ping_status":"closed","sticky":false,"template":"","format":"standard","meta":{"footnotes":""},"categories":[2],"tags":[],"class_list":["post-51325","post","type-post","status-publish","format-standard","has-post-thumbnail","hentry","category-ayuntamiento-pamplona"],"yoast_head":"<!-- This site is optimized with the Yoast SEO plugin v27.3 - https:\/\/yoast.com\/product\/yoast-seo-wordpress\/ -->\n<title>Escuela Municipal de Artes y Oficios Catalina de Osc\u00e1riz abre matr\u00edcula para las 80 plazas de sus talleres de Dibujo y Pintura del segundo trimestre del curso<\/title>\n<meta name=\"description\" content=\"Las personas interesadas podr\u00e1n realizar la preinscripci\u00f3n hasta el d\u00eda 27 de noviembre en el tel\u00e9fono de atenci\u00f3n ciudadana 010\" \/>\n<meta name=\"robots\" content=\"index, follow, max-snippet:-1, max-image-preview:large, max-video-preview:-1\" \/>\n<link rel=\"canonical\" href=\"https:\/\/www.laguiadepamplona.com\/actualidad\/escuela-municipal-de-artes-y-oficios-catalina-de-oscariz-abre-matricula-para-las-80-plazas-de-sus-talleres-de-dibujo-y-pintura-del-segundo-trimestre-del-curso\/\" \/>\n<meta property=\"og:locale\" content=\"es_ES\" \/>\n<meta property=\"og:type\" content=\"article\" \/>\n<meta property=\"og:title\" content=\"Escuela Municipal de Artes y Oficios Catalina de Osc\u00e1riz abre matr\u00edcula para las 80 plazas de sus talleres de Dibujo y Pintura del segundo trimestre del curso\" \/>\n<meta property=\"og:description\" content=\"Las personas interesadas podr\u00e1n realizar la preinscripci\u00f3n hasta el d\u00eda 27 de noviembre en el tel\u00e9fono de atenci\u00f3n ciudadana 010\" \/>\n<meta property=\"og:url\" content=\"https:\/\/www.laguiadepamplona.com\/actualidad\/escuela-municipal-de-artes-y-oficios-catalina-de-oscariz-abre-matricula-para-las-80-plazas-de-sus-talleres-de-dibujo-y-pintura-del-segundo-trimestre-del-curso\/\" \/>\n<meta property=\"og:site_name\" content=\"La Gu\u00eda de Pamplona\" \/>\n<meta property=\"article:publisher\" content=\"https:\/\/www.facebook.com\/laguiadepamplonacom-133175176762273\/?ref=hl\" \/>\n<meta property=\"article:published_time\" content=\"2024-11-15T12:45:29+00:00\" \/>\n<meta property=\"og:image\" content=\"https:\/\/www.laguiadepamplona.com\/actualidad\/wp-content\/uploads\/2024\/11\/catalina_oscariz_web.webp\" \/>\n\t<meta property=\"og:image:width\" content=\"1000\" \/>\n\t<meta property=\"og:image:height\" content=\"619\" \/>\n\t<meta property=\"og:image:type\" content=\"image\/webp\" \/>\n<meta name=\"author\" content=\"La Gu\u00eda de Pamplona\" \/>\n<meta name=\"twitter:card\" content=\"summary_large_image\" \/>\n<meta name=\"twitter:creator\" content=\"@LaGuiadPamplona\" \/>\n<meta name=\"twitter:site\" content=\"@LaGuiadPamplona\" \/>\n<meta name=\"twitter:label1\" content=\"Escrito por\" \/>\n\t<meta name=\"twitter:data1\" content=\"La Gu\u00eda de Pamplona\" \/>\n\t<meta name=\"twitter:label2\" content=\"Tiempo de lectura\" \/>\n\t<meta name=\"twitter:data2\" content=\"3 minutos\" \/>\n<script type=\"application\/ld+json\" class=\"yoast-schema-graph\">{\"@context\":\"https:\\\/\\\/schema.org\",\"@graph\":[{\"@type\":\"Article\",\"@id\":\"https:\\\/\\\/www.laguiadepamplona.com\\\/actualidad\\\/escuela-municipal-de-artes-y-oficios-catalina-de-oscariz-abre-matricula-para-las-80-plazas-de-sus-talleres-de-dibujo-y-pintura-del-segundo-trimestre-del-curso\\\/#article\",\"isPartOf\":{\"@id\":\"https:\\\/\\\/www.laguiadepamplona.com\\\/actualidad\\\/escuela-municipal-de-artes-y-oficios-catalina-de-oscariz-abre-matricula-para-las-80-plazas-de-sus-talleres-de-dibujo-y-pintura-del-segundo-trimestre-del-curso\\\/\"},\"author\":{\"name\":\"La Gu\u00eda de Pamplona\",\"@id\":\"https:\\\/\\\/www.laguiadepamplona.com\\\/actualidad\\\/#\\\/schema\\\/person\\\/efe887376f0213d4657c93adc50b1fdb\"},\"headline\":\"Escuela Municipal de Artes y Oficios Catalina de Osc\u00e1riz abre matr\u00edcula para las 80 plazas de sus talleres de Dibujo y Pintura del segundo trimestre del curso\",\"datePublished\":\"2024-11-15T12:45:29+00:00\",\"mainEntityOfPage\":{\"@id\":\"https:\\\/\\\/www.laguiadepamplona.com\\\/actualidad\\\/escuela-municipal-de-artes-y-oficios-catalina-de-oscariz-abre-matricula-para-las-80-plazas-de-sus-talleres-de-dibujo-y-pintura-del-segundo-trimestre-del-curso\\\/\"},\"wordCount\":548,\"commentCount\":0,\"publisher\":{\"@id\":\"https:\\\/\\\/www.laguiadepamplona.com\\\/actualidad\\\/#organization\"},\"image\":{\"@id\":\"https:\\\/\\\/www.laguiadepamplona.com\\\/actualidad\\\/escuela-municipal-de-artes-y-oficios-catalina-de-oscariz-abre-matricula-para-las-80-plazas-de-sus-talleres-de-dibujo-y-pintura-del-segundo-trimestre-del-curso\\\/#primaryimage\"},\"thumbnailUrl\":\"https:\\\/\\\/www.laguiadepamplona.com\\\/actualidad\\\/wp-content\\\/uploads\\\/2024\\\/11\\\/catalina_oscariz_web.webp\",\"articleSection\":[\"Ayto Pamplona\"],\"inLanguage\":\"es\",\"potentialAction\":[{\"@type\":\"CommentAction\",\"name\":\"Comment\",\"target\":[\"https:\\\/\\\/www.laguiadepamplona.com\\\/actualidad\\\/escuela-municipal-de-artes-y-oficios-catalina-de-oscariz-abre-matricula-para-las-80-plazas-de-sus-talleres-de-dibujo-y-pintura-del-segundo-trimestre-del-curso\\\/#respond\"]}]},{\"@type\":\"WebPage\",\"@id\":\"https:\\\/\\\/www.laguiadepamplona.com\\\/actualidad\\\/escuela-municipal-de-artes-y-oficios-catalina-de-oscariz-abre-matricula-para-las-80-plazas-de-sus-talleres-de-dibujo-y-pintura-del-segundo-trimestre-del-curso\\\/\",\"url\":\"https:\\\/\\\/www.laguiadepamplona.com\\\/actualidad\\\/escuela-municipal-de-artes-y-oficios-catalina-de-oscariz-abre-matricula-para-las-80-plazas-de-sus-talleres-de-dibujo-y-pintura-del-segundo-trimestre-del-curso\\\/\",\"name\":\"Escuela Municipal de Artes y Oficios Catalina de Osc\u00e1riz abre matr\u00edcula para las 80 plazas de sus talleres de Dibujo y Pintura del segundo trimestre del curso\",\"isPartOf\":{\"@id\":\"https:\\\/\\\/www.laguiadepamplona.com\\\/actualidad\\\/#website\"},\"primaryImageOfPage\":{\"@id\":\"https:\\\/\\\/www.laguiadepamplona.com\\\/actualidad\\\/escuela-municipal-de-artes-y-oficios-catalina-de-oscariz-abre-matricula-para-las-80-plazas-de-sus-talleres-de-dibujo-y-pintura-del-segundo-trimestre-del-curso\\\/#primaryimage\"},\"image\":{\"@id\":\"https:\\\/\\\/www.laguiadepamplona.com\\\/actualidad\\\/escuela-municipal-de-artes-y-oficios-catalina-de-oscariz-abre-matricula-para-las-80-plazas-de-sus-talleres-de-dibujo-y-pintura-del-segundo-trimestre-del-curso\\\/#primaryimage\"},\"thumbnailUrl\":\"https:\\\/\\\/www.laguiadepamplona.com\\\/actualidad\\\/wp-content\\\/uploads\\\/2024\\\/11\\\/catalina_oscariz_web.webp\",\"datePublished\":\"2024-11-15T12:45:29+00:00\",\"description\":\"Las personas interesadas podr\u00e1n realizar la preinscripci\u00f3n hasta el d\u00eda 27 de noviembre en el tel\u00e9fono de atenci\u00f3n ciudadana 010\",\"breadcrumb\":{\"@id\":\"https:\\\/\\\/www.laguiadepamplona.com\\\/actualidad\\\/escuela-municipal-de-artes-y-oficios-catalina-de-oscariz-abre-matricula-para-las-80-plazas-de-sus-talleres-de-dibujo-y-pintura-del-segundo-trimestre-del-curso\\\/#breadcrumb\"},\"inLanguage\":\"es\",\"potentialAction\":[{\"@type\":\"ReadAction\",\"target\":[\"https:\\\/\\\/www.laguiadepamplona.com\\\/actualidad\\\/escuela-municipal-de-artes-y-oficios-catalina-de-oscariz-abre-matricula-para-las-80-plazas-de-sus-talleres-de-dibujo-y-pintura-del-segundo-trimestre-del-curso\\\/\"]}]},{\"@type\":\"ImageObject\",\"inLanguage\":\"es\",\"@id\":\"https:\\\/\\\/www.laguiadepamplona.com\\\/actualidad\\\/escuela-municipal-de-artes-y-oficios-catalina-de-oscariz-abre-matricula-para-las-80-plazas-de-sus-talleres-de-dibujo-y-pintura-del-segundo-trimestre-del-curso\\\/#primaryimage\",\"url\":\"https:\\\/\\\/www.laguiadepamplona.com\\\/actualidad\\\/wp-content\\\/uploads\\\/2024\\\/11\\\/catalina_oscariz_web.webp\",\"contentUrl\":\"https:\\\/\\\/www.laguiadepamplona.com\\\/actualidad\\\/wp-content\\\/uploads\\\/2024\\\/11\\\/catalina_oscariz_web.webp\",\"width\":1000,\"height\":619,\"caption\":\"escuela municipal Catalina Oscariz\"},{\"@type\":\"BreadcrumbList\",\"@id\":\"https:\\\/\\\/www.laguiadepamplona.com\\\/actualidad\\\/escuela-municipal-de-artes-y-oficios-catalina-de-oscariz-abre-matricula-para-las-80-plazas-de-sus-talleres-de-dibujo-y-pintura-del-segundo-trimestre-del-curso\\\/#breadcrumb\",\"itemListElement\":[{\"@type\":\"ListItem\",\"position\":1,\"name\":\"Portada\",\"item\":\"https:\\\/\\\/www.laguiadepamplona.com\\\/actualidad\\\/\"},{\"@type\":\"ListItem\",\"position\":2,\"name\":\"Escuela Municipal de Artes y Oficios Catalina de Osc\u00e1riz abre matr\u00edcula para las 80 plazas de sus talleres de Dibujo y Pintura del segundo trimestre del curso\"}]},{\"@type\":\"WebSite\",\"@id\":\"https:\\\/\\\/www.laguiadepamplona.com\\\/actualidad\\\/#website\",\"url\":\"https:\\\/\\\/www.laguiadepamplona.com\\\/actualidad\\\/\",\"name\":\"La gu\u00eda de Pamplona\",\"description\":\"Noticias de Pamplona\",\"publisher\":{\"@id\":\"https:\\\/\\\/www.laguiadepamplona.com\\\/actualidad\\\/#organization\"},\"potentialAction\":[{\"@type\":\"SearchAction\",\"target\":{\"@type\":\"EntryPoint\",\"urlTemplate\":\"https:\\\/\\\/www.laguiadepamplona.com\\\/actualidad\\\/?s={search_term_string}\"},\"query-input\":{\"@type\":\"PropertyValueSpecification\",\"valueRequired\":true,\"valueName\":\"search_term_string\"}}],\"inLanguage\":\"es\"},{\"@type\":\"Organization\",\"@id\":\"https:\\\/\\\/www.laguiadepamplona.com\\\/actualidad\\\/#organization\",\"name\":\"La Gu\u00eda de Pamplona \\\/ Noticias\",\"url\":\"https:\\\/\\\/www.laguiadepamplona.com\\\/actualidad\\\/\",\"logo\":{\"@type\":\"ImageObject\",\"inLanguage\":\"es\",\"@id\":\"https:\\\/\\\/www.laguiadepamplona.com\\\/actualidad\\\/#\\\/schema\\\/logo\\\/image\\\/\",\"url\":\"https:\\\/\\\/www.laguiadepamplona.com\\\/actualidad\\\/wp-content\\\/uploads\\\/2018\\\/11\\\/logo-laguiadepamplona18-web1.png\",\"contentUrl\":\"https:\\\/\\\/www.laguiadepamplona.com\\\/actualidad\\\/wp-content\\\/uploads\\\/2018\\\/11\\\/logo-laguiadepamplona18-web1.png\",\"width\":600,\"height\":196,\"caption\":\"La Gu\u00eda de Pamplona \\\/ Noticias\"},\"image\":{\"@id\":\"https:\\\/\\\/www.laguiadepamplona.com\\\/actualidad\\\/#\\\/schema\\\/logo\\\/image\\\/\"},\"sameAs\":[\"https:\\\/\\\/www.facebook.com\\\/laguiadepamplonacom-133175176762273\\\/?ref=hl\",\"https:\\\/\\\/x.com\\\/LaGuiadPamplona\",\"https:\\\/\\\/www.instagram.com\\\/la_guia_de_pamplona\\\/\",\"https:\\\/\\\/www.youtube.com\\\/user\\\/laguiadepamplona\"]},{\"@type\":\"Person\",\"@id\":\"https:\\\/\\\/www.laguiadepamplona.com\\\/actualidad\\\/#\\\/schema\\\/person\\\/efe887376f0213d4657c93adc50b1fdb\",\"name\":\"La Gu\u00eda de Pamplona\",\"image\":{\"@type\":\"ImageObject\",\"inLanguage\":\"es\",\"@id\":\"https:\\\/\\\/secure.gravatar.com\\\/avatar\\\/b6992f131dc8d30ab0dff15446e9d346d9dbd95992de0fef795073f5ea83a81c?s=96&d=mm&r=g\",\"url\":\"https:\\\/\\\/secure.gravatar.com\\\/avatar\\\/b6992f131dc8d30ab0dff15446e9d346d9dbd95992de0fef795073f5ea83a81c?s=96&d=mm&r=g\",\"contentUrl\":\"https:\\\/\\\/secure.gravatar.com\\\/avatar\\\/b6992f131dc8d30ab0dff15446e9d346d9dbd95992de0fef795073f5ea83a81c?s=96&d=mm&r=g\",\"caption\":\"La Gu\u00eda de Pamplona\"}}]}<\/script>\n<!-- \/ Yoast SEO plugin. -->","yoast_head_json":{"title":"Escuela Municipal de Artes y Oficios Catalina de Osc\u00e1riz abre matr\u00edcula para las 80 plazas de sus talleres de Dibujo y Pintura del segundo trimestre del curso","description":"Las personas interesadas podr\u00e1n realizar la preinscripci\u00f3n hasta el d\u00eda 27 de noviembre en el tel\u00e9fono de atenci\u00f3n ciudadana 010","robots":{"index":"index","follow":"follow","max-snippet":"max-snippet:-1","max-image-preview":"max-image-preview:large","max-video-preview":"max-video-preview:-1"},"canonical":"https:\/\/www.laguiadepamplona.com\/actualidad\/escuela-municipal-de-artes-y-oficios-catalina-de-oscariz-abre-matricula-para-las-80-plazas-de-sus-talleres-de-dibujo-y-pintura-del-segundo-trimestre-del-curso\/","og_locale":"es_ES","og_type":"article","og_title":"Escuela Municipal de Artes y Oficios Catalina de Osc\u00e1riz abre matr\u00edcula para las 80 plazas de sus talleres de Dibujo y Pintura del segundo trimestre del curso","og_description":"Las personas interesadas podr\u00e1n realizar la preinscripci\u00f3n hasta el d\u00eda 27 de noviembre en el tel\u00e9fono de atenci\u00f3n ciudadana 010","og_url":"https:\/\/www.laguiadepamplona.com\/actualidad\/escuela-municipal-de-artes-y-oficios-catalina-de-oscariz-abre-matricula-para-las-80-plazas-de-sus-talleres-de-dibujo-y-pintura-del-segundo-trimestre-del-curso\/","og_site_name":"La Gu\u00eda de Pamplona","article_publisher":"https:\/\/www.facebook.com\/laguiadepamplonacom-133175176762273\/?ref=hl","article_published_time":"2024-11-15T12:45:29+00:00","og_image":[{"width":1000,"height":619,"url":"https:\/\/www.laguiadepamplona.com\/actualidad\/wp-content\/uploads\/2024\/11\/catalina_oscariz_web.webp","type":"image\/webp"}],"author":"La Gu\u00eda de Pamplona","twitter_card":"summary_large_image","twitter_creator":"@LaGuiadPamplona","twitter_site":"@LaGuiadPamplona","twitter_misc":{"Escrito por":"La Gu\u00eda de Pamplona","Tiempo de lectura":"3 minutos"},"schema":{"@context":"https:\/\/schema.org","@graph":[{"@type":"Article","@id":"https:\/\/www.laguiadepamplona.com\/actualidad\/escuela-municipal-de-artes-y-oficios-catalina-de-oscariz-abre-matricula-para-las-80-plazas-de-sus-talleres-de-dibujo-y-pintura-del-segundo-trimestre-del-curso\/#article","isPartOf":{"@id":"https:\/\/www.laguiadepamplona.com\/actualidad\/escuela-municipal-de-artes-y-oficios-catalina-de-oscariz-abre-matricula-para-las-80-plazas-de-sus-talleres-de-dibujo-y-pintura-del-segundo-trimestre-del-curso\/"},"author":{"name":"La Gu\u00eda de Pamplona","@id":"https:\/\/www.laguiadepamplona.com\/actualidad\/#\/schema\/person\/efe887376f0213d4657c93adc50b1fdb"},"headline":"Escuela Municipal de Artes y Oficios Catalina de Osc\u00e1riz abre matr\u00edcula para las 80 plazas de sus talleres de Dibujo y Pintura del segundo trimestre del curso","datePublished":"2024-11-15T12:45:29+00:00","mainEntityOfPage":{"@id":"https:\/\/www.laguiadepamplona.com\/actualidad\/escuela-municipal-de-artes-y-oficios-catalina-de-oscariz-abre-matricula-para-las-80-plazas-de-sus-talleres-de-dibujo-y-pintura-del-segundo-trimestre-del-curso\/"},"wordCount":548,"commentCount":0,"publisher":{"@id":"https:\/\/www.laguiadepamplona.com\/actualidad\/#organization"},"image":{"@id":"https:\/\/www.laguiadepamplona.com\/actualidad\/escuela-municipal-de-artes-y-oficios-catalina-de-oscariz-abre-matricula-para-las-80-plazas-de-sus-talleres-de-dibujo-y-pintura-del-segundo-trimestre-del-curso\/#primaryimage"},"thumbnailUrl":"https:\/\/www.laguiadepamplona.com\/actualidad\/wp-content\/uploads\/2024\/11\/catalina_oscariz_web.webp","articleSection":["Ayto Pamplona"],"inLanguage":"es","potentialAction":[{"@type":"CommentAction","name":"Comment","target":["https:\/\/www.laguiadepamplona.com\/actualidad\/escuela-municipal-de-artes-y-oficios-catalina-de-oscariz-abre-matricula-para-las-80-plazas-de-sus-talleres-de-dibujo-y-pintura-del-segundo-trimestre-del-curso\/#respond"]}]},{"@type":"WebPage","@id":"https:\/\/www.laguiadepamplona.com\/actualidad\/escuela-municipal-de-artes-y-oficios-catalina-de-oscariz-abre-matricula-para-las-80-plazas-de-sus-talleres-de-dibujo-y-pintura-del-segundo-trimestre-del-curso\/","url":"https:\/\/www.laguiadepamplona.com\/actualidad\/escuela-municipal-de-artes-y-oficios-catalina-de-oscariz-abre-matricula-para-las-80-plazas-de-sus-talleres-de-dibujo-y-pintura-del-segundo-trimestre-del-curso\/","name":"Escuela Municipal de Artes y Oficios Catalina de Osc\u00e1riz abre matr\u00edcula para las 80 plazas de sus talleres de Dibujo y Pintura del segundo trimestre del curso","isPartOf":{"@id":"https:\/\/www.laguiadepamplona.com\/actualidad\/#website"},"primaryImageOfPage":{"@id":"https:\/\/www.laguiadepamplona.com\/actualidad\/escuela-municipal-de-artes-y-oficios-catalina-de-oscariz-abre-matricula-para-las-80-plazas-de-sus-talleres-de-dibujo-y-pintura-del-segundo-trimestre-del-curso\/#primaryimage"},"image":{"@id":"https:\/\/www.laguiadepamplona.com\/actualidad\/escuela-municipal-de-artes-y-oficios-catalina-de-oscariz-abre-matricula-para-las-80-plazas-de-sus-talleres-de-dibujo-y-pintura-del-segundo-trimestre-del-curso\/#primaryimage"},"thumbnailUrl":"https:\/\/www.laguiadepamplona.com\/actualidad\/wp-content\/uploads\/2024\/11\/catalina_oscariz_web.webp","datePublished":"2024-11-15T12:45:29+00:00","description":"Las personas interesadas podr\u00e1n realizar la preinscripci\u00f3n hasta el d\u00eda 27 de noviembre en el tel\u00e9fono de atenci\u00f3n ciudadana 010","breadcrumb":{"@id":"https:\/\/www.laguiadepamplona.com\/actualidad\/escuela-municipal-de-artes-y-oficios-catalina-de-oscariz-abre-matricula-para-las-80-plazas-de-sus-talleres-de-dibujo-y-pintura-del-segundo-trimestre-del-curso\/#breadcrumb"},"inLanguage":"es","potentialAction":[{"@type":"ReadAction","target":["https:\/\/www.laguiadepamplona.com\/actualidad\/escuela-municipal-de-artes-y-oficios-catalina-de-oscariz-abre-matricula-para-las-80-plazas-de-sus-talleres-de-dibujo-y-pintura-del-segundo-trimestre-del-curso\/"]}]},{"@type":"ImageObject","inLanguage":"es","@id":"https:\/\/www.laguiadepamplona.com\/actualidad\/escuela-municipal-de-artes-y-oficios-catalina-de-oscariz-abre-matricula-para-las-80-plazas-de-sus-talleres-de-dibujo-y-pintura-del-segundo-trimestre-del-curso\/#primaryimage","url":"https:\/\/www.laguiadepamplona.com\/actualidad\/wp-content\/uploads\/2024\/11\/catalina_oscariz_web.webp","contentUrl":"https:\/\/www.laguiadepamplona.com\/actualidad\/wp-content\/uploads\/2024\/11\/catalina_oscariz_web.webp","width":1000,"height":619,"caption":"escuela municipal Catalina Oscariz"},{"@type":"BreadcrumbList","@id":"https:\/\/www.laguiadepamplona.com\/actualidad\/escuela-municipal-de-artes-y-oficios-catalina-de-oscariz-abre-matricula-para-las-80-plazas-de-sus-talleres-de-dibujo-y-pintura-del-segundo-trimestre-del-curso\/#breadcrumb","itemListElement":[{"@type":"ListItem","position":1,"name":"Portada","item":"https:\/\/www.laguiadepamplona.com\/actualidad\/"},{"@type":"ListItem","position":2,"name":"Escuela Municipal de Artes y Oficios Catalina de Osc\u00e1riz abre matr\u00edcula para las 80 plazas de sus talleres de Dibujo y Pintura del segundo trimestre del curso"}]},{"@type":"WebSite","@id":"https:\/\/www.laguiadepamplona.com\/actualidad\/#website","url":"https:\/\/www.laguiadepamplona.com\/actualidad\/","name":"La gu\u00eda de Pamplona","description":"Noticias de Pamplona","publisher":{"@id":"https:\/\/www.laguiadepamplona.com\/actualidad\/#organization"},"potentialAction":[{"@type":"SearchAction","target":{"@type":"EntryPoint","urlTemplate":"https:\/\/www.laguiadepamplona.com\/actualidad\/?s={search_term_string}"},"query-input":{"@type":"PropertyValueSpecification","valueRequired":true,"valueName":"search_term_string"}}],"inLanguage":"es"},{"@type":"Organization","@id":"https:\/\/www.laguiadepamplona.com\/actualidad\/#organization","name":"La Gu\u00eda de Pamplona \/ Noticias","url":"https:\/\/www.laguiadepamplona.com\/actualidad\/","logo":{"@type":"ImageObject","inLanguage":"es","@id":"https:\/\/www.laguiadepamplona.com\/actualidad\/#\/schema\/logo\/image\/","url":"https:\/\/www.laguiadepamplona.com\/actualidad\/wp-content\/uploads\/2018\/11\/logo-laguiadepamplona18-web1.png","contentUrl":"https:\/\/www.laguiadepamplona.com\/actualidad\/wp-content\/uploads\/2018\/11\/logo-laguiadepamplona18-web1.png","width":600,"height":196,"caption":"La Gu\u00eda de Pamplona \/ Noticias"},"image":{"@id":"https:\/\/www.laguiadepamplona.com\/actualidad\/#\/schema\/logo\/image\/"},"sameAs":["https:\/\/www.facebook.com\/laguiadepamplonacom-133175176762273\/?ref=hl","https:\/\/x.com\/LaGuiadPamplona","https:\/\/www.instagram.com\/la_guia_de_pamplona\/","https:\/\/www.youtube.com\/user\/laguiadepamplona"]},{"@type":"Person","@id":"https:\/\/www.laguiadepamplona.com\/actualidad\/#\/schema\/person\/efe887376f0213d4657c93adc50b1fdb","name":"La Gu\u00eda de Pamplona","image":{"@type":"ImageObject","inLanguage":"es","@id":"https:\/\/secure.gravatar.com\/avatar\/b6992f131dc8d30ab0dff15446e9d346d9dbd95992de0fef795073f5ea83a81c?s=96&d=mm&r=g","url":"https:\/\/secure.gravatar.com\/avatar\/b6992f131dc8d30ab0dff15446e9d346d9dbd95992de0fef795073f5ea83a81c?s=96&d=mm&r=g","contentUrl":"https:\/\/secure.gravatar.com\/avatar\/b6992f131dc8d30ab0dff15446e9d346d9dbd95992de0fef795073f5ea83a81c?s=96&d=mm&r=g","caption":"La Gu\u00eda de Pamplona"}}]}},"post_mailing_queue_ids":[],"_links":{"self":[{"href":"https:\/\/www.laguiadepamplona.com\/actualidad\/wp-json\/wp\/v2\/posts\/51325","targetHints":{"allow":["GET"]}}],"collection":[{"href":"https:\/\/www.laguiadepamplona.com\/actualidad\/wp-json\/wp\/v2\/posts"}],"about":[{"href":"https:\/\/www.laguiadepamplona.com\/actualidad\/wp-json\/wp\/v2\/types\/post"}],"author":[{"embeddable":true,"href":"https:\/\/www.laguiadepamplona.com\/actualidad\/wp-json\/wp\/v2\/users\/1"}],"replies":[{"embeddable":true,"href":"https:\/\/www.laguiadepamplona.com\/actualidad\/wp-json\/wp\/v2\/comments?post=51325"}],"version-history":[{"count":1,"href":"https:\/\/www.laguiadepamplona.com\/actualidad\/wp-json\/wp\/v2\/posts\/51325\/revisions"}],"predecessor-version":[{"id":51327,"href":"https:\/\/www.laguiadepamplona.com\/actualidad\/wp-json\/wp\/v2\/posts\/51325\/revisions\/51327"}],"wp:featuredmedia":[{"embeddable":true,"href":"https:\/\/www.laguiadepamplona.com\/actualidad\/wp-json\/wp\/v2\/media\/51326"}],"wp:attachment":[{"href":"https:\/\/www.laguiadepamplona.com\/actualidad\/wp-json\/wp\/v2\/media?parent=51325"}],"wp:term":[{"taxonomy":"category","embeddable":true,"href":"https:\/\/www.laguiadepamplona.com\/actualidad\/wp-json\/wp\/v2\/categories?post=51325"},{"taxonomy":"post_tag","embeddable":true,"href":"https:\/\/www.laguiadepamplona.com\/actualidad\/wp-json\/wp\/v2\/tags?post=51325"}],"curies":[{"name":"wp","href":"https:\/\/api.w.org\/{rel}","templated":true}]}}