{"id":51322,"date":"2024-11-15T14:43:31","date_gmt":"2024-11-15T12:43:31","guid":{"rendered":"https:\/\/www.laguiadepamplona.com\/actualidad\/?p=51322"},"modified":"2024-11-15T14:43:31","modified_gmt":"2024-11-15T12:43:31","slug":"el-ayuntamiento-de-pamplona-esta-trabajando-en-una-actualizacion-del-protocolo-de-respuesta-frente-a-las-agresiones-sexistas-en-san-fermin","status":"publish","type":"post","link":"https:\/\/www.laguiadepamplona.com\/actualidad\/el-ayuntamiento-de-pamplona-esta-trabajando-en-una-actualizacion-del-protocolo-de-respuesta-frente-a-las-agresiones-sexistas-en-san-fermin\/","title":{"rendered":"El Ayuntamiento de Pamplona est\u00e1 trabajando en una actualizaci\u00f3n del Protocolo de respuesta frente a las agresiones sexistas en San Ferm\u00edn"},"content":{"rendered":"<h2>El objetivo es adaptar todo el sistema a los cambios legales, sociales y administrativos que se han ido produciendo en este \u00e1mbito<\/h2>\n<p><!--more--><\/p>\n<p>Ayuntamiento de Pamplona, junto con el movimiento asociativo feminista est\u00e1 trabajando en una actualizaci\u00f3n del Protocolo de respuesta frente a las agresiones sexistas que aprob\u00f3 en 2017 centrado espec\u00edficamente en las fiestas de San Ferm\u00edn. Ocho a\u00f1os despu\u00e9s de su implementaci\u00f3n, el Consistorio ha decidido que es momento de adaptar todo el sistema a los cambios que se han ido produciendo en este \u00e1mbito, tanto en el enfoque y la percepci\u00f3n social, como en la normativa que lo regula, el tipo y cantidad de recursos disponibles o, incluso, por la aparici\u00f3n de nuevos agentes como algunos servicios espec\u00edficos para las v\u00edctimas de agresiones.<\/p>\n<p>El protocolo es un procedimiento que busca articular recursos y conductas, de forma que contempla, desde la atenci\u00f3n a las v\u00edctimas en el momento en el que se produce la agresi\u00f3n, la petici\u00f3n de ayuda o la denuncia, hasta el posterior acompa\u00f1amiento pasando por la comunicaci\u00f3n p\u00fablica a los medios y a la ciudadan\u00eda. Este acompa\u00f1amiento social sirve como figura profesional de apoyo y referencia y como enlace entre los diferentes dispositivos (policiales, judiciales, sanitarios, etc.).<\/p>\n<p>Se trata de apoyar a las v\u00edctimas, y a sus familiares, d\u00e1ndoles el car\u00e1cter central en todo el proceso. Todas estas actuaciones se definen, y los recursos se adaptan, a escenarios diferentes seg\u00fan la gravedad de la agresi\u00f3n. Desde 2017 el protocolo se ha activado todos los a\u00f1os excepto en 2020 y 2021 cuyos Sanfermines fueron suspendidos por la pandemia de Covid 19.<\/p>\n<p>El protocolo, fruto de un proceso participado entre las diferentes \u00e1reas municipales implicadas y el movimiento feminista con el impulso y coordinaci\u00f3n del \u00c1rea de Igualdad forma parte del III Plan de Igualdad dentro del \u00e1rea de trabajo \u201cUna vida libre de violencia contra las mujeres en una ciudad segura\u201d.<\/p>\n<p>El Ayuntamiento de Pamplona comenz\u00f3 este proceso en septiembre con el an\u00e1lisis de funcionamiento y balance de aplicaci\u00f3n del protocolo, un trabajo que se est\u00e1 realizando de forma interna con personal de diferentes \u00e1mbitos: Seguridad y Convivencia Ciudadana, Acci\u00f3n Social, Alcald\u00eda \u2013Comunicaci\u00f3n, Cultura e Igualdad. A este personal t\u00e9cnico y de direcci\u00f3n se suman el Grupo Permanente para el abordaje de las violencias en Pamplona del Consejo Municipal de la Mujer, adem\u00e1s de una representaci\u00f3n de los movimientos feministas de la ciudad. El objetivo de estas sesiones es revisar el procedimiento existente para continuar profundizando en el protocolo de respuesta frente a las agresiones sexistas, coordinar de forma racional personas, recursos, procedimientos y respuesta institucional y ciudadana que se activan durante los sanfermines ante una agresi\u00f3n sexista,<\/p>\n<p>Este proceso de actualizaci\u00f3n est\u00e1 siendo coordinado por la consultor\u00eda de comunicaci\u00f3n estrat\u00e9gica Linking Ideas adjudicataria del contrato por importe de 13.068 euros. El objetivo es que el proceso est\u00e9 terminado a finales de diciembre pudi\u00e9ndose poner en marcha las acciones previas pertinentes antes de los pr\u00f3ximos sanfermines.<\/p>\n","protected":false},"excerpt":{"rendered":"<p>El objetivo es adaptar todo el sistema a los cambios legales, sociales y administrativos que se han ido produciendo en este \u00e1mbito<\/p>\n","protected":false},"author":1,"featured_media":51323,"comment_status":"open","ping_status":"closed","sticky":false,"template":"","format":"standard","meta":{"footnotes":""},"categories":[2],"tags":[],"class_list":["post-51322","post","type-post","status-publish","format-standard","has-post-thumbnail","hentry","category-ayuntamiento-pamplona"],"yoast_head":"<!-- This site is optimized with the Yoast SEO plugin v27.3 - https:\/\/yoast.com\/product\/yoast-seo-wordpress\/ -->\n<title>El Ayuntamiento de Pamplona est\u00e1 trabajando en una actualizaci\u00f3n del Protocolo de respuesta frente a las agresiones sexistas en San Ferm\u00edn<\/title>\n<meta name=\"description\" content=\"El objetivo es adaptar todo el sistema a los cambios legales, sociales y administrativos que se han ido produciendo en este \u00e1mbito\" \/>\n<meta name=\"robots\" content=\"index, follow, max-snippet:-1, max-image-preview:large, max-video-preview:-1\" \/>\n<link rel=\"canonical\" href=\"https:\/\/www.laguiadepamplona.com\/actualidad\/el-ayuntamiento-de-pamplona-esta-trabajando-en-una-actualizacion-del-protocolo-de-respuesta-frente-a-las-agresiones-sexistas-en-san-fermin\/\" \/>\n<meta property=\"og:locale\" content=\"es_ES\" \/>\n<meta property=\"og:type\" content=\"article\" \/>\n<meta property=\"og:title\" content=\"El Ayuntamiento de Pamplona est\u00e1 trabajando en una actualizaci\u00f3n del Protocolo de respuesta frente a las agresiones sexistas en San Ferm\u00edn\" \/>\n<meta property=\"og:description\" content=\"El objetivo es adaptar todo el sistema a los cambios legales, sociales y administrativos que se han ido produciendo en este \u00e1mbito\" \/>\n<meta property=\"og:url\" content=\"https:\/\/www.laguiadepamplona.com\/actualidad\/el-ayuntamiento-de-pamplona-esta-trabajando-en-una-actualizacion-del-protocolo-de-respuesta-frente-a-las-agresiones-sexistas-en-san-fermin\/\" \/>\n<meta property=\"og:site_name\" content=\"La Gu\u00eda de Pamplona\" \/>\n<meta property=\"article:publisher\" content=\"https:\/\/www.facebook.com\/laguiadepamplonacom-133175176762273\/?ref=hl\" \/>\n<meta property=\"article:published_time\" content=\"2024-11-15T12:43:31+00:00\" \/>\n<meta property=\"og:image\" content=\"https:\/\/www.laguiadepamplona.com\/actualidad\/wp-content\/uploads\/2024\/11\/reunion_protocolo_agresione.webp\" \/>\n\t<meta property=\"og:image:width\" content=\"1000\" \/>\n\t<meta property=\"og:image:height\" content=\"667\" \/>\n\t<meta property=\"og:image:type\" content=\"image\/webp\" \/>\n<meta name=\"author\" content=\"La Gu\u00eda de Pamplona\" \/>\n<meta name=\"twitter:card\" content=\"summary_large_image\" \/>\n<meta name=\"twitter:creator\" content=\"@LaGuiadPamplona\" \/>\n<meta name=\"twitter:site\" content=\"@LaGuiadPamplona\" \/>\n<meta name=\"twitter:label1\" content=\"Escrito por\" \/>\n\t<meta name=\"twitter:data1\" content=\"La Gu\u00eda de Pamplona\" \/>\n\t<meta name=\"twitter:label2\" content=\"Tiempo de lectura\" \/>\n\t<meta name=\"twitter:data2\" content=\"3 minutos\" \/>\n<script type=\"application\/ld+json\" class=\"yoast-schema-graph\">{\"@context\":\"https:\\\/\\\/schema.org\",\"@graph\":[{\"@type\":\"Article\",\"@id\":\"https:\\\/\\\/www.laguiadepamplona.com\\\/actualidad\\\/el-ayuntamiento-de-pamplona-esta-trabajando-en-una-actualizacion-del-protocolo-de-respuesta-frente-a-las-agresiones-sexistas-en-san-fermin\\\/#article\",\"isPartOf\":{\"@id\":\"https:\\\/\\\/www.laguiadepamplona.com\\\/actualidad\\\/el-ayuntamiento-de-pamplona-esta-trabajando-en-una-actualizacion-del-protocolo-de-respuesta-frente-a-las-agresiones-sexistas-en-san-fermin\\\/\"},\"author\":{\"name\":\"La Gu\u00eda de Pamplona\",\"@id\":\"https:\\\/\\\/www.laguiadepamplona.com\\\/actualidad\\\/#\\\/schema\\\/person\\\/efe887376f0213d4657c93adc50b1fdb\"},\"headline\":\"El Ayuntamiento de Pamplona est\u00e1 trabajando en una actualizaci\u00f3n del Protocolo de respuesta frente a las agresiones sexistas en San Ferm\u00edn\",\"datePublished\":\"2024-11-15T12:43:31+00:00\",\"mainEntityOfPage\":{\"@id\":\"https:\\\/\\\/www.laguiadepamplona.com\\\/actualidad\\\/el-ayuntamiento-de-pamplona-esta-trabajando-en-una-actualizacion-del-protocolo-de-respuesta-frente-a-las-agresiones-sexistas-en-san-fermin\\\/\"},\"wordCount\":548,\"commentCount\":0,\"publisher\":{\"@id\":\"https:\\\/\\\/www.laguiadepamplona.com\\\/actualidad\\\/#organization\"},\"image\":{\"@id\":\"https:\\\/\\\/www.laguiadepamplona.com\\\/actualidad\\\/el-ayuntamiento-de-pamplona-esta-trabajando-en-una-actualizacion-del-protocolo-de-respuesta-frente-a-las-agresiones-sexistas-en-san-fermin\\\/#primaryimage\"},\"thumbnailUrl\":\"https:\\\/\\\/www.laguiadepamplona.com\\\/actualidad\\\/wp-content\\\/uploads\\\/2024\\\/11\\\/reunion_protocolo_agresione.webp\",\"articleSection\":[\"Ayto Pamplona\"],\"inLanguage\":\"es\",\"potentialAction\":[{\"@type\":\"CommentAction\",\"name\":\"Comment\",\"target\":[\"https:\\\/\\\/www.laguiadepamplona.com\\\/actualidad\\\/el-ayuntamiento-de-pamplona-esta-trabajando-en-una-actualizacion-del-protocolo-de-respuesta-frente-a-las-agresiones-sexistas-en-san-fermin\\\/#respond\"]}]},{\"@type\":\"WebPage\",\"@id\":\"https:\\\/\\\/www.laguiadepamplona.com\\\/actualidad\\\/el-ayuntamiento-de-pamplona-esta-trabajando-en-una-actualizacion-del-protocolo-de-respuesta-frente-a-las-agresiones-sexistas-en-san-fermin\\\/\",\"url\":\"https:\\\/\\\/www.laguiadepamplona.com\\\/actualidad\\\/el-ayuntamiento-de-pamplona-esta-trabajando-en-una-actualizacion-del-protocolo-de-respuesta-frente-a-las-agresiones-sexistas-en-san-fermin\\\/\",\"name\":\"El Ayuntamiento de Pamplona est\u00e1 trabajando en una actualizaci\u00f3n del Protocolo de respuesta frente a las agresiones sexistas en San Ferm\u00edn\",\"isPartOf\":{\"@id\":\"https:\\\/\\\/www.laguiadepamplona.com\\\/actualidad\\\/#website\"},\"primaryImageOfPage\":{\"@id\":\"https:\\\/\\\/www.laguiadepamplona.com\\\/actualidad\\\/el-ayuntamiento-de-pamplona-esta-trabajando-en-una-actualizacion-del-protocolo-de-respuesta-frente-a-las-agresiones-sexistas-en-san-fermin\\\/#primaryimage\"},\"image\":{\"@id\":\"https:\\\/\\\/www.laguiadepamplona.com\\\/actualidad\\\/el-ayuntamiento-de-pamplona-esta-trabajando-en-una-actualizacion-del-protocolo-de-respuesta-frente-a-las-agresiones-sexistas-en-san-fermin\\\/#primaryimage\"},\"thumbnailUrl\":\"https:\\\/\\\/www.laguiadepamplona.com\\\/actualidad\\\/wp-content\\\/uploads\\\/2024\\\/11\\\/reunion_protocolo_agresione.webp\",\"datePublished\":\"2024-11-15T12:43:31+00:00\",\"description\":\"El objetivo es adaptar todo el sistema a los cambios legales, sociales y administrativos que se han ido produciendo en este \u00e1mbito\",\"breadcrumb\":{\"@id\":\"https:\\\/\\\/www.laguiadepamplona.com\\\/actualidad\\\/el-ayuntamiento-de-pamplona-esta-trabajando-en-una-actualizacion-del-protocolo-de-respuesta-frente-a-las-agresiones-sexistas-en-san-fermin\\\/#breadcrumb\"},\"inLanguage\":\"es\",\"potentialAction\":[{\"@type\":\"ReadAction\",\"target\":[\"https:\\\/\\\/www.laguiadepamplona.com\\\/actualidad\\\/el-ayuntamiento-de-pamplona-esta-trabajando-en-una-actualizacion-del-protocolo-de-respuesta-frente-a-las-agresiones-sexistas-en-san-fermin\\\/\"]}]},{\"@type\":\"ImageObject\",\"inLanguage\":\"es\",\"@id\":\"https:\\\/\\\/www.laguiadepamplona.com\\\/actualidad\\\/el-ayuntamiento-de-pamplona-esta-trabajando-en-una-actualizacion-del-protocolo-de-respuesta-frente-a-las-agresiones-sexistas-en-san-fermin\\\/#primaryimage\",\"url\":\"https:\\\/\\\/www.laguiadepamplona.com\\\/actualidad\\\/wp-content\\\/uploads\\\/2024\\\/11\\\/reunion_protocolo_agresione.webp\",\"contentUrl\":\"https:\\\/\\\/www.laguiadepamplona.com\\\/actualidad\\\/wp-content\\\/uploads\\\/2024\\\/11\\\/reunion_protocolo_agresione.webp\",\"width\":1000,\"height\":667,\"caption\":\"reuni\u00f3n protocolo agresiones\"},{\"@type\":\"BreadcrumbList\",\"@id\":\"https:\\\/\\\/www.laguiadepamplona.com\\\/actualidad\\\/el-ayuntamiento-de-pamplona-esta-trabajando-en-una-actualizacion-del-protocolo-de-respuesta-frente-a-las-agresiones-sexistas-en-san-fermin\\\/#breadcrumb\",\"itemListElement\":[{\"@type\":\"ListItem\",\"position\":1,\"name\":\"Portada\",\"item\":\"https:\\\/\\\/www.laguiadepamplona.com\\\/actualidad\\\/\"},{\"@type\":\"ListItem\",\"position\":2,\"name\":\"El Ayuntamiento de Pamplona est\u00e1 trabajando en una actualizaci\u00f3n del Protocolo de respuesta frente a las agresiones sexistas en San Ferm\u00edn\"}]},{\"@type\":\"WebSite\",\"@id\":\"https:\\\/\\\/www.laguiadepamplona.com\\\/actualidad\\\/#website\",\"url\":\"https:\\\/\\\/www.laguiadepamplona.com\\\/actualidad\\\/\",\"name\":\"La gu\u00eda de Pamplona\",\"description\":\"Noticias de Pamplona\",\"publisher\":{\"@id\":\"https:\\\/\\\/www.laguiadepamplona.com\\\/actualidad\\\/#organization\"},\"potentialAction\":[{\"@type\":\"SearchAction\",\"target\":{\"@type\":\"EntryPoint\",\"urlTemplate\":\"https:\\\/\\\/www.laguiadepamplona.com\\\/actualidad\\\/?s={search_term_string}\"},\"query-input\":{\"@type\":\"PropertyValueSpecification\",\"valueRequired\":true,\"valueName\":\"search_term_string\"}}],\"inLanguage\":\"es\"},{\"@type\":\"Organization\",\"@id\":\"https:\\\/\\\/www.laguiadepamplona.com\\\/actualidad\\\/#organization\",\"name\":\"La Gu\u00eda de Pamplona \\\/ Noticias\",\"url\":\"https:\\\/\\\/www.laguiadepamplona.com\\\/actualidad\\\/\",\"logo\":{\"@type\":\"ImageObject\",\"inLanguage\":\"es\",\"@id\":\"https:\\\/\\\/www.laguiadepamplona.com\\\/actualidad\\\/#\\\/schema\\\/logo\\\/image\\\/\",\"url\":\"https:\\\/\\\/www.laguiadepamplona.com\\\/actualidad\\\/wp-content\\\/uploads\\\/2018\\\/11\\\/logo-laguiadepamplona18-web1.png\",\"contentUrl\":\"https:\\\/\\\/www.laguiadepamplona.com\\\/actualidad\\\/wp-content\\\/uploads\\\/2018\\\/11\\\/logo-laguiadepamplona18-web1.png\",\"width\":600,\"height\":196,\"caption\":\"La Gu\u00eda de Pamplona \\\/ Noticias\"},\"image\":{\"@id\":\"https:\\\/\\\/www.laguiadepamplona.com\\\/actualidad\\\/#\\\/schema\\\/logo\\\/image\\\/\"},\"sameAs\":[\"https:\\\/\\\/www.facebook.com\\\/laguiadepamplonacom-133175176762273\\\/?ref=hl\",\"https:\\\/\\\/x.com\\\/LaGuiadPamplona\",\"https:\\\/\\\/www.instagram.com\\\/la_guia_de_pamplona\\\/\",\"https:\\\/\\\/www.youtube.com\\\/user\\\/laguiadepamplona\"]},{\"@type\":\"Person\",\"@id\":\"https:\\\/\\\/www.laguiadepamplona.com\\\/actualidad\\\/#\\\/schema\\\/person\\\/efe887376f0213d4657c93adc50b1fdb\",\"name\":\"La Gu\u00eda de Pamplona\",\"image\":{\"@type\":\"ImageObject\",\"inLanguage\":\"es\",\"@id\":\"https:\\\/\\\/secure.gravatar.com\\\/avatar\\\/b6992f131dc8d30ab0dff15446e9d346d9dbd95992de0fef795073f5ea83a81c?s=96&d=mm&r=g\",\"url\":\"https:\\\/\\\/secure.gravatar.com\\\/avatar\\\/b6992f131dc8d30ab0dff15446e9d346d9dbd95992de0fef795073f5ea83a81c?s=96&d=mm&r=g\",\"contentUrl\":\"https:\\\/\\\/secure.gravatar.com\\\/avatar\\\/b6992f131dc8d30ab0dff15446e9d346d9dbd95992de0fef795073f5ea83a81c?s=96&d=mm&r=g\",\"caption\":\"La Gu\u00eda de Pamplona\"}}]}<\/script>\n<!-- \/ Yoast SEO plugin. -->","yoast_head_json":{"title":"El Ayuntamiento de Pamplona est\u00e1 trabajando en una actualizaci\u00f3n del Protocolo de respuesta frente a las agresiones sexistas en San Ferm\u00edn","description":"El objetivo es adaptar todo el sistema a los cambios legales, sociales y administrativos que se han ido produciendo en este \u00e1mbito","robots":{"index":"index","follow":"follow","max-snippet":"max-snippet:-1","max-image-preview":"max-image-preview:large","max-video-preview":"max-video-preview:-1"},"canonical":"https:\/\/www.laguiadepamplona.com\/actualidad\/el-ayuntamiento-de-pamplona-esta-trabajando-en-una-actualizacion-del-protocolo-de-respuesta-frente-a-las-agresiones-sexistas-en-san-fermin\/","og_locale":"es_ES","og_type":"article","og_title":"El Ayuntamiento de Pamplona est\u00e1 trabajando en una actualizaci\u00f3n del Protocolo de respuesta frente a las agresiones sexistas en San Ferm\u00edn","og_description":"El objetivo es adaptar todo el sistema a los cambios legales, sociales y administrativos que se han ido produciendo en este \u00e1mbito","og_url":"https:\/\/www.laguiadepamplona.com\/actualidad\/el-ayuntamiento-de-pamplona-esta-trabajando-en-una-actualizacion-del-protocolo-de-respuesta-frente-a-las-agresiones-sexistas-en-san-fermin\/","og_site_name":"La Gu\u00eda de Pamplona","article_publisher":"https:\/\/www.facebook.com\/laguiadepamplonacom-133175176762273\/?ref=hl","article_published_time":"2024-11-15T12:43:31+00:00","og_image":[{"width":1000,"height":667,"url":"https:\/\/www.laguiadepamplona.com\/actualidad\/wp-content\/uploads\/2024\/11\/reunion_protocolo_agresione.webp","type":"image\/webp"}],"author":"La Gu\u00eda de Pamplona","twitter_card":"summary_large_image","twitter_creator":"@LaGuiadPamplona","twitter_site":"@LaGuiadPamplona","twitter_misc":{"Escrito por":"La Gu\u00eda de Pamplona","Tiempo de lectura":"3 minutos"},"schema":{"@context":"https:\/\/schema.org","@graph":[{"@type":"Article","@id":"https:\/\/www.laguiadepamplona.com\/actualidad\/el-ayuntamiento-de-pamplona-esta-trabajando-en-una-actualizacion-del-protocolo-de-respuesta-frente-a-las-agresiones-sexistas-en-san-fermin\/#article","isPartOf":{"@id":"https:\/\/www.laguiadepamplona.com\/actualidad\/el-ayuntamiento-de-pamplona-esta-trabajando-en-una-actualizacion-del-protocolo-de-respuesta-frente-a-las-agresiones-sexistas-en-san-fermin\/"},"author":{"name":"La Gu\u00eda de Pamplona","@id":"https:\/\/www.laguiadepamplona.com\/actualidad\/#\/schema\/person\/efe887376f0213d4657c93adc50b1fdb"},"headline":"El Ayuntamiento de Pamplona est\u00e1 trabajando en una actualizaci\u00f3n del Protocolo de respuesta frente a las agresiones sexistas en San Ferm\u00edn","datePublished":"2024-11-15T12:43:31+00:00","mainEntityOfPage":{"@id":"https:\/\/www.laguiadepamplona.com\/actualidad\/el-ayuntamiento-de-pamplona-esta-trabajando-en-una-actualizacion-del-protocolo-de-respuesta-frente-a-las-agresiones-sexistas-en-san-fermin\/"},"wordCount":548,"commentCount":0,"publisher":{"@id":"https:\/\/www.laguiadepamplona.com\/actualidad\/#organization"},"image":{"@id":"https:\/\/www.laguiadepamplona.com\/actualidad\/el-ayuntamiento-de-pamplona-esta-trabajando-en-una-actualizacion-del-protocolo-de-respuesta-frente-a-las-agresiones-sexistas-en-san-fermin\/#primaryimage"},"thumbnailUrl":"https:\/\/www.laguiadepamplona.com\/actualidad\/wp-content\/uploads\/2024\/11\/reunion_protocolo_agresione.webp","articleSection":["Ayto Pamplona"],"inLanguage":"es","potentialAction":[{"@type":"CommentAction","name":"Comment","target":["https:\/\/www.laguiadepamplona.com\/actualidad\/el-ayuntamiento-de-pamplona-esta-trabajando-en-una-actualizacion-del-protocolo-de-respuesta-frente-a-las-agresiones-sexistas-en-san-fermin\/#respond"]}]},{"@type":"WebPage","@id":"https:\/\/www.laguiadepamplona.com\/actualidad\/el-ayuntamiento-de-pamplona-esta-trabajando-en-una-actualizacion-del-protocolo-de-respuesta-frente-a-las-agresiones-sexistas-en-san-fermin\/","url":"https:\/\/www.laguiadepamplona.com\/actualidad\/el-ayuntamiento-de-pamplona-esta-trabajando-en-una-actualizacion-del-protocolo-de-respuesta-frente-a-las-agresiones-sexistas-en-san-fermin\/","name":"El Ayuntamiento de Pamplona est\u00e1 trabajando en una actualizaci\u00f3n del Protocolo de respuesta frente a las agresiones sexistas en San Ferm\u00edn","isPartOf":{"@id":"https:\/\/www.laguiadepamplona.com\/actualidad\/#website"},"primaryImageOfPage":{"@id":"https:\/\/www.laguiadepamplona.com\/actualidad\/el-ayuntamiento-de-pamplona-esta-trabajando-en-una-actualizacion-del-protocolo-de-respuesta-frente-a-las-agresiones-sexistas-en-san-fermin\/#primaryimage"},"image":{"@id":"https:\/\/www.laguiadepamplona.com\/actualidad\/el-ayuntamiento-de-pamplona-esta-trabajando-en-una-actualizacion-del-protocolo-de-respuesta-frente-a-las-agresiones-sexistas-en-san-fermin\/#primaryimage"},"thumbnailUrl":"https:\/\/www.laguiadepamplona.com\/actualidad\/wp-content\/uploads\/2024\/11\/reunion_protocolo_agresione.webp","datePublished":"2024-11-15T12:43:31+00:00","description":"El objetivo es adaptar todo el sistema a los cambios legales, sociales y administrativos que se han ido produciendo en este \u00e1mbito","breadcrumb":{"@id":"https:\/\/www.laguiadepamplona.com\/actualidad\/el-ayuntamiento-de-pamplona-esta-trabajando-en-una-actualizacion-del-protocolo-de-respuesta-frente-a-las-agresiones-sexistas-en-san-fermin\/#breadcrumb"},"inLanguage":"es","potentialAction":[{"@type":"ReadAction","target":["https:\/\/www.laguiadepamplona.com\/actualidad\/el-ayuntamiento-de-pamplona-esta-trabajando-en-una-actualizacion-del-protocolo-de-respuesta-frente-a-las-agresiones-sexistas-en-san-fermin\/"]}]},{"@type":"ImageObject","inLanguage":"es","@id":"https:\/\/www.laguiadepamplona.com\/actualidad\/el-ayuntamiento-de-pamplona-esta-trabajando-en-una-actualizacion-del-protocolo-de-respuesta-frente-a-las-agresiones-sexistas-en-san-fermin\/#primaryimage","url":"https:\/\/www.laguiadepamplona.com\/actualidad\/wp-content\/uploads\/2024\/11\/reunion_protocolo_agresione.webp","contentUrl":"https:\/\/www.laguiadepamplona.com\/actualidad\/wp-content\/uploads\/2024\/11\/reunion_protocolo_agresione.webp","width":1000,"height":667,"caption":"reuni\u00f3n protocolo agresiones"},{"@type":"BreadcrumbList","@id":"https:\/\/www.laguiadepamplona.com\/actualidad\/el-ayuntamiento-de-pamplona-esta-trabajando-en-una-actualizacion-del-protocolo-de-respuesta-frente-a-las-agresiones-sexistas-en-san-fermin\/#breadcrumb","itemListElement":[{"@type":"ListItem","position":1,"name":"Portada","item":"https:\/\/www.laguiadepamplona.com\/actualidad\/"},{"@type":"ListItem","position":2,"name":"El Ayuntamiento de Pamplona est\u00e1 trabajando en una actualizaci\u00f3n del Protocolo de respuesta frente a las agresiones sexistas en San Ferm\u00edn"}]},{"@type":"WebSite","@id":"https:\/\/www.laguiadepamplona.com\/actualidad\/#website","url":"https:\/\/www.laguiadepamplona.com\/actualidad\/","name":"La gu\u00eda de Pamplona","description":"Noticias de Pamplona","publisher":{"@id":"https:\/\/www.laguiadepamplona.com\/actualidad\/#organization"},"potentialAction":[{"@type":"SearchAction","target":{"@type":"EntryPoint","urlTemplate":"https:\/\/www.laguiadepamplona.com\/actualidad\/?s={search_term_string}"},"query-input":{"@type":"PropertyValueSpecification","valueRequired":true,"valueName":"search_term_string"}}],"inLanguage":"es"},{"@type":"Organization","@id":"https:\/\/www.laguiadepamplona.com\/actualidad\/#organization","name":"La Gu\u00eda de Pamplona \/ Noticias","url":"https:\/\/www.laguiadepamplona.com\/actualidad\/","logo":{"@type":"ImageObject","inLanguage":"es","@id":"https:\/\/www.laguiadepamplona.com\/actualidad\/#\/schema\/logo\/image\/","url":"https:\/\/www.laguiadepamplona.com\/actualidad\/wp-content\/uploads\/2018\/11\/logo-laguiadepamplona18-web1.png","contentUrl":"https:\/\/www.laguiadepamplona.com\/actualidad\/wp-content\/uploads\/2018\/11\/logo-laguiadepamplona18-web1.png","width":600,"height":196,"caption":"La Gu\u00eda de Pamplona \/ Noticias"},"image":{"@id":"https:\/\/www.laguiadepamplona.com\/actualidad\/#\/schema\/logo\/image\/"},"sameAs":["https:\/\/www.facebook.com\/laguiadepamplonacom-133175176762273\/?ref=hl","https:\/\/x.com\/LaGuiadPamplona","https:\/\/www.instagram.com\/la_guia_de_pamplona\/","https:\/\/www.youtube.com\/user\/laguiadepamplona"]},{"@type":"Person","@id":"https:\/\/www.laguiadepamplona.com\/actualidad\/#\/schema\/person\/efe887376f0213d4657c93adc50b1fdb","name":"La Gu\u00eda de Pamplona","image":{"@type":"ImageObject","inLanguage":"es","@id":"https:\/\/secure.gravatar.com\/avatar\/b6992f131dc8d30ab0dff15446e9d346d9dbd95992de0fef795073f5ea83a81c?s=96&d=mm&r=g","url":"https:\/\/secure.gravatar.com\/avatar\/b6992f131dc8d30ab0dff15446e9d346d9dbd95992de0fef795073f5ea83a81c?s=96&d=mm&r=g","contentUrl":"https:\/\/secure.gravatar.com\/avatar\/b6992f131dc8d30ab0dff15446e9d346d9dbd95992de0fef795073f5ea83a81c?s=96&d=mm&r=g","caption":"La Gu\u00eda de Pamplona"}}]}},"post_mailing_queue_ids":[],"_links":{"self":[{"href":"https:\/\/www.laguiadepamplona.com\/actualidad\/wp-json\/wp\/v2\/posts\/51322","targetHints":{"allow":["GET"]}}],"collection":[{"href":"https:\/\/www.laguiadepamplona.com\/actualidad\/wp-json\/wp\/v2\/posts"}],"about":[{"href":"https:\/\/www.laguiadepamplona.com\/actualidad\/wp-json\/wp\/v2\/types\/post"}],"author":[{"embeddable":true,"href":"https:\/\/www.laguiadepamplona.com\/actualidad\/wp-json\/wp\/v2\/users\/1"}],"replies":[{"embeddable":true,"href":"https:\/\/www.laguiadepamplona.com\/actualidad\/wp-json\/wp\/v2\/comments?post=51322"}],"version-history":[{"count":1,"href":"https:\/\/www.laguiadepamplona.com\/actualidad\/wp-json\/wp\/v2\/posts\/51322\/revisions"}],"predecessor-version":[{"id":51324,"href":"https:\/\/www.laguiadepamplona.com\/actualidad\/wp-json\/wp\/v2\/posts\/51322\/revisions\/51324"}],"wp:featuredmedia":[{"embeddable":true,"href":"https:\/\/www.laguiadepamplona.com\/actualidad\/wp-json\/wp\/v2\/media\/51323"}],"wp:attachment":[{"href":"https:\/\/www.laguiadepamplona.com\/actualidad\/wp-json\/wp\/v2\/media?parent=51322"}],"wp:term":[{"taxonomy":"category","embeddable":true,"href":"https:\/\/www.laguiadepamplona.com\/actualidad\/wp-json\/wp\/v2\/categories?post=51322"},{"taxonomy":"post_tag","embeddable":true,"href":"https:\/\/www.laguiadepamplona.com\/actualidad\/wp-json\/wp\/v2\/tags?post=51322"}],"curies":[{"name":"wp","href":"https:\/\/api.w.org\/{rel}","templated":true}]}}