{"id":51319,"date":"2024-11-15T14:42:13","date_gmt":"2024-11-15T12:42:13","guid":{"rendered":"https:\/\/www.laguiadepamplona.com\/actualidad\/?p=51319"},"modified":"2024-11-15T14:42:13","modified_gmt":"2024-11-15T12:42:13","slug":"edificios-versatiles-espacios-de-encuentro-y-la-peatonalizacion-del-entorno-caracteristicas-comunes-de-las-cinco-propuestas-finalistas-para-el-centro-de-interpretacion-de-la-pelota-vasca","status":"publish","type":"post","link":"https:\/\/www.laguiadepamplona.com\/actualidad\/edificios-versatiles-espacios-de-encuentro-y-la-peatonalizacion-del-entorno-caracteristicas-comunes-de-las-cinco-propuestas-finalistas-para-el-centro-de-interpretacion-de-la-pelota-vasca\/","title":{"rendered":"Edificios vers\u00e1tiles, espacios de encuentro y la peatonalizaci\u00f3n del entorno, caracter\u00edsticas comunes de las cinco propuestas finalistas para el Centro de Interpretaci\u00f3n de la Pelota Vasca"},"content":{"rendered":"<h2>En diciembre comenzar\u00e1 un proceso participativo, con ciudadan\u00eda y la Mesa T\u00e9cnica de la Pelota, para recoger sugerencias que enriquezcan el proyecto<\/h2>\n<p><!--more--><\/p>\n<p>Los cinco proyectos de Centro de Interpretaci\u00f3n de la Pelota Vasca seleccionados por el jurado apuestan por edificios vers\u00e1tiles, con uno o varios vol\u00famenes, e incluso con parte soterrada, inspirados en su mayor\u00eda en formas, dimensiones o tradiciones de los frontones. Las cinco propuestas recogen edificios de consumo casi nulo con diferentes opciones de energ\u00edas verdes, nuevos lugares de encuentro interiores y exteriores y la peatonalizaci\u00f3n del espacio en el que se ubicar\u00e1 el edificio, en la trasera de la Plaza de Toros, delimitado por el paseo de Hemingway, la calle Aralar y el paseo Juan Moya Bernedo.<\/p>\n<p>El Ayuntamiento de Pamplona convoc\u00f3 el pasado mes de septiembre un concurso de ideas para el dise\u00f1o del Centro de Interpretaci\u00f3n de la Pelota Vasca, iniciativa que se incluye en las acciones del proyecto \u2018Pamplona: Capital Mundial de la Pelota\u2019, en el marco de la Agenda Urbana 2030. De las 37 propuestas presentadas, el jurado t\u00e9cnico ha seleccionado las cinco mejores, seg\u00fan criterios arquitect\u00f3nicos, de integraci\u00f3n en el \u00e1mbito, de calidad ambiental, de programa de actividades y de calidad constructiva, que se someter\u00e1n a un proceso participativo que tendr\u00e1 lugar en los meses de diciembre y enero para recoger aportaciones ciudadanas.<\/p>\n<p>Las propuestas elegidas son \u2018Pareten Mintzoa\u2019 de O Arquitectura SLP; \u2018Plaza eta horma\u2019 de Pereda P\u00e9rez Arquitectos SCP, \u00cd\u00f1igo Beguiristain Rep\u00e1raz y Jokin Lecumberri Larrea; \u2018Hangar\u2019 de Moest Soc. Microcooperativa Profesional y Tadeo Ciaurriz Taberna; \u2018Entremuros\u2019 de OM Arq SLP; y \u2018Trinketeka\u2019 de Jes\u00fas Leache Resano y Fernando Tabuenca Gonz\u00e1lez.<\/p>\n<p>El alcalde de Pamplona, Joseba Asiron Saez, el concejal delegado del \u00e1rea de Ciudad Habitable y Sostenible, Borja Izaguirre Larra\u00f1aga, y el concejal delegado de Promoci\u00f3n Econ\u00f3mica, Proyecci\u00f3n Europea, Innovaci\u00f3n, Juventud y Cooperaci\u00f3n al Desarrollo, Mikel Armend\u00e1riz Barnechea, han presentado los detalles de las propuestas seleccionadas. El Centro de Interpretaci\u00f3n de la Pelota Vasca contar\u00e1 con zona expositiva y espacios para la investigaci\u00f3n, la formaci\u00f3n y el desarrollo de actividades, con la posibilidad de acoger tambi\u00e9n las sedes de las federaciones internacional y navarra de pelota.<\/p>\n<p>Las cinco propuestas seleccionadas recibir\u00e1n un premio econ\u00f3mico de 20.000 euros cada una y optar\u00e1n, tras el proceso participativo, al contrato de redacci\u00f3n del proyecto y, en su caso, la direcci\u00f3n de obra. Junto a estas cinco propuestas, se han concedido tambi\u00e9n cinco acc\u00e9sits, dotados con 5.000 euros, a los proyectos \u2018Biedro\u2019 de Galar \u2013 Velaz \u2013 Gil SLP; \u2018Laxoa7980\u2019 de Koldo Fern\u00e1ndez Gaztelu y Ekain Jim\u00e9nez Valencia; \u2018Locus\u2019 de Studio M41 SLU; \u2018Lur Bizia\u2019 de Baile Mendui\u00f1a SLP; y \u2018Conektor\u2019 de Vaillo-Irigaray y Asociados SLP.<\/p>\n<p><strong>Pareten Mintzoa<\/strong><\/p>\n<p>El proyecto \u2018Pareten Mintzoa\u2019 propone un edificio de \u201cdos paredes\u201d o brazos, que simb\u00f3licamente evocan las paredes de los juegos de pelota. Estas dos paredes o fachadas en L recogen una plaza p\u00fablica que es al mismo tiempo front\u00f3n, y que dialoga con Labrit y Jito Alai a nivel visual, escultural, deportivo y urbano.<\/p>\n<p>La posibilidad de crear este front\u00f3n, de generar un elemento de car\u00e1cter esbelto e incidencia reducida en la parcela, surge de la decisi\u00f3n de ubicar el centro de interpretaci\u00f3n e investigaci\u00f3n en la planta bajo rasante, sacando a la luz y poniendo en valor como elemento arqueol\u00f3gico y proyectual las fortificaciones existentes en el subsuelo de la parcela. Esta planta bajo rasante se convierte por tanto en un archivo, un archivo de la historia de la pelota y de la historia de la ciudad de Pamplona, un yacimiento arqueol\u00f3gico que pone en valor la cultura y el pasado de la ciudad.<\/p>\n<p>Mientras los usos de investigaci\u00f3n y exhibici\u00f3n se ubican en la planta s\u00f3tano, a la que se accede por una rampa capaz de albergar elementos expositivos, las plantas sobre rasante acogen los accesos, la administraci\u00f3n y la Federaci\u00f3n Internacional de Pelota Vasca, que ubicada en planta primera, dispone de una gran iluminaci\u00f3n y vistas. La federaci\u00f3n navarra, por su parte, permanecer\u00eda en las dependencias del Labrit.<\/p>\n<p>La propuesta dispone de dos accesos enfrentados desde la calle Aralar, donde se sustituye la urbanizaci\u00f3n y se plantan nuevos \u00e1rboles, y desde la zona verde y de front\u00f3n que genera el edificio. Es este \u00faltimo espacio uno de los de mayor relevancia en el proyecto, un espacio simb\u00f3lico capaz de introducir luz al centro de interpretaci\u00f3n e investigaci\u00f3n por medio del banco corrido y los lucernarios ubicados entre las vigas dobles de hormig\u00f3n, que afloran en el verde como una reminiscencia de las l\u00edneas que delimitan la zona de cancha pelotazale.<\/p>\n<p>La propuesta \u2018Pareten Mintzoa\u2019 ha sido elaborada por Patxi Burillo Nuin como director de equipo, acompa\u00f1ado de los arquitectos Ignacio Ruiz de Erenchun y Javier B. S\u00e1ez Gastearena, el arquitecto t\u00e9cnico Emilio M. Linzoain Pinillos y el ingeniero industrial Alessandro de Obesso S\u00e1nchez.<\/p>\n<p><strong>Plaza eta horma<\/strong><\/p>\n<p>El proyecto \u2018Plaza eta horma\u2019 crea un edificio vers\u00e1til que, en sus formas exteriores, genera tambi\u00e9n un nuevo front\u00f3n en una gran plaza que servir\u00e1 de lugar de encuentro y de pr\u00e1ctica pelotazale. La plaza pretende evocar los or\u00edgenes espont\u00e1neos del deporte en los improvisados frontis que ofrec\u00edan casas o iglesias. El edificio del Centro de Interpretaci\u00f3n de la Pelota Vasca respeta la alineaci\u00f3n de la trama urbana de la calle Aralar y el paseo de Hemingway, con una sutil oblicuidad para conformar la esquina, rebajando el alzado hacia la calle Juan Moya Bernedo.<\/p>\n<p>La propia volumetr\u00eda del edificio delata la organizaci\u00f3n y jerarqu\u00eda internas. Una cruj\u00eda uniforme se acomoda a la alineaci\u00f3n de la calle Aralar en toda su extensi\u00f3n y alberga los recintos requeridos por las federaciones en planta baja y el centro de investigaci\u00f3n en planta primera. A este cuerpo le sale un ap\u00e9ndice ortogonal, a modo de \u2018T\u2019, que se aproxima al desembarco de la pasarela, y resuelve la entrada, los aseos y las comunicaciones verticales. Un lado de la \u2018T\u2019 abraza el front\u00f3n y el otro alberga el Centro de Interpretaci\u00f3n, al que se accede directamente desde el vest\u00edbulo.<\/p>\n<p>La secci\u00f3n de la planta de federaciones es uniforme y se acomoda a las necesidades habituales de los usos administrativos. El centro de investigaci\u00f3n ocupa la planta de coronaci\u00f3n del edificio, lo que permite manipular su secci\u00f3n para generar una secuencia din\u00e1mica y atractiva de espacios de diferente altura, ajustada a sus propias necesidades, que permite rematar el edificio con el perfil escalonado caracter\u00edstico de los frontones. Por \u00faltimo, la sala expositiva se concibe como un gran espacio di\u00e1fano de diferentes alturas y diversas posibilidades de iluminaci\u00f3n.<\/p>\n<p>En su exterior, el edificio se resuelve con celos\u00eda en todas las fachadas diferentes a las que conforman el front\u00f3n. Esa soluci\u00f3n es muy vers\u00e1til en aras a la flexibilidad y agradecida para resolver privacidad y protecci\u00f3n solar. La urbanizaci\u00f3n del entorno da continuidad a las zonas verdes que acompa\u00f1an el recinto amurallado, con una propuesta de configuraci\u00f3n de varias de ellas, y muestra su respeto al Memorial de Centros de Detenci\u00f3n. Se propone un jard\u00edn vertical para dignificar la tapia trasera de la Plaza de Toros.<\/p>\n<p>La propuesta \u2018Plaza eta horma\u2019 ha sido elaborada por \u00cd\u00f1igo Beguirist\u00e1in Rep\u00e1raz como director de equipo, acompa\u00f1ado de Pereda P\u00e9rez arquitectos SCP, el arquitecto Jokin Lecumberri Larrea, el arquitecto t\u00e9cnico Juan Ignacio Iriarte Baigorri y el ingeniero industrial C\u00e9sar Sesma Vitri\u00e1n.<\/p>\n<p><strong>Hangar<\/strong><\/p>\n<p>La propuesta \u2018Hangar\u2019 huye de la forma en \u2018L\u2019 y de las dos paredes en su exterior para dise\u00f1ar un gran contenedor, a modo de hangar de usos, para acoger el Centro de Interpretaci\u00f3n de la Pelota Vasca. Se trata de un volumen de 60 metros, de est\u00e9tica austera y geometr\u00eda y l\u00edneas simples, alineado a la calle Aralar, que acota y completa la fachada de trasera de la Plaza de Toros y libera el espacio perimetral, generando una plaza abierta al baluarte de San Bartolom\u00e9 y enriqueciendo la conexi\u00f3n con los frontones Labrit y Jito Alai y con el Segundo Ensanche.<\/p>\n<p>En su interior, en la primera planta, una pieza central, exenta de la envolvente del edificio y pensada como elemento escultural instalado en el hangar, se convierte en un espacio visitable y recorrible. Esa pieza albergar\u00e1 la mayor parte del contenido expositivo del nuevo centro. Se acceder\u00e1 a ella mediante rampas accesibles que invitan a recorrerla y a descubrir en su interior el Front\u00f3n Interactivo, que siguiendo la modulaci\u00f3n de un front\u00f3n de pelota mano, proyectar\u00e1 un viaje etnogr\u00e1fico por la tradici\u00f3n y la cultura pelotazale.<\/p>\n<p>Ese Front\u00f3n Interactivo, tras su frontis, se asomar\u00e1 a un mirador con vistas privilegiadas hacia el Labrit y el Jito Alai, en el que se narrar\u00e1 la historia de ambos recintos. En la primera planta, bajo la pieza escultural, se libera el espacio para albergar las dependencias de investigaci\u00f3n, como la mediateca, con forma longitudinal para invitar a la concentraci\u00f3n y cercana a los accesos al edificio. Tambi\u00e9n en esa planta baja estar\u00e1n la zona de administraci\u00f3n, los n\u00facleos de comunicaci\u00f3n y los aseos.<\/p>\n<p>El edificio, as\u00ed como la intervenci\u00f3n en la plaza, se modulan siguiendo las distancias de un front\u00f3n de pelota mano, con un ritmo de lamas cada 3,5 metros, que oculta su visual en escorzo y descubre gran transparencia si se observa en sentido transversal. La urbanizaci\u00f3n del entorno se concibe como un paseo lineal a trav\u00e9s del paseo de Hemingway en el que se ubicar\u00e1n trece estelas de hormig\u00f3n que se corresponder\u00e1n con los trece pelotaris navarros campeones del manomanista a lo largo de un cintur\u00f3n verde de arbolado.<\/p>\n<p>La propuesta \u2018Hangar\u2019 ha sido elaborada por Borja Lorenzana Moreno como director de equipo, acompa\u00f1ado de los arquitectos Miguel P\u00e9rez Estarriaga y Tadeo Ciaurriz Taberna y el arquitecto t\u00e9cnico Ignacio Mart\u00ednez Benito.<\/p>\n<p><strong>Entremuros<\/strong><\/p>\n<p>La propuesta \u2018Entremuros\u2019 es la que m\u00e1s se aleja de una concepci\u00f3n del centro inspirada en las formas de un front\u00f3n. El edificio se formaliza mediante tres piezas interrelacionadas por un espacio din\u00e1mico y atractivo, con doble altura, que servir\u00e1 de vest\u00edbulo de acceso y punto de encuentro. Dos piezas de mayor entidad acoger\u00e1n los espacios expositivos y de investigaci\u00f3n, asom\u00e1ndose al l\u00edmite de la terraza urbana para enlazarse con el paisaje y los baluartes pr\u00f3ximos.<\/p>\n<p>Una pieza con forma de baluarte se sit\u00faa hacia el paseo de borde dialogando visual y formalmente con el recinto amurallado. Acoger\u00e1 una mediateca de investigaci\u00f3n en planta baja y un espacio expositivo en la primera planta. Un tercer volumen, m\u00e1s acotado y de car\u00e1cter m\u00e1s urbano, se sit\u00faa en relaci\u00f3n con la ciudad para acoger el programa administrativo y las sedes de las federaciones internacional y navarra de pelota. La entrada se proyecta en una posici\u00f3n central para permitir un acceso c\u00f3modo desde el Segundo Ensanche y el centro hist\u00f3rico.<\/p>\n<p>El dise\u00f1o del edificio permite un funcionamiento aut\u00f3nomo del espacio expositivo\/divulgativo y la zona administrativa si fuese necesario, manteniendo un \u00fanico control de acceso. Se plantea un espacio de s\u00f3tano controlado, teniendo en cuenta el potencial arqueol\u00f3gico del solar. Por ello, se contempla la posibilidad de acondicionar una sala espec\u00edfica para poder visitar y conocer los restos arqueol\u00f3gicos que se puedan encontrar.<\/p>\n<p>En cuanto a la reurbanizaci\u00f3n del espacio, se propone la peatonalizaci\u00f3n y renovaci\u00f3n de pavimentos e instalaciones urbanas en el per\u00edmetro de la Plaza de Toros, con el objetivo de dignificar la zona y que cumple la funci\u00f3n de paseo peatonal que su car\u00e1cter de trasera o fondo de saco le ha impedido durante mucho tiempo. Se propone un tratamiento vegetal de los muros traseros de la Plaza de Toros o la plantaci\u00f3n de un muro verdeen el primer tramo de la calle cualificando la llegada al nuevo edificio.<\/p>\n<p>La propuesta \u2018Entremuros\u2019 ha sido elaborada por \u00d3scar Mongay Jim\u00e9nez como director de equipo, acompa\u00f1ado de la arquitecta Mar\u00eda Teresa Mariezcurrena, la arquitecta t\u00e9cnica Magdalena Bengoechea Felipe y el ingeniero t\u00e9cnico industrial Gorka Larri\u00f3n Sagasti.<\/p>\n<p><strong>Trinketeka<\/strong><\/p>\n<p>El proyecto \u2018Trinketeka\u2019 propone un pabell\u00f3n de recostado sobre la alineaci\u00f3n de la calle Aralar, que se ancla en el terreno mediante un muro de hormig\u00f3n que bordea el conjunto y se reviste en su parte exterior con mamposter\u00eda de piedra. Sobre ese z\u00f3calo de piedra se levanta la estructura que configura el espacio principal mediante pilares y vigas de madera. El edificio se hunde en el terreno para conseguir una escala humana m\u00e1s amable en su per\u00edmetro exterior, que contrasta despu\u00e9s con la amplitud del interior.<\/p>\n<p>El volumen principal se caracteriza por una gran cubierta a dos aguas, que recuerda la de los trinquetes y frontones cubiertos tradicionales. Un volumen secundario de servicios administrativos se sit\u00faa perpendicularmente en el lado norte, integr\u00e1ndose en el z\u00f3calo de piedra y configurando una plaza de acceso. Este espacio est\u00e1 concebido como lugar de reuni\u00f3n y de encuentro, y en \u00e9l pueden realizarse actividades complementarias al aire libre. Se prev\u00e9 plantar un nuevo \u00e1rbol singular para caracterizar el patio.<\/p>\n<p>Hacia la calle Arrieta, el testero acristalado del lado sur act\u00faa como un gran escaparate iluminado que muestra el espacio interior y reclama la atenci\u00f3n de quienes lleguen a la zona desde el Ensanche. El acceso se produce por el lado oriental, enfrentado a la pasarela del Labrit y el fort\u00edn de San Bartolom\u00e9 (sede del Centro de Interpretaci\u00f3n de las Murallas), reforzando este nudo cultural. Se apuesta por la peatonalizaci\u00f3n del tramo de la calle Aralar entre la Plaza de Toros y el Centro de Interpretaci\u00f3n de la Pelota, convertir la zona en plaza y reubicar all\u00ed la estatua de Hemingway.<\/p>\n<p>El edificio cuenta con s\u00f3tano, planta baja y entreplanta. El centro de investigaci\u00f3n y la mediateca se sit\u00faan en la entreplanta, a la que se accede desde una escalera escult\u00f3rica circular y un ascensor. Su planta libre permite una gran versatilidad de configuraci\u00f3n. La planta baja acoger\u00e1 la recepci\u00f3n, zona de exposiciones o tienda y el espacio para la federaciones internacional y navarra de pelota. La planta s\u00f3tano se destina a zona de archivos e instalaciones, a la que se llega a trav\u00e9s de una escalera junto al muro de contenci\u00f3n. El proyecto incluye una propuesta para reutilizar los espacios del front\u00f3n Labrit que deja la Federaci\u00f3n Navarra de Pelota como centro de formaci\u00f3n.<\/p>\n<p>La propuesta \u2018Trinketeka\u2019 ha sido elaborada por Jes\u00fas Leache Resano como director de equipo, acompa\u00f1ado del arquitecto Fernando Tabuenca Gonz\u00e1lez. El desarrollo de la propuesta cuenta con la colaboraci\u00f3n del tambi\u00e9n arquitecto Ismael Sainz Go\u00f1i, el arquitecto t\u00e9cnico Jos\u00e9 Javier Urdaci Uceda y el ingeniero industrial Pablo Mendivil P\u00e9rez de Ciriza, en representaci\u00f3n de la sociedad MyA Ingenier\u00eda Proyectos.<\/p>\n<p><strong>Proceso participativo en diciembre y enero<\/strong><\/p>\n<p>Conocidos los cinco dise\u00f1os seleccionados por el jurado, a mediados del mes de diciembre se convocar\u00e1 una jornada de presentaci\u00f3n a la ciudadan\u00eda de las cinco propuestas para que se puedan realizar aportaciones y sugerencias. Al igual que en otros procesos participativos derivados de concursos de ideas, como en el caso de la transformaci\u00f3n de San Jorge, por ejemplo, se montar\u00e1 una exposici\u00f3n con las propuestas ganadoras y se llevar\u00e1n a cabo talleres participativos para analizar cada una de ellas.<\/p>\n<p>En paralelo a este proceso participativo, las propuestas se presentar\u00e1n a la Mesa T\u00e9cnica de la Pelota, organismo de colaboraci\u00f3n estable con el que se ha trabajado desde el inicio del proyecto. Finalmente, se buscar\u00e1 tambi\u00e9n incorporar al proceso a agentes con conocimientos del \u00e1mbito deportivo, de gesti\u00f3n cultural, de arquitectura y del \u00e1mbito tur\u00edstico para enriquecer con sus visiones los proyectos. Con todas las aportaciones, los equipos redactores de las cinco propuestas seleccionadas tendr\u00e1n la oportunidad de enriquecer y adaptar sus dise\u00f1os.<\/p>\n<p>Estas nuevas propuestas ser\u00e1n de nuevo valoradas por un jurado t\u00e9cnico que determinar\u00e1 la ganadora. A partir de ese momento, el equipo redactor ganador tendr\u00e1 tres meses para redactar el proyecto definitivo. A continuaci\u00f3n, se iniciar\u00e1 el proceso de licitaci\u00f3n y adjudicaci\u00f3n de las obras que, si se cumplen los plazos, podr\u00e1n empezar para finales de 2025 y principios de 2026.<\/p>\n","protected":false},"excerpt":{"rendered":"<p>En diciembre comenzar\u00e1 un proceso participativo, con ciudadan\u00eda y la Mesa T\u00e9cnica de la Pelota, para recoger sugerencias que enriquezcan el proyecto<\/p>\n","protected":false},"author":1,"featured_media":51320,"comment_status":"open","ping_status":"closed","sticky":false,"template":"","format":"standard","meta":{"footnotes":""},"categories":[2],"tags":[],"class_list":["post-51319","post","type-post","status-publish","format-standard","has-post-thumbnail","hentry","category-ayuntamiento-pamplona"],"yoast_head":"<!-- This site is optimized with the Yoast SEO plugin v27.3 - https:\/\/yoast.com\/product\/yoast-seo-wordpress\/ -->\n<title>Edificios vers\u00e1tiles, espacios de encuentro y la peatonalizaci\u00f3n del entorno, caracter\u00edsticas comunes de las cinco propuestas finalistas para el Centro de Interpretaci\u00f3n de la Pelota Vasca<\/title>\n<meta name=\"description\" content=\"En diciembre comenzar\u00e1 un proceso participativo, con ciudadan\u00eda y la Mesa T\u00e9cnica de la Pelota, para recoger sugerencias que enriquezcan el proyecto\" \/>\n<meta name=\"robots\" content=\"index, follow, max-snippet:-1, max-image-preview:large, max-video-preview:-1\" \/>\n<link rel=\"canonical\" href=\"https:\/\/www.laguiadepamplona.com\/actualidad\/edificios-versatiles-espacios-de-encuentro-y-la-peatonalizacion-del-entorno-caracteristicas-comunes-de-las-cinco-propuestas-finalistas-para-el-centro-de-interpretacion-de-la-pelota-vasca\/\" \/>\n<meta property=\"og:locale\" content=\"es_ES\" \/>\n<meta property=\"og:type\" content=\"article\" \/>\n<meta property=\"og:title\" content=\"Edificios vers\u00e1tiles, espacios de encuentro y la peatonalizaci\u00f3n del entorno, caracter\u00edsticas comunes de las cinco propuestas finalistas para el Centro de Interpretaci\u00f3n de la Pelota Vasca\" \/>\n<meta property=\"og:description\" content=\"En diciembre comenzar\u00e1 un proceso participativo, con ciudadan\u00eda y la Mesa T\u00e9cnica de la Pelota, para recoger sugerencias que enriquezcan el proyecto\" \/>\n<meta property=\"og:url\" content=\"https:\/\/www.laguiadepamplona.com\/actualidad\/edificios-versatiles-espacios-de-encuentro-y-la-peatonalizacion-del-entorno-caracteristicas-comunes-de-las-cinco-propuestas-finalistas-para-el-centro-de-interpretacion-de-la-pelota-vasca\/\" \/>\n<meta property=\"og:site_name\" content=\"La Gu\u00eda de Pamplona\" \/>\n<meta property=\"article:publisher\" content=\"https:\/\/www.facebook.com\/laguiadepamplonacom-133175176762273\/?ref=hl\" \/>\n<meta property=\"article:published_time\" content=\"2024-11-15T12:42:13+00:00\" \/>\n<meta property=\"og:image\" content=\"https:\/\/www.laguiadepamplona.com\/actualidad\/wp-content\/uploads\/2024\/11\/ruedadeprensaproyectosmuseodelapelotadsc1926_0.webp\" \/>\n\t<meta property=\"og:image:width\" content=\"1000\" \/>\n\t<meta property=\"og:image:height\" content=\"665\" \/>\n\t<meta property=\"og:image:type\" content=\"image\/webp\" \/>\n<meta name=\"author\" content=\"La Gu\u00eda de Pamplona\" \/>\n<meta name=\"twitter:card\" content=\"summary_large_image\" \/>\n<meta name=\"twitter:creator\" content=\"@LaGuiadPamplona\" \/>\n<meta name=\"twitter:site\" content=\"@LaGuiadPamplona\" \/>\n<meta name=\"twitter:label1\" content=\"Escrito por\" \/>\n\t<meta name=\"twitter:data1\" content=\"La Gu\u00eda de Pamplona\" \/>\n\t<meta name=\"twitter:label2\" content=\"Tiempo de lectura\" \/>\n\t<meta name=\"twitter:data2\" content=\"13 minutos\" \/>\n<script type=\"application\/ld+json\" class=\"yoast-schema-graph\">{\"@context\":\"https:\\\/\\\/schema.org\",\"@graph\":[{\"@type\":\"Article\",\"@id\":\"https:\\\/\\\/www.laguiadepamplona.com\\\/actualidad\\\/edificios-versatiles-espacios-de-encuentro-y-la-peatonalizacion-del-entorno-caracteristicas-comunes-de-las-cinco-propuestas-finalistas-para-el-centro-de-interpretacion-de-la-pelota-vasca\\\/#article\",\"isPartOf\":{\"@id\":\"https:\\\/\\\/www.laguiadepamplona.com\\\/actualidad\\\/edificios-versatiles-espacios-de-encuentro-y-la-peatonalizacion-del-entorno-caracteristicas-comunes-de-las-cinco-propuestas-finalistas-para-el-centro-de-interpretacion-de-la-pelota-vasca\\\/\"},\"author\":{\"name\":\"La Gu\u00eda de Pamplona\",\"@id\":\"https:\\\/\\\/www.laguiadepamplona.com\\\/actualidad\\\/#\\\/schema\\\/person\\\/efe887376f0213d4657c93adc50b1fdb\"},\"headline\":\"Edificios vers\u00e1tiles, espacios de encuentro y la peatonalizaci\u00f3n del entorno, caracter\u00edsticas comunes de las cinco propuestas finalistas para el Centro de Interpretaci\u00f3n de la Pelota Vasca\",\"datePublished\":\"2024-11-15T12:42:13+00:00\",\"mainEntityOfPage\":{\"@id\":\"https:\\\/\\\/www.laguiadepamplona.com\\\/actualidad\\\/edificios-versatiles-espacios-de-encuentro-y-la-peatonalizacion-del-entorno-caracteristicas-comunes-de-las-cinco-propuestas-finalistas-para-el-centro-de-interpretacion-de-la-pelota-vasca\\\/\"},\"wordCount\":2898,\"commentCount\":0,\"publisher\":{\"@id\":\"https:\\\/\\\/www.laguiadepamplona.com\\\/actualidad\\\/#organization\"},\"image\":{\"@id\":\"https:\\\/\\\/www.laguiadepamplona.com\\\/actualidad\\\/edificios-versatiles-espacios-de-encuentro-y-la-peatonalizacion-del-entorno-caracteristicas-comunes-de-las-cinco-propuestas-finalistas-para-el-centro-de-interpretacion-de-la-pelota-vasca\\\/#primaryimage\"},\"thumbnailUrl\":\"https:\\\/\\\/www.laguiadepamplona.com\\\/actualidad\\\/wp-content\\\/uploads\\\/2024\\\/11\\\/ruedadeprensaproyectosmuseodelapelotadsc1926_0.webp\",\"articleSection\":[\"Ayto Pamplona\"],\"inLanguage\":\"es\",\"potentialAction\":[{\"@type\":\"CommentAction\",\"name\":\"Comment\",\"target\":[\"https:\\\/\\\/www.laguiadepamplona.com\\\/actualidad\\\/edificios-versatiles-espacios-de-encuentro-y-la-peatonalizacion-del-entorno-caracteristicas-comunes-de-las-cinco-propuestas-finalistas-para-el-centro-de-interpretacion-de-la-pelota-vasca\\\/#respond\"]}]},{\"@type\":\"WebPage\",\"@id\":\"https:\\\/\\\/www.laguiadepamplona.com\\\/actualidad\\\/edificios-versatiles-espacios-de-encuentro-y-la-peatonalizacion-del-entorno-caracteristicas-comunes-de-las-cinco-propuestas-finalistas-para-el-centro-de-interpretacion-de-la-pelota-vasca\\\/\",\"url\":\"https:\\\/\\\/www.laguiadepamplona.com\\\/actualidad\\\/edificios-versatiles-espacios-de-encuentro-y-la-peatonalizacion-del-entorno-caracteristicas-comunes-de-las-cinco-propuestas-finalistas-para-el-centro-de-interpretacion-de-la-pelota-vasca\\\/\",\"name\":\"Edificios vers\u00e1tiles, espacios de encuentro y la peatonalizaci\u00f3n del entorno, caracter\u00edsticas comunes de las cinco propuestas finalistas para el Centro de Interpretaci\u00f3n de la Pelota Vasca\",\"isPartOf\":{\"@id\":\"https:\\\/\\\/www.laguiadepamplona.com\\\/actualidad\\\/#website\"},\"primaryImageOfPage\":{\"@id\":\"https:\\\/\\\/www.laguiadepamplona.com\\\/actualidad\\\/edificios-versatiles-espacios-de-encuentro-y-la-peatonalizacion-del-entorno-caracteristicas-comunes-de-las-cinco-propuestas-finalistas-para-el-centro-de-interpretacion-de-la-pelota-vasca\\\/#primaryimage\"},\"image\":{\"@id\":\"https:\\\/\\\/www.laguiadepamplona.com\\\/actualidad\\\/edificios-versatiles-espacios-de-encuentro-y-la-peatonalizacion-del-entorno-caracteristicas-comunes-de-las-cinco-propuestas-finalistas-para-el-centro-de-interpretacion-de-la-pelota-vasca\\\/#primaryimage\"},\"thumbnailUrl\":\"https:\\\/\\\/www.laguiadepamplona.com\\\/actualidad\\\/wp-content\\\/uploads\\\/2024\\\/11\\\/ruedadeprensaproyectosmuseodelapelotadsc1926_0.webp\",\"datePublished\":\"2024-11-15T12:42:13+00:00\",\"description\":\"En diciembre comenzar\u00e1 un proceso participativo, con ciudadan\u00eda y la Mesa T\u00e9cnica de la Pelota, para recoger sugerencias que enriquezcan el proyecto\",\"breadcrumb\":{\"@id\":\"https:\\\/\\\/www.laguiadepamplona.com\\\/actualidad\\\/edificios-versatiles-espacios-de-encuentro-y-la-peatonalizacion-del-entorno-caracteristicas-comunes-de-las-cinco-propuestas-finalistas-para-el-centro-de-interpretacion-de-la-pelota-vasca\\\/#breadcrumb\"},\"inLanguage\":\"es\",\"potentialAction\":[{\"@type\":\"ReadAction\",\"target\":[\"https:\\\/\\\/www.laguiadepamplona.com\\\/actualidad\\\/edificios-versatiles-espacios-de-encuentro-y-la-peatonalizacion-del-entorno-caracteristicas-comunes-de-las-cinco-propuestas-finalistas-para-el-centro-de-interpretacion-de-la-pelota-vasca\\\/\"]}]},{\"@type\":\"ImageObject\",\"inLanguage\":\"es\",\"@id\":\"https:\\\/\\\/www.laguiadepamplona.com\\\/actualidad\\\/edificios-versatiles-espacios-de-encuentro-y-la-peatonalizacion-del-entorno-caracteristicas-comunes-de-las-cinco-propuestas-finalistas-para-el-centro-de-interpretacion-de-la-pelota-vasca\\\/#primaryimage\",\"url\":\"https:\\\/\\\/www.laguiadepamplona.com\\\/actualidad\\\/wp-content\\\/uploads\\\/2024\\\/11\\\/ruedadeprensaproyectosmuseodelapelotadsc1926_0.webp\",\"contentUrl\":\"https:\\\/\\\/www.laguiadepamplona.com\\\/actualidad\\\/wp-content\\\/uploads\\\/2024\\\/11\\\/ruedadeprensaproyectosmuseodelapelotadsc1926_0.webp\",\"width\":1000,\"height\":665,\"caption\":\"proyectos museo de la pelota\"},{\"@type\":\"BreadcrumbList\",\"@id\":\"https:\\\/\\\/www.laguiadepamplona.com\\\/actualidad\\\/edificios-versatiles-espacios-de-encuentro-y-la-peatonalizacion-del-entorno-caracteristicas-comunes-de-las-cinco-propuestas-finalistas-para-el-centro-de-interpretacion-de-la-pelota-vasca\\\/#breadcrumb\",\"itemListElement\":[{\"@type\":\"ListItem\",\"position\":1,\"name\":\"Portada\",\"item\":\"https:\\\/\\\/www.laguiadepamplona.com\\\/actualidad\\\/\"},{\"@type\":\"ListItem\",\"position\":2,\"name\":\"Edificios vers\u00e1tiles, espacios de encuentro y la peatonalizaci\u00f3n del entorno, caracter\u00edsticas comunes de las cinco propuestas finalistas para el Centro de Interpretaci\u00f3n de la Pelota Vasca\"}]},{\"@type\":\"WebSite\",\"@id\":\"https:\\\/\\\/www.laguiadepamplona.com\\\/actualidad\\\/#website\",\"url\":\"https:\\\/\\\/www.laguiadepamplona.com\\\/actualidad\\\/\",\"name\":\"La gu\u00eda de Pamplona\",\"description\":\"Noticias de Pamplona\",\"publisher\":{\"@id\":\"https:\\\/\\\/www.laguiadepamplona.com\\\/actualidad\\\/#organization\"},\"potentialAction\":[{\"@type\":\"SearchAction\",\"target\":{\"@type\":\"EntryPoint\",\"urlTemplate\":\"https:\\\/\\\/www.laguiadepamplona.com\\\/actualidad\\\/?s={search_term_string}\"},\"query-input\":{\"@type\":\"PropertyValueSpecification\",\"valueRequired\":true,\"valueName\":\"search_term_string\"}}],\"inLanguage\":\"es\"},{\"@type\":\"Organization\",\"@id\":\"https:\\\/\\\/www.laguiadepamplona.com\\\/actualidad\\\/#organization\",\"name\":\"La Gu\u00eda de Pamplona \\\/ Noticias\",\"url\":\"https:\\\/\\\/www.laguiadepamplona.com\\\/actualidad\\\/\",\"logo\":{\"@type\":\"ImageObject\",\"inLanguage\":\"es\",\"@id\":\"https:\\\/\\\/www.laguiadepamplona.com\\\/actualidad\\\/#\\\/schema\\\/logo\\\/image\\\/\",\"url\":\"https:\\\/\\\/www.laguiadepamplona.com\\\/actualidad\\\/wp-content\\\/uploads\\\/2018\\\/11\\\/logo-laguiadepamplona18-web1.png\",\"contentUrl\":\"https:\\\/\\\/www.laguiadepamplona.com\\\/actualidad\\\/wp-content\\\/uploads\\\/2018\\\/11\\\/logo-laguiadepamplona18-web1.png\",\"width\":600,\"height\":196,\"caption\":\"La Gu\u00eda de Pamplona \\\/ Noticias\"},\"image\":{\"@id\":\"https:\\\/\\\/www.laguiadepamplona.com\\\/actualidad\\\/#\\\/schema\\\/logo\\\/image\\\/\"},\"sameAs\":[\"https:\\\/\\\/www.facebook.com\\\/laguiadepamplonacom-133175176762273\\\/?ref=hl\",\"https:\\\/\\\/x.com\\\/LaGuiadPamplona\",\"https:\\\/\\\/www.instagram.com\\\/la_guia_de_pamplona\\\/\",\"https:\\\/\\\/www.youtube.com\\\/user\\\/laguiadepamplona\"]},{\"@type\":\"Person\",\"@id\":\"https:\\\/\\\/www.laguiadepamplona.com\\\/actualidad\\\/#\\\/schema\\\/person\\\/efe887376f0213d4657c93adc50b1fdb\",\"name\":\"La Gu\u00eda de Pamplona\",\"image\":{\"@type\":\"ImageObject\",\"inLanguage\":\"es\",\"@id\":\"https:\\\/\\\/secure.gravatar.com\\\/avatar\\\/b6992f131dc8d30ab0dff15446e9d346d9dbd95992de0fef795073f5ea83a81c?s=96&d=mm&r=g\",\"url\":\"https:\\\/\\\/secure.gravatar.com\\\/avatar\\\/b6992f131dc8d30ab0dff15446e9d346d9dbd95992de0fef795073f5ea83a81c?s=96&d=mm&r=g\",\"contentUrl\":\"https:\\\/\\\/secure.gravatar.com\\\/avatar\\\/b6992f131dc8d30ab0dff15446e9d346d9dbd95992de0fef795073f5ea83a81c?s=96&d=mm&r=g\",\"caption\":\"La Gu\u00eda de Pamplona\"}}]}<\/script>\n<!-- \/ Yoast SEO plugin. -->","yoast_head_json":{"title":"Edificios vers\u00e1tiles, espacios de encuentro y la peatonalizaci\u00f3n del entorno, caracter\u00edsticas comunes de las cinco propuestas finalistas para el Centro de Interpretaci\u00f3n de la Pelota Vasca","description":"En diciembre comenzar\u00e1 un proceso participativo, con ciudadan\u00eda y la Mesa T\u00e9cnica de la Pelota, para recoger sugerencias que enriquezcan el proyecto","robots":{"index":"index","follow":"follow","max-snippet":"max-snippet:-1","max-image-preview":"max-image-preview:large","max-video-preview":"max-video-preview:-1"},"canonical":"https:\/\/www.laguiadepamplona.com\/actualidad\/edificios-versatiles-espacios-de-encuentro-y-la-peatonalizacion-del-entorno-caracteristicas-comunes-de-las-cinco-propuestas-finalistas-para-el-centro-de-interpretacion-de-la-pelota-vasca\/","og_locale":"es_ES","og_type":"article","og_title":"Edificios vers\u00e1tiles, espacios de encuentro y la peatonalizaci\u00f3n del entorno, caracter\u00edsticas comunes de las cinco propuestas finalistas para el Centro de Interpretaci\u00f3n de la Pelota Vasca","og_description":"En diciembre comenzar\u00e1 un proceso participativo, con ciudadan\u00eda y la Mesa T\u00e9cnica de la Pelota, para recoger sugerencias que enriquezcan el proyecto","og_url":"https:\/\/www.laguiadepamplona.com\/actualidad\/edificios-versatiles-espacios-de-encuentro-y-la-peatonalizacion-del-entorno-caracteristicas-comunes-de-las-cinco-propuestas-finalistas-para-el-centro-de-interpretacion-de-la-pelota-vasca\/","og_site_name":"La Gu\u00eda de Pamplona","article_publisher":"https:\/\/www.facebook.com\/laguiadepamplonacom-133175176762273\/?ref=hl","article_published_time":"2024-11-15T12:42:13+00:00","og_image":[{"width":1000,"height":665,"url":"https:\/\/www.laguiadepamplona.com\/actualidad\/wp-content\/uploads\/2024\/11\/ruedadeprensaproyectosmuseodelapelotadsc1926_0.webp","type":"image\/webp"}],"author":"La Gu\u00eda de Pamplona","twitter_card":"summary_large_image","twitter_creator":"@LaGuiadPamplona","twitter_site":"@LaGuiadPamplona","twitter_misc":{"Escrito por":"La Gu\u00eda de Pamplona","Tiempo de lectura":"13 minutos"},"schema":{"@context":"https:\/\/schema.org","@graph":[{"@type":"Article","@id":"https:\/\/www.laguiadepamplona.com\/actualidad\/edificios-versatiles-espacios-de-encuentro-y-la-peatonalizacion-del-entorno-caracteristicas-comunes-de-las-cinco-propuestas-finalistas-para-el-centro-de-interpretacion-de-la-pelota-vasca\/#article","isPartOf":{"@id":"https:\/\/www.laguiadepamplona.com\/actualidad\/edificios-versatiles-espacios-de-encuentro-y-la-peatonalizacion-del-entorno-caracteristicas-comunes-de-las-cinco-propuestas-finalistas-para-el-centro-de-interpretacion-de-la-pelota-vasca\/"},"author":{"name":"La Gu\u00eda de Pamplona","@id":"https:\/\/www.laguiadepamplona.com\/actualidad\/#\/schema\/person\/efe887376f0213d4657c93adc50b1fdb"},"headline":"Edificios vers\u00e1tiles, espacios de encuentro y la peatonalizaci\u00f3n del entorno, caracter\u00edsticas comunes de las cinco propuestas finalistas para el Centro de Interpretaci\u00f3n de la Pelota Vasca","datePublished":"2024-11-15T12:42:13+00:00","mainEntityOfPage":{"@id":"https:\/\/www.laguiadepamplona.com\/actualidad\/edificios-versatiles-espacios-de-encuentro-y-la-peatonalizacion-del-entorno-caracteristicas-comunes-de-las-cinco-propuestas-finalistas-para-el-centro-de-interpretacion-de-la-pelota-vasca\/"},"wordCount":2898,"commentCount":0,"publisher":{"@id":"https:\/\/www.laguiadepamplona.com\/actualidad\/#organization"},"image":{"@id":"https:\/\/www.laguiadepamplona.com\/actualidad\/edificios-versatiles-espacios-de-encuentro-y-la-peatonalizacion-del-entorno-caracteristicas-comunes-de-las-cinco-propuestas-finalistas-para-el-centro-de-interpretacion-de-la-pelota-vasca\/#primaryimage"},"thumbnailUrl":"https:\/\/www.laguiadepamplona.com\/actualidad\/wp-content\/uploads\/2024\/11\/ruedadeprensaproyectosmuseodelapelotadsc1926_0.webp","articleSection":["Ayto Pamplona"],"inLanguage":"es","potentialAction":[{"@type":"CommentAction","name":"Comment","target":["https:\/\/www.laguiadepamplona.com\/actualidad\/edificios-versatiles-espacios-de-encuentro-y-la-peatonalizacion-del-entorno-caracteristicas-comunes-de-las-cinco-propuestas-finalistas-para-el-centro-de-interpretacion-de-la-pelota-vasca\/#respond"]}]},{"@type":"WebPage","@id":"https:\/\/www.laguiadepamplona.com\/actualidad\/edificios-versatiles-espacios-de-encuentro-y-la-peatonalizacion-del-entorno-caracteristicas-comunes-de-las-cinco-propuestas-finalistas-para-el-centro-de-interpretacion-de-la-pelota-vasca\/","url":"https:\/\/www.laguiadepamplona.com\/actualidad\/edificios-versatiles-espacios-de-encuentro-y-la-peatonalizacion-del-entorno-caracteristicas-comunes-de-las-cinco-propuestas-finalistas-para-el-centro-de-interpretacion-de-la-pelota-vasca\/","name":"Edificios vers\u00e1tiles, espacios de encuentro y la peatonalizaci\u00f3n del entorno, caracter\u00edsticas comunes de las cinco propuestas finalistas para el Centro de Interpretaci\u00f3n de la Pelota Vasca","isPartOf":{"@id":"https:\/\/www.laguiadepamplona.com\/actualidad\/#website"},"primaryImageOfPage":{"@id":"https:\/\/www.laguiadepamplona.com\/actualidad\/edificios-versatiles-espacios-de-encuentro-y-la-peatonalizacion-del-entorno-caracteristicas-comunes-de-las-cinco-propuestas-finalistas-para-el-centro-de-interpretacion-de-la-pelota-vasca\/#primaryimage"},"image":{"@id":"https:\/\/www.laguiadepamplona.com\/actualidad\/edificios-versatiles-espacios-de-encuentro-y-la-peatonalizacion-del-entorno-caracteristicas-comunes-de-las-cinco-propuestas-finalistas-para-el-centro-de-interpretacion-de-la-pelota-vasca\/#primaryimage"},"thumbnailUrl":"https:\/\/www.laguiadepamplona.com\/actualidad\/wp-content\/uploads\/2024\/11\/ruedadeprensaproyectosmuseodelapelotadsc1926_0.webp","datePublished":"2024-11-15T12:42:13+00:00","description":"En diciembre comenzar\u00e1 un proceso participativo, con ciudadan\u00eda y la Mesa T\u00e9cnica de la Pelota, para recoger sugerencias que enriquezcan el proyecto","breadcrumb":{"@id":"https:\/\/www.laguiadepamplona.com\/actualidad\/edificios-versatiles-espacios-de-encuentro-y-la-peatonalizacion-del-entorno-caracteristicas-comunes-de-las-cinco-propuestas-finalistas-para-el-centro-de-interpretacion-de-la-pelota-vasca\/#breadcrumb"},"inLanguage":"es","potentialAction":[{"@type":"ReadAction","target":["https:\/\/www.laguiadepamplona.com\/actualidad\/edificios-versatiles-espacios-de-encuentro-y-la-peatonalizacion-del-entorno-caracteristicas-comunes-de-las-cinco-propuestas-finalistas-para-el-centro-de-interpretacion-de-la-pelota-vasca\/"]}]},{"@type":"ImageObject","inLanguage":"es","@id":"https:\/\/www.laguiadepamplona.com\/actualidad\/edificios-versatiles-espacios-de-encuentro-y-la-peatonalizacion-del-entorno-caracteristicas-comunes-de-las-cinco-propuestas-finalistas-para-el-centro-de-interpretacion-de-la-pelota-vasca\/#primaryimage","url":"https:\/\/www.laguiadepamplona.com\/actualidad\/wp-content\/uploads\/2024\/11\/ruedadeprensaproyectosmuseodelapelotadsc1926_0.webp","contentUrl":"https:\/\/www.laguiadepamplona.com\/actualidad\/wp-content\/uploads\/2024\/11\/ruedadeprensaproyectosmuseodelapelotadsc1926_0.webp","width":1000,"height":665,"caption":"proyectos museo de la pelota"},{"@type":"BreadcrumbList","@id":"https:\/\/www.laguiadepamplona.com\/actualidad\/edificios-versatiles-espacios-de-encuentro-y-la-peatonalizacion-del-entorno-caracteristicas-comunes-de-las-cinco-propuestas-finalistas-para-el-centro-de-interpretacion-de-la-pelota-vasca\/#breadcrumb","itemListElement":[{"@type":"ListItem","position":1,"name":"Portada","item":"https:\/\/www.laguiadepamplona.com\/actualidad\/"},{"@type":"ListItem","position":2,"name":"Edificios vers\u00e1tiles, espacios de encuentro y la peatonalizaci\u00f3n del entorno, caracter\u00edsticas comunes de las cinco propuestas finalistas para el Centro de Interpretaci\u00f3n de la Pelota Vasca"}]},{"@type":"WebSite","@id":"https:\/\/www.laguiadepamplona.com\/actualidad\/#website","url":"https:\/\/www.laguiadepamplona.com\/actualidad\/","name":"La gu\u00eda de Pamplona","description":"Noticias de Pamplona","publisher":{"@id":"https:\/\/www.laguiadepamplona.com\/actualidad\/#organization"},"potentialAction":[{"@type":"SearchAction","target":{"@type":"EntryPoint","urlTemplate":"https:\/\/www.laguiadepamplona.com\/actualidad\/?s={search_term_string}"},"query-input":{"@type":"PropertyValueSpecification","valueRequired":true,"valueName":"search_term_string"}}],"inLanguage":"es"},{"@type":"Organization","@id":"https:\/\/www.laguiadepamplona.com\/actualidad\/#organization","name":"La Gu\u00eda de Pamplona \/ Noticias","url":"https:\/\/www.laguiadepamplona.com\/actualidad\/","logo":{"@type":"ImageObject","inLanguage":"es","@id":"https:\/\/www.laguiadepamplona.com\/actualidad\/#\/schema\/logo\/image\/","url":"https:\/\/www.laguiadepamplona.com\/actualidad\/wp-content\/uploads\/2018\/11\/logo-laguiadepamplona18-web1.png","contentUrl":"https:\/\/www.laguiadepamplona.com\/actualidad\/wp-content\/uploads\/2018\/11\/logo-laguiadepamplona18-web1.png","width":600,"height":196,"caption":"La Gu\u00eda de Pamplona \/ Noticias"},"image":{"@id":"https:\/\/www.laguiadepamplona.com\/actualidad\/#\/schema\/logo\/image\/"},"sameAs":["https:\/\/www.facebook.com\/laguiadepamplonacom-133175176762273\/?ref=hl","https:\/\/x.com\/LaGuiadPamplona","https:\/\/www.instagram.com\/la_guia_de_pamplona\/","https:\/\/www.youtube.com\/user\/laguiadepamplona"]},{"@type":"Person","@id":"https:\/\/www.laguiadepamplona.com\/actualidad\/#\/schema\/person\/efe887376f0213d4657c93adc50b1fdb","name":"La Gu\u00eda de Pamplona","image":{"@type":"ImageObject","inLanguage":"es","@id":"https:\/\/secure.gravatar.com\/avatar\/b6992f131dc8d30ab0dff15446e9d346d9dbd95992de0fef795073f5ea83a81c?s=96&d=mm&r=g","url":"https:\/\/secure.gravatar.com\/avatar\/b6992f131dc8d30ab0dff15446e9d346d9dbd95992de0fef795073f5ea83a81c?s=96&d=mm&r=g","contentUrl":"https:\/\/secure.gravatar.com\/avatar\/b6992f131dc8d30ab0dff15446e9d346d9dbd95992de0fef795073f5ea83a81c?s=96&d=mm&r=g","caption":"La Gu\u00eda de Pamplona"}}]}},"post_mailing_queue_ids":[],"_links":{"self":[{"href":"https:\/\/www.laguiadepamplona.com\/actualidad\/wp-json\/wp\/v2\/posts\/51319","targetHints":{"allow":["GET"]}}],"collection":[{"href":"https:\/\/www.laguiadepamplona.com\/actualidad\/wp-json\/wp\/v2\/posts"}],"about":[{"href":"https:\/\/www.laguiadepamplona.com\/actualidad\/wp-json\/wp\/v2\/types\/post"}],"author":[{"embeddable":true,"href":"https:\/\/www.laguiadepamplona.com\/actualidad\/wp-json\/wp\/v2\/users\/1"}],"replies":[{"embeddable":true,"href":"https:\/\/www.laguiadepamplona.com\/actualidad\/wp-json\/wp\/v2\/comments?post=51319"}],"version-history":[{"count":1,"href":"https:\/\/www.laguiadepamplona.com\/actualidad\/wp-json\/wp\/v2\/posts\/51319\/revisions"}],"predecessor-version":[{"id":51321,"href":"https:\/\/www.laguiadepamplona.com\/actualidad\/wp-json\/wp\/v2\/posts\/51319\/revisions\/51321"}],"wp:featuredmedia":[{"embeddable":true,"href":"https:\/\/www.laguiadepamplona.com\/actualidad\/wp-json\/wp\/v2\/media\/51320"}],"wp:attachment":[{"href":"https:\/\/www.laguiadepamplona.com\/actualidad\/wp-json\/wp\/v2\/media?parent=51319"}],"wp:term":[{"taxonomy":"category","embeddable":true,"href":"https:\/\/www.laguiadepamplona.com\/actualidad\/wp-json\/wp\/v2\/categories?post=51319"},{"taxonomy":"post_tag","embeddable":true,"href":"https:\/\/www.laguiadepamplona.com\/actualidad\/wp-json\/wp\/v2\/tags?post=51319"}],"curies":[{"name":"wp","href":"https:\/\/api.w.org\/{rel}","templated":true}]}}