{"id":51315,"date":"2024-11-14T14:30:01","date_gmt":"2024-11-14T12:30:01","guid":{"rendered":"https:\/\/www.laguiadepamplona.com\/actualidad\/?p=51315"},"modified":"2024-11-14T14:30:01","modified_gmt":"2024-11-14T12:30:01","slug":"el-ayuntamiento-de-pamplona-destina-este-ano-dos-millones-de-euros-para-el-asfaltado-de-once-calles-de-la-ciudad","status":"publish","type":"post","link":"https:\/\/www.laguiadepamplona.com\/actualidad\/el-ayuntamiento-de-pamplona-destina-este-ano-dos-millones-de-euros-para-el-asfaltado-de-once-calles-de-la-ciudad\/","title":{"rendered":"El Ayuntamiento de Pamplona destina este a\u00f1o dos millones de euros para el asfaltado de once calles de la ciudad"},"content":{"rendered":"<h2>Ya se han ejecutado ocho trabajos y est\u00e1 pendiente realizar las obras en las calles Abejeras, Seraf\u00edn Olave y San Juan Bosco<\/h2>\n<p><!--more--><\/p>\n<p>El Ayuntamiento de Pamplona tiene previsto destinar este a\u00f1o dos millones de euros a labores de asfaltado en las principales calles de la ciudad al abrigo del Plan de Rehabilitaci\u00f3n de Firmes. Hasta la fecha, ha invertido ya cerca de 1,3 millones en la reforma de ocho viales y, de aqu\u00ed a fin de a\u00f1o, prev\u00e9 ejecutar la partida restante en tres obras m\u00e1s.<\/p>\n<p>El grueso de las obras se est\u00e1 llevando a cabo en el segundo semestre del a\u00f1o, atendiendo a las prioridades marcadas por el plan. Para ello, se prev\u00e9n distintos grados de intervenci\u00f3n, en funci\u00f3n del deterioro que presente la calzada. As\u00ed, se puede realizar \u00fanicamente una actuaci\u00f3n m\u00e1s superficial, consistente en verter una lechada bituminosa. Una fase con mayor intervenci\u00f3n es realizar un refuerzo del firme, previa adecuaci\u00f3n de la base. Y, por \u00faltimo, cuando la calzada se encuentra muy deteriorada, lo que se proyecta es un fresado, o eliminaci\u00f3n del firme existente, de distinta profundidad en funci\u00f3n de las necesidades y la reposici\u00f3n posterior de las capas subyacentes y del asfalto. A trav\u00e9s de estas actuaciones, el Consistorio busca mejorar la seguridad no solo de las personas conductoras sino tambi\u00e9n de peatones y ciclistas, garantizado una correcta calidad del firme.<\/p>\n<p>La primera actuaci\u00f3n de envergadura fue el asfaltado de todo el anillo de circulaci\u00f3n en la plaza de los Fueros, aprovechando los meses de verano, con un menor tr\u00e1fico rodado. En ella se invirtieron 197.041,22 euros, para fresar forma generalizada 5 cent\u00edmetros de la capa superficial de asfaltado y aplicar una nueva capa de 5.000 metros cuadrados de asfalto. Tras esta reforma, en agosto se actu\u00f3 tambi\u00e9n en otros tres puntos de la ciudad. Por un lado, se asfalt\u00f3 la calle Esqu\u00edroz, entre las calles Iturrama y Vuelta del Castillo, en ambos sentidos de circulaci\u00f3n, con una inversi\u00f3n de 182.104,43 euros. Tambi\u00e9n se realizaron trabajos en la ronda de Azpilaga\u00f1a, en el tramo comprendido entre las calles R\u00edo Alzania y Miguel Astr\u00e1in, en ambos sentidos de circulaci\u00f3n, con un coste de 81.780,38 euros. Y, por \u00faltimo, se llevaron a cabo obras de reparaci\u00f3n y asfaltado del pavimento de un tramo de la avenida de Villava, en el tramo comprendido entre las calles Padre Ado\u00e1in y Capuchinos, en ambos sentidos de la circulaci\u00f3n, donde se invirtieron 160.590,82 euros.<\/p>\n<p>En las \u00faltimas semanas, se han realizado e iniciado los trabajos en la avenida de Bara\u00f1\u00e1in, entre la avenida de Navarra y la calle Ermitaga\u00f1a, en ambos sentidos de circulaci\u00f3n. En total se actuar\u00e1 en 6.218 metros cuadrados, con un coste de 218.668,83 euros. Y a finales de octubre se llevaron a cabo las obras en la calle Alfonso el Batallador, entre las calles Abejeras y Esqu\u00edroz, donde se actuaron en 3.535 metros cuadrados.<\/p>\n<p>Esta misma semana se est\u00e1n ejecutando los trabajos en la avenida de Zaragoza, sentido entrada de ciudad, en el tramo comprendido entre las calles R\u00edo Queiles y Sang\u00fcesa; y en ambos sentidos de la calle \u00cd\u00f1igo Arista, entre las calles Pedro I y Seraf\u00edn Olave. Para la primera actuaci\u00f3n se han previsto 208.094,11 euros. En el caso de la calle I\u00f1igo Arista inversi\u00f3n asciende a 178.600 euros.<\/p>\n<p>El total, las ocho actuaciones ya realizadas o en marcha suponen una inversi\u00f3n de 1.285.881,09 euros.<\/p>\n<p><strong>Tres actuaciones m\u00e1s<\/strong><\/p>\n<p>Antes de que finalice el a\u00f1o, el Ayuntamiento adjudicar\u00e1 y ejecutar\u00e1 otras tres obras de asfaltado. En concreto, tiene previsto actuar sobre las calles Seraf\u00edn Olave y San Juan Bosco, para lo que se realizar\u00e1 una inversi\u00f3n de 102.643,35 y 153.965,06 euros, respectivamente. Adem\u00e1s, en la calle Abejeras se proceder\u00e1 al asfaltado de la v\u00eda, dentro de una actuaci\u00f3n m\u00e1s amplia dirigida a mejorar la ciclabilidad del entorno. En este punto, se van a reformar aceras y carril bici, adem\u00e1s de reasfaltar la calzada una vez concluyan las obras previas. Adem\u00e1s, de la calle, en este lugar se proceder\u00e1 tambi\u00e9n a renovar el asfaltado en el fondo de saco ubicado junto al colegio Sant\u00edsimo Sacramento. El presupuesto para el asfaltado de esta zona ser\u00e1 de 228.263,26 euros.<\/p>\n<p>Tanto las actuaciones ya realizadas como las previstas hasta fin de a\u00f1o suponen un importe de 1.770.752,76 euros. El resto, hasta los dos millones de euros, se dedica a otras actuaciones de menor importe, como los fondos de saco cercanos a I\u00f1igo Arista, Esqu\u00edroz y Alfonso el Batallador.<\/p>\n<p>Adem\u00e1s, del Plan de Rehabilitaci\u00f3n de Firmes, el Consistorio cuenta con otras herramientas de mejora de los espacios p\u00fablicos, como el plan de alumbrado y el plan de caminabilidad de la ciudad. Este \u00faltimo est\u00e1 dotado con 1,1 millones de euros, y ha permitido mejorar aceras y zonas de paso en barrios como Etxabakoitz, Milagrosa, Ensanche e Iturrama, entre otros.<\/p>\n<p>&nbsp;<\/p>\n<h3>Actuaciones Aprobadas<\/h3>\n<p>&nbsp;<\/p>\n<table width=\"565\">\n<tbody>\n<tr>\n<td width=\"414\"><strong>OBRA<\/strong><\/td>\n<td width=\"151\"><strong>INVERSI\u00d3N<\/strong><\/td>\n<\/tr>\n<tr>\n<td width=\"414\">Asfaltado Plaza de los Fueros<\/td>\n<td width=\"151\">184.607,92<\/td>\n<\/tr>\n<tr>\n<td width=\"414\">Asfaltado calle Esqu\u00edroz<\/td>\n<td width=\"151\">182.104,43<\/td>\n<\/tr>\n<tr>\n<td width=\"414\">Asfaltado Ronda de Azpilaga\u00f1a<\/td>\n<td width=\"151\">81.780,38<\/td>\n<\/tr>\n<tr>\n<td width=\"414\">Asfaltado Avenida de Villava<\/td>\n<td width=\"151\">160.590,82<\/td>\n<\/tr>\n<tr>\n<td width=\"414\">Asfaltado Avenida de Bara\u00f1\u00e1in<\/td>\n<td width=\"151\">218.668,83<\/td>\n<\/tr>\n<tr>\n<td width=\"414\">Asfaltado Alfonso El Batallador<\/td>\n<td width=\"151\">71.409,72<\/td>\n<\/tr>\n<tr>\n<td width=\"414\">Asfaltado calle \u00cd\u00f1igo Arista<\/td>\n<td width=\"151\">178.624,88<\/td>\n<\/tr>\n<tr>\n<td width=\"414\">Asfaltado Avenida de Zaragoza<\/td>\n<td width=\"151\">208.094,11<\/td>\n<\/tr>\n<\/tbody>\n<\/table>\n<p>&nbsp;<\/p>\n<h3>Actuaciones Pendientes de Realizar<\/h3>\n<p>&nbsp;<\/p>\n<table width=\"565\">\n<tbody>\n<tr>\n<td width=\"347\"><strong>OBRA<\/strong><\/td>\n<td width=\"217\"><strong>INVERSI\u00d3N PREVISTA<\/strong><\/td>\n<\/tr>\n<tr>\n<td width=\"347\">Asfaltado calle Seraf\u00edn Olave<\/td>\n<td width=\"217\">102.643,35<\/td>\n<\/tr>\n<tr>\n<td width=\"347\">Asfaltado calle San Juan Bosco<\/td>\n<td width=\"217\">153.965,06<\/td>\n<\/tr>\n<tr>\n<td width=\"347\">Asfaltado calle Abejeras<\/td>\n<td width=\"217\">228.263,26<\/td>\n<\/tr>\n<\/tbody>\n<\/table>\n","protected":false},"excerpt":{"rendered":"<p>Ya se han ejecutado ocho trabajos y est\u00e1 pendiente realizar las obras en las calles Abejeras, Seraf\u00edn Olave y San Juan Bosco<\/p>\n","protected":false},"author":1,"featured_media":50375,"comment_status":"open","ping_status":"closed","sticky":false,"template":"","format":"standard","meta":{"footnotes":""},"categories":[2],"tags":[],"class_list":["post-51315","post","type-post","status-publish","format-standard","has-post-thumbnail","hentry","category-ayuntamiento-pamplona"],"yoast_head":"<!-- This site is optimized with the Yoast SEO plugin v27.3 - https:\/\/yoast.com\/product\/yoast-seo-wordpress\/ -->\n<title>El Ayuntamiento de Pamplona destina este a\u00f1o dos millones de euros para el asfaltado de once calles de la ciudad<\/title>\n<meta name=\"description\" content=\"Ya se han ejecutado ocho trabajos y est\u00e1 pendiente realizar las obras en las calles Abejeras, Seraf\u00edn Olave y San Juan Bosco\" \/>\n<meta name=\"robots\" content=\"index, follow, max-snippet:-1, max-image-preview:large, max-video-preview:-1\" \/>\n<link rel=\"canonical\" href=\"https:\/\/www.laguiadepamplona.com\/actualidad\/el-ayuntamiento-de-pamplona-destina-este-ano-dos-millones-de-euros-para-el-asfaltado-de-once-calles-de-la-ciudad\/\" \/>\n<meta property=\"og:locale\" content=\"es_ES\" \/>\n<meta property=\"og:type\" content=\"article\" \/>\n<meta property=\"og:title\" content=\"El Ayuntamiento de Pamplona destina este a\u00f1o dos millones de euros para el asfaltado de once calles de la ciudad\" \/>\n<meta property=\"og:description\" content=\"Ya se han ejecutado ocho trabajos y est\u00e1 pendiente realizar las obras en las calles Abejeras, Seraf\u00edn Olave y San Juan Bosco\" \/>\n<meta property=\"og:url\" content=\"https:\/\/www.laguiadepamplona.com\/actualidad\/el-ayuntamiento-de-pamplona-destina-este-ano-dos-millones-de-euros-para-el-asfaltado-de-once-calles-de-la-ciudad\/\" \/>\n<meta property=\"og:site_name\" content=\"La Gu\u00eda de Pamplona\" \/>\n<meta property=\"article:publisher\" content=\"https:\/\/www.facebook.com\/laguiadepamplonacom-133175176762273\/?ref=hl\" \/>\n<meta property=\"article:published_time\" content=\"2024-11-14T12:30:01+00:00\" \/>\n<meta property=\"og:image\" content=\"https:\/\/www.laguiadepamplona.com\/actualidad\/wp-content\/uploads\/2024\/07\/plazafuerosasfaltada5.webp\" \/>\n\t<meta property=\"og:image:width\" content=\"1000\" \/>\n\t<meta property=\"og:image:height\" content=\"667\" \/>\n\t<meta property=\"og:image:type\" content=\"image\/webp\" \/>\n<meta name=\"author\" content=\"La Gu\u00eda de Pamplona\" \/>\n<meta name=\"twitter:card\" content=\"summary_large_image\" \/>\n<meta name=\"twitter:creator\" content=\"@LaGuiadPamplona\" \/>\n<meta name=\"twitter:site\" content=\"@LaGuiadPamplona\" \/>\n<meta name=\"twitter:label1\" content=\"Escrito por\" \/>\n\t<meta name=\"twitter:data1\" content=\"La Gu\u00eda de Pamplona\" \/>\n\t<meta name=\"twitter:label2\" content=\"Tiempo de lectura\" \/>\n\t<meta name=\"twitter:data2\" content=\"4 minutos\" \/>\n<script type=\"application\/ld+json\" class=\"yoast-schema-graph\">{\"@context\":\"https:\\\/\\\/schema.org\",\"@graph\":[{\"@type\":\"Article\",\"@id\":\"https:\\\/\\\/www.laguiadepamplona.com\\\/actualidad\\\/el-ayuntamiento-de-pamplona-destina-este-ano-dos-millones-de-euros-para-el-asfaltado-de-once-calles-de-la-ciudad\\\/#article\",\"isPartOf\":{\"@id\":\"https:\\\/\\\/www.laguiadepamplona.com\\\/actualidad\\\/el-ayuntamiento-de-pamplona-destina-este-ano-dos-millones-de-euros-para-el-asfaltado-de-once-calles-de-la-ciudad\\\/\"},\"author\":{\"name\":\"La Gu\u00eda de Pamplona\",\"@id\":\"https:\\\/\\\/www.laguiadepamplona.com\\\/actualidad\\\/#\\\/schema\\\/person\\\/efe887376f0213d4657c93adc50b1fdb\"},\"headline\":\"El Ayuntamiento de Pamplona destina este a\u00f1o dos millones de euros para el asfaltado de once calles de la ciudad\",\"datePublished\":\"2024-11-14T12:30:01+00:00\",\"mainEntityOfPage\":{\"@id\":\"https:\\\/\\\/www.laguiadepamplona.com\\\/actualidad\\\/el-ayuntamiento-de-pamplona-destina-este-ano-dos-millones-de-euros-para-el-asfaltado-de-once-calles-de-la-ciudad\\\/\"},\"wordCount\":931,\"commentCount\":0,\"publisher\":{\"@id\":\"https:\\\/\\\/www.laguiadepamplona.com\\\/actualidad\\\/#organization\"},\"image\":{\"@id\":\"https:\\\/\\\/www.laguiadepamplona.com\\\/actualidad\\\/el-ayuntamiento-de-pamplona-destina-este-ano-dos-millones-de-euros-para-el-asfaltado-de-once-calles-de-la-ciudad\\\/#primaryimage\"},\"thumbnailUrl\":\"https:\\\/\\\/www.laguiadepamplona.com\\\/actualidad\\\/wp-content\\\/uploads\\\/2024\\\/07\\\/plazafuerosasfaltada5.webp\",\"articleSection\":[\"Ayto Pamplona\"],\"inLanguage\":\"es\",\"potentialAction\":[{\"@type\":\"CommentAction\",\"name\":\"Comment\",\"target\":[\"https:\\\/\\\/www.laguiadepamplona.com\\\/actualidad\\\/el-ayuntamiento-de-pamplona-destina-este-ano-dos-millones-de-euros-para-el-asfaltado-de-once-calles-de-la-ciudad\\\/#respond\"]}]},{\"@type\":\"WebPage\",\"@id\":\"https:\\\/\\\/www.laguiadepamplona.com\\\/actualidad\\\/el-ayuntamiento-de-pamplona-destina-este-ano-dos-millones-de-euros-para-el-asfaltado-de-once-calles-de-la-ciudad\\\/\",\"url\":\"https:\\\/\\\/www.laguiadepamplona.com\\\/actualidad\\\/el-ayuntamiento-de-pamplona-destina-este-ano-dos-millones-de-euros-para-el-asfaltado-de-once-calles-de-la-ciudad\\\/\",\"name\":\"El Ayuntamiento de Pamplona destina este a\u00f1o dos millones de euros para el asfaltado de once calles de la ciudad\",\"isPartOf\":{\"@id\":\"https:\\\/\\\/www.laguiadepamplona.com\\\/actualidad\\\/#website\"},\"primaryImageOfPage\":{\"@id\":\"https:\\\/\\\/www.laguiadepamplona.com\\\/actualidad\\\/el-ayuntamiento-de-pamplona-destina-este-ano-dos-millones-de-euros-para-el-asfaltado-de-once-calles-de-la-ciudad\\\/#primaryimage\"},\"image\":{\"@id\":\"https:\\\/\\\/www.laguiadepamplona.com\\\/actualidad\\\/el-ayuntamiento-de-pamplona-destina-este-ano-dos-millones-de-euros-para-el-asfaltado-de-once-calles-de-la-ciudad\\\/#primaryimage\"},\"thumbnailUrl\":\"https:\\\/\\\/www.laguiadepamplona.com\\\/actualidad\\\/wp-content\\\/uploads\\\/2024\\\/07\\\/plazafuerosasfaltada5.webp\",\"datePublished\":\"2024-11-14T12:30:01+00:00\",\"description\":\"Ya se han ejecutado ocho trabajos y est\u00e1 pendiente realizar las obras en las calles Abejeras, Seraf\u00edn Olave y San Juan Bosco\",\"breadcrumb\":{\"@id\":\"https:\\\/\\\/www.laguiadepamplona.com\\\/actualidad\\\/el-ayuntamiento-de-pamplona-destina-este-ano-dos-millones-de-euros-para-el-asfaltado-de-once-calles-de-la-ciudad\\\/#breadcrumb\"},\"inLanguage\":\"es\",\"potentialAction\":[{\"@type\":\"ReadAction\",\"target\":[\"https:\\\/\\\/www.laguiadepamplona.com\\\/actualidad\\\/el-ayuntamiento-de-pamplona-destina-este-ano-dos-millones-de-euros-para-el-asfaltado-de-once-calles-de-la-ciudad\\\/\"]}]},{\"@type\":\"ImageObject\",\"inLanguage\":\"es\",\"@id\":\"https:\\\/\\\/www.laguiadepamplona.com\\\/actualidad\\\/el-ayuntamiento-de-pamplona-destina-este-ano-dos-millones-de-euros-para-el-asfaltado-de-once-calles-de-la-ciudad\\\/#primaryimage\",\"url\":\"https:\\\/\\\/www.laguiadepamplona.com\\\/actualidad\\\/wp-content\\\/uploads\\\/2024\\\/07\\\/plazafuerosasfaltada5.webp\",\"contentUrl\":\"https:\\\/\\\/www.laguiadepamplona.com\\\/actualidad\\\/wp-content\\\/uploads\\\/2024\\\/07\\\/plazafuerosasfaltada5.webp\",\"width\":1000,\"height\":667,\"caption\":\"plaza los fueros asfaltada\"},{\"@type\":\"BreadcrumbList\",\"@id\":\"https:\\\/\\\/www.laguiadepamplona.com\\\/actualidad\\\/el-ayuntamiento-de-pamplona-destina-este-ano-dos-millones-de-euros-para-el-asfaltado-de-once-calles-de-la-ciudad\\\/#breadcrumb\",\"itemListElement\":[{\"@type\":\"ListItem\",\"position\":1,\"name\":\"Portada\",\"item\":\"https:\\\/\\\/www.laguiadepamplona.com\\\/actualidad\\\/\"},{\"@type\":\"ListItem\",\"position\":2,\"name\":\"El Ayuntamiento de Pamplona destina este a\u00f1o dos millones de euros para el asfaltado de once calles de la ciudad\"}]},{\"@type\":\"WebSite\",\"@id\":\"https:\\\/\\\/www.laguiadepamplona.com\\\/actualidad\\\/#website\",\"url\":\"https:\\\/\\\/www.laguiadepamplona.com\\\/actualidad\\\/\",\"name\":\"La gu\u00eda de Pamplona\",\"description\":\"Noticias de Pamplona\",\"publisher\":{\"@id\":\"https:\\\/\\\/www.laguiadepamplona.com\\\/actualidad\\\/#organization\"},\"potentialAction\":[{\"@type\":\"SearchAction\",\"target\":{\"@type\":\"EntryPoint\",\"urlTemplate\":\"https:\\\/\\\/www.laguiadepamplona.com\\\/actualidad\\\/?s={search_term_string}\"},\"query-input\":{\"@type\":\"PropertyValueSpecification\",\"valueRequired\":true,\"valueName\":\"search_term_string\"}}],\"inLanguage\":\"es\"},{\"@type\":\"Organization\",\"@id\":\"https:\\\/\\\/www.laguiadepamplona.com\\\/actualidad\\\/#organization\",\"name\":\"La Gu\u00eda de Pamplona \\\/ Noticias\",\"url\":\"https:\\\/\\\/www.laguiadepamplona.com\\\/actualidad\\\/\",\"logo\":{\"@type\":\"ImageObject\",\"inLanguage\":\"es\",\"@id\":\"https:\\\/\\\/www.laguiadepamplona.com\\\/actualidad\\\/#\\\/schema\\\/logo\\\/image\\\/\",\"url\":\"https:\\\/\\\/www.laguiadepamplona.com\\\/actualidad\\\/wp-content\\\/uploads\\\/2018\\\/11\\\/logo-laguiadepamplona18-web1.png\",\"contentUrl\":\"https:\\\/\\\/www.laguiadepamplona.com\\\/actualidad\\\/wp-content\\\/uploads\\\/2018\\\/11\\\/logo-laguiadepamplona18-web1.png\",\"width\":600,\"height\":196,\"caption\":\"La Gu\u00eda de Pamplona \\\/ Noticias\"},\"image\":{\"@id\":\"https:\\\/\\\/www.laguiadepamplona.com\\\/actualidad\\\/#\\\/schema\\\/logo\\\/image\\\/\"},\"sameAs\":[\"https:\\\/\\\/www.facebook.com\\\/laguiadepamplonacom-133175176762273\\\/?ref=hl\",\"https:\\\/\\\/x.com\\\/LaGuiadPamplona\",\"https:\\\/\\\/www.instagram.com\\\/la_guia_de_pamplona\\\/\",\"https:\\\/\\\/www.youtube.com\\\/user\\\/laguiadepamplona\"]},{\"@type\":\"Person\",\"@id\":\"https:\\\/\\\/www.laguiadepamplona.com\\\/actualidad\\\/#\\\/schema\\\/person\\\/efe887376f0213d4657c93adc50b1fdb\",\"name\":\"La Gu\u00eda de Pamplona\",\"image\":{\"@type\":\"ImageObject\",\"inLanguage\":\"es\",\"@id\":\"https:\\\/\\\/secure.gravatar.com\\\/avatar\\\/b6992f131dc8d30ab0dff15446e9d346d9dbd95992de0fef795073f5ea83a81c?s=96&d=mm&r=g\",\"url\":\"https:\\\/\\\/secure.gravatar.com\\\/avatar\\\/b6992f131dc8d30ab0dff15446e9d346d9dbd95992de0fef795073f5ea83a81c?s=96&d=mm&r=g\",\"contentUrl\":\"https:\\\/\\\/secure.gravatar.com\\\/avatar\\\/b6992f131dc8d30ab0dff15446e9d346d9dbd95992de0fef795073f5ea83a81c?s=96&d=mm&r=g\",\"caption\":\"La Gu\u00eda de Pamplona\"}}]}<\/script>\n<!-- \/ Yoast SEO plugin. -->","yoast_head_json":{"title":"El Ayuntamiento de Pamplona destina este a\u00f1o dos millones de euros para el asfaltado de once calles de la ciudad","description":"Ya se han ejecutado ocho trabajos y est\u00e1 pendiente realizar las obras en las calles Abejeras, Seraf\u00edn Olave y San Juan Bosco","robots":{"index":"index","follow":"follow","max-snippet":"max-snippet:-1","max-image-preview":"max-image-preview:large","max-video-preview":"max-video-preview:-1"},"canonical":"https:\/\/www.laguiadepamplona.com\/actualidad\/el-ayuntamiento-de-pamplona-destina-este-ano-dos-millones-de-euros-para-el-asfaltado-de-once-calles-de-la-ciudad\/","og_locale":"es_ES","og_type":"article","og_title":"El Ayuntamiento de Pamplona destina este a\u00f1o dos millones de euros para el asfaltado de once calles de la ciudad","og_description":"Ya se han ejecutado ocho trabajos y est\u00e1 pendiente realizar las obras en las calles Abejeras, Seraf\u00edn Olave y San Juan Bosco","og_url":"https:\/\/www.laguiadepamplona.com\/actualidad\/el-ayuntamiento-de-pamplona-destina-este-ano-dos-millones-de-euros-para-el-asfaltado-de-once-calles-de-la-ciudad\/","og_site_name":"La Gu\u00eda de Pamplona","article_publisher":"https:\/\/www.facebook.com\/laguiadepamplonacom-133175176762273\/?ref=hl","article_published_time":"2024-11-14T12:30:01+00:00","og_image":[{"width":1000,"height":667,"url":"https:\/\/www.laguiadepamplona.com\/actualidad\/wp-content\/uploads\/2024\/07\/plazafuerosasfaltada5.webp","type":"image\/webp"}],"author":"La Gu\u00eda de Pamplona","twitter_card":"summary_large_image","twitter_creator":"@LaGuiadPamplona","twitter_site":"@LaGuiadPamplona","twitter_misc":{"Escrito por":"La Gu\u00eda de Pamplona","Tiempo de lectura":"4 minutos"},"schema":{"@context":"https:\/\/schema.org","@graph":[{"@type":"Article","@id":"https:\/\/www.laguiadepamplona.com\/actualidad\/el-ayuntamiento-de-pamplona-destina-este-ano-dos-millones-de-euros-para-el-asfaltado-de-once-calles-de-la-ciudad\/#article","isPartOf":{"@id":"https:\/\/www.laguiadepamplona.com\/actualidad\/el-ayuntamiento-de-pamplona-destina-este-ano-dos-millones-de-euros-para-el-asfaltado-de-once-calles-de-la-ciudad\/"},"author":{"name":"La Gu\u00eda de Pamplona","@id":"https:\/\/www.laguiadepamplona.com\/actualidad\/#\/schema\/person\/efe887376f0213d4657c93adc50b1fdb"},"headline":"El Ayuntamiento de Pamplona destina este a\u00f1o dos millones de euros para el asfaltado de once calles de la ciudad","datePublished":"2024-11-14T12:30:01+00:00","mainEntityOfPage":{"@id":"https:\/\/www.laguiadepamplona.com\/actualidad\/el-ayuntamiento-de-pamplona-destina-este-ano-dos-millones-de-euros-para-el-asfaltado-de-once-calles-de-la-ciudad\/"},"wordCount":931,"commentCount":0,"publisher":{"@id":"https:\/\/www.laguiadepamplona.com\/actualidad\/#organization"},"image":{"@id":"https:\/\/www.laguiadepamplona.com\/actualidad\/el-ayuntamiento-de-pamplona-destina-este-ano-dos-millones-de-euros-para-el-asfaltado-de-once-calles-de-la-ciudad\/#primaryimage"},"thumbnailUrl":"https:\/\/www.laguiadepamplona.com\/actualidad\/wp-content\/uploads\/2024\/07\/plazafuerosasfaltada5.webp","articleSection":["Ayto Pamplona"],"inLanguage":"es","potentialAction":[{"@type":"CommentAction","name":"Comment","target":["https:\/\/www.laguiadepamplona.com\/actualidad\/el-ayuntamiento-de-pamplona-destina-este-ano-dos-millones-de-euros-para-el-asfaltado-de-once-calles-de-la-ciudad\/#respond"]}]},{"@type":"WebPage","@id":"https:\/\/www.laguiadepamplona.com\/actualidad\/el-ayuntamiento-de-pamplona-destina-este-ano-dos-millones-de-euros-para-el-asfaltado-de-once-calles-de-la-ciudad\/","url":"https:\/\/www.laguiadepamplona.com\/actualidad\/el-ayuntamiento-de-pamplona-destina-este-ano-dos-millones-de-euros-para-el-asfaltado-de-once-calles-de-la-ciudad\/","name":"El Ayuntamiento de Pamplona destina este a\u00f1o dos millones de euros para el asfaltado de once calles de la ciudad","isPartOf":{"@id":"https:\/\/www.laguiadepamplona.com\/actualidad\/#website"},"primaryImageOfPage":{"@id":"https:\/\/www.laguiadepamplona.com\/actualidad\/el-ayuntamiento-de-pamplona-destina-este-ano-dos-millones-de-euros-para-el-asfaltado-de-once-calles-de-la-ciudad\/#primaryimage"},"image":{"@id":"https:\/\/www.laguiadepamplona.com\/actualidad\/el-ayuntamiento-de-pamplona-destina-este-ano-dos-millones-de-euros-para-el-asfaltado-de-once-calles-de-la-ciudad\/#primaryimage"},"thumbnailUrl":"https:\/\/www.laguiadepamplona.com\/actualidad\/wp-content\/uploads\/2024\/07\/plazafuerosasfaltada5.webp","datePublished":"2024-11-14T12:30:01+00:00","description":"Ya se han ejecutado ocho trabajos y est\u00e1 pendiente realizar las obras en las calles Abejeras, Seraf\u00edn Olave y San Juan Bosco","breadcrumb":{"@id":"https:\/\/www.laguiadepamplona.com\/actualidad\/el-ayuntamiento-de-pamplona-destina-este-ano-dos-millones-de-euros-para-el-asfaltado-de-once-calles-de-la-ciudad\/#breadcrumb"},"inLanguage":"es","potentialAction":[{"@type":"ReadAction","target":["https:\/\/www.laguiadepamplona.com\/actualidad\/el-ayuntamiento-de-pamplona-destina-este-ano-dos-millones-de-euros-para-el-asfaltado-de-once-calles-de-la-ciudad\/"]}]},{"@type":"ImageObject","inLanguage":"es","@id":"https:\/\/www.laguiadepamplona.com\/actualidad\/el-ayuntamiento-de-pamplona-destina-este-ano-dos-millones-de-euros-para-el-asfaltado-de-once-calles-de-la-ciudad\/#primaryimage","url":"https:\/\/www.laguiadepamplona.com\/actualidad\/wp-content\/uploads\/2024\/07\/plazafuerosasfaltada5.webp","contentUrl":"https:\/\/www.laguiadepamplona.com\/actualidad\/wp-content\/uploads\/2024\/07\/plazafuerosasfaltada5.webp","width":1000,"height":667,"caption":"plaza los fueros asfaltada"},{"@type":"BreadcrumbList","@id":"https:\/\/www.laguiadepamplona.com\/actualidad\/el-ayuntamiento-de-pamplona-destina-este-ano-dos-millones-de-euros-para-el-asfaltado-de-once-calles-de-la-ciudad\/#breadcrumb","itemListElement":[{"@type":"ListItem","position":1,"name":"Portada","item":"https:\/\/www.laguiadepamplona.com\/actualidad\/"},{"@type":"ListItem","position":2,"name":"El Ayuntamiento de Pamplona destina este a\u00f1o dos millones de euros para el asfaltado de once calles de la ciudad"}]},{"@type":"WebSite","@id":"https:\/\/www.laguiadepamplona.com\/actualidad\/#website","url":"https:\/\/www.laguiadepamplona.com\/actualidad\/","name":"La gu\u00eda de Pamplona","description":"Noticias de Pamplona","publisher":{"@id":"https:\/\/www.laguiadepamplona.com\/actualidad\/#organization"},"potentialAction":[{"@type":"SearchAction","target":{"@type":"EntryPoint","urlTemplate":"https:\/\/www.laguiadepamplona.com\/actualidad\/?s={search_term_string}"},"query-input":{"@type":"PropertyValueSpecification","valueRequired":true,"valueName":"search_term_string"}}],"inLanguage":"es"},{"@type":"Organization","@id":"https:\/\/www.laguiadepamplona.com\/actualidad\/#organization","name":"La Gu\u00eda de Pamplona \/ Noticias","url":"https:\/\/www.laguiadepamplona.com\/actualidad\/","logo":{"@type":"ImageObject","inLanguage":"es","@id":"https:\/\/www.laguiadepamplona.com\/actualidad\/#\/schema\/logo\/image\/","url":"https:\/\/www.laguiadepamplona.com\/actualidad\/wp-content\/uploads\/2018\/11\/logo-laguiadepamplona18-web1.png","contentUrl":"https:\/\/www.laguiadepamplona.com\/actualidad\/wp-content\/uploads\/2018\/11\/logo-laguiadepamplona18-web1.png","width":600,"height":196,"caption":"La Gu\u00eda de Pamplona \/ Noticias"},"image":{"@id":"https:\/\/www.laguiadepamplona.com\/actualidad\/#\/schema\/logo\/image\/"},"sameAs":["https:\/\/www.facebook.com\/laguiadepamplonacom-133175176762273\/?ref=hl","https:\/\/x.com\/LaGuiadPamplona","https:\/\/www.instagram.com\/la_guia_de_pamplona\/","https:\/\/www.youtube.com\/user\/laguiadepamplona"]},{"@type":"Person","@id":"https:\/\/www.laguiadepamplona.com\/actualidad\/#\/schema\/person\/efe887376f0213d4657c93adc50b1fdb","name":"La Gu\u00eda de Pamplona","image":{"@type":"ImageObject","inLanguage":"es","@id":"https:\/\/secure.gravatar.com\/avatar\/b6992f131dc8d30ab0dff15446e9d346d9dbd95992de0fef795073f5ea83a81c?s=96&d=mm&r=g","url":"https:\/\/secure.gravatar.com\/avatar\/b6992f131dc8d30ab0dff15446e9d346d9dbd95992de0fef795073f5ea83a81c?s=96&d=mm&r=g","contentUrl":"https:\/\/secure.gravatar.com\/avatar\/b6992f131dc8d30ab0dff15446e9d346d9dbd95992de0fef795073f5ea83a81c?s=96&d=mm&r=g","caption":"La Gu\u00eda de Pamplona"}}]}},"post_mailing_queue_ids":[],"_links":{"self":[{"href":"https:\/\/www.laguiadepamplona.com\/actualidad\/wp-json\/wp\/v2\/posts\/51315","targetHints":{"allow":["GET"]}}],"collection":[{"href":"https:\/\/www.laguiadepamplona.com\/actualidad\/wp-json\/wp\/v2\/posts"}],"about":[{"href":"https:\/\/www.laguiadepamplona.com\/actualidad\/wp-json\/wp\/v2\/types\/post"}],"author":[{"embeddable":true,"href":"https:\/\/www.laguiadepamplona.com\/actualidad\/wp-json\/wp\/v2\/users\/1"}],"replies":[{"embeddable":true,"href":"https:\/\/www.laguiadepamplona.com\/actualidad\/wp-json\/wp\/v2\/comments?post=51315"}],"version-history":[{"count":1,"href":"https:\/\/www.laguiadepamplona.com\/actualidad\/wp-json\/wp\/v2\/posts\/51315\/revisions"}],"predecessor-version":[{"id":51316,"href":"https:\/\/www.laguiadepamplona.com\/actualidad\/wp-json\/wp\/v2\/posts\/51315\/revisions\/51316"}],"wp:featuredmedia":[{"embeddable":true,"href":"https:\/\/www.laguiadepamplona.com\/actualidad\/wp-json\/wp\/v2\/media\/50375"}],"wp:attachment":[{"href":"https:\/\/www.laguiadepamplona.com\/actualidad\/wp-json\/wp\/v2\/media?parent=51315"}],"wp:term":[{"taxonomy":"category","embeddable":true,"href":"https:\/\/www.laguiadepamplona.com\/actualidad\/wp-json\/wp\/v2\/categories?post=51315"},{"taxonomy":"post_tag","embeddable":true,"href":"https:\/\/www.laguiadepamplona.com\/actualidad\/wp-json\/wp\/v2\/tags?post=51315"}],"curies":[{"name":"wp","href":"https:\/\/api.w.org\/{rel}","templated":true}]}}