{"id":51313,"date":"2024-11-14T14:28:55","date_gmt":"2024-11-14T12:28:55","guid":{"rendered":"https:\/\/www.laguiadepamplona.com\/actualidad\/?p=51313"},"modified":"2024-11-14T14:28:55","modified_gmt":"2024-11-14T12:28:55","slug":"este-jueves-la-fachada-de-la-casa-consistorial-se-ilumina-de-azul-por-el-dia-mundial-de-la-diabetes","status":"publish","type":"post","link":"https:\/\/www.laguiadepamplona.com\/actualidad\/este-jueves-la-fachada-de-la-casa-consistorial-se-ilumina-de-azul-por-el-dia-mundial-de-la-diabetes\/","title":{"rendered":"Este jueves la fachada de la Casa Consistorial se ilumina de azul por el D\u00eda Mundial de la Diabetes"},"content":{"rendered":"<h2>El verde recordar\u00e1 el viernes el D\u00eda de las Enfermedades Neuromusculares y el domingo se te\u00f1ir\u00e1 de morado por el D\u00eda Mundial de la Prematuridad<\/h2>\n<p><!--more--><\/p>\n<p>El Ayuntamiento de Pamplona ilumina el jueves, el viernes y el domingo la fachada de la Casa Consistorial para visibilizar y adherirse a diferentes causas sociales. Este jueves se iluminar\u00e1 de color azul con motivo del D\u00eda Mundial de la Diabetes; el viernes, de verde, por el D\u00eda Nacional de las Enfermedades Neuromusculares; y el domingo, de color morado, por el D\u00eda Mundial de la Prematuridad.<\/p>\n<p>La diabetes, cuyo d\u00eda mundial se celebra este jueves, un<strong>\u00a0tipo de patolog\u00edas endocrino-metab\u00f3licas cr\u00f3nicas que se caracterizan por la presencia de una cantidad elevada de glucosa en la sangre<\/strong>\u00a0de las personas que la padecen a consecuencia de la falta de insulina\u00a0o el mal funcionamiento de dicha hormona. Los\u00a0s\u00edntomas de la diabetes incluyen una mayor frecuencia de la necesidad de orinar, as\u00ed como la falta de energ\u00eda, el <strong>cansancio extremo, visi\u00f3n borrosa e incluso p\u00e9rdida de conciencia<\/strong>. La aparici\u00f3n de los s\u00edntomas depender\u00e1 del tipo de diabetes y sus\u00a0causas.<\/p>\n<p>Las enfermedades neuromusculares, por su parte, constituyen un grupo diverso de m\u00e1s de 150 trastornos que afectan al sistema nervioso perif\u00e9rico y que se diferencian y clasifican por la localizaci\u00f3n del da\u00f1o. As\u00ed hay enfermedades que afectan a las neuronas motoras, neuropat\u00edas, miopat\u00edas y distrofias musculares o miastenias. La mayor\u00eda de estas enfermedades son de\u00a0origen gen\u00e9tico y, por lo tanto, pueden ser hereditarias y trasmisibles a la descendencia. Sin embargo, tambi\u00e9n pueden ser el resultado de una respuesta inmunitaria anormal.<\/p>\n<p>Desde 2009, se celebra el D\u00eda Mundial de la Prematuridad, una fecha que busca poner de manifiesto el alto riesgo de mortalidad que supone y la necesidad de prevenir y ayudar a ni\u00f1os, ni\u00f1as y familias para que puedan superar con \u00e9xito esta circunstancia. Cada a\u00f1o nacen aproximadamente 15 millones de ni\u00f1os y ni\u00f1as prematuras, de los cuales m\u00e1s de un mill\u00f3n muere antes de cumplir los 5 a\u00f1os. Los nacimientos prematuros son la principal causa de muerte infantil del mundo y, en muchos casos, aquellos beb\u00e9s que logran sobrevivir pueden desarrollar patolog\u00edas como retraso cognitivo, p\u00e9rdida de visi\u00f3n o audici\u00f3n y hasta par\u00e1lisis cerebral.<\/p>\n","protected":false},"excerpt":{"rendered":"<p>El verde recordar\u00e1 el viernes el D\u00eda de las Enfermedades Neuromusculares y el domingo se te\u00f1ir\u00e1 de morado por el D\u00eda Mundial de la Prematuridad<\/p>\n","protected":false},"author":1,"featured_media":42175,"comment_status":"open","ping_status":"closed","sticky":false,"template":"","format":"standard","meta":{"footnotes":""},"categories":[2],"tags":[],"class_list":["post-51313","post","type-post","status-publish","format-standard","has-post-thumbnail","hentry","category-ayuntamiento-pamplona"],"yoast_head":"<!-- This site is optimized with the Yoast SEO plugin v27.3 - https:\/\/yoast.com\/product\/yoast-seo-wordpress\/ -->\n<title>Este jueves la fachada de la Casa Consistorial se ilumina de azul por el D\u00eda Mundial de la Diabetes<\/title>\n<meta name=\"description\" content=\"El verde recordar\u00e1 el viernes el D\u00eda de las Enfermedades Neuromusculares y el domingo se te\u00f1ir\u00e1 de morado por el D\u00eda Mundial de la Prematuridad\" \/>\n<meta name=\"robots\" content=\"index, follow, max-snippet:-1, max-image-preview:large, max-video-preview:-1\" \/>\n<link rel=\"canonical\" href=\"https:\/\/www.laguiadepamplona.com\/actualidad\/este-jueves-la-fachada-de-la-casa-consistorial-se-ilumina-de-azul-por-el-dia-mundial-de-la-diabetes\/\" \/>\n<meta property=\"og:locale\" content=\"es_ES\" \/>\n<meta property=\"og:type\" content=\"article\" \/>\n<meta property=\"og:title\" content=\"Este jueves la fachada de la Casa Consistorial se ilumina de azul por el D\u00eda Mundial de la Diabetes\" \/>\n<meta property=\"og:description\" content=\"El verde recordar\u00e1 el viernes el D\u00eda de las Enfermedades Neuromusculares y el domingo se te\u00f1ir\u00e1 de morado por el D\u00eda Mundial de la Prematuridad\" \/>\n<meta property=\"og:url\" content=\"https:\/\/www.laguiadepamplona.com\/actualidad\/este-jueves-la-fachada-de-la-casa-consistorial-se-ilumina-de-azul-por-el-dia-mundial-de-la-diabetes\/\" \/>\n<meta property=\"og:site_name\" content=\"La Gu\u00eda de Pamplona\" \/>\n<meta property=\"article:publisher\" content=\"https:\/\/www.facebook.com\/laguiadepamplonacom-133175176762273\/?ref=hl\" \/>\n<meta property=\"article:published_time\" content=\"2024-11-14T12:28:55+00:00\" \/>\n<meta property=\"og:image\" content=\"https:\/\/www.laguiadepamplona.com\/actualidad\/wp-content\/uploads\/2022\/11\/ayto-azul_JGV8972_15.webp\" \/>\n\t<meta property=\"og:image:width\" content=\"1920\" \/>\n\t<meta property=\"og:image:height\" content=\"1280\" \/>\n\t<meta property=\"og:image:type\" content=\"image\/webp\" \/>\n<meta name=\"author\" content=\"La Gu\u00eda de Pamplona\" \/>\n<meta name=\"twitter:card\" content=\"summary_large_image\" \/>\n<meta name=\"twitter:creator\" content=\"@LaGuiadPamplona\" \/>\n<meta name=\"twitter:site\" content=\"@LaGuiadPamplona\" \/>\n<meta name=\"twitter:label1\" content=\"Escrito por\" \/>\n\t<meta name=\"twitter:data1\" content=\"La Gu\u00eda de Pamplona\" \/>\n\t<meta name=\"twitter:label2\" content=\"Tiempo de lectura\" \/>\n\t<meta name=\"twitter:data2\" content=\"2 minutos\" \/>\n<script type=\"application\/ld+json\" class=\"yoast-schema-graph\">{\"@context\":\"https:\\\/\\\/schema.org\",\"@graph\":[{\"@type\":\"Article\",\"@id\":\"https:\\\/\\\/www.laguiadepamplona.com\\\/actualidad\\\/este-jueves-la-fachada-de-la-casa-consistorial-se-ilumina-de-azul-por-el-dia-mundial-de-la-diabetes\\\/#article\",\"isPartOf\":{\"@id\":\"https:\\\/\\\/www.laguiadepamplona.com\\\/actualidad\\\/este-jueves-la-fachada-de-la-casa-consistorial-se-ilumina-de-azul-por-el-dia-mundial-de-la-diabetes\\\/\"},\"author\":{\"name\":\"La Gu\u00eda de Pamplona\",\"@id\":\"https:\\\/\\\/www.laguiadepamplona.com\\\/actualidad\\\/#\\\/schema\\\/person\\\/efe887376f0213d4657c93adc50b1fdb\"},\"headline\":\"Este jueves la fachada de la Casa Consistorial se ilumina de azul por el D\u00eda Mundial de la Diabetes\",\"datePublished\":\"2024-11-14T12:28:55+00:00\",\"mainEntityOfPage\":{\"@id\":\"https:\\\/\\\/www.laguiadepamplona.com\\\/actualidad\\\/este-jueves-la-fachada-de-la-casa-consistorial-se-ilumina-de-azul-por-el-dia-mundial-de-la-diabetes\\\/\"},\"wordCount\":426,\"commentCount\":0,\"publisher\":{\"@id\":\"https:\\\/\\\/www.laguiadepamplona.com\\\/actualidad\\\/#organization\"},\"image\":{\"@id\":\"https:\\\/\\\/www.laguiadepamplona.com\\\/actualidad\\\/este-jueves-la-fachada-de-la-casa-consistorial-se-ilumina-de-azul-por-el-dia-mundial-de-la-diabetes\\\/#primaryimage\"},\"thumbnailUrl\":\"https:\\\/\\\/www.laguiadepamplona.com\\\/actualidad\\\/wp-content\\\/uploads\\\/2022\\\/11\\\/ayto-azul_JGV8972_15.webp\",\"articleSection\":[\"Ayto Pamplona\"],\"inLanguage\":\"es\",\"potentialAction\":[{\"@type\":\"CommentAction\",\"name\":\"Comment\",\"target\":[\"https:\\\/\\\/www.laguiadepamplona.com\\\/actualidad\\\/este-jueves-la-fachada-de-la-casa-consistorial-se-ilumina-de-azul-por-el-dia-mundial-de-la-diabetes\\\/#respond\"]}]},{\"@type\":\"WebPage\",\"@id\":\"https:\\\/\\\/www.laguiadepamplona.com\\\/actualidad\\\/este-jueves-la-fachada-de-la-casa-consistorial-se-ilumina-de-azul-por-el-dia-mundial-de-la-diabetes\\\/\",\"url\":\"https:\\\/\\\/www.laguiadepamplona.com\\\/actualidad\\\/este-jueves-la-fachada-de-la-casa-consistorial-se-ilumina-de-azul-por-el-dia-mundial-de-la-diabetes\\\/\",\"name\":\"Este jueves la fachada de la Casa Consistorial se ilumina de azul por el D\u00eda Mundial de la Diabetes\",\"isPartOf\":{\"@id\":\"https:\\\/\\\/www.laguiadepamplona.com\\\/actualidad\\\/#website\"},\"primaryImageOfPage\":{\"@id\":\"https:\\\/\\\/www.laguiadepamplona.com\\\/actualidad\\\/este-jueves-la-fachada-de-la-casa-consistorial-se-ilumina-de-azul-por-el-dia-mundial-de-la-diabetes\\\/#primaryimage\"},\"image\":{\"@id\":\"https:\\\/\\\/www.laguiadepamplona.com\\\/actualidad\\\/este-jueves-la-fachada-de-la-casa-consistorial-se-ilumina-de-azul-por-el-dia-mundial-de-la-diabetes\\\/#primaryimage\"},\"thumbnailUrl\":\"https:\\\/\\\/www.laguiadepamplona.com\\\/actualidad\\\/wp-content\\\/uploads\\\/2022\\\/11\\\/ayto-azul_JGV8972_15.webp\",\"datePublished\":\"2024-11-14T12:28:55+00:00\",\"description\":\"El verde recordar\u00e1 el viernes el D\u00eda de las Enfermedades Neuromusculares y el domingo se te\u00f1ir\u00e1 de morado por el D\u00eda Mundial de la Prematuridad\",\"breadcrumb\":{\"@id\":\"https:\\\/\\\/www.laguiadepamplona.com\\\/actualidad\\\/este-jueves-la-fachada-de-la-casa-consistorial-se-ilumina-de-azul-por-el-dia-mundial-de-la-diabetes\\\/#breadcrumb\"},\"inLanguage\":\"es\",\"potentialAction\":[{\"@type\":\"ReadAction\",\"target\":[\"https:\\\/\\\/www.laguiadepamplona.com\\\/actualidad\\\/este-jueves-la-fachada-de-la-casa-consistorial-se-ilumina-de-azul-por-el-dia-mundial-de-la-diabetes\\\/\"]}]},{\"@type\":\"ImageObject\",\"inLanguage\":\"es\",\"@id\":\"https:\\\/\\\/www.laguiadepamplona.com\\\/actualidad\\\/este-jueves-la-fachada-de-la-casa-consistorial-se-ilumina-de-azul-por-el-dia-mundial-de-la-diabetes\\\/#primaryimage\",\"url\":\"https:\\\/\\\/www.laguiadepamplona.com\\\/actualidad\\\/wp-content\\\/uploads\\\/2022\\\/11\\\/ayto-azul_JGV8972_15.webp\",\"contentUrl\":\"https:\\\/\\\/www.laguiadepamplona.com\\\/actualidad\\\/wp-content\\\/uploads\\\/2022\\\/11\\\/ayto-azul_JGV8972_15.webp\",\"width\":1920,\"height\":1280,\"caption\":\"ayuntamiento azul\"},{\"@type\":\"BreadcrumbList\",\"@id\":\"https:\\\/\\\/www.laguiadepamplona.com\\\/actualidad\\\/este-jueves-la-fachada-de-la-casa-consistorial-se-ilumina-de-azul-por-el-dia-mundial-de-la-diabetes\\\/#breadcrumb\",\"itemListElement\":[{\"@type\":\"ListItem\",\"position\":1,\"name\":\"Portada\",\"item\":\"https:\\\/\\\/www.laguiadepamplona.com\\\/actualidad\\\/\"},{\"@type\":\"ListItem\",\"position\":2,\"name\":\"Este jueves la fachada de la Casa Consistorial se ilumina de azul por el D\u00eda Mundial de la Diabetes\"}]},{\"@type\":\"WebSite\",\"@id\":\"https:\\\/\\\/www.laguiadepamplona.com\\\/actualidad\\\/#website\",\"url\":\"https:\\\/\\\/www.laguiadepamplona.com\\\/actualidad\\\/\",\"name\":\"La gu\u00eda de Pamplona\",\"description\":\"Noticias de Pamplona\",\"publisher\":{\"@id\":\"https:\\\/\\\/www.laguiadepamplona.com\\\/actualidad\\\/#organization\"},\"potentialAction\":[{\"@type\":\"SearchAction\",\"target\":{\"@type\":\"EntryPoint\",\"urlTemplate\":\"https:\\\/\\\/www.laguiadepamplona.com\\\/actualidad\\\/?s={search_term_string}\"},\"query-input\":{\"@type\":\"PropertyValueSpecification\",\"valueRequired\":true,\"valueName\":\"search_term_string\"}}],\"inLanguage\":\"es\"},{\"@type\":\"Organization\",\"@id\":\"https:\\\/\\\/www.laguiadepamplona.com\\\/actualidad\\\/#organization\",\"name\":\"La Gu\u00eda de Pamplona \\\/ Noticias\",\"url\":\"https:\\\/\\\/www.laguiadepamplona.com\\\/actualidad\\\/\",\"logo\":{\"@type\":\"ImageObject\",\"inLanguage\":\"es\",\"@id\":\"https:\\\/\\\/www.laguiadepamplona.com\\\/actualidad\\\/#\\\/schema\\\/logo\\\/image\\\/\",\"url\":\"https:\\\/\\\/www.laguiadepamplona.com\\\/actualidad\\\/wp-content\\\/uploads\\\/2018\\\/11\\\/logo-laguiadepamplona18-web1.png\",\"contentUrl\":\"https:\\\/\\\/www.laguiadepamplona.com\\\/actualidad\\\/wp-content\\\/uploads\\\/2018\\\/11\\\/logo-laguiadepamplona18-web1.png\",\"width\":600,\"height\":196,\"caption\":\"La Gu\u00eda de Pamplona \\\/ Noticias\"},\"image\":{\"@id\":\"https:\\\/\\\/www.laguiadepamplona.com\\\/actualidad\\\/#\\\/schema\\\/logo\\\/image\\\/\"},\"sameAs\":[\"https:\\\/\\\/www.facebook.com\\\/laguiadepamplonacom-133175176762273\\\/?ref=hl\",\"https:\\\/\\\/x.com\\\/LaGuiadPamplona\",\"https:\\\/\\\/www.instagram.com\\\/la_guia_de_pamplona\\\/\",\"https:\\\/\\\/www.youtube.com\\\/user\\\/laguiadepamplona\"]},{\"@type\":\"Person\",\"@id\":\"https:\\\/\\\/www.laguiadepamplona.com\\\/actualidad\\\/#\\\/schema\\\/person\\\/efe887376f0213d4657c93adc50b1fdb\",\"name\":\"La Gu\u00eda de Pamplona\",\"image\":{\"@type\":\"ImageObject\",\"inLanguage\":\"es\",\"@id\":\"https:\\\/\\\/secure.gravatar.com\\\/avatar\\\/b6992f131dc8d30ab0dff15446e9d346d9dbd95992de0fef795073f5ea83a81c?s=96&d=mm&r=g\",\"url\":\"https:\\\/\\\/secure.gravatar.com\\\/avatar\\\/b6992f131dc8d30ab0dff15446e9d346d9dbd95992de0fef795073f5ea83a81c?s=96&d=mm&r=g\",\"contentUrl\":\"https:\\\/\\\/secure.gravatar.com\\\/avatar\\\/b6992f131dc8d30ab0dff15446e9d346d9dbd95992de0fef795073f5ea83a81c?s=96&d=mm&r=g\",\"caption\":\"La Gu\u00eda de Pamplona\"}}]}<\/script>\n<!-- \/ Yoast SEO plugin. -->","yoast_head_json":{"title":"Este jueves la fachada de la Casa Consistorial se ilumina de azul por el D\u00eda Mundial de la Diabetes","description":"El verde recordar\u00e1 el viernes el D\u00eda de las Enfermedades Neuromusculares y el domingo se te\u00f1ir\u00e1 de morado por el D\u00eda Mundial de la Prematuridad","robots":{"index":"index","follow":"follow","max-snippet":"max-snippet:-1","max-image-preview":"max-image-preview:large","max-video-preview":"max-video-preview:-1"},"canonical":"https:\/\/www.laguiadepamplona.com\/actualidad\/este-jueves-la-fachada-de-la-casa-consistorial-se-ilumina-de-azul-por-el-dia-mundial-de-la-diabetes\/","og_locale":"es_ES","og_type":"article","og_title":"Este jueves la fachada de la Casa Consistorial se ilumina de azul por el D\u00eda Mundial de la Diabetes","og_description":"El verde recordar\u00e1 el viernes el D\u00eda de las Enfermedades Neuromusculares y el domingo se te\u00f1ir\u00e1 de morado por el D\u00eda Mundial de la Prematuridad","og_url":"https:\/\/www.laguiadepamplona.com\/actualidad\/este-jueves-la-fachada-de-la-casa-consistorial-se-ilumina-de-azul-por-el-dia-mundial-de-la-diabetes\/","og_site_name":"La Gu\u00eda de Pamplona","article_publisher":"https:\/\/www.facebook.com\/laguiadepamplonacom-133175176762273\/?ref=hl","article_published_time":"2024-11-14T12:28:55+00:00","og_image":[{"width":1920,"height":1280,"url":"https:\/\/www.laguiadepamplona.com\/actualidad\/wp-content\/uploads\/2022\/11\/ayto-azul_JGV8972_15.webp","type":"image\/webp"}],"author":"La Gu\u00eda de Pamplona","twitter_card":"summary_large_image","twitter_creator":"@LaGuiadPamplona","twitter_site":"@LaGuiadPamplona","twitter_misc":{"Escrito por":"La Gu\u00eda de Pamplona","Tiempo de lectura":"2 minutos"},"schema":{"@context":"https:\/\/schema.org","@graph":[{"@type":"Article","@id":"https:\/\/www.laguiadepamplona.com\/actualidad\/este-jueves-la-fachada-de-la-casa-consistorial-se-ilumina-de-azul-por-el-dia-mundial-de-la-diabetes\/#article","isPartOf":{"@id":"https:\/\/www.laguiadepamplona.com\/actualidad\/este-jueves-la-fachada-de-la-casa-consistorial-se-ilumina-de-azul-por-el-dia-mundial-de-la-diabetes\/"},"author":{"name":"La Gu\u00eda de Pamplona","@id":"https:\/\/www.laguiadepamplona.com\/actualidad\/#\/schema\/person\/efe887376f0213d4657c93adc50b1fdb"},"headline":"Este jueves la fachada de la Casa Consistorial se ilumina de azul por el D\u00eda Mundial de la Diabetes","datePublished":"2024-11-14T12:28:55+00:00","mainEntityOfPage":{"@id":"https:\/\/www.laguiadepamplona.com\/actualidad\/este-jueves-la-fachada-de-la-casa-consistorial-se-ilumina-de-azul-por-el-dia-mundial-de-la-diabetes\/"},"wordCount":426,"commentCount":0,"publisher":{"@id":"https:\/\/www.laguiadepamplona.com\/actualidad\/#organization"},"image":{"@id":"https:\/\/www.laguiadepamplona.com\/actualidad\/este-jueves-la-fachada-de-la-casa-consistorial-se-ilumina-de-azul-por-el-dia-mundial-de-la-diabetes\/#primaryimage"},"thumbnailUrl":"https:\/\/www.laguiadepamplona.com\/actualidad\/wp-content\/uploads\/2022\/11\/ayto-azul_JGV8972_15.webp","articleSection":["Ayto Pamplona"],"inLanguage":"es","potentialAction":[{"@type":"CommentAction","name":"Comment","target":["https:\/\/www.laguiadepamplona.com\/actualidad\/este-jueves-la-fachada-de-la-casa-consistorial-se-ilumina-de-azul-por-el-dia-mundial-de-la-diabetes\/#respond"]}]},{"@type":"WebPage","@id":"https:\/\/www.laguiadepamplona.com\/actualidad\/este-jueves-la-fachada-de-la-casa-consistorial-se-ilumina-de-azul-por-el-dia-mundial-de-la-diabetes\/","url":"https:\/\/www.laguiadepamplona.com\/actualidad\/este-jueves-la-fachada-de-la-casa-consistorial-se-ilumina-de-azul-por-el-dia-mundial-de-la-diabetes\/","name":"Este jueves la fachada de la Casa Consistorial se ilumina de azul por el D\u00eda Mundial de la Diabetes","isPartOf":{"@id":"https:\/\/www.laguiadepamplona.com\/actualidad\/#website"},"primaryImageOfPage":{"@id":"https:\/\/www.laguiadepamplona.com\/actualidad\/este-jueves-la-fachada-de-la-casa-consistorial-se-ilumina-de-azul-por-el-dia-mundial-de-la-diabetes\/#primaryimage"},"image":{"@id":"https:\/\/www.laguiadepamplona.com\/actualidad\/este-jueves-la-fachada-de-la-casa-consistorial-se-ilumina-de-azul-por-el-dia-mundial-de-la-diabetes\/#primaryimage"},"thumbnailUrl":"https:\/\/www.laguiadepamplona.com\/actualidad\/wp-content\/uploads\/2022\/11\/ayto-azul_JGV8972_15.webp","datePublished":"2024-11-14T12:28:55+00:00","description":"El verde recordar\u00e1 el viernes el D\u00eda de las Enfermedades Neuromusculares y el domingo se te\u00f1ir\u00e1 de morado por el D\u00eda Mundial de la Prematuridad","breadcrumb":{"@id":"https:\/\/www.laguiadepamplona.com\/actualidad\/este-jueves-la-fachada-de-la-casa-consistorial-se-ilumina-de-azul-por-el-dia-mundial-de-la-diabetes\/#breadcrumb"},"inLanguage":"es","potentialAction":[{"@type":"ReadAction","target":["https:\/\/www.laguiadepamplona.com\/actualidad\/este-jueves-la-fachada-de-la-casa-consistorial-se-ilumina-de-azul-por-el-dia-mundial-de-la-diabetes\/"]}]},{"@type":"ImageObject","inLanguage":"es","@id":"https:\/\/www.laguiadepamplona.com\/actualidad\/este-jueves-la-fachada-de-la-casa-consistorial-se-ilumina-de-azul-por-el-dia-mundial-de-la-diabetes\/#primaryimage","url":"https:\/\/www.laguiadepamplona.com\/actualidad\/wp-content\/uploads\/2022\/11\/ayto-azul_JGV8972_15.webp","contentUrl":"https:\/\/www.laguiadepamplona.com\/actualidad\/wp-content\/uploads\/2022\/11\/ayto-azul_JGV8972_15.webp","width":1920,"height":1280,"caption":"ayuntamiento azul"},{"@type":"BreadcrumbList","@id":"https:\/\/www.laguiadepamplona.com\/actualidad\/este-jueves-la-fachada-de-la-casa-consistorial-se-ilumina-de-azul-por-el-dia-mundial-de-la-diabetes\/#breadcrumb","itemListElement":[{"@type":"ListItem","position":1,"name":"Portada","item":"https:\/\/www.laguiadepamplona.com\/actualidad\/"},{"@type":"ListItem","position":2,"name":"Este jueves la fachada de la Casa Consistorial se ilumina de azul por el D\u00eda Mundial de la Diabetes"}]},{"@type":"WebSite","@id":"https:\/\/www.laguiadepamplona.com\/actualidad\/#website","url":"https:\/\/www.laguiadepamplona.com\/actualidad\/","name":"La gu\u00eda de Pamplona","description":"Noticias de Pamplona","publisher":{"@id":"https:\/\/www.laguiadepamplona.com\/actualidad\/#organization"},"potentialAction":[{"@type":"SearchAction","target":{"@type":"EntryPoint","urlTemplate":"https:\/\/www.laguiadepamplona.com\/actualidad\/?s={search_term_string}"},"query-input":{"@type":"PropertyValueSpecification","valueRequired":true,"valueName":"search_term_string"}}],"inLanguage":"es"},{"@type":"Organization","@id":"https:\/\/www.laguiadepamplona.com\/actualidad\/#organization","name":"La Gu\u00eda de Pamplona \/ Noticias","url":"https:\/\/www.laguiadepamplona.com\/actualidad\/","logo":{"@type":"ImageObject","inLanguage":"es","@id":"https:\/\/www.laguiadepamplona.com\/actualidad\/#\/schema\/logo\/image\/","url":"https:\/\/www.laguiadepamplona.com\/actualidad\/wp-content\/uploads\/2018\/11\/logo-laguiadepamplona18-web1.png","contentUrl":"https:\/\/www.laguiadepamplona.com\/actualidad\/wp-content\/uploads\/2018\/11\/logo-laguiadepamplona18-web1.png","width":600,"height":196,"caption":"La Gu\u00eda de Pamplona \/ Noticias"},"image":{"@id":"https:\/\/www.laguiadepamplona.com\/actualidad\/#\/schema\/logo\/image\/"},"sameAs":["https:\/\/www.facebook.com\/laguiadepamplonacom-133175176762273\/?ref=hl","https:\/\/x.com\/LaGuiadPamplona","https:\/\/www.instagram.com\/la_guia_de_pamplona\/","https:\/\/www.youtube.com\/user\/laguiadepamplona"]},{"@type":"Person","@id":"https:\/\/www.laguiadepamplona.com\/actualidad\/#\/schema\/person\/efe887376f0213d4657c93adc50b1fdb","name":"La Gu\u00eda de Pamplona","image":{"@type":"ImageObject","inLanguage":"es","@id":"https:\/\/secure.gravatar.com\/avatar\/b6992f131dc8d30ab0dff15446e9d346d9dbd95992de0fef795073f5ea83a81c?s=96&d=mm&r=g","url":"https:\/\/secure.gravatar.com\/avatar\/b6992f131dc8d30ab0dff15446e9d346d9dbd95992de0fef795073f5ea83a81c?s=96&d=mm&r=g","contentUrl":"https:\/\/secure.gravatar.com\/avatar\/b6992f131dc8d30ab0dff15446e9d346d9dbd95992de0fef795073f5ea83a81c?s=96&d=mm&r=g","caption":"La Gu\u00eda de Pamplona"}}]}},"post_mailing_queue_ids":[],"_links":{"self":[{"href":"https:\/\/www.laguiadepamplona.com\/actualidad\/wp-json\/wp\/v2\/posts\/51313","targetHints":{"allow":["GET"]}}],"collection":[{"href":"https:\/\/www.laguiadepamplona.com\/actualidad\/wp-json\/wp\/v2\/posts"}],"about":[{"href":"https:\/\/www.laguiadepamplona.com\/actualidad\/wp-json\/wp\/v2\/types\/post"}],"author":[{"embeddable":true,"href":"https:\/\/www.laguiadepamplona.com\/actualidad\/wp-json\/wp\/v2\/users\/1"}],"replies":[{"embeddable":true,"href":"https:\/\/www.laguiadepamplona.com\/actualidad\/wp-json\/wp\/v2\/comments?post=51313"}],"version-history":[{"count":1,"href":"https:\/\/www.laguiadepamplona.com\/actualidad\/wp-json\/wp\/v2\/posts\/51313\/revisions"}],"predecessor-version":[{"id":51314,"href":"https:\/\/www.laguiadepamplona.com\/actualidad\/wp-json\/wp\/v2\/posts\/51313\/revisions\/51314"}],"wp:featuredmedia":[{"embeddable":true,"href":"https:\/\/www.laguiadepamplona.com\/actualidad\/wp-json\/wp\/v2\/media\/42175"}],"wp:attachment":[{"href":"https:\/\/www.laguiadepamplona.com\/actualidad\/wp-json\/wp\/v2\/media?parent=51313"}],"wp:term":[{"taxonomy":"category","embeddable":true,"href":"https:\/\/www.laguiadepamplona.com\/actualidad\/wp-json\/wp\/v2\/categories?post=51313"},{"taxonomy":"post_tag","embeddable":true,"href":"https:\/\/www.laguiadepamplona.com\/actualidad\/wp-json\/wp\/v2\/tags?post=51313"}],"curies":[{"name":"wp","href":"https:\/\/api.w.org\/{rel}","templated":true}]}}