{"id":51311,"date":"2024-11-14T14:28:14","date_gmt":"2024-11-14T12:28:14","guid":{"rendered":"https:\/\/www.laguiadepamplona.com\/actualidad\/?p=51311"},"modified":"2024-11-14T14:28:14","modified_gmt":"2024-11-14T12:28:14","slug":"propuesta-de-actividades-organizadas-por-el-ayuntamiento-de-pamplona-del-15-al-18-de-noviembre-con-plazas-libres","status":"publish","type":"post","link":"https:\/\/www.laguiadepamplona.com\/actualidad\/propuesta-de-actividades-organizadas-por-el-ayuntamiento-de-pamplona-del-15-al-18-de-noviembre-con-plazas-libres\/","title":{"rendered":"Propuesta de actividades organizadas por el Ayuntamiento de Pamplona del 15 al 18 de noviembre con plazas libres"},"content":{"rendered":"<p><!--more--><\/p>\n<p><strong>VIERNES 15 DE NOVIEMBRE<\/strong><\/p>\n<p><a href=\"https:\/\/www.pamplona.es\/actualidad\/eventos\/cafeteando-karaoke-casa-de-la-juventud-8\">#Cafeteando. karaoke. Casa de la Juventud, 18.30 horas. Entrada libre, hasta completar el aforo<\/a><\/p>\n<p>Tarde musical en la Casa de la Juventud con una sesi\u00f3n de Karaoke y diferentes retos y juegos para pasar un rato divertido y entretenido.<\/p>\n<p><a href=\"pamplona.es\/actualidad\/eventos\/record-arte-encuentro-musical-y-mesa-redonda-civivox-condestable\">Record-arte. Encuentro musical y mesa redonda. Civivox Condestable, 19 horas. Entrada libre, hasta completar el aforo<\/a><\/p>\n<p>Mesa redonda, dinamizada por el equipo de la entidad, en la que participar\u00e1n personas que han transitado su proceso de duelo con Goizargi y\/o que de alguna manera han tenido relaci\u00f3n con la entidad, y que han creado una canci\u00f3n en memoria de su ser querido fallecido. Con la directora del documental \u2018El camino de Nerea\u2019, Mercedes Aranguren, proyectado la semana pasada.<\/p>\n<p><a href=\"pamplona.es\/actualidad\/eventos\/ciclo-sobre-ciencia-y-biodiversidad-conferencia-la-naturaleza-como-fuente-de\">Ciclo sobre ciencia y biodiversidad. Conferencia. La naturaleza como fuente de inspiraci\u00f3n. Civivox Iturrama, 19.30 horas. Entrada libre, previa inscripci\u00f3n en el tel\u00e9fono 010, la red Civivox o<\/a> <a href=\"http:\/\/www.pamplonaescultura.es\">www.pamplonaescultura.es<\/a><\/p>\n<p>Manuel Quir\u00f3s compartir\u00e1 su visi\u00f3n sobre c\u00f3mo la naturaleza ha inspirado soluciones innovadoras en distintos campos del conocimiento y la tecnolog\u00eda.<\/p>\n<p>&nbsp;<\/p>\n<p><strong>S\u00c1BADO 16 DE NOVIEMBRE<\/strong><\/p>\n<p><strong><a href=\"https:\/\/www.pamplona.es\/actualidad\/eventos\/cafeteando-juegos-de-cartas-casa-la-juventud\">De par de ma\u00f1ana. Juegos de cartas. Casa de la Juventud, 11.30 horas. Entrada libre, hasta completar el aforo<\/a><\/strong><\/p>\n<p><strong>La ma\u00f1ana del s\u00e1bado se dedicar\u00e1 al ocio joven con una serie de partidas de diferentes juegos de cartas.<\/strong>T<\/p>\n<p><a href=\"https:\/\/www.pamplona.es\/actualidad\/eventos\/cuentacuentos-en-euskera-ipuinen-abentura-la-aventura-de-los-cuentos-civivox\">Cuentos y muchos m\u00e1s. Cuentacuentos. Ipuinen abentura \/ La aventura de los cuentos. Civivox Milagrosa, 12 horas (euskera), y Civivox Ensanche, 18 horas (castellano). Entrada libre, previa inscripci\u00f3n en el tel\u00e9fono 010, la red Civivox o<\/a> <a href=\"http:\/\/www.pamplonaescultura.es\">www.pamplonaescultura.es<\/a><\/p>\n<p>Cada vez que abrimos un cuento empieza una nueva aventura. Nos sumergimos en ella y vivimos cosas incre\u00edbles. Pero&#8230; \u00a1eh! \u00a1Hoy las bibliotecas han amanecido vac\u00edas! \u00bfD\u00f3nde se han metido los libros? \u00bfA lo mejor ellos tambi\u00e9n se han ido a vivir una aventura? Con Maitane P\u00e9rez. Dirigido a p\u00fablico infantil mayor de 4 a\u00f1os.<\/p>\n<p><a href=\"https:\/\/www.pamplona.es\/actualidad\/eventos\/tarde-de-ocio-tarde-otaku-casa-de-la-juventud\">Tarde de ocio. Tarde Otaku. Casa de la Juventud, de 17 a 21 horas. Entrada libre, hasta completar el aforo<\/a><\/p>\n<p>La tarde Otaku est\u00e1 dirigida a j\u00f3venes entre 12 y 30 a\u00f1os y la ha organizado la Asociaci\u00f3n Navarmanga. Habr\u00e1 diferentes actividades, como una zona gamer, talleres de orejitas furry y de p\u00edxeles y un torneo de videojuegos \u2018SuperSmash Bros Ultimate\u2019. Adem\u00e1s, se han organizado diferentes concursos. Habr\u00e1 un concurso de preguntas sobre manga, anime, cultura japonesa y Jap\u00f3n; un concurso de lanzamiento de aviones de papel; y un concurso de cosplay para que quienes asistan se disfracen de sus personajes de manga favoritos.<\/p>\n<p><a href=\"https:\/\/www.pamplona.es\/actualidad\/eventos\/ciclo-sobre-sam-peckinpah-proyeccion-cinematografica-duelo-en-la-alta-sierra-de\">Ciclo sobre Sam Peckinpah. Proyecci\u00f3n cinematogr\u00e1fica. \u2018Duelo en la alta sierra\u2019, de Sam Peckinpah. Civivox Condestable, 19 horas. Entrada libre, previa inscripci\u00f3n en el 010, la red Civivox o<\/a> <a href=\"http:\/\/www.pamplonaescultura.es\">www.pamplonaescultura.es<\/a><\/p>\n<p>Dos viejos amigos se asocian para escoltar un cargamento de oro desde las minas de Alta Sierra hasta un banco. Uno de ellos es un hombre honrado que s\u00f3lo se propone hacer bien su trabajo; el otro, en cambio, carece de escr\u00fapulos y proyecta robar la valiosa mercanc\u00edaEste a\u00f1o se cumplen 40 a\u00f1os de la desaparici\u00f3n de Sam Peckinpah, uno de los cineastas m\u00e1s relevantes e influyentes del cine de los sesenta y setenta del siglo pasado. En 2025, cuando se cierre este ciclo, el cineasta californiano cumplir\u00eda 100 a\u00f1os. Ciclo en colaboraci\u00f3n con Filmoteca de Navarra<\/p>\n<p>&nbsp;<\/p>\n<p><strong>DOMINGO 17 DE NOVIEMBRE<\/strong><\/p>\n<p><a href=\"https:\/\/www.pamplona.es\/actualidad\/eventos\/xxvi-muestra-de-teatro-de-aqui-teatro-garfio-de-speculum-vitae-civivox-iturrama\">XXVI Muestra de Teatro de Aqu\u00ed. Teatro. \u2018Garfio\u2019, de Speculum Vitae. Civivox Iturrama, 20 horas. Entrada libre, previa inscripci\u00f3n en el 010, la red Civivox o<\/a> <a href=\"http:\/\/www.pamplonaescultura.es\">www.pamplonaescultura.es<\/a><\/p>\n<p>El viejo capit\u00e1n Garfio ha recordado su vida antes de llegar a Nunca Jam\u00e1s. La vida del pirata que aterraba y saqueaba los siete mares, la vida del pirata m\u00e1s temido del mundo. Tal revelaci\u00f3n provoca que zarpe en busca de nuevos retos. No viajar\u00e1 solo, pues antes de partir decide llevarse con \u00e9l al grumete m\u00e1s inesperado, Peter Pan, para que admire de primera mano todo lo que el mundo le ofrece y se est\u00e1 perdiendo encerrado en su isla y lograr as\u00ed la empresa m\u00e1s dif\u00edcil: transformar a Peter Pan en un hombre adulto.<\/p>\n<p><strong>\u00a0<\/strong><\/p>\n<p><strong>LUNES 18 DE NOVIEMBRE<\/strong><\/p>\n<p><a href=\"https:\/\/www.pamplona.es\/actualidad\/eventos\/irunaldia-presentacion-en-euskera-de-disco-libro-frankestein-agurgarria-de-ana\">Iru\u00f1aldia. Presentaci\u00f3n en euskera de disco-libro. \u2018Frankestein Agurgarria\u2019, de Ana Galarraga y Juan Luis Mitxelena, Petti. Librer\u00eda Elkar, 19 horas. Entrada libre<\/a><\/p>\n<p>El disco-libro es una carta musicada a Victor Frankenstein. Precisamente, los autores han escarbado en el libro escrito por Mary Shelley y han renovado sus preguntas: \u00bfD\u00f3nde est\u00e1n los l\u00edmites de la ciencia y la tecnolog\u00eda? \u00bfQui\u00e9n es responsable de las infames acciones de la criatura? \u00bfQu\u00e9 impulsa a las personas y a los seres a la maldad? Y, sobre todo, \u00bfqui\u00e9n es el monstruo? Han respondido a estas preguntas a trav\u00e9s de un recital en el que trenzan palabras y canciones. El disco-libro, recoge el texto y audio del espect\u00e1culo de una hora e incluye adem\u00e1s de un CD con las canciones, un pr\u00f3logo escrito por Mari Luz Esteban y una charla de Miren Agur Meabe.<\/p>\n<p><a href=\"https:\/\/www.pamplona.es\/actualidad\/eventos\/irunaldia-evento-de-inauguracion-duguna-broken-brothers-brass-band-sustrai\">Iru\u00f1aldia. Evento de inauguraci\u00f3n. Duguna, Broken Brothers Brass Band, Sustrai Colina y Sarai Robles. Plaza Consistorial, 20.30 horas. Libre participaci\u00f3n<\/a><\/p>\n<p>Duguna \u2013 Iru\u00f1eko dantzariak est\u00e1 celebrando su 75 aniversario a lo largo de este a\u00f1o. Por eso participar\u00e1n en el acto de apertura de Iru\u00f1aldia. Una creaci\u00f3n especial, en la l\u00ednea de la experimentaci\u00f3n que ya han presentado en anteriores ocasiones. En ella se fusionan la danza, la m\u00fasica y la bertsolaritza. Junto a las danzas de Duguna, Broken Brothers Brass Band pondr\u00e1 el ritmo y Sustrai Colina y Sarai Robles, los bertsos. Tres disciplinas haciendo una, tratando de abrir caminos innovadores.<\/p>\n","protected":false},"excerpt":{"rendered":"","protected":false},"author":1,"featured_media":48503,"comment_status":"open","ping_status":"closed","sticky":false,"template":"","format":"standard","meta":{"footnotes":""},"categories":[2],"tags":[],"class_list":["post-51311","post","type-post","status-publish","format-standard","has-post-thumbnail","hentry","category-ayuntamiento-pamplona"],"yoast_head":"<!-- This site is optimized with the Yoast SEO plugin v27.3 - https:\/\/yoast.com\/product\/yoast-seo-wordpress\/ -->\n<title>Propuesta de actividades organizadas por el Ayuntamiento de Pamplona del 15 al 18 de noviembre con plazas libres<\/title>\n<meta name=\"robots\" content=\"index, follow, max-snippet:-1, max-image-preview:large, max-video-preview:-1\" \/>\n<link rel=\"canonical\" href=\"https:\/\/www.laguiadepamplona.com\/actualidad\/propuesta-de-actividades-organizadas-por-el-ayuntamiento-de-pamplona-del-15-al-18-de-noviembre-con-plazas-libres\/\" \/>\n<meta property=\"og:locale\" content=\"es_ES\" \/>\n<meta property=\"og:type\" content=\"article\" \/>\n<meta property=\"og:title\" content=\"Propuesta de actividades organizadas por el Ayuntamiento de Pamplona del 15 al 18 de noviembre con plazas libres\" \/>\n<meta property=\"og:url\" content=\"https:\/\/www.laguiadepamplona.com\/actualidad\/propuesta-de-actividades-organizadas-por-el-ayuntamiento-de-pamplona-del-15-al-18-de-noviembre-con-plazas-libres\/\" \/>\n<meta property=\"og:site_name\" content=\"La Gu\u00eda de Pamplona\" \/>\n<meta property=\"article:publisher\" content=\"https:\/\/www.facebook.com\/laguiadepamplonacom-133175176762273\/?ref=hl\" \/>\n<meta property=\"article:published_time\" content=\"2024-11-14T12:28:14+00:00\" \/>\n<meta property=\"og:image\" content=\"https:\/\/www.laguiadepamplona.com\/actualidad\/wp-content\/uploads\/2024\/01\/ayuntamiento-pamplona.webp\" \/>\n\t<meta property=\"og:image:width\" content=\"1200\" \/>\n\t<meta property=\"og:image:height\" content=\"675\" \/>\n\t<meta property=\"og:image:type\" content=\"image\/webp\" \/>\n<meta name=\"author\" content=\"La Gu\u00eda de Pamplona\" \/>\n<meta name=\"twitter:card\" content=\"summary_large_image\" \/>\n<meta name=\"twitter:creator\" content=\"@LaGuiadPamplona\" \/>\n<meta name=\"twitter:site\" content=\"@LaGuiadPamplona\" \/>\n<meta name=\"twitter:label1\" content=\"Escrito por\" \/>\n\t<meta name=\"twitter:data1\" content=\"La Gu\u00eda de Pamplona\" \/>\n\t<meta name=\"twitter:label2\" content=\"Tiempo de lectura\" \/>\n\t<meta name=\"twitter:data2\" content=\"5 minutos\" \/>\n<script type=\"application\/ld+json\" class=\"yoast-schema-graph\">{\"@context\":\"https:\\\/\\\/schema.org\",\"@graph\":[{\"@type\":\"Article\",\"@id\":\"https:\\\/\\\/www.laguiadepamplona.com\\\/actualidad\\\/propuesta-de-actividades-organizadas-por-el-ayuntamiento-de-pamplona-del-15-al-18-de-noviembre-con-plazas-libres\\\/#article\",\"isPartOf\":{\"@id\":\"https:\\\/\\\/www.laguiadepamplona.com\\\/actualidad\\\/propuesta-de-actividades-organizadas-por-el-ayuntamiento-de-pamplona-del-15-al-18-de-noviembre-con-plazas-libres\\\/\"},\"author\":{\"name\":\"La Gu\u00eda de Pamplona\",\"@id\":\"https:\\\/\\\/www.laguiadepamplona.com\\\/actualidad\\\/#\\\/schema\\\/person\\\/efe887376f0213d4657c93adc50b1fdb\"},\"headline\":\"Propuesta de actividades organizadas por el Ayuntamiento de Pamplona del 15 al 18 de noviembre con plazas libres\",\"datePublished\":\"2024-11-14T12:28:14+00:00\",\"mainEntityOfPage\":{\"@id\":\"https:\\\/\\\/www.laguiadepamplona.com\\\/actualidad\\\/propuesta-de-actividades-organizadas-por-el-ayuntamiento-de-pamplona-del-15-al-18-de-noviembre-con-plazas-libres\\\/\"},\"wordCount\":983,\"commentCount\":0,\"publisher\":{\"@id\":\"https:\\\/\\\/www.laguiadepamplona.com\\\/actualidad\\\/#organization\"},\"image\":{\"@id\":\"https:\\\/\\\/www.laguiadepamplona.com\\\/actualidad\\\/propuesta-de-actividades-organizadas-por-el-ayuntamiento-de-pamplona-del-15-al-18-de-noviembre-con-plazas-libres\\\/#primaryimage\"},\"thumbnailUrl\":\"https:\\\/\\\/www.laguiadepamplona.com\\\/actualidad\\\/wp-content\\\/uploads\\\/2024\\\/01\\\/ayuntamiento-pamplona.webp\",\"articleSection\":[\"Ayto Pamplona\"],\"inLanguage\":\"es\",\"potentialAction\":[{\"@type\":\"CommentAction\",\"name\":\"Comment\",\"target\":[\"https:\\\/\\\/www.laguiadepamplona.com\\\/actualidad\\\/propuesta-de-actividades-organizadas-por-el-ayuntamiento-de-pamplona-del-15-al-18-de-noviembre-con-plazas-libres\\\/#respond\"]}]},{\"@type\":\"WebPage\",\"@id\":\"https:\\\/\\\/www.laguiadepamplona.com\\\/actualidad\\\/propuesta-de-actividades-organizadas-por-el-ayuntamiento-de-pamplona-del-15-al-18-de-noviembre-con-plazas-libres\\\/\",\"url\":\"https:\\\/\\\/www.laguiadepamplona.com\\\/actualidad\\\/propuesta-de-actividades-organizadas-por-el-ayuntamiento-de-pamplona-del-15-al-18-de-noviembre-con-plazas-libres\\\/\",\"name\":\"Propuesta de actividades organizadas por el Ayuntamiento de Pamplona del 15 al 18 de noviembre con plazas libres\",\"isPartOf\":{\"@id\":\"https:\\\/\\\/www.laguiadepamplona.com\\\/actualidad\\\/#website\"},\"primaryImageOfPage\":{\"@id\":\"https:\\\/\\\/www.laguiadepamplona.com\\\/actualidad\\\/propuesta-de-actividades-organizadas-por-el-ayuntamiento-de-pamplona-del-15-al-18-de-noviembre-con-plazas-libres\\\/#primaryimage\"},\"image\":{\"@id\":\"https:\\\/\\\/www.laguiadepamplona.com\\\/actualidad\\\/propuesta-de-actividades-organizadas-por-el-ayuntamiento-de-pamplona-del-15-al-18-de-noviembre-con-plazas-libres\\\/#primaryimage\"},\"thumbnailUrl\":\"https:\\\/\\\/www.laguiadepamplona.com\\\/actualidad\\\/wp-content\\\/uploads\\\/2024\\\/01\\\/ayuntamiento-pamplona.webp\",\"datePublished\":\"2024-11-14T12:28:14+00:00\",\"breadcrumb\":{\"@id\":\"https:\\\/\\\/www.laguiadepamplona.com\\\/actualidad\\\/propuesta-de-actividades-organizadas-por-el-ayuntamiento-de-pamplona-del-15-al-18-de-noviembre-con-plazas-libres\\\/#breadcrumb\"},\"inLanguage\":\"es\",\"potentialAction\":[{\"@type\":\"ReadAction\",\"target\":[\"https:\\\/\\\/www.laguiadepamplona.com\\\/actualidad\\\/propuesta-de-actividades-organizadas-por-el-ayuntamiento-de-pamplona-del-15-al-18-de-noviembre-con-plazas-libres\\\/\"]}]},{\"@type\":\"ImageObject\",\"inLanguage\":\"es\",\"@id\":\"https:\\\/\\\/www.laguiadepamplona.com\\\/actualidad\\\/propuesta-de-actividades-organizadas-por-el-ayuntamiento-de-pamplona-del-15-al-18-de-noviembre-con-plazas-libres\\\/#primaryimage\",\"url\":\"https:\\\/\\\/www.laguiadepamplona.com\\\/actualidad\\\/wp-content\\\/uploads\\\/2024\\\/01\\\/ayuntamiento-pamplona.webp\",\"contentUrl\":\"https:\\\/\\\/www.laguiadepamplona.com\\\/actualidad\\\/wp-content\\\/uploads\\\/2024\\\/01\\\/ayuntamiento-pamplona.webp\",\"width\":1200,\"height\":675,\"caption\":\"ayuntamiento pamplona\"},{\"@type\":\"BreadcrumbList\",\"@id\":\"https:\\\/\\\/www.laguiadepamplona.com\\\/actualidad\\\/propuesta-de-actividades-organizadas-por-el-ayuntamiento-de-pamplona-del-15-al-18-de-noviembre-con-plazas-libres\\\/#breadcrumb\",\"itemListElement\":[{\"@type\":\"ListItem\",\"position\":1,\"name\":\"Portada\",\"item\":\"https:\\\/\\\/www.laguiadepamplona.com\\\/actualidad\\\/\"},{\"@type\":\"ListItem\",\"position\":2,\"name\":\"Propuesta de actividades organizadas por el Ayuntamiento de Pamplona del 15 al 18 de noviembre con plazas libres\"}]},{\"@type\":\"WebSite\",\"@id\":\"https:\\\/\\\/www.laguiadepamplona.com\\\/actualidad\\\/#website\",\"url\":\"https:\\\/\\\/www.laguiadepamplona.com\\\/actualidad\\\/\",\"name\":\"La gu\u00eda de Pamplona\",\"description\":\"Noticias de Pamplona\",\"publisher\":{\"@id\":\"https:\\\/\\\/www.laguiadepamplona.com\\\/actualidad\\\/#organization\"},\"potentialAction\":[{\"@type\":\"SearchAction\",\"target\":{\"@type\":\"EntryPoint\",\"urlTemplate\":\"https:\\\/\\\/www.laguiadepamplona.com\\\/actualidad\\\/?s={search_term_string}\"},\"query-input\":{\"@type\":\"PropertyValueSpecification\",\"valueRequired\":true,\"valueName\":\"search_term_string\"}}],\"inLanguage\":\"es\"},{\"@type\":\"Organization\",\"@id\":\"https:\\\/\\\/www.laguiadepamplona.com\\\/actualidad\\\/#organization\",\"name\":\"La Gu\u00eda de Pamplona \\\/ Noticias\",\"url\":\"https:\\\/\\\/www.laguiadepamplona.com\\\/actualidad\\\/\",\"logo\":{\"@type\":\"ImageObject\",\"inLanguage\":\"es\",\"@id\":\"https:\\\/\\\/www.laguiadepamplona.com\\\/actualidad\\\/#\\\/schema\\\/logo\\\/image\\\/\",\"url\":\"https:\\\/\\\/www.laguiadepamplona.com\\\/actualidad\\\/wp-content\\\/uploads\\\/2018\\\/11\\\/logo-laguiadepamplona18-web1.png\",\"contentUrl\":\"https:\\\/\\\/www.laguiadepamplona.com\\\/actualidad\\\/wp-content\\\/uploads\\\/2018\\\/11\\\/logo-laguiadepamplona18-web1.png\",\"width\":600,\"height\":196,\"caption\":\"La Gu\u00eda de Pamplona \\\/ Noticias\"},\"image\":{\"@id\":\"https:\\\/\\\/www.laguiadepamplona.com\\\/actualidad\\\/#\\\/schema\\\/logo\\\/image\\\/\"},\"sameAs\":[\"https:\\\/\\\/www.facebook.com\\\/laguiadepamplonacom-133175176762273\\\/?ref=hl\",\"https:\\\/\\\/x.com\\\/LaGuiadPamplona\",\"https:\\\/\\\/www.instagram.com\\\/la_guia_de_pamplona\\\/\",\"https:\\\/\\\/www.youtube.com\\\/user\\\/laguiadepamplona\"]},{\"@type\":\"Person\",\"@id\":\"https:\\\/\\\/www.laguiadepamplona.com\\\/actualidad\\\/#\\\/schema\\\/person\\\/efe887376f0213d4657c93adc50b1fdb\",\"name\":\"La Gu\u00eda de Pamplona\",\"image\":{\"@type\":\"ImageObject\",\"inLanguage\":\"es\",\"@id\":\"https:\\\/\\\/secure.gravatar.com\\\/avatar\\\/b6992f131dc8d30ab0dff15446e9d346d9dbd95992de0fef795073f5ea83a81c?s=96&d=mm&r=g\",\"url\":\"https:\\\/\\\/secure.gravatar.com\\\/avatar\\\/b6992f131dc8d30ab0dff15446e9d346d9dbd95992de0fef795073f5ea83a81c?s=96&d=mm&r=g\",\"contentUrl\":\"https:\\\/\\\/secure.gravatar.com\\\/avatar\\\/b6992f131dc8d30ab0dff15446e9d346d9dbd95992de0fef795073f5ea83a81c?s=96&d=mm&r=g\",\"caption\":\"La Gu\u00eda de Pamplona\"}}]}<\/script>\n<!-- \/ Yoast SEO plugin. -->","yoast_head_json":{"title":"Propuesta de actividades organizadas por el Ayuntamiento de Pamplona del 15 al 18 de noviembre con plazas libres","robots":{"index":"index","follow":"follow","max-snippet":"max-snippet:-1","max-image-preview":"max-image-preview:large","max-video-preview":"max-video-preview:-1"},"canonical":"https:\/\/www.laguiadepamplona.com\/actualidad\/propuesta-de-actividades-organizadas-por-el-ayuntamiento-de-pamplona-del-15-al-18-de-noviembre-con-plazas-libres\/","og_locale":"es_ES","og_type":"article","og_title":"Propuesta de actividades organizadas por el Ayuntamiento de Pamplona del 15 al 18 de noviembre con plazas libres","og_url":"https:\/\/www.laguiadepamplona.com\/actualidad\/propuesta-de-actividades-organizadas-por-el-ayuntamiento-de-pamplona-del-15-al-18-de-noviembre-con-plazas-libres\/","og_site_name":"La Gu\u00eda de Pamplona","article_publisher":"https:\/\/www.facebook.com\/laguiadepamplonacom-133175176762273\/?ref=hl","article_published_time":"2024-11-14T12:28:14+00:00","og_image":[{"width":1200,"height":675,"url":"https:\/\/www.laguiadepamplona.com\/actualidad\/wp-content\/uploads\/2024\/01\/ayuntamiento-pamplona.webp","type":"image\/webp"}],"author":"La Gu\u00eda de Pamplona","twitter_card":"summary_large_image","twitter_creator":"@LaGuiadPamplona","twitter_site":"@LaGuiadPamplona","twitter_misc":{"Escrito por":"La Gu\u00eda de Pamplona","Tiempo de lectura":"5 minutos"},"schema":{"@context":"https:\/\/schema.org","@graph":[{"@type":"Article","@id":"https:\/\/www.laguiadepamplona.com\/actualidad\/propuesta-de-actividades-organizadas-por-el-ayuntamiento-de-pamplona-del-15-al-18-de-noviembre-con-plazas-libres\/#article","isPartOf":{"@id":"https:\/\/www.laguiadepamplona.com\/actualidad\/propuesta-de-actividades-organizadas-por-el-ayuntamiento-de-pamplona-del-15-al-18-de-noviembre-con-plazas-libres\/"},"author":{"name":"La Gu\u00eda de Pamplona","@id":"https:\/\/www.laguiadepamplona.com\/actualidad\/#\/schema\/person\/efe887376f0213d4657c93adc50b1fdb"},"headline":"Propuesta de actividades organizadas por el Ayuntamiento de Pamplona del 15 al 18 de noviembre con plazas libres","datePublished":"2024-11-14T12:28:14+00:00","mainEntityOfPage":{"@id":"https:\/\/www.laguiadepamplona.com\/actualidad\/propuesta-de-actividades-organizadas-por-el-ayuntamiento-de-pamplona-del-15-al-18-de-noviembre-con-plazas-libres\/"},"wordCount":983,"commentCount":0,"publisher":{"@id":"https:\/\/www.laguiadepamplona.com\/actualidad\/#organization"},"image":{"@id":"https:\/\/www.laguiadepamplona.com\/actualidad\/propuesta-de-actividades-organizadas-por-el-ayuntamiento-de-pamplona-del-15-al-18-de-noviembre-con-plazas-libres\/#primaryimage"},"thumbnailUrl":"https:\/\/www.laguiadepamplona.com\/actualidad\/wp-content\/uploads\/2024\/01\/ayuntamiento-pamplona.webp","articleSection":["Ayto Pamplona"],"inLanguage":"es","potentialAction":[{"@type":"CommentAction","name":"Comment","target":["https:\/\/www.laguiadepamplona.com\/actualidad\/propuesta-de-actividades-organizadas-por-el-ayuntamiento-de-pamplona-del-15-al-18-de-noviembre-con-plazas-libres\/#respond"]}]},{"@type":"WebPage","@id":"https:\/\/www.laguiadepamplona.com\/actualidad\/propuesta-de-actividades-organizadas-por-el-ayuntamiento-de-pamplona-del-15-al-18-de-noviembre-con-plazas-libres\/","url":"https:\/\/www.laguiadepamplona.com\/actualidad\/propuesta-de-actividades-organizadas-por-el-ayuntamiento-de-pamplona-del-15-al-18-de-noviembre-con-plazas-libres\/","name":"Propuesta de actividades organizadas por el Ayuntamiento de Pamplona del 15 al 18 de noviembre con plazas libres","isPartOf":{"@id":"https:\/\/www.laguiadepamplona.com\/actualidad\/#website"},"primaryImageOfPage":{"@id":"https:\/\/www.laguiadepamplona.com\/actualidad\/propuesta-de-actividades-organizadas-por-el-ayuntamiento-de-pamplona-del-15-al-18-de-noviembre-con-plazas-libres\/#primaryimage"},"image":{"@id":"https:\/\/www.laguiadepamplona.com\/actualidad\/propuesta-de-actividades-organizadas-por-el-ayuntamiento-de-pamplona-del-15-al-18-de-noviembre-con-plazas-libres\/#primaryimage"},"thumbnailUrl":"https:\/\/www.laguiadepamplona.com\/actualidad\/wp-content\/uploads\/2024\/01\/ayuntamiento-pamplona.webp","datePublished":"2024-11-14T12:28:14+00:00","breadcrumb":{"@id":"https:\/\/www.laguiadepamplona.com\/actualidad\/propuesta-de-actividades-organizadas-por-el-ayuntamiento-de-pamplona-del-15-al-18-de-noviembre-con-plazas-libres\/#breadcrumb"},"inLanguage":"es","potentialAction":[{"@type":"ReadAction","target":["https:\/\/www.laguiadepamplona.com\/actualidad\/propuesta-de-actividades-organizadas-por-el-ayuntamiento-de-pamplona-del-15-al-18-de-noviembre-con-plazas-libres\/"]}]},{"@type":"ImageObject","inLanguage":"es","@id":"https:\/\/www.laguiadepamplona.com\/actualidad\/propuesta-de-actividades-organizadas-por-el-ayuntamiento-de-pamplona-del-15-al-18-de-noviembre-con-plazas-libres\/#primaryimage","url":"https:\/\/www.laguiadepamplona.com\/actualidad\/wp-content\/uploads\/2024\/01\/ayuntamiento-pamplona.webp","contentUrl":"https:\/\/www.laguiadepamplona.com\/actualidad\/wp-content\/uploads\/2024\/01\/ayuntamiento-pamplona.webp","width":1200,"height":675,"caption":"ayuntamiento pamplona"},{"@type":"BreadcrumbList","@id":"https:\/\/www.laguiadepamplona.com\/actualidad\/propuesta-de-actividades-organizadas-por-el-ayuntamiento-de-pamplona-del-15-al-18-de-noviembre-con-plazas-libres\/#breadcrumb","itemListElement":[{"@type":"ListItem","position":1,"name":"Portada","item":"https:\/\/www.laguiadepamplona.com\/actualidad\/"},{"@type":"ListItem","position":2,"name":"Propuesta de actividades organizadas por el Ayuntamiento de Pamplona del 15 al 18 de noviembre con plazas libres"}]},{"@type":"WebSite","@id":"https:\/\/www.laguiadepamplona.com\/actualidad\/#website","url":"https:\/\/www.laguiadepamplona.com\/actualidad\/","name":"La gu\u00eda de Pamplona","description":"Noticias de Pamplona","publisher":{"@id":"https:\/\/www.laguiadepamplona.com\/actualidad\/#organization"},"potentialAction":[{"@type":"SearchAction","target":{"@type":"EntryPoint","urlTemplate":"https:\/\/www.laguiadepamplona.com\/actualidad\/?s={search_term_string}"},"query-input":{"@type":"PropertyValueSpecification","valueRequired":true,"valueName":"search_term_string"}}],"inLanguage":"es"},{"@type":"Organization","@id":"https:\/\/www.laguiadepamplona.com\/actualidad\/#organization","name":"La Gu\u00eda de Pamplona \/ Noticias","url":"https:\/\/www.laguiadepamplona.com\/actualidad\/","logo":{"@type":"ImageObject","inLanguage":"es","@id":"https:\/\/www.laguiadepamplona.com\/actualidad\/#\/schema\/logo\/image\/","url":"https:\/\/www.laguiadepamplona.com\/actualidad\/wp-content\/uploads\/2018\/11\/logo-laguiadepamplona18-web1.png","contentUrl":"https:\/\/www.laguiadepamplona.com\/actualidad\/wp-content\/uploads\/2018\/11\/logo-laguiadepamplona18-web1.png","width":600,"height":196,"caption":"La Gu\u00eda de Pamplona \/ Noticias"},"image":{"@id":"https:\/\/www.laguiadepamplona.com\/actualidad\/#\/schema\/logo\/image\/"},"sameAs":["https:\/\/www.facebook.com\/laguiadepamplonacom-133175176762273\/?ref=hl","https:\/\/x.com\/LaGuiadPamplona","https:\/\/www.instagram.com\/la_guia_de_pamplona\/","https:\/\/www.youtube.com\/user\/laguiadepamplona"]},{"@type":"Person","@id":"https:\/\/www.laguiadepamplona.com\/actualidad\/#\/schema\/person\/efe887376f0213d4657c93adc50b1fdb","name":"La Gu\u00eda de Pamplona","image":{"@type":"ImageObject","inLanguage":"es","@id":"https:\/\/secure.gravatar.com\/avatar\/b6992f131dc8d30ab0dff15446e9d346d9dbd95992de0fef795073f5ea83a81c?s=96&d=mm&r=g","url":"https:\/\/secure.gravatar.com\/avatar\/b6992f131dc8d30ab0dff15446e9d346d9dbd95992de0fef795073f5ea83a81c?s=96&d=mm&r=g","contentUrl":"https:\/\/secure.gravatar.com\/avatar\/b6992f131dc8d30ab0dff15446e9d346d9dbd95992de0fef795073f5ea83a81c?s=96&d=mm&r=g","caption":"La Gu\u00eda de Pamplona"}}]}},"post_mailing_queue_ids":[],"_links":{"self":[{"href":"https:\/\/www.laguiadepamplona.com\/actualidad\/wp-json\/wp\/v2\/posts\/51311","targetHints":{"allow":["GET"]}}],"collection":[{"href":"https:\/\/www.laguiadepamplona.com\/actualidad\/wp-json\/wp\/v2\/posts"}],"about":[{"href":"https:\/\/www.laguiadepamplona.com\/actualidad\/wp-json\/wp\/v2\/types\/post"}],"author":[{"embeddable":true,"href":"https:\/\/www.laguiadepamplona.com\/actualidad\/wp-json\/wp\/v2\/users\/1"}],"replies":[{"embeddable":true,"href":"https:\/\/www.laguiadepamplona.com\/actualidad\/wp-json\/wp\/v2\/comments?post=51311"}],"version-history":[{"count":1,"href":"https:\/\/www.laguiadepamplona.com\/actualidad\/wp-json\/wp\/v2\/posts\/51311\/revisions"}],"predecessor-version":[{"id":51312,"href":"https:\/\/www.laguiadepamplona.com\/actualidad\/wp-json\/wp\/v2\/posts\/51311\/revisions\/51312"}],"wp:featuredmedia":[{"embeddable":true,"href":"https:\/\/www.laguiadepamplona.com\/actualidad\/wp-json\/wp\/v2\/media\/48503"}],"wp:attachment":[{"href":"https:\/\/www.laguiadepamplona.com\/actualidad\/wp-json\/wp\/v2\/media?parent=51311"}],"wp:term":[{"taxonomy":"category","embeddable":true,"href":"https:\/\/www.laguiadepamplona.com\/actualidad\/wp-json\/wp\/v2\/categories?post=51311"},{"taxonomy":"post_tag","embeddable":true,"href":"https:\/\/www.laguiadepamplona.com\/actualidad\/wp-json\/wp\/v2\/tags?post=51311"}],"curies":[{"name":"wp","href":"https:\/\/api.w.org\/{rel}","templated":true}]}}