{"id":51309,"date":"2024-11-14T14:27:14","date_gmt":"2024-11-14T12:27:14","guid":{"rendered":"https:\/\/www.laguiadepamplona.com\/actualidad\/?p=51309"},"modified":"2024-11-14T14:27:14","modified_gmt":"2024-11-14T12:27:14","slug":"el-proyecto-de-plantilla-organica-para-2025-recoge-la-estabilizacion-de-270-plazas-y-un-descenso-en-un-19-de-la-temporalidad-del-personal-municipal","status":"publish","type":"post","link":"https:\/\/www.laguiadepamplona.com\/actualidad\/el-proyecto-de-plantilla-organica-para-2025-recoge-la-estabilizacion-de-270-plazas-y-un-descenso-en-un-19-de-la-temporalidad-del-personal-municipal\/","title":{"rendered":"El proyecto de plantilla org\u00e1nica para 2025 recoge la estabilizaci\u00f3n de 270 plazas y un descenso en un 19% de la temporalidad del personal municipal"},"content":{"rendered":"<h2>Se apuesta por un enfoque estrat\u00e9gico en \u00e1reas clave con nuevos puestos para mejorar en la conservaci\u00f3n urbana, la acci\u00f3n social y la atenci\u00f3n a barrios<\/h2>\n<p><!--more--><\/p>\n<p>El Ayuntamiento de Pamplona cuenta con 1.529 trabajadores y trabajadoras. La Junta de Gobierno Local ha aprobado esta semana el proyecto de plantilla org\u00e1nica para 2025, marcado por el final de los procesos de estabilizaci\u00f3n y por una apuesta por \u00e1reas de gesti\u00f3n estrat\u00e9gica que se reforzar\u00e1n con m\u00e1s personal. Se prev\u00e9 que este proyecto de plantilla org\u00e1nica se debata en comisi\u00f3n en las pr\u00f3ximas semanas para someterse a aprobaci\u00f3n en el Pleno previsto para el 28 de noviembre.<\/p>\n<p>La plantilla de personal municipal para 2025 asume la reconversi\u00f3n al r\u00e9gimen funcionarial de muchas plazas ocupadas hasta ahora y durante muchos a\u00f1os de forma interina. Este regreso al r\u00e9gimen funcionarial se recoge en las normas de ejecuci\u00f3n de la plantilla, de forma que se seguir\u00e1 aplicando en la medida en la que se terminen de producir los nombramientos complementarios de los procesos de estabilizaci\u00f3n del empleo durante las primeras semanas del a\u00f1o que viene. El proyecto de plantilla org\u00e1nica recoge la estabilizaci\u00f3n ya producida de 270 plazas. De esta forma, la temporalidad laboral en el Ayuntamiento de Pamplona se ha reducido en un 19%, pasando del 33% al 14%.<\/p>\n<p>Para el pr\u00f3ximo a\u00f1o, el proyecto de plantilla org\u00e1nica del Ayuntamiento de Pamplona tiene un enfoque estrat\u00e9gico en \u00e1reas clave de la gesti\u00f3n municipal. El proyecto contempla la incorporaci\u00f3n de nuevos puestos para mejorar la eficacia en la conservaci\u00f3n urbana, la acci\u00f3n social y la atenci\u00f3n a los barrios, as\u00ed como una revisi\u00f3n de perfiles y niveles de posiciones cr\u00edticas en esos \u00e1mbitos. Asimismo, se refuerza el sector de los cuidados en el servicio de atenci\u00f3n a domicilio, ampliando la capacidad de atenci\u00f3n mediante el incremento de jornadas. Por \u00faltimo, en respuesta a las recomendaciones de la Comisi\u00f3n de Igualdad, se han definido una mejora retributiva para dignificar las condiciones laborales de este colectivo predominantemente feminizado.<\/p>\n<p>En la ejecuci\u00f3n de las modificaciones planteadas, y atendiendo al objetivo de estabilidad presupuestaria, se ha buscado que aquellos puestos de trabajo que, con motivo de la evoluci\u00f3n que sufren las ocupaciones y las competencias profesionales requeridas, han quedado en desuso sean reconvertidos en otros puestos de trabajo que ayuden a reforzar v\u00edas de actuaci\u00f3n fundamentales en la administraci\u00f3n p\u00fablica local actual.<\/p>\n<p><strong>Modificaciones m\u00e1s destacadas<\/strong><\/p>\n<p>Bajo el principio de eficacia en la gesti\u00f3n, las principales modificaciones recogidas en el proyecto de plantilla org\u00e1nica para el a\u00f1o 2025 refuerzan diferentes servicios. En la atenci\u00f3n a domicilio, se ampl\u00edan hasta 18 plazas de jornada parcial a jornada completa y se incrementa el complemento del puesto de trabajo en un 3,5%. En cuanto al fomento del trabajo de car\u00e1cter t\u00e9cnico en el \u00e1rea de Igualdad, Acci\u00f3n Comunitaria, Barrios, Participaci\u00f3n Ciudadana y Euskera, se crean tres plazas de t\u00e9cnico\/a de euskera, traductor\/a de euskera y de t\u00e9cnico\/a comunitario, que atender\u00e1 a la gesti\u00f3n del programa de infancia.<\/p>\n<p>Se apuesta tambi\u00e9n por la profesionalizaci\u00f3n y unificaci\u00f3n de condiciones entre el personal administrativo, mediante la reconversi\u00f3n de los puestos de auxiliar a oficial administrativo\/a. Asimismo, se fomenta la capacidad t\u00e9cnica en el mantenimiento y conservaci\u00f3n de edificios municipales, creando una plaza de arquitecto\/a y reconvirtiendo la jefatura del servicio de colegios a un puesto de nivel B con car\u00e1cter t\u00e9cnico, buscando una mejor gesti\u00f3n de las infraestructuras educativas. Se refuerza la atenci\u00f3n a las grandes infraestructuras de la ciudad mediante la creaci\u00f3n de una plaza de ingeniero\/a de grandes infraestructuras con perfil de acceso de ingenier\u00eda de caminos o ingenier\u00eda civil. Por \u00faltimo, se impulsa la administraci\u00f3n electr\u00f3nica, modificando el perfil del puesto de trabajo de \u2018responsable de oficina de atenci\u00f3n ciudadana\u2019.<\/p>\n","protected":false},"excerpt":{"rendered":"<p>Se apuesta por un enfoque estrat\u00e9gico en \u00e1reas clave con nuevos puestos para mejorar en la conservaci\u00f3n urbana, la acci\u00f3n social y la atenci\u00f3n a barrios<\/p>\n","protected":false},"author":1,"featured_media":41391,"comment_status":"open","ping_status":"closed","sticky":false,"template":"","format":"standard","meta":{"footnotes":""},"categories":[2],"tags":[],"class_list":["post-51309","post","type-post","status-publish","format-standard","has-post-thumbnail","hentry","category-ayuntamiento-pamplona"],"yoast_head":"<!-- This site is optimized with the Yoast SEO plugin v27.3 - https:\/\/yoast.com\/product\/yoast-seo-wordpress\/ -->\n<title>El proyecto de plantilla org\u00e1nica para 2025 recoge la estabilizaci\u00f3n de 270 plazas y un descenso en un 19% de la temporalidad del personal municipal<\/title>\n<meta name=\"description\" content=\"Se apuesta por un enfoque estrat\u00e9gico en \u00e1reas clave con nuevos puestos para mejorar en la conservaci\u00f3n urbana, la acci\u00f3n social y la atenci\u00f3n a barrios\" \/>\n<meta name=\"robots\" content=\"index, follow, max-snippet:-1, max-image-preview:large, max-video-preview:-1\" \/>\n<link rel=\"canonical\" href=\"https:\/\/www.laguiadepamplona.com\/actualidad\/el-proyecto-de-plantilla-organica-para-2025-recoge-la-estabilizacion-de-270-plazas-y-un-descenso-en-un-19-de-la-temporalidad-del-personal-municipal\/\" \/>\n<meta property=\"og:locale\" content=\"es_ES\" \/>\n<meta property=\"og:type\" content=\"article\" \/>\n<meta property=\"og:title\" content=\"El proyecto de plantilla org\u00e1nica para 2025 recoge la estabilizaci\u00f3n de 270 plazas y un descenso en un 19% de la temporalidad del personal municipal\" \/>\n<meta property=\"og:description\" content=\"Se apuesta por un enfoque estrat\u00e9gico en \u00e1reas clave con nuevos puestos para mejorar en la conservaci\u00f3n urbana, la acci\u00f3n social y la atenci\u00f3n a barrios\" \/>\n<meta property=\"og:url\" content=\"https:\/\/www.laguiadepamplona.com\/actualidad\/el-proyecto-de-plantilla-organica-para-2025-recoge-la-estabilizacion-de-270-plazas-y-un-descenso-en-un-19-de-la-temporalidad-del-personal-municipal\/\" \/>\n<meta property=\"og:site_name\" content=\"La Gu\u00eda de Pamplona\" \/>\n<meta property=\"article:publisher\" content=\"https:\/\/www.facebook.com\/laguiadepamplonacom-133175176762273\/?ref=hl\" \/>\n<meta property=\"article:published_time\" content=\"2024-11-14T12:27:14+00:00\" \/>\n<meta property=\"og:image\" content=\"https:\/\/www.laguiadepamplona.com\/actualidad\/wp-content\/uploads\/2022\/08\/reloj_ayuntamiento.webp\" \/>\n\t<meta property=\"og:image:width\" content=\"1920\" \/>\n\t<meta property=\"og:image:height\" content=\"1245\" \/>\n\t<meta property=\"og:image:type\" content=\"image\/webp\" \/>\n<meta name=\"author\" content=\"La Gu\u00eda de Pamplona\" \/>\n<meta name=\"twitter:card\" content=\"summary_large_image\" \/>\n<meta name=\"twitter:creator\" content=\"@LaGuiadPamplona\" \/>\n<meta name=\"twitter:site\" content=\"@LaGuiadPamplona\" \/>\n<meta name=\"twitter:label1\" content=\"Escrito por\" \/>\n\t<meta name=\"twitter:data1\" content=\"La Gu\u00eda de Pamplona\" \/>\n\t<meta name=\"twitter:label2\" content=\"Tiempo de lectura\" \/>\n\t<meta name=\"twitter:data2\" content=\"4 minutos\" \/>\n<script type=\"application\/ld+json\" class=\"yoast-schema-graph\">{\"@context\":\"https:\\\/\\\/schema.org\",\"@graph\":[{\"@type\":\"Article\",\"@id\":\"https:\\\/\\\/www.laguiadepamplona.com\\\/actualidad\\\/el-proyecto-de-plantilla-organica-para-2025-recoge-la-estabilizacion-de-270-plazas-y-un-descenso-en-un-19-de-la-temporalidad-del-personal-municipal\\\/#article\",\"isPartOf\":{\"@id\":\"https:\\\/\\\/www.laguiadepamplona.com\\\/actualidad\\\/el-proyecto-de-plantilla-organica-para-2025-recoge-la-estabilizacion-de-270-plazas-y-un-descenso-en-un-19-de-la-temporalidad-del-personal-municipal\\\/\"},\"author\":{\"name\":\"La Gu\u00eda de Pamplona\",\"@id\":\"https:\\\/\\\/www.laguiadepamplona.com\\\/actualidad\\\/#\\\/schema\\\/person\\\/efe887376f0213d4657c93adc50b1fdb\"},\"headline\":\"El proyecto de plantilla org\u00e1nica para 2025 recoge la estabilizaci\u00f3n de 270 plazas y un descenso en un 19% de la temporalidad del personal municipal\",\"datePublished\":\"2024-11-14T12:27:14+00:00\",\"mainEntityOfPage\":{\"@id\":\"https:\\\/\\\/www.laguiadepamplona.com\\\/actualidad\\\/el-proyecto-de-plantilla-organica-para-2025-recoge-la-estabilizacion-de-270-plazas-y-un-descenso-en-un-19-de-la-temporalidad-del-personal-municipal\\\/\"},\"wordCount\":708,\"commentCount\":0,\"publisher\":{\"@id\":\"https:\\\/\\\/www.laguiadepamplona.com\\\/actualidad\\\/#organization\"},\"image\":{\"@id\":\"https:\\\/\\\/www.laguiadepamplona.com\\\/actualidad\\\/el-proyecto-de-plantilla-organica-para-2025-recoge-la-estabilizacion-de-270-plazas-y-un-descenso-en-un-19-de-la-temporalidad-del-personal-municipal\\\/#primaryimage\"},\"thumbnailUrl\":\"https:\\\/\\\/www.laguiadepamplona.com\\\/actualidad\\\/wp-content\\\/uploads\\\/2022\\\/08\\\/reloj_ayuntamiento.webp\",\"articleSection\":[\"Ayto Pamplona\"],\"inLanguage\":\"es\",\"potentialAction\":[{\"@type\":\"CommentAction\",\"name\":\"Comment\",\"target\":[\"https:\\\/\\\/www.laguiadepamplona.com\\\/actualidad\\\/el-proyecto-de-plantilla-organica-para-2025-recoge-la-estabilizacion-de-270-plazas-y-un-descenso-en-un-19-de-la-temporalidad-del-personal-municipal\\\/#respond\"]}]},{\"@type\":\"WebPage\",\"@id\":\"https:\\\/\\\/www.laguiadepamplona.com\\\/actualidad\\\/el-proyecto-de-plantilla-organica-para-2025-recoge-la-estabilizacion-de-270-plazas-y-un-descenso-en-un-19-de-la-temporalidad-del-personal-municipal\\\/\",\"url\":\"https:\\\/\\\/www.laguiadepamplona.com\\\/actualidad\\\/el-proyecto-de-plantilla-organica-para-2025-recoge-la-estabilizacion-de-270-plazas-y-un-descenso-en-un-19-de-la-temporalidad-del-personal-municipal\\\/\",\"name\":\"El proyecto de plantilla org\u00e1nica para 2025 recoge la estabilizaci\u00f3n de 270 plazas y un descenso en un 19% de la temporalidad del personal municipal\",\"isPartOf\":{\"@id\":\"https:\\\/\\\/www.laguiadepamplona.com\\\/actualidad\\\/#website\"},\"primaryImageOfPage\":{\"@id\":\"https:\\\/\\\/www.laguiadepamplona.com\\\/actualidad\\\/el-proyecto-de-plantilla-organica-para-2025-recoge-la-estabilizacion-de-270-plazas-y-un-descenso-en-un-19-de-la-temporalidad-del-personal-municipal\\\/#primaryimage\"},\"image\":{\"@id\":\"https:\\\/\\\/www.laguiadepamplona.com\\\/actualidad\\\/el-proyecto-de-plantilla-organica-para-2025-recoge-la-estabilizacion-de-270-plazas-y-un-descenso-en-un-19-de-la-temporalidad-del-personal-municipal\\\/#primaryimage\"},\"thumbnailUrl\":\"https:\\\/\\\/www.laguiadepamplona.com\\\/actualidad\\\/wp-content\\\/uploads\\\/2022\\\/08\\\/reloj_ayuntamiento.webp\",\"datePublished\":\"2024-11-14T12:27:14+00:00\",\"description\":\"Se apuesta por un enfoque estrat\u00e9gico en \u00e1reas clave con nuevos puestos para mejorar en la conservaci\u00f3n urbana, la acci\u00f3n social y la atenci\u00f3n a barrios\",\"breadcrumb\":{\"@id\":\"https:\\\/\\\/www.laguiadepamplona.com\\\/actualidad\\\/el-proyecto-de-plantilla-organica-para-2025-recoge-la-estabilizacion-de-270-plazas-y-un-descenso-en-un-19-de-la-temporalidad-del-personal-municipal\\\/#breadcrumb\"},\"inLanguage\":\"es\",\"potentialAction\":[{\"@type\":\"ReadAction\",\"target\":[\"https:\\\/\\\/www.laguiadepamplona.com\\\/actualidad\\\/el-proyecto-de-plantilla-organica-para-2025-recoge-la-estabilizacion-de-270-plazas-y-un-descenso-en-un-19-de-la-temporalidad-del-personal-municipal\\\/\"]}]},{\"@type\":\"ImageObject\",\"inLanguage\":\"es\",\"@id\":\"https:\\\/\\\/www.laguiadepamplona.com\\\/actualidad\\\/el-proyecto-de-plantilla-organica-para-2025-recoge-la-estabilizacion-de-270-plazas-y-un-descenso-en-un-19-de-la-temporalidad-del-personal-municipal\\\/#primaryimage\",\"url\":\"https:\\\/\\\/www.laguiadepamplona.com\\\/actualidad\\\/wp-content\\\/uploads\\\/2022\\\/08\\\/reloj_ayuntamiento.webp\",\"contentUrl\":\"https:\\\/\\\/www.laguiadepamplona.com\\\/actualidad\\\/wp-content\\\/uploads\\\/2022\\\/08\\\/reloj_ayuntamiento.webp\",\"width\":1920,\"height\":1245,\"caption\":\"ayuntamiento\"},{\"@type\":\"BreadcrumbList\",\"@id\":\"https:\\\/\\\/www.laguiadepamplona.com\\\/actualidad\\\/el-proyecto-de-plantilla-organica-para-2025-recoge-la-estabilizacion-de-270-plazas-y-un-descenso-en-un-19-de-la-temporalidad-del-personal-municipal\\\/#breadcrumb\",\"itemListElement\":[{\"@type\":\"ListItem\",\"position\":1,\"name\":\"Portada\",\"item\":\"https:\\\/\\\/www.laguiadepamplona.com\\\/actualidad\\\/\"},{\"@type\":\"ListItem\",\"position\":2,\"name\":\"El proyecto de plantilla org\u00e1nica para 2025 recoge la estabilizaci\u00f3n de 270 plazas y un descenso en un 19% de la temporalidad del personal municipal\"}]},{\"@type\":\"WebSite\",\"@id\":\"https:\\\/\\\/www.laguiadepamplona.com\\\/actualidad\\\/#website\",\"url\":\"https:\\\/\\\/www.laguiadepamplona.com\\\/actualidad\\\/\",\"name\":\"La gu\u00eda de Pamplona\",\"description\":\"Noticias de Pamplona\",\"publisher\":{\"@id\":\"https:\\\/\\\/www.laguiadepamplona.com\\\/actualidad\\\/#organization\"},\"potentialAction\":[{\"@type\":\"SearchAction\",\"target\":{\"@type\":\"EntryPoint\",\"urlTemplate\":\"https:\\\/\\\/www.laguiadepamplona.com\\\/actualidad\\\/?s={search_term_string}\"},\"query-input\":{\"@type\":\"PropertyValueSpecification\",\"valueRequired\":true,\"valueName\":\"search_term_string\"}}],\"inLanguage\":\"es\"},{\"@type\":\"Organization\",\"@id\":\"https:\\\/\\\/www.laguiadepamplona.com\\\/actualidad\\\/#organization\",\"name\":\"La Gu\u00eda de Pamplona \\\/ Noticias\",\"url\":\"https:\\\/\\\/www.laguiadepamplona.com\\\/actualidad\\\/\",\"logo\":{\"@type\":\"ImageObject\",\"inLanguage\":\"es\",\"@id\":\"https:\\\/\\\/www.laguiadepamplona.com\\\/actualidad\\\/#\\\/schema\\\/logo\\\/image\\\/\",\"url\":\"https:\\\/\\\/www.laguiadepamplona.com\\\/actualidad\\\/wp-content\\\/uploads\\\/2018\\\/11\\\/logo-laguiadepamplona18-web1.png\",\"contentUrl\":\"https:\\\/\\\/www.laguiadepamplona.com\\\/actualidad\\\/wp-content\\\/uploads\\\/2018\\\/11\\\/logo-laguiadepamplona18-web1.png\",\"width\":600,\"height\":196,\"caption\":\"La Gu\u00eda de Pamplona \\\/ Noticias\"},\"image\":{\"@id\":\"https:\\\/\\\/www.laguiadepamplona.com\\\/actualidad\\\/#\\\/schema\\\/logo\\\/image\\\/\"},\"sameAs\":[\"https:\\\/\\\/www.facebook.com\\\/laguiadepamplonacom-133175176762273\\\/?ref=hl\",\"https:\\\/\\\/x.com\\\/LaGuiadPamplona\",\"https:\\\/\\\/www.instagram.com\\\/la_guia_de_pamplona\\\/\",\"https:\\\/\\\/www.youtube.com\\\/user\\\/laguiadepamplona\"]},{\"@type\":\"Person\",\"@id\":\"https:\\\/\\\/www.laguiadepamplona.com\\\/actualidad\\\/#\\\/schema\\\/person\\\/efe887376f0213d4657c93adc50b1fdb\",\"name\":\"La Gu\u00eda de Pamplona\",\"image\":{\"@type\":\"ImageObject\",\"inLanguage\":\"es\",\"@id\":\"https:\\\/\\\/secure.gravatar.com\\\/avatar\\\/b6992f131dc8d30ab0dff15446e9d346d9dbd95992de0fef795073f5ea83a81c?s=96&d=mm&r=g\",\"url\":\"https:\\\/\\\/secure.gravatar.com\\\/avatar\\\/b6992f131dc8d30ab0dff15446e9d346d9dbd95992de0fef795073f5ea83a81c?s=96&d=mm&r=g\",\"contentUrl\":\"https:\\\/\\\/secure.gravatar.com\\\/avatar\\\/b6992f131dc8d30ab0dff15446e9d346d9dbd95992de0fef795073f5ea83a81c?s=96&d=mm&r=g\",\"caption\":\"La Gu\u00eda de Pamplona\"}}]}<\/script>\n<!-- \/ Yoast SEO plugin. -->","yoast_head_json":{"title":"El proyecto de plantilla org\u00e1nica para 2025 recoge la estabilizaci\u00f3n de 270 plazas y un descenso en un 19% de la temporalidad del personal municipal","description":"Se apuesta por un enfoque estrat\u00e9gico en \u00e1reas clave con nuevos puestos para mejorar en la conservaci\u00f3n urbana, la acci\u00f3n social y la atenci\u00f3n a barrios","robots":{"index":"index","follow":"follow","max-snippet":"max-snippet:-1","max-image-preview":"max-image-preview:large","max-video-preview":"max-video-preview:-1"},"canonical":"https:\/\/www.laguiadepamplona.com\/actualidad\/el-proyecto-de-plantilla-organica-para-2025-recoge-la-estabilizacion-de-270-plazas-y-un-descenso-en-un-19-de-la-temporalidad-del-personal-municipal\/","og_locale":"es_ES","og_type":"article","og_title":"El proyecto de plantilla org\u00e1nica para 2025 recoge la estabilizaci\u00f3n de 270 plazas y un descenso en un 19% de la temporalidad del personal municipal","og_description":"Se apuesta por un enfoque estrat\u00e9gico en \u00e1reas clave con nuevos puestos para mejorar en la conservaci\u00f3n urbana, la acci\u00f3n social y la atenci\u00f3n a barrios","og_url":"https:\/\/www.laguiadepamplona.com\/actualidad\/el-proyecto-de-plantilla-organica-para-2025-recoge-la-estabilizacion-de-270-plazas-y-un-descenso-en-un-19-de-la-temporalidad-del-personal-municipal\/","og_site_name":"La Gu\u00eda de Pamplona","article_publisher":"https:\/\/www.facebook.com\/laguiadepamplonacom-133175176762273\/?ref=hl","article_published_time":"2024-11-14T12:27:14+00:00","og_image":[{"width":1920,"height":1245,"url":"https:\/\/www.laguiadepamplona.com\/actualidad\/wp-content\/uploads\/2022\/08\/reloj_ayuntamiento.webp","type":"image\/webp"}],"author":"La Gu\u00eda de Pamplona","twitter_card":"summary_large_image","twitter_creator":"@LaGuiadPamplona","twitter_site":"@LaGuiadPamplona","twitter_misc":{"Escrito por":"La Gu\u00eda de Pamplona","Tiempo de lectura":"4 minutos"},"schema":{"@context":"https:\/\/schema.org","@graph":[{"@type":"Article","@id":"https:\/\/www.laguiadepamplona.com\/actualidad\/el-proyecto-de-plantilla-organica-para-2025-recoge-la-estabilizacion-de-270-plazas-y-un-descenso-en-un-19-de-la-temporalidad-del-personal-municipal\/#article","isPartOf":{"@id":"https:\/\/www.laguiadepamplona.com\/actualidad\/el-proyecto-de-plantilla-organica-para-2025-recoge-la-estabilizacion-de-270-plazas-y-un-descenso-en-un-19-de-la-temporalidad-del-personal-municipal\/"},"author":{"name":"La Gu\u00eda de Pamplona","@id":"https:\/\/www.laguiadepamplona.com\/actualidad\/#\/schema\/person\/efe887376f0213d4657c93adc50b1fdb"},"headline":"El proyecto de plantilla org\u00e1nica para 2025 recoge la estabilizaci\u00f3n de 270 plazas y un descenso en un 19% de la temporalidad del personal municipal","datePublished":"2024-11-14T12:27:14+00:00","mainEntityOfPage":{"@id":"https:\/\/www.laguiadepamplona.com\/actualidad\/el-proyecto-de-plantilla-organica-para-2025-recoge-la-estabilizacion-de-270-plazas-y-un-descenso-en-un-19-de-la-temporalidad-del-personal-municipal\/"},"wordCount":708,"commentCount":0,"publisher":{"@id":"https:\/\/www.laguiadepamplona.com\/actualidad\/#organization"},"image":{"@id":"https:\/\/www.laguiadepamplona.com\/actualidad\/el-proyecto-de-plantilla-organica-para-2025-recoge-la-estabilizacion-de-270-plazas-y-un-descenso-en-un-19-de-la-temporalidad-del-personal-municipal\/#primaryimage"},"thumbnailUrl":"https:\/\/www.laguiadepamplona.com\/actualidad\/wp-content\/uploads\/2022\/08\/reloj_ayuntamiento.webp","articleSection":["Ayto Pamplona"],"inLanguage":"es","potentialAction":[{"@type":"CommentAction","name":"Comment","target":["https:\/\/www.laguiadepamplona.com\/actualidad\/el-proyecto-de-plantilla-organica-para-2025-recoge-la-estabilizacion-de-270-plazas-y-un-descenso-en-un-19-de-la-temporalidad-del-personal-municipal\/#respond"]}]},{"@type":"WebPage","@id":"https:\/\/www.laguiadepamplona.com\/actualidad\/el-proyecto-de-plantilla-organica-para-2025-recoge-la-estabilizacion-de-270-plazas-y-un-descenso-en-un-19-de-la-temporalidad-del-personal-municipal\/","url":"https:\/\/www.laguiadepamplona.com\/actualidad\/el-proyecto-de-plantilla-organica-para-2025-recoge-la-estabilizacion-de-270-plazas-y-un-descenso-en-un-19-de-la-temporalidad-del-personal-municipal\/","name":"El proyecto de plantilla org\u00e1nica para 2025 recoge la estabilizaci\u00f3n de 270 plazas y un descenso en un 19% de la temporalidad del personal municipal","isPartOf":{"@id":"https:\/\/www.laguiadepamplona.com\/actualidad\/#website"},"primaryImageOfPage":{"@id":"https:\/\/www.laguiadepamplona.com\/actualidad\/el-proyecto-de-plantilla-organica-para-2025-recoge-la-estabilizacion-de-270-plazas-y-un-descenso-en-un-19-de-la-temporalidad-del-personal-municipal\/#primaryimage"},"image":{"@id":"https:\/\/www.laguiadepamplona.com\/actualidad\/el-proyecto-de-plantilla-organica-para-2025-recoge-la-estabilizacion-de-270-plazas-y-un-descenso-en-un-19-de-la-temporalidad-del-personal-municipal\/#primaryimage"},"thumbnailUrl":"https:\/\/www.laguiadepamplona.com\/actualidad\/wp-content\/uploads\/2022\/08\/reloj_ayuntamiento.webp","datePublished":"2024-11-14T12:27:14+00:00","description":"Se apuesta por un enfoque estrat\u00e9gico en \u00e1reas clave con nuevos puestos para mejorar en la conservaci\u00f3n urbana, la acci\u00f3n social y la atenci\u00f3n a barrios","breadcrumb":{"@id":"https:\/\/www.laguiadepamplona.com\/actualidad\/el-proyecto-de-plantilla-organica-para-2025-recoge-la-estabilizacion-de-270-plazas-y-un-descenso-en-un-19-de-la-temporalidad-del-personal-municipal\/#breadcrumb"},"inLanguage":"es","potentialAction":[{"@type":"ReadAction","target":["https:\/\/www.laguiadepamplona.com\/actualidad\/el-proyecto-de-plantilla-organica-para-2025-recoge-la-estabilizacion-de-270-plazas-y-un-descenso-en-un-19-de-la-temporalidad-del-personal-municipal\/"]}]},{"@type":"ImageObject","inLanguage":"es","@id":"https:\/\/www.laguiadepamplona.com\/actualidad\/el-proyecto-de-plantilla-organica-para-2025-recoge-la-estabilizacion-de-270-plazas-y-un-descenso-en-un-19-de-la-temporalidad-del-personal-municipal\/#primaryimage","url":"https:\/\/www.laguiadepamplona.com\/actualidad\/wp-content\/uploads\/2022\/08\/reloj_ayuntamiento.webp","contentUrl":"https:\/\/www.laguiadepamplona.com\/actualidad\/wp-content\/uploads\/2022\/08\/reloj_ayuntamiento.webp","width":1920,"height":1245,"caption":"ayuntamiento"},{"@type":"BreadcrumbList","@id":"https:\/\/www.laguiadepamplona.com\/actualidad\/el-proyecto-de-plantilla-organica-para-2025-recoge-la-estabilizacion-de-270-plazas-y-un-descenso-en-un-19-de-la-temporalidad-del-personal-municipal\/#breadcrumb","itemListElement":[{"@type":"ListItem","position":1,"name":"Portada","item":"https:\/\/www.laguiadepamplona.com\/actualidad\/"},{"@type":"ListItem","position":2,"name":"El proyecto de plantilla org\u00e1nica para 2025 recoge la estabilizaci\u00f3n de 270 plazas y un descenso en un 19% de la temporalidad del personal municipal"}]},{"@type":"WebSite","@id":"https:\/\/www.laguiadepamplona.com\/actualidad\/#website","url":"https:\/\/www.laguiadepamplona.com\/actualidad\/","name":"La gu\u00eda de Pamplona","description":"Noticias de Pamplona","publisher":{"@id":"https:\/\/www.laguiadepamplona.com\/actualidad\/#organization"},"potentialAction":[{"@type":"SearchAction","target":{"@type":"EntryPoint","urlTemplate":"https:\/\/www.laguiadepamplona.com\/actualidad\/?s={search_term_string}"},"query-input":{"@type":"PropertyValueSpecification","valueRequired":true,"valueName":"search_term_string"}}],"inLanguage":"es"},{"@type":"Organization","@id":"https:\/\/www.laguiadepamplona.com\/actualidad\/#organization","name":"La Gu\u00eda de Pamplona \/ Noticias","url":"https:\/\/www.laguiadepamplona.com\/actualidad\/","logo":{"@type":"ImageObject","inLanguage":"es","@id":"https:\/\/www.laguiadepamplona.com\/actualidad\/#\/schema\/logo\/image\/","url":"https:\/\/www.laguiadepamplona.com\/actualidad\/wp-content\/uploads\/2018\/11\/logo-laguiadepamplona18-web1.png","contentUrl":"https:\/\/www.laguiadepamplona.com\/actualidad\/wp-content\/uploads\/2018\/11\/logo-laguiadepamplona18-web1.png","width":600,"height":196,"caption":"La Gu\u00eda de Pamplona \/ Noticias"},"image":{"@id":"https:\/\/www.laguiadepamplona.com\/actualidad\/#\/schema\/logo\/image\/"},"sameAs":["https:\/\/www.facebook.com\/laguiadepamplonacom-133175176762273\/?ref=hl","https:\/\/x.com\/LaGuiadPamplona","https:\/\/www.instagram.com\/la_guia_de_pamplona\/","https:\/\/www.youtube.com\/user\/laguiadepamplona"]},{"@type":"Person","@id":"https:\/\/www.laguiadepamplona.com\/actualidad\/#\/schema\/person\/efe887376f0213d4657c93adc50b1fdb","name":"La Gu\u00eda de Pamplona","image":{"@type":"ImageObject","inLanguage":"es","@id":"https:\/\/secure.gravatar.com\/avatar\/b6992f131dc8d30ab0dff15446e9d346d9dbd95992de0fef795073f5ea83a81c?s=96&d=mm&r=g","url":"https:\/\/secure.gravatar.com\/avatar\/b6992f131dc8d30ab0dff15446e9d346d9dbd95992de0fef795073f5ea83a81c?s=96&d=mm&r=g","contentUrl":"https:\/\/secure.gravatar.com\/avatar\/b6992f131dc8d30ab0dff15446e9d346d9dbd95992de0fef795073f5ea83a81c?s=96&d=mm&r=g","caption":"La Gu\u00eda de Pamplona"}}]}},"post_mailing_queue_ids":[],"_links":{"self":[{"href":"https:\/\/www.laguiadepamplona.com\/actualidad\/wp-json\/wp\/v2\/posts\/51309","targetHints":{"allow":["GET"]}}],"collection":[{"href":"https:\/\/www.laguiadepamplona.com\/actualidad\/wp-json\/wp\/v2\/posts"}],"about":[{"href":"https:\/\/www.laguiadepamplona.com\/actualidad\/wp-json\/wp\/v2\/types\/post"}],"author":[{"embeddable":true,"href":"https:\/\/www.laguiadepamplona.com\/actualidad\/wp-json\/wp\/v2\/users\/1"}],"replies":[{"embeddable":true,"href":"https:\/\/www.laguiadepamplona.com\/actualidad\/wp-json\/wp\/v2\/comments?post=51309"}],"version-history":[{"count":1,"href":"https:\/\/www.laguiadepamplona.com\/actualidad\/wp-json\/wp\/v2\/posts\/51309\/revisions"}],"predecessor-version":[{"id":51310,"href":"https:\/\/www.laguiadepamplona.com\/actualidad\/wp-json\/wp\/v2\/posts\/51309\/revisions\/51310"}],"wp:featuredmedia":[{"embeddable":true,"href":"https:\/\/www.laguiadepamplona.com\/actualidad\/wp-json\/wp\/v2\/media\/41391"}],"wp:attachment":[{"href":"https:\/\/www.laguiadepamplona.com\/actualidad\/wp-json\/wp\/v2\/media?parent=51309"}],"wp:term":[{"taxonomy":"category","embeddable":true,"href":"https:\/\/www.laguiadepamplona.com\/actualidad\/wp-json\/wp\/v2\/categories?post=51309"},{"taxonomy":"post_tag","embeddable":true,"href":"https:\/\/www.laguiadepamplona.com\/actualidad\/wp-json\/wp\/v2\/tags?post=51309"}],"curies":[{"name":"wp","href":"https:\/\/api.w.org\/{rel}","templated":true}]}}