{"id":51296,"date":"2024-11-13T17:24:52","date_gmt":"2024-11-13T15:24:52","guid":{"rendered":"https:\/\/www.laguiadepamplona.com\/actualidad\/?p=51296"},"modified":"2024-11-13T17:24:52","modified_gmt":"2024-11-13T15:24:52","slug":"la-casa-de-la-juventud-ofrecera-esta-navidad-un-curso-para-hacer-cortometrajes-trabajos-que-participaran-en-septiembre-de-2025-en-el-festival-de-cine-de-navarra","status":"publish","type":"post","link":"https:\/\/www.laguiadepamplona.com\/actualidad\/la-casa-de-la-juventud-ofrecera-esta-navidad-un-curso-para-hacer-cortometrajes-trabajos-que-participaran-en-septiembre-de-2025-en-el-festival-de-cine-de-navarra\/","title":{"rendered":"La Casa de la Juventud ofrecer\u00e1 esta Navidad un curso para hacer cortometrajes, trabajos que participar\u00e1n en septiembre de 2025 en el Festival de Cine de Navarra"},"content":{"rendered":"<h2>Este lunes 18 de noviembre se abre el plazo de inscripci\u00f3n al precio de 10 euros para un taller de 15 plazas<\/h2>\n<p><!--more--><\/p>\n<p>El Ayuntamiento de Pamplona propone para esta Navidad un taller para aprender a realizar cortometrajes para j\u00f3venes que se desarrollar\u00e1 en la Casa de la Juventud. La idea es que, en 12 horas de contenidos te\u00f3rico-pr\u00e1cticos, quienes participen sean capaces de dise\u00f1ar, planificar, producir y rodar una pieza audiovisual de 3 minutos de duraci\u00f3n. Los cortometrajes se podr\u00e1n realizar con todo tipo de equipos, tambi\u00e9n con m\u00f3vil. Los cortos elaborados concursar\u00e1n en el NIFF &#8211; Festival de Cine de Navarra, en una nueva secci\u00f3n del festival, el \u2018CortoJoven\u2019. Los tres ganadores -seleccionados por un jurado profesional- se llevar\u00e1n premios por valor de 300, 200 y 100 euros, para el primero, segundo y tercer clasificado respectivamente.<\/p>\n<p>Este lunes 18 se abre el plazo de inscripci\u00f3n para la actividad que tiene un precio de 10 euros por plaza para un m\u00e1ximo de 15 personas. La inscripci\u00f3n se realizar\u00e1 en la Casa de la Juventud de Pamplona. Las fechas de desarrollo ser\u00e1n 20, 21, 27 y 28 de diciembre. Los horarios ser\u00e1n de 17 a 20 horas el 20 y el 27, y de 11 a 14 horas el 21 y el 28 de diciembre. Los hitos del taller se desarrollar\u00e1n con el siguiente guion: El cine como mirada. El storytelling; Formatos cinematogr\u00e1ficos. El cortometraje; El lenguaje audiovisual; El guion y el plan de rodaje y La edici\u00f3n.<\/p>\n<p>El taller est\u00e1 dirigido a j\u00f3venes entre 14 y 30 a\u00f1os y forma parte del objetivo del Ayuntamiento de Pamplona de fomentar la creaci\u00f3n cultural entre las personas j\u00f3venes, una iniciativa que se recoge dentro del III Plan Pamplona Joven. La UNESCO se\u00f1ala que el 90% de la informaci\u00f3n que recibe la juventud es audiovisual y que este medio es esencial en la construcci\u00f3n de sus valores y de sus entornos de convivencia. El objetivo de esta actividad es proporcionar herramientas de expresi\u00f3n audiovisual a las personas participantes, a trav\u00e9s de una aproximaci\u00f3n al lenguaje del cine, mediante el conocimiento de las principales t\u00e9cnicas cinematogr\u00e1ficas. Adem\u00e1s, este contenido les dar\u00e1 acceso a referentes audiovisuales que seguramente ser\u00e1n desconocidos para muchos de ellas y ellos.<\/p>\n<p><strong>Profesorado: staff del Festival de Cine de Navarra<\/strong><\/p>\n<p>Quienes impartir\u00e1n el taller son Bel\u00e9n Galindo y Joaqu\u00edn Calder\u00f3n que comparten la direcci\u00f3n del Navarra Internacional Film Festival \u2013NIFF. Galindo es periodista, experta en comunicaci\u00f3n y a lo largo de su trayectoria profesional ha desarrollado labores de reportera, locutora radiof\u00f3nica, presentadora, organizadora de eventos, responsable de comunicaci\u00f3n corporativa y, de forma paralela, imparte talleres sobre habilidades de comunicaci\u00f3n y herramientas para mejorar la capacidad de hablar en p\u00fablico. Actualmente es responsable de Comunicaci\u00f3n del Grupo La Informaci\u00f3n, empresa editora de Diario de Navarra.<\/p>\n<p>Joaqu\u00edn Calder\u00f3n es miembro de la Academia de las Artes y las Ciencias Cinematogr\u00e1ficas de Espa\u00f1a, director y mentor en La Residencia Navarra \u2013 LRN -, gerente de Arquetipo Comunicaci\u00f3n S.L. y coordinador en Espa\u00f1a de la Red Iberoamericana de Festivales de Cine \u2013 RedIberoFest. Coproductor de \u201cAmanece la noche m\u00e1s larga\u201d, Calder\u00f3n obtuvo la nominaci\u00f3n a Mejor cortometraje de animaci\u00f3n en los Goya 2023, la Biznaga de plata en M\u00e1laga y m\u00e1s de 100 selecciones y otros galardones.<\/p>\n","protected":false},"excerpt":{"rendered":"<p>Este lunes 18 de noviembre se abre el plazo de inscripci\u00f3n al precio de 10 euros para un taller de 15 plazas<\/p>\n","protected":false},"author":1,"featured_media":51297,"comment_status":"open","ping_status":"closed","sticky":false,"template":"","format":"standard","meta":{"footnotes":""},"categories":[2],"tags":[],"class_list":["post-51296","post","type-post","status-publish","format-standard","has-post-thumbnail","hentry","category-ayuntamiento-pamplona"],"yoast_head":"<!-- This site is optimized with the Yoast SEO plugin v27.3 - https:\/\/yoast.com\/product\/yoast-seo-wordpress\/ -->\n<title>La Casa de la Juventud ofrecer\u00e1 esta Navidad un curso para hacer cortometrajes, trabajos que participar\u00e1n en septiembre de 2025 en el Festival de Cine de Navarra<\/title>\n<meta name=\"description\" content=\"Este lunes 18 de noviembre se abre el plazo de inscripci\u00f3n al precio de 10 euros para un taller de 15 plazas\" \/>\n<meta name=\"robots\" content=\"index, follow, max-snippet:-1, max-image-preview:large, max-video-preview:-1\" \/>\n<link rel=\"canonical\" href=\"https:\/\/www.laguiadepamplona.com\/actualidad\/la-casa-de-la-juventud-ofrecera-esta-navidad-un-curso-para-hacer-cortometrajes-trabajos-que-participaran-en-septiembre-de-2025-en-el-festival-de-cine-de-navarra\/\" \/>\n<meta property=\"og:locale\" content=\"es_ES\" \/>\n<meta property=\"og:type\" content=\"article\" \/>\n<meta property=\"og:title\" content=\"La Casa de la Juventud ofrecer\u00e1 esta Navidad un curso para hacer cortometrajes, trabajos que participar\u00e1n en septiembre de 2025 en el Festival de Cine de Navarra\" \/>\n<meta property=\"og:description\" content=\"Este lunes 18 de noviembre se abre el plazo de inscripci\u00f3n al precio de 10 euros para un taller de 15 plazas\" \/>\n<meta property=\"og:url\" content=\"https:\/\/www.laguiadepamplona.com\/actualidad\/la-casa-de-la-juventud-ofrecera-esta-navidad-un-curso-para-hacer-cortometrajes-trabajos-que-participaran-en-septiembre-de-2025-en-el-festival-de-cine-de-navarra\/\" \/>\n<meta property=\"og:site_name\" content=\"La Gu\u00eda de Pamplona\" \/>\n<meta property=\"article:publisher\" content=\"https:\/\/www.facebook.com\/laguiadepamplonacom-133175176762273\/?ref=hl\" \/>\n<meta property=\"article:published_time\" content=\"2024-11-13T15:24:52+00:00\" \/>\n<meta property=\"og:image\" content=\"https:\/\/www.laguiadepamplona.com\/actualidad\/wp-content\/uploads\/2024\/11\/taller-cine-casa-de-la-juventud_web.webp\" \/>\n\t<meta property=\"og:image:width\" content=\"1000\" \/>\n\t<meta property=\"og:image:height\" content=\"571\" \/>\n\t<meta property=\"og:image:type\" content=\"image\/webp\" \/>\n<meta name=\"author\" content=\"La Gu\u00eda de Pamplona\" \/>\n<meta name=\"twitter:card\" content=\"summary_large_image\" \/>\n<meta name=\"twitter:creator\" content=\"@LaGuiadPamplona\" \/>\n<meta name=\"twitter:site\" content=\"@LaGuiadPamplona\" \/>\n<meta name=\"twitter:label1\" content=\"Escrito por\" \/>\n\t<meta name=\"twitter:data1\" content=\"La Gu\u00eda de Pamplona\" \/>\n\t<meta name=\"twitter:label2\" content=\"Tiempo de lectura\" \/>\n\t<meta name=\"twitter:data2\" content=\"3 minutos\" \/>\n<script type=\"application\/ld+json\" class=\"yoast-schema-graph\">{\"@context\":\"https:\\\/\\\/schema.org\",\"@graph\":[{\"@type\":\"Article\",\"@id\":\"https:\\\/\\\/www.laguiadepamplona.com\\\/actualidad\\\/la-casa-de-la-juventud-ofrecera-esta-navidad-un-curso-para-hacer-cortometrajes-trabajos-que-participaran-en-septiembre-de-2025-en-el-festival-de-cine-de-navarra\\\/#article\",\"isPartOf\":{\"@id\":\"https:\\\/\\\/www.laguiadepamplona.com\\\/actualidad\\\/la-casa-de-la-juventud-ofrecera-esta-navidad-un-curso-para-hacer-cortometrajes-trabajos-que-participaran-en-septiembre-de-2025-en-el-festival-de-cine-de-navarra\\\/\"},\"author\":{\"name\":\"La Gu\u00eda de Pamplona\",\"@id\":\"https:\\\/\\\/www.laguiadepamplona.com\\\/actualidad\\\/#\\\/schema\\\/person\\\/efe887376f0213d4657c93adc50b1fdb\"},\"headline\":\"La Casa de la Juventud ofrecer\u00e1 esta Navidad un curso para hacer cortometrajes, trabajos que participar\u00e1n en septiembre de 2025 en el Festival de Cine de Navarra\",\"datePublished\":\"2024-11-13T15:24:52+00:00\",\"mainEntityOfPage\":{\"@id\":\"https:\\\/\\\/www.laguiadepamplona.com\\\/actualidad\\\/la-casa-de-la-juventud-ofrecera-esta-navidad-un-curso-para-hacer-cortometrajes-trabajos-que-participaran-en-septiembre-de-2025-en-el-festival-de-cine-de-navarra\\\/\"},\"wordCount\":598,\"commentCount\":0,\"publisher\":{\"@id\":\"https:\\\/\\\/www.laguiadepamplona.com\\\/actualidad\\\/#organization\"},\"image\":{\"@id\":\"https:\\\/\\\/www.laguiadepamplona.com\\\/actualidad\\\/la-casa-de-la-juventud-ofrecera-esta-navidad-un-curso-para-hacer-cortometrajes-trabajos-que-participaran-en-septiembre-de-2025-en-el-festival-de-cine-de-navarra\\\/#primaryimage\"},\"thumbnailUrl\":\"https:\\\/\\\/www.laguiadepamplona.com\\\/actualidad\\\/wp-content\\\/uploads\\\/2024\\\/11\\\/taller-cine-casa-de-la-juventud_web.webp\",\"articleSection\":[\"Ayto Pamplona\"],\"inLanguage\":\"es\",\"potentialAction\":[{\"@type\":\"CommentAction\",\"name\":\"Comment\",\"target\":[\"https:\\\/\\\/www.laguiadepamplona.com\\\/actualidad\\\/la-casa-de-la-juventud-ofrecera-esta-navidad-un-curso-para-hacer-cortometrajes-trabajos-que-participaran-en-septiembre-de-2025-en-el-festival-de-cine-de-navarra\\\/#respond\"]}]},{\"@type\":\"WebPage\",\"@id\":\"https:\\\/\\\/www.laguiadepamplona.com\\\/actualidad\\\/la-casa-de-la-juventud-ofrecera-esta-navidad-un-curso-para-hacer-cortometrajes-trabajos-que-participaran-en-septiembre-de-2025-en-el-festival-de-cine-de-navarra\\\/\",\"url\":\"https:\\\/\\\/www.laguiadepamplona.com\\\/actualidad\\\/la-casa-de-la-juventud-ofrecera-esta-navidad-un-curso-para-hacer-cortometrajes-trabajos-que-participaran-en-septiembre-de-2025-en-el-festival-de-cine-de-navarra\\\/\",\"name\":\"La Casa de la Juventud ofrecer\u00e1 esta Navidad un curso para hacer cortometrajes, trabajos que participar\u00e1n en septiembre de 2025 en el Festival de Cine de Navarra\",\"isPartOf\":{\"@id\":\"https:\\\/\\\/www.laguiadepamplona.com\\\/actualidad\\\/#website\"},\"primaryImageOfPage\":{\"@id\":\"https:\\\/\\\/www.laguiadepamplona.com\\\/actualidad\\\/la-casa-de-la-juventud-ofrecera-esta-navidad-un-curso-para-hacer-cortometrajes-trabajos-que-participaran-en-septiembre-de-2025-en-el-festival-de-cine-de-navarra\\\/#primaryimage\"},\"image\":{\"@id\":\"https:\\\/\\\/www.laguiadepamplona.com\\\/actualidad\\\/la-casa-de-la-juventud-ofrecera-esta-navidad-un-curso-para-hacer-cortometrajes-trabajos-que-participaran-en-septiembre-de-2025-en-el-festival-de-cine-de-navarra\\\/#primaryimage\"},\"thumbnailUrl\":\"https:\\\/\\\/www.laguiadepamplona.com\\\/actualidad\\\/wp-content\\\/uploads\\\/2024\\\/11\\\/taller-cine-casa-de-la-juventud_web.webp\",\"datePublished\":\"2024-11-13T15:24:52+00:00\",\"description\":\"Este lunes 18 de noviembre se abre el plazo de inscripci\u00f3n al precio de 10 euros para un taller de 15 plazas\",\"breadcrumb\":{\"@id\":\"https:\\\/\\\/www.laguiadepamplona.com\\\/actualidad\\\/la-casa-de-la-juventud-ofrecera-esta-navidad-un-curso-para-hacer-cortometrajes-trabajos-que-participaran-en-septiembre-de-2025-en-el-festival-de-cine-de-navarra\\\/#breadcrumb\"},\"inLanguage\":\"es\",\"potentialAction\":[{\"@type\":\"ReadAction\",\"target\":[\"https:\\\/\\\/www.laguiadepamplona.com\\\/actualidad\\\/la-casa-de-la-juventud-ofrecera-esta-navidad-un-curso-para-hacer-cortometrajes-trabajos-que-participaran-en-septiembre-de-2025-en-el-festival-de-cine-de-navarra\\\/\"]}]},{\"@type\":\"ImageObject\",\"inLanguage\":\"es\",\"@id\":\"https:\\\/\\\/www.laguiadepamplona.com\\\/actualidad\\\/la-casa-de-la-juventud-ofrecera-esta-navidad-un-curso-para-hacer-cortometrajes-trabajos-que-participaran-en-septiembre-de-2025-en-el-festival-de-cine-de-navarra\\\/#primaryimage\",\"url\":\"https:\\\/\\\/www.laguiadepamplona.com\\\/actualidad\\\/wp-content\\\/uploads\\\/2024\\\/11\\\/taller-cine-casa-de-la-juventud_web.webp\",\"contentUrl\":\"https:\\\/\\\/www.laguiadepamplona.com\\\/actualidad\\\/wp-content\\\/uploads\\\/2024\\\/11\\\/taller-cine-casa-de-la-juventud_web.webp\",\"width\":1000,\"height\":571,\"caption\":\"taller cine casa de la juventud\"},{\"@type\":\"BreadcrumbList\",\"@id\":\"https:\\\/\\\/www.laguiadepamplona.com\\\/actualidad\\\/la-casa-de-la-juventud-ofrecera-esta-navidad-un-curso-para-hacer-cortometrajes-trabajos-que-participaran-en-septiembre-de-2025-en-el-festival-de-cine-de-navarra\\\/#breadcrumb\",\"itemListElement\":[{\"@type\":\"ListItem\",\"position\":1,\"name\":\"Portada\",\"item\":\"https:\\\/\\\/www.laguiadepamplona.com\\\/actualidad\\\/\"},{\"@type\":\"ListItem\",\"position\":2,\"name\":\"La Casa de la Juventud ofrecer\u00e1 esta Navidad un curso para hacer cortometrajes, trabajos que participar\u00e1n en septiembre de 2025 en el Festival de Cine de Navarra\"}]},{\"@type\":\"WebSite\",\"@id\":\"https:\\\/\\\/www.laguiadepamplona.com\\\/actualidad\\\/#website\",\"url\":\"https:\\\/\\\/www.laguiadepamplona.com\\\/actualidad\\\/\",\"name\":\"La gu\u00eda de Pamplona\",\"description\":\"Noticias de Pamplona\",\"publisher\":{\"@id\":\"https:\\\/\\\/www.laguiadepamplona.com\\\/actualidad\\\/#organization\"},\"potentialAction\":[{\"@type\":\"SearchAction\",\"target\":{\"@type\":\"EntryPoint\",\"urlTemplate\":\"https:\\\/\\\/www.laguiadepamplona.com\\\/actualidad\\\/?s={search_term_string}\"},\"query-input\":{\"@type\":\"PropertyValueSpecification\",\"valueRequired\":true,\"valueName\":\"search_term_string\"}}],\"inLanguage\":\"es\"},{\"@type\":\"Organization\",\"@id\":\"https:\\\/\\\/www.laguiadepamplona.com\\\/actualidad\\\/#organization\",\"name\":\"La Gu\u00eda de Pamplona \\\/ Noticias\",\"url\":\"https:\\\/\\\/www.laguiadepamplona.com\\\/actualidad\\\/\",\"logo\":{\"@type\":\"ImageObject\",\"inLanguage\":\"es\",\"@id\":\"https:\\\/\\\/www.laguiadepamplona.com\\\/actualidad\\\/#\\\/schema\\\/logo\\\/image\\\/\",\"url\":\"https:\\\/\\\/www.laguiadepamplona.com\\\/actualidad\\\/wp-content\\\/uploads\\\/2018\\\/11\\\/logo-laguiadepamplona18-web1.png\",\"contentUrl\":\"https:\\\/\\\/www.laguiadepamplona.com\\\/actualidad\\\/wp-content\\\/uploads\\\/2018\\\/11\\\/logo-laguiadepamplona18-web1.png\",\"width\":600,\"height\":196,\"caption\":\"La Gu\u00eda de Pamplona \\\/ Noticias\"},\"image\":{\"@id\":\"https:\\\/\\\/www.laguiadepamplona.com\\\/actualidad\\\/#\\\/schema\\\/logo\\\/image\\\/\"},\"sameAs\":[\"https:\\\/\\\/www.facebook.com\\\/laguiadepamplonacom-133175176762273\\\/?ref=hl\",\"https:\\\/\\\/x.com\\\/LaGuiadPamplona\",\"https:\\\/\\\/www.instagram.com\\\/la_guia_de_pamplona\\\/\",\"https:\\\/\\\/www.youtube.com\\\/user\\\/laguiadepamplona\"]},{\"@type\":\"Person\",\"@id\":\"https:\\\/\\\/www.laguiadepamplona.com\\\/actualidad\\\/#\\\/schema\\\/person\\\/efe887376f0213d4657c93adc50b1fdb\",\"name\":\"La Gu\u00eda de Pamplona\",\"image\":{\"@type\":\"ImageObject\",\"inLanguage\":\"es\",\"@id\":\"https:\\\/\\\/secure.gravatar.com\\\/avatar\\\/b6992f131dc8d30ab0dff15446e9d346d9dbd95992de0fef795073f5ea83a81c?s=96&d=mm&r=g\",\"url\":\"https:\\\/\\\/secure.gravatar.com\\\/avatar\\\/b6992f131dc8d30ab0dff15446e9d346d9dbd95992de0fef795073f5ea83a81c?s=96&d=mm&r=g\",\"contentUrl\":\"https:\\\/\\\/secure.gravatar.com\\\/avatar\\\/b6992f131dc8d30ab0dff15446e9d346d9dbd95992de0fef795073f5ea83a81c?s=96&d=mm&r=g\",\"caption\":\"La Gu\u00eda de Pamplona\"}}]}<\/script>\n<!-- \/ Yoast SEO plugin. -->","yoast_head_json":{"title":"La Casa de la Juventud ofrecer\u00e1 esta Navidad un curso para hacer cortometrajes, trabajos que participar\u00e1n en septiembre de 2025 en el Festival de Cine de Navarra","description":"Este lunes 18 de noviembre se abre el plazo de inscripci\u00f3n al precio de 10 euros para un taller de 15 plazas","robots":{"index":"index","follow":"follow","max-snippet":"max-snippet:-1","max-image-preview":"max-image-preview:large","max-video-preview":"max-video-preview:-1"},"canonical":"https:\/\/www.laguiadepamplona.com\/actualidad\/la-casa-de-la-juventud-ofrecera-esta-navidad-un-curso-para-hacer-cortometrajes-trabajos-que-participaran-en-septiembre-de-2025-en-el-festival-de-cine-de-navarra\/","og_locale":"es_ES","og_type":"article","og_title":"La Casa de la Juventud ofrecer\u00e1 esta Navidad un curso para hacer cortometrajes, trabajos que participar\u00e1n en septiembre de 2025 en el Festival de Cine de Navarra","og_description":"Este lunes 18 de noviembre se abre el plazo de inscripci\u00f3n al precio de 10 euros para un taller de 15 plazas","og_url":"https:\/\/www.laguiadepamplona.com\/actualidad\/la-casa-de-la-juventud-ofrecera-esta-navidad-un-curso-para-hacer-cortometrajes-trabajos-que-participaran-en-septiembre-de-2025-en-el-festival-de-cine-de-navarra\/","og_site_name":"La Gu\u00eda de Pamplona","article_publisher":"https:\/\/www.facebook.com\/laguiadepamplonacom-133175176762273\/?ref=hl","article_published_time":"2024-11-13T15:24:52+00:00","og_image":[{"width":1000,"height":571,"url":"https:\/\/www.laguiadepamplona.com\/actualidad\/wp-content\/uploads\/2024\/11\/taller-cine-casa-de-la-juventud_web.webp","type":"image\/webp"}],"author":"La Gu\u00eda de Pamplona","twitter_card":"summary_large_image","twitter_creator":"@LaGuiadPamplona","twitter_site":"@LaGuiadPamplona","twitter_misc":{"Escrito por":"La Gu\u00eda de Pamplona","Tiempo de lectura":"3 minutos"},"schema":{"@context":"https:\/\/schema.org","@graph":[{"@type":"Article","@id":"https:\/\/www.laguiadepamplona.com\/actualidad\/la-casa-de-la-juventud-ofrecera-esta-navidad-un-curso-para-hacer-cortometrajes-trabajos-que-participaran-en-septiembre-de-2025-en-el-festival-de-cine-de-navarra\/#article","isPartOf":{"@id":"https:\/\/www.laguiadepamplona.com\/actualidad\/la-casa-de-la-juventud-ofrecera-esta-navidad-un-curso-para-hacer-cortometrajes-trabajos-que-participaran-en-septiembre-de-2025-en-el-festival-de-cine-de-navarra\/"},"author":{"name":"La Gu\u00eda de Pamplona","@id":"https:\/\/www.laguiadepamplona.com\/actualidad\/#\/schema\/person\/efe887376f0213d4657c93adc50b1fdb"},"headline":"La Casa de la Juventud ofrecer\u00e1 esta Navidad un curso para hacer cortometrajes, trabajos que participar\u00e1n en septiembre de 2025 en el Festival de Cine de Navarra","datePublished":"2024-11-13T15:24:52+00:00","mainEntityOfPage":{"@id":"https:\/\/www.laguiadepamplona.com\/actualidad\/la-casa-de-la-juventud-ofrecera-esta-navidad-un-curso-para-hacer-cortometrajes-trabajos-que-participaran-en-septiembre-de-2025-en-el-festival-de-cine-de-navarra\/"},"wordCount":598,"commentCount":0,"publisher":{"@id":"https:\/\/www.laguiadepamplona.com\/actualidad\/#organization"},"image":{"@id":"https:\/\/www.laguiadepamplona.com\/actualidad\/la-casa-de-la-juventud-ofrecera-esta-navidad-un-curso-para-hacer-cortometrajes-trabajos-que-participaran-en-septiembre-de-2025-en-el-festival-de-cine-de-navarra\/#primaryimage"},"thumbnailUrl":"https:\/\/www.laguiadepamplona.com\/actualidad\/wp-content\/uploads\/2024\/11\/taller-cine-casa-de-la-juventud_web.webp","articleSection":["Ayto Pamplona"],"inLanguage":"es","potentialAction":[{"@type":"CommentAction","name":"Comment","target":["https:\/\/www.laguiadepamplona.com\/actualidad\/la-casa-de-la-juventud-ofrecera-esta-navidad-un-curso-para-hacer-cortometrajes-trabajos-que-participaran-en-septiembre-de-2025-en-el-festival-de-cine-de-navarra\/#respond"]}]},{"@type":"WebPage","@id":"https:\/\/www.laguiadepamplona.com\/actualidad\/la-casa-de-la-juventud-ofrecera-esta-navidad-un-curso-para-hacer-cortometrajes-trabajos-que-participaran-en-septiembre-de-2025-en-el-festival-de-cine-de-navarra\/","url":"https:\/\/www.laguiadepamplona.com\/actualidad\/la-casa-de-la-juventud-ofrecera-esta-navidad-un-curso-para-hacer-cortometrajes-trabajos-que-participaran-en-septiembre-de-2025-en-el-festival-de-cine-de-navarra\/","name":"La Casa de la Juventud ofrecer\u00e1 esta Navidad un curso para hacer cortometrajes, trabajos que participar\u00e1n en septiembre de 2025 en el Festival de Cine de Navarra","isPartOf":{"@id":"https:\/\/www.laguiadepamplona.com\/actualidad\/#website"},"primaryImageOfPage":{"@id":"https:\/\/www.laguiadepamplona.com\/actualidad\/la-casa-de-la-juventud-ofrecera-esta-navidad-un-curso-para-hacer-cortometrajes-trabajos-que-participaran-en-septiembre-de-2025-en-el-festival-de-cine-de-navarra\/#primaryimage"},"image":{"@id":"https:\/\/www.laguiadepamplona.com\/actualidad\/la-casa-de-la-juventud-ofrecera-esta-navidad-un-curso-para-hacer-cortometrajes-trabajos-que-participaran-en-septiembre-de-2025-en-el-festival-de-cine-de-navarra\/#primaryimage"},"thumbnailUrl":"https:\/\/www.laguiadepamplona.com\/actualidad\/wp-content\/uploads\/2024\/11\/taller-cine-casa-de-la-juventud_web.webp","datePublished":"2024-11-13T15:24:52+00:00","description":"Este lunes 18 de noviembre se abre el plazo de inscripci\u00f3n al precio de 10 euros para un taller de 15 plazas","breadcrumb":{"@id":"https:\/\/www.laguiadepamplona.com\/actualidad\/la-casa-de-la-juventud-ofrecera-esta-navidad-un-curso-para-hacer-cortometrajes-trabajos-que-participaran-en-septiembre-de-2025-en-el-festival-de-cine-de-navarra\/#breadcrumb"},"inLanguage":"es","potentialAction":[{"@type":"ReadAction","target":["https:\/\/www.laguiadepamplona.com\/actualidad\/la-casa-de-la-juventud-ofrecera-esta-navidad-un-curso-para-hacer-cortometrajes-trabajos-que-participaran-en-septiembre-de-2025-en-el-festival-de-cine-de-navarra\/"]}]},{"@type":"ImageObject","inLanguage":"es","@id":"https:\/\/www.laguiadepamplona.com\/actualidad\/la-casa-de-la-juventud-ofrecera-esta-navidad-un-curso-para-hacer-cortometrajes-trabajos-que-participaran-en-septiembre-de-2025-en-el-festival-de-cine-de-navarra\/#primaryimage","url":"https:\/\/www.laguiadepamplona.com\/actualidad\/wp-content\/uploads\/2024\/11\/taller-cine-casa-de-la-juventud_web.webp","contentUrl":"https:\/\/www.laguiadepamplona.com\/actualidad\/wp-content\/uploads\/2024\/11\/taller-cine-casa-de-la-juventud_web.webp","width":1000,"height":571,"caption":"taller cine casa de la juventud"},{"@type":"BreadcrumbList","@id":"https:\/\/www.laguiadepamplona.com\/actualidad\/la-casa-de-la-juventud-ofrecera-esta-navidad-un-curso-para-hacer-cortometrajes-trabajos-que-participaran-en-septiembre-de-2025-en-el-festival-de-cine-de-navarra\/#breadcrumb","itemListElement":[{"@type":"ListItem","position":1,"name":"Portada","item":"https:\/\/www.laguiadepamplona.com\/actualidad\/"},{"@type":"ListItem","position":2,"name":"La Casa de la Juventud ofrecer\u00e1 esta Navidad un curso para hacer cortometrajes, trabajos que participar\u00e1n en septiembre de 2025 en el Festival de Cine de Navarra"}]},{"@type":"WebSite","@id":"https:\/\/www.laguiadepamplona.com\/actualidad\/#website","url":"https:\/\/www.laguiadepamplona.com\/actualidad\/","name":"La gu\u00eda de Pamplona","description":"Noticias de Pamplona","publisher":{"@id":"https:\/\/www.laguiadepamplona.com\/actualidad\/#organization"},"potentialAction":[{"@type":"SearchAction","target":{"@type":"EntryPoint","urlTemplate":"https:\/\/www.laguiadepamplona.com\/actualidad\/?s={search_term_string}"},"query-input":{"@type":"PropertyValueSpecification","valueRequired":true,"valueName":"search_term_string"}}],"inLanguage":"es"},{"@type":"Organization","@id":"https:\/\/www.laguiadepamplona.com\/actualidad\/#organization","name":"La Gu\u00eda de Pamplona \/ Noticias","url":"https:\/\/www.laguiadepamplona.com\/actualidad\/","logo":{"@type":"ImageObject","inLanguage":"es","@id":"https:\/\/www.laguiadepamplona.com\/actualidad\/#\/schema\/logo\/image\/","url":"https:\/\/www.laguiadepamplona.com\/actualidad\/wp-content\/uploads\/2018\/11\/logo-laguiadepamplona18-web1.png","contentUrl":"https:\/\/www.laguiadepamplona.com\/actualidad\/wp-content\/uploads\/2018\/11\/logo-laguiadepamplona18-web1.png","width":600,"height":196,"caption":"La Gu\u00eda de Pamplona \/ Noticias"},"image":{"@id":"https:\/\/www.laguiadepamplona.com\/actualidad\/#\/schema\/logo\/image\/"},"sameAs":["https:\/\/www.facebook.com\/laguiadepamplonacom-133175176762273\/?ref=hl","https:\/\/x.com\/LaGuiadPamplona","https:\/\/www.instagram.com\/la_guia_de_pamplona\/","https:\/\/www.youtube.com\/user\/laguiadepamplona"]},{"@type":"Person","@id":"https:\/\/www.laguiadepamplona.com\/actualidad\/#\/schema\/person\/efe887376f0213d4657c93adc50b1fdb","name":"La Gu\u00eda de Pamplona","image":{"@type":"ImageObject","inLanguage":"es","@id":"https:\/\/secure.gravatar.com\/avatar\/b6992f131dc8d30ab0dff15446e9d346d9dbd95992de0fef795073f5ea83a81c?s=96&d=mm&r=g","url":"https:\/\/secure.gravatar.com\/avatar\/b6992f131dc8d30ab0dff15446e9d346d9dbd95992de0fef795073f5ea83a81c?s=96&d=mm&r=g","contentUrl":"https:\/\/secure.gravatar.com\/avatar\/b6992f131dc8d30ab0dff15446e9d346d9dbd95992de0fef795073f5ea83a81c?s=96&d=mm&r=g","caption":"La Gu\u00eda de Pamplona"}}]}},"post_mailing_queue_ids":[],"_links":{"self":[{"href":"https:\/\/www.laguiadepamplona.com\/actualidad\/wp-json\/wp\/v2\/posts\/51296","targetHints":{"allow":["GET"]}}],"collection":[{"href":"https:\/\/www.laguiadepamplona.com\/actualidad\/wp-json\/wp\/v2\/posts"}],"about":[{"href":"https:\/\/www.laguiadepamplona.com\/actualidad\/wp-json\/wp\/v2\/types\/post"}],"author":[{"embeddable":true,"href":"https:\/\/www.laguiadepamplona.com\/actualidad\/wp-json\/wp\/v2\/users\/1"}],"replies":[{"embeddable":true,"href":"https:\/\/www.laguiadepamplona.com\/actualidad\/wp-json\/wp\/v2\/comments?post=51296"}],"version-history":[{"count":1,"href":"https:\/\/www.laguiadepamplona.com\/actualidad\/wp-json\/wp\/v2\/posts\/51296\/revisions"}],"predecessor-version":[{"id":51298,"href":"https:\/\/www.laguiadepamplona.com\/actualidad\/wp-json\/wp\/v2\/posts\/51296\/revisions\/51298"}],"wp:featuredmedia":[{"embeddable":true,"href":"https:\/\/www.laguiadepamplona.com\/actualidad\/wp-json\/wp\/v2\/media\/51297"}],"wp:attachment":[{"href":"https:\/\/www.laguiadepamplona.com\/actualidad\/wp-json\/wp\/v2\/media?parent=51296"}],"wp:term":[{"taxonomy":"category","embeddable":true,"href":"https:\/\/www.laguiadepamplona.com\/actualidad\/wp-json\/wp\/v2\/categories?post=51296"},{"taxonomy":"post_tag","embeddable":true,"href":"https:\/\/www.laguiadepamplona.com\/actualidad\/wp-json\/wp\/v2\/tags?post=51296"}],"curies":[{"name":"wp","href":"https:\/\/api.w.org\/{rel}","templated":true}]}}