{"id":51293,"date":"2024-11-13T17:23:13","date_gmt":"2024-11-13T15:23:13","guid":{"rendered":"https:\/\/www.laguiadepamplona.com\/actualidad\/?p=51293"},"modified":"2024-11-13T17:23:13","modified_gmt":"2024-11-13T15:23:13","slug":"el-ayuntamiento-realiza-esta-semana-y-la-que-viene-una-encuesta-de-calidad-de-vida-para-comparar-pamplona-con-otras-ciudades-europeas","status":"publish","type":"post","link":"https:\/\/www.laguiadepamplona.com\/actualidad\/el-ayuntamiento-realiza-esta-semana-y-la-que-viene-una-encuesta-de-calidad-de-vida-para-comparar-pamplona-con-otras-ciudades-europeas\/","title":{"rendered":"El Ayuntamiento realiza esta semana y la que viene una encuesta de calidad de vida para comparar Pamplona con otras ciudades europeas"},"content":{"rendered":"<h2>Las 850 entrevistas telef\u00f3nicas previstas buscan valorar aspectos relacionados con el empleo, la vivienda, el medio ambiente o la seguridad<\/h2>\n<p><!--more--><\/p>\n<p>El Ayuntamiento realizar\u00e1 por tercera vez una encuesta de calidad de vida para poder comparar Pamplona con m\u00e1s de 80 ciudades europeas. Esa encuesta se centra en aspectos como el empleo, el medio ambiente, la vivienda, la seguridad, los servicios urbanos o la inmigraci\u00f3n, haciendo el seguimiento del diagn\u00f3stico de la Agencia Urbana Pamplona 2030, analizando tendencias y mostrando la realidad social de una ciudad como Pamplona. Esos datos se cotejar\u00e1n con los recogidos en el informe de calidad de vida encargado por la Comisi\u00f3n Europea en 2023.<\/p>\n<p>A lo largo de esta semana y de la que viene, se llevar\u00e1n a cabo 850 entrevistas telef\u00f3nicas a la ciudadan\u00eda, a trav\u00e9s de un muestreo por cuotas de sexo, edad y barrio. Las entrevistas las realizar\u00e1 la empresa CIES, adjudicataria del contrato para esta encuesta, por un presupuesto de 16.698 euros. Este trabajo se enmarca en el proyecto Urban Audit, impulsado por la Comisi\u00f3n Europea,<\/p>\n<p>Desde 2007, la Comisi\u00f3n Europea realiza una serie de encuestas para medir las percepciones locales sobre la calidad de vida en diversas ciudades del \u00e1mbito europeo. Estas encuestas abordan cuestiones similares a las que tambi\u00e9n Pamplona plantea en las entrevistas, como la satisfacci\u00f3n general con aspectos como el empleo, la sostenibilidad, la convivencia, movilidad, equipamiento\u2026 Los resultados de esas encuestas europeas se presentan en perspectiva comparada entre las diferentes ciudades seleccionadas, que suelen ser grandes urbes o de ciudades de tama\u00f1o medio.<\/p>\n<p><strong>Encuestas en los a\u00f1os 2018 y 2022<\/strong><\/p>\n<p>El Ayuntamiento de Pamplona, en los a\u00f1os 2018 y 2022, llev\u00f3 a cabo sendas encuestas replicando la metodolog\u00eda empleada por la Comisi\u00f3n Europea. De esta forma, se permite colocar a Pamplona en dicha comparativa y coger as\u00ed un enfoque m\u00e1s global sobre su situaci\u00f3n en relaci\u00f3n a diferentes indicadores relacionados con la calidad de vida de las ciudades.<\/p>\n<p>La explotaci\u00f3n de los datos de la encuesta realizada estos d\u00edas, su an\u00e1lisis, la elaboraci\u00f3n de indicadores, la comparativa y la redacci\u00f3n del informe final de resultados y conclusiones correr\u00e1 a cargo de la Oficina Estrat\u00e9gica del Ayuntamiento de Pamplona. Los resultados de las encuestas realizadas por el Ayuntamiento de Pamplona se pueden consultar en la web municipal, en el apartado de \u2018Observatorio Urbano\u2019, en el enlace <a href=\"https:\/\/www.pamplona.es\/la-ciudad\/observatorio-urbano\/sistemas-de-indicadores\/indicadores-urbanos-europeos\" target=\"_blank\" rel=\"noopener\">https:\/\/www.pamplona.es\/la-ciudad\/observatorio-urbano\/sistemas-de-indicadores\/indicadores-urbanos-europeos<\/a>.<\/p>\n<p>Urban Audit es un proyecto europeo cuyo fin es recopilar informaci\u00f3n estad\u00edstica de contenido socioecon\u00f3mico que permita comparar la calidad de vida (bienestar social) de las principales ciudades europeas. Desde hace casi 20 a\u00f1os, Urban Audit se ha venido desarrollando en diversas fases o ciclos de recogida de datos de aproximadamente tres a\u00f1os cada uno. El proyecto est\u00e1 auspiciado por la Direcci\u00f3n General de Pol\u00edtica Regional Urbana de la Comisi\u00f3n Europea (DG Regio), en colaboraci\u00f3n con Eurostat.<\/p>\n","protected":false},"excerpt":{"rendered":"<p>Las 850 entrevistas telef\u00f3nicas previstas buscan valorar aspectos relacionados con el empleo, la vivienda, el medio ambiente o la seguridad<\/p>\n","protected":false},"author":1,"featured_media":51294,"comment_status":"open","ping_status":"closed","sticky":false,"template":"","format":"standard","meta":{"footnotes":""},"categories":[2],"tags":[],"class_list":["post-51293","post","type-post","status-publish","format-standard","has-post-thumbnail","hentry","category-ayuntamiento-pamplona"],"yoast_head":"<!-- This site is optimized with the Yoast SEO plugin v27.3 - https:\/\/yoast.com\/product\/yoast-seo-wordpress\/ -->\n<title>El Ayuntamiento realiza esta semana y la que viene una encuesta de calidad de vida para comparar Pamplona con otras ciudades europeas<\/title>\n<meta name=\"description\" content=\"Las 850 entrevistas telef\u00f3nicas previstas buscan valorar aspectos relacionados con el empleo, la vivienda, el medio ambiente o la seguridad\" \/>\n<meta name=\"robots\" content=\"index, follow, max-snippet:-1, max-image-preview:large, max-video-preview:-1\" \/>\n<link rel=\"canonical\" href=\"https:\/\/www.laguiadepamplona.com\/actualidad\/el-ayuntamiento-realiza-esta-semana-y-la-que-viene-una-encuesta-de-calidad-de-vida-para-comparar-pamplona-con-otras-ciudades-europeas\/\" \/>\n<meta property=\"og:locale\" content=\"es_ES\" \/>\n<meta property=\"og:type\" content=\"article\" \/>\n<meta property=\"og:title\" content=\"El Ayuntamiento realiza esta semana y la que viene una encuesta de calidad de vida para comparar Pamplona con otras ciudades europeas\" \/>\n<meta property=\"og:description\" content=\"Las 850 entrevistas telef\u00f3nicas previstas buscan valorar aspectos relacionados con el empleo, la vivienda, el medio ambiente o la seguridad\" \/>\n<meta property=\"og:url\" content=\"https:\/\/www.laguiadepamplona.com\/actualidad\/el-ayuntamiento-realiza-esta-semana-y-la-que-viene-una-encuesta-de-calidad-de-vida-para-comparar-pamplona-con-otras-ciudades-europeas\/\" \/>\n<meta property=\"og:site_name\" content=\"La Gu\u00eda de Pamplona\" \/>\n<meta property=\"article:publisher\" content=\"https:\/\/www.facebook.com\/laguiadepamplonacom-133175176762273\/?ref=hl\" \/>\n<meta property=\"article:published_time\" content=\"2024-11-13T15:23:13+00:00\" \/>\n<meta property=\"og:image\" content=\"https:\/\/www.laguiadepamplona.com\/actualidad\/wp-content\/uploads\/2024\/11\/encuesta-calidad-de-vida_web.webp\" \/>\n\t<meta property=\"og:image:width\" content=\"1000\" \/>\n\t<meta property=\"og:image:height\" content=\"667\" \/>\n\t<meta property=\"og:image:type\" content=\"image\/webp\" \/>\n<meta name=\"author\" content=\"La Gu\u00eda de Pamplona\" \/>\n<meta name=\"twitter:card\" content=\"summary_large_image\" \/>\n<meta name=\"twitter:creator\" content=\"@LaGuiadPamplona\" \/>\n<meta name=\"twitter:site\" content=\"@LaGuiadPamplona\" \/>\n<meta name=\"twitter:label1\" content=\"Escrito por\" \/>\n\t<meta name=\"twitter:data1\" content=\"La Gu\u00eda de Pamplona\" \/>\n\t<meta name=\"twitter:label2\" content=\"Tiempo de lectura\" \/>\n\t<meta name=\"twitter:data2\" content=\"3 minutos\" \/>\n<script type=\"application\/ld+json\" class=\"yoast-schema-graph\">{\"@context\":\"https:\\\/\\\/schema.org\",\"@graph\":[{\"@type\":\"Article\",\"@id\":\"https:\\\/\\\/www.laguiadepamplona.com\\\/actualidad\\\/el-ayuntamiento-realiza-esta-semana-y-la-que-viene-una-encuesta-de-calidad-de-vida-para-comparar-pamplona-con-otras-ciudades-europeas\\\/#article\",\"isPartOf\":{\"@id\":\"https:\\\/\\\/www.laguiadepamplona.com\\\/actualidad\\\/el-ayuntamiento-realiza-esta-semana-y-la-que-viene-una-encuesta-de-calidad-de-vida-para-comparar-pamplona-con-otras-ciudades-europeas\\\/\"},\"author\":{\"name\":\"La Gu\u00eda de Pamplona\",\"@id\":\"https:\\\/\\\/www.laguiadepamplona.com\\\/actualidad\\\/#\\\/schema\\\/person\\\/efe887376f0213d4657c93adc50b1fdb\"},\"headline\":\"El Ayuntamiento realiza esta semana y la que viene una encuesta de calidad de vida para comparar Pamplona con otras ciudades europeas\",\"datePublished\":\"2024-11-13T15:23:13+00:00\",\"mainEntityOfPage\":{\"@id\":\"https:\\\/\\\/www.laguiadepamplona.com\\\/actualidad\\\/el-ayuntamiento-realiza-esta-semana-y-la-que-viene-una-encuesta-de-calidad-de-vida-para-comparar-pamplona-con-otras-ciudades-europeas\\\/\"},\"wordCount\":520,\"commentCount\":0,\"publisher\":{\"@id\":\"https:\\\/\\\/www.laguiadepamplona.com\\\/actualidad\\\/#organization\"},\"image\":{\"@id\":\"https:\\\/\\\/www.laguiadepamplona.com\\\/actualidad\\\/el-ayuntamiento-realiza-esta-semana-y-la-que-viene-una-encuesta-de-calidad-de-vida-para-comparar-pamplona-con-otras-ciudades-europeas\\\/#primaryimage\"},\"thumbnailUrl\":\"https:\\\/\\\/www.laguiadepamplona.com\\\/actualidad\\\/wp-content\\\/uploads\\\/2024\\\/11\\\/encuesta-calidad-de-vida_web.webp\",\"articleSection\":[\"Ayto Pamplona\"],\"inLanguage\":\"es\",\"potentialAction\":[{\"@type\":\"CommentAction\",\"name\":\"Comment\",\"target\":[\"https:\\\/\\\/www.laguiadepamplona.com\\\/actualidad\\\/el-ayuntamiento-realiza-esta-semana-y-la-que-viene-una-encuesta-de-calidad-de-vida-para-comparar-pamplona-con-otras-ciudades-europeas\\\/#respond\"]}]},{\"@type\":\"WebPage\",\"@id\":\"https:\\\/\\\/www.laguiadepamplona.com\\\/actualidad\\\/el-ayuntamiento-realiza-esta-semana-y-la-que-viene-una-encuesta-de-calidad-de-vida-para-comparar-pamplona-con-otras-ciudades-europeas\\\/\",\"url\":\"https:\\\/\\\/www.laguiadepamplona.com\\\/actualidad\\\/el-ayuntamiento-realiza-esta-semana-y-la-que-viene-una-encuesta-de-calidad-de-vida-para-comparar-pamplona-con-otras-ciudades-europeas\\\/\",\"name\":\"El Ayuntamiento realiza esta semana y la que viene una encuesta de calidad de vida para comparar Pamplona con otras ciudades europeas\",\"isPartOf\":{\"@id\":\"https:\\\/\\\/www.laguiadepamplona.com\\\/actualidad\\\/#website\"},\"primaryImageOfPage\":{\"@id\":\"https:\\\/\\\/www.laguiadepamplona.com\\\/actualidad\\\/el-ayuntamiento-realiza-esta-semana-y-la-que-viene-una-encuesta-de-calidad-de-vida-para-comparar-pamplona-con-otras-ciudades-europeas\\\/#primaryimage\"},\"image\":{\"@id\":\"https:\\\/\\\/www.laguiadepamplona.com\\\/actualidad\\\/el-ayuntamiento-realiza-esta-semana-y-la-que-viene-una-encuesta-de-calidad-de-vida-para-comparar-pamplona-con-otras-ciudades-europeas\\\/#primaryimage\"},\"thumbnailUrl\":\"https:\\\/\\\/www.laguiadepamplona.com\\\/actualidad\\\/wp-content\\\/uploads\\\/2024\\\/11\\\/encuesta-calidad-de-vida_web.webp\",\"datePublished\":\"2024-11-13T15:23:13+00:00\",\"description\":\"Las 850 entrevistas telef\u00f3nicas previstas buscan valorar aspectos relacionados con el empleo, la vivienda, el medio ambiente o la seguridad\",\"breadcrumb\":{\"@id\":\"https:\\\/\\\/www.laguiadepamplona.com\\\/actualidad\\\/el-ayuntamiento-realiza-esta-semana-y-la-que-viene-una-encuesta-de-calidad-de-vida-para-comparar-pamplona-con-otras-ciudades-europeas\\\/#breadcrumb\"},\"inLanguage\":\"es\",\"potentialAction\":[{\"@type\":\"ReadAction\",\"target\":[\"https:\\\/\\\/www.laguiadepamplona.com\\\/actualidad\\\/el-ayuntamiento-realiza-esta-semana-y-la-que-viene-una-encuesta-de-calidad-de-vida-para-comparar-pamplona-con-otras-ciudades-europeas\\\/\"]}]},{\"@type\":\"ImageObject\",\"inLanguage\":\"es\",\"@id\":\"https:\\\/\\\/www.laguiadepamplona.com\\\/actualidad\\\/el-ayuntamiento-realiza-esta-semana-y-la-que-viene-una-encuesta-de-calidad-de-vida-para-comparar-pamplona-con-otras-ciudades-europeas\\\/#primaryimage\",\"url\":\"https:\\\/\\\/www.laguiadepamplona.com\\\/actualidad\\\/wp-content\\\/uploads\\\/2024\\\/11\\\/encuesta-calidad-de-vida_web.webp\",\"contentUrl\":\"https:\\\/\\\/www.laguiadepamplona.com\\\/actualidad\\\/wp-content\\\/uploads\\\/2024\\\/11\\\/encuesta-calidad-de-vida_web.webp\",\"width\":1000,\"height\":667,\"caption\":\"encuesta calidad de vida\"},{\"@type\":\"BreadcrumbList\",\"@id\":\"https:\\\/\\\/www.laguiadepamplona.com\\\/actualidad\\\/el-ayuntamiento-realiza-esta-semana-y-la-que-viene-una-encuesta-de-calidad-de-vida-para-comparar-pamplona-con-otras-ciudades-europeas\\\/#breadcrumb\",\"itemListElement\":[{\"@type\":\"ListItem\",\"position\":1,\"name\":\"Portada\",\"item\":\"https:\\\/\\\/www.laguiadepamplona.com\\\/actualidad\\\/\"},{\"@type\":\"ListItem\",\"position\":2,\"name\":\"El Ayuntamiento realiza esta semana y la que viene una encuesta de calidad de vida para comparar Pamplona con otras ciudades europeas\"}]},{\"@type\":\"WebSite\",\"@id\":\"https:\\\/\\\/www.laguiadepamplona.com\\\/actualidad\\\/#website\",\"url\":\"https:\\\/\\\/www.laguiadepamplona.com\\\/actualidad\\\/\",\"name\":\"La gu\u00eda de Pamplona\",\"description\":\"Noticias de Pamplona\",\"publisher\":{\"@id\":\"https:\\\/\\\/www.laguiadepamplona.com\\\/actualidad\\\/#organization\"},\"potentialAction\":[{\"@type\":\"SearchAction\",\"target\":{\"@type\":\"EntryPoint\",\"urlTemplate\":\"https:\\\/\\\/www.laguiadepamplona.com\\\/actualidad\\\/?s={search_term_string}\"},\"query-input\":{\"@type\":\"PropertyValueSpecification\",\"valueRequired\":true,\"valueName\":\"search_term_string\"}}],\"inLanguage\":\"es\"},{\"@type\":\"Organization\",\"@id\":\"https:\\\/\\\/www.laguiadepamplona.com\\\/actualidad\\\/#organization\",\"name\":\"La Gu\u00eda de Pamplona \\\/ Noticias\",\"url\":\"https:\\\/\\\/www.laguiadepamplona.com\\\/actualidad\\\/\",\"logo\":{\"@type\":\"ImageObject\",\"inLanguage\":\"es\",\"@id\":\"https:\\\/\\\/www.laguiadepamplona.com\\\/actualidad\\\/#\\\/schema\\\/logo\\\/image\\\/\",\"url\":\"https:\\\/\\\/www.laguiadepamplona.com\\\/actualidad\\\/wp-content\\\/uploads\\\/2018\\\/11\\\/logo-laguiadepamplona18-web1.png\",\"contentUrl\":\"https:\\\/\\\/www.laguiadepamplona.com\\\/actualidad\\\/wp-content\\\/uploads\\\/2018\\\/11\\\/logo-laguiadepamplona18-web1.png\",\"width\":600,\"height\":196,\"caption\":\"La Gu\u00eda de Pamplona \\\/ Noticias\"},\"image\":{\"@id\":\"https:\\\/\\\/www.laguiadepamplona.com\\\/actualidad\\\/#\\\/schema\\\/logo\\\/image\\\/\"},\"sameAs\":[\"https:\\\/\\\/www.facebook.com\\\/laguiadepamplonacom-133175176762273\\\/?ref=hl\",\"https:\\\/\\\/x.com\\\/LaGuiadPamplona\",\"https:\\\/\\\/www.instagram.com\\\/la_guia_de_pamplona\\\/\",\"https:\\\/\\\/www.youtube.com\\\/user\\\/laguiadepamplona\"]},{\"@type\":\"Person\",\"@id\":\"https:\\\/\\\/www.laguiadepamplona.com\\\/actualidad\\\/#\\\/schema\\\/person\\\/efe887376f0213d4657c93adc50b1fdb\",\"name\":\"La Gu\u00eda de Pamplona\",\"image\":{\"@type\":\"ImageObject\",\"inLanguage\":\"es\",\"@id\":\"https:\\\/\\\/secure.gravatar.com\\\/avatar\\\/b6992f131dc8d30ab0dff15446e9d346d9dbd95992de0fef795073f5ea83a81c?s=96&d=mm&r=g\",\"url\":\"https:\\\/\\\/secure.gravatar.com\\\/avatar\\\/b6992f131dc8d30ab0dff15446e9d346d9dbd95992de0fef795073f5ea83a81c?s=96&d=mm&r=g\",\"contentUrl\":\"https:\\\/\\\/secure.gravatar.com\\\/avatar\\\/b6992f131dc8d30ab0dff15446e9d346d9dbd95992de0fef795073f5ea83a81c?s=96&d=mm&r=g\",\"caption\":\"La Gu\u00eda de Pamplona\"}}]}<\/script>\n<!-- \/ Yoast SEO plugin. -->","yoast_head_json":{"title":"El Ayuntamiento realiza esta semana y la que viene una encuesta de calidad de vida para comparar Pamplona con otras ciudades europeas","description":"Las 850 entrevistas telef\u00f3nicas previstas buscan valorar aspectos relacionados con el empleo, la vivienda, el medio ambiente o la seguridad","robots":{"index":"index","follow":"follow","max-snippet":"max-snippet:-1","max-image-preview":"max-image-preview:large","max-video-preview":"max-video-preview:-1"},"canonical":"https:\/\/www.laguiadepamplona.com\/actualidad\/el-ayuntamiento-realiza-esta-semana-y-la-que-viene-una-encuesta-de-calidad-de-vida-para-comparar-pamplona-con-otras-ciudades-europeas\/","og_locale":"es_ES","og_type":"article","og_title":"El Ayuntamiento realiza esta semana y la que viene una encuesta de calidad de vida para comparar Pamplona con otras ciudades europeas","og_description":"Las 850 entrevistas telef\u00f3nicas previstas buscan valorar aspectos relacionados con el empleo, la vivienda, el medio ambiente o la seguridad","og_url":"https:\/\/www.laguiadepamplona.com\/actualidad\/el-ayuntamiento-realiza-esta-semana-y-la-que-viene-una-encuesta-de-calidad-de-vida-para-comparar-pamplona-con-otras-ciudades-europeas\/","og_site_name":"La Gu\u00eda de Pamplona","article_publisher":"https:\/\/www.facebook.com\/laguiadepamplonacom-133175176762273\/?ref=hl","article_published_time":"2024-11-13T15:23:13+00:00","og_image":[{"width":1000,"height":667,"url":"https:\/\/www.laguiadepamplona.com\/actualidad\/wp-content\/uploads\/2024\/11\/encuesta-calidad-de-vida_web.webp","type":"image\/webp"}],"author":"La Gu\u00eda de Pamplona","twitter_card":"summary_large_image","twitter_creator":"@LaGuiadPamplona","twitter_site":"@LaGuiadPamplona","twitter_misc":{"Escrito por":"La Gu\u00eda de Pamplona","Tiempo de lectura":"3 minutos"},"schema":{"@context":"https:\/\/schema.org","@graph":[{"@type":"Article","@id":"https:\/\/www.laguiadepamplona.com\/actualidad\/el-ayuntamiento-realiza-esta-semana-y-la-que-viene-una-encuesta-de-calidad-de-vida-para-comparar-pamplona-con-otras-ciudades-europeas\/#article","isPartOf":{"@id":"https:\/\/www.laguiadepamplona.com\/actualidad\/el-ayuntamiento-realiza-esta-semana-y-la-que-viene-una-encuesta-de-calidad-de-vida-para-comparar-pamplona-con-otras-ciudades-europeas\/"},"author":{"name":"La Gu\u00eda de Pamplona","@id":"https:\/\/www.laguiadepamplona.com\/actualidad\/#\/schema\/person\/efe887376f0213d4657c93adc50b1fdb"},"headline":"El Ayuntamiento realiza esta semana y la que viene una encuesta de calidad de vida para comparar Pamplona con otras ciudades europeas","datePublished":"2024-11-13T15:23:13+00:00","mainEntityOfPage":{"@id":"https:\/\/www.laguiadepamplona.com\/actualidad\/el-ayuntamiento-realiza-esta-semana-y-la-que-viene-una-encuesta-de-calidad-de-vida-para-comparar-pamplona-con-otras-ciudades-europeas\/"},"wordCount":520,"commentCount":0,"publisher":{"@id":"https:\/\/www.laguiadepamplona.com\/actualidad\/#organization"},"image":{"@id":"https:\/\/www.laguiadepamplona.com\/actualidad\/el-ayuntamiento-realiza-esta-semana-y-la-que-viene-una-encuesta-de-calidad-de-vida-para-comparar-pamplona-con-otras-ciudades-europeas\/#primaryimage"},"thumbnailUrl":"https:\/\/www.laguiadepamplona.com\/actualidad\/wp-content\/uploads\/2024\/11\/encuesta-calidad-de-vida_web.webp","articleSection":["Ayto Pamplona"],"inLanguage":"es","potentialAction":[{"@type":"CommentAction","name":"Comment","target":["https:\/\/www.laguiadepamplona.com\/actualidad\/el-ayuntamiento-realiza-esta-semana-y-la-que-viene-una-encuesta-de-calidad-de-vida-para-comparar-pamplona-con-otras-ciudades-europeas\/#respond"]}]},{"@type":"WebPage","@id":"https:\/\/www.laguiadepamplona.com\/actualidad\/el-ayuntamiento-realiza-esta-semana-y-la-que-viene-una-encuesta-de-calidad-de-vida-para-comparar-pamplona-con-otras-ciudades-europeas\/","url":"https:\/\/www.laguiadepamplona.com\/actualidad\/el-ayuntamiento-realiza-esta-semana-y-la-que-viene-una-encuesta-de-calidad-de-vida-para-comparar-pamplona-con-otras-ciudades-europeas\/","name":"El Ayuntamiento realiza esta semana y la que viene una encuesta de calidad de vida para comparar Pamplona con otras ciudades europeas","isPartOf":{"@id":"https:\/\/www.laguiadepamplona.com\/actualidad\/#website"},"primaryImageOfPage":{"@id":"https:\/\/www.laguiadepamplona.com\/actualidad\/el-ayuntamiento-realiza-esta-semana-y-la-que-viene-una-encuesta-de-calidad-de-vida-para-comparar-pamplona-con-otras-ciudades-europeas\/#primaryimage"},"image":{"@id":"https:\/\/www.laguiadepamplona.com\/actualidad\/el-ayuntamiento-realiza-esta-semana-y-la-que-viene-una-encuesta-de-calidad-de-vida-para-comparar-pamplona-con-otras-ciudades-europeas\/#primaryimage"},"thumbnailUrl":"https:\/\/www.laguiadepamplona.com\/actualidad\/wp-content\/uploads\/2024\/11\/encuesta-calidad-de-vida_web.webp","datePublished":"2024-11-13T15:23:13+00:00","description":"Las 850 entrevistas telef\u00f3nicas previstas buscan valorar aspectos relacionados con el empleo, la vivienda, el medio ambiente o la seguridad","breadcrumb":{"@id":"https:\/\/www.laguiadepamplona.com\/actualidad\/el-ayuntamiento-realiza-esta-semana-y-la-que-viene-una-encuesta-de-calidad-de-vida-para-comparar-pamplona-con-otras-ciudades-europeas\/#breadcrumb"},"inLanguage":"es","potentialAction":[{"@type":"ReadAction","target":["https:\/\/www.laguiadepamplona.com\/actualidad\/el-ayuntamiento-realiza-esta-semana-y-la-que-viene-una-encuesta-de-calidad-de-vida-para-comparar-pamplona-con-otras-ciudades-europeas\/"]}]},{"@type":"ImageObject","inLanguage":"es","@id":"https:\/\/www.laguiadepamplona.com\/actualidad\/el-ayuntamiento-realiza-esta-semana-y-la-que-viene-una-encuesta-de-calidad-de-vida-para-comparar-pamplona-con-otras-ciudades-europeas\/#primaryimage","url":"https:\/\/www.laguiadepamplona.com\/actualidad\/wp-content\/uploads\/2024\/11\/encuesta-calidad-de-vida_web.webp","contentUrl":"https:\/\/www.laguiadepamplona.com\/actualidad\/wp-content\/uploads\/2024\/11\/encuesta-calidad-de-vida_web.webp","width":1000,"height":667,"caption":"encuesta calidad de vida"},{"@type":"BreadcrumbList","@id":"https:\/\/www.laguiadepamplona.com\/actualidad\/el-ayuntamiento-realiza-esta-semana-y-la-que-viene-una-encuesta-de-calidad-de-vida-para-comparar-pamplona-con-otras-ciudades-europeas\/#breadcrumb","itemListElement":[{"@type":"ListItem","position":1,"name":"Portada","item":"https:\/\/www.laguiadepamplona.com\/actualidad\/"},{"@type":"ListItem","position":2,"name":"El Ayuntamiento realiza esta semana y la que viene una encuesta de calidad de vida para comparar Pamplona con otras ciudades europeas"}]},{"@type":"WebSite","@id":"https:\/\/www.laguiadepamplona.com\/actualidad\/#website","url":"https:\/\/www.laguiadepamplona.com\/actualidad\/","name":"La gu\u00eda de Pamplona","description":"Noticias de Pamplona","publisher":{"@id":"https:\/\/www.laguiadepamplona.com\/actualidad\/#organization"},"potentialAction":[{"@type":"SearchAction","target":{"@type":"EntryPoint","urlTemplate":"https:\/\/www.laguiadepamplona.com\/actualidad\/?s={search_term_string}"},"query-input":{"@type":"PropertyValueSpecification","valueRequired":true,"valueName":"search_term_string"}}],"inLanguage":"es"},{"@type":"Organization","@id":"https:\/\/www.laguiadepamplona.com\/actualidad\/#organization","name":"La Gu\u00eda de Pamplona \/ Noticias","url":"https:\/\/www.laguiadepamplona.com\/actualidad\/","logo":{"@type":"ImageObject","inLanguage":"es","@id":"https:\/\/www.laguiadepamplona.com\/actualidad\/#\/schema\/logo\/image\/","url":"https:\/\/www.laguiadepamplona.com\/actualidad\/wp-content\/uploads\/2018\/11\/logo-laguiadepamplona18-web1.png","contentUrl":"https:\/\/www.laguiadepamplona.com\/actualidad\/wp-content\/uploads\/2018\/11\/logo-laguiadepamplona18-web1.png","width":600,"height":196,"caption":"La Gu\u00eda de Pamplona \/ Noticias"},"image":{"@id":"https:\/\/www.laguiadepamplona.com\/actualidad\/#\/schema\/logo\/image\/"},"sameAs":["https:\/\/www.facebook.com\/laguiadepamplonacom-133175176762273\/?ref=hl","https:\/\/x.com\/LaGuiadPamplona","https:\/\/www.instagram.com\/la_guia_de_pamplona\/","https:\/\/www.youtube.com\/user\/laguiadepamplona"]},{"@type":"Person","@id":"https:\/\/www.laguiadepamplona.com\/actualidad\/#\/schema\/person\/efe887376f0213d4657c93adc50b1fdb","name":"La Gu\u00eda de Pamplona","image":{"@type":"ImageObject","inLanguage":"es","@id":"https:\/\/secure.gravatar.com\/avatar\/b6992f131dc8d30ab0dff15446e9d346d9dbd95992de0fef795073f5ea83a81c?s=96&d=mm&r=g","url":"https:\/\/secure.gravatar.com\/avatar\/b6992f131dc8d30ab0dff15446e9d346d9dbd95992de0fef795073f5ea83a81c?s=96&d=mm&r=g","contentUrl":"https:\/\/secure.gravatar.com\/avatar\/b6992f131dc8d30ab0dff15446e9d346d9dbd95992de0fef795073f5ea83a81c?s=96&d=mm&r=g","caption":"La Gu\u00eda de Pamplona"}}]}},"post_mailing_queue_ids":[],"_links":{"self":[{"href":"https:\/\/www.laguiadepamplona.com\/actualidad\/wp-json\/wp\/v2\/posts\/51293","targetHints":{"allow":["GET"]}}],"collection":[{"href":"https:\/\/www.laguiadepamplona.com\/actualidad\/wp-json\/wp\/v2\/posts"}],"about":[{"href":"https:\/\/www.laguiadepamplona.com\/actualidad\/wp-json\/wp\/v2\/types\/post"}],"author":[{"embeddable":true,"href":"https:\/\/www.laguiadepamplona.com\/actualidad\/wp-json\/wp\/v2\/users\/1"}],"replies":[{"embeddable":true,"href":"https:\/\/www.laguiadepamplona.com\/actualidad\/wp-json\/wp\/v2\/comments?post=51293"}],"version-history":[{"count":1,"href":"https:\/\/www.laguiadepamplona.com\/actualidad\/wp-json\/wp\/v2\/posts\/51293\/revisions"}],"predecessor-version":[{"id":51295,"href":"https:\/\/www.laguiadepamplona.com\/actualidad\/wp-json\/wp\/v2\/posts\/51293\/revisions\/51295"}],"wp:featuredmedia":[{"embeddable":true,"href":"https:\/\/www.laguiadepamplona.com\/actualidad\/wp-json\/wp\/v2\/media\/51294"}],"wp:attachment":[{"href":"https:\/\/www.laguiadepamplona.com\/actualidad\/wp-json\/wp\/v2\/media?parent=51293"}],"wp:term":[{"taxonomy":"category","embeddable":true,"href":"https:\/\/www.laguiadepamplona.com\/actualidad\/wp-json\/wp\/v2\/categories?post=51293"},{"taxonomy":"post_tag","embeddable":true,"href":"https:\/\/www.laguiadepamplona.com\/actualidad\/wp-json\/wp\/v2\/tags?post=51293"}],"curies":[{"name":"wp","href":"https:\/\/api.w.org\/{rel}","templated":true}]}}