{"id":51288,"date":"2024-11-13T17:12:30","date_gmt":"2024-11-13T15:12:30","guid":{"rendered":"https:\/\/www.laguiadepamplona.com\/actualidad\/?p=51288"},"modified":"2024-11-13T17:12:30","modified_gmt":"2024-11-13T15:12:30","slug":"seis-nuevos-parterres-creados-en-las-zonas-verdes-de-carlos-iii-y-avenida-de-roncesvalles-anadiran-mas-de-200-metros-cuadrados-de-plantas-con-flor","status":"publish","type":"post","link":"https:\/\/www.laguiadepamplona.com\/actualidad\/seis-nuevos-parterres-creados-en-las-zonas-verdes-de-carlos-iii-y-avenida-de-roncesvalles-anadiran-mas-de-200-metros-cuadrados-de-plantas-con-flor\/","title":{"rendered":"Seis nuevos parterres creados en las zonas verdes de Carlos III y Avenida de Roncesvalles a\u00f1adir\u00e1n m\u00e1s de 200 metros cuadrados de plantas con flor"},"content":{"rendered":"<h2>La iniciativa tiene como fin crear espacios de estancia amables, fomentar el comercio, incrementar la biodiversidad y luchar contra el cambio clim\u00e1tico<\/h2>\n<p><!--more--><\/p>\n<p>El Ayuntamiento de Pamplona va a mejorar las zonas verdes de la avenida Carlos III y Avenida Roncesvalles. La idea es trasformar los espacios centrales de ese eje peatonal, que tienen una importante atractividad comercial, para conseguir que ese trazado sea zona de estancia, no solo de paso, favoreci\u00e9ndose as\u00ed, la visibilidad de los comercios ubicados en estos puntos.<\/p>\n<p>Pero, adem\u00e1s, esta intervenci\u00f3n en la que se plantar\u00e1n arbustos, vivaces, flor de temporada y bulbos hasta crear \u201cbulevares floridos\u201d; adem\u00e1s, tambi\u00e9n aumentar\u00e1 los \u00edndices de biodiversidad de la zona, favoreciendo la mitigaci\u00f3n del efecto de isla de calor en \u00e9pocas estivales, en la l\u00ednea del futuro Plan municipal de Infraestructuras Verdes y Azules.<\/p>\n<p>Este proyecto, que lleva de forma coordinada el \u00c1rea de Comercio y el Servicio de Zonas Verdes del Consistorio, ha obtenido financiaci\u00f3n del Plan de recuperaci\u00f3n, Trasformaci\u00f3n y Resiliencia con fondos Next Generation EU. Eulen medioambiente, la empresa adjudicataria de las obras, en principio iniciar\u00e1 las obras a principios del mes que vienen y lo previsto es que esta intervenci\u00f3n suponga un coste de 48.274, del que un 66% ser\u00e1 asumido por fondos europeos.<\/p>\n<p>El <strong>tama\u00f1o y la ubicaci\u00f3n de los parterres <\/strong>de Pamplona se revisan peri\u00f3dicamente para contribuir a la mejora del espacio urbano ya que son unos elementos ornamentales del espacio p\u00fablico que inciden en la calidad de vida de la ciudad. M\u00e1s all\u00e1 de esta funci\u00f3n gen\u00e9rica, su ordenaci\u00f3n contribuye a regular el tr\u00e1nsito peatonal, creando y orientando los recorridos de paso para los viandantes, e incluso para incidir sobre el tr\u00e1fico, ya que tienen efectos en la visibilidad de rotondas y otros puntos de la red vial. Actualmente la ciudad cuenta con 2.500 m<sup>2<\/sup> de parterres, a los que antes de fin de a\u00f1o se sumar\u00e1n los que se planten en la Taconera a la altura de Portal Nuevo y los que hoy ha aprobado la Junta de Gobierno Local para Carlos III, una de las principales arterias peatonales de la ciudad, que une el Casco Viejo con los Ensanches.<\/p>\n<p><strong>Espacios amables y sostenibles<\/strong><\/p>\n<p>Desde el punto de vista de la dinamizaci\u00f3n del sector comercial de la ciudad, los objetivos planteados con esta remodelaci\u00f3n son asegurar una adecuada accesibilidad, movilidad y est\u00e9tica en los principales ejes comerciales urbanos ofreciendo espacios amables y atractivos para las personas compradoras e incentivar entre la poblaci\u00f3n el consumo en comercios locales, manteniendo la cifra de negocios activos, protegiendo empleo y en especial empleo femenino.<\/p>\n<p>En lo relativo al Servicio de Zonas verdes del Consistorio, la idea es crear un bulevar florido longitudinal, eliminando una parte de la superficie ocupada actualmente por c\u00e9sped, para crear espacios de plantaci\u00f3n. Cada \u201ccarril de flores, que podr\u00edan alcanzar los 15 m de largo por 1,5 m de ancho, estar\u00eda circundado por borduras anti vand\u00e1licas de acero corten para asegurar la indemnidad de los nuevos espacios. El aspecto final ser\u00eda similar al largo parterre que se encuentra ante la fachada del Teatro Gayarre.<\/p>\n<p>La idea es hacer en esos espacios acotados una plantaci\u00f3n de especies arbustivas, de flor de temporada o vivaces, persiguiendo floraciones continuas y complementarias a lo largo de todo el a\u00f1o y ya dentro del sistema habitual de dise\u00f1o y renovaci\u00f3n de planta de temporada en la ciudad. Por su dise\u00f1o, estos parterres avanzar\u00e1n hacia la naturalizaci\u00f3n de las zonas verdes, ya que se tendr\u00e1n en cuenta que las necesidades de aporte h\u00eddrico y cuidados sean menores a las que presenta el c\u00e9sped.<\/p>\n","protected":false},"excerpt":{"rendered":"<p>La iniciativa tiene como fin crear espacios de estancia amables, fomentar el comercio, incrementar la biodiversidad y luchar contra el cambio clim\u00e1tico<\/p>\n","protected":false},"author":1,"featured_media":39843,"comment_status":"open","ping_status":"closed","sticky":false,"template":"","format":"standard","meta":{"footnotes":""},"categories":[2],"tags":[],"class_list":["post-51288","post","type-post","status-publish","format-standard","has-post-thumbnail","hentry","category-ayuntamiento-pamplona"],"yoast_head":"<!-- This site is optimized with the Yoast SEO plugin v27.3 - https:\/\/yoast.com\/product\/yoast-seo-wordpress\/ -->\n<title>Seis nuevos parterres creados en las zonas verdes de Carlos III y Avenida de Roncesvalles a\u00f1adir\u00e1n m\u00e1s de 200 metros cuadrados de plantas con flor<\/title>\n<meta name=\"description\" content=\"La iniciativa tiene como fin crear espacios de estancia amables, fomentar el comercio, incrementar la biodiversidad y luchar contra el cambio clim\u00e1tico\" \/>\n<meta name=\"robots\" content=\"index, follow, max-snippet:-1, max-image-preview:large, max-video-preview:-1\" \/>\n<link rel=\"canonical\" href=\"https:\/\/www.laguiadepamplona.com\/actualidad\/seis-nuevos-parterres-creados-en-las-zonas-verdes-de-carlos-iii-y-avenida-de-roncesvalles-anadiran-mas-de-200-metros-cuadrados-de-plantas-con-flor\/\" \/>\n<meta property=\"og:locale\" content=\"es_ES\" \/>\n<meta property=\"og:type\" content=\"article\" \/>\n<meta property=\"og:title\" content=\"Seis nuevos parterres creados en las zonas verdes de Carlos III y Avenida de Roncesvalles a\u00f1adir\u00e1n m\u00e1s de 200 metros cuadrados de plantas con flor\" \/>\n<meta property=\"og:description\" content=\"La iniciativa tiene como fin crear espacios de estancia amables, fomentar el comercio, incrementar la biodiversidad y luchar contra el cambio clim\u00e1tico\" \/>\n<meta property=\"og:url\" content=\"https:\/\/www.laguiadepamplona.com\/actualidad\/seis-nuevos-parterres-creados-en-las-zonas-verdes-de-carlos-iii-y-avenida-de-roncesvalles-anadiran-mas-de-200-metros-cuadrados-de-plantas-con-flor\/\" \/>\n<meta property=\"og:site_name\" content=\"La Gu\u00eda de Pamplona\" \/>\n<meta property=\"article:publisher\" content=\"https:\/\/www.facebook.com\/laguiadepamplonacom-133175176762273\/?ref=hl\" \/>\n<meta property=\"article:published_time\" content=\"2024-11-13T15:12:30+00:00\" \/>\n<meta property=\"og:image\" content=\"https:\/\/www.laguiadepamplona.com\/actualidad\/wp-content\/uploads\/2022\/04\/parterres_flores_blanca_nav.jpg\" \/>\n\t<meta property=\"og:image:width\" content=\"1417\" \/>\n\t<meta property=\"og:image:height\" content=\"1063\" \/>\n\t<meta property=\"og:image:type\" content=\"image\/jpeg\" \/>\n<meta name=\"author\" content=\"La Gu\u00eda de Pamplona\" \/>\n<meta name=\"twitter:card\" content=\"summary_large_image\" \/>\n<meta name=\"twitter:creator\" content=\"@LaGuiadPamplona\" \/>\n<meta name=\"twitter:site\" content=\"@LaGuiadPamplona\" \/>\n<meta name=\"twitter:label1\" content=\"Escrito por\" \/>\n\t<meta name=\"twitter:data1\" content=\"La Gu\u00eda de Pamplona\" \/>\n\t<meta name=\"twitter:label2\" content=\"Tiempo de lectura\" \/>\n\t<meta name=\"twitter:data2\" content=\"3 minutos\" \/>\n<script type=\"application\/ld+json\" class=\"yoast-schema-graph\">{\"@context\":\"https:\\\/\\\/schema.org\",\"@graph\":[{\"@type\":\"Article\",\"@id\":\"https:\\\/\\\/www.laguiadepamplona.com\\\/actualidad\\\/seis-nuevos-parterres-creados-en-las-zonas-verdes-de-carlos-iii-y-avenida-de-roncesvalles-anadiran-mas-de-200-metros-cuadrados-de-plantas-con-flor\\\/#article\",\"isPartOf\":{\"@id\":\"https:\\\/\\\/www.laguiadepamplona.com\\\/actualidad\\\/seis-nuevos-parterres-creados-en-las-zonas-verdes-de-carlos-iii-y-avenida-de-roncesvalles-anadiran-mas-de-200-metros-cuadrados-de-plantas-con-flor\\\/\"},\"author\":{\"name\":\"La Gu\u00eda de Pamplona\",\"@id\":\"https:\\\/\\\/www.laguiadepamplona.com\\\/actualidad\\\/#\\\/schema\\\/person\\\/efe887376f0213d4657c93adc50b1fdb\"},\"headline\":\"Seis nuevos parterres creados en las zonas verdes de Carlos III y Avenida de Roncesvalles a\u00f1adir\u00e1n m\u00e1s de 200 metros cuadrados de plantas con flor\",\"datePublished\":\"2024-11-13T15:12:30+00:00\",\"mainEntityOfPage\":{\"@id\":\"https:\\\/\\\/www.laguiadepamplona.com\\\/actualidad\\\/seis-nuevos-parterres-creados-en-las-zonas-verdes-de-carlos-iii-y-avenida-de-roncesvalles-anadiran-mas-de-200-metros-cuadrados-de-plantas-con-flor\\\/\"},\"wordCount\":663,\"commentCount\":0,\"publisher\":{\"@id\":\"https:\\\/\\\/www.laguiadepamplona.com\\\/actualidad\\\/#organization\"},\"image\":{\"@id\":\"https:\\\/\\\/www.laguiadepamplona.com\\\/actualidad\\\/seis-nuevos-parterres-creados-en-las-zonas-verdes-de-carlos-iii-y-avenida-de-roncesvalles-anadiran-mas-de-200-metros-cuadrados-de-plantas-con-flor\\\/#primaryimage\"},\"thumbnailUrl\":\"https:\\\/\\\/www.laguiadepamplona.com\\\/actualidad\\\/wp-content\\\/uploads\\\/2022\\\/04\\\/parterres_flores_blanca_nav.jpg\",\"articleSection\":[\"Ayto Pamplona\"],\"inLanguage\":\"es\",\"potentialAction\":[{\"@type\":\"CommentAction\",\"name\":\"Comment\",\"target\":[\"https:\\\/\\\/www.laguiadepamplona.com\\\/actualidad\\\/seis-nuevos-parterres-creados-en-las-zonas-verdes-de-carlos-iii-y-avenida-de-roncesvalles-anadiran-mas-de-200-metros-cuadrados-de-plantas-con-flor\\\/#respond\"]}]},{\"@type\":\"WebPage\",\"@id\":\"https:\\\/\\\/www.laguiadepamplona.com\\\/actualidad\\\/seis-nuevos-parterres-creados-en-las-zonas-verdes-de-carlos-iii-y-avenida-de-roncesvalles-anadiran-mas-de-200-metros-cuadrados-de-plantas-con-flor\\\/\",\"url\":\"https:\\\/\\\/www.laguiadepamplona.com\\\/actualidad\\\/seis-nuevos-parterres-creados-en-las-zonas-verdes-de-carlos-iii-y-avenida-de-roncesvalles-anadiran-mas-de-200-metros-cuadrados-de-plantas-con-flor\\\/\",\"name\":\"Seis nuevos parterres creados en las zonas verdes de Carlos III y Avenida de Roncesvalles a\u00f1adir\u00e1n m\u00e1s de 200 metros cuadrados de plantas con flor\",\"isPartOf\":{\"@id\":\"https:\\\/\\\/www.laguiadepamplona.com\\\/actualidad\\\/#website\"},\"primaryImageOfPage\":{\"@id\":\"https:\\\/\\\/www.laguiadepamplona.com\\\/actualidad\\\/seis-nuevos-parterres-creados-en-las-zonas-verdes-de-carlos-iii-y-avenida-de-roncesvalles-anadiran-mas-de-200-metros-cuadrados-de-plantas-con-flor\\\/#primaryimage\"},\"image\":{\"@id\":\"https:\\\/\\\/www.laguiadepamplona.com\\\/actualidad\\\/seis-nuevos-parterres-creados-en-las-zonas-verdes-de-carlos-iii-y-avenida-de-roncesvalles-anadiran-mas-de-200-metros-cuadrados-de-plantas-con-flor\\\/#primaryimage\"},\"thumbnailUrl\":\"https:\\\/\\\/www.laguiadepamplona.com\\\/actualidad\\\/wp-content\\\/uploads\\\/2022\\\/04\\\/parterres_flores_blanca_nav.jpg\",\"datePublished\":\"2024-11-13T15:12:30+00:00\",\"description\":\"La iniciativa tiene como fin crear espacios de estancia amables, fomentar el comercio, incrementar la biodiversidad y luchar contra el cambio clim\u00e1tico\",\"breadcrumb\":{\"@id\":\"https:\\\/\\\/www.laguiadepamplona.com\\\/actualidad\\\/seis-nuevos-parterres-creados-en-las-zonas-verdes-de-carlos-iii-y-avenida-de-roncesvalles-anadiran-mas-de-200-metros-cuadrados-de-plantas-con-flor\\\/#breadcrumb\"},\"inLanguage\":\"es\",\"potentialAction\":[{\"@type\":\"ReadAction\",\"target\":[\"https:\\\/\\\/www.laguiadepamplona.com\\\/actualidad\\\/seis-nuevos-parterres-creados-en-las-zonas-verdes-de-carlos-iii-y-avenida-de-roncesvalles-anadiran-mas-de-200-metros-cuadrados-de-plantas-con-flor\\\/\"]}]},{\"@type\":\"ImageObject\",\"inLanguage\":\"es\",\"@id\":\"https:\\\/\\\/www.laguiadepamplona.com\\\/actualidad\\\/seis-nuevos-parterres-creados-en-las-zonas-verdes-de-carlos-iii-y-avenida-de-roncesvalles-anadiran-mas-de-200-metros-cuadrados-de-plantas-con-flor\\\/#primaryimage\",\"url\":\"https:\\\/\\\/www.laguiadepamplona.com\\\/actualidad\\\/wp-content\\\/uploads\\\/2022\\\/04\\\/parterres_flores_blanca_nav.jpg\",\"contentUrl\":\"https:\\\/\\\/www.laguiadepamplona.com\\\/actualidad\\\/wp-content\\\/uploads\\\/2022\\\/04\\\/parterres_flores_blanca_nav.jpg\",\"width\":1417,\"height\":1063,\"caption\":\"parterres flores\"},{\"@type\":\"BreadcrumbList\",\"@id\":\"https:\\\/\\\/www.laguiadepamplona.com\\\/actualidad\\\/seis-nuevos-parterres-creados-en-las-zonas-verdes-de-carlos-iii-y-avenida-de-roncesvalles-anadiran-mas-de-200-metros-cuadrados-de-plantas-con-flor\\\/#breadcrumb\",\"itemListElement\":[{\"@type\":\"ListItem\",\"position\":1,\"name\":\"Portada\",\"item\":\"https:\\\/\\\/www.laguiadepamplona.com\\\/actualidad\\\/\"},{\"@type\":\"ListItem\",\"position\":2,\"name\":\"Seis nuevos parterres creados en las zonas verdes de Carlos III y Avenida de Roncesvalles a\u00f1adir\u00e1n m\u00e1s de 200 metros cuadrados de plantas con flor\"}]},{\"@type\":\"WebSite\",\"@id\":\"https:\\\/\\\/www.laguiadepamplona.com\\\/actualidad\\\/#website\",\"url\":\"https:\\\/\\\/www.laguiadepamplona.com\\\/actualidad\\\/\",\"name\":\"La gu\u00eda de Pamplona\",\"description\":\"Noticias de Pamplona\",\"publisher\":{\"@id\":\"https:\\\/\\\/www.laguiadepamplona.com\\\/actualidad\\\/#organization\"},\"potentialAction\":[{\"@type\":\"SearchAction\",\"target\":{\"@type\":\"EntryPoint\",\"urlTemplate\":\"https:\\\/\\\/www.laguiadepamplona.com\\\/actualidad\\\/?s={search_term_string}\"},\"query-input\":{\"@type\":\"PropertyValueSpecification\",\"valueRequired\":true,\"valueName\":\"search_term_string\"}}],\"inLanguage\":\"es\"},{\"@type\":\"Organization\",\"@id\":\"https:\\\/\\\/www.laguiadepamplona.com\\\/actualidad\\\/#organization\",\"name\":\"La Gu\u00eda de Pamplona \\\/ Noticias\",\"url\":\"https:\\\/\\\/www.laguiadepamplona.com\\\/actualidad\\\/\",\"logo\":{\"@type\":\"ImageObject\",\"inLanguage\":\"es\",\"@id\":\"https:\\\/\\\/www.laguiadepamplona.com\\\/actualidad\\\/#\\\/schema\\\/logo\\\/image\\\/\",\"url\":\"https:\\\/\\\/www.laguiadepamplona.com\\\/actualidad\\\/wp-content\\\/uploads\\\/2018\\\/11\\\/logo-laguiadepamplona18-web1.png\",\"contentUrl\":\"https:\\\/\\\/www.laguiadepamplona.com\\\/actualidad\\\/wp-content\\\/uploads\\\/2018\\\/11\\\/logo-laguiadepamplona18-web1.png\",\"width\":600,\"height\":196,\"caption\":\"La Gu\u00eda de Pamplona \\\/ Noticias\"},\"image\":{\"@id\":\"https:\\\/\\\/www.laguiadepamplona.com\\\/actualidad\\\/#\\\/schema\\\/logo\\\/image\\\/\"},\"sameAs\":[\"https:\\\/\\\/www.facebook.com\\\/laguiadepamplonacom-133175176762273\\\/?ref=hl\",\"https:\\\/\\\/x.com\\\/LaGuiadPamplona\",\"https:\\\/\\\/www.instagram.com\\\/la_guia_de_pamplona\\\/\",\"https:\\\/\\\/www.youtube.com\\\/user\\\/laguiadepamplona\"]},{\"@type\":\"Person\",\"@id\":\"https:\\\/\\\/www.laguiadepamplona.com\\\/actualidad\\\/#\\\/schema\\\/person\\\/efe887376f0213d4657c93adc50b1fdb\",\"name\":\"La Gu\u00eda de Pamplona\",\"image\":{\"@type\":\"ImageObject\",\"inLanguage\":\"es\",\"@id\":\"https:\\\/\\\/secure.gravatar.com\\\/avatar\\\/b6992f131dc8d30ab0dff15446e9d346d9dbd95992de0fef795073f5ea83a81c?s=96&d=mm&r=g\",\"url\":\"https:\\\/\\\/secure.gravatar.com\\\/avatar\\\/b6992f131dc8d30ab0dff15446e9d346d9dbd95992de0fef795073f5ea83a81c?s=96&d=mm&r=g\",\"contentUrl\":\"https:\\\/\\\/secure.gravatar.com\\\/avatar\\\/b6992f131dc8d30ab0dff15446e9d346d9dbd95992de0fef795073f5ea83a81c?s=96&d=mm&r=g\",\"caption\":\"La Gu\u00eda de Pamplona\"}}]}<\/script>\n<!-- \/ Yoast SEO plugin. -->","yoast_head_json":{"title":"Seis nuevos parterres creados en las zonas verdes de Carlos III y Avenida de Roncesvalles a\u00f1adir\u00e1n m\u00e1s de 200 metros cuadrados de plantas con flor","description":"La iniciativa tiene como fin crear espacios de estancia amables, fomentar el comercio, incrementar la biodiversidad y luchar contra el cambio clim\u00e1tico","robots":{"index":"index","follow":"follow","max-snippet":"max-snippet:-1","max-image-preview":"max-image-preview:large","max-video-preview":"max-video-preview:-1"},"canonical":"https:\/\/www.laguiadepamplona.com\/actualidad\/seis-nuevos-parterres-creados-en-las-zonas-verdes-de-carlos-iii-y-avenida-de-roncesvalles-anadiran-mas-de-200-metros-cuadrados-de-plantas-con-flor\/","og_locale":"es_ES","og_type":"article","og_title":"Seis nuevos parterres creados en las zonas verdes de Carlos III y Avenida de Roncesvalles a\u00f1adir\u00e1n m\u00e1s de 200 metros cuadrados de plantas con flor","og_description":"La iniciativa tiene como fin crear espacios de estancia amables, fomentar el comercio, incrementar la biodiversidad y luchar contra el cambio clim\u00e1tico","og_url":"https:\/\/www.laguiadepamplona.com\/actualidad\/seis-nuevos-parterres-creados-en-las-zonas-verdes-de-carlos-iii-y-avenida-de-roncesvalles-anadiran-mas-de-200-metros-cuadrados-de-plantas-con-flor\/","og_site_name":"La Gu\u00eda de Pamplona","article_publisher":"https:\/\/www.facebook.com\/laguiadepamplonacom-133175176762273\/?ref=hl","article_published_time":"2024-11-13T15:12:30+00:00","og_image":[{"width":1417,"height":1063,"url":"https:\/\/www.laguiadepamplona.com\/actualidad\/wp-content\/uploads\/2022\/04\/parterres_flores_blanca_nav.jpg","type":"image\/jpeg"}],"author":"La Gu\u00eda de Pamplona","twitter_card":"summary_large_image","twitter_creator":"@LaGuiadPamplona","twitter_site":"@LaGuiadPamplona","twitter_misc":{"Escrito por":"La Gu\u00eda de Pamplona","Tiempo de lectura":"3 minutos"},"schema":{"@context":"https:\/\/schema.org","@graph":[{"@type":"Article","@id":"https:\/\/www.laguiadepamplona.com\/actualidad\/seis-nuevos-parterres-creados-en-las-zonas-verdes-de-carlos-iii-y-avenida-de-roncesvalles-anadiran-mas-de-200-metros-cuadrados-de-plantas-con-flor\/#article","isPartOf":{"@id":"https:\/\/www.laguiadepamplona.com\/actualidad\/seis-nuevos-parterres-creados-en-las-zonas-verdes-de-carlos-iii-y-avenida-de-roncesvalles-anadiran-mas-de-200-metros-cuadrados-de-plantas-con-flor\/"},"author":{"name":"La Gu\u00eda de Pamplona","@id":"https:\/\/www.laguiadepamplona.com\/actualidad\/#\/schema\/person\/efe887376f0213d4657c93adc50b1fdb"},"headline":"Seis nuevos parterres creados en las zonas verdes de Carlos III y Avenida de Roncesvalles a\u00f1adir\u00e1n m\u00e1s de 200 metros cuadrados de plantas con flor","datePublished":"2024-11-13T15:12:30+00:00","mainEntityOfPage":{"@id":"https:\/\/www.laguiadepamplona.com\/actualidad\/seis-nuevos-parterres-creados-en-las-zonas-verdes-de-carlos-iii-y-avenida-de-roncesvalles-anadiran-mas-de-200-metros-cuadrados-de-plantas-con-flor\/"},"wordCount":663,"commentCount":0,"publisher":{"@id":"https:\/\/www.laguiadepamplona.com\/actualidad\/#organization"},"image":{"@id":"https:\/\/www.laguiadepamplona.com\/actualidad\/seis-nuevos-parterres-creados-en-las-zonas-verdes-de-carlos-iii-y-avenida-de-roncesvalles-anadiran-mas-de-200-metros-cuadrados-de-plantas-con-flor\/#primaryimage"},"thumbnailUrl":"https:\/\/www.laguiadepamplona.com\/actualidad\/wp-content\/uploads\/2022\/04\/parterres_flores_blanca_nav.jpg","articleSection":["Ayto Pamplona"],"inLanguage":"es","potentialAction":[{"@type":"CommentAction","name":"Comment","target":["https:\/\/www.laguiadepamplona.com\/actualidad\/seis-nuevos-parterres-creados-en-las-zonas-verdes-de-carlos-iii-y-avenida-de-roncesvalles-anadiran-mas-de-200-metros-cuadrados-de-plantas-con-flor\/#respond"]}]},{"@type":"WebPage","@id":"https:\/\/www.laguiadepamplona.com\/actualidad\/seis-nuevos-parterres-creados-en-las-zonas-verdes-de-carlos-iii-y-avenida-de-roncesvalles-anadiran-mas-de-200-metros-cuadrados-de-plantas-con-flor\/","url":"https:\/\/www.laguiadepamplona.com\/actualidad\/seis-nuevos-parterres-creados-en-las-zonas-verdes-de-carlos-iii-y-avenida-de-roncesvalles-anadiran-mas-de-200-metros-cuadrados-de-plantas-con-flor\/","name":"Seis nuevos parterres creados en las zonas verdes de Carlos III y Avenida de Roncesvalles a\u00f1adir\u00e1n m\u00e1s de 200 metros cuadrados de plantas con flor","isPartOf":{"@id":"https:\/\/www.laguiadepamplona.com\/actualidad\/#website"},"primaryImageOfPage":{"@id":"https:\/\/www.laguiadepamplona.com\/actualidad\/seis-nuevos-parterres-creados-en-las-zonas-verdes-de-carlos-iii-y-avenida-de-roncesvalles-anadiran-mas-de-200-metros-cuadrados-de-plantas-con-flor\/#primaryimage"},"image":{"@id":"https:\/\/www.laguiadepamplona.com\/actualidad\/seis-nuevos-parterres-creados-en-las-zonas-verdes-de-carlos-iii-y-avenida-de-roncesvalles-anadiran-mas-de-200-metros-cuadrados-de-plantas-con-flor\/#primaryimage"},"thumbnailUrl":"https:\/\/www.laguiadepamplona.com\/actualidad\/wp-content\/uploads\/2022\/04\/parterres_flores_blanca_nav.jpg","datePublished":"2024-11-13T15:12:30+00:00","description":"La iniciativa tiene como fin crear espacios de estancia amables, fomentar el comercio, incrementar la biodiversidad y luchar contra el cambio clim\u00e1tico","breadcrumb":{"@id":"https:\/\/www.laguiadepamplona.com\/actualidad\/seis-nuevos-parterres-creados-en-las-zonas-verdes-de-carlos-iii-y-avenida-de-roncesvalles-anadiran-mas-de-200-metros-cuadrados-de-plantas-con-flor\/#breadcrumb"},"inLanguage":"es","potentialAction":[{"@type":"ReadAction","target":["https:\/\/www.laguiadepamplona.com\/actualidad\/seis-nuevos-parterres-creados-en-las-zonas-verdes-de-carlos-iii-y-avenida-de-roncesvalles-anadiran-mas-de-200-metros-cuadrados-de-plantas-con-flor\/"]}]},{"@type":"ImageObject","inLanguage":"es","@id":"https:\/\/www.laguiadepamplona.com\/actualidad\/seis-nuevos-parterres-creados-en-las-zonas-verdes-de-carlos-iii-y-avenida-de-roncesvalles-anadiran-mas-de-200-metros-cuadrados-de-plantas-con-flor\/#primaryimage","url":"https:\/\/www.laguiadepamplona.com\/actualidad\/wp-content\/uploads\/2022\/04\/parterres_flores_blanca_nav.jpg","contentUrl":"https:\/\/www.laguiadepamplona.com\/actualidad\/wp-content\/uploads\/2022\/04\/parterres_flores_blanca_nav.jpg","width":1417,"height":1063,"caption":"parterres flores"},{"@type":"BreadcrumbList","@id":"https:\/\/www.laguiadepamplona.com\/actualidad\/seis-nuevos-parterres-creados-en-las-zonas-verdes-de-carlos-iii-y-avenida-de-roncesvalles-anadiran-mas-de-200-metros-cuadrados-de-plantas-con-flor\/#breadcrumb","itemListElement":[{"@type":"ListItem","position":1,"name":"Portada","item":"https:\/\/www.laguiadepamplona.com\/actualidad\/"},{"@type":"ListItem","position":2,"name":"Seis nuevos parterres creados en las zonas verdes de Carlos III y Avenida de Roncesvalles a\u00f1adir\u00e1n m\u00e1s de 200 metros cuadrados de plantas con flor"}]},{"@type":"WebSite","@id":"https:\/\/www.laguiadepamplona.com\/actualidad\/#website","url":"https:\/\/www.laguiadepamplona.com\/actualidad\/","name":"La gu\u00eda de Pamplona","description":"Noticias de Pamplona","publisher":{"@id":"https:\/\/www.laguiadepamplona.com\/actualidad\/#organization"},"potentialAction":[{"@type":"SearchAction","target":{"@type":"EntryPoint","urlTemplate":"https:\/\/www.laguiadepamplona.com\/actualidad\/?s={search_term_string}"},"query-input":{"@type":"PropertyValueSpecification","valueRequired":true,"valueName":"search_term_string"}}],"inLanguage":"es"},{"@type":"Organization","@id":"https:\/\/www.laguiadepamplona.com\/actualidad\/#organization","name":"La Gu\u00eda de Pamplona \/ Noticias","url":"https:\/\/www.laguiadepamplona.com\/actualidad\/","logo":{"@type":"ImageObject","inLanguage":"es","@id":"https:\/\/www.laguiadepamplona.com\/actualidad\/#\/schema\/logo\/image\/","url":"https:\/\/www.laguiadepamplona.com\/actualidad\/wp-content\/uploads\/2018\/11\/logo-laguiadepamplona18-web1.png","contentUrl":"https:\/\/www.laguiadepamplona.com\/actualidad\/wp-content\/uploads\/2018\/11\/logo-laguiadepamplona18-web1.png","width":600,"height":196,"caption":"La Gu\u00eda de Pamplona \/ Noticias"},"image":{"@id":"https:\/\/www.laguiadepamplona.com\/actualidad\/#\/schema\/logo\/image\/"},"sameAs":["https:\/\/www.facebook.com\/laguiadepamplonacom-133175176762273\/?ref=hl","https:\/\/x.com\/LaGuiadPamplona","https:\/\/www.instagram.com\/la_guia_de_pamplona\/","https:\/\/www.youtube.com\/user\/laguiadepamplona"]},{"@type":"Person","@id":"https:\/\/www.laguiadepamplona.com\/actualidad\/#\/schema\/person\/efe887376f0213d4657c93adc50b1fdb","name":"La Gu\u00eda de Pamplona","image":{"@type":"ImageObject","inLanguage":"es","@id":"https:\/\/secure.gravatar.com\/avatar\/b6992f131dc8d30ab0dff15446e9d346d9dbd95992de0fef795073f5ea83a81c?s=96&d=mm&r=g","url":"https:\/\/secure.gravatar.com\/avatar\/b6992f131dc8d30ab0dff15446e9d346d9dbd95992de0fef795073f5ea83a81c?s=96&d=mm&r=g","contentUrl":"https:\/\/secure.gravatar.com\/avatar\/b6992f131dc8d30ab0dff15446e9d346d9dbd95992de0fef795073f5ea83a81c?s=96&d=mm&r=g","caption":"La Gu\u00eda de Pamplona"}}]}},"post_mailing_queue_ids":[],"_links":{"self":[{"href":"https:\/\/www.laguiadepamplona.com\/actualidad\/wp-json\/wp\/v2\/posts\/51288","targetHints":{"allow":["GET"]}}],"collection":[{"href":"https:\/\/www.laguiadepamplona.com\/actualidad\/wp-json\/wp\/v2\/posts"}],"about":[{"href":"https:\/\/www.laguiadepamplona.com\/actualidad\/wp-json\/wp\/v2\/types\/post"}],"author":[{"embeddable":true,"href":"https:\/\/www.laguiadepamplona.com\/actualidad\/wp-json\/wp\/v2\/users\/1"}],"replies":[{"embeddable":true,"href":"https:\/\/www.laguiadepamplona.com\/actualidad\/wp-json\/wp\/v2\/comments?post=51288"}],"version-history":[{"count":1,"href":"https:\/\/www.laguiadepamplona.com\/actualidad\/wp-json\/wp\/v2\/posts\/51288\/revisions"}],"predecessor-version":[{"id":51289,"href":"https:\/\/www.laguiadepamplona.com\/actualidad\/wp-json\/wp\/v2\/posts\/51288\/revisions\/51289"}],"wp:featuredmedia":[{"embeddable":true,"href":"https:\/\/www.laguiadepamplona.com\/actualidad\/wp-json\/wp\/v2\/media\/39843"}],"wp:attachment":[{"href":"https:\/\/www.laguiadepamplona.com\/actualidad\/wp-json\/wp\/v2\/media?parent=51288"}],"wp:term":[{"taxonomy":"category","embeddable":true,"href":"https:\/\/www.laguiadepamplona.com\/actualidad\/wp-json\/wp\/v2\/categories?post=51288"},{"taxonomy":"post_tag","embeddable":true,"href":"https:\/\/www.laguiadepamplona.com\/actualidad\/wp-json\/wp\/v2\/tags?post=51288"}],"curies":[{"name":"wp","href":"https:\/\/api.w.org\/{rel}","templated":true}]}}