{"id":51285,"date":"2024-11-13T17:11:25","date_gmt":"2024-11-13T15:11:25","guid":{"rendered":"https:\/\/www.laguiadepamplona.com\/actualidad\/?p=51285"},"modified":"2024-11-13T17:11:25","modified_gmt":"2024-11-13T15:11:25","slug":"1-240-metros-de-carril-bici-bidireccional-unen-ya-landaben-con-la-avenida-de-san-jorge-y-se-crea-un-paso-peatonal-semaforizado-en-el-acceso-a-orkoien-por-la-na-700","status":"publish","type":"post","link":"https:\/\/www.laguiadepamplona.com\/actualidad\/1-240-metros-de-carril-bici-bidireccional-unen-ya-landaben-con-la-avenida-de-san-jorge-y-se-crea-un-paso-peatonal-semaforizado-en-el-acceso-a-orkoien-por-la-na-700\/","title":{"rendered":"1.240 metros de carril bici bidireccional unen ya Landaben con la avenida de San Jorge y se crea un paso peatonal semaforizado en el acceso a Orkoien por la NA- 700"},"content":{"rendered":"<h2>La Comisi\u00f3n y la Gerencia de Urbanismo visitan un espacio con zonas ajardinadas y un alcorque corrido de 200 m donde se plantar\u00e1n 27 \u00e1rboles<\/h2>\n<p><!--more--><\/p>\n<p>Ya est\u00e1n terminado los 1.240 metros de carril bici bidireccional de 2,50 metros de anchura que conectan el pol\u00edgono industrial de Landaben (intersecci\u00f3n de las calles A y E) con el resto de Pamplona en la avenida de San Jorge por el carril bici del eje sostenible del Doctor Juaristi, que finaliza en a la altura del Colegio P\u00fablico Sanduzelai. dentro de las mejoras asociadas a esta intervenci\u00f3n, se he creado un nuevo paso peatonal semaforizado y con \u201ccojines berlineses\u201d en la NA-700 en el ramal de acceso desde Orkoien.<\/p>\n<p>Esta ma\u00f1ana han acudido a la zona quienes participan en la Gerencia y la comisi\u00f3n de Urbanismo del Ayuntamiento, para recibir informaci\u00f3n sobre esta intervenci\u00f3n y comprobar sobre el terreno la ejecuci\u00f3n. Estas obras est\u00e1n presupuestadas en 1,74 millones de euros a cargo de los fondos del Plan de Recuperaci\u00f3n, Transformaci\u00f3n y Resiliencia (PRTR), proyecto encuadrado en la inversi\u00f3n 1\u201d Zonas de bajas emisiones y transformaci\u00f3n del transporte urbano y metropolitano\u201d del Componente 1 \u201cPlan de choque de movilidad sostenible, segura y conectada en entornos urbanos y metropolitanos\u201d.<\/p>\n<p>Las tareas han sido realizadas por la UTE Urbanismo T\u00e1ctico Pamplona, empresa integrada por Lacunza Hermanos y Goyo Se\u00f1alizaciones a trav\u00e9s de un contrato derivado Acuerdo Marco para la selecci\u00f3n de empresas para la ejecuci\u00f3n de obras de mejora de la movilidad y la sostenibilidad en Pamplona. Su ejecuci\u00f3n comenz\u00f3 en el mes de mayo y, aunque la infraestructura como tal ya est\u00e1 acabada, las \u00faltimas tareas asociadas -plantaci\u00f3n de 27 \u00e1rboles, en un alcorque corrido de 200 metros ya construido &#8211; se terminar\u00e1n a principios de 2025.<\/p>\n<p><strong>La conexi\u00f3n ciclista<\/strong><\/p>\n<p>Siguiendo el proyecto dise\u00f1ado por Proyectos de Obra Civil y Auditor\u00edas de Seguridad Viaria, PAV, el Ayuntamiento ha construido un carril bici desde la avenida de San Jorge hasta la glorieta de intersecci\u00f3n de la calle A del pol\u00edgono de Landaben. El objetivo es que este vial complete, en un futuro, el itinerario en esa zona de la ciudad, uniendo el carril bici de la calle Miluze con el eje sostenible de la calle Doctor Juaristi, en San Jorge.<\/p>\n<p>Las actuaciones se han centrado en un tramo de 1.240 metros, desde la glorieta de la intersecci\u00f3n de las calles A y E del pol\u00edgono hasta el carril bici del eje sostenible del Doctor Juaristi, que finaliza en a la altura del Colegio P\u00fablico Sanduzelai. En este tramo, el carril bici discurre por el borde exterior del bordillo de la acera de la margen derecha, en direcci\u00f3n al n\u00facleo urbano de Pamplona.<\/p>\n<p>Los ejecutado es un carril bici bidireccional con una anchura total de tres metros. De esta anchura, 0,5 metros se destinan a la separaci\u00f3n entre el carril de la calzada y el carril bici; y 2,50 metros son propiamente la anchura del carril bici, de forma que cada sentido de circulaci\u00f3n disponga de 1,25 metros. Para disponer de la anchura necesaria, se han ocupado parte de las isletas de la mediana y se ha reducido ligeramente la anchura de los carriles de los viales existentes, salvo en la glorieta de conexi\u00f3n de la avenida de San Jorge con la calle A del pol\u00edgono de Landaben en la que se mantiene el dise\u00f1o de los dos carriles actuales de circulaci\u00f3n para veh\u00edculos, con una anchura de 4,50 metros por carril.<\/p>\n<p><strong>Paso peatonal semaforizado y 27 \u00e1rboles<\/strong><\/p>\n<p>En estas obras se ha creado un nuevo paso peatonal semaforizado en la NA-700 en el ramal de acceso desde Orkoien. En estos momentos ese espacio ya contaba con dos pasos peatonales a la avenida de San Jorge, antes y despu\u00e9s del cruce; pero este nuevo paso completa la intersecci\u00f3n. Este paso se encuentra semaforizado y cuenta con cojines berlineses para calmar el tr\u00e1fico y proteger a los peatones en sus inmediaciones.<\/p>\n<p>En estas obras se han modificado 33 puntos de luz y se han instalado 21 unidades de columnas y b\u00e1culos semaf\u00f3ricos. Los \u00e1rboles que hab\u00eda en la mediana de la avenida San Jorge y de la calle A se han trasplantado a una zona de jard\u00edn contigua (12 Ginko biloba). Adem\u00e1s, en el paso peatonal inmediatamente anterior a la glorieta se han construido dos zonas ajardinadas, en el margen derecho sentido Landaben (junto a Dicona).<\/p>\n<p>Tambi\u00e9n se ha construido un alcorque corrido de 200 metros en la zona tras el paso del puente Viejo de Miluze, donde el carril bici discurre por una antigua plataforma elevada sobre calzada y contigua a la acera. En ese alcorque terminado en arena de ofita y rellenado con tierra vegetal el Servicio de Zonas Verdes, en enero de 2025 va a plantar un total de 27 \u00e1rboles que servir\u00e1n de separaci\u00f3n entre el carril bici y la calzada, adem\u00e1s de aumentar el valor paisaj\u00edstico y ambiental de la zona.<\/p>\n","protected":false},"excerpt":{"rendered":"<p>La Comisi\u00f3n y la Gerencia de Urbanismo visitan un espacio con zonas ajardinadas y un alcorque corrido de 200 m donde se plantar\u00e1n 27 \u00e1rboles<\/p>\n","protected":false},"author":1,"featured_media":51286,"comment_status":"open","ping_status":"closed","sticky":false,"template":"","format":"standard","meta":{"footnotes":""},"categories":[2],"tags":[],"class_list":["post-51285","post","type-post","status-publish","format-standard","has-post-thumbnail","hentry","category-ayuntamiento-pamplona"],"yoast_head":"<!-- This site is optimized with the Yoast SEO plugin v27.3 - https:\/\/yoast.com\/product\/yoast-seo-wordpress\/ -->\n<title>1.240 metros de carril bici bidireccional unen ya Landaben con la avenida de San Jorge y se crea un paso peatonal semaforizado en el acceso a Orkoien por la NA- 700<\/title>\n<meta name=\"description\" content=\"La Comisi\u00f3n y la Gerencia de Urbanismo visitan un espacio con zonas ajardinadas y un alcorque corrido de 200 m donde se plantar\u00e1n 27 \u00e1rboles\" \/>\n<meta name=\"robots\" content=\"index, follow, max-snippet:-1, max-image-preview:large, max-video-preview:-1\" \/>\n<link rel=\"canonical\" href=\"https:\/\/www.laguiadepamplona.com\/actualidad\/1-240-metros-de-carril-bici-bidireccional-unen-ya-landaben-con-la-avenida-de-san-jorge-y-se-crea-un-paso-peatonal-semaforizado-en-el-acceso-a-orkoien-por-la-na-700\/\" \/>\n<meta property=\"og:locale\" content=\"es_ES\" \/>\n<meta property=\"og:type\" content=\"article\" \/>\n<meta property=\"og:title\" content=\"1.240 metros de carril bici bidireccional unen ya Landaben con la avenida de San Jorge y se crea un paso peatonal semaforizado en el acceso a Orkoien por la NA- 700\" \/>\n<meta property=\"og:description\" content=\"La Comisi\u00f3n y la Gerencia de Urbanismo visitan un espacio con zonas ajardinadas y un alcorque corrido de 200 m donde se plantar\u00e1n 27 \u00e1rboles\" \/>\n<meta property=\"og:url\" content=\"https:\/\/www.laguiadepamplona.com\/actualidad\/1-240-metros-de-carril-bici-bidireccional-unen-ya-landaben-con-la-avenida-de-san-jorge-y-se-crea-un-paso-peatonal-semaforizado-en-el-acceso-a-orkoien-por-la-na-700\/\" \/>\n<meta property=\"og:site_name\" content=\"La Gu\u00eda de Pamplona\" \/>\n<meta property=\"article:publisher\" content=\"https:\/\/www.facebook.com\/laguiadepamplonacom-133175176762273\/?ref=hl\" \/>\n<meta property=\"article:published_time\" content=\"2024-11-13T15:11:25+00:00\" \/>\n<meta property=\"og:image\" content=\"https:\/\/www.laguiadepamplona.com\/actualidad\/wp-content\/uploads\/2024\/11\/visitacarrilbicilandaben5d41_0.webp\" \/>\n\t<meta property=\"og:image:width\" content=\"1000\" \/>\n\t<meta property=\"og:image:height\" content=\"667\" \/>\n\t<meta property=\"og:image:type\" content=\"image\/webp\" \/>\n<meta name=\"author\" content=\"La Gu\u00eda de Pamplona\" \/>\n<meta name=\"twitter:card\" content=\"summary_large_image\" \/>\n<meta name=\"twitter:creator\" content=\"@LaGuiadPamplona\" \/>\n<meta name=\"twitter:site\" content=\"@LaGuiadPamplona\" \/>\n<meta name=\"twitter:label1\" content=\"Escrito por\" \/>\n\t<meta name=\"twitter:data1\" content=\"La Gu\u00eda de Pamplona\" \/>\n\t<meta name=\"twitter:label2\" content=\"Tiempo de lectura\" \/>\n\t<meta name=\"twitter:data2\" content=\"4 minutos\" \/>\n<script type=\"application\/ld+json\" class=\"yoast-schema-graph\">{\"@context\":\"https:\\\/\\\/schema.org\",\"@graph\":[{\"@type\":\"Article\",\"@id\":\"https:\\\/\\\/www.laguiadepamplona.com\\\/actualidad\\\/1-240-metros-de-carril-bici-bidireccional-unen-ya-landaben-con-la-avenida-de-san-jorge-y-se-crea-un-paso-peatonal-semaforizado-en-el-acceso-a-orkoien-por-la-na-700\\\/#article\",\"isPartOf\":{\"@id\":\"https:\\\/\\\/www.laguiadepamplona.com\\\/actualidad\\\/1-240-metros-de-carril-bici-bidireccional-unen-ya-landaben-con-la-avenida-de-san-jorge-y-se-crea-un-paso-peatonal-semaforizado-en-el-acceso-a-orkoien-por-la-na-700\\\/\"},\"author\":{\"name\":\"La Gu\u00eda de Pamplona\",\"@id\":\"https:\\\/\\\/www.laguiadepamplona.com\\\/actualidad\\\/#\\\/schema\\\/person\\\/efe887376f0213d4657c93adc50b1fdb\"},\"headline\":\"1.240 metros de carril bici bidireccional unen ya Landaben con la avenida de San Jorge y se crea un paso peatonal semaforizado en el acceso a Orkoien por la NA- 700\",\"datePublished\":\"2024-11-13T15:11:25+00:00\",\"mainEntityOfPage\":{\"@id\":\"https:\\\/\\\/www.laguiadepamplona.com\\\/actualidad\\\/1-240-metros-de-carril-bici-bidireccional-unen-ya-landaben-con-la-avenida-de-san-jorge-y-se-crea-un-paso-peatonal-semaforizado-en-el-acceso-a-orkoien-por-la-na-700\\\/\"},\"wordCount\":879,\"commentCount\":0,\"publisher\":{\"@id\":\"https:\\\/\\\/www.laguiadepamplona.com\\\/actualidad\\\/#organization\"},\"image\":{\"@id\":\"https:\\\/\\\/www.laguiadepamplona.com\\\/actualidad\\\/1-240-metros-de-carril-bici-bidireccional-unen-ya-landaben-con-la-avenida-de-san-jorge-y-se-crea-un-paso-peatonal-semaforizado-en-el-acceso-a-orkoien-por-la-na-700\\\/#primaryimage\"},\"thumbnailUrl\":\"https:\\\/\\\/www.laguiadepamplona.com\\\/actualidad\\\/wp-content\\\/uploads\\\/2024\\\/11\\\/visitacarrilbicilandaben5d41_0.webp\",\"articleSection\":[\"Ayto Pamplona\"],\"inLanguage\":\"es\",\"potentialAction\":[{\"@type\":\"CommentAction\",\"name\":\"Comment\",\"target\":[\"https:\\\/\\\/www.laguiadepamplona.com\\\/actualidad\\\/1-240-metros-de-carril-bici-bidireccional-unen-ya-landaben-con-la-avenida-de-san-jorge-y-se-crea-un-paso-peatonal-semaforizado-en-el-acceso-a-orkoien-por-la-na-700\\\/#respond\"]}]},{\"@type\":\"WebPage\",\"@id\":\"https:\\\/\\\/www.laguiadepamplona.com\\\/actualidad\\\/1-240-metros-de-carril-bici-bidireccional-unen-ya-landaben-con-la-avenida-de-san-jorge-y-se-crea-un-paso-peatonal-semaforizado-en-el-acceso-a-orkoien-por-la-na-700\\\/\",\"url\":\"https:\\\/\\\/www.laguiadepamplona.com\\\/actualidad\\\/1-240-metros-de-carril-bici-bidireccional-unen-ya-landaben-con-la-avenida-de-san-jorge-y-se-crea-un-paso-peatonal-semaforizado-en-el-acceso-a-orkoien-por-la-na-700\\\/\",\"name\":\"1.240 metros de carril bici bidireccional unen ya Landaben con la avenida de San Jorge y se crea un paso peatonal semaforizado en el acceso a Orkoien por la NA- 700\",\"isPartOf\":{\"@id\":\"https:\\\/\\\/www.laguiadepamplona.com\\\/actualidad\\\/#website\"},\"primaryImageOfPage\":{\"@id\":\"https:\\\/\\\/www.laguiadepamplona.com\\\/actualidad\\\/1-240-metros-de-carril-bici-bidireccional-unen-ya-landaben-con-la-avenida-de-san-jorge-y-se-crea-un-paso-peatonal-semaforizado-en-el-acceso-a-orkoien-por-la-na-700\\\/#primaryimage\"},\"image\":{\"@id\":\"https:\\\/\\\/www.laguiadepamplona.com\\\/actualidad\\\/1-240-metros-de-carril-bici-bidireccional-unen-ya-landaben-con-la-avenida-de-san-jorge-y-se-crea-un-paso-peatonal-semaforizado-en-el-acceso-a-orkoien-por-la-na-700\\\/#primaryimage\"},\"thumbnailUrl\":\"https:\\\/\\\/www.laguiadepamplona.com\\\/actualidad\\\/wp-content\\\/uploads\\\/2024\\\/11\\\/visitacarrilbicilandaben5d41_0.webp\",\"datePublished\":\"2024-11-13T15:11:25+00:00\",\"description\":\"La Comisi\u00f3n y la Gerencia de Urbanismo visitan un espacio con zonas ajardinadas y un alcorque corrido de 200 m donde se plantar\u00e1n 27 \u00e1rboles\",\"breadcrumb\":{\"@id\":\"https:\\\/\\\/www.laguiadepamplona.com\\\/actualidad\\\/1-240-metros-de-carril-bici-bidireccional-unen-ya-landaben-con-la-avenida-de-san-jorge-y-se-crea-un-paso-peatonal-semaforizado-en-el-acceso-a-orkoien-por-la-na-700\\\/#breadcrumb\"},\"inLanguage\":\"es\",\"potentialAction\":[{\"@type\":\"ReadAction\",\"target\":[\"https:\\\/\\\/www.laguiadepamplona.com\\\/actualidad\\\/1-240-metros-de-carril-bici-bidireccional-unen-ya-landaben-con-la-avenida-de-san-jorge-y-se-crea-un-paso-peatonal-semaforizado-en-el-acceso-a-orkoien-por-la-na-700\\\/\"]}]},{\"@type\":\"ImageObject\",\"inLanguage\":\"es\",\"@id\":\"https:\\\/\\\/www.laguiadepamplona.com\\\/actualidad\\\/1-240-metros-de-carril-bici-bidireccional-unen-ya-landaben-con-la-avenida-de-san-jorge-y-se-crea-un-paso-peatonal-semaforizado-en-el-acceso-a-orkoien-por-la-na-700\\\/#primaryimage\",\"url\":\"https:\\\/\\\/www.laguiadepamplona.com\\\/actualidad\\\/wp-content\\\/uploads\\\/2024\\\/11\\\/visitacarrilbicilandaben5d41_0.webp\",\"contentUrl\":\"https:\\\/\\\/www.laguiadepamplona.com\\\/actualidad\\\/wp-content\\\/uploads\\\/2024\\\/11\\\/visitacarrilbicilandaben5d41_0.webp\",\"width\":1000,\"height\":667,\"caption\":\"carril bici landaben\"},{\"@type\":\"BreadcrumbList\",\"@id\":\"https:\\\/\\\/www.laguiadepamplona.com\\\/actualidad\\\/1-240-metros-de-carril-bici-bidireccional-unen-ya-landaben-con-la-avenida-de-san-jorge-y-se-crea-un-paso-peatonal-semaforizado-en-el-acceso-a-orkoien-por-la-na-700\\\/#breadcrumb\",\"itemListElement\":[{\"@type\":\"ListItem\",\"position\":1,\"name\":\"Portada\",\"item\":\"https:\\\/\\\/www.laguiadepamplona.com\\\/actualidad\\\/\"},{\"@type\":\"ListItem\",\"position\":2,\"name\":\"1.240 metros de carril bici bidireccional unen ya Landaben con la avenida de San Jorge y se crea un paso peatonal semaforizado en el acceso a Orkoien por la NA- 700\"}]},{\"@type\":\"WebSite\",\"@id\":\"https:\\\/\\\/www.laguiadepamplona.com\\\/actualidad\\\/#website\",\"url\":\"https:\\\/\\\/www.laguiadepamplona.com\\\/actualidad\\\/\",\"name\":\"La gu\u00eda de Pamplona\",\"description\":\"Noticias de Pamplona\",\"publisher\":{\"@id\":\"https:\\\/\\\/www.laguiadepamplona.com\\\/actualidad\\\/#organization\"},\"potentialAction\":[{\"@type\":\"SearchAction\",\"target\":{\"@type\":\"EntryPoint\",\"urlTemplate\":\"https:\\\/\\\/www.laguiadepamplona.com\\\/actualidad\\\/?s={search_term_string}\"},\"query-input\":{\"@type\":\"PropertyValueSpecification\",\"valueRequired\":true,\"valueName\":\"search_term_string\"}}],\"inLanguage\":\"es\"},{\"@type\":\"Organization\",\"@id\":\"https:\\\/\\\/www.laguiadepamplona.com\\\/actualidad\\\/#organization\",\"name\":\"La Gu\u00eda de Pamplona \\\/ Noticias\",\"url\":\"https:\\\/\\\/www.laguiadepamplona.com\\\/actualidad\\\/\",\"logo\":{\"@type\":\"ImageObject\",\"inLanguage\":\"es\",\"@id\":\"https:\\\/\\\/www.laguiadepamplona.com\\\/actualidad\\\/#\\\/schema\\\/logo\\\/image\\\/\",\"url\":\"https:\\\/\\\/www.laguiadepamplona.com\\\/actualidad\\\/wp-content\\\/uploads\\\/2018\\\/11\\\/logo-laguiadepamplona18-web1.png\",\"contentUrl\":\"https:\\\/\\\/www.laguiadepamplona.com\\\/actualidad\\\/wp-content\\\/uploads\\\/2018\\\/11\\\/logo-laguiadepamplona18-web1.png\",\"width\":600,\"height\":196,\"caption\":\"La Gu\u00eda de Pamplona \\\/ Noticias\"},\"image\":{\"@id\":\"https:\\\/\\\/www.laguiadepamplona.com\\\/actualidad\\\/#\\\/schema\\\/logo\\\/image\\\/\"},\"sameAs\":[\"https:\\\/\\\/www.facebook.com\\\/laguiadepamplonacom-133175176762273\\\/?ref=hl\",\"https:\\\/\\\/x.com\\\/LaGuiadPamplona\",\"https:\\\/\\\/www.instagram.com\\\/la_guia_de_pamplona\\\/\",\"https:\\\/\\\/www.youtube.com\\\/user\\\/laguiadepamplona\"]},{\"@type\":\"Person\",\"@id\":\"https:\\\/\\\/www.laguiadepamplona.com\\\/actualidad\\\/#\\\/schema\\\/person\\\/efe887376f0213d4657c93adc50b1fdb\",\"name\":\"La Gu\u00eda de Pamplona\",\"image\":{\"@type\":\"ImageObject\",\"inLanguage\":\"es\",\"@id\":\"https:\\\/\\\/secure.gravatar.com\\\/avatar\\\/b6992f131dc8d30ab0dff15446e9d346d9dbd95992de0fef795073f5ea83a81c?s=96&d=mm&r=g\",\"url\":\"https:\\\/\\\/secure.gravatar.com\\\/avatar\\\/b6992f131dc8d30ab0dff15446e9d346d9dbd95992de0fef795073f5ea83a81c?s=96&d=mm&r=g\",\"contentUrl\":\"https:\\\/\\\/secure.gravatar.com\\\/avatar\\\/b6992f131dc8d30ab0dff15446e9d346d9dbd95992de0fef795073f5ea83a81c?s=96&d=mm&r=g\",\"caption\":\"La Gu\u00eda de Pamplona\"}}]}<\/script>\n<!-- \/ Yoast SEO plugin. -->","yoast_head_json":{"title":"1.240 metros de carril bici bidireccional unen ya Landaben con la avenida de San Jorge y se crea un paso peatonal semaforizado en el acceso a Orkoien por la NA- 700","description":"La Comisi\u00f3n y la Gerencia de Urbanismo visitan un espacio con zonas ajardinadas y un alcorque corrido de 200 m donde se plantar\u00e1n 27 \u00e1rboles","robots":{"index":"index","follow":"follow","max-snippet":"max-snippet:-1","max-image-preview":"max-image-preview:large","max-video-preview":"max-video-preview:-1"},"canonical":"https:\/\/www.laguiadepamplona.com\/actualidad\/1-240-metros-de-carril-bici-bidireccional-unen-ya-landaben-con-la-avenida-de-san-jorge-y-se-crea-un-paso-peatonal-semaforizado-en-el-acceso-a-orkoien-por-la-na-700\/","og_locale":"es_ES","og_type":"article","og_title":"1.240 metros de carril bici bidireccional unen ya Landaben con la avenida de San Jorge y se crea un paso peatonal semaforizado en el acceso a Orkoien por la NA- 700","og_description":"La Comisi\u00f3n y la Gerencia de Urbanismo visitan un espacio con zonas ajardinadas y un alcorque corrido de 200 m donde se plantar\u00e1n 27 \u00e1rboles","og_url":"https:\/\/www.laguiadepamplona.com\/actualidad\/1-240-metros-de-carril-bici-bidireccional-unen-ya-landaben-con-la-avenida-de-san-jorge-y-se-crea-un-paso-peatonal-semaforizado-en-el-acceso-a-orkoien-por-la-na-700\/","og_site_name":"La Gu\u00eda de Pamplona","article_publisher":"https:\/\/www.facebook.com\/laguiadepamplonacom-133175176762273\/?ref=hl","article_published_time":"2024-11-13T15:11:25+00:00","og_image":[{"width":1000,"height":667,"url":"https:\/\/www.laguiadepamplona.com\/actualidad\/wp-content\/uploads\/2024\/11\/visitacarrilbicilandaben5d41_0.webp","type":"image\/webp"}],"author":"La Gu\u00eda de Pamplona","twitter_card":"summary_large_image","twitter_creator":"@LaGuiadPamplona","twitter_site":"@LaGuiadPamplona","twitter_misc":{"Escrito por":"La Gu\u00eda de Pamplona","Tiempo de lectura":"4 minutos"},"schema":{"@context":"https:\/\/schema.org","@graph":[{"@type":"Article","@id":"https:\/\/www.laguiadepamplona.com\/actualidad\/1-240-metros-de-carril-bici-bidireccional-unen-ya-landaben-con-la-avenida-de-san-jorge-y-se-crea-un-paso-peatonal-semaforizado-en-el-acceso-a-orkoien-por-la-na-700\/#article","isPartOf":{"@id":"https:\/\/www.laguiadepamplona.com\/actualidad\/1-240-metros-de-carril-bici-bidireccional-unen-ya-landaben-con-la-avenida-de-san-jorge-y-se-crea-un-paso-peatonal-semaforizado-en-el-acceso-a-orkoien-por-la-na-700\/"},"author":{"name":"La Gu\u00eda de Pamplona","@id":"https:\/\/www.laguiadepamplona.com\/actualidad\/#\/schema\/person\/efe887376f0213d4657c93adc50b1fdb"},"headline":"1.240 metros de carril bici bidireccional unen ya Landaben con la avenida de San Jorge y se crea un paso peatonal semaforizado en el acceso a Orkoien por la NA- 700","datePublished":"2024-11-13T15:11:25+00:00","mainEntityOfPage":{"@id":"https:\/\/www.laguiadepamplona.com\/actualidad\/1-240-metros-de-carril-bici-bidireccional-unen-ya-landaben-con-la-avenida-de-san-jorge-y-se-crea-un-paso-peatonal-semaforizado-en-el-acceso-a-orkoien-por-la-na-700\/"},"wordCount":879,"commentCount":0,"publisher":{"@id":"https:\/\/www.laguiadepamplona.com\/actualidad\/#organization"},"image":{"@id":"https:\/\/www.laguiadepamplona.com\/actualidad\/1-240-metros-de-carril-bici-bidireccional-unen-ya-landaben-con-la-avenida-de-san-jorge-y-se-crea-un-paso-peatonal-semaforizado-en-el-acceso-a-orkoien-por-la-na-700\/#primaryimage"},"thumbnailUrl":"https:\/\/www.laguiadepamplona.com\/actualidad\/wp-content\/uploads\/2024\/11\/visitacarrilbicilandaben5d41_0.webp","articleSection":["Ayto Pamplona"],"inLanguage":"es","potentialAction":[{"@type":"CommentAction","name":"Comment","target":["https:\/\/www.laguiadepamplona.com\/actualidad\/1-240-metros-de-carril-bici-bidireccional-unen-ya-landaben-con-la-avenida-de-san-jorge-y-se-crea-un-paso-peatonal-semaforizado-en-el-acceso-a-orkoien-por-la-na-700\/#respond"]}]},{"@type":"WebPage","@id":"https:\/\/www.laguiadepamplona.com\/actualidad\/1-240-metros-de-carril-bici-bidireccional-unen-ya-landaben-con-la-avenida-de-san-jorge-y-se-crea-un-paso-peatonal-semaforizado-en-el-acceso-a-orkoien-por-la-na-700\/","url":"https:\/\/www.laguiadepamplona.com\/actualidad\/1-240-metros-de-carril-bici-bidireccional-unen-ya-landaben-con-la-avenida-de-san-jorge-y-se-crea-un-paso-peatonal-semaforizado-en-el-acceso-a-orkoien-por-la-na-700\/","name":"1.240 metros de carril bici bidireccional unen ya Landaben con la avenida de San Jorge y se crea un paso peatonal semaforizado en el acceso a Orkoien por la NA- 700","isPartOf":{"@id":"https:\/\/www.laguiadepamplona.com\/actualidad\/#website"},"primaryImageOfPage":{"@id":"https:\/\/www.laguiadepamplona.com\/actualidad\/1-240-metros-de-carril-bici-bidireccional-unen-ya-landaben-con-la-avenida-de-san-jorge-y-se-crea-un-paso-peatonal-semaforizado-en-el-acceso-a-orkoien-por-la-na-700\/#primaryimage"},"image":{"@id":"https:\/\/www.laguiadepamplona.com\/actualidad\/1-240-metros-de-carril-bici-bidireccional-unen-ya-landaben-con-la-avenida-de-san-jorge-y-se-crea-un-paso-peatonal-semaforizado-en-el-acceso-a-orkoien-por-la-na-700\/#primaryimage"},"thumbnailUrl":"https:\/\/www.laguiadepamplona.com\/actualidad\/wp-content\/uploads\/2024\/11\/visitacarrilbicilandaben5d41_0.webp","datePublished":"2024-11-13T15:11:25+00:00","description":"La Comisi\u00f3n y la Gerencia de Urbanismo visitan un espacio con zonas ajardinadas y un alcorque corrido de 200 m donde se plantar\u00e1n 27 \u00e1rboles","breadcrumb":{"@id":"https:\/\/www.laguiadepamplona.com\/actualidad\/1-240-metros-de-carril-bici-bidireccional-unen-ya-landaben-con-la-avenida-de-san-jorge-y-se-crea-un-paso-peatonal-semaforizado-en-el-acceso-a-orkoien-por-la-na-700\/#breadcrumb"},"inLanguage":"es","potentialAction":[{"@type":"ReadAction","target":["https:\/\/www.laguiadepamplona.com\/actualidad\/1-240-metros-de-carril-bici-bidireccional-unen-ya-landaben-con-la-avenida-de-san-jorge-y-se-crea-un-paso-peatonal-semaforizado-en-el-acceso-a-orkoien-por-la-na-700\/"]}]},{"@type":"ImageObject","inLanguage":"es","@id":"https:\/\/www.laguiadepamplona.com\/actualidad\/1-240-metros-de-carril-bici-bidireccional-unen-ya-landaben-con-la-avenida-de-san-jorge-y-se-crea-un-paso-peatonal-semaforizado-en-el-acceso-a-orkoien-por-la-na-700\/#primaryimage","url":"https:\/\/www.laguiadepamplona.com\/actualidad\/wp-content\/uploads\/2024\/11\/visitacarrilbicilandaben5d41_0.webp","contentUrl":"https:\/\/www.laguiadepamplona.com\/actualidad\/wp-content\/uploads\/2024\/11\/visitacarrilbicilandaben5d41_0.webp","width":1000,"height":667,"caption":"carril bici landaben"},{"@type":"BreadcrumbList","@id":"https:\/\/www.laguiadepamplona.com\/actualidad\/1-240-metros-de-carril-bici-bidireccional-unen-ya-landaben-con-la-avenida-de-san-jorge-y-se-crea-un-paso-peatonal-semaforizado-en-el-acceso-a-orkoien-por-la-na-700\/#breadcrumb","itemListElement":[{"@type":"ListItem","position":1,"name":"Portada","item":"https:\/\/www.laguiadepamplona.com\/actualidad\/"},{"@type":"ListItem","position":2,"name":"1.240 metros de carril bici bidireccional unen ya Landaben con la avenida de San Jorge y se crea un paso peatonal semaforizado en el acceso a Orkoien por la NA- 700"}]},{"@type":"WebSite","@id":"https:\/\/www.laguiadepamplona.com\/actualidad\/#website","url":"https:\/\/www.laguiadepamplona.com\/actualidad\/","name":"La gu\u00eda de Pamplona","description":"Noticias de Pamplona","publisher":{"@id":"https:\/\/www.laguiadepamplona.com\/actualidad\/#organization"},"potentialAction":[{"@type":"SearchAction","target":{"@type":"EntryPoint","urlTemplate":"https:\/\/www.laguiadepamplona.com\/actualidad\/?s={search_term_string}"},"query-input":{"@type":"PropertyValueSpecification","valueRequired":true,"valueName":"search_term_string"}}],"inLanguage":"es"},{"@type":"Organization","@id":"https:\/\/www.laguiadepamplona.com\/actualidad\/#organization","name":"La Gu\u00eda de Pamplona \/ Noticias","url":"https:\/\/www.laguiadepamplona.com\/actualidad\/","logo":{"@type":"ImageObject","inLanguage":"es","@id":"https:\/\/www.laguiadepamplona.com\/actualidad\/#\/schema\/logo\/image\/","url":"https:\/\/www.laguiadepamplona.com\/actualidad\/wp-content\/uploads\/2018\/11\/logo-laguiadepamplona18-web1.png","contentUrl":"https:\/\/www.laguiadepamplona.com\/actualidad\/wp-content\/uploads\/2018\/11\/logo-laguiadepamplona18-web1.png","width":600,"height":196,"caption":"La Gu\u00eda de Pamplona \/ Noticias"},"image":{"@id":"https:\/\/www.laguiadepamplona.com\/actualidad\/#\/schema\/logo\/image\/"},"sameAs":["https:\/\/www.facebook.com\/laguiadepamplonacom-133175176762273\/?ref=hl","https:\/\/x.com\/LaGuiadPamplona","https:\/\/www.instagram.com\/la_guia_de_pamplona\/","https:\/\/www.youtube.com\/user\/laguiadepamplona"]},{"@type":"Person","@id":"https:\/\/www.laguiadepamplona.com\/actualidad\/#\/schema\/person\/efe887376f0213d4657c93adc50b1fdb","name":"La Gu\u00eda de Pamplona","image":{"@type":"ImageObject","inLanguage":"es","@id":"https:\/\/secure.gravatar.com\/avatar\/b6992f131dc8d30ab0dff15446e9d346d9dbd95992de0fef795073f5ea83a81c?s=96&d=mm&r=g","url":"https:\/\/secure.gravatar.com\/avatar\/b6992f131dc8d30ab0dff15446e9d346d9dbd95992de0fef795073f5ea83a81c?s=96&d=mm&r=g","contentUrl":"https:\/\/secure.gravatar.com\/avatar\/b6992f131dc8d30ab0dff15446e9d346d9dbd95992de0fef795073f5ea83a81c?s=96&d=mm&r=g","caption":"La Gu\u00eda de Pamplona"}}]}},"post_mailing_queue_ids":[],"_links":{"self":[{"href":"https:\/\/www.laguiadepamplona.com\/actualidad\/wp-json\/wp\/v2\/posts\/51285","targetHints":{"allow":["GET"]}}],"collection":[{"href":"https:\/\/www.laguiadepamplona.com\/actualidad\/wp-json\/wp\/v2\/posts"}],"about":[{"href":"https:\/\/www.laguiadepamplona.com\/actualidad\/wp-json\/wp\/v2\/types\/post"}],"author":[{"embeddable":true,"href":"https:\/\/www.laguiadepamplona.com\/actualidad\/wp-json\/wp\/v2\/users\/1"}],"replies":[{"embeddable":true,"href":"https:\/\/www.laguiadepamplona.com\/actualidad\/wp-json\/wp\/v2\/comments?post=51285"}],"version-history":[{"count":1,"href":"https:\/\/www.laguiadepamplona.com\/actualidad\/wp-json\/wp\/v2\/posts\/51285\/revisions"}],"predecessor-version":[{"id":51287,"href":"https:\/\/www.laguiadepamplona.com\/actualidad\/wp-json\/wp\/v2\/posts\/51285\/revisions\/51287"}],"wp:featuredmedia":[{"embeddable":true,"href":"https:\/\/www.laguiadepamplona.com\/actualidad\/wp-json\/wp\/v2\/media\/51286"}],"wp:attachment":[{"href":"https:\/\/www.laguiadepamplona.com\/actualidad\/wp-json\/wp\/v2\/media?parent=51285"}],"wp:term":[{"taxonomy":"category","embeddable":true,"href":"https:\/\/www.laguiadepamplona.com\/actualidad\/wp-json\/wp\/v2\/categories?post=51285"},{"taxonomy":"post_tag","embeddable":true,"href":"https:\/\/www.laguiadepamplona.com\/actualidad\/wp-json\/wp\/v2\/tags?post=51285"}],"curies":[{"name":"wp","href":"https:\/\/api.w.org\/{rel}","templated":true}]}}