{"id":51282,"date":"2024-11-12T21:45:10","date_gmt":"2024-11-12T19:45:10","guid":{"rendered":"https:\/\/www.laguiadepamplona.com\/actualidad\/?p=51282"},"modified":"2024-11-12T21:45:10","modified_gmt":"2024-11-12T19:45:10","slug":"el-ayuntamiento-de-pamplona-presenta-su-marca-ciudad-basada-en-la-pluralidad-y-la-vanguardia-arropado-por-entidades-y-colectivos-que-han-participado-en-el-proceso","status":"publish","type":"post","link":"https:\/\/www.laguiadepamplona.com\/actualidad\/el-ayuntamiento-de-pamplona-presenta-su-marca-ciudad-basada-en-la-pluralidad-y-la-vanguardia-arropado-por-entidades-y-colectivos-que-han-participado-en-el-proceso\/","title":{"rendered":"El Ayuntamiento de Pamplona presenta su marca-ciudad basada en la pluralidad y la vanguardia, arropado por entidades y colectivos que han participado en el proceso"},"content":{"rendered":"<h2>En el mismo acto, se han presentado las embajadoras y embajadores que transmitir\u00e1n los valores de esta nueva marca<\/h2>\n<p><!--more--><\/p>\n<p>El Ayuntamiento de Pamplona ha presentado esta tarde en el Teatro Gayarre su nueva marca-ciudad, un proyecto que busca involucrar a la ciudadan\u00eda y a los agentes sociales en la proyecci\u00f3n de una ciudad plural, que busca la contemporaneidad y la vanguardia. Alrededor de 400 personas han asistido al acto, que ha contado con la intervenci\u00f3n de diferentes personalidades y colectivos, que han participado en su proceso de creaci\u00f3n o ser\u00e1n agentes clave en su difusi\u00f3n e implementaci\u00f3n. El alcalde de Pamplona, Joseba Asiron Saez, ha destacado precisamente esa pluralidad de la ciudad a trav\u00e9s de los tiempos, \u201ccomo un lugar de encuentro, un hogar de culturas\u201d. \u201cPamplona, desde siempre y para siempre, ha sido diversa\u201d, ha insistido.<\/p>\n<p>La nueva marca y su lema, \u2018Pamplona = bagara. Iru\u00f1a = de verdad\u2019, nacen de la historia y la identidad de la ciudad, de sus ra\u00edces. Pero mira hacia el futuro y se apoya en la capacidad de trabajo de las personas que viven en Pamplona, en su talento y car\u00e1cter vanguardista. Es una marca que se basa en las personas. La nueva marca-ciudad de Pamplona se plasma en un logotipo que es la expresi\u00f3n visible de su relato, con el signo \u2018=\u2019 como articulador visual. A trav\u00e9s de esta identidad visual, el Consistorio busca plasmar la autenticidad y pluralidad de la ciudad y de sus gentes, que buscan lugares de encuentro, independientemente de su origen o la lengua que hablen.<\/p>\n<p>La paleta de color de la nueva marca Pamplona parte del verde de su bandera que es, adem\u00e1s, expresi\u00f3n de sus parques, zonas verdes y vanguardia en sostenibilidad. El desarrollo crom\u00e1tico de la nueva marca se inspira en los cuadros del pintor pamplon\u00e9s Pedro Salaberri con una gama de verdes, ocres, violeta y granate.<\/p>\n<p>Adem\u00e1s, se ha dise\u00f1ado para ella una nueva familia tipogr\u00e1fica, que recibe el mismo nombre que la ciudad: Pamplona. Se trata de una letra sans serif que est\u00e1 basada en las tipograf\u00edas humanistas y geom\u00e9tricas. Con un car\u00e1cter contempor\u00e1neo y equilibrado, se dota de ciertos rasgos personales y exclusivos, apostando por un marcado car\u00e1cter contempor\u00e1neo y optimista.<\/p>\n<p><strong>Con la participaci\u00f3n de colectivos y asociaciones<\/strong><\/p>\n<p>La presentaci\u00f3n de esta nueva marca es el colof\u00f3n de meses de trabajo y debate en torno a la imagen que de Pamplona se quiere transmitir. Para explicar todo este proceso, en el que acto de presentaci\u00f3n han participado Iosune Baquedano Aldunate, miembro de la junta del Colegio Oficial de Arquitectos y Arquitectas Vasco Navarro, y Javier Errea M\u00fajica, de Errea Comunicaci\u00f3n, quienes han expuesto el proceso de creaci\u00f3n de la marca a trav\u00e9s de una mirada amplia y multidisciplinar hacia la ciudad.<\/p>\n<p>Por parte del Ayuntamiento, en el acto han tomado la palabra Mikel Armend\u00e1riz Barnechea, concejal delegado de Promoci\u00f3n Econ\u00f3mica, Proyecci\u00f3n Europea, Innovaci\u00f3n, Juventud y Cooperaci\u00f3n al Desarrollo; Uxua Dombl\u00e1s Ib\u00e1\u00f1ez, directora de Gobierno Estrat\u00e9gico, Urbanismo, Vivienda y Agenda 2030; y Jos\u00e9 Manuel Romero S\u00e1nchez, de la secci\u00f3n de Polic\u00eda Comunitaria del \u00e1rea de Seguridad Ciudadana. Todos ellos han hecho hincapi\u00e9 en el papel vertebrador del Ayuntamiento a la hora de respetar y multiplicar todas las posibles miradas hacia la ciudad.<\/p>\n<p>Entre los colectivos y asociaciones vinculadas al desarrollo de la marca-ciudad de Pamplona y que han acudido al acto de presentaci\u00f3n, se encuentran, entre otros, Adriana Eransus Azpilicueta, de Aje Navarra; el escritor Patxi Irurzun Ilund\u00e1in; Adriana Red\u00edn Notivoli, gerente de Aedona; Idoia Oneca Mun\u00e1rriz, miembro de la Comisi\u00f3n Espa\u00f1ola de Ayuda al Refugiado; y Rakel Arjol Echeverr\u00eda, presidenta de Federaci\u00f3n de Pe\u00f1as de Pamplona. Todos ellos han aportado el impulso colectivo al proyecto de marca-ciudad, resaltando la necesidad mantener y potenciar la participaci\u00f3n social, una de las se\u00f1as de identidad de la ciudad, a trav\u00e9s de proyectos que busquen la cohesi\u00f3n y el bienestar de la ciudadan\u00eda.<\/p>\n<p><strong>Embajadoras de la marca<\/strong><\/p>\n<p>Con el objetivo de dar a conocer esta nueva marca-ciudad, Pamplona se apoyar\u00e1 en ocho personas que ejercer\u00e1n labores de embajadoras, cuatro mujeres y cuatro hombres. Ellos son ya una cara visible de la ciudad, por su importante trayectoria profesional, y tomar\u00e1n como suyo el eslogan de la ciudad \u2018Pamplona = bagara. Iru\u00f1a = de verdad\u2019.<\/p>\n<p>Se trata de Joanna Artieda Vicente, repostera; Mai Garde Echaleku, futbolista; Nekane Solana Arana, presidenta de La Pamplonesa; Aurora Beltr\u00e1n Gila, m\u00fasica; Juan Mart\u00ednez de Irujo Go\u00f1i, pelotari; C\u00e9sar Oroz Martija, humorista gr\u00e1fico; El Drogas, m\u00fasico; Montxo Armend\u00e1riz Barrios, cineasta. Todos ellos encarnan los valores con los que el Ayuntamiento quiere dotar a la nueva marca-ciudad en el momento de su presentaci\u00f3n: gente abierta, inquieta, honesta, discreta, sensible, comprometida.<\/p>\n<p>A partir de hoy se pondr\u00e1 en marcha un proceso de comunicaci\u00f3n y divulgaci\u00f3n del relato de ciudad tanto a nivel institucional como a trav\u00e9s de encuentros con agentes sectoriales y sociales de la ciudad. Adem\u00e1s, se ha lanzado la plataforma <a href=\"http:\/\/www.marca.pamplona.es\" target=\"_blank\" rel=\"noopener\">www.marca.pamplona.es<\/a>, como parte de la web institucional, que recoge toda la informaci\u00f3n sobre el proyecto.<\/p>\n<p><strong>Proceso de cocreaci\u00f3n<\/strong><\/p>\n<p>En marzo de 2024 comenz\u00f3 proceso de cocreaci\u00f3n de la nueva marca-ciudad, con una metodolog\u00eda de grupos de discusi\u00f3n institucionales y talleres participativos abiertos a toda entidades y colectivos de la ciudad. As\u00ed, el proceso participado se distribuy\u00f3 por mesas. Se crearon cuatro mesas institucionales, que estuvieron vinculadas a lengua y cultura; a entidades tur\u00edsticas para obtener una visi\u00f3n externa y las relativas a econom\u00eda y a ciudad, barrios y proyecci\u00f3n exterior. Las mesas sectoriales se centraron en cultura y artes esc\u00e9nicas, ocio y turismo.<\/p>\n<p>La \u00faltima fase del proceso de an\u00e1lisis institucional fue dise\u00f1ado y dinamizado por el \u00e1rea de Participaci\u00f3n Ciudadana del Ayuntamiento y se orient\u00f3 a una red de asociaciones y colectivos de la ciudad. En este proceso se convocaron m\u00e1s de 1.700 entidades que pudieron participar en las jornadas celebradas los d\u00edas 17 y 19 de abril en Civivox Condestable.<\/p>\n<p>Esta actuaci\u00f3n est\u00e1 enmarcada en el proyecto PSTD Pamplona SF365 y cuenta con financiaci\u00f3n europea a trav\u00e9s del Mecanismo de Recuperaci\u00f3n y Resiliencia \u2013 Next Generation EU, instrumento financiero de la inversi\u00f3n C14.I1 del Plan de Recuperaci\u00f3n, Transformaci\u00f3n y Resiliencia del Gobierno de Espa\u00f1a. En este contexto, Pamplona ha recibido una ayuda de 5.492.500 euros a ejecutar en tres a\u00f1os para el despliegue y desarrollo del Plan de Sostenibilidad Tur\u00edstica en Destino \u201cPamplona SF365\u201d, que presenta 13 actuaciones vertebradas<\/p>\n","protected":false},"excerpt":{"rendered":"<p>En el mismo acto, se han presentado las embajadoras y embajadores que transmitir\u00e1n los valores de esta nueva marca<\/p>\n","protected":false},"author":1,"featured_media":51283,"comment_status":"open","ping_status":"closed","sticky":false,"template":"","format":"standard","meta":{"footnotes":""},"categories":[2],"tags":[],"class_list":["post-51282","post","type-post","status-publish","format-standard","has-post-thumbnail","hentry","category-ayuntamiento-pamplona"],"yoast_head":"<!-- This site is optimized with the Yoast SEO plugin v27.3 - https:\/\/yoast.com\/product\/yoast-seo-wordpress\/ -->\n<title>El Ayuntamiento de Pamplona presenta su marca-ciudad basada en la pluralidad y la vanguardia, arropado por entidades y colectivos que han participado en el proceso<\/title>\n<meta name=\"description\" content=\"En el mismo acto, se han presentado las embajadoras y embajadores que transmitir\u00e1n los valores de esta nueva marca\" \/>\n<meta name=\"robots\" content=\"index, follow, max-snippet:-1, max-image-preview:large, max-video-preview:-1\" \/>\n<link rel=\"canonical\" href=\"https:\/\/www.laguiadepamplona.com\/actualidad\/el-ayuntamiento-de-pamplona-presenta-su-marca-ciudad-basada-en-la-pluralidad-y-la-vanguardia-arropado-por-entidades-y-colectivos-que-han-participado-en-el-proceso\/\" \/>\n<meta property=\"og:locale\" content=\"es_ES\" \/>\n<meta property=\"og:type\" content=\"article\" \/>\n<meta property=\"og:title\" content=\"El Ayuntamiento de Pamplona presenta su marca-ciudad basada en la pluralidad y la vanguardia, arropado por entidades y colectivos que han participado en el proceso\" \/>\n<meta property=\"og:description\" content=\"En el mismo acto, se han presentado las embajadoras y embajadores que transmitir\u00e1n los valores de esta nueva marca\" \/>\n<meta property=\"og:url\" content=\"https:\/\/www.laguiadepamplona.com\/actualidad\/el-ayuntamiento-de-pamplona-presenta-su-marca-ciudad-basada-en-la-pluralidad-y-la-vanguardia-arropado-por-entidades-y-colectivos-que-han-participado-en-el-proceso\/\" \/>\n<meta property=\"og:site_name\" content=\"La Gu\u00eda de Pamplona\" \/>\n<meta property=\"article:publisher\" content=\"https:\/\/www.facebook.com\/laguiadepamplonacom-133175176762273\/?ref=hl\" \/>\n<meta property=\"article:published_time\" content=\"2024-11-12T19:45:10+00:00\" \/>\n<meta property=\"og:image\" content=\"https:\/\/www.laguiadepamplona.com\/actualidad\/wp-content\/uploads\/2024\/11\/AYUNTPAM-marca-pamplona.webp\" \/>\n\t<meta property=\"og:image:width\" content=\"1000\" \/>\n\t<meta property=\"og:image:height\" content=\"667\" \/>\n\t<meta property=\"og:image:type\" content=\"image\/webp\" \/>\n<meta name=\"author\" content=\"La Gu\u00eda de Pamplona\" \/>\n<meta name=\"twitter:card\" content=\"summary_large_image\" \/>\n<meta name=\"twitter:creator\" content=\"@LaGuiadPamplona\" \/>\n<meta name=\"twitter:site\" content=\"@LaGuiadPamplona\" \/>\n<meta name=\"twitter:label1\" content=\"Escrito por\" \/>\n\t<meta name=\"twitter:data1\" content=\"La Gu\u00eda de Pamplona\" \/>\n\t<meta name=\"twitter:label2\" content=\"Tiempo de lectura\" \/>\n\t<meta name=\"twitter:data2\" content=\"5 minutos\" \/>\n<script type=\"application\/ld+json\" class=\"yoast-schema-graph\">{\"@context\":\"https:\\\/\\\/schema.org\",\"@graph\":[{\"@type\":\"Article\",\"@id\":\"https:\\\/\\\/www.laguiadepamplona.com\\\/actualidad\\\/el-ayuntamiento-de-pamplona-presenta-su-marca-ciudad-basada-en-la-pluralidad-y-la-vanguardia-arropado-por-entidades-y-colectivos-que-han-participado-en-el-proceso\\\/#article\",\"isPartOf\":{\"@id\":\"https:\\\/\\\/www.laguiadepamplona.com\\\/actualidad\\\/el-ayuntamiento-de-pamplona-presenta-su-marca-ciudad-basada-en-la-pluralidad-y-la-vanguardia-arropado-por-entidades-y-colectivos-que-han-participado-en-el-proceso\\\/\"},\"author\":{\"name\":\"La Gu\u00eda de Pamplona\",\"@id\":\"https:\\\/\\\/www.laguiadepamplona.com\\\/actualidad\\\/#\\\/schema\\\/person\\\/efe887376f0213d4657c93adc50b1fdb\"},\"headline\":\"El Ayuntamiento de Pamplona presenta su marca-ciudad basada en la pluralidad y la vanguardia, arropado por entidades y colectivos que han participado en el proceso\",\"datePublished\":\"2024-11-12T19:45:10+00:00\",\"mainEntityOfPage\":{\"@id\":\"https:\\\/\\\/www.laguiadepamplona.com\\\/actualidad\\\/el-ayuntamiento-de-pamplona-presenta-su-marca-ciudad-basada-en-la-pluralidad-y-la-vanguardia-arropado-por-entidades-y-colectivos-que-han-participado-en-el-proceso\\\/\"},\"wordCount\":1175,\"commentCount\":0,\"publisher\":{\"@id\":\"https:\\\/\\\/www.laguiadepamplona.com\\\/actualidad\\\/#organization\"},\"image\":{\"@id\":\"https:\\\/\\\/www.laguiadepamplona.com\\\/actualidad\\\/el-ayuntamiento-de-pamplona-presenta-su-marca-ciudad-basada-en-la-pluralidad-y-la-vanguardia-arropado-por-entidades-y-colectivos-que-han-participado-en-el-proceso\\\/#primaryimage\"},\"thumbnailUrl\":\"https:\\\/\\\/www.laguiadepamplona.com\\\/actualidad\\\/wp-content\\\/uploads\\\/2024\\\/11\\\/AYUNTPAM-marca-pamplona.webp\",\"articleSection\":[\"Ayto Pamplona\"],\"inLanguage\":\"es\",\"potentialAction\":[{\"@type\":\"CommentAction\",\"name\":\"Comment\",\"target\":[\"https:\\\/\\\/www.laguiadepamplona.com\\\/actualidad\\\/el-ayuntamiento-de-pamplona-presenta-su-marca-ciudad-basada-en-la-pluralidad-y-la-vanguardia-arropado-por-entidades-y-colectivos-que-han-participado-en-el-proceso\\\/#respond\"]}]},{\"@type\":\"WebPage\",\"@id\":\"https:\\\/\\\/www.laguiadepamplona.com\\\/actualidad\\\/el-ayuntamiento-de-pamplona-presenta-su-marca-ciudad-basada-en-la-pluralidad-y-la-vanguardia-arropado-por-entidades-y-colectivos-que-han-participado-en-el-proceso\\\/\",\"url\":\"https:\\\/\\\/www.laguiadepamplona.com\\\/actualidad\\\/el-ayuntamiento-de-pamplona-presenta-su-marca-ciudad-basada-en-la-pluralidad-y-la-vanguardia-arropado-por-entidades-y-colectivos-que-han-participado-en-el-proceso\\\/\",\"name\":\"El Ayuntamiento de Pamplona presenta su marca-ciudad basada en la pluralidad y la vanguardia, arropado por entidades y colectivos que han participado en el proceso\",\"isPartOf\":{\"@id\":\"https:\\\/\\\/www.laguiadepamplona.com\\\/actualidad\\\/#website\"},\"primaryImageOfPage\":{\"@id\":\"https:\\\/\\\/www.laguiadepamplona.com\\\/actualidad\\\/el-ayuntamiento-de-pamplona-presenta-su-marca-ciudad-basada-en-la-pluralidad-y-la-vanguardia-arropado-por-entidades-y-colectivos-que-han-participado-en-el-proceso\\\/#primaryimage\"},\"image\":{\"@id\":\"https:\\\/\\\/www.laguiadepamplona.com\\\/actualidad\\\/el-ayuntamiento-de-pamplona-presenta-su-marca-ciudad-basada-en-la-pluralidad-y-la-vanguardia-arropado-por-entidades-y-colectivos-que-han-participado-en-el-proceso\\\/#primaryimage\"},\"thumbnailUrl\":\"https:\\\/\\\/www.laguiadepamplona.com\\\/actualidad\\\/wp-content\\\/uploads\\\/2024\\\/11\\\/AYUNTPAM-marca-pamplona.webp\",\"datePublished\":\"2024-11-12T19:45:10+00:00\",\"description\":\"En el mismo acto, se han presentado las embajadoras y embajadores que transmitir\u00e1n los valores de esta nueva marca\",\"breadcrumb\":{\"@id\":\"https:\\\/\\\/www.laguiadepamplona.com\\\/actualidad\\\/el-ayuntamiento-de-pamplona-presenta-su-marca-ciudad-basada-en-la-pluralidad-y-la-vanguardia-arropado-por-entidades-y-colectivos-que-han-participado-en-el-proceso\\\/#breadcrumb\"},\"inLanguage\":\"es\",\"potentialAction\":[{\"@type\":\"ReadAction\",\"target\":[\"https:\\\/\\\/www.laguiadepamplona.com\\\/actualidad\\\/el-ayuntamiento-de-pamplona-presenta-su-marca-ciudad-basada-en-la-pluralidad-y-la-vanguardia-arropado-por-entidades-y-colectivos-que-han-participado-en-el-proceso\\\/\"]}]},{\"@type\":\"ImageObject\",\"inLanguage\":\"es\",\"@id\":\"https:\\\/\\\/www.laguiadepamplona.com\\\/actualidad\\\/el-ayuntamiento-de-pamplona-presenta-su-marca-ciudad-basada-en-la-pluralidad-y-la-vanguardia-arropado-por-entidades-y-colectivos-que-han-participado-en-el-proceso\\\/#primaryimage\",\"url\":\"https:\\\/\\\/www.laguiadepamplona.com\\\/actualidad\\\/wp-content\\\/uploads\\\/2024\\\/11\\\/AYUNTPAM-marca-pamplona.webp\",\"contentUrl\":\"https:\\\/\\\/www.laguiadepamplona.com\\\/actualidad\\\/wp-content\\\/uploads\\\/2024\\\/11\\\/AYUNTPAM-marca-pamplona.webp\",\"width\":1000,\"height\":667,\"caption\":\"marca pamplona\"},{\"@type\":\"BreadcrumbList\",\"@id\":\"https:\\\/\\\/www.laguiadepamplona.com\\\/actualidad\\\/el-ayuntamiento-de-pamplona-presenta-su-marca-ciudad-basada-en-la-pluralidad-y-la-vanguardia-arropado-por-entidades-y-colectivos-que-han-participado-en-el-proceso\\\/#breadcrumb\",\"itemListElement\":[{\"@type\":\"ListItem\",\"position\":1,\"name\":\"Portada\",\"item\":\"https:\\\/\\\/www.laguiadepamplona.com\\\/actualidad\\\/\"},{\"@type\":\"ListItem\",\"position\":2,\"name\":\"El Ayuntamiento de Pamplona presenta su marca-ciudad basada en la pluralidad y la vanguardia, arropado por entidades y colectivos que han participado en el proceso\"}]},{\"@type\":\"WebSite\",\"@id\":\"https:\\\/\\\/www.laguiadepamplona.com\\\/actualidad\\\/#website\",\"url\":\"https:\\\/\\\/www.laguiadepamplona.com\\\/actualidad\\\/\",\"name\":\"La gu\u00eda de Pamplona\",\"description\":\"Noticias de Pamplona\",\"publisher\":{\"@id\":\"https:\\\/\\\/www.laguiadepamplona.com\\\/actualidad\\\/#organization\"},\"potentialAction\":[{\"@type\":\"SearchAction\",\"target\":{\"@type\":\"EntryPoint\",\"urlTemplate\":\"https:\\\/\\\/www.laguiadepamplona.com\\\/actualidad\\\/?s={search_term_string}\"},\"query-input\":{\"@type\":\"PropertyValueSpecification\",\"valueRequired\":true,\"valueName\":\"search_term_string\"}}],\"inLanguage\":\"es\"},{\"@type\":\"Organization\",\"@id\":\"https:\\\/\\\/www.laguiadepamplona.com\\\/actualidad\\\/#organization\",\"name\":\"La Gu\u00eda de Pamplona \\\/ Noticias\",\"url\":\"https:\\\/\\\/www.laguiadepamplona.com\\\/actualidad\\\/\",\"logo\":{\"@type\":\"ImageObject\",\"inLanguage\":\"es\",\"@id\":\"https:\\\/\\\/www.laguiadepamplona.com\\\/actualidad\\\/#\\\/schema\\\/logo\\\/image\\\/\",\"url\":\"https:\\\/\\\/www.laguiadepamplona.com\\\/actualidad\\\/wp-content\\\/uploads\\\/2018\\\/11\\\/logo-laguiadepamplona18-web1.png\",\"contentUrl\":\"https:\\\/\\\/www.laguiadepamplona.com\\\/actualidad\\\/wp-content\\\/uploads\\\/2018\\\/11\\\/logo-laguiadepamplona18-web1.png\",\"width\":600,\"height\":196,\"caption\":\"La Gu\u00eda de Pamplona \\\/ Noticias\"},\"image\":{\"@id\":\"https:\\\/\\\/www.laguiadepamplona.com\\\/actualidad\\\/#\\\/schema\\\/logo\\\/image\\\/\"},\"sameAs\":[\"https:\\\/\\\/www.facebook.com\\\/laguiadepamplonacom-133175176762273\\\/?ref=hl\",\"https:\\\/\\\/x.com\\\/LaGuiadPamplona\",\"https:\\\/\\\/www.instagram.com\\\/la_guia_de_pamplona\\\/\",\"https:\\\/\\\/www.youtube.com\\\/user\\\/laguiadepamplona\"]},{\"@type\":\"Person\",\"@id\":\"https:\\\/\\\/www.laguiadepamplona.com\\\/actualidad\\\/#\\\/schema\\\/person\\\/efe887376f0213d4657c93adc50b1fdb\",\"name\":\"La Gu\u00eda de Pamplona\",\"image\":{\"@type\":\"ImageObject\",\"inLanguage\":\"es\",\"@id\":\"https:\\\/\\\/secure.gravatar.com\\\/avatar\\\/b6992f131dc8d30ab0dff15446e9d346d9dbd95992de0fef795073f5ea83a81c?s=96&d=mm&r=g\",\"url\":\"https:\\\/\\\/secure.gravatar.com\\\/avatar\\\/b6992f131dc8d30ab0dff15446e9d346d9dbd95992de0fef795073f5ea83a81c?s=96&d=mm&r=g\",\"contentUrl\":\"https:\\\/\\\/secure.gravatar.com\\\/avatar\\\/b6992f131dc8d30ab0dff15446e9d346d9dbd95992de0fef795073f5ea83a81c?s=96&d=mm&r=g\",\"caption\":\"La Gu\u00eda de Pamplona\"}}]}<\/script>\n<!-- \/ Yoast SEO plugin. -->","yoast_head_json":{"title":"El Ayuntamiento de Pamplona presenta su marca-ciudad basada en la pluralidad y la vanguardia, arropado por entidades y colectivos que han participado en el proceso","description":"En el mismo acto, se han presentado las embajadoras y embajadores que transmitir\u00e1n los valores de esta nueva marca","robots":{"index":"index","follow":"follow","max-snippet":"max-snippet:-1","max-image-preview":"max-image-preview:large","max-video-preview":"max-video-preview:-1"},"canonical":"https:\/\/www.laguiadepamplona.com\/actualidad\/el-ayuntamiento-de-pamplona-presenta-su-marca-ciudad-basada-en-la-pluralidad-y-la-vanguardia-arropado-por-entidades-y-colectivos-que-han-participado-en-el-proceso\/","og_locale":"es_ES","og_type":"article","og_title":"El Ayuntamiento de Pamplona presenta su marca-ciudad basada en la pluralidad y la vanguardia, arropado por entidades y colectivos que han participado en el proceso","og_description":"En el mismo acto, se han presentado las embajadoras y embajadores que transmitir\u00e1n los valores de esta nueva marca","og_url":"https:\/\/www.laguiadepamplona.com\/actualidad\/el-ayuntamiento-de-pamplona-presenta-su-marca-ciudad-basada-en-la-pluralidad-y-la-vanguardia-arropado-por-entidades-y-colectivos-que-han-participado-en-el-proceso\/","og_site_name":"La Gu\u00eda de Pamplona","article_publisher":"https:\/\/www.facebook.com\/laguiadepamplonacom-133175176762273\/?ref=hl","article_published_time":"2024-11-12T19:45:10+00:00","og_image":[{"width":1000,"height":667,"url":"https:\/\/www.laguiadepamplona.com\/actualidad\/wp-content\/uploads\/2024\/11\/AYUNTPAM-marca-pamplona.webp","type":"image\/webp"}],"author":"La Gu\u00eda de Pamplona","twitter_card":"summary_large_image","twitter_creator":"@LaGuiadPamplona","twitter_site":"@LaGuiadPamplona","twitter_misc":{"Escrito por":"La Gu\u00eda de Pamplona","Tiempo de lectura":"5 minutos"},"schema":{"@context":"https:\/\/schema.org","@graph":[{"@type":"Article","@id":"https:\/\/www.laguiadepamplona.com\/actualidad\/el-ayuntamiento-de-pamplona-presenta-su-marca-ciudad-basada-en-la-pluralidad-y-la-vanguardia-arropado-por-entidades-y-colectivos-que-han-participado-en-el-proceso\/#article","isPartOf":{"@id":"https:\/\/www.laguiadepamplona.com\/actualidad\/el-ayuntamiento-de-pamplona-presenta-su-marca-ciudad-basada-en-la-pluralidad-y-la-vanguardia-arropado-por-entidades-y-colectivos-que-han-participado-en-el-proceso\/"},"author":{"name":"La Gu\u00eda de Pamplona","@id":"https:\/\/www.laguiadepamplona.com\/actualidad\/#\/schema\/person\/efe887376f0213d4657c93adc50b1fdb"},"headline":"El Ayuntamiento de Pamplona presenta su marca-ciudad basada en la pluralidad y la vanguardia, arropado por entidades y colectivos que han participado en el proceso","datePublished":"2024-11-12T19:45:10+00:00","mainEntityOfPage":{"@id":"https:\/\/www.laguiadepamplona.com\/actualidad\/el-ayuntamiento-de-pamplona-presenta-su-marca-ciudad-basada-en-la-pluralidad-y-la-vanguardia-arropado-por-entidades-y-colectivos-que-han-participado-en-el-proceso\/"},"wordCount":1175,"commentCount":0,"publisher":{"@id":"https:\/\/www.laguiadepamplona.com\/actualidad\/#organization"},"image":{"@id":"https:\/\/www.laguiadepamplona.com\/actualidad\/el-ayuntamiento-de-pamplona-presenta-su-marca-ciudad-basada-en-la-pluralidad-y-la-vanguardia-arropado-por-entidades-y-colectivos-que-han-participado-en-el-proceso\/#primaryimage"},"thumbnailUrl":"https:\/\/www.laguiadepamplona.com\/actualidad\/wp-content\/uploads\/2024\/11\/AYUNTPAM-marca-pamplona.webp","articleSection":["Ayto Pamplona"],"inLanguage":"es","potentialAction":[{"@type":"CommentAction","name":"Comment","target":["https:\/\/www.laguiadepamplona.com\/actualidad\/el-ayuntamiento-de-pamplona-presenta-su-marca-ciudad-basada-en-la-pluralidad-y-la-vanguardia-arropado-por-entidades-y-colectivos-que-han-participado-en-el-proceso\/#respond"]}]},{"@type":"WebPage","@id":"https:\/\/www.laguiadepamplona.com\/actualidad\/el-ayuntamiento-de-pamplona-presenta-su-marca-ciudad-basada-en-la-pluralidad-y-la-vanguardia-arropado-por-entidades-y-colectivos-que-han-participado-en-el-proceso\/","url":"https:\/\/www.laguiadepamplona.com\/actualidad\/el-ayuntamiento-de-pamplona-presenta-su-marca-ciudad-basada-en-la-pluralidad-y-la-vanguardia-arropado-por-entidades-y-colectivos-que-han-participado-en-el-proceso\/","name":"El Ayuntamiento de Pamplona presenta su marca-ciudad basada en la pluralidad y la vanguardia, arropado por entidades y colectivos que han participado en el proceso","isPartOf":{"@id":"https:\/\/www.laguiadepamplona.com\/actualidad\/#website"},"primaryImageOfPage":{"@id":"https:\/\/www.laguiadepamplona.com\/actualidad\/el-ayuntamiento-de-pamplona-presenta-su-marca-ciudad-basada-en-la-pluralidad-y-la-vanguardia-arropado-por-entidades-y-colectivos-que-han-participado-en-el-proceso\/#primaryimage"},"image":{"@id":"https:\/\/www.laguiadepamplona.com\/actualidad\/el-ayuntamiento-de-pamplona-presenta-su-marca-ciudad-basada-en-la-pluralidad-y-la-vanguardia-arropado-por-entidades-y-colectivos-que-han-participado-en-el-proceso\/#primaryimage"},"thumbnailUrl":"https:\/\/www.laguiadepamplona.com\/actualidad\/wp-content\/uploads\/2024\/11\/AYUNTPAM-marca-pamplona.webp","datePublished":"2024-11-12T19:45:10+00:00","description":"En el mismo acto, se han presentado las embajadoras y embajadores que transmitir\u00e1n los valores de esta nueva marca","breadcrumb":{"@id":"https:\/\/www.laguiadepamplona.com\/actualidad\/el-ayuntamiento-de-pamplona-presenta-su-marca-ciudad-basada-en-la-pluralidad-y-la-vanguardia-arropado-por-entidades-y-colectivos-que-han-participado-en-el-proceso\/#breadcrumb"},"inLanguage":"es","potentialAction":[{"@type":"ReadAction","target":["https:\/\/www.laguiadepamplona.com\/actualidad\/el-ayuntamiento-de-pamplona-presenta-su-marca-ciudad-basada-en-la-pluralidad-y-la-vanguardia-arropado-por-entidades-y-colectivos-que-han-participado-en-el-proceso\/"]}]},{"@type":"ImageObject","inLanguage":"es","@id":"https:\/\/www.laguiadepamplona.com\/actualidad\/el-ayuntamiento-de-pamplona-presenta-su-marca-ciudad-basada-en-la-pluralidad-y-la-vanguardia-arropado-por-entidades-y-colectivos-que-han-participado-en-el-proceso\/#primaryimage","url":"https:\/\/www.laguiadepamplona.com\/actualidad\/wp-content\/uploads\/2024\/11\/AYUNTPAM-marca-pamplona.webp","contentUrl":"https:\/\/www.laguiadepamplona.com\/actualidad\/wp-content\/uploads\/2024\/11\/AYUNTPAM-marca-pamplona.webp","width":1000,"height":667,"caption":"marca pamplona"},{"@type":"BreadcrumbList","@id":"https:\/\/www.laguiadepamplona.com\/actualidad\/el-ayuntamiento-de-pamplona-presenta-su-marca-ciudad-basada-en-la-pluralidad-y-la-vanguardia-arropado-por-entidades-y-colectivos-que-han-participado-en-el-proceso\/#breadcrumb","itemListElement":[{"@type":"ListItem","position":1,"name":"Portada","item":"https:\/\/www.laguiadepamplona.com\/actualidad\/"},{"@type":"ListItem","position":2,"name":"El Ayuntamiento de Pamplona presenta su marca-ciudad basada en la pluralidad y la vanguardia, arropado por entidades y colectivos que han participado en el proceso"}]},{"@type":"WebSite","@id":"https:\/\/www.laguiadepamplona.com\/actualidad\/#website","url":"https:\/\/www.laguiadepamplona.com\/actualidad\/","name":"La gu\u00eda de Pamplona","description":"Noticias de Pamplona","publisher":{"@id":"https:\/\/www.laguiadepamplona.com\/actualidad\/#organization"},"potentialAction":[{"@type":"SearchAction","target":{"@type":"EntryPoint","urlTemplate":"https:\/\/www.laguiadepamplona.com\/actualidad\/?s={search_term_string}"},"query-input":{"@type":"PropertyValueSpecification","valueRequired":true,"valueName":"search_term_string"}}],"inLanguage":"es"},{"@type":"Organization","@id":"https:\/\/www.laguiadepamplona.com\/actualidad\/#organization","name":"La Gu\u00eda de Pamplona \/ Noticias","url":"https:\/\/www.laguiadepamplona.com\/actualidad\/","logo":{"@type":"ImageObject","inLanguage":"es","@id":"https:\/\/www.laguiadepamplona.com\/actualidad\/#\/schema\/logo\/image\/","url":"https:\/\/www.laguiadepamplona.com\/actualidad\/wp-content\/uploads\/2018\/11\/logo-laguiadepamplona18-web1.png","contentUrl":"https:\/\/www.laguiadepamplona.com\/actualidad\/wp-content\/uploads\/2018\/11\/logo-laguiadepamplona18-web1.png","width":600,"height":196,"caption":"La Gu\u00eda de Pamplona \/ Noticias"},"image":{"@id":"https:\/\/www.laguiadepamplona.com\/actualidad\/#\/schema\/logo\/image\/"},"sameAs":["https:\/\/www.facebook.com\/laguiadepamplonacom-133175176762273\/?ref=hl","https:\/\/x.com\/LaGuiadPamplona","https:\/\/www.instagram.com\/la_guia_de_pamplona\/","https:\/\/www.youtube.com\/user\/laguiadepamplona"]},{"@type":"Person","@id":"https:\/\/www.laguiadepamplona.com\/actualidad\/#\/schema\/person\/efe887376f0213d4657c93adc50b1fdb","name":"La Gu\u00eda de Pamplona","image":{"@type":"ImageObject","inLanguage":"es","@id":"https:\/\/secure.gravatar.com\/avatar\/b6992f131dc8d30ab0dff15446e9d346d9dbd95992de0fef795073f5ea83a81c?s=96&d=mm&r=g","url":"https:\/\/secure.gravatar.com\/avatar\/b6992f131dc8d30ab0dff15446e9d346d9dbd95992de0fef795073f5ea83a81c?s=96&d=mm&r=g","contentUrl":"https:\/\/secure.gravatar.com\/avatar\/b6992f131dc8d30ab0dff15446e9d346d9dbd95992de0fef795073f5ea83a81c?s=96&d=mm&r=g","caption":"La Gu\u00eda de Pamplona"}}]}},"post_mailing_queue_ids":[],"_links":{"self":[{"href":"https:\/\/www.laguiadepamplona.com\/actualidad\/wp-json\/wp\/v2\/posts\/51282","targetHints":{"allow":["GET"]}}],"collection":[{"href":"https:\/\/www.laguiadepamplona.com\/actualidad\/wp-json\/wp\/v2\/posts"}],"about":[{"href":"https:\/\/www.laguiadepamplona.com\/actualidad\/wp-json\/wp\/v2\/types\/post"}],"author":[{"embeddable":true,"href":"https:\/\/www.laguiadepamplona.com\/actualidad\/wp-json\/wp\/v2\/users\/1"}],"replies":[{"embeddable":true,"href":"https:\/\/www.laguiadepamplona.com\/actualidad\/wp-json\/wp\/v2\/comments?post=51282"}],"version-history":[{"count":1,"href":"https:\/\/www.laguiadepamplona.com\/actualidad\/wp-json\/wp\/v2\/posts\/51282\/revisions"}],"predecessor-version":[{"id":51284,"href":"https:\/\/www.laguiadepamplona.com\/actualidad\/wp-json\/wp\/v2\/posts\/51282\/revisions\/51284"}],"wp:featuredmedia":[{"embeddable":true,"href":"https:\/\/www.laguiadepamplona.com\/actualidad\/wp-json\/wp\/v2\/media\/51283"}],"wp:attachment":[{"href":"https:\/\/www.laguiadepamplona.com\/actualidad\/wp-json\/wp\/v2\/media?parent=51282"}],"wp:term":[{"taxonomy":"category","embeddable":true,"href":"https:\/\/www.laguiadepamplona.com\/actualidad\/wp-json\/wp\/v2\/categories?post=51282"},{"taxonomy":"post_tag","embeddable":true,"href":"https:\/\/www.laguiadepamplona.com\/actualidad\/wp-json\/wp\/v2\/tags?post=51282"}],"curies":[{"name":"wp","href":"https:\/\/api.w.org\/{rel}","templated":true}]}}