{"id":51269,"date":"2024-11-11T20:56:34","date_gmt":"2024-11-11T18:56:34","guid":{"rendered":"https:\/\/www.laguiadepamplona.com\/actualidad\/?p=51269"},"modified":"2024-11-11T20:56:34","modified_gmt":"2024-11-11T18:56:34","slug":"los-alcaldes-de-pamplona-y-zizur-mayor-coinciden-en-la-necesidad-de-priorizar-el-rediseno-de-la-conexion-entre-ambos-municipios-con-el-psis-de-etxabakoitz","status":"publish","type":"post","link":"https:\/\/www.laguiadepamplona.com\/actualidad\/los-alcaldes-de-pamplona-y-zizur-mayor-coinciden-en-la-necesidad-de-priorizar-el-rediseno-de-la-conexion-entre-ambos-municipios-con-el-psis-de-etxabakoitz\/","title":{"rendered":"Los alcaldes de Pamplona y Zizur Mayor coinciden en la necesidad de priorizar el redise\u00f1o de la conexi\u00f3n entre ambos municipios con el PSIS de Etxabakoitz"},"content":{"rendered":"<h2>Joseba Asiron se re\u00fane con Jon Gond\u00e1n en la ronda de reuniones con los mandatarios de la Comarca para coordinar actuaciones<\/h2>\n<p><!--more--><\/p>\n<p>Los alcaldes de Pamplona y Zizur Mayor han coincidido en la necesidad de priorizar el redise\u00f1o de la conexi\u00f3n que existe actualmente entre ambos municipios con un eje urbano en el que el transporte p\u00fablico y la movilidad sostenible tengan un papel relevante con el desarrollo del PSIS de Etxabakoitz. Esta soluci\u00f3n apostar\u00eda m\u00e1s por la prolongaci\u00f3n de la avenida de Ar\u00f3stegui antes que en impulsar una conexi\u00f3n viaria tipo ronda.<\/p>\n<p>Este es uno de los temas tratados por Joseba Asiron y Jon Gondan, en la reuni\u00f3n que han mantenido en el Ayuntamiento de Pamplona en la ronda de contactos que el primer edil pamplon\u00e9s est\u00e1 manteniendo con los alcaldes de la Comarca para coordinar actuaciones.<\/p>\n<p>El tema central de la reuni\u00f3n fue el PSIS de Etxabakoitz. Ambos mandatarios expusieron sus preocupaciones y valoraciones, haciendo especial \u00e9nfasis en los puntos de coincidencia. As\u00ed, con respecto a la re-delimitaci\u00f3n de las lindes de cada municipio, ambos alcaldes consideran que deben resolverse antes de que se ponga en marcha el proyecto, con el fin de evitar que se produczcan en el futuro realidades como la que se est\u00e1 viviendo hoy con Erripaga\u00f1a, un barrio dividido en cuatro ayuntamientos con los problemas que supone para su gesti\u00f3n y su dotaci\u00f3n de servicios.<\/p>\n<p>En cuanto al aspecto residencial siguiente al PSIS, los alcaldes coinciden en que deber\u00eda ser liderado por Pamplona, mientras los dem\u00e1s ayuntamientos podr\u00edan realizar permuta de terrenos por otros terrenos o por espacios para otros usos.<\/p>\n<p>En todo caso, Asiron y Gond\u00e1n reconocieron la obligaci\u00f3n de cualquier soluci\u00f3n a este proyecto deber\u00e1 contar con la participaci\u00f3n de los otros dos municipios afectados: Bara\u00f1ain y Cizur Menor. En este sentido, los alcaldes se emplazaron a una nueva reuni\u00f3n junto con sus hom\u00f3nimos en estos dos municipios a principios de 2025.<\/p>\n<p>Adem\u00e1s del PSIS de Etxabakoitz, los alcaldes de Pamplona y Zizur Mayor compartieron su disposici\u00f3n a colaborar para desarrollar el convenio de aparcamiento de bicicletas, que suscribieron la semana pasada junto con los ayuntamientos de Valle de Eg\u00fc\u00e9s y Berriozar y que<\/p>\n<p>supondr\u00e1 la unificaci\u00f3n de sus redes y m\u00f3dulos de aparcamientos cubiertos para bicicletas en un solo servicio para facilitar as\u00ed su utilizaci\u00f3n a la ciudadan\u00eda. En torno a la bicicleta, tambi\u00e9n conversaron sobre las posibilidades para la creaci\u00f3n de un sistema de alquiler de bici el\u00e9ctrica a nivel comarcal.<\/p>\n<p>Asimismo, los alcaldes repasaron en su reuni\u00f3n otras tem\u00e1ticas comunes en la Mancomunidad de la Comarca de Pamplona, en especial la mejora del servicio del transporte urbano comarcal (TUC) y la recuperaci\u00f3n de los trabajos del PMUS de la Comarca, y en la Federai\u00f3n Navarra de Municipios y Concejos.<\/p>\n","protected":false},"excerpt":{"rendered":"<p>Joseba Asiron se re\u00fane con Jon Gond\u00e1n en la ronda de reuniones con los mandatarios de la Comarca para coordinar actuaciones<\/p>\n","protected":false},"author":1,"featured_media":51270,"comment_status":"open","ping_status":"closed","sticky":false,"template":"","format":"standard","meta":{"footnotes":""},"categories":[2],"tags":[],"class_list":["post-51269","post","type-post","status-publish","format-standard","has-post-thumbnail","hentry","category-ayuntamiento-pamplona"],"yoast_head":"<!-- This site is optimized with the Yoast SEO plugin v27.3 - https:\/\/yoast.com\/product\/yoast-seo-wordpress\/ -->\n<title>Los alcaldes de Pamplona y Zizur Mayor coinciden en la necesidad de priorizar el redise\u00f1o de la conexi\u00f3n entre ambos municipios con el PSIS de Etxabakoitz<\/title>\n<meta name=\"description\" content=\"Joseba Asiron se re\u00fane con Jon Gond\u00e1n en la ronda de reuniones con los mandatarios de la Comarca para coordinar actuaciones\" \/>\n<meta name=\"robots\" content=\"index, follow, max-snippet:-1, max-image-preview:large, max-video-preview:-1\" \/>\n<link rel=\"canonical\" href=\"https:\/\/www.laguiadepamplona.com\/actualidad\/los-alcaldes-de-pamplona-y-zizur-mayor-coinciden-en-la-necesidad-de-priorizar-el-rediseno-de-la-conexion-entre-ambos-municipios-con-el-psis-de-etxabakoitz\/\" \/>\n<meta property=\"og:locale\" content=\"es_ES\" \/>\n<meta property=\"og:type\" content=\"article\" \/>\n<meta property=\"og:title\" content=\"Los alcaldes de Pamplona y Zizur Mayor coinciden en la necesidad de priorizar el redise\u00f1o de la conexi\u00f3n entre ambos municipios con el PSIS de Etxabakoitz\" \/>\n<meta property=\"og:description\" content=\"Joseba Asiron se re\u00fane con Jon Gond\u00e1n en la ronda de reuniones con los mandatarios de la Comarca para coordinar actuaciones\" \/>\n<meta property=\"og:url\" content=\"https:\/\/www.laguiadepamplona.com\/actualidad\/los-alcaldes-de-pamplona-y-zizur-mayor-coinciden-en-la-necesidad-de-priorizar-el-rediseno-de-la-conexion-entre-ambos-municipios-con-el-psis-de-etxabakoitz\/\" \/>\n<meta property=\"og:site_name\" content=\"La Gu\u00eda de Pamplona\" \/>\n<meta property=\"article:publisher\" content=\"https:\/\/www.facebook.com\/laguiadepamplonacom-133175176762273\/?ref=hl\" \/>\n<meta property=\"article:published_time\" content=\"2024-11-11T18:56:34+00:00\" \/>\n<meta property=\"og:image\" content=\"https:\/\/www.laguiadepamplona.com\/actualidad\/wp-content\/uploads\/2024\/11\/reunionconelalcaldedezizurmayordsc1548.webp\" \/>\n\t<meta property=\"og:image:width\" content=\"1000\" \/>\n\t<meta property=\"og:image:height\" content=\"666\" \/>\n\t<meta property=\"og:image:type\" content=\"image\/webp\" \/>\n<meta name=\"author\" content=\"La Gu\u00eda de Pamplona\" \/>\n<meta name=\"twitter:card\" content=\"summary_large_image\" \/>\n<meta name=\"twitter:creator\" content=\"@LaGuiadPamplona\" \/>\n<meta name=\"twitter:site\" content=\"@LaGuiadPamplona\" \/>\n<meta name=\"twitter:label1\" content=\"Escrito por\" \/>\n\t<meta name=\"twitter:data1\" content=\"La Gu\u00eda de Pamplona\" \/>\n\t<meta name=\"twitter:label2\" content=\"Tiempo de lectura\" \/>\n\t<meta name=\"twitter:data2\" content=\"3 minutos\" \/>\n<script type=\"application\/ld+json\" class=\"yoast-schema-graph\">{\"@context\":\"https:\\\/\\\/schema.org\",\"@graph\":[{\"@type\":\"Article\",\"@id\":\"https:\\\/\\\/www.laguiadepamplona.com\\\/actualidad\\\/los-alcaldes-de-pamplona-y-zizur-mayor-coinciden-en-la-necesidad-de-priorizar-el-rediseno-de-la-conexion-entre-ambos-municipios-con-el-psis-de-etxabakoitz\\\/#article\",\"isPartOf\":{\"@id\":\"https:\\\/\\\/www.laguiadepamplona.com\\\/actualidad\\\/los-alcaldes-de-pamplona-y-zizur-mayor-coinciden-en-la-necesidad-de-priorizar-el-rediseno-de-la-conexion-entre-ambos-municipios-con-el-psis-de-etxabakoitz\\\/\"},\"author\":{\"name\":\"La Gu\u00eda de Pamplona\",\"@id\":\"https:\\\/\\\/www.laguiadepamplona.com\\\/actualidad\\\/#\\\/schema\\\/person\\\/efe887376f0213d4657c93adc50b1fdb\"},\"headline\":\"Los alcaldes de Pamplona y Zizur Mayor coinciden en la necesidad de priorizar el redise\u00f1o de la conexi\u00f3n entre ambos municipios con el PSIS de Etxabakoitz\",\"datePublished\":\"2024-11-11T18:56:34+00:00\",\"mainEntityOfPage\":{\"@id\":\"https:\\\/\\\/www.laguiadepamplona.com\\\/actualidad\\\/los-alcaldes-de-pamplona-y-zizur-mayor-coinciden-en-la-necesidad-de-priorizar-el-rediseno-de-la-conexion-entre-ambos-municipios-con-el-psis-de-etxabakoitz\\\/\"},\"wordCount\":528,\"commentCount\":0,\"publisher\":{\"@id\":\"https:\\\/\\\/www.laguiadepamplona.com\\\/actualidad\\\/#organization\"},\"image\":{\"@id\":\"https:\\\/\\\/www.laguiadepamplona.com\\\/actualidad\\\/los-alcaldes-de-pamplona-y-zizur-mayor-coinciden-en-la-necesidad-de-priorizar-el-rediseno-de-la-conexion-entre-ambos-municipios-con-el-psis-de-etxabakoitz\\\/#primaryimage\"},\"thumbnailUrl\":\"https:\\\/\\\/www.laguiadepamplona.com\\\/actualidad\\\/wp-content\\\/uploads\\\/2024\\\/11\\\/reunionconelalcaldedezizurmayordsc1548.webp\",\"articleSection\":[\"Ayto Pamplona\"],\"inLanguage\":\"es\",\"potentialAction\":[{\"@type\":\"CommentAction\",\"name\":\"Comment\",\"target\":[\"https:\\\/\\\/www.laguiadepamplona.com\\\/actualidad\\\/los-alcaldes-de-pamplona-y-zizur-mayor-coinciden-en-la-necesidad-de-priorizar-el-rediseno-de-la-conexion-entre-ambos-municipios-con-el-psis-de-etxabakoitz\\\/#respond\"]}]},{\"@type\":\"WebPage\",\"@id\":\"https:\\\/\\\/www.laguiadepamplona.com\\\/actualidad\\\/los-alcaldes-de-pamplona-y-zizur-mayor-coinciden-en-la-necesidad-de-priorizar-el-rediseno-de-la-conexion-entre-ambos-municipios-con-el-psis-de-etxabakoitz\\\/\",\"url\":\"https:\\\/\\\/www.laguiadepamplona.com\\\/actualidad\\\/los-alcaldes-de-pamplona-y-zizur-mayor-coinciden-en-la-necesidad-de-priorizar-el-rediseno-de-la-conexion-entre-ambos-municipios-con-el-psis-de-etxabakoitz\\\/\",\"name\":\"Los alcaldes de Pamplona y Zizur Mayor coinciden en la necesidad de priorizar el redise\u00f1o de la conexi\u00f3n entre ambos municipios con el PSIS de Etxabakoitz\",\"isPartOf\":{\"@id\":\"https:\\\/\\\/www.laguiadepamplona.com\\\/actualidad\\\/#website\"},\"primaryImageOfPage\":{\"@id\":\"https:\\\/\\\/www.laguiadepamplona.com\\\/actualidad\\\/los-alcaldes-de-pamplona-y-zizur-mayor-coinciden-en-la-necesidad-de-priorizar-el-rediseno-de-la-conexion-entre-ambos-municipios-con-el-psis-de-etxabakoitz\\\/#primaryimage\"},\"image\":{\"@id\":\"https:\\\/\\\/www.laguiadepamplona.com\\\/actualidad\\\/los-alcaldes-de-pamplona-y-zizur-mayor-coinciden-en-la-necesidad-de-priorizar-el-rediseno-de-la-conexion-entre-ambos-municipios-con-el-psis-de-etxabakoitz\\\/#primaryimage\"},\"thumbnailUrl\":\"https:\\\/\\\/www.laguiadepamplona.com\\\/actualidad\\\/wp-content\\\/uploads\\\/2024\\\/11\\\/reunionconelalcaldedezizurmayordsc1548.webp\",\"datePublished\":\"2024-11-11T18:56:34+00:00\",\"description\":\"Joseba Asiron se re\u00fane con Jon Gond\u00e1n en la ronda de reuniones con los mandatarios de la Comarca para coordinar actuaciones\",\"breadcrumb\":{\"@id\":\"https:\\\/\\\/www.laguiadepamplona.com\\\/actualidad\\\/los-alcaldes-de-pamplona-y-zizur-mayor-coinciden-en-la-necesidad-de-priorizar-el-rediseno-de-la-conexion-entre-ambos-municipios-con-el-psis-de-etxabakoitz\\\/#breadcrumb\"},\"inLanguage\":\"es\",\"potentialAction\":[{\"@type\":\"ReadAction\",\"target\":[\"https:\\\/\\\/www.laguiadepamplona.com\\\/actualidad\\\/los-alcaldes-de-pamplona-y-zizur-mayor-coinciden-en-la-necesidad-de-priorizar-el-rediseno-de-la-conexion-entre-ambos-municipios-con-el-psis-de-etxabakoitz\\\/\"]}]},{\"@type\":\"ImageObject\",\"inLanguage\":\"es\",\"@id\":\"https:\\\/\\\/www.laguiadepamplona.com\\\/actualidad\\\/los-alcaldes-de-pamplona-y-zizur-mayor-coinciden-en-la-necesidad-de-priorizar-el-rediseno-de-la-conexion-entre-ambos-municipios-con-el-psis-de-etxabakoitz\\\/#primaryimage\",\"url\":\"https:\\\/\\\/www.laguiadepamplona.com\\\/actualidad\\\/wp-content\\\/uploads\\\/2024\\\/11\\\/reunionconelalcaldedezizurmayordsc1548.webp\",\"contentUrl\":\"https:\\\/\\\/www.laguiadepamplona.com\\\/actualidad\\\/wp-content\\\/uploads\\\/2024\\\/11\\\/reunionconelalcaldedezizurmayordsc1548.webp\",\"width\":1000,\"height\":666,\"caption\":\"reuni\u00f3n con el alcalde de zizur mayor\"},{\"@type\":\"BreadcrumbList\",\"@id\":\"https:\\\/\\\/www.laguiadepamplona.com\\\/actualidad\\\/los-alcaldes-de-pamplona-y-zizur-mayor-coinciden-en-la-necesidad-de-priorizar-el-rediseno-de-la-conexion-entre-ambos-municipios-con-el-psis-de-etxabakoitz\\\/#breadcrumb\",\"itemListElement\":[{\"@type\":\"ListItem\",\"position\":1,\"name\":\"Portada\",\"item\":\"https:\\\/\\\/www.laguiadepamplona.com\\\/actualidad\\\/\"},{\"@type\":\"ListItem\",\"position\":2,\"name\":\"Los alcaldes de Pamplona y Zizur Mayor coinciden en la necesidad de priorizar el redise\u00f1o de la conexi\u00f3n entre ambos municipios con el PSIS de Etxabakoitz\"}]},{\"@type\":\"WebSite\",\"@id\":\"https:\\\/\\\/www.laguiadepamplona.com\\\/actualidad\\\/#website\",\"url\":\"https:\\\/\\\/www.laguiadepamplona.com\\\/actualidad\\\/\",\"name\":\"La gu\u00eda de Pamplona\",\"description\":\"Noticias de Pamplona\",\"publisher\":{\"@id\":\"https:\\\/\\\/www.laguiadepamplona.com\\\/actualidad\\\/#organization\"},\"potentialAction\":[{\"@type\":\"SearchAction\",\"target\":{\"@type\":\"EntryPoint\",\"urlTemplate\":\"https:\\\/\\\/www.laguiadepamplona.com\\\/actualidad\\\/?s={search_term_string}\"},\"query-input\":{\"@type\":\"PropertyValueSpecification\",\"valueRequired\":true,\"valueName\":\"search_term_string\"}}],\"inLanguage\":\"es\"},{\"@type\":\"Organization\",\"@id\":\"https:\\\/\\\/www.laguiadepamplona.com\\\/actualidad\\\/#organization\",\"name\":\"La Gu\u00eda de Pamplona \\\/ Noticias\",\"url\":\"https:\\\/\\\/www.laguiadepamplona.com\\\/actualidad\\\/\",\"logo\":{\"@type\":\"ImageObject\",\"inLanguage\":\"es\",\"@id\":\"https:\\\/\\\/www.laguiadepamplona.com\\\/actualidad\\\/#\\\/schema\\\/logo\\\/image\\\/\",\"url\":\"https:\\\/\\\/www.laguiadepamplona.com\\\/actualidad\\\/wp-content\\\/uploads\\\/2018\\\/11\\\/logo-laguiadepamplona18-web1.png\",\"contentUrl\":\"https:\\\/\\\/www.laguiadepamplona.com\\\/actualidad\\\/wp-content\\\/uploads\\\/2018\\\/11\\\/logo-laguiadepamplona18-web1.png\",\"width\":600,\"height\":196,\"caption\":\"La Gu\u00eda de Pamplona \\\/ Noticias\"},\"image\":{\"@id\":\"https:\\\/\\\/www.laguiadepamplona.com\\\/actualidad\\\/#\\\/schema\\\/logo\\\/image\\\/\"},\"sameAs\":[\"https:\\\/\\\/www.facebook.com\\\/laguiadepamplonacom-133175176762273\\\/?ref=hl\",\"https:\\\/\\\/x.com\\\/LaGuiadPamplona\",\"https:\\\/\\\/www.instagram.com\\\/la_guia_de_pamplona\\\/\",\"https:\\\/\\\/www.youtube.com\\\/user\\\/laguiadepamplona\"]},{\"@type\":\"Person\",\"@id\":\"https:\\\/\\\/www.laguiadepamplona.com\\\/actualidad\\\/#\\\/schema\\\/person\\\/efe887376f0213d4657c93adc50b1fdb\",\"name\":\"La Gu\u00eda de Pamplona\",\"image\":{\"@type\":\"ImageObject\",\"inLanguage\":\"es\",\"@id\":\"https:\\\/\\\/secure.gravatar.com\\\/avatar\\\/b6992f131dc8d30ab0dff15446e9d346d9dbd95992de0fef795073f5ea83a81c?s=96&d=mm&r=g\",\"url\":\"https:\\\/\\\/secure.gravatar.com\\\/avatar\\\/b6992f131dc8d30ab0dff15446e9d346d9dbd95992de0fef795073f5ea83a81c?s=96&d=mm&r=g\",\"contentUrl\":\"https:\\\/\\\/secure.gravatar.com\\\/avatar\\\/b6992f131dc8d30ab0dff15446e9d346d9dbd95992de0fef795073f5ea83a81c?s=96&d=mm&r=g\",\"caption\":\"La Gu\u00eda de Pamplona\"}}]}<\/script>\n<!-- \/ Yoast SEO plugin. -->","yoast_head_json":{"title":"Los alcaldes de Pamplona y Zizur Mayor coinciden en la necesidad de priorizar el redise\u00f1o de la conexi\u00f3n entre ambos municipios con el PSIS de Etxabakoitz","description":"Joseba Asiron se re\u00fane con Jon Gond\u00e1n en la ronda de reuniones con los mandatarios de la Comarca para coordinar actuaciones","robots":{"index":"index","follow":"follow","max-snippet":"max-snippet:-1","max-image-preview":"max-image-preview:large","max-video-preview":"max-video-preview:-1"},"canonical":"https:\/\/www.laguiadepamplona.com\/actualidad\/los-alcaldes-de-pamplona-y-zizur-mayor-coinciden-en-la-necesidad-de-priorizar-el-rediseno-de-la-conexion-entre-ambos-municipios-con-el-psis-de-etxabakoitz\/","og_locale":"es_ES","og_type":"article","og_title":"Los alcaldes de Pamplona y Zizur Mayor coinciden en la necesidad de priorizar el redise\u00f1o de la conexi\u00f3n entre ambos municipios con el PSIS de Etxabakoitz","og_description":"Joseba Asiron se re\u00fane con Jon Gond\u00e1n en la ronda de reuniones con los mandatarios de la Comarca para coordinar actuaciones","og_url":"https:\/\/www.laguiadepamplona.com\/actualidad\/los-alcaldes-de-pamplona-y-zizur-mayor-coinciden-en-la-necesidad-de-priorizar-el-rediseno-de-la-conexion-entre-ambos-municipios-con-el-psis-de-etxabakoitz\/","og_site_name":"La Gu\u00eda de Pamplona","article_publisher":"https:\/\/www.facebook.com\/laguiadepamplonacom-133175176762273\/?ref=hl","article_published_time":"2024-11-11T18:56:34+00:00","og_image":[{"width":1000,"height":666,"url":"https:\/\/www.laguiadepamplona.com\/actualidad\/wp-content\/uploads\/2024\/11\/reunionconelalcaldedezizurmayordsc1548.webp","type":"image\/webp"}],"author":"La Gu\u00eda de Pamplona","twitter_card":"summary_large_image","twitter_creator":"@LaGuiadPamplona","twitter_site":"@LaGuiadPamplona","twitter_misc":{"Escrito por":"La Gu\u00eda de Pamplona","Tiempo de lectura":"3 minutos"},"schema":{"@context":"https:\/\/schema.org","@graph":[{"@type":"Article","@id":"https:\/\/www.laguiadepamplona.com\/actualidad\/los-alcaldes-de-pamplona-y-zizur-mayor-coinciden-en-la-necesidad-de-priorizar-el-rediseno-de-la-conexion-entre-ambos-municipios-con-el-psis-de-etxabakoitz\/#article","isPartOf":{"@id":"https:\/\/www.laguiadepamplona.com\/actualidad\/los-alcaldes-de-pamplona-y-zizur-mayor-coinciden-en-la-necesidad-de-priorizar-el-rediseno-de-la-conexion-entre-ambos-municipios-con-el-psis-de-etxabakoitz\/"},"author":{"name":"La Gu\u00eda de Pamplona","@id":"https:\/\/www.laguiadepamplona.com\/actualidad\/#\/schema\/person\/efe887376f0213d4657c93adc50b1fdb"},"headline":"Los alcaldes de Pamplona y Zizur Mayor coinciden en la necesidad de priorizar el redise\u00f1o de la conexi\u00f3n entre ambos municipios con el PSIS de Etxabakoitz","datePublished":"2024-11-11T18:56:34+00:00","mainEntityOfPage":{"@id":"https:\/\/www.laguiadepamplona.com\/actualidad\/los-alcaldes-de-pamplona-y-zizur-mayor-coinciden-en-la-necesidad-de-priorizar-el-rediseno-de-la-conexion-entre-ambos-municipios-con-el-psis-de-etxabakoitz\/"},"wordCount":528,"commentCount":0,"publisher":{"@id":"https:\/\/www.laguiadepamplona.com\/actualidad\/#organization"},"image":{"@id":"https:\/\/www.laguiadepamplona.com\/actualidad\/los-alcaldes-de-pamplona-y-zizur-mayor-coinciden-en-la-necesidad-de-priorizar-el-rediseno-de-la-conexion-entre-ambos-municipios-con-el-psis-de-etxabakoitz\/#primaryimage"},"thumbnailUrl":"https:\/\/www.laguiadepamplona.com\/actualidad\/wp-content\/uploads\/2024\/11\/reunionconelalcaldedezizurmayordsc1548.webp","articleSection":["Ayto Pamplona"],"inLanguage":"es","potentialAction":[{"@type":"CommentAction","name":"Comment","target":["https:\/\/www.laguiadepamplona.com\/actualidad\/los-alcaldes-de-pamplona-y-zizur-mayor-coinciden-en-la-necesidad-de-priorizar-el-rediseno-de-la-conexion-entre-ambos-municipios-con-el-psis-de-etxabakoitz\/#respond"]}]},{"@type":"WebPage","@id":"https:\/\/www.laguiadepamplona.com\/actualidad\/los-alcaldes-de-pamplona-y-zizur-mayor-coinciden-en-la-necesidad-de-priorizar-el-rediseno-de-la-conexion-entre-ambos-municipios-con-el-psis-de-etxabakoitz\/","url":"https:\/\/www.laguiadepamplona.com\/actualidad\/los-alcaldes-de-pamplona-y-zizur-mayor-coinciden-en-la-necesidad-de-priorizar-el-rediseno-de-la-conexion-entre-ambos-municipios-con-el-psis-de-etxabakoitz\/","name":"Los alcaldes de Pamplona y Zizur Mayor coinciden en la necesidad de priorizar el redise\u00f1o de la conexi\u00f3n entre ambos municipios con el PSIS de Etxabakoitz","isPartOf":{"@id":"https:\/\/www.laguiadepamplona.com\/actualidad\/#website"},"primaryImageOfPage":{"@id":"https:\/\/www.laguiadepamplona.com\/actualidad\/los-alcaldes-de-pamplona-y-zizur-mayor-coinciden-en-la-necesidad-de-priorizar-el-rediseno-de-la-conexion-entre-ambos-municipios-con-el-psis-de-etxabakoitz\/#primaryimage"},"image":{"@id":"https:\/\/www.laguiadepamplona.com\/actualidad\/los-alcaldes-de-pamplona-y-zizur-mayor-coinciden-en-la-necesidad-de-priorizar-el-rediseno-de-la-conexion-entre-ambos-municipios-con-el-psis-de-etxabakoitz\/#primaryimage"},"thumbnailUrl":"https:\/\/www.laguiadepamplona.com\/actualidad\/wp-content\/uploads\/2024\/11\/reunionconelalcaldedezizurmayordsc1548.webp","datePublished":"2024-11-11T18:56:34+00:00","description":"Joseba Asiron se re\u00fane con Jon Gond\u00e1n en la ronda de reuniones con los mandatarios de la Comarca para coordinar actuaciones","breadcrumb":{"@id":"https:\/\/www.laguiadepamplona.com\/actualidad\/los-alcaldes-de-pamplona-y-zizur-mayor-coinciden-en-la-necesidad-de-priorizar-el-rediseno-de-la-conexion-entre-ambos-municipios-con-el-psis-de-etxabakoitz\/#breadcrumb"},"inLanguage":"es","potentialAction":[{"@type":"ReadAction","target":["https:\/\/www.laguiadepamplona.com\/actualidad\/los-alcaldes-de-pamplona-y-zizur-mayor-coinciden-en-la-necesidad-de-priorizar-el-rediseno-de-la-conexion-entre-ambos-municipios-con-el-psis-de-etxabakoitz\/"]}]},{"@type":"ImageObject","inLanguage":"es","@id":"https:\/\/www.laguiadepamplona.com\/actualidad\/los-alcaldes-de-pamplona-y-zizur-mayor-coinciden-en-la-necesidad-de-priorizar-el-rediseno-de-la-conexion-entre-ambos-municipios-con-el-psis-de-etxabakoitz\/#primaryimage","url":"https:\/\/www.laguiadepamplona.com\/actualidad\/wp-content\/uploads\/2024\/11\/reunionconelalcaldedezizurmayordsc1548.webp","contentUrl":"https:\/\/www.laguiadepamplona.com\/actualidad\/wp-content\/uploads\/2024\/11\/reunionconelalcaldedezizurmayordsc1548.webp","width":1000,"height":666,"caption":"reuni\u00f3n con el alcalde de zizur mayor"},{"@type":"BreadcrumbList","@id":"https:\/\/www.laguiadepamplona.com\/actualidad\/los-alcaldes-de-pamplona-y-zizur-mayor-coinciden-en-la-necesidad-de-priorizar-el-rediseno-de-la-conexion-entre-ambos-municipios-con-el-psis-de-etxabakoitz\/#breadcrumb","itemListElement":[{"@type":"ListItem","position":1,"name":"Portada","item":"https:\/\/www.laguiadepamplona.com\/actualidad\/"},{"@type":"ListItem","position":2,"name":"Los alcaldes de Pamplona y Zizur Mayor coinciden en la necesidad de priorizar el redise\u00f1o de la conexi\u00f3n entre ambos municipios con el PSIS de Etxabakoitz"}]},{"@type":"WebSite","@id":"https:\/\/www.laguiadepamplona.com\/actualidad\/#website","url":"https:\/\/www.laguiadepamplona.com\/actualidad\/","name":"La gu\u00eda de Pamplona","description":"Noticias de Pamplona","publisher":{"@id":"https:\/\/www.laguiadepamplona.com\/actualidad\/#organization"},"potentialAction":[{"@type":"SearchAction","target":{"@type":"EntryPoint","urlTemplate":"https:\/\/www.laguiadepamplona.com\/actualidad\/?s={search_term_string}"},"query-input":{"@type":"PropertyValueSpecification","valueRequired":true,"valueName":"search_term_string"}}],"inLanguage":"es"},{"@type":"Organization","@id":"https:\/\/www.laguiadepamplona.com\/actualidad\/#organization","name":"La Gu\u00eda de Pamplona \/ Noticias","url":"https:\/\/www.laguiadepamplona.com\/actualidad\/","logo":{"@type":"ImageObject","inLanguage":"es","@id":"https:\/\/www.laguiadepamplona.com\/actualidad\/#\/schema\/logo\/image\/","url":"https:\/\/www.laguiadepamplona.com\/actualidad\/wp-content\/uploads\/2018\/11\/logo-laguiadepamplona18-web1.png","contentUrl":"https:\/\/www.laguiadepamplona.com\/actualidad\/wp-content\/uploads\/2018\/11\/logo-laguiadepamplona18-web1.png","width":600,"height":196,"caption":"La Gu\u00eda de Pamplona \/ Noticias"},"image":{"@id":"https:\/\/www.laguiadepamplona.com\/actualidad\/#\/schema\/logo\/image\/"},"sameAs":["https:\/\/www.facebook.com\/laguiadepamplonacom-133175176762273\/?ref=hl","https:\/\/x.com\/LaGuiadPamplona","https:\/\/www.instagram.com\/la_guia_de_pamplona\/","https:\/\/www.youtube.com\/user\/laguiadepamplona"]},{"@type":"Person","@id":"https:\/\/www.laguiadepamplona.com\/actualidad\/#\/schema\/person\/efe887376f0213d4657c93adc50b1fdb","name":"La Gu\u00eda de Pamplona","image":{"@type":"ImageObject","inLanguage":"es","@id":"https:\/\/secure.gravatar.com\/avatar\/b6992f131dc8d30ab0dff15446e9d346d9dbd95992de0fef795073f5ea83a81c?s=96&d=mm&r=g","url":"https:\/\/secure.gravatar.com\/avatar\/b6992f131dc8d30ab0dff15446e9d346d9dbd95992de0fef795073f5ea83a81c?s=96&d=mm&r=g","contentUrl":"https:\/\/secure.gravatar.com\/avatar\/b6992f131dc8d30ab0dff15446e9d346d9dbd95992de0fef795073f5ea83a81c?s=96&d=mm&r=g","caption":"La Gu\u00eda de Pamplona"}}]}},"post_mailing_queue_ids":[],"_links":{"self":[{"href":"https:\/\/www.laguiadepamplona.com\/actualidad\/wp-json\/wp\/v2\/posts\/51269","targetHints":{"allow":["GET"]}}],"collection":[{"href":"https:\/\/www.laguiadepamplona.com\/actualidad\/wp-json\/wp\/v2\/posts"}],"about":[{"href":"https:\/\/www.laguiadepamplona.com\/actualidad\/wp-json\/wp\/v2\/types\/post"}],"author":[{"embeddable":true,"href":"https:\/\/www.laguiadepamplona.com\/actualidad\/wp-json\/wp\/v2\/users\/1"}],"replies":[{"embeddable":true,"href":"https:\/\/www.laguiadepamplona.com\/actualidad\/wp-json\/wp\/v2\/comments?post=51269"}],"version-history":[{"count":1,"href":"https:\/\/www.laguiadepamplona.com\/actualidad\/wp-json\/wp\/v2\/posts\/51269\/revisions"}],"predecessor-version":[{"id":51271,"href":"https:\/\/www.laguiadepamplona.com\/actualidad\/wp-json\/wp\/v2\/posts\/51269\/revisions\/51271"}],"wp:featuredmedia":[{"embeddable":true,"href":"https:\/\/www.laguiadepamplona.com\/actualidad\/wp-json\/wp\/v2\/media\/51270"}],"wp:attachment":[{"href":"https:\/\/www.laguiadepamplona.com\/actualidad\/wp-json\/wp\/v2\/media?parent=51269"}],"wp:term":[{"taxonomy":"category","embeddable":true,"href":"https:\/\/www.laguiadepamplona.com\/actualidad\/wp-json\/wp\/v2\/categories?post=51269"},{"taxonomy":"post_tag","embeddable":true,"href":"https:\/\/www.laguiadepamplona.com\/actualidad\/wp-json\/wp\/v2\/tags?post=51269"}],"curies":[{"name":"wp","href":"https:\/\/api.w.org\/{rel}","templated":true}]}}