{"id":51266,"date":"2024-11-11T20:54:36","date_gmt":"2024-11-11T18:54:36","guid":{"rendered":"https:\/\/www.laguiadepamplona.com\/actualidad\/?p=51266"},"modified":"2024-11-11T20:54:36","modified_gmt":"2024-11-11T18:54:36","slug":"el-ayuntamiento-de-pamplona-no-recurrira-la-sentencia-que-revoca-la-denegacion-de-la-licencia-de-obras-para-la-rehabilitacion-del-edificio-de-curtidores","status":"publish","type":"post","link":"https:\/\/www.laguiadepamplona.com\/actualidad\/el-ayuntamiento-de-pamplona-no-recurrira-la-sentencia-que-revoca-la-denegacion-de-la-licencia-de-obras-para-la-rehabilitacion-del-edificio-de-curtidores\/","title":{"rendered":"El Ayuntamiento de Pamplona no recurrir\u00e1 la sentencia que revoca la denegaci\u00f3n de la licencia de obras para la rehabilitaci\u00f3n del edificio de Curtidores"},"content":{"rendered":"<h2>Se deneg\u00f3 la petici\u00f3n de la propiedad del edificio en 2018 \u00fanicamente por un informe desfavorable de la Confederaci\u00f3n Hidrogr\u00e1fica del Ebro<\/h2>\n<p><!--more--><\/p>\n<p>La Junta de Gobierno Local ha acordado que el Ayuntamiento de Pamplona no presente recursos de casaci\u00f3n a la sentencia de la Sala de la Contencioso-Administrativo del Tribunal Superior de Justicia de Navarra que revoca una sentencia anterior en la que se denegaba la licencia de obras para rehabilitar el edificio de la Bajada del Portal Nuevo n\u00famero 6-8, en la zona de Curtidores. El Ayuntamiento de Pamplona no concedi\u00f3 en su d\u00eda esa licencia de obras bas\u00e1ndose \u00fanicamente en un informe desfavorable de la Confederaci\u00f3n Hidrogr\u00e1fica del Ebro, que la nueva sentencia del TSJN no acepta.<\/p>\n<p>El Pleno del Ayuntamiento aprob\u00f3 en julio de 2013 una modificaci\u00f3n impulsada de oficio del Plan Municipal denominada \u2018Curtidores Zona VIIIZ-1\u2019, con la que se pretend\u00eda la consolidaci\u00f3n del edificio al ser el \u00fanico y \u00faltimo reducto en pie del antiguo barrio de Curtidores. Este plan, tramitado como una modificaci\u00f3n estructurante, obtuvo el informe favorable de la Confederaci\u00f3n Hidrogr\u00e1fica del Ebro en febrero de 2014 y fue aprobado por el Ayuntamiento de Pamplona en abril de 2014.<\/p>\n<p>En 2018, la propiedad del edificio solicit\u00f3 al Ayuntamiento de Pamplona licencia de obras para rehabilitar el inmueble y generar 6 viviendas, garajes y trasteros. El Consistorio requiri\u00f3 entonces a la Confederaci\u00f3n Hidrogr\u00e1fica del Ebro un informe al respecto. La CHE emiti\u00f3 informe desfavorable y el Ayuntamiento de Pamplona deneg\u00f3 la licencia de obras. El Consistorio sigue apostando por que el edificio se mantenga por su valor patrimonial e insiste en que solo se deneg\u00f3 la licencia porque otra administraci\u00f3n p\u00fablica inform\u00f3 desfavorablemente sobre ese expediente.<\/p>\n<p>La nueva sentencia de la Sala de la Contencioso-Administrativo del Tribunal Superior de Justicia de Navarra remueve el obst\u00e1culo que imped\u00eda al Ayuntamiento de Pamplona otorgar la licencia. Por ello, la Junta de Gobierno Local ha aprobado no autorizar la comparecencia del Ayuntamiento de Pamplona como recurrente en los recursos de casaci\u00f3n estatal y foral ante el Tribunal Supremo y ante el Tribunal Superior de Justicia de Navarra preparados contra esa nueva sentencia que revoca la denegaci\u00f3n de la licencia de obras.<\/p>\n","protected":false},"excerpt":{"rendered":"<p>Se deneg\u00f3 la petici\u00f3n de la propiedad del edificio en 2018 \u00fanicamente por un informe desfavorable de la Confederaci\u00f3n Hidrogr\u00e1fica del Ebro<\/p>\n","protected":false},"author":1,"featured_media":51267,"comment_status":"open","ping_status":"closed","sticky":false,"template":"","format":"standard","meta":{"footnotes":""},"categories":[2],"tags":[],"class_list":["post-51266","post","type-post","status-publish","format-standard","has-post-thumbnail","hentry","category-ayuntamiento-pamplona"],"yoast_head":"<!-- This site is optimized with the Yoast SEO plugin v27.3 - https:\/\/yoast.com\/product\/yoast-seo-wordpress\/ -->\n<title>El Ayuntamiento de Pamplona no recurrir\u00e1 la sentencia que revoca la denegaci\u00f3n de la licencia de obras para la rehabilitaci\u00f3n del edificio de Curtidores<\/title>\n<meta name=\"robots\" content=\"index, follow, max-snippet:-1, max-image-preview:large, max-video-preview:-1\" \/>\n<link rel=\"canonical\" href=\"https:\/\/www.laguiadepamplona.com\/actualidad\/el-ayuntamiento-de-pamplona-no-recurrira-la-sentencia-que-revoca-la-denegacion-de-la-licencia-de-obras-para-la-rehabilitacion-del-edificio-de-curtidores\/\" \/>\n<meta property=\"og:locale\" content=\"es_ES\" \/>\n<meta property=\"og:type\" content=\"article\" \/>\n<meta property=\"og:title\" content=\"El Ayuntamiento de Pamplona no recurrir\u00e1 la sentencia que revoca la denegaci\u00f3n de la licencia de obras para la rehabilitaci\u00f3n del edificio de Curtidores\" \/>\n<meta property=\"og:description\" content=\"Se deneg\u00f3 la petici\u00f3n de la propiedad del edificio en 2018 \u00fanicamente por un informe desfavorable de la Confederaci\u00f3n Hidrogr\u00e1fica del Ebro\" \/>\n<meta property=\"og:url\" content=\"https:\/\/www.laguiadepamplona.com\/actualidad\/el-ayuntamiento-de-pamplona-no-recurrira-la-sentencia-que-revoca-la-denegacion-de-la-licencia-de-obras-para-la-rehabilitacion-del-edificio-de-curtidores\/\" \/>\n<meta property=\"og:site_name\" content=\"La Gu\u00eda de Pamplona\" \/>\n<meta property=\"article:publisher\" content=\"https:\/\/www.facebook.com\/laguiadepamplonacom-133175176762273\/?ref=hl\" \/>\n<meta property=\"article:published_time\" content=\"2024-11-11T18:54:36+00:00\" \/>\n<meta property=\"og:image\" content=\"https:\/\/www.laguiadepamplona.com\/actualidad\/wp-content\/uploads\/2024\/11\/curtidores_web.webp\" \/>\n\t<meta property=\"og:image:width\" content=\"1000\" \/>\n\t<meta property=\"og:image:height\" content=\"662\" \/>\n\t<meta property=\"og:image:type\" content=\"image\/webp\" \/>\n<meta name=\"author\" content=\"La Gu\u00eda de Pamplona\" \/>\n<meta name=\"twitter:card\" content=\"summary_large_image\" \/>\n<meta name=\"twitter:creator\" content=\"@LaGuiadPamplona\" \/>\n<meta name=\"twitter:site\" content=\"@LaGuiadPamplona\" \/>\n<meta name=\"twitter:label1\" content=\"Escrito por\" \/>\n\t<meta name=\"twitter:data1\" content=\"La Gu\u00eda de Pamplona\" \/>\n\t<meta name=\"twitter:label2\" content=\"Tiempo de lectura\" \/>\n\t<meta name=\"twitter:data2\" content=\"2 minutos\" \/>\n<script type=\"application\/ld+json\" class=\"yoast-schema-graph\">{\"@context\":\"https:\\\/\\\/schema.org\",\"@graph\":[{\"@type\":\"Article\",\"@id\":\"https:\\\/\\\/www.laguiadepamplona.com\\\/actualidad\\\/el-ayuntamiento-de-pamplona-no-recurrira-la-sentencia-que-revoca-la-denegacion-de-la-licencia-de-obras-para-la-rehabilitacion-del-edificio-de-curtidores\\\/#article\",\"isPartOf\":{\"@id\":\"https:\\\/\\\/www.laguiadepamplona.com\\\/actualidad\\\/el-ayuntamiento-de-pamplona-no-recurrira-la-sentencia-que-revoca-la-denegacion-de-la-licencia-de-obras-para-la-rehabilitacion-del-edificio-de-curtidores\\\/\"},\"author\":{\"name\":\"La Gu\u00eda de Pamplona\",\"@id\":\"https:\\\/\\\/www.laguiadepamplona.com\\\/actualidad\\\/#\\\/schema\\\/person\\\/efe887376f0213d4657c93adc50b1fdb\"},\"headline\":\"El Ayuntamiento de Pamplona no recurrir\u00e1 la sentencia que revoca la denegaci\u00f3n de la licencia de obras para la rehabilitaci\u00f3n del edificio de Curtidores\",\"datePublished\":\"2024-11-11T18:54:36+00:00\",\"mainEntityOfPage\":{\"@id\":\"https:\\\/\\\/www.laguiadepamplona.com\\\/actualidad\\\/el-ayuntamiento-de-pamplona-no-recurrira-la-sentencia-que-revoca-la-denegacion-de-la-licencia-de-obras-para-la-rehabilitacion-del-edificio-de-curtidores\\\/\"},\"wordCount\":407,\"commentCount\":0,\"publisher\":{\"@id\":\"https:\\\/\\\/www.laguiadepamplona.com\\\/actualidad\\\/#organization\"},\"image\":{\"@id\":\"https:\\\/\\\/www.laguiadepamplona.com\\\/actualidad\\\/el-ayuntamiento-de-pamplona-no-recurrira-la-sentencia-que-revoca-la-denegacion-de-la-licencia-de-obras-para-la-rehabilitacion-del-edificio-de-curtidores\\\/#primaryimage\"},\"thumbnailUrl\":\"https:\\\/\\\/www.laguiadepamplona.com\\\/actualidad\\\/wp-content\\\/uploads\\\/2024\\\/11\\\/curtidores_web.webp\",\"articleSection\":[\"Ayto Pamplona\"],\"inLanguage\":\"es\",\"potentialAction\":[{\"@type\":\"CommentAction\",\"name\":\"Comment\",\"target\":[\"https:\\\/\\\/www.laguiadepamplona.com\\\/actualidad\\\/el-ayuntamiento-de-pamplona-no-recurrira-la-sentencia-que-revoca-la-denegacion-de-la-licencia-de-obras-para-la-rehabilitacion-del-edificio-de-curtidores\\\/#respond\"]}]},{\"@type\":\"WebPage\",\"@id\":\"https:\\\/\\\/www.laguiadepamplona.com\\\/actualidad\\\/el-ayuntamiento-de-pamplona-no-recurrira-la-sentencia-que-revoca-la-denegacion-de-la-licencia-de-obras-para-la-rehabilitacion-del-edificio-de-curtidores\\\/\",\"url\":\"https:\\\/\\\/www.laguiadepamplona.com\\\/actualidad\\\/el-ayuntamiento-de-pamplona-no-recurrira-la-sentencia-que-revoca-la-denegacion-de-la-licencia-de-obras-para-la-rehabilitacion-del-edificio-de-curtidores\\\/\",\"name\":\"El Ayuntamiento de Pamplona no recurrir\u00e1 la sentencia que revoca la denegaci\u00f3n de la licencia de obras para la rehabilitaci\u00f3n del edificio de Curtidores\",\"isPartOf\":{\"@id\":\"https:\\\/\\\/www.laguiadepamplona.com\\\/actualidad\\\/#website\"},\"primaryImageOfPage\":{\"@id\":\"https:\\\/\\\/www.laguiadepamplona.com\\\/actualidad\\\/el-ayuntamiento-de-pamplona-no-recurrira-la-sentencia-que-revoca-la-denegacion-de-la-licencia-de-obras-para-la-rehabilitacion-del-edificio-de-curtidores\\\/#primaryimage\"},\"image\":{\"@id\":\"https:\\\/\\\/www.laguiadepamplona.com\\\/actualidad\\\/el-ayuntamiento-de-pamplona-no-recurrira-la-sentencia-que-revoca-la-denegacion-de-la-licencia-de-obras-para-la-rehabilitacion-del-edificio-de-curtidores\\\/#primaryimage\"},\"thumbnailUrl\":\"https:\\\/\\\/www.laguiadepamplona.com\\\/actualidad\\\/wp-content\\\/uploads\\\/2024\\\/11\\\/curtidores_web.webp\",\"datePublished\":\"2024-11-11T18:54:36+00:00\",\"breadcrumb\":{\"@id\":\"https:\\\/\\\/www.laguiadepamplona.com\\\/actualidad\\\/el-ayuntamiento-de-pamplona-no-recurrira-la-sentencia-que-revoca-la-denegacion-de-la-licencia-de-obras-para-la-rehabilitacion-del-edificio-de-curtidores\\\/#breadcrumb\"},\"inLanguage\":\"es\",\"potentialAction\":[{\"@type\":\"ReadAction\",\"target\":[\"https:\\\/\\\/www.laguiadepamplona.com\\\/actualidad\\\/el-ayuntamiento-de-pamplona-no-recurrira-la-sentencia-que-revoca-la-denegacion-de-la-licencia-de-obras-para-la-rehabilitacion-del-edificio-de-curtidores\\\/\"]}]},{\"@type\":\"ImageObject\",\"inLanguage\":\"es\",\"@id\":\"https:\\\/\\\/www.laguiadepamplona.com\\\/actualidad\\\/el-ayuntamiento-de-pamplona-no-recurrira-la-sentencia-que-revoca-la-denegacion-de-la-licencia-de-obras-para-la-rehabilitacion-del-edificio-de-curtidores\\\/#primaryimage\",\"url\":\"https:\\\/\\\/www.laguiadepamplona.com\\\/actualidad\\\/wp-content\\\/uploads\\\/2024\\\/11\\\/curtidores_web.webp\",\"contentUrl\":\"https:\\\/\\\/www.laguiadepamplona.com\\\/actualidad\\\/wp-content\\\/uploads\\\/2024\\\/11\\\/curtidores_web.webp\",\"width\":1000,\"height\":662,\"caption\":\"curtidores\"},{\"@type\":\"BreadcrumbList\",\"@id\":\"https:\\\/\\\/www.laguiadepamplona.com\\\/actualidad\\\/el-ayuntamiento-de-pamplona-no-recurrira-la-sentencia-que-revoca-la-denegacion-de-la-licencia-de-obras-para-la-rehabilitacion-del-edificio-de-curtidores\\\/#breadcrumb\",\"itemListElement\":[{\"@type\":\"ListItem\",\"position\":1,\"name\":\"Portada\",\"item\":\"https:\\\/\\\/www.laguiadepamplona.com\\\/actualidad\\\/\"},{\"@type\":\"ListItem\",\"position\":2,\"name\":\"El Ayuntamiento de Pamplona no recurrir\u00e1 la sentencia que revoca la denegaci\u00f3n de la licencia de obras para la rehabilitaci\u00f3n del edificio de Curtidores\"}]},{\"@type\":\"WebSite\",\"@id\":\"https:\\\/\\\/www.laguiadepamplona.com\\\/actualidad\\\/#website\",\"url\":\"https:\\\/\\\/www.laguiadepamplona.com\\\/actualidad\\\/\",\"name\":\"La gu\u00eda de Pamplona\",\"description\":\"Noticias de Pamplona\",\"publisher\":{\"@id\":\"https:\\\/\\\/www.laguiadepamplona.com\\\/actualidad\\\/#organization\"},\"potentialAction\":[{\"@type\":\"SearchAction\",\"target\":{\"@type\":\"EntryPoint\",\"urlTemplate\":\"https:\\\/\\\/www.laguiadepamplona.com\\\/actualidad\\\/?s={search_term_string}\"},\"query-input\":{\"@type\":\"PropertyValueSpecification\",\"valueRequired\":true,\"valueName\":\"search_term_string\"}}],\"inLanguage\":\"es\"},{\"@type\":\"Organization\",\"@id\":\"https:\\\/\\\/www.laguiadepamplona.com\\\/actualidad\\\/#organization\",\"name\":\"La Gu\u00eda de Pamplona \\\/ Noticias\",\"url\":\"https:\\\/\\\/www.laguiadepamplona.com\\\/actualidad\\\/\",\"logo\":{\"@type\":\"ImageObject\",\"inLanguage\":\"es\",\"@id\":\"https:\\\/\\\/www.laguiadepamplona.com\\\/actualidad\\\/#\\\/schema\\\/logo\\\/image\\\/\",\"url\":\"https:\\\/\\\/www.laguiadepamplona.com\\\/actualidad\\\/wp-content\\\/uploads\\\/2018\\\/11\\\/logo-laguiadepamplona18-web1.png\",\"contentUrl\":\"https:\\\/\\\/www.laguiadepamplona.com\\\/actualidad\\\/wp-content\\\/uploads\\\/2018\\\/11\\\/logo-laguiadepamplona18-web1.png\",\"width\":600,\"height\":196,\"caption\":\"La Gu\u00eda de Pamplona \\\/ Noticias\"},\"image\":{\"@id\":\"https:\\\/\\\/www.laguiadepamplona.com\\\/actualidad\\\/#\\\/schema\\\/logo\\\/image\\\/\"},\"sameAs\":[\"https:\\\/\\\/www.facebook.com\\\/laguiadepamplonacom-133175176762273\\\/?ref=hl\",\"https:\\\/\\\/x.com\\\/LaGuiadPamplona\",\"https:\\\/\\\/www.instagram.com\\\/la_guia_de_pamplona\\\/\",\"https:\\\/\\\/www.youtube.com\\\/user\\\/laguiadepamplona\"]},{\"@type\":\"Person\",\"@id\":\"https:\\\/\\\/www.laguiadepamplona.com\\\/actualidad\\\/#\\\/schema\\\/person\\\/efe887376f0213d4657c93adc50b1fdb\",\"name\":\"La Gu\u00eda de Pamplona\",\"image\":{\"@type\":\"ImageObject\",\"inLanguage\":\"es\",\"@id\":\"https:\\\/\\\/secure.gravatar.com\\\/avatar\\\/b6992f131dc8d30ab0dff15446e9d346d9dbd95992de0fef795073f5ea83a81c?s=96&d=mm&r=g\",\"url\":\"https:\\\/\\\/secure.gravatar.com\\\/avatar\\\/b6992f131dc8d30ab0dff15446e9d346d9dbd95992de0fef795073f5ea83a81c?s=96&d=mm&r=g\",\"contentUrl\":\"https:\\\/\\\/secure.gravatar.com\\\/avatar\\\/b6992f131dc8d30ab0dff15446e9d346d9dbd95992de0fef795073f5ea83a81c?s=96&d=mm&r=g\",\"caption\":\"La Gu\u00eda de Pamplona\"}}]}<\/script>\n<!-- \/ Yoast SEO plugin. -->","yoast_head_json":{"title":"El Ayuntamiento de Pamplona no recurrir\u00e1 la sentencia que revoca la denegaci\u00f3n de la licencia de obras para la rehabilitaci\u00f3n del edificio de Curtidores","robots":{"index":"index","follow":"follow","max-snippet":"max-snippet:-1","max-image-preview":"max-image-preview:large","max-video-preview":"max-video-preview:-1"},"canonical":"https:\/\/www.laguiadepamplona.com\/actualidad\/el-ayuntamiento-de-pamplona-no-recurrira-la-sentencia-que-revoca-la-denegacion-de-la-licencia-de-obras-para-la-rehabilitacion-del-edificio-de-curtidores\/","og_locale":"es_ES","og_type":"article","og_title":"El Ayuntamiento de Pamplona no recurrir\u00e1 la sentencia que revoca la denegaci\u00f3n de la licencia de obras para la rehabilitaci\u00f3n del edificio de Curtidores","og_description":"Se deneg\u00f3 la petici\u00f3n de la propiedad del edificio en 2018 \u00fanicamente por un informe desfavorable de la Confederaci\u00f3n Hidrogr\u00e1fica del Ebro","og_url":"https:\/\/www.laguiadepamplona.com\/actualidad\/el-ayuntamiento-de-pamplona-no-recurrira-la-sentencia-que-revoca-la-denegacion-de-la-licencia-de-obras-para-la-rehabilitacion-del-edificio-de-curtidores\/","og_site_name":"La Gu\u00eda de Pamplona","article_publisher":"https:\/\/www.facebook.com\/laguiadepamplonacom-133175176762273\/?ref=hl","article_published_time":"2024-11-11T18:54:36+00:00","og_image":[{"width":1000,"height":662,"url":"https:\/\/www.laguiadepamplona.com\/actualidad\/wp-content\/uploads\/2024\/11\/curtidores_web.webp","type":"image\/webp"}],"author":"La Gu\u00eda de Pamplona","twitter_card":"summary_large_image","twitter_creator":"@LaGuiadPamplona","twitter_site":"@LaGuiadPamplona","twitter_misc":{"Escrito por":"La Gu\u00eda de Pamplona","Tiempo de lectura":"2 minutos"},"schema":{"@context":"https:\/\/schema.org","@graph":[{"@type":"Article","@id":"https:\/\/www.laguiadepamplona.com\/actualidad\/el-ayuntamiento-de-pamplona-no-recurrira-la-sentencia-que-revoca-la-denegacion-de-la-licencia-de-obras-para-la-rehabilitacion-del-edificio-de-curtidores\/#article","isPartOf":{"@id":"https:\/\/www.laguiadepamplona.com\/actualidad\/el-ayuntamiento-de-pamplona-no-recurrira-la-sentencia-que-revoca-la-denegacion-de-la-licencia-de-obras-para-la-rehabilitacion-del-edificio-de-curtidores\/"},"author":{"name":"La Gu\u00eda de Pamplona","@id":"https:\/\/www.laguiadepamplona.com\/actualidad\/#\/schema\/person\/efe887376f0213d4657c93adc50b1fdb"},"headline":"El Ayuntamiento de Pamplona no recurrir\u00e1 la sentencia que revoca la denegaci\u00f3n de la licencia de obras para la rehabilitaci\u00f3n del edificio de Curtidores","datePublished":"2024-11-11T18:54:36+00:00","mainEntityOfPage":{"@id":"https:\/\/www.laguiadepamplona.com\/actualidad\/el-ayuntamiento-de-pamplona-no-recurrira-la-sentencia-que-revoca-la-denegacion-de-la-licencia-de-obras-para-la-rehabilitacion-del-edificio-de-curtidores\/"},"wordCount":407,"commentCount":0,"publisher":{"@id":"https:\/\/www.laguiadepamplona.com\/actualidad\/#organization"},"image":{"@id":"https:\/\/www.laguiadepamplona.com\/actualidad\/el-ayuntamiento-de-pamplona-no-recurrira-la-sentencia-que-revoca-la-denegacion-de-la-licencia-de-obras-para-la-rehabilitacion-del-edificio-de-curtidores\/#primaryimage"},"thumbnailUrl":"https:\/\/www.laguiadepamplona.com\/actualidad\/wp-content\/uploads\/2024\/11\/curtidores_web.webp","articleSection":["Ayto Pamplona"],"inLanguage":"es","potentialAction":[{"@type":"CommentAction","name":"Comment","target":["https:\/\/www.laguiadepamplona.com\/actualidad\/el-ayuntamiento-de-pamplona-no-recurrira-la-sentencia-que-revoca-la-denegacion-de-la-licencia-de-obras-para-la-rehabilitacion-del-edificio-de-curtidores\/#respond"]}]},{"@type":"WebPage","@id":"https:\/\/www.laguiadepamplona.com\/actualidad\/el-ayuntamiento-de-pamplona-no-recurrira-la-sentencia-que-revoca-la-denegacion-de-la-licencia-de-obras-para-la-rehabilitacion-del-edificio-de-curtidores\/","url":"https:\/\/www.laguiadepamplona.com\/actualidad\/el-ayuntamiento-de-pamplona-no-recurrira-la-sentencia-que-revoca-la-denegacion-de-la-licencia-de-obras-para-la-rehabilitacion-del-edificio-de-curtidores\/","name":"El Ayuntamiento de Pamplona no recurrir\u00e1 la sentencia que revoca la denegaci\u00f3n de la licencia de obras para la rehabilitaci\u00f3n del edificio de Curtidores","isPartOf":{"@id":"https:\/\/www.laguiadepamplona.com\/actualidad\/#website"},"primaryImageOfPage":{"@id":"https:\/\/www.laguiadepamplona.com\/actualidad\/el-ayuntamiento-de-pamplona-no-recurrira-la-sentencia-que-revoca-la-denegacion-de-la-licencia-de-obras-para-la-rehabilitacion-del-edificio-de-curtidores\/#primaryimage"},"image":{"@id":"https:\/\/www.laguiadepamplona.com\/actualidad\/el-ayuntamiento-de-pamplona-no-recurrira-la-sentencia-que-revoca-la-denegacion-de-la-licencia-de-obras-para-la-rehabilitacion-del-edificio-de-curtidores\/#primaryimage"},"thumbnailUrl":"https:\/\/www.laguiadepamplona.com\/actualidad\/wp-content\/uploads\/2024\/11\/curtidores_web.webp","datePublished":"2024-11-11T18:54:36+00:00","breadcrumb":{"@id":"https:\/\/www.laguiadepamplona.com\/actualidad\/el-ayuntamiento-de-pamplona-no-recurrira-la-sentencia-que-revoca-la-denegacion-de-la-licencia-de-obras-para-la-rehabilitacion-del-edificio-de-curtidores\/#breadcrumb"},"inLanguage":"es","potentialAction":[{"@type":"ReadAction","target":["https:\/\/www.laguiadepamplona.com\/actualidad\/el-ayuntamiento-de-pamplona-no-recurrira-la-sentencia-que-revoca-la-denegacion-de-la-licencia-de-obras-para-la-rehabilitacion-del-edificio-de-curtidores\/"]}]},{"@type":"ImageObject","inLanguage":"es","@id":"https:\/\/www.laguiadepamplona.com\/actualidad\/el-ayuntamiento-de-pamplona-no-recurrira-la-sentencia-que-revoca-la-denegacion-de-la-licencia-de-obras-para-la-rehabilitacion-del-edificio-de-curtidores\/#primaryimage","url":"https:\/\/www.laguiadepamplona.com\/actualidad\/wp-content\/uploads\/2024\/11\/curtidores_web.webp","contentUrl":"https:\/\/www.laguiadepamplona.com\/actualidad\/wp-content\/uploads\/2024\/11\/curtidores_web.webp","width":1000,"height":662,"caption":"curtidores"},{"@type":"BreadcrumbList","@id":"https:\/\/www.laguiadepamplona.com\/actualidad\/el-ayuntamiento-de-pamplona-no-recurrira-la-sentencia-que-revoca-la-denegacion-de-la-licencia-de-obras-para-la-rehabilitacion-del-edificio-de-curtidores\/#breadcrumb","itemListElement":[{"@type":"ListItem","position":1,"name":"Portada","item":"https:\/\/www.laguiadepamplona.com\/actualidad\/"},{"@type":"ListItem","position":2,"name":"El Ayuntamiento de Pamplona no recurrir\u00e1 la sentencia que revoca la denegaci\u00f3n de la licencia de obras para la rehabilitaci\u00f3n del edificio de Curtidores"}]},{"@type":"WebSite","@id":"https:\/\/www.laguiadepamplona.com\/actualidad\/#website","url":"https:\/\/www.laguiadepamplona.com\/actualidad\/","name":"La gu\u00eda de Pamplona","description":"Noticias de Pamplona","publisher":{"@id":"https:\/\/www.laguiadepamplona.com\/actualidad\/#organization"},"potentialAction":[{"@type":"SearchAction","target":{"@type":"EntryPoint","urlTemplate":"https:\/\/www.laguiadepamplona.com\/actualidad\/?s={search_term_string}"},"query-input":{"@type":"PropertyValueSpecification","valueRequired":true,"valueName":"search_term_string"}}],"inLanguage":"es"},{"@type":"Organization","@id":"https:\/\/www.laguiadepamplona.com\/actualidad\/#organization","name":"La Gu\u00eda de Pamplona \/ Noticias","url":"https:\/\/www.laguiadepamplona.com\/actualidad\/","logo":{"@type":"ImageObject","inLanguage":"es","@id":"https:\/\/www.laguiadepamplona.com\/actualidad\/#\/schema\/logo\/image\/","url":"https:\/\/www.laguiadepamplona.com\/actualidad\/wp-content\/uploads\/2018\/11\/logo-laguiadepamplona18-web1.png","contentUrl":"https:\/\/www.laguiadepamplona.com\/actualidad\/wp-content\/uploads\/2018\/11\/logo-laguiadepamplona18-web1.png","width":600,"height":196,"caption":"La Gu\u00eda de Pamplona \/ Noticias"},"image":{"@id":"https:\/\/www.laguiadepamplona.com\/actualidad\/#\/schema\/logo\/image\/"},"sameAs":["https:\/\/www.facebook.com\/laguiadepamplonacom-133175176762273\/?ref=hl","https:\/\/x.com\/LaGuiadPamplona","https:\/\/www.instagram.com\/la_guia_de_pamplona\/","https:\/\/www.youtube.com\/user\/laguiadepamplona"]},{"@type":"Person","@id":"https:\/\/www.laguiadepamplona.com\/actualidad\/#\/schema\/person\/efe887376f0213d4657c93adc50b1fdb","name":"La Gu\u00eda de Pamplona","image":{"@type":"ImageObject","inLanguage":"es","@id":"https:\/\/secure.gravatar.com\/avatar\/b6992f131dc8d30ab0dff15446e9d346d9dbd95992de0fef795073f5ea83a81c?s=96&d=mm&r=g","url":"https:\/\/secure.gravatar.com\/avatar\/b6992f131dc8d30ab0dff15446e9d346d9dbd95992de0fef795073f5ea83a81c?s=96&d=mm&r=g","contentUrl":"https:\/\/secure.gravatar.com\/avatar\/b6992f131dc8d30ab0dff15446e9d346d9dbd95992de0fef795073f5ea83a81c?s=96&d=mm&r=g","caption":"La Gu\u00eda de Pamplona"}}]}},"post_mailing_queue_ids":[],"_links":{"self":[{"href":"https:\/\/www.laguiadepamplona.com\/actualidad\/wp-json\/wp\/v2\/posts\/51266","targetHints":{"allow":["GET"]}}],"collection":[{"href":"https:\/\/www.laguiadepamplona.com\/actualidad\/wp-json\/wp\/v2\/posts"}],"about":[{"href":"https:\/\/www.laguiadepamplona.com\/actualidad\/wp-json\/wp\/v2\/types\/post"}],"author":[{"embeddable":true,"href":"https:\/\/www.laguiadepamplona.com\/actualidad\/wp-json\/wp\/v2\/users\/1"}],"replies":[{"embeddable":true,"href":"https:\/\/www.laguiadepamplona.com\/actualidad\/wp-json\/wp\/v2\/comments?post=51266"}],"version-history":[{"count":1,"href":"https:\/\/www.laguiadepamplona.com\/actualidad\/wp-json\/wp\/v2\/posts\/51266\/revisions"}],"predecessor-version":[{"id":51268,"href":"https:\/\/www.laguiadepamplona.com\/actualidad\/wp-json\/wp\/v2\/posts\/51266\/revisions\/51268"}],"wp:featuredmedia":[{"embeddable":true,"href":"https:\/\/www.laguiadepamplona.com\/actualidad\/wp-json\/wp\/v2\/media\/51267"}],"wp:attachment":[{"href":"https:\/\/www.laguiadepamplona.com\/actualidad\/wp-json\/wp\/v2\/media?parent=51266"}],"wp:term":[{"taxonomy":"category","embeddable":true,"href":"https:\/\/www.laguiadepamplona.com\/actualidad\/wp-json\/wp\/v2\/categories?post=51266"},{"taxonomy":"post_tag","embeddable":true,"href":"https:\/\/www.laguiadepamplona.com\/actualidad\/wp-json\/wp\/v2\/tags?post=51266"}],"curies":[{"name":"wp","href":"https:\/\/api.w.org\/{rel}","templated":true}]}}