{"id":51264,"date":"2024-11-11T14:14:54","date_gmt":"2024-11-11T12:14:54","guid":{"rendered":"https:\/\/www.laguiadepamplona.com\/actualidad\/?p=51264"},"modified":"2024-11-11T14:14:54","modified_gmt":"2024-11-11T12:14:54","slug":"propuesta-de-actividades-organizadas-por-el-ayuntamiento-de-pamplona-del-12-al-14-de-noviembre-con-plazas-libres","status":"publish","type":"post","link":"https:\/\/www.laguiadepamplona.com\/actualidad\/propuesta-de-actividades-organizadas-por-el-ayuntamiento-de-pamplona-del-12-al-14-de-noviembre-con-plazas-libres\/","title":{"rendered":"Propuesta de actividades organizadas por el Ayuntamiento de Pamplona del 12 al 14 de noviembre con plazas libres"},"content":{"rendered":"<p><strong>\u00a0<\/strong><!--more--><\/p>\n<p><strong>MARTES 12 DE NOVIEMBRE<\/strong><\/p>\n<p><a href=\"https:\/\/www.pamplona.es\/actualidad\/eventos\/heroinas-de-cine-proyeccion-cinematografica-el-piano-de-jane-campion-civivox-san\">Hero\u00ednas de cine. Proyecci\u00f3n cinematogr\u00e1fica. \u2018El piano\u2019, de Jane Campion. Civivox SaN Jorge, 18 horas. Entrada libre, previa inscripci\u00f3n en el tel\u00e9fono 010, la red Civivox o<\/a> <a href=\"http:\/\/www.pamplonaescultura.es\">www.pamplonaescultura.es<\/a><\/p>\n<p>A\u00f1o 1851. Ada, que es muda desde ni\u00f1a, acaba de enviudar. Un matrimonio concertado la obliga a dejar su Escocia natal y viajar a Nueva Zelanda, acompa\u00f1ada de su hija y de su piano. All\u00ed conoce a su futuro marido, un pr\u00f3spero granjero que se niega a llevar a casa el piano. Abandonado en la playa, el instrumento ser\u00e1 rescatado por un vecino que establece un extra\u00f1o pacto con Ada: \u00e9l la dejar\u00e1 usar su piano a cambio de que ella se deje tocar. Ciclo coordinado por Mar\u00eda Castej\u00f3n.<\/p>\n<p><a href=\"https:\/\/www.pamplona.es\/actualidad\/eventos\/taller-de-haikus-haikunversaciones-biblioteca-publica-de-yamaguchi\">Taller de haiku. Haikunversaciones. Biblioteca P\u00fablica de Yamaguchi, 18 horas. Entrada libre, hasta completar el aforo<\/a><\/p>\n<p>Reuni\u00f3n abierta para el estudio del Haiku. Durante la sesi\u00f3n, se analizar\u00e1n y comentar\u00e1n los haikus que, previamente, hayan enviado las personas participantes. Organiza Haikunversaciones.<\/p>\n<p><a href=\"https:\/\/www.pamplona.es\/actualidad\/eventos\/cuentacuentos-soy-platano-biblioteca-publica-de-mendillorri\">Cuentacuentos. \u2018Soy pl\u00e1tano\u2019. Biblioteca P\u00fablica de Mendillorri, 18.15 horas. Inscripciones en la propia biblioteca<\/a><\/p>\n<p>Sesi\u00f3n dirigida a p\u00fablico infantil de 4 a 10 a\u00f1os, acompa\u00f1ado de sus padres y madres. Con M\u00aa Paz Jaurrieta, autora del libro. La sesi\u00f3n incluye un taller. Se pide a quienes participen que lleven un pl\u00e1tano al cuentacuentos.<\/p>\n<p><a href=\"https:\/\/www.pamplona.es\/actualidad\/eventos\/ciclo-sobre-ciencia-y-biodiversidad-proyeccion-documental-caretakers-de-tom\">Ciclo sobre ciencia y biodiversidad. Proyecci\u00f3n documental. \u2018The Caretakers\u2019, de Tom Hammer. Civivox Iturrama, 19.30 horas. Entrada libre, previa inscripci\u00f3n en el tel\u00e9fono 010, la red Civivox o<\/a> <a href=\"http:\/\/www.pamplonaescultura.es\">www.pamplonaescultura.es<\/a><\/p>\n<p>Un viaje a las extra\u00f1as y maravillosas vidas de las peque\u00f1as pero poderosas criaturas que hacen que el mundo siga girando: los escarabajos. El ciclo est\u00e1 dedicado a explorar la relaci\u00f3n entre la ciencia y la biodiversidad a trav\u00e9s del cine y ponencias especializadas. Tres sesiones que abordan tanto la conservaci\u00f3n de la naturaleza como su impacto en entornos urbanos y su capacidad de inspirar innovaci\u00f3n.<\/p>\n<p><strong>\u00a0<\/strong><\/p>\n<p><strong>MI\u00c9RCOLES 13 DE NOVIEMBRE<\/strong><\/p>\n<p><a href=\"https:\/\/www.pamplona.es\/actualidad\/eventos\/cuentacuentos-soy-platano-biblioteca-publica-san-francisco\">Cuentacuentos. \u2018Soy pl\u00e1tano\u2019. Biblioteca P\u00fablica San Francisco, 18.15 horas. Inscripciones en la propia biblioteca<\/a><\/p>\n<p>Sesi\u00f3n dirigida a p\u00fablico infantil de 4 a 10 a\u00f1os, acompa\u00f1ado de sus padres y madres. Con M\u00aa Paz Jaurrieta, autora del libro. La sesi\u00f3n incluye un taller. Se pide a quienes participen que lleven un pl\u00e1tano al cuentacuentos.<\/p>\n<p><a href=\"https:\/\/www.pamplona.es\/actualidad\/eventos\/lectura-dramatizada-manos-arriba-sociedad-limitada-bibiloteca-de-yamaguchi\">Lectura dramatizada. \u2018Manos Arriba Sociedad Limitada\u2019. Biblioteca P\u00fablica de Yamaguchi, 18.30 horas. Entrada libre, hasta completar el aforo<\/a><\/p>\n<p>Lectura dramatizada a cargo de Yolanda Almeida y Alain Elizalde. \u2018Manos Arriba Sociedad Limitada\u2019 es una comedia negra que roza el absurdo.<\/p>\n<p><a href=\"https:\/\/www.pamplona.es\/actualidad\/eventos\/cafeteando-juegos-de-tenis-de-mesa-casa-de-la-juventud-1\">Cafeteando. Juegos de tenis de mesa. Casa de la Juventud, 18.30 horas. Entrada libre, hasta completar el aforo<\/a><\/p>\n<p>Tarde de tenis de mesa en la Casa de la Juventud, con diferentes retos y propuestas para pasar un rato entretenido.<\/p>\n<p><a href=\"https:\/\/www.pamplona.es\/actualidad\/eventos\/ver-oir-aplaudir-proyecciones-accesibles-el-falsificador-de-pasaportes-de-maggie\">Ver, o\u00edr, aplaudir. Proyecciones accesibles. \u2018El falsificador de pasaportes\u2019, de Maggie Peren. Civivox Iturrama, 19 horas. Entrada libre, previa inscripci\u00f3n en el tel\u00e9fono 010, la red Civivox o<\/a> <a href=\"http:\/\/www.pamplonaescultura.es\">www.pamplonaescultura.es<\/a><\/p>\n<p>Berl\u00edn, 1942. Cioma Sch\u00f6nhaus es un joven jud\u00edo de 21 a\u00f1os que se ha propuesto que nadie, ni siquiera los nazis, le quite su entusiasmo por la vida. Para escapar de la deportaci\u00f3n, Cioma utiliza la identidad de un oficial de la marina, descubriendo as\u00ed que tiene un talento oculto para falsificar no s\u00f3lo pasaportes y documentos, sino tambi\u00e9n su propia identidad. Proyecciones en DVD con sistema de audiodescripci\u00f3n.<\/p>\n<p><a href=\"https:\/\/www.pamplona.es\/actualidad\/eventos\/oteiza-basterretxea-chillida-lugares-de-encuentro-conferencia-oteiza-y-chillida\">Oteiza, Basterretxea, Chillida, lugares de encuentro. Conferencia. \u2018Oteiza y Chillida. Los a\u00f1os de formaci\u00f3n, los viajes\u2019. Civivox Condestable, 19 horas. Entrada libre, hasta completar el aforo<\/a><\/p>\n<p>A Jorge Oteiza (Orio 1908 &#8211; San Sebasti\u00e1n 2003) y Eduardo Chillida (San Sebasti\u00e1n 1924 \u2013 San Sebasti\u00e1n 2002) les separan diecis\u00e9is a\u00f1os. Sin embargo, a pesar de sus trayectorias, muy dispares, de sus a\u00f1os de formaci\u00f3n, coinciden a comienzos de los a\u00f1os 50 en la obra colectiva de la Bas\u00edlica de Arantzazu. Hasta entonces, los a\u00f1os de formaci\u00f3n de Oteiza, con m\u00e1s de cuarenta a\u00f1os, y Chillida con apenas treinta, estar\u00e1n marcados por dos viajes: el de Jorge Oteiza a Suram\u00e9rica, con una estancia muy prolongada en varios pa\u00edses, y el de Chillida a Par\u00eds, de apenas tres a\u00f1os con algunas interrupciones. Esta conferencia trata de lo ocurrido durante estos a\u00f1os en las trayectorias de Oteiza y Chillida, que ser\u00e1 decisivo en su actividad posterior, con encuentros y desencuentros que se prolongar\u00e1n durante gran parte de sus vidas. Charla con Mar\u00eda Teresa Mu\u00f1oz.<\/p>\n<p><a href=\"https:\/\/www.pamplona.es\/actualidad\/eventos\/ciclo-de-educacion-nutricional-conferencia-alimentacion-equilibrada-en-el-dia\">Ciclo de educaci\u00f3n nutricional. Conferencia. Alimentaci\u00f3n equilibrada en el d\u00eda a d\u00eda. Civivox Milagrosa, 19.30 horas. Entrada libre, hasta completar el aforo<\/a><\/p>\n<p>Comer es algo que hacemos todas las personas, todos los d\u00edas y unas cuantas veces. En esta charla os traemos conceptos b\u00e1sicos de una dieta saludable y c\u00f3mo distribuir los macronutrientes (prote\u00ednas, hidratos y grasas) en cada comida. Adem\u00e1s, hablaremos de la importancia de las proporciones y c\u00f3mo calcularlas en funci\u00f3n de tu estilo de vida. Con Silvia Uriarte y Mar\u00eda Garc\u00e9s, de GUT Nutrici\u00f3n.<\/p>\n<p><a href=\"https:\/\/www.pamplona.es\/actualidad\/eventos\/conferencia-suicidio-civivox-ensanche\">Ciclo sobre prevenci\u00f3n del suicidio. Conferencia. Suicidio: un problema de todos\/as. Civivox Ensanche, 19.30 horas. Entrada libre, hasta completar aforo<\/a><\/p>\n<p>El suicidio es un problema de todas las personas, que requiere de un abordaje interdisciplinar. Para entenderlo es necesario analizar los factores de riesgo y el papel de cada persona en su prevenci\u00f3n. Con Unax Flores, psic\u00f3logo y colaborador de la asociaci\u00f3n. Ciclo en colaboraci\u00f3n con la Asociaci\u00f3n Besarkada \u2013 Abrazo.<\/p>\n<p>&nbsp;<\/p>\n<p><strong>JUEVES 14 DE NOVIEMBRE<\/strong><\/p>\n<p><a href=\"https:\/\/www.pamplona.es\/actualidad\/eventos\/club-de-lectura-facil-confabuladas-civivox-iturrama\">Club de lectura f\u00e1cil. Confabuladas. Civivox Iturrama, 11 horas. Entrada libre, previa inscripci\u00f3n previa en el 010, la red Civivox o<\/a> <a href=\"http:\/\/www.pamplonaescultura.es\">www.pamplonaescultura.es<\/a><\/p>\n<p>El club de lectura f\u00e1cil es un club integrador, de car\u00e1cter mensual, en el que participan personas con diversas capacidades y se utiliza material adaptado a la lectura f\u00e1cil. Ciclo en colaboraci\u00f3n con Las Gafas de Escribir y ANFAS.<\/p>\n<p><a href=\"https:\/\/www.pamplona.es\/actualidad\/eventos\/ciclo-sobre-fisioterapia-y-salud-conferencia-dificultades-en-la-lactancia\">Ciclo sobre fisioterapia y salud. Conferencia. \u2018\u00bfDificultades en la lactancia materna? La fisioterapia y la terapia manual como medio de evaluaci\u00f3n y tratamiento. Civivox Mendillorri, 17.30 horas. Entrada libre, hasta completar el aforo<\/a><\/p>\n<p>La fisioterapia es clave para la valoraci\u00f3n de las estructuras del beb\u00e9 implicadas en la correcta funcionalidad y biomec\u00e1nica de la lactancia. Conoceremos los signos y s\u00edntomas relacionados con las dificultades, as\u00ed como la ayuda que representa la terapia manual para tratar estas dificultades presentes. Con la fisioterapeuta Izaskun Montori. Ciclo realizado en colaboraci\u00f3n con el Colegio Oficial de Fisioterapeutas de Navarra.<\/p>\n<p><a href=\"https:\/\/www.pamplona.es\/actualidad\/eventos\/ciclo-sobre-ciencia-y-biodiversidad-conferencia-biodiversidad-urbana-civivox\">Ciclo sobre ciencia y biodiversidad. Conferencia. Biodiversidad urbana. Civivox Iturrama, 19.30 horas. Entrada libre, previa inscripci\u00f3n en el tel\u00e9fono 010, la red Civivox o<\/a> <a href=\"http:\/\/www.pamplonaescultura.es\">www.pamplonaescultura.es<\/a><\/p>\n<p>Lorena Escuer, experta en ecolog\u00eda y biodiversidad, nos hablar\u00e1 sobre la importancia de preservar la biodiversidad en las ciudades y su impacto en nuestro d\u00eda a d\u00eda.<\/p>\n<p><a href=\"https:\/\/www.pamplona.es\/actualidad\/eventos\/la-risa-lista-monologo-mama-mirame-con-las-nenas-theatre-civivox-condestable\">La Risa Lista. Mon\u00f3logo. \u2018Mam\u00e1, m\u00edrame\u2019, con Las Nenas Theatre. Civivox Condestable, 20 horas. Entrada: 3 euros, previa inscripci\u00f3n en la red Civivox, el tel\u00e9fono 010 o<\/a> <a href=\"http:\/\/www.pamplonaescultura.es\">www.pamplonaescultura.es<\/a><\/p>\n<p>Las Nenas es un colectivo formado por Cristina Tom\u00e1s y Ane Sag\u00fc\u00e9s: creadoras, directoras, performers, dramaturgas, actrices, c\u00f3micas, artistas multidisciplinares, docentes, analistas, reporteras, productoras, t\u00e9cnicas de luces y sonido, realizadoras, relaciones p\u00fablicas, cajeras, secretarias, camareras\u2026 y todo esto sin saber c\u00f3mo se hace. Las Nenas nos introducen en el proceso creativo de su pr\u00f3xima obra. \u00bfC\u00f3mo co\u00f1o se hace una obra de teatro?<\/p>\n","protected":false},"excerpt":{"rendered":"<p>\u00a0<\/p>\n","protected":false},"author":1,"featured_media":48503,"comment_status":"open","ping_status":"closed","sticky":false,"template":"","format":"standard","meta":{"footnotes":""},"categories":[2],"tags":[],"class_list":["post-51264","post","type-post","status-publish","format-standard","has-post-thumbnail","hentry","category-ayuntamiento-pamplona"],"yoast_head":"<!-- This site is optimized with the Yoast SEO plugin v27.3 - https:\/\/yoast.com\/product\/yoast-seo-wordpress\/ -->\n<title>Propuesta de actividades organizadas por el Ayuntamiento de Pamplona del 12 al 14 de noviembre con plazas libres<\/title>\n<meta name=\"robots\" content=\"index, follow, max-snippet:-1, max-image-preview:large, max-video-preview:-1\" \/>\n<link rel=\"canonical\" href=\"https:\/\/www.laguiadepamplona.com\/actualidad\/propuesta-de-actividades-organizadas-por-el-ayuntamiento-de-pamplona-del-12-al-14-de-noviembre-con-plazas-libres\/\" \/>\n<meta property=\"og:locale\" content=\"es_ES\" \/>\n<meta property=\"og:type\" content=\"article\" \/>\n<meta property=\"og:title\" content=\"Propuesta de actividades organizadas por el Ayuntamiento de Pamplona del 12 al 14 de noviembre con plazas libres\" \/>\n<meta property=\"og:description\" content=\"\u00a0\" \/>\n<meta property=\"og:url\" content=\"https:\/\/www.laguiadepamplona.com\/actualidad\/propuesta-de-actividades-organizadas-por-el-ayuntamiento-de-pamplona-del-12-al-14-de-noviembre-con-plazas-libres\/\" \/>\n<meta property=\"og:site_name\" content=\"La Gu\u00eda de Pamplona\" \/>\n<meta property=\"article:publisher\" content=\"https:\/\/www.facebook.com\/laguiadepamplonacom-133175176762273\/?ref=hl\" \/>\n<meta property=\"article:published_time\" content=\"2024-11-11T12:14:54+00:00\" \/>\n<meta property=\"og:image\" content=\"https:\/\/www.laguiadepamplona.com\/actualidad\/wp-content\/uploads\/2024\/01\/ayuntamiento-pamplona.webp\" \/>\n\t<meta property=\"og:image:width\" content=\"1200\" \/>\n\t<meta property=\"og:image:height\" content=\"675\" \/>\n\t<meta property=\"og:image:type\" content=\"image\/webp\" \/>\n<meta name=\"author\" content=\"La Gu\u00eda de Pamplona\" \/>\n<meta name=\"twitter:card\" content=\"summary_large_image\" \/>\n<meta name=\"twitter:creator\" content=\"@LaGuiadPamplona\" \/>\n<meta name=\"twitter:site\" content=\"@LaGuiadPamplona\" \/>\n<meta name=\"twitter:label1\" content=\"Escrito por\" \/>\n\t<meta name=\"twitter:data1\" content=\"La Gu\u00eda de Pamplona\" \/>\n\t<meta name=\"twitter:label2\" content=\"Tiempo de lectura\" \/>\n\t<meta name=\"twitter:data2\" content=\"6 minutos\" \/>\n<script type=\"application\/ld+json\" class=\"yoast-schema-graph\">{\"@context\":\"https:\\\/\\\/schema.org\",\"@graph\":[{\"@type\":\"Article\",\"@id\":\"https:\\\/\\\/www.laguiadepamplona.com\\\/actualidad\\\/propuesta-de-actividades-organizadas-por-el-ayuntamiento-de-pamplona-del-12-al-14-de-noviembre-con-plazas-libres\\\/#article\",\"isPartOf\":{\"@id\":\"https:\\\/\\\/www.laguiadepamplona.com\\\/actualidad\\\/propuesta-de-actividades-organizadas-por-el-ayuntamiento-de-pamplona-del-12-al-14-de-noviembre-con-plazas-libres\\\/\"},\"author\":{\"name\":\"La Gu\u00eda de Pamplona\",\"@id\":\"https:\\\/\\\/www.laguiadepamplona.com\\\/actualidad\\\/#\\\/schema\\\/person\\\/efe887376f0213d4657c93adc50b1fdb\"},\"headline\":\"Propuesta de actividades organizadas por el Ayuntamiento de Pamplona del 12 al 14 de noviembre con plazas libres\",\"datePublished\":\"2024-11-11T12:14:54+00:00\",\"mainEntityOfPage\":{\"@id\":\"https:\\\/\\\/www.laguiadepamplona.com\\\/actualidad\\\/propuesta-de-actividades-organizadas-por-el-ayuntamiento-de-pamplona-del-12-al-14-de-noviembre-con-plazas-libres\\\/\"},\"wordCount\":1294,\"commentCount\":0,\"publisher\":{\"@id\":\"https:\\\/\\\/www.laguiadepamplona.com\\\/actualidad\\\/#organization\"},\"image\":{\"@id\":\"https:\\\/\\\/www.laguiadepamplona.com\\\/actualidad\\\/propuesta-de-actividades-organizadas-por-el-ayuntamiento-de-pamplona-del-12-al-14-de-noviembre-con-plazas-libres\\\/#primaryimage\"},\"thumbnailUrl\":\"https:\\\/\\\/www.laguiadepamplona.com\\\/actualidad\\\/wp-content\\\/uploads\\\/2024\\\/01\\\/ayuntamiento-pamplona.webp\",\"articleSection\":[\"Ayto Pamplona\"],\"inLanguage\":\"es\",\"potentialAction\":[{\"@type\":\"CommentAction\",\"name\":\"Comment\",\"target\":[\"https:\\\/\\\/www.laguiadepamplona.com\\\/actualidad\\\/propuesta-de-actividades-organizadas-por-el-ayuntamiento-de-pamplona-del-12-al-14-de-noviembre-con-plazas-libres\\\/#respond\"]}]},{\"@type\":\"WebPage\",\"@id\":\"https:\\\/\\\/www.laguiadepamplona.com\\\/actualidad\\\/propuesta-de-actividades-organizadas-por-el-ayuntamiento-de-pamplona-del-12-al-14-de-noviembre-con-plazas-libres\\\/\",\"url\":\"https:\\\/\\\/www.laguiadepamplona.com\\\/actualidad\\\/propuesta-de-actividades-organizadas-por-el-ayuntamiento-de-pamplona-del-12-al-14-de-noviembre-con-plazas-libres\\\/\",\"name\":\"Propuesta de actividades organizadas por el Ayuntamiento de Pamplona del 12 al 14 de noviembre con plazas libres\",\"isPartOf\":{\"@id\":\"https:\\\/\\\/www.laguiadepamplona.com\\\/actualidad\\\/#website\"},\"primaryImageOfPage\":{\"@id\":\"https:\\\/\\\/www.laguiadepamplona.com\\\/actualidad\\\/propuesta-de-actividades-organizadas-por-el-ayuntamiento-de-pamplona-del-12-al-14-de-noviembre-con-plazas-libres\\\/#primaryimage\"},\"image\":{\"@id\":\"https:\\\/\\\/www.laguiadepamplona.com\\\/actualidad\\\/propuesta-de-actividades-organizadas-por-el-ayuntamiento-de-pamplona-del-12-al-14-de-noviembre-con-plazas-libres\\\/#primaryimage\"},\"thumbnailUrl\":\"https:\\\/\\\/www.laguiadepamplona.com\\\/actualidad\\\/wp-content\\\/uploads\\\/2024\\\/01\\\/ayuntamiento-pamplona.webp\",\"datePublished\":\"2024-11-11T12:14:54+00:00\",\"breadcrumb\":{\"@id\":\"https:\\\/\\\/www.laguiadepamplona.com\\\/actualidad\\\/propuesta-de-actividades-organizadas-por-el-ayuntamiento-de-pamplona-del-12-al-14-de-noviembre-con-plazas-libres\\\/#breadcrumb\"},\"inLanguage\":\"es\",\"potentialAction\":[{\"@type\":\"ReadAction\",\"target\":[\"https:\\\/\\\/www.laguiadepamplona.com\\\/actualidad\\\/propuesta-de-actividades-organizadas-por-el-ayuntamiento-de-pamplona-del-12-al-14-de-noviembre-con-plazas-libres\\\/\"]}]},{\"@type\":\"ImageObject\",\"inLanguage\":\"es\",\"@id\":\"https:\\\/\\\/www.laguiadepamplona.com\\\/actualidad\\\/propuesta-de-actividades-organizadas-por-el-ayuntamiento-de-pamplona-del-12-al-14-de-noviembre-con-plazas-libres\\\/#primaryimage\",\"url\":\"https:\\\/\\\/www.laguiadepamplona.com\\\/actualidad\\\/wp-content\\\/uploads\\\/2024\\\/01\\\/ayuntamiento-pamplona.webp\",\"contentUrl\":\"https:\\\/\\\/www.laguiadepamplona.com\\\/actualidad\\\/wp-content\\\/uploads\\\/2024\\\/01\\\/ayuntamiento-pamplona.webp\",\"width\":1200,\"height\":675,\"caption\":\"ayuntamiento pamplona\"},{\"@type\":\"BreadcrumbList\",\"@id\":\"https:\\\/\\\/www.laguiadepamplona.com\\\/actualidad\\\/propuesta-de-actividades-organizadas-por-el-ayuntamiento-de-pamplona-del-12-al-14-de-noviembre-con-plazas-libres\\\/#breadcrumb\",\"itemListElement\":[{\"@type\":\"ListItem\",\"position\":1,\"name\":\"Portada\",\"item\":\"https:\\\/\\\/www.laguiadepamplona.com\\\/actualidad\\\/\"},{\"@type\":\"ListItem\",\"position\":2,\"name\":\"Propuesta de actividades organizadas por el Ayuntamiento de Pamplona del 12 al 14 de noviembre con plazas libres\"}]},{\"@type\":\"WebSite\",\"@id\":\"https:\\\/\\\/www.laguiadepamplona.com\\\/actualidad\\\/#website\",\"url\":\"https:\\\/\\\/www.laguiadepamplona.com\\\/actualidad\\\/\",\"name\":\"La gu\u00eda de Pamplona\",\"description\":\"Noticias de Pamplona\",\"publisher\":{\"@id\":\"https:\\\/\\\/www.laguiadepamplona.com\\\/actualidad\\\/#organization\"},\"potentialAction\":[{\"@type\":\"SearchAction\",\"target\":{\"@type\":\"EntryPoint\",\"urlTemplate\":\"https:\\\/\\\/www.laguiadepamplona.com\\\/actualidad\\\/?s={search_term_string}\"},\"query-input\":{\"@type\":\"PropertyValueSpecification\",\"valueRequired\":true,\"valueName\":\"search_term_string\"}}],\"inLanguage\":\"es\"},{\"@type\":\"Organization\",\"@id\":\"https:\\\/\\\/www.laguiadepamplona.com\\\/actualidad\\\/#organization\",\"name\":\"La Gu\u00eda de Pamplona \\\/ Noticias\",\"url\":\"https:\\\/\\\/www.laguiadepamplona.com\\\/actualidad\\\/\",\"logo\":{\"@type\":\"ImageObject\",\"inLanguage\":\"es\",\"@id\":\"https:\\\/\\\/www.laguiadepamplona.com\\\/actualidad\\\/#\\\/schema\\\/logo\\\/image\\\/\",\"url\":\"https:\\\/\\\/www.laguiadepamplona.com\\\/actualidad\\\/wp-content\\\/uploads\\\/2018\\\/11\\\/logo-laguiadepamplona18-web1.png\",\"contentUrl\":\"https:\\\/\\\/www.laguiadepamplona.com\\\/actualidad\\\/wp-content\\\/uploads\\\/2018\\\/11\\\/logo-laguiadepamplona18-web1.png\",\"width\":600,\"height\":196,\"caption\":\"La Gu\u00eda de Pamplona \\\/ Noticias\"},\"image\":{\"@id\":\"https:\\\/\\\/www.laguiadepamplona.com\\\/actualidad\\\/#\\\/schema\\\/logo\\\/image\\\/\"},\"sameAs\":[\"https:\\\/\\\/www.facebook.com\\\/laguiadepamplonacom-133175176762273\\\/?ref=hl\",\"https:\\\/\\\/x.com\\\/LaGuiadPamplona\",\"https:\\\/\\\/www.instagram.com\\\/la_guia_de_pamplona\\\/\",\"https:\\\/\\\/www.youtube.com\\\/user\\\/laguiadepamplona\"]},{\"@type\":\"Person\",\"@id\":\"https:\\\/\\\/www.laguiadepamplona.com\\\/actualidad\\\/#\\\/schema\\\/person\\\/efe887376f0213d4657c93adc50b1fdb\",\"name\":\"La Gu\u00eda de Pamplona\",\"image\":{\"@type\":\"ImageObject\",\"inLanguage\":\"es\",\"@id\":\"https:\\\/\\\/secure.gravatar.com\\\/avatar\\\/b6992f131dc8d30ab0dff15446e9d346d9dbd95992de0fef795073f5ea83a81c?s=96&d=mm&r=g\",\"url\":\"https:\\\/\\\/secure.gravatar.com\\\/avatar\\\/b6992f131dc8d30ab0dff15446e9d346d9dbd95992de0fef795073f5ea83a81c?s=96&d=mm&r=g\",\"contentUrl\":\"https:\\\/\\\/secure.gravatar.com\\\/avatar\\\/b6992f131dc8d30ab0dff15446e9d346d9dbd95992de0fef795073f5ea83a81c?s=96&d=mm&r=g\",\"caption\":\"La Gu\u00eda de Pamplona\"}}]}<\/script>\n<!-- \/ Yoast SEO plugin. -->","yoast_head_json":{"title":"Propuesta de actividades organizadas por el Ayuntamiento de Pamplona del 12 al 14 de noviembre con plazas libres","robots":{"index":"index","follow":"follow","max-snippet":"max-snippet:-1","max-image-preview":"max-image-preview:large","max-video-preview":"max-video-preview:-1"},"canonical":"https:\/\/www.laguiadepamplona.com\/actualidad\/propuesta-de-actividades-organizadas-por-el-ayuntamiento-de-pamplona-del-12-al-14-de-noviembre-con-plazas-libres\/","og_locale":"es_ES","og_type":"article","og_title":"Propuesta de actividades organizadas por el Ayuntamiento de Pamplona del 12 al 14 de noviembre con plazas libres","og_description":"\u00a0","og_url":"https:\/\/www.laguiadepamplona.com\/actualidad\/propuesta-de-actividades-organizadas-por-el-ayuntamiento-de-pamplona-del-12-al-14-de-noviembre-con-plazas-libres\/","og_site_name":"La Gu\u00eda de Pamplona","article_publisher":"https:\/\/www.facebook.com\/laguiadepamplonacom-133175176762273\/?ref=hl","article_published_time":"2024-11-11T12:14:54+00:00","og_image":[{"width":1200,"height":675,"url":"https:\/\/www.laguiadepamplona.com\/actualidad\/wp-content\/uploads\/2024\/01\/ayuntamiento-pamplona.webp","type":"image\/webp"}],"author":"La Gu\u00eda de Pamplona","twitter_card":"summary_large_image","twitter_creator":"@LaGuiadPamplona","twitter_site":"@LaGuiadPamplona","twitter_misc":{"Escrito por":"La Gu\u00eda de Pamplona","Tiempo de lectura":"6 minutos"},"schema":{"@context":"https:\/\/schema.org","@graph":[{"@type":"Article","@id":"https:\/\/www.laguiadepamplona.com\/actualidad\/propuesta-de-actividades-organizadas-por-el-ayuntamiento-de-pamplona-del-12-al-14-de-noviembre-con-plazas-libres\/#article","isPartOf":{"@id":"https:\/\/www.laguiadepamplona.com\/actualidad\/propuesta-de-actividades-organizadas-por-el-ayuntamiento-de-pamplona-del-12-al-14-de-noviembre-con-plazas-libres\/"},"author":{"name":"La Gu\u00eda de Pamplona","@id":"https:\/\/www.laguiadepamplona.com\/actualidad\/#\/schema\/person\/efe887376f0213d4657c93adc50b1fdb"},"headline":"Propuesta de actividades organizadas por el Ayuntamiento de Pamplona del 12 al 14 de noviembre con plazas libres","datePublished":"2024-11-11T12:14:54+00:00","mainEntityOfPage":{"@id":"https:\/\/www.laguiadepamplona.com\/actualidad\/propuesta-de-actividades-organizadas-por-el-ayuntamiento-de-pamplona-del-12-al-14-de-noviembre-con-plazas-libres\/"},"wordCount":1294,"commentCount":0,"publisher":{"@id":"https:\/\/www.laguiadepamplona.com\/actualidad\/#organization"},"image":{"@id":"https:\/\/www.laguiadepamplona.com\/actualidad\/propuesta-de-actividades-organizadas-por-el-ayuntamiento-de-pamplona-del-12-al-14-de-noviembre-con-plazas-libres\/#primaryimage"},"thumbnailUrl":"https:\/\/www.laguiadepamplona.com\/actualidad\/wp-content\/uploads\/2024\/01\/ayuntamiento-pamplona.webp","articleSection":["Ayto Pamplona"],"inLanguage":"es","potentialAction":[{"@type":"CommentAction","name":"Comment","target":["https:\/\/www.laguiadepamplona.com\/actualidad\/propuesta-de-actividades-organizadas-por-el-ayuntamiento-de-pamplona-del-12-al-14-de-noviembre-con-plazas-libres\/#respond"]}]},{"@type":"WebPage","@id":"https:\/\/www.laguiadepamplona.com\/actualidad\/propuesta-de-actividades-organizadas-por-el-ayuntamiento-de-pamplona-del-12-al-14-de-noviembre-con-plazas-libres\/","url":"https:\/\/www.laguiadepamplona.com\/actualidad\/propuesta-de-actividades-organizadas-por-el-ayuntamiento-de-pamplona-del-12-al-14-de-noviembre-con-plazas-libres\/","name":"Propuesta de actividades organizadas por el Ayuntamiento de Pamplona del 12 al 14 de noviembre con plazas libres","isPartOf":{"@id":"https:\/\/www.laguiadepamplona.com\/actualidad\/#website"},"primaryImageOfPage":{"@id":"https:\/\/www.laguiadepamplona.com\/actualidad\/propuesta-de-actividades-organizadas-por-el-ayuntamiento-de-pamplona-del-12-al-14-de-noviembre-con-plazas-libres\/#primaryimage"},"image":{"@id":"https:\/\/www.laguiadepamplona.com\/actualidad\/propuesta-de-actividades-organizadas-por-el-ayuntamiento-de-pamplona-del-12-al-14-de-noviembre-con-plazas-libres\/#primaryimage"},"thumbnailUrl":"https:\/\/www.laguiadepamplona.com\/actualidad\/wp-content\/uploads\/2024\/01\/ayuntamiento-pamplona.webp","datePublished":"2024-11-11T12:14:54+00:00","breadcrumb":{"@id":"https:\/\/www.laguiadepamplona.com\/actualidad\/propuesta-de-actividades-organizadas-por-el-ayuntamiento-de-pamplona-del-12-al-14-de-noviembre-con-plazas-libres\/#breadcrumb"},"inLanguage":"es","potentialAction":[{"@type":"ReadAction","target":["https:\/\/www.laguiadepamplona.com\/actualidad\/propuesta-de-actividades-organizadas-por-el-ayuntamiento-de-pamplona-del-12-al-14-de-noviembre-con-plazas-libres\/"]}]},{"@type":"ImageObject","inLanguage":"es","@id":"https:\/\/www.laguiadepamplona.com\/actualidad\/propuesta-de-actividades-organizadas-por-el-ayuntamiento-de-pamplona-del-12-al-14-de-noviembre-con-plazas-libres\/#primaryimage","url":"https:\/\/www.laguiadepamplona.com\/actualidad\/wp-content\/uploads\/2024\/01\/ayuntamiento-pamplona.webp","contentUrl":"https:\/\/www.laguiadepamplona.com\/actualidad\/wp-content\/uploads\/2024\/01\/ayuntamiento-pamplona.webp","width":1200,"height":675,"caption":"ayuntamiento pamplona"},{"@type":"BreadcrumbList","@id":"https:\/\/www.laguiadepamplona.com\/actualidad\/propuesta-de-actividades-organizadas-por-el-ayuntamiento-de-pamplona-del-12-al-14-de-noviembre-con-plazas-libres\/#breadcrumb","itemListElement":[{"@type":"ListItem","position":1,"name":"Portada","item":"https:\/\/www.laguiadepamplona.com\/actualidad\/"},{"@type":"ListItem","position":2,"name":"Propuesta de actividades organizadas por el Ayuntamiento de Pamplona del 12 al 14 de noviembre con plazas libres"}]},{"@type":"WebSite","@id":"https:\/\/www.laguiadepamplona.com\/actualidad\/#website","url":"https:\/\/www.laguiadepamplona.com\/actualidad\/","name":"La gu\u00eda de Pamplona","description":"Noticias de Pamplona","publisher":{"@id":"https:\/\/www.laguiadepamplona.com\/actualidad\/#organization"},"potentialAction":[{"@type":"SearchAction","target":{"@type":"EntryPoint","urlTemplate":"https:\/\/www.laguiadepamplona.com\/actualidad\/?s={search_term_string}"},"query-input":{"@type":"PropertyValueSpecification","valueRequired":true,"valueName":"search_term_string"}}],"inLanguage":"es"},{"@type":"Organization","@id":"https:\/\/www.laguiadepamplona.com\/actualidad\/#organization","name":"La Gu\u00eda de Pamplona \/ Noticias","url":"https:\/\/www.laguiadepamplona.com\/actualidad\/","logo":{"@type":"ImageObject","inLanguage":"es","@id":"https:\/\/www.laguiadepamplona.com\/actualidad\/#\/schema\/logo\/image\/","url":"https:\/\/www.laguiadepamplona.com\/actualidad\/wp-content\/uploads\/2018\/11\/logo-laguiadepamplona18-web1.png","contentUrl":"https:\/\/www.laguiadepamplona.com\/actualidad\/wp-content\/uploads\/2018\/11\/logo-laguiadepamplona18-web1.png","width":600,"height":196,"caption":"La Gu\u00eda de Pamplona \/ Noticias"},"image":{"@id":"https:\/\/www.laguiadepamplona.com\/actualidad\/#\/schema\/logo\/image\/"},"sameAs":["https:\/\/www.facebook.com\/laguiadepamplonacom-133175176762273\/?ref=hl","https:\/\/x.com\/LaGuiadPamplona","https:\/\/www.instagram.com\/la_guia_de_pamplona\/","https:\/\/www.youtube.com\/user\/laguiadepamplona"]},{"@type":"Person","@id":"https:\/\/www.laguiadepamplona.com\/actualidad\/#\/schema\/person\/efe887376f0213d4657c93adc50b1fdb","name":"La Gu\u00eda de Pamplona","image":{"@type":"ImageObject","inLanguage":"es","@id":"https:\/\/secure.gravatar.com\/avatar\/b6992f131dc8d30ab0dff15446e9d346d9dbd95992de0fef795073f5ea83a81c?s=96&d=mm&r=g","url":"https:\/\/secure.gravatar.com\/avatar\/b6992f131dc8d30ab0dff15446e9d346d9dbd95992de0fef795073f5ea83a81c?s=96&d=mm&r=g","contentUrl":"https:\/\/secure.gravatar.com\/avatar\/b6992f131dc8d30ab0dff15446e9d346d9dbd95992de0fef795073f5ea83a81c?s=96&d=mm&r=g","caption":"La Gu\u00eda de Pamplona"}}]}},"post_mailing_queue_ids":[],"_links":{"self":[{"href":"https:\/\/www.laguiadepamplona.com\/actualidad\/wp-json\/wp\/v2\/posts\/51264","targetHints":{"allow":["GET"]}}],"collection":[{"href":"https:\/\/www.laguiadepamplona.com\/actualidad\/wp-json\/wp\/v2\/posts"}],"about":[{"href":"https:\/\/www.laguiadepamplona.com\/actualidad\/wp-json\/wp\/v2\/types\/post"}],"author":[{"embeddable":true,"href":"https:\/\/www.laguiadepamplona.com\/actualidad\/wp-json\/wp\/v2\/users\/1"}],"replies":[{"embeddable":true,"href":"https:\/\/www.laguiadepamplona.com\/actualidad\/wp-json\/wp\/v2\/comments?post=51264"}],"version-history":[{"count":1,"href":"https:\/\/www.laguiadepamplona.com\/actualidad\/wp-json\/wp\/v2\/posts\/51264\/revisions"}],"predecessor-version":[{"id":51265,"href":"https:\/\/www.laguiadepamplona.com\/actualidad\/wp-json\/wp\/v2\/posts\/51264\/revisions\/51265"}],"wp:featuredmedia":[{"embeddable":true,"href":"https:\/\/www.laguiadepamplona.com\/actualidad\/wp-json\/wp\/v2\/media\/48503"}],"wp:attachment":[{"href":"https:\/\/www.laguiadepamplona.com\/actualidad\/wp-json\/wp\/v2\/media?parent=51264"}],"wp:term":[{"taxonomy":"category","embeddable":true,"href":"https:\/\/www.laguiadepamplona.com\/actualidad\/wp-json\/wp\/v2\/categories?post=51264"},{"taxonomy":"post_tag","embeddable":true,"href":"https:\/\/www.laguiadepamplona.com\/actualidad\/wp-json\/wp\/v2\/tags?post=51264"}],"curies":[{"name":"wp","href":"https:\/\/api.w.org\/{rel}","templated":true}]}}