{"id":51261,"date":"2024-11-11T14:13:58","date_gmt":"2024-11-11T12:13:58","guid":{"rendered":"https:\/\/www.laguiadepamplona.com\/actualidad\/?p=51261"},"modified":"2024-11-11T14:13:58","modified_gmt":"2024-11-11T12:13:58","slug":"pamplona-contrata-por-341-76335-euros-la-realizacion-de-actividades-turisticas-y-culturales-antes-durante-y-despues-de-los-sanfermines-en-los-distintos-barrios-de-la-ciudad","status":"publish","type":"post","link":"https:\/\/www.laguiadepamplona.com\/actualidad\/pamplona-contrata-por-341-76335-euros-la-realizacion-de-actividades-turisticas-y-culturales-antes-durante-y-despues-de-los-sanfermines-en-los-distintos-barrios-de-la-ciudad\/","title":{"rendered":"Pamplona contrata por 341.763,35 euros la realizaci\u00f3n de actividades tur\u00edsticas y culturales antes, durante y despu\u00e9s de los Sanfermines en los distintos barrios de la ciudad"},"content":{"rendered":"<h2>Financiados con fondos Next Generation EU, el objetivo es crear una imagen positiva de las fiestas, descentralizarlas y desestacionalizarlas<\/h2>\n<p><!--more--><\/p>\n<p>La Junta de Gobierno Local ha aprobado en su sesi\u00f3n de hoy la adjudicaci\u00f3n del contrato para promover actividades tur\u00edsticas y culturales antes, durante y despu\u00e9s de los Sanfermines en los distintos barrios de la ciudad. En total, el Ayuntamiento destinar\u00e1 341.763,35 euros a estas actividades, financiadas con fondos Next Generation EU, para tratar de promover una imagen positiva de las fiestas, descentralizarlas y desestacionalizarlas y proyectar una imagen cultural de la ciudad.<\/p>\n<p>La fiesta de los Sanfermines es el principal atractivo tur\u00edstico de la ciudad de Pamplona y por el cual es reconocida mundialmente, sin duda su \u201cmarca\u201d m\u00e1s conocida y valorada. La celebraci\u00f3n supone no s\u00f3lo un activo econ\u00f3mico muy destacado de la econom\u00eda urbana, sino que adem\u00e1s sit\u00faa a Pamplona en el centro de la atenci\u00f3n internacional. Desde el Ayuntamiento de Pamplona se pretende impulsar acciones y actividades culturales y de ocio que ayuden a crear una imagen positiva de la ciudad promocionando el turismo cultural.\u00a0 En esta nueva programaci\u00f3n cultural se contemplar\u00e1n actuaciones durante la celebraci\u00f3n de las fiestas de San Ferm\u00edn y tambi\u00e9n durante el resto del a\u00f1o y coincidiendo con la celebraci\u00f3n de \u201cla Escalerica\u201d con la finalidad de dinamizar la ciudad desde el \u00e1mbito cultural, de ocio y tur\u00edstico; y con el fin de difundir la cultura y la sostenibilidad.<\/p>\n<p>El contrato se articula en dos lotes. El primero est\u00e1 destinado a promover un programa cultural para las fiestas de San Ferm\u00edn, entre el 6 y el 14 de julio, con al menos 5 actividades culturales novedosas, deslocalizadas del Casco Antiguo, ampliando de esta manera los espacios festivos. El lote ha sido adjudicado a Olazar Gesti\u00f3n SL, la \u00fanica empresa que se present\u00f3 a la licitaci\u00f3n, por un importe de 93.725,76 euros (IVA excluido).<\/p>\n<p>El segundo lote consiste en el desarrollo de un programa cultural durante la Escalerica de los Sanfermines y en la propuesta de un evento cultural posterior a las fiestas. Tambi\u00e9n ser\u00e1 la empresa Olazar Gesti\u00f3n SL quien se encargue de este programa, tras haber sido la \u00fanica licitadora que concurri\u00f3 a la licitaci\u00f3n. El contrato ha sido adjudicado por un importe de 188.723,29 euros (IVA excluido). En este lote est\u00e1 previsto que la empresa promueva siete acciones de car\u00e1cter cultural con actividades sostenibles o que coadyuven a concienciar sobre la importancia de la sostenibilidad en los eventos festivos. Estas acciones tendr\u00e1n lugar durante la Escalerica (1 de enero, 2 de febrero, 3 de marzo, 4 de abril, 5 de mayo y 6 de junio) y la s\u00e9ptima acci\u00f3n se desarrollar\u00e1 entre el 1 de septiembre y el 15 de noviembre. Estas acciones se celebrar\u00e1n en los diferentes barrios de Pamplona, exceptuando el Casco Antiguo (salvo la actividad del 1 de enero, que puede realizarse en cualquier punto de la ciudad).<\/p>\n<p>Adem\u00e1s de estos dos lotes, exist\u00eda un tercer lote en licitaci\u00f3n para la realizaci\u00f3n de un servicio de gabinete de comunicaci\u00f3n y relaciones p\u00fablicas, promoci\u00f3n y asistencia t\u00e9cnica para la difusi\u00f3n, en el \u00e1mbito nacional e internacional, de las actividades antes mencionadas. Sin embargo, este lote, dotado con 31.010,85 euros, se ha quedado desierto.<\/p>\n","protected":false},"excerpt":{"rendered":"<p>Financiados con fondos Next Generation EU, el objetivo es crear una imagen positiva de las fiestas, descentralizarlas y desestacionalizarlas<\/p>\n","protected":false},"author":1,"featured_media":51262,"comment_status":"open","ping_status":"closed","sticky":false,"template":"","format":"standard","meta":{"footnotes":""},"categories":[2],"tags":[],"class_list":["post-51261","post","type-post","status-publish","format-standard","has-post-thumbnail","hentry","category-ayuntamiento-pamplona"],"yoast_head":"<!-- This site is optimized with the Yoast SEO plugin v27.3 - https:\/\/yoast.com\/product\/yoast-seo-wordpress\/ -->\n<title>Pamplona contrata por 341.763,35 euros la realizaci\u00f3n de actividades tur\u00edsticas y culturales antes, durante y despu\u00e9s de los Sanfermines en los distintos barrios de la ciudad<\/title>\n<meta name=\"description\" content=\"Financiados con fondos Next Generation EU, el objetivo es crear una imagen positiva de las fiestas, descentralizarlas y desestacionalizarlas\" \/>\n<meta name=\"robots\" content=\"index, follow, max-snippet:-1, max-image-preview:large, max-video-preview:-1\" \/>\n<link rel=\"canonical\" href=\"https:\/\/www.laguiadepamplona.com\/actualidad\/pamplona-contrata-por-341-76335-euros-la-realizacion-de-actividades-turisticas-y-culturales-antes-durante-y-despues-de-los-sanfermines-en-los-distintos-barrios-de-la-ciudad\/\" \/>\n<meta property=\"og:locale\" content=\"es_ES\" \/>\n<meta property=\"og:type\" content=\"article\" \/>\n<meta property=\"og:title\" content=\"Pamplona contrata por 341.763,35 euros la realizaci\u00f3n de actividades tur\u00edsticas y culturales antes, durante y despu\u00e9s de los Sanfermines en los distintos barrios de la ciudad\" \/>\n<meta property=\"og:description\" content=\"Financiados con fondos Next Generation EU, el objetivo es crear una imagen positiva de las fiestas, descentralizarlas y desestacionalizarlas\" \/>\n<meta property=\"og:url\" content=\"https:\/\/www.laguiadepamplona.com\/actualidad\/pamplona-contrata-por-341-76335-euros-la-realizacion-de-actividades-turisticas-y-culturales-antes-durante-y-despues-de-los-sanfermines-en-los-distintos-barrios-de-la-ciudad\/\" \/>\n<meta property=\"og:site_name\" content=\"La Gu\u00eda de Pamplona\" \/>\n<meta property=\"article:publisher\" content=\"https:\/\/www.facebook.com\/laguiadepamplonacom-133175176762273\/?ref=hl\" \/>\n<meta property=\"article:published_time\" content=\"2024-11-11T12:13:58+00:00\" \/>\n<meta property=\"og:image\" content=\"https:\/\/www.laguiadepamplona.com\/actualidad\/wp-content\/uploads\/2024\/11\/concierto_escalerica_web.webp\" \/>\n\t<meta property=\"og:image:width\" content=\"1000\" \/>\n\t<meta property=\"og:image:height\" content=\"667\" \/>\n\t<meta property=\"og:image:type\" content=\"image\/webp\" \/>\n<meta name=\"author\" content=\"La Gu\u00eda de Pamplona\" \/>\n<meta name=\"twitter:card\" content=\"summary_large_image\" \/>\n<meta name=\"twitter:creator\" content=\"@LaGuiadPamplona\" \/>\n<meta name=\"twitter:site\" content=\"@LaGuiadPamplona\" \/>\n<meta name=\"twitter:label1\" content=\"Escrito por\" \/>\n\t<meta name=\"twitter:data1\" content=\"La Gu\u00eda de Pamplona\" \/>\n\t<meta name=\"twitter:label2\" content=\"Tiempo de lectura\" \/>\n\t<meta name=\"twitter:data2\" content=\"3 minutos\" \/>\n<script type=\"application\/ld+json\" class=\"yoast-schema-graph\">{\"@context\":\"https:\\\/\\\/schema.org\",\"@graph\":[{\"@type\":\"Article\",\"@id\":\"https:\\\/\\\/www.laguiadepamplona.com\\\/actualidad\\\/pamplona-contrata-por-341-76335-euros-la-realizacion-de-actividades-turisticas-y-culturales-antes-durante-y-despues-de-los-sanfermines-en-los-distintos-barrios-de-la-ciudad\\\/#article\",\"isPartOf\":{\"@id\":\"https:\\\/\\\/www.laguiadepamplona.com\\\/actualidad\\\/pamplona-contrata-por-341-76335-euros-la-realizacion-de-actividades-turisticas-y-culturales-antes-durante-y-despues-de-los-sanfermines-en-los-distintos-barrios-de-la-ciudad\\\/\"},\"author\":{\"name\":\"La Gu\u00eda de Pamplona\",\"@id\":\"https:\\\/\\\/www.laguiadepamplona.com\\\/actualidad\\\/#\\\/schema\\\/person\\\/efe887376f0213d4657c93adc50b1fdb\"},\"headline\":\"Pamplona contrata por 341.763,35 euros la realizaci\u00f3n de actividades tur\u00edsticas y culturales antes, durante y despu\u00e9s de los Sanfermines en los distintos barrios de la ciudad\",\"datePublished\":\"2024-11-11T12:13:58+00:00\",\"mainEntityOfPage\":{\"@id\":\"https:\\\/\\\/www.laguiadepamplona.com\\\/actualidad\\\/pamplona-contrata-por-341-76335-euros-la-realizacion-de-actividades-turisticas-y-culturales-antes-durante-y-despues-de-los-sanfermines-en-los-distintos-barrios-de-la-ciudad\\\/\"},\"wordCount\":587,\"commentCount\":0,\"publisher\":{\"@id\":\"https:\\\/\\\/www.laguiadepamplona.com\\\/actualidad\\\/#organization\"},\"image\":{\"@id\":\"https:\\\/\\\/www.laguiadepamplona.com\\\/actualidad\\\/pamplona-contrata-por-341-76335-euros-la-realizacion-de-actividades-turisticas-y-culturales-antes-durante-y-despues-de-los-sanfermines-en-los-distintos-barrios-de-la-ciudad\\\/#primaryimage\"},\"thumbnailUrl\":\"https:\\\/\\\/www.laguiadepamplona.com\\\/actualidad\\\/wp-content\\\/uploads\\\/2024\\\/11\\\/concierto_escalerica_web.webp\",\"articleSection\":[\"Ayto Pamplona\"],\"inLanguage\":\"es\",\"potentialAction\":[{\"@type\":\"CommentAction\",\"name\":\"Comment\",\"target\":[\"https:\\\/\\\/www.laguiadepamplona.com\\\/actualidad\\\/pamplona-contrata-por-341-76335-euros-la-realizacion-de-actividades-turisticas-y-culturales-antes-durante-y-despues-de-los-sanfermines-en-los-distintos-barrios-de-la-ciudad\\\/#respond\"]}]},{\"@type\":\"WebPage\",\"@id\":\"https:\\\/\\\/www.laguiadepamplona.com\\\/actualidad\\\/pamplona-contrata-por-341-76335-euros-la-realizacion-de-actividades-turisticas-y-culturales-antes-durante-y-despues-de-los-sanfermines-en-los-distintos-barrios-de-la-ciudad\\\/\",\"url\":\"https:\\\/\\\/www.laguiadepamplona.com\\\/actualidad\\\/pamplona-contrata-por-341-76335-euros-la-realizacion-de-actividades-turisticas-y-culturales-antes-durante-y-despues-de-los-sanfermines-en-los-distintos-barrios-de-la-ciudad\\\/\",\"name\":\"Pamplona contrata por 341.763,35 euros la realizaci\u00f3n de actividades tur\u00edsticas y culturales antes, durante y despu\u00e9s de los Sanfermines en los distintos barrios de la ciudad\",\"isPartOf\":{\"@id\":\"https:\\\/\\\/www.laguiadepamplona.com\\\/actualidad\\\/#website\"},\"primaryImageOfPage\":{\"@id\":\"https:\\\/\\\/www.laguiadepamplona.com\\\/actualidad\\\/pamplona-contrata-por-341-76335-euros-la-realizacion-de-actividades-turisticas-y-culturales-antes-durante-y-despues-de-los-sanfermines-en-los-distintos-barrios-de-la-ciudad\\\/#primaryimage\"},\"image\":{\"@id\":\"https:\\\/\\\/www.laguiadepamplona.com\\\/actualidad\\\/pamplona-contrata-por-341-76335-euros-la-realizacion-de-actividades-turisticas-y-culturales-antes-durante-y-despues-de-los-sanfermines-en-los-distintos-barrios-de-la-ciudad\\\/#primaryimage\"},\"thumbnailUrl\":\"https:\\\/\\\/www.laguiadepamplona.com\\\/actualidad\\\/wp-content\\\/uploads\\\/2024\\\/11\\\/concierto_escalerica_web.webp\",\"datePublished\":\"2024-11-11T12:13:58+00:00\",\"description\":\"Financiados con fondos Next Generation EU, el objetivo es crear una imagen positiva de las fiestas, descentralizarlas y desestacionalizarlas\",\"breadcrumb\":{\"@id\":\"https:\\\/\\\/www.laguiadepamplona.com\\\/actualidad\\\/pamplona-contrata-por-341-76335-euros-la-realizacion-de-actividades-turisticas-y-culturales-antes-durante-y-despues-de-los-sanfermines-en-los-distintos-barrios-de-la-ciudad\\\/#breadcrumb\"},\"inLanguage\":\"es\",\"potentialAction\":[{\"@type\":\"ReadAction\",\"target\":[\"https:\\\/\\\/www.laguiadepamplona.com\\\/actualidad\\\/pamplona-contrata-por-341-76335-euros-la-realizacion-de-actividades-turisticas-y-culturales-antes-durante-y-despues-de-los-sanfermines-en-los-distintos-barrios-de-la-ciudad\\\/\"]}]},{\"@type\":\"ImageObject\",\"inLanguage\":\"es\",\"@id\":\"https:\\\/\\\/www.laguiadepamplona.com\\\/actualidad\\\/pamplona-contrata-por-341-76335-euros-la-realizacion-de-actividades-turisticas-y-culturales-antes-durante-y-despues-de-los-sanfermines-en-los-distintos-barrios-de-la-ciudad\\\/#primaryimage\",\"url\":\"https:\\\/\\\/www.laguiadepamplona.com\\\/actualidad\\\/wp-content\\\/uploads\\\/2024\\\/11\\\/concierto_escalerica_web.webp\",\"contentUrl\":\"https:\\\/\\\/www.laguiadepamplona.com\\\/actualidad\\\/wp-content\\\/uploads\\\/2024\\\/11\\\/concierto_escalerica_web.webp\",\"width\":1000,\"height\":667,\"caption\":\"concierto escalerica\"},{\"@type\":\"BreadcrumbList\",\"@id\":\"https:\\\/\\\/www.laguiadepamplona.com\\\/actualidad\\\/pamplona-contrata-por-341-76335-euros-la-realizacion-de-actividades-turisticas-y-culturales-antes-durante-y-despues-de-los-sanfermines-en-los-distintos-barrios-de-la-ciudad\\\/#breadcrumb\",\"itemListElement\":[{\"@type\":\"ListItem\",\"position\":1,\"name\":\"Portada\",\"item\":\"https:\\\/\\\/www.laguiadepamplona.com\\\/actualidad\\\/\"},{\"@type\":\"ListItem\",\"position\":2,\"name\":\"Pamplona contrata por 341.763,35 euros la realizaci\u00f3n de actividades tur\u00edsticas y culturales antes, durante y despu\u00e9s de los Sanfermines en los distintos barrios de la ciudad\"}]},{\"@type\":\"WebSite\",\"@id\":\"https:\\\/\\\/www.laguiadepamplona.com\\\/actualidad\\\/#website\",\"url\":\"https:\\\/\\\/www.laguiadepamplona.com\\\/actualidad\\\/\",\"name\":\"La gu\u00eda de Pamplona\",\"description\":\"Noticias de Pamplona\",\"publisher\":{\"@id\":\"https:\\\/\\\/www.laguiadepamplona.com\\\/actualidad\\\/#organization\"},\"potentialAction\":[{\"@type\":\"SearchAction\",\"target\":{\"@type\":\"EntryPoint\",\"urlTemplate\":\"https:\\\/\\\/www.laguiadepamplona.com\\\/actualidad\\\/?s={search_term_string}\"},\"query-input\":{\"@type\":\"PropertyValueSpecification\",\"valueRequired\":true,\"valueName\":\"search_term_string\"}}],\"inLanguage\":\"es\"},{\"@type\":\"Organization\",\"@id\":\"https:\\\/\\\/www.laguiadepamplona.com\\\/actualidad\\\/#organization\",\"name\":\"La Gu\u00eda de Pamplona \\\/ Noticias\",\"url\":\"https:\\\/\\\/www.laguiadepamplona.com\\\/actualidad\\\/\",\"logo\":{\"@type\":\"ImageObject\",\"inLanguage\":\"es\",\"@id\":\"https:\\\/\\\/www.laguiadepamplona.com\\\/actualidad\\\/#\\\/schema\\\/logo\\\/image\\\/\",\"url\":\"https:\\\/\\\/www.laguiadepamplona.com\\\/actualidad\\\/wp-content\\\/uploads\\\/2018\\\/11\\\/logo-laguiadepamplona18-web1.png\",\"contentUrl\":\"https:\\\/\\\/www.laguiadepamplona.com\\\/actualidad\\\/wp-content\\\/uploads\\\/2018\\\/11\\\/logo-laguiadepamplona18-web1.png\",\"width\":600,\"height\":196,\"caption\":\"La Gu\u00eda de Pamplona \\\/ Noticias\"},\"image\":{\"@id\":\"https:\\\/\\\/www.laguiadepamplona.com\\\/actualidad\\\/#\\\/schema\\\/logo\\\/image\\\/\"},\"sameAs\":[\"https:\\\/\\\/www.facebook.com\\\/laguiadepamplonacom-133175176762273\\\/?ref=hl\",\"https:\\\/\\\/x.com\\\/LaGuiadPamplona\",\"https:\\\/\\\/www.instagram.com\\\/la_guia_de_pamplona\\\/\",\"https:\\\/\\\/www.youtube.com\\\/user\\\/laguiadepamplona\"]},{\"@type\":\"Person\",\"@id\":\"https:\\\/\\\/www.laguiadepamplona.com\\\/actualidad\\\/#\\\/schema\\\/person\\\/efe887376f0213d4657c93adc50b1fdb\",\"name\":\"La Gu\u00eda de Pamplona\",\"image\":{\"@type\":\"ImageObject\",\"inLanguage\":\"es\",\"@id\":\"https:\\\/\\\/secure.gravatar.com\\\/avatar\\\/b6992f131dc8d30ab0dff15446e9d346d9dbd95992de0fef795073f5ea83a81c?s=96&d=mm&r=g\",\"url\":\"https:\\\/\\\/secure.gravatar.com\\\/avatar\\\/b6992f131dc8d30ab0dff15446e9d346d9dbd95992de0fef795073f5ea83a81c?s=96&d=mm&r=g\",\"contentUrl\":\"https:\\\/\\\/secure.gravatar.com\\\/avatar\\\/b6992f131dc8d30ab0dff15446e9d346d9dbd95992de0fef795073f5ea83a81c?s=96&d=mm&r=g\",\"caption\":\"La Gu\u00eda de Pamplona\"}}]}<\/script>\n<!-- \/ Yoast SEO plugin. -->","yoast_head_json":{"title":"Pamplona contrata por 341.763,35 euros la realizaci\u00f3n de actividades tur\u00edsticas y culturales antes, durante y despu\u00e9s de los Sanfermines en los distintos barrios de la ciudad","description":"Financiados con fondos Next Generation EU, el objetivo es crear una imagen positiva de las fiestas, descentralizarlas y desestacionalizarlas","robots":{"index":"index","follow":"follow","max-snippet":"max-snippet:-1","max-image-preview":"max-image-preview:large","max-video-preview":"max-video-preview:-1"},"canonical":"https:\/\/www.laguiadepamplona.com\/actualidad\/pamplona-contrata-por-341-76335-euros-la-realizacion-de-actividades-turisticas-y-culturales-antes-durante-y-despues-de-los-sanfermines-en-los-distintos-barrios-de-la-ciudad\/","og_locale":"es_ES","og_type":"article","og_title":"Pamplona contrata por 341.763,35 euros la realizaci\u00f3n de actividades tur\u00edsticas y culturales antes, durante y despu\u00e9s de los Sanfermines en los distintos barrios de la ciudad","og_description":"Financiados con fondos Next Generation EU, el objetivo es crear una imagen positiva de las fiestas, descentralizarlas y desestacionalizarlas","og_url":"https:\/\/www.laguiadepamplona.com\/actualidad\/pamplona-contrata-por-341-76335-euros-la-realizacion-de-actividades-turisticas-y-culturales-antes-durante-y-despues-de-los-sanfermines-en-los-distintos-barrios-de-la-ciudad\/","og_site_name":"La Gu\u00eda de Pamplona","article_publisher":"https:\/\/www.facebook.com\/laguiadepamplonacom-133175176762273\/?ref=hl","article_published_time":"2024-11-11T12:13:58+00:00","og_image":[{"width":1000,"height":667,"url":"https:\/\/www.laguiadepamplona.com\/actualidad\/wp-content\/uploads\/2024\/11\/concierto_escalerica_web.webp","type":"image\/webp"}],"author":"La Gu\u00eda de Pamplona","twitter_card":"summary_large_image","twitter_creator":"@LaGuiadPamplona","twitter_site":"@LaGuiadPamplona","twitter_misc":{"Escrito por":"La Gu\u00eda de Pamplona","Tiempo de lectura":"3 minutos"},"schema":{"@context":"https:\/\/schema.org","@graph":[{"@type":"Article","@id":"https:\/\/www.laguiadepamplona.com\/actualidad\/pamplona-contrata-por-341-76335-euros-la-realizacion-de-actividades-turisticas-y-culturales-antes-durante-y-despues-de-los-sanfermines-en-los-distintos-barrios-de-la-ciudad\/#article","isPartOf":{"@id":"https:\/\/www.laguiadepamplona.com\/actualidad\/pamplona-contrata-por-341-76335-euros-la-realizacion-de-actividades-turisticas-y-culturales-antes-durante-y-despues-de-los-sanfermines-en-los-distintos-barrios-de-la-ciudad\/"},"author":{"name":"La Gu\u00eda de Pamplona","@id":"https:\/\/www.laguiadepamplona.com\/actualidad\/#\/schema\/person\/efe887376f0213d4657c93adc50b1fdb"},"headline":"Pamplona contrata por 341.763,35 euros la realizaci\u00f3n de actividades tur\u00edsticas y culturales antes, durante y despu\u00e9s de los Sanfermines en los distintos barrios de la ciudad","datePublished":"2024-11-11T12:13:58+00:00","mainEntityOfPage":{"@id":"https:\/\/www.laguiadepamplona.com\/actualidad\/pamplona-contrata-por-341-76335-euros-la-realizacion-de-actividades-turisticas-y-culturales-antes-durante-y-despues-de-los-sanfermines-en-los-distintos-barrios-de-la-ciudad\/"},"wordCount":587,"commentCount":0,"publisher":{"@id":"https:\/\/www.laguiadepamplona.com\/actualidad\/#organization"},"image":{"@id":"https:\/\/www.laguiadepamplona.com\/actualidad\/pamplona-contrata-por-341-76335-euros-la-realizacion-de-actividades-turisticas-y-culturales-antes-durante-y-despues-de-los-sanfermines-en-los-distintos-barrios-de-la-ciudad\/#primaryimage"},"thumbnailUrl":"https:\/\/www.laguiadepamplona.com\/actualidad\/wp-content\/uploads\/2024\/11\/concierto_escalerica_web.webp","articleSection":["Ayto Pamplona"],"inLanguage":"es","potentialAction":[{"@type":"CommentAction","name":"Comment","target":["https:\/\/www.laguiadepamplona.com\/actualidad\/pamplona-contrata-por-341-76335-euros-la-realizacion-de-actividades-turisticas-y-culturales-antes-durante-y-despues-de-los-sanfermines-en-los-distintos-barrios-de-la-ciudad\/#respond"]}]},{"@type":"WebPage","@id":"https:\/\/www.laguiadepamplona.com\/actualidad\/pamplona-contrata-por-341-76335-euros-la-realizacion-de-actividades-turisticas-y-culturales-antes-durante-y-despues-de-los-sanfermines-en-los-distintos-barrios-de-la-ciudad\/","url":"https:\/\/www.laguiadepamplona.com\/actualidad\/pamplona-contrata-por-341-76335-euros-la-realizacion-de-actividades-turisticas-y-culturales-antes-durante-y-despues-de-los-sanfermines-en-los-distintos-barrios-de-la-ciudad\/","name":"Pamplona contrata por 341.763,35 euros la realizaci\u00f3n de actividades tur\u00edsticas y culturales antes, durante y despu\u00e9s de los Sanfermines en los distintos barrios de la ciudad","isPartOf":{"@id":"https:\/\/www.laguiadepamplona.com\/actualidad\/#website"},"primaryImageOfPage":{"@id":"https:\/\/www.laguiadepamplona.com\/actualidad\/pamplona-contrata-por-341-76335-euros-la-realizacion-de-actividades-turisticas-y-culturales-antes-durante-y-despues-de-los-sanfermines-en-los-distintos-barrios-de-la-ciudad\/#primaryimage"},"image":{"@id":"https:\/\/www.laguiadepamplona.com\/actualidad\/pamplona-contrata-por-341-76335-euros-la-realizacion-de-actividades-turisticas-y-culturales-antes-durante-y-despues-de-los-sanfermines-en-los-distintos-barrios-de-la-ciudad\/#primaryimage"},"thumbnailUrl":"https:\/\/www.laguiadepamplona.com\/actualidad\/wp-content\/uploads\/2024\/11\/concierto_escalerica_web.webp","datePublished":"2024-11-11T12:13:58+00:00","description":"Financiados con fondos Next Generation EU, el objetivo es crear una imagen positiva de las fiestas, descentralizarlas y desestacionalizarlas","breadcrumb":{"@id":"https:\/\/www.laguiadepamplona.com\/actualidad\/pamplona-contrata-por-341-76335-euros-la-realizacion-de-actividades-turisticas-y-culturales-antes-durante-y-despues-de-los-sanfermines-en-los-distintos-barrios-de-la-ciudad\/#breadcrumb"},"inLanguage":"es","potentialAction":[{"@type":"ReadAction","target":["https:\/\/www.laguiadepamplona.com\/actualidad\/pamplona-contrata-por-341-76335-euros-la-realizacion-de-actividades-turisticas-y-culturales-antes-durante-y-despues-de-los-sanfermines-en-los-distintos-barrios-de-la-ciudad\/"]}]},{"@type":"ImageObject","inLanguage":"es","@id":"https:\/\/www.laguiadepamplona.com\/actualidad\/pamplona-contrata-por-341-76335-euros-la-realizacion-de-actividades-turisticas-y-culturales-antes-durante-y-despues-de-los-sanfermines-en-los-distintos-barrios-de-la-ciudad\/#primaryimage","url":"https:\/\/www.laguiadepamplona.com\/actualidad\/wp-content\/uploads\/2024\/11\/concierto_escalerica_web.webp","contentUrl":"https:\/\/www.laguiadepamplona.com\/actualidad\/wp-content\/uploads\/2024\/11\/concierto_escalerica_web.webp","width":1000,"height":667,"caption":"concierto escalerica"},{"@type":"BreadcrumbList","@id":"https:\/\/www.laguiadepamplona.com\/actualidad\/pamplona-contrata-por-341-76335-euros-la-realizacion-de-actividades-turisticas-y-culturales-antes-durante-y-despues-de-los-sanfermines-en-los-distintos-barrios-de-la-ciudad\/#breadcrumb","itemListElement":[{"@type":"ListItem","position":1,"name":"Portada","item":"https:\/\/www.laguiadepamplona.com\/actualidad\/"},{"@type":"ListItem","position":2,"name":"Pamplona contrata por 341.763,35 euros la realizaci\u00f3n de actividades tur\u00edsticas y culturales antes, durante y despu\u00e9s de los Sanfermines en los distintos barrios de la ciudad"}]},{"@type":"WebSite","@id":"https:\/\/www.laguiadepamplona.com\/actualidad\/#website","url":"https:\/\/www.laguiadepamplona.com\/actualidad\/","name":"La gu\u00eda de Pamplona","description":"Noticias de Pamplona","publisher":{"@id":"https:\/\/www.laguiadepamplona.com\/actualidad\/#organization"},"potentialAction":[{"@type":"SearchAction","target":{"@type":"EntryPoint","urlTemplate":"https:\/\/www.laguiadepamplona.com\/actualidad\/?s={search_term_string}"},"query-input":{"@type":"PropertyValueSpecification","valueRequired":true,"valueName":"search_term_string"}}],"inLanguage":"es"},{"@type":"Organization","@id":"https:\/\/www.laguiadepamplona.com\/actualidad\/#organization","name":"La Gu\u00eda de Pamplona \/ Noticias","url":"https:\/\/www.laguiadepamplona.com\/actualidad\/","logo":{"@type":"ImageObject","inLanguage":"es","@id":"https:\/\/www.laguiadepamplona.com\/actualidad\/#\/schema\/logo\/image\/","url":"https:\/\/www.laguiadepamplona.com\/actualidad\/wp-content\/uploads\/2018\/11\/logo-laguiadepamplona18-web1.png","contentUrl":"https:\/\/www.laguiadepamplona.com\/actualidad\/wp-content\/uploads\/2018\/11\/logo-laguiadepamplona18-web1.png","width":600,"height":196,"caption":"La Gu\u00eda de Pamplona \/ Noticias"},"image":{"@id":"https:\/\/www.laguiadepamplona.com\/actualidad\/#\/schema\/logo\/image\/"},"sameAs":["https:\/\/www.facebook.com\/laguiadepamplonacom-133175176762273\/?ref=hl","https:\/\/x.com\/LaGuiadPamplona","https:\/\/www.instagram.com\/la_guia_de_pamplona\/","https:\/\/www.youtube.com\/user\/laguiadepamplona"]},{"@type":"Person","@id":"https:\/\/www.laguiadepamplona.com\/actualidad\/#\/schema\/person\/efe887376f0213d4657c93adc50b1fdb","name":"La Gu\u00eda de Pamplona","image":{"@type":"ImageObject","inLanguage":"es","@id":"https:\/\/secure.gravatar.com\/avatar\/b6992f131dc8d30ab0dff15446e9d346d9dbd95992de0fef795073f5ea83a81c?s=96&d=mm&r=g","url":"https:\/\/secure.gravatar.com\/avatar\/b6992f131dc8d30ab0dff15446e9d346d9dbd95992de0fef795073f5ea83a81c?s=96&d=mm&r=g","contentUrl":"https:\/\/secure.gravatar.com\/avatar\/b6992f131dc8d30ab0dff15446e9d346d9dbd95992de0fef795073f5ea83a81c?s=96&d=mm&r=g","caption":"La Gu\u00eda de Pamplona"}}]}},"post_mailing_queue_ids":[],"_links":{"self":[{"href":"https:\/\/www.laguiadepamplona.com\/actualidad\/wp-json\/wp\/v2\/posts\/51261","targetHints":{"allow":["GET"]}}],"collection":[{"href":"https:\/\/www.laguiadepamplona.com\/actualidad\/wp-json\/wp\/v2\/posts"}],"about":[{"href":"https:\/\/www.laguiadepamplona.com\/actualidad\/wp-json\/wp\/v2\/types\/post"}],"author":[{"embeddable":true,"href":"https:\/\/www.laguiadepamplona.com\/actualidad\/wp-json\/wp\/v2\/users\/1"}],"replies":[{"embeddable":true,"href":"https:\/\/www.laguiadepamplona.com\/actualidad\/wp-json\/wp\/v2\/comments?post=51261"}],"version-history":[{"count":1,"href":"https:\/\/www.laguiadepamplona.com\/actualidad\/wp-json\/wp\/v2\/posts\/51261\/revisions"}],"predecessor-version":[{"id":51263,"href":"https:\/\/www.laguiadepamplona.com\/actualidad\/wp-json\/wp\/v2\/posts\/51261\/revisions\/51263"}],"wp:featuredmedia":[{"embeddable":true,"href":"https:\/\/www.laguiadepamplona.com\/actualidad\/wp-json\/wp\/v2\/media\/51262"}],"wp:attachment":[{"href":"https:\/\/www.laguiadepamplona.com\/actualidad\/wp-json\/wp\/v2\/media?parent=51261"}],"wp:term":[{"taxonomy":"category","embeddable":true,"href":"https:\/\/www.laguiadepamplona.com\/actualidad\/wp-json\/wp\/v2\/categories?post=51261"},{"taxonomy":"post_tag","embeddable":true,"href":"https:\/\/www.laguiadepamplona.com\/actualidad\/wp-json\/wp\/v2\/tags?post=51261"}],"curies":[{"name":"wp","href":"https:\/\/api.w.org\/{rel}","templated":true}]}}