{"id":51258,"date":"2024-11-11T14:11:15","date_gmt":"2024-11-11T12:11:15","guid":{"rendered":"https:\/\/www.laguiadepamplona.com\/actualidad\/?p=51258"},"modified":"2024-11-11T14:11:15","modified_gmt":"2024-11-11T12:11:15","slug":"el-local-municipal-de-la-calle-mercaderes-11-se-convertira-en-punto-de-encuentro-de-asociaciones-comerciales-y-espacio-para-el-desarrollo-de-iniciativas-para-el-relevo-generacional","status":"publish","type":"post","link":"https:\/\/www.laguiadepamplona.com\/actualidad\/el-local-municipal-de-la-calle-mercaderes-11-se-convertira-en-punto-de-encuentro-de-asociaciones-comerciales-y-espacio-para-el-desarrollo-de-iniciativas-para-el-relevo-generacional\/","title":{"rendered":"El local municipal de la calle Mercaderes 11 se convertir\u00e1 en punto de encuentro de asociaciones comerciales y espacio para el desarrollo de iniciativas para el relevo generacional"},"content":{"rendered":"<h2>Las obras de reforma tendr\u00e1n un plazo de ejecuci\u00f3n de ocho semanas, con un presupuesto de 188.331,02 euros<\/h2>\n<p><!--more--><\/p>\n<p>La Junta de Gobierno Local ha aprobado la adjudicaci\u00f3n del contrato para la reforma del local municipal de la calle Mercaderes 11, que se quiere convertir en un punto de encuentro para las asociaciones de comerciantes. Este nuevo espacio facilitar\u00e1 un lugar donde se puedan desarrollar sinergias, analizar necesidades, para la puesta en marcha de nuevos servicios, para poner en valor el comercio de proximidad y para dar a conocer al cliente el asociacionismo comercial y los establecimientos asociados, as\u00ed como atender al peque\u00f1o comercio y al turista en sus necesidades de informaci\u00f3n y asesoramiento en materia comercial.<\/p>\n<p>El uso principal del local ser\u00e1 el de oficinas, con hasta ocho puestos de trabajo distribuidos a lo largo de los 176 m<sup>2<\/sup> de la superficie del local, incluidas la planta baja y la entreplanta, y excluido en el s\u00f3tano, que permanecer\u00e1 como almac\u00e9n. El local redistribuir\u00e1 sus espacios para generar despachos, salas y oficinas y para ejecutar un ba\u00f1o accesible. El proyecto incluye la reforma de la fachada del local para crear un escaparate en una de sus partes y mantener en la otra el actual acceso.<\/p>\n<p>El local se reforma para acoger actividad vinculada a dos proyectos, Lekuko y Pamplona Es Mucho M\u00e1s, con ejecuci\u00f3n y financiaci\u00f3n diferenciadas. Los trabajos se han adjudicado a la empresa Belate Servicios Integrales SL por un importe de 188.331,02 euros y un plazo de ejecuci\u00f3n de las obras de ochos semanas.<\/p>\n<p><strong>Punto de atenci\u00f3n, gesti\u00f3n y oficinas<\/strong><\/p>\n<p>Pamplona Es Mucho M\u00e1s recibi\u00f3 una ayuda de 150.000 euros de los fondos europeos Next Generation EU para la rehabilitaci\u00f3n de locales municipales para servicios o clientes en ejes comerciales tur\u00edsticos. La mayor parte del local, una superficie de 107,37 m<sup>2<\/sup>, se adecuar\u00e1 como punto de atenci\u00f3n, gesti\u00f3n y oficina para prestar servicios a clientes comerciales y turistas en acciones de informaci\u00f3n de campa\u00f1as comerciales, canjeo de promociones comerciales y otros servicios de valor a\u00f1adido que supongan la mejora de la oferta comercial del entorno.<\/p>\n<p>Se generar\u00e1 tambi\u00e9n un espacio de 20,75 m<sup>2<\/sup> para la cesi\u00f3n puntual de iniciativas pop-up store que suponga la dinamizaci\u00f3n del eje comercial, as\u00ed como la posibilidad de dar visibilidad a personas emprendedoras en el \u00e1mbito del comercio de proximidad para el testeo de viabilidad de su futuro negocio.<\/p>\n<p><strong>Sala Lekuko<\/strong><\/p>\n<p>Asimismo, el local acoger\u00e1 la denominada \u2018Sala Lekuko\u2019, vinculada al proyecto hom\u00f3nimo, que tiene como objetivo la creaci\u00f3n de un sistema de alerta temprana que permita monitorizar de manera individualizada la situaci\u00f3n de los peque\u00f1os comercios de Pamplona para anticipar los procesos de relevo generacional, acompa\u00f1ar al comerciante durante el proceso de traspaso y minimizar los cierres no deseados de comercios hist\u00f3ricos de la ciudad.<\/p>\n<p>El local de Mercaderes 11 contar\u00e1 en su interior con un espacio espec\u00edfico de oficinas, de 36,76 m<sup>2<\/sup>, que se acondicionar\u00e1 para realizar las actividades de acompa\u00f1amiento y apoyo a titulares de comercios de Pamplona que se detecten como negocios en proceso de relevo generacional o de traspaso. El proyecto Lekuko comprende el dise\u00f1o de la herramienta digital de alerta temprana, la adecuaci\u00f3n del espacio de oficinas y la realizaci\u00f3n de captaci\u00f3n y acompa\u00f1amiento a personas emprendedoras.<\/p>\n","protected":false},"excerpt":{"rendered":"<p>Las obras de reforma tendr\u00e1n un plazo de ejecuci\u00f3n de ocho semanas, con un presupuesto de 188.331,02 euros<\/p>\n","protected":false},"author":1,"featured_media":51259,"comment_status":"open","ping_status":"closed","sticky":false,"template":"","format":"standard","meta":{"footnotes":""},"categories":[2],"tags":[],"class_list":["post-51258","post","type-post","status-publish","format-standard","has-post-thumbnail","hentry","category-ayuntamiento-pamplona"],"yoast_head":"<!-- This site is optimized with the Yoast SEO plugin v27.3 - https:\/\/yoast.com\/product\/yoast-seo-wordpress\/ -->\n<title>El local municipal de la calle Mercaderes 11 se convertir\u00e1 en punto de encuentro de asociaciones comerciales y espacio para el desarrollo de iniciativas para el relevo generacional<\/title>\n<meta name=\"description\" content=\"Las obras de reforma tendr\u00e1n un plazo de ejecuci\u00f3n de ocho semanas, con un presupuesto de 188.331,02 euros\" \/>\n<meta name=\"robots\" content=\"index, follow, max-snippet:-1, max-image-preview:large, max-video-preview:-1\" \/>\n<link rel=\"canonical\" href=\"https:\/\/www.laguiadepamplona.com\/actualidad\/el-local-municipal-de-la-calle-mercaderes-11-se-convertira-en-punto-de-encuentro-de-asociaciones-comerciales-y-espacio-para-el-desarrollo-de-iniciativas-para-el-relevo-generacional\/\" \/>\n<meta property=\"og:locale\" content=\"es_ES\" \/>\n<meta property=\"og:type\" content=\"article\" \/>\n<meta property=\"og:title\" content=\"El local municipal de la calle Mercaderes 11 se convertir\u00e1 en punto de encuentro de asociaciones comerciales y espacio para el desarrollo de iniciativas para el relevo generacional\" \/>\n<meta property=\"og:description\" content=\"Las obras de reforma tendr\u00e1n un plazo de ejecuci\u00f3n de ocho semanas, con un presupuesto de 188.331,02 euros\" \/>\n<meta property=\"og:url\" content=\"https:\/\/www.laguiadepamplona.com\/actualidad\/el-local-municipal-de-la-calle-mercaderes-11-se-convertira-en-punto-de-encuentro-de-asociaciones-comerciales-y-espacio-para-el-desarrollo-de-iniciativas-para-el-relevo-generacional\/\" \/>\n<meta property=\"og:site_name\" content=\"La Gu\u00eda de Pamplona\" \/>\n<meta property=\"article:publisher\" content=\"https:\/\/www.facebook.com\/laguiadepamplonacom-133175176762273\/?ref=hl\" \/>\n<meta property=\"article:published_time\" content=\"2024-11-11T12:11:15+00:00\" \/>\n<meta property=\"og:image\" content=\"https:\/\/www.laguiadepamplona.com\/actualidad\/wp-content\/uploads\/2024\/11\/fachadas_mercaderes_web.webp\" \/>\n\t<meta property=\"og:image:width\" content=\"1000\" \/>\n\t<meta property=\"og:image:height\" content=\"666\" \/>\n\t<meta property=\"og:image:type\" content=\"image\/webp\" \/>\n<meta name=\"author\" content=\"La Gu\u00eda de Pamplona\" \/>\n<meta name=\"twitter:card\" content=\"summary_large_image\" \/>\n<meta name=\"twitter:creator\" content=\"@LaGuiadPamplona\" \/>\n<meta name=\"twitter:site\" content=\"@LaGuiadPamplona\" \/>\n<meta name=\"twitter:label1\" content=\"Escrito por\" \/>\n\t<meta name=\"twitter:data1\" content=\"La Gu\u00eda de Pamplona\" \/>\n\t<meta name=\"twitter:label2\" content=\"Tiempo de lectura\" \/>\n\t<meta name=\"twitter:data2\" content=\"3 minutos\" \/>\n<script type=\"application\/ld+json\" class=\"yoast-schema-graph\">{\"@context\":\"https:\\\/\\\/schema.org\",\"@graph\":[{\"@type\":\"Article\",\"@id\":\"https:\\\/\\\/www.laguiadepamplona.com\\\/actualidad\\\/el-local-municipal-de-la-calle-mercaderes-11-se-convertira-en-punto-de-encuentro-de-asociaciones-comerciales-y-espacio-para-el-desarrollo-de-iniciativas-para-el-relevo-generacional\\\/#article\",\"isPartOf\":{\"@id\":\"https:\\\/\\\/www.laguiadepamplona.com\\\/actualidad\\\/el-local-municipal-de-la-calle-mercaderes-11-se-convertira-en-punto-de-encuentro-de-asociaciones-comerciales-y-espacio-para-el-desarrollo-de-iniciativas-para-el-relevo-generacional\\\/\"},\"author\":{\"name\":\"La Gu\u00eda de Pamplona\",\"@id\":\"https:\\\/\\\/www.laguiadepamplona.com\\\/actualidad\\\/#\\\/schema\\\/person\\\/efe887376f0213d4657c93adc50b1fdb\"},\"headline\":\"El local municipal de la calle Mercaderes 11 se convertir\u00e1 en punto de encuentro de asociaciones comerciales y espacio para el desarrollo de iniciativas para el relevo generacional\",\"datePublished\":\"2024-11-11T12:11:15+00:00\",\"mainEntityOfPage\":{\"@id\":\"https:\\\/\\\/www.laguiadepamplona.com\\\/actualidad\\\/el-local-municipal-de-la-calle-mercaderes-11-se-convertira-en-punto-de-encuentro-de-asociaciones-comerciales-y-espacio-para-el-desarrollo-de-iniciativas-para-el-relevo-generacional\\\/\"},\"wordCount\":595,\"commentCount\":0,\"publisher\":{\"@id\":\"https:\\\/\\\/www.laguiadepamplona.com\\\/actualidad\\\/#organization\"},\"image\":{\"@id\":\"https:\\\/\\\/www.laguiadepamplona.com\\\/actualidad\\\/el-local-municipal-de-la-calle-mercaderes-11-se-convertira-en-punto-de-encuentro-de-asociaciones-comerciales-y-espacio-para-el-desarrollo-de-iniciativas-para-el-relevo-generacional\\\/#primaryimage\"},\"thumbnailUrl\":\"https:\\\/\\\/www.laguiadepamplona.com\\\/actualidad\\\/wp-content\\\/uploads\\\/2024\\\/11\\\/fachadas_mercaderes_web.webp\",\"articleSection\":[\"Ayto Pamplona\"],\"inLanguage\":\"es\",\"potentialAction\":[{\"@type\":\"CommentAction\",\"name\":\"Comment\",\"target\":[\"https:\\\/\\\/www.laguiadepamplona.com\\\/actualidad\\\/el-local-municipal-de-la-calle-mercaderes-11-se-convertira-en-punto-de-encuentro-de-asociaciones-comerciales-y-espacio-para-el-desarrollo-de-iniciativas-para-el-relevo-generacional\\\/#respond\"]}]},{\"@type\":\"WebPage\",\"@id\":\"https:\\\/\\\/www.laguiadepamplona.com\\\/actualidad\\\/el-local-municipal-de-la-calle-mercaderes-11-se-convertira-en-punto-de-encuentro-de-asociaciones-comerciales-y-espacio-para-el-desarrollo-de-iniciativas-para-el-relevo-generacional\\\/\",\"url\":\"https:\\\/\\\/www.laguiadepamplona.com\\\/actualidad\\\/el-local-municipal-de-la-calle-mercaderes-11-se-convertira-en-punto-de-encuentro-de-asociaciones-comerciales-y-espacio-para-el-desarrollo-de-iniciativas-para-el-relevo-generacional\\\/\",\"name\":\"El local municipal de la calle Mercaderes 11 se convertir\u00e1 en punto de encuentro de asociaciones comerciales y espacio para el desarrollo de iniciativas para el relevo generacional\",\"isPartOf\":{\"@id\":\"https:\\\/\\\/www.laguiadepamplona.com\\\/actualidad\\\/#website\"},\"primaryImageOfPage\":{\"@id\":\"https:\\\/\\\/www.laguiadepamplona.com\\\/actualidad\\\/el-local-municipal-de-la-calle-mercaderes-11-se-convertira-en-punto-de-encuentro-de-asociaciones-comerciales-y-espacio-para-el-desarrollo-de-iniciativas-para-el-relevo-generacional\\\/#primaryimage\"},\"image\":{\"@id\":\"https:\\\/\\\/www.laguiadepamplona.com\\\/actualidad\\\/el-local-municipal-de-la-calle-mercaderes-11-se-convertira-en-punto-de-encuentro-de-asociaciones-comerciales-y-espacio-para-el-desarrollo-de-iniciativas-para-el-relevo-generacional\\\/#primaryimage\"},\"thumbnailUrl\":\"https:\\\/\\\/www.laguiadepamplona.com\\\/actualidad\\\/wp-content\\\/uploads\\\/2024\\\/11\\\/fachadas_mercaderes_web.webp\",\"datePublished\":\"2024-11-11T12:11:15+00:00\",\"description\":\"Las obras de reforma tendr\u00e1n un plazo de ejecuci\u00f3n de ocho semanas, con un presupuesto de 188.331,02 euros\",\"breadcrumb\":{\"@id\":\"https:\\\/\\\/www.laguiadepamplona.com\\\/actualidad\\\/el-local-municipal-de-la-calle-mercaderes-11-se-convertira-en-punto-de-encuentro-de-asociaciones-comerciales-y-espacio-para-el-desarrollo-de-iniciativas-para-el-relevo-generacional\\\/#breadcrumb\"},\"inLanguage\":\"es\",\"potentialAction\":[{\"@type\":\"ReadAction\",\"target\":[\"https:\\\/\\\/www.laguiadepamplona.com\\\/actualidad\\\/el-local-municipal-de-la-calle-mercaderes-11-se-convertira-en-punto-de-encuentro-de-asociaciones-comerciales-y-espacio-para-el-desarrollo-de-iniciativas-para-el-relevo-generacional\\\/\"]}]},{\"@type\":\"ImageObject\",\"inLanguage\":\"es\",\"@id\":\"https:\\\/\\\/www.laguiadepamplona.com\\\/actualidad\\\/el-local-municipal-de-la-calle-mercaderes-11-se-convertira-en-punto-de-encuentro-de-asociaciones-comerciales-y-espacio-para-el-desarrollo-de-iniciativas-para-el-relevo-generacional\\\/#primaryimage\",\"url\":\"https:\\\/\\\/www.laguiadepamplona.com\\\/actualidad\\\/wp-content\\\/uploads\\\/2024\\\/11\\\/fachadas_mercaderes_web.webp\",\"contentUrl\":\"https:\\\/\\\/www.laguiadepamplona.com\\\/actualidad\\\/wp-content\\\/uploads\\\/2024\\\/11\\\/fachadas_mercaderes_web.webp\",\"width\":1000,\"height\":666,\"caption\":\"fachadas mercaderes\"},{\"@type\":\"BreadcrumbList\",\"@id\":\"https:\\\/\\\/www.laguiadepamplona.com\\\/actualidad\\\/el-local-municipal-de-la-calle-mercaderes-11-se-convertira-en-punto-de-encuentro-de-asociaciones-comerciales-y-espacio-para-el-desarrollo-de-iniciativas-para-el-relevo-generacional\\\/#breadcrumb\",\"itemListElement\":[{\"@type\":\"ListItem\",\"position\":1,\"name\":\"Portada\",\"item\":\"https:\\\/\\\/www.laguiadepamplona.com\\\/actualidad\\\/\"},{\"@type\":\"ListItem\",\"position\":2,\"name\":\"El local municipal de la calle Mercaderes 11 se convertir\u00e1 en punto de encuentro de asociaciones comerciales y espacio para el desarrollo de iniciativas para el relevo generacional\"}]},{\"@type\":\"WebSite\",\"@id\":\"https:\\\/\\\/www.laguiadepamplona.com\\\/actualidad\\\/#website\",\"url\":\"https:\\\/\\\/www.laguiadepamplona.com\\\/actualidad\\\/\",\"name\":\"La gu\u00eda de Pamplona\",\"description\":\"Noticias de Pamplona\",\"publisher\":{\"@id\":\"https:\\\/\\\/www.laguiadepamplona.com\\\/actualidad\\\/#organization\"},\"potentialAction\":[{\"@type\":\"SearchAction\",\"target\":{\"@type\":\"EntryPoint\",\"urlTemplate\":\"https:\\\/\\\/www.laguiadepamplona.com\\\/actualidad\\\/?s={search_term_string}\"},\"query-input\":{\"@type\":\"PropertyValueSpecification\",\"valueRequired\":true,\"valueName\":\"search_term_string\"}}],\"inLanguage\":\"es\"},{\"@type\":\"Organization\",\"@id\":\"https:\\\/\\\/www.laguiadepamplona.com\\\/actualidad\\\/#organization\",\"name\":\"La Gu\u00eda de Pamplona \\\/ Noticias\",\"url\":\"https:\\\/\\\/www.laguiadepamplona.com\\\/actualidad\\\/\",\"logo\":{\"@type\":\"ImageObject\",\"inLanguage\":\"es\",\"@id\":\"https:\\\/\\\/www.laguiadepamplona.com\\\/actualidad\\\/#\\\/schema\\\/logo\\\/image\\\/\",\"url\":\"https:\\\/\\\/www.laguiadepamplona.com\\\/actualidad\\\/wp-content\\\/uploads\\\/2018\\\/11\\\/logo-laguiadepamplona18-web1.png\",\"contentUrl\":\"https:\\\/\\\/www.laguiadepamplona.com\\\/actualidad\\\/wp-content\\\/uploads\\\/2018\\\/11\\\/logo-laguiadepamplona18-web1.png\",\"width\":600,\"height\":196,\"caption\":\"La Gu\u00eda de Pamplona \\\/ Noticias\"},\"image\":{\"@id\":\"https:\\\/\\\/www.laguiadepamplona.com\\\/actualidad\\\/#\\\/schema\\\/logo\\\/image\\\/\"},\"sameAs\":[\"https:\\\/\\\/www.facebook.com\\\/laguiadepamplonacom-133175176762273\\\/?ref=hl\",\"https:\\\/\\\/x.com\\\/LaGuiadPamplona\",\"https:\\\/\\\/www.instagram.com\\\/la_guia_de_pamplona\\\/\",\"https:\\\/\\\/www.youtube.com\\\/user\\\/laguiadepamplona\"]},{\"@type\":\"Person\",\"@id\":\"https:\\\/\\\/www.laguiadepamplona.com\\\/actualidad\\\/#\\\/schema\\\/person\\\/efe887376f0213d4657c93adc50b1fdb\",\"name\":\"La Gu\u00eda de Pamplona\",\"image\":{\"@type\":\"ImageObject\",\"inLanguage\":\"es\",\"@id\":\"https:\\\/\\\/secure.gravatar.com\\\/avatar\\\/b6992f131dc8d30ab0dff15446e9d346d9dbd95992de0fef795073f5ea83a81c?s=96&d=mm&r=g\",\"url\":\"https:\\\/\\\/secure.gravatar.com\\\/avatar\\\/b6992f131dc8d30ab0dff15446e9d346d9dbd95992de0fef795073f5ea83a81c?s=96&d=mm&r=g\",\"contentUrl\":\"https:\\\/\\\/secure.gravatar.com\\\/avatar\\\/b6992f131dc8d30ab0dff15446e9d346d9dbd95992de0fef795073f5ea83a81c?s=96&d=mm&r=g\",\"caption\":\"La Gu\u00eda de Pamplona\"}}]}<\/script>\n<!-- \/ Yoast SEO plugin. -->","yoast_head_json":{"title":"El local municipal de la calle Mercaderes 11 se convertir\u00e1 en punto de encuentro de asociaciones comerciales y espacio para el desarrollo de iniciativas para el relevo generacional","description":"Las obras de reforma tendr\u00e1n un plazo de ejecuci\u00f3n de ocho semanas, con un presupuesto de 188.331,02 euros","robots":{"index":"index","follow":"follow","max-snippet":"max-snippet:-1","max-image-preview":"max-image-preview:large","max-video-preview":"max-video-preview:-1"},"canonical":"https:\/\/www.laguiadepamplona.com\/actualidad\/el-local-municipal-de-la-calle-mercaderes-11-se-convertira-en-punto-de-encuentro-de-asociaciones-comerciales-y-espacio-para-el-desarrollo-de-iniciativas-para-el-relevo-generacional\/","og_locale":"es_ES","og_type":"article","og_title":"El local municipal de la calle Mercaderes 11 se convertir\u00e1 en punto de encuentro de asociaciones comerciales y espacio para el desarrollo de iniciativas para el relevo generacional","og_description":"Las obras de reforma tendr\u00e1n un plazo de ejecuci\u00f3n de ocho semanas, con un presupuesto de 188.331,02 euros","og_url":"https:\/\/www.laguiadepamplona.com\/actualidad\/el-local-municipal-de-la-calle-mercaderes-11-se-convertira-en-punto-de-encuentro-de-asociaciones-comerciales-y-espacio-para-el-desarrollo-de-iniciativas-para-el-relevo-generacional\/","og_site_name":"La Gu\u00eda de Pamplona","article_publisher":"https:\/\/www.facebook.com\/laguiadepamplonacom-133175176762273\/?ref=hl","article_published_time":"2024-11-11T12:11:15+00:00","og_image":[{"width":1000,"height":666,"url":"https:\/\/www.laguiadepamplona.com\/actualidad\/wp-content\/uploads\/2024\/11\/fachadas_mercaderes_web.webp","type":"image\/webp"}],"author":"La Gu\u00eda de Pamplona","twitter_card":"summary_large_image","twitter_creator":"@LaGuiadPamplona","twitter_site":"@LaGuiadPamplona","twitter_misc":{"Escrito por":"La Gu\u00eda de Pamplona","Tiempo de lectura":"3 minutos"},"schema":{"@context":"https:\/\/schema.org","@graph":[{"@type":"Article","@id":"https:\/\/www.laguiadepamplona.com\/actualidad\/el-local-municipal-de-la-calle-mercaderes-11-se-convertira-en-punto-de-encuentro-de-asociaciones-comerciales-y-espacio-para-el-desarrollo-de-iniciativas-para-el-relevo-generacional\/#article","isPartOf":{"@id":"https:\/\/www.laguiadepamplona.com\/actualidad\/el-local-municipal-de-la-calle-mercaderes-11-se-convertira-en-punto-de-encuentro-de-asociaciones-comerciales-y-espacio-para-el-desarrollo-de-iniciativas-para-el-relevo-generacional\/"},"author":{"name":"La Gu\u00eda de Pamplona","@id":"https:\/\/www.laguiadepamplona.com\/actualidad\/#\/schema\/person\/efe887376f0213d4657c93adc50b1fdb"},"headline":"El local municipal de la calle Mercaderes 11 se convertir\u00e1 en punto de encuentro de asociaciones comerciales y espacio para el desarrollo de iniciativas para el relevo generacional","datePublished":"2024-11-11T12:11:15+00:00","mainEntityOfPage":{"@id":"https:\/\/www.laguiadepamplona.com\/actualidad\/el-local-municipal-de-la-calle-mercaderes-11-se-convertira-en-punto-de-encuentro-de-asociaciones-comerciales-y-espacio-para-el-desarrollo-de-iniciativas-para-el-relevo-generacional\/"},"wordCount":595,"commentCount":0,"publisher":{"@id":"https:\/\/www.laguiadepamplona.com\/actualidad\/#organization"},"image":{"@id":"https:\/\/www.laguiadepamplona.com\/actualidad\/el-local-municipal-de-la-calle-mercaderes-11-se-convertira-en-punto-de-encuentro-de-asociaciones-comerciales-y-espacio-para-el-desarrollo-de-iniciativas-para-el-relevo-generacional\/#primaryimage"},"thumbnailUrl":"https:\/\/www.laguiadepamplona.com\/actualidad\/wp-content\/uploads\/2024\/11\/fachadas_mercaderes_web.webp","articleSection":["Ayto Pamplona"],"inLanguage":"es","potentialAction":[{"@type":"CommentAction","name":"Comment","target":["https:\/\/www.laguiadepamplona.com\/actualidad\/el-local-municipal-de-la-calle-mercaderes-11-se-convertira-en-punto-de-encuentro-de-asociaciones-comerciales-y-espacio-para-el-desarrollo-de-iniciativas-para-el-relevo-generacional\/#respond"]}]},{"@type":"WebPage","@id":"https:\/\/www.laguiadepamplona.com\/actualidad\/el-local-municipal-de-la-calle-mercaderes-11-se-convertira-en-punto-de-encuentro-de-asociaciones-comerciales-y-espacio-para-el-desarrollo-de-iniciativas-para-el-relevo-generacional\/","url":"https:\/\/www.laguiadepamplona.com\/actualidad\/el-local-municipal-de-la-calle-mercaderes-11-se-convertira-en-punto-de-encuentro-de-asociaciones-comerciales-y-espacio-para-el-desarrollo-de-iniciativas-para-el-relevo-generacional\/","name":"El local municipal de la calle Mercaderes 11 se convertir\u00e1 en punto de encuentro de asociaciones comerciales y espacio para el desarrollo de iniciativas para el relevo generacional","isPartOf":{"@id":"https:\/\/www.laguiadepamplona.com\/actualidad\/#website"},"primaryImageOfPage":{"@id":"https:\/\/www.laguiadepamplona.com\/actualidad\/el-local-municipal-de-la-calle-mercaderes-11-se-convertira-en-punto-de-encuentro-de-asociaciones-comerciales-y-espacio-para-el-desarrollo-de-iniciativas-para-el-relevo-generacional\/#primaryimage"},"image":{"@id":"https:\/\/www.laguiadepamplona.com\/actualidad\/el-local-municipal-de-la-calle-mercaderes-11-se-convertira-en-punto-de-encuentro-de-asociaciones-comerciales-y-espacio-para-el-desarrollo-de-iniciativas-para-el-relevo-generacional\/#primaryimage"},"thumbnailUrl":"https:\/\/www.laguiadepamplona.com\/actualidad\/wp-content\/uploads\/2024\/11\/fachadas_mercaderes_web.webp","datePublished":"2024-11-11T12:11:15+00:00","description":"Las obras de reforma tendr\u00e1n un plazo de ejecuci\u00f3n de ocho semanas, con un presupuesto de 188.331,02 euros","breadcrumb":{"@id":"https:\/\/www.laguiadepamplona.com\/actualidad\/el-local-municipal-de-la-calle-mercaderes-11-se-convertira-en-punto-de-encuentro-de-asociaciones-comerciales-y-espacio-para-el-desarrollo-de-iniciativas-para-el-relevo-generacional\/#breadcrumb"},"inLanguage":"es","potentialAction":[{"@type":"ReadAction","target":["https:\/\/www.laguiadepamplona.com\/actualidad\/el-local-municipal-de-la-calle-mercaderes-11-se-convertira-en-punto-de-encuentro-de-asociaciones-comerciales-y-espacio-para-el-desarrollo-de-iniciativas-para-el-relevo-generacional\/"]}]},{"@type":"ImageObject","inLanguage":"es","@id":"https:\/\/www.laguiadepamplona.com\/actualidad\/el-local-municipal-de-la-calle-mercaderes-11-se-convertira-en-punto-de-encuentro-de-asociaciones-comerciales-y-espacio-para-el-desarrollo-de-iniciativas-para-el-relevo-generacional\/#primaryimage","url":"https:\/\/www.laguiadepamplona.com\/actualidad\/wp-content\/uploads\/2024\/11\/fachadas_mercaderes_web.webp","contentUrl":"https:\/\/www.laguiadepamplona.com\/actualidad\/wp-content\/uploads\/2024\/11\/fachadas_mercaderes_web.webp","width":1000,"height":666,"caption":"fachadas mercaderes"},{"@type":"BreadcrumbList","@id":"https:\/\/www.laguiadepamplona.com\/actualidad\/el-local-municipal-de-la-calle-mercaderes-11-se-convertira-en-punto-de-encuentro-de-asociaciones-comerciales-y-espacio-para-el-desarrollo-de-iniciativas-para-el-relevo-generacional\/#breadcrumb","itemListElement":[{"@type":"ListItem","position":1,"name":"Portada","item":"https:\/\/www.laguiadepamplona.com\/actualidad\/"},{"@type":"ListItem","position":2,"name":"El local municipal de la calle Mercaderes 11 se convertir\u00e1 en punto de encuentro de asociaciones comerciales y espacio para el desarrollo de iniciativas para el relevo generacional"}]},{"@type":"WebSite","@id":"https:\/\/www.laguiadepamplona.com\/actualidad\/#website","url":"https:\/\/www.laguiadepamplona.com\/actualidad\/","name":"La gu\u00eda de Pamplona","description":"Noticias de Pamplona","publisher":{"@id":"https:\/\/www.laguiadepamplona.com\/actualidad\/#organization"},"potentialAction":[{"@type":"SearchAction","target":{"@type":"EntryPoint","urlTemplate":"https:\/\/www.laguiadepamplona.com\/actualidad\/?s={search_term_string}"},"query-input":{"@type":"PropertyValueSpecification","valueRequired":true,"valueName":"search_term_string"}}],"inLanguage":"es"},{"@type":"Organization","@id":"https:\/\/www.laguiadepamplona.com\/actualidad\/#organization","name":"La Gu\u00eda de Pamplona \/ Noticias","url":"https:\/\/www.laguiadepamplona.com\/actualidad\/","logo":{"@type":"ImageObject","inLanguage":"es","@id":"https:\/\/www.laguiadepamplona.com\/actualidad\/#\/schema\/logo\/image\/","url":"https:\/\/www.laguiadepamplona.com\/actualidad\/wp-content\/uploads\/2018\/11\/logo-laguiadepamplona18-web1.png","contentUrl":"https:\/\/www.laguiadepamplona.com\/actualidad\/wp-content\/uploads\/2018\/11\/logo-laguiadepamplona18-web1.png","width":600,"height":196,"caption":"La Gu\u00eda de Pamplona \/ Noticias"},"image":{"@id":"https:\/\/www.laguiadepamplona.com\/actualidad\/#\/schema\/logo\/image\/"},"sameAs":["https:\/\/www.facebook.com\/laguiadepamplonacom-133175176762273\/?ref=hl","https:\/\/x.com\/LaGuiadPamplona","https:\/\/www.instagram.com\/la_guia_de_pamplona\/","https:\/\/www.youtube.com\/user\/laguiadepamplona"]},{"@type":"Person","@id":"https:\/\/www.laguiadepamplona.com\/actualidad\/#\/schema\/person\/efe887376f0213d4657c93adc50b1fdb","name":"La Gu\u00eda de Pamplona","image":{"@type":"ImageObject","inLanguage":"es","@id":"https:\/\/secure.gravatar.com\/avatar\/b6992f131dc8d30ab0dff15446e9d346d9dbd95992de0fef795073f5ea83a81c?s=96&d=mm&r=g","url":"https:\/\/secure.gravatar.com\/avatar\/b6992f131dc8d30ab0dff15446e9d346d9dbd95992de0fef795073f5ea83a81c?s=96&d=mm&r=g","contentUrl":"https:\/\/secure.gravatar.com\/avatar\/b6992f131dc8d30ab0dff15446e9d346d9dbd95992de0fef795073f5ea83a81c?s=96&d=mm&r=g","caption":"La Gu\u00eda de Pamplona"}}]}},"post_mailing_queue_ids":[],"_links":{"self":[{"href":"https:\/\/www.laguiadepamplona.com\/actualidad\/wp-json\/wp\/v2\/posts\/51258","targetHints":{"allow":["GET"]}}],"collection":[{"href":"https:\/\/www.laguiadepamplona.com\/actualidad\/wp-json\/wp\/v2\/posts"}],"about":[{"href":"https:\/\/www.laguiadepamplona.com\/actualidad\/wp-json\/wp\/v2\/types\/post"}],"author":[{"embeddable":true,"href":"https:\/\/www.laguiadepamplona.com\/actualidad\/wp-json\/wp\/v2\/users\/1"}],"replies":[{"embeddable":true,"href":"https:\/\/www.laguiadepamplona.com\/actualidad\/wp-json\/wp\/v2\/comments?post=51258"}],"version-history":[{"count":1,"href":"https:\/\/www.laguiadepamplona.com\/actualidad\/wp-json\/wp\/v2\/posts\/51258\/revisions"}],"predecessor-version":[{"id":51260,"href":"https:\/\/www.laguiadepamplona.com\/actualidad\/wp-json\/wp\/v2\/posts\/51258\/revisions\/51260"}],"wp:featuredmedia":[{"embeddable":true,"href":"https:\/\/www.laguiadepamplona.com\/actualidad\/wp-json\/wp\/v2\/media\/51259"}],"wp:attachment":[{"href":"https:\/\/www.laguiadepamplona.com\/actualidad\/wp-json\/wp\/v2\/media?parent=51258"}],"wp:term":[{"taxonomy":"category","embeddable":true,"href":"https:\/\/www.laguiadepamplona.com\/actualidad\/wp-json\/wp\/v2\/categories?post=51258"},{"taxonomy":"post_tag","embeddable":true,"href":"https:\/\/www.laguiadepamplona.com\/actualidad\/wp-json\/wp\/v2\/tags?post=51258"}],"curies":[{"name":"wp","href":"https:\/\/api.w.org\/{rel}","templated":true}]}}