{"id":51251,"date":"2024-11-08T14:51:07","date_gmt":"2024-11-08T12:51:07","guid":{"rendered":"https:\/\/www.laguiadepamplona.com\/actualidad\/?p=51251"},"modified":"2024-11-08T14:51:07","modified_gmt":"2024-11-08T12:51:07","slug":"el-ayuntamiento-propone-trayectos-alternativos-para-el-acceso-a-la-ciudad-desde-la-avenida-de-zaragoza-porque-entre-el-lunes-y-el-viernes-habra-obras-de-asfaltado","status":"publish","type":"post","link":"https:\/\/www.laguiadepamplona.com\/actualidad\/el-ayuntamiento-propone-trayectos-alternativos-para-el-acceso-a-la-ciudad-desde-la-avenida-de-zaragoza-porque-entre-el-lunes-y-el-viernes-habra-obras-de-asfaltado\/","title":{"rendered":"El Ayuntamiento propone trayectos alternativos para el acceso a la ciudad desde la avenida de Zaragoza porque entre el lunes y el viernes habr\u00e1 obras de asfaltado"},"content":{"rendered":"<h2>Habr\u00e1 desv\u00edos en varias l\u00edneas de villavesas porque tambi\u00e9n se asfaltar\u00e1 \u00cd\u00f1igo Arista, con cortes puntuales de tr\u00e1fico, y se inicia la obra de Abejeras<\/h2>\n<p><!--more--><\/p>\n<p>Los trabajos de asfaltado en varias calles de la ciudad van a afectar a la circulaci\u00f3n la pr\u00f3xima semana. Este lunes dan comienzo las obras en la avenida de Zaragoza, en el tramo comprendido entre las calles R\u00edo Queiles y Sang\u00fcesa, en el sentido de entrada a la ciudad; y el martes 12, se iniciar\u00e1 el asfaltado en los dos sentidos de la calle \u00cd\u00f1igo Arista, entre las calles Pedro I y Seraf\u00edn Olave, con excepci\u00f3n de la glorieta de Iturrama. El comienzo de ambas obras est\u00e1 previsto desde primera hora de la ma\u00f1ana y afectar\u00e1 a la circulaci\u00f3n. Se cortar\u00e1 el tr\u00e1fico rodado, con aperturas progresivas por tramos, hasta \u00faltima hora del viernes d\u00eda 15.<\/p>\n<p>Polic\u00eda Municipal de Pamplona recomienda a la ciudadan\u00eda preparar los trayectos personales con antelaci\u00f3n teniendo en consideraci\u00f3n los cortes y desv\u00edos previstos en ambas intervenciones. Adem\u00e1s, en ambos casos hay afectadas paradas de algunas l\u00edneas de transporte urbano comarcal, tanto diurnas, como nocturnas (L5, L11, L16, L2 y L19\/ N3 y N1) con anulaciones de paradas por lo que se recomienda a las personas que realizan esos trayectos que est\u00e9n pendientes de las se\u00f1ales colocadas en las propias paradas y que consulten los avisos de la <a href=\"https:\/\/www.infotuc.es\/index.php\/es\/noticias\/item\/las-obras-en-la-av-zaragoza-e-inigo-arista-que-comenzaran-el-lunes-afectaran-al-recorrido-de-cinco-lineas-diurnas-y-dos-nocturnas-del-tuc\" target=\"_blank\" rel=\"noopener\">Mancomunidad de la Comarca de Pamplona<\/a>.<\/p>\n<p>A los trabajos en estos dos espacios se une, tambi\u00e9n a partir del lunes, la intervenci\u00f3n para la mejora de la movilidad y accesibilidad en la calle Abejeras, en la que, adem\u00e1s de la mejora del asfaltado, se van a realizar mejoras en el carril bici, en los pasos peatonales y en el transporte p\u00fablico. En este caso, la circulaci\u00f3n estar\u00e1 siembre abierta al tr\u00e1fico durante los trabajos, pero se prev\u00e9 lenta y con momentos de congesti\u00f3n.<\/p>\n<p>La campa\u00f1a de asfaltado del Ayuntamiento de Pamplona ha invertido ya 1.285.881,09 euros en ocho actuaciones diferentes. Adem\u00e1s del asfaltado de \u00cd\u00f1igo Arista y de la avenida de Zaragoza, se ha asfaltado la plaza de los Fueros, la calle Esquiroz, la ronda de Azpilaga\u00f1a, la avenida de Villava, la avenida de Bara\u00f1\u00e1in y la calle Alfonso el Batallador.<\/p>\n<p><strong>Tres asfaltados presupuestados en 538.879 euros<\/strong><\/p>\n<p>La actuaci\u00f3n principal en la avenida de Zaragoza, con un presupuesto de 208.094,11 euros, consiste en el fresado de la capa de aglomerado que forma el pavimento y su reposici\u00f3n, a secci\u00f3n completa del sentido entrada, m\u00e1s la sustituci\u00f3n completa del firme en todo el tramo que se va a asfaltar, en la zona central de la calzada. Por ello, es necesario cortar el tr\u00e1fico en ambos carriles de circulaci\u00f3n.<\/p>\n<p>En concreto en la entrada a Pamplona por la avenida de Zaragoza, Polic\u00eda Municipal recomienda desviarse bien por calle Sadar hacia avenida Catalu\u00f1a o hacia avenida Navarra. En el espacio avenida Zaragoza \/ Pablo Anto\u00f1ana no se podr\u00e1 circular en sentido centro ciudad, sino que se realizar\u00e1 un desv\u00edo obligatorio hacia Ronda Azpilaga\u00f1a o Pablo Anto\u00f1ana. Asimismo, no se podr\u00e1 circular en sentido centro ciudad en las calles Jimeno Jur\u00edo, Ri\u00edo Ultzama, R\u00edo Queliles y Mochuelo.<\/p>\n<p>De los cuatro d\u00edas de obras previstos en la calle I\u00f1igo Arista, dos se dedicar\u00e1n al asfaltado y otros dos a labores de se\u00f1alizaci\u00f3n vial y de recrecido de tapas por el refuerzo del firme actual. Estos trabajos, con una inversi\u00f3n de 178.600 euros, generar\u00e1n cortes de tr\u00e1ficos paulatinos en los tramos de actuaci\u00f3n, desde las 6.00 horas del martes 12, en que se cortar\u00e1 la glorieta afectada. Adem\u00e1s, se producir\u00e1n desv\u00edos en el transporte urbano.<\/p>\n<p>Finalmente, en la calle Abejeras, los trabajos incluyen el asfaltado entre la glorieta de intersecci\u00f3n con la calle Iturrama y el cruce con la avenida de Zaragoza, la ampliaci\u00f3n del carril bici y la construcci\u00f3n de aceras avanzadas y mejoras de las paradas TUC, por un importe de 152.785,63 euros. Desde el lunes y hasta el fin de obra, se anular\u00e1 toda la banda de aparcamiento del margen derecho, sentido centro ciudad. Se mantiene la carga y descarga durante la obra y se reubicar\u00e1 en el margen izquierdo al finalizar.<\/p>\n<p>&nbsp;<\/p>\n<h2>Cortes de tr\u00e1fico por trabajos de asfaltado<\/h2>\n<ul>\n<li><strong>Avenida de Zaragoza<\/strong>, en sentido entrada, entre las calles R\u00edo Queiles y Sang\u00fcesa<\/li>\n<\/ul>\n<p><strong>Desde el lunes 11 a las 6 horas, hasta el viernes 15 a las 19 horas<\/strong><\/p>\n<ul>\n<li>Avenida Zaragoza \/ Sadar: no se podr\u00e1 circular sentido centro ciudad, debi\u00e9ndose desviar la circulaci\u00f3n obligatoriamente o bien hacia calle Sadar o bien hacia avenida de Navarra<\/li>\n<li>Avenida Zaragoza \/ Pablo Anto\u00f1ana: no se podr\u00e1 circular sentido centro ciudad, debi\u00e9ndose desviar la circulaci\u00f3n obligatoriamente hacia Ronda Azpilaga\u00f1a o Pablo Anto\u00f1ana<\/li>\n<li>Avenida Zaragoza \/ Jimeno Jur\u00edo: no se podr\u00e1 circular sentido centro ciudad<\/li>\n<li>Avenida Zaragoza \/ R\u00edo Ultzama: no se podr\u00e1 circular sentido centro ciudad<\/li>\n<li>Avenida Zaragoza \/ Mochuelo: no se podr\u00e1 circular sentido centro ciudad<\/li>\n<li>Avenida Zaragoza \/ R\u00edo Queiles: no se podr\u00e1 circular sentido centro ciudad, debi\u00e9ndose desviar circulaci\u00f3n obligatoriamente hacia R\u00edo Queiles o Buenaventura I\u00f1iguez<\/li>\n<\/ul>\n<ul>\n<li><strong>Calle \u00cd\u00f1igo Arista<\/strong>, en ambos sentidos, entre las calles Pedro I y Seraf\u00edn Olave (salvo glorieta de Iturrama)<\/li>\n<\/ul>\n<p><strong>Desde el martes 12 a las 6 horas, hasta el viernes 15 a las 21 horas<\/strong><\/p>\n<ul>\n<li>I\u00f1igo Arista \/ Iturrama: los dos sentidos de circulaci\u00f3n de I\u00f1igo Arista hacia Seraf\u00edn Olave.<\/li>\n<li>Seraf\u00edn Olave \/ I\u00f1igo Arista: los dos sentidos de circulaci\u00f3n de I\u00f1igo Arista hacia Iturrama, afectando 1 d\u00eda a la rotonda<\/li>\n<li>I\u00f1igo Arista \/ Iturrama: los dos sentidos hacia Pedro I<\/li>\n<li>I\u00f1igo Arista \/ Pedro I: los dos sentidos hacia Iturrama<\/li>\n<\/ul>\n","protected":false},"excerpt":{"rendered":"<p>Habr\u00e1 desv\u00edos en varias l\u00edneas de villavesas porque tambi\u00e9n se asfaltar\u00e1 \u00cd\u00f1igo Arista, con cortes puntuales de tr\u00e1fico, y se inicia la obra de Abejeras<\/p>\n","protected":false},"author":1,"featured_media":51026,"comment_status":"open","ping_status":"closed","sticky":false,"template":"","format":"standard","meta":{"footnotes":""},"categories":[2],"tags":[],"class_list":["post-51251","post","type-post","status-publish","format-standard","has-post-thumbnail","hentry","category-ayuntamiento-pamplona"],"yoast_head":"<!-- This site is optimized with the Yoast SEO plugin v27.3 - https:\/\/yoast.com\/product\/yoast-seo-wordpress\/ -->\n<title>El Ayuntamiento propone trayectos alternativos para el acceso a la ciudad desde la avenida de Zaragoza porque entre el lunes y el viernes habr\u00e1 obras de asfaltado<\/title>\n<meta name=\"description\" content=\"Habr\u00e1 desv\u00edos en varias l\u00edneas de villavesas porque tambi\u00e9n se asfaltar\u00e1 \u00cd\u00f1igo Arista, con cortes puntuales de tr\u00e1fico, y se inicia la obra de Abejeras\" \/>\n<meta name=\"robots\" content=\"index, follow, max-snippet:-1, max-image-preview:large, max-video-preview:-1\" \/>\n<link rel=\"canonical\" href=\"https:\/\/www.laguiadepamplona.com\/actualidad\/el-ayuntamiento-propone-trayectos-alternativos-para-el-acceso-a-la-ciudad-desde-la-avenida-de-zaragoza-porque-entre-el-lunes-y-el-viernes-habra-obras-de-asfaltado\/\" \/>\n<meta property=\"og:locale\" content=\"es_ES\" \/>\n<meta property=\"og:type\" content=\"article\" \/>\n<meta property=\"og:title\" content=\"El Ayuntamiento propone trayectos alternativos para el acceso a la ciudad desde la avenida de Zaragoza porque entre el lunes y el viernes habr\u00e1 obras de asfaltado\" \/>\n<meta property=\"og:description\" content=\"Habr\u00e1 desv\u00edos en varias l\u00edneas de villavesas porque tambi\u00e9n se asfaltar\u00e1 \u00cd\u00f1igo Arista, con cortes puntuales de tr\u00e1fico, y se inicia la obra de Abejeras\" \/>\n<meta property=\"og:url\" content=\"https:\/\/www.laguiadepamplona.com\/actualidad\/el-ayuntamiento-propone-trayectos-alternativos-para-el-acceso-a-la-ciudad-desde-la-avenida-de-zaragoza-porque-entre-el-lunes-y-el-viernes-habra-obras-de-asfaltado\/\" \/>\n<meta property=\"og:site_name\" content=\"La Gu\u00eda de Pamplona\" \/>\n<meta property=\"article:publisher\" content=\"https:\/\/www.facebook.com\/laguiadepamplonacom-133175176762273\/?ref=hl\" \/>\n<meta property=\"article:published_time\" content=\"2024-11-08T12:51:07+00:00\" \/>\n<meta property=\"og:image\" content=\"https:\/\/www.laguiadepamplona.com\/actualidad\/wp-content\/uploads\/2024\/10\/asfaltado_web.webp\" \/>\n\t<meta property=\"og:image:width\" content=\"1000\" \/>\n\t<meta property=\"og:image:height\" content=\"696\" \/>\n\t<meta property=\"og:image:type\" content=\"image\/webp\" \/>\n<meta name=\"author\" content=\"La Gu\u00eda de Pamplona\" \/>\n<meta name=\"twitter:card\" content=\"summary_large_image\" \/>\n<meta name=\"twitter:creator\" content=\"@LaGuiadPamplona\" \/>\n<meta name=\"twitter:site\" content=\"@LaGuiadPamplona\" \/>\n<meta name=\"twitter:label1\" content=\"Escrito por\" \/>\n\t<meta name=\"twitter:data1\" content=\"La Gu\u00eda de Pamplona\" \/>\n\t<meta name=\"twitter:label2\" content=\"Tiempo de lectura\" \/>\n\t<meta name=\"twitter:data2\" content=\"5 minutos\" \/>\n<script type=\"application\/ld+json\" class=\"yoast-schema-graph\">{\"@context\":\"https:\\\/\\\/schema.org\",\"@graph\":[{\"@type\":\"Article\",\"@id\":\"https:\\\/\\\/www.laguiadepamplona.com\\\/actualidad\\\/el-ayuntamiento-propone-trayectos-alternativos-para-el-acceso-a-la-ciudad-desde-la-avenida-de-zaragoza-porque-entre-el-lunes-y-el-viernes-habra-obras-de-asfaltado\\\/#article\",\"isPartOf\":{\"@id\":\"https:\\\/\\\/www.laguiadepamplona.com\\\/actualidad\\\/el-ayuntamiento-propone-trayectos-alternativos-para-el-acceso-a-la-ciudad-desde-la-avenida-de-zaragoza-porque-entre-el-lunes-y-el-viernes-habra-obras-de-asfaltado\\\/\"},\"author\":{\"name\":\"La Gu\u00eda de Pamplona\",\"@id\":\"https:\\\/\\\/www.laguiadepamplona.com\\\/actualidad\\\/#\\\/schema\\\/person\\\/efe887376f0213d4657c93adc50b1fdb\"},\"headline\":\"El Ayuntamiento propone trayectos alternativos para el acceso a la ciudad desde la avenida de Zaragoza porque entre el lunes y el viernes habr\u00e1 obras de asfaltado\",\"datePublished\":\"2024-11-08T12:51:07+00:00\",\"mainEntityOfPage\":{\"@id\":\"https:\\\/\\\/www.laguiadepamplona.com\\\/actualidad\\\/el-ayuntamiento-propone-trayectos-alternativos-para-el-acceso-a-la-ciudad-desde-la-avenida-de-zaragoza-porque-entre-el-lunes-y-el-viernes-habra-obras-de-asfaltado\\\/\"},\"wordCount\":1012,\"commentCount\":0,\"publisher\":{\"@id\":\"https:\\\/\\\/www.laguiadepamplona.com\\\/actualidad\\\/#organization\"},\"image\":{\"@id\":\"https:\\\/\\\/www.laguiadepamplona.com\\\/actualidad\\\/el-ayuntamiento-propone-trayectos-alternativos-para-el-acceso-a-la-ciudad-desde-la-avenida-de-zaragoza-porque-entre-el-lunes-y-el-viernes-habra-obras-de-asfaltado\\\/#primaryimage\"},\"thumbnailUrl\":\"https:\\\/\\\/www.laguiadepamplona.com\\\/actualidad\\\/wp-content\\\/uploads\\\/2024\\\/10\\\/asfaltado_web.webp\",\"articleSection\":[\"Ayto Pamplona\"],\"inLanguage\":\"es\",\"potentialAction\":[{\"@type\":\"CommentAction\",\"name\":\"Comment\",\"target\":[\"https:\\\/\\\/www.laguiadepamplona.com\\\/actualidad\\\/el-ayuntamiento-propone-trayectos-alternativos-para-el-acceso-a-la-ciudad-desde-la-avenida-de-zaragoza-porque-entre-el-lunes-y-el-viernes-habra-obras-de-asfaltado\\\/#respond\"]}]},{\"@type\":\"WebPage\",\"@id\":\"https:\\\/\\\/www.laguiadepamplona.com\\\/actualidad\\\/el-ayuntamiento-propone-trayectos-alternativos-para-el-acceso-a-la-ciudad-desde-la-avenida-de-zaragoza-porque-entre-el-lunes-y-el-viernes-habra-obras-de-asfaltado\\\/\",\"url\":\"https:\\\/\\\/www.laguiadepamplona.com\\\/actualidad\\\/el-ayuntamiento-propone-trayectos-alternativos-para-el-acceso-a-la-ciudad-desde-la-avenida-de-zaragoza-porque-entre-el-lunes-y-el-viernes-habra-obras-de-asfaltado\\\/\",\"name\":\"El Ayuntamiento propone trayectos alternativos para el acceso a la ciudad desde la avenida de Zaragoza porque entre el lunes y el viernes habr\u00e1 obras de asfaltado\",\"isPartOf\":{\"@id\":\"https:\\\/\\\/www.laguiadepamplona.com\\\/actualidad\\\/#website\"},\"primaryImageOfPage\":{\"@id\":\"https:\\\/\\\/www.laguiadepamplona.com\\\/actualidad\\\/el-ayuntamiento-propone-trayectos-alternativos-para-el-acceso-a-la-ciudad-desde-la-avenida-de-zaragoza-porque-entre-el-lunes-y-el-viernes-habra-obras-de-asfaltado\\\/#primaryimage\"},\"image\":{\"@id\":\"https:\\\/\\\/www.laguiadepamplona.com\\\/actualidad\\\/el-ayuntamiento-propone-trayectos-alternativos-para-el-acceso-a-la-ciudad-desde-la-avenida-de-zaragoza-porque-entre-el-lunes-y-el-viernes-habra-obras-de-asfaltado\\\/#primaryimage\"},\"thumbnailUrl\":\"https:\\\/\\\/www.laguiadepamplona.com\\\/actualidad\\\/wp-content\\\/uploads\\\/2024\\\/10\\\/asfaltado_web.webp\",\"datePublished\":\"2024-11-08T12:51:07+00:00\",\"description\":\"Habr\u00e1 desv\u00edos en varias l\u00edneas de villavesas porque tambi\u00e9n se asfaltar\u00e1 \u00cd\u00f1igo Arista, con cortes puntuales de tr\u00e1fico, y se inicia la obra de Abejeras\",\"breadcrumb\":{\"@id\":\"https:\\\/\\\/www.laguiadepamplona.com\\\/actualidad\\\/el-ayuntamiento-propone-trayectos-alternativos-para-el-acceso-a-la-ciudad-desde-la-avenida-de-zaragoza-porque-entre-el-lunes-y-el-viernes-habra-obras-de-asfaltado\\\/#breadcrumb\"},\"inLanguage\":\"es\",\"potentialAction\":[{\"@type\":\"ReadAction\",\"target\":[\"https:\\\/\\\/www.laguiadepamplona.com\\\/actualidad\\\/el-ayuntamiento-propone-trayectos-alternativos-para-el-acceso-a-la-ciudad-desde-la-avenida-de-zaragoza-porque-entre-el-lunes-y-el-viernes-habra-obras-de-asfaltado\\\/\"]}]},{\"@type\":\"ImageObject\",\"inLanguage\":\"es\",\"@id\":\"https:\\\/\\\/www.laguiadepamplona.com\\\/actualidad\\\/el-ayuntamiento-propone-trayectos-alternativos-para-el-acceso-a-la-ciudad-desde-la-avenida-de-zaragoza-porque-entre-el-lunes-y-el-viernes-habra-obras-de-asfaltado\\\/#primaryimage\",\"url\":\"https:\\\/\\\/www.laguiadepamplona.com\\\/actualidad\\\/wp-content\\\/uploads\\\/2024\\\/10\\\/asfaltado_web.webp\",\"contentUrl\":\"https:\\\/\\\/www.laguiadepamplona.com\\\/actualidad\\\/wp-content\\\/uploads\\\/2024\\\/10\\\/asfaltado_web.webp\",\"width\":1000,\"height\":696,\"caption\":\"asfaltado\"},{\"@type\":\"BreadcrumbList\",\"@id\":\"https:\\\/\\\/www.laguiadepamplona.com\\\/actualidad\\\/el-ayuntamiento-propone-trayectos-alternativos-para-el-acceso-a-la-ciudad-desde-la-avenida-de-zaragoza-porque-entre-el-lunes-y-el-viernes-habra-obras-de-asfaltado\\\/#breadcrumb\",\"itemListElement\":[{\"@type\":\"ListItem\",\"position\":1,\"name\":\"Portada\",\"item\":\"https:\\\/\\\/www.laguiadepamplona.com\\\/actualidad\\\/\"},{\"@type\":\"ListItem\",\"position\":2,\"name\":\"El Ayuntamiento propone trayectos alternativos para el acceso a la ciudad desde la avenida de Zaragoza porque entre el lunes y el viernes habr\u00e1 obras de asfaltado\"}]},{\"@type\":\"WebSite\",\"@id\":\"https:\\\/\\\/www.laguiadepamplona.com\\\/actualidad\\\/#website\",\"url\":\"https:\\\/\\\/www.laguiadepamplona.com\\\/actualidad\\\/\",\"name\":\"La gu\u00eda de Pamplona\",\"description\":\"Noticias de Pamplona\",\"publisher\":{\"@id\":\"https:\\\/\\\/www.laguiadepamplona.com\\\/actualidad\\\/#organization\"},\"potentialAction\":[{\"@type\":\"SearchAction\",\"target\":{\"@type\":\"EntryPoint\",\"urlTemplate\":\"https:\\\/\\\/www.laguiadepamplona.com\\\/actualidad\\\/?s={search_term_string}\"},\"query-input\":{\"@type\":\"PropertyValueSpecification\",\"valueRequired\":true,\"valueName\":\"search_term_string\"}}],\"inLanguage\":\"es\"},{\"@type\":\"Organization\",\"@id\":\"https:\\\/\\\/www.laguiadepamplona.com\\\/actualidad\\\/#organization\",\"name\":\"La Gu\u00eda de Pamplona \\\/ Noticias\",\"url\":\"https:\\\/\\\/www.laguiadepamplona.com\\\/actualidad\\\/\",\"logo\":{\"@type\":\"ImageObject\",\"inLanguage\":\"es\",\"@id\":\"https:\\\/\\\/www.laguiadepamplona.com\\\/actualidad\\\/#\\\/schema\\\/logo\\\/image\\\/\",\"url\":\"https:\\\/\\\/www.laguiadepamplona.com\\\/actualidad\\\/wp-content\\\/uploads\\\/2018\\\/11\\\/logo-laguiadepamplona18-web1.png\",\"contentUrl\":\"https:\\\/\\\/www.laguiadepamplona.com\\\/actualidad\\\/wp-content\\\/uploads\\\/2018\\\/11\\\/logo-laguiadepamplona18-web1.png\",\"width\":600,\"height\":196,\"caption\":\"La Gu\u00eda de Pamplona \\\/ Noticias\"},\"image\":{\"@id\":\"https:\\\/\\\/www.laguiadepamplona.com\\\/actualidad\\\/#\\\/schema\\\/logo\\\/image\\\/\"},\"sameAs\":[\"https:\\\/\\\/www.facebook.com\\\/laguiadepamplonacom-133175176762273\\\/?ref=hl\",\"https:\\\/\\\/x.com\\\/LaGuiadPamplona\",\"https:\\\/\\\/www.instagram.com\\\/la_guia_de_pamplona\\\/\",\"https:\\\/\\\/www.youtube.com\\\/user\\\/laguiadepamplona\"]},{\"@type\":\"Person\",\"@id\":\"https:\\\/\\\/www.laguiadepamplona.com\\\/actualidad\\\/#\\\/schema\\\/person\\\/efe887376f0213d4657c93adc50b1fdb\",\"name\":\"La Gu\u00eda de Pamplona\",\"image\":{\"@type\":\"ImageObject\",\"inLanguage\":\"es\",\"@id\":\"https:\\\/\\\/secure.gravatar.com\\\/avatar\\\/b6992f131dc8d30ab0dff15446e9d346d9dbd95992de0fef795073f5ea83a81c?s=96&d=mm&r=g\",\"url\":\"https:\\\/\\\/secure.gravatar.com\\\/avatar\\\/b6992f131dc8d30ab0dff15446e9d346d9dbd95992de0fef795073f5ea83a81c?s=96&d=mm&r=g\",\"contentUrl\":\"https:\\\/\\\/secure.gravatar.com\\\/avatar\\\/b6992f131dc8d30ab0dff15446e9d346d9dbd95992de0fef795073f5ea83a81c?s=96&d=mm&r=g\",\"caption\":\"La Gu\u00eda de Pamplona\"}}]}<\/script>\n<!-- \/ Yoast SEO plugin. -->","yoast_head_json":{"title":"El Ayuntamiento propone trayectos alternativos para el acceso a la ciudad desde la avenida de Zaragoza porque entre el lunes y el viernes habr\u00e1 obras de asfaltado","description":"Habr\u00e1 desv\u00edos en varias l\u00edneas de villavesas porque tambi\u00e9n se asfaltar\u00e1 \u00cd\u00f1igo Arista, con cortes puntuales de tr\u00e1fico, y se inicia la obra de Abejeras","robots":{"index":"index","follow":"follow","max-snippet":"max-snippet:-1","max-image-preview":"max-image-preview:large","max-video-preview":"max-video-preview:-1"},"canonical":"https:\/\/www.laguiadepamplona.com\/actualidad\/el-ayuntamiento-propone-trayectos-alternativos-para-el-acceso-a-la-ciudad-desde-la-avenida-de-zaragoza-porque-entre-el-lunes-y-el-viernes-habra-obras-de-asfaltado\/","og_locale":"es_ES","og_type":"article","og_title":"El Ayuntamiento propone trayectos alternativos para el acceso a la ciudad desde la avenida de Zaragoza porque entre el lunes y el viernes habr\u00e1 obras de asfaltado","og_description":"Habr\u00e1 desv\u00edos en varias l\u00edneas de villavesas porque tambi\u00e9n se asfaltar\u00e1 \u00cd\u00f1igo Arista, con cortes puntuales de tr\u00e1fico, y se inicia la obra de Abejeras","og_url":"https:\/\/www.laguiadepamplona.com\/actualidad\/el-ayuntamiento-propone-trayectos-alternativos-para-el-acceso-a-la-ciudad-desde-la-avenida-de-zaragoza-porque-entre-el-lunes-y-el-viernes-habra-obras-de-asfaltado\/","og_site_name":"La Gu\u00eda de Pamplona","article_publisher":"https:\/\/www.facebook.com\/laguiadepamplonacom-133175176762273\/?ref=hl","article_published_time":"2024-11-08T12:51:07+00:00","og_image":[{"width":1000,"height":696,"url":"https:\/\/www.laguiadepamplona.com\/actualidad\/wp-content\/uploads\/2024\/10\/asfaltado_web.webp","type":"image\/webp"}],"author":"La Gu\u00eda de Pamplona","twitter_card":"summary_large_image","twitter_creator":"@LaGuiadPamplona","twitter_site":"@LaGuiadPamplona","twitter_misc":{"Escrito por":"La Gu\u00eda de Pamplona","Tiempo de lectura":"5 minutos"},"schema":{"@context":"https:\/\/schema.org","@graph":[{"@type":"Article","@id":"https:\/\/www.laguiadepamplona.com\/actualidad\/el-ayuntamiento-propone-trayectos-alternativos-para-el-acceso-a-la-ciudad-desde-la-avenida-de-zaragoza-porque-entre-el-lunes-y-el-viernes-habra-obras-de-asfaltado\/#article","isPartOf":{"@id":"https:\/\/www.laguiadepamplona.com\/actualidad\/el-ayuntamiento-propone-trayectos-alternativos-para-el-acceso-a-la-ciudad-desde-la-avenida-de-zaragoza-porque-entre-el-lunes-y-el-viernes-habra-obras-de-asfaltado\/"},"author":{"name":"La Gu\u00eda de Pamplona","@id":"https:\/\/www.laguiadepamplona.com\/actualidad\/#\/schema\/person\/efe887376f0213d4657c93adc50b1fdb"},"headline":"El Ayuntamiento propone trayectos alternativos para el acceso a la ciudad desde la avenida de Zaragoza porque entre el lunes y el viernes habr\u00e1 obras de asfaltado","datePublished":"2024-11-08T12:51:07+00:00","mainEntityOfPage":{"@id":"https:\/\/www.laguiadepamplona.com\/actualidad\/el-ayuntamiento-propone-trayectos-alternativos-para-el-acceso-a-la-ciudad-desde-la-avenida-de-zaragoza-porque-entre-el-lunes-y-el-viernes-habra-obras-de-asfaltado\/"},"wordCount":1012,"commentCount":0,"publisher":{"@id":"https:\/\/www.laguiadepamplona.com\/actualidad\/#organization"},"image":{"@id":"https:\/\/www.laguiadepamplona.com\/actualidad\/el-ayuntamiento-propone-trayectos-alternativos-para-el-acceso-a-la-ciudad-desde-la-avenida-de-zaragoza-porque-entre-el-lunes-y-el-viernes-habra-obras-de-asfaltado\/#primaryimage"},"thumbnailUrl":"https:\/\/www.laguiadepamplona.com\/actualidad\/wp-content\/uploads\/2024\/10\/asfaltado_web.webp","articleSection":["Ayto Pamplona"],"inLanguage":"es","potentialAction":[{"@type":"CommentAction","name":"Comment","target":["https:\/\/www.laguiadepamplona.com\/actualidad\/el-ayuntamiento-propone-trayectos-alternativos-para-el-acceso-a-la-ciudad-desde-la-avenida-de-zaragoza-porque-entre-el-lunes-y-el-viernes-habra-obras-de-asfaltado\/#respond"]}]},{"@type":"WebPage","@id":"https:\/\/www.laguiadepamplona.com\/actualidad\/el-ayuntamiento-propone-trayectos-alternativos-para-el-acceso-a-la-ciudad-desde-la-avenida-de-zaragoza-porque-entre-el-lunes-y-el-viernes-habra-obras-de-asfaltado\/","url":"https:\/\/www.laguiadepamplona.com\/actualidad\/el-ayuntamiento-propone-trayectos-alternativos-para-el-acceso-a-la-ciudad-desde-la-avenida-de-zaragoza-porque-entre-el-lunes-y-el-viernes-habra-obras-de-asfaltado\/","name":"El Ayuntamiento propone trayectos alternativos para el acceso a la ciudad desde la avenida de Zaragoza porque entre el lunes y el viernes habr\u00e1 obras de asfaltado","isPartOf":{"@id":"https:\/\/www.laguiadepamplona.com\/actualidad\/#website"},"primaryImageOfPage":{"@id":"https:\/\/www.laguiadepamplona.com\/actualidad\/el-ayuntamiento-propone-trayectos-alternativos-para-el-acceso-a-la-ciudad-desde-la-avenida-de-zaragoza-porque-entre-el-lunes-y-el-viernes-habra-obras-de-asfaltado\/#primaryimage"},"image":{"@id":"https:\/\/www.laguiadepamplona.com\/actualidad\/el-ayuntamiento-propone-trayectos-alternativos-para-el-acceso-a-la-ciudad-desde-la-avenida-de-zaragoza-porque-entre-el-lunes-y-el-viernes-habra-obras-de-asfaltado\/#primaryimage"},"thumbnailUrl":"https:\/\/www.laguiadepamplona.com\/actualidad\/wp-content\/uploads\/2024\/10\/asfaltado_web.webp","datePublished":"2024-11-08T12:51:07+00:00","description":"Habr\u00e1 desv\u00edos en varias l\u00edneas de villavesas porque tambi\u00e9n se asfaltar\u00e1 \u00cd\u00f1igo Arista, con cortes puntuales de tr\u00e1fico, y se inicia la obra de Abejeras","breadcrumb":{"@id":"https:\/\/www.laguiadepamplona.com\/actualidad\/el-ayuntamiento-propone-trayectos-alternativos-para-el-acceso-a-la-ciudad-desde-la-avenida-de-zaragoza-porque-entre-el-lunes-y-el-viernes-habra-obras-de-asfaltado\/#breadcrumb"},"inLanguage":"es","potentialAction":[{"@type":"ReadAction","target":["https:\/\/www.laguiadepamplona.com\/actualidad\/el-ayuntamiento-propone-trayectos-alternativos-para-el-acceso-a-la-ciudad-desde-la-avenida-de-zaragoza-porque-entre-el-lunes-y-el-viernes-habra-obras-de-asfaltado\/"]}]},{"@type":"ImageObject","inLanguage":"es","@id":"https:\/\/www.laguiadepamplona.com\/actualidad\/el-ayuntamiento-propone-trayectos-alternativos-para-el-acceso-a-la-ciudad-desde-la-avenida-de-zaragoza-porque-entre-el-lunes-y-el-viernes-habra-obras-de-asfaltado\/#primaryimage","url":"https:\/\/www.laguiadepamplona.com\/actualidad\/wp-content\/uploads\/2024\/10\/asfaltado_web.webp","contentUrl":"https:\/\/www.laguiadepamplona.com\/actualidad\/wp-content\/uploads\/2024\/10\/asfaltado_web.webp","width":1000,"height":696,"caption":"asfaltado"},{"@type":"BreadcrumbList","@id":"https:\/\/www.laguiadepamplona.com\/actualidad\/el-ayuntamiento-propone-trayectos-alternativos-para-el-acceso-a-la-ciudad-desde-la-avenida-de-zaragoza-porque-entre-el-lunes-y-el-viernes-habra-obras-de-asfaltado\/#breadcrumb","itemListElement":[{"@type":"ListItem","position":1,"name":"Portada","item":"https:\/\/www.laguiadepamplona.com\/actualidad\/"},{"@type":"ListItem","position":2,"name":"El Ayuntamiento propone trayectos alternativos para el acceso a la ciudad desde la avenida de Zaragoza porque entre el lunes y el viernes habr\u00e1 obras de asfaltado"}]},{"@type":"WebSite","@id":"https:\/\/www.laguiadepamplona.com\/actualidad\/#website","url":"https:\/\/www.laguiadepamplona.com\/actualidad\/","name":"La gu\u00eda de Pamplona","description":"Noticias de Pamplona","publisher":{"@id":"https:\/\/www.laguiadepamplona.com\/actualidad\/#organization"},"potentialAction":[{"@type":"SearchAction","target":{"@type":"EntryPoint","urlTemplate":"https:\/\/www.laguiadepamplona.com\/actualidad\/?s={search_term_string}"},"query-input":{"@type":"PropertyValueSpecification","valueRequired":true,"valueName":"search_term_string"}}],"inLanguage":"es"},{"@type":"Organization","@id":"https:\/\/www.laguiadepamplona.com\/actualidad\/#organization","name":"La Gu\u00eda de Pamplona \/ Noticias","url":"https:\/\/www.laguiadepamplona.com\/actualidad\/","logo":{"@type":"ImageObject","inLanguage":"es","@id":"https:\/\/www.laguiadepamplona.com\/actualidad\/#\/schema\/logo\/image\/","url":"https:\/\/www.laguiadepamplona.com\/actualidad\/wp-content\/uploads\/2018\/11\/logo-laguiadepamplona18-web1.png","contentUrl":"https:\/\/www.laguiadepamplona.com\/actualidad\/wp-content\/uploads\/2018\/11\/logo-laguiadepamplona18-web1.png","width":600,"height":196,"caption":"La Gu\u00eda de Pamplona \/ Noticias"},"image":{"@id":"https:\/\/www.laguiadepamplona.com\/actualidad\/#\/schema\/logo\/image\/"},"sameAs":["https:\/\/www.facebook.com\/laguiadepamplonacom-133175176762273\/?ref=hl","https:\/\/x.com\/LaGuiadPamplona","https:\/\/www.instagram.com\/la_guia_de_pamplona\/","https:\/\/www.youtube.com\/user\/laguiadepamplona"]},{"@type":"Person","@id":"https:\/\/www.laguiadepamplona.com\/actualidad\/#\/schema\/person\/efe887376f0213d4657c93adc50b1fdb","name":"La Gu\u00eda de Pamplona","image":{"@type":"ImageObject","inLanguage":"es","@id":"https:\/\/secure.gravatar.com\/avatar\/b6992f131dc8d30ab0dff15446e9d346d9dbd95992de0fef795073f5ea83a81c?s=96&d=mm&r=g","url":"https:\/\/secure.gravatar.com\/avatar\/b6992f131dc8d30ab0dff15446e9d346d9dbd95992de0fef795073f5ea83a81c?s=96&d=mm&r=g","contentUrl":"https:\/\/secure.gravatar.com\/avatar\/b6992f131dc8d30ab0dff15446e9d346d9dbd95992de0fef795073f5ea83a81c?s=96&d=mm&r=g","caption":"La Gu\u00eda de Pamplona"}}]}},"post_mailing_queue_ids":[],"_links":{"self":[{"href":"https:\/\/www.laguiadepamplona.com\/actualidad\/wp-json\/wp\/v2\/posts\/51251","targetHints":{"allow":["GET"]}}],"collection":[{"href":"https:\/\/www.laguiadepamplona.com\/actualidad\/wp-json\/wp\/v2\/posts"}],"about":[{"href":"https:\/\/www.laguiadepamplona.com\/actualidad\/wp-json\/wp\/v2\/types\/post"}],"author":[{"embeddable":true,"href":"https:\/\/www.laguiadepamplona.com\/actualidad\/wp-json\/wp\/v2\/users\/1"}],"replies":[{"embeddable":true,"href":"https:\/\/www.laguiadepamplona.com\/actualidad\/wp-json\/wp\/v2\/comments?post=51251"}],"version-history":[{"count":1,"href":"https:\/\/www.laguiadepamplona.com\/actualidad\/wp-json\/wp\/v2\/posts\/51251\/revisions"}],"predecessor-version":[{"id":51252,"href":"https:\/\/www.laguiadepamplona.com\/actualidad\/wp-json\/wp\/v2\/posts\/51251\/revisions\/51252"}],"wp:featuredmedia":[{"embeddable":true,"href":"https:\/\/www.laguiadepamplona.com\/actualidad\/wp-json\/wp\/v2\/media\/51026"}],"wp:attachment":[{"href":"https:\/\/www.laguiadepamplona.com\/actualidad\/wp-json\/wp\/v2\/media?parent=51251"}],"wp:term":[{"taxonomy":"category","embeddable":true,"href":"https:\/\/www.laguiadepamplona.com\/actualidad\/wp-json\/wp\/v2\/categories?post=51251"},{"taxonomy":"post_tag","embeddable":true,"href":"https:\/\/www.laguiadepamplona.com\/actualidad\/wp-json\/wp\/v2\/tags?post=51251"}],"curies":[{"name":"wp","href":"https:\/\/api.w.org\/{rel}","templated":true}]}}