{"id":51243,"date":"2024-11-08T13:12:36","date_gmt":"2024-11-08T11:12:36","guid":{"rendered":"https:\/\/www.laguiadepamplona.com\/actualidad\/?p=51243"},"modified":"2024-11-08T13:12:36","modified_gmt":"2024-11-08T11:12:36","slug":"la-exposicion-las-tres-fronteras-documenta-a-traves-de-65-fotografias-y-textos-explicativos-la-devastacion-por-el-conflicto-en-los-limites-entre-mali-burkina-faso-y-niger","status":"publish","type":"post","link":"https:\/\/www.laguiadepamplona.com\/actualidad\/la-exposicion-las-tres-fronteras-documenta-a-traves-de-65-fotografias-y-textos-explicativos-la-devastacion-por-el-conflicto-en-los-limites-entre-mali-burkina-faso-y-niger\/","title":{"rendered":"La exposici\u00f3n \u2018Las tres fronteras\u2019 documenta, a trav\u00e9s de 65 fotograf\u00edas y textos explicativos, la devastaci\u00f3n por el conflicto en los l\u00edmites entre Mali, Burkina Faso y N\u00edger"},"content":{"rendered":"<h2>El Palacio del Condestable acoge la muestra, hasta el 11 de enero de 2025, dentro de las actividades programadas en el ciclo \u00c1frica Imprescindible<\/h2>\n<p><!--more--><\/p>\n<p>El Palacio del Condestable acoge, del 8 de noviembre de 2024 al 11 de enero de 2025, la exposici\u00f3n fotogr\u00e1fica \u2018Las tres fronteras \/ Hiru mugak\u2019, en torno al conflicto del Sahel occidental. La devastaci\u00f3n en los l\u00edmites entre Mali, Burkina Faso y N\u00edger, en los a\u00f1os de 2019 a 2021, se recoge a trav\u00e9s de 65 fotograf\u00edas y textos explicativos, que muestran los efectos del conflicto y el cambio clim\u00e1tico en la zona, con m\u00e1s de 30.000 fallecidos y millones de desplazados. La muestra se puede visitar en las Salas 1 y 2, en el primer piso.<\/p>\n<p>La exposici\u00f3n la han presentado la concejala de Cultura, Fiestas, Educaci\u00f3n y Deporte, Maider Beloki Unzu; el concejal de Promoci\u00f3n Econ\u00f3mica y Proyecci\u00f3n Europea, Mikel Armend\u00e1riz Barnechea; la directora general de Protecci\u00f3n Social y Cooperaci\u00f3n al Desarrollo de Gobierno de Navarra, In\u00e9s Jim\u00e9nez Muro; la representante de \u00c1frica Imprescindible e integrante de la organizaci\u00f3n Solidaridad, Educaci\u00f3n y Desarrollo, Sara Aldaba; el fotoperiodista y comisario de la exposici\u00f3n Juan Luis Rod, y el periodista y tambi\u00e9n comisario de la exposici\u00f3n Jos\u00e9 Naranjo.<\/p>\n<p>La exposici\u00f3n se enmarca en el conjunto de actividades programadas por el <a href=\"https:\/\/africaesimprescindible.org\/\" target=\"_blank\" rel=\"noopener\">ciclo \u00c1frica Imprescindible<\/a>, organizado por la Asamblea de Cooperaci\u00f3n por la Paz, Fundaci\u00f3n Felipe Rinaldi, Medicus Mundi, Ojos del Mundo, Oxfam Interm\u00f3n, Proclade Yanapay, Solidaridad, Educaci\u00f3n y Desarrollo y TAU Fundazioa, con la colaboraci\u00f3n de Flor de \u00c1frica y Ateneo Navarro, y la financiaci\u00f3n de Ayuntamiento de Pamplona y Gobierno de Navarra.<\/p>\n<p>La muestra fotogr\u00e1fica se centra en la llamada regi\u00f3n de Las Tres Fronteras, donde la insurgencia yihadista de 2012, unida a la miseria y la debilidad de los gobiernos de la regi\u00f3n, gener\u00f3 una extrema violencia de ej\u00e9rcitos y mercenarios, sobre todo, contra poblaci\u00f3n civil. Los autores y comisarios de la exposici\u00f3n viajaron al norte de Burkina Faso, el centro de Mal\u00ed y el oeste de N\u00edger, donde documentan el retroceso de los derechos humanos y las libertades.<\/p>\n<p>Las im\u00e1genes muestran a todo color el d\u00eda a d\u00eda de la poblaci\u00f3n. Hay fotograf\u00edas enmarcadas, impresas en tela, impresas en papel sin enmarcar, mapas y vinilos, adem\u00e1s de instalaciones, v\u00eddeos y proyecciones. La exposici\u00f3n ofrece una visita guiada gratuita esta tarde, a las 19 horas, de la mano de los dos comisarios, Juan Luis Rod y Jos\u00e9 Naranjo. El horario de visita habitual es, de lunes a s\u00e1bado, de 09:00 a 14:00 horas, y de 17:00 a 22:00 horas.<\/p>\n<p>Adem\u00e1s, en torno a la exposici\u00f3n se han preparado diversas actividades, como el club de lectura \u2018Historias con voz de mujer contadas desde \u00c1frica\u2019, que tiene abiertas las <a href=\"https:\/\/africaesimprescindible.org\/actividades\/club-de-lectura\/clubs-de-lectura-en-biblioteca-civivox-iturrama\/\" target=\"_blank\" rel=\"noopener\">inscripciones<\/a> para su sesi\u00f3n del martes 12, a las 18 horas, en Civivox Iturrama. La obra que se tratar\u00e1 es \u2018Neighbours (Vecinos)\u2019, de L\u00edlia Mompl\u00e9, de Mozambique, quien aborda los intentos de mantener la hegemon\u00eda blanca en \u00c1frica austral, conectando la colonizaci\u00f3n portuguesa con la resistencia a la independencia y la guerra sucia liderada por Sud\u00e1frica.<\/p>\n<p>&nbsp;<\/p>\n<p><strong>\u2018Las Tres Fronteras \/ Hiru mugak\u2019<\/strong><\/p>\n<ul>\n<li>Civivox Condestable. Salas 1 y 2 (primer piso)\n<ul>\n<li>Del 8 de noviembre de 2024 al 11 de enero de 2025<\/li>\n<li>Comisarios: Jos\u00e9 Naranjo y Juan Luis Rod<\/li>\n<li>Horarios de visita: de lunes a s\u00e1bado, de 09:00 a 14:00, y de 17:00 a 22:00<\/li>\n<\/ul>\n<\/li>\n<\/ul>\n","protected":false},"excerpt":{"rendered":"<p>El Palacio del Condestable acoge la muestra, hasta el 11 de enero de 2025, dentro de las actividades programadas en el ciclo \u00c1frica Imprescindible<\/p>\n","protected":false},"author":1,"featured_media":51244,"comment_status":"open","ping_status":"closed","sticky":false,"template":"","format":"standard","meta":{"footnotes":""},"categories":[2],"tags":[],"class_list":["post-51243","post","type-post","status-publish","format-standard","has-post-thumbnail","hentry","category-ayuntamiento-pamplona"],"yoast_head":"<!-- This site is optimized with the Yoast SEO plugin v27.3 - https:\/\/yoast.com\/product\/yoast-seo-wordpress\/ -->\n<title>La exposici\u00f3n \u2018Las tres fronteras\u2019 documenta, a trav\u00e9s de 65 fotograf\u00edas y textos explicativos, la devastaci\u00f3n por el conflicto en los l\u00edmites entre Mali, Burkina Faso y N\u00edger<\/title>\n<meta name=\"description\" content=\"El Palacio del Condestable acoge la muestra, hasta el 11 de enero de 2025, dentro de las actividades programadas en el ciclo \u00c1frica...\" \/>\n<meta name=\"robots\" content=\"index, follow, max-snippet:-1, max-image-preview:large, max-video-preview:-1\" \/>\n<link rel=\"canonical\" href=\"https:\/\/www.laguiadepamplona.com\/actualidad\/la-exposicion-las-tres-fronteras-documenta-a-traves-de-65-fotografias-y-textos-explicativos-la-devastacion-por-el-conflicto-en-los-limites-entre-mali-burkina-faso-y-niger\/\" \/>\n<meta property=\"og:locale\" content=\"es_ES\" \/>\n<meta property=\"og:type\" content=\"article\" \/>\n<meta property=\"og:title\" content=\"La exposici\u00f3n \u2018Las tres fronteras\u2019 documenta, a trav\u00e9s de 65 fotograf\u00edas y textos explicativos, la devastaci\u00f3n por el conflicto en los l\u00edmites entre Mali, Burkina Faso y N\u00edger\" \/>\n<meta property=\"og:description\" content=\"El Palacio del Condestable acoge la muestra, hasta el 11 de enero de 2025, dentro de las actividades programadas en el ciclo \u00c1frica...\" \/>\n<meta property=\"og:url\" content=\"https:\/\/www.laguiadepamplona.com\/actualidad\/la-exposicion-las-tres-fronteras-documenta-a-traves-de-65-fotografias-y-textos-explicativos-la-devastacion-por-el-conflicto-en-los-limites-entre-mali-burkina-faso-y-niger\/\" \/>\n<meta property=\"og:site_name\" content=\"La Gu\u00eda de Pamplona\" \/>\n<meta property=\"article:publisher\" content=\"https:\/\/www.facebook.com\/laguiadepamplonacom-133175176762273\/?ref=hl\" \/>\n<meta property=\"article:published_time\" content=\"2024-11-08T11:12:36+00:00\" \/>\n<meta property=\"og:image\" content=\"https:\/\/www.laguiadepamplona.com\/actualidad\/wp-content\/uploads\/2024\/11\/Expo-Condestable_web.webp\" \/>\n\t<meta property=\"og:image:width\" content=\"1000\" \/>\n\t<meta property=\"og:image:height\" content=\"667\" \/>\n\t<meta property=\"og:image:type\" content=\"image\/webp\" \/>\n<meta name=\"author\" content=\"La Gu\u00eda de Pamplona\" \/>\n<meta name=\"twitter:card\" content=\"summary_large_image\" \/>\n<meta name=\"twitter:creator\" content=\"@LaGuiadPamplona\" \/>\n<meta name=\"twitter:site\" content=\"@LaGuiadPamplona\" \/>\n<meta name=\"twitter:label1\" content=\"Escrito por\" \/>\n\t<meta name=\"twitter:data1\" content=\"La Gu\u00eda de Pamplona\" \/>\n\t<meta name=\"twitter:label2\" content=\"Tiempo de lectura\" \/>\n\t<meta name=\"twitter:data2\" content=\"3 minutos\" \/>\n<script type=\"application\/ld+json\" class=\"yoast-schema-graph\">{\"@context\":\"https:\\\/\\\/schema.org\",\"@graph\":[{\"@type\":\"Article\",\"@id\":\"https:\\\/\\\/www.laguiadepamplona.com\\\/actualidad\\\/la-exposicion-las-tres-fronteras-documenta-a-traves-de-65-fotografias-y-textos-explicativos-la-devastacion-por-el-conflicto-en-los-limites-entre-mali-burkina-faso-y-niger\\\/#article\",\"isPartOf\":{\"@id\":\"https:\\\/\\\/www.laguiadepamplona.com\\\/actualidad\\\/la-exposicion-las-tres-fronteras-documenta-a-traves-de-65-fotografias-y-textos-explicativos-la-devastacion-por-el-conflicto-en-los-limites-entre-mali-burkina-faso-y-niger\\\/\"},\"author\":{\"name\":\"La Gu\u00eda de Pamplona\",\"@id\":\"https:\\\/\\\/www.laguiadepamplona.com\\\/actualidad\\\/#\\\/schema\\\/person\\\/efe887376f0213d4657c93adc50b1fdb\"},\"headline\":\"La exposici\u00f3n \u2018Las tres fronteras\u2019 documenta, a trav\u00e9s de 65 fotograf\u00edas y textos explicativos, la devastaci\u00f3n por el conflicto en los l\u00edmites entre Mali, Burkina Faso y N\u00edger\",\"datePublished\":\"2024-11-08T11:12:36+00:00\",\"mainEntityOfPage\":{\"@id\":\"https:\\\/\\\/www.laguiadepamplona.com\\\/actualidad\\\/la-exposicion-las-tres-fronteras-documenta-a-traves-de-65-fotografias-y-textos-explicativos-la-devastacion-por-el-conflicto-en-los-limites-entre-mali-burkina-faso-y-niger\\\/\"},\"wordCount\":616,\"commentCount\":0,\"publisher\":{\"@id\":\"https:\\\/\\\/www.laguiadepamplona.com\\\/actualidad\\\/#organization\"},\"image\":{\"@id\":\"https:\\\/\\\/www.laguiadepamplona.com\\\/actualidad\\\/la-exposicion-las-tres-fronteras-documenta-a-traves-de-65-fotografias-y-textos-explicativos-la-devastacion-por-el-conflicto-en-los-limites-entre-mali-burkina-faso-y-niger\\\/#primaryimage\"},\"thumbnailUrl\":\"https:\\\/\\\/www.laguiadepamplona.com\\\/actualidad\\\/wp-content\\\/uploads\\\/2024\\\/11\\\/Expo-Condestable_web.webp\",\"articleSection\":[\"Ayto Pamplona\"],\"inLanguage\":\"es\",\"potentialAction\":[{\"@type\":\"CommentAction\",\"name\":\"Comment\",\"target\":[\"https:\\\/\\\/www.laguiadepamplona.com\\\/actualidad\\\/la-exposicion-las-tres-fronteras-documenta-a-traves-de-65-fotografias-y-textos-explicativos-la-devastacion-por-el-conflicto-en-los-limites-entre-mali-burkina-faso-y-niger\\\/#respond\"]}]},{\"@type\":\"WebPage\",\"@id\":\"https:\\\/\\\/www.laguiadepamplona.com\\\/actualidad\\\/la-exposicion-las-tres-fronteras-documenta-a-traves-de-65-fotografias-y-textos-explicativos-la-devastacion-por-el-conflicto-en-los-limites-entre-mali-burkina-faso-y-niger\\\/\",\"url\":\"https:\\\/\\\/www.laguiadepamplona.com\\\/actualidad\\\/la-exposicion-las-tres-fronteras-documenta-a-traves-de-65-fotografias-y-textos-explicativos-la-devastacion-por-el-conflicto-en-los-limites-entre-mali-burkina-faso-y-niger\\\/\",\"name\":\"La exposici\u00f3n \u2018Las tres fronteras\u2019 documenta, a trav\u00e9s de 65 fotograf\u00edas y textos explicativos, la devastaci\u00f3n por el conflicto en los l\u00edmites entre Mali, Burkina Faso y N\u00edger\",\"isPartOf\":{\"@id\":\"https:\\\/\\\/www.laguiadepamplona.com\\\/actualidad\\\/#website\"},\"primaryImageOfPage\":{\"@id\":\"https:\\\/\\\/www.laguiadepamplona.com\\\/actualidad\\\/la-exposicion-las-tres-fronteras-documenta-a-traves-de-65-fotografias-y-textos-explicativos-la-devastacion-por-el-conflicto-en-los-limites-entre-mali-burkina-faso-y-niger\\\/#primaryimage\"},\"image\":{\"@id\":\"https:\\\/\\\/www.laguiadepamplona.com\\\/actualidad\\\/la-exposicion-las-tres-fronteras-documenta-a-traves-de-65-fotografias-y-textos-explicativos-la-devastacion-por-el-conflicto-en-los-limites-entre-mali-burkina-faso-y-niger\\\/#primaryimage\"},\"thumbnailUrl\":\"https:\\\/\\\/www.laguiadepamplona.com\\\/actualidad\\\/wp-content\\\/uploads\\\/2024\\\/11\\\/Expo-Condestable_web.webp\",\"datePublished\":\"2024-11-08T11:12:36+00:00\",\"description\":\"El Palacio del Condestable acoge la muestra, hasta el 11 de enero de 2025, dentro de las actividades programadas en el ciclo \u00c1frica...\",\"breadcrumb\":{\"@id\":\"https:\\\/\\\/www.laguiadepamplona.com\\\/actualidad\\\/la-exposicion-las-tres-fronteras-documenta-a-traves-de-65-fotografias-y-textos-explicativos-la-devastacion-por-el-conflicto-en-los-limites-entre-mali-burkina-faso-y-niger\\\/#breadcrumb\"},\"inLanguage\":\"es\",\"potentialAction\":[{\"@type\":\"ReadAction\",\"target\":[\"https:\\\/\\\/www.laguiadepamplona.com\\\/actualidad\\\/la-exposicion-las-tres-fronteras-documenta-a-traves-de-65-fotografias-y-textos-explicativos-la-devastacion-por-el-conflicto-en-los-limites-entre-mali-burkina-faso-y-niger\\\/\"]}]},{\"@type\":\"ImageObject\",\"inLanguage\":\"es\",\"@id\":\"https:\\\/\\\/www.laguiadepamplona.com\\\/actualidad\\\/la-exposicion-las-tres-fronteras-documenta-a-traves-de-65-fotografias-y-textos-explicativos-la-devastacion-por-el-conflicto-en-los-limites-entre-mali-burkina-faso-y-niger\\\/#primaryimage\",\"url\":\"https:\\\/\\\/www.laguiadepamplona.com\\\/actualidad\\\/wp-content\\\/uploads\\\/2024\\\/11\\\/Expo-Condestable_web.webp\",\"contentUrl\":\"https:\\\/\\\/www.laguiadepamplona.com\\\/actualidad\\\/wp-content\\\/uploads\\\/2024\\\/11\\\/Expo-Condestable_web.webp\",\"width\":1000,\"height\":667,\"caption\":\"expo condestable\"},{\"@type\":\"BreadcrumbList\",\"@id\":\"https:\\\/\\\/www.laguiadepamplona.com\\\/actualidad\\\/la-exposicion-las-tres-fronteras-documenta-a-traves-de-65-fotografias-y-textos-explicativos-la-devastacion-por-el-conflicto-en-los-limites-entre-mali-burkina-faso-y-niger\\\/#breadcrumb\",\"itemListElement\":[{\"@type\":\"ListItem\",\"position\":1,\"name\":\"Portada\",\"item\":\"https:\\\/\\\/www.laguiadepamplona.com\\\/actualidad\\\/\"},{\"@type\":\"ListItem\",\"position\":2,\"name\":\"La exposici\u00f3n \u2018Las tres fronteras\u2019 documenta, a trav\u00e9s de 65 fotograf\u00edas y textos explicativos, la devastaci\u00f3n por el conflicto en los l\u00edmites entre Mali, Burkina Faso y N\u00edger\"}]},{\"@type\":\"WebSite\",\"@id\":\"https:\\\/\\\/www.laguiadepamplona.com\\\/actualidad\\\/#website\",\"url\":\"https:\\\/\\\/www.laguiadepamplona.com\\\/actualidad\\\/\",\"name\":\"La gu\u00eda de Pamplona\",\"description\":\"Noticias de Pamplona\",\"publisher\":{\"@id\":\"https:\\\/\\\/www.laguiadepamplona.com\\\/actualidad\\\/#organization\"},\"potentialAction\":[{\"@type\":\"SearchAction\",\"target\":{\"@type\":\"EntryPoint\",\"urlTemplate\":\"https:\\\/\\\/www.laguiadepamplona.com\\\/actualidad\\\/?s={search_term_string}\"},\"query-input\":{\"@type\":\"PropertyValueSpecification\",\"valueRequired\":true,\"valueName\":\"search_term_string\"}}],\"inLanguage\":\"es\"},{\"@type\":\"Organization\",\"@id\":\"https:\\\/\\\/www.laguiadepamplona.com\\\/actualidad\\\/#organization\",\"name\":\"La Gu\u00eda de Pamplona \\\/ Noticias\",\"url\":\"https:\\\/\\\/www.laguiadepamplona.com\\\/actualidad\\\/\",\"logo\":{\"@type\":\"ImageObject\",\"inLanguage\":\"es\",\"@id\":\"https:\\\/\\\/www.laguiadepamplona.com\\\/actualidad\\\/#\\\/schema\\\/logo\\\/image\\\/\",\"url\":\"https:\\\/\\\/www.laguiadepamplona.com\\\/actualidad\\\/wp-content\\\/uploads\\\/2018\\\/11\\\/logo-laguiadepamplona18-web1.png\",\"contentUrl\":\"https:\\\/\\\/www.laguiadepamplona.com\\\/actualidad\\\/wp-content\\\/uploads\\\/2018\\\/11\\\/logo-laguiadepamplona18-web1.png\",\"width\":600,\"height\":196,\"caption\":\"La Gu\u00eda de Pamplona \\\/ Noticias\"},\"image\":{\"@id\":\"https:\\\/\\\/www.laguiadepamplona.com\\\/actualidad\\\/#\\\/schema\\\/logo\\\/image\\\/\"},\"sameAs\":[\"https:\\\/\\\/www.facebook.com\\\/laguiadepamplonacom-133175176762273\\\/?ref=hl\",\"https:\\\/\\\/x.com\\\/LaGuiadPamplona\",\"https:\\\/\\\/www.instagram.com\\\/la_guia_de_pamplona\\\/\",\"https:\\\/\\\/www.youtube.com\\\/user\\\/laguiadepamplona\"]},{\"@type\":\"Person\",\"@id\":\"https:\\\/\\\/www.laguiadepamplona.com\\\/actualidad\\\/#\\\/schema\\\/person\\\/efe887376f0213d4657c93adc50b1fdb\",\"name\":\"La Gu\u00eda de Pamplona\",\"image\":{\"@type\":\"ImageObject\",\"inLanguage\":\"es\",\"@id\":\"https:\\\/\\\/secure.gravatar.com\\\/avatar\\\/b6992f131dc8d30ab0dff15446e9d346d9dbd95992de0fef795073f5ea83a81c?s=96&d=mm&r=g\",\"url\":\"https:\\\/\\\/secure.gravatar.com\\\/avatar\\\/b6992f131dc8d30ab0dff15446e9d346d9dbd95992de0fef795073f5ea83a81c?s=96&d=mm&r=g\",\"contentUrl\":\"https:\\\/\\\/secure.gravatar.com\\\/avatar\\\/b6992f131dc8d30ab0dff15446e9d346d9dbd95992de0fef795073f5ea83a81c?s=96&d=mm&r=g\",\"caption\":\"La Gu\u00eda de Pamplona\"}}]}<\/script>\n<!-- \/ Yoast SEO plugin. -->","yoast_head_json":{"title":"La exposici\u00f3n \u2018Las tres fronteras\u2019 documenta, a trav\u00e9s de 65 fotograf\u00edas y textos explicativos, la devastaci\u00f3n por el conflicto en los l\u00edmites entre Mali, Burkina Faso y N\u00edger","description":"El Palacio del Condestable acoge la muestra, hasta el 11 de enero de 2025, dentro de las actividades programadas en el ciclo \u00c1frica...","robots":{"index":"index","follow":"follow","max-snippet":"max-snippet:-1","max-image-preview":"max-image-preview:large","max-video-preview":"max-video-preview:-1"},"canonical":"https:\/\/www.laguiadepamplona.com\/actualidad\/la-exposicion-las-tres-fronteras-documenta-a-traves-de-65-fotografias-y-textos-explicativos-la-devastacion-por-el-conflicto-en-los-limites-entre-mali-burkina-faso-y-niger\/","og_locale":"es_ES","og_type":"article","og_title":"La exposici\u00f3n \u2018Las tres fronteras\u2019 documenta, a trav\u00e9s de 65 fotograf\u00edas y textos explicativos, la devastaci\u00f3n por el conflicto en los l\u00edmites entre Mali, Burkina Faso y N\u00edger","og_description":"El Palacio del Condestable acoge la muestra, hasta el 11 de enero de 2025, dentro de las actividades programadas en el ciclo \u00c1frica...","og_url":"https:\/\/www.laguiadepamplona.com\/actualidad\/la-exposicion-las-tres-fronteras-documenta-a-traves-de-65-fotografias-y-textos-explicativos-la-devastacion-por-el-conflicto-en-los-limites-entre-mali-burkina-faso-y-niger\/","og_site_name":"La Gu\u00eda de Pamplona","article_publisher":"https:\/\/www.facebook.com\/laguiadepamplonacom-133175176762273\/?ref=hl","article_published_time":"2024-11-08T11:12:36+00:00","og_image":[{"width":1000,"height":667,"url":"https:\/\/www.laguiadepamplona.com\/actualidad\/wp-content\/uploads\/2024\/11\/Expo-Condestable_web.webp","type":"image\/webp"}],"author":"La Gu\u00eda de Pamplona","twitter_card":"summary_large_image","twitter_creator":"@LaGuiadPamplona","twitter_site":"@LaGuiadPamplona","twitter_misc":{"Escrito por":"La Gu\u00eda de Pamplona","Tiempo de lectura":"3 minutos"},"schema":{"@context":"https:\/\/schema.org","@graph":[{"@type":"Article","@id":"https:\/\/www.laguiadepamplona.com\/actualidad\/la-exposicion-las-tres-fronteras-documenta-a-traves-de-65-fotografias-y-textos-explicativos-la-devastacion-por-el-conflicto-en-los-limites-entre-mali-burkina-faso-y-niger\/#article","isPartOf":{"@id":"https:\/\/www.laguiadepamplona.com\/actualidad\/la-exposicion-las-tres-fronteras-documenta-a-traves-de-65-fotografias-y-textos-explicativos-la-devastacion-por-el-conflicto-en-los-limites-entre-mali-burkina-faso-y-niger\/"},"author":{"name":"La Gu\u00eda de Pamplona","@id":"https:\/\/www.laguiadepamplona.com\/actualidad\/#\/schema\/person\/efe887376f0213d4657c93adc50b1fdb"},"headline":"La exposici\u00f3n \u2018Las tres fronteras\u2019 documenta, a trav\u00e9s de 65 fotograf\u00edas y textos explicativos, la devastaci\u00f3n por el conflicto en los l\u00edmites entre Mali, Burkina Faso y N\u00edger","datePublished":"2024-11-08T11:12:36+00:00","mainEntityOfPage":{"@id":"https:\/\/www.laguiadepamplona.com\/actualidad\/la-exposicion-las-tres-fronteras-documenta-a-traves-de-65-fotografias-y-textos-explicativos-la-devastacion-por-el-conflicto-en-los-limites-entre-mali-burkina-faso-y-niger\/"},"wordCount":616,"commentCount":0,"publisher":{"@id":"https:\/\/www.laguiadepamplona.com\/actualidad\/#organization"},"image":{"@id":"https:\/\/www.laguiadepamplona.com\/actualidad\/la-exposicion-las-tres-fronteras-documenta-a-traves-de-65-fotografias-y-textos-explicativos-la-devastacion-por-el-conflicto-en-los-limites-entre-mali-burkina-faso-y-niger\/#primaryimage"},"thumbnailUrl":"https:\/\/www.laguiadepamplona.com\/actualidad\/wp-content\/uploads\/2024\/11\/Expo-Condestable_web.webp","articleSection":["Ayto Pamplona"],"inLanguage":"es","potentialAction":[{"@type":"CommentAction","name":"Comment","target":["https:\/\/www.laguiadepamplona.com\/actualidad\/la-exposicion-las-tres-fronteras-documenta-a-traves-de-65-fotografias-y-textos-explicativos-la-devastacion-por-el-conflicto-en-los-limites-entre-mali-burkina-faso-y-niger\/#respond"]}]},{"@type":"WebPage","@id":"https:\/\/www.laguiadepamplona.com\/actualidad\/la-exposicion-las-tres-fronteras-documenta-a-traves-de-65-fotografias-y-textos-explicativos-la-devastacion-por-el-conflicto-en-los-limites-entre-mali-burkina-faso-y-niger\/","url":"https:\/\/www.laguiadepamplona.com\/actualidad\/la-exposicion-las-tres-fronteras-documenta-a-traves-de-65-fotografias-y-textos-explicativos-la-devastacion-por-el-conflicto-en-los-limites-entre-mali-burkina-faso-y-niger\/","name":"La exposici\u00f3n \u2018Las tres fronteras\u2019 documenta, a trav\u00e9s de 65 fotograf\u00edas y textos explicativos, la devastaci\u00f3n por el conflicto en los l\u00edmites entre Mali, Burkina Faso y N\u00edger","isPartOf":{"@id":"https:\/\/www.laguiadepamplona.com\/actualidad\/#website"},"primaryImageOfPage":{"@id":"https:\/\/www.laguiadepamplona.com\/actualidad\/la-exposicion-las-tres-fronteras-documenta-a-traves-de-65-fotografias-y-textos-explicativos-la-devastacion-por-el-conflicto-en-los-limites-entre-mali-burkina-faso-y-niger\/#primaryimage"},"image":{"@id":"https:\/\/www.laguiadepamplona.com\/actualidad\/la-exposicion-las-tres-fronteras-documenta-a-traves-de-65-fotografias-y-textos-explicativos-la-devastacion-por-el-conflicto-en-los-limites-entre-mali-burkina-faso-y-niger\/#primaryimage"},"thumbnailUrl":"https:\/\/www.laguiadepamplona.com\/actualidad\/wp-content\/uploads\/2024\/11\/Expo-Condestable_web.webp","datePublished":"2024-11-08T11:12:36+00:00","description":"El Palacio del Condestable acoge la muestra, hasta el 11 de enero de 2025, dentro de las actividades programadas en el ciclo \u00c1frica...","breadcrumb":{"@id":"https:\/\/www.laguiadepamplona.com\/actualidad\/la-exposicion-las-tres-fronteras-documenta-a-traves-de-65-fotografias-y-textos-explicativos-la-devastacion-por-el-conflicto-en-los-limites-entre-mali-burkina-faso-y-niger\/#breadcrumb"},"inLanguage":"es","potentialAction":[{"@type":"ReadAction","target":["https:\/\/www.laguiadepamplona.com\/actualidad\/la-exposicion-las-tres-fronteras-documenta-a-traves-de-65-fotografias-y-textos-explicativos-la-devastacion-por-el-conflicto-en-los-limites-entre-mali-burkina-faso-y-niger\/"]}]},{"@type":"ImageObject","inLanguage":"es","@id":"https:\/\/www.laguiadepamplona.com\/actualidad\/la-exposicion-las-tres-fronteras-documenta-a-traves-de-65-fotografias-y-textos-explicativos-la-devastacion-por-el-conflicto-en-los-limites-entre-mali-burkina-faso-y-niger\/#primaryimage","url":"https:\/\/www.laguiadepamplona.com\/actualidad\/wp-content\/uploads\/2024\/11\/Expo-Condestable_web.webp","contentUrl":"https:\/\/www.laguiadepamplona.com\/actualidad\/wp-content\/uploads\/2024\/11\/Expo-Condestable_web.webp","width":1000,"height":667,"caption":"expo condestable"},{"@type":"BreadcrumbList","@id":"https:\/\/www.laguiadepamplona.com\/actualidad\/la-exposicion-las-tres-fronteras-documenta-a-traves-de-65-fotografias-y-textos-explicativos-la-devastacion-por-el-conflicto-en-los-limites-entre-mali-burkina-faso-y-niger\/#breadcrumb","itemListElement":[{"@type":"ListItem","position":1,"name":"Portada","item":"https:\/\/www.laguiadepamplona.com\/actualidad\/"},{"@type":"ListItem","position":2,"name":"La exposici\u00f3n \u2018Las tres fronteras\u2019 documenta, a trav\u00e9s de 65 fotograf\u00edas y textos explicativos, la devastaci\u00f3n por el conflicto en los l\u00edmites entre Mali, Burkina Faso y N\u00edger"}]},{"@type":"WebSite","@id":"https:\/\/www.laguiadepamplona.com\/actualidad\/#website","url":"https:\/\/www.laguiadepamplona.com\/actualidad\/","name":"La gu\u00eda de Pamplona","description":"Noticias de Pamplona","publisher":{"@id":"https:\/\/www.laguiadepamplona.com\/actualidad\/#organization"},"potentialAction":[{"@type":"SearchAction","target":{"@type":"EntryPoint","urlTemplate":"https:\/\/www.laguiadepamplona.com\/actualidad\/?s={search_term_string}"},"query-input":{"@type":"PropertyValueSpecification","valueRequired":true,"valueName":"search_term_string"}}],"inLanguage":"es"},{"@type":"Organization","@id":"https:\/\/www.laguiadepamplona.com\/actualidad\/#organization","name":"La Gu\u00eda de Pamplona \/ Noticias","url":"https:\/\/www.laguiadepamplona.com\/actualidad\/","logo":{"@type":"ImageObject","inLanguage":"es","@id":"https:\/\/www.laguiadepamplona.com\/actualidad\/#\/schema\/logo\/image\/","url":"https:\/\/www.laguiadepamplona.com\/actualidad\/wp-content\/uploads\/2018\/11\/logo-laguiadepamplona18-web1.png","contentUrl":"https:\/\/www.laguiadepamplona.com\/actualidad\/wp-content\/uploads\/2018\/11\/logo-laguiadepamplona18-web1.png","width":600,"height":196,"caption":"La Gu\u00eda de Pamplona \/ Noticias"},"image":{"@id":"https:\/\/www.laguiadepamplona.com\/actualidad\/#\/schema\/logo\/image\/"},"sameAs":["https:\/\/www.facebook.com\/laguiadepamplonacom-133175176762273\/?ref=hl","https:\/\/x.com\/LaGuiadPamplona","https:\/\/www.instagram.com\/la_guia_de_pamplona\/","https:\/\/www.youtube.com\/user\/laguiadepamplona"]},{"@type":"Person","@id":"https:\/\/www.laguiadepamplona.com\/actualidad\/#\/schema\/person\/efe887376f0213d4657c93adc50b1fdb","name":"La Gu\u00eda de Pamplona","image":{"@type":"ImageObject","inLanguage":"es","@id":"https:\/\/secure.gravatar.com\/avatar\/b6992f131dc8d30ab0dff15446e9d346d9dbd95992de0fef795073f5ea83a81c?s=96&d=mm&r=g","url":"https:\/\/secure.gravatar.com\/avatar\/b6992f131dc8d30ab0dff15446e9d346d9dbd95992de0fef795073f5ea83a81c?s=96&d=mm&r=g","contentUrl":"https:\/\/secure.gravatar.com\/avatar\/b6992f131dc8d30ab0dff15446e9d346d9dbd95992de0fef795073f5ea83a81c?s=96&d=mm&r=g","caption":"La Gu\u00eda de Pamplona"}}]}},"post_mailing_queue_ids":[],"_links":{"self":[{"href":"https:\/\/www.laguiadepamplona.com\/actualidad\/wp-json\/wp\/v2\/posts\/51243","targetHints":{"allow":["GET"]}}],"collection":[{"href":"https:\/\/www.laguiadepamplona.com\/actualidad\/wp-json\/wp\/v2\/posts"}],"about":[{"href":"https:\/\/www.laguiadepamplona.com\/actualidad\/wp-json\/wp\/v2\/types\/post"}],"author":[{"embeddable":true,"href":"https:\/\/www.laguiadepamplona.com\/actualidad\/wp-json\/wp\/v2\/users\/1"}],"replies":[{"embeddable":true,"href":"https:\/\/www.laguiadepamplona.com\/actualidad\/wp-json\/wp\/v2\/comments?post=51243"}],"version-history":[{"count":1,"href":"https:\/\/www.laguiadepamplona.com\/actualidad\/wp-json\/wp\/v2\/posts\/51243\/revisions"}],"predecessor-version":[{"id":51245,"href":"https:\/\/www.laguiadepamplona.com\/actualidad\/wp-json\/wp\/v2\/posts\/51243\/revisions\/51245"}],"wp:featuredmedia":[{"embeddable":true,"href":"https:\/\/www.laguiadepamplona.com\/actualidad\/wp-json\/wp\/v2\/media\/51244"}],"wp:attachment":[{"href":"https:\/\/www.laguiadepamplona.com\/actualidad\/wp-json\/wp\/v2\/media?parent=51243"}],"wp:term":[{"taxonomy":"category","embeddable":true,"href":"https:\/\/www.laguiadepamplona.com\/actualidad\/wp-json\/wp\/v2\/categories?post=51243"},{"taxonomy":"post_tag","embeddable":true,"href":"https:\/\/www.laguiadepamplona.com\/actualidad\/wp-json\/wp\/v2\/tags?post=51243"}],"curies":[{"name":"wp","href":"https:\/\/api.w.org\/{rel}","templated":true}]}}