{"id":51238,"date":"2024-11-07T14:04:59","date_gmt":"2024-11-07T12:04:59","guid":{"rendered":"https:\/\/www.laguiadepamplona.com\/actualidad\/?p=51238"},"modified":"2024-11-07T14:04:59","modified_gmt":"2024-11-07T12:04:59","slug":"propuesta-de-actividades-organizadas-por-el-ayuntamiento-de-pamplona-del-8-al-11-de-noviembre-con-plazas-libres","status":"publish","type":"post","link":"https:\/\/www.laguiadepamplona.com\/actualidad\/propuesta-de-actividades-organizadas-por-el-ayuntamiento-de-pamplona-del-8-al-11-de-noviembre-con-plazas-libres\/","title":{"rendered":"Propuesta de actividades organizadas por el Ayuntamiento de Pamplona del 8 al 11 de noviembre con plazas libres"},"content":{"rendered":"<p><!--more--><\/p>\n<p><strong>VIERNES 8 DE NOVIEMBRE<\/strong><\/p>\n<p><a href=\"https:\/\/www.pamplona.es\/actualidad\/eventos\/club-de-cine-proyeccion-adios-muchachos-de-louis-malle-biblioteca-publica-de\">Club de cine Milagrosa \u2013 Arrosad\u00eda. Proyecci\u00f3n cinematogr\u00e1fica. \u2018Adi\u00f3s, muchachos\u2019, de Louis Malle. Biblioteca P\u00fablica de Milagrosa, 17 horas. Inscripci\u00f3n previa en la propia biblioteca, el tel\u00e9fono 948 24 54 60 o en<\/a> <a href=\"mailto:biblimil@navarra.es\">biblimil@navarra.es<\/a><\/p>\n<p>Francia, 1943, en plena ocupaci\u00f3n nazi, dentro de un internado cat\u00f3lico para chicos. Bonnet, un muchacho de 13 a\u00f1os, acaba de ingresar en el colegio, y Juli\u00e1n queda impresionado por la personalidad arrebatadora de su nuevo compa\u00f1ero de clase.<\/p>\n<p>&nbsp;<\/p>\n<p><a href=\"pamplona.es\/actualidad\/eventos\/cafeteando-juegos-de-mesa-casa-de-la-juventud-2\">#Cafeteando. Juegos de mesa. Casa de la Juventud, 18.30 horas. Entrada libre, hasta completar el aforo<\/a><\/p>\n<p>Tarde de juegos de mesa para acabar la semana en la Casa de la Juventud. Se jugar\u00e1n diferentes partidas para pasar un buen rato.<\/p>\n<p>&nbsp;<\/p>\n<p><a href=\"https:\/\/www.pamplona.es\/actualidad\/eventos\/record-arte-proyeccion-de-cortometrajes-civivox-condestable\">Record-arte. Proyecci\u00f3n de cortometrajes. Civivox Condestable, 19 horas. Entrada libre, previa inscripci\u00f3n en el 010, la red Civivox o<\/a> <a href=\"http:\/\/www.pamplonaescultura.es\">www.pamplonaescultura.es<\/a><\/p>\n<p>Proyecci\u00f3n de dos cortometrajes que versan sobre la muerte y el duelo con posterior an\u00e1lisis y coloquio entre el equipo de la entidad, parte del equipo de la pel\u00edcula y las personas asistentes. Se podr\u00e1 ver \u2018Abril se fue en noviembre\u2019, de Rosa Cabrera D\u00edez, y \u2018El camino de Nerea\u2019, de Mercedes Aranguren.<\/p>\n<p>&nbsp;<\/p>\n<p><a href=\"https:\/\/www.pamplona.es\/actualidad\/eventos\/africa-imprescindible-dialogo-migraciones-africanas-un-continente-en-ebullicion\">\u00c1frica Imprescindible. Actividades en torno a la exposici\u00f3n \u2018Las tres fronteras\u2019. Di\u00e1logo. \u2018Migraciones africanas, un continente en ebullici\u00f3n\u2019. Civivox Condestable, 19.30 horas. Entrada libre, hasta completar el aforo<\/a><\/p>\n<p>Charla-coloquio sobre las migraciones en la ruta atl\u00e1ntica, en especial, en Mauritania y Senegal. Intervienen Jos\u00e9 Naranjo (periodista corresponsal de \u00c1frica occidental colaborador de El Pa\u00eds) y Javier Usoz (\u00c1frica Imprescindible Navarra). En esta charla se discutir\u00e1 la imposibilidad estructural para la juventud africana de alcanzar sus sue\u00f1os, centr\u00e1ndose en Mauritania y Senegal. A pesar de algunos avances, el continente enfrenta conflictos, especialmente por el cambio clim\u00e1tico. Se abordar\u00e1n los flujos migratorios en la ruta atl\u00e1ntica.<\/p>\n<p>&nbsp;<\/p>\n<p><a href=\"https:\/\/www.pamplona.es\/actualidad\/eventos\/teatro-ezkaba-de-iluna-producciones-centro-comunitario-salesianas\">Ciclo de teatro en Txantrea. Teatro. \u2018Ezkaba\u2019, de Iluna Producciones. Centro Comunitario Salesianas, 20 horas. Entrada libre, hasta completar el aforo<\/a><\/p>\n<p>La Comisi\u00f3n de Fiestas de Txantrea ha organizado un\u00a0<strong>ciclo de teatro<\/strong>\u00a0para varias tardes de octubre a noviembre. Las funciones se representar\u00e1n el 4 y 19 de octubre y el 8 y el 22 de noviembre en el auditorio de Salesianas. Este viernes ser\u00e1 el turno de Iluna Producciones con la obra \u2018Ezkaba\u2019.<\/p>\n<p>&nbsp;<\/p>\n<p><a href=\"http:\/\/www.pamplona.es\/actualidad\/eventos\/xxvi-muestra-de-teatro-de-aqui-si-la-vida-te-da-limones-de-la-barberia-civivox\">XXVI Muestra de Teatro de Aqu\u00ed. Teatro. \u2018Si la vida te da limones\u2026\u2019, de La Barber\u00eda. Civivox Iturrama, 20 horas. Entrada libre, previa inscripci\u00f3n en el 010, la red Civivox o<\/a> <a href=\"http:\/\/www.pamplonaescultura.es\">www.pamplonaescultura.es<\/a><\/p>\n<p>En un futuro dist\u00f3pico, una ley impone un l\u00edmite a la cantidad de palabras que cada persona puede usar diariamente. A trav\u00e9s de escenas de humor, ternura y desesperaci\u00f3n, una pareja busca aceptar esta nueva situaci\u00f3n mientras cuestionan el poder del lenguaje y la necesidad humana de conectar.<\/p>\n<p>&nbsp;<\/p>\n<p><strong>S\u00c1BADO 9 DE NOVIEMBRE<\/strong><\/p>\n<p><strong><a href=\"https:\/\/www.pamplona.es\/actualidad\/eventos\/de-par-de-manana-taller-carteras-de-fieltro-casa-de-la-juventud\">De par de ma\u00f1ana. Taller. Carteras con fieltro. Casa de la Juventud, 11.30 horas. Entrada libre, hasta completar el aforo<\/a><\/strong><\/p>\n<p><strong>La ma\u00f1ana del s\u00e1bado se dedicar\u00e1 a la elaboraci\u00f3n de carteras con fieltro. Un taller de manualidades dirigido a j\u00f3venes que quieran demostrar su arte.<\/strong><\/p>\n<p><strong>\u00a0<\/strong><\/p>\n<p><strong><a href=\"https:\/\/www.pamplona.es\/actualidad\/eventos\/confluencias-miradas-hacia-otras-disciplinas-podcast-feminista-cultural\">Confluencias: miradas hacia otras disciplinas. Realizaci\u00f3n de podcast feminista cultural. Sala de Armas de la Ciudadela, 12 horas. Entrada libre, hasta completar aforo<\/a><\/strong><\/p>\n<p>Realizaci\u00f3n en directo del podcast feminista cultural \u2018Ciberlocutorio\u2019, de Anna Pacheco y Andrea Gumes. Ambas mujeres abordan en este podcast interminable sus obsesiones, miedos y otros l\u00edos. A veces solas y otras acompa\u00f1adas.<\/p>\n<p>&nbsp;<\/p>\n<p><strong><a href=\"pamplona.es\/actualidad\/eventos\/media-tarde-juegos-de-habilidad-casa-de-la-juventud\">A media tarde. Juegos de habilidad. Casa de la Juventud, 17.30 horas. Entrada libre, hasta completar el aforo<\/a><\/strong><\/p>\n<p>La Casa de la Juventud programa para la tarde del s\u00e1bado un rato de juegos de habilidad para demostrar la destreza de quienes participen en los distintos retos que se propongan.<\/p>\n<p>&nbsp;<\/p>\n<p><a href=\"https:\/\/www.pamplona.es\/actualidad\/eventos\/cinetag-proyeccion-cinematografica-la-zona-de-interes-de-jonathan-glazer-casa-de\">#Cinetag. Proyecci\u00f3n cinematogr\u00e1fica. \u2018La zona de inter\u00e9s\u2019, de Jonathan Glazer. Casa de la Juventud, 18 horas. Entrada libre, hasta completar el aforo<\/a><\/p>\n<p>El comandante de Auschwitz Rudolf H\u00f6ss y su esposa Hedwig se esfuerzan en construir una vida de ensue\u00f1o para su familia en una casa con jard\u00edn cerca del campo. Tras la proyecci\u00f3n se llevar\u00e1 a cabo un coloquio en el que se analizar\u00e1n los tags Shoa, Banalidad, Crueldad, Familia, Guerra, Moralidad, Indiferencia, Supervivencia, Poder, Normalizaci\u00f3n.<\/p>\n<p>&nbsp;<\/p>\n<p><a href=\"https:\/\/www.pamplona.es\/actualidad\/eventos\/vi-ciclo-aditech-de-cine-y-ciencia-robot-dreams-de-pablo-berger-civivox\">VI Ciclo ADITECH de Cine y Ciencia. Proyecci\u00f3n cinematogr\u00e1fica. \u2018Robot Dreams\u2019, de Pablo Berger. Civivox Condestable, 19 horas. Entrada: 2 euros, previa inscripci\u00f3n en el 010, la red Civivox o<\/a> <a href=\"http:\/\/www.pamplonaescultura.es\">www.pamplonaescultura.es<\/a><\/p>\n<p>\u2018Robot Dreams\u2019 es una pel\u00edcula de producci\u00f3n hispanofrancesa escrita y dirigida por Pablo Berger en 2023. Una tragicomedia animada basada en el c\u00f3mic del mismo nombre de Sara Varon. Trata sobre la inseparable amistad entre un perro y un robot en el Manhattan de los a\u00f1os 1980. En el coloquio posterior participar\u00e1 personal investigador del Sistema Navarro de I+D+i \u2013 SINAI.<\/p>\n<p>&nbsp;<\/p>\n<p><a href=\"https:\/\/www.pamplona.es\/actualidad\/eventos\/xxvi-muestra-de-teatro-de-aqui-distopia-en-practicas-merceria-mercedes-de-en-la\">XXVI Muestra de Teatro de Aqu\u00ed. Teatro. \u2018Distop\u00eda en pr\u00e1cticas: Mercer\u00eda Mercedes\u2019, de En la Ch\u00e1cena. Civivox San Jorge, 20 horas. Entrada libre, previa inscripci\u00f3n en el 010, la red Civivox o<\/a> <a href=\"http:\/\/www.pamplonaescultura.es\">www.pamplonaescultura.es<\/a><\/p>\n<p>Dentro de no mucho tiempo y en una NeoEspa\u00d1ia no muy lejana, nacer\u00e1 un nuevo orden que sumir\u00e1 nuestra sociedad en una distop\u00eda. En el Casco Viejo de Pamplona, capital del NeoReino, la Mercer\u00eda Mercedes conmemora su 150\u00ba aniversario, pero la celebraci\u00f3n se ve truncada por un delito. \u00bfQu\u00e9 hacen una monja, un cura, una pareja de Guardias Civiles y dos periodistas en una mercer\u00eda? No es un chiste, es una distop\u00eda en pr\u00e1cticas.<\/p>\n<p>&nbsp;<\/p>\n<p><strong>DOMINGO 10 DE NOVIEMBRE<\/strong><\/p>\n<p><a href=\"https:\/\/www.pamplona.es\/actualidad\/eventos\/xxvi-muestra-de-teatro-de-aqui-teatro-garfio-de-speculum-vitae-civivox-iturrama\">XXVI Muestra de Teatro de Aqu\u00ed. Teatro. \u2018Pancreas\u2019, de Camino Esc\u00e9nico. Civivox Mendillorri, 20 horas. Entrada libre, previa inscripci\u00f3n en el 010, la red Civivox o<\/a> <a href=\"http:\/\/www.pamplonaescultura.es\">www.pamplonaescultura.es<\/a><\/p>\n<p>Tres amigos se re\u00fanen una noche para cenar. Javilo, el anfitri\u00f3n, sufre una enfermedad fatal, una pancreatitis aguda de pron\u00f3stico letal. Ra\u00fal, con cincuenta y nueve, se quiere suicidar. Cesar ha urdido una idea para la trama arreglar. En esta tr\u00e1gica comedia, \u00bfqu\u00e9 puede salir mal?<\/p>\n<p><strong>\u00a0<\/strong><\/p>\n<p><strong>LUNES 11 DE NOVIEMBRE<\/strong><\/p>\n<p><a href=\"https:\/\/www.pamplona.es\/actualidad\/eventos\/record-arte-visitas-guiadas-las-exposiciones-civivox-condestable\">Record-arte. Visitas guiadas a las exposiciones del ciclo Record-arte. Civivox Condestable, 18 horas (euskera) y 19.15 horas (castellano). Entrada libre, previa inscripci\u00f3n en el tel\u00e9fono 010, la red Civivox o<\/a> <a href=\"http:\/\/www.pamplonaescultura.es\">www.pamplonaescultura.es<\/a><\/p>\n<p>Visita a la exposici\u00f3n fotogr\u00e1fica de duelo gestacional, perinatal y neonatal; a la colecci\u00f3n de collage \u2018Apparition\u2019, con obras tratan el universo del duelo; y a la muestra \u201972 kilos\u2019, que da una visi\u00f3n de un camino necesario, complicado y solitario que podemos realizar en compa\u00f1\u00eda y esperanza. El ciclo Record-arte est\u00e1 organizado por la asociaci\u00f3n Goizargi en colaboraci\u00f3n con el Ayuntamiento de Pamplona.<\/p>\n","protected":false},"excerpt":{"rendered":"","protected":false},"author":1,"featured_media":48503,"comment_status":"open","ping_status":"closed","sticky":false,"template":"","format":"standard","meta":{"footnotes":""},"categories":[2],"tags":[],"class_list":["post-51238","post","type-post","status-publish","format-standard","has-post-thumbnail","hentry","category-ayuntamiento-pamplona"],"yoast_head":"<!-- This site is optimized with the Yoast SEO plugin v27.3 - https:\/\/yoast.com\/product\/yoast-seo-wordpress\/ -->\n<title>Propuesta de actividades organizadas por el Ayuntamiento de Pamplona del 8 al 11 de noviembre con plazas libres<\/title>\n<meta name=\"robots\" content=\"index, follow, max-snippet:-1, max-image-preview:large, max-video-preview:-1\" \/>\n<link rel=\"canonical\" href=\"https:\/\/www.laguiadepamplona.com\/actualidad\/propuesta-de-actividades-organizadas-por-el-ayuntamiento-de-pamplona-del-8-al-11-de-noviembre-con-plazas-libres\/\" \/>\n<meta property=\"og:locale\" content=\"es_ES\" \/>\n<meta property=\"og:type\" content=\"article\" \/>\n<meta property=\"og:title\" content=\"Propuesta de actividades organizadas por el Ayuntamiento de Pamplona del 8 al 11 de noviembre con plazas libres\" \/>\n<meta property=\"og:url\" content=\"https:\/\/www.laguiadepamplona.com\/actualidad\/propuesta-de-actividades-organizadas-por-el-ayuntamiento-de-pamplona-del-8-al-11-de-noviembre-con-plazas-libres\/\" \/>\n<meta property=\"og:site_name\" content=\"La Gu\u00eda de Pamplona\" \/>\n<meta property=\"article:publisher\" content=\"https:\/\/www.facebook.com\/laguiadepamplonacom-133175176762273\/?ref=hl\" \/>\n<meta property=\"article:published_time\" content=\"2024-11-07T12:04:59+00:00\" \/>\n<meta property=\"og:image\" content=\"https:\/\/www.laguiadepamplona.com\/actualidad\/wp-content\/uploads\/2024\/01\/ayuntamiento-pamplona.webp\" \/>\n\t<meta property=\"og:image:width\" content=\"1200\" \/>\n\t<meta property=\"og:image:height\" content=\"675\" \/>\n\t<meta property=\"og:image:type\" content=\"image\/webp\" \/>\n<meta name=\"author\" content=\"La Gu\u00eda de Pamplona\" \/>\n<meta name=\"twitter:card\" content=\"summary_large_image\" \/>\n<meta name=\"twitter:creator\" content=\"@LaGuiadPamplona\" \/>\n<meta name=\"twitter:site\" content=\"@LaGuiadPamplona\" \/>\n<meta name=\"twitter:label1\" content=\"Escrito por\" \/>\n\t<meta name=\"twitter:data1\" content=\"La Gu\u00eda de Pamplona\" \/>\n\t<meta name=\"twitter:label2\" content=\"Tiempo de lectura\" \/>\n\t<meta name=\"twitter:data2\" content=\"5 minutos\" \/>\n<script type=\"application\/ld+json\" class=\"yoast-schema-graph\">{\"@context\":\"https:\\\/\\\/schema.org\",\"@graph\":[{\"@type\":\"Article\",\"@id\":\"https:\\\/\\\/www.laguiadepamplona.com\\\/actualidad\\\/propuesta-de-actividades-organizadas-por-el-ayuntamiento-de-pamplona-del-8-al-11-de-noviembre-con-plazas-libres\\\/#article\",\"isPartOf\":{\"@id\":\"https:\\\/\\\/www.laguiadepamplona.com\\\/actualidad\\\/propuesta-de-actividades-organizadas-por-el-ayuntamiento-de-pamplona-del-8-al-11-de-noviembre-con-plazas-libres\\\/\"},\"author\":{\"name\":\"La Gu\u00eda de Pamplona\",\"@id\":\"https:\\\/\\\/www.laguiadepamplona.com\\\/actualidad\\\/#\\\/schema\\\/person\\\/efe887376f0213d4657c93adc50b1fdb\"},\"headline\":\"Propuesta de actividades organizadas por el Ayuntamiento de Pamplona del 8 al 11 de noviembre con plazas libres\",\"datePublished\":\"2024-11-07T12:04:59+00:00\",\"mainEntityOfPage\":{\"@id\":\"https:\\\/\\\/www.laguiadepamplona.com\\\/actualidad\\\/propuesta-de-actividades-organizadas-por-el-ayuntamiento-de-pamplona-del-8-al-11-de-noviembre-con-plazas-libres\\\/\"},\"wordCount\":1149,\"commentCount\":0,\"publisher\":{\"@id\":\"https:\\\/\\\/www.laguiadepamplona.com\\\/actualidad\\\/#organization\"},\"image\":{\"@id\":\"https:\\\/\\\/www.laguiadepamplona.com\\\/actualidad\\\/propuesta-de-actividades-organizadas-por-el-ayuntamiento-de-pamplona-del-8-al-11-de-noviembre-con-plazas-libres\\\/#primaryimage\"},\"thumbnailUrl\":\"https:\\\/\\\/www.laguiadepamplona.com\\\/actualidad\\\/wp-content\\\/uploads\\\/2024\\\/01\\\/ayuntamiento-pamplona.webp\",\"articleSection\":[\"Ayto Pamplona\"],\"inLanguage\":\"es\",\"potentialAction\":[{\"@type\":\"CommentAction\",\"name\":\"Comment\",\"target\":[\"https:\\\/\\\/www.laguiadepamplona.com\\\/actualidad\\\/propuesta-de-actividades-organizadas-por-el-ayuntamiento-de-pamplona-del-8-al-11-de-noviembre-con-plazas-libres\\\/#respond\"]}]},{\"@type\":\"WebPage\",\"@id\":\"https:\\\/\\\/www.laguiadepamplona.com\\\/actualidad\\\/propuesta-de-actividades-organizadas-por-el-ayuntamiento-de-pamplona-del-8-al-11-de-noviembre-con-plazas-libres\\\/\",\"url\":\"https:\\\/\\\/www.laguiadepamplona.com\\\/actualidad\\\/propuesta-de-actividades-organizadas-por-el-ayuntamiento-de-pamplona-del-8-al-11-de-noviembre-con-plazas-libres\\\/\",\"name\":\"Propuesta de actividades organizadas por el Ayuntamiento de Pamplona del 8 al 11 de noviembre con plazas libres\",\"isPartOf\":{\"@id\":\"https:\\\/\\\/www.laguiadepamplona.com\\\/actualidad\\\/#website\"},\"primaryImageOfPage\":{\"@id\":\"https:\\\/\\\/www.laguiadepamplona.com\\\/actualidad\\\/propuesta-de-actividades-organizadas-por-el-ayuntamiento-de-pamplona-del-8-al-11-de-noviembre-con-plazas-libres\\\/#primaryimage\"},\"image\":{\"@id\":\"https:\\\/\\\/www.laguiadepamplona.com\\\/actualidad\\\/propuesta-de-actividades-organizadas-por-el-ayuntamiento-de-pamplona-del-8-al-11-de-noviembre-con-plazas-libres\\\/#primaryimage\"},\"thumbnailUrl\":\"https:\\\/\\\/www.laguiadepamplona.com\\\/actualidad\\\/wp-content\\\/uploads\\\/2024\\\/01\\\/ayuntamiento-pamplona.webp\",\"datePublished\":\"2024-11-07T12:04:59+00:00\",\"breadcrumb\":{\"@id\":\"https:\\\/\\\/www.laguiadepamplona.com\\\/actualidad\\\/propuesta-de-actividades-organizadas-por-el-ayuntamiento-de-pamplona-del-8-al-11-de-noviembre-con-plazas-libres\\\/#breadcrumb\"},\"inLanguage\":\"es\",\"potentialAction\":[{\"@type\":\"ReadAction\",\"target\":[\"https:\\\/\\\/www.laguiadepamplona.com\\\/actualidad\\\/propuesta-de-actividades-organizadas-por-el-ayuntamiento-de-pamplona-del-8-al-11-de-noviembre-con-plazas-libres\\\/\"]}]},{\"@type\":\"ImageObject\",\"inLanguage\":\"es\",\"@id\":\"https:\\\/\\\/www.laguiadepamplona.com\\\/actualidad\\\/propuesta-de-actividades-organizadas-por-el-ayuntamiento-de-pamplona-del-8-al-11-de-noviembre-con-plazas-libres\\\/#primaryimage\",\"url\":\"https:\\\/\\\/www.laguiadepamplona.com\\\/actualidad\\\/wp-content\\\/uploads\\\/2024\\\/01\\\/ayuntamiento-pamplona.webp\",\"contentUrl\":\"https:\\\/\\\/www.laguiadepamplona.com\\\/actualidad\\\/wp-content\\\/uploads\\\/2024\\\/01\\\/ayuntamiento-pamplona.webp\",\"width\":1200,\"height\":675,\"caption\":\"ayuntamiento pamplona\"},{\"@type\":\"BreadcrumbList\",\"@id\":\"https:\\\/\\\/www.laguiadepamplona.com\\\/actualidad\\\/propuesta-de-actividades-organizadas-por-el-ayuntamiento-de-pamplona-del-8-al-11-de-noviembre-con-plazas-libres\\\/#breadcrumb\",\"itemListElement\":[{\"@type\":\"ListItem\",\"position\":1,\"name\":\"Portada\",\"item\":\"https:\\\/\\\/www.laguiadepamplona.com\\\/actualidad\\\/\"},{\"@type\":\"ListItem\",\"position\":2,\"name\":\"Propuesta de actividades organizadas por el Ayuntamiento de Pamplona del 8 al 11 de noviembre con plazas libres\"}]},{\"@type\":\"WebSite\",\"@id\":\"https:\\\/\\\/www.laguiadepamplona.com\\\/actualidad\\\/#website\",\"url\":\"https:\\\/\\\/www.laguiadepamplona.com\\\/actualidad\\\/\",\"name\":\"La gu\u00eda de Pamplona\",\"description\":\"Noticias de Pamplona\",\"publisher\":{\"@id\":\"https:\\\/\\\/www.laguiadepamplona.com\\\/actualidad\\\/#organization\"},\"potentialAction\":[{\"@type\":\"SearchAction\",\"target\":{\"@type\":\"EntryPoint\",\"urlTemplate\":\"https:\\\/\\\/www.laguiadepamplona.com\\\/actualidad\\\/?s={search_term_string}\"},\"query-input\":{\"@type\":\"PropertyValueSpecification\",\"valueRequired\":true,\"valueName\":\"search_term_string\"}}],\"inLanguage\":\"es\"},{\"@type\":\"Organization\",\"@id\":\"https:\\\/\\\/www.laguiadepamplona.com\\\/actualidad\\\/#organization\",\"name\":\"La Gu\u00eda de Pamplona \\\/ Noticias\",\"url\":\"https:\\\/\\\/www.laguiadepamplona.com\\\/actualidad\\\/\",\"logo\":{\"@type\":\"ImageObject\",\"inLanguage\":\"es\",\"@id\":\"https:\\\/\\\/www.laguiadepamplona.com\\\/actualidad\\\/#\\\/schema\\\/logo\\\/image\\\/\",\"url\":\"https:\\\/\\\/www.laguiadepamplona.com\\\/actualidad\\\/wp-content\\\/uploads\\\/2018\\\/11\\\/logo-laguiadepamplona18-web1.png\",\"contentUrl\":\"https:\\\/\\\/www.laguiadepamplona.com\\\/actualidad\\\/wp-content\\\/uploads\\\/2018\\\/11\\\/logo-laguiadepamplona18-web1.png\",\"width\":600,\"height\":196,\"caption\":\"La Gu\u00eda de Pamplona \\\/ Noticias\"},\"image\":{\"@id\":\"https:\\\/\\\/www.laguiadepamplona.com\\\/actualidad\\\/#\\\/schema\\\/logo\\\/image\\\/\"},\"sameAs\":[\"https:\\\/\\\/www.facebook.com\\\/laguiadepamplonacom-133175176762273\\\/?ref=hl\",\"https:\\\/\\\/x.com\\\/LaGuiadPamplona\",\"https:\\\/\\\/www.instagram.com\\\/la_guia_de_pamplona\\\/\",\"https:\\\/\\\/www.youtube.com\\\/user\\\/laguiadepamplona\"]},{\"@type\":\"Person\",\"@id\":\"https:\\\/\\\/www.laguiadepamplona.com\\\/actualidad\\\/#\\\/schema\\\/person\\\/efe887376f0213d4657c93adc50b1fdb\",\"name\":\"La Gu\u00eda de Pamplona\",\"image\":{\"@type\":\"ImageObject\",\"inLanguage\":\"es\",\"@id\":\"https:\\\/\\\/secure.gravatar.com\\\/avatar\\\/b6992f131dc8d30ab0dff15446e9d346d9dbd95992de0fef795073f5ea83a81c?s=96&d=mm&r=g\",\"url\":\"https:\\\/\\\/secure.gravatar.com\\\/avatar\\\/b6992f131dc8d30ab0dff15446e9d346d9dbd95992de0fef795073f5ea83a81c?s=96&d=mm&r=g\",\"contentUrl\":\"https:\\\/\\\/secure.gravatar.com\\\/avatar\\\/b6992f131dc8d30ab0dff15446e9d346d9dbd95992de0fef795073f5ea83a81c?s=96&d=mm&r=g\",\"caption\":\"La Gu\u00eda de Pamplona\"}}]}<\/script>\n<!-- \/ Yoast SEO plugin. -->","yoast_head_json":{"title":"Propuesta de actividades organizadas por el Ayuntamiento de Pamplona del 8 al 11 de noviembre con plazas libres","robots":{"index":"index","follow":"follow","max-snippet":"max-snippet:-1","max-image-preview":"max-image-preview:large","max-video-preview":"max-video-preview:-1"},"canonical":"https:\/\/www.laguiadepamplona.com\/actualidad\/propuesta-de-actividades-organizadas-por-el-ayuntamiento-de-pamplona-del-8-al-11-de-noviembre-con-plazas-libres\/","og_locale":"es_ES","og_type":"article","og_title":"Propuesta de actividades organizadas por el Ayuntamiento de Pamplona del 8 al 11 de noviembre con plazas libres","og_url":"https:\/\/www.laguiadepamplona.com\/actualidad\/propuesta-de-actividades-organizadas-por-el-ayuntamiento-de-pamplona-del-8-al-11-de-noviembre-con-plazas-libres\/","og_site_name":"La Gu\u00eda de Pamplona","article_publisher":"https:\/\/www.facebook.com\/laguiadepamplonacom-133175176762273\/?ref=hl","article_published_time":"2024-11-07T12:04:59+00:00","og_image":[{"width":1200,"height":675,"url":"https:\/\/www.laguiadepamplona.com\/actualidad\/wp-content\/uploads\/2024\/01\/ayuntamiento-pamplona.webp","type":"image\/webp"}],"author":"La Gu\u00eda de Pamplona","twitter_card":"summary_large_image","twitter_creator":"@LaGuiadPamplona","twitter_site":"@LaGuiadPamplona","twitter_misc":{"Escrito por":"La Gu\u00eda de Pamplona","Tiempo de lectura":"5 minutos"},"schema":{"@context":"https:\/\/schema.org","@graph":[{"@type":"Article","@id":"https:\/\/www.laguiadepamplona.com\/actualidad\/propuesta-de-actividades-organizadas-por-el-ayuntamiento-de-pamplona-del-8-al-11-de-noviembre-con-plazas-libres\/#article","isPartOf":{"@id":"https:\/\/www.laguiadepamplona.com\/actualidad\/propuesta-de-actividades-organizadas-por-el-ayuntamiento-de-pamplona-del-8-al-11-de-noviembre-con-plazas-libres\/"},"author":{"name":"La Gu\u00eda de Pamplona","@id":"https:\/\/www.laguiadepamplona.com\/actualidad\/#\/schema\/person\/efe887376f0213d4657c93adc50b1fdb"},"headline":"Propuesta de actividades organizadas por el Ayuntamiento de Pamplona del 8 al 11 de noviembre con plazas libres","datePublished":"2024-11-07T12:04:59+00:00","mainEntityOfPage":{"@id":"https:\/\/www.laguiadepamplona.com\/actualidad\/propuesta-de-actividades-organizadas-por-el-ayuntamiento-de-pamplona-del-8-al-11-de-noviembre-con-plazas-libres\/"},"wordCount":1149,"commentCount":0,"publisher":{"@id":"https:\/\/www.laguiadepamplona.com\/actualidad\/#organization"},"image":{"@id":"https:\/\/www.laguiadepamplona.com\/actualidad\/propuesta-de-actividades-organizadas-por-el-ayuntamiento-de-pamplona-del-8-al-11-de-noviembre-con-plazas-libres\/#primaryimage"},"thumbnailUrl":"https:\/\/www.laguiadepamplona.com\/actualidad\/wp-content\/uploads\/2024\/01\/ayuntamiento-pamplona.webp","articleSection":["Ayto Pamplona"],"inLanguage":"es","potentialAction":[{"@type":"CommentAction","name":"Comment","target":["https:\/\/www.laguiadepamplona.com\/actualidad\/propuesta-de-actividades-organizadas-por-el-ayuntamiento-de-pamplona-del-8-al-11-de-noviembre-con-plazas-libres\/#respond"]}]},{"@type":"WebPage","@id":"https:\/\/www.laguiadepamplona.com\/actualidad\/propuesta-de-actividades-organizadas-por-el-ayuntamiento-de-pamplona-del-8-al-11-de-noviembre-con-plazas-libres\/","url":"https:\/\/www.laguiadepamplona.com\/actualidad\/propuesta-de-actividades-organizadas-por-el-ayuntamiento-de-pamplona-del-8-al-11-de-noviembre-con-plazas-libres\/","name":"Propuesta de actividades organizadas por el Ayuntamiento de Pamplona del 8 al 11 de noviembre con plazas libres","isPartOf":{"@id":"https:\/\/www.laguiadepamplona.com\/actualidad\/#website"},"primaryImageOfPage":{"@id":"https:\/\/www.laguiadepamplona.com\/actualidad\/propuesta-de-actividades-organizadas-por-el-ayuntamiento-de-pamplona-del-8-al-11-de-noviembre-con-plazas-libres\/#primaryimage"},"image":{"@id":"https:\/\/www.laguiadepamplona.com\/actualidad\/propuesta-de-actividades-organizadas-por-el-ayuntamiento-de-pamplona-del-8-al-11-de-noviembre-con-plazas-libres\/#primaryimage"},"thumbnailUrl":"https:\/\/www.laguiadepamplona.com\/actualidad\/wp-content\/uploads\/2024\/01\/ayuntamiento-pamplona.webp","datePublished":"2024-11-07T12:04:59+00:00","breadcrumb":{"@id":"https:\/\/www.laguiadepamplona.com\/actualidad\/propuesta-de-actividades-organizadas-por-el-ayuntamiento-de-pamplona-del-8-al-11-de-noviembre-con-plazas-libres\/#breadcrumb"},"inLanguage":"es","potentialAction":[{"@type":"ReadAction","target":["https:\/\/www.laguiadepamplona.com\/actualidad\/propuesta-de-actividades-organizadas-por-el-ayuntamiento-de-pamplona-del-8-al-11-de-noviembre-con-plazas-libres\/"]}]},{"@type":"ImageObject","inLanguage":"es","@id":"https:\/\/www.laguiadepamplona.com\/actualidad\/propuesta-de-actividades-organizadas-por-el-ayuntamiento-de-pamplona-del-8-al-11-de-noviembre-con-plazas-libres\/#primaryimage","url":"https:\/\/www.laguiadepamplona.com\/actualidad\/wp-content\/uploads\/2024\/01\/ayuntamiento-pamplona.webp","contentUrl":"https:\/\/www.laguiadepamplona.com\/actualidad\/wp-content\/uploads\/2024\/01\/ayuntamiento-pamplona.webp","width":1200,"height":675,"caption":"ayuntamiento pamplona"},{"@type":"BreadcrumbList","@id":"https:\/\/www.laguiadepamplona.com\/actualidad\/propuesta-de-actividades-organizadas-por-el-ayuntamiento-de-pamplona-del-8-al-11-de-noviembre-con-plazas-libres\/#breadcrumb","itemListElement":[{"@type":"ListItem","position":1,"name":"Portada","item":"https:\/\/www.laguiadepamplona.com\/actualidad\/"},{"@type":"ListItem","position":2,"name":"Propuesta de actividades organizadas por el Ayuntamiento de Pamplona del 8 al 11 de noviembre con plazas libres"}]},{"@type":"WebSite","@id":"https:\/\/www.laguiadepamplona.com\/actualidad\/#website","url":"https:\/\/www.laguiadepamplona.com\/actualidad\/","name":"La gu\u00eda de Pamplona","description":"Noticias de Pamplona","publisher":{"@id":"https:\/\/www.laguiadepamplona.com\/actualidad\/#organization"},"potentialAction":[{"@type":"SearchAction","target":{"@type":"EntryPoint","urlTemplate":"https:\/\/www.laguiadepamplona.com\/actualidad\/?s={search_term_string}"},"query-input":{"@type":"PropertyValueSpecification","valueRequired":true,"valueName":"search_term_string"}}],"inLanguage":"es"},{"@type":"Organization","@id":"https:\/\/www.laguiadepamplona.com\/actualidad\/#organization","name":"La Gu\u00eda de Pamplona \/ Noticias","url":"https:\/\/www.laguiadepamplona.com\/actualidad\/","logo":{"@type":"ImageObject","inLanguage":"es","@id":"https:\/\/www.laguiadepamplona.com\/actualidad\/#\/schema\/logo\/image\/","url":"https:\/\/www.laguiadepamplona.com\/actualidad\/wp-content\/uploads\/2018\/11\/logo-laguiadepamplona18-web1.png","contentUrl":"https:\/\/www.laguiadepamplona.com\/actualidad\/wp-content\/uploads\/2018\/11\/logo-laguiadepamplona18-web1.png","width":600,"height":196,"caption":"La Gu\u00eda de Pamplona \/ Noticias"},"image":{"@id":"https:\/\/www.laguiadepamplona.com\/actualidad\/#\/schema\/logo\/image\/"},"sameAs":["https:\/\/www.facebook.com\/laguiadepamplonacom-133175176762273\/?ref=hl","https:\/\/x.com\/LaGuiadPamplona","https:\/\/www.instagram.com\/la_guia_de_pamplona\/","https:\/\/www.youtube.com\/user\/laguiadepamplona"]},{"@type":"Person","@id":"https:\/\/www.laguiadepamplona.com\/actualidad\/#\/schema\/person\/efe887376f0213d4657c93adc50b1fdb","name":"La Gu\u00eda de Pamplona","image":{"@type":"ImageObject","inLanguage":"es","@id":"https:\/\/secure.gravatar.com\/avatar\/b6992f131dc8d30ab0dff15446e9d346d9dbd95992de0fef795073f5ea83a81c?s=96&d=mm&r=g","url":"https:\/\/secure.gravatar.com\/avatar\/b6992f131dc8d30ab0dff15446e9d346d9dbd95992de0fef795073f5ea83a81c?s=96&d=mm&r=g","contentUrl":"https:\/\/secure.gravatar.com\/avatar\/b6992f131dc8d30ab0dff15446e9d346d9dbd95992de0fef795073f5ea83a81c?s=96&d=mm&r=g","caption":"La Gu\u00eda de Pamplona"}}]}},"post_mailing_queue_ids":[],"_links":{"self":[{"href":"https:\/\/www.laguiadepamplona.com\/actualidad\/wp-json\/wp\/v2\/posts\/51238","targetHints":{"allow":["GET"]}}],"collection":[{"href":"https:\/\/www.laguiadepamplona.com\/actualidad\/wp-json\/wp\/v2\/posts"}],"about":[{"href":"https:\/\/www.laguiadepamplona.com\/actualidad\/wp-json\/wp\/v2\/types\/post"}],"author":[{"embeddable":true,"href":"https:\/\/www.laguiadepamplona.com\/actualidad\/wp-json\/wp\/v2\/users\/1"}],"replies":[{"embeddable":true,"href":"https:\/\/www.laguiadepamplona.com\/actualidad\/wp-json\/wp\/v2\/comments?post=51238"}],"version-history":[{"count":1,"href":"https:\/\/www.laguiadepamplona.com\/actualidad\/wp-json\/wp\/v2\/posts\/51238\/revisions"}],"predecessor-version":[{"id":51239,"href":"https:\/\/www.laguiadepamplona.com\/actualidad\/wp-json\/wp\/v2\/posts\/51238\/revisions\/51239"}],"wp:featuredmedia":[{"embeddable":true,"href":"https:\/\/www.laguiadepamplona.com\/actualidad\/wp-json\/wp\/v2\/media\/48503"}],"wp:attachment":[{"href":"https:\/\/www.laguiadepamplona.com\/actualidad\/wp-json\/wp\/v2\/media?parent=51238"}],"wp:term":[{"taxonomy":"category","embeddable":true,"href":"https:\/\/www.laguiadepamplona.com\/actualidad\/wp-json\/wp\/v2\/categories?post=51238"},{"taxonomy":"post_tag","embeddable":true,"href":"https:\/\/www.laguiadepamplona.com\/actualidad\/wp-json\/wp\/v2\/tags?post=51238"}],"curies":[{"name":"wp","href":"https:\/\/api.w.org\/{rel}","templated":true}]}}