{"id":51235,"date":"2024-11-07T14:03:08","date_gmt":"2024-11-07T12:03:08","guid":{"rendered":"https:\/\/www.laguiadepamplona.com\/actualidad\/?p=51235"},"modified":"2024-11-07T14:03:08","modified_gmt":"2024-11-07T12:03:08","slug":"el-ayuntamiento-de-pamplona-suscribe-un-convenio-de-colaboracion-con-cermi-navarra-cermin-para-fomentar-la-participacion-de-las-personas-con-discapacidad","status":"publish","type":"post","link":"https:\/\/www.laguiadepamplona.com\/actualidad\/el-ayuntamiento-de-pamplona-suscribe-un-convenio-de-colaboracion-con-cermi-navarra-cermin-para-fomentar-la-participacion-de-las-personas-con-discapacidad\/","title":{"rendered":"El Ayuntamiento de Pamplona suscribe un convenio de colaboraci\u00f3n con CERMI Navarra \u2013 CERMIN para fomentar la participaci\u00f3n de las personas con discapacidad"},"content":{"rendered":"<h2>Las actividades se realizar\u00e1n durante todo el a\u00f1o 2024 e incluyen tambi\u00e9n la comunicaci\u00f3n de las acciones de entidades integrantes de la asociaci\u00f3n<\/h2>\n<p><!--more--><\/p>\n<p>El Ayuntamiento de Pamplona ha suscrito un convenio de colaboraci\u00f3n con el Comit\u00e9 de Entidades Representantes de Personas con Discapacidad de Navarra (CERMIN), para fomentar la participaci\u00f3n e inclusi\u00f3n de las personas con discapacidad en entornos normalizados. En la firma han participado el concejal del \u00e1rea de Acci\u00f3n Social, Txema Maule\u00f3n Echeverr\u00eda, y la presidenta de CERMIN, Mariluz Sanz Escudero.<\/p>\n<p>El convenio, dotado con 15.000 euros, est\u00e1 destinado a las actividades que se realicen durante todo el a\u00f1o 2024, del 1 de enero al 31 de diciembre. Tambi\u00e9n incluye como objetivos espec\u00edficos la difusi\u00f3n de las actividades y servicios de las entidades sociales de discapacidad, y la difusi\u00f3n de la perspectiva social de la discapacidad, la accesibilidad y el movimiento asociativo entre profesionales que trabajan en el \u00e1mbito de Pamplona.<\/p>\n<p>Para favorecer la participaci\u00f3n de las personas con discapacidad, el convenio recoge la distribuci\u00f3n de entradas para espacios culturales y de ocio, la informaci\u00f3n sobre actividades inclusivas dirigidas a personas con discapacidad y la participaci\u00f3n en actividades de inter\u00e9s que se celebren en Pamplona.<\/p>\n<p>En cuanto a la difusi\u00f3n, el texto incide en las actividades y noticias de entidades de CERMIN, la actualizaci\u00f3n de la web, su Bolet\u00edn Externo, y la difusi\u00f3n en redes sociales de las actividades y noticias de las entidades miembro. Adem\u00e1s, aborda la actualizaci\u00f3n del Directorio de CERMIN, para mostrarlo de forma heterog\u00e9nea tanto en la web <a href=\"http:\/\/www.discapacidadnavarra.org\" target=\"_blank\" rel=\"noopener\">www.discapacidadnavarra.org<\/a> como en formato pdf.<\/p>\n<p>Este convenio por la inclusi\u00f3n sigue la l\u00ednea del suscrito en junio para mejorar la accesibilidad de las fiestas de San Ferm\u00edn a trav\u00e9s de acciones espec\u00edficas para personas con discapacidad, con espacios diferenciados en conciertos y en actos puntuales.<\/p>\n","protected":false},"excerpt":{"rendered":"<p>Las actividades se realizar\u00e1n durante todo el a\u00f1o 2024 e incluyen tambi\u00e9n la comunicaci\u00f3n de las acciones de entidades integrantes de la asociaci\u00f3n<\/p>\n","protected":false},"author":1,"featured_media":51236,"comment_status":"open","ping_status":"closed","sticky":false,"template":"","format":"standard","meta":{"footnotes":""},"categories":[2],"tags":[],"class_list":["post-51235","post","type-post","status-publish","format-standard","has-post-thumbnail","hentry","category-ayuntamiento-pamplona"],"yoast_head":"<!-- This site is optimized with the Yoast SEO plugin v27.3 - https:\/\/yoast.com\/product\/yoast-seo-wordpress\/ -->\n<title>El Ayuntamiento de Pamplona suscribe un convenio de colaboraci\u00f3n con CERMI Navarra \u2013 CERMIN para fomentar la participaci\u00f3n de las personas con discapacidad<\/title>\n<meta name=\"description\" content=\"Las actividades se realizar\u00e1n durante todo el a\u00f1o 2024 e incluyen tambi\u00e9n la comunicaci\u00f3n de las acciones de entidades integrantes de la asociaci\u00f3n\" \/>\n<meta name=\"robots\" content=\"index, follow, max-snippet:-1, max-image-preview:large, max-video-preview:-1\" \/>\n<link rel=\"canonical\" href=\"https:\/\/www.laguiadepamplona.com\/actualidad\/el-ayuntamiento-de-pamplona-suscribe-un-convenio-de-colaboracion-con-cermi-navarra-cermin-para-fomentar-la-participacion-de-las-personas-con-discapacidad\/\" \/>\n<meta property=\"og:locale\" content=\"es_ES\" \/>\n<meta property=\"og:type\" content=\"article\" \/>\n<meta property=\"og:title\" content=\"El Ayuntamiento de Pamplona suscribe un convenio de colaboraci\u00f3n con CERMI Navarra \u2013 CERMIN para fomentar la participaci\u00f3n de las personas con discapacidad\" \/>\n<meta property=\"og:description\" content=\"Las actividades se realizar\u00e1n durante todo el a\u00f1o 2024 e incluyen tambi\u00e9n la comunicaci\u00f3n de las acciones de entidades integrantes de la asociaci\u00f3n\" \/>\n<meta property=\"og:url\" content=\"https:\/\/www.laguiadepamplona.com\/actualidad\/el-ayuntamiento-de-pamplona-suscribe-un-convenio-de-colaboracion-con-cermi-navarra-cermin-para-fomentar-la-participacion-de-las-personas-con-discapacidad\/\" \/>\n<meta property=\"og:site_name\" content=\"La Gu\u00eda de Pamplona\" \/>\n<meta property=\"article:publisher\" content=\"https:\/\/www.facebook.com\/laguiadepamplonacom-133175176762273\/?ref=hl\" \/>\n<meta property=\"article:published_time\" content=\"2024-11-07T12:03:08+00:00\" \/>\n<meta property=\"og:image\" content=\"https:\/\/www.laguiadepamplona.com\/actualidad\/wp-content\/uploads\/2024\/11\/CONVENIO-CERMIN_1.webp\" \/>\n\t<meta property=\"og:image:width\" content=\"1000\" \/>\n\t<meta property=\"og:image:height\" content=\"666\" \/>\n\t<meta property=\"og:image:type\" content=\"image\/webp\" \/>\n<meta name=\"author\" content=\"La Gu\u00eda de Pamplona\" \/>\n<meta name=\"twitter:card\" content=\"summary_large_image\" \/>\n<meta name=\"twitter:creator\" content=\"@LaGuiadPamplona\" \/>\n<meta name=\"twitter:site\" content=\"@LaGuiadPamplona\" \/>\n<meta name=\"twitter:label1\" content=\"Escrito por\" \/>\n\t<meta name=\"twitter:data1\" content=\"La Gu\u00eda de Pamplona\" \/>\n\t<meta name=\"twitter:label2\" content=\"Tiempo de lectura\" \/>\n\t<meta name=\"twitter:data2\" content=\"2 minutos\" \/>\n<script type=\"application\/ld+json\" class=\"yoast-schema-graph\">{\"@context\":\"https:\\\/\\\/schema.org\",\"@graph\":[{\"@type\":\"Article\",\"@id\":\"https:\\\/\\\/www.laguiadepamplona.com\\\/actualidad\\\/el-ayuntamiento-de-pamplona-suscribe-un-convenio-de-colaboracion-con-cermi-navarra-cermin-para-fomentar-la-participacion-de-las-personas-con-discapacidad\\\/#article\",\"isPartOf\":{\"@id\":\"https:\\\/\\\/www.laguiadepamplona.com\\\/actualidad\\\/el-ayuntamiento-de-pamplona-suscribe-un-convenio-de-colaboracion-con-cermi-navarra-cermin-para-fomentar-la-participacion-de-las-personas-con-discapacidad\\\/\"},\"author\":{\"name\":\"La Gu\u00eda de Pamplona\",\"@id\":\"https:\\\/\\\/www.laguiadepamplona.com\\\/actualidad\\\/#\\\/schema\\\/person\\\/efe887376f0213d4657c93adc50b1fdb\"},\"headline\":\"El Ayuntamiento de Pamplona suscribe un convenio de colaboraci\u00f3n con CERMI Navarra \u2013 CERMIN para fomentar la participaci\u00f3n de las personas con discapacidad\",\"datePublished\":\"2024-11-07T12:03:08+00:00\",\"mainEntityOfPage\":{\"@id\":\"https:\\\/\\\/www.laguiadepamplona.com\\\/actualidad\\\/el-ayuntamiento-de-pamplona-suscribe-un-convenio-de-colaboracion-con-cermi-navarra-cermin-para-fomentar-la-participacion-de-las-personas-con-discapacidad\\\/\"},\"wordCount\":353,\"commentCount\":0,\"publisher\":{\"@id\":\"https:\\\/\\\/www.laguiadepamplona.com\\\/actualidad\\\/#organization\"},\"image\":{\"@id\":\"https:\\\/\\\/www.laguiadepamplona.com\\\/actualidad\\\/el-ayuntamiento-de-pamplona-suscribe-un-convenio-de-colaboracion-con-cermi-navarra-cermin-para-fomentar-la-participacion-de-las-personas-con-discapacidad\\\/#primaryimage\"},\"thumbnailUrl\":\"https:\\\/\\\/www.laguiadepamplona.com\\\/actualidad\\\/wp-content\\\/uploads\\\/2024\\\/11\\\/CONVENIO-CERMIN_1.webp\",\"articleSection\":[\"Ayto Pamplona\"],\"inLanguage\":\"es\",\"potentialAction\":[{\"@type\":\"CommentAction\",\"name\":\"Comment\",\"target\":[\"https:\\\/\\\/www.laguiadepamplona.com\\\/actualidad\\\/el-ayuntamiento-de-pamplona-suscribe-un-convenio-de-colaboracion-con-cermi-navarra-cermin-para-fomentar-la-participacion-de-las-personas-con-discapacidad\\\/#respond\"]}]},{\"@type\":\"WebPage\",\"@id\":\"https:\\\/\\\/www.laguiadepamplona.com\\\/actualidad\\\/el-ayuntamiento-de-pamplona-suscribe-un-convenio-de-colaboracion-con-cermi-navarra-cermin-para-fomentar-la-participacion-de-las-personas-con-discapacidad\\\/\",\"url\":\"https:\\\/\\\/www.laguiadepamplona.com\\\/actualidad\\\/el-ayuntamiento-de-pamplona-suscribe-un-convenio-de-colaboracion-con-cermi-navarra-cermin-para-fomentar-la-participacion-de-las-personas-con-discapacidad\\\/\",\"name\":\"El Ayuntamiento de Pamplona suscribe un convenio de colaboraci\u00f3n con CERMI Navarra \u2013 CERMIN para fomentar la participaci\u00f3n de las personas con discapacidad\",\"isPartOf\":{\"@id\":\"https:\\\/\\\/www.laguiadepamplona.com\\\/actualidad\\\/#website\"},\"primaryImageOfPage\":{\"@id\":\"https:\\\/\\\/www.laguiadepamplona.com\\\/actualidad\\\/el-ayuntamiento-de-pamplona-suscribe-un-convenio-de-colaboracion-con-cermi-navarra-cermin-para-fomentar-la-participacion-de-las-personas-con-discapacidad\\\/#primaryimage\"},\"image\":{\"@id\":\"https:\\\/\\\/www.laguiadepamplona.com\\\/actualidad\\\/el-ayuntamiento-de-pamplona-suscribe-un-convenio-de-colaboracion-con-cermi-navarra-cermin-para-fomentar-la-participacion-de-las-personas-con-discapacidad\\\/#primaryimage\"},\"thumbnailUrl\":\"https:\\\/\\\/www.laguiadepamplona.com\\\/actualidad\\\/wp-content\\\/uploads\\\/2024\\\/11\\\/CONVENIO-CERMIN_1.webp\",\"datePublished\":\"2024-11-07T12:03:08+00:00\",\"description\":\"Las actividades se realizar\u00e1n durante todo el a\u00f1o 2024 e incluyen tambi\u00e9n la comunicaci\u00f3n de las acciones de entidades integrantes de la asociaci\u00f3n\",\"breadcrumb\":{\"@id\":\"https:\\\/\\\/www.laguiadepamplona.com\\\/actualidad\\\/el-ayuntamiento-de-pamplona-suscribe-un-convenio-de-colaboracion-con-cermi-navarra-cermin-para-fomentar-la-participacion-de-las-personas-con-discapacidad\\\/#breadcrumb\"},\"inLanguage\":\"es\",\"potentialAction\":[{\"@type\":\"ReadAction\",\"target\":[\"https:\\\/\\\/www.laguiadepamplona.com\\\/actualidad\\\/el-ayuntamiento-de-pamplona-suscribe-un-convenio-de-colaboracion-con-cermi-navarra-cermin-para-fomentar-la-participacion-de-las-personas-con-discapacidad\\\/\"]}]},{\"@type\":\"ImageObject\",\"inLanguage\":\"es\",\"@id\":\"https:\\\/\\\/www.laguiadepamplona.com\\\/actualidad\\\/el-ayuntamiento-de-pamplona-suscribe-un-convenio-de-colaboracion-con-cermi-navarra-cermin-para-fomentar-la-participacion-de-las-personas-con-discapacidad\\\/#primaryimage\",\"url\":\"https:\\\/\\\/www.laguiadepamplona.com\\\/actualidad\\\/wp-content\\\/uploads\\\/2024\\\/11\\\/CONVENIO-CERMIN_1.webp\",\"contentUrl\":\"https:\\\/\\\/www.laguiadepamplona.com\\\/actualidad\\\/wp-content\\\/uploads\\\/2024\\\/11\\\/CONVENIO-CERMIN_1.webp\",\"width\":1000,\"height\":666,\"caption\":\"convenio cermin\"},{\"@type\":\"BreadcrumbList\",\"@id\":\"https:\\\/\\\/www.laguiadepamplona.com\\\/actualidad\\\/el-ayuntamiento-de-pamplona-suscribe-un-convenio-de-colaboracion-con-cermi-navarra-cermin-para-fomentar-la-participacion-de-las-personas-con-discapacidad\\\/#breadcrumb\",\"itemListElement\":[{\"@type\":\"ListItem\",\"position\":1,\"name\":\"Portada\",\"item\":\"https:\\\/\\\/www.laguiadepamplona.com\\\/actualidad\\\/\"},{\"@type\":\"ListItem\",\"position\":2,\"name\":\"El Ayuntamiento de Pamplona suscribe un convenio de colaboraci\u00f3n con CERMI Navarra \u2013 CERMIN para fomentar la participaci\u00f3n de las personas con discapacidad\"}]},{\"@type\":\"WebSite\",\"@id\":\"https:\\\/\\\/www.laguiadepamplona.com\\\/actualidad\\\/#website\",\"url\":\"https:\\\/\\\/www.laguiadepamplona.com\\\/actualidad\\\/\",\"name\":\"La gu\u00eda de Pamplona\",\"description\":\"Noticias de Pamplona\",\"publisher\":{\"@id\":\"https:\\\/\\\/www.laguiadepamplona.com\\\/actualidad\\\/#organization\"},\"potentialAction\":[{\"@type\":\"SearchAction\",\"target\":{\"@type\":\"EntryPoint\",\"urlTemplate\":\"https:\\\/\\\/www.laguiadepamplona.com\\\/actualidad\\\/?s={search_term_string}\"},\"query-input\":{\"@type\":\"PropertyValueSpecification\",\"valueRequired\":true,\"valueName\":\"search_term_string\"}}],\"inLanguage\":\"es\"},{\"@type\":\"Organization\",\"@id\":\"https:\\\/\\\/www.laguiadepamplona.com\\\/actualidad\\\/#organization\",\"name\":\"La Gu\u00eda de Pamplona \\\/ Noticias\",\"url\":\"https:\\\/\\\/www.laguiadepamplona.com\\\/actualidad\\\/\",\"logo\":{\"@type\":\"ImageObject\",\"inLanguage\":\"es\",\"@id\":\"https:\\\/\\\/www.laguiadepamplona.com\\\/actualidad\\\/#\\\/schema\\\/logo\\\/image\\\/\",\"url\":\"https:\\\/\\\/www.laguiadepamplona.com\\\/actualidad\\\/wp-content\\\/uploads\\\/2018\\\/11\\\/logo-laguiadepamplona18-web1.png\",\"contentUrl\":\"https:\\\/\\\/www.laguiadepamplona.com\\\/actualidad\\\/wp-content\\\/uploads\\\/2018\\\/11\\\/logo-laguiadepamplona18-web1.png\",\"width\":600,\"height\":196,\"caption\":\"La Gu\u00eda de Pamplona \\\/ Noticias\"},\"image\":{\"@id\":\"https:\\\/\\\/www.laguiadepamplona.com\\\/actualidad\\\/#\\\/schema\\\/logo\\\/image\\\/\"},\"sameAs\":[\"https:\\\/\\\/www.facebook.com\\\/laguiadepamplonacom-133175176762273\\\/?ref=hl\",\"https:\\\/\\\/x.com\\\/LaGuiadPamplona\",\"https:\\\/\\\/www.instagram.com\\\/la_guia_de_pamplona\\\/\",\"https:\\\/\\\/www.youtube.com\\\/user\\\/laguiadepamplona\"]},{\"@type\":\"Person\",\"@id\":\"https:\\\/\\\/www.laguiadepamplona.com\\\/actualidad\\\/#\\\/schema\\\/person\\\/efe887376f0213d4657c93adc50b1fdb\",\"name\":\"La Gu\u00eda de Pamplona\",\"image\":{\"@type\":\"ImageObject\",\"inLanguage\":\"es\",\"@id\":\"https:\\\/\\\/secure.gravatar.com\\\/avatar\\\/b6992f131dc8d30ab0dff15446e9d346d9dbd95992de0fef795073f5ea83a81c?s=96&d=mm&r=g\",\"url\":\"https:\\\/\\\/secure.gravatar.com\\\/avatar\\\/b6992f131dc8d30ab0dff15446e9d346d9dbd95992de0fef795073f5ea83a81c?s=96&d=mm&r=g\",\"contentUrl\":\"https:\\\/\\\/secure.gravatar.com\\\/avatar\\\/b6992f131dc8d30ab0dff15446e9d346d9dbd95992de0fef795073f5ea83a81c?s=96&d=mm&r=g\",\"caption\":\"La Gu\u00eda de Pamplona\"}}]}<\/script>\n<!-- \/ Yoast SEO plugin. -->","yoast_head_json":{"title":"El Ayuntamiento de Pamplona suscribe un convenio de colaboraci\u00f3n con CERMI Navarra \u2013 CERMIN para fomentar la participaci\u00f3n de las personas con discapacidad","description":"Las actividades se realizar\u00e1n durante todo el a\u00f1o 2024 e incluyen tambi\u00e9n la comunicaci\u00f3n de las acciones de entidades integrantes de la asociaci\u00f3n","robots":{"index":"index","follow":"follow","max-snippet":"max-snippet:-1","max-image-preview":"max-image-preview:large","max-video-preview":"max-video-preview:-1"},"canonical":"https:\/\/www.laguiadepamplona.com\/actualidad\/el-ayuntamiento-de-pamplona-suscribe-un-convenio-de-colaboracion-con-cermi-navarra-cermin-para-fomentar-la-participacion-de-las-personas-con-discapacidad\/","og_locale":"es_ES","og_type":"article","og_title":"El Ayuntamiento de Pamplona suscribe un convenio de colaboraci\u00f3n con CERMI Navarra \u2013 CERMIN para fomentar la participaci\u00f3n de las personas con discapacidad","og_description":"Las actividades se realizar\u00e1n durante todo el a\u00f1o 2024 e incluyen tambi\u00e9n la comunicaci\u00f3n de las acciones de entidades integrantes de la asociaci\u00f3n","og_url":"https:\/\/www.laguiadepamplona.com\/actualidad\/el-ayuntamiento-de-pamplona-suscribe-un-convenio-de-colaboracion-con-cermi-navarra-cermin-para-fomentar-la-participacion-de-las-personas-con-discapacidad\/","og_site_name":"La Gu\u00eda de Pamplona","article_publisher":"https:\/\/www.facebook.com\/laguiadepamplonacom-133175176762273\/?ref=hl","article_published_time":"2024-11-07T12:03:08+00:00","og_image":[{"width":1000,"height":666,"url":"https:\/\/www.laguiadepamplona.com\/actualidad\/wp-content\/uploads\/2024\/11\/CONVENIO-CERMIN_1.webp","type":"image\/webp"}],"author":"La Gu\u00eda de Pamplona","twitter_card":"summary_large_image","twitter_creator":"@LaGuiadPamplona","twitter_site":"@LaGuiadPamplona","twitter_misc":{"Escrito por":"La Gu\u00eda de Pamplona","Tiempo de lectura":"2 minutos"},"schema":{"@context":"https:\/\/schema.org","@graph":[{"@type":"Article","@id":"https:\/\/www.laguiadepamplona.com\/actualidad\/el-ayuntamiento-de-pamplona-suscribe-un-convenio-de-colaboracion-con-cermi-navarra-cermin-para-fomentar-la-participacion-de-las-personas-con-discapacidad\/#article","isPartOf":{"@id":"https:\/\/www.laguiadepamplona.com\/actualidad\/el-ayuntamiento-de-pamplona-suscribe-un-convenio-de-colaboracion-con-cermi-navarra-cermin-para-fomentar-la-participacion-de-las-personas-con-discapacidad\/"},"author":{"name":"La Gu\u00eda de Pamplona","@id":"https:\/\/www.laguiadepamplona.com\/actualidad\/#\/schema\/person\/efe887376f0213d4657c93adc50b1fdb"},"headline":"El Ayuntamiento de Pamplona suscribe un convenio de colaboraci\u00f3n con CERMI Navarra \u2013 CERMIN para fomentar la participaci\u00f3n de las personas con discapacidad","datePublished":"2024-11-07T12:03:08+00:00","mainEntityOfPage":{"@id":"https:\/\/www.laguiadepamplona.com\/actualidad\/el-ayuntamiento-de-pamplona-suscribe-un-convenio-de-colaboracion-con-cermi-navarra-cermin-para-fomentar-la-participacion-de-las-personas-con-discapacidad\/"},"wordCount":353,"commentCount":0,"publisher":{"@id":"https:\/\/www.laguiadepamplona.com\/actualidad\/#organization"},"image":{"@id":"https:\/\/www.laguiadepamplona.com\/actualidad\/el-ayuntamiento-de-pamplona-suscribe-un-convenio-de-colaboracion-con-cermi-navarra-cermin-para-fomentar-la-participacion-de-las-personas-con-discapacidad\/#primaryimage"},"thumbnailUrl":"https:\/\/www.laguiadepamplona.com\/actualidad\/wp-content\/uploads\/2024\/11\/CONVENIO-CERMIN_1.webp","articleSection":["Ayto Pamplona"],"inLanguage":"es","potentialAction":[{"@type":"CommentAction","name":"Comment","target":["https:\/\/www.laguiadepamplona.com\/actualidad\/el-ayuntamiento-de-pamplona-suscribe-un-convenio-de-colaboracion-con-cermi-navarra-cermin-para-fomentar-la-participacion-de-las-personas-con-discapacidad\/#respond"]}]},{"@type":"WebPage","@id":"https:\/\/www.laguiadepamplona.com\/actualidad\/el-ayuntamiento-de-pamplona-suscribe-un-convenio-de-colaboracion-con-cermi-navarra-cermin-para-fomentar-la-participacion-de-las-personas-con-discapacidad\/","url":"https:\/\/www.laguiadepamplona.com\/actualidad\/el-ayuntamiento-de-pamplona-suscribe-un-convenio-de-colaboracion-con-cermi-navarra-cermin-para-fomentar-la-participacion-de-las-personas-con-discapacidad\/","name":"El Ayuntamiento de Pamplona suscribe un convenio de colaboraci\u00f3n con CERMI Navarra \u2013 CERMIN para fomentar la participaci\u00f3n de las personas con discapacidad","isPartOf":{"@id":"https:\/\/www.laguiadepamplona.com\/actualidad\/#website"},"primaryImageOfPage":{"@id":"https:\/\/www.laguiadepamplona.com\/actualidad\/el-ayuntamiento-de-pamplona-suscribe-un-convenio-de-colaboracion-con-cermi-navarra-cermin-para-fomentar-la-participacion-de-las-personas-con-discapacidad\/#primaryimage"},"image":{"@id":"https:\/\/www.laguiadepamplona.com\/actualidad\/el-ayuntamiento-de-pamplona-suscribe-un-convenio-de-colaboracion-con-cermi-navarra-cermin-para-fomentar-la-participacion-de-las-personas-con-discapacidad\/#primaryimage"},"thumbnailUrl":"https:\/\/www.laguiadepamplona.com\/actualidad\/wp-content\/uploads\/2024\/11\/CONVENIO-CERMIN_1.webp","datePublished":"2024-11-07T12:03:08+00:00","description":"Las actividades se realizar\u00e1n durante todo el a\u00f1o 2024 e incluyen tambi\u00e9n la comunicaci\u00f3n de las acciones de entidades integrantes de la asociaci\u00f3n","breadcrumb":{"@id":"https:\/\/www.laguiadepamplona.com\/actualidad\/el-ayuntamiento-de-pamplona-suscribe-un-convenio-de-colaboracion-con-cermi-navarra-cermin-para-fomentar-la-participacion-de-las-personas-con-discapacidad\/#breadcrumb"},"inLanguage":"es","potentialAction":[{"@type":"ReadAction","target":["https:\/\/www.laguiadepamplona.com\/actualidad\/el-ayuntamiento-de-pamplona-suscribe-un-convenio-de-colaboracion-con-cermi-navarra-cermin-para-fomentar-la-participacion-de-las-personas-con-discapacidad\/"]}]},{"@type":"ImageObject","inLanguage":"es","@id":"https:\/\/www.laguiadepamplona.com\/actualidad\/el-ayuntamiento-de-pamplona-suscribe-un-convenio-de-colaboracion-con-cermi-navarra-cermin-para-fomentar-la-participacion-de-las-personas-con-discapacidad\/#primaryimage","url":"https:\/\/www.laguiadepamplona.com\/actualidad\/wp-content\/uploads\/2024\/11\/CONVENIO-CERMIN_1.webp","contentUrl":"https:\/\/www.laguiadepamplona.com\/actualidad\/wp-content\/uploads\/2024\/11\/CONVENIO-CERMIN_1.webp","width":1000,"height":666,"caption":"convenio cermin"},{"@type":"BreadcrumbList","@id":"https:\/\/www.laguiadepamplona.com\/actualidad\/el-ayuntamiento-de-pamplona-suscribe-un-convenio-de-colaboracion-con-cermi-navarra-cermin-para-fomentar-la-participacion-de-las-personas-con-discapacidad\/#breadcrumb","itemListElement":[{"@type":"ListItem","position":1,"name":"Portada","item":"https:\/\/www.laguiadepamplona.com\/actualidad\/"},{"@type":"ListItem","position":2,"name":"El Ayuntamiento de Pamplona suscribe un convenio de colaboraci\u00f3n con CERMI Navarra \u2013 CERMIN para fomentar la participaci\u00f3n de las personas con discapacidad"}]},{"@type":"WebSite","@id":"https:\/\/www.laguiadepamplona.com\/actualidad\/#website","url":"https:\/\/www.laguiadepamplona.com\/actualidad\/","name":"La gu\u00eda de Pamplona","description":"Noticias de Pamplona","publisher":{"@id":"https:\/\/www.laguiadepamplona.com\/actualidad\/#organization"},"potentialAction":[{"@type":"SearchAction","target":{"@type":"EntryPoint","urlTemplate":"https:\/\/www.laguiadepamplona.com\/actualidad\/?s={search_term_string}"},"query-input":{"@type":"PropertyValueSpecification","valueRequired":true,"valueName":"search_term_string"}}],"inLanguage":"es"},{"@type":"Organization","@id":"https:\/\/www.laguiadepamplona.com\/actualidad\/#organization","name":"La Gu\u00eda de Pamplona \/ Noticias","url":"https:\/\/www.laguiadepamplona.com\/actualidad\/","logo":{"@type":"ImageObject","inLanguage":"es","@id":"https:\/\/www.laguiadepamplona.com\/actualidad\/#\/schema\/logo\/image\/","url":"https:\/\/www.laguiadepamplona.com\/actualidad\/wp-content\/uploads\/2018\/11\/logo-laguiadepamplona18-web1.png","contentUrl":"https:\/\/www.laguiadepamplona.com\/actualidad\/wp-content\/uploads\/2018\/11\/logo-laguiadepamplona18-web1.png","width":600,"height":196,"caption":"La Gu\u00eda de Pamplona \/ Noticias"},"image":{"@id":"https:\/\/www.laguiadepamplona.com\/actualidad\/#\/schema\/logo\/image\/"},"sameAs":["https:\/\/www.facebook.com\/laguiadepamplonacom-133175176762273\/?ref=hl","https:\/\/x.com\/LaGuiadPamplona","https:\/\/www.instagram.com\/la_guia_de_pamplona\/","https:\/\/www.youtube.com\/user\/laguiadepamplona"]},{"@type":"Person","@id":"https:\/\/www.laguiadepamplona.com\/actualidad\/#\/schema\/person\/efe887376f0213d4657c93adc50b1fdb","name":"La Gu\u00eda de Pamplona","image":{"@type":"ImageObject","inLanguage":"es","@id":"https:\/\/secure.gravatar.com\/avatar\/b6992f131dc8d30ab0dff15446e9d346d9dbd95992de0fef795073f5ea83a81c?s=96&d=mm&r=g","url":"https:\/\/secure.gravatar.com\/avatar\/b6992f131dc8d30ab0dff15446e9d346d9dbd95992de0fef795073f5ea83a81c?s=96&d=mm&r=g","contentUrl":"https:\/\/secure.gravatar.com\/avatar\/b6992f131dc8d30ab0dff15446e9d346d9dbd95992de0fef795073f5ea83a81c?s=96&d=mm&r=g","caption":"La Gu\u00eda de Pamplona"}}]}},"post_mailing_queue_ids":[],"_links":{"self":[{"href":"https:\/\/www.laguiadepamplona.com\/actualidad\/wp-json\/wp\/v2\/posts\/51235","targetHints":{"allow":["GET"]}}],"collection":[{"href":"https:\/\/www.laguiadepamplona.com\/actualidad\/wp-json\/wp\/v2\/posts"}],"about":[{"href":"https:\/\/www.laguiadepamplona.com\/actualidad\/wp-json\/wp\/v2\/types\/post"}],"author":[{"embeddable":true,"href":"https:\/\/www.laguiadepamplona.com\/actualidad\/wp-json\/wp\/v2\/users\/1"}],"replies":[{"embeddable":true,"href":"https:\/\/www.laguiadepamplona.com\/actualidad\/wp-json\/wp\/v2\/comments?post=51235"}],"version-history":[{"count":1,"href":"https:\/\/www.laguiadepamplona.com\/actualidad\/wp-json\/wp\/v2\/posts\/51235\/revisions"}],"predecessor-version":[{"id":51237,"href":"https:\/\/www.laguiadepamplona.com\/actualidad\/wp-json\/wp\/v2\/posts\/51235\/revisions\/51237"}],"wp:featuredmedia":[{"embeddable":true,"href":"https:\/\/www.laguiadepamplona.com\/actualidad\/wp-json\/wp\/v2\/media\/51236"}],"wp:attachment":[{"href":"https:\/\/www.laguiadepamplona.com\/actualidad\/wp-json\/wp\/v2\/media?parent=51235"}],"wp:term":[{"taxonomy":"category","embeddable":true,"href":"https:\/\/www.laguiadepamplona.com\/actualidad\/wp-json\/wp\/v2\/categories?post=51235"},{"taxonomy":"post_tag","embeddable":true,"href":"https:\/\/www.laguiadepamplona.com\/actualidad\/wp-json\/wp\/v2\/tags?post=51235"}],"curies":[{"name":"wp","href":"https:\/\/api.w.org\/{rel}","templated":true}]}}