{"id":51232,"date":"2024-11-07T13:58:58","date_gmt":"2024-11-07T11:58:58","guid":{"rendered":"https:\/\/www.laguiadepamplona.com\/actualidad\/?p=51232"},"modified":"2024-11-07T13:58:58","modified_gmt":"2024-11-07T11:58:58","slug":"mas-de-un-centenar-de-asociaciones-sin-animo-de-lucro-se-van-a-beneficiar-este-ano-de-las-subvenciones-municipales-a-la-participacion-ciudadana","status":"publish","type":"post","link":"https:\/\/www.laguiadepamplona.com\/actualidad\/mas-de-un-centenar-de-asociaciones-sin-animo-de-lucro-se-van-a-beneficiar-este-ano-de-las-subvenciones-municipales-a-la-participacion-ciudadana\/","title":{"rendered":"M\u00e1s de un centenar de asociaciones sin \u00e1nimo de lucro se van a beneficiar este a\u00f1o de las subvenciones municipales a la participaci\u00f3n ciudadana"},"content":{"rendered":"<h2>El Ayuntamiento de Pamplona ha repartido 500.000 euros en una convocatoria con cuatro ep\u00edgrafes en funci\u00f3n de la asociaci\u00f3n y la actividad a financiar<\/h2>\n<p><!--more--><\/p>\n<p>El Ayuntamiento de Pamplona ha resuelto la convocatoria de subvenciones, en r\u00e9gimen de concurrencia competitiva, dirigidas a entidades y asociaciones sin \u00e1nimo de lucro que realicen proyectos o actividades en los \u00e1mbitos de la participaci\u00f3n ciudadana, la ciudadan\u00eda activa y la articulaci\u00f3n social en la ciudad. Un total de 106 asociaciones han recibido los 500.000 euros con los que est\u00e1 dotada la convocatoria.<\/p>\n<p>Las ayudas se distribu\u00edan en cuatro ep\u00edgrafes, en funci\u00f3n de la actividad a financiar y las entidades que se presentan. El ep\u00edgrafe A repart\u00eda 90.000 euros para la organizaci\u00f3n de fiestas de barrio, festividades populares o eventos puntuales socioculturales de car\u00e1cter comunitario que tengan lugar en un barrio y que est\u00e9n abiertos a toda la ciudadan\u00eda y realizadas por asociaciones vecinales, coordinadoras de fiestas o asociaciones culturales con personalidad jur\u00eddica. Se han beneficiado de esta l\u00ednea de ayudas 19 entidades.<\/p>\n<p>El ep\u00edgrafe B, con 270.000 euros, ha llegado a 51 asociaciones que promueven la participaci\u00f3n ciudadana y el trabajo en red del tejido social. El ep\u00edgrafe C estaba dedicado a actuaciones que promueven la diversidad cultural. Han obtenido subvenci\u00f3n 16 asociaciones, con 50.000 euros a repartir. Por \u00faltimo, el ep\u00edgrafe D, con 90.000 euros para actuaciones que promueven la participaci\u00f3n ciudadana y la ciudadan\u00eda actividad de las personas mayores, ha llegado a 28 entidades. Cada asociaci\u00f3n o entidad sin \u00e1nimo de lucro pod\u00eda presentar una \u00fanica solicitud por ep\u00edgrafe, aunque se pod\u00edan presentar propuestas a varios ep\u00edgrafes.<\/p>\n<p>La convocatoria se concibe como una herramienta de apoyo y colaboraci\u00f3n desde el \u00e1mbito municipal con asociaciones y otras entidades sin \u00e1nimo de lucro en el desarrollo de proyectos, actuaciones y formaciones que promuevan el desarrollo del tejido social a trav\u00e9s de la participaci\u00f3n ciudadana. Se entiende la participaci\u00f3n ciudadana como las iniciativas promovidas por las asociaciones y\/o entidades sin \u00e1nimo de lucro dirigidas a potenciar la implicaci\u00f3n activa de las personas asociadas y\/o voluntarias, promoviendo el desarrollo personal, grupal y comunitario, dando respuesta a problemas econ\u00f3micos, ambientales y sociales de su entorno y mejora de las condiciones de vida.<\/p>\n<p>&nbsp;<\/p>\n<h3>Subvenciones a la participaci\u00f3n ciudadana 2024. Resoluci\u00f3n<\/h3>\n<p>&nbsp;<\/p>\n<p><strong>EP\u00cdGRAFE A<\/strong><\/p>\n<p><strong><em>\u00a0<\/em><\/strong><\/p>\n<table width=\"586\">\n<tbody>\n<tr>\n<td width=\"482\"><strong>ASOCIACI\u00d3N<\/strong><\/td>\n<td width=\"104\"><strong>SUBVENCI\u00d3N <\/strong><\/td>\n<\/tr>\n<tr>\n<td width=\"482\">ASOCIACI\u00d3N ITURRAMAKO KULTUR EKIMENA-INICIATIVA CULTURAL FUENTE DEL HIERRO-ITURRAMA<\/td>\n<td width=\"104\">\u00a02.989,02 \u20ac<\/td>\n<\/tr>\n<tr>\n<td width=\"482\">ASOCIACI\u00d3N ZABALSANCHE<\/td>\n<td width=\"104\">\u00a0808,82 \u20ac<\/td>\n<\/tr>\n<tr>\n<td width=\"482\">ASOCIACI\u00d3N VECINOS DONIBANE BARRIO SAN JUAN<\/td>\n<td width=\"104\">\u00a04.046,77 \u20ac<\/td>\n<\/tr>\n<tr>\n<td width=\"482\">ASOCIACI\u00d3N CULTURAL RECREATIVA KASKALLUETA<\/td>\n<td width=\"104\">\u00a0474,39 \u20ac<\/td>\n<\/tr>\n<tr>\n<td width=\"482\">ASOCIACI\u00d3N CULTURAL LEZKAIRU<\/td>\n<td width=\"104\">\u00a03.043,35 \u20ac<\/td>\n<\/tr>\n<tr>\n<td width=\"482\">ERMITALDEA<\/td>\n<td width=\"104\">\u00a03.027,61 \u20ac<\/td>\n<\/tr>\n<tr>\n<td width=\"482\">COMPARSA DE GIGANTES Y CABEZUDOS BUZTINTXURI<\/td>\n<td width=\"104\">\u00a01.059,83 \u20ac<\/td>\n<\/tr>\n<tr>\n<td width=\"482\">ASOCIACI\u00d3N COMISI\u00d3N DE FIESTAS DEL CASCO VIEJO<\/td>\n<td width=\"104\">\u00a014.529,63 \u20ac<\/td>\n<\/tr>\n<tr>\n<td width=\"482\">FEDERACI\u00d3N COORDINADORA CULTURAL DE ARROSADIA<\/td>\n<td width=\"104\">\u00a02.227,74 \u20ac<\/td>\n<\/tr>\n<tr>\n<td width=\"482\">ASOCIACI\u00d3N DONIBANEKO JAI BATZORDEA \/COMISI\u00d3N DE FIESTAS DE SAN JUAN<\/td>\n<td width=\"104\">\u00a010.856,69 \u20ac<\/td>\n<\/tr>\n<tr>\n<td width=\"482\">ASOCIACI\u00d3N SOCIO CULTURAL AMIGOS CABALGATA DE REYES<\/td>\n<td width=\"104\">\u00a0349,55 \u20ac<\/td>\n<\/tr>\n<tr>\n<td width=\"482\">ASOCIACI\u00d3N MENDILLORRIKO JAI BATZORDEA\/COMISI\u00d3N DE FIESTAS DE MENDILLORRI<\/td>\n<td width=\"104\">\u00a07.784,15 \u20ac<\/td>\n<\/tr>\n<tr>\n<td width=\"482\">ASOCIACI\u00d3N FIESTAS DE LA TXANTREA<\/td>\n<td width=\"104\">\u00a011.063,91 \u20ac<\/td>\n<\/tr>\n<tr>\n<td width=\"482\">ASOCIACI\u00d3N COORD.CULT.GURE AUZOA S.JORGE<\/td>\n<td width=\"104\">\u00a06.593,91 \u20ac<\/td>\n<\/tr>\n<tr>\n<td width=\"482\">ASOCIACI\u00d3N AZPILAGA\u00d1A JAI BATZORDEA\/COMISI\u00d3N DE FIESTAS<\/td>\n<td width=\"104\">\u00a09.802,04 \u20ac<\/td>\n<\/tr>\n<tr>\n<td width=\"482\">ASOCIACI\u00d3N VECINOS BUZTINTXURI<\/td>\n<td width=\"104\">\u00a04.377,26 \u20ac<\/td>\n<\/tr>\n<tr>\n<td width=\"482\">ASOCIACI\u00d3N INFANTO JUVENIL BUZTINTXUREANDO TXURI<\/td>\n<td width=\"104\">\u00a04.934,85 \u20ac<\/td>\n<\/tr>\n<tr>\n<td width=\"482\">CLUB DEPORTIVO IRRINTZI<\/td>\n<td width=\"104\">\u00a0996,52 \u20ac<\/td>\n<\/tr>\n<tr>\n<td width=\"482\">ITURRAMAKO ATARIANDIA ELKARTEA ASOCIACI\u00d3N<\/td>\n<td width=\"104\">1.033,96 \u20ac<\/td>\n<\/tr>\n<tr>\n<td width=\"482\"><\/td>\n<td width=\"104\">90.000,00 \u20ac<\/td>\n<\/tr>\n<\/tbody>\n<\/table>\n<p>&nbsp;<\/p>\n<p><strong>EP\u00cdGRAFE B<\/strong><\/p>\n<p>&nbsp;<\/p>\n<table width=\"588\">\n<tbody>\n<tr>\n<td width=\"481\"><strong>ASOCIACI\u00d3N<\/strong><\/td>\n<td width=\"107\"><strong>SUBVENCI\u00d3N <\/strong><\/td>\n<\/tr>\n<tr>\n<td width=\"481\">VECINOS\/AS MENDIALDEA\/MENDIALDEA AUZO DE LA ROTXAPEA<\/td>\n<td width=\"107\">\u00a02.457,92 \u20ac<\/td>\n<\/tr>\n<tr>\n<td width=\"481\">ASOCIACI\u00d3N EUNATE DE FAMILIARES Y AMIGOS DE PERSONAS SORDAS DE NAVARRA<\/td>\n<td width=\"107\">\u00a02.411,99 \u20ac<\/td>\n<\/tr>\n<tr>\n<td width=\"481\">SARAY ASOCIACI\u00d3N NAVARRA DE C\u00c1NCER DE MAMA<\/td>\n<td width=\"107\">\u00a04.767,07 \u20ac<\/td>\n<\/tr>\n<tr>\n<td width=\"481\">ASOCIACI\u00d3N COORDINADORA DISMINU\u00cdDOS F\u00cdSICOS DE NAVARRA (ACODIFNA)<\/td>\n<td width=\"107\">\u00a04.362,42 \u20ac<\/td>\n<\/tr>\n<tr>\n<td width=\"481\">ASOCIACI\u00d3N NAVARRA DE AUTISMO<\/td>\n<td width=\"107\">\u00a02.608,84 \u20ac<\/td>\n<\/tr>\n<tr>\n<td width=\"481\">ASOCIACI\u00d3N RETINA NAVARRA NAFARROA RETINA ELKARTEA<\/td>\n<td width=\"107\">\u00a03.652,37 \u20ac<\/td>\n<\/tr>\n<tr>\n<td width=\"481\">ASOCIACI\u00d3N DE VECINOS AZPILAGA\u00d1A<\/td>\n<td width=\"107\">\u00a05.149,22 \u20ac<\/td>\n<\/tr>\n<tr>\n<td width=\"481\">ASOCIACI\u00d3N NAVARRA DE AYUDA A LA PAR\u00c1LISIS CEREBRAL (ASPACE)<\/td>\n<td width=\"107\">\u00a013.150,13 \u20ac<\/td>\n<\/tr>\n<tr>\n<td width=\"481\">ASOCIACI\u00d3N COMISI\u00d3N POR LA IGUALDAD DE SAN JORGE SANDUZELAI<\/td>\n<td width=\"107\">\u00a03.936,57 \u20ac<\/td>\n<\/tr>\n<tr>\n<td width=\"481\">ASOCIACI\u00d3N FAMILIAR ENFERMOS DE ALZHEIMER DE NAVARRA<\/td>\n<td width=\"107\">\u00a01.956,63 \u20ac<\/td>\n<\/tr>\n<tr>\n<td width=\"481\">ASOCIACI\u00d3N CONTRA LA FIBROSIS QU\u00cdSTICA DE NAVARRA<\/td>\n<td width=\"107\">\u00a02.036,77 \u20ac<\/td>\n<\/tr>\n<tr>\n<td width=\"481\">ASOCIACI\u00d3N ENCAJERAS DE NAVARRA GRUPO SAN FERM\u00cdN<\/td>\n<td width=\"107\">\u00a03.995,84 \u20ac<\/td>\n<\/tr>\n<tr>\n<td width=\"481\">ASOCIACI\u00d3N VECINOS DONIBANE BARRIO SAN JUAN<\/td>\n<td width=\"107\">\u00a012.291,54 \u20ac<\/td>\n<\/tr>\n<tr>\n<td width=\"481\">ASOCIACI\u00d3N CULTURAL RECREATIVA KASKALLUETA<\/td>\n<td width=\"107\">\u00a0707,24 \u20ac<\/td>\n<\/tr>\n<tr>\n<td width=\"481\">FUNDACION PROFESIONALES SOLIDARIOS<\/td>\n<td width=\"107\">\u00a01.791,65 \u20ac<\/td>\n<\/tr>\n<tr>\n<td width=\"481\">ASOCIACI\u00d3N NAVARRA DE FIBROMIALGIA Y S\u00cdNDROME DE FATIGA CR\u00d3NICA<\/td>\n<td width=\"107\">\u00a03.806,46 \u20ac<\/td>\n<\/tr>\n<tr>\n<td width=\"481\">ASOCIACI\u00d3N DE VECINOS DE ERMITAGA\u00d1A<\/td>\n<td width=\"107\">\u00a015.000,00 \u20ac<\/td>\n<\/tr>\n<tr>\n<td width=\"481\">ASOCIACI\u00d3N DE MUJERES CON DISCAPACIDAD DE NAVARRA<\/td>\n<td width=\"107\">\u00a02.990,79 \u20ac<\/td>\n<\/tr>\n<tr>\n<td width=\"481\">ASOCIACI\u00d3N DE ESCLEROSIS M\u00daLTIPLE DE NAVARRA<\/td>\n<td width=\"107\">\u00a02.476,11 \u20ac<\/td>\n<\/tr>\n<tr>\n<td width=\"481\">ASOCIACI\u00d3N DE CONSUMIDORES DE NAVARRA IRACHE<\/td>\n<td width=\"107\">\u00a01.749,47 \u20ac<\/td>\n<\/tr>\n<tr>\n<td width=\"481\">FUNDACI\u00d3N ADSIS<\/td>\n<td width=\"107\">\u00a06.235,12 \u20ac<\/td>\n<\/tr>\n<tr>\n<td width=\"481\">ASOCIACI\u00d3N DE FAMILIA Y AMIGOS GOIZARGI<\/td>\n<td width=\"107\">\u00a09.929,60 \u20ac<\/td>\n<\/tr>\n<tr>\n<td width=\"481\">NAFARROAKO TORTURATUEN SAREA &#8211; RED DE PERSONAS TORTURADAS EN NAVARRA<\/td>\n<td width=\"107\">\u00a0944,07 \u20ac<\/td>\n<\/tr>\n<tr>\n<td width=\"481\">ASOCIACI\u00d3N DE FIBROMIALGIA Y FATIGA CR\u00d3NICA DE NAVARRA<\/td>\n<td width=\"107\">\u00a03.782,81 \u20ac<\/td>\n<\/tr>\n<tr>\n<td width=\"481\">ERMITALDEA<\/td>\n<td width=\"107\">\u00a01.021,52 \u20ac<\/td>\n<\/tr>\n<tr>\n<td width=\"481\">ASOCIACI\u00d3N PARA LUCHA CONTRA ENFERMEDADES RENALES &#8211; ALCER<\/td>\n<td width=\"107\">\u00a01.312,57 \u20ac<\/td>\n<\/tr>\n<tr>\n<td width=\"481\">ASOCIACI\u00d3N NAVARRA DE AMIANTO NUEVO AMANECER RESPIRANDO (A.N.A.N.A.R.)<\/td>\n<td width=\"107\">\u00a0146,75 \u20ac<\/td>\n<\/tr>\n<tr>\n<td width=\"481\">ASOCIACI\u00d3N SEI-SERVICIO SOCIOEDUCATIVO<\/td>\n<td width=\"107\">\u00a010.758,40 \u20ac<\/td>\n<\/tr>\n<tr>\n<td width=\"481\">ASOCIACI\u00d3N NAVARRA EN FAVOR DE LAS PERSONAS CON DISCAPACIDAD INTELECTUAL O TRASTORNOS DE NAVARRA &#8211; ANFAS<\/td>\n<td width=\"107\">\u00a011.250,61 \u20ac<\/td>\n<\/tr>\n<tr>\n<td width=\"481\">FEDERACI\u00d3N DE ASOCIACI\u00d3NES DE PERSONAS CON DISCAPACIDAD F\u00cdSICA Y ORG\u00c1NICA DE NAVARRA<\/td>\n<td width=\"107\">\u00a06.228,60 \u20ac<\/td>\n<\/tr>\n<tr>\n<td width=\"481\">ASOCIACI\u00d3N SARE<\/td>\n<td width=\"107\">\u00a012.000,65 \u20ac<\/td>\n<\/tr>\n<tr>\n<td width=\"481\">ASOCIACI\u00d3N NAVARRA DE DIAB\u00c9TICOS (ANADI)<\/td>\n<td width=\"107\">\u00a06.181,64 \u20ac<\/td>\n<\/tr>\n<tr>\n<td width=\"481\">GELTOKI SOCIEDAD MICROCOOPERATIVA<\/td>\n<td width=\"107\">\u00a011.316,36 \u20ac<\/td>\n<\/tr>\n<tr>\n<td width=\"481\">HIRU-HEALTH INDEPENDENT RESEARCH UNITED<\/td>\n<td width=\"107\">\u00a0664,56 \u20ac<\/td>\n<\/tr>\n<tr>\n<td width=\"481\">FUNDACION GAZTELAN<\/td>\n<td width=\"107\">\u00a02.092,67 \u20ac<\/td>\n<\/tr>\n<tr>\n<td width=\"481\">ASOCIACI\u00d3N NUEVO DI\u00c1LOGO<\/td>\n<td width=\"107\">\u00a01.593,84 \u20ac<\/td>\n<\/tr>\n<tr>\n<td width=\"481\">ASOCIACI\u00d3N M\u00c9DICOS DEL MUNDO<\/td>\n<td width=\"107\">\u00a08.746,10 \u20ac<\/td>\n<\/tr>\n<tr>\n<td width=\"481\">PLENA INCLUSI\u00d3N NAVARRA<\/td>\n<td width=\"107\">\u00a06.977,88 \u20ac<\/td>\n<\/tr>\n<tr>\n<td width=\"481\">ASOCIACI\u00d3N AZEKIMENA ALDE-ZAHARRA<\/td>\n<td width=\"107\">\u00a015.000,00 \u20ac<\/td>\n<\/tr>\n<tr>\n<td width=\"481\">FUNDACI\u00d3N ATENA<\/td>\n<td width=\"107\">\u00a07.331,79 \u20ac<\/td>\n<\/tr>\n<tr>\n<td width=\"481\">ASOCIACI\u00d3N FIESTAS DE LA TXANTREA<\/td>\n<td width=\"107\">\u00a01.516,39 \u20ac<\/td>\n<\/tr>\n<tr>\n<td width=\"481\">ASOCIACI\u00d3N COORD.CULT.GURE AUZOA S.JORGE<\/td>\n<td width=\"107\">\u00a04.875,27 \u20ac<\/td>\n<\/tr>\n<tr>\n<td width=\"481\">TXANTREA MENDI TALDEA<\/td>\n<td width=\"107\">\u00a04.391,65 \u20ac<\/td>\n<\/tr>\n<tr>\n<td width=\"481\">ASOCIACI\u00d3N INFANTO JUVENIL BUZTINTXUREANDO TXURI<\/td>\n<td width=\"107\">\u00a07.989,56 \u20ac<\/td>\n<\/tr>\n<tr>\n<td width=\"481\">COMISI\u00d3N CIUDADANA ANTISIDA DE NAVARRA<\/td>\n<td width=\"107\">\u00a09.285,91 \u20ac<\/td>\n<\/tr>\n<tr>\n<td width=\"481\">ASOCIACI\u00d3N DE ANTROPOLOG\u00cdA ARAKADIA ANTROPOLOGIA<\/td>\n<td width=\"107\">\u00a0993,70 \u20ac<\/td>\n<\/tr>\n<tr>\n<td width=\"481\">ASOCIACI\u00d3N NAVARRA DIVULGACI\u00d3N DE TECNOLOG\u00cdA<\/td>\n<td width=\"107\">\u00a04.565,47 \u20ac<\/td>\n<\/tr>\n<tr>\n<td width=\"481\">ASOCIACI\u00d3N NAVARRA PARA LA SALUD MENTAL<\/td>\n<td width=\"107\">\u00a013.854,23 \u20ac<\/td>\n<\/tr>\n<tr>\n<td width=\"481\">NAFARROAKO DANTZARIEN BILTZARRA<\/td>\n<td width=\"107\">\u00a04.869,64 \u20ac<\/td>\n<\/tr>\n<tr>\n<td width=\"481\">ASOCIACI\u00d3N JUVENIL VOLUNTARIOS DE NAVARRA<\/td>\n<td width=\"107\">\u00a01.078,18 \u20ac<\/td>\n<\/tr>\n<tr>\n<td width=\"481\">ASOCIACI\u00d3N MEJORANA<\/td>\n<td width=\"107\">\u00a01.765,43 \u20ac<\/td>\n<\/tr>\n<tr>\n<td width=\"481\"><\/td>\n<td width=\"107\">\u00a0270.000,00 \u20ac<\/td>\n<\/tr>\n<\/tbody>\n<\/table>\n<p>&nbsp;<\/p>\n<p><strong>EP\u00cdGRAFE C<\/strong><\/p>\n<p>&nbsp;<\/p>\n<table width=\"587\">\n<tbody>\n<tr>\n<td width=\"483\"><strong>ASOCIACI\u00d3N<\/strong><\/td>\n<td width=\"104\"><strong>SUBVENCI\u00d3N <\/strong><\/td>\n<\/tr>\n<tr>\n<td width=\"483\">ASOCIACI\u00d3N VOSTOK<\/td>\n<td width=\"104\">\u00a01.955,12 \u20ac<\/td>\n<\/tr>\n<tr>\n<td width=\"483\">CASA DE CASTILLA Y LE\u00d3N EN NAVARRA<\/td>\n<td width=\"104\">\u00a04.754,20 \u20ac<\/td>\n<\/tr>\n<tr>\n<td width=\"483\">ASOCIACI\u00d3N CASA REGIONAL DE LA COMUNIDAD VALENCIANA<\/td>\n<td width=\"104\">\u00a0619,86 \u20ac<\/td>\n<\/tr>\n<tr>\n<td width=\"483\">ASOCIACI\u00d3N CASA DE CANTABRIA EN NAVARRA<\/td>\n<td width=\"104\">\u00a02.376,11 \u20ac<\/td>\n<\/tr>\n<tr>\n<td width=\"483\">ASOCIACI\u00d3N CASA DE ARAG\u00d3N EN NAVARRA<\/td>\n<td width=\"104\">\u00a02.218,69 \u20ac<\/td>\n<\/tr>\n<tr>\n<td width=\"483\">FEDERACI\u00d3N CASAS REGIONALES EN LA COMUNIDAD FORAL<\/td>\n<td width=\"104\">\u00a03.752,70 \u20ac<\/td>\n<\/tr>\n<tr>\n<td width=\"483\">ASOCIACI\u00d3N NAVARRA DE AMIGOS DE POLONIA<\/td>\n<td width=\"104\">\u00a0723,16 \u20ac<\/td>\n<\/tr>\n<tr>\n<td width=\"483\">GURATXURI: ASOCIACI\u00d3N DE FAMILIAS DE BUZTINTXURI<\/td>\n<td width=\"104\">\u00a010.330,91 \u20ac<\/td>\n<\/tr>\n<tr>\n<td width=\"483\">LAR GALLEGO<\/td>\n<td width=\"104\">\u00a01.799,39 \u20ac<\/td>\n<\/tr>\n<tr>\n<td width=\"483\">HOGAR EXTREME\u00d1O DE NAVARRA<\/td>\n<td width=\"104\">\u00a01.836,53 \u20ac<\/td>\n<\/tr>\n<tr>\n<td width=\"483\">ASOCIACI\u00d3N CULTURAL REBELDES PAMPLONA EN CONSTITUCI\u00d3N<\/td>\n<td width=\"104\">\u00a01.095,30 \u20ac<\/td>\n<\/tr>\n<tr>\n<td width=\"483\">FENIX ASOCIACI\u00d3N DE APOYO AL REFUGIADO E INMIGRANTES<\/td>\n<td width=\"104\">\u00a04.247,29 \u20ac<\/td>\n<\/tr>\n<tr>\n<td width=\"483\">ASOCIACI\u00d3N DUNIA MUSSO<\/td>\n<td width=\"104\">\u00a03.500,80 \u20ac<\/td>\n<\/tr>\n<tr>\n<td width=\"483\">ASOCIACI\u00d3N INFANTO JUVENIL BUZTINTXUREANDO TXURI<\/td>\n<td width=\"104\">\u00a07.834,27 \u20ac<\/td>\n<\/tr>\n<tr>\n<td width=\"483\">ASOCIACI\u00d3N MORENADA CENTRAL COMUNIDAD COCANI DE ESPA\u00d1A BOLIVIA<\/td>\n<td width=\"104\">\u00a0622,55 \u20ac<\/td>\n<\/tr>\n<tr>\n<td width=\"483\">ASOCIACI\u00d3N NIDO GAUCHO<\/td>\n<td width=\"104\">\u00a02.333,12 \u20ac<\/td>\n<\/tr>\n<tr>\n<td width=\"483\"><\/td>\n<td width=\"104\">\u00a0\u00a050.000,00 \u20ac<\/td>\n<\/tr>\n<\/tbody>\n<\/table>\n<p>&nbsp;<\/p>\n<p><strong>EP\u00cdGRAFE D<\/strong><\/p>\n<p>&nbsp;<\/p>\n<table width=\"586\">\n<tbody>\n<tr>\n<td width=\"501\"><strong>ASOCIACI\u00d3N<\/strong><\/td>\n<td width=\"85\"><strong>SUBVENCI\u00d3N <\/strong><\/td>\n<\/tr>\n<tr>\n<td width=\"501\">ASOCIACI\u00d3N NAVARRA DE PARKINSON<\/td>\n<td width=\"85\">522,23 \u20ac<\/td>\n<\/tr>\n<tr>\n<td width=\"501\">GURE LAN BERRI<\/td>\n<td width=\"85\">1.469,01 \u20ac<\/td>\n<\/tr>\n<tr>\n<td width=\"501\">CLUB CORONARIO PAMPLONA<\/td>\n<td width=\"85\">6.438,72 \u20ac<\/td>\n<\/tr>\n<tr>\n<td width=\"501\">ASOCIACI\u00d3N DE AMIGOS DE LOS CASTILLOS CULTURA Y ARTE DE NAVARRA &#8211; ASAMINA<\/td>\n<td width=\"85\">1.064,18 \u20ac<\/td>\n<\/tr>\n<tr>\n<td width=\"501\">ASOCIACI\u00d3N DE CAMINANTES EL ROBLE-LE CHAINE<\/td>\n<td width=\"85\">983,99 \u20ac<\/td>\n<\/tr>\n<tr>\n<td width=\"501\">ASOCIACI\u00d3N PROVINCIAL PICO DE ORHY<\/td>\n<td width=\"85\">8.785,82 \u20ac<\/td>\n<\/tr>\n<tr>\n<td width=\"501\">ASOCIACI\u00d3N CULTURAL CIRIANO<\/td>\n<td width=\"85\">9.307,29 \u20ac<\/td>\n<\/tr>\n<tr>\n<td width=\"501\">CLUB DE JUBILADOS Y PENSIONISTAS ORVINA 1200<\/td>\n<td width=\"85\">683,67 \u20ac<\/td>\n<\/tr>\n<tr>\n<td width=\"501\">ASOCIACI\u00d3N GURE SAKALDI<\/td>\n<td width=\"85\">965,13 \u20ac<\/td>\n<\/tr>\n<tr>\n<td width=\"501\">ASOC. JUBILADOS-PENSIONISTAS AUZOTEGUI<\/td>\n<td width=\"85\">3.758,51 \u20ac<\/td>\n<\/tr>\n<tr>\n<td width=\"501\">ASOCIACI\u00d3N MAYORES DE NAVARRA SANCHO EL MAYOR<\/td>\n<td width=\"85\">754,39 \u20ac<\/td>\n<\/tr>\n<tr>\n<td width=\"501\">ASOCIACI\u00d3N JUBILADOS PENSIONISTAS YOAR<\/td>\n<td width=\"85\">10.842,01 \u20ac<\/td>\n<\/tr>\n<tr>\n<td width=\"501\">ASOCIACI\u00d3N CLUB DE JUBILADOS IRUBIDE<\/td>\n<td width=\"85\">5.247,73 \u20ac<\/td>\n<\/tr>\n<tr>\n<td width=\"501\">ASOCIACI\u00d3N TALLER DE ARTESAN\u00cdA ARTELAN<\/td>\n<td width=\"85\">1.434,98 \u20ac<\/td>\n<\/tr>\n<tr>\n<td width=\"501\">ASOCIACI\u00d3N GRUPO DE MANUALIDADES TR\u00c9BOL<\/td>\n<td width=\"85\">1.004,49 \u20ac<\/td>\n<\/tr>\n<tr>\n<td width=\"501\">ASOCIACI\u00d3N CLUB DE MONTA\u00d1EROS AITONAK<\/td>\n<td width=\"85\">3.383,44 \u20ac<\/td>\n<\/tr>\n<tr>\n<td width=\"501\">FUNDACION PROFESIONALES SOLIDARIOS<\/td>\n<td width=\"85\">1.508,78 \u20ac<\/td>\n<\/tr>\n<tr>\n<td width=\"501\">ASOCIACI\u00d3N DE JUBILADOS &#8216;EL SALVADOR&#8217;<\/td>\n<td width=\"85\">9.071,55 \u20ac<\/td>\n<\/tr>\n<tr>\n<td width=\"501\">UNI\u00d3N DEPORTIVA CULTURAL ROCHAPEA<\/td>\n<td width=\"85\">1.244,75 \u20ac<\/td>\n<\/tr>\n<tr>\n<td width=\"501\">ASOCIACI\u00d3N EL BALUARTE<\/td>\n<td width=\"85\">3.443,78 \u20ac<\/td>\n<\/tr>\n<tr>\n<td width=\"501\">PACTO PERSONA MAYOR SAN JUAN<\/td>\n<td width=\"85\">3.160,00 \u20ac<\/td>\n<\/tr>\n<tr>\n<td width=\"501\">ASOCIACI\u00d3N JUBILADOS Y PENSIONISTAS SAN FRANCISCO<\/td>\n<td width=\"85\">1.073,88 \u20ac<\/td>\n<\/tr>\n<tr>\n<td width=\"501\">ASOCIACI\u00d3N DE JUBILADOS SAN PEDRO<\/td>\n<td width=\"85\">747,83 \u20ac<\/td>\n<\/tr>\n<tr>\n<td width=\"501\">ASOCIACI\u00d3N JUBILADOS &#8216;LARRABIDE-GOROABE&#8217;<\/td>\n<td width=\"85\">1.156,19 \u20ac<\/td>\n<\/tr>\n<tr>\n<td width=\"501\">ASOCIACI\u00d3N DE JUBILADOS Y PENSIONISTAS DE SAN JORGE<\/td>\n<td width=\"85\">2.213,97 \u20ac<\/td>\n<\/tr>\n<tr>\n<td width=\"501\">ASOCIACI\u00d3N DE JUBILADOS Y PENSIONISTAS DE ERMITAGA\u00d1A Y MENDEBALDEA ERYMEN<\/td>\n<td width=\"85\">5.812,82 \u20ac<\/td>\n<\/tr>\n<tr>\n<td width=\"501\">ASOCIACI\u00d3N NAVARRA POR SEVILLANAS<\/td>\n<td width=\"85\">2.883,08 \u20ac<\/td>\n<\/tr>\n<tr>\n<td width=\"501\">ASOCIACI\u00d3N ETXEKIDE<\/td>\n<td width=\"85\">1.037,78 \u20ac<\/td>\n<\/tr>\n<tr>\n<td width=\"501\"><\/td>\n<td width=\"85\">90.000,00 \u20ac<\/td>\n<\/tr>\n<\/tbody>\n<\/table>\n<p>&nbsp;<\/p>\n","protected":false},"excerpt":{"rendered":"<p>El Ayuntamiento de Pamplona ha repartido 500.000 euros en una convocatoria con cuatro ep\u00edgrafes en funci\u00f3n de la asociaci\u00f3n y la actividad a financiar<\/p>\n","protected":false},"author":1,"featured_media":51233,"comment_status":"open","ping_status":"closed","sticky":false,"template":"","format":"standard","meta":{"footnotes":""},"categories":[2],"tags":[],"class_list":["post-51232","post","type-post","status-publish","format-standard","has-post-thumbnail","hentry","category-ayuntamiento-pamplona"],"yoast_head":"<!-- This site is optimized with the Yoast SEO plugin v27.3 - https:\/\/yoast.com\/product\/yoast-seo-wordpress\/ -->\n<title>M\u00e1s de un centenar de asociaciones sin \u00e1nimo de lucro se van a beneficiar este a\u00f1o de las subvenciones municipales a la participaci\u00f3n ciudadana<\/title>\n<meta name=\"description\" content=\"El Ayuntamiento de Pamplona ha repartido 500.000 euros en una convocatoria con cuatro ep\u00edgrafes en funci\u00f3n de la asociaci\u00f3n y la actividad a financiar\" \/>\n<meta name=\"robots\" content=\"index, follow, max-snippet:-1, max-image-preview:large, max-video-preview:-1\" \/>\n<link rel=\"canonical\" href=\"https:\/\/www.laguiadepamplona.com\/actualidad\/mas-de-un-centenar-de-asociaciones-sin-animo-de-lucro-se-van-a-beneficiar-este-ano-de-las-subvenciones-municipales-a-la-participacion-ciudadana\/\" \/>\n<meta property=\"og:locale\" content=\"es_ES\" \/>\n<meta property=\"og:type\" content=\"article\" \/>\n<meta property=\"og:title\" content=\"M\u00e1s de un centenar de asociaciones sin \u00e1nimo de lucro se van a beneficiar este a\u00f1o de las subvenciones municipales a la participaci\u00f3n ciudadana\" \/>\n<meta property=\"og:description\" content=\"El Ayuntamiento de Pamplona ha repartido 500.000 euros en una convocatoria con cuatro ep\u00edgrafes en funci\u00f3n de la asociaci\u00f3n y la actividad a financiar\" \/>\n<meta property=\"og:url\" content=\"https:\/\/www.laguiadepamplona.com\/actualidad\/mas-de-un-centenar-de-asociaciones-sin-animo-de-lucro-se-van-a-beneficiar-este-ano-de-las-subvenciones-municipales-a-la-participacion-ciudadana\/\" \/>\n<meta property=\"og:site_name\" content=\"La Gu\u00eda de Pamplona\" \/>\n<meta property=\"article:publisher\" content=\"https:\/\/www.facebook.com\/laguiadepamplonacom-133175176762273\/?ref=hl\" \/>\n<meta property=\"article:published_time\" content=\"2024-11-07T11:58:58+00:00\" \/>\n<meta property=\"og:image\" content=\"https:\/\/www.laguiadepamplona.com\/actualidad\/wp-content\/uploads\/2024\/11\/participacion_web.webp\" \/>\n\t<meta property=\"og:image:width\" content=\"1000\" \/>\n\t<meta property=\"og:image:height\" content=\"665\" \/>\n\t<meta property=\"og:image:type\" content=\"image\/webp\" \/>\n<meta name=\"author\" content=\"La Gu\u00eda de Pamplona\" \/>\n<meta name=\"twitter:card\" content=\"summary_large_image\" \/>\n<meta name=\"twitter:creator\" content=\"@LaGuiadPamplona\" \/>\n<meta name=\"twitter:site\" content=\"@LaGuiadPamplona\" \/>\n<meta name=\"twitter:label1\" content=\"Escrito por\" \/>\n\t<meta name=\"twitter:data1\" content=\"La Gu\u00eda de Pamplona\" \/>\n\t<meta name=\"twitter:label2\" content=\"Tiempo de lectura\" \/>\n\t<meta name=\"twitter:data2\" content=\"6 minutos\" \/>\n<script type=\"application\/ld+json\" class=\"yoast-schema-graph\">{\"@context\":\"https:\\\/\\\/schema.org\",\"@graph\":[{\"@type\":\"Article\",\"@id\":\"https:\\\/\\\/www.laguiadepamplona.com\\\/actualidad\\\/mas-de-un-centenar-de-asociaciones-sin-animo-de-lucro-se-van-a-beneficiar-este-ano-de-las-subvenciones-municipales-a-la-participacion-ciudadana\\\/#article\",\"isPartOf\":{\"@id\":\"https:\\\/\\\/www.laguiadepamplona.com\\\/actualidad\\\/mas-de-un-centenar-de-asociaciones-sin-animo-de-lucro-se-van-a-beneficiar-este-ano-de-las-subvenciones-municipales-a-la-participacion-ciudadana\\\/\"},\"author\":{\"name\":\"La Gu\u00eda de Pamplona\",\"@id\":\"https:\\\/\\\/www.laguiadepamplona.com\\\/actualidad\\\/#\\\/schema\\\/person\\\/efe887376f0213d4657c93adc50b1fdb\"},\"headline\":\"M\u00e1s de un centenar de asociaciones sin \u00e1nimo de lucro se van a beneficiar este a\u00f1o de las subvenciones municipales a la participaci\u00f3n ciudadana\",\"datePublished\":\"2024-11-07T11:58:58+00:00\",\"mainEntityOfPage\":{\"@id\":\"https:\\\/\\\/www.laguiadepamplona.com\\\/actualidad\\\/mas-de-un-centenar-de-asociaciones-sin-animo-de-lucro-se-van-a-beneficiar-este-ano-de-las-subvenciones-municipales-a-la-participacion-ciudadana\\\/\"},\"wordCount\":1211,\"commentCount\":0,\"publisher\":{\"@id\":\"https:\\\/\\\/www.laguiadepamplona.com\\\/actualidad\\\/#organization\"},\"image\":{\"@id\":\"https:\\\/\\\/www.laguiadepamplona.com\\\/actualidad\\\/mas-de-un-centenar-de-asociaciones-sin-animo-de-lucro-se-van-a-beneficiar-este-ano-de-las-subvenciones-municipales-a-la-participacion-ciudadana\\\/#primaryimage\"},\"thumbnailUrl\":\"https:\\\/\\\/www.laguiadepamplona.com\\\/actualidad\\\/wp-content\\\/uploads\\\/2024\\\/11\\\/participacion_web.webp\",\"articleSection\":[\"Ayto Pamplona\"],\"inLanguage\":\"es\",\"potentialAction\":[{\"@type\":\"CommentAction\",\"name\":\"Comment\",\"target\":[\"https:\\\/\\\/www.laguiadepamplona.com\\\/actualidad\\\/mas-de-un-centenar-de-asociaciones-sin-animo-de-lucro-se-van-a-beneficiar-este-ano-de-las-subvenciones-municipales-a-la-participacion-ciudadana\\\/#respond\"]}]},{\"@type\":\"WebPage\",\"@id\":\"https:\\\/\\\/www.laguiadepamplona.com\\\/actualidad\\\/mas-de-un-centenar-de-asociaciones-sin-animo-de-lucro-se-van-a-beneficiar-este-ano-de-las-subvenciones-municipales-a-la-participacion-ciudadana\\\/\",\"url\":\"https:\\\/\\\/www.laguiadepamplona.com\\\/actualidad\\\/mas-de-un-centenar-de-asociaciones-sin-animo-de-lucro-se-van-a-beneficiar-este-ano-de-las-subvenciones-municipales-a-la-participacion-ciudadana\\\/\",\"name\":\"M\u00e1s de un centenar de asociaciones sin \u00e1nimo de lucro se van a beneficiar este a\u00f1o de las subvenciones municipales a la participaci\u00f3n ciudadana\",\"isPartOf\":{\"@id\":\"https:\\\/\\\/www.laguiadepamplona.com\\\/actualidad\\\/#website\"},\"primaryImageOfPage\":{\"@id\":\"https:\\\/\\\/www.laguiadepamplona.com\\\/actualidad\\\/mas-de-un-centenar-de-asociaciones-sin-animo-de-lucro-se-van-a-beneficiar-este-ano-de-las-subvenciones-municipales-a-la-participacion-ciudadana\\\/#primaryimage\"},\"image\":{\"@id\":\"https:\\\/\\\/www.laguiadepamplona.com\\\/actualidad\\\/mas-de-un-centenar-de-asociaciones-sin-animo-de-lucro-se-van-a-beneficiar-este-ano-de-las-subvenciones-municipales-a-la-participacion-ciudadana\\\/#primaryimage\"},\"thumbnailUrl\":\"https:\\\/\\\/www.laguiadepamplona.com\\\/actualidad\\\/wp-content\\\/uploads\\\/2024\\\/11\\\/participacion_web.webp\",\"datePublished\":\"2024-11-07T11:58:58+00:00\",\"description\":\"El Ayuntamiento de Pamplona ha repartido 500.000 euros en una convocatoria con cuatro ep\u00edgrafes en funci\u00f3n de la asociaci\u00f3n y la actividad a financiar\",\"breadcrumb\":{\"@id\":\"https:\\\/\\\/www.laguiadepamplona.com\\\/actualidad\\\/mas-de-un-centenar-de-asociaciones-sin-animo-de-lucro-se-van-a-beneficiar-este-ano-de-las-subvenciones-municipales-a-la-participacion-ciudadana\\\/#breadcrumb\"},\"inLanguage\":\"es\",\"potentialAction\":[{\"@type\":\"ReadAction\",\"target\":[\"https:\\\/\\\/www.laguiadepamplona.com\\\/actualidad\\\/mas-de-un-centenar-de-asociaciones-sin-animo-de-lucro-se-van-a-beneficiar-este-ano-de-las-subvenciones-municipales-a-la-participacion-ciudadana\\\/\"]}]},{\"@type\":\"ImageObject\",\"inLanguage\":\"es\",\"@id\":\"https:\\\/\\\/www.laguiadepamplona.com\\\/actualidad\\\/mas-de-un-centenar-de-asociaciones-sin-animo-de-lucro-se-van-a-beneficiar-este-ano-de-las-subvenciones-municipales-a-la-participacion-ciudadana\\\/#primaryimage\",\"url\":\"https:\\\/\\\/www.laguiadepamplona.com\\\/actualidad\\\/wp-content\\\/uploads\\\/2024\\\/11\\\/participacion_web.webp\",\"contentUrl\":\"https:\\\/\\\/www.laguiadepamplona.com\\\/actualidad\\\/wp-content\\\/uploads\\\/2024\\\/11\\\/participacion_web.webp\",\"width\":1000,\"height\":665,\"caption\":\"participaci\u00f3n ciudadana\"},{\"@type\":\"BreadcrumbList\",\"@id\":\"https:\\\/\\\/www.laguiadepamplona.com\\\/actualidad\\\/mas-de-un-centenar-de-asociaciones-sin-animo-de-lucro-se-van-a-beneficiar-este-ano-de-las-subvenciones-municipales-a-la-participacion-ciudadana\\\/#breadcrumb\",\"itemListElement\":[{\"@type\":\"ListItem\",\"position\":1,\"name\":\"Portada\",\"item\":\"https:\\\/\\\/www.laguiadepamplona.com\\\/actualidad\\\/\"},{\"@type\":\"ListItem\",\"position\":2,\"name\":\"M\u00e1s de un centenar de asociaciones sin \u00e1nimo de lucro se van a beneficiar este a\u00f1o de las subvenciones municipales a la participaci\u00f3n ciudadana\"}]},{\"@type\":\"WebSite\",\"@id\":\"https:\\\/\\\/www.laguiadepamplona.com\\\/actualidad\\\/#website\",\"url\":\"https:\\\/\\\/www.laguiadepamplona.com\\\/actualidad\\\/\",\"name\":\"La gu\u00eda de Pamplona\",\"description\":\"Noticias de Pamplona\",\"publisher\":{\"@id\":\"https:\\\/\\\/www.laguiadepamplona.com\\\/actualidad\\\/#organization\"},\"potentialAction\":[{\"@type\":\"SearchAction\",\"target\":{\"@type\":\"EntryPoint\",\"urlTemplate\":\"https:\\\/\\\/www.laguiadepamplona.com\\\/actualidad\\\/?s={search_term_string}\"},\"query-input\":{\"@type\":\"PropertyValueSpecification\",\"valueRequired\":true,\"valueName\":\"search_term_string\"}}],\"inLanguage\":\"es\"},{\"@type\":\"Organization\",\"@id\":\"https:\\\/\\\/www.laguiadepamplona.com\\\/actualidad\\\/#organization\",\"name\":\"La Gu\u00eda de Pamplona \\\/ Noticias\",\"url\":\"https:\\\/\\\/www.laguiadepamplona.com\\\/actualidad\\\/\",\"logo\":{\"@type\":\"ImageObject\",\"inLanguage\":\"es\",\"@id\":\"https:\\\/\\\/www.laguiadepamplona.com\\\/actualidad\\\/#\\\/schema\\\/logo\\\/image\\\/\",\"url\":\"https:\\\/\\\/www.laguiadepamplona.com\\\/actualidad\\\/wp-content\\\/uploads\\\/2018\\\/11\\\/logo-laguiadepamplona18-web1.png\",\"contentUrl\":\"https:\\\/\\\/www.laguiadepamplona.com\\\/actualidad\\\/wp-content\\\/uploads\\\/2018\\\/11\\\/logo-laguiadepamplona18-web1.png\",\"width\":600,\"height\":196,\"caption\":\"La Gu\u00eda de Pamplona \\\/ Noticias\"},\"image\":{\"@id\":\"https:\\\/\\\/www.laguiadepamplona.com\\\/actualidad\\\/#\\\/schema\\\/logo\\\/image\\\/\"},\"sameAs\":[\"https:\\\/\\\/www.facebook.com\\\/laguiadepamplonacom-133175176762273\\\/?ref=hl\",\"https:\\\/\\\/x.com\\\/LaGuiadPamplona\",\"https:\\\/\\\/www.instagram.com\\\/la_guia_de_pamplona\\\/\",\"https:\\\/\\\/www.youtube.com\\\/user\\\/laguiadepamplona\"]},{\"@type\":\"Person\",\"@id\":\"https:\\\/\\\/www.laguiadepamplona.com\\\/actualidad\\\/#\\\/schema\\\/person\\\/efe887376f0213d4657c93adc50b1fdb\",\"name\":\"La Gu\u00eda de Pamplona\",\"image\":{\"@type\":\"ImageObject\",\"inLanguage\":\"es\",\"@id\":\"https:\\\/\\\/secure.gravatar.com\\\/avatar\\\/b6992f131dc8d30ab0dff15446e9d346d9dbd95992de0fef795073f5ea83a81c?s=96&d=mm&r=g\",\"url\":\"https:\\\/\\\/secure.gravatar.com\\\/avatar\\\/b6992f131dc8d30ab0dff15446e9d346d9dbd95992de0fef795073f5ea83a81c?s=96&d=mm&r=g\",\"contentUrl\":\"https:\\\/\\\/secure.gravatar.com\\\/avatar\\\/b6992f131dc8d30ab0dff15446e9d346d9dbd95992de0fef795073f5ea83a81c?s=96&d=mm&r=g\",\"caption\":\"La Gu\u00eda de Pamplona\"}}]}<\/script>\n<!-- \/ Yoast SEO plugin. -->","yoast_head_json":{"title":"M\u00e1s de un centenar de asociaciones sin \u00e1nimo de lucro se van a beneficiar este a\u00f1o de las subvenciones municipales a la participaci\u00f3n ciudadana","description":"El Ayuntamiento de Pamplona ha repartido 500.000 euros en una convocatoria con cuatro ep\u00edgrafes en funci\u00f3n de la asociaci\u00f3n y la actividad a financiar","robots":{"index":"index","follow":"follow","max-snippet":"max-snippet:-1","max-image-preview":"max-image-preview:large","max-video-preview":"max-video-preview:-1"},"canonical":"https:\/\/www.laguiadepamplona.com\/actualidad\/mas-de-un-centenar-de-asociaciones-sin-animo-de-lucro-se-van-a-beneficiar-este-ano-de-las-subvenciones-municipales-a-la-participacion-ciudadana\/","og_locale":"es_ES","og_type":"article","og_title":"M\u00e1s de un centenar de asociaciones sin \u00e1nimo de lucro se van a beneficiar este a\u00f1o de las subvenciones municipales a la participaci\u00f3n ciudadana","og_description":"El Ayuntamiento de Pamplona ha repartido 500.000 euros en una convocatoria con cuatro ep\u00edgrafes en funci\u00f3n de la asociaci\u00f3n y la actividad a financiar","og_url":"https:\/\/www.laguiadepamplona.com\/actualidad\/mas-de-un-centenar-de-asociaciones-sin-animo-de-lucro-se-van-a-beneficiar-este-ano-de-las-subvenciones-municipales-a-la-participacion-ciudadana\/","og_site_name":"La Gu\u00eda de Pamplona","article_publisher":"https:\/\/www.facebook.com\/laguiadepamplonacom-133175176762273\/?ref=hl","article_published_time":"2024-11-07T11:58:58+00:00","og_image":[{"width":1000,"height":665,"url":"https:\/\/www.laguiadepamplona.com\/actualidad\/wp-content\/uploads\/2024\/11\/participacion_web.webp","type":"image\/webp"}],"author":"La Gu\u00eda de Pamplona","twitter_card":"summary_large_image","twitter_creator":"@LaGuiadPamplona","twitter_site":"@LaGuiadPamplona","twitter_misc":{"Escrito por":"La Gu\u00eda de Pamplona","Tiempo de lectura":"6 minutos"},"schema":{"@context":"https:\/\/schema.org","@graph":[{"@type":"Article","@id":"https:\/\/www.laguiadepamplona.com\/actualidad\/mas-de-un-centenar-de-asociaciones-sin-animo-de-lucro-se-van-a-beneficiar-este-ano-de-las-subvenciones-municipales-a-la-participacion-ciudadana\/#article","isPartOf":{"@id":"https:\/\/www.laguiadepamplona.com\/actualidad\/mas-de-un-centenar-de-asociaciones-sin-animo-de-lucro-se-van-a-beneficiar-este-ano-de-las-subvenciones-municipales-a-la-participacion-ciudadana\/"},"author":{"name":"La Gu\u00eda de Pamplona","@id":"https:\/\/www.laguiadepamplona.com\/actualidad\/#\/schema\/person\/efe887376f0213d4657c93adc50b1fdb"},"headline":"M\u00e1s de un centenar de asociaciones sin \u00e1nimo de lucro se van a beneficiar este a\u00f1o de las subvenciones municipales a la participaci\u00f3n ciudadana","datePublished":"2024-11-07T11:58:58+00:00","mainEntityOfPage":{"@id":"https:\/\/www.laguiadepamplona.com\/actualidad\/mas-de-un-centenar-de-asociaciones-sin-animo-de-lucro-se-van-a-beneficiar-este-ano-de-las-subvenciones-municipales-a-la-participacion-ciudadana\/"},"wordCount":1211,"commentCount":0,"publisher":{"@id":"https:\/\/www.laguiadepamplona.com\/actualidad\/#organization"},"image":{"@id":"https:\/\/www.laguiadepamplona.com\/actualidad\/mas-de-un-centenar-de-asociaciones-sin-animo-de-lucro-se-van-a-beneficiar-este-ano-de-las-subvenciones-municipales-a-la-participacion-ciudadana\/#primaryimage"},"thumbnailUrl":"https:\/\/www.laguiadepamplona.com\/actualidad\/wp-content\/uploads\/2024\/11\/participacion_web.webp","articleSection":["Ayto Pamplona"],"inLanguage":"es","potentialAction":[{"@type":"CommentAction","name":"Comment","target":["https:\/\/www.laguiadepamplona.com\/actualidad\/mas-de-un-centenar-de-asociaciones-sin-animo-de-lucro-se-van-a-beneficiar-este-ano-de-las-subvenciones-municipales-a-la-participacion-ciudadana\/#respond"]}]},{"@type":"WebPage","@id":"https:\/\/www.laguiadepamplona.com\/actualidad\/mas-de-un-centenar-de-asociaciones-sin-animo-de-lucro-se-van-a-beneficiar-este-ano-de-las-subvenciones-municipales-a-la-participacion-ciudadana\/","url":"https:\/\/www.laguiadepamplona.com\/actualidad\/mas-de-un-centenar-de-asociaciones-sin-animo-de-lucro-se-van-a-beneficiar-este-ano-de-las-subvenciones-municipales-a-la-participacion-ciudadana\/","name":"M\u00e1s de un centenar de asociaciones sin \u00e1nimo de lucro se van a beneficiar este a\u00f1o de las subvenciones municipales a la participaci\u00f3n ciudadana","isPartOf":{"@id":"https:\/\/www.laguiadepamplona.com\/actualidad\/#website"},"primaryImageOfPage":{"@id":"https:\/\/www.laguiadepamplona.com\/actualidad\/mas-de-un-centenar-de-asociaciones-sin-animo-de-lucro-se-van-a-beneficiar-este-ano-de-las-subvenciones-municipales-a-la-participacion-ciudadana\/#primaryimage"},"image":{"@id":"https:\/\/www.laguiadepamplona.com\/actualidad\/mas-de-un-centenar-de-asociaciones-sin-animo-de-lucro-se-van-a-beneficiar-este-ano-de-las-subvenciones-municipales-a-la-participacion-ciudadana\/#primaryimage"},"thumbnailUrl":"https:\/\/www.laguiadepamplona.com\/actualidad\/wp-content\/uploads\/2024\/11\/participacion_web.webp","datePublished":"2024-11-07T11:58:58+00:00","description":"El Ayuntamiento de Pamplona ha repartido 500.000 euros en una convocatoria con cuatro ep\u00edgrafes en funci\u00f3n de la asociaci\u00f3n y la actividad a financiar","breadcrumb":{"@id":"https:\/\/www.laguiadepamplona.com\/actualidad\/mas-de-un-centenar-de-asociaciones-sin-animo-de-lucro-se-van-a-beneficiar-este-ano-de-las-subvenciones-municipales-a-la-participacion-ciudadana\/#breadcrumb"},"inLanguage":"es","potentialAction":[{"@type":"ReadAction","target":["https:\/\/www.laguiadepamplona.com\/actualidad\/mas-de-un-centenar-de-asociaciones-sin-animo-de-lucro-se-van-a-beneficiar-este-ano-de-las-subvenciones-municipales-a-la-participacion-ciudadana\/"]}]},{"@type":"ImageObject","inLanguage":"es","@id":"https:\/\/www.laguiadepamplona.com\/actualidad\/mas-de-un-centenar-de-asociaciones-sin-animo-de-lucro-se-van-a-beneficiar-este-ano-de-las-subvenciones-municipales-a-la-participacion-ciudadana\/#primaryimage","url":"https:\/\/www.laguiadepamplona.com\/actualidad\/wp-content\/uploads\/2024\/11\/participacion_web.webp","contentUrl":"https:\/\/www.laguiadepamplona.com\/actualidad\/wp-content\/uploads\/2024\/11\/participacion_web.webp","width":1000,"height":665,"caption":"participaci\u00f3n ciudadana"},{"@type":"BreadcrumbList","@id":"https:\/\/www.laguiadepamplona.com\/actualidad\/mas-de-un-centenar-de-asociaciones-sin-animo-de-lucro-se-van-a-beneficiar-este-ano-de-las-subvenciones-municipales-a-la-participacion-ciudadana\/#breadcrumb","itemListElement":[{"@type":"ListItem","position":1,"name":"Portada","item":"https:\/\/www.laguiadepamplona.com\/actualidad\/"},{"@type":"ListItem","position":2,"name":"M\u00e1s de un centenar de asociaciones sin \u00e1nimo de lucro se van a beneficiar este a\u00f1o de las subvenciones municipales a la participaci\u00f3n ciudadana"}]},{"@type":"WebSite","@id":"https:\/\/www.laguiadepamplona.com\/actualidad\/#website","url":"https:\/\/www.laguiadepamplona.com\/actualidad\/","name":"La gu\u00eda de Pamplona","description":"Noticias de Pamplona","publisher":{"@id":"https:\/\/www.laguiadepamplona.com\/actualidad\/#organization"},"potentialAction":[{"@type":"SearchAction","target":{"@type":"EntryPoint","urlTemplate":"https:\/\/www.laguiadepamplona.com\/actualidad\/?s={search_term_string}"},"query-input":{"@type":"PropertyValueSpecification","valueRequired":true,"valueName":"search_term_string"}}],"inLanguage":"es"},{"@type":"Organization","@id":"https:\/\/www.laguiadepamplona.com\/actualidad\/#organization","name":"La Gu\u00eda de Pamplona \/ Noticias","url":"https:\/\/www.laguiadepamplona.com\/actualidad\/","logo":{"@type":"ImageObject","inLanguage":"es","@id":"https:\/\/www.laguiadepamplona.com\/actualidad\/#\/schema\/logo\/image\/","url":"https:\/\/www.laguiadepamplona.com\/actualidad\/wp-content\/uploads\/2018\/11\/logo-laguiadepamplona18-web1.png","contentUrl":"https:\/\/www.laguiadepamplona.com\/actualidad\/wp-content\/uploads\/2018\/11\/logo-laguiadepamplona18-web1.png","width":600,"height":196,"caption":"La Gu\u00eda de Pamplona \/ Noticias"},"image":{"@id":"https:\/\/www.laguiadepamplona.com\/actualidad\/#\/schema\/logo\/image\/"},"sameAs":["https:\/\/www.facebook.com\/laguiadepamplonacom-133175176762273\/?ref=hl","https:\/\/x.com\/LaGuiadPamplona","https:\/\/www.instagram.com\/la_guia_de_pamplona\/","https:\/\/www.youtube.com\/user\/laguiadepamplona"]},{"@type":"Person","@id":"https:\/\/www.laguiadepamplona.com\/actualidad\/#\/schema\/person\/efe887376f0213d4657c93adc50b1fdb","name":"La Gu\u00eda de Pamplona","image":{"@type":"ImageObject","inLanguage":"es","@id":"https:\/\/secure.gravatar.com\/avatar\/b6992f131dc8d30ab0dff15446e9d346d9dbd95992de0fef795073f5ea83a81c?s=96&d=mm&r=g","url":"https:\/\/secure.gravatar.com\/avatar\/b6992f131dc8d30ab0dff15446e9d346d9dbd95992de0fef795073f5ea83a81c?s=96&d=mm&r=g","contentUrl":"https:\/\/secure.gravatar.com\/avatar\/b6992f131dc8d30ab0dff15446e9d346d9dbd95992de0fef795073f5ea83a81c?s=96&d=mm&r=g","caption":"La Gu\u00eda de Pamplona"}}]}},"post_mailing_queue_ids":[],"_links":{"self":[{"href":"https:\/\/www.laguiadepamplona.com\/actualidad\/wp-json\/wp\/v2\/posts\/51232","targetHints":{"allow":["GET"]}}],"collection":[{"href":"https:\/\/www.laguiadepamplona.com\/actualidad\/wp-json\/wp\/v2\/posts"}],"about":[{"href":"https:\/\/www.laguiadepamplona.com\/actualidad\/wp-json\/wp\/v2\/types\/post"}],"author":[{"embeddable":true,"href":"https:\/\/www.laguiadepamplona.com\/actualidad\/wp-json\/wp\/v2\/users\/1"}],"replies":[{"embeddable":true,"href":"https:\/\/www.laguiadepamplona.com\/actualidad\/wp-json\/wp\/v2\/comments?post=51232"}],"version-history":[{"count":1,"href":"https:\/\/www.laguiadepamplona.com\/actualidad\/wp-json\/wp\/v2\/posts\/51232\/revisions"}],"predecessor-version":[{"id":51234,"href":"https:\/\/www.laguiadepamplona.com\/actualidad\/wp-json\/wp\/v2\/posts\/51232\/revisions\/51234"}],"wp:featuredmedia":[{"embeddable":true,"href":"https:\/\/www.laguiadepamplona.com\/actualidad\/wp-json\/wp\/v2\/media\/51233"}],"wp:attachment":[{"href":"https:\/\/www.laguiadepamplona.com\/actualidad\/wp-json\/wp\/v2\/media?parent=51232"}],"wp:term":[{"taxonomy":"category","embeddable":true,"href":"https:\/\/www.laguiadepamplona.com\/actualidad\/wp-json\/wp\/v2\/categories?post=51232"},{"taxonomy":"post_tag","embeddable":true,"href":"https:\/\/www.laguiadepamplona.com\/actualidad\/wp-json\/wp\/v2\/tags?post=51232"}],"curies":[{"name":"wp","href":"https:\/\/api.w.org\/{rel}","templated":true}]}}