{"id":51229,"date":"2024-11-07T13:54:27","date_gmt":"2024-11-07T11:54:27","guid":{"rendered":"https:\/\/www.laguiadepamplona.com\/actualidad\/?p=51229"},"modified":"2024-11-07T13:54:27","modified_gmt":"2024-11-07T11:54:27","slug":"varias-areas-municipales-se-reunen-para-establecer-criterios-conjuntos-que-serviran-para-descentralizar-los-eventos-que-se-celebran-en-el-casco-viejo","status":"publish","type":"post","link":"https:\/\/www.laguiadepamplona.com\/actualidad\/varias-areas-municipales-se-reunen-para-establecer-criterios-conjuntos-que-serviran-para-descentralizar-los-eventos-que-se-celebran-en-el-casco-viejo\/","title":{"rendered":"Varias \u00e1reas municipales se re\u00fanen para establecer criterios conjuntos que servir\u00e1n para descentralizar los eventos que se celebran en el Casco Viejo"},"content":{"rendered":"<h2>El objetivo es facilitar el acceso a una oferta cultural, cercana, gratuita y de calidad a la ciudadan\u00eda, independientemente de su lugar de residencia<\/h2>\n<p><!--more--><\/p>\n<p>El Ayuntamiento de Pamplona ha celebrado una primera reuni\u00f3n entre \u00e1reas para establecer criterios conjuntos que descongestionen la acumulaci\u00f3n de eventos en el Casco Viejo de la ciudad. El objetivo es que cada \u00e1rea afectada identifique y categorice los eventos que pueden trasladarse a otros barrios, siguiendo la declaraci\u00f3n aprobada por unanimidad en el Pleno del 3 de octubre, que impulsa la descentralizaci\u00f3n de ciertos eventos culturales, festivos y deportivos de la ciudad, hacia barrios perif\u00e9ricos, con el fin de que toda la ciudadan\u00eda, independientemente de su lugar de residencia, tenga acceso a una oferta cultural, cercana, gratuita y de calidad.<\/p>\n<p>En este primer encuentro han participado la concejala del \u00e1rea de Cultura, Fiestas, Educaci\u00f3n y Deporte, Maider Beloki Unzu, y su director, I\u00f1igo G\u00f3mez Eguiluz; la concejala de barrio, Zaloa Basabe Guti\u00e9rrez; el concejal del \u00e1rea de Seguridad y Convivencia Ciudadana, Endika Alonso Irisarri, el director del \u00e1rea, Juan Manuel Gil Larequi, y el t\u00e9cnico Josetxo Romero Urtasun; y el concejal de Promoci\u00f3n Econ\u00f3mica, Proyecci\u00f3n Europea, Innovaci\u00f3n, Juventud y Cooperaci\u00f3n al Desarrollo, Mikel Armend\u00e1riz Barnechea.<\/p>\n<p>En la reuni\u00f3n se han tratado los diferentes eventos que afectan al Casco Antiguo de la ciudad y las diferencias entre las afecciones del ocio nocturno y las actividades autorizadas que tienen lugar. En cuanto a los eventos deportivos, el \u00e1rea se ha centrado en diferenciar lo que son eventos con fines solidarios, como la Carrera contra el C\u00e1ncer; eventos de car\u00e1cter m\u00e1s popular, como la Media de San Ferm\u00edn; y eventos m\u00e1s deportivos, como campeonatos o rondas ciclistas que atraviesan las calles del centro. De forma similar se han abordado las actividades culturales y los actos programados en fechas se\u00f1aladas.<\/p>\n<p>La idea es analizar los tipos de eventos que afectan a las calles del centro, para poder canalizarlos hacia otras zonas, con criterios uniformes, de modo que se aumente la oferta en barrios m\u00e1s alejados del centro, sin perder de vista las posibles afecciones que supondr\u00edan en esas \u00e1reas. Este aspecto es relevante tambi\u00e9n para las personas mayores y con movilidad reducida, especialmente en eventos clave como las fiestas de San Ferm\u00edn.<\/p>\n","protected":false},"excerpt":{"rendered":"<p>El objetivo es facilitar el acceso a una oferta cultural, cercana, gratuita y de calidad a la ciudadan\u00eda, independientemente de su lugar de residencia<\/p>\n","protected":false},"author":1,"featured_media":51230,"comment_status":"open","ping_status":"closed","sticky":false,"template":"","format":"standard","meta":{"footnotes":""},"categories":[2],"tags":[],"class_list":["post-51229","post","type-post","status-publish","format-standard","has-post-thumbnail","hentry","category-ayuntamiento-pamplona"],"yoast_head":"<!-- This site is optimized with the Yoast SEO plugin v27.3 - https:\/\/yoast.com\/product\/yoast-seo-wordpress\/ -->\n<title>Varias \u00e1reas municipales se re\u00fanen para establecer criterios conjuntos que servir\u00e1n para descentralizar los eventos que se celebran en el Casco Viejo<\/title>\n<meta name=\"description\" content=\"El objetivo es facilitar el acceso a una oferta cultural, cercana, gratuita y de calidad a la ciudadan\u00eda, independientemente de su lugar de residencia\" \/>\n<meta name=\"robots\" content=\"index, follow, max-snippet:-1, max-image-preview:large, max-video-preview:-1\" \/>\n<link rel=\"canonical\" href=\"https:\/\/www.laguiadepamplona.com\/actualidad\/varias-areas-municipales-se-reunen-para-establecer-criterios-conjuntos-que-serviran-para-descentralizar-los-eventos-que-se-celebran-en-el-casco-viejo\/\" \/>\n<meta property=\"og:locale\" content=\"es_ES\" \/>\n<meta property=\"og:type\" content=\"article\" \/>\n<meta property=\"og:title\" content=\"Varias \u00e1reas municipales se re\u00fanen para establecer criterios conjuntos que servir\u00e1n para descentralizar los eventos que se celebran en el Casco Viejo\" \/>\n<meta property=\"og:description\" content=\"El objetivo es facilitar el acceso a una oferta cultural, cercana, gratuita y de calidad a la ciudadan\u00eda, independientemente de su lugar de residencia\" \/>\n<meta property=\"og:url\" content=\"https:\/\/www.laguiadepamplona.com\/actualidad\/varias-areas-municipales-se-reunen-para-establecer-criterios-conjuntos-que-serviran-para-descentralizar-los-eventos-que-se-celebran-en-el-casco-viejo\/\" \/>\n<meta property=\"og:site_name\" content=\"La Gu\u00eda de Pamplona\" \/>\n<meta property=\"article:publisher\" content=\"https:\/\/www.facebook.com\/laguiadepamplonacom-133175176762273\/?ref=hl\" \/>\n<meta property=\"article:published_time\" content=\"2024-11-07T11:54:27+00:00\" \/>\n<meta property=\"og:image\" content=\"https:\/\/www.laguiadepamplona.com\/actualidad\/wp-content\/uploads\/2024\/11\/REUNION-SOBRE-ACTIVIDADES-EN-EL-CASCO-ANTIGUO_1.webp\" \/>\n\t<meta property=\"og:image:width\" content=\"1000\" \/>\n\t<meta property=\"og:image:height\" content=\"666\" \/>\n\t<meta property=\"og:image:type\" content=\"image\/webp\" \/>\n<meta name=\"author\" content=\"La Gu\u00eda de Pamplona\" \/>\n<meta name=\"twitter:card\" content=\"summary_large_image\" \/>\n<meta name=\"twitter:creator\" content=\"@LaGuiadPamplona\" \/>\n<meta name=\"twitter:site\" content=\"@LaGuiadPamplona\" \/>\n<meta name=\"twitter:label1\" content=\"Escrito por\" \/>\n\t<meta name=\"twitter:data1\" content=\"La Gu\u00eda de Pamplona\" \/>\n\t<meta name=\"twitter:label2\" content=\"Tiempo de lectura\" \/>\n\t<meta name=\"twitter:data2\" content=\"2 minutos\" \/>\n<script type=\"application\/ld+json\" class=\"yoast-schema-graph\">{\"@context\":\"https:\\\/\\\/schema.org\",\"@graph\":[{\"@type\":\"Article\",\"@id\":\"https:\\\/\\\/www.laguiadepamplona.com\\\/actualidad\\\/varias-areas-municipales-se-reunen-para-establecer-criterios-conjuntos-que-serviran-para-descentralizar-los-eventos-que-se-celebran-en-el-casco-viejo\\\/#article\",\"isPartOf\":{\"@id\":\"https:\\\/\\\/www.laguiadepamplona.com\\\/actualidad\\\/varias-areas-municipales-se-reunen-para-establecer-criterios-conjuntos-que-serviran-para-descentralizar-los-eventos-que-se-celebran-en-el-casco-viejo\\\/\"},\"author\":{\"name\":\"La Gu\u00eda de Pamplona\",\"@id\":\"https:\\\/\\\/www.laguiadepamplona.com\\\/actualidad\\\/#\\\/schema\\\/person\\\/efe887376f0213d4657c93adc50b1fdb\"},\"headline\":\"Varias \u00e1reas municipales se re\u00fanen para establecer criterios conjuntos que servir\u00e1n para descentralizar los eventos que se celebran en el Casco Viejo\",\"datePublished\":\"2024-11-07T11:54:27+00:00\",\"mainEntityOfPage\":{\"@id\":\"https:\\\/\\\/www.laguiadepamplona.com\\\/actualidad\\\/varias-areas-municipales-se-reunen-para-establecer-criterios-conjuntos-que-serviran-para-descentralizar-los-eventos-que-se-celebran-en-el-casco-viejo\\\/\"},\"wordCount\":425,\"commentCount\":0,\"publisher\":{\"@id\":\"https:\\\/\\\/www.laguiadepamplona.com\\\/actualidad\\\/#organization\"},\"image\":{\"@id\":\"https:\\\/\\\/www.laguiadepamplona.com\\\/actualidad\\\/varias-areas-municipales-se-reunen-para-establecer-criterios-conjuntos-que-serviran-para-descentralizar-los-eventos-que-se-celebran-en-el-casco-viejo\\\/#primaryimage\"},\"thumbnailUrl\":\"https:\\\/\\\/www.laguiadepamplona.com\\\/actualidad\\\/wp-content\\\/uploads\\\/2024\\\/11\\\/REUNION-SOBRE-ACTIVIDADES-EN-EL-CASCO-ANTIGUO_1.webp\",\"articleSection\":[\"Ayto Pamplona\"],\"inLanguage\":\"es\",\"potentialAction\":[{\"@type\":\"CommentAction\",\"name\":\"Comment\",\"target\":[\"https:\\\/\\\/www.laguiadepamplona.com\\\/actualidad\\\/varias-areas-municipales-se-reunen-para-establecer-criterios-conjuntos-que-serviran-para-descentralizar-los-eventos-que-se-celebran-en-el-casco-viejo\\\/#respond\"]}]},{\"@type\":\"WebPage\",\"@id\":\"https:\\\/\\\/www.laguiadepamplona.com\\\/actualidad\\\/varias-areas-municipales-se-reunen-para-establecer-criterios-conjuntos-que-serviran-para-descentralizar-los-eventos-que-se-celebran-en-el-casco-viejo\\\/\",\"url\":\"https:\\\/\\\/www.laguiadepamplona.com\\\/actualidad\\\/varias-areas-municipales-se-reunen-para-establecer-criterios-conjuntos-que-serviran-para-descentralizar-los-eventos-que-se-celebran-en-el-casco-viejo\\\/\",\"name\":\"Varias \u00e1reas municipales se re\u00fanen para establecer criterios conjuntos que servir\u00e1n para descentralizar los eventos que se celebran en el Casco Viejo\",\"isPartOf\":{\"@id\":\"https:\\\/\\\/www.laguiadepamplona.com\\\/actualidad\\\/#website\"},\"primaryImageOfPage\":{\"@id\":\"https:\\\/\\\/www.laguiadepamplona.com\\\/actualidad\\\/varias-areas-municipales-se-reunen-para-establecer-criterios-conjuntos-que-serviran-para-descentralizar-los-eventos-que-se-celebran-en-el-casco-viejo\\\/#primaryimage\"},\"image\":{\"@id\":\"https:\\\/\\\/www.laguiadepamplona.com\\\/actualidad\\\/varias-areas-municipales-se-reunen-para-establecer-criterios-conjuntos-que-serviran-para-descentralizar-los-eventos-que-se-celebran-en-el-casco-viejo\\\/#primaryimage\"},\"thumbnailUrl\":\"https:\\\/\\\/www.laguiadepamplona.com\\\/actualidad\\\/wp-content\\\/uploads\\\/2024\\\/11\\\/REUNION-SOBRE-ACTIVIDADES-EN-EL-CASCO-ANTIGUO_1.webp\",\"datePublished\":\"2024-11-07T11:54:27+00:00\",\"description\":\"El objetivo es facilitar el acceso a una oferta cultural, cercana, gratuita y de calidad a la ciudadan\u00eda, independientemente de su lugar de residencia\",\"breadcrumb\":{\"@id\":\"https:\\\/\\\/www.laguiadepamplona.com\\\/actualidad\\\/varias-areas-municipales-se-reunen-para-establecer-criterios-conjuntos-que-serviran-para-descentralizar-los-eventos-que-se-celebran-en-el-casco-viejo\\\/#breadcrumb\"},\"inLanguage\":\"es\",\"potentialAction\":[{\"@type\":\"ReadAction\",\"target\":[\"https:\\\/\\\/www.laguiadepamplona.com\\\/actualidad\\\/varias-areas-municipales-se-reunen-para-establecer-criterios-conjuntos-que-serviran-para-descentralizar-los-eventos-que-se-celebran-en-el-casco-viejo\\\/\"]}]},{\"@type\":\"ImageObject\",\"inLanguage\":\"es\",\"@id\":\"https:\\\/\\\/www.laguiadepamplona.com\\\/actualidad\\\/varias-areas-municipales-se-reunen-para-establecer-criterios-conjuntos-que-serviran-para-descentralizar-los-eventos-que-se-celebran-en-el-casco-viejo\\\/#primaryimage\",\"url\":\"https:\\\/\\\/www.laguiadepamplona.com\\\/actualidad\\\/wp-content\\\/uploads\\\/2024\\\/11\\\/REUNION-SOBRE-ACTIVIDADES-EN-EL-CASCO-ANTIGUO_1.webp\",\"contentUrl\":\"https:\\\/\\\/www.laguiadepamplona.com\\\/actualidad\\\/wp-content\\\/uploads\\\/2024\\\/11\\\/REUNION-SOBRE-ACTIVIDADES-EN-EL-CASCO-ANTIGUO_1.webp\",\"width\":1000,\"height\":666,\"caption\":\"reuni\u00f3n actividades casco antiguo\"},{\"@type\":\"BreadcrumbList\",\"@id\":\"https:\\\/\\\/www.laguiadepamplona.com\\\/actualidad\\\/varias-areas-municipales-se-reunen-para-establecer-criterios-conjuntos-que-serviran-para-descentralizar-los-eventos-que-se-celebran-en-el-casco-viejo\\\/#breadcrumb\",\"itemListElement\":[{\"@type\":\"ListItem\",\"position\":1,\"name\":\"Portada\",\"item\":\"https:\\\/\\\/www.laguiadepamplona.com\\\/actualidad\\\/\"},{\"@type\":\"ListItem\",\"position\":2,\"name\":\"Varias \u00e1reas municipales se re\u00fanen para establecer criterios conjuntos que servir\u00e1n para descentralizar los eventos que se celebran en el Casco Viejo\"}]},{\"@type\":\"WebSite\",\"@id\":\"https:\\\/\\\/www.laguiadepamplona.com\\\/actualidad\\\/#website\",\"url\":\"https:\\\/\\\/www.laguiadepamplona.com\\\/actualidad\\\/\",\"name\":\"La gu\u00eda de Pamplona\",\"description\":\"Noticias de Pamplona\",\"publisher\":{\"@id\":\"https:\\\/\\\/www.laguiadepamplona.com\\\/actualidad\\\/#organization\"},\"potentialAction\":[{\"@type\":\"SearchAction\",\"target\":{\"@type\":\"EntryPoint\",\"urlTemplate\":\"https:\\\/\\\/www.laguiadepamplona.com\\\/actualidad\\\/?s={search_term_string}\"},\"query-input\":{\"@type\":\"PropertyValueSpecification\",\"valueRequired\":true,\"valueName\":\"search_term_string\"}}],\"inLanguage\":\"es\"},{\"@type\":\"Organization\",\"@id\":\"https:\\\/\\\/www.laguiadepamplona.com\\\/actualidad\\\/#organization\",\"name\":\"La Gu\u00eda de Pamplona \\\/ Noticias\",\"url\":\"https:\\\/\\\/www.laguiadepamplona.com\\\/actualidad\\\/\",\"logo\":{\"@type\":\"ImageObject\",\"inLanguage\":\"es\",\"@id\":\"https:\\\/\\\/www.laguiadepamplona.com\\\/actualidad\\\/#\\\/schema\\\/logo\\\/image\\\/\",\"url\":\"https:\\\/\\\/www.laguiadepamplona.com\\\/actualidad\\\/wp-content\\\/uploads\\\/2018\\\/11\\\/logo-laguiadepamplona18-web1.png\",\"contentUrl\":\"https:\\\/\\\/www.laguiadepamplona.com\\\/actualidad\\\/wp-content\\\/uploads\\\/2018\\\/11\\\/logo-laguiadepamplona18-web1.png\",\"width\":600,\"height\":196,\"caption\":\"La Gu\u00eda de Pamplona \\\/ Noticias\"},\"image\":{\"@id\":\"https:\\\/\\\/www.laguiadepamplona.com\\\/actualidad\\\/#\\\/schema\\\/logo\\\/image\\\/\"},\"sameAs\":[\"https:\\\/\\\/www.facebook.com\\\/laguiadepamplonacom-133175176762273\\\/?ref=hl\",\"https:\\\/\\\/x.com\\\/LaGuiadPamplona\",\"https:\\\/\\\/www.instagram.com\\\/la_guia_de_pamplona\\\/\",\"https:\\\/\\\/www.youtube.com\\\/user\\\/laguiadepamplona\"]},{\"@type\":\"Person\",\"@id\":\"https:\\\/\\\/www.laguiadepamplona.com\\\/actualidad\\\/#\\\/schema\\\/person\\\/efe887376f0213d4657c93adc50b1fdb\",\"name\":\"La Gu\u00eda de Pamplona\",\"image\":{\"@type\":\"ImageObject\",\"inLanguage\":\"es\",\"@id\":\"https:\\\/\\\/secure.gravatar.com\\\/avatar\\\/b6992f131dc8d30ab0dff15446e9d346d9dbd95992de0fef795073f5ea83a81c?s=96&d=mm&r=g\",\"url\":\"https:\\\/\\\/secure.gravatar.com\\\/avatar\\\/b6992f131dc8d30ab0dff15446e9d346d9dbd95992de0fef795073f5ea83a81c?s=96&d=mm&r=g\",\"contentUrl\":\"https:\\\/\\\/secure.gravatar.com\\\/avatar\\\/b6992f131dc8d30ab0dff15446e9d346d9dbd95992de0fef795073f5ea83a81c?s=96&d=mm&r=g\",\"caption\":\"La Gu\u00eda de Pamplona\"}}]}<\/script>\n<!-- \/ Yoast SEO plugin. -->","yoast_head_json":{"title":"Varias \u00e1reas municipales se re\u00fanen para establecer criterios conjuntos que servir\u00e1n para descentralizar los eventos que se celebran en el Casco Viejo","description":"El objetivo es facilitar el acceso a una oferta cultural, cercana, gratuita y de calidad a la ciudadan\u00eda, independientemente de su lugar de residencia","robots":{"index":"index","follow":"follow","max-snippet":"max-snippet:-1","max-image-preview":"max-image-preview:large","max-video-preview":"max-video-preview:-1"},"canonical":"https:\/\/www.laguiadepamplona.com\/actualidad\/varias-areas-municipales-se-reunen-para-establecer-criterios-conjuntos-que-serviran-para-descentralizar-los-eventos-que-se-celebran-en-el-casco-viejo\/","og_locale":"es_ES","og_type":"article","og_title":"Varias \u00e1reas municipales se re\u00fanen para establecer criterios conjuntos que servir\u00e1n para descentralizar los eventos que se celebran en el Casco Viejo","og_description":"El objetivo es facilitar el acceso a una oferta cultural, cercana, gratuita y de calidad a la ciudadan\u00eda, independientemente de su lugar de residencia","og_url":"https:\/\/www.laguiadepamplona.com\/actualidad\/varias-areas-municipales-se-reunen-para-establecer-criterios-conjuntos-que-serviran-para-descentralizar-los-eventos-que-se-celebran-en-el-casco-viejo\/","og_site_name":"La Gu\u00eda de Pamplona","article_publisher":"https:\/\/www.facebook.com\/laguiadepamplonacom-133175176762273\/?ref=hl","article_published_time":"2024-11-07T11:54:27+00:00","og_image":[{"width":1000,"height":666,"url":"https:\/\/www.laguiadepamplona.com\/actualidad\/wp-content\/uploads\/2024\/11\/REUNION-SOBRE-ACTIVIDADES-EN-EL-CASCO-ANTIGUO_1.webp","type":"image\/webp"}],"author":"La Gu\u00eda de Pamplona","twitter_card":"summary_large_image","twitter_creator":"@LaGuiadPamplona","twitter_site":"@LaGuiadPamplona","twitter_misc":{"Escrito por":"La Gu\u00eda de Pamplona","Tiempo de lectura":"2 minutos"},"schema":{"@context":"https:\/\/schema.org","@graph":[{"@type":"Article","@id":"https:\/\/www.laguiadepamplona.com\/actualidad\/varias-areas-municipales-se-reunen-para-establecer-criterios-conjuntos-que-serviran-para-descentralizar-los-eventos-que-se-celebran-en-el-casco-viejo\/#article","isPartOf":{"@id":"https:\/\/www.laguiadepamplona.com\/actualidad\/varias-areas-municipales-se-reunen-para-establecer-criterios-conjuntos-que-serviran-para-descentralizar-los-eventos-que-se-celebran-en-el-casco-viejo\/"},"author":{"name":"La Gu\u00eda de Pamplona","@id":"https:\/\/www.laguiadepamplona.com\/actualidad\/#\/schema\/person\/efe887376f0213d4657c93adc50b1fdb"},"headline":"Varias \u00e1reas municipales se re\u00fanen para establecer criterios conjuntos que servir\u00e1n para descentralizar los eventos que se celebran en el Casco Viejo","datePublished":"2024-11-07T11:54:27+00:00","mainEntityOfPage":{"@id":"https:\/\/www.laguiadepamplona.com\/actualidad\/varias-areas-municipales-se-reunen-para-establecer-criterios-conjuntos-que-serviran-para-descentralizar-los-eventos-que-se-celebran-en-el-casco-viejo\/"},"wordCount":425,"commentCount":0,"publisher":{"@id":"https:\/\/www.laguiadepamplona.com\/actualidad\/#organization"},"image":{"@id":"https:\/\/www.laguiadepamplona.com\/actualidad\/varias-areas-municipales-se-reunen-para-establecer-criterios-conjuntos-que-serviran-para-descentralizar-los-eventos-que-se-celebran-en-el-casco-viejo\/#primaryimage"},"thumbnailUrl":"https:\/\/www.laguiadepamplona.com\/actualidad\/wp-content\/uploads\/2024\/11\/REUNION-SOBRE-ACTIVIDADES-EN-EL-CASCO-ANTIGUO_1.webp","articleSection":["Ayto Pamplona"],"inLanguage":"es","potentialAction":[{"@type":"CommentAction","name":"Comment","target":["https:\/\/www.laguiadepamplona.com\/actualidad\/varias-areas-municipales-se-reunen-para-establecer-criterios-conjuntos-que-serviran-para-descentralizar-los-eventos-que-se-celebran-en-el-casco-viejo\/#respond"]}]},{"@type":"WebPage","@id":"https:\/\/www.laguiadepamplona.com\/actualidad\/varias-areas-municipales-se-reunen-para-establecer-criterios-conjuntos-que-serviran-para-descentralizar-los-eventos-que-se-celebran-en-el-casco-viejo\/","url":"https:\/\/www.laguiadepamplona.com\/actualidad\/varias-areas-municipales-se-reunen-para-establecer-criterios-conjuntos-que-serviran-para-descentralizar-los-eventos-que-se-celebran-en-el-casco-viejo\/","name":"Varias \u00e1reas municipales se re\u00fanen para establecer criterios conjuntos que servir\u00e1n para descentralizar los eventos que se celebran en el Casco Viejo","isPartOf":{"@id":"https:\/\/www.laguiadepamplona.com\/actualidad\/#website"},"primaryImageOfPage":{"@id":"https:\/\/www.laguiadepamplona.com\/actualidad\/varias-areas-municipales-se-reunen-para-establecer-criterios-conjuntos-que-serviran-para-descentralizar-los-eventos-que-se-celebran-en-el-casco-viejo\/#primaryimage"},"image":{"@id":"https:\/\/www.laguiadepamplona.com\/actualidad\/varias-areas-municipales-se-reunen-para-establecer-criterios-conjuntos-que-serviran-para-descentralizar-los-eventos-que-se-celebran-en-el-casco-viejo\/#primaryimage"},"thumbnailUrl":"https:\/\/www.laguiadepamplona.com\/actualidad\/wp-content\/uploads\/2024\/11\/REUNION-SOBRE-ACTIVIDADES-EN-EL-CASCO-ANTIGUO_1.webp","datePublished":"2024-11-07T11:54:27+00:00","description":"El objetivo es facilitar el acceso a una oferta cultural, cercana, gratuita y de calidad a la ciudadan\u00eda, independientemente de su lugar de residencia","breadcrumb":{"@id":"https:\/\/www.laguiadepamplona.com\/actualidad\/varias-areas-municipales-se-reunen-para-establecer-criterios-conjuntos-que-serviran-para-descentralizar-los-eventos-que-se-celebran-en-el-casco-viejo\/#breadcrumb"},"inLanguage":"es","potentialAction":[{"@type":"ReadAction","target":["https:\/\/www.laguiadepamplona.com\/actualidad\/varias-areas-municipales-se-reunen-para-establecer-criterios-conjuntos-que-serviran-para-descentralizar-los-eventos-que-se-celebran-en-el-casco-viejo\/"]}]},{"@type":"ImageObject","inLanguage":"es","@id":"https:\/\/www.laguiadepamplona.com\/actualidad\/varias-areas-municipales-se-reunen-para-establecer-criterios-conjuntos-que-serviran-para-descentralizar-los-eventos-que-se-celebran-en-el-casco-viejo\/#primaryimage","url":"https:\/\/www.laguiadepamplona.com\/actualidad\/wp-content\/uploads\/2024\/11\/REUNION-SOBRE-ACTIVIDADES-EN-EL-CASCO-ANTIGUO_1.webp","contentUrl":"https:\/\/www.laguiadepamplona.com\/actualidad\/wp-content\/uploads\/2024\/11\/REUNION-SOBRE-ACTIVIDADES-EN-EL-CASCO-ANTIGUO_1.webp","width":1000,"height":666,"caption":"reuni\u00f3n actividades casco antiguo"},{"@type":"BreadcrumbList","@id":"https:\/\/www.laguiadepamplona.com\/actualidad\/varias-areas-municipales-se-reunen-para-establecer-criterios-conjuntos-que-serviran-para-descentralizar-los-eventos-que-se-celebran-en-el-casco-viejo\/#breadcrumb","itemListElement":[{"@type":"ListItem","position":1,"name":"Portada","item":"https:\/\/www.laguiadepamplona.com\/actualidad\/"},{"@type":"ListItem","position":2,"name":"Varias \u00e1reas municipales se re\u00fanen para establecer criterios conjuntos que servir\u00e1n para descentralizar los eventos que se celebran en el Casco Viejo"}]},{"@type":"WebSite","@id":"https:\/\/www.laguiadepamplona.com\/actualidad\/#website","url":"https:\/\/www.laguiadepamplona.com\/actualidad\/","name":"La gu\u00eda de Pamplona","description":"Noticias de Pamplona","publisher":{"@id":"https:\/\/www.laguiadepamplona.com\/actualidad\/#organization"},"potentialAction":[{"@type":"SearchAction","target":{"@type":"EntryPoint","urlTemplate":"https:\/\/www.laguiadepamplona.com\/actualidad\/?s={search_term_string}"},"query-input":{"@type":"PropertyValueSpecification","valueRequired":true,"valueName":"search_term_string"}}],"inLanguage":"es"},{"@type":"Organization","@id":"https:\/\/www.laguiadepamplona.com\/actualidad\/#organization","name":"La Gu\u00eda de Pamplona \/ Noticias","url":"https:\/\/www.laguiadepamplona.com\/actualidad\/","logo":{"@type":"ImageObject","inLanguage":"es","@id":"https:\/\/www.laguiadepamplona.com\/actualidad\/#\/schema\/logo\/image\/","url":"https:\/\/www.laguiadepamplona.com\/actualidad\/wp-content\/uploads\/2018\/11\/logo-laguiadepamplona18-web1.png","contentUrl":"https:\/\/www.laguiadepamplona.com\/actualidad\/wp-content\/uploads\/2018\/11\/logo-laguiadepamplona18-web1.png","width":600,"height":196,"caption":"La Gu\u00eda de Pamplona \/ Noticias"},"image":{"@id":"https:\/\/www.laguiadepamplona.com\/actualidad\/#\/schema\/logo\/image\/"},"sameAs":["https:\/\/www.facebook.com\/laguiadepamplonacom-133175176762273\/?ref=hl","https:\/\/x.com\/LaGuiadPamplona","https:\/\/www.instagram.com\/la_guia_de_pamplona\/","https:\/\/www.youtube.com\/user\/laguiadepamplona"]},{"@type":"Person","@id":"https:\/\/www.laguiadepamplona.com\/actualidad\/#\/schema\/person\/efe887376f0213d4657c93adc50b1fdb","name":"La Gu\u00eda de Pamplona","image":{"@type":"ImageObject","inLanguage":"es","@id":"https:\/\/secure.gravatar.com\/avatar\/b6992f131dc8d30ab0dff15446e9d346d9dbd95992de0fef795073f5ea83a81c?s=96&d=mm&r=g","url":"https:\/\/secure.gravatar.com\/avatar\/b6992f131dc8d30ab0dff15446e9d346d9dbd95992de0fef795073f5ea83a81c?s=96&d=mm&r=g","contentUrl":"https:\/\/secure.gravatar.com\/avatar\/b6992f131dc8d30ab0dff15446e9d346d9dbd95992de0fef795073f5ea83a81c?s=96&d=mm&r=g","caption":"La Gu\u00eda de Pamplona"}}]}},"post_mailing_queue_ids":[],"_links":{"self":[{"href":"https:\/\/www.laguiadepamplona.com\/actualidad\/wp-json\/wp\/v2\/posts\/51229","targetHints":{"allow":["GET"]}}],"collection":[{"href":"https:\/\/www.laguiadepamplona.com\/actualidad\/wp-json\/wp\/v2\/posts"}],"about":[{"href":"https:\/\/www.laguiadepamplona.com\/actualidad\/wp-json\/wp\/v2\/types\/post"}],"author":[{"embeddable":true,"href":"https:\/\/www.laguiadepamplona.com\/actualidad\/wp-json\/wp\/v2\/users\/1"}],"replies":[{"embeddable":true,"href":"https:\/\/www.laguiadepamplona.com\/actualidad\/wp-json\/wp\/v2\/comments?post=51229"}],"version-history":[{"count":1,"href":"https:\/\/www.laguiadepamplona.com\/actualidad\/wp-json\/wp\/v2\/posts\/51229\/revisions"}],"predecessor-version":[{"id":51231,"href":"https:\/\/www.laguiadepamplona.com\/actualidad\/wp-json\/wp\/v2\/posts\/51229\/revisions\/51231"}],"wp:featuredmedia":[{"embeddable":true,"href":"https:\/\/www.laguiadepamplona.com\/actualidad\/wp-json\/wp\/v2\/media\/51230"}],"wp:attachment":[{"href":"https:\/\/www.laguiadepamplona.com\/actualidad\/wp-json\/wp\/v2\/media?parent=51229"}],"wp:term":[{"taxonomy":"category","embeddable":true,"href":"https:\/\/www.laguiadepamplona.com\/actualidad\/wp-json\/wp\/v2\/categories?post=51229"},{"taxonomy":"post_tag","embeddable":true,"href":"https:\/\/www.laguiadepamplona.com\/actualidad\/wp-json\/wp\/v2\/tags?post=51229"}],"curies":[{"name":"wp","href":"https:\/\/api.w.org\/{rel}","templated":true}]}}