{"id":51226,"date":"2024-11-07T13:51:12","date_gmt":"2024-11-07T11:51:12","guid":{"rendered":"https:\/\/www.laguiadepamplona.com\/actualidad\/?p=51226"},"modified":"2024-11-07T13:51:12","modified_gmt":"2024-11-07T11:51:12","slug":"harrotu-acoge-la-exposicion-una-mirada-lgtbi-al-planetario-de-pamplona-que-ofrece-un-recorrido-por-el-universo-y-las-mitologias-con-perspectiva-inclusiva","status":"publish","type":"post","link":"https:\/\/www.laguiadepamplona.com\/actualidad\/harrotu-acoge-la-exposicion-una-mirada-lgtbi-al-planetario-de-pamplona-que-ofrece-un-recorrido-por-el-universo-y-las-mitologias-con-perspectiva-inclusiva\/","title":{"rendered":"Harrotu acoge la exposici\u00f3n \u2018Una mirada LGTBI+ al Planetario de Pamplona\u2019, que ofrece un recorrido por el universo y las mitolog\u00edas con perspectiva inclusiva"},"content":{"rendered":"<h2>La muestra se ofrece durante el mes de noviembre con traducciones a diferentes idiomas, contenidos ampliados online y un formato renovado<\/h2>\n<p><!--more--><\/p>\n<p>El Servicio de Informaci\u00f3n, Promoci\u00f3n de los derechos y participaci\u00f3n LGTBI del Ayuntamiento de Pamplona, Harrotu, acoge durante todo este mes la exposici\u00f3n \u2018Una mirada LGTBI+ al Planetario de Pamplona\u2019. La muestra revela las relaciones entre astronom\u00eda, diversidad LGTBIQA+, las mitolog\u00edas y el arte. Est\u00e1 comisariada por Joan Mart\u00ed i Ventura y Sim\u00f3n Perera del Rosario, directores y comisarios del proyecto cultural Una Mirada LGTBI+, con la colaboraci\u00f3n del Ayuntamiento de Pamplona.<\/p>\n<p>La muestra se puede visitar en el local de la calle San Gregorio, 28, en horario de ma\u00f1ana de martes a s\u00e1bado, de 10.30 a 13.30 y, de lunes a viernes, de 17 a 20.30. En su tercera edici\u00f3n, se ofrece con traducciones a diferentes idiomas, contenidos ampliados online y un formato renovado, que profundiza en la exploraci\u00f3n de la astronom\u00eda desde una perspectiva inclusiva y diversa. En la inauguraci\u00f3n, este martes, particip\u00f3 el astrof\u00edsico y divulgador cient\u00edfico Javier Armentia, exdirector del Planetario de Pamplona.<\/p>\n<p>\u2018Una mirada LGTBI+ al Planetario de Pamplona\u2019 propone un recorrido por mitolog\u00edas de diferentes culturas que se relacionan a su vez con el cosmos, sus elementos y fen\u00f3menos, y con la diversidad afectiva, sexual y de g\u00e9nero, desenterrando algunos relatos que han sido olvidados o minimizados bajo la norma cis-heterosexual predominante. La muestra invita a un viaje por el cosmos, desde galaxias hasta constelaciones, estrellas y planetas, explorando c\u00f3mo diferentes culturas interpretaron el universo con una perspectiva rica en diversidad LGTBIQA+.<\/p>\n<p>Cada concepto expositivo consta de cuatro elementos: un texto astron\u00f3mico, un texto sobre mitolog\u00eda, un elemento astron\u00f3mico y una reproducci\u00f3n de una obra de arte que representa el hecho mitol\u00f3gico. Entre los objetivos de este proyecto destacan el de informar y sensibilizar a la ciudadan\u00eda sobre la diversidad sexual y de g\u00e9nero, desde una genealog\u00eda hist\u00f3rica y el de fomentar la participaci\u00f3n, el protagonismo y las visibilidad y aportaciones de las personas LGTBI+ en todos los \u00e1mbitos de la sociedad.<\/p>\n<p>La exposici\u00f3n incluye, adem\u00e1s, materiales online donde se puede encontrar una versi\u00f3n extendida de la exposici\u00f3n, con m\u00e1s cartelas y elementos expositivos, y las versiones en euskera, catal\u00e1n y gallego de la exposici\u00f3n, as\u00ed como una versi\u00f3n en lectura f\u00e1cil para facilitar la accesibilidad a todo tipo de p\u00fablico. La muestra descubre nuevos objetos astron\u00f3micos con historias queer de gran inter\u00e9s y alcanza culturas en Asia y Ocean\u00eda.<\/p>\n<p>&nbsp;<\/p>\n<h3>\u2018Una mirada LGTBI+ al Planetario de Pamplona\u2019<\/h3>\n<ul>\n<li>Durante el mes de noviembre en Harrotu (calle San Gregorio, 28)\n<ul>\n<li>Horario de visita: de martes a s\u00e1bado, de 10.30 a 13.30, y de lunes a viernes, de 17 a 20.30<\/li>\n<\/ul>\n<\/li>\n<\/ul>\n","protected":false},"excerpt":{"rendered":"<p>La muestra se ofrece durante el mes de noviembre con traducciones a diferentes idiomas, contenidos ampliados online y un formato renovado<\/p>\n","protected":false},"author":1,"featured_media":51227,"comment_status":"open","ping_status":"closed","sticky":false,"template":"","format":"standard","meta":{"footnotes":""},"categories":[2],"tags":[],"class_list":["post-51226","post","type-post","status-publish","format-standard","has-post-thumbnail","hentry","category-ayuntamiento-pamplona"],"yoast_head":"<!-- This site is optimized with the Yoast SEO plugin v27.3 - https:\/\/yoast.com\/product\/yoast-seo-wordpress\/ -->\n<title>Harrotu acoge la exposici\u00f3n \u2018Una mirada LGTBI+ al Planetario de Pamplona\u2019, que ofrece un recorrido por el universo y las mitolog\u00edas con perspectiva inclusiva<\/title>\n<meta name=\"description\" content=\"La muestra se ofrece durante el mes de noviembre con traducciones a diferentes idiomas, contenidos ampliados online y un formato renovado\u00a0\" \/>\n<meta name=\"robots\" content=\"index, follow, max-snippet:-1, max-image-preview:large, max-video-preview:-1\" \/>\n<link rel=\"canonical\" href=\"https:\/\/www.laguiadepamplona.com\/actualidad\/harrotu-acoge-la-exposicion-una-mirada-lgtbi-al-planetario-de-pamplona-que-ofrece-un-recorrido-por-el-universo-y-las-mitologias-con-perspectiva-inclusiva\/\" \/>\n<meta property=\"og:locale\" content=\"es_ES\" \/>\n<meta property=\"og:type\" content=\"article\" \/>\n<meta property=\"og:title\" content=\"Harrotu acoge la exposici\u00f3n \u2018Una mirada LGTBI+ al Planetario de Pamplona\u2019, que ofrece un recorrido por el universo y las mitolog\u00edas con perspectiva inclusiva\" \/>\n<meta property=\"og:description\" content=\"La muestra se ofrece durante el mes de noviembre con traducciones a diferentes idiomas, contenidos ampliados online y un formato renovado\u00a0\" \/>\n<meta property=\"og:url\" content=\"https:\/\/www.laguiadepamplona.com\/actualidad\/harrotu-acoge-la-exposicion-una-mirada-lgtbi-al-planetario-de-pamplona-que-ofrece-un-recorrido-por-el-universo-y-las-mitologias-con-perspectiva-inclusiva\/\" \/>\n<meta property=\"og:site_name\" content=\"La Gu\u00eda de Pamplona\" \/>\n<meta property=\"article:publisher\" content=\"https:\/\/www.facebook.com\/laguiadepamplonacom-133175176762273\/?ref=hl\" \/>\n<meta property=\"article:published_time\" content=\"2024-11-07T11:51:12+00:00\" \/>\n<meta property=\"og:image\" content=\"https:\/\/www.laguiadepamplona.com\/actualidad\/wp-content\/uploads\/2024\/11\/videonoticia-LGTBI_web_0.webp\" \/>\n\t<meta property=\"og:image:width\" content=\"1000\" \/>\n\t<meta property=\"og:image:height\" content=\"557\" \/>\n\t<meta property=\"og:image:type\" content=\"image\/webp\" \/>\n<meta name=\"author\" content=\"La Gu\u00eda de Pamplona\" \/>\n<meta name=\"twitter:card\" content=\"summary_large_image\" \/>\n<meta name=\"twitter:creator\" content=\"@LaGuiadPamplona\" \/>\n<meta name=\"twitter:site\" content=\"@LaGuiadPamplona\" \/>\n<meta name=\"twitter:label1\" content=\"Escrito por\" \/>\n\t<meta name=\"twitter:data1\" content=\"La Gu\u00eda de Pamplona\" \/>\n\t<meta name=\"twitter:label2\" content=\"Tiempo de lectura\" \/>\n\t<meta name=\"twitter:data2\" content=\"3 minutos\" \/>\n<script type=\"application\/ld+json\" class=\"yoast-schema-graph\">{\"@context\":\"https:\\\/\\\/schema.org\",\"@graph\":[{\"@type\":\"Article\",\"@id\":\"https:\\\/\\\/www.laguiadepamplona.com\\\/actualidad\\\/harrotu-acoge-la-exposicion-una-mirada-lgtbi-al-planetario-de-pamplona-que-ofrece-un-recorrido-por-el-universo-y-las-mitologias-con-perspectiva-inclusiva\\\/#article\",\"isPartOf\":{\"@id\":\"https:\\\/\\\/www.laguiadepamplona.com\\\/actualidad\\\/harrotu-acoge-la-exposicion-una-mirada-lgtbi-al-planetario-de-pamplona-que-ofrece-un-recorrido-por-el-universo-y-las-mitologias-con-perspectiva-inclusiva\\\/\"},\"author\":{\"name\":\"La Gu\u00eda de Pamplona\",\"@id\":\"https:\\\/\\\/www.laguiadepamplona.com\\\/actualidad\\\/#\\\/schema\\\/person\\\/efe887376f0213d4657c93adc50b1fdb\"},\"headline\":\"Harrotu acoge la exposici\u00f3n \u2018Una mirada LGTBI+ al Planetario de Pamplona\u2019, que ofrece un recorrido por el universo y las mitolog\u00edas con perspectiva inclusiva\",\"datePublished\":\"2024-11-07T11:51:12+00:00\",\"mainEntityOfPage\":{\"@id\":\"https:\\\/\\\/www.laguiadepamplona.com\\\/actualidad\\\/harrotu-acoge-la-exposicion-una-mirada-lgtbi-al-planetario-de-pamplona-que-ofrece-un-recorrido-por-el-universo-y-las-mitologias-con-perspectiva-inclusiva\\\/\"},\"wordCount\":506,\"commentCount\":0,\"publisher\":{\"@id\":\"https:\\\/\\\/www.laguiadepamplona.com\\\/actualidad\\\/#organization\"},\"image\":{\"@id\":\"https:\\\/\\\/www.laguiadepamplona.com\\\/actualidad\\\/harrotu-acoge-la-exposicion-una-mirada-lgtbi-al-planetario-de-pamplona-que-ofrece-un-recorrido-por-el-universo-y-las-mitologias-con-perspectiva-inclusiva\\\/#primaryimage\"},\"thumbnailUrl\":\"https:\\\/\\\/www.laguiadepamplona.com\\\/actualidad\\\/wp-content\\\/uploads\\\/2024\\\/11\\\/videonoticia-LGTBI_web_0.webp\",\"articleSection\":[\"Ayto Pamplona\"],\"inLanguage\":\"es\",\"potentialAction\":[{\"@type\":\"CommentAction\",\"name\":\"Comment\",\"target\":[\"https:\\\/\\\/www.laguiadepamplona.com\\\/actualidad\\\/harrotu-acoge-la-exposicion-una-mirada-lgtbi-al-planetario-de-pamplona-que-ofrece-un-recorrido-por-el-universo-y-las-mitologias-con-perspectiva-inclusiva\\\/#respond\"]}]},{\"@type\":\"WebPage\",\"@id\":\"https:\\\/\\\/www.laguiadepamplona.com\\\/actualidad\\\/harrotu-acoge-la-exposicion-una-mirada-lgtbi-al-planetario-de-pamplona-que-ofrece-un-recorrido-por-el-universo-y-las-mitologias-con-perspectiva-inclusiva\\\/\",\"url\":\"https:\\\/\\\/www.laguiadepamplona.com\\\/actualidad\\\/harrotu-acoge-la-exposicion-una-mirada-lgtbi-al-planetario-de-pamplona-que-ofrece-un-recorrido-por-el-universo-y-las-mitologias-con-perspectiva-inclusiva\\\/\",\"name\":\"Harrotu acoge la exposici\u00f3n \u2018Una mirada LGTBI+ al Planetario de Pamplona\u2019, que ofrece un recorrido por el universo y las mitolog\u00edas con perspectiva inclusiva\",\"isPartOf\":{\"@id\":\"https:\\\/\\\/www.laguiadepamplona.com\\\/actualidad\\\/#website\"},\"primaryImageOfPage\":{\"@id\":\"https:\\\/\\\/www.laguiadepamplona.com\\\/actualidad\\\/harrotu-acoge-la-exposicion-una-mirada-lgtbi-al-planetario-de-pamplona-que-ofrece-un-recorrido-por-el-universo-y-las-mitologias-con-perspectiva-inclusiva\\\/#primaryimage\"},\"image\":{\"@id\":\"https:\\\/\\\/www.laguiadepamplona.com\\\/actualidad\\\/harrotu-acoge-la-exposicion-una-mirada-lgtbi-al-planetario-de-pamplona-que-ofrece-un-recorrido-por-el-universo-y-las-mitologias-con-perspectiva-inclusiva\\\/#primaryimage\"},\"thumbnailUrl\":\"https:\\\/\\\/www.laguiadepamplona.com\\\/actualidad\\\/wp-content\\\/uploads\\\/2024\\\/11\\\/videonoticia-LGTBI_web_0.webp\",\"datePublished\":\"2024-11-07T11:51:12+00:00\",\"description\":\"La muestra se ofrece durante el mes de noviembre con traducciones a diferentes idiomas, contenidos ampliados online y un formato renovado\u00a0\",\"breadcrumb\":{\"@id\":\"https:\\\/\\\/www.laguiadepamplona.com\\\/actualidad\\\/harrotu-acoge-la-exposicion-una-mirada-lgtbi-al-planetario-de-pamplona-que-ofrece-un-recorrido-por-el-universo-y-las-mitologias-con-perspectiva-inclusiva\\\/#breadcrumb\"},\"inLanguage\":\"es\",\"potentialAction\":[{\"@type\":\"ReadAction\",\"target\":[\"https:\\\/\\\/www.laguiadepamplona.com\\\/actualidad\\\/harrotu-acoge-la-exposicion-una-mirada-lgtbi-al-planetario-de-pamplona-que-ofrece-un-recorrido-por-el-universo-y-las-mitologias-con-perspectiva-inclusiva\\\/\"]}]},{\"@type\":\"ImageObject\",\"inLanguage\":\"es\",\"@id\":\"https:\\\/\\\/www.laguiadepamplona.com\\\/actualidad\\\/harrotu-acoge-la-exposicion-una-mirada-lgtbi-al-planetario-de-pamplona-que-ofrece-un-recorrido-por-el-universo-y-las-mitologias-con-perspectiva-inclusiva\\\/#primaryimage\",\"url\":\"https:\\\/\\\/www.laguiadepamplona.com\\\/actualidad\\\/wp-content\\\/uploads\\\/2024\\\/11\\\/videonoticia-LGTBI_web_0.webp\",\"contentUrl\":\"https:\\\/\\\/www.laguiadepamplona.com\\\/actualidad\\\/wp-content\\\/uploads\\\/2024\\\/11\\\/videonoticia-LGTBI_web_0.webp\",\"width\":1000,\"height\":557,\"caption\":\"Harrotu LGTBI expo\"},{\"@type\":\"BreadcrumbList\",\"@id\":\"https:\\\/\\\/www.laguiadepamplona.com\\\/actualidad\\\/harrotu-acoge-la-exposicion-una-mirada-lgtbi-al-planetario-de-pamplona-que-ofrece-un-recorrido-por-el-universo-y-las-mitologias-con-perspectiva-inclusiva\\\/#breadcrumb\",\"itemListElement\":[{\"@type\":\"ListItem\",\"position\":1,\"name\":\"Portada\",\"item\":\"https:\\\/\\\/www.laguiadepamplona.com\\\/actualidad\\\/\"},{\"@type\":\"ListItem\",\"position\":2,\"name\":\"Harrotu acoge la exposici\u00f3n \u2018Una mirada LGTBI+ al Planetario de Pamplona\u2019, que ofrece un recorrido por el universo y las mitolog\u00edas con perspectiva inclusiva\"}]},{\"@type\":\"WebSite\",\"@id\":\"https:\\\/\\\/www.laguiadepamplona.com\\\/actualidad\\\/#website\",\"url\":\"https:\\\/\\\/www.laguiadepamplona.com\\\/actualidad\\\/\",\"name\":\"La gu\u00eda de Pamplona\",\"description\":\"Noticias de Pamplona\",\"publisher\":{\"@id\":\"https:\\\/\\\/www.laguiadepamplona.com\\\/actualidad\\\/#organization\"},\"potentialAction\":[{\"@type\":\"SearchAction\",\"target\":{\"@type\":\"EntryPoint\",\"urlTemplate\":\"https:\\\/\\\/www.laguiadepamplona.com\\\/actualidad\\\/?s={search_term_string}\"},\"query-input\":{\"@type\":\"PropertyValueSpecification\",\"valueRequired\":true,\"valueName\":\"search_term_string\"}}],\"inLanguage\":\"es\"},{\"@type\":\"Organization\",\"@id\":\"https:\\\/\\\/www.laguiadepamplona.com\\\/actualidad\\\/#organization\",\"name\":\"La Gu\u00eda de Pamplona \\\/ Noticias\",\"url\":\"https:\\\/\\\/www.laguiadepamplona.com\\\/actualidad\\\/\",\"logo\":{\"@type\":\"ImageObject\",\"inLanguage\":\"es\",\"@id\":\"https:\\\/\\\/www.laguiadepamplona.com\\\/actualidad\\\/#\\\/schema\\\/logo\\\/image\\\/\",\"url\":\"https:\\\/\\\/www.laguiadepamplona.com\\\/actualidad\\\/wp-content\\\/uploads\\\/2018\\\/11\\\/logo-laguiadepamplona18-web1.png\",\"contentUrl\":\"https:\\\/\\\/www.laguiadepamplona.com\\\/actualidad\\\/wp-content\\\/uploads\\\/2018\\\/11\\\/logo-laguiadepamplona18-web1.png\",\"width\":600,\"height\":196,\"caption\":\"La Gu\u00eda de Pamplona \\\/ Noticias\"},\"image\":{\"@id\":\"https:\\\/\\\/www.laguiadepamplona.com\\\/actualidad\\\/#\\\/schema\\\/logo\\\/image\\\/\"},\"sameAs\":[\"https:\\\/\\\/www.facebook.com\\\/laguiadepamplonacom-133175176762273\\\/?ref=hl\",\"https:\\\/\\\/x.com\\\/LaGuiadPamplona\",\"https:\\\/\\\/www.instagram.com\\\/la_guia_de_pamplona\\\/\",\"https:\\\/\\\/www.youtube.com\\\/user\\\/laguiadepamplona\"]},{\"@type\":\"Person\",\"@id\":\"https:\\\/\\\/www.laguiadepamplona.com\\\/actualidad\\\/#\\\/schema\\\/person\\\/efe887376f0213d4657c93adc50b1fdb\",\"name\":\"La Gu\u00eda de Pamplona\",\"image\":{\"@type\":\"ImageObject\",\"inLanguage\":\"es\",\"@id\":\"https:\\\/\\\/secure.gravatar.com\\\/avatar\\\/b6992f131dc8d30ab0dff15446e9d346d9dbd95992de0fef795073f5ea83a81c?s=96&d=mm&r=g\",\"url\":\"https:\\\/\\\/secure.gravatar.com\\\/avatar\\\/b6992f131dc8d30ab0dff15446e9d346d9dbd95992de0fef795073f5ea83a81c?s=96&d=mm&r=g\",\"contentUrl\":\"https:\\\/\\\/secure.gravatar.com\\\/avatar\\\/b6992f131dc8d30ab0dff15446e9d346d9dbd95992de0fef795073f5ea83a81c?s=96&d=mm&r=g\",\"caption\":\"La Gu\u00eda de Pamplona\"}}]}<\/script>\n<!-- \/ Yoast SEO plugin. -->","yoast_head_json":{"title":"Harrotu acoge la exposici\u00f3n \u2018Una mirada LGTBI+ al Planetario de Pamplona\u2019, que ofrece un recorrido por el universo y las mitolog\u00edas con perspectiva inclusiva","description":"La muestra se ofrece durante el mes de noviembre con traducciones a diferentes idiomas, contenidos ampliados online y un formato renovado\u00a0","robots":{"index":"index","follow":"follow","max-snippet":"max-snippet:-1","max-image-preview":"max-image-preview:large","max-video-preview":"max-video-preview:-1"},"canonical":"https:\/\/www.laguiadepamplona.com\/actualidad\/harrotu-acoge-la-exposicion-una-mirada-lgtbi-al-planetario-de-pamplona-que-ofrece-un-recorrido-por-el-universo-y-las-mitologias-con-perspectiva-inclusiva\/","og_locale":"es_ES","og_type":"article","og_title":"Harrotu acoge la exposici\u00f3n \u2018Una mirada LGTBI+ al Planetario de Pamplona\u2019, que ofrece un recorrido por el universo y las mitolog\u00edas con perspectiva inclusiva","og_description":"La muestra se ofrece durante el mes de noviembre con traducciones a diferentes idiomas, contenidos ampliados online y un formato renovado\u00a0","og_url":"https:\/\/www.laguiadepamplona.com\/actualidad\/harrotu-acoge-la-exposicion-una-mirada-lgtbi-al-planetario-de-pamplona-que-ofrece-un-recorrido-por-el-universo-y-las-mitologias-con-perspectiva-inclusiva\/","og_site_name":"La Gu\u00eda de Pamplona","article_publisher":"https:\/\/www.facebook.com\/laguiadepamplonacom-133175176762273\/?ref=hl","article_published_time":"2024-11-07T11:51:12+00:00","og_image":[{"width":1000,"height":557,"url":"https:\/\/www.laguiadepamplona.com\/actualidad\/wp-content\/uploads\/2024\/11\/videonoticia-LGTBI_web_0.webp","type":"image\/webp"}],"author":"La Gu\u00eda de Pamplona","twitter_card":"summary_large_image","twitter_creator":"@LaGuiadPamplona","twitter_site":"@LaGuiadPamplona","twitter_misc":{"Escrito por":"La Gu\u00eda de Pamplona","Tiempo de lectura":"3 minutos"},"schema":{"@context":"https:\/\/schema.org","@graph":[{"@type":"Article","@id":"https:\/\/www.laguiadepamplona.com\/actualidad\/harrotu-acoge-la-exposicion-una-mirada-lgtbi-al-planetario-de-pamplona-que-ofrece-un-recorrido-por-el-universo-y-las-mitologias-con-perspectiva-inclusiva\/#article","isPartOf":{"@id":"https:\/\/www.laguiadepamplona.com\/actualidad\/harrotu-acoge-la-exposicion-una-mirada-lgtbi-al-planetario-de-pamplona-que-ofrece-un-recorrido-por-el-universo-y-las-mitologias-con-perspectiva-inclusiva\/"},"author":{"name":"La Gu\u00eda de Pamplona","@id":"https:\/\/www.laguiadepamplona.com\/actualidad\/#\/schema\/person\/efe887376f0213d4657c93adc50b1fdb"},"headline":"Harrotu acoge la exposici\u00f3n \u2018Una mirada LGTBI+ al Planetario de Pamplona\u2019, que ofrece un recorrido por el universo y las mitolog\u00edas con perspectiva inclusiva","datePublished":"2024-11-07T11:51:12+00:00","mainEntityOfPage":{"@id":"https:\/\/www.laguiadepamplona.com\/actualidad\/harrotu-acoge-la-exposicion-una-mirada-lgtbi-al-planetario-de-pamplona-que-ofrece-un-recorrido-por-el-universo-y-las-mitologias-con-perspectiva-inclusiva\/"},"wordCount":506,"commentCount":0,"publisher":{"@id":"https:\/\/www.laguiadepamplona.com\/actualidad\/#organization"},"image":{"@id":"https:\/\/www.laguiadepamplona.com\/actualidad\/harrotu-acoge-la-exposicion-una-mirada-lgtbi-al-planetario-de-pamplona-que-ofrece-un-recorrido-por-el-universo-y-las-mitologias-con-perspectiva-inclusiva\/#primaryimage"},"thumbnailUrl":"https:\/\/www.laguiadepamplona.com\/actualidad\/wp-content\/uploads\/2024\/11\/videonoticia-LGTBI_web_0.webp","articleSection":["Ayto Pamplona"],"inLanguage":"es","potentialAction":[{"@type":"CommentAction","name":"Comment","target":["https:\/\/www.laguiadepamplona.com\/actualidad\/harrotu-acoge-la-exposicion-una-mirada-lgtbi-al-planetario-de-pamplona-que-ofrece-un-recorrido-por-el-universo-y-las-mitologias-con-perspectiva-inclusiva\/#respond"]}]},{"@type":"WebPage","@id":"https:\/\/www.laguiadepamplona.com\/actualidad\/harrotu-acoge-la-exposicion-una-mirada-lgtbi-al-planetario-de-pamplona-que-ofrece-un-recorrido-por-el-universo-y-las-mitologias-con-perspectiva-inclusiva\/","url":"https:\/\/www.laguiadepamplona.com\/actualidad\/harrotu-acoge-la-exposicion-una-mirada-lgtbi-al-planetario-de-pamplona-que-ofrece-un-recorrido-por-el-universo-y-las-mitologias-con-perspectiva-inclusiva\/","name":"Harrotu acoge la exposici\u00f3n \u2018Una mirada LGTBI+ al Planetario de Pamplona\u2019, que ofrece un recorrido por el universo y las mitolog\u00edas con perspectiva inclusiva","isPartOf":{"@id":"https:\/\/www.laguiadepamplona.com\/actualidad\/#website"},"primaryImageOfPage":{"@id":"https:\/\/www.laguiadepamplona.com\/actualidad\/harrotu-acoge-la-exposicion-una-mirada-lgtbi-al-planetario-de-pamplona-que-ofrece-un-recorrido-por-el-universo-y-las-mitologias-con-perspectiva-inclusiva\/#primaryimage"},"image":{"@id":"https:\/\/www.laguiadepamplona.com\/actualidad\/harrotu-acoge-la-exposicion-una-mirada-lgtbi-al-planetario-de-pamplona-que-ofrece-un-recorrido-por-el-universo-y-las-mitologias-con-perspectiva-inclusiva\/#primaryimage"},"thumbnailUrl":"https:\/\/www.laguiadepamplona.com\/actualidad\/wp-content\/uploads\/2024\/11\/videonoticia-LGTBI_web_0.webp","datePublished":"2024-11-07T11:51:12+00:00","description":"La muestra se ofrece durante el mes de noviembre con traducciones a diferentes idiomas, contenidos ampliados online y un formato renovado\u00a0","breadcrumb":{"@id":"https:\/\/www.laguiadepamplona.com\/actualidad\/harrotu-acoge-la-exposicion-una-mirada-lgtbi-al-planetario-de-pamplona-que-ofrece-un-recorrido-por-el-universo-y-las-mitologias-con-perspectiva-inclusiva\/#breadcrumb"},"inLanguage":"es","potentialAction":[{"@type":"ReadAction","target":["https:\/\/www.laguiadepamplona.com\/actualidad\/harrotu-acoge-la-exposicion-una-mirada-lgtbi-al-planetario-de-pamplona-que-ofrece-un-recorrido-por-el-universo-y-las-mitologias-con-perspectiva-inclusiva\/"]}]},{"@type":"ImageObject","inLanguage":"es","@id":"https:\/\/www.laguiadepamplona.com\/actualidad\/harrotu-acoge-la-exposicion-una-mirada-lgtbi-al-planetario-de-pamplona-que-ofrece-un-recorrido-por-el-universo-y-las-mitologias-con-perspectiva-inclusiva\/#primaryimage","url":"https:\/\/www.laguiadepamplona.com\/actualidad\/wp-content\/uploads\/2024\/11\/videonoticia-LGTBI_web_0.webp","contentUrl":"https:\/\/www.laguiadepamplona.com\/actualidad\/wp-content\/uploads\/2024\/11\/videonoticia-LGTBI_web_0.webp","width":1000,"height":557,"caption":"Harrotu LGTBI expo"},{"@type":"BreadcrumbList","@id":"https:\/\/www.laguiadepamplona.com\/actualidad\/harrotu-acoge-la-exposicion-una-mirada-lgtbi-al-planetario-de-pamplona-que-ofrece-un-recorrido-por-el-universo-y-las-mitologias-con-perspectiva-inclusiva\/#breadcrumb","itemListElement":[{"@type":"ListItem","position":1,"name":"Portada","item":"https:\/\/www.laguiadepamplona.com\/actualidad\/"},{"@type":"ListItem","position":2,"name":"Harrotu acoge la exposici\u00f3n \u2018Una mirada LGTBI+ al Planetario de Pamplona\u2019, que ofrece un recorrido por el universo y las mitolog\u00edas con perspectiva inclusiva"}]},{"@type":"WebSite","@id":"https:\/\/www.laguiadepamplona.com\/actualidad\/#website","url":"https:\/\/www.laguiadepamplona.com\/actualidad\/","name":"La gu\u00eda de Pamplona","description":"Noticias de Pamplona","publisher":{"@id":"https:\/\/www.laguiadepamplona.com\/actualidad\/#organization"},"potentialAction":[{"@type":"SearchAction","target":{"@type":"EntryPoint","urlTemplate":"https:\/\/www.laguiadepamplona.com\/actualidad\/?s={search_term_string}"},"query-input":{"@type":"PropertyValueSpecification","valueRequired":true,"valueName":"search_term_string"}}],"inLanguage":"es"},{"@type":"Organization","@id":"https:\/\/www.laguiadepamplona.com\/actualidad\/#organization","name":"La Gu\u00eda de Pamplona \/ Noticias","url":"https:\/\/www.laguiadepamplona.com\/actualidad\/","logo":{"@type":"ImageObject","inLanguage":"es","@id":"https:\/\/www.laguiadepamplona.com\/actualidad\/#\/schema\/logo\/image\/","url":"https:\/\/www.laguiadepamplona.com\/actualidad\/wp-content\/uploads\/2018\/11\/logo-laguiadepamplona18-web1.png","contentUrl":"https:\/\/www.laguiadepamplona.com\/actualidad\/wp-content\/uploads\/2018\/11\/logo-laguiadepamplona18-web1.png","width":600,"height":196,"caption":"La Gu\u00eda de Pamplona \/ Noticias"},"image":{"@id":"https:\/\/www.laguiadepamplona.com\/actualidad\/#\/schema\/logo\/image\/"},"sameAs":["https:\/\/www.facebook.com\/laguiadepamplonacom-133175176762273\/?ref=hl","https:\/\/x.com\/LaGuiadPamplona","https:\/\/www.instagram.com\/la_guia_de_pamplona\/","https:\/\/www.youtube.com\/user\/laguiadepamplona"]},{"@type":"Person","@id":"https:\/\/www.laguiadepamplona.com\/actualidad\/#\/schema\/person\/efe887376f0213d4657c93adc50b1fdb","name":"La Gu\u00eda de Pamplona","image":{"@type":"ImageObject","inLanguage":"es","@id":"https:\/\/secure.gravatar.com\/avatar\/b6992f131dc8d30ab0dff15446e9d346d9dbd95992de0fef795073f5ea83a81c?s=96&d=mm&r=g","url":"https:\/\/secure.gravatar.com\/avatar\/b6992f131dc8d30ab0dff15446e9d346d9dbd95992de0fef795073f5ea83a81c?s=96&d=mm&r=g","contentUrl":"https:\/\/secure.gravatar.com\/avatar\/b6992f131dc8d30ab0dff15446e9d346d9dbd95992de0fef795073f5ea83a81c?s=96&d=mm&r=g","caption":"La Gu\u00eda de Pamplona"}}]}},"post_mailing_queue_ids":[],"_links":{"self":[{"href":"https:\/\/www.laguiadepamplona.com\/actualidad\/wp-json\/wp\/v2\/posts\/51226","targetHints":{"allow":["GET"]}}],"collection":[{"href":"https:\/\/www.laguiadepamplona.com\/actualidad\/wp-json\/wp\/v2\/posts"}],"about":[{"href":"https:\/\/www.laguiadepamplona.com\/actualidad\/wp-json\/wp\/v2\/types\/post"}],"author":[{"embeddable":true,"href":"https:\/\/www.laguiadepamplona.com\/actualidad\/wp-json\/wp\/v2\/users\/1"}],"replies":[{"embeddable":true,"href":"https:\/\/www.laguiadepamplona.com\/actualidad\/wp-json\/wp\/v2\/comments?post=51226"}],"version-history":[{"count":1,"href":"https:\/\/www.laguiadepamplona.com\/actualidad\/wp-json\/wp\/v2\/posts\/51226\/revisions"}],"predecessor-version":[{"id":51228,"href":"https:\/\/www.laguiadepamplona.com\/actualidad\/wp-json\/wp\/v2\/posts\/51226\/revisions\/51228"}],"wp:featuredmedia":[{"embeddable":true,"href":"https:\/\/www.laguiadepamplona.com\/actualidad\/wp-json\/wp\/v2\/media\/51227"}],"wp:attachment":[{"href":"https:\/\/www.laguiadepamplona.com\/actualidad\/wp-json\/wp\/v2\/media?parent=51226"}],"wp:term":[{"taxonomy":"category","embeddable":true,"href":"https:\/\/www.laguiadepamplona.com\/actualidad\/wp-json\/wp\/v2\/categories?post=51226"},{"taxonomy":"post_tag","embeddable":true,"href":"https:\/\/www.laguiadepamplona.com\/actualidad\/wp-json\/wp\/v2\/tags?post=51226"}],"curies":[{"name":"wp","href":"https:\/\/api.w.org\/{rel}","templated":true}]}}