{"id":51223,"date":"2024-11-06T17:48:55","date_gmt":"2024-11-06T15:48:55","guid":{"rendered":"https:\/\/www.laguiadepamplona.com\/actualidad\/?p=51223"},"modified":"2024-11-06T17:48:55","modified_gmt":"2024-11-06T15:48:55","slug":"el-ayuntamiento-de-pamplona-presentara-su-marca-ciudad-el-12-de-noviembre-tras-ocho-meses-de-trabajo-basado-en-una-metodologia-de-participacion-y-cocreacion","status":"publish","type":"post","link":"https:\/\/www.laguiadepamplona.com\/actualidad\/el-ayuntamiento-de-pamplona-presentara-su-marca-ciudad-el-12-de-noviembre-tras-ocho-meses-de-trabajo-basado-en-una-metodologia-de-participacion-y-cocreacion\/","title":{"rendered":"El Ayuntamiento de Pamplona presentar\u00e1 su marca-ciudad el 12 de noviembre, tras ocho meses de trabajo basado en una metodolog\u00eda de participaci\u00f3n y cocreaci\u00f3n"},"content":{"rendered":"<h2>El proceso para establecer la marca, su identidad gr\u00e1fica y \u201crelato de ciudad\u201d que la acompa\u00f1a, cuenta con fondos Next Generation EU<\/h2>\n<p><!--more--><\/p>\n<p>La nueva marca de Pamplona, su relato de ciudad e identidad gr\u00e1fica se presentar\u00e1 el pr\u00f3ximo 12 de noviembre en el Teatro Municipal Gayarre en un acto en el que se espera reunir a todas las personas y colectivos que han participado en el proceso y aquellas que deber\u00e1n colaborar en su puesta en marcha y difusi\u00f3n.<\/p>\n<p>El proceso para establecer la marca dentro del Ayuntamiento de Pamplona ha sido liderado y dinamizado por el \u00e1rea de Alcald\u00eda y, desde el primer momento -marzo de 2024- se apost\u00f3 por con una metodolog\u00eda de escucha activa y talleres de cocreaci\u00f3n. Esta marca-ciudad busca involucrar a la ciudadan\u00eda y a los agentes sociales, no solo en su g\u00e9nesis inicial, sino tambi\u00e9n en su evoluci\u00f3n. Tambi\u00e9n en ese sentido, una vez presentada la marca se pondr\u00e1 en marcha un proceso de comunicaci\u00f3n y divulgaci\u00f3n del relato de ciudad.<\/p>\n<p>Esta actuaci\u00f3n est\u00e1 enmarcada en el proyecto PSTD Pamplona SF365 y cuenta con financiaci\u00f3n europea a trav\u00e9s del Mecanismo de Recuperaci\u00f3n y Resiliencia \u2013 Next Generation EU, instrumento financiero de la inversi\u00f3n C14.I1 del Plan de Recuperaci\u00f3n, Transformaci\u00f3n y Resiliencia del Gobierno de Espa\u00f1a. En este contexto, Pamplona ha recibido una ayuda de 5.492.500 euros a ejecutar en tres a\u00f1os para el despliegue y desarrollo del Plan de Sostenibilidad Tur\u00edstica en Destino \u201cPamplona SF365\u201d, que presenta 13 actuaciones vertebradas en cuatro ejes tem\u00e1ticos dedicados a la transici\u00f3n verde y sostenible, la mejora de la eficiencia energ\u00e9tica, la transici\u00f3n digital y la competitividad.<\/p>\n<p><strong>Grupos de discusi\u00f3n y mesas<\/strong><\/p>\n<p>En marzo de 2024 comenz\u00f3 proceso con una metodolog\u00eda de grupos de discusi\u00f3n, inicialmente en el interior del Ayuntamiento. Se trataba en un primer momento de establecer las bases para la construcci\u00f3n del relato de ciudad, un contexto que acompa\u00f1a a la marca-Pamplona. esta parte se gestion\u00f3 a trav\u00e9s de grupos de discusi\u00f3n institucionales con personal del Consistorio y de empresas municipales, as\u00ed como p\u00fablicos (agentes e instituciones) directamente relacionadas con el Ayuntamiento.<\/p>\n<p>Los temas propuestos en los grupos de discusi\u00f3n estaban orientados a extraer las percepciones de las personas participantes sobre distintos aspectos generales de la ciudad y su ciudadan\u00eda. A trav\u00e9s tanto de preguntas abiertas como de propuestas tem\u00e1ticas, se profundiz\u00f3 en aspectos como las caracter\u00edsticas de la ciudad, lugares identitarios, uso del espacio p\u00fablico, manifestaciones culturales, calendario de actividad, s\u00edmbolos representativos y particularidades de la ciudad en el \u00e1mbito de la literatura oral, sonidos y canciones\u2026 En una segunda fase, los paneles de an\u00e1lisis se orientaron a \u00e1mbitos sectoriales, especialmente la cultura y las artes esc\u00e9nicas y el ocio y turismo.<\/p>\n<p>As\u00ed, el proceso participado se distribuy\u00f3 por mesas. Las institucionales fueron cuatro y estuvieron vinculadas a lengua y cultura; a entidades tur\u00edsticas para obtener una visi\u00f3n externa y las relativas a econom\u00eda y a ciudad, barrios y proyecci\u00f3n exterior. las mesas sectoriales se centraron en cultura y artes esc\u00e9nicas y ocio y turismo.<\/p>\n<p><strong>Cocreaci\u00f3n con entidades: m\u00e1s de 1.700 entidades<\/strong><\/p>\n<p>La \u00faltima fase del proceso de an\u00e1lisis institucional fue dise\u00f1ado y dinamizado por el \u00c1rea de Participaci\u00f3n Ciudadana del Ayuntamiento y se orient\u00f3 a una red de asociaciones y colectivos de la ciudad. En este proceso se convocaron m\u00e1s de 1.700 entidades que pudieron participar en las jornadas celebradas los d\u00edas 17 y 19 de abril en Civivox Condestable.<\/p>\n<p>A partir de ah\u00ed, la escucha dio paso a una serie de talleres de cocreaci\u00f3n en el que participaron diferentes direcciones de \u00e1rea del Ayuntamiento, grupos pol\u00edticos municipales y agentes internos. En esa fase la empresa Errea Comunicaci\u00f3n, adjudicataria de las labores de conceptualizaci\u00f3n y creaci\u00f3n de una nueva marca y su identidad gr\u00e1fica, entr\u00f3 a formar parte del proceso como asistencia t\u00e9cnica.<\/p>\n<p>El \u201crepensar\u201d el concepto\/marca de ciudad, es una tarea siempre abierta. El Reglamento de Protocolo, Ceremonial, Honores y Distinciones del Ayuntamiento de Pamplona ya recog\u00eda en 2016 en su exposici\u00f3n de motivos que el ente local, adem\u00e1s de adaptarse a los sucesivos cambios jur\u00eddicos y de estructura, deb\u00eda ir modificando su imagen. \u201cLa imagen p\u00fablica del Consistorio debe ir adecu\u00e1ndose a la sociedad que representa y a los p\u00fablicos a los que se dirige, que son cada vez m\u00e1s amplios y, frecuentemente, exceden del marco de la localidad. Hoy Pamplona establece, incluso, relaciones en el \u00e1mbito internacional, la llamada \u201cDiplomacia de Ciudades\u201d, a trav\u00e9s de proyectos europeos transfronterizos o mediante su participaci\u00f3n en redes internacionales de ciudades con muy diversos objetivos\u201d.<\/p>\n<p>A partir de que el Ayuntamiento de Pamplona presente el resultado de un trabajo de conceptualizaci\u00f3n y plasmaci\u00f3n que ha durado 8 meses, lo que se har\u00e1 el pr\u00f3ximo 12 de noviembre, se pondr\u00e1 en marcha un proceso de comunicaci\u00f3n y divulgaci\u00f3n del relato de ciudad.<\/p>\n<p>&nbsp;<\/p>\n<h2>Mesas de trabajo del proceso participado<\/h2>\n<p><strong>Mesas institucionales<\/strong><\/p>\n<ul>\n<li>Mesa <em>lengua y cultura<\/em>: Teatro Gayarre, Comparsa de gigantes y cabezudos, Red Civivox, Archivo Municipal, La Pamplonesa, Escuelas infantiles, Escuela de M\u00fasica, \u00c1reas de Cultura, Euskera y Diversidad cultural, Programaci\u00f3n cultural de sanfermines<\/li>\n<li>Mesa <em>visi\u00f3n externa<\/em>: Oficina de Turismo, Infraestructuras tur\u00edsticas, Observatorio del Turismo, Asociaciones de comerciantes, Asociaci\u00f3n de Amigos del Camino de Santiago, Capital Mundial de la Pelota, Ferias y congresos y Mercados municipales<\/li>\n<li>Mesa <em>econom\u00eda<\/em>: Oficina estrat\u00e9gica, Smart City, Infraestructuras estrat\u00e9gicas, Transparencia, Gesti\u00f3n de subvenciones, Pobreza y exclusi\u00f3n social, Vivienda, Animsa, Mercairu\u00f1a<\/li>\n<li>Mesa <em>ciudad, barrios y proyecci\u00f3n exterior<\/em>: Movilidad, Foros de barrio, Juventud, Polic\u00eda comunitaria, Harrotu, Atenci\u00f3n a la ciudadan\u00eda, Movimiento feminista, Observatorio de la ciudad, Patrimonio natural<\/li>\n<\/ul>\n<p><strong>Mesas sectoriales<\/strong><\/p>\n<ul>\n<li>Mesa <em>cultura y artes esc\u00e9nicas<\/em>: Museo de Navarra, Fundaci\u00f3n Baluarte, Editorial Txalaparta, Instituto de Arte Contempor\u00e1neo, Oier Zu\u00f1iga, Marina Lameiro<\/li>\n<li>Mesa <em>ocio y turismo<\/em>: Catedral de Pamplona, Restaurante Europa, Chez Belagua, Camino People, Pamplona Food, I\u00f1igo Arista, Apartamentos tur\u00edsticos, La Perla, Tres Reyes<\/li>\n<\/ul>\n","protected":false},"excerpt":{"rendered":"<p>El proceso para establecer la marca, su identidad gr\u00e1fica y \u201crelato de ciudad\u201d que la acompa\u00f1a, cuenta con fondos Next Generation EU<\/p>\n","protected":false},"author":1,"featured_media":51224,"comment_status":"open","ping_status":"closed","sticky":false,"template":"","format":"standard","meta":{"footnotes":""},"categories":[2],"tags":[],"class_list":["post-51223","post","type-post","status-publish","format-standard","has-post-thumbnail","hentry","category-ayuntamiento-pamplona"],"yoast_head":"<!-- This site is optimized with the Yoast SEO plugin v27.3 - https:\/\/yoast.com\/product\/yoast-seo-wordpress\/ -->\n<title>El Ayuntamiento de Pamplona presentar\u00e1 su marca-ciudad el 12 de noviembre, tras ocho meses de trabajo basado en una metodolog\u00eda de participaci\u00f3n y cocreaci\u00f3n<\/title>\n<meta name=\"description\" content=\"El proceso para establecer la marca, su identidad gr\u00e1fica y \u201crelato de ciudad\u201d que la acompa\u00f1a, cuenta con fondos Next Generation EU\" \/>\n<meta name=\"robots\" content=\"index, follow, max-snippet:-1, max-image-preview:large, max-video-preview:-1\" \/>\n<link rel=\"canonical\" href=\"https:\/\/www.laguiadepamplona.com\/actualidad\/el-ayuntamiento-de-pamplona-presentara-su-marca-ciudad-el-12-de-noviembre-tras-ocho-meses-de-trabajo-basado-en-una-metodologia-de-participacion-y-cocreacion\/\" \/>\n<meta property=\"og:locale\" content=\"es_ES\" \/>\n<meta property=\"og:type\" content=\"article\" \/>\n<meta property=\"og:title\" content=\"El Ayuntamiento de Pamplona presentar\u00e1 su marca-ciudad el 12 de noviembre, tras ocho meses de trabajo basado en una metodolog\u00eda de participaci\u00f3n y cocreaci\u00f3n\" \/>\n<meta property=\"og:description\" content=\"El proceso para establecer la marca, su identidad gr\u00e1fica y \u201crelato de ciudad\u201d que la acompa\u00f1a, cuenta con fondos Next Generation EU\" \/>\n<meta property=\"og:url\" content=\"https:\/\/www.laguiadepamplona.com\/actualidad\/el-ayuntamiento-de-pamplona-presentara-su-marca-ciudad-el-12-de-noviembre-tras-ocho-meses-de-trabajo-basado-en-una-metodologia-de-participacion-y-cocreacion\/\" \/>\n<meta property=\"og:site_name\" content=\"La Gu\u00eda de Pamplona\" \/>\n<meta property=\"article:publisher\" content=\"https:\/\/www.facebook.com\/laguiadepamplonacom-133175176762273\/?ref=hl\" \/>\n<meta property=\"article:published_time\" content=\"2024-11-06T15:48:55+00:00\" \/>\n<meta property=\"og:image\" content=\"https:\/\/www.laguiadepamplona.com\/actualidad\/wp-content\/uploads\/2024\/11\/mupiscolocadosenlacalleparalamarcapamplona2.webp\" \/>\n\t<meta property=\"og:image:width\" content=\"1000\" \/>\n\t<meta property=\"og:image:height\" content=\"666\" \/>\n\t<meta property=\"og:image:type\" content=\"image\/webp\" \/>\n<meta name=\"author\" content=\"La Gu\u00eda de Pamplona\" \/>\n<meta name=\"twitter:card\" content=\"summary_large_image\" \/>\n<meta name=\"twitter:creator\" content=\"@LaGuiadPamplona\" \/>\n<meta name=\"twitter:site\" content=\"@LaGuiadPamplona\" \/>\n<meta name=\"twitter:label1\" content=\"Escrito por\" \/>\n\t<meta name=\"twitter:data1\" content=\"La Gu\u00eda de Pamplona\" \/>\n\t<meta name=\"twitter:label2\" content=\"Tiempo de lectura\" \/>\n\t<meta name=\"twitter:data2\" content=\"5 minutos\" \/>\n<script type=\"application\/ld+json\" class=\"yoast-schema-graph\">{\"@context\":\"https:\\\/\\\/schema.org\",\"@graph\":[{\"@type\":\"Article\",\"@id\":\"https:\\\/\\\/www.laguiadepamplona.com\\\/actualidad\\\/el-ayuntamiento-de-pamplona-presentara-su-marca-ciudad-el-12-de-noviembre-tras-ocho-meses-de-trabajo-basado-en-una-metodologia-de-participacion-y-cocreacion\\\/#article\",\"isPartOf\":{\"@id\":\"https:\\\/\\\/www.laguiadepamplona.com\\\/actualidad\\\/el-ayuntamiento-de-pamplona-presentara-su-marca-ciudad-el-12-de-noviembre-tras-ocho-meses-de-trabajo-basado-en-una-metodologia-de-participacion-y-cocreacion\\\/\"},\"author\":{\"name\":\"La Gu\u00eda de Pamplona\",\"@id\":\"https:\\\/\\\/www.laguiadepamplona.com\\\/actualidad\\\/#\\\/schema\\\/person\\\/efe887376f0213d4657c93adc50b1fdb\"},\"headline\":\"El Ayuntamiento de Pamplona presentar\u00e1 su marca-ciudad el 12 de noviembre, tras ocho meses de trabajo basado en una metodolog\u00eda de participaci\u00f3n y cocreaci\u00f3n\",\"datePublished\":\"2024-11-06T15:48:55+00:00\",\"mainEntityOfPage\":{\"@id\":\"https:\\\/\\\/www.laguiadepamplona.com\\\/actualidad\\\/el-ayuntamiento-de-pamplona-presentara-su-marca-ciudad-el-12-de-noviembre-tras-ocho-meses-de-trabajo-basado-en-una-metodologia-de-participacion-y-cocreacion\\\/\"},\"wordCount\":1080,\"commentCount\":0,\"publisher\":{\"@id\":\"https:\\\/\\\/www.laguiadepamplona.com\\\/actualidad\\\/#organization\"},\"image\":{\"@id\":\"https:\\\/\\\/www.laguiadepamplona.com\\\/actualidad\\\/el-ayuntamiento-de-pamplona-presentara-su-marca-ciudad-el-12-de-noviembre-tras-ocho-meses-de-trabajo-basado-en-una-metodologia-de-participacion-y-cocreacion\\\/#primaryimage\"},\"thumbnailUrl\":\"https:\\\/\\\/www.laguiadepamplona.com\\\/actualidad\\\/wp-content\\\/uploads\\\/2024\\\/11\\\/mupiscolocadosenlacalleparalamarcapamplona2.webp\",\"articleSection\":[\"Ayto Pamplona\"],\"inLanguage\":\"es\",\"potentialAction\":[{\"@type\":\"CommentAction\",\"name\":\"Comment\",\"target\":[\"https:\\\/\\\/www.laguiadepamplona.com\\\/actualidad\\\/el-ayuntamiento-de-pamplona-presentara-su-marca-ciudad-el-12-de-noviembre-tras-ocho-meses-de-trabajo-basado-en-una-metodologia-de-participacion-y-cocreacion\\\/#respond\"]}]},{\"@type\":\"WebPage\",\"@id\":\"https:\\\/\\\/www.laguiadepamplona.com\\\/actualidad\\\/el-ayuntamiento-de-pamplona-presentara-su-marca-ciudad-el-12-de-noviembre-tras-ocho-meses-de-trabajo-basado-en-una-metodologia-de-participacion-y-cocreacion\\\/\",\"url\":\"https:\\\/\\\/www.laguiadepamplona.com\\\/actualidad\\\/el-ayuntamiento-de-pamplona-presentara-su-marca-ciudad-el-12-de-noviembre-tras-ocho-meses-de-trabajo-basado-en-una-metodologia-de-participacion-y-cocreacion\\\/\",\"name\":\"El Ayuntamiento de Pamplona presentar\u00e1 su marca-ciudad el 12 de noviembre, tras ocho meses de trabajo basado en una metodolog\u00eda de participaci\u00f3n y cocreaci\u00f3n\",\"isPartOf\":{\"@id\":\"https:\\\/\\\/www.laguiadepamplona.com\\\/actualidad\\\/#website\"},\"primaryImageOfPage\":{\"@id\":\"https:\\\/\\\/www.laguiadepamplona.com\\\/actualidad\\\/el-ayuntamiento-de-pamplona-presentara-su-marca-ciudad-el-12-de-noviembre-tras-ocho-meses-de-trabajo-basado-en-una-metodologia-de-participacion-y-cocreacion\\\/#primaryimage\"},\"image\":{\"@id\":\"https:\\\/\\\/www.laguiadepamplona.com\\\/actualidad\\\/el-ayuntamiento-de-pamplona-presentara-su-marca-ciudad-el-12-de-noviembre-tras-ocho-meses-de-trabajo-basado-en-una-metodologia-de-participacion-y-cocreacion\\\/#primaryimage\"},\"thumbnailUrl\":\"https:\\\/\\\/www.laguiadepamplona.com\\\/actualidad\\\/wp-content\\\/uploads\\\/2024\\\/11\\\/mupiscolocadosenlacalleparalamarcapamplona2.webp\",\"datePublished\":\"2024-11-06T15:48:55+00:00\",\"description\":\"El proceso para establecer la marca, su identidad gr\u00e1fica y \u201crelato de ciudad\u201d que la acompa\u00f1a, cuenta con fondos Next Generation EU\",\"breadcrumb\":{\"@id\":\"https:\\\/\\\/www.laguiadepamplona.com\\\/actualidad\\\/el-ayuntamiento-de-pamplona-presentara-su-marca-ciudad-el-12-de-noviembre-tras-ocho-meses-de-trabajo-basado-en-una-metodologia-de-participacion-y-cocreacion\\\/#breadcrumb\"},\"inLanguage\":\"es\",\"potentialAction\":[{\"@type\":\"ReadAction\",\"target\":[\"https:\\\/\\\/www.laguiadepamplona.com\\\/actualidad\\\/el-ayuntamiento-de-pamplona-presentara-su-marca-ciudad-el-12-de-noviembre-tras-ocho-meses-de-trabajo-basado-en-una-metodologia-de-participacion-y-cocreacion\\\/\"]}]},{\"@type\":\"ImageObject\",\"inLanguage\":\"es\",\"@id\":\"https:\\\/\\\/www.laguiadepamplona.com\\\/actualidad\\\/el-ayuntamiento-de-pamplona-presentara-su-marca-ciudad-el-12-de-noviembre-tras-ocho-meses-de-trabajo-basado-en-una-metodologia-de-participacion-y-cocreacion\\\/#primaryimage\",\"url\":\"https:\\\/\\\/www.laguiadepamplona.com\\\/actualidad\\\/wp-content\\\/uploads\\\/2024\\\/11\\\/mupiscolocadosenlacalleparalamarcapamplona2.webp\",\"contentUrl\":\"https:\\\/\\\/www.laguiadepamplona.com\\\/actualidad\\\/wp-content\\\/uploads\\\/2024\\\/11\\\/mupiscolocadosenlacalleparalamarcapamplona2.webp\",\"width\":1000,\"height\":666,\"caption\":\"mupis marca pamplona\"},{\"@type\":\"BreadcrumbList\",\"@id\":\"https:\\\/\\\/www.laguiadepamplona.com\\\/actualidad\\\/el-ayuntamiento-de-pamplona-presentara-su-marca-ciudad-el-12-de-noviembre-tras-ocho-meses-de-trabajo-basado-en-una-metodologia-de-participacion-y-cocreacion\\\/#breadcrumb\",\"itemListElement\":[{\"@type\":\"ListItem\",\"position\":1,\"name\":\"Portada\",\"item\":\"https:\\\/\\\/www.laguiadepamplona.com\\\/actualidad\\\/\"},{\"@type\":\"ListItem\",\"position\":2,\"name\":\"El Ayuntamiento de Pamplona presentar\u00e1 su marca-ciudad el 12 de noviembre, tras ocho meses de trabajo basado en una metodolog\u00eda de participaci\u00f3n y cocreaci\u00f3n\"}]},{\"@type\":\"WebSite\",\"@id\":\"https:\\\/\\\/www.laguiadepamplona.com\\\/actualidad\\\/#website\",\"url\":\"https:\\\/\\\/www.laguiadepamplona.com\\\/actualidad\\\/\",\"name\":\"La gu\u00eda de Pamplona\",\"description\":\"Noticias de Pamplona\",\"publisher\":{\"@id\":\"https:\\\/\\\/www.laguiadepamplona.com\\\/actualidad\\\/#organization\"},\"potentialAction\":[{\"@type\":\"SearchAction\",\"target\":{\"@type\":\"EntryPoint\",\"urlTemplate\":\"https:\\\/\\\/www.laguiadepamplona.com\\\/actualidad\\\/?s={search_term_string}\"},\"query-input\":{\"@type\":\"PropertyValueSpecification\",\"valueRequired\":true,\"valueName\":\"search_term_string\"}}],\"inLanguage\":\"es\"},{\"@type\":\"Organization\",\"@id\":\"https:\\\/\\\/www.laguiadepamplona.com\\\/actualidad\\\/#organization\",\"name\":\"La Gu\u00eda de Pamplona \\\/ Noticias\",\"url\":\"https:\\\/\\\/www.laguiadepamplona.com\\\/actualidad\\\/\",\"logo\":{\"@type\":\"ImageObject\",\"inLanguage\":\"es\",\"@id\":\"https:\\\/\\\/www.laguiadepamplona.com\\\/actualidad\\\/#\\\/schema\\\/logo\\\/image\\\/\",\"url\":\"https:\\\/\\\/www.laguiadepamplona.com\\\/actualidad\\\/wp-content\\\/uploads\\\/2018\\\/11\\\/logo-laguiadepamplona18-web1.png\",\"contentUrl\":\"https:\\\/\\\/www.laguiadepamplona.com\\\/actualidad\\\/wp-content\\\/uploads\\\/2018\\\/11\\\/logo-laguiadepamplona18-web1.png\",\"width\":600,\"height\":196,\"caption\":\"La Gu\u00eda de Pamplona \\\/ Noticias\"},\"image\":{\"@id\":\"https:\\\/\\\/www.laguiadepamplona.com\\\/actualidad\\\/#\\\/schema\\\/logo\\\/image\\\/\"},\"sameAs\":[\"https:\\\/\\\/www.facebook.com\\\/laguiadepamplonacom-133175176762273\\\/?ref=hl\",\"https:\\\/\\\/x.com\\\/LaGuiadPamplona\",\"https:\\\/\\\/www.instagram.com\\\/la_guia_de_pamplona\\\/\",\"https:\\\/\\\/www.youtube.com\\\/user\\\/laguiadepamplona\"]},{\"@type\":\"Person\",\"@id\":\"https:\\\/\\\/www.laguiadepamplona.com\\\/actualidad\\\/#\\\/schema\\\/person\\\/efe887376f0213d4657c93adc50b1fdb\",\"name\":\"La Gu\u00eda de Pamplona\",\"image\":{\"@type\":\"ImageObject\",\"inLanguage\":\"es\",\"@id\":\"https:\\\/\\\/secure.gravatar.com\\\/avatar\\\/b6992f131dc8d30ab0dff15446e9d346d9dbd95992de0fef795073f5ea83a81c?s=96&d=mm&r=g\",\"url\":\"https:\\\/\\\/secure.gravatar.com\\\/avatar\\\/b6992f131dc8d30ab0dff15446e9d346d9dbd95992de0fef795073f5ea83a81c?s=96&d=mm&r=g\",\"contentUrl\":\"https:\\\/\\\/secure.gravatar.com\\\/avatar\\\/b6992f131dc8d30ab0dff15446e9d346d9dbd95992de0fef795073f5ea83a81c?s=96&d=mm&r=g\",\"caption\":\"La Gu\u00eda de Pamplona\"}}]}<\/script>\n<!-- \/ Yoast SEO plugin. -->","yoast_head_json":{"title":"El Ayuntamiento de Pamplona presentar\u00e1 su marca-ciudad el 12 de noviembre, tras ocho meses de trabajo basado en una metodolog\u00eda de participaci\u00f3n y cocreaci\u00f3n","description":"El proceso para establecer la marca, su identidad gr\u00e1fica y \u201crelato de ciudad\u201d que la acompa\u00f1a, cuenta con fondos Next Generation EU","robots":{"index":"index","follow":"follow","max-snippet":"max-snippet:-1","max-image-preview":"max-image-preview:large","max-video-preview":"max-video-preview:-1"},"canonical":"https:\/\/www.laguiadepamplona.com\/actualidad\/el-ayuntamiento-de-pamplona-presentara-su-marca-ciudad-el-12-de-noviembre-tras-ocho-meses-de-trabajo-basado-en-una-metodologia-de-participacion-y-cocreacion\/","og_locale":"es_ES","og_type":"article","og_title":"El Ayuntamiento de Pamplona presentar\u00e1 su marca-ciudad el 12 de noviembre, tras ocho meses de trabajo basado en una metodolog\u00eda de participaci\u00f3n y cocreaci\u00f3n","og_description":"El proceso para establecer la marca, su identidad gr\u00e1fica y \u201crelato de ciudad\u201d que la acompa\u00f1a, cuenta con fondos Next Generation EU","og_url":"https:\/\/www.laguiadepamplona.com\/actualidad\/el-ayuntamiento-de-pamplona-presentara-su-marca-ciudad-el-12-de-noviembre-tras-ocho-meses-de-trabajo-basado-en-una-metodologia-de-participacion-y-cocreacion\/","og_site_name":"La Gu\u00eda de Pamplona","article_publisher":"https:\/\/www.facebook.com\/laguiadepamplonacom-133175176762273\/?ref=hl","article_published_time":"2024-11-06T15:48:55+00:00","og_image":[{"width":1000,"height":666,"url":"https:\/\/www.laguiadepamplona.com\/actualidad\/wp-content\/uploads\/2024\/11\/mupiscolocadosenlacalleparalamarcapamplona2.webp","type":"image\/webp"}],"author":"La Gu\u00eda de Pamplona","twitter_card":"summary_large_image","twitter_creator":"@LaGuiadPamplona","twitter_site":"@LaGuiadPamplona","twitter_misc":{"Escrito por":"La Gu\u00eda de Pamplona","Tiempo de lectura":"5 minutos"},"schema":{"@context":"https:\/\/schema.org","@graph":[{"@type":"Article","@id":"https:\/\/www.laguiadepamplona.com\/actualidad\/el-ayuntamiento-de-pamplona-presentara-su-marca-ciudad-el-12-de-noviembre-tras-ocho-meses-de-trabajo-basado-en-una-metodologia-de-participacion-y-cocreacion\/#article","isPartOf":{"@id":"https:\/\/www.laguiadepamplona.com\/actualidad\/el-ayuntamiento-de-pamplona-presentara-su-marca-ciudad-el-12-de-noviembre-tras-ocho-meses-de-trabajo-basado-en-una-metodologia-de-participacion-y-cocreacion\/"},"author":{"name":"La Gu\u00eda de Pamplona","@id":"https:\/\/www.laguiadepamplona.com\/actualidad\/#\/schema\/person\/efe887376f0213d4657c93adc50b1fdb"},"headline":"El Ayuntamiento de Pamplona presentar\u00e1 su marca-ciudad el 12 de noviembre, tras ocho meses de trabajo basado en una metodolog\u00eda de participaci\u00f3n y cocreaci\u00f3n","datePublished":"2024-11-06T15:48:55+00:00","mainEntityOfPage":{"@id":"https:\/\/www.laguiadepamplona.com\/actualidad\/el-ayuntamiento-de-pamplona-presentara-su-marca-ciudad-el-12-de-noviembre-tras-ocho-meses-de-trabajo-basado-en-una-metodologia-de-participacion-y-cocreacion\/"},"wordCount":1080,"commentCount":0,"publisher":{"@id":"https:\/\/www.laguiadepamplona.com\/actualidad\/#organization"},"image":{"@id":"https:\/\/www.laguiadepamplona.com\/actualidad\/el-ayuntamiento-de-pamplona-presentara-su-marca-ciudad-el-12-de-noviembre-tras-ocho-meses-de-trabajo-basado-en-una-metodologia-de-participacion-y-cocreacion\/#primaryimage"},"thumbnailUrl":"https:\/\/www.laguiadepamplona.com\/actualidad\/wp-content\/uploads\/2024\/11\/mupiscolocadosenlacalleparalamarcapamplona2.webp","articleSection":["Ayto Pamplona"],"inLanguage":"es","potentialAction":[{"@type":"CommentAction","name":"Comment","target":["https:\/\/www.laguiadepamplona.com\/actualidad\/el-ayuntamiento-de-pamplona-presentara-su-marca-ciudad-el-12-de-noviembre-tras-ocho-meses-de-trabajo-basado-en-una-metodologia-de-participacion-y-cocreacion\/#respond"]}]},{"@type":"WebPage","@id":"https:\/\/www.laguiadepamplona.com\/actualidad\/el-ayuntamiento-de-pamplona-presentara-su-marca-ciudad-el-12-de-noviembre-tras-ocho-meses-de-trabajo-basado-en-una-metodologia-de-participacion-y-cocreacion\/","url":"https:\/\/www.laguiadepamplona.com\/actualidad\/el-ayuntamiento-de-pamplona-presentara-su-marca-ciudad-el-12-de-noviembre-tras-ocho-meses-de-trabajo-basado-en-una-metodologia-de-participacion-y-cocreacion\/","name":"El Ayuntamiento de Pamplona presentar\u00e1 su marca-ciudad el 12 de noviembre, tras ocho meses de trabajo basado en una metodolog\u00eda de participaci\u00f3n y cocreaci\u00f3n","isPartOf":{"@id":"https:\/\/www.laguiadepamplona.com\/actualidad\/#website"},"primaryImageOfPage":{"@id":"https:\/\/www.laguiadepamplona.com\/actualidad\/el-ayuntamiento-de-pamplona-presentara-su-marca-ciudad-el-12-de-noviembre-tras-ocho-meses-de-trabajo-basado-en-una-metodologia-de-participacion-y-cocreacion\/#primaryimage"},"image":{"@id":"https:\/\/www.laguiadepamplona.com\/actualidad\/el-ayuntamiento-de-pamplona-presentara-su-marca-ciudad-el-12-de-noviembre-tras-ocho-meses-de-trabajo-basado-en-una-metodologia-de-participacion-y-cocreacion\/#primaryimage"},"thumbnailUrl":"https:\/\/www.laguiadepamplona.com\/actualidad\/wp-content\/uploads\/2024\/11\/mupiscolocadosenlacalleparalamarcapamplona2.webp","datePublished":"2024-11-06T15:48:55+00:00","description":"El proceso para establecer la marca, su identidad gr\u00e1fica y \u201crelato de ciudad\u201d que la acompa\u00f1a, cuenta con fondos Next Generation EU","breadcrumb":{"@id":"https:\/\/www.laguiadepamplona.com\/actualidad\/el-ayuntamiento-de-pamplona-presentara-su-marca-ciudad-el-12-de-noviembre-tras-ocho-meses-de-trabajo-basado-en-una-metodologia-de-participacion-y-cocreacion\/#breadcrumb"},"inLanguage":"es","potentialAction":[{"@type":"ReadAction","target":["https:\/\/www.laguiadepamplona.com\/actualidad\/el-ayuntamiento-de-pamplona-presentara-su-marca-ciudad-el-12-de-noviembre-tras-ocho-meses-de-trabajo-basado-en-una-metodologia-de-participacion-y-cocreacion\/"]}]},{"@type":"ImageObject","inLanguage":"es","@id":"https:\/\/www.laguiadepamplona.com\/actualidad\/el-ayuntamiento-de-pamplona-presentara-su-marca-ciudad-el-12-de-noviembre-tras-ocho-meses-de-trabajo-basado-en-una-metodologia-de-participacion-y-cocreacion\/#primaryimage","url":"https:\/\/www.laguiadepamplona.com\/actualidad\/wp-content\/uploads\/2024\/11\/mupiscolocadosenlacalleparalamarcapamplona2.webp","contentUrl":"https:\/\/www.laguiadepamplona.com\/actualidad\/wp-content\/uploads\/2024\/11\/mupiscolocadosenlacalleparalamarcapamplona2.webp","width":1000,"height":666,"caption":"mupis marca pamplona"},{"@type":"BreadcrumbList","@id":"https:\/\/www.laguiadepamplona.com\/actualidad\/el-ayuntamiento-de-pamplona-presentara-su-marca-ciudad-el-12-de-noviembre-tras-ocho-meses-de-trabajo-basado-en-una-metodologia-de-participacion-y-cocreacion\/#breadcrumb","itemListElement":[{"@type":"ListItem","position":1,"name":"Portada","item":"https:\/\/www.laguiadepamplona.com\/actualidad\/"},{"@type":"ListItem","position":2,"name":"El Ayuntamiento de Pamplona presentar\u00e1 su marca-ciudad el 12 de noviembre, tras ocho meses de trabajo basado en una metodolog\u00eda de participaci\u00f3n y cocreaci\u00f3n"}]},{"@type":"WebSite","@id":"https:\/\/www.laguiadepamplona.com\/actualidad\/#website","url":"https:\/\/www.laguiadepamplona.com\/actualidad\/","name":"La gu\u00eda de Pamplona","description":"Noticias de Pamplona","publisher":{"@id":"https:\/\/www.laguiadepamplona.com\/actualidad\/#organization"},"potentialAction":[{"@type":"SearchAction","target":{"@type":"EntryPoint","urlTemplate":"https:\/\/www.laguiadepamplona.com\/actualidad\/?s={search_term_string}"},"query-input":{"@type":"PropertyValueSpecification","valueRequired":true,"valueName":"search_term_string"}}],"inLanguage":"es"},{"@type":"Organization","@id":"https:\/\/www.laguiadepamplona.com\/actualidad\/#organization","name":"La Gu\u00eda de Pamplona \/ Noticias","url":"https:\/\/www.laguiadepamplona.com\/actualidad\/","logo":{"@type":"ImageObject","inLanguage":"es","@id":"https:\/\/www.laguiadepamplona.com\/actualidad\/#\/schema\/logo\/image\/","url":"https:\/\/www.laguiadepamplona.com\/actualidad\/wp-content\/uploads\/2018\/11\/logo-laguiadepamplona18-web1.png","contentUrl":"https:\/\/www.laguiadepamplona.com\/actualidad\/wp-content\/uploads\/2018\/11\/logo-laguiadepamplona18-web1.png","width":600,"height":196,"caption":"La Gu\u00eda de Pamplona \/ Noticias"},"image":{"@id":"https:\/\/www.laguiadepamplona.com\/actualidad\/#\/schema\/logo\/image\/"},"sameAs":["https:\/\/www.facebook.com\/laguiadepamplonacom-133175176762273\/?ref=hl","https:\/\/x.com\/LaGuiadPamplona","https:\/\/www.instagram.com\/la_guia_de_pamplona\/","https:\/\/www.youtube.com\/user\/laguiadepamplona"]},{"@type":"Person","@id":"https:\/\/www.laguiadepamplona.com\/actualidad\/#\/schema\/person\/efe887376f0213d4657c93adc50b1fdb","name":"La Gu\u00eda de Pamplona","image":{"@type":"ImageObject","inLanguage":"es","@id":"https:\/\/secure.gravatar.com\/avatar\/b6992f131dc8d30ab0dff15446e9d346d9dbd95992de0fef795073f5ea83a81c?s=96&d=mm&r=g","url":"https:\/\/secure.gravatar.com\/avatar\/b6992f131dc8d30ab0dff15446e9d346d9dbd95992de0fef795073f5ea83a81c?s=96&d=mm&r=g","contentUrl":"https:\/\/secure.gravatar.com\/avatar\/b6992f131dc8d30ab0dff15446e9d346d9dbd95992de0fef795073f5ea83a81c?s=96&d=mm&r=g","caption":"La Gu\u00eda de Pamplona"}}]}},"post_mailing_queue_ids":[],"_links":{"self":[{"href":"https:\/\/www.laguiadepamplona.com\/actualidad\/wp-json\/wp\/v2\/posts\/51223","targetHints":{"allow":["GET"]}}],"collection":[{"href":"https:\/\/www.laguiadepamplona.com\/actualidad\/wp-json\/wp\/v2\/posts"}],"about":[{"href":"https:\/\/www.laguiadepamplona.com\/actualidad\/wp-json\/wp\/v2\/types\/post"}],"author":[{"embeddable":true,"href":"https:\/\/www.laguiadepamplona.com\/actualidad\/wp-json\/wp\/v2\/users\/1"}],"replies":[{"embeddable":true,"href":"https:\/\/www.laguiadepamplona.com\/actualidad\/wp-json\/wp\/v2\/comments?post=51223"}],"version-history":[{"count":1,"href":"https:\/\/www.laguiadepamplona.com\/actualidad\/wp-json\/wp\/v2\/posts\/51223\/revisions"}],"predecessor-version":[{"id":51225,"href":"https:\/\/www.laguiadepamplona.com\/actualidad\/wp-json\/wp\/v2\/posts\/51223\/revisions\/51225"}],"wp:featuredmedia":[{"embeddable":true,"href":"https:\/\/www.laguiadepamplona.com\/actualidad\/wp-json\/wp\/v2\/media\/51224"}],"wp:attachment":[{"href":"https:\/\/www.laguiadepamplona.com\/actualidad\/wp-json\/wp\/v2\/media?parent=51223"}],"wp:term":[{"taxonomy":"category","embeddable":true,"href":"https:\/\/www.laguiadepamplona.com\/actualidad\/wp-json\/wp\/v2\/categories?post=51223"},{"taxonomy":"post_tag","embeddable":true,"href":"https:\/\/www.laguiadepamplona.com\/actualidad\/wp-json\/wp\/v2\/tags?post=51223"}],"curies":[{"name":"wp","href":"https:\/\/api.w.org\/{rel}","templated":true}]}}