{"id":51218,"date":"2024-11-06T17:45:21","date_gmt":"2024-11-06T15:45:21","guid":{"rendered":"https:\/\/www.laguiadepamplona.com\/actualidad\/?p=51218"},"modified":"2024-11-06T17:45:21","modified_gmt":"2024-11-06T15:45:21","slug":"las-obras-de-mejora-de-la-movilidad-y-accesibilidad-en-la-calle-abejeras-comienzan-este-mes-con-una-duracion-prevista-de-45-dias","status":"publish","type":"post","link":"https:\/\/www.laguiadepamplona.com\/actualidad\/las-obras-de-mejora-de-la-movilidad-y-accesibilidad-en-la-calle-abejeras-comienzan-este-mes-con-una-duracion-prevista-de-45-dias\/","title":{"rendered":"Las obras de mejora de la movilidad y accesibilidad en la calle Abejeras comienzan este mes, con una duraci\u00f3n prevista de 45 d\u00edas"},"content":{"rendered":"<h2>Los trabajos incluyen el asfaltado entre Iturrama y avenida de Zaragoza, la ampliaci\u00f3n del carril bici y la construcci\u00f3n de aceras avanzadas<\/h2>\n<p><!--more--><\/p>\n<p>La Junta de Gobierno Local ha aprobado la adjudicaci\u00f3n del contrato de obras de mejora de la movilidad y accesibilidad en la calle Abejeras. Este es el s\u00e9ptimo contrato derivado del acuerdo marco de selecci\u00f3n de empresas para la ejecuci\u00f3n de obras de mejora de la movilidad y la sostenibilidad en la ciudad. La adjudicaci\u00f3n corresponde a la UTE Urbanismo T\u00e1ctico Pamplona, por un importe de 152.785,63 euros.<\/p>\n<p>La obra tiene por objeto la ampliaci\u00f3n de las dimensiones del carril bici existente, tanto en anchura como en su banda de protecci\u00f3n, seg\u00fan la normativa actual, as\u00ed como mejorar la accesibilidad y la movilidad en toda la calle Abejeras mediante la construcci\u00f3n de aceras avanzadas. Las obras tambi\u00e9n reconfiguran los aparcamientos en l\u00ednea, en bater\u00eda y en las zonas de carga y descarga. As\u00ed, se reparten de manera m\u00e1s equitativa los espacios de convivencia para peatones, ciclistas y veh\u00edculo privado.<\/p>\n<p>El inicio de las obras est\u00e1 previsto para el 11 de noviembre, incluyendo la obra civil y el asfaltado del tramo comprendido entre la glorieta de intersecci\u00f3n con la calle Iturrama y el cruce con la avenida de Zaragoza. El plazo de ejecuci\u00f3n es de 45 d\u00edas, repartidos en tres fases, que afectar\u00e1n al tr\u00e1fico rodado y peatonal. A partir del 11 de noviembre y hasta el fin de obra, se anular\u00e1 toda la banda de aparcamiento del margen derecho, sentido centro ciudad. Se mantiene la carga y descarga durante la obra y se reubicar\u00e1 en el margen izquierdo al finalizar.<\/p>\n<p>Aunque en los \u00faltimos a\u00f1os la calle Abejeras ha sido objeto de actuaciones puntuales con la construcci\u00f3n de aceras avanzadas en distintos pasos de peatones, es necesario realizar una actuaci\u00f3n global que unifique toda la calle.<\/p>\n<p>Adem\u00e1s de las actuaciones en el carril bici y en la calzada, en los cuatro pasos peatonales avanzados del margen derecho de la calle, en sentido centro ciudad, se construir\u00e1n aceras bici con pavimento diferenciado para dar continuidad a la v\u00eda ciclista. En esas aceras bici, se se\u00f1alizar\u00e1 pasos peatonales para remarcar la prioridad peatonal en estas zonas. La intervenci\u00f3n en la calle Abejeras incluye la eliminaci\u00f3n 31 plazas de aparcamiento.<\/p>\n<p>El carril bici de Abejeras es bidireccional y comienza en la glorieta de conexi\u00f3n con la calle Iturrama, desde ah\u00ed discurre por la margen derecha en direcci\u00f3n a la avenida de Zaragoza. Es uno de los primeros que se realizaron en la ciudad, con una anchura total de aproximadamente 1,70 metros para los dos sentidos de circulaci\u00f3n. Adem\u00e1s, la banda de protecci\u00f3n es de aproximadamente 0,40 metros, con separadores en mal estado o incluso desaparecidos.<\/p>\n<p>La intervenci\u00f3n en la calle Abejeras favorecer\u00e1 notablemente la circulaci\u00f3n de peatones y ciclistas gracias a las mejoras en las aceras y en los carriles bici, que contribuir\u00e1n al calmado de tr\u00e1fico y a la amabilizaci\u00f3n de la calle. Asimismo, el transporte urbano incrementar\u00e1 su velocidad comercial y se facilitar\u00e1 su circulaci\u00f3n, pues la parada avanzada al final de la calle posicionar\u00e1 a las villavesas en primer lugar en el cruce semaf\u00f3rico con la avenida de Zaragoza.<\/p>\n","protected":false},"excerpt":{"rendered":"<p>Los trabajos incluyen el asfaltado entre Iturrama y avenida de Zaragoza, la ampliaci\u00f3n del carril bici y la construcci\u00f3n de aceras avanzadas<\/p>\n","protected":false},"author":1,"featured_media":49013,"comment_status":"open","ping_status":"closed","sticky":false,"template":"","format":"standard","meta":{"footnotes":""},"categories":[2],"tags":[],"class_list":["post-51218","post","type-post","status-publish","format-standard","has-post-thumbnail","hentry","category-ayuntamiento-pamplona"],"yoast_head":"<!-- This site is optimized with the Yoast SEO plugin v27.3 - https:\/\/yoast.com\/product\/yoast-seo-wordpress\/ -->\n<title>Las obras de mejora de la movilidad y accesibilidad en la calle Abejeras comienzan este mes, con una duraci\u00f3n prevista de 45 d\u00edas<\/title>\n<meta name=\"description\" content=\"Los trabajos incluyen el asfaltado entre Iturrama y avenida de Zaragoza, la ampliaci\u00f3n del carril bici y la construcci\u00f3n de aceras avanzadas\" \/>\n<meta name=\"robots\" content=\"index, follow, max-snippet:-1, max-image-preview:large, max-video-preview:-1\" \/>\n<link rel=\"canonical\" href=\"https:\/\/www.laguiadepamplona.com\/actualidad\/las-obras-de-mejora-de-la-movilidad-y-accesibilidad-en-la-calle-abejeras-comienzan-este-mes-con-una-duracion-prevista-de-45-dias\/\" \/>\n<meta property=\"og:locale\" content=\"es_ES\" \/>\n<meta property=\"og:type\" content=\"article\" \/>\n<meta property=\"og:title\" content=\"Las obras de mejora de la movilidad y accesibilidad en la calle Abejeras comienzan este mes, con una duraci\u00f3n prevista de 45 d\u00edas\" \/>\n<meta property=\"og:description\" content=\"Los trabajos incluyen el asfaltado entre Iturrama y avenida de Zaragoza, la ampliaci\u00f3n del carril bici y la construcci\u00f3n de aceras avanzadas\" \/>\n<meta property=\"og:url\" content=\"https:\/\/www.laguiadepamplona.com\/actualidad\/las-obras-de-mejora-de-la-movilidad-y-accesibilidad-en-la-calle-abejeras-comienzan-este-mes-con-una-duracion-prevista-de-45-dias\/\" \/>\n<meta property=\"og:site_name\" content=\"La Gu\u00eda de Pamplona\" \/>\n<meta property=\"article:publisher\" content=\"https:\/\/www.facebook.com\/laguiadepamplonacom-133175176762273\/?ref=hl\" \/>\n<meta property=\"article:published_time\" content=\"2024-11-06T15:45:21+00:00\" \/>\n<meta property=\"og:image\" content=\"https:\/\/www.laguiadepamplona.com\/actualidad\/wp-content\/uploads\/2024\/03\/carril-bici_03_3.webp\" \/>\n\t<meta property=\"og:image:width\" content=\"1200\" \/>\n\t<meta property=\"og:image:height\" content=\"797\" \/>\n\t<meta property=\"og:image:type\" content=\"image\/webp\" \/>\n<meta name=\"author\" content=\"La Gu\u00eda de Pamplona\" \/>\n<meta name=\"twitter:card\" content=\"summary_large_image\" \/>\n<meta name=\"twitter:creator\" content=\"@LaGuiadPamplona\" \/>\n<meta name=\"twitter:site\" content=\"@LaGuiadPamplona\" \/>\n<meta name=\"twitter:label1\" content=\"Escrito por\" \/>\n\t<meta name=\"twitter:data1\" content=\"La Gu\u00eda de Pamplona\" \/>\n\t<meta name=\"twitter:label2\" content=\"Tiempo de lectura\" \/>\n\t<meta name=\"twitter:data2\" content=\"3 minutos\" \/>\n<script type=\"application\/ld+json\" class=\"yoast-schema-graph\">{\"@context\":\"https:\\\/\\\/schema.org\",\"@graph\":[{\"@type\":\"Article\",\"@id\":\"https:\\\/\\\/www.laguiadepamplona.com\\\/actualidad\\\/las-obras-de-mejora-de-la-movilidad-y-accesibilidad-en-la-calle-abejeras-comienzan-este-mes-con-una-duracion-prevista-de-45-dias\\\/#article\",\"isPartOf\":{\"@id\":\"https:\\\/\\\/www.laguiadepamplona.com\\\/actualidad\\\/las-obras-de-mejora-de-la-movilidad-y-accesibilidad-en-la-calle-abejeras-comienzan-este-mes-con-una-duracion-prevista-de-45-dias\\\/\"},\"author\":{\"name\":\"La Gu\u00eda de Pamplona\",\"@id\":\"https:\\\/\\\/www.laguiadepamplona.com\\\/actualidad\\\/#\\\/schema\\\/person\\\/efe887376f0213d4657c93adc50b1fdb\"},\"headline\":\"Las obras de mejora de la movilidad y accesibilidad en la calle Abejeras comienzan este mes, con una duraci\u00f3n prevista de 45 d\u00edas\",\"datePublished\":\"2024-11-06T15:45:21+00:00\",\"mainEntityOfPage\":{\"@id\":\"https:\\\/\\\/www.laguiadepamplona.com\\\/actualidad\\\/las-obras-de-mejora-de-la-movilidad-y-accesibilidad-en-la-calle-abejeras-comienzan-este-mes-con-una-duracion-prevista-de-45-dias\\\/\"},\"wordCount\":591,\"commentCount\":0,\"publisher\":{\"@id\":\"https:\\\/\\\/www.laguiadepamplona.com\\\/actualidad\\\/#organization\"},\"image\":{\"@id\":\"https:\\\/\\\/www.laguiadepamplona.com\\\/actualidad\\\/las-obras-de-mejora-de-la-movilidad-y-accesibilidad-en-la-calle-abejeras-comienzan-este-mes-con-una-duracion-prevista-de-45-dias\\\/#primaryimage\"},\"thumbnailUrl\":\"https:\\\/\\\/www.laguiadepamplona.com\\\/actualidad\\\/wp-content\\\/uploads\\\/2024\\\/03\\\/carril-bici_03_3.webp\",\"articleSection\":[\"Ayto Pamplona\"],\"inLanguage\":\"es\",\"potentialAction\":[{\"@type\":\"CommentAction\",\"name\":\"Comment\",\"target\":[\"https:\\\/\\\/www.laguiadepamplona.com\\\/actualidad\\\/las-obras-de-mejora-de-la-movilidad-y-accesibilidad-en-la-calle-abejeras-comienzan-este-mes-con-una-duracion-prevista-de-45-dias\\\/#respond\"]}]},{\"@type\":\"WebPage\",\"@id\":\"https:\\\/\\\/www.laguiadepamplona.com\\\/actualidad\\\/las-obras-de-mejora-de-la-movilidad-y-accesibilidad-en-la-calle-abejeras-comienzan-este-mes-con-una-duracion-prevista-de-45-dias\\\/\",\"url\":\"https:\\\/\\\/www.laguiadepamplona.com\\\/actualidad\\\/las-obras-de-mejora-de-la-movilidad-y-accesibilidad-en-la-calle-abejeras-comienzan-este-mes-con-una-duracion-prevista-de-45-dias\\\/\",\"name\":\"Las obras de mejora de la movilidad y accesibilidad en la calle Abejeras comienzan este mes, con una duraci\u00f3n prevista de 45 d\u00edas\",\"isPartOf\":{\"@id\":\"https:\\\/\\\/www.laguiadepamplona.com\\\/actualidad\\\/#website\"},\"primaryImageOfPage\":{\"@id\":\"https:\\\/\\\/www.laguiadepamplona.com\\\/actualidad\\\/las-obras-de-mejora-de-la-movilidad-y-accesibilidad-en-la-calle-abejeras-comienzan-este-mes-con-una-duracion-prevista-de-45-dias\\\/#primaryimage\"},\"image\":{\"@id\":\"https:\\\/\\\/www.laguiadepamplona.com\\\/actualidad\\\/las-obras-de-mejora-de-la-movilidad-y-accesibilidad-en-la-calle-abejeras-comienzan-este-mes-con-una-duracion-prevista-de-45-dias\\\/#primaryimage\"},\"thumbnailUrl\":\"https:\\\/\\\/www.laguiadepamplona.com\\\/actualidad\\\/wp-content\\\/uploads\\\/2024\\\/03\\\/carril-bici_03_3.webp\",\"datePublished\":\"2024-11-06T15:45:21+00:00\",\"description\":\"Los trabajos incluyen el asfaltado entre Iturrama y avenida de Zaragoza, la ampliaci\u00f3n del carril bici y la construcci\u00f3n de aceras avanzadas\",\"breadcrumb\":{\"@id\":\"https:\\\/\\\/www.laguiadepamplona.com\\\/actualidad\\\/las-obras-de-mejora-de-la-movilidad-y-accesibilidad-en-la-calle-abejeras-comienzan-este-mes-con-una-duracion-prevista-de-45-dias\\\/#breadcrumb\"},\"inLanguage\":\"es\",\"potentialAction\":[{\"@type\":\"ReadAction\",\"target\":[\"https:\\\/\\\/www.laguiadepamplona.com\\\/actualidad\\\/las-obras-de-mejora-de-la-movilidad-y-accesibilidad-en-la-calle-abejeras-comienzan-este-mes-con-una-duracion-prevista-de-45-dias\\\/\"]}]},{\"@type\":\"ImageObject\",\"inLanguage\":\"es\",\"@id\":\"https:\\\/\\\/www.laguiadepamplona.com\\\/actualidad\\\/las-obras-de-mejora-de-la-movilidad-y-accesibilidad-en-la-calle-abejeras-comienzan-este-mes-con-una-duracion-prevista-de-45-dias\\\/#primaryimage\",\"url\":\"https:\\\/\\\/www.laguiadepamplona.com\\\/actualidad\\\/wp-content\\\/uploads\\\/2024\\\/03\\\/carril-bici_03_3.webp\",\"contentUrl\":\"https:\\\/\\\/www.laguiadepamplona.com\\\/actualidad\\\/wp-content\\\/uploads\\\/2024\\\/03\\\/carril-bici_03_3.webp\",\"width\":1200,\"height\":797,\"caption\":\"carril bici\"},{\"@type\":\"BreadcrumbList\",\"@id\":\"https:\\\/\\\/www.laguiadepamplona.com\\\/actualidad\\\/las-obras-de-mejora-de-la-movilidad-y-accesibilidad-en-la-calle-abejeras-comienzan-este-mes-con-una-duracion-prevista-de-45-dias\\\/#breadcrumb\",\"itemListElement\":[{\"@type\":\"ListItem\",\"position\":1,\"name\":\"Portada\",\"item\":\"https:\\\/\\\/www.laguiadepamplona.com\\\/actualidad\\\/\"},{\"@type\":\"ListItem\",\"position\":2,\"name\":\"Las obras de mejora de la movilidad y accesibilidad en la calle Abejeras comienzan este mes, con una duraci\u00f3n prevista de 45 d\u00edas\"}]},{\"@type\":\"WebSite\",\"@id\":\"https:\\\/\\\/www.laguiadepamplona.com\\\/actualidad\\\/#website\",\"url\":\"https:\\\/\\\/www.laguiadepamplona.com\\\/actualidad\\\/\",\"name\":\"La gu\u00eda de Pamplona\",\"description\":\"Noticias de Pamplona\",\"publisher\":{\"@id\":\"https:\\\/\\\/www.laguiadepamplona.com\\\/actualidad\\\/#organization\"},\"potentialAction\":[{\"@type\":\"SearchAction\",\"target\":{\"@type\":\"EntryPoint\",\"urlTemplate\":\"https:\\\/\\\/www.laguiadepamplona.com\\\/actualidad\\\/?s={search_term_string}\"},\"query-input\":{\"@type\":\"PropertyValueSpecification\",\"valueRequired\":true,\"valueName\":\"search_term_string\"}}],\"inLanguage\":\"es\"},{\"@type\":\"Organization\",\"@id\":\"https:\\\/\\\/www.laguiadepamplona.com\\\/actualidad\\\/#organization\",\"name\":\"La Gu\u00eda de Pamplona \\\/ Noticias\",\"url\":\"https:\\\/\\\/www.laguiadepamplona.com\\\/actualidad\\\/\",\"logo\":{\"@type\":\"ImageObject\",\"inLanguage\":\"es\",\"@id\":\"https:\\\/\\\/www.laguiadepamplona.com\\\/actualidad\\\/#\\\/schema\\\/logo\\\/image\\\/\",\"url\":\"https:\\\/\\\/www.laguiadepamplona.com\\\/actualidad\\\/wp-content\\\/uploads\\\/2018\\\/11\\\/logo-laguiadepamplona18-web1.png\",\"contentUrl\":\"https:\\\/\\\/www.laguiadepamplona.com\\\/actualidad\\\/wp-content\\\/uploads\\\/2018\\\/11\\\/logo-laguiadepamplona18-web1.png\",\"width\":600,\"height\":196,\"caption\":\"La Gu\u00eda de Pamplona \\\/ Noticias\"},\"image\":{\"@id\":\"https:\\\/\\\/www.laguiadepamplona.com\\\/actualidad\\\/#\\\/schema\\\/logo\\\/image\\\/\"},\"sameAs\":[\"https:\\\/\\\/www.facebook.com\\\/laguiadepamplonacom-133175176762273\\\/?ref=hl\",\"https:\\\/\\\/x.com\\\/LaGuiadPamplona\",\"https:\\\/\\\/www.instagram.com\\\/la_guia_de_pamplona\\\/\",\"https:\\\/\\\/www.youtube.com\\\/user\\\/laguiadepamplona\"]},{\"@type\":\"Person\",\"@id\":\"https:\\\/\\\/www.laguiadepamplona.com\\\/actualidad\\\/#\\\/schema\\\/person\\\/efe887376f0213d4657c93adc50b1fdb\",\"name\":\"La Gu\u00eda de Pamplona\",\"image\":{\"@type\":\"ImageObject\",\"inLanguage\":\"es\",\"@id\":\"https:\\\/\\\/secure.gravatar.com\\\/avatar\\\/b6992f131dc8d30ab0dff15446e9d346d9dbd95992de0fef795073f5ea83a81c?s=96&d=mm&r=g\",\"url\":\"https:\\\/\\\/secure.gravatar.com\\\/avatar\\\/b6992f131dc8d30ab0dff15446e9d346d9dbd95992de0fef795073f5ea83a81c?s=96&d=mm&r=g\",\"contentUrl\":\"https:\\\/\\\/secure.gravatar.com\\\/avatar\\\/b6992f131dc8d30ab0dff15446e9d346d9dbd95992de0fef795073f5ea83a81c?s=96&d=mm&r=g\",\"caption\":\"La Gu\u00eda de Pamplona\"}}]}<\/script>\n<!-- \/ Yoast SEO plugin. -->","yoast_head_json":{"title":"Las obras de mejora de la movilidad y accesibilidad en la calle Abejeras comienzan este mes, con una duraci\u00f3n prevista de 45 d\u00edas","description":"Los trabajos incluyen el asfaltado entre Iturrama y avenida de Zaragoza, la ampliaci\u00f3n del carril bici y la construcci\u00f3n de aceras avanzadas","robots":{"index":"index","follow":"follow","max-snippet":"max-snippet:-1","max-image-preview":"max-image-preview:large","max-video-preview":"max-video-preview:-1"},"canonical":"https:\/\/www.laguiadepamplona.com\/actualidad\/las-obras-de-mejora-de-la-movilidad-y-accesibilidad-en-la-calle-abejeras-comienzan-este-mes-con-una-duracion-prevista-de-45-dias\/","og_locale":"es_ES","og_type":"article","og_title":"Las obras de mejora de la movilidad y accesibilidad en la calle Abejeras comienzan este mes, con una duraci\u00f3n prevista de 45 d\u00edas","og_description":"Los trabajos incluyen el asfaltado entre Iturrama y avenida de Zaragoza, la ampliaci\u00f3n del carril bici y la construcci\u00f3n de aceras avanzadas","og_url":"https:\/\/www.laguiadepamplona.com\/actualidad\/las-obras-de-mejora-de-la-movilidad-y-accesibilidad-en-la-calle-abejeras-comienzan-este-mes-con-una-duracion-prevista-de-45-dias\/","og_site_name":"La Gu\u00eda de Pamplona","article_publisher":"https:\/\/www.facebook.com\/laguiadepamplonacom-133175176762273\/?ref=hl","article_published_time":"2024-11-06T15:45:21+00:00","og_image":[{"width":1200,"height":797,"url":"https:\/\/www.laguiadepamplona.com\/actualidad\/wp-content\/uploads\/2024\/03\/carril-bici_03_3.webp","type":"image\/webp"}],"author":"La Gu\u00eda de Pamplona","twitter_card":"summary_large_image","twitter_creator":"@LaGuiadPamplona","twitter_site":"@LaGuiadPamplona","twitter_misc":{"Escrito por":"La Gu\u00eda de Pamplona","Tiempo de lectura":"3 minutos"},"schema":{"@context":"https:\/\/schema.org","@graph":[{"@type":"Article","@id":"https:\/\/www.laguiadepamplona.com\/actualidad\/las-obras-de-mejora-de-la-movilidad-y-accesibilidad-en-la-calle-abejeras-comienzan-este-mes-con-una-duracion-prevista-de-45-dias\/#article","isPartOf":{"@id":"https:\/\/www.laguiadepamplona.com\/actualidad\/las-obras-de-mejora-de-la-movilidad-y-accesibilidad-en-la-calle-abejeras-comienzan-este-mes-con-una-duracion-prevista-de-45-dias\/"},"author":{"name":"La Gu\u00eda de Pamplona","@id":"https:\/\/www.laguiadepamplona.com\/actualidad\/#\/schema\/person\/efe887376f0213d4657c93adc50b1fdb"},"headline":"Las obras de mejora de la movilidad y accesibilidad en la calle Abejeras comienzan este mes, con una duraci\u00f3n prevista de 45 d\u00edas","datePublished":"2024-11-06T15:45:21+00:00","mainEntityOfPage":{"@id":"https:\/\/www.laguiadepamplona.com\/actualidad\/las-obras-de-mejora-de-la-movilidad-y-accesibilidad-en-la-calle-abejeras-comienzan-este-mes-con-una-duracion-prevista-de-45-dias\/"},"wordCount":591,"commentCount":0,"publisher":{"@id":"https:\/\/www.laguiadepamplona.com\/actualidad\/#organization"},"image":{"@id":"https:\/\/www.laguiadepamplona.com\/actualidad\/las-obras-de-mejora-de-la-movilidad-y-accesibilidad-en-la-calle-abejeras-comienzan-este-mes-con-una-duracion-prevista-de-45-dias\/#primaryimage"},"thumbnailUrl":"https:\/\/www.laguiadepamplona.com\/actualidad\/wp-content\/uploads\/2024\/03\/carril-bici_03_3.webp","articleSection":["Ayto Pamplona"],"inLanguage":"es","potentialAction":[{"@type":"CommentAction","name":"Comment","target":["https:\/\/www.laguiadepamplona.com\/actualidad\/las-obras-de-mejora-de-la-movilidad-y-accesibilidad-en-la-calle-abejeras-comienzan-este-mes-con-una-duracion-prevista-de-45-dias\/#respond"]}]},{"@type":"WebPage","@id":"https:\/\/www.laguiadepamplona.com\/actualidad\/las-obras-de-mejora-de-la-movilidad-y-accesibilidad-en-la-calle-abejeras-comienzan-este-mes-con-una-duracion-prevista-de-45-dias\/","url":"https:\/\/www.laguiadepamplona.com\/actualidad\/las-obras-de-mejora-de-la-movilidad-y-accesibilidad-en-la-calle-abejeras-comienzan-este-mes-con-una-duracion-prevista-de-45-dias\/","name":"Las obras de mejora de la movilidad y accesibilidad en la calle Abejeras comienzan este mes, con una duraci\u00f3n prevista de 45 d\u00edas","isPartOf":{"@id":"https:\/\/www.laguiadepamplona.com\/actualidad\/#website"},"primaryImageOfPage":{"@id":"https:\/\/www.laguiadepamplona.com\/actualidad\/las-obras-de-mejora-de-la-movilidad-y-accesibilidad-en-la-calle-abejeras-comienzan-este-mes-con-una-duracion-prevista-de-45-dias\/#primaryimage"},"image":{"@id":"https:\/\/www.laguiadepamplona.com\/actualidad\/las-obras-de-mejora-de-la-movilidad-y-accesibilidad-en-la-calle-abejeras-comienzan-este-mes-con-una-duracion-prevista-de-45-dias\/#primaryimage"},"thumbnailUrl":"https:\/\/www.laguiadepamplona.com\/actualidad\/wp-content\/uploads\/2024\/03\/carril-bici_03_3.webp","datePublished":"2024-11-06T15:45:21+00:00","description":"Los trabajos incluyen el asfaltado entre Iturrama y avenida de Zaragoza, la ampliaci\u00f3n del carril bici y la construcci\u00f3n de aceras avanzadas","breadcrumb":{"@id":"https:\/\/www.laguiadepamplona.com\/actualidad\/las-obras-de-mejora-de-la-movilidad-y-accesibilidad-en-la-calle-abejeras-comienzan-este-mes-con-una-duracion-prevista-de-45-dias\/#breadcrumb"},"inLanguage":"es","potentialAction":[{"@type":"ReadAction","target":["https:\/\/www.laguiadepamplona.com\/actualidad\/las-obras-de-mejora-de-la-movilidad-y-accesibilidad-en-la-calle-abejeras-comienzan-este-mes-con-una-duracion-prevista-de-45-dias\/"]}]},{"@type":"ImageObject","inLanguage":"es","@id":"https:\/\/www.laguiadepamplona.com\/actualidad\/las-obras-de-mejora-de-la-movilidad-y-accesibilidad-en-la-calle-abejeras-comienzan-este-mes-con-una-duracion-prevista-de-45-dias\/#primaryimage","url":"https:\/\/www.laguiadepamplona.com\/actualidad\/wp-content\/uploads\/2024\/03\/carril-bici_03_3.webp","contentUrl":"https:\/\/www.laguiadepamplona.com\/actualidad\/wp-content\/uploads\/2024\/03\/carril-bici_03_3.webp","width":1200,"height":797,"caption":"carril bici"},{"@type":"BreadcrumbList","@id":"https:\/\/www.laguiadepamplona.com\/actualidad\/las-obras-de-mejora-de-la-movilidad-y-accesibilidad-en-la-calle-abejeras-comienzan-este-mes-con-una-duracion-prevista-de-45-dias\/#breadcrumb","itemListElement":[{"@type":"ListItem","position":1,"name":"Portada","item":"https:\/\/www.laguiadepamplona.com\/actualidad\/"},{"@type":"ListItem","position":2,"name":"Las obras de mejora de la movilidad y accesibilidad en la calle Abejeras comienzan este mes, con una duraci\u00f3n prevista de 45 d\u00edas"}]},{"@type":"WebSite","@id":"https:\/\/www.laguiadepamplona.com\/actualidad\/#website","url":"https:\/\/www.laguiadepamplona.com\/actualidad\/","name":"La gu\u00eda de Pamplona","description":"Noticias de Pamplona","publisher":{"@id":"https:\/\/www.laguiadepamplona.com\/actualidad\/#organization"},"potentialAction":[{"@type":"SearchAction","target":{"@type":"EntryPoint","urlTemplate":"https:\/\/www.laguiadepamplona.com\/actualidad\/?s={search_term_string}"},"query-input":{"@type":"PropertyValueSpecification","valueRequired":true,"valueName":"search_term_string"}}],"inLanguage":"es"},{"@type":"Organization","@id":"https:\/\/www.laguiadepamplona.com\/actualidad\/#organization","name":"La Gu\u00eda de Pamplona \/ Noticias","url":"https:\/\/www.laguiadepamplona.com\/actualidad\/","logo":{"@type":"ImageObject","inLanguage":"es","@id":"https:\/\/www.laguiadepamplona.com\/actualidad\/#\/schema\/logo\/image\/","url":"https:\/\/www.laguiadepamplona.com\/actualidad\/wp-content\/uploads\/2018\/11\/logo-laguiadepamplona18-web1.png","contentUrl":"https:\/\/www.laguiadepamplona.com\/actualidad\/wp-content\/uploads\/2018\/11\/logo-laguiadepamplona18-web1.png","width":600,"height":196,"caption":"La Gu\u00eda de Pamplona \/ Noticias"},"image":{"@id":"https:\/\/www.laguiadepamplona.com\/actualidad\/#\/schema\/logo\/image\/"},"sameAs":["https:\/\/www.facebook.com\/laguiadepamplonacom-133175176762273\/?ref=hl","https:\/\/x.com\/LaGuiadPamplona","https:\/\/www.instagram.com\/la_guia_de_pamplona\/","https:\/\/www.youtube.com\/user\/laguiadepamplona"]},{"@type":"Person","@id":"https:\/\/www.laguiadepamplona.com\/actualidad\/#\/schema\/person\/efe887376f0213d4657c93adc50b1fdb","name":"La Gu\u00eda de Pamplona","image":{"@type":"ImageObject","inLanguage":"es","@id":"https:\/\/secure.gravatar.com\/avatar\/b6992f131dc8d30ab0dff15446e9d346d9dbd95992de0fef795073f5ea83a81c?s=96&d=mm&r=g","url":"https:\/\/secure.gravatar.com\/avatar\/b6992f131dc8d30ab0dff15446e9d346d9dbd95992de0fef795073f5ea83a81c?s=96&d=mm&r=g","contentUrl":"https:\/\/secure.gravatar.com\/avatar\/b6992f131dc8d30ab0dff15446e9d346d9dbd95992de0fef795073f5ea83a81c?s=96&d=mm&r=g","caption":"La Gu\u00eda de Pamplona"}}]}},"post_mailing_queue_ids":[],"_links":{"self":[{"href":"https:\/\/www.laguiadepamplona.com\/actualidad\/wp-json\/wp\/v2\/posts\/51218","targetHints":{"allow":["GET"]}}],"collection":[{"href":"https:\/\/www.laguiadepamplona.com\/actualidad\/wp-json\/wp\/v2\/posts"}],"about":[{"href":"https:\/\/www.laguiadepamplona.com\/actualidad\/wp-json\/wp\/v2\/types\/post"}],"author":[{"embeddable":true,"href":"https:\/\/www.laguiadepamplona.com\/actualidad\/wp-json\/wp\/v2\/users\/1"}],"replies":[{"embeddable":true,"href":"https:\/\/www.laguiadepamplona.com\/actualidad\/wp-json\/wp\/v2\/comments?post=51218"}],"version-history":[{"count":1,"href":"https:\/\/www.laguiadepamplona.com\/actualidad\/wp-json\/wp\/v2\/posts\/51218\/revisions"}],"predecessor-version":[{"id":51219,"href":"https:\/\/www.laguiadepamplona.com\/actualidad\/wp-json\/wp\/v2\/posts\/51218\/revisions\/51219"}],"wp:featuredmedia":[{"embeddable":true,"href":"https:\/\/www.laguiadepamplona.com\/actualidad\/wp-json\/wp\/v2\/media\/49013"}],"wp:attachment":[{"href":"https:\/\/www.laguiadepamplona.com\/actualidad\/wp-json\/wp\/v2\/media?parent=51218"}],"wp:term":[{"taxonomy":"category","embeddable":true,"href":"https:\/\/www.laguiadepamplona.com\/actualidad\/wp-json\/wp\/v2\/categories?post=51218"},{"taxonomy":"post_tag","embeddable":true,"href":"https:\/\/www.laguiadepamplona.com\/actualidad\/wp-json\/wp\/v2\/tags?post=51218"}],"curies":[{"name":"wp","href":"https:\/\/api.w.org\/{rel}","templated":true}]}}