{"id":51215,"date":"2024-11-06T17:44:40","date_gmt":"2024-11-06T15:44:40","guid":{"rendered":"https:\/\/www.laguiadepamplona.com\/actualidad\/?p=51215"},"modified":"2024-11-06T17:44:40","modified_gmt":"2024-11-06T15:44:40","slug":"el-ayuntamiento-plantara-o-replantara-mas-de-mil-arboles-en-la-campana-de-invierno-en-distintos-parques-y-calles-de-la-ciudad","status":"publish","type":"post","link":"https:\/\/www.laguiadepamplona.com\/actualidad\/el-ayuntamiento-plantara-o-replantara-mas-de-mil-arboles-en-la-campana-de-invierno-en-distintos-parques-y-calles-de-la-ciudad\/","title":{"rendered":"El Ayuntamiento plantar\u00e1 o replantar\u00e1 m\u00e1s de mil \u00e1rboles en la campa\u00f1a de invierno en distintos parques y calles de la ciudad"},"content":{"rendered":"<h2>Las actuaciones comenzar\u00e1n este mes de noviembre y se prolongar\u00e1n hasta marzo de 2025<\/h2>\n<p><!--more--><\/p>\n<p>El Ayuntamiento de Pamplona llevar\u00e1 a cabo la plantaci\u00f3n de m\u00e1s de mil \u00e1rboles en los pr\u00f3ximos meses, dentro de la campa\u00f1a de reposici\u00f3n y generaci\u00f3n de nuevas zonas verdes en la ciudad. Las actuaciones incluyen tanto la labor del Servicio de Zonas Verdes, como la ejecuci\u00f3n de diversas obras dentro del \u00e1rea de Proyectos y Movilidad y de Gerencia de Urbanismo, como el corredor ciclable y peatonal de la cuesta de Beloso, la renaturalizaci\u00f3n de patios escolares o el impulso al parque de las Pioneras.<\/p>\n<p>La previsi\u00f3n inicial es que durante los pr\u00f3ximos cinco meses se planten 1.021 \u00e1rboles de distintas especies. No obstante, esta cifra podr\u00eda verse aumentada en otros 150 ejemplares aproximadamente, seg\u00fan avance la campa\u00f1a y se valore sustituir algunos \u00e1rboles en peores condiciones. La variedad de especies utilizada en esta campa\u00f1a es amplia. Se plantar\u00e1n ejemplares de las familias de los tilos, los fresnos y los arces, entre otros, apostando por la diversidad y priorizando aquellos que se ajustan mejor al clima de la Comunidad foral. Por regla general, una misma especie no puede representar m\u00e1s del 5% del arbolado de la ciudad, para evitar que si sufre alg\u00fan tipo de plaga o enfermedad no condicione las zonas verdes de toda Pamplona. Es por ello que en las campa\u00f1as de plantaci\u00f3n nunca existe una especie que destaque sobre otra en n\u00famero de ejemplares.<\/p>\n<p>El Servicio de Zonas Verdes del Ayuntamiento es el m\u00e1ximo responsable del cuidado y plantaci\u00f3n del arbolado de la ciudad. No obstante, existen otras \u00e1reas municipales que llevan a cabo actuaciones diversas que incluyen, tambi\u00e9n, la plantaci\u00f3n de arbolado. En lo que se refiere \u00fanicamente a Zonas Verdes, para esta campa\u00f1a tienen previsto plantar 624 ejemplares. El grueso, hasta 438, corresponden a reposici\u00f3n de arbolado seco o en malas condiciones y a la sustituci\u00f3n de unas especies por otras. Al tratarse de una labor ordinaria del servicio, que se realiza con personal municipal y a trav\u00e9s de contratas, en este caso el coste de la plantaci\u00f3n se limita al suministro de arbolado, para lo que se han previsto alrededor de 80.000 euros. La cifra de \u00e1rboles susceptibles de reposici\u00f3n podr\u00eda llegar a los 600, seg\u00fan desde el \u00e1rea.<\/p>\n<p>Los 438 \u00e1rboles previsto se repartir\u00e1n por todos los barrios de Pamplona. No obstante, ser\u00e1 en la zona de Rochapea donde se d\u00e9 el mayor impulso, con la plantaci\u00f3n de 99 ejemplares. Le siguen, por n\u00famero, la zona de Arrosad\u00eda-Sadar, con 41 ejemplares previstos; Ermitaga\u00f1a-Mendebaldea y Lezkairu, ambos con 37 reposiciones; y San Jorge, con 34 m\u00e1s. La cifra de nuevo arbolado supera la veintena en los Ensanches, el paseo fluvial del Arga, San Juan y Txantrea-Ezkaba.<\/p>\n<p><strong>Zonas de dif\u00edcil arraigo<\/strong><\/p>\n<p>A todo ello, se suman unas actuaciones novedosas en esta campa\u00f1a. El Servicio de Zonas Verdes tiene previsto mejorar los puntos de plantaci\u00f3n de media docena de espacios en la ciudad. Son \u00e1reas donde la plantaci\u00f3n realizada en a\u00f1os anteriores no ha funcionado, no se ha conseguido el crecimiento del arbolado previsto y se va a intentar una vez m\u00e1s, con nuevas especies y mejorando tambi\u00e9n el subsuelo. Se prev\u00e9, para ello, plantar 141 ejemplares nuevos. Esta acci\u00f3n de mejora supone un 30% de las plantaciones del servicio previstas para este a\u00f1o.<\/p>\n<p>Una de las mayores actuaciones tendr\u00e1 lugar en el barrio de Rochapea, donde se va a plantar 57 nuevos ejemplares. Tambi\u00e9n se ampliar\u00e1 el carril \u00e1rbol de la avenida de Gipuzkoa, con 30 nuevos \u00e1rboles. Se ha previsto tambi\u00e9n una reforma de la mediana de la calle Blas de la Serna, con 21 ejemplares nuevos; y una nueva plantaci\u00f3n en Azpilaga\u00f1a, con 17 \u00e1rboles. Adem\u00e1s, la campa\u00f1a de plantaci\u00f3n tendr\u00e1 tambi\u00e9n peque\u00f1as pinceladas en el parque del tren de Trinitarios, en el barrio de Lezkairu y en la calle Sandoval, del I Ensanche.<\/p>\n<p>Por otro lado, el Servicio de Zonas Verdes intervendr\u00e1 tambi\u00e9n en plantaciones vinculadas a obras de otras \u00e1reas municipales, como el carril bici de Landaben, para el que se prev\u00e9n plantar 24 \u00e1rboles nuevos; la reforma de aceras de la calle R\u00edo Queiles, con 9 ejemplares m\u00e1s; la mejora de la caminabilidad en San Juan Bosco, con 8 \u00e1rboles; o la mejora de las aceras en el Grupo Urdanoz, en Etxabakoitz, donde se plantar\u00e1n 4 \u00e1rboles. En total, estas obras supondr\u00e1n 45 nuevos ejemplares para la ciudad, en su apuesta por potenciar las zonas verdes.<\/p>\n<p>Tanto en las labores de mejora de puntos de plantaci\u00f3n, como en estas obras en coordinaci\u00f3n con otras \u00e1reas, el Ayuntamiento de Pamplona, a trav\u00e9s del Servicio de Zonas Verdes, prev\u00e9 invertir 1,3 millones de euros. El importe aqu\u00ed es muy superior, puesto que los trabajos no se centran \u00fanicamente en el suministro y plantaci\u00f3n de los m\u00e1s de 180 \u00e1rboles previstos en total, sino que conllevan obra civil para adecuar el espacio. La obra civil se centra, principalmente, en la reforma de las aceras del entorno y la mejora del subsuelo, para propiciar que las plantas arraiguen y crezcan.<\/p>\n<p>En conjunto, las distintas actuaciones del Servicio de Zonas Verdes supondr\u00e1n que esta campa\u00f1a de plantaci\u00f3n alcance el n\u00famero de 624 \u00e1rboles. De todos ellos, 532 se utilizar\u00e1n para la reposici\u00f3n de ejemplares que han tenido que ser retirados por diversos motivos, como el mal estado; y otros 92 ser\u00e1n nuevas plantaciones en zonas donde antes no hab\u00eda arbolado.<\/p>\n<p><strong>Casi 400 \u00e1rboles vinculados a proyectos estrat\u00e9gicos<\/strong><\/p>\n<p>Aprovechando la temporada de plantaci\u00f3n, en el mes de noviembre comenzar\u00e1n tambi\u00e9n los trabajos para reponer y plantar \u00e1rboles en proyectos puestos en marcha por distintas \u00e1reas del Ayuntamiento. En este caso, se trata de 397 \u00e1rboles vinculados a proyectos ya en marcha. De todos ellos, 338 son reposiciones y otros 59 ser\u00e1n ejemplares ubicado en zonas donde no hab\u00eda previamente.<\/p>\n<p>Entre las actuaciones contempladas en este apartado destaca, por ejemplo, el corredor ciclable y peatonal de la cuesta de Beloso, donde se van a plantar 52 \u00e1rboles o el parque de las Pioneras, en Lezkairu, donde se van a reponer 286 ejemplares. Tambi\u00e9n se plantar\u00e1n 25 ejemplares en distintos patios escolares, dentro del proyecto de renaturalizaci\u00f3n; y otros 26 en el corredor sostenible de P\u00edo XII. Adem\u00e1s, se plantar\u00e1n ocho \u00e1rboles tras las obras de reforma de boulevar de Iturrama.<\/p>\n<p><strong>Pamplona, una ciudad con 120.000 \u00e1rboles<\/strong><\/p>\n<p>En cifras generales, Pamplona cuenta en la actualidad con 120.000 \u00e1rboles. De todos ellos, casi 30.000 se encuentra situados en pavimiento y otros 32.250 en zonas verdes de la ciudad. Adem\u00e1s, otros 60.000 ejemplares que se encuentran en el Parque Fluvial y el monte Ezkaba.<\/p>\n<p>Entre todos ellos hay 470 especies diferentes, unas m\u00e1s ornamentales y otras que aportan mayores beneficios medioambientales, que aportan biodiversidad a la ciudad. Destacan, por ejemplo, los m\u00e1s de 6.100 \u00e1rboles de la familia de los arces, (2.000 Acer pseudoplatnus y 1.500 Acer platanoides, 1.400 Acer campestre y 1.200 Acer negundo), 3.000 Platanus, 2.000 fresnos, (principalmente Fraxinus excelsior) y 1.750 almeces o Celtis australis. Les siguen en cantidad los 1.400 casta\u00f1os de Indias, 1.000 tilos plateados (Tilia tomentosa) y otros 1.000 Liriodendron tulipifera, en su nombre com\u00fan, tul\u00edpero. Destacan tambi\u00e9n especies con car\u00e1cter hist\u00f3rico y cultural en recuperaci\u00f3n en Pamplona, como los olmos.<\/p>\n<p>Las plantaciones de \u00e1rboles de la campa\u00f1a anual se realizan de noviembre a marzo desde el Servicio Zonas Verdes o a trav\u00e9s de las contratas municipales. Adem\u00e1s, en los nuevos desarrollos los colocan las empresas adjudicatarias de las obras, siempre conforme a los proyectos de ejecuci\u00f3n y con informe del Servicio de Zonas Verde.<\/p>\n","protected":false},"excerpt":{"rendered":"<p>Las actuaciones comenzar\u00e1n este mes de noviembre y se prolongar\u00e1n hasta marzo de 2025<\/p>\n","protected":false},"author":1,"featured_media":51216,"comment_status":"open","ping_status":"closed","sticky":false,"template":"","format":"standard","meta":{"footnotes":""},"categories":[2],"tags":[],"class_list":["post-51215","post","type-post","status-publish","format-standard","has-post-thumbnail","hentry","category-ayuntamiento-pamplona"],"yoast_head":"<!-- This site is optimized with the Yoast SEO plugin v27.3 - https:\/\/yoast.com\/product\/yoast-seo-wordpress\/ -->\n<title>El Ayuntamiento plantar\u00e1 o replantar\u00e1 m\u00e1s de mil \u00e1rboles en la campa\u00f1a de invierno en distintos parques y calles de la ciudad<\/title>\n<meta name=\"description\" content=\"Las actuaciones comenzar\u00e1n este mes de noviembre y se prolongar\u00e1n hasta marzo de 2025\" \/>\n<meta name=\"robots\" content=\"index, follow, max-snippet:-1, max-image-preview:large, max-video-preview:-1\" \/>\n<link rel=\"canonical\" href=\"https:\/\/www.laguiadepamplona.com\/actualidad\/el-ayuntamiento-plantara-o-replantara-mas-de-mil-arboles-en-la-campana-de-invierno-en-distintos-parques-y-calles-de-la-ciudad\/\" \/>\n<meta property=\"og:locale\" content=\"es_ES\" \/>\n<meta property=\"og:type\" content=\"article\" \/>\n<meta property=\"og:title\" content=\"El Ayuntamiento plantar\u00e1 o replantar\u00e1 m\u00e1s de mil \u00e1rboles en la campa\u00f1a de invierno en distintos parques y calles de la ciudad\" \/>\n<meta property=\"og:description\" content=\"Las actuaciones comenzar\u00e1n este mes de noviembre y se prolongar\u00e1n hasta marzo de 2025\" \/>\n<meta property=\"og:url\" content=\"https:\/\/www.laguiadepamplona.com\/actualidad\/el-ayuntamiento-plantara-o-replantara-mas-de-mil-arboles-en-la-campana-de-invierno-en-distintos-parques-y-calles-de-la-ciudad\/\" \/>\n<meta property=\"og:site_name\" content=\"La Gu\u00eda de Pamplona\" \/>\n<meta property=\"article:publisher\" content=\"https:\/\/www.facebook.com\/laguiadepamplonacom-133175176762273\/?ref=hl\" \/>\n<meta property=\"article:published_time\" content=\"2024-11-06T15:44:40+00:00\" \/>\n<meta property=\"og:image\" content=\"https:\/\/www.laguiadepamplona.com\/actualidad\/wp-content\/uploads\/2024\/11\/arboles-boulevar-iturrama_web-copia.webp\" \/>\n\t<meta property=\"og:image:width\" content=\"1000\" \/>\n\t<meta property=\"og:image:height\" content=\"667\" \/>\n\t<meta property=\"og:image:type\" content=\"image\/webp\" \/>\n<meta name=\"author\" content=\"La Gu\u00eda de Pamplona\" \/>\n<meta name=\"twitter:card\" content=\"summary_large_image\" \/>\n<meta name=\"twitter:creator\" content=\"@LaGuiadPamplona\" \/>\n<meta name=\"twitter:site\" content=\"@LaGuiadPamplona\" \/>\n<meta name=\"twitter:label1\" content=\"Escrito por\" \/>\n\t<meta name=\"twitter:data1\" content=\"La Gu\u00eda de Pamplona\" \/>\n\t<meta name=\"twitter:label2\" content=\"Tiempo de lectura\" \/>\n\t<meta name=\"twitter:data2\" content=\"6 minutos\" \/>\n<script type=\"application\/ld+json\" class=\"yoast-schema-graph\">{\"@context\":\"https:\\\/\\\/schema.org\",\"@graph\":[{\"@type\":\"Article\",\"@id\":\"https:\\\/\\\/www.laguiadepamplona.com\\\/actualidad\\\/el-ayuntamiento-plantara-o-replantara-mas-de-mil-arboles-en-la-campana-de-invierno-en-distintos-parques-y-calles-de-la-ciudad\\\/#article\",\"isPartOf\":{\"@id\":\"https:\\\/\\\/www.laguiadepamplona.com\\\/actualidad\\\/el-ayuntamiento-plantara-o-replantara-mas-de-mil-arboles-en-la-campana-de-invierno-en-distintos-parques-y-calles-de-la-ciudad\\\/\"},\"author\":{\"name\":\"La Gu\u00eda de Pamplona\",\"@id\":\"https:\\\/\\\/www.laguiadepamplona.com\\\/actualidad\\\/#\\\/schema\\\/person\\\/efe887376f0213d4657c93adc50b1fdb\"},\"headline\":\"El Ayuntamiento plantar\u00e1 o replantar\u00e1 m\u00e1s de mil \u00e1rboles en la campa\u00f1a de invierno en distintos parques y calles de la ciudad\",\"datePublished\":\"2024-11-06T15:44:40+00:00\",\"mainEntityOfPage\":{\"@id\":\"https:\\\/\\\/www.laguiadepamplona.com\\\/actualidad\\\/el-ayuntamiento-plantara-o-replantara-mas-de-mil-arboles-en-la-campana-de-invierno-en-distintos-parques-y-calles-de-la-ciudad\\\/\"},\"wordCount\":1329,\"commentCount\":0,\"publisher\":{\"@id\":\"https:\\\/\\\/www.laguiadepamplona.com\\\/actualidad\\\/#organization\"},\"image\":{\"@id\":\"https:\\\/\\\/www.laguiadepamplona.com\\\/actualidad\\\/el-ayuntamiento-plantara-o-replantara-mas-de-mil-arboles-en-la-campana-de-invierno-en-distintos-parques-y-calles-de-la-ciudad\\\/#primaryimage\"},\"thumbnailUrl\":\"https:\\\/\\\/www.laguiadepamplona.com\\\/actualidad\\\/wp-content\\\/uploads\\\/2024\\\/11\\\/arboles-boulevar-iturrama_web-copia.webp\",\"articleSection\":[\"Ayto Pamplona\"],\"inLanguage\":\"es\",\"potentialAction\":[{\"@type\":\"CommentAction\",\"name\":\"Comment\",\"target\":[\"https:\\\/\\\/www.laguiadepamplona.com\\\/actualidad\\\/el-ayuntamiento-plantara-o-replantara-mas-de-mil-arboles-en-la-campana-de-invierno-en-distintos-parques-y-calles-de-la-ciudad\\\/#respond\"]}]},{\"@type\":\"WebPage\",\"@id\":\"https:\\\/\\\/www.laguiadepamplona.com\\\/actualidad\\\/el-ayuntamiento-plantara-o-replantara-mas-de-mil-arboles-en-la-campana-de-invierno-en-distintos-parques-y-calles-de-la-ciudad\\\/\",\"url\":\"https:\\\/\\\/www.laguiadepamplona.com\\\/actualidad\\\/el-ayuntamiento-plantara-o-replantara-mas-de-mil-arboles-en-la-campana-de-invierno-en-distintos-parques-y-calles-de-la-ciudad\\\/\",\"name\":\"El Ayuntamiento plantar\u00e1 o replantar\u00e1 m\u00e1s de mil \u00e1rboles en la campa\u00f1a de invierno en distintos parques y calles de la ciudad\",\"isPartOf\":{\"@id\":\"https:\\\/\\\/www.laguiadepamplona.com\\\/actualidad\\\/#website\"},\"primaryImageOfPage\":{\"@id\":\"https:\\\/\\\/www.laguiadepamplona.com\\\/actualidad\\\/el-ayuntamiento-plantara-o-replantara-mas-de-mil-arboles-en-la-campana-de-invierno-en-distintos-parques-y-calles-de-la-ciudad\\\/#primaryimage\"},\"image\":{\"@id\":\"https:\\\/\\\/www.laguiadepamplona.com\\\/actualidad\\\/el-ayuntamiento-plantara-o-replantara-mas-de-mil-arboles-en-la-campana-de-invierno-en-distintos-parques-y-calles-de-la-ciudad\\\/#primaryimage\"},\"thumbnailUrl\":\"https:\\\/\\\/www.laguiadepamplona.com\\\/actualidad\\\/wp-content\\\/uploads\\\/2024\\\/11\\\/arboles-boulevar-iturrama_web-copia.webp\",\"datePublished\":\"2024-11-06T15:44:40+00:00\",\"description\":\"Las actuaciones comenzar\u00e1n este mes de noviembre y se prolongar\u00e1n hasta marzo de 2025\",\"breadcrumb\":{\"@id\":\"https:\\\/\\\/www.laguiadepamplona.com\\\/actualidad\\\/el-ayuntamiento-plantara-o-replantara-mas-de-mil-arboles-en-la-campana-de-invierno-en-distintos-parques-y-calles-de-la-ciudad\\\/#breadcrumb\"},\"inLanguage\":\"es\",\"potentialAction\":[{\"@type\":\"ReadAction\",\"target\":[\"https:\\\/\\\/www.laguiadepamplona.com\\\/actualidad\\\/el-ayuntamiento-plantara-o-replantara-mas-de-mil-arboles-en-la-campana-de-invierno-en-distintos-parques-y-calles-de-la-ciudad\\\/\"]}]},{\"@type\":\"ImageObject\",\"inLanguage\":\"es\",\"@id\":\"https:\\\/\\\/www.laguiadepamplona.com\\\/actualidad\\\/el-ayuntamiento-plantara-o-replantara-mas-de-mil-arboles-en-la-campana-de-invierno-en-distintos-parques-y-calles-de-la-ciudad\\\/#primaryimage\",\"url\":\"https:\\\/\\\/www.laguiadepamplona.com\\\/actualidad\\\/wp-content\\\/uploads\\\/2024\\\/11\\\/arboles-boulevar-iturrama_web-copia.webp\",\"contentUrl\":\"https:\\\/\\\/www.laguiadepamplona.com\\\/actualidad\\\/wp-content\\\/uploads\\\/2024\\\/11\\\/arboles-boulevar-iturrama_web-copia.webp\",\"width\":1000,\"height\":667,\"caption\":\"arboles boulevar iturrama\"},{\"@type\":\"BreadcrumbList\",\"@id\":\"https:\\\/\\\/www.laguiadepamplona.com\\\/actualidad\\\/el-ayuntamiento-plantara-o-replantara-mas-de-mil-arboles-en-la-campana-de-invierno-en-distintos-parques-y-calles-de-la-ciudad\\\/#breadcrumb\",\"itemListElement\":[{\"@type\":\"ListItem\",\"position\":1,\"name\":\"Portada\",\"item\":\"https:\\\/\\\/www.laguiadepamplona.com\\\/actualidad\\\/\"},{\"@type\":\"ListItem\",\"position\":2,\"name\":\"El Ayuntamiento plantar\u00e1 o replantar\u00e1 m\u00e1s de mil \u00e1rboles en la campa\u00f1a de invierno en distintos parques y calles de la ciudad\"}]},{\"@type\":\"WebSite\",\"@id\":\"https:\\\/\\\/www.laguiadepamplona.com\\\/actualidad\\\/#website\",\"url\":\"https:\\\/\\\/www.laguiadepamplona.com\\\/actualidad\\\/\",\"name\":\"La gu\u00eda de Pamplona\",\"description\":\"Noticias de Pamplona\",\"publisher\":{\"@id\":\"https:\\\/\\\/www.laguiadepamplona.com\\\/actualidad\\\/#organization\"},\"potentialAction\":[{\"@type\":\"SearchAction\",\"target\":{\"@type\":\"EntryPoint\",\"urlTemplate\":\"https:\\\/\\\/www.laguiadepamplona.com\\\/actualidad\\\/?s={search_term_string}\"},\"query-input\":{\"@type\":\"PropertyValueSpecification\",\"valueRequired\":true,\"valueName\":\"search_term_string\"}}],\"inLanguage\":\"es\"},{\"@type\":\"Organization\",\"@id\":\"https:\\\/\\\/www.laguiadepamplona.com\\\/actualidad\\\/#organization\",\"name\":\"La Gu\u00eda de Pamplona \\\/ Noticias\",\"url\":\"https:\\\/\\\/www.laguiadepamplona.com\\\/actualidad\\\/\",\"logo\":{\"@type\":\"ImageObject\",\"inLanguage\":\"es\",\"@id\":\"https:\\\/\\\/www.laguiadepamplona.com\\\/actualidad\\\/#\\\/schema\\\/logo\\\/image\\\/\",\"url\":\"https:\\\/\\\/www.laguiadepamplona.com\\\/actualidad\\\/wp-content\\\/uploads\\\/2018\\\/11\\\/logo-laguiadepamplona18-web1.png\",\"contentUrl\":\"https:\\\/\\\/www.laguiadepamplona.com\\\/actualidad\\\/wp-content\\\/uploads\\\/2018\\\/11\\\/logo-laguiadepamplona18-web1.png\",\"width\":600,\"height\":196,\"caption\":\"La Gu\u00eda de Pamplona \\\/ Noticias\"},\"image\":{\"@id\":\"https:\\\/\\\/www.laguiadepamplona.com\\\/actualidad\\\/#\\\/schema\\\/logo\\\/image\\\/\"},\"sameAs\":[\"https:\\\/\\\/www.facebook.com\\\/laguiadepamplonacom-133175176762273\\\/?ref=hl\",\"https:\\\/\\\/x.com\\\/LaGuiadPamplona\",\"https:\\\/\\\/www.instagram.com\\\/la_guia_de_pamplona\\\/\",\"https:\\\/\\\/www.youtube.com\\\/user\\\/laguiadepamplona\"]},{\"@type\":\"Person\",\"@id\":\"https:\\\/\\\/www.laguiadepamplona.com\\\/actualidad\\\/#\\\/schema\\\/person\\\/efe887376f0213d4657c93adc50b1fdb\",\"name\":\"La Gu\u00eda de Pamplona\",\"image\":{\"@type\":\"ImageObject\",\"inLanguage\":\"es\",\"@id\":\"https:\\\/\\\/secure.gravatar.com\\\/avatar\\\/b6992f131dc8d30ab0dff15446e9d346d9dbd95992de0fef795073f5ea83a81c?s=96&d=mm&r=g\",\"url\":\"https:\\\/\\\/secure.gravatar.com\\\/avatar\\\/b6992f131dc8d30ab0dff15446e9d346d9dbd95992de0fef795073f5ea83a81c?s=96&d=mm&r=g\",\"contentUrl\":\"https:\\\/\\\/secure.gravatar.com\\\/avatar\\\/b6992f131dc8d30ab0dff15446e9d346d9dbd95992de0fef795073f5ea83a81c?s=96&d=mm&r=g\",\"caption\":\"La Gu\u00eda de Pamplona\"}}]}<\/script>\n<!-- \/ Yoast SEO plugin. -->","yoast_head_json":{"title":"El Ayuntamiento plantar\u00e1 o replantar\u00e1 m\u00e1s de mil \u00e1rboles en la campa\u00f1a de invierno en distintos parques y calles de la ciudad","description":"Las actuaciones comenzar\u00e1n este mes de noviembre y se prolongar\u00e1n hasta marzo de 2025","robots":{"index":"index","follow":"follow","max-snippet":"max-snippet:-1","max-image-preview":"max-image-preview:large","max-video-preview":"max-video-preview:-1"},"canonical":"https:\/\/www.laguiadepamplona.com\/actualidad\/el-ayuntamiento-plantara-o-replantara-mas-de-mil-arboles-en-la-campana-de-invierno-en-distintos-parques-y-calles-de-la-ciudad\/","og_locale":"es_ES","og_type":"article","og_title":"El Ayuntamiento plantar\u00e1 o replantar\u00e1 m\u00e1s de mil \u00e1rboles en la campa\u00f1a de invierno en distintos parques y calles de la ciudad","og_description":"Las actuaciones comenzar\u00e1n este mes de noviembre y se prolongar\u00e1n hasta marzo de 2025","og_url":"https:\/\/www.laguiadepamplona.com\/actualidad\/el-ayuntamiento-plantara-o-replantara-mas-de-mil-arboles-en-la-campana-de-invierno-en-distintos-parques-y-calles-de-la-ciudad\/","og_site_name":"La Gu\u00eda de Pamplona","article_publisher":"https:\/\/www.facebook.com\/laguiadepamplonacom-133175176762273\/?ref=hl","article_published_time":"2024-11-06T15:44:40+00:00","og_image":[{"width":1000,"height":667,"url":"https:\/\/www.laguiadepamplona.com\/actualidad\/wp-content\/uploads\/2024\/11\/arboles-boulevar-iturrama_web-copia.webp","type":"image\/webp"}],"author":"La Gu\u00eda de Pamplona","twitter_card":"summary_large_image","twitter_creator":"@LaGuiadPamplona","twitter_site":"@LaGuiadPamplona","twitter_misc":{"Escrito por":"La Gu\u00eda de Pamplona","Tiempo de lectura":"6 minutos"},"schema":{"@context":"https:\/\/schema.org","@graph":[{"@type":"Article","@id":"https:\/\/www.laguiadepamplona.com\/actualidad\/el-ayuntamiento-plantara-o-replantara-mas-de-mil-arboles-en-la-campana-de-invierno-en-distintos-parques-y-calles-de-la-ciudad\/#article","isPartOf":{"@id":"https:\/\/www.laguiadepamplona.com\/actualidad\/el-ayuntamiento-plantara-o-replantara-mas-de-mil-arboles-en-la-campana-de-invierno-en-distintos-parques-y-calles-de-la-ciudad\/"},"author":{"name":"La Gu\u00eda de Pamplona","@id":"https:\/\/www.laguiadepamplona.com\/actualidad\/#\/schema\/person\/efe887376f0213d4657c93adc50b1fdb"},"headline":"El Ayuntamiento plantar\u00e1 o replantar\u00e1 m\u00e1s de mil \u00e1rboles en la campa\u00f1a de invierno en distintos parques y calles de la ciudad","datePublished":"2024-11-06T15:44:40+00:00","mainEntityOfPage":{"@id":"https:\/\/www.laguiadepamplona.com\/actualidad\/el-ayuntamiento-plantara-o-replantara-mas-de-mil-arboles-en-la-campana-de-invierno-en-distintos-parques-y-calles-de-la-ciudad\/"},"wordCount":1329,"commentCount":0,"publisher":{"@id":"https:\/\/www.laguiadepamplona.com\/actualidad\/#organization"},"image":{"@id":"https:\/\/www.laguiadepamplona.com\/actualidad\/el-ayuntamiento-plantara-o-replantara-mas-de-mil-arboles-en-la-campana-de-invierno-en-distintos-parques-y-calles-de-la-ciudad\/#primaryimage"},"thumbnailUrl":"https:\/\/www.laguiadepamplona.com\/actualidad\/wp-content\/uploads\/2024\/11\/arboles-boulevar-iturrama_web-copia.webp","articleSection":["Ayto Pamplona"],"inLanguage":"es","potentialAction":[{"@type":"CommentAction","name":"Comment","target":["https:\/\/www.laguiadepamplona.com\/actualidad\/el-ayuntamiento-plantara-o-replantara-mas-de-mil-arboles-en-la-campana-de-invierno-en-distintos-parques-y-calles-de-la-ciudad\/#respond"]}]},{"@type":"WebPage","@id":"https:\/\/www.laguiadepamplona.com\/actualidad\/el-ayuntamiento-plantara-o-replantara-mas-de-mil-arboles-en-la-campana-de-invierno-en-distintos-parques-y-calles-de-la-ciudad\/","url":"https:\/\/www.laguiadepamplona.com\/actualidad\/el-ayuntamiento-plantara-o-replantara-mas-de-mil-arboles-en-la-campana-de-invierno-en-distintos-parques-y-calles-de-la-ciudad\/","name":"El Ayuntamiento plantar\u00e1 o replantar\u00e1 m\u00e1s de mil \u00e1rboles en la campa\u00f1a de invierno en distintos parques y calles de la ciudad","isPartOf":{"@id":"https:\/\/www.laguiadepamplona.com\/actualidad\/#website"},"primaryImageOfPage":{"@id":"https:\/\/www.laguiadepamplona.com\/actualidad\/el-ayuntamiento-plantara-o-replantara-mas-de-mil-arboles-en-la-campana-de-invierno-en-distintos-parques-y-calles-de-la-ciudad\/#primaryimage"},"image":{"@id":"https:\/\/www.laguiadepamplona.com\/actualidad\/el-ayuntamiento-plantara-o-replantara-mas-de-mil-arboles-en-la-campana-de-invierno-en-distintos-parques-y-calles-de-la-ciudad\/#primaryimage"},"thumbnailUrl":"https:\/\/www.laguiadepamplona.com\/actualidad\/wp-content\/uploads\/2024\/11\/arboles-boulevar-iturrama_web-copia.webp","datePublished":"2024-11-06T15:44:40+00:00","description":"Las actuaciones comenzar\u00e1n este mes de noviembre y se prolongar\u00e1n hasta marzo de 2025","breadcrumb":{"@id":"https:\/\/www.laguiadepamplona.com\/actualidad\/el-ayuntamiento-plantara-o-replantara-mas-de-mil-arboles-en-la-campana-de-invierno-en-distintos-parques-y-calles-de-la-ciudad\/#breadcrumb"},"inLanguage":"es","potentialAction":[{"@type":"ReadAction","target":["https:\/\/www.laguiadepamplona.com\/actualidad\/el-ayuntamiento-plantara-o-replantara-mas-de-mil-arboles-en-la-campana-de-invierno-en-distintos-parques-y-calles-de-la-ciudad\/"]}]},{"@type":"ImageObject","inLanguage":"es","@id":"https:\/\/www.laguiadepamplona.com\/actualidad\/el-ayuntamiento-plantara-o-replantara-mas-de-mil-arboles-en-la-campana-de-invierno-en-distintos-parques-y-calles-de-la-ciudad\/#primaryimage","url":"https:\/\/www.laguiadepamplona.com\/actualidad\/wp-content\/uploads\/2024\/11\/arboles-boulevar-iturrama_web-copia.webp","contentUrl":"https:\/\/www.laguiadepamplona.com\/actualidad\/wp-content\/uploads\/2024\/11\/arboles-boulevar-iturrama_web-copia.webp","width":1000,"height":667,"caption":"arboles boulevar iturrama"},{"@type":"BreadcrumbList","@id":"https:\/\/www.laguiadepamplona.com\/actualidad\/el-ayuntamiento-plantara-o-replantara-mas-de-mil-arboles-en-la-campana-de-invierno-en-distintos-parques-y-calles-de-la-ciudad\/#breadcrumb","itemListElement":[{"@type":"ListItem","position":1,"name":"Portada","item":"https:\/\/www.laguiadepamplona.com\/actualidad\/"},{"@type":"ListItem","position":2,"name":"El Ayuntamiento plantar\u00e1 o replantar\u00e1 m\u00e1s de mil \u00e1rboles en la campa\u00f1a de invierno en distintos parques y calles de la ciudad"}]},{"@type":"WebSite","@id":"https:\/\/www.laguiadepamplona.com\/actualidad\/#website","url":"https:\/\/www.laguiadepamplona.com\/actualidad\/","name":"La gu\u00eda de Pamplona","description":"Noticias de Pamplona","publisher":{"@id":"https:\/\/www.laguiadepamplona.com\/actualidad\/#organization"},"potentialAction":[{"@type":"SearchAction","target":{"@type":"EntryPoint","urlTemplate":"https:\/\/www.laguiadepamplona.com\/actualidad\/?s={search_term_string}"},"query-input":{"@type":"PropertyValueSpecification","valueRequired":true,"valueName":"search_term_string"}}],"inLanguage":"es"},{"@type":"Organization","@id":"https:\/\/www.laguiadepamplona.com\/actualidad\/#organization","name":"La Gu\u00eda de Pamplona \/ Noticias","url":"https:\/\/www.laguiadepamplona.com\/actualidad\/","logo":{"@type":"ImageObject","inLanguage":"es","@id":"https:\/\/www.laguiadepamplona.com\/actualidad\/#\/schema\/logo\/image\/","url":"https:\/\/www.laguiadepamplona.com\/actualidad\/wp-content\/uploads\/2018\/11\/logo-laguiadepamplona18-web1.png","contentUrl":"https:\/\/www.laguiadepamplona.com\/actualidad\/wp-content\/uploads\/2018\/11\/logo-laguiadepamplona18-web1.png","width":600,"height":196,"caption":"La Gu\u00eda de Pamplona \/ Noticias"},"image":{"@id":"https:\/\/www.laguiadepamplona.com\/actualidad\/#\/schema\/logo\/image\/"},"sameAs":["https:\/\/www.facebook.com\/laguiadepamplonacom-133175176762273\/?ref=hl","https:\/\/x.com\/LaGuiadPamplona","https:\/\/www.instagram.com\/la_guia_de_pamplona\/","https:\/\/www.youtube.com\/user\/laguiadepamplona"]},{"@type":"Person","@id":"https:\/\/www.laguiadepamplona.com\/actualidad\/#\/schema\/person\/efe887376f0213d4657c93adc50b1fdb","name":"La Gu\u00eda de Pamplona","image":{"@type":"ImageObject","inLanguage":"es","@id":"https:\/\/secure.gravatar.com\/avatar\/b6992f131dc8d30ab0dff15446e9d346d9dbd95992de0fef795073f5ea83a81c?s=96&d=mm&r=g","url":"https:\/\/secure.gravatar.com\/avatar\/b6992f131dc8d30ab0dff15446e9d346d9dbd95992de0fef795073f5ea83a81c?s=96&d=mm&r=g","contentUrl":"https:\/\/secure.gravatar.com\/avatar\/b6992f131dc8d30ab0dff15446e9d346d9dbd95992de0fef795073f5ea83a81c?s=96&d=mm&r=g","caption":"La Gu\u00eda de Pamplona"}}]}},"post_mailing_queue_ids":[],"_links":{"self":[{"href":"https:\/\/www.laguiadepamplona.com\/actualidad\/wp-json\/wp\/v2\/posts\/51215","targetHints":{"allow":["GET"]}}],"collection":[{"href":"https:\/\/www.laguiadepamplona.com\/actualidad\/wp-json\/wp\/v2\/posts"}],"about":[{"href":"https:\/\/www.laguiadepamplona.com\/actualidad\/wp-json\/wp\/v2\/types\/post"}],"author":[{"embeddable":true,"href":"https:\/\/www.laguiadepamplona.com\/actualidad\/wp-json\/wp\/v2\/users\/1"}],"replies":[{"embeddable":true,"href":"https:\/\/www.laguiadepamplona.com\/actualidad\/wp-json\/wp\/v2\/comments?post=51215"}],"version-history":[{"count":1,"href":"https:\/\/www.laguiadepamplona.com\/actualidad\/wp-json\/wp\/v2\/posts\/51215\/revisions"}],"predecessor-version":[{"id":51217,"href":"https:\/\/www.laguiadepamplona.com\/actualidad\/wp-json\/wp\/v2\/posts\/51215\/revisions\/51217"}],"wp:featuredmedia":[{"embeddable":true,"href":"https:\/\/www.laguiadepamplona.com\/actualidad\/wp-json\/wp\/v2\/media\/51216"}],"wp:attachment":[{"href":"https:\/\/www.laguiadepamplona.com\/actualidad\/wp-json\/wp\/v2\/media?parent=51215"}],"wp:term":[{"taxonomy":"category","embeddable":true,"href":"https:\/\/www.laguiadepamplona.com\/actualidad\/wp-json\/wp\/v2\/categories?post=51215"},{"taxonomy":"post_tag","embeddable":true,"href":"https:\/\/www.laguiadepamplona.com\/actualidad\/wp-json\/wp\/v2\/tags?post=51215"}],"curies":[{"name":"wp","href":"https:\/\/api.w.org\/{rel}","templated":true}]}}