{"id":51212,"date":"2024-11-06T17:41:27","date_gmt":"2024-11-06T15:41:27","guid":{"rendered":"https:\/\/www.laguiadepamplona.com\/actualidad\/?p=51212"},"modified":"2024-11-06T17:41:27","modified_gmt":"2024-11-06T15:41:27","slug":"una-placa-en-la-calle-mayor-recuerda-el-lugar-donde-vivio-y-ubico-su-fundicion-salvador-pinaquy-artifice-hace-150-anos-de-la-subida-de-aguas-a-pamplona-en-el-bloqueo-carlista","status":"publish","type":"post","link":"https:\/\/www.laguiadepamplona.com\/actualidad\/una-placa-en-la-calle-mayor-recuerda-el-lugar-donde-vivio-y-ubico-su-fundicion-salvador-pinaquy-artifice-hace-150-anos-de-la-subida-de-aguas-a-pamplona-en-el-bloqueo-carlista\/","title":{"rendered":"Una placa en la calle Mayor recuerda el lugar donde vivi\u00f3 y ubic\u00f3 su fundici\u00f3n Salvador Pinaquy, art\u00edfice hace 150 a\u00f1os de la subida de aguas a Pamplona en el bloqueo carlista"},"content":{"rendered":"<h2>El Ayuntamiento de Pamplona quiere reconocer la importancia de su figura y de su legado, que se conserva en elementos del mobiliario urbano<\/h2>\n<p><!--more--><\/p>\n<p>\u201cEn este solar estuvo, a partir de 1885, la fundici\u00f3n de don Salvador Pinaquy Ducasse (posteriormente Casa Sancena), donde se cre\u00f3 buena parte del mobiliario urbano tradicional de Pamplona\u201d. Es el texto de la placa conmemorativa descubierta esta ma\u00f1ana en la calle Mayor 14, coincidiendo con el 150 aniversario de la subida de aguas a Pamplona ideada por Pinaquy durante el bloqueo de la ciudad que llevaron a cabo las tropas carlistas varios meses entre los a\u00f1os 1874 y 1875.<\/p>\n<p>El alcalde de Pamplona, Joseba Asiron Saez, y la Comisi\u00f3n de Urbanismo han participado en el acto de homenaje que el Ayuntamiento ha preparado para reconocer la importancia de su figura y tambi\u00e9n la de su legado, pues en esa fundici\u00f3n de la que fue responsable se crearon muchos elementos tradicionales del mobiliario urbano de la ciudad, como las fuentes del le\u00f3n, los bancos tipo Zarauz o las barandillas con el escudo. Una mesa redonda, un photocall y una declaraci\u00f3n institucional completan las actividades previstas para hoy y que, en el caso del photocall, se mantendr\u00e1 hasta el domingo.<\/p>\n<p>En un momento cr\u00edtico durante el bloqueo carlista de 1874, Pinaquy se destac\u00f3 por su ingenio y valent\u00eda al realizar un proyecto de urgencia para restaurar el suministro de agua a la ciudad, que hab\u00eda sido cortado por quienes sitiaban Pamplona. Con una soluci\u00f3n r\u00e1pida y eficaz, consigui\u00f3 bombear agua desde un manantial cercano al molino de Caparroso hasta un dep\u00f3sito, lo que permiti\u00f3 a Pamplona resistir hasta que el bloqueo fue finalmente levantado en 1875. Fue un 6 de noviembre de 1874 cuando en las fuentes de Pamplona volvi\u00f3 a manar agua tras esa obra de ingenier\u00eda. Este logro fue un hito en la historia de la ciudad y la figura de Salvador Pinaquy fue reconocida hace 150 a\u00f1os con la entrega de una medalla conmemorativa de oro por parte del Ayuntamiento.<\/p>\n<p><strong>Declaraci\u00f3n institucional para rendir homenaje a la figura de Pinaquy<\/strong><\/p>\n<p>La Comisi\u00f3n de Urbanismo que se celebra esta ma\u00f1ana va a aprobar una declaraci\u00f3n institucional para \u201crendir homenaje a Salvador Pinaquy Ducasse por su relevante contribuci\u00f3n al crecimiento de la ciudad, reconociendo c\u00f3mo su trabajo y su legado a\u00fan se aprecian en elementos del mobiliario urbano de Pamplona\u201d. El Ayuntamiento se ha comprometido tambi\u00e9n a \u201cdedicar un espacio p\u00fablico a Salvador Pinaquy Ducasse, simbolizando el agradecimiento de la ciudad a su legado\u2019.<\/p>\n<p>La declaraci\u00f3n glosa la figura de Salvador Pinaquy Ducasse, que naci\u00f3 en Bayona en 1817 y muri\u00f3 en su casa de la calle Mayor 14 de Pamplona en 1890. Con 31 a\u00f1os vino a Pamplona desde su tierra natal junto a Jos\u00e9 Sarvi, con quien fund\u00f3 en 1850 la sociedad Salvador Pinaquy y Compa\u00f1\u00eda, dedicada a la fundici\u00f3n y la herrer\u00eda, con especialidad en construcci\u00f3n y montaje de maquinaria agr\u00edcola. El taller se ubic\u00f3 en la zona del molino de Caparroso. Entre otros trabajos, el taller cre\u00f3 las columnas de hierro del actual cuerpo de guardia de la cuesta de Santo Domingo (actual Espacio SanFermIN! Espazioa) o el sistema de elevaci\u00f3n del portal de Francia. Adem\u00e1s, fue la encargada de dise\u00f1ar y ejecutar la mayor\u00eda de los elementos del patrimonio menor que decoraron la ciudad en los primeros a\u00f1os de la industrializaci\u00f3n del siglo XIX.<\/p>\n<p>Unos a\u00f1os despu\u00e9s del bloqueo carlista, Pinaquy adquiri\u00f3 un edificio en la calle Mayor (entonces n\u00famero 40, actual n\u00famero 14), al que traslad\u00f3 su vivienda y en cuyo patio mont\u00f3 una nave para su negocio. Se cas\u00f3 con Antonia Sancena Vergara y tuvo un hijo, Salvador, que falleci\u00f3 poco despu\u00e9s que \u00e9l. El negocio pas\u00f3 entonces a su cu\u00f1ado, quien constituy\u00f3 en 1894 la sociedad Sucesores de Pinaquy y C\u00eda. En la d\u00e9cada de los 40 del siglo XX, se cre\u00f3 la SL Casa Sancena, Sucesor de Pinaquy, que mantuvo su actividad dedic\u00e1ndose a la producci\u00f3n de mobiliario urbano. Casa Sancena est\u00e1 detr\u00e1s, por ejemplo, de las barandillas del le\u00f3n o de las fuentes verdes con la cara de un le\u00f3n.<\/p>\n<p><strong>Conferencia sobre la industrializaci\u00f3n y photocall en el zagu\u00e1n de la Casa Consistorial<\/strong><\/p>\n<p>Ya por la tarde, a las 19.30 horas en el Nuevo Casino de Pamplona, tendr\u00e1 lugar una mesa redonda sobre la figura de Salvador Pinaquy y el impulso de la primera industrializaci\u00f3n de Pamplona. La mesa redonda contar\u00e1 como ponentes con V\u00edctor Manuel Egia y Pedro del Guayo y estar\u00e1 moderada por el alcalde de Pamplona, Joseba Asiron Saez. El acceso a esta sesi\u00f3n es libre, hasta completar el aforo.<\/p>\n<p>Para complementar este homenaje, el Ayuntamiento de Pamplona ha preparado un photocall en el zagu\u00e1n de la Casa Consistorial. Sobre el fondo de una imagen de la Plaza del Castillo, se colocar\u00e1n en el zagu\u00e1n diferentes elementos caracter\u00edsticos de la ciudad como una fuente del le\u00f3n, una barandilla o dos bancos tipo Zarauz para que todas las personas que quieran se saquen una foto de recuerdo. El photocall estar\u00e1 abierto a la ciudadan\u00eda desde este mi\u00e9rcoles hasta el viernes 8 de noviembre, en horario de 8 de la ma\u00f1ana a 20 horas de la tarde, y el s\u00e1bado y el domingo desde las 10 hasta las 20 horas.<\/p>\n<p>&nbsp;<\/p>\n<h3>150 aniversario de la subida de las aguas a pamplona ideada por Salvador Pinaquy<\/h3>\n<ul>\n<li><strong>Mi\u00e9rcoles 6 de noviembre<\/strong>\n<ul>\n<li>19:30 horas. Nuevo Casino de Pamplona. Mesa redonda. \u2018Salvador Pinaquy y el impulso a la primera industrializaci\u00f3n de Pamplona\u2019. Ponentes: V\u00edctor Manuel Egia y Pedro del Guayo. Moderador: Joseba Asiron Saez<\/li>\n<\/ul>\n<\/li>\n<li><strong>Del mi\u00e9rcoles 6 de noviembre al domingo 10 de noviembre<\/strong>\n<ul>\n<li>Photocall centrado en el legado de Pinaquy. Zagu\u00e1n de la Casa Consistorial<\/li>\n<li>Horarios: del mi\u00e9rcoles 6 al viernes 8 de noviembre, de 8.00 a 20.00 horas; s\u00e1bado y domingo, de 10:00 a 20:00 horas<\/li>\n<\/ul>\n<\/li>\n<\/ul>\n","protected":false},"excerpt":{"rendered":"<p>El Ayuntamiento de Pamplona quiere reconocer la importancia de su figura y de su legado, que se conserva en elementos del mobiliario urbano<\/p>\n","protected":false},"author":1,"featured_media":51213,"comment_status":"open","ping_status":"closed","sticky":false,"template":"","format":"standard","meta":{"footnotes":""},"categories":[2],"tags":[],"class_list":["post-51212","post","type-post","status-publish","format-standard","has-post-thumbnail","hentry","category-ayuntamiento-pamplona"],"yoast_head":"<!-- This site is optimized with the Yoast SEO plugin v27.3 - https:\/\/yoast.com\/product\/yoast-seo-wordpress\/ -->\n<title>Una placa en la calle Mayor recuerda el lugar donde vivi\u00f3 y ubic\u00f3 su fundici\u00f3n Salvador Pinaquy, art\u00edfice hace 150 a\u00f1os de la subida de aguas a Pamplona en el bloqueo carlista<\/title>\n<meta name=\"description\" content=\"El Ayuntamiento de Pamplona quiere reconocer la importancia de su figura y de su legado, que se conserva en elementos del mobiliario urbano\" \/>\n<meta name=\"robots\" content=\"index, follow, max-snippet:-1, max-image-preview:large, max-video-preview:-1\" \/>\n<link rel=\"canonical\" href=\"https:\/\/www.laguiadepamplona.com\/actualidad\/una-placa-en-la-calle-mayor-recuerda-el-lugar-donde-vivio-y-ubico-su-fundicion-salvador-pinaquy-artifice-hace-150-anos-de-la-subida-de-aguas-a-pamplona-en-el-bloqueo-carlista\/\" \/>\n<meta property=\"og:locale\" content=\"es_ES\" \/>\n<meta property=\"og:type\" content=\"article\" \/>\n<meta property=\"og:title\" content=\"Una placa en la calle Mayor recuerda el lugar donde vivi\u00f3 y ubic\u00f3 su fundici\u00f3n Salvador Pinaquy, art\u00edfice hace 150 a\u00f1os de la subida de aguas a Pamplona en el bloqueo carlista\" \/>\n<meta property=\"og:description\" content=\"El Ayuntamiento de Pamplona quiere reconocer la importancia de su figura y de su legado, que se conserva en elementos del mobiliario urbano\" \/>\n<meta property=\"og:url\" content=\"https:\/\/www.laguiadepamplona.com\/actualidad\/una-placa-en-la-calle-mayor-recuerda-el-lugar-donde-vivio-y-ubico-su-fundicion-salvador-pinaquy-artifice-hace-150-anos-de-la-subida-de-aguas-a-pamplona-en-el-bloqueo-carlista\/\" \/>\n<meta property=\"og:site_name\" content=\"La Gu\u00eda de Pamplona\" \/>\n<meta property=\"article:publisher\" content=\"https:\/\/www.facebook.com\/laguiadepamplonacom-133175176762273\/?ref=hl\" \/>\n<meta property=\"article:published_time\" content=\"2024-11-06T15:41:27+00:00\" \/>\n<meta property=\"og:image\" content=\"https:\/\/www.laguiadepamplona.com\/actualidad\/wp-content\/uploads\/2024\/11\/descubrimientoplacaenhonorasalvadorpinaquy2.webp\" \/>\n\t<meta property=\"og:image:width\" content=\"1000\" \/>\n\t<meta property=\"og:image:height\" content=\"666\" \/>\n\t<meta property=\"og:image:type\" content=\"image\/webp\" \/>\n<meta name=\"author\" content=\"La Gu\u00eda de Pamplona\" \/>\n<meta name=\"twitter:card\" content=\"summary_large_image\" \/>\n<meta name=\"twitter:creator\" content=\"@LaGuiadPamplona\" \/>\n<meta name=\"twitter:site\" content=\"@LaGuiadPamplona\" \/>\n<meta name=\"twitter:label1\" content=\"Escrito por\" \/>\n\t<meta name=\"twitter:data1\" content=\"La Gu\u00eda de Pamplona\" \/>\n\t<meta name=\"twitter:label2\" content=\"Tiempo de lectura\" \/>\n\t<meta name=\"twitter:data2\" content=\"5 minutos\" \/>\n<script type=\"application\/ld+json\" class=\"yoast-schema-graph\">{\"@context\":\"https:\\\/\\\/schema.org\",\"@graph\":[{\"@type\":\"Article\",\"@id\":\"https:\\\/\\\/www.laguiadepamplona.com\\\/actualidad\\\/una-placa-en-la-calle-mayor-recuerda-el-lugar-donde-vivio-y-ubico-su-fundicion-salvador-pinaquy-artifice-hace-150-anos-de-la-subida-de-aguas-a-pamplona-en-el-bloqueo-carlista\\\/#article\",\"isPartOf\":{\"@id\":\"https:\\\/\\\/www.laguiadepamplona.com\\\/actualidad\\\/una-placa-en-la-calle-mayor-recuerda-el-lugar-donde-vivio-y-ubico-su-fundicion-salvador-pinaquy-artifice-hace-150-anos-de-la-subida-de-aguas-a-pamplona-en-el-bloqueo-carlista\\\/\"},\"author\":{\"name\":\"La Gu\u00eda de Pamplona\",\"@id\":\"https:\\\/\\\/www.laguiadepamplona.com\\\/actualidad\\\/#\\\/schema\\\/person\\\/efe887376f0213d4657c93adc50b1fdb\"},\"headline\":\"Una placa en la calle Mayor recuerda el lugar donde vivi\u00f3 y ubic\u00f3 su fundici\u00f3n Salvador Pinaquy, art\u00edfice hace 150 a\u00f1os de la subida de aguas a Pamplona en el bloqueo carlista\",\"datePublished\":\"2024-11-06T15:41:27+00:00\",\"mainEntityOfPage\":{\"@id\":\"https:\\\/\\\/www.laguiadepamplona.com\\\/actualidad\\\/una-placa-en-la-calle-mayor-recuerda-el-lugar-donde-vivio-y-ubico-su-fundicion-salvador-pinaquy-artifice-hace-150-anos-de-la-subida-de-aguas-a-pamplona-en-el-bloqueo-carlista\\\/\"},\"wordCount\":1038,\"commentCount\":0,\"publisher\":{\"@id\":\"https:\\\/\\\/www.laguiadepamplona.com\\\/actualidad\\\/#organization\"},\"image\":{\"@id\":\"https:\\\/\\\/www.laguiadepamplona.com\\\/actualidad\\\/una-placa-en-la-calle-mayor-recuerda-el-lugar-donde-vivio-y-ubico-su-fundicion-salvador-pinaquy-artifice-hace-150-anos-de-la-subida-de-aguas-a-pamplona-en-el-bloqueo-carlista\\\/#primaryimage\"},\"thumbnailUrl\":\"https:\\\/\\\/www.laguiadepamplona.com\\\/actualidad\\\/wp-content\\\/uploads\\\/2024\\\/11\\\/descubrimientoplacaenhonorasalvadorpinaquy2.webp\",\"articleSection\":[\"Ayto Pamplona\"],\"inLanguage\":\"es\",\"potentialAction\":[{\"@type\":\"CommentAction\",\"name\":\"Comment\",\"target\":[\"https:\\\/\\\/www.laguiadepamplona.com\\\/actualidad\\\/una-placa-en-la-calle-mayor-recuerda-el-lugar-donde-vivio-y-ubico-su-fundicion-salvador-pinaquy-artifice-hace-150-anos-de-la-subida-de-aguas-a-pamplona-en-el-bloqueo-carlista\\\/#respond\"]}]},{\"@type\":\"WebPage\",\"@id\":\"https:\\\/\\\/www.laguiadepamplona.com\\\/actualidad\\\/una-placa-en-la-calle-mayor-recuerda-el-lugar-donde-vivio-y-ubico-su-fundicion-salvador-pinaquy-artifice-hace-150-anos-de-la-subida-de-aguas-a-pamplona-en-el-bloqueo-carlista\\\/\",\"url\":\"https:\\\/\\\/www.laguiadepamplona.com\\\/actualidad\\\/una-placa-en-la-calle-mayor-recuerda-el-lugar-donde-vivio-y-ubico-su-fundicion-salvador-pinaquy-artifice-hace-150-anos-de-la-subida-de-aguas-a-pamplona-en-el-bloqueo-carlista\\\/\",\"name\":\"Una placa en la calle Mayor recuerda el lugar donde vivi\u00f3 y ubic\u00f3 su fundici\u00f3n Salvador Pinaquy, art\u00edfice hace 150 a\u00f1os de la subida de aguas a Pamplona en el bloqueo carlista\",\"isPartOf\":{\"@id\":\"https:\\\/\\\/www.laguiadepamplona.com\\\/actualidad\\\/#website\"},\"primaryImageOfPage\":{\"@id\":\"https:\\\/\\\/www.laguiadepamplona.com\\\/actualidad\\\/una-placa-en-la-calle-mayor-recuerda-el-lugar-donde-vivio-y-ubico-su-fundicion-salvador-pinaquy-artifice-hace-150-anos-de-la-subida-de-aguas-a-pamplona-en-el-bloqueo-carlista\\\/#primaryimage\"},\"image\":{\"@id\":\"https:\\\/\\\/www.laguiadepamplona.com\\\/actualidad\\\/una-placa-en-la-calle-mayor-recuerda-el-lugar-donde-vivio-y-ubico-su-fundicion-salvador-pinaquy-artifice-hace-150-anos-de-la-subida-de-aguas-a-pamplona-en-el-bloqueo-carlista\\\/#primaryimage\"},\"thumbnailUrl\":\"https:\\\/\\\/www.laguiadepamplona.com\\\/actualidad\\\/wp-content\\\/uploads\\\/2024\\\/11\\\/descubrimientoplacaenhonorasalvadorpinaquy2.webp\",\"datePublished\":\"2024-11-06T15:41:27+00:00\",\"description\":\"El Ayuntamiento de Pamplona quiere reconocer la importancia de su figura y de su legado, que se conserva en elementos del mobiliario urbano\",\"breadcrumb\":{\"@id\":\"https:\\\/\\\/www.laguiadepamplona.com\\\/actualidad\\\/una-placa-en-la-calle-mayor-recuerda-el-lugar-donde-vivio-y-ubico-su-fundicion-salvador-pinaquy-artifice-hace-150-anos-de-la-subida-de-aguas-a-pamplona-en-el-bloqueo-carlista\\\/#breadcrumb\"},\"inLanguage\":\"es\",\"potentialAction\":[{\"@type\":\"ReadAction\",\"target\":[\"https:\\\/\\\/www.laguiadepamplona.com\\\/actualidad\\\/una-placa-en-la-calle-mayor-recuerda-el-lugar-donde-vivio-y-ubico-su-fundicion-salvador-pinaquy-artifice-hace-150-anos-de-la-subida-de-aguas-a-pamplona-en-el-bloqueo-carlista\\\/\"]}]},{\"@type\":\"ImageObject\",\"inLanguage\":\"es\",\"@id\":\"https:\\\/\\\/www.laguiadepamplona.com\\\/actualidad\\\/una-placa-en-la-calle-mayor-recuerda-el-lugar-donde-vivio-y-ubico-su-fundicion-salvador-pinaquy-artifice-hace-150-anos-de-la-subida-de-aguas-a-pamplona-en-el-bloqueo-carlista\\\/#primaryimage\",\"url\":\"https:\\\/\\\/www.laguiadepamplona.com\\\/actualidad\\\/wp-content\\\/uploads\\\/2024\\\/11\\\/descubrimientoplacaenhonorasalvadorpinaquy2.webp\",\"contentUrl\":\"https:\\\/\\\/www.laguiadepamplona.com\\\/actualidad\\\/wp-content\\\/uploads\\\/2024\\\/11\\\/descubrimientoplacaenhonorasalvadorpinaquy2.webp\",\"width\":1000,\"height\":666,\"caption\":\"placa homenaje salvador pinaquy\"},{\"@type\":\"BreadcrumbList\",\"@id\":\"https:\\\/\\\/www.laguiadepamplona.com\\\/actualidad\\\/una-placa-en-la-calle-mayor-recuerda-el-lugar-donde-vivio-y-ubico-su-fundicion-salvador-pinaquy-artifice-hace-150-anos-de-la-subida-de-aguas-a-pamplona-en-el-bloqueo-carlista\\\/#breadcrumb\",\"itemListElement\":[{\"@type\":\"ListItem\",\"position\":1,\"name\":\"Portada\",\"item\":\"https:\\\/\\\/www.laguiadepamplona.com\\\/actualidad\\\/\"},{\"@type\":\"ListItem\",\"position\":2,\"name\":\"Una placa en la calle Mayor recuerda el lugar donde vivi\u00f3 y ubic\u00f3 su fundici\u00f3n Salvador Pinaquy, art\u00edfice hace 150 a\u00f1os de la subida de aguas a Pamplona en el bloqueo carlista\"}]},{\"@type\":\"WebSite\",\"@id\":\"https:\\\/\\\/www.laguiadepamplona.com\\\/actualidad\\\/#website\",\"url\":\"https:\\\/\\\/www.laguiadepamplona.com\\\/actualidad\\\/\",\"name\":\"La gu\u00eda de Pamplona\",\"description\":\"Noticias de Pamplona\",\"publisher\":{\"@id\":\"https:\\\/\\\/www.laguiadepamplona.com\\\/actualidad\\\/#organization\"},\"potentialAction\":[{\"@type\":\"SearchAction\",\"target\":{\"@type\":\"EntryPoint\",\"urlTemplate\":\"https:\\\/\\\/www.laguiadepamplona.com\\\/actualidad\\\/?s={search_term_string}\"},\"query-input\":{\"@type\":\"PropertyValueSpecification\",\"valueRequired\":true,\"valueName\":\"search_term_string\"}}],\"inLanguage\":\"es\"},{\"@type\":\"Organization\",\"@id\":\"https:\\\/\\\/www.laguiadepamplona.com\\\/actualidad\\\/#organization\",\"name\":\"La Gu\u00eda de Pamplona \\\/ Noticias\",\"url\":\"https:\\\/\\\/www.laguiadepamplona.com\\\/actualidad\\\/\",\"logo\":{\"@type\":\"ImageObject\",\"inLanguage\":\"es\",\"@id\":\"https:\\\/\\\/www.laguiadepamplona.com\\\/actualidad\\\/#\\\/schema\\\/logo\\\/image\\\/\",\"url\":\"https:\\\/\\\/www.laguiadepamplona.com\\\/actualidad\\\/wp-content\\\/uploads\\\/2018\\\/11\\\/logo-laguiadepamplona18-web1.png\",\"contentUrl\":\"https:\\\/\\\/www.laguiadepamplona.com\\\/actualidad\\\/wp-content\\\/uploads\\\/2018\\\/11\\\/logo-laguiadepamplona18-web1.png\",\"width\":600,\"height\":196,\"caption\":\"La Gu\u00eda de Pamplona \\\/ Noticias\"},\"image\":{\"@id\":\"https:\\\/\\\/www.laguiadepamplona.com\\\/actualidad\\\/#\\\/schema\\\/logo\\\/image\\\/\"},\"sameAs\":[\"https:\\\/\\\/www.facebook.com\\\/laguiadepamplonacom-133175176762273\\\/?ref=hl\",\"https:\\\/\\\/x.com\\\/LaGuiadPamplona\",\"https:\\\/\\\/www.instagram.com\\\/la_guia_de_pamplona\\\/\",\"https:\\\/\\\/www.youtube.com\\\/user\\\/laguiadepamplona\"]},{\"@type\":\"Person\",\"@id\":\"https:\\\/\\\/www.laguiadepamplona.com\\\/actualidad\\\/#\\\/schema\\\/person\\\/efe887376f0213d4657c93adc50b1fdb\",\"name\":\"La Gu\u00eda de Pamplona\",\"image\":{\"@type\":\"ImageObject\",\"inLanguage\":\"es\",\"@id\":\"https:\\\/\\\/secure.gravatar.com\\\/avatar\\\/b6992f131dc8d30ab0dff15446e9d346d9dbd95992de0fef795073f5ea83a81c?s=96&d=mm&r=g\",\"url\":\"https:\\\/\\\/secure.gravatar.com\\\/avatar\\\/b6992f131dc8d30ab0dff15446e9d346d9dbd95992de0fef795073f5ea83a81c?s=96&d=mm&r=g\",\"contentUrl\":\"https:\\\/\\\/secure.gravatar.com\\\/avatar\\\/b6992f131dc8d30ab0dff15446e9d346d9dbd95992de0fef795073f5ea83a81c?s=96&d=mm&r=g\",\"caption\":\"La Gu\u00eda de Pamplona\"}}]}<\/script>\n<!-- \/ Yoast SEO plugin. -->","yoast_head_json":{"title":"Una placa en la calle Mayor recuerda el lugar donde vivi\u00f3 y ubic\u00f3 su fundici\u00f3n Salvador Pinaquy, art\u00edfice hace 150 a\u00f1os de la subida de aguas a Pamplona en el bloqueo carlista","description":"El Ayuntamiento de Pamplona quiere reconocer la importancia de su figura y de su legado, que se conserva en elementos del mobiliario urbano","robots":{"index":"index","follow":"follow","max-snippet":"max-snippet:-1","max-image-preview":"max-image-preview:large","max-video-preview":"max-video-preview:-1"},"canonical":"https:\/\/www.laguiadepamplona.com\/actualidad\/una-placa-en-la-calle-mayor-recuerda-el-lugar-donde-vivio-y-ubico-su-fundicion-salvador-pinaquy-artifice-hace-150-anos-de-la-subida-de-aguas-a-pamplona-en-el-bloqueo-carlista\/","og_locale":"es_ES","og_type":"article","og_title":"Una placa en la calle Mayor recuerda el lugar donde vivi\u00f3 y ubic\u00f3 su fundici\u00f3n Salvador Pinaquy, art\u00edfice hace 150 a\u00f1os de la subida de aguas a Pamplona en el bloqueo carlista","og_description":"El Ayuntamiento de Pamplona quiere reconocer la importancia de su figura y de su legado, que se conserva en elementos del mobiliario urbano","og_url":"https:\/\/www.laguiadepamplona.com\/actualidad\/una-placa-en-la-calle-mayor-recuerda-el-lugar-donde-vivio-y-ubico-su-fundicion-salvador-pinaquy-artifice-hace-150-anos-de-la-subida-de-aguas-a-pamplona-en-el-bloqueo-carlista\/","og_site_name":"La Gu\u00eda de Pamplona","article_publisher":"https:\/\/www.facebook.com\/laguiadepamplonacom-133175176762273\/?ref=hl","article_published_time":"2024-11-06T15:41:27+00:00","og_image":[{"width":1000,"height":666,"url":"https:\/\/www.laguiadepamplona.com\/actualidad\/wp-content\/uploads\/2024\/11\/descubrimientoplacaenhonorasalvadorpinaquy2.webp","type":"image\/webp"}],"author":"La Gu\u00eda de Pamplona","twitter_card":"summary_large_image","twitter_creator":"@LaGuiadPamplona","twitter_site":"@LaGuiadPamplona","twitter_misc":{"Escrito por":"La Gu\u00eda de Pamplona","Tiempo de lectura":"5 minutos"},"schema":{"@context":"https:\/\/schema.org","@graph":[{"@type":"Article","@id":"https:\/\/www.laguiadepamplona.com\/actualidad\/una-placa-en-la-calle-mayor-recuerda-el-lugar-donde-vivio-y-ubico-su-fundicion-salvador-pinaquy-artifice-hace-150-anos-de-la-subida-de-aguas-a-pamplona-en-el-bloqueo-carlista\/#article","isPartOf":{"@id":"https:\/\/www.laguiadepamplona.com\/actualidad\/una-placa-en-la-calle-mayor-recuerda-el-lugar-donde-vivio-y-ubico-su-fundicion-salvador-pinaquy-artifice-hace-150-anos-de-la-subida-de-aguas-a-pamplona-en-el-bloqueo-carlista\/"},"author":{"name":"La Gu\u00eda de Pamplona","@id":"https:\/\/www.laguiadepamplona.com\/actualidad\/#\/schema\/person\/efe887376f0213d4657c93adc50b1fdb"},"headline":"Una placa en la calle Mayor recuerda el lugar donde vivi\u00f3 y ubic\u00f3 su fundici\u00f3n Salvador Pinaquy, art\u00edfice hace 150 a\u00f1os de la subida de aguas a Pamplona en el bloqueo carlista","datePublished":"2024-11-06T15:41:27+00:00","mainEntityOfPage":{"@id":"https:\/\/www.laguiadepamplona.com\/actualidad\/una-placa-en-la-calle-mayor-recuerda-el-lugar-donde-vivio-y-ubico-su-fundicion-salvador-pinaquy-artifice-hace-150-anos-de-la-subida-de-aguas-a-pamplona-en-el-bloqueo-carlista\/"},"wordCount":1038,"commentCount":0,"publisher":{"@id":"https:\/\/www.laguiadepamplona.com\/actualidad\/#organization"},"image":{"@id":"https:\/\/www.laguiadepamplona.com\/actualidad\/una-placa-en-la-calle-mayor-recuerda-el-lugar-donde-vivio-y-ubico-su-fundicion-salvador-pinaquy-artifice-hace-150-anos-de-la-subida-de-aguas-a-pamplona-en-el-bloqueo-carlista\/#primaryimage"},"thumbnailUrl":"https:\/\/www.laguiadepamplona.com\/actualidad\/wp-content\/uploads\/2024\/11\/descubrimientoplacaenhonorasalvadorpinaquy2.webp","articleSection":["Ayto Pamplona"],"inLanguage":"es","potentialAction":[{"@type":"CommentAction","name":"Comment","target":["https:\/\/www.laguiadepamplona.com\/actualidad\/una-placa-en-la-calle-mayor-recuerda-el-lugar-donde-vivio-y-ubico-su-fundicion-salvador-pinaquy-artifice-hace-150-anos-de-la-subida-de-aguas-a-pamplona-en-el-bloqueo-carlista\/#respond"]}]},{"@type":"WebPage","@id":"https:\/\/www.laguiadepamplona.com\/actualidad\/una-placa-en-la-calle-mayor-recuerda-el-lugar-donde-vivio-y-ubico-su-fundicion-salvador-pinaquy-artifice-hace-150-anos-de-la-subida-de-aguas-a-pamplona-en-el-bloqueo-carlista\/","url":"https:\/\/www.laguiadepamplona.com\/actualidad\/una-placa-en-la-calle-mayor-recuerda-el-lugar-donde-vivio-y-ubico-su-fundicion-salvador-pinaquy-artifice-hace-150-anos-de-la-subida-de-aguas-a-pamplona-en-el-bloqueo-carlista\/","name":"Una placa en la calle Mayor recuerda el lugar donde vivi\u00f3 y ubic\u00f3 su fundici\u00f3n Salvador Pinaquy, art\u00edfice hace 150 a\u00f1os de la subida de aguas a Pamplona en el bloqueo carlista","isPartOf":{"@id":"https:\/\/www.laguiadepamplona.com\/actualidad\/#website"},"primaryImageOfPage":{"@id":"https:\/\/www.laguiadepamplona.com\/actualidad\/una-placa-en-la-calle-mayor-recuerda-el-lugar-donde-vivio-y-ubico-su-fundicion-salvador-pinaquy-artifice-hace-150-anos-de-la-subida-de-aguas-a-pamplona-en-el-bloqueo-carlista\/#primaryimage"},"image":{"@id":"https:\/\/www.laguiadepamplona.com\/actualidad\/una-placa-en-la-calle-mayor-recuerda-el-lugar-donde-vivio-y-ubico-su-fundicion-salvador-pinaquy-artifice-hace-150-anos-de-la-subida-de-aguas-a-pamplona-en-el-bloqueo-carlista\/#primaryimage"},"thumbnailUrl":"https:\/\/www.laguiadepamplona.com\/actualidad\/wp-content\/uploads\/2024\/11\/descubrimientoplacaenhonorasalvadorpinaquy2.webp","datePublished":"2024-11-06T15:41:27+00:00","description":"El Ayuntamiento de Pamplona quiere reconocer la importancia de su figura y de su legado, que se conserva en elementos del mobiliario urbano","breadcrumb":{"@id":"https:\/\/www.laguiadepamplona.com\/actualidad\/una-placa-en-la-calle-mayor-recuerda-el-lugar-donde-vivio-y-ubico-su-fundicion-salvador-pinaquy-artifice-hace-150-anos-de-la-subida-de-aguas-a-pamplona-en-el-bloqueo-carlista\/#breadcrumb"},"inLanguage":"es","potentialAction":[{"@type":"ReadAction","target":["https:\/\/www.laguiadepamplona.com\/actualidad\/una-placa-en-la-calle-mayor-recuerda-el-lugar-donde-vivio-y-ubico-su-fundicion-salvador-pinaquy-artifice-hace-150-anos-de-la-subida-de-aguas-a-pamplona-en-el-bloqueo-carlista\/"]}]},{"@type":"ImageObject","inLanguage":"es","@id":"https:\/\/www.laguiadepamplona.com\/actualidad\/una-placa-en-la-calle-mayor-recuerda-el-lugar-donde-vivio-y-ubico-su-fundicion-salvador-pinaquy-artifice-hace-150-anos-de-la-subida-de-aguas-a-pamplona-en-el-bloqueo-carlista\/#primaryimage","url":"https:\/\/www.laguiadepamplona.com\/actualidad\/wp-content\/uploads\/2024\/11\/descubrimientoplacaenhonorasalvadorpinaquy2.webp","contentUrl":"https:\/\/www.laguiadepamplona.com\/actualidad\/wp-content\/uploads\/2024\/11\/descubrimientoplacaenhonorasalvadorpinaquy2.webp","width":1000,"height":666,"caption":"placa homenaje salvador pinaquy"},{"@type":"BreadcrumbList","@id":"https:\/\/www.laguiadepamplona.com\/actualidad\/una-placa-en-la-calle-mayor-recuerda-el-lugar-donde-vivio-y-ubico-su-fundicion-salvador-pinaquy-artifice-hace-150-anos-de-la-subida-de-aguas-a-pamplona-en-el-bloqueo-carlista\/#breadcrumb","itemListElement":[{"@type":"ListItem","position":1,"name":"Portada","item":"https:\/\/www.laguiadepamplona.com\/actualidad\/"},{"@type":"ListItem","position":2,"name":"Una placa en la calle Mayor recuerda el lugar donde vivi\u00f3 y ubic\u00f3 su fundici\u00f3n Salvador Pinaquy, art\u00edfice hace 150 a\u00f1os de la subida de aguas a Pamplona en el bloqueo carlista"}]},{"@type":"WebSite","@id":"https:\/\/www.laguiadepamplona.com\/actualidad\/#website","url":"https:\/\/www.laguiadepamplona.com\/actualidad\/","name":"La gu\u00eda de Pamplona","description":"Noticias de Pamplona","publisher":{"@id":"https:\/\/www.laguiadepamplona.com\/actualidad\/#organization"},"potentialAction":[{"@type":"SearchAction","target":{"@type":"EntryPoint","urlTemplate":"https:\/\/www.laguiadepamplona.com\/actualidad\/?s={search_term_string}"},"query-input":{"@type":"PropertyValueSpecification","valueRequired":true,"valueName":"search_term_string"}}],"inLanguage":"es"},{"@type":"Organization","@id":"https:\/\/www.laguiadepamplona.com\/actualidad\/#organization","name":"La Gu\u00eda de Pamplona \/ Noticias","url":"https:\/\/www.laguiadepamplona.com\/actualidad\/","logo":{"@type":"ImageObject","inLanguage":"es","@id":"https:\/\/www.laguiadepamplona.com\/actualidad\/#\/schema\/logo\/image\/","url":"https:\/\/www.laguiadepamplona.com\/actualidad\/wp-content\/uploads\/2018\/11\/logo-laguiadepamplona18-web1.png","contentUrl":"https:\/\/www.laguiadepamplona.com\/actualidad\/wp-content\/uploads\/2018\/11\/logo-laguiadepamplona18-web1.png","width":600,"height":196,"caption":"La Gu\u00eda de Pamplona \/ Noticias"},"image":{"@id":"https:\/\/www.laguiadepamplona.com\/actualidad\/#\/schema\/logo\/image\/"},"sameAs":["https:\/\/www.facebook.com\/laguiadepamplonacom-133175176762273\/?ref=hl","https:\/\/x.com\/LaGuiadPamplona","https:\/\/www.instagram.com\/la_guia_de_pamplona\/","https:\/\/www.youtube.com\/user\/laguiadepamplona"]},{"@type":"Person","@id":"https:\/\/www.laguiadepamplona.com\/actualidad\/#\/schema\/person\/efe887376f0213d4657c93adc50b1fdb","name":"La Gu\u00eda de Pamplona","image":{"@type":"ImageObject","inLanguage":"es","@id":"https:\/\/secure.gravatar.com\/avatar\/b6992f131dc8d30ab0dff15446e9d346d9dbd95992de0fef795073f5ea83a81c?s=96&d=mm&r=g","url":"https:\/\/secure.gravatar.com\/avatar\/b6992f131dc8d30ab0dff15446e9d346d9dbd95992de0fef795073f5ea83a81c?s=96&d=mm&r=g","contentUrl":"https:\/\/secure.gravatar.com\/avatar\/b6992f131dc8d30ab0dff15446e9d346d9dbd95992de0fef795073f5ea83a81c?s=96&d=mm&r=g","caption":"La Gu\u00eda de Pamplona"}}]}},"post_mailing_queue_ids":[],"_links":{"self":[{"href":"https:\/\/www.laguiadepamplona.com\/actualidad\/wp-json\/wp\/v2\/posts\/51212","targetHints":{"allow":["GET"]}}],"collection":[{"href":"https:\/\/www.laguiadepamplona.com\/actualidad\/wp-json\/wp\/v2\/posts"}],"about":[{"href":"https:\/\/www.laguiadepamplona.com\/actualidad\/wp-json\/wp\/v2\/types\/post"}],"author":[{"embeddable":true,"href":"https:\/\/www.laguiadepamplona.com\/actualidad\/wp-json\/wp\/v2\/users\/1"}],"replies":[{"embeddable":true,"href":"https:\/\/www.laguiadepamplona.com\/actualidad\/wp-json\/wp\/v2\/comments?post=51212"}],"version-history":[{"count":1,"href":"https:\/\/www.laguiadepamplona.com\/actualidad\/wp-json\/wp\/v2\/posts\/51212\/revisions"}],"predecessor-version":[{"id":51214,"href":"https:\/\/www.laguiadepamplona.com\/actualidad\/wp-json\/wp\/v2\/posts\/51212\/revisions\/51214"}],"wp:featuredmedia":[{"embeddable":true,"href":"https:\/\/www.laguiadepamplona.com\/actualidad\/wp-json\/wp\/v2\/media\/51213"}],"wp:attachment":[{"href":"https:\/\/www.laguiadepamplona.com\/actualidad\/wp-json\/wp\/v2\/media?parent=51212"}],"wp:term":[{"taxonomy":"category","embeddable":true,"href":"https:\/\/www.laguiadepamplona.com\/actualidad\/wp-json\/wp\/v2\/categories?post=51212"},{"taxonomy":"post_tag","embeddable":true,"href":"https:\/\/www.laguiadepamplona.com\/actualidad\/wp-json\/wp\/v2\/tags?post=51212"}],"curies":[{"name":"wp","href":"https:\/\/api.w.org\/{rel}","templated":true}]}}