{"id":51200,"date":"2024-11-04T14:11:48","date_gmt":"2024-11-04T12:11:48","guid":{"rendered":"https:\/\/www.laguiadepamplona.com\/actualidad\/?p=51200"},"modified":"2024-11-04T14:11:48","modified_gmt":"2024-11-04T12:11:48","slug":"pamplona-pone-a-disposicion-de-las-autoridades-valencianas-fondos-economicos-material-tecnico-y-profesionales-para-ayudar-a-la-ciudadania-frente-a-los-efectos-de-la-dana","status":"publish","type":"post","link":"https:\/\/www.laguiadepamplona.com\/actualidad\/pamplona-pone-a-disposicion-de-las-autoridades-valencianas-fondos-economicos-material-tecnico-y-profesionales-para-ayudar-a-la-ciudadania-frente-a-los-efectos-de-la-dana\/","title":{"rendered":"Pamplona pone a disposici\u00f3n de las autoridades valencianas fondos econ\u00f3micos, material t\u00e9cnico y profesionales para ayudar a la ciudadan\u00eda frente a los efectos de la DANA"},"content":{"rendered":"<h2>El plan de ayuda municipal se coordinar\u00e1 a trav\u00e9s del Gobierno de Navarra; el alcalde hace un llamamiento al voluntariado a organizarse en funci\u00f3n de las demandas concretas que lleguen de las zonas siniestradas<\/h2>\n<p><!--more--><\/p>\n<p>Una primera reserva de 50.000 euros para ayudar a garantizar suministros y atenci\u00f3n a la ciudadan\u00eda de las localidades m\u00e1s afectadas por la DANA; el ofrecimiento de material t\u00e9cnico, entre el que se incluir\u00edan dos veh\u00edculos de gr\u00faa para la retirada de coches; y la puesta a disposici\u00f3n de profesionales de Polic\u00eda Municipal, infraestructuras o protecci\u00f3n civil que las administraciones valencianas demanden. Son los tres ofrecimientos inmediatos que el Ayuntamiento de Pamplona hace para ayudar en la medida de sus posibilidades al esfuerzo colectivo de ayuda a la poblaci\u00f3n afectada por la DANA en la Comunidad Valenciana.<\/p>\n<p>El alcalde de Pamplona, Joseba Asiron Saez, ha comparecido esta ma\u00f1ana en rueda de prensa, junto al concejal delegado de Gobierno Estrat\u00e9gico, Urbanismo, Vivienda y Agenda 2030, Joxe Abaurrea San Juan, para explicar que la ayuda que implementa el Ayuntamiento se tramitar\u00e1 a trav\u00e9s del Gobierno de Navarra y se movilizar\u00e1 a demanda de las autoridades valencianas. El alcalde ha agradecido \u201cla inmensa solidaridad que hemos visto por parte de la ciudadan\u00eda de Pamplona ante la situaci\u00f3n tan dura que est\u00e1 atravesando la Comunidad Valenciana a causa de la DANA\u201d y ha a\u00f1adido que \u201cdesde ya nos ponemos en marcha y nos ofrecemos a cooperar en lo que haga falta\u201d.<\/p>\n<p>No obstante, y ante los problemas que se est\u00e1n transmitiendo en cuanto a la organizaci\u00f3n de la log\u00edstica, aclaraba que ser\u00e1n las autoridades valencianas las que determinen qu\u00e9 necesitan de Pamplona. \u201cSabemos que muchas personas desean colaborar y es fundamental que todas las ayudas se canalicen a trav\u00e9s de v\u00edas oficiales. Las autoridades y organizaciones humanitarias especializadas est\u00e1n trabajando intensamente sobre el terreno y nos han pedido, a trav\u00e9s de la FEMP y de los distintos equipos locales, que canalicemos todo el apoyo mediante las instituciones competentes para no interferir en sus operaciones\u201d.<\/p>\n<p><strong>Tres niveles de ayuda<\/strong><\/p>\n<p>El alcalde ya ha informado a la Junta de Portavoces del Ayuntamiento de Pamplona de este primer plan de ayuda a las personas afectadas por la DANA. Un plan que se activa desde ya, pero que se pondr\u00e1 en marcha a demanda de las autoridades valencianas y de forma coordinada con el Gobierno de Navarra.<\/p>\n<p>La actuaci\u00f3n propuesta se reparte en tres \u00e1reas: ayuda econ\u00f3mica, ayuda t\u00e9cnica y ayuda profesional. Respecto a la primera, el alcalde ha anunciado que ya se ha hecho una reserva inicial de 50.000 euros para ponerla a disposici\u00f3n de la Generalitat Valenciana y ha explicado que, si se comunicara que se necesitan m\u00e1s fondos, \u201cno habr\u00e1 inconveniente en ampliar esta partida\u201d.<\/p>\n<p>Respecto a la ayuda t\u00e9cnica, el alcalde ha explicado que lo que se est\u00e1 demandando es maquinaria y, dentro de la que tiene el Ayuntamiento de Pamplona, la m\u00e1s \u00fatil que se puede ofrecer son las gr\u00faas para la retirada de veh\u00edculos. \u201cPodemos poner a disposici\u00f3n de las autoridades valencianas dos gr\u00faas y ocho ch\u00f3feres voluntarios que trabajan para la contrata\u201d. A esto se sumar\u00edan tres veh\u00edculos todoterreno y, en una segunda fase, cuando los primeros trabajos de limpieza est\u00e9n adelantados, el Ayuntamiento de Pamplona tambi\u00e9n podr\u00eda ofrecer maquinaria de limpieza viaria tipo barredoras o camiones de baldeo. En este plano t\u00e9cnico, tambi\u00e9n se incluye la propuesta de enviar material diverso de desescombro (cizallas, palas, etc) adem\u00e1s de material sanitario y ropa especializada.<\/p>\n<p>Finalmente, en el plano profesional, un equipo de diez agentes voluntarios de Polic\u00eda Municipal de Pamplona ya est\u00e1 preparado para acudir a las zonas afectadas en el momento que lo demanden las autoridades valencianas. A este contingente podr\u00eda sumarse personal especializado de protecci\u00f3n civil, as\u00ed como personal t\u00e9cnico del Ayuntamiento que desde Pamplona pudieran ayudar en el tema de planeamiento de infraestructuras. \u201cPamplona est\u00e1 lista para ayudar, y lo haremos respetando y facilitando en todo momento la gesti\u00f3n de los recursos que lideran las instituciones valencianas\u201d, ha concluido el alcalde.<\/p>\n","protected":false},"excerpt":{"rendered":"<p>El plan de ayuda municipal se coordinar\u00e1 a trav\u00e9s del Gobierno de Navarra; el alcalde hace un llamamiento al voluntariado a organizarse en funci\u00f3n de las demandas concretas que lleguen&#8230;<\/p>\n","protected":false},"author":1,"featured_media":50736,"comment_status":"open","ping_status":"closed","sticky":false,"template":"","format":"standard","meta":{"footnotes":""},"categories":[2],"tags":[],"class_list":["post-51200","post","type-post","status-publish","format-standard","has-post-thumbnail","hentry","category-ayuntamiento-pamplona"],"yoast_head":"<!-- This site is optimized with the Yoast SEO plugin v27.3 - https:\/\/yoast.com\/product\/yoast-seo-wordpress\/ -->\n<title>Pamplona pone a disposici\u00f3n de las autoridades valencianas fondos econ\u00f3micos, material t\u00e9cnico y profesionales para ayudar a la ciudadan\u00eda frente a los efectos de la DANA<\/title>\n<meta name=\"description\" content=\"El plan de ayuda municipal se coordinar\u00e1 a trav\u00e9s del Gobierno de Navarra; el alcalde hace un llamamiento al voluntariado a organizarse ...\" \/>\n<meta name=\"robots\" content=\"index, follow, max-snippet:-1, max-image-preview:large, max-video-preview:-1\" \/>\n<link rel=\"canonical\" href=\"https:\/\/www.laguiadepamplona.com\/actualidad\/pamplona-pone-a-disposicion-de-las-autoridades-valencianas-fondos-economicos-material-tecnico-y-profesionales-para-ayudar-a-la-ciudadania-frente-a-los-efectos-de-la-dana\/\" \/>\n<meta property=\"og:locale\" content=\"es_ES\" \/>\n<meta property=\"og:type\" content=\"article\" \/>\n<meta property=\"og:title\" content=\"Pamplona pone a disposici\u00f3n de las autoridades valencianas fondos econ\u00f3micos, material t\u00e9cnico y profesionales para ayudar a la ciudadan\u00eda frente a los efectos de la DANA\" \/>\n<meta property=\"og:description\" content=\"El plan de ayuda municipal se coordinar\u00e1 a trav\u00e9s del Gobierno de Navarra; el alcalde hace un llamamiento al voluntariado a organizarse ...\" \/>\n<meta property=\"og:url\" content=\"https:\/\/www.laguiadepamplona.com\/actualidad\/pamplona-pone-a-disposicion-de-las-autoridades-valencianas-fondos-economicos-material-tecnico-y-profesionales-para-ayudar-a-la-ciudadania-frente-a-los-efectos-de-la-dana\/\" \/>\n<meta property=\"og:site_name\" content=\"La Gu\u00eda de Pamplona\" \/>\n<meta property=\"article:publisher\" content=\"https:\/\/www.facebook.com\/laguiadepamplonacom-133175176762273\/?ref=hl\" \/>\n<meta property=\"article:published_time\" content=\"2024-11-04T12:11:48+00:00\" \/>\n<meta property=\"og:image\" content=\"https:\/\/www.laguiadepamplona.com\/actualidad\/wp-content\/uploads\/2024\/09\/Fachada-Ayuntamiento_contacto-Comarca_web2.webp\" \/>\n\t<meta property=\"og:image:width\" content=\"1000\" \/>\n\t<meta property=\"og:image:height\" content=\"646\" \/>\n\t<meta property=\"og:image:type\" content=\"image\/webp\" \/>\n<meta name=\"author\" content=\"La Gu\u00eda de Pamplona\" \/>\n<meta name=\"twitter:card\" content=\"summary_large_image\" \/>\n<meta name=\"twitter:creator\" content=\"@LaGuiadPamplona\" \/>\n<meta name=\"twitter:site\" content=\"@LaGuiadPamplona\" \/>\n<meta name=\"twitter:label1\" content=\"Escrito por\" \/>\n\t<meta name=\"twitter:data1\" content=\"La Gu\u00eda de Pamplona\" \/>\n\t<meta name=\"twitter:label2\" content=\"Tiempo de lectura\" \/>\n\t<meta name=\"twitter:data2\" content=\"4 minutos\" \/>\n<script type=\"application\/ld+json\" class=\"yoast-schema-graph\">{\"@context\":\"https:\\\/\\\/schema.org\",\"@graph\":[{\"@type\":\"Article\",\"@id\":\"https:\\\/\\\/www.laguiadepamplona.com\\\/actualidad\\\/pamplona-pone-a-disposicion-de-las-autoridades-valencianas-fondos-economicos-material-tecnico-y-profesionales-para-ayudar-a-la-ciudadania-frente-a-los-efectos-de-la-dana\\\/#article\",\"isPartOf\":{\"@id\":\"https:\\\/\\\/www.laguiadepamplona.com\\\/actualidad\\\/pamplona-pone-a-disposicion-de-las-autoridades-valencianas-fondos-economicos-material-tecnico-y-profesionales-para-ayudar-a-la-ciudadania-frente-a-los-efectos-de-la-dana\\\/\"},\"author\":{\"name\":\"La Gu\u00eda de Pamplona\",\"@id\":\"https:\\\/\\\/www.laguiadepamplona.com\\\/actualidad\\\/#\\\/schema\\\/person\\\/efe887376f0213d4657c93adc50b1fdb\"},\"headline\":\"Pamplona pone a disposici\u00f3n de las autoridades valencianas fondos econ\u00f3micos, material t\u00e9cnico y profesionales para ayudar a la ciudadan\u00eda frente a los efectos de la DANA\",\"datePublished\":\"2024-11-04T12:11:48+00:00\",\"mainEntityOfPage\":{\"@id\":\"https:\\\/\\\/www.laguiadepamplona.com\\\/actualidad\\\/pamplona-pone-a-disposicion-de-las-autoridades-valencianas-fondos-economicos-material-tecnico-y-profesionales-para-ayudar-a-la-ciudadania-frente-a-los-efectos-de-la-dana\\\/\"},\"wordCount\":746,\"commentCount\":0,\"publisher\":{\"@id\":\"https:\\\/\\\/www.laguiadepamplona.com\\\/actualidad\\\/#organization\"},\"image\":{\"@id\":\"https:\\\/\\\/www.laguiadepamplona.com\\\/actualidad\\\/pamplona-pone-a-disposicion-de-las-autoridades-valencianas-fondos-economicos-material-tecnico-y-profesionales-para-ayudar-a-la-ciudadania-frente-a-los-efectos-de-la-dana\\\/#primaryimage\"},\"thumbnailUrl\":\"https:\\\/\\\/www.laguiadepamplona.com\\\/actualidad\\\/wp-content\\\/uploads\\\/2024\\\/09\\\/Fachada-Ayuntamiento_contacto-Comarca_web2.webp\",\"articleSection\":[\"Ayto Pamplona\"],\"inLanguage\":\"es\",\"potentialAction\":[{\"@type\":\"CommentAction\",\"name\":\"Comment\",\"target\":[\"https:\\\/\\\/www.laguiadepamplona.com\\\/actualidad\\\/pamplona-pone-a-disposicion-de-las-autoridades-valencianas-fondos-economicos-material-tecnico-y-profesionales-para-ayudar-a-la-ciudadania-frente-a-los-efectos-de-la-dana\\\/#respond\"]}]},{\"@type\":\"WebPage\",\"@id\":\"https:\\\/\\\/www.laguiadepamplona.com\\\/actualidad\\\/pamplona-pone-a-disposicion-de-las-autoridades-valencianas-fondos-economicos-material-tecnico-y-profesionales-para-ayudar-a-la-ciudadania-frente-a-los-efectos-de-la-dana\\\/\",\"url\":\"https:\\\/\\\/www.laguiadepamplona.com\\\/actualidad\\\/pamplona-pone-a-disposicion-de-las-autoridades-valencianas-fondos-economicos-material-tecnico-y-profesionales-para-ayudar-a-la-ciudadania-frente-a-los-efectos-de-la-dana\\\/\",\"name\":\"Pamplona pone a disposici\u00f3n de las autoridades valencianas fondos econ\u00f3micos, material t\u00e9cnico y profesionales para ayudar a la ciudadan\u00eda frente a los efectos de la DANA\",\"isPartOf\":{\"@id\":\"https:\\\/\\\/www.laguiadepamplona.com\\\/actualidad\\\/#website\"},\"primaryImageOfPage\":{\"@id\":\"https:\\\/\\\/www.laguiadepamplona.com\\\/actualidad\\\/pamplona-pone-a-disposicion-de-las-autoridades-valencianas-fondos-economicos-material-tecnico-y-profesionales-para-ayudar-a-la-ciudadania-frente-a-los-efectos-de-la-dana\\\/#primaryimage\"},\"image\":{\"@id\":\"https:\\\/\\\/www.laguiadepamplona.com\\\/actualidad\\\/pamplona-pone-a-disposicion-de-las-autoridades-valencianas-fondos-economicos-material-tecnico-y-profesionales-para-ayudar-a-la-ciudadania-frente-a-los-efectos-de-la-dana\\\/#primaryimage\"},\"thumbnailUrl\":\"https:\\\/\\\/www.laguiadepamplona.com\\\/actualidad\\\/wp-content\\\/uploads\\\/2024\\\/09\\\/Fachada-Ayuntamiento_contacto-Comarca_web2.webp\",\"datePublished\":\"2024-11-04T12:11:48+00:00\",\"description\":\"El plan de ayuda municipal se coordinar\u00e1 a trav\u00e9s del Gobierno de Navarra; el alcalde hace un llamamiento al voluntariado a organizarse ...\",\"breadcrumb\":{\"@id\":\"https:\\\/\\\/www.laguiadepamplona.com\\\/actualidad\\\/pamplona-pone-a-disposicion-de-las-autoridades-valencianas-fondos-economicos-material-tecnico-y-profesionales-para-ayudar-a-la-ciudadania-frente-a-los-efectos-de-la-dana\\\/#breadcrumb\"},\"inLanguage\":\"es\",\"potentialAction\":[{\"@type\":\"ReadAction\",\"target\":[\"https:\\\/\\\/www.laguiadepamplona.com\\\/actualidad\\\/pamplona-pone-a-disposicion-de-las-autoridades-valencianas-fondos-economicos-material-tecnico-y-profesionales-para-ayudar-a-la-ciudadania-frente-a-los-efectos-de-la-dana\\\/\"]}]},{\"@type\":\"ImageObject\",\"inLanguage\":\"es\",\"@id\":\"https:\\\/\\\/www.laguiadepamplona.com\\\/actualidad\\\/pamplona-pone-a-disposicion-de-las-autoridades-valencianas-fondos-economicos-material-tecnico-y-profesionales-para-ayudar-a-la-ciudadania-frente-a-los-efectos-de-la-dana\\\/#primaryimage\",\"url\":\"https:\\\/\\\/www.laguiadepamplona.com\\\/actualidad\\\/wp-content\\\/uploads\\\/2024\\\/09\\\/Fachada-Ayuntamiento_contacto-Comarca_web2.webp\",\"contentUrl\":\"https:\\\/\\\/www.laguiadepamplona.com\\\/actualidad\\\/wp-content\\\/uploads\\\/2024\\\/09\\\/Fachada-Ayuntamiento_contacto-Comarca_web2.webp\",\"width\":1000,\"height\":646,\"caption\":\"fachada ayuntamiento\"},{\"@type\":\"BreadcrumbList\",\"@id\":\"https:\\\/\\\/www.laguiadepamplona.com\\\/actualidad\\\/pamplona-pone-a-disposicion-de-las-autoridades-valencianas-fondos-economicos-material-tecnico-y-profesionales-para-ayudar-a-la-ciudadania-frente-a-los-efectos-de-la-dana\\\/#breadcrumb\",\"itemListElement\":[{\"@type\":\"ListItem\",\"position\":1,\"name\":\"Portada\",\"item\":\"https:\\\/\\\/www.laguiadepamplona.com\\\/actualidad\\\/\"},{\"@type\":\"ListItem\",\"position\":2,\"name\":\"Pamplona pone a disposici\u00f3n de las autoridades valencianas fondos econ\u00f3micos, material t\u00e9cnico y profesionales para ayudar a la ciudadan\u00eda frente a los efectos de la DANA\"}]},{\"@type\":\"WebSite\",\"@id\":\"https:\\\/\\\/www.laguiadepamplona.com\\\/actualidad\\\/#website\",\"url\":\"https:\\\/\\\/www.laguiadepamplona.com\\\/actualidad\\\/\",\"name\":\"La gu\u00eda de Pamplona\",\"description\":\"Noticias de Pamplona\",\"publisher\":{\"@id\":\"https:\\\/\\\/www.laguiadepamplona.com\\\/actualidad\\\/#organization\"},\"potentialAction\":[{\"@type\":\"SearchAction\",\"target\":{\"@type\":\"EntryPoint\",\"urlTemplate\":\"https:\\\/\\\/www.laguiadepamplona.com\\\/actualidad\\\/?s={search_term_string}\"},\"query-input\":{\"@type\":\"PropertyValueSpecification\",\"valueRequired\":true,\"valueName\":\"search_term_string\"}}],\"inLanguage\":\"es\"},{\"@type\":\"Organization\",\"@id\":\"https:\\\/\\\/www.laguiadepamplona.com\\\/actualidad\\\/#organization\",\"name\":\"La Gu\u00eda de Pamplona \\\/ Noticias\",\"url\":\"https:\\\/\\\/www.laguiadepamplona.com\\\/actualidad\\\/\",\"logo\":{\"@type\":\"ImageObject\",\"inLanguage\":\"es\",\"@id\":\"https:\\\/\\\/www.laguiadepamplona.com\\\/actualidad\\\/#\\\/schema\\\/logo\\\/image\\\/\",\"url\":\"https:\\\/\\\/www.laguiadepamplona.com\\\/actualidad\\\/wp-content\\\/uploads\\\/2018\\\/11\\\/logo-laguiadepamplona18-web1.png\",\"contentUrl\":\"https:\\\/\\\/www.laguiadepamplona.com\\\/actualidad\\\/wp-content\\\/uploads\\\/2018\\\/11\\\/logo-laguiadepamplona18-web1.png\",\"width\":600,\"height\":196,\"caption\":\"La Gu\u00eda de Pamplona \\\/ Noticias\"},\"image\":{\"@id\":\"https:\\\/\\\/www.laguiadepamplona.com\\\/actualidad\\\/#\\\/schema\\\/logo\\\/image\\\/\"},\"sameAs\":[\"https:\\\/\\\/www.facebook.com\\\/laguiadepamplonacom-133175176762273\\\/?ref=hl\",\"https:\\\/\\\/x.com\\\/LaGuiadPamplona\",\"https:\\\/\\\/www.instagram.com\\\/la_guia_de_pamplona\\\/\",\"https:\\\/\\\/www.youtube.com\\\/user\\\/laguiadepamplona\"]},{\"@type\":\"Person\",\"@id\":\"https:\\\/\\\/www.laguiadepamplona.com\\\/actualidad\\\/#\\\/schema\\\/person\\\/efe887376f0213d4657c93adc50b1fdb\",\"name\":\"La Gu\u00eda de Pamplona\",\"image\":{\"@type\":\"ImageObject\",\"inLanguage\":\"es\",\"@id\":\"https:\\\/\\\/secure.gravatar.com\\\/avatar\\\/b6992f131dc8d30ab0dff15446e9d346d9dbd95992de0fef795073f5ea83a81c?s=96&d=mm&r=g\",\"url\":\"https:\\\/\\\/secure.gravatar.com\\\/avatar\\\/b6992f131dc8d30ab0dff15446e9d346d9dbd95992de0fef795073f5ea83a81c?s=96&d=mm&r=g\",\"contentUrl\":\"https:\\\/\\\/secure.gravatar.com\\\/avatar\\\/b6992f131dc8d30ab0dff15446e9d346d9dbd95992de0fef795073f5ea83a81c?s=96&d=mm&r=g\",\"caption\":\"La Gu\u00eda de Pamplona\"}}]}<\/script>\n<!-- \/ Yoast SEO plugin. -->","yoast_head_json":{"title":"Pamplona pone a disposici\u00f3n de las autoridades valencianas fondos econ\u00f3micos, material t\u00e9cnico y profesionales para ayudar a la ciudadan\u00eda frente a los efectos de la DANA","description":"El plan de ayuda municipal se coordinar\u00e1 a trav\u00e9s del Gobierno de Navarra; el alcalde hace un llamamiento al voluntariado a organizarse ...","robots":{"index":"index","follow":"follow","max-snippet":"max-snippet:-1","max-image-preview":"max-image-preview:large","max-video-preview":"max-video-preview:-1"},"canonical":"https:\/\/www.laguiadepamplona.com\/actualidad\/pamplona-pone-a-disposicion-de-las-autoridades-valencianas-fondos-economicos-material-tecnico-y-profesionales-para-ayudar-a-la-ciudadania-frente-a-los-efectos-de-la-dana\/","og_locale":"es_ES","og_type":"article","og_title":"Pamplona pone a disposici\u00f3n de las autoridades valencianas fondos econ\u00f3micos, material t\u00e9cnico y profesionales para ayudar a la ciudadan\u00eda frente a los efectos de la DANA","og_description":"El plan de ayuda municipal se coordinar\u00e1 a trav\u00e9s del Gobierno de Navarra; el alcalde hace un llamamiento al voluntariado a organizarse ...","og_url":"https:\/\/www.laguiadepamplona.com\/actualidad\/pamplona-pone-a-disposicion-de-las-autoridades-valencianas-fondos-economicos-material-tecnico-y-profesionales-para-ayudar-a-la-ciudadania-frente-a-los-efectos-de-la-dana\/","og_site_name":"La Gu\u00eda de Pamplona","article_publisher":"https:\/\/www.facebook.com\/laguiadepamplonacom-133175176762273\/?ref=hl","article_published_time":"2024-11-04T12:11:48+00:00","og_image":[{"width":1000,"height":646,"url":"https:\/\/www.laguiadepamplona.com\/actualidad\/wp-content\/uploads\/2024\/09\/Fachada-Ayuntamiento_contacto-Comarca_web2.webp","type":"image\/webp"}],"author":"La Gu\u00eda de Pamplona","twitter_card":"summary_large_image","twitter_creator":"@LaGuiadPamplona","twitter_site":"@LaGuiadPamplona","twitter_misc":{"Escrito por":"La Gu\u00eda de Pamplona","Tiempo de lectura":"4 minutos"},"schema":{"@context":"https:\/\/schema.org","@graph":[{"@type":"Article","@id":"https:\/\/www.laguiadepamplona.com\/actualidad\/pamplona-pone-a-disposicion-de-las-autoridades-valencianas-fondos-economicos-material-tecnico-y-profesionales-para-ayudar-a-la-ciudadania-frente-a-los-efectos-de-la-dana\/#article","isPartOf":{"@id":"https:\/\/www.laguiadepamplona.com\/actualidad\/pamplona-pone-a-disposicion-de-las-autoridades-valencianas-fondos-economicos-material-tecnico-y-profesionales-para-ayudar-a-la-ciudadania-frente-a-los-efectos-de-la-dana\/"},"author":{"name":"La Gu\u00eda de Pamplona","@id":"https:\/\/www.laguiadepamplona.com\/actualidad\/#\/schema\/person\/efe887376f0213d4657c93adc50b1fdb"},"headline":"Pamplona pone a disposici\u00f3n de las autoridades valencianas fondos econ\u00f3micos, material t\u00e9cnico y profesionales para ayudar a la ciudadan\u00eda frente a los efectos de la DANA","datePublished":"2024-11-04T12:11:48+00:00","mainEntityOfPage":{"@id":"https:\/\/www.laguiadepamplona.com\/actualidad\/pamplona-pone-a-disposicion-de-las-autoridades-valencianas-fondos-economicos-material-tecnico-y-profesionales-para-ayudar-a-la-ciudadania-frente-a-los-efectos-de-la-dana\/"},"wordCount":746,"commentCount":0,"publisher":{"@id":"https:\/\/www.laguiadepamplona.com\/actualidad\/#organization"},"image":{"@id":"https:\/\/www.laguiadepamplona.com\/actualidad\/pamplona-pone-a-disposicion-de-las-autoridades-valencianas-fondos-economicos-material-tecnico-y-profesionales-para-ayudar-a-la-ciudadania-frente-a-los-efectos-de-la-dana\/#primaryimage"},"thumbnailUrl":"https:\/\/www.laguiadepamplona.com\/actualidad\/wp-content\/uploads\/2024\/09\/Fachada-Ayuntamiento_contacto-Comarca_web2.webp","articleSection":["Ayto Pamplona"],"inLanguage":"es","potentialAction":[{"@type":"CommentAction","name":"Comment","target":["https:\/\/www.laguiadepamplona.com\/actualidad\/pamplona-pone-a-disposicion-de-las-autoridades-valencianas-fondos-economicos-material-tecnico-y-profesionales-para-ayudar-a-la-ciudadania-frente-a-los-efectos-de-la-dana\/#respond"]}]},{"@type":"WebPage","@id":"https:\/\/www.laguiadepamplona.com\/actualidad\/pamplona-pone-a-disposicion-de-las-autoridades-valencianas-fondos-economicos-material-tecnico-y-profesionales-para-ayudar-a-la-ciudadania-frente-a-los-efectos-de-la-dana\/","url":"https:\/\/www.laguiadepamplona.com\/actualidad\/pamplona-pone-a-disposicion-de-las-autoridades-valencianas-fondos-economicos-material-tecnico-y-profesionales-para-ayudar-a-la-ciudadania-frente-a-los-efectos-de-la-dana\/","name":"Pamplona pone a disposici\u00f3n de las autoridades valencianas fondos econ\u00f3micos, material t\u00e9cnico y profesionales para ayudar a la ciudadan\u00eda frente a los efectos de la DANA","isPartOf":{"@id":"https:\/\/www.laguiadepamplona.com\/actualidad\/#website"},"primaryImageOfPage":{"@id":"https:\/\/www.laguiadepamplona.com\/actualidad\/pamplona-pone-a-disposicion-de-las-autoridades-valencianas-fondos-economicos-material-tecnico-y-profesionales-para-ayudar-a-la-ciudadania-frente-a-los-efectos-de-la-dana\/#primaryimage"},"image":{"@id":"https:\/\/www.laguiadepamplona.com\/actualidad\/pamplona-pone-a-disposicion-de-las-autoridades-valencianas-fondos-economicos-material-tecnico-y-profesionales-para-ayudar-a-la-ciudadania-frente-a-los-efectos-de-la-dana\/#primaryimage"},"thumbnailUrl":"https:\/\/www.laguiadepamplona.com\/actualidad\/wp-content\/uploads\/2024\/09\/Fachada-Ayuntamiento_contacto-Comarca_web2.webp","datePublished":"2024-11-04T12:11:48+00:00","description":"El plan de ayuda municipal se coordinar\u00e1 a trav\u00e9s del Gobierno de Navarra; el alcalde hace un llamamiento al voluntariado a organizarse ...","breadcrumb":{"@id":"https:\/\/www.laguiadepamplona.com\/actualidad\/pamplona-pone-a-disposicion-de-las-autoridades-valencianas-fondos-economicos-material-tecnico-y-profesionales-para-ayudar-a-la-ciudadania-frente-a-los-efectos-de-la-dana\/#breadcrumb"},"inLanguage":"es","potentialAction":[{"@type":"ReadAction","target":["https:\/\/www.laguiadepamplona.com\/actualidad\/pamplona-pone-a-disposicion-de-las-autoridades-valencianas-fondos-economicos-material-tecnico-y-profesionales-para-ayudar-a-la-ciudadania-frente-a-los-efectos-de-la-dana\/"]}]},{"@type":"ImageObject","inLanguage":"es","@id":"https:\/\/www.laguiadepamplona.com\/actualidad\/pamplona-pone-a-disposicion-de-las-autoridades-valencianas-fondos-economicos-material-tecnico-y-profesionales-para-ayudar-a-la-ciudadania-frente-a-los-efectos-de-la-dana\/#primaryimage","url":"https:\/\/www.laguiadepamplona.com\/actualidad\/wp-content\/uploads\/2024\/09\/Fachada-Ayuntamiento_contacto-Comarca_web2.webp","contentUrl":"https:\/\/www.laguiadepamplona.com\/actualidad\/wp-content\/uploads\/2024\/09\/Fachada-Ayuntamiento_contacto-Comarca_web2.webp","width":1000,"height":646,"caption":"fachada ayuntamiento"},{"@type":"BreadcrumbList","@id":"https:\/\/www.laguiadepamplona.com\/actualidad\/pamplona-pone-a-disposicion-de-las-autoridades-valencianas-fondos-economicos-material-tecnico-y-profesionales-para-ayudar-a-la-ciudadania-frente-a-los-efectos-de-la-dana\/#breadcrumb","itemListElement":[{"@type":"ListItem","position":1,"name":"Portada","item":"https:\/\/www.laguiadepamplona.com\/actualidad\/"},{"@type":"ListItem","position":2,"name":"Pamplona pone a disposici\u00f3n de las autoridades valencianas fondos econ\u00f3micos, material t\u00e9cnico y profesionales para ayudar a la ciudadan\u00eda frente a los efectos de la DANA"}]},{"@type":"WebSite","@id":"https:\/\/www.laguiadepamplona.com\/actualidad\/#website","url":"https:\/\/www.laguiadepamplona.com\/actualidad\/","name":"La gu\u00eda de Pamplona","description":"Noticias de Pamplona","publisher":{"@id":"https:\/\/www.laguiadepamplona.com\/actualidad\/#organization"},"potentialAction":[{"@type":"SearchAction","target":{"@type":"EntryPoint","urlTemplate":"https:\/\/www.laguiadepamplona.com\/actualidad\/?s={search_term_string}"},"query-input":{"@type":"PropertyValueSpecification","valueRequired":true,"valueName":"search_term_string"}}],"inLanguage":"es"},{"@type":"Organization","@id":"https:\/\/www.laguiadepamplona.com\/actualidad\/#organization","name":"La Gu\u00eda de Pamplona \/ Noticias","url":"https:\/\/www.laguiadepamplona.com\/actualidad\/","logo":{"@type":"ImageObject","inLanguage":"es","@id":"https:\/\/www.laguiadepamplona.com\/actualidad\/#\/schema\/logo\/image\/","url":"https:\/\/www.laguiadepamplona.com\/actualidad\/wp-content\/uploads\/2018\/11\/logo-laguiadepamplona18-web1.png","contentUrl":"https:\/\/www.laguiadepamplona.com\/actualidad\/wp-content\/uploads\/2018\/11\/logo-laguiadepamplona18-web1.png","width":600,"height":196,"caption":"La Gu\u00eda de Pamplona \/ Noticias"},"image":{"@id":"https:\/\/www.laguiadepamplona.com\/actualidad\/#\/schema\/logo\/image\/"},"sameAs":["https:\/\/www.facebook.com\/laguiadepamplonacom-133175176762273\/?ref=hl","https:\/\/x.com\/LaGuiadPamplona","https:\/\/www.instagram.com\/la_guia_de_pamplona\/","https:\/\/www.youtube.com\/user\/laguiadepamplona"]},{"@type":"Person","@id":"https:\/\/www.laguiadepamplona.com\/actualidad\/#\/schema\/person\/efe887376f0213d4657c93adc50b1fdb","name":"La Gu\u00eda de Pamplona","image":{"@type":"ImageObject","inLanguage":"es","@id":"https:\/\/secure.gravatar.com\/avatar\/b6992f131dc8d30ab0dff15446e9d346d9dbd95992de0fef795073f5ea83a81c?s=96&d=mm&r=g","url":"https:\/\/secure.gravatar.com\/avatar\/b6992f131dc8d30ab0dff15446e9d346d9dbd95992de0fef795073f5ea83a81c?s=96&d=mm&r=g","contentUrl":"https:\/\/secure.gravatar.com\/avatar\/b6992f131dc8d30ab0dff15446e9d346d9dbd95992de0fef795073f5ea83a81c?s=96&d=mm&r=g","caption":"La Gu\u00eda de Pamplona"}}]}},"post_mailing_queue_ids":[],"_links":{"self":[{"href":"https:\/\/www.laguiadepamplona.com\/actualidad\/wp-json\/wp\/v2\/posts\/51200","targetHints":{"allow":["GET"]}}],"collection":[{"href":"https:\/\/www.laguiadepamplona.com\/actualidad\/wp-json\/wp\/v2\/posts"}],"about":[{"href":"https:\/\/www.laguiadepamplona.com\/actualidad\/wp-json\/wp\/v2\/types\/post"}],"author":[{"embeddable":true,"href":"https:\/\/www.laguiadepamplona.com\/actualidad\/wp-json\/wp\/v2\/users\/1"}],"replies":[{"embeddable":true,"href":"https:\/\/www.laguiadepamplona.com\/actualidad\/wp-json\/wp\/v2\/comments?post=51200"}],"version-history":[{"count":1,"href":"https:\/\/www.laguiadepamplona.com\/actualidad\/wp-json\/wp\/v2\/posts\/51200\/revisions"}],"predecessor-version":[{"id":51201,"href":"https:\/\/www.laguiadepamplona.com\/actualidad\/wp-json\/wp\/v2\/posts\/51200\/revisions\/51201"}],"wp:featuredmedia":[{"embeddable":true,"href":"https:\/\/www.laguiadepamplona.com\/actualidad\/wp-json\/wp\/v2\/media\/50736"}],"wp:attachment":[{"href":"https:\/\/www.laguiadepamplona.com\/actualidad\/wp-json\/wp\/v2\/media?parent=51200"}],"wp:term":[{"taxonomy":"category","embeddable":true,"href":"https:\/\/www.laguiadepamplona.com\/actualidad\/wp-json\/wp\/v2\/categories?post=51200"},{"taxonomy":"post_tag","embeddable":true,"href":"https:\/\/www.laguiadepamplona.com\/actualidad\/wp-json\/wp\/v2\/tags?post=51200"}],"curies":[{"name":"wp","href":"https:\/\/api.w.org\/{rel}","templated":true}]}}