{"id":51194,"date":"2024-10-30T14:47:29","date_gmt":"2024-10-30T12:47:29","guid":{"rendered":"https:\/\/www.laguiadepamplona.com\/actualidad\/?p=51194"},"modified":"2024-10-30T14:47:29","modified_gmt":"2024-10-30T12:47:29","slug":"pamplona-homenajeara-el-6-de-noviembre-a-salvador-pinaquy-coincidiendo-con-el-150-aniversario-de-la-subida-de-agua-a-la-ciudad-durante-el-bloqueo-carlista","status":"publish","type":"post","link":"https:\/\/www.laguiadepamplona.com\/actualidad\/pamplona-homenajeara-el-6-de-noviembre-a-salvador-pinaquy-coincidiendo-con-el-150-aniversario-de-la-subida-de-agua-a-la-ciudad-durante-el-bloqueo-carlista\/","title":{"rendered":"Pamplona homenajear\u00e1 el 6 de noviembre a Salvador Pinaquy, coincidiendo con el 150 aniversario de la subida de agua a la ciudad durante el bloqueo carlista"},"content":{"rendered":"<h2 class=\"x_2Subtitulo\">Varios actos reconocer\u00e1n la labor de Pinaquy en el desarrollo del proyecto que permiti\u00f3 a la ciudad abastecerse de agua y resistir el asedio carlista<\/h2>\n<p class=\"x_MsoNormal\"><!--more--><\/p>\n<p class=\"x_3Texto\">El 6 de noviembre de 1874 volv\u00eda a manar agua de las fuentes de Pamplona, a pesar del bloqueo que las tropas carlistas llevaban a cabo en la ciudad desde el 3 de septiembre y del corte que para ello provocaron en el suministro de agua desde Subiza. Salvador Pinaquy hab\u00eda hecho realidad en pocas semanas un proyecto para bombear agua desde un manantial que hab\u00eda descubierto en el entorno del molino de Caparroso hasta el dep\u00f3sito ubicado entonces donde actualmente est\u00e1 la iglesia de San Ignacio. Esa subida de aguas permiti\u00f3 a Pamplona resistir el envite carlista que levant\u00f3 el bloqueo a la ciudad el 2 de febrero de 1875.<\/p>\n<p class=\"x_3Texto\">El Ayuntamiento de Pamplona quiere conmemorar esa efem\u00e9ride con un programa de actos el mismo 6 de noviembre (#6NPinaquy #A6Pinaquy), que comenzar\u00e1 con el descubrimiento de una placa en homenaje a Salvador Pinaquy en la calle Mayor 14, lugar donde vivi\u00f3 y donde puso en marcha su negocio de fundici\u00f3n, que posteriormente se conoci\u00f3 como Casa Sancena. El alcalde de Pamplona, Joseba Asiron Saez, y la Comisi\u00f3n de Urbanismo participar\u00e1n en ese acto. Despu\u00e9s, en la sesi\u00f3n de la Comisi\u00f3n de Urbanismo, se aprobar\u00e1 una declaraci\u00f3n institucional de reconocimiento a su figura y a su labor. Asimismo, se dar\u00e1 luz verde a la propuesta de dedicarle un espacio p\u00fablico poni\u00e9ndole su nombre como reconocimiento.<\/p>\n<p class=\"x_3Texto\">Pero el programa que prepara el Ayuntamiento no se ci\u00f1e \u00fanicamente al hecho de la subida de agua a una Pamplona bloqueada por las tropas carlistas, sino que se extiende tambi\u00e9n a todo lo que supuso su trayectoria profesional y la huella que dej\u00f3 y que permanece en la ciudad a trav\u00e9s de las mejoras que hizo desde su empresa de fundici\u00f3n. As\u00ed, por la tarde, a las 19 horas, el alcalde de Pamplona moderar\u00e1 en el Nuevo Casino una mesa redonda que llevar\u00e1 el t\u00edtulo de \u2018Salvador Pinaquy y el impulso a la primera industrializaci\u00f3n de Pamplona\u201d. Intervendr\u00e1n como ponentes dos expertos en la historia y la cultura navarra, V\u00edctor Manuel Egia y Pedro del Guayo.<\/p>\n<p class=\"x_3Texto\">El programa se completa, del 6 al 10 de noviembre, con la instalaci\u00f3n en el zagu\u00e1n de la Casa Consistorial de un photocall centrado en el legado de Pinaquy y que, en muchos casos, a\u00fan se disfruta. Ese photocall estar\u00e1 abierto del 6 al 8 de noviembre, entre las 8 y las 20 horas, y el fin de semana, los d\u00edas 9 y 10 de noviembre, de 10 horas de la ma\u00f1ana a 20 horas de la tarde.<\/p>\n<p class=\"x_4Ladillo\"><strong>Creador de elementos referentes de Pamplona<\/strong><\/p>\n<p class=\"x_3Texto\">Salvador Pinaquy Ducasse naci\u00f3 en Bayona en 1817 y muri\u00f3 en su casa de la calle Mayor 14 de Pamplona en 1890. Con 31 a\u00f1os vino a Pamplona desde su tierra natal junto a Jos\u00e9 Sarvi, con quien fund\u00f3 en 1850 la sociedad Salvador Pinaquy y Compa\u00f1\u00eda, dedicada a la fundici\u00f3n y la herrer\u00eda, con especialidad en construcci\u00f3n y montaje de maquinaria agr\u00edcola. El taller se ubic\u00f3 en la zona del molino de Caparroso. Entre otros trabajos, el taller cre\u00f3 las columnas de hierro del actual cuerpo de guardia de la cuesta de Santo Domingo (actual Espacio SanFermIN! Espazioa) o el sistema de elevaci\u00f3n del portal de Francia. Adem\u00e1s, fue la encargada de dise\u00f1ar y ejecutar la mayor\u00eda de los elementos del patrimonio menor que decoraron la ciudad en los primeros a\u00f1os de la industrializaci\u00f3n del siglo XIX.<\/p>\n<p class=\"x_3Texto\">El 6 de noviembre de 1874 Pamplona entera celebr\u00f3 el regreso del agua a las fuentes de la ciudad tras casi un mes de intenso trabajo para crear la estructura que subiera el agua desde las orillas del Arga. Las cr\u00f3nicas cuentan que se adorn\u00f3 la plaza de la Rep\u00fablica (actual plaza del Castillo) con banderas y guirnaldas, que salieron los gigantes y kilikis e incluso que hubo baile en el paseo de Valencia, adem\u00e1s de un acto de inauguraci\u00f3n de la obra. Un d\u00eda antes del fin del bloqueo, el 1 de febrero de 1875, el Ayuntamiento de Pamplona le entreg\u00f3 a Salvador Pinaquy una medalla conmemorativa de oro como agradecimiento y reconocimiento a la labor.<\/p>\n<p class=\"x_3Texto\">Unos a\u00f1os despu\u00e9s, Pinaquy adquiri\u00f3 un edificio en la calle Mayor (actual n\u00famero 14), al que traslad\u00f3 su vivienda y en cuyo patio mont\u00f3 una nave para su negocio. Se cas\u00f3 con Antonia Sancena Vergara y tuvo un hijo, Salvador, que falleci\u00f3 poco despu\u00e9s que \u00e9l. El negocio pas\u00f3 entonces a su cu\u00f1ado, quien constituy\u00f3 en 1894 la sociedad Sucesores de Pinaquy y C\u00eda. En la d\u00e9cada de los 40 del siglo XX, se cre\u00f3 la SL Casa Sancena, Sucesor de Pinaquy, que mantuvo su actividad dedic\u00e1ndose a la producci\u00f3n de mobiliario urbano. Casa Sancena est\u00e1 detr\u00e1s, por ejemplo, de las barandillas del le\u00f3n o de las fuentes verdes con la cara de un le\u00f3n.<\/p>\n<p>&nbsp;<\/p>\n<div>\n<h3 class=\"x_5TituloApoyodedatos\">150 aniversario de la subida de las aguas a pamplona ideada por Salvador Pinaquy<\/h3>\n<\/div>\n<p class=\"x_6Textoapoyodatos\">\u00b7\u00a0\u00a0\u00a0\u00a0\u00a0\u00a0<b>Mi\u00e9rcoles 6 de noviembre<\/b><\/p>\n<p class=\"x_7texto2apoyodatos\">o\u00a0\u00a0\u00a0\u00a09:00 horas.\u00a0<span class=\"x_3TextoCar\">Inauguraci\u00f3n de una p<\/span>laca en honor a\u00a0<span class=\"x_3TextoCar\">Salvador Pinaquy.\u00a0<\/span>Calle Mayor<span class=\"x_3TextoCar\">\u00a014,\u00a0<\/span>lugar donde estableci\u00f3 su domicilio y fundici\u00f3n (posteriormente Sancena)<\/p>\n<p class=\"x_7texto2apoyodatos\">o\u00a0\u00a0\u00a0\u00a0A continuaci\u00f3n, la comisi\u00f3n de Urbanismo debatir\u00e1 una propuesta de declaraci\u00f3n institucional en reconocimiento a la figura de Pinaquy.<\/p>\n<p class=\"x_7texto2apoyodatos\">o\u00a0\u00a0\u00a0\u00a019:00 horas. Nuevo Casino de Pamplona. Mesa redonda. \u2018Salvador Pinaquy y el impulso a la primera industrializaci\u00f3n de Pamplona\u2019. Ponentes: V\u00edctor Manuel Egia y Pedro del Guayo. Moderador: Joseba Asiron Saez<\/p>\n<p class=\"x_6Textoapoyodatos\">\u00b7\u00a0\u00a0\u00a0\u00a0\u00a0\u00a0<b>Del mi\u00e9rcoles 6 de noviembre al domingo 10 de noviembre<\/b><\/p>\n<p class=\"x_7texto2apoyodatos\">o\u00a0\u00a0\u00a0\u00a0Photocall centrado en el legado de Pinaquy. Zagu\u00e1n de la Casa Consistorial<\/p>\n<p class=\"x_7texto2apoyodatos\">o\u00a0\u00a0\u00a0\u00a0Horarios: del mi\u00e9rcoles 6 al viernes 8 de noviembre, de 8.00 a 20.00 horas; s\u00e1bado y domingo, de 10:00 a 20:00 horas<\/p>\n<p class=\"x_6Textoapoyodatos\">\u00b7\u00a0\u00a0\u00a0\u00a0\u00a0\u00a0<b>Texto del photocall \u2018La Iru\u00f1a de Pinaquy\u2019<\/b><\/p>\n<p class=\"x_3Texto\">\u201cSalvador Pinaquy Ducasse (Baiona 1817-Pamplona 1890) fue un pionero de la industrializaci\u00f3n en Navarra. En su fundici\u00f3n, sita inicialmente en el molino de Caparroso, ingeni\u00f3 todo tipo de inventos para la modernizaci\u00f3n de la agricultura, como arados mec\u00e1nicos, extirpadoras de ra\u00edces, trilladoras, segadoras y sierras mec\u00e1nicas. Y sabemos que, durante dos a\u00f1os, entre 1863 y 1865, trabaj\u00f3 para \u00e9l como empleado el mundialmente famoso tenor roncal\u00e9s Juli\u00e1n Gayarre.<\/p>\n<p class=\"x_3Texto\">En 1874, durante la Guerra Carlista, Pamplona fue asediada y vio c\u00f3mo los atacantes cortaban el suministro de agua, desencaden\u00e1ndose una terrible epidemia de tifus en la ciudad. En aquel momento surgi\u00f3 el genio de Pinaquy, que encontr\u00f3 un secreto manantial de agua situado junto a su molino-fundici\u00f3n, y se las ingeni\u00f3 para remontar, mediante bombas y tuber\u00edas de su establecimiento, los 39 metros necesarios para volver a llevar el agua a Pamplona. Entre enormes muestras de alegr\u00eda, el agua volvi\u00f3 a manar de las fuentes pamplonesas el 6 de noviembre de 1874, ahora hace justamente 150 a\u00f1os.<\/p>\n<p class=\"x_3Texto\">En 1885 Pinaquy traslad\u00f3 su fundici\u00f3n a la calle Mayor, donde trabaj\u00f3 hasta su muerte, y en 1890 el establecimiento pas\u00f3 a manos de su cu\u00f1ado Mart\u00edn Sancena. De los hornos de Casa Sancena-Herederos de Pinaquy surgi\u00f3 buena parte de los elementos de mobiliario urbano m\u00e1s propios, genuinos y conocidos de Pamplona. All\u00ed se fabricar\u00e1 la t\u00edpica barandilla met\u00e1lica con el escudo de Pamplona, bancos, farolas, papeleras, las tapas de alcantarilla con la palabra \u201cSancena\u201d, y su m\u00e1s caracter\u00edstica creaci\u00f3n, las famos\u00edsimas fuentes del le\u00f3n, de las que todav\u00eda quedan cerca de 350 en nuestras calles y plazas<\/p>\n<p class=\"x_3Texto\">Cuando se cumplen 150 a\u00f1os de la subida de aguas de 1874, el Ayuntamiento de Pamplona ha querido renovar su voto de gratitud a Salvador Pinaquy, colocando una placa conmemorativa en el lugar en el que estuvo su fundici\u00f3n. Sirva este humilde photocall, compuesto a base de elementos de origen y cronolog\u00edas diversas, como recordatorio de su enorme aportaci\u00f3n a la ciudad\u201d.<\/p>\n","protected":false},"excerpt":{"rendered":"<p>Varios actos reconocer\u00e1n la labor de Pinaquy en el desarrollo del proyecto que permiti\u00f3 a la ciudad abastecerse de agua y resistir el asedio carlista<\/p>\n","protected":false},"author":1,"featured_media":51195,"comment_status":"open","ping_status":"closed","sticky":false,"template":"","format":"standard","meta":{"footnotes":""},"categories":[2],"tags":[],"class_list":["post-51194","post","type-post","status-publish","format-standard","has-post-thumbnail","hentry","category-ayuntamiento-pamplona"],"yoast_head":"<!-- This site is optimized with the Yoast SEO plugin v27.3 - https:\/\/yoast.com\/product\/yoast-seo-wordpress\/ -->\n<title>Pamplona homenajear\u00e1 el 6 de noviembre a Salvador Pinaquy, coincidiendo con el 150 aniversario de la subida de agua a la ciudad durante el bloqueo carlista<\/title>\n<meta name=\"description\" content=\"Varios actos reconocer\u00e1n la labor de Pinaquy en el desarrollo del proyecto que permiti\u00f3 a la ciudad abastecerse de agua y resistir el asedio carlista\" \/>\n<meta name=\"robots\" content=\"index, follow, max-snippet:-1, max-image-preview:large, max-video-preview:-1\" \/>\n<link rel=\"canonical\" href=\"https:\/\/www.laguiadepamplona.com\/actualidad\/pamplona-homenajeara-el-6-de-noviembre-a-salvador-pinaquy-coincidiendo-con-el-150-aniversario-de-la-subida-de-agua-a-la-ciudad-durante-el-bloqueo-carlista\/\" \/>\n<meta property=\"og:locale\" content=\"es_ES\" \/>\n<meta property=\"og:type\" content=\"article\" \/>\n<meta property=\"og:title\" content=\"Pamplona homenajear\u00e1 el 6 de noviembre a Salvador Pinaquy, coincidiendo con el 150 aniversario de la subida de agua a la ciudad durante el bloqueo carlista\" \/>\n<meta property=\"og:description\" content=\"Varios actos reconocer\u00e1n la labor de Pinaquy en el desarrollo del proyecto que permiti\u00f3 a la ciudad abastecerse de agua y resistir el asedio carlista\" \/>\n<meta property=\"og:url\" content=\"https:\/\/www.laguiadepamplona.com\/actualidad\/pamplona-homenajeara-el-6-de-noviembre-a-salvador-pinaquy-coincidiendo-con-el-150-aniversario-de-la-subida-de-agua-a-la-ciudad-durante-el-bloqueo-carlista\/\" \/>\n<meta property=\"og:site_name\" content=\"La Gu\u00eda de Pamplona\" \/>\n<meta property=\"article:publisher\" content=\"https:\/\/www.facebook.com\/laguiadepamplonacom-133175176762273\/?ref=hl\" \/>\n<meta property=\"article:published_time\" content=\"2024-10-30T12:47:29+00:00\" \/>\n<meta property=\"og:image\" content=\"https:\/\/www.laguiadepamplona.com\/actualidad\/wp-content\/uploads\/2024\/10\/fuente-leon_web.webp\" \/>\n\t<meta property=\"og:image:width\" content=\"1000\" \/>\n\t<meta property=\"og:image:height\" content=\"667\" \/>\n\t<meta property=\"og:image:type\" content=\"image\/webp\" \/>\n<meta name=\"author\" content=\"La Gu\u00eda de Pamplona\" \/>\n<meta name=\"twitter:card\" content=\"summary_large_image\" \/>\n<meta name=\"twitter:creator\" content=\"@LaGuiadPamplona\" \/>\n<meta name=\"twitter:site\" content=\"@LaGuiadPamplona\" \/>\n<meta name=\"twitter:label1\" content=\"Escrito por\" \/>\n\t<meta name=\"twitter:data1\" content=\"La Gu\u00eda de Pamplona\" \/>\n\t<meta name=\"twitter:label2\" content=\"Tiempo de lectura\" \/>\n\t<meta name=\"twitter:data2\" content=\"6 minutos\" \/>\n<script type=\"application\/ld+json\" class=\"yoast-schema-graph\">{\"@context\":\"https:\\\/\\\/schema.org\",\"@graph\":[{\"@type\":\"Article\",\"@id\":\"https:\\\/\\\/www.laguiadepamplona.com\\\/actualidad\\\/pamplona-homenajeara-el-6-de-noviembre-a-salvador-pinaquy-coincidiendo-con-el-150-aniversario-de-la-subida-de-agua-a-la-ciudad-durante-el-bloqueo-carlista\\\/#article\",\"isPartOf\":{\"@id\":\"https:\\\/\\\/www.laguiadepamplona.com\\\/actualidad\\\/pamplona-homenajeara-el-6-de-noviembre-a-salvador-pinaquy-coincidiendo-con-el-150-aniversario-de-la-subida-de-agua-a-la-ciudad-durante-el-bloqueo-carlista\\\/\"},\"author\":{\"name\":\"La Gu\u00eda de Pamplona\",\"@id\":\"https:\\\/\\\/www.laguiadepamplona.com\\\/actualidad\\\/#\\\/schema\\\/person\\\/efe887376f0213d4657c93adc50b1fdb\"},\"headline\":\"Pamplona homenajear\u00e1 el 6 de noviembre a Salvador Pinaquy, coincidiendo con el 150 aniversario de la subida de agua a la ciudad durante el bloqueo carlista\",\"datePublished\":\"2024-10-30T12:47:29+00:00\",\"mainEntityOfPage\":{\"@id\":\"https:\\\/\\\/www.laguiadepamplona.com\\\/actualidad\\\/pamplona-homenajeara-el-6-de-noviembre-a-salvador-pinaquy-coincidiendo-con-el-150-aniversario-de-la-subida-de-agua-a-la-ciudad-durante-el-bloqueo-carlista\\\/\"},\"wordCount\":1365,\"commentCount\":0,\"publisher\":{\"@id\":\"https:\\\/\\\/www.laguiadepamplona.com\\\/actualidad\\\/#organization\"},\"image\":{\"@id\":\"https:\\\/\\\/www.laguiadepamplona.com\\\/actualidad\\\/pamplona-homenajeara-el-6-de-noviembre-a-salvador-pinaquy-coincidiendo-con-el-150-aniversario-de-la-subida-de-agua-a-la-ciudad-durante-el-bloqueo-carlista\\\/#primaryimage\"},\"thumbnailUrl\":\"https:\\\/\\\/www.laguiadepamplona.com\\\/actualidad\\\/wp-content\\\/uploads\\\/2024\\\/10\\\/fuente-leon_web.webp\",\"articleSection\":[\"Ayto Pamplona\"],\"inLanguage\":\"es\",\"potentialAction\":[{\"@type\":\"CommentAction\",\"name\":\"Comment\",\"target\":[\"https:\\\/\\\/www.laguiadepamplona.com\\\/actualidad\\\/pamplona-homenajeara-el-6-de-noviembre-a-salvador-pinaquy-coincidiendo-con-el-150-aniversario-de-la-subida-de-agua-a-la-ciudad-durante-el-bloqueo-carlista\\\/#respond\"]}]},{\"@type\":\"WebPage\",\"@id\":\"https:\\\/\\\/www.laguiadepamplona.com\\\/actualidad\\\/pamplona-homenajeara-el-6-de-noviembre-a-salvador-pinaquy-coincidiendo-con-el-150-aniversario-de-la-subida-de-agua-a-la-ciudad-durante-el-bloqueo-carlista\\\/\",\"url\":\"https:\\\/\\\/www.laguiadepamplona.com\\\/actualidad\\\/pamplona-homenajeara-el-6-de-noviembre-a-salvador-pinaquy-coincidiendo-con-el-150-aniversario-de-la-subida-de-agua-a-la-ciudad-durante-el-bloqueo-carlista\\\/\",\"name\":\"Pamplona homenajear\u00e1 el 6 de noviembre a Salvador Pinaquy, coincidiendo con el 150 aniversario de la subida de agua a la ciudad durante el bloqueo carlista\",\"isPartOf\":{\"@id\":\"https:\\\/\\\/www.laguiadepamplona.com\\\/actualidad\\\/#website\"},\"primaryImageOfPage\":{\"@id\":\"https:\\\/\\\/www.laguiadepamplona.com\\\/actualidad\\\/pamplona-homenajeara-el-6-de-noviembre-a-salvador-pinaquy-coincidiendo-con-el-150-aniversario-de-la-subida-de-agua-a-la-ciudad-durante-el-bloqueo-carlista\\\/#primaryimage\"},\"image\":{\"@id\":\"https:\\\/\\\/www.laguiadepamplona.com\\\/actualidad\\\/pamplona-homenajeara-el-6-de-noviembre-a-salvador-pinaquy-coincidiendo-con-el-150-aniversario-de-la-subida-de-agua-a-la-ciudad-durante-el-bloqueo-carlista\\\/#primaryimage\"},\"thumbnailUrl\":\"https:\\\/\\\/www.laguiadepamplona.com\\\/actualidad\\\/wp-content\\\/uploads\\\/2024\\\/10\\\/fuente-leon_web.webp\",\"datePublished\":\"2024-10-30T12:47:29+00:00\",\"description\":\"Varios actos reconocer\u00e1n la labor de Pinaquy en el desarrollo del proyecto que permiti\u00f3 a la ciudad abastecerse de agua y resistir el asedio carlista\",\"breadcrumb\":{\"@id\":\"https:\\\/\\\/www.laguiadepamplona.com\\\/actualidad\\\/pamplona-homenajeara-el-6-de-noviembre-a-salvador-pinaquy-coincidiendo-con-el-150-aniversario-de-la-subida-de-agua-a-la-ciudad-durante-el-bloqueo-carlista\\\/#breadcrumb\"},\"inLanguage\":\"es\",\"potentialAction\":[{\"@type\":\"ReadAction\",\"target\":[\"https:\\\/\\\/www.laguiadepamplona.com\\\/actualidad\\\/pamplona-homenajeara-el-6-de-noviembre-a-salvador-pinaquy-coincidiendo-con-el-150-aniversario-de-la-subida-de-agua-a-la-ciudad-durante-el-bloqueo-carlista\\\/\"]}]},{\"@type\":\"ImageObject\",\"inLanguage\":\"es\",\"@id\":\"https:\\\/\\\/www.laguiadepamplona.com\\\/actualidad\\\/pamplona-homenajeara-el-6-de-noviembre-a-salvador-pinaquy-coincidiendo-con-el-150-aniversario-de-la-subida-de-agua-a-la-ciudad-durante-el-bloqueo-carlista\\\/#primaryimage\",\"url\":\"https:\\\/\\\/www.laguiadepamplona.com\\\/actualidad\\\/wp-content\\\/uploads\\\/2024\\\/10\\\/fuente-leon_web.webp\",\"contentUrl\":\"https:\\\/\\\/www.laguiadepamplona.com\\\/actualidad\\\/wp-content\\\/uploads\\\/2024\\\/10\\\/fuente-leon_web.webp\",\"width\":1000,\"height\":667,\"caption\":\"fuente le\u00f3n\"},{\"@type\":\"BreadcrumbList\",\"@id\":\"https:\\\/\\\/www.laguiadepamplona.com\\\/actualidad\\\/pamplona-homenajeara-el-6-de-noviembre-a-salvador-pinaquy-coincidiendo-con-el-150-aniversario-de-la-subida-de-agua-a-la-ciudad-durante-el-bloqueo-carlista\\\/#breadcrumb\",\"itemListElement\":[{\"@type\":\"ListItem\",\"position\":1,\"name\":\"Portada\",\"item\":\"https:\\\/\\\/www.laguiadepamplona.com\\\/actualidad\\\/\"},{\"@type\":\"ListItem\",\"position\":2,\"name\":\"Pamplona homenajear\u00e1 el 6 de noviembre a Salvador Pinaquy, coincidiendo con el 150 aniversario de la subida de agua a la ciudad durante el bloqueo carlista\"}]},{\"@type\":\"WebSite\",\"@id\":\"https:\\\/\\\/www.laguiadepamplona.com\\\/actualidad\\\/#website\",\"url\":\"https:\\\/\\\/www.laguiadepamplona.com\\\/actualidad\\\/\",\"name\":\"La gu\u00eda de Pamplona\",\"description\":\"Noticias de Pamplona\",\"publisher\":{\"@id\":\"https:\\\/\\\/www.laguiadepamplona.com\\\/actualidad\\\/#organization\"},\"potentialAction\":[{\"@type\":\"SearchAction\",\"target\":{\"@type\":\"EntryPoint\",\"urlTemplate\":\"https:\\\/\\\/www.laguiadepamplona.com\\\/actualidad\\\/?s={search_term_string}\"},\"query-input\":{\"@type\":\"PropertyValueSpecification\",\"valueRequired\":true,\"valueName\":\"search_term_string\"}}],\"inLanguage\":\"es\"},{\"@type\":\"Organization\",\"@id\":\"https:\\\/\\\/www.laguiadepamplona.com\\\/actualidad\\\/#organization\",\"name\":\"La Gu\u00eda de Pamplona \\\/ Noticias\",\"url\":\"https:\\\/\\\/www.laguiadepamplona.com\\\/actualidad\\\/\",\"logo\":{\"@type\":\"ImageObject\",\"inLanguage\":\"es\",\"@id\":\"https:\\\/\\\/www.laguiadepamplona.com\\\/actualidad\\\/#\\\/schema\\\/logo\\\/image\\\/\",\"url\":\"https:\\\/\\\/www.laguiadepamplona.com\\\/actualidad\\\/wp-content\\\/uploads\\\/2018\\\/11\\\/logo-laguiadepamplona18-web1.png\",\"contentUrl\":\"https:\\\/\\\/www.laguiadepamplona.com\\\/actualidad\\\/wp-content\\\/uploads\\\/2018\\\/11\\\/logo-laguiadepamplona18-web1.png\",\"width\":600,\"height\":196,\"caption\":\"La Gu\u00eda de Pamplona \\\/ Noticias\"},\"image\":{\"@id\":\"https:\\\/\\\/www.laguiadepamplona.com\\\/actualidad\\\/#\\\/schema\\\/logo\\\/image\\\/\"},\"sameAs\":[\"https:\\\/\\\/www.facebook.com\\\/laguiadepamplonacom-133175176762273\\\/?ref=hl\",\"https:\\\/\\\/x.com\\\/LaGuiadPamplona\",\"https:\\\/\\\/www.instagram.com\\\/la_guia_de_pamplona\\\/\",\"https:\\\/\\\/www.youtube.com\\\/user\\\/laguiadepamplona\"]},{\"@type\":\"Person\",\"@id\":\"https:\\\/\\\/www.laguiadepamplona.com\\\/actualidad\\\/#\\\/schema\\\/person\\\/efe887376f0213d4657c93adc50b1fdb\",\"name\":\"La Gu\u00eda de Pamplona\",\"image\":{\"@type\":\"ImageObject\",\"inLanguage\":\"es\",\"@id\":\"https:\\\/\\\/secure.gravatar.com\\\/avatar\\\/b6992f131dc8d30ab0dff15446e9d346d9dbd95992de0fef795073f5ea83a81c?s=96&d=mm&r=g\",\"url\":\"https:\\\/\\\/secure.gravatar.com\\\/avatar\\\/b6992f131dc8d30ab0dff15446e9d346d9dbd95992de0fef795073f5ea83a81c?s=96&d=mm&r=g\",\"contentUrl\":\"https:\\\/\\\/secure.gravatar.com\\\/avatar\\\/b6992f131dc8d30ab0dff15446e9d346d9dbd95992de0fef795073f5ea83a81c?s=96&d=mm&r=g\",\"caption\":\"La Gu\u00eda de Pamplona\"}}]}<\/script>\n<!-- \/ Yoast SEO plugin. -->","yoast_head_json":{"title":"Pamplona homenajear\u00e1 el 6 de noviembre a Salvador Pinaquy, coincidiendo con el 150 aniversario de la subida de agua a la ciudad durante el bloqueo carlista","description":"Varios actos reconocer\u00e1n la labor de Pinaquy en el desarrollo del proyecto que permiti\u00f3 a la ciudad abastecerse de agua y resistir el asedio carlista","robots":{"index":"index","follow":"follow","max-snippet":"max-snippet:-1","max-image-preview":"max-image-preview:large","max-video-preview":"max-video-preview:-1"},"canonical":"https:\/\/www.laguiadepamplona.com\/actualidad\/pamplona-homenajeara-el-6-de-noviembre-a-salvador-pinaquy-coincidiendo-con-el-150-aniversario-de-la-subida-de-agua-a-la-ciudad-durante-el-bloqueo-carlista\/","og_locale":"es_ES","og_type":"article","og_title":"Pamplona homenajear\u00e1 el 6 de noviembre a Salvador Pinaquy, coincidiendo con el 150 aniversario de la subida de agua a la ciudad durante el bloqueo carlista","og_description":"Varios actos reconocer\u00e1n la labor de Pinaquy en el desarrollo del proyecto que permiti\u00f3 a la ciudad abastecerse de agua y resistir el asedio carlista","og_url":"https:\/\/www.laguiadepamplona.com\/actualidad\/pamplona-homenajeara-el-6-de-noviembre-a-salvador-pinaquy-coincidiendo-con-el-150-aniversario-de-la-subida-de-agua-a-la-ciudad-durante-el-bloqueo-carlista\/","og_site_name":"La Gu\u00eda de Pamplona","article_publisher":"https:\/\/www.facebook.com\/laguiadepamplonacom-133175176762273\/?ref=hl","article_published_time":"2024-10-30T12:47:29+00:00","og_image":[{"width":1000,"height":667,"url":"https:\/\/www.laguiadepamplona.com\/actualidad\/wp-content\/uploads\/2024\/10\/fuente-leon_web.webp","type":"image\/webp"}],"author":"La Gu\u00eda de Pamplona","twitter_card":"summary_large_image","twitter_creator":"@LaGuiadPamplona","twitter_site":"@LaGuiadPamplona","twitter_misc":{"Escrito por":"La Gu\u00eda de Pamplona","Tiempo de lectura":"6 minutos"},"schema":{"@context":"https:\/\/schema.org","@graph":[{"@type":"Article","@id":"https:\/\/www.laguiadepamplona.com\/actualidad\/pamplona-homenajeara-el-6-de-noviembre-a-salvador-pinaquy-coincidiendo-con-el-150-aniversario-de-la-subida-de-agua-a-la-ciudad-durante-el-bloqueo-carlista\/#article","isPartOf":{"@id":"https:\/\/www.laguiadepamplona.com\/actualidad\/pamplona-homenajeara-el-6-de-noviembre-a-salvador-pinaquy-coincidiendo-con-el-150-aniversario-de-la-subida-de-agua-a-la-ciudad-durante-el-bloqueo-carlista\/"},"author":{"name":"La Gu\u00eda de Pamplona","@id":"https:\/\/www.laguiadepamplona.com\/actualidad\/#\/schema\/person\/efe887376f0213d4657c93adc50b1fdb"},"headline":"Pamplona homenajear\u00e1 el 6 de noviembre a Salvador Pinaquy, coincidiendo con el 150 aniversario de la subida de agua a la ciudad durante el bloqueo carlista","datePublished":"2024-10-30T12:47:29+00:00","mainEntityOfPage":{"@id":"https:\/\/www.laguiadepamplona.com\/actualidad\/pamplona-homenajeara-el-6-de-noviembre-a-salvador-pinaquy-coincidiendo-con-el-150-aniversario-de-la-subida-de-agua-a-la-ciudad-durante-el-bloqueo-carlista\/"},"wordCount":1365,"commentCount":0,"publisher":{"@id":"https:\/\/www.laguiadepamplona.com\/actualidad\/#organization"},"image":{"@id":"https:\/\/www.laguiadepamplona.com\/actualidad\/pamplona-homenajeara-el-6-de-noviembre-a-salvador-pinaquy-coincidiendo-con-el-150-aniversario-de-la-subida-de-agua-a-la-ciudad-durante-el-bloqueo-carlista\/#primaryimage"},"thumbnailUrl":"https:\/\/www.laguiadepamplona.com\/actualidad\/wp-content\/uploads\/2024\/10\/fuente-leon_web.webp","articleSection":["Ayto Pamplona"],"inLanguage":"es","potentialAction":[{"@type":"CommentAction","name":"Comment","target":["https:\/\/www.laguiadepamplona.com\/actualidad\/pamplona-homenajeara-el-6-de-noviembre-a-salvador-pinaquy-coincidiendo-con-el-150-aniversario-de-la-subida-de-agua-a-la-ciudad-durante-el-bloqueo-carlista\/#respond"]}]},{"@type":"WebPage","@id":"https:\/\/www.laguiadepamplona.com\/actualidad\/pamplona-homenajeara-el-6-de-noviembre-a-salvador-pinaquy-coincidiendo-con-el-150-aniversario-de-la-subida-de-agua-a-la-ciudad-durante-el-bloqueo-carlista\/","url":"https:\/\/www.laguiadepamplona.com\/actualidad\/pamplona-homenajeara-el-6-de-noviembre-a-salvador-pinaquy-coincidiendo-con-el-150-aniversario-de-la-subida-de-agua-a-la-ciudad-durante-el-bloqueo-carlista\/","name":"Pamplona homenajear\u00e1 el 6 de noviembre a Salvador Pinaquy, coincidiendo con el 150 aniversario de la subida de agua a la ciudad durante el bloqueo carlista","isPartOf":{"@id":"https:\/\/www.laguiadepamplona.com\/actualidad\/#website"},"primaryImageOfPage":{"@id":"https:\/\/www.laguiadepamplona.com\/actualidad\/pamplona-homenajeara-el-6-de-noviembre-a-salvador-pinaquy-coincidiendo-con-el-150-aniversario-de-la-subida-de-agua-a-la-ciudad-durante-el-bloqueo-carlista\/#primaryimage"},"image":{"@id":"https:\/\/www.laguiadepamplona.com\/actualidad\/pamplona-homenajeara-el-6-de-noviembre-a-salvador-pinaquy-coincidiendo-con-el-150-aniversario-de-la-subida-de-agua-a-la-ciudad-durante-el-bloqueo-carlista\/#primaryimage"},"thumbnailUrl":"https:\/\/www.laguiadepamplona.com\/actualidad\/wp-content\/uploads\/2024\/10\/fuente-leon_web.webp","datePublished":"2024-10-30T12:47:29+00:00","description":"Varios actos reconocer\u00e1n la labor de Pinaquy en el desarrollo del proyecto que permiti\u00f3 a la ciudad abastecerse de agua y resistir el asedio carlista","breadcrumb":{"@id":"https:\/\/www.laguiadepamplona.com\/actualidad\/pamplona-homenajeara-el-6-de-noviembre-a-salvador-pinaquy-coincidiendo-con-el-150-aniversario-de-la-subida-de-agua-a-la-ciudad-durante-el-bloqueo-carlista\/#breadcrumb"},"inLanguage":"es","potentialAction":[{"@type":"ReadAction","target":["https:\/\/www.laguiadepamplona.com\/actualidad\/pamplona-homenajeara-el-6-de-noviembre-a-salvador-pinaquy-coincidiendo-con-el-150-aniversario-de-la-subida-de-agua-a-la-ciudad-durante-el-bloqueo-carlista\/"]}]},{"@type":"ImageObject","inLanguage":"es","@id":"https:\/\/www.laguiadepamplona.com\/actualidad\/pamplona-homenajeara-el-6-de-noviembre-a-salvador-pinaquy-coincidiendo-con-el-150-aniversario-de-la-subida-de-agua-a-la-ciudad-durante-el-bloqueo-carlista\/#primaryimage","url":"https:\/\/www.laguiadepamplona.com\/actualidad\/wp-content\/uploads\/2024\/10\/fuente-leon_web.webp","contentUrl":"https:\/\/www.laguiadepamplona.com\/actualidad\/wp-content\/uploads\/2024\/10\/fuente-leon_web.webp","width":1000,"height":667,"caption":"fuente le\u00f3n"},{"@type":"BreadcrumbList","@id":"https:\/\/www.laguiadepamplona.com\/actualidad\/pamplona-homenajeara-el-6-de-noviembre-a-salvador-pinaquy-coincidiendo-con-el-150-aniversario-de-la-subida-de-agua-a-la-ciudad-durante-el-bloqueo-carlista\/#breadcrumb","itemListElement":[{"@type":"ListItem","position":1,"name":"Portada","item":"https:\/\/www.laguiadepamplona.com\/actualidad\/"},{"@type":"ListItem","position":2,"name":"Pamplona homenajear\u00e1 el 6 de noviembre a Salvador Pinaquy, coincidiendo con el 150 aniversario de la subida de agua a la ciudad durante el bloqueo carlista"}]},{"@type":"WebSite","@id":"https:\/\/www.laguiadepamplona.com\/actualidad\/#website","url":"https:\/\/www.laguiadepamplona.com\/actualidad\/","name":"La gu\u00eda de Pamplona","description":"Noticias de Pamplona","publisher":{"@id":"https:\/\/www.laguiadepamplona.com\/actualidad\/#organization"},"potentialAction":[{"@type":"SearchAction","target":{"@type":"EntryPoint","urlTemplate":"https:\/\/www.laguiadepamplona.com\/actualidad\/?s={search_term_string}"},"query-input":{"@type":"PropertyValueSpecification","valueRequired":true,"valueName":"search_term_string"}}],"inLanguage":"es"},{"@type":"Organization","@id":"https:\/\/www.laguiadepamplona.com\/actualidad\/#organization","name":"La Gu\u00eda de Pamplona \/ Noticias","url":"https:\/\/www.laguiadepamplona.com\/actualidad\/","logo":{"@type":"ImageObject","inLanguage":"es","@id":"https:\/\/www.laguiadepamplona.com\/actualidad\/#\/schema\/logo\/image\/","url":"https:\/\/www.laguiadepamplona.com\/actualidad\/wp-content\/uploads\/2018\/11\/logo-laguiadepamplona18-web1.png","contentUrl":"https:\/\/www.laguiadepamplona.com\/actualidad\/wp-content\/uploads\/2018\/11\/logo-laguiadepamplona18-web1.png","width":600,"height":196,"caption":"La Gu\u00eda de Pamplona \/ Noticias"},"image":{"@id":"https:\/\/www.laguiadepamplona.com\/actualidad\/#\/schema\/logo\/image\/"},"sameAs":["https:\/\/www.facebook.com\/laguiadepamplonacom-133175176762273\/?ref=hl","https:\/\/x.com\/LaGuiadPamplona","https:\/\/www.instagram.com\/la_guia_de_pamplona\/","https:\/\/www.youtube.com\/user\/laguiadepamplona"]},{"@type":"Person","@id":"https:\/\/www.laguiadepamplona.com\/actualidad\/#\/schema\/person\/efe887376f0213d4657c93adc50b1fdb","name":"La Gu\u00eda de Pamplona","image":{"@type":"ImageObject","inLanguage":"es","@id":"https:\/\/secure.gravatar.com\/avatar\/b6992f131dc8d30ab0dff15446e9d346d9dbd95992de0fef795073f5ea83a81c?s=96&d=mm&r=g","url":"https:\/\/secure.gravatar.com\/avatar\/b6992f131dc8d30ab0dff15446e9d346d9dbd95992de0fef795073f5ea83a81c?s=96&d=mm&r=g","contentUrl":"https:\/\/secure.gravatar.com\/avatar\/b6992f131dc8d30ab0dff15446e9d346d9dbd95992de0fef795073f5ea83a81c?s=96&d=mm&r=g","caption":"La Gu\u00eda de Pamplona"}}]}},"post_mailing_queue_ids":[],"_links":{"self":[{"href":"https:\/\/www.laguiadepamplona.com\/actualidad\/wp-json\/wp\/v2\/posts\/51194","targetHints":{"allow":["GET"]}}],"collection":[{"href":"https:\/\/www.laguiadepamplona.com\/actualidad\/wp-json\/wp\/v2\/posts"}],"about":[{"href":"https:\/\/www.laguiadepamplona.com\/actualidad\/wp-json\/wp\/v2\/types\/post"}],"author":[{"embeddable":true,"href":"https:\/\/www.laguiadepamplona.com\/actualidad\/wp-json\/wp\/v2\/users\/1"}],"replies":[{"embeddable":true,"href":"https:\/\/www.laguiadepamplona.com\/actualidad\/wp-json\/wp\/v2\/comments?post=51194"}],"version-history":[{"count":1,"href":"https:\/\/www.laguiadepamplona.com\/actualidad\/wp-json\/wp\/v2\/posts\/51194\/revisions"}],"predecessor-version":[{"id":51196,"href":"https:\/\/www.laguiadepamplona.com\/actualidad\/wp-json\/wp\/v2\/posts\/51194\/revisions\/51196"}],"wp:featuredmedia":[{"embeddable":true,"href":"https:\/\/www.laguiadepamplona.com\/actualidad\/wp-json\/wp\/v2\/media\/51195"}],"wp:attachment":[{"href":"https:\/\/www.laguiadepamplona.com\/actualidad\/wp-json\/wp\/v2\/media?parent=51194"}],"wp:term":[{"taxonomy":"category","embeddable":true,"href":"https:\/\/www.laguiadepamplona.com\/actualidad\/wp-json\/wp\/v2\/categories?post=51194"},{"taxonomy":"post_tag","embeddable":true,"href":"https:\/\/www.laguiadepamplona.com\/actualidad\/wp-json\/wp\/v2\/tags?post=51194"}],"curies":[{"name":"wp","href":"https:\/\/api.w.org\/{rel}","templated":true}]}}