{"id":51191,"date":"2024-10-30T14:45:42","date_gmt":"2024-10-30T12:45:42","guid":{"rendered":"https:\/\/www.laguiadepamplona.com\/actualidad\/?p=51191"},"modified":"2024-10-30T14:45:42","modified_gmt":"2024-10-30T12:45:42","slug":"66-jovenes-corresponsales-informativos-del-ayuntamiento-de-pamplona-inician-el-curso-con-la-responsabilidad-de-llevar-a-sus-centros-informacion-sobre-becas-o-programas","status":"publish","type":"post","link":"https:\/\/www.laguiadepamplona.com\/actualidad\/66-jovenes-corresponsales-informativos-del-ayuntamiento-de-pamplona-inician-el-curso-con-la-responsabilidad-de-llevar-a-sus-centros-informacion-sobre-becas-o-programas\/","title":{"rendered":"66 j\u00f3venes, corresponsales informativos del Ayuntamiento de Pamplona inician el curso con la responsabilidad de llevar a sus centros informaci\u00f3n sobre becas o programas"},"content":{"rendered":"<h2 class=\"x_2Subtitulo\">Ellas y ellos podr\u00e1n conocer las actividades para j\u00f3venes \u2018De primera mano\u2019 para convertirse en prescriptores de contenidos y propuestas<\/h2>\n<p class=\"x_3Texto\"><!--more--><\/p>\n<p class=\"x_3Texto\">33 centros escolares, institutos o entidades y espacios que trabajan con j\u00f3venes van a estar este curso dentro del programa de Corresponsal\u00edas Informativas del Ayuntamiento de Pamplona, un programa que naci\u00f3 en el curso 1996 \u2013 1997 con el objetivo de que j\u00f3venes informasen a j\u00f3venes sobre temas que interesan a la juventud.<\/p>\n<p class=\"x_3Texto\">A largo de los a\u00f1os a los centros escolares e institutos para los que se dise\u00f1\u00f3 inicialmente el programa, se han ido uniendo los de educaci\u00f3n especial, una residencia de estudiantes y alguna asociaci\u00f3n, todas con una idea en com\u00fan: ser entidades de j\u00f3venes o para j\u00f3venes. Este curso se une al programa el Centro de Formaci\u00f3n para el Empleo Aranzadi, que alberga escuelas taller municipales con un perfil joven y Escuela de Educadores y Educadoras.<\/p>\n<p class=\"x_3Texto\">Como acto de inicio de curso, quienes llevar\u00e1n a cabo las corresponsal\u00edas han recibido la bienvenida oficial de Mikel Armend\u00e1riz Barnechea, concejal delegado de Juventud, personal de direcci\u00f3n y t\u00e9cnico de la Casa de la Juventud y de representantes de entidades asociadas al programa. Y es que, en paralelo a su labor de informaci\u00f3n, las corresponsal\u00edas participan en el programa denominado \u2018De primera mano\u2019, un sistema a trav\u00e9s del que las personas j\u00f3venes que desarrollan su labor como corresponsales pueden conocer directamente recursos e instalaciones de la ciudad para convertirse en \u201cprescriptores\u201d, es decir, dar difusi\u00f3n a sus existencia y actividades entre la gente de su edad, generando p\u00fablicos j\u00f3venes.<\/p>\n<p class=\"x_3Texto\">Adem\u00e1s de las parejas de corresponsales, este a\u00f1o 66, en el acto ha participado una representaci\u00f3n de los centros escolares y otros espacios colaboradores. Al acto de bienvenida, y por parte de las entidades participantes, han acudido Txema Burgaleta, director gerente del Instituto de la Juventud, y Jes\u00fas Ayala Os\u00e1car, de la Universidad de Navarra. El pasado curso participaron en el programa 68 j\u00f3venes en representaci\u00f3n de 34 espacios juveniles y centros educativos.<\/p>\n<p class=\"x_3Texto\">Este a\u00f1o a la convocatoria municipal de centros colaboradores se presentaron 40. Es el centro quien tiene que seleccionar a la pareja que, posteriormente, confirma el Consistorio. La idea es que los dos j\u00f3venes vinculados a ese espacio colaborador se encargar\u00e1n de acercar informaci\u00f3n diversa de inter\u00e9s, con la coordinaci\u00f3n y supervisi\u00f3n de la Oficina Municipal de Informaci\u00f3n Juvenil de la Casa de la Juventud.<\/p>\n<p class=\"x_4Ladillo\"><strong>Compromisos concretos con gratificaci\u00f3n<\/strong><\/p>\n<p class=\"x_3Texto\">La difusi\u00f3n de la informaci\u00f3n a la que se comprometen los corresponsales se llevar\u00e1 a cabo mediante la actualizaci\u00f3n de un panel de informaci\u00f3n, la atenci\u00f3n personal en los diferentes espacios, la gesti\u00f3n de un espacio virtual de informaci\u00f3n y oros medidas de difusi\u00f3n de la informaci\u00f3n. Las parejas seleccionadas acudir\u00e1n semanalmente a la Oficina Municipal de Informaci\u00f3n Juvenil de la Casa de la Juventud para realizar el seguimiento t\u00e9cnico de su labor como informadores juveniles. Recibir\u00e1n formaci\u00f3n y asesoramiento por parte del equipo t\u00e9cnico encargado del desarrollo del programa y ser\u00e1n responsables de la gesti\u00f3n y difusi\u00f3n de la informaci\u00f3n a trav\u00e9s de diferentes soportes (panel f\u00edsico, web, redes sociales).<\/p>\n<p class=\"x_3Texto\">Quienes ostentan las corresponsal\u00edas se comprometen, adem\u00e1s, a poner en marcha y mantener su proyecto de informaci\u00f3n juvenil, a mantener la actividad del punto de informaci\u00f3n del espacio en que desarrollen su labor desde la primera semana de noviembre hasta el 31 de mayo de 2025 y a someterse a cualquiera de las actuaciones de comprobaci\u00f3n por parte del equipo t\u00e9cnico de la Casa de la Juventud. Las parejas que realicen su labor a lo largo de este curso escolar podr\u00e1n optar a una convocatoria p\u00fablica en la que se establecer\u00e1n los premios econ\u00f3micos a percibir en caso de que haya partida presupuestaria para ello.<\/p>\n<p class=\"x_4Ladillo\"><strong>Prescribir contenidos y propuestas<\/strong><\/p>\n<p class=\"x_3Texto\">En paralelo a su labor de informaci\u00f3n, las corresponsal\u00edas participan en el programa \u2018De primera mano\u2019, a trav\u00e9s del que la juventud que desarrolla su labor en las corresponsal\u00edas tiene la oportunidad de conocer directamente recursos e instalaciones de su ciudad, de forma que puede difundir su existencia y programaci\u00f3n a trav\u00e9s de las redes de informaci\u00f3n que generan, es decir, pueden \u201cprescribir\u201d de manera informada, ya que han podido testar aquello de lo que hablan.<\/p>\n<p class=\"x_3Texto\">El programa \u2018De primera mano\u2019 lo conforman entidades como el Instituto Navarro de Juventud, el Teatro Gayarre, la Filmoteca de Navarra, Fundaci\u00f3n Baluarte, Escuela Navarra de Teatro, Universidad P\u00fablica de Navarra y Universidad de Navarra, aunque la participaci\u00f3n de entidades se mantiene abierta durante todo el curso. Esas instituciones ofrecen a las corresponsal\u00edas juveniles el conocimiento \u2018De primera mano\u2019 de las propuestas que tienen para la juventud.<\/p>\n<p>&nbsp;<\/p>\n<div>\n<h3 class=\"x_5TituloApoyodedatos\">Corresponsales informativos curso 2024\/2025<\/h3>\n<\/div>\n<p class=\"x_MsoNormal\"><strong>CENTROS PARTICIPANTES<\/strong><\/p>\n<p class=\"x_MsoNormal\">1.\u00a0\u00a0\u00a0\u00a0Asociaci\u00f3n S\u00edndrome de Down Navarra<\/p>\n<p class=\"x_MsoNormal\">2.\u00a0\u00a0\u00a0\u00a0C.E. Nuestra Se\u00f1ora del Huerto<\/p>\n<p class=\"x_MsoNormal\">3.\u00a0\u00a0\u00a0\u00a0C.E.E. El Molino<\/p>\n<p class=\"x_MsoNormal\">4.\u00a0\u00a0\u00a0\u00a0C.I.F.F. Escuela de Educadoras\/es.<\/p>\n<p class=\"x_MsoNormal\">5.\u00a0\u00a0\u00a0\u00a0C.I.P. Donapea I.I.P.<\/p>\n<p class=\"x_MsoNormal\">6.\u00a0\u00a0\u00a0\u00a0C.I.P. Virgen del Camino<\/p>\n<p class=\"x_MsoNormal\">7.\u00a0\u00a0\u00a0\u00a0Centro Integrado Cuatrovientos (F.P.E.)<\/p>\n<p class=\"x_MsoNormal\">8.\u00a0\u00a0\u00a0\u00a0Centro Integrado Mar\u00eda Ana Sanz<\/p>\n<p class=\"x_MsoNormal\">9.\u00a0\u00a0\u00a0\u00a0Colegio Calasanz (P.P. Escolapios)<\/p>\n<p class=\"x_MsoNormal\">10.\u00a0\u00a0Colegio Claret Larraona<\/p>\n<p class=\"x_MsoNormal\">11.\u00a0\u00a0Colegio de Fomento Miravalles El Red\u00edn<\/p>\n<p class=\"x_MsoNormal\">12.\u00a0\u00a0Colegio FEC Vedruna<\/p>\n<p class=\"x_MsoNormal\">13.\u00a0\u00a0Colegio La Compasi\u00f3n Escolapios<\/p>\n<p class=\"x_MsoNormal\">14.\u00a0\u00a0Colegio San Ignacio (Jesuitas)<\/p>\n<p class=\"x_MsoNormal\">15.\u00a0\u00a0Colegio Santa Catalina Labour\u00e9<\/p>\n<p class=\"x_MsoNormal\">16.\u00a0\u00a0Colegio Santa Teresa de Jes\u00fas (FET)<\/p>\n<p class=\"x_MsoNormal\">17.\u00a0\u00a0Colegio Sant\u00edsimo Sacramento<\/p>\n<p class=\"x_MsoNormal\">18.\u00a0\u00a0Colegio Santo Tom\u00e1s (M.M. Dominicas)<\/p>\n<p class=\"x_MsoNormal\">19.\u00a0\u00a0Cooperativa de Ense\u00f1anza San Cernin<\/p>\n<p class=\"x_MsoNormal\">20.\u00a0\u00a0EA Escuela de Arte (F.P.E.)<\/p>\n<p class=\"x_MsoNormal\">21.\u00a0\u00a0Escuela Taller de Empleo Aranzadi<\/p>\n<p class=\"x_MsoNormal\">22.\u00a0\u00a0Fed de Ed en el TL Si\u00f1arZubi Auzo-Federazioa<\/p>\n<p class=\"x_MsoNormal\">23.\u00a0\u00a0FESB Sagrado Coraz\u00f3n<\/p>\n<p class=\"x_MsoNormal\">24.\u00a0\u00a0Fundaci\u00f3n Educativa Jesuitinas<\/p>\n<p class=\"x_MsoNormal\">25.\u00a0\u00a0Fundaci\u00f3n Elkarte<\/p>\n<p class=\"x_MsoNormal\">26.\u00a0\u00a0Fundaci\u00f3n Secretariado Gitano de Navarra<\/p>\n<p class=\"x_MsoNormal\">27.\u00a0\u00a0I.E.S Biurdana B.H.I.<\/p>\n<p class=\"x_MsoNormal\">28.\u00a0\u00a0I.E.S. Basoko<\/p>\n<p class=\"x_MsoNormal\">29.\u00a0\u00a0I.E.S. Navarro Villoslada<\/p>\n<p class=\"x_MsoNormal\">30.\u00a0\u00a0I.E.S. Padre Moret-Irubide<\/p>\n<p class=\"x_MsoNormal\">31.\u00a0\u00a0I.E.S. Plaza de la Cruz<\/p>\n<p class=\"x_MsoNormal\">32.\u00a0\u00a0IES Julio Caro Baroja<\/p>\n<p class=\"x_MsoNormal\">33.\u00a0\u00a0Residencia Camplus<\/p>\n","protected":false},"excerpt":{"rendered":"<p>Ellas y ellos podr\u00e1n conocer las actividades para j\u00f3venes \u2018De primera mano\u2019 para convertirse en prescriptores de contenidos y propuestas<\/p>\n","protected":false},"author":1,"featured_media":51192,"comment_status":"open","ping_status":"closed","sticky":false,"template":"","format":"standard","meta":{"footnotes":""},"categories":[2],"tags":[],"class_list":["post-51191","post","type-post","status-publish","format-standard","has-post-thumbnail","hentry","category-ayuntamiento-pamplona"],"yoast_head":"<!-- This site is optimized with the Yoast SEO plugin v27.3 - https:\/\/yoast.com\/product\/yoast-seo-wordpress\/ -->\n<title>66 j\u00f3venes, corresponsales informativos del Ayuntamiento de Pamplona inician el curso con la responsabilidad de llevar a sus centros informaci\u00f3n sobre becas o programas<\/title>\n<meta name=\"description\" content=\"Ellas y ellos podr\u00e1n conocer las actividades para j\u00f3venes \u2018De primera mano\u2019 para convertirse en prescriptores de contenidos y propuestas\" \/>\n<meta name=\"robots\" content=\"index, follow, max-snippet:-1, max-image-preview:large, max-video-preview:-1\" \/>\n<link rel=\"canonical\" href=\"https:\/\/www.laguiadepamplona.com\/actualidad\/66-jovenes-corresponsales-informativos-del-ayuntamiento-de-pamplona-inician-el-curso-con-la-responsabilidad-de-llevar-a-sus-centros-informacion-sobre-becas-o-programas\/\" \/>\n<meta property=\"og:locale\" content=\"es_ES\" \/>\n<meta property=\"og:type\" content=\"article\" \/>\n<meta property=\"og:title\" content=\"66 j\u00f3venes, corresponsales informativos del Ayuntamiento de Pamplona inician el curso con la responsabilidad de llevar a sus centros informaci\u00f3n sobre becas o programas\" \/>\n<meta property=\"og:description\" content=\"Ellas y ellos podr\u00e1n conocer las actividades para j\u00f3venes \u2018De primera mano\u2019 para convertirse en prescriptores de contenidos y propuestas\" \/>\n<meta property=\"og:url\" content=\"https:\/\/www.laguiadepamplona.com\/actualidad\/66-jovenes-corresponsales-informativos-del-ayuntamiento-de-pamplona-inician-el-curso-con-la-responsabilidad-de-llevar-a-sus-centros-informacion-sobre-becas-o-programas\/\" \/>\n<meta property=\"og:site_name\" content=\"La Gu\u00eda de Pamplona\" \/>\n<meta property=\"article:publisher\" content=\"https:\/\/www.facebook.com\/laguiadepamplonacom-133175176762273\/?ref=hl\" \/>\n<meta property=\"article:published_time\" content=\"2024-10-30T12:45:42+00:00\" \/>\n<meta property=\"og:image\" content=\"https:\/\/www.laguiadepamplona.com\/actualidad\/wp-content\/uploads\/2024\/10\/corresponsales-informativos_web_0.webp\" \/>\n\t<meta property=\"og:image:width\" content=\"1000\" \/>\n\t<meta property=\"og:image:height\" content=\"771\" \/>\n\t<meta property=\"og:image:type\" content=\"image\/webp\" \/>\n<meta name=\"author\" content=\"La Gu\u00eda de Pamplona\" \/>\n<meta name=\"twitter:card\" content=\"summary_large_image\" \/>\n<meta name=\"twitter:creator\" content=\"@LaGuiadPamplona\" \/>\n<meta name=\"twitter:site\" content=\"@LaGuiadPamplona\" \/>\n<meta name=\"twitter:label1\" content=\"Escrito por\" \/>\n\t<meta name=\"twitter:data1\" content=\"La Gu\u00eda de Pamplona\" \/>\n\t<meta name=\"twitter:label2\" content=\"Tiempo de lectura\" \/>\n\t<meta name=\"twitter:data2\" content=\"5 minutos\" \/>\n<script type=\"application\/ld+json\" class=\"yoast-schema-graph\">{\"@context\":\"https:\\\/\\\/schema.org\",\"@graph\":[{\"@type\":\"Article\",\"@id\":\"https:\\\/\\\/www.laguiadepamplona.com\\\/actualidad\\\/66-jovenes-corresponsales-informativos-del-ayuntamiento-de-pamplona-inician-el-curso-con-la-responsabilidad-de-llevar-a-sus-centros-informacion-sobre-becas-o-programas\\\/#article\",\"isPartOf\":{\"@id\":\"https:\\\/\\\/www.laguiadepamplona.com\\\/actualidad\\\/66-jovenes-corresponsales-informativos-del-ayuntamiento-de-pamplona-inician-el-curso-con-la-responsabilidad-de-llevar-a-sus-centros-informacion-sobre-becas-o-programas\\\/\"},\"author\":{\"name\":\"La Gu\u00eda de Pamplona\",\"@id\":\"https:\\\/\\\/www.laguiadepamplona.com\\\/actualidad\\\/#\\\/schema\\\/person\\\/efe887376f0213d4657c93adc50b1fdb\"},\"headline\":\"66 j\u00f3venes, corresponsales informativos del Ayuntamiento de Pamplona inician el curso con la responsabilidad de llevar a sus centros informaci\u00f3n sobre becas o programas\",\"datePublished\":\"2024-10-30T12:45:42+00:00\",\"mainEntityOfPage\":{\"@id\":\"https:\\\/\\\/www.laguiadepamplona.com\\\/actualidad\\\/66-jovenes-corresponsales-informativos-del-ayuntamiento-de-pamplona-inician-el-curso-con-la-responsabilidad-de-llevar-a-sus-centros-informacion-sobre-becas-o-programas\\\/\"},\"wordCount\":1047,\"commentCount\":0,\"publisher\":{\"@id\":\"https:\\\/\\\/www.laguiadepamplona.com\\\/actualidad\\\/#organization\"},\"image\":{\"@id\":\"https:\\\/\\\/www.laguiadepamplona.com\\\/actualidad\\\/66-jovenes-corresponsales-informativos-del-ayuntamiento-de-pamplona-inician-el-curso-con-la-responsabilidad-de-llevar-a-sus-centros-informacion-sobre-becas-o-programas\\\/#primaryimage\"},\"thumbnailUrl\":\"https:\\\/\\\/www.laguiadepamplona.com\\\/actualidad\\\/wp-content\\\/uploads\\\/2024\\\/10\\\/corresponsales-informativos_web_0.webp\",\"articleSection\":[\"Ayto Pamplona\"],\"inLanguage\":\"es\",\"potentialAction\":[{\"@type\":\"CommentAction\",\"name\":\"Comment\",\"target\":[\"https:\\\/\\\/www.laguiadepamplona.com\\\/actualidad\\\/66-jovenes-corresponsales-informativos-del-ayuntamiento-de-pamplona-inician-el-curso-con-la-responsabilidad-de-llevar-a-sus-centros-informacion-sobre-becas-o-programas\\\/#respond\"]}]},{\"@type\":\"WebPage\",\"@id\":\"https:\\\/\\\/www.laguiadepamplona.com\\\/actualidad\\\/66-jovenes-corresponsales-informativos-del-ayuntamiento-de-pamplona-inician-el-curso-con-la-responsabilidad-de-llevar-a-sus-centros-informacion-sobre-becas-o-programas\\\/\",\"url\":\"https:\\\/\\\/www.laguiadepamplona.com\\\/actualidad\\\/66-jovenes-corresponsales-informativos-del-ayuntamiento-de-pamplona-inician-el-curso-con-la-responsabilidad-de-llevar-a-sus-centros-informacion-sobre-becas-o-programas\\\/\",\"name\":\"66 j\u00f3venes, corresponsales informativos del Ayuntamiento de Pamplona inician el curso con la responsabilidad de llevar a sus centros informaci\u00f3n sobre becas o programas\",\"isPartOf\":{\"@id\":\"https:\\\/\\\/www.laguiadepamplona.com\\\/actualidad\\\/#website\"},\"primaryImageOfPage\":{\"@id\":\"https:\\\/\\\/www.laguiadepamplona.com\\\/actualidad\\\/66-jovenes-corresponsales-informativos-del-ayuntamiento-de-pamplona-inician-el-curso-con-la-responsabilidad-de-llevar-a-sus-centros-informacion-sobre-becas-o-programas\\\/#primaryimage\"},\"image\":{\"@id\":\"https:\\\/\\\/www.laguiadepamplona.com\\\/actualidad\\\/66-jovenes-corresponsales-informativos-del-ayuntamiento-de-pamplona-inician-el-curso-con-la-responsabilidad-de-llevar-a-sus-centros-informacion-sobre-becas-o-programas\\\/#primaryimage\"},\"thumbnailUrl\":\"https:\\\/\\\/www.laguiadepamplona.com\\\/actualidad\\\/wp-content\\\/uploads\\\/2024\\\/10\\\/corresponsales-informativos_web_0.webp\",\"datePublished\":\"2024-10-30T12:45:42+00:00\",\"description\":\"Ellas y ellos podr\u00e1n conocer las actividades para j\u00f3venes \u2018De primera mano\u2019 para convertirse en prescriptores de contenidos y propuestas\",\"breadcrumb\":{\"@id\":\"https:\\\/\\\/www.laguiadepamplona.com\\\/actualidad\\\/66-jovenes-corresponsales-informativos-del-ayuntamiento-de-pamplona-inician-el-curso-con-la-responsabilidad-de-llevar-a-sus-centros-informacion-sobre-becas-o-programas\\\/#breadcrumb\"},\"inLanguage\":\"es\",\"potentialAction\":[{\"@type\":\"ReadAction\",\"target\":[\"https:\\\/\\\/www.laguiadepamplona.com\\\/actualidad\\\/66-jovenes-corresponsales-informativos-del-ayuntamiento-de-pamplona-inician-el-curso-con-la-responsabilidad-de-llevar-a-sus-centros-informacion-sobre-becas-o-programas\\\/\"]}]},{\"@type\":\"ImageObject\",\"inLanguage\":\"es\",\"@id\":\"https:\\\/\\\/www.laguiadepamplona.com\\\/actualidad\\\/66-jovenes-corresponsales-informativos-del-ayuntamiento-de-pamplona-inician-el-curso-con-la-responsabilidad-de-llevar-a-sus-centros-informacion-sobre-becas-o-programas\\\/#primaryimage\",\"url\":\"https:\\\/\\\/www.laguiadepamplona.com\\\/actualidad\\\/wp-content\\\/uploads\\\/2024\\\/10\\\/corresponsales-informativos_web_0.webp\",\"contentUrl\":\"https:\\\/\\\/www.laguiadepamplona.com\\\/actualidad\\\/wp-content\\\/uploads\\\/2024\\\/10\\\/corresponsales-informativos_web_0.webp\",\"width\":1000,\"height\":771,\"caption\":\"corresponsales informativos\"},{\"@type\":\"BreadcrumbList\",\"@id\":\"https:\\\/\\\/www.laguiadepamplona.com\\\/actualidad\\\/66-jovenes-corresponsales-informativos-del-ayuntamiento-de-pamplona-inician-el-curso-con-la-responsabilidad-de-llevar-a-sus-centros-informacion-sobre-becas-o-programas\\\/#breadcrumb\",\"itemListElement\":[{\"@type\":\"ListItem\",\"position\":1,\"name\":\"Portada\",\"item\":\"https:\\\/\\\/www.laguiadepamplona.com\\\/actualidad\\\/\"},{\"@type\":\"ListItem\",\"position\":2,\"name\":\"66 j\u00f3venes, corresponsales informativos del Ayuntamiento de Pamplona inician el curso con la responsabilidad de llevar a sus centros informaci\u00f3n sobre becas o programas\"}]},{\"@type\":\"WebSite\",\"@id\":\"https:\\\/\\\/www.laguiadepamplona.com\\\/actualidad\\\/#website\",\"url\":\"https:\\\/\\\/www.laguiadepamplona.com\\\/actualidad\\\/\",\"name\":\"La gu\u00eda de Pamplona\",\"description\":\"Noticias de Pamplona\",\"publisher\":{\"@id\":\"https:\\\/\\\/www.laguiadepamplona.com\\\/actualidad\\\/#organization\"},\"potentialAction\":[{\"@type\":\"SearchAction\",\"target\":{\"@type\":\"EntryPoint\",\"urlTemplate\":\"https:\\\/\\\/www.laguiadepamplona.com\\\/actualidad\\\/?s={search_term_string}\"},\"query-input\":{\"@type\":\"PropertyValueSpecification\",\"valueRequired\":true,\"valueName\":\"search_term_string\"}}],\"inLanguage\":\"es\"},{\"@type\":\"Organization\",\"@id\":\"https:\\\/\\\/www.laguiadepamplona.com\\\/actualidad\\\/#organization\",\"name\":\"La Gu\u00eda de Pamplona \\\/ Noticias\",\"url\":\"https:\\\/\\\/www.laguiadepamplona.com\\\/actualidad\\\/\",\"logo\":{\"@type\":\"ImageObject\",\"inLanguage\":\"es\",\"@id\":\"https:\\\/\\\/www.laguiadepamplona.com\\\/actualidad\\\/#\\\/schema\\\/logo\\\/image\\\/\",\"url\":\"https:\\\/\\\/www.laguiadepamplona.com\\\/actualidad\\\/wp-content\\\/uploads\\\/2018\\\/11\\\/logo-laguiadepamplona18-web1.png\",\"contentUrl\":\"https:\\\/\\\/www.laguiadepamplona.com\\\/actualidad\\\/wp-content\\\/uploads\\\/2018\\\/11\\\/logo-laguiadepamplona18-web1.png\",\"width\":600,\"height\":196,\"caption\":\"La Gu\u00eda de Pamplona \\\/ Noticias\"},\"image\":{\"@id\":\"https:\\\/\\\/www.laguiadepamplona.com\\\/actualidad\\\/#\\\/schema\\\/logo\\\/image\\\/\"},\"sameAs\":[\"https:\\\/\\\/www.facebook.com\\\/laguiadepamplonacom-133175176762273\\\/?ref=hl\",\"https:\\\/\\\/x.com\\\/LaGuiadPamplona\",\"https:\\\/\\\/www.instagram.com\\\/la_guia_de_pamplona\\\/\",\"https:\\\/\\\/www.youtube.com\\\/user\\\/laguiadepamplona\"]},{\"@type\":\"Person\",\"@id\":\"https:\\\/\\\/www.laguiadepamplona.com\\\/actualidad\\\/#\\\/schema\\\/person\\\/efe887376f0213d4657c93adc50b1fdb\",\"name\":\"La Gu\u00eda de Pamplona\",\"image\":{\"@type\":\"ImageObject\",\"inLanguage\":\"es\",\"@id\":\"https:\\\/\\\/secure.gravatar.com\\\/avatar\\\/b6992f131dc8d30ab0dff15446e9d346d9dbd95992de0fef795073f5ea83a81c?s=96&d=mm&r=g\",\"url\":\"https:\\\/\\\/secure.gravatar.com\\\/avatar\\\/b6992f131dc8d30ab0dff15446e9d346d9dbd95992de0fef795073f5ea83a81c?s=96&d=mm&r=g\",\"contentUrl\":\"https:\\\/\\\/secure.gravatar.com\\\/avatar\\\/b6992f131dc8d30ab0dff15446e9d346d9dbd95992de0fef795073f5ea83a81c?s=96&d=mm&r=g\",\"caption\":\"La Gu\u00eda de Pamplona\"}}]}<\/script>\n<!-- \/ Yoast SEO plugin. -->","yoast_head_json":{"title":"66 j\u00f3venes, corresponsales informativos del Ayuntamiento de Pamplona inician el curso con la responsabilidad de llevar a sus centros informaci\u00f3n sobre becas o programas","description":"Ellas y ellos podr\u00e1n conocer las actividades para j\u00f3venes \u2018De primera mano\u2019 para convertirse en prescriptores de contenidos y propuestas","robots":{"index":"index","follow":"follow","max-snippet":"max-snippet:-1","max-image-preview":"max-image-preview:large","max-video-preview":"max-video-preview:-1"},"canonical":"https:\/\/www.laguiadepamplona.com\/actualidad\/66-jovenes-corresponsales-informativos-del-ayuntamiento-de-pamplona-inician-el-curso-con-la-responsabilidad-de-llevar-a-sus-centros-informacion-sobre-becas-o-programas\/","og_locale":"es_ES","og_type":"article","og_title":"66 j\u00f3venes, corresponsales informativos del Ayuntamiento de Pamplona inician el curso con la responsabilidad de llevar a sus centros informaci\u00f3n sobre becas o programas","og_description":"Ellas y ellos podr\u00e1n conocer las actividades para j\u00f3venes \u2018De primera mano\u2019 para convertirse en prescriptores de contenidos y propuestas","og_url":"https:\/\/www.laguiadepamplona.com\/actualidad\/66-jovenes-corresponsales-informativos-del-ayuntamiento-de-pamplona-inician-el-curso-con-la-responsabilidad-de-llevar-a-sus-centros-informacion-sobre-becas-o-programas\/","og_site_name":"La Gu\u00eda de Pamplona","article_publisher":"https:\/\/www.facebook.com\/laguiadepamplonacom-133175176762273\/?ref=hl","article_published_time":"2024-10-30T12:45:42+00:00","og_image":[{"width":1000,"height":771,"url":"https:\/\/www.laguiadepamplona.com\/actualidad\/wp-content\/uploads\/2024\/10\/corresponsales-informativos_web_0.webp","type":"image\/webp"}],"author":"La Gu\u00eda de Pamplona","twitter_card":"summary_large_image","twitter_creator":"@LaGuiadPamplona","twitter_site":"@LaGuiadPamplona","twitter_misc":{"Escrito por":"La Gu\u00eda de Pamplona","Tiempo de lectura":"5 minutos"},"schema":{"@context":"https:\/\/schema.org","@graph":[{"@type":"Article","@id":"https:\/\/www.laguiadepamplona.com\/actualidad\/66-jovenes-corresponsales-informativos-del-ayuntamiento-de-pamplona-inician-el-curso-con-la-responsabilidad-de-llevar-a-sus-centros-informacion-sobre-becas-o-programas\/#article","isPartOf":{"@id":"https:\/\/www.laguiadepamplona.com\/actualidad\/66-jovenes-corresponsales-informativos-del-ayuntamiento-de-pamplona-inician-el-curso-con-la-responsabilidad-de-llevar-a-sus-centros-informacion-sobre-becas-o-programas\/"},"author":{"name":"La Gu\u00eda de Pamplona","@id":"https:\/\/www.laguiadepamplona.com\/actualidad\/#\/schema\/person\/efe887376f0213d4657c93adc50b1fdb"},"headline":"66 j\u00f3venes, corresponsales informativos del Ayuntamiento de Pamplona inician el curso con la responsabilidad de llevar a sus centros informaci\u00f3n sobre becas o programas","datePublished":"2024-10-30T12:45:42+00:00","mainEntityOfPage":{"@id":"https:\/\/www.laguiadepamplona.com\/actualidad\/66-jovenes-corresponsales-informativos-del-ayuntamiento-de-pamplona-inician-el-curso-con-la-responsabilidad-de-llevar-a-sus-centros-informacion-sobre-becas-o-programas\/"},"wordCount":1047,"commentCount":0,"publisher":{"@id":"https:\/\/www.laguiadepamplona.com\/actualidad\/#organization"},"image":{"@id":"https:\/\/www.laguiadepamplona.com\/actualidad\/66-jovenes-corresponsales-informativos-del-ayuntamiento-de-pamplona-inician-el-curso-con-la-responsabilidad-de-llevar-a-sus-centros-informacion-sobre-becas-o-programas\/#primaryimage"},"thumbnailUrl":"https:\/\/www.laguiadepamplona.com\/actualidad\/wp-content\/uploads\/2024\/10\/corresponsales-informativos_web_0.webp","articleSection":["Ayto Pamplona"],"inLanguage":"es","potentialAction":[{"@type":"CommentAction","name":"Comment","target":["https:\/\/www.laguiadepamplona.com\/actualidad\/66-jovenes-corresponsales-informativos-del-ayuntamiento-de-pamplona-inician-el-curso-con-la-responsabilidad-de-llevar-a-sus-centros-informacion-sobre-becas-o-programas\/#respond"]}]},{"@type":"WebPage","@id":"https:\/\/www.laguiadepamplona.com\/actualidad\/66-jovenes-corresponsales-informativos-del-ayuntamiento-de-pamplona-inician-el-curso-con-la-responsabilidad-de-llevar-a-sus-centros-informacion-sobre-becas-o-programas\/","url":"https:\/\/www.laguiadepamplona.com\/actualidad\/66-jovenes-corresponsales-informativos-del-ayuntamiento-de-pamplona-inician-el-curso-con-la-responsabilidad-de-llevar-a-sus-centros-informacion-sobre-becas-o-programas\/","name":"66 j\u00f3venes, corresponsales informativos del Ayuntamiento de Pamplona inician el curso con la responsabilidad de llevar a sus centros informaci\u00f3n sobre becas o programas","isPartOf":{"@id":"https:\/\/www.laguiadepamplona.com\/actualidad\/#website"},"primaryImageOfPage":{"@id":"https:\/\/www.laguiadepamplona.com\/actualidad\/66-jovenes-corresponsales-informativos-del-ayuntamiento-de-pamplona-inician-el-curso-con-la-responsabilidad-de-llevar-a-sus-centros-informacion-sobre-becas-o-programas\/#primaryimage"},"image":{"@id":"https:\/\/www.laguiadepamplona.com\/actualidad\/66-jovenes-corresponsales-informativos-del-ayuntamiento-de-pamplona-inician-el-curso-con-la-responsabilidad-de-llevar-a-sus-centros-informacion-sobre-becas-o-programas\/#primaryimage"},"thumbnailUrl":"https:\/\/www.laguiadepamplona.com\/actualidad\/wp-content\/uploads\/2024\/10\/corresponsales-informativos_web_0.webp","datePublished":"2024-10-30T12:45:42+00:00","description":"Ellas y ellos podr\u00e1n conocer las actividades para j\u00f3venes \u2018De primera mano\u2019 para convertirse en prescriptores de contenidos y propuestas","breadcrumb":{"@id":"https:\/\/www.laguiadepamplona.com\/actualidad\/66-jovenes-corresponsales-informativos-del-ayuntamiento-de-pamplona-inician-el-curso-con-la-responsabilidad-de-llevar-a-sus-centros-informacion-sobre-becas-o-programas\/#breadcrumb"},"inLanguage":"es","potentialAction":[{"@type":"ReadAction","target":["https:\/\/www.laguiadepamplona.com\/actualidad\/66-jovenes-corresponsales-informativos-del-ayuntamiento-de-pamplona-inician-el-curso-con-la-responsabilidad-de-llevar-a-sus-centros-informacion-sobre-becas-o-programas\/"]}]},{"@type":"ImageObject","inLanguage":"es","@id":"https:\/\/www.laguiadepamplona.com\/actualidad\/66-jovenes-corresponsales-informativos-del-ayuntamiento-de-pamplona-inician-el-curso-con-la-responsabilidad-de-llevar-a-sus-centros-informacion-sobre-becas-o-programas\/#primaryimage","url":"https:\/\/www.laguiadepamplona.com\/actualidad\/wp-content\/uploads\/2024\/10\/corresponsales-informativos_web_0.webp","contentUrl":"https:\/\/www.laguiadepamplona.com\/actualidad\/wp-content\/uploads\/2024\/10\/corresponsales-informativos_web_0.webp","width":1000,"height":771,"caption":"corresponsales informativos"},{"@type":"BreadcrumbList","@id":"https:\/\/www.laguiadepamplona.com\/actualidad\/66-jovenes-corresponsales-informativos-del-ayuntamiento-de-pamplona-inician-el-curso-con-la-responsabilidad-de-llevar-a-sus-centros-informacion-sobre-becas-o-programas\/#breadcrumb","itemListElement":[{"@type":"ListItem","position":1,"name":"Portada","item":"https:\/\/www.laguiadepamplona.com\/actualidad\/"},{"@type":"ListItem","position":2,"name":"66 j\u00f3venes, corresponsales informativos del Ayuntamiento de Pamplona inician el curso con la responsabilidad de llevar a sus centros informaci\u00f3n sobre becas o programas"}]},{"@type":"WebSite","@id":"https:\/\/www.laguiadepamplona.com\/actualidad\/#website","url":"https:\/\/www.laguiadepamplona.com\/actualidad\/","name":"La gu\u00eda de Pamplona","description":"Noticias de Pamplona","publisher":{"@id":"https:\/\/www.laguiadepamplona.com\/actualidad\/#organization"},"potentialAction":[{"@type":"SearchAction","target":{"@type":"EntryPoint","urlTemplate":"https:\/\/www.laguiadepamplona.com\/actualidad\/?s={search_term_string}"},"query-input":{"@type":"PropertyValueSpecification","valueRequired":true,"valueName":"search_term_string"}}],"inLanguage":"es"},{"@type":"Organization","@id":"https:\/\/www.laguiadepamplona.com\/actualidad\/#organization","name":"La Gu\u00eda de Pamplona \/ Noticias","url":"https:\/\/www.laguiadepamplona.com\/actualidad\/","logo":{"@type":"ImageObject","inLanguage":"es","@id":"https:\/\/www.laguiadepamplona.com\/actualidad\/#\/schema\/logo\/image\/","url":"https:\/\/www.laguiadepamplona.com\/actualidad\/wp-content\/uploads\/2018\/11\/logo-laguiadepamplona18-web1.png","contentUrl":"https:\/\/www.laguiadepamplona.com\/actualidad\/wp-content\/uploads\/2018\/11\/logo-laguiadepamplona18-web1.png","width":600,"height":196,"caption":"La Gu\u00eda de Pamplona \/ Noticias"},"image":{"@id":"https:\/\/www.laguiadepamplona.com\/actualidad\/#\/schema\/logo\/image\/"},"sameAs":["https:\/\/www.facebook.com\/laguiadepamplonacom-133175176762273\/?ref=hl","https:\/\/x.com\/LaGuiadPamplona","https:\/\/www.instagram.com\/la_guia_de_pamplona\/","https:\/\/www.youtube.com\/user\/laguiadepamplona"]},{"@type":"Person","@id":"https:\/\/www.laguiadepamplona.com\/actualidad\/#\/schema\/person\/efe887376f0213d4657c93adc50b1fdb","name":"La Gu\u00eda de Pamplona","image":{"@type":"ImageObject","inLanguage":"es","@id":"https:\/\/secure.gravatar.com\/avatar\/b6992f131dc8d30ab0dff15446e9d346d9dbd95992de0fef795073f5ea83a81c?s=96&d=mm&r=g","url":"https:\/\/secure.gravatar.com\/avatar\/b6992f131dc8d30ab0dff15446e9d346d9dbd95992de0fef795073f5ea83a81c?s=96&d=mm&r=g","contentUrl":"https:\/\/secure.gravatar.com\/avatar\/b6992f131dc8d30ab0dff15446e9d346d9dbd95992de0fef795073f5ea83a81c?s=96&d=mm&r=g","caption":"La Gu\u00eda de Pamplona"}}]}},"post_mailing_queue_ids":[],"_links":{"self":[{"href":"https:\/\/www.laguiadepamplona.com\/actualidad\/wp-json\/wp\/v2\/posts\/51191","targetHints":{"allow":["GET"]}}],"collection":[{"href":"https:\/\/www.laguiadepamplona.com\/actualidad\/wp-json\/wp\/v2\/posts"}],"about":[{"href":"https:\/\/www.laguiadepamplona.com\/actualidad\/wp-json\/wp\/v2\/types\/post"}],"author":[{"embeddable":true,"href":"https:\/\/www.laguiadepamplona.com\/actualidad\/wp-json\/wp\/v2\/users\/1"}],"replies":[{"embeddable":true,"href":"https:\/\/www.laguiadepamplona.com\/actualidad\/wp-json\/wp\/v2\/comments?post=51191"}],"version-history":[{"count":1,"href":"https:\/\/www.laguiadepamplona.com\/actualidad\/wp-json\/wp\/v2\/posts\/51191\/revisions"}],"predecessor-version":[{"id":51193,"href":"https:\/\/www.laguiadepamplona.com\/actualidad\/wp-json\/wp\/v2\/posts\/51191\/revisions\/51193"}],"wp:featuredmedia":[{"embeddable":true,"href":"https:\/\/www.laguiadepamplona.com\/actualidad\/wp-json\/wp\/v2\/media\/51192"}],"wp:attachment":[{"href":"https:\/\/www.laguiadepamplona.com\/actualidad\/wp-json\/wp\/v2\/media?parent=51191"}],"wp:term":[{"taxonomy":"category","embeddable":true,"href":"https:\/\/www.laguiadepamplona.com\/actualidad\/wp-json\/wp\/v2\/categories?post=51191"},{"taxonomy":"post_tag","embeddable":true,"href":"https:\/\/www.laguiadepamplona.com\/actualidad\/wp-json\/wp\/v2\/tags?post=51191"}],"curies":[{"name":"wp","href":"https:\/\/api.w.org\/{rel}","templated":true}]}}