{"id":51186,"date":"2024-10-30T14:42:24","date_gmt":"2024-10-30T12:42:24","guid":{"rendered":"https:\/\/www.laguiadepamplona.com\/actualidad\/?p=51186"},"modified":"2024-10-30T14:42:24","modified_gmt":"2024-10-30T12:42:24","slug":"aprobada-la-tercera-prorroga-del-contrato-de-videonoticias-que-informa-sobre-la-actualidad-del-ayuntamiento-de-pamplona-en-formato-audiovisual","status":"publish","type":"post","link":"https:\/\/www.laguiadepamplona.com\/actualidad\/aprobada-la-tercera-prorroga-del-contrato-de-videonoticias-que-informa-sobre-la-actualidad-del-ayuntamiento-de-pamplona-en-formato-audiovisual\/","title":{"rendered":"Aprobada la tercera pr\u00f3rroga del contrato de videonoticias, que informa sobre la actualidad del Ayuntamiento de Pamplona en formato audiovisual"},"content":{"rendered":"<h2 class=\"x_2Subtitulo\">La pr\u00f3rroga anual, del 15 de noviembre de 2024 al 14 de noviembre de 2025, incluye la producci\u00f3n de 250 v\u00eddeos rotulados en castellano y euskera<\/h2>\n<p class=\"x_MsoNormal\"><!--more--><\/p>\n<p class=\"x_3Texto\">La Junta de Gobierno Local del Ayuntamiento de Pamplona ha aprobado la tercera pr\u00f3rroga del contrato del servicio de videonoticias para informar sobre la actualidad municipal. El servicio consiste en la realizaci\u00f3n de v\u00eddeos informativos sobre proyectos y actuaciones que refuerzan la comunicaci\u00f3n realizada desde el Consistorio. La pr\u00f3rroga anual incluye el periodo comprendido entre el 15 de noviembre de 2024 y el 14 de noviembre de 2025.<\/p>\n<p class=\"x_3Texto\">El contrato est\u00e1 adjudicado a Javier No\u00e1in e Ignacio Mart\u00ednez, en participaci\u00f3n conjunta al 88% y 12%, respectivamente, por importe de 52.937,50 euros. De este total, 6.617,19 euros ser\u00e1n con cargo al presupuesto de 2024, y 46.320,31 euros, con cargo al presupuesto de 2025. El contrato permite producir 250 v\u00eddeos, que se emiten de lunes a viernes durante todo el a\u00f1o. Estos v\u00eddeos, de un minuto de duraci\u00f3n, se emiten con rotulaci\u00f3n en castellano y euskera, facilitada desde el Servicio de Comunicaci\u00f3n municipal.<\/p>\n<p class=\"x_3Texto\">Las videonoticias muestran diversos aspectos de la actualidad municipal, con declaraciones de personas relevantes, en funci\u00f3n del contenido. Esta forma de presentar la informaci\u00f3n facilita su difusi\u00f3n e incrementa la interactividad en redes sociales y la web municipal. Adem\u00e1s, permite a los medios de comunicaci\u00f3n audiovisuales y digitales contar con recursos para sus informaciones sobre la actualidad de Pamplona.<\/p>\n<p class=\"x_3Texto\">La\u00a0informaci\u00f3n en formato audiovisual sobre las actividades que desarrollan las distintas \u00e1reas municipales llega de manera m\u00e1s directa a la ciudadan\u00eda y permite generar documentaci\u00f3n sobre los eventos y proyectos realizados. Este material informativo fomenta la transparencia de la instituci\u00f3n y\u00a0provee fondos audiovisuales para el Archivo Municipal de Pamplona, que recopila y clasifica contenidos que reflejan la historia de la ciudad.<\/p>\n","protected":false},"excerpt":{"rendered":"<p>La pr\u00f3rroga anual, del 15 de noviembre de 2024 al 14 de noviembre de 2025, incluye la producci\u00f3n de 250 v\u00eddeos rotulados en castellano y euskera<\/p>\n","protected":false},"author":1,"featured_media":51187,"comment_status":"open","ping_status":"closed","sticky":false,"template":"","format":"standard","meta":{"footnotes":""},"categories":[2],"tags":[],"class_list":["post-51186","post","type-post","status-publish","format-standard","has-post-thumbnail","hentry","category-ayuntamiento-pamplona"],"yoast_head":"<!-- This site is optimized with the Yoast SEO plugin v27.3 - https:\/\/yoast.com\/product\/yoast-seo-wordpress\/ -->\n<title>Aprobada la tercera pr\u00f3rroga del contrato de videonoticias, que informa sobre la actualidad del Ayuntamiento de Pamplona en formato audiovisual<\/title>\n<meta name=\"description\" content=\"La pr\u00f3rroga anual, del 15 de noviembre de 2024 al 14 de noviembre de 2025, incluye la producci\u00f3n de 250 v\u00eddeos rotulados en castellano\" \/>\n<meta name=\"robots\" content=\"index, follow, max-snippet:-1, max-image-preview:large, max-video-preview:-1\" \/>\n<link rel=\"canonical\" href=\"https:\/\/www.laguiadepamplona.com\/actualidad\/aprobada-la-tercera-prorroga-del-contrato-de-videonoticias-que-informa-sobre-la-actualidad-del-ayuntamiento-de-pamplona-en-formato-audiovisual\/\" \/>\n<meta property=\"og:locale\" content=\"es_ES\" \/>\n<meta property=\"og:type\" content=\"article\" \/>\n<meta property=\"og:title\" content=\"Aprobada la tercera pr\u00f3rroga del contrato de videonoticias, que informa sobre la actualidad del Ayuntamiento de Pamplona en formato audiovisual\" \/>\n<meta property=\"og:description\" content=\"La pr\u00f3rroga anual, del 15 de noviembre de 2024 al 14 de noviembre de 2025, incluye la producci\u00f3n de 250 v\u00eddeos rotulados en castellano\" \/>\n<meta property=\"og:url\" content=\"https:\/\/www.laguiadepamplona.com\/actualidad\/aprobada-la-tercera-prorroga-del-contrato-de-videonoticias-que-informa-sobre-la-actualidad-del-ayuntamiento-de-pamplona-en-formato-audiovisual\/\" \/>\n<meta property=\"og:site_name\" content=\"La Gu\u00eda de Pamplona\" \/>\n<meta property=\"article:publisher\" content=\"https:\/\/www.facebook.com\/laguiadepamplonacom-133175176762273\/?ref=hl\" \/>\n<meta property=\"article:published_time\" content=\"2024-10-30T12:42:24+00:00\" \/>\n<meta property=\"og:image\" content=\"https:\/\/www.laguiadepamplona.com\/actualidad\/wp-content\/uploads\/2024\/10\/videonoticias_web.webp\" \/>\n\t<meta property=\"og:image:width\" content=\"1000\" \/>\n\t<meta property=\"og:image:height\" content=\"667\" \/>\n\t<meta property=\"og:image:type\" content=\"image\/webp\" \/>\n<meta name=\"author\" content=\"La Gu\u00eda de Pamplona\" \/>\n<meta name=\"twitter:card\" content=\"summary_large_image\" \/>\n<meta name=\"twitter:creator\" content=\"@LaGuiadPamplona\" \/>\n<meta name=\"twitter:site\" content=\"@LaGuiadPamplona\" \/>\n<meta name=\"twitter:label1\" content=\"Escrito por\" \/>\n\t<meta name=\"twitter:data1\" content=\"La Gu\u00eda de Pamplona\" \/>\n\t<meta name=\"twitter:label2\" content=\"Tiempo de lectura\" \/>\n\t<meta name=\"twitter:data2\" content=\"2 minutos\" \/>\n<script type=\"application\/ld+json\" class=\"yoast-schema-graph\">{\"@context\":\"https:\\\/\\\/schema.org\",\"@graph\":[{\"@type\":\"Article\",\"@id\":\"https:\\\/\\\/www.laguiadepamplona.com\\\/actualidad\\\/aprobada-la-tercera-prorroga-del-contrato-de-videonoticias-que-informa-sobre-la-actualidad-del-ayuntamiento-de-pamplona-en-formato-audiovisual\\\/#article\",\"isPartOf\":{\"@id\":\"https:\\\/\\\/www.laguiadepamplona.com\\\/actualidad\\\/aprobada-la-tercera-prorroga-del-contrato-de-videonoticias-que-informa-sobre-la-actualidad-del-ayuntamiento-de-pamplona-en-formato-audiovisual\\\/\"},\"author\":{\"name\":\"La Gu\u00eda de Pamplona\",\"@id\":\"https:\\\/\\\/www.laguiadepamplona.com\\\/actualidad\\\/#\\\/schema\\\/person\\\/efe887376f0213d4657c93adc50b1fdb\"},\"headline\":\"Aprobada la tercera pr\u00f3rroga del contrato de videonoticias, que informa sobre la actualidad del Ayuntamiento de Pamplona en formato audiovisual\",\"datePublished\":\"2024-10-30T12:42:24+00:00\",\"mainEntityOfPage\":{\"@id\":\"https:\\\/\\\/www.laguiadepamplona.com\\\/actualidad\\\/aprobada-la-tercera-prorroga-del-contrato-de-videonoticias-que-informa-sobre-la-actualidad-del-ayuntamiento-de-pamplona-en-formato-audiovisual\\\/\"},\"wordCount\":331,\"commentCount\":0,\"publisher\":{\"@id\":\"https:\\\/\\\/www.laguiadepamplona.com\\\/actualidad\\\/#organization\"},\"image\":{\"@id\":\"https:\\\/\\\/www.laguiadepamplona.com\\\/actualidad\\\/aprobada-la-tercera-prorroga-del-contrato-de-videonoticias-que-informa-sobre-la-actualidad-del-ayuntamiento-de-pamplona-en-formato-audiovisual\\\/#primaryimage\"},\"thumbnailUrl\":\"https:\\\/\\\/www.laguiadepamplona.com\\\/actualidad\\\/wp-content\\\/uploads\\\/2024\\\/10\\\/videonoticias_web.webp\",\"articleSection\":[\"Ayto Pamplona\"],\"inLanguage\":\"es\",\"potentialAction\":[{\"@type\":\"CommentAction\",\"name\":\"Comment\",\"target\":[\"https:\\\/\\\/www.laguiadepamplona.com\\\/actualidad\\\/aprobada-la-tercera-prorroga-del-contrato-de-videonoticias-que-informa-sobre-la-actualidad-del-ayuntamiento-de-pamplona-en-formato-audiovisual\\\/#respond\"]}]},{\"@type\":\"WebPage\",\"@id\":\"https:\\\/\\\/www.laguiadepamplona.com\\\/actualidad\\\/aprobada-la-tercera-prorroga-del-contrato-de-videonoticias-que-informa-sobre-la-actualidad-del-ayuntamiento-de-pamplona-en-formato-audiovisual\\\/\",\"url\":\"https:\\\/\\\/www.laguiadepamplona.com\\\/actualidad\\\/aprobada-la-tercera-prorroga-del-contrato-de-videonoticias-que-informa-sobre-la-actualidad-del-ayuntamiento-de-pamplona-en-formato-audiovisual\\\/\",\"name\":\"Aprobada la tercera pr\u00f3rroga del contrato de videonoticias, que informa sobre la actualidad del Ayuntamiento de Pamplona en formato audiovisual\",\"isPartOf\":{\"@id\":\"https:\\\/\\\/www.laguiadepamplona.com\\\/actualidad\\\/#website\"},\"primaryImageOfPage\":{\"@id\":\"https:\\\/\\\/www.laguiadepamplona.com\\\/actualidad\\\/aprobada-la-tercera-prorroga-del-contrato-de-videonoticias-que-informa-sobre-la-actualidad-del-ayuntamiento-de-pamplona-en-formato-audiovisual\\\/#primaryimage\"},\"image\":{\"@id\":\"https:\\\/\\\/www.laguiadepamplona.com\\\/actualidad\\\/aprobada-la-tercera-prorroga-del-contrato-de-videonoticias-que-informa-sobre-la-actualidad-del-ayuntamiento-de-pamplona-en-formato-audiovisual\\\/#primaryimage\"},\"thumbnailUrl\":\"https:\\\/\\\/www.laguiadepamplona.com\\\/actualidad\\\/wp-content\\\/uploads\\\/2024\\\/10\\\/videonoticias_web.webp\",\"datePublished\":\"2024-10-30T12:42:24+00:00\",\"description\":\"La pr\u00f3rroga anual, del 15 de noviembre de 2024 al 14 de noviembre de 2025, incluye la producci\u00f3n de 250 v\u00eddeos rotulados en castellano\",\"breadcrumb\":{\"@id\":\"https:\\\/\\\/www.laguiadepamplona.com\\\/actualidad\\\/aprobada-la-tercera-prorroga-del-contrato-de-videonoticias-que-informa-sobre-la-actualidad-del-ayuntamiento-de-pamplona-en-formato-audiovisual\\\/#breadcrumb\"},\"inLanguage\":\"es\",\"potentialAction\":[{\"@type\":\"ReadAction\",\"target\":[\"https:\\\/\\\/www.laguiadepamplona.com\\\/actualidad\\\/aprobada-la-tercera-prorroga-del-contrato-de-videonoticias-que-informa-sobre-la-actualidad-del-ayuntamiento-de-pamplona-en-formato-audiovisual\\\/\"]}]},{\"@type\":\"ImageObject\",\"inLanguage\":\"es\",\"@id\":\"https:\\\/\\\/www.laguiadepamplona.com\\\/actualidad\\\/aprobada-la-tercera-prorroga-del-contrato-de-videonoticias-que-informa-sobre-la-actualidad-del-ayuntamiento-de-pamplona-en-formato-audiovisual\\\/#primaryimage\",\"url\":\"https:\\\/\\\/www.laguiadepamplona.com\\\/actualidad\\\/wp-content\\\/uploads\\\/2024\\\/10\\\/videonoticias_web.webp\",\"contentUrl\":\"https:\\\/\\\/www.laguiadepamplona.com\\\/actualidad\\\/wp-content\\\/uploads\\\/2024\\\/10\\\/videonoticias_web.webp\",\"width\":1000,\"height\":667,\"caption\":\"video noticias\"},{\"@type\":\"BreadcrumbList\",\"@id\":\"https:\\\/\\\/www.laguiadepamplona.com\\\/actualidad\\\/aprobada-la-tercera-prorroga-del-contrato-de-videonoticias-que-informa-sobre-la-actualidad-del-ayuntamiento-de-pamplona-en-formato-audiovisual\\\/#breadcrumb\",\"itemListElement\":[{\"@type\":\"ListItem\",\"position\":1,\"name\":\"Portada\",\"item\":\"https:\\\/\\\/www.laguiadepamplona.com\\\/actualidad\\\/\"},{\"@type\":\"ListItem\",\"position\":2,\"name\":\"Aprobada la tercera pr\u00f3rroga del contrato de videonoticias, que informa sobre la actualidad del Ayuntamiento de Pamplona en formato audiovisual\"}]},{\"@type\":\"WebSite\",\"@id\":\"https:\\\/\\\/www.laguiadepamplona.com\\\/actualidad\\\/#website\",\"url\":\"https:\\\/\\\/www.laguiadepamplona.com\\\/actualidad\\\/\",\"name\":\"La gu\u00eda de Pamplona\",\"description\":\"Noticias de Pamplona\",\"publisher\":{\"@id\":\"https:\\\/\\\/www.laguiadepamplona.com\\\/actualidad\\\/#organization\"},\"potentialAction\":[{\"@type\":\"SearchAction\",\"target\":{\"@type\":\"EntryPoint\",\"urlTemplate\":\"https:\\\/\\\/www.laguiadepamplona.com\\\/actualidad\\\/?s={search_term_string}\"},\"query-input\":{\"@type\":\"PropertyValueSpecification\",\"valueRequired\":true,\"valueName\":\"search_term_string\"}}],\"inLanguage\":\"es\"},{\"@type\":\"Organization\",\"@id\":\"https:\\\/\\\/www.laguiadepamplona.com\\\/actualidad\\\/#organization\",\"name\":\"La Gu\u00eda de Pamplona \\\/ Noticias\",\"url\":\"https:\\\/\\\/www.laguiadepamplona.com\\\/actualidad\\\/\",\"logo\":{\"@type\":\"ImageObject\",\"inLanguage\":\"es\",\"@id\":\"https:\\\/\\\/www.laguiadepamplona.com\\\/actualidad\\\/#\\\/schema\\\/logo\\\/image\\\/\",\"url\":\"https:\\\/\\\/www.laguiadepamplona.com\\\/actualidad\\\/wp-content\\\/uploads\\\/2018\\\/11\\\/logo-laguiadepamplona18-web1.png\",\"contentUrl\":\"https:\\\/\\\/www.laguiadepamplona.com\\\/actualidad\\\/wp-content\\\/uploads\\\/2018\\\/11\\\/logo-laguiadepamplona18-web1.png\",\"width\":600,\"height\":196,\"caption\":\"La Gu\u00eda de Pamplona \\\/ Noticias\"},\"image\":{\"@id\":\"https:\\\/\\\/www.laguiadepamplona.com\\\/actualidad\\\/#\\\/schema\\\/logo\\\/image\\\/\"},\"sameAs\":[\"https:\\\/\\\/www.facebook.com\\\/laguiadepamplonacom-133175176762273\\\/?ref=hl\",\"https:\\\/\\\/x.com\\\/LaGuiadPamplona\",\"https:\\\/\\\/www.instagram.com\\\/la_guia_de_pamplona\\\/\",\"https:\\\/\\\/www.youtube.com\\\/user\\\/laguiadepamplona\"]},{\"@type\":\"Person\",\"@id\":\"https:\\\/\\\/www.laguiadepamplona.com\\\/actualidad\\\/#\\\/schema\\\/person\\\/efe887376f0213d4657c93adc50b1fdb\",\"name\":\"La Gu\u00eda de Pamplona\",\"image\":{\"@type\":\"ImageObject\",\"inLanguage\":\"es\",\"@id\":\"https:\\\/\\\/secure.gravatar.com\\\/avatar\\\/b6992f131dc8d30ab0dff15446e9d346d9dbd95992de0fef795073f5ea83a81c?s=96&d=mm&r=g\",\"url\":\"https:\\\/\\\/secure.gravatar.com\\\/avatar\\\/b6992f131dc8d30ab0dff15446e9d346d9dbd95992de0fef795073f5ea83a81c?s=96&d=mm&r=g\",\"contentUrl\":\"https:\\\/\\\/secure.gravatar.com\\\/avatar\\\/b6992f131dc8d30ab0dff15446e9d346d9dbd95992de0fef795073f5ea83a81c?s=96&d=mm&r=g\",\"caption\":\"La Gu\u00eda de Pamplona\"}}]}<\/script>\n<!-- \/ Yoast SEO plugin. -->","yoast_head_json":{"title":"Aprobada la tercera pr\u00f3rroga del contrato de videonoticias, que informa sobre la actualidad del Ayuntamiento de Pamplona en formato audiovisual","description":"La pr\u00f3rroga anual, del 15 de noviembre de 2024 al 14 de noviembre de 2025, incluye la producci\u00f3n de 250 v\u00eddeos rotulados en castellano","robots":{"index":"index","follow":"follow","max-snippet":"max-snippet:-1","max-image-preview":"max-image-preview:large","max-video-preview":"max-video-preview:-1"},"canonical":"https:\/\/www.laguiadepamplona.com\/actualidad\/aprobada-la-tercera-prorroga-del-contrato-de-videonoticias-que-informa-sobre-la-actualidad-del-ayuntamiento-de-pamplona-en-formato-audiovisual\/","og_locale":"es_ES","og_type":"article","og_title":"Aprobada la tercera pr\u00f3rroga del contrato de videonoticias, que informa sobre la actualidad del Ayuntamiento de Pamplona en formato audiovisual","og_description":"La pr\u00f3rroga anual, del 15 de noviembre de 2024 al 14 de noviembre de 2025, incluye la producci\u00f3n de 250 v\u00eddeos rotulados en castellano","og_url":"https:\/\/www.laguiadepamplona.com\/actualidad\/aprobada-la-tercera-prorroga-del-contrato-de-videonoticias-que-informa-sobre-la-actualidad-del-ayuntamiento-de-pamplona-en-formato-audiovisual\/","og_site_name":"La Gu\u00eda de Pamplona","article_publisher":"https:\/\/www.facebook.com\/laguiadepamplonacom-133175176762273\/?ref=hl","article_published_time":"2024-10-30T12:42:24+00:00","og_image":[{"width":1000,"height":667,"url":"https:\/\/www.laguiadepamplona.com\/actualidad\/wp-content\/uploads\/2024\/10\/videonoticias_web.webp","type":"image\/webp"}],"author":"La Gu\u00eda de Pamplona","twitter_card":"summary_large_image","twitter_creator":"@LaGuiadPamplona","twitter_site":"@LaGuiadPamplona","twitter_misc":{"Escrito por":"La Gu\u00eda de Pamplona","Tiempo de lectura":"2 minutos"},"schema":{"@context":"https:\/\/schema.org","@graph":[{"@type":"Article","@id":"https:\/\/www.laguiadepamplona.com\/actualidad\/aprobada-la-tercera-prorroga-del-contrato-de-videonoticias-que-informa-sobre-la-actualidad-del-ayuntamiento-de-pamplona-en-formato-audiovisual\/#article","isPartOf":{"@id":"https:\/\/www.laguiadepamplona.com\/actualidad\/aprobada-la-tercera-prorroga-del-contrato-de-videonoticias-que-informa-sobre-la-actualidad-del-ayuntamiento-de-pamplona-en-formato-audiovisual\/"},"author":{"name":"La Gu\u00eda de Pamplona","@id":"https:\/\/www.laguiadepamplona.com\/actualidad\/#\/schema\/person\/efe887376f0213d4657c93adc50b1fdb"},"headline":"Aprobada la tercera pr\u00f3rroga del contrato de videonoticias, que informa sobre la actualidad del Ayuntamiento de Pamplona en formato audiovisual","datePublished":"2024-10-30T12:42:24+00:00","mainEntityOfPage":{"@id":"https:\/\/www.laguiadepamplona.com\/actualidad\/aprobada-la-tercera-prorroga-del-contrato-de-videonoticias-que-informa-sobre-la-actualidad-del-ayuntamiento-de-pamplona-en-formato-audiovisual\/"},"wordCount":331,"commentCount":0,"publisher":{"@id":"https:\/\/www.laguiadepamplona.com\/actualidad\/#organization"},"image":{"@id":"https:\/\/www.laguiadepamplona.com\/actualidad\/aprobada-la-tercera-prorroga-del-contrato-de-videonoticias-que-informa-sobre-la-actualidad-del-ayuntamiento-de-pamplona-en-formato-audiovisual\/#primaryimage"},"thumbnailUrl":"https:\/\/www.laguiadepamplona.com\/actualidad\/wp-content\/uploads\/2024\/10\/videonoticias_web.webp","articleSection":["Ayto Pamplona"],"inLanguage":"es","potentialAction":[{"@type":"CommentAction","name":"Comment","target":["https:\/\/www.laguiadepamplona.com\/actualidad\/aprobada-la-tercera-prorroga-del-contrato-de-videonoticias-que-informa-sobre-la-actualidad-del-ayuntamiento-de-pamplona-en-formato-audiovisual\/#respond"]}]},{"@type":"WebPage","@id":"https:\/\/www.laguiadepamplona.com\/actualidad\/aprobada-la-tercera-prorroga-del-contrato-de-videonoticias-que-informa-sobre-la-actualidad-del-ayuntamiento-de-pamplona-en-formato-audiovisual\/","url":"https:\/\/www.laguiadepamplona.com\/actualidad\/aprobada-la-tercera-prorroga-del-contrato-de-videonoticias-que-informa-sobre-la-actualidad-del-ayuntamiento-de-pamplona-en-formato-audiovisual\/","name":"Aprobada la tercera pr\u00f3rroga del contrato de videonoticias, que informa sobre la actualidad del Ayuntamiento de Pamplona en formato audiovisual","isPartOf":{"@id":"https:\/\/www.laguiadepamplona.com\/actualidad\/#website"},"primaryImageOfPage":{"@id":"https:\/\/www.laguiadepamplona.com\/actualidad\/aprobada-la-tercera-prorroga-del-contrato-de-videonoticias-que-informa-sobre-la-actualidad-del-ayuntamiento-de-pamplona-en-formato-audiovisual\/#primaryimage"},"image":{"@id":"https:\/\/www.laguiadepamplona.com\/actualidad\/aprobada-la-tercera-prorroga-del-contrato-de-videonoticias-que-informa-sobre-la-actualidad-del-ayuntamiento-de-pamplona-en-formato-audiovisual\/#primaryimage"},"thumbnailUrl":"https:\/\/www.laguiadepamplona.com\/actualidad\/wp-content\/uploads\/2024\/10\/videonoticias_web.webp","datePublished":"2024-10-30T12:42:24+00:00","description":"La pr\u00f3rroga anual, del 15 de noviembre de 2024 al 14 de noviembre de 2025, incluye la producci\u00f3n de 250 v\u00eddeos rotulados en castellano","breadcrumb":{"@id":"https:\/\/www.laguiadepamplona.com\/actualidad\/aprobada-la-tercera-prorroga-del-contrato-de-videonoticias-que-informa-sobre-la-actualidad-del-ayuntamiento-de-pamplona-en-formato-audiovisual\/#breadcrumb"},"inLanguage":"es","potentialAction":[{"@type":"ReadAction","target":["https:\/\/www.laguiadepamplona.com\/actualidad\/aprobada-la-tercera-prorroga-del-contrato-de-videonoticias-que-informa-sobre-la-actualidad-del-ayuntamiento-de-pamplona-en-formato-audiovisual\/"]}]},{"@type":"ImageObject","inLanguage":"es","@id":"https:\/\/www.laguiadepamplona.com\/actualidad\/aprobada-la-tercera-prorroga-del-contrato-de-videonoticias-que-informa-sobre-la-actualidad-del-ayuntamiento-de-pamplona-en-formato-audiovisual\/#primaryimage","url":"https:\/\/www.laguiadepamplona.com\/actualidad\/wp-content\/uploads\/2024\/10\/videonoticias_web.webp","contentUrl":"https:\/\/www.laguiadepamplona.com\/actualidad\/wp-content\/uploads\/2024\/10\/videonoticias_web.webp","width":1000,"height":667,"caption":"video noticias"},{"@type":"BreadcrumbList","@id":"https:\/\/www.laguiadepamplona.com\/actualidad\/aprobada-la-tercera-prorroga-del-contrato-de-videonoticias-que-informa-sobre-la-actualidad-del-ayuntamiento-de-pamplona-en-formato-audiovisual\/#breadcrumb","itemListElement":[{"@type":"ListItem","position":1,"name":"Portada","item":"https:\/\/www.laguiadepamplona.com\/actualidad\/"},{"@type":"ListItem","position":2,"name":"Aprobada la tercera pr\u00f3rroga del contrato de videonoticias, que informa sobre la actualidad del Ayuntamiento de Pamplona en formato audiovisual"}]},{"@type":"WebSite","@id":"https:\/\/www.laguiadepamplona.com\/actualidad\/#website","url":"https:\/\/www.laguiadepamplona.com\/actualidad\/","name":"La gu\u00eda de Pamplona","description":"Noticias de Pamplona","publisher":{"@id":"https:\/\/www.laguiadepamplona.com\/actualidad\/#organization"},"potentialAction":[{"@type":"SearchAction","target":{"@type":"EntryPoint","urlTemplate":"https:\/\/www.laguiadepamplona.com\/actualidad\/?s={search_term_string}"},"query-input":{"@type":"PropertyValueSpecification","valueRequired":true,"valueName":"search_term_string"}}],"inLanguage":"es"},{"@type":"Organization","@id":"https:\/\/www.laguiadepamplona.com\/actualidad\/#organization","name":"La Gu\u00eda de Pamplona \/ Noticias","url":"https:\/\/www.laguiadepamplona.com\/actualidad\/","logo":{"@type":"ImageObject","inLanguage":"es","@id":"https:\/\/www.laguiadepamplona.com\/actualidad\/#\/schema\/logo\/image\/","url":"https:\/\/www.laguiadepamplona.com\/actualidad\/wp-content\/uploads\/2018\/11\/logo-laguiadepamplona18-web1.png","contentUrl":"https:\/\/www.laguiadepamplona.com\/actualidad\/wp-content\/uploads\/2018\/11\/logo-laguiadepamplona18-web1.png","width":600,"height":196,"caption":"La Gu\u00eda de Pamplona \/ Noticias"},"image":{"@id":"https:\/\/www.laguiadepamplona.com\/actualidad\/#\/schema\/logo\/image\/"},"sameAs":["https:\/\/www.facebook.com\/laguiadepamplonacom-133175176762273\/?ref=hl","https:\/\/x.com\/LaGuiadPamplona","https:\/\/www.instagram.com\/la_guia_de_pamplona\/","https:\/\/www.youtube.com\/user\/laguiadepamplona"]},{"@type":"Person","@id":"https:\/\/www.laguiadepamplona.com\/actualidad\/#\/schema\/person\/efe887376f0213d4657c93adc50b1fdb","name":"La Gu\u00eda de Pamplona","image":{"@type":"ImageObject","inLanguage":"es","@id":"https:\/\/secure.gravatar.com\/avatar\/b6992f131dc8d30ab0dff15446e9d346d9dbd95992de0fef795073f5ea83a81c?s=96&d=mm&r=g","url":"https:\/\/secure.gravatar.com\/avatar\/b6992f131dc8d30ab0dff15446e9d346d9dbd95992de0fef795073f5ea83a81c?s=96&d=mm&r=g","contentUrl":"https:\/\/secure.gravatar.com\/avatar\/b6992f131dc8d30ab0dff15446e9d346d9dbd95992de0fef795073f5ea83a81c?s=96&d=mm&r=g","caption":"La Gu\u00eda de Pamplona"}}]}},"post_mailing_queue_ids":[],"_links":{"self":[{"href":"https:\/\/www.laguiadepamplona.com\/actualidad\/wp-json\/wp\/v2\/posts\/51186","targetHints":{"allow":["GET"]}}],"collection":[{"href":"https:\/\/www.laguiadepamplona.com\/actualidad\/wp-json\/wp\/v2\/posts"}],"about":[{"href":"https:\/\/www.laguiadepamplona.com\/actualidad\/wp-json\/wp\/v2\/types\/post"}],"author":[{"embeddable":true,"href":"https:\/\/www.laguiadepamplona.com\/actualidad\/wp-json\/wp\/v2\/users\/1"}],"replies":[{"embeddable":true,"href":"https:\/\/www.laguiadepamplona.com\/actualidad\/wp-json\/wp\/v2\/comments?post=51186"}],"version-history":[{"count":1,"href":"https:\/\/www.laguiadepamplona.com\/actualidad\/wp-json\/wp\/v2\/posts\/51186\/revisions"}],"predecessor-version":[{"id":51188,"href":"https:\/\/www.laguiadepamplona.com\/actualidad\/wp-json\/wp\/v2\/posts\/51186\/revisions\/51188"}],"wp:featuredmedia":[{"embeddable":true,"href":"https:\/\/www.laguiadepamplona.com\/actualidad\/wp-json\/wp\/v2\/media\/51187"}],"wp:attachment":[{"href":"https:\/\/www.laguiadepamplona.com\/actualidad\/wp-json\/wp\/v2\/media?parent=51186"}],"wp:term":[{"taxonomy":"category","embeddable":true,"href":"https:\/\/www.laguiadepamplona.com\/actualidad\/wp-json\/wp\/v2\/categories?post=51186"},{"taxonomy":"post_tag","embeddable":true,"href":"https:\/\/www.laguiadepamplona.com\/actualidad\/wp-json\/wp\/v2\/tags?post=51186"}],"curies":[{"name":"wp","href":"https:\/\/api.w.org\/{rel}","templated":true}]}}