{"id":51177,"date":"2024-10-29T14:20:16","date_gmt":"2024-10-29T12:20:16","guid":{"rendered":"https:\/\/www.laguiadepamplona.com\/actualidad\/?p=51177"},"modified":"2024-10-29T14:20:16","modified_gmt":"2024-10-29T12:20:16","slug":"el-ayuntamiento-de-pamplona-y-goizargi-ofrecen-record-arte-el-primer-ciclo-de-actividades-que-reivindica-el-poder-de-la-creacion-en-el-desarrollo-de-los-procesos-de-duelo","status":"publish","type":"post","link":"https:\/\/www.laguiadepamplona.com\/actualidad\/el-ayuntamiento-de-pamplona-y-goizargi-ofrecen-record-arte-el-primer-ciclo-de-actividades-que-reivindica-el-poder-de-la-creacion-en-el-desarrollo-de-los-procesos-de-duelo\/","title":{"rendered":"El Ayuntamiento de Pamplona y Goizargi ofrecen Record-ARTE, el primer ciclo de actividades que reivindica el poder de la creaci\u00f3n en el desarrollo de los procesos de duelo"},"content":{"rendered":"<h2 class=\"x_2Subtitulo\">Las actividades, en distintos formatos e idiomas, tendr\u00e1n lugar del 30 de octubre al 1 de diciembre en Civivox Condestable<\/h2>\n<p class=\"x_MsoNormal\"><!--more--><\/p>\n<p class=\"x_3Texto\">La asociaci\u00f3n Goizargi, en colaboraci\u00f3n con el Ayuntamiento de Pamplona a trav\u00e9s de la red Civivox, organiza Record-ARTE, un nuevo ciclo cultural que reivindica la expresi\u00f3n art\u00edstica como herramienta en el proceso de duelo. Este ciclo se desarrollar\u00e1 en Condestable, a partir del 30 de octubre y hasta el 1 de diciembre, y engloba actividades relacionadas con diferentes corrientes art\u00edsticas en torno al d\u00eda de Todos los Santos.<\/p>\n<p class=\"x_3Texto\">Poes\u00eda, teatro infantil y actividades did\u00e1cticas, proyecci\u00f3n de dos relatos cinematogr\u00e1ficos, m\u00fasica \u2013 mesa redonda, exposiciones y visitas acompa\u00f1adas, son opciones en la que se quiere englobar a p\u00fablicos de muy diversas edades. Hay previstas actividades en castellano y en euskera y, aunque en su mayor\u00eda son de entrada libre con inscripci\u00f3n previa, el teatro infantil del 3 de noviembre tiene un precio de 1 euro<s>s<\/s>\u00a0por butaca.<\/p>\n<p class=\"x_3Texto\">Esta ma\u00f1ana se ha presentado el ciclo en una comparecencia p\u00fablica en Civivox Condestable en la que han participado \u00cd\u00f1igo G\u00f3mez Eguiluz, director del \u00c1rea de Cultura, Fiestas, Educaci\u00f3n y Deporte del Ayuntamiento de Pamplona; Rakel Mateo, directora de Goizargi; Manuela Orbegozo y Maia Ansa, actrices de la obra El jard\u00edn de Olivia, de P\u00e1jaros Pintados, compa\u00f1\u00eda de creaci\u00f3n esc\u00e9nica, colaboraci\u00f3n y mediaci\u00f3n art\u00edstica, Mercedes Aranguren, directora de mediometraje documental \u2018El Camino de Nerea\u2019, un trabajo ganador del Merakil Film Festival 2023, y Leyre Garc\u00eda, musicoterapeuta, que participar\u00e1 en la mesa redonda musical.<\/p>\n<p class=\"x_3Texto\">Dentro de Record-ARTE Esta semana se abren en ese centro civivox tres exposiciones de muy diferente formato. Por un lado, una muestra fotogr\u00e1fica sobre duelo gestacional, perinatal y neonatal de la Asociaci\u00f3n Esku Hutsik Y Nerea Garaizar \u2013 Uneak fotograf\u00eda. Por otro lado, se podr\u00e1 visitar la exposici\u00f3n \u2018Apparition\u2019, de Ionan Aisa, una colecci\u00f3n desarrollada por el autor mediante collage, donde sus obras tratan el universo del duelo. y se proyecta una mirada introspectiva en su proceso de sanaci\u00f3n. Finalmente, en las vi\u00f1etas de \u00d3scar Alonso, dise\u00f1ador gr\u00e1fico conocido como \u201972 kilos\u2019, se recoge la labor de Goizargi como asociaci\u00f3n. Las tres exposiciones se podr\u00e1n visitar en el horario del centro municipal hasta el 1 de diciembre.<\/p>\n<p class=\"x_4Ladillo\"><strong>La semana de \u2018Todos los santos\u2019<\/strong><\/p>\n<p class=\"x_3Texto\">Adem\u00e1s de las tres exposiciones, esta misma semana comienza el resto de actividades del ciclo. El mi\u00e9rcoles 30 de octubre, a las 19 horas, la primera propuesta es un recital po\u00e9tico de Bego\u00f1a Abad, previsto para todos los p\u00fablicos.<\/p>\n<p class=\"x_3Texto\">Adem\u00e1s, este pr\u00f3ximo fin de semana y dise\u00f1adas para p\u00fablico infantil a partir de 6 a\u00f1os, se ofrecer\u00e1n dos sesiones de la obra de teatro infantil y familiar \u2018El jard\u00edn de Olivia\u2019, de la compa\u00f1\u00eda P\u00e1jaros pintados. Los pases ser\u00e1n el domingo 3 de noviembre a las 12.30 en euskera y a las 18 en castellano, con inscripci\u00f3n previa y al precio de 1 euro por butaca. Tras cada representaci\u00f3n se establecer\u00e1 un coloquio con quienes participen. El libreto explica c\u00f3mo en el primer d\u00eda de la primavera, Olivia vuelve al jard\u00edn a verlo nacer y a limpiar los restos que ha dejado el invierno. Pero Olivia no est\u00e1 sola, en este jard\u00edn florecen los recuerdos cultivados generaci\u00f3n tras generaci\u00f3n por las mujeres de la familia. La obra es un viaje a trav\u00e9s de las ausencias y del paso del tiempo, a trav\u00e9s de la despedida y del reencuentro.<\/p>\n<p class=\"x_3Texto\">Ese mismo d\u00eda a las 13.30 horas, tendr\u00e1 lugar una actividad infantil en euskera gratuita, aunque con inscripci\u00f3n previa que se repetir\u00e1 en castellano a las 19 horas. Las sesiones son para menores a partir de 6 a\u00f1os.<\/p>\n<p class=\"x_4Ladillo\"><strong>Actividades para todo noviembre<\/strong><\/p>\n<p class=\"x_3Texto\">El viernes 8 de noviembre Record-ARTE lleva a Condestable cine en relaci\u00f3n con los procesos de duelo con dos cortometrajes que versan sobre la muerte y que ir\u00e1n seguidos de un coloquio entre representaci\u00f3n de Goizargi, las directoras de las pel\u00edculas y las personas asistentes. La sesi\u00f3n comenzar\u00e1 a las 19 horas y los filmes est\u00e1n calificados para mayores de 7 a\u00f1os.<\/p>\n<p class=\"x_3Texto\">El primer filme es \u2018Abril se fue en noviembre\u2019 (Espa\u00f1a, 20\u201923, 15\u2019), de Rosa Cabrera D\u00edez, una pieza audiovisual sobre el suicidio de una adolescente, visto desde los ojos de una de sus amigas. La cinta habla de un proceso de duelo que se prolonga a lo largo de los a\u00f1os y por ello la historia se cuenta en dos tiempos, finales de los 90 y 2019. El segundo audiovisual es el mediometraje \u2018El camino de Nerea\u2019 (Espa\u00f1a, 2022, 29\u2019) de la directora Mercedes Aranguren; a trav\u00e9s de los testimonios de varias personas, va descubri\u00e9ndose la figura de Nerea. Su forma de ser, de enfrentarse a las dificultades, su alegr\u00eda, su fortaleza, su sencillez, su humildad, su ayuda desinteresada a los dem\u00e1s y su ejemplo, llega al coraz\u00f3n de las personas que la conocen, para quedarse en sus vidas.<\/p>\n<p class=\"x_3Texto\">El lunes 11, comenzar\u00e1n las tandas de visitas acompa\u00f1adas en castellano y euskera a las tres exposiciones de Condestable, la de duelo gestacional, perinatal y neonatal, \u2018Apparition\u2019 y \u201972 kilos\u2019. Habr\u00e1 dos grupos, a las 18 horas en euskera y a las 19.15 en castellano y el d\u00eda 25 se har\u00e1 otras dos visitas en ese mismo horario y modalidad ling\u00fc\u00edstica.<\/p>\n<p class=\"x_3Texto\">Y el d\u00eda 15 de noviembre, viernes, la \u00faltima propuesta es una mesa redonda dinamizada por el equipo de la entidad, en la que participar\u00e1n personas que han transitado su proceso de duelo con Goizargi o que, de alguna manera, han tenido relaci\u00f3n con la asociaci\u00f3n, y que han creado una canci\u00f3n en memoria de su ser querido fallecido. La sesi\u00f3n ser\u00e1 de entrada libre y est\u00e1 destinada a todo tipo de p\u00fablico. El acto tendr\u00e1 lugar a las 19 horas.<\/p>\n<p>&nbsp;<\/p>\n<div>\n<p class=\"x_MsoNormal\"><b>Record-ARTE. Civivox Condestable. Del 30 de octubre al 1 de diciembre<\/b><\/p>\n<\/div>\n<p class=\"x_MsoNormal\"><b>Mi\u00e9rcoles 30 de octubre<\/b><\/p>\n<p class=\"x_MsoNormal\">RECITAL PO\u00c9TICO<\/p>\n<p class=\"x_MsoNormal\">Bego\u00f1a Abad<\/p>\n<p class=\"x_MsoNormal\">19 horas, para todos los p\u00fablicos, entrada libre<\/p>\n<p class=\"x_MsoNormal\"><b>Domingo 3 de noviembre<\/b><\/p>\n<p>&nbsp;<\/p>\n<p class=\"x_MsoNormal\"><strong>TEATRO INFANTIL Y FAMILIAR<\/strong><\/p>\n<p class=\"x_MsoNormal\">El jard\u00edn de Olivia, Compa\u00f1\u00eda P\u00e1jaros pintados. Con coloquio tras la representaci\u00f3n<\/p>\n<p class=\"x_MsoNormal\">\u00b7\u00a0\u00a0\u00a0\u00a0\u00a0\u00a0A las 12.30 en euskera y a las 18 en castellano. Con inscripci\u00f3n previa y +6, en compa\u00f1\u00eda de una persona adulta. Precio: 1 euro por butaca<\/p>\n<p>&nbsp;<\/p>\n<p class=\"x_MsoNormal\"><strong>ACTIVIDAD DID\u00c1CTICA INFANTIL<\/strong><\/p>\n<p class=\"x_MsoNormal\">\u00b7\u00a0\u00a0\u00a0\u00a0\u00a0\u00a013.30 en euskera y 19 en castellano. Gratuito previa inscripci\u00f3n.<\/p>\n<p class=\"x_MsoNormal\"><b>Viernes 8 de noviembre<\/b><\/p>\n<p class=\"x_MsoNormal\"><strong>PROYECCI\u00d3N DE AUDIOVISUALES<\/strong><\/p>\n<p class=\"x_MsoNormal\"><i>Abril se fue en noviembre<\/i><\/p>\n<p class=\"x_MsoNormal\">Cortometraje de ficci\u00f3n<\/p>\n<p class=\"x_MsoNormal\">Directora: Rosa Cabrera D\u00edez<\/p>\n<p class=\"x_MsoNormal\"><i>El camino de Nerea<\/i><\/p>\n<p class=\"x_MsoNormal\">Mediometraje documental<\/p>\n<p class=\"x_MsoNormal\">Directora: Mercedes Aranguren<\/p>\n<p class=\"x_MsoNormal\">\u00b7\u00a0\u00a0\u00a0\u00a0\u00a0\u00a019 horas, para mayores de +7, en compa\u00f1\u00eda de una persona adulta Gratuito. Entrada libre<\/p>\n<p class=\"x_MsoNormal\"><b>Lunes 11 de noviembre<\/b><\/p>\n<p class=\"x_MsoNormal\"><strong>VISITAS ACOMPA\u00d1ADAS<\/strong><\/p>\n<p class=\"x_MsoNormal\">A las exposiciones<\/p>\n<p class=\"x_MsoNormal\">\u00b7\u00a0\u00a0\u00a0\u00a0\u00a0\u00a018 horas (euskera); 19.15 horas (castellano). Gratuito. Con inscripci\u00f3n previa<\/p>\n<p class=\"x_MsoNormal\"><b>Viernes 15 de noviembre<\/b><\/p>\n<p class=\"x_MsoNormal\"><strong>ENCUENTRO MUSICAL\/ MESA REDONDA<\/strong><\/p>\n<p class=\"x_MsoNormal\">Mesa redonda, dinamizada por el equipo de la entidad, en la que participar\u00e1n personas que han transitado su proceso de duelo con Goizargi y o que de alguna manera ha tenido relaci\u00f3n con la entidad, y que han creado una canci\u00f3n en memoria de su ser querido fallecido.<\/p>\n<p class=\"x_MsoNormal\">\u00b7\u00a0\u00a0\u00a0\u00a0\u00a0\u00a019 horas. Para todos los p\u00fablicos. Entrada libre<\/p>\n<p class=\"x_MsoNormal\"><b>Lunes 25 de noviembre<\/b><\/p>\n<p class=\"x_MsoNormal\"><strong>VISITAS ACOMPA\u00d1ADAS<\/strong><\/p>\n<p class=\"x_MsoNormal\">A las exposiciones<\/p>\n<p class=\"x_MsoNormal\">\u00b7\u00a0\u00a0\u00a0\u00a0\u00a0\u00a018 horas (euskera); 19.15 horas (castellano). Gratuito. Con inscripci\u00f3n previa<\/p>\n<div>\n<p class=\"x_5TituloApoyodedatos\">Exposiciones. Civivox Condestable. Hasta el 1 de diciembre<\/p>\n<\/div>\n<p class=\"x_6Textoapoyodatos\">Lugar: patio del Palacio del Condestable<\/p>\n<p class=\"x_6Textoapoyodatos\">Horarios: de lunes a domingo de 8.30 a 21.30 horas. S\u00e1bados y domingos se cierra al mediod\u00eda (de 14 a 17 horas)<\/p>\n<p class=\"x_6Textoapoyodatos\">Entrada libre<\/p>\n<p class=\"x_6Textoapoyodatos\">\u00b7\u00a0\u00a0\u00a0\u00a0\u00a0\u00a0\u00a0\u00a0\u00a0\u00a0\u00a0Muestra fotogr\u00e1fica sobre duelo gestacional, perinatal y neonatal<\/p>\n<p class=\"x_6Textoapoyodatos\">Asociaci\u00f3n Esku Hutsik Y Nerea Garaizar \u2013 Uneak fotograf\u00eda<\/p>\n<p class=\"x_6Textoapoyodatos\">\u00b7\u00a0\u00a0\u00a0\u00a0\u00a0\u00a0\u00a0\u00a0\u00a0\u00a0\u00a0Apparition<\/p>\n<p class=\"x_6Textoapoyodatos\">Ionan Aisa, una colecci\u00f3n desarrollada por el autor mediante collage, donde sus obras tratan el universo del duelo. y se proyecta una mirada introspectiva en su proceso de sanaci\u00f3n<\/p>\n<p class=\"x_6Textoapoyodatos\">\u00b7\u00a0\u00a0\u00a0\u00a0\u00a0\u00a0\u00a0\u00a0\u00a0\u00a0\u00a0Vi\u00f1etas<\/p>\n<p class=\"x_6Textoapoyodatos\">\u00d3scar Alonso, dise\u00f1ador gr\u00e1fico conocido como \u201972 kilos\u2019. Sobre la labor de Goizargi como asociaci\u00f3n.<\/p>\n","protected":false},"excerpt":{"rendered":"<p>Las actividades, en distintos formatos e idiomas, tendr\u00e1n lugar del 30 de octubre al 1 de diciembre en Civivox Condestable<\/p>\n","protected":false},"author":1,"featured_media":51178,"comment_status":"open","ping_status":"closed","sticky":false,"template":"","format":"standard","meta":{"footnotes":""},"categories":[2],"tags":[],"class_list":["post-51177","post","type-post","status-publish","format-standard","has-post-thumbnail","hentry","category-ayuntamiento-pamplona"],"yoast_head":"<!-- This site is optimized with the Yoast SEO plugin v27.3 - https:\/\/yoast.com\/product\/yoast-seo-wordpress\/ -->\n<title>El Ayuntamiento de Pamplona y Goizargi ofrecen Record-ARTE, el primer ciclo de actividades que reivindica el poder de la creaci\u00f3n en el desarrollo de los procesos de duelo<\/title>\n<meta name=\"description\" content=\"Las actividades, en distintos formatos e idiomas, tendr\u00e1n lugar del 30 de octubre al 1 de diciembre en Civivox Condestable\" \/>\n<meta name=\"robots\" content=\"index, follow, max-snippet:-1, max-image-preview:large, max-video-preview:-1\" \/>\n<link rel=\"canonical\" href=\"https:\/\/www.laguiadepamplona.com\/actualidad\/el-ayuntamiento-de-pamplona-y-goizargi-ofrecen-record-arte-el-primer-ciclo-de-actividades-que-reivindica-el-poder-de-la-creacion-en-el-desarrollo-de-los-procesos-de-duelo\/\" \/>\n<meta property=\"og:locale\" content=\"es_ES\" \/>\n<meta property=\"og:type\" content=\"article\" \/>\n<meta property=\"og:title\" content=\"El Ayuntamiento de Pamplona y Goizargi ofrecen Record-ARTE, el primer ciclo de actividades que reivindica el poder de la creaci\u00f3n en el desarrollo de los procesos de duelo\" \/>\n<meta property=\"og:description\" content=\"Las actividades, en distintos formatos e idiomas, tendr\u00e1n lugar del 30 de octubre al 1 de diciembre en Civivox Condestable\" \/>\n<meta property=\"og:url\" content=\"https:\/\/www.laguiadepamplona.com\/actualidad\/el-ayuntamiento-de-pamplona-y-goizargi-ofrecen-record-arte-el-primer-ciclo-de-actividades-que-reivindica-el-poder-de-la-creacion-en-el-desarrollo-de-los-procesos-de-duelo\/\" \/>\n<meta property=\"og:site_name\" content=\"La Gu\u00eda de Pamplona\" \/>\n<meta property=\"article:publisher\" content=\"https:\/\/www.facebook.com\/laguiadepamplonacom-133175176762273\/?ref=hl\" \/>\n<meta property=\"article:published_time\" content=\"2024-10-29T12:20:16+00:00\" \/>\n<meta property=\"og:image\" content=\"https:\/\/www.laguiadepamplona.com\/actualidad\/wp-content\/uploads\/2024\/10\/Recordarte_web.webp\" \/>\n\t<meta property=\"og:image:width\" content=\"1000\" \/>\n\t<meta property=\"og:image:height\" content=\"868\" \/>\n\t<meta property=\"og:image:type\" content=\"image\/webp\" \/>\n<meta name=\"author\" content=\"La Gu\u00eda de Pamplona\" \/>\n<meta name=\"twitter:card\" content=\"summary_large_image\" \/>\n<meta name=\"twitter:creator\" content=\"@LaGuiadPamplona\" \/>\n<meta name=\"twitter:site\" content=\"@LaGuiadPamplona\" \/>\n<meta name=\"twitter:label1\" content=\"Escrito por\" \/>\n\t<meta name=\"twitter:data1\" content=\"La Gu\u00eda de Pamplona\" \/>\n\t<meta name=\"twitter:label2\" content=\"Tiempo de lectura\" \/>\n\t<meta name=\"twitter:data2\" content=\"7 minutos\" \/>\n<script type=\"application\/ld+json\" class=\"yoast-schema-graph\">{\"@context\":\"https:\\\/\\\/schema.org\",\"@graph\":[{\"@type\":\"Article\",\"@id\":\"https:\\\/\\\/www.laguiadepamplona.com\\\/actualidad\\\/el-ayuntamiento-de-pamplona-y-goizargi-ofrecen-record-arte-el-primer-ciclo-de-actividades-que-reivindica-el-poder-de-la-creacion-en-el-desarrollo-de-los-procesos-de-duelo\\\/#article\",\"isPartOf\":{\"@id\":\"https:\\\/\\\/www.laguiadepamplona.com\\\/actualidad\\\/el-ayuntamiento-de-pamplona-y-goizargi-ofrecen-record-arte-el-primer-ciclo-de-actividades-que-reivindica-el-poder-de-la-creacion-en-el-desarrollo-de-los-procesos-de-duelo\\\/\"},\"author\":{\"name\":\"La Gu\u00eda de Pamplona\",\"@id\":\"https:\\\/\\\/www.laguiadepamplona.com\\\/actualidad\\\/#\\\/schema\\\/person\\\/efe887376f0213d4657c93adc50b1fdb\"},\"headline\":\"El Ayuntamiento de Pamplona y Goizargi ofrecen Record-ARTE, el primer ciclo de actividades que reivindica el poder de la creaci\u00f3n en el desarrollo de los procesos de duelo\",\"datePublished\":\"2024-10-29T12:20:16+00:00\",\"mainEntityOfPage\":{\"@id\":\"https:\\\/\\\/www.laguiadepamplona.com\\\/actualidad\\\/el-ayuntamiento-de-pamplona-y-goizargi-ofrecen-record-arte-el-primer-ciclo-de-actividades-que-reivindica-el-poder-de-la-creacion-en-el-desarrollo-de-los-procesos-de-duelo\\\/\"},\"wordCount\":1375,\"commentCount\":0,\"publisher\":{\"@id\":\"https:\\\/\\\/www.laguiadepamplona.com\\\/actualidad\\\/#organization\"},\"image\":{\"@id\":\"https:\\\/\\\/www.laguiadepamplona.com\\\/actualidad\\\/el-ayuntamiento-de-pamplona-y-goizargi-ofrecen-record-arte-el-primer-ciclo-de-actividades-que-reivindica-el-poder-de-la-creacion-en-el-desarrollo-de-los-procesos-de-duelo\\\/#primaryimage\"},\"thumbnailUrl\":\"https:\\\/\\\/www.laguiadepamplona.com\\\/actualidad\\\/wp-content\\\/uploads\\\/2024\\\/10\\\/Recordarte_web.webp\",\"articleSection\":[\"Ayto Pamplona\"],\"inLanguage\":\"es\",\"potentialAction\":[{\"@type\":\"CommentAction\",\"name\":\"Comment\",\"target\":[\"https:\\\/\\\/www.laguiadepamplona.com\\\/actualidad\\\/el-ayuntamiento-de-pamplona-y-goizargi-ofrecen-record-arte-el-primer-ciclo-de-actividades-que-reivindica-el-poder-de-la-creacion-en-el-desarrollo-de-los-procesos-de-duelo\\\/#respond\"]}]},{\"@type\":\"WebPage\",\"@id\":\"https:\\\/\\\/www.laguiadepamplona.com\\\/actualidad\\\/el-ayuntamiento-de-pamplona-y-goizargi-ofrecen-record-arte-el-primer-ciclo-de-actividades-que-reivindica-el-poder-de-la-creacion-en-el-desarrollo-de-los-procesos-de-duelo\\\/\",\"url\":\"https:\\\/\\\/www.laguiadepamplona.com\\\/actualidad\\\/el-ayuntamiento-de-pamplona-y-goizargi-ofrecen-record-arte-el-primer-ciclo-de-actividades-que-reivindica-el-poder-de-la-creacion-en-el-desarrollo-de-los-procesos-de-duelo\\\/\",\"name\":\"El Ayuntamiento de Pamplona y Goizargi ofrecen Record-ARTE, el primer ciclo de actividades que reivindica el poder de la creaci\u00f3n en el desarrollo de los procesos de duelo\",\"isPartOf\":{\"@id\":\"https:\\\/\\\/www.laguiadepamplona.com\\\/actualidad\\\/#website\"},\"primaryImageOfPage\":{\"@id\":\"https:\\\/\\\/www.laguiadepamplona.com\\\/actualidad\\\/el-ayuntamiento-de-pamplona-y-goizargi-ofrecen-record-arte-el-primer-ciclo-de-actividades-que-reivindica-el-poder-de-la-creacion-en-el-desarrollo-de-los-procesos-de-duelo\\\/#primaryimage\"},\"image\":{\"@id\":\"https:\\\/\\\/www.laguiadepamplona.com\\\/actualidad\\\/el-ayuntamiento-de-pamplona-y-goizargi-ofrecen-record-arte-el-primer-ciclo-de-actividades-que-reivindica-el-poder-de-la-creacion-en-el-desarrollo-de-los-procesos-de-duelo\\\/#primaryimage\"},\"thumbnailUrl\":\"https:\\\/\\\/www.laguiadepamplona.com\\\/actualidad\\\/wp-content\\\/uploads\\\/2024\\\/10\\\/Recordarte_web.webp\",\"datePublished\":\"2024-10-29T12:20:16+00:00\",\"description\":\"Las actividades, en distintos formatos e idiomas, tendr\u00e1n lugar del 30 de octubre al 1 de diciembre en Civivox Condestable\",\"breadcrumb\":{\"@id\":\"https:\\\/\\\/www.laguiadepamplona.com\\\/actualidad\\\/el-ayuntamiento-de-pamplona-y-goizargi-ofrecen-record-arte-el-primer-ciclo-de-actividades-que-reivindica-el-poder-de-la-creacion-en-el-desarrollo-de-los-procesos-de-duelo\\\/#breadcrumb\"},\"inLanguage\":\"es\",\"potentialAction\":[{\"@type\":\"ReadAction\",\"target\":[\"https:\\\/\\\/www.laguiadepamplona.com\\\/actualidad\\\/el-ayuntamiento-de-pamplona-y-goizargi-ofrecen-record-arte-el-primer-ciclo-de-actividades-que-reivindica-el-poder-de-la-creacion-en-el-desarrollo-de-los-procesos-de-duelo\\\/\"]}]},{\"@type\":\"ImageObject\",\"inLanguage\":\"es\",\"@id\":\"https:\\\/\\\/www.laguiadepamplona.com\\\/actualidad\\\/el-ayuntamiento-de-pamplona-y-goizargi-ofrecen-record-arte-el-primer-ciclo-de-actividades-que-reivindica-el-poder-de-la-creacion-en-el-desarrollo-de-los-procesos-de-duelo\\\/#primaryimage\",\"url\":\"https:\\\/\\\/www.laguiadepamplona.com\\\/actualidad\\\/wp-content\\\/uploads\\\/2024\\\/10\\\/Recordarte_web.webp\",\"contentUrl\":\"https:\\\/\\\/www.laguiadepamplona.com\\\/actualidad\\\/wp-content\\\/uploads\\\/2024\\\/10\\\/Recordarte_web.webp\",\"width\":1000,\"height\":868},{\"@type\":\"BreadcrumbList\",\"@id\":\"https:\\\/\\\/www.laguiadepamplona.com\\\/actualidad\\\/el-ayuntamiento-de-pamplona-y-goizargi-ofrecen-record-arte-el-primer-ciclo-de-actividades-que-reivindica-el-poder-de-la-creacion-en-el-desarrollo-de-los-procesos-de-duelo\\\/#breadcrumb\",\"itemListElement\":[{\"@type\":\"ListItem\",\"position\":1,\"name\":\"Portada\",\"item\":\"https:\\\/\\\/www.laguiadepamplona.com\\\/actualidad\\\/\"},{\"@type\":\"ListItem\",\"position\":2,\"name\":\"El Ayuntamiento de Pamplona y Goizargi ofrecen Record-ARTE, el primer ciclo de actividades que reivindica el poder de la creaci\u00f3n en el desarrollo de los procesos de duelo\"}]},{\"@type\":\"WebSite\",\"@id\":\"https:\\\/\\\/www.laguiadepamplona.com\\\/actualidad\\\/#website\",\"url\":\"https:\\\/\\\/www.laguiadepamplona.com\\\/actualidad\\\/\",\"name\":\"La gu\u00eda de Pamplona\",\"description\":\"Noticias de Pamplona\",\"publisher\":{\"@id\":\"https:\\\/\\\/www.laguiadepamplona.com\\\/actualidad\\\/#organization\"},\"potentialAction\":[{\"@type\":\"SearchAction\",\"target\":{\"@type\":\"EntryPoint\",\"urlTemplate\":\"https:\\\/\\\/www.laguiadepamplona.com\\\/actualidad\\\/?s={search_term_string}\"},\"query-input\":{\"@type\":\"PropertyValueSpecification\",\"valueRequired\":true,\"valueName\":\"search_term_string\"}}],\"inLanguage\":\"es\"},{\"@type\":\"Organization\",\"@id\":\"https:\\\/\\\/www.laguiadepamplona.com\\\/actualidad\\\/#organization\",\"name\":\"La Gu\u00eda de Pamplona \\\/ Noticias\",\"url\":\"https:\\\/\\\/www.laguiadepamplona.com\\\/actualidad\\\/\",\"logo\":{\"@type\":\"ImageObject\",\"inLanguage\":\"es\",\"@id\":\"https:\\\/\\\/www.laguiadepamplona.com\\\/actualidad\\\/#\\\/schema\\\/logo\\\/image\\\/\",\"url\":\"https:\\\/\\\/www.laguiadepamplona.com\\\/actualidad\\\/wp-content\\\/uploads\\\/2018\\\/11\\\/logo-laguiadepamplona18-web1.png\",\"contentUrl\":\"https:\\\/\\\/www.laguiadepamplona.com\\\/actualidad\\\/wp-content\\\/uploads\\\/2018\\\/11\\\/logo-laguiadepamplona18-web1.png\",\"width\":600,\"height\":196,\"caption\":\"La Gu\u00eda de Pamplona \\\/ Noticias\"},\"image\":{\"@id\":\"https:\\\/\\\/www.laguiadepamplona.com\\\/actualidad\\\/#\\\/schema\\\/logo\\\/image\\\/\"},\"sameAs\":[\"https:\\\/\\\/www.facebook.com\\\/laguiadepamplonacom-133175176762273\\\/?ref=hl\",\"https:\\\/\\\/x.com\\\/LaGuiadPamplona\",\"https:\\\/\\\/www.instagram.com\\\/la_guia_de_pamplona\\\/\",\"https:\\\/\\\/www.youtube.com\\\/user\\\/laguiadepamplona\"]},{\"@type\":\"Person\",\"@id\":\"https:\\\/\\\/www.laguiadepamplona.com\\\/actualidad\\\/#\\\/schema\\\/person\\\/efe887376f0213d4657c93adc50b1fdb\",\"name\":\"La Gu\u00eda de Pamplona\",\"image\":{\"@type\":\"ImageObject\",\"inLanguage\":\"es\",\"@id\":\"https:\\\/\\\/secure.gravatar.com\\\/avatar\\\/b6992f131dc8d30ab0dff15446e9d346d9dbd95992de0fef795073f5ea83a81c?s=96&d=mm&r=g\",\"url\":\"https:\\\/\\\/secure.gravatar.com\\\/avatar\\\/b6992f131dc8d30ab0dff15446e9d346d9dbd95992de0fef795073f5ea83a81c?s=96&d=mm&r=g\",\"contentUrl\":\"https:\\\/\\\/secure.gravatar.com\\\/avatar\\\/b6992f131dc8d30ab0dff15446e9d346d9dbd95992de0fef795073f5ea83a81c?s=96&d=mm&r=g\",\"caption\":\"La Gu\u00eda de Pamplona\"}}]}<\/script>\n<!-- \/ Yoast SEO plugin. -->","yoast_head_json":{"title":"El Ayuntamiento de Pamplona y Goizargi ofrecen Record-ARTE, el primer ciclo de actividades que reivindica el poder de la creaci\u00f3n en el desarrollo de los procesos de duelo","description":"Las actividades, en distintos formatos e idiomas, tendr\u00e1n lugar del 30 de octubre al 1 de diciembre en Civivox Condestable","robots":{"index":"index","follow":"follow","max-snippet":"max-snippet:-1","max-image-preview":"max-image-preview:large","max-video-preview":"max-video-preview:-1"},"canonical":"https:\/\/www.laguiadepamplona.com\/actualidad\/el-ayuntamiento-de-pamplona-y-goizargi-ofrecen-record-arte-el-primer-ciclo-de-actividades-que-reivindica-el-poder-de-la-creacion-en-el-desarrollo-de-los-procesos-de-duelo\/","og_locale":"es_ES","og_type":"article","og_title":"El Ayuntamiento de Pamplona y Goizargi ofrecen Record-ARTE, el primer ciclo de actividades que reivindica el poder de la creaci\u00f3n en el desarrollo de los procesos de duelo","og_description":"Las actividades, en distintos formatos e idiomas, tendr\u00e1n lugar del 30 de octubre al 1 de diciembre en Civivox Condestable","og_url":"https:\/\/www.laguiadepamplona.com\/actualidad\/el-ayuntamiento-de-pamplona-y-goizargi-ofrecen-record-arte-el-primer-ciclo-de-actividades-que-reivindica-el-poder-de-la-creacion-en-el-desarrollo-de-los-procesos-de-duelo\/","og_site_name":"La Gu\u00eda de Pamplona","article_publisher":"https:\/\/www.facebook.com\/laguiadepamplonacom-133175176762273\/?ref=hl","article_published_time":"2024-10-29T12:20:16+00:00","og_image":[{"width":1000,"height":868,"url":"https:\/\/www.laguiadepamplona.com\/actualidad\/wp-content\/uploads\/2024\/10\/Recordarte_web.webp","type":"image\/webp"}],"author":"La Gu\u00eda de Pamplona","twitter_card":"summary_large_image","twitter_creator":"@LaGuiadPamplona","twitter_site":"@LaGuiadPamplona","twitter_misc":{"Escrito por":"La Gu\u00eda de Pamplona","Tiempo de lectura":"7 minutos"},"schema":{"@context":"https:\/\/schema.org","@graph":[{"@type":"Article","@id":"https:\/\/www.laguiadepamplona.com\/actualidad\/el-ayuntamiento-de-pamplona-y-goizargi-ofrecen-record-arte-el-primer-ciclo-de-actividades-que-reivindica-el-poder-de-la-creacion-en-el-desarrollo-de-los-procesos-de-duelo\/#article","isPartOf":{"@id":"https:\/\/www.laguiadepamplona.com\/actualidad\/el-ayuntamiento-de-pamplona-y-goizargi-ofrecen-record-arte-el-primer-ciclo-de-actividades-que-reivindica-el-poder-de-la-creacion-en-el-desarrollo-de-los-procesos-de-duelo\/"},"author":{"name":"La Gu\u00eda de Pamplona","@id":"https:\/\/www.laguiadepamplona.com\/actualidad\/#\/schema\/person\/efe887376f0213d4657c93adc50b1fdb"},"headline":"El Ayuntamiento de Pamplona y Goizargi ofrecen Record-ARTE, el primer ciclo de actividades que reivindica el poder de la creaci\u00f3n en el desarrollo de los procesos de duelo","datePublished":"2024-10-29T12:20:16+00:00","mainEntityOfPage":{"@id":"https:\/\/www.laguiadepamplona.com\/actualidad\/el-ayuntamiento-de-pamplona-y-goizargi-ofrecen-record-arte-el-primer-ciclo-de-actividades-que-reivindica-el-poder-de-la-creacion-en-el-desarrollo-de-los-procesos-de-duelo\/"},"wordCount":1375,"commentCount":0,"publisher":{"@id":"https:\/\/www.laguiadepamplona.com\/actualidad\/#organization"},"image":{"@id":"https:\/\/www.laguiadepamplona.com\/actualidad\/el-ayuntamiento-de-pamplona-y-goizargi-ofrecen-record-arte-el-primer-ciclo-de-actividades-que-reivindica-el-poder-de-la-creacion-en-el-desarrollo-de-los-procesos-de-duelo\/#primaryimage"},"thumbnailUrl":"https:\/\/www.laguiadepamplona.com\/actualidad\/wp-content\/uploads\/2024\/10\/Recordarte_web.webp","articleSection":["Ayto Pamplona"],"inLanguage":"es","potentialAction":[{"@type":"CommentAction","name":"Comment","target":["https:\/\/www.laguiadepamplona.com\/actualidad\/el-ayuntamiento-de-pamplona-y-goizargi-ofrecen-record-arte-el-primer-ciclo-de-actividades-que-reivindica-el-poder-de-la-creacion-en-el-desarrollo-de-los-procesos-de-duelo\/#respond"]}]},{"@type":"WebPage","@id":"https:\/\/www.laguiadepamplona.com\/actualidad\/el-ayuntamiento-de-pamplona-y-goizargi-ofrecen-record-arte-el-primer-ciclo-de-actividades-que-reivindica-el-poder-de-la-creacion-en-el-desarrollo-de-los-procesos-de-duelo\/","url":"https:\/\/www.laguiadepamplona.com\/actualidad\/el-ayuntamiento-de-pamplona-y-goizargi-ofrecen-record-arte-el-primer-ciclo-de-actividades-que-reivindica-el-poder-de-la-creacion-en-el-desarrollo-de-los-procesos-de-duelo\/","name":"El Ayuntamiento de Pamplona y Goizargi ofrecen Record-ARTE, el primer ciclo de actividades que reivindica el poder de la creaci\u00f3n en el desarrollo de los procesos de duelo","isPartOf":{"@id":"https:\/\/www.laguiadepamplona.com\/actualidad\/#website"},"primaryImageOfPage":{"@id":"https:\/\/www.laguiadepamplona.com\/actualidad\/el-ayuntamiento-de-pamplona-y-goizargi-ofrecen-record-arte-el-primer-ciclo-de-actividades-que-reivindica-el-poder-de-la-creacion-en-el-desarrollo-de-los-procesos-de-duelo\/#primaryimage"},"image":{"@id":"https:\/\/www.laguiadepamplona.com\/actualidad\/el-ayuntamiento-de-pamplona-y-goizargi-ofrecen-record-arte-el-primer-ciclo-de-actividades-que-reivindica-el-poder-de-la-creacion-en-el-desarrollo-de-los-procesos-de-duelo\/#primaryimage"},"thumbnailUrl":"https:\/\/www.laguiadepamplona.com\/actualidad\/wp-content\/uploads\/2024\/10\/Recordarte_web.webp","datePublished":"2024-10-29T12:20:16+00:00","description":"Las actividades, en distintos formatos e idiomas, tendr\u00e1n lugar del 30 de octubre al 1 de diciembre en Civivox Condestable","breadcrumb":{"@id":"https:\/\/www.laguiadepamplona.com\/actualidad\/el-ayuntamiento-de-pamplona-y-goizargi-ofrecen-record-arte-el-primer-ciclo-de-actividades-que-reivindica-el-poder-de-la-creacion-en-el-desarrollo-de-los-procesos-de-duelo\/#breadcrumb"},"inLanguage":"es","potentialAction":[{"@type":"ReadAction","target":["https:\/\/www.laguiadepamplona.com\/actualidad\/el-ayuntamiento-de-pamplona-y-goizargi-ofrecen-record-arte-el-primer-ciclo-de-actividades-que-reivindica-el-poder-de-la-creacion-en-el-desarrollo-de-los-procesos-de-duelo\/"]}]},{"@type":"ImageObject","inLanguage":"es","@id":"https:\/\/www.laguiadepamplona.com\/actualidad\/el-ayuntamiento-de-pamplona-y-goizargi-ofrecen-record-arte-el-primer-ciclo-de-actividades-que-reivindica-el-poder-de-la-creacion-en-el-desarrollo-de-los-procesos-de-duelo\/#primaryimage","url":"https:\/\/www.laguiadepamplona.com\/actualidad\/wp-content\/uploads\/2024\/10\/Recordarte_web.webp","contentUrl":"https:\/\/www.laguiadepamplona.com\/actualidad\/wp-content\/uploads\/2024\/10\/Recordarte_web.webp","width":1000,"height":868},{"@type":"BreadcrumbList","@id":"https:\/\/www.laguiadepamplona.com\/actualidad\/el-ayuntamiento-de-pamplona-y-goizargi-ofrecen-record-arte-el-primer-ciclo-de-actividades-que-reivindica-el-poder-de-la-creacion-en-el-desarrollo-de-los-procesos-de-duelo\/#breadcrumb","itemListElement":[{"@type":"ListItem","position":1,"name":"Portada","item":"https:\/\/www.laguiadepamplona.com\/actualidad\/"},{"@type":"ListItem","position":2,"name":"El Ayuntamiento de Pamplona y Goizargi ofrecen Record-ARTE, el primer ciclo de actividades que reivindica el poder de la creaci\u00f3n en el desarrollo de los procesos de duelo"}]},{"@type":"WebSite","@id":"https:\/\/www.laguiadepamplona.com\/actualidad\/#website","url":"https:\/\/www.laguiadepamplona.com\/actualidad\/","name":"La gu\u00eda de Pamplona","description":"Noticias de Pamplona","publisher":{"@id":"https:\/\/www.laguiadepamplona.com\/actualidad\/#organization"},"potentialAction":[{"@type":"SearchAction","target":{"@type":"EntryPoint","urlTemplate":"https:\/\/www.laguiadepamplona.com\/actualidad\/?s={search_term_string}"},"query-input":{"@type":"PropertyValueSpecification","valueRequired":true,"valueName":"search_term_string"}}],"inLanguage":"es"},{"@type":"Organization","@id":"https:\/\/www.laguiadepamplona.com\/actualidad\/#organization","name":"La Gu\u00eda de Pamplona \/ Noticias","url":"https:\/\/www.laguiadepamplona.com\/actualidad\/","logo":{"@type":"ImageObject","inLanguage":"es","@id":"https:\/\/www.laguiadepamplona.com\/actualidad\/#\/schema\/logo\/image\/","url":"https:\/\/www.laguiadepamplona.com\/actualidad\/wp-content\/uploads\/2018\/11\/logo-laguiadepamplona18-web1.png","contentUrl":"https:\/\/www.laguiadepamplona.com\/actualidad\/wp-content\/uploads\/2018\/11\/logo-laguiadepamplona18-web1.png","width":600,"height":196,"caption":"La Gu\u00eda de Pamplona \/ Noticias"},"image":{"@id":"https:\/\/www.laguiadepamplona.com\/actualidad\/#\/schema\/logo\/image\/"},"sameAs":["https:\/\/www.facebook.com\/laguiadepamplonacom-133175176762273\/?ref=hl","https:\/\/x.com\/LaGuiadPamplona","https:\/\/www.instagram.com\/la_guia_de_pamplona\/","https:\/\/www.youtube.com\/user\/laguiadepamplona"]},{"@type":"Person","@id":"https:\/\/www.laguiadepamplona.com\/actualidad\/#\/schema\/person\/efe887376f0213d4657c93adc50b1fdb","name":"La Gu\u00eda de Pamplona","image":{"@type":"ImageObject","inLanguage":"es","@id":"https:\/\/secure.gravatar.com\/avatar\/b6992f131dc8d30ab0dff15446e9d346d9dbd95992de0fef795073f5ea83a81c?s=96&d=mm&r=g","url":"https:\/\/secure.gravatar.com\/avatar\/b6992f131dc8d30ab0dff15446e9d346d9dbd95992de0fef795073f5ea83a81c?s=96&d=mm&r=g","contentUrl":"https:\/\/secure.gravatar.com\/avatar\/b6992f131dc8d30ab0dff15446e9d346d9dbd95992de0fef795073f5ea83a81c?s=96&d=mm&r=g","caption":"La Gu\u00eda de Pamplona"}}]}},"post_mailing_queue_ids":[],"_links":{"self":[{"href":"https:\/\/www.laguiadepamplona.com\/actualidad\/wp-json\/wp\/v2\/posts\/51177","targetHints":{"allow":["GET"]}}],"collection":[{"href":"https:\/\/www.laguiadepamplona.com\/actualidad\/wp-json\/wp\/v2\/posts"}],"about":[{"href":"https:\/\/www.laguiadepamplona.com\/actualidad\/wp-json\/wp\/v2\/types\/post"}],"author":[{"embeddable":true,"href":"https:\/\/www.laguiadepamplona.com\/actualidad\/wp-json\/wp\/v2\/users\/1"}],"replies":[{"embeddable":true,"href":"https:\/\/www.laguiadepamplona.com\/actualidad\/wp-json\/wp\/v2\/comments?post=51177"}],"version-history":[{"count":1,"href":"https:\/\/www.laguiadepamplona.com\/actualidad\/wp-json\/wp\/v2\/posts\/51177\/revisions"}],"predecessor-version":[{"id":51179,"href":"https:\/\/www.laguiadepamplona.com\/actualidad\/wp-json\/wp\/v2\/posts\/51177\/revisions\/51179"}],"wp:featuredmedia":[{"embeddable":true,"href":"https:\/\/www.laguiadepamplona.com\/actualidad\/wp-json\/wp\/v2\/media\/51178"}],"wp:attachment":[{"href":"https:\/\/www.laguiadepamplona.com\/actualidad\/wp-json\/wp\/v2\/media?parent=51177"}],"wp:term":[{"taxonomy":"category","embeddable":true,"href":"https:\/\/www.laguiadepamplona.com\/actualidad\/wp-json\/wp\/v2\/categories?post=51177"},{"taxonomy":"post_tag","embeddable":true,"href":"https:\/\/www.laguiadepamplona.com\/actualidad\/wp-json\/wp\/v2\/tags?post=51177"}],"curies":[{"name":"wp","href":"https:\/\/api.w.org\/{rel}","templated":true}]}}