{"id":51171,"date":"2024-10-29T14:13:43","date_gmt":"2024-10-29T12:13:43","guid":{"rendered":"https:\/\/www.laguiadepamplona.com\/actualidad\/?p=51171"},"modified":"2024-10-29T14:13:43","modified_gmt":"2024-10-29T12:13:43","slug":"personal-del-area-de-seguridad-ciudadana-se-forma-en-prevencion-de-los-discursos-de-odio-y-lucha-contra-el-racismo-y-la-xenofobia","status":"publish","type":"post","link":"https:\/\/www.laguiadepamplona.com\/actualidad\/personal-del-area-de-seguridad-ciudadana-se-forma-en-prevencion-de-los-discursos-de-odio-y-lucha-contra-el-racismo-y-la-xenofobia\/","title":{"rendered":"Personal del \u00c1rea de Seguridad Ciudadana se forma en prevenci\u00f3n de los discursos de odio y lucha contra el racismo y la xenofobia"},"content":{"rendered":"<h2 class=\"x_2Subtitulo\">Las inscripciones para el taller, dentro del Plan de Diversidad Cultural y Ciudadan\u00eda Inclusiva de Pamplona, est\u00e1n abiertas hasta el 4 de noviembre<\/h2>\n<p class=\"x_MsoNormal\"><!--more--><\/p>\n<p class=\"x_3Texto\">El Ayuntamiento de Pamplona, a trav\u00e9s del \u00e1rea de Diversidad Cultural, ha abierto el plazo de inscripci\u00f3n para el taller formativo de prevenci\u00f3n de los discursos de odio y lucha contra el racismo y la xenofobia, dirigido a personal de Polic\u00eda Municipal. El taller se imparte los viernes 8 y 15 de noviembre, con una duraci\u00f3n total de 8 horas, cuatro por sesi\u00f3n, en horario de 10 a 14 horas, en el Aula de Formaci\u00f3n de las oficinas de Seguridad Ciudadana.<\/p>\n<p class=\"x_3Texto\">Las inscripciones se realizan, hasta el lunes 4 noviembre, a trav\u00e9s del correo electr\u00f3nico\u00a0<a href=\"mailto:diversidadcultural@pamplona.es\" data-linkindex=\"1\">diversidadcultural@pamplona.es<\/a>. En la inscripci\u00f3n debe constar el nombre y apellidos de la persona participante, su tel\u00e9fono y direcci\u00f3n de correo electr\u00f3nico. La actividad est\u00e1 creada para trabajadores municipales que trabajan en contacto directo con la ciudadan\u00eda y, en esta edici\u00f3n, para el personal del \u00c1rea de Seguridad Ciudadana.<\/p>\n<p class=\"x_3Texto\">El taller, con un m\u00ednimo de 10 participantes y un m\u00e1ximo de 20, lo imparte Xabier J\u00e1uregui De Carlos y Rub\u00e9n D\u00edez D\u00edaz, de la Red AntiRumores de navarra \u2013 Zaska. A trav\u00e9s de una metodolog\u00eda participativa, la primera sesi\u00f3n presenta el contexto actual y las consecuencias relacionadas con discurso del odio, estrategias comunicativas y emocionales para la gesti\u00f3n de los rumores, conceptos b\u00e1sicos, estrategia AntiRumores y el choque cultural.<\/p>\n<p class=\"x_3Texto\">La segunda sesi\u00f3n analiza el discurso de odio y las contranarrativas y narrativas alternativas, adem\u00e1s de practicar la Estrategia AntiRumores. Estas dos sesiones se plantean para actuar contra cualquier tipo de manifestaci\u00f3n de discriminaci\u00f3n, racismo o xenofobia en la ciudad y para profundizar en claves y argumentos frente a discursos criminalizadores, estereotipos, prejuicios, rumores y discriminaciones sobre las personas de origen extranjero o de diferentes etnias y culturas en Navarra.<\/p>\n<p class=\"x_3Texto\">La formaci\u00f3n permite extender la denominada Estrategia AntiRumores, capacitando y dando herramientas para su aplicaci\u00f3n pr\u00e1ctica, de forma que se fomentan espacios de discusi\u00f3n, reflexi\u00f3n y acci\u00f3n, generando din\u00e1micas de trabajo para favorecer la convivencia y la no discriminaci\u00f3n. Todo ello en l\u00ednea con el I Plan de Diversidad Cultural y Ciudadan\u00eda Inclusiva de Pamplona (2023-2026).<\/p>\n<div>\n<h3 class=\"x_5TituloApoyodedatos\">Prevenci\u00f3n de los discursos de odio y lucha contra el racismo y la xenofobia<\/h3>\n<\/div>\n<p class=\"x_6Textoapoyodatos\">\u00b7\u00a0\u00a0\u00a0\u00a0\u00a0\u00a0Dirigido a personal del \u00c1rea de Seguridad Ciudadana<\/p>\n<p class=\"x_7texto2apoyodatos\">o\u00a0\u00a0\u00a0\u00a0Fechas:\u00a0 8 y 15 de noviembre (viernes), en horario de 10 a 14 horas<\/p>\n<p class=\"x_7texto2apoyodatos\">o\u00a0\u00a0\u00a0\u00a0Inscripciones: hasta el 4 de noviembre, en el correo\u00a0<a href=\"mailto:diversidadcultural@pamplona.es\" data-linkindex=\"2\">diversidadcultural@pamplona.es<\/a><\/p>\n<p class=\"x_7texto2apoyodatos\">o\u00a0\u00a0\u00a0\u00a0Lugar: Aula de Formaci\u00f3n de Seguridad Ciudadana (calle Monasterio de Irache, 2)<\/p>\n","protected":false},"excerpt":{"rendered":"<p>Las inscripciones para el taller, dentro del Plan de Diversidad Cultural y Ciudadan\u00eda Inclusiva de Pamplona, est\u00e1n abiertas hasta el 4 de noviembre<\/p>\n","protected":false},"author":1,"featured_media":51172,"comment_status":"open","ping_status":"closed","sticky":false,"template":"","format":"standard","meta":{"footnotes":""},"categories":[2],"tags":[],"class_list":["post-51171","post","type-post","status-publish","format-standard","has-post-thumbnail","hentry","category-ayuntamiento-pamplona"],"yoast_head":"<!-- This site is optimized with the Yoast SEO plugin v27.3 - https:\/\/yoast.com\/product\/yoast-seo-wordpress\/ -->\n<title>Personal del \u00c1rea de Seguridad Ciudadana se forma en prevenci\u00f3n de los discursos de odio y lucha contra el racismo y la xenofobia<\/title>\n<meta name=\"description\" content=\"Las inscripciones para el taller, dentro del Plan de Diversidad Cultural y Ciudadan\u00eda Inclusiva de Pamplona, est\u00e1n abiertas hasta el 4 de noviembre\" \/>\n<meta name=\"robots\" content=\"index, follow, max-snippet:-1, max-image-preview:large, max-video-preview:-1\" \/>\n<link rel=\"canonical\" href=\"https:\/\/www.laguiadepamplona.com\/actualidad\/personal-del-area-de-seguridad-ciudadana-se-forma-en-prevencion-de-los-discursos-de-odio-y-lucha-contra-el-racismo-y-la-xenofobia\/\" \/>\n<meta property=\"og:locale\" content=\"es_ES\" \/>\n<meta property=\"og:type\" content=\"article\" \/>\n<meta property=\"og:title\" content=\"Personal del \u00c1rea de Seguridad Ciudadana se forma en prevenci\u00f3n de los discursos de odio y lucha contra el racismo y la xenofobia\" \/>\n<meta property=\"og:description\" content=\"Las inscripciones para el taller, dentro del Plan de Diversidad Cultural y Ciudadan\u00eda Inclusiva de Pamplona, est\u00e1n abiertas hasta el 4 de noviembre\" \/>\n<meta property=\"og:url\" content=\"https:\/\/www.laguiadepamplona.com\/actualidad\/personal-del-area-de-seguridad-ciudadana-se-forma-en-prevencion-de-los-discursos-de-odio-y-lucha-contra-el-racismo-y-la-xenofobia\/\" \/>\n<meta property=\"og:site_name\" content=\"La Gu\u00eda de Pamplona\" \/>\n<meta property=\"article:publisher\" content=\"https:\/\/www.facebook.com\/laguiadepamplonacom-133175176762273\/?ref=hl\" \/>\n<meta property=\"article:published_time\" content=\"2024-10-29T12:13:43+00:00\" \/>\n<meta property=\"og:image\" content=\"https:\/\/www.laguiadepamplona.com\/actualidad\/wp-content\/uploads\/2024\/10\/taller-odio-antirrumores_web.jpg\" \/>\n\t<meta property=\"og:image:width\" content=\"1000\" \/>\n\t<meta property=\"og:image:height\" content=\"1000\" \/>\n\t<meta property=\"og:image:type\" content=\"image\/jpeg\" \/>\n<meta name=\"author\" content=\"La Gu\u00eda de Pamplona\" \/>\n<meta name=\"twitter:card\" content=\"summary_large_image\" \/>\n<meta name=\"twitter:creator\" content=\"@LaGuiadPamplona\" \/>\n<meta name=\"twitter:site\" content=\"@LaGuiadPamplona\" \/>\n<meta name=\"twitter:label1\" content=\"Escrito por\" \/>\n\t<meta name=\"twitter:data1\" content=\"La Gu\u00eda de Pamplona\" \/>\n\t<meta name=\"twitter:label2\" content=\"Tiempo de lectura\" \/>\n\t<meta name=\"twitter:data2\" content=\"3 minutos\" \/>\n<script type=\"application\/ld+json\" class=\"yoast-schema-graph\">{\"@context\":\"https:\\\/\\\/schema.org\",\"@graph\":[{\"@type\":\"Article\",\"@id\":\"https:\\\/\\\/www.laguiadepamplona.com\\\/actualidad\\\/personal-del-area-de-seguridad-ciudadana-se-forma-en-prevencion-de-los-discursos-de-odio-y-lucha-contra-el-racismo-y-la-xenofobia\\\/#article\",\"isPartOf\":{\"@id\":\"https:\\\/\\\/www.laguiadepamplona.com\\\/actualidad\\\/personal-del-area-de-seguridad-ciudadana-se-forma-en-prevencion-de-los-discursos-de-odio-y-lucha-contra-el-racismo-y-la-xenofobia\\\/\"},\"author\":{\"name\":\"La Gu\u00eda de Pamplona\",\"@id\":\"https:\\\/\\\/www.laguiadepamplona.com\\\/actualidad\\\/#\\\/schema\\\/person\\\/efe887376f0213d4657c93adc50b1fdb\"},\"headline\":\"Personal del \u00c1rea de Seguridad Ciudadana se forma en prevenci\u00f3n de los discursos de odio y lucha contra el racismo y la xenofobia\",\"datePublished\":\"2024-10-29T12:13:43+00:00\",\"mainEntityOfPage\":{\"@id\":\"https:\\\/\\\/www.laguiadepamplona.com\\\/actualidad\\\/personal-del-area-de-seguridad-ciudadana-se-forma-en-prevencion-de-los-discursos-de-odio-y-lucha-contra-el-racismo-y-la-xenofobia\\\/\"},\"wordCount\":479,\"commentCount\":0,\"publisher\":{\"@id\":\"https:\\\/\\\/www.laguiadepamplona.com\\\/actualidad\\\/#organization\"},\"image\":{\"@id\":\"https:\\\/\\\/www.laguiadepamplona.com\\\/actualidad\\\/personal-del-area-de-seguridad-ciudadana-se-forma-en-prevencion-de-los-discursos-de-odio-y-lucha-contra-el-racismo-y-la-xenofobia\\\/#primaryimage\"},\"thumbnailUrl\":\"https:\\\/\\\/www.laguiadepamplona.com\\\/actualidad\\\/wp-content\\\/uploads\\\/2024\\\/10\\\/taller-odio-antirrumores_web.jpg\",\"articleSection\":[\"Ayto Pamplona\"],\"inLanguage\":\"es\",\"potentialAction\":[{\"@type\":\"CommentAction\",\"name\":\"Comment\",\"target\":[\"https:\\\/\\\/www.laguiadepamplona.com\\\/actualidad\\\/personal-del-area-de-seguridad-ciudadana-se-forma-en-prevencion-de-los-discursos-de-odio-y-lucha-contra-el-racismo-y-la-xenofobia\\\/#respond\"]}]},{\"@type\":\"WebPage\",\"@id\":\"https:\\\/\\\/www.laguiadepamplona.com\\\/actualidad\\\/personal-del-area-de-seguridad-ciudadana-se-forma-en-prevencion-de-los-discursos-de-odio-y-lucha-contra-el-racismo-y-la-xenofobia\\\/\",\"url\":\"https:\\\/\\\/www.laguiadepamplona.com\\\/actualidad\\\/personal-del-area-de-seguridad-ciudadana-se-forma-en-prevencion-de-los-discursos-de-odio-y-lucha-contra-el-racismo-y-la-xenofobia\\\/\",\"name\":\"Personal del \u00c1rea de Seguridad Ciudadana se forma en prevenci\u00f3n de los discursos de odio y lucha contra el racismo y la xenofobia\",\"isPartOf\":{\"@id\":\"https:\\\/\\\/www.laguiadepamplona.com\\\/actualidad\\\/#website\"},\"primaryImageOfPage\":{\"@id\":\"https:\\\/\\\/www.laguiadepamplona.com\\\/actualidad\\\/personal-del-area-de-seguridad-ciudadana-se-forma-en-prevencion-de-los-discursos-de-odio-y-lucha-contra-el-racismo-y-la-xenofobia\\\/#primaryimage\"},\"image\":{\"@id\":\"https:\\\/\\\/www.laguiadepamplona.com\\\/actualidad\\\/personal-del-area-de-seguridad-ciudadana-se-forma-en-prevencion-de-los-discursos-de-odio-y-lucha-contra-el-racismo-y-la-xenofobia\\\/#primaryimage\"},\"thumbnailUrl\":\"https:\\\/\\\/www.laguiadepamplona.com\\\/actualidad\\\/wp-content\\\/uploads\\\/2024\\\/10\\\/taller-odio-antirrumores_web.jpg\",\"datePublished\":\"2024-10-29T12:13:43+00:00\",\"description\":\"Las inscripciones para el taller, dentro del Plan de Diversidad Cultural y Ciudadan\u00eda Inclusiva de Pamplona, est\u00e1n abiertas hasta el 4 de noviembre\",\"breadcrumb\":{\"@id\":\"https:\\\/\\\/www.laguiadepamplona.com\\\/actualidad\\\/personal-del-area-de-seguridad-ciudadana-se-forma-en-prevencion-de-los-discursos-de-odio-y-lucha-contra-el-racismo-y-la-xenofobia\\\/#breadcrumb\"},\"inLanguage\":\"es\",\"potentialAction\":[{\"@type\":\"ReadAction\",\"target\":[\"https:\\\/\\\/www.laguiadepamplona.com\\\/actualidad\\\/personal-del-area-de-seguridad-ciudadana-se-forma-en-prevencion-de-los-discursos-de-odio-y-lucha-contra-el-racismo-y-la-xenofobia\\\/\"]}]},{\"@type\":\"ImageObject\",\"inLanguage\":\"es\",\"@id\":\"https:\\\/\\\/www.laguiadepamplona.com\\\/actualidad\\\/personal-del-area-de-seguridad-ciudadana-se-forma-en-prevencion-de-los-discursos-de-odio-y-lucha-contra-el-racismo-y-la-xenofobia\\\/#primaryimage\",\"url\":\"https:\\\/\\\/www.laguiadepamplona.com\\\/actualidad\\\/wp-content\\\/uploads\\\/2024\\\/10\\\/taller-odio-antirrumores_web.jpg\",\"contentUrl\":\"https:\\\/\\\/www.laguiadepamplona.com\\\/actualidad\\\/wp-content\\\/uploads\\\/2024\\\/10\\\/taller-odio-antirrumores_web.jpg\",\"width\":1000,\"height\":1000},{\"@type\":\"BreadcrumbList\",\"@id\":\"https:\\\/\\\/www.laguiadepamplona.com\\\/actualidad\\\/personal-del-area-de-seguridad-ciudadana-se-forma-en-prevencion-de-los-discursos-de-odio-y-lucha-contra-el-racismo-y-la-xenofobia\\\/#breadcrumb\",\"itemListElement\":[{\"@type\":\"ListItem\",\"position\":1,\"name\":\"Portada\",\"item\":\"https:\\\/\\\/www.laguiadepamplona.com\\\/actualidad\\\/\"},{\"@type\":\"ListItem\",\"position\":2,\"name\":\"Personal del \u00c1rea de Seguridad Ciudadana se forma en prevenci\u00f3n de los discursos de odio y lucha contra el racismo y la xenofobia\"}]},{\"@type\":\"WebSite\",\"@id\":\"https:\\\/\\\/www.laguiadepamplona.com\\\/actualidad\\\/#website\",\"url\":\"https:\\\/\\\/www.laguiadepamplona.com\\\/actualidad\\\/\",\"name\":\"La gu\u00eda de Pamplona\",\"description\":\"Noticias de Pamplona\",\"publisher\":{\"@id\":\"https:\\\/\\\/www.laguiadepamplona.com\\\/actualidad\\\/#organization\"},\"potentialAction\":[{\"@type\":\"SearchAction\",\"target\":{\"@type\":\"EntryPoint\",\"urlTemplate\":\"https:\\\/\\\/www.laguiadepamplona.com\\\/actualidad\\\/?s={search_term_string}\"},\"query-input\":{\"@type\":\"PropertyValueSpecification\",\"valueRequired\":true,\"valueName\":\"search_term_string\"}}],\"inLanguage\":\"es\"},{\"@type\":\"Organization\",\"@id\":\"https:\\\/\\\/www.laguiadepamplona.com\\\/actualidad\\\/#organization\",\"name\":\"La Gu\u00eda de Pamplona \\\/ Noticias\",\"url\":\"https:\\\/\\\/www.laguiadepamplona.com\\\/actualidad\\\/\",\"logo\":{\"@type\":\"ImageObject\",\"inLanguage\":\"es\",\"@id\":\"https:\\\/\\\/www.laguiadepamplona.com\\\/actualidad\\\/#\\\/schema\\\/logo\\\/image\\\/\",\"url\":\"https:\\\/\\\/www.laguiadepamplona.com\\\/actualidad\\\/wp-content\\\/uploads\\\/2018\\\/11\\\/logo-laguiadepamplona18-web1.png\",\"contentUrl\":\"https:\\\/\\\/www.laguiadepamplona.com\\\/actualidad\\\/wp-content\\\/uploads\\\/2018\\\/11\\\/logo-laguiadepamplona18-web1.png\",\"width\":600,\"height\":196,\"caption\":\"La Gu\u00eda de Pamplona \\\/ Noticias\"},\"image\":{\"@id\":\"https:\\\/\\\/www.laguiadepamplona.com\\\/actualidad\\\/#\\\/schema\\\/logo\\\/image\\\/\"},\"sameAs\":[\"https:\\\/\\\/www.facebook.com\\\/laguiadepamplonacom-133175176762273\\\/?ref=hl\",\"https:\\\/\\\/x.com\\\/LaGuiadPamplona\",\"https:\\\/\\\/www.instagram.com\\\/la_guia_de_pamplona\\\/\",\"https:\\\/\\\/www.youtube.com\\\/user\\\/laguiadepamplona\"]},{\"@type\":\"Person\",\"@id\":\"https:\\\/\\\/www.laguiadepamplona.com\\\/actualidad\\\/#\\\/schema\\\/person\\\/efe887376f0213d4657c93adc50b1fdb\",\"name\":\"La Gu\u00eda de Pamplona\",\"image\":{\"@type\":\"ImageObject\",\"inLanguage\":\"es\",\"@id\":\"https:\\\/\\\/secure.gravatar.com\\\/avatar\\\/b6992f131dc8d30ab0dff15446e9d346d9dbd95992de0fef795073f5ea83a81c?s=96&d=mm&r=g\",\"url\":\"https:\\\/\\\/secure.gravatar.com\\\/avatar\\\/b6992f131dc8d30ab0dff15446e9d346d9dbd95992de0fef795073f5ea83a81c?s=96&d=mm&r=g\",\"contentUrl\":\"https:\\\/\\\/secure.gravatar.com\\\/avatar\\\/b6992f131dc8d30ab0dff15446e9d346d9dbd95992de0fef795073f5ea83a81c?s=96&d=mm&r=g\",\"caption\":\"La Gu\u00eda de Pamplona\"}}]}<\/script>\n<!-- \/ Yoast SEO plugin. -->","yoast_head_json":{"title":"Personal del \u00c1rea de Seguridad Ciudadana se forma en prevenci\u00f3n de los discursos de odio y lucha contra el racismo y la xenofobia","description":"Las inscripciones para el taller, dentro del Plan de Diversidad Cultural y Ciudadan\u00eda Inclusiva de Pamplona, est\u00e1n abiertas hasta el 4 de noviembre","robots":{"index":"index","follow":"follow","max-snippet":"max-snippet:-1","max-image-preview":"max-image-preview:large","max-video-preview":"max-video-preview:-1"},"canonical":"https:\/\/www.laguiadepamplona.com\/actualidad\/personal-del-area-de-seguridad-ciudadana-se-forma-en-prevencion-de-los-discursos-de-odio-y-lucha-contra-el-racismo-y-la-xenofobia\/","og_locale":"es_ES","og_type":"article","og_title":"Personal del \u00c1rea de Seguridad Ciudadana se forma en prevenci\u00f3n de los discursos de odio y lucha contra el racismo y la xenofobia","og_description":"Las inscripciones para el taller, dentro del Plan de Diversidad Cultural y Ciudadan\u00eda Inclusiva de Pamplona, est\u00e1n abiertas hasta el 4 de noviembre","og_url":"https:\/\/www.laguiadepamplona.com\/actualidad\/personal-del-area-de-seguridad-ciudadana-se-forma-en-prevencion-de-los-discursos-de-odio-y-lucha-contra-el-racismo-y-la-xenofobia\/","og_site_name":"La Gu\u00eda de Pamplona","article_publisher":"https:\/\/www.facebook.com\/laguiadepamplonacom-133175176762273\/?ref=hl","article_published_time":"2024-10-29T12:13:43+00:00","og_image":[{"width":1000,"height":1000,"url":"https:\/\/www.laguiadepamplona.com\/actualidad\/wp-content\/uploads\/2024\/10\/taller-odio-antirrumores_web.jpg","type":"image\/jpeg"}],"author":"La Gu\u00eda de Pamplona","twitter_card":"summary_large_image","twitter_creator":"@LaGuiadPamplona","twitter_site":"@LaGuiadPamplona","twitter_misc":{"Escrito por":"La Gu\u00eda de Pamplona","Tiempo de lectura":"3 minutos"},"schema":{"@context":"https:\/\/schema.org","@graph":[{"@type":"Article","@id":"https:\/\/www.laguiadepamplona.com\/actualidad\/personal-del-area-de-seguridad-ciudadana-se-forma-en-prevencion-de-los-discursos-de-odio-y-lucha-contra-el-racismo-y-la-xenofobia\/#article","isPartOf":{"@id":"https:\/\/www.laguiadepamplona.com\/actualidad\/personal-del-area-de-seguridad-ciudadana-se-forma-en-prevencion-de-los-discursos-de-odio-y-lucha-contra-el-racismo-y-la-xenofobia\/"},"author":{"name":"La Gu\u00eda de Pamplona","@id":"https:\/\/www.laguiadepamplona.com\/actualidad\/#\/schema\/person\/efe887376f0213d4657c93adc50b1fdb"},"headline":"Personal del \u00c1rea de Seguridad Ciudadana se forma en prevenci\u00f3n de los discursos de odio y lucha contra el racismo y la xenofobia","datePublished":"2024-10-29T12:13:43+00:00","mainEntityOfPage":{"@id":"https:\/\/www.laguiadepamplona.com\/actualidad\/personal-del-area-de-seguridad-ciudadana-se-forma-en-prevencion-de-los-discursos-de-odio-y-lucha-contra-el-racismo-y-la-xenofobia\/"},"wordCount":479,"commentCount":0,"publisher":{"@id":"https:\/\/www.laguiadepamplona.com\/actualidad\/#organization"},"image":{"@id":"https:\/\/www.laguiadepamplona.com\/actualidad\/personal-del-area-de-seguridad-ciudadana-se-forma-en-prevencion-de-los-discursos-de-odio-y-lucha-contra-el-racismo-y-la-xenofobia\/#primaryimage"},"thumbnailUrl":"https:\/\/www.laguiadepamplona.com\/actualidad\/wp-content\/uploads\/2024\/10\/taller-odio-antirrumores_web.jpg","articleSection":["Ayto Pamplona"],"inLanguage":"es","potentialAction":[{"@type":"CommentAction","name":"Comment","target":["https:\/\/www.laguiadepamplona.com\/actualidad\/personal-del-area-de-seguridad-ciudadana-se-forma-en-prevencion-de-los-discursos-de-odio-y-lucha-contra-el-racismo-y-la-xenofobia\/#respond"]}]},{"@type":"WebPage","@id":"https:\/\/www.laguiadepamplona.com\/actualidad\/personal-del-area-de-seguridad-ciudadana-se-forma-en-prevencion-de-los-discursos-de-odio-y-lucha-contra-el-racismo-y-la-xenofobia\/","url":"https:\/\/www.laguiadepamplona.com\/actualidad\/personal-del-area-de-seguridad-ciudadana-se-forma-en-prevencion-de-los-discursos-de-odio-y-lucha-contra-el-racismo-y-la-xenofobia\/","name":"Personal del \u00c1rea de Seguridad Ciudadana se forma en prevenci\u00f3n de los discursos de odio y lucha contra el racismo y la xenofobia","isPartOf":{"@id":"https:\/\/www.laguiadepamplona.com\/actualidad\/#website"},"primaryImageOfPage":{"@id":"https:\/\/www.laguiadepamplona.com\/actualidad\/personal-del-area-de-seguridad-ciudadana-se-forma-en-prevencion-de-los-discursos-de-odio-y-lucha-contra-el-racismo-y-la-xenofobia\/#primaryimage"},"image":{"@id":"https:\/\/www.laguiadepamplona.com\/actualidad\/personal-del-area-de-seguridad-ciudadana-se-forma-en-prevencion-de-los-discursos-de-odio-y-lucha-contra-el-racismo-y-la-xenofobia\/#primaryimage"},"thumbnailUrl":"https:\/\/www.laguiadepamplona.com\/actualidad\/wp-content\/uploads\/2024\/10\/taller-odio-antirrumores_web.jpg","datePublished":"2024-10-29T12:13:43+00:00","description":"Las inscripciones para el taller, dentro del Plan de Diversidad Cultural y Ciudadan\u00eda Inclusiva de Pamplona, est\u00e1n abiertas hasta el 4 de noviembre","breadcrumb":{"@id":"https:\/\/www.laguiadepamplona.com\/actualidad\/personal-del-area-de-seguridad-ciudadana-se-forma-en-prevencion-de-los-discursos-de-odio-y-lucha-contra-el-racismo-y-la-xenofobia\/#breadcrumb"},"inLanguage":"es","potentialAction":[{"@type":"ReadAction","target":["https:\/\/www.laguiadepamplona.com\/actualidad\/personal-del-area-de-seguridad-ciudadana-se-forma-en-prevencion-de-los-discursos-de-odio-y-lucha-contra-el-racismo-y-la-xenofobia\/"]}]},{"@type":"ImageObject","inLanguage":"es","@id":"https:\/\/www.laguiadepamplona.com\/actualidad\/personal-del-area-de-seguridad-ciudadana-se-forma-en-prevencion-de-los-discursos-de-odio-y-lucha-contra-el-racismo-y-la-xenofobia\/#primaryimage","url":"https:\/\/www.laguiadepamplona.com\/actualidad\/wp-content\/uploads\/2024\/10\/taller-odio-antirrumores_web.jpg","contentUrl":"https:\/\/www.laguiadepamplona.com\/actualidad\/wp-content\/uploads\/2024\/10\/taller-odio-antirrumores_web.jpg","width":1000,"height":1000},{"@type":"BreadcrumbList","@id":"https:\/\/www.laguiadepamplona.com\/actualidad\/personal-del-area-de-seguridad-ciudadana-se-forma-en-prevencion-de-los-discursos-de-odio-y-lucha-contra-el-racismo-y-la-xenofobia\/#breadcrumb","itemListElement":[{"@type":"ListItem","position":1,"name":"Portada","item":"https:\/\/www.laguiadepamplona.com\/actualidad\/"},{"@type":"ListItem","position":2,"name":"Personal del \u00c1rea de Seguridad Ciudadana se forma en prevenci\u00f3n de los discursos de odio y lucha contra el racismo y la xenofobia"}]},{"@type":"WebSite","@id":"https:\/\/www.laguiadepamplona.com\/actualidad\/#website","url":"https:\/\/www.laguiadepamplona.com\/actualidad\/","name":"La gu\u00eda de Pamplona","description":"Noticias de Pamplona","publisher":{"@id":"https:\/\/www.laguiadepamplona.com\/actualidad\/#organization"},"potentialAction":[{"@type":"SearchAction","target":{"@type":"EntryPoint","urlTemplate":"https:\/\/www.laguiadepamplona.com\/actualidad\/?s={search_term_string}"},"query-input":{"@type":"PropertyValueSpecification","valueRequired":true,"valueName":"search_term_string"}}],"inLanguage":"es"},{"@type":"Organization","@id":"https:\/\/www.laguiadepamplona.com\/actualidad\/#organization","name":"La Gu\u00eda de Pamplona \/ Noticias","url":"https:\/\/www.laguiadepamplona.com\/actualidad\/","logo":{"@type":"ImageObject","inLanguage":"es","@id":"https:\/\/www.laguiadepamplona.com\/actualidad\/#\/schema\/logo\/image\/","url":"https:\/\/www.laguiadepamplona.com\/actualidad\/wp-content\/uploads\/2018\/11\/logo-laguiadepamplona18-web1.png","contentUrl":"https:\/\/www.laguiadepamplona.com\/actualidad\/wp-content\/uploads\/2018\/11\/logo-laguiadepamplona18-web1.png","width":600,"height":196,"caption":"La Gu\u00eda de Pamplona \/ Noticias"},"image":{"@id":"https:\/\/www.laguiadepamplona.com\/actualidad\/#\/schema\/logo\/image\/"},"sameAs":["https:\/\/www.facebook.com\/laguiadepamplonacom-133175176762273\/?ref=hl","https:\/\/x.com\/LaGuiadPamplona","https:\/\/www.instagram.com\/la_guia_de_pamplona\/","https:\/\/www.youtube.com\/user\/laguiadepamplona"]},{"@type":"Person","@id":"https:\/\/www.laguiadepamplona.com\/actualidad\/#\/schema\/person\/efe887376f0213d4657c93adc50b1fdb","name":"La Gu\u00eda de Pamplona","image":{"@type":"ImageObject","inLanguage":"es","@id":"https:\/\/secure.gravatar.com\/avatar\/b6992f131dc8d30ab0dff15446e9d346d9dbd95992de0fef795073f5ea83a81c?s=96&d=mm&r=g","url":"https:\/\/secure.gravatar.com\/avatar\/b6992f131dc8d30ab0dff15446e9d346d9dbd95992de0fef795073f5ea83a81c?s=96&d=mm&r=g","contentUrl":"https:\/\/secure.gravatar.com\/avatar\/b6992f131dc8d30ab0dff15446e9d346d9dbd95992de0fef795073f5ea83a81c?s=96&d=mm&r=g","caption":"La Gu\u00eda de Pamplona"}}]}},"post_mailing_queue_ids":[],"_links":{"self":[{"href":"https:\/\/www.laguiadepamplona.com\/actualidad\/wp-json\/wp\/v2\/posts\/51171","targetHints":{"allow":["GET"]}}],"collection":[{"href":"https:\/\/www.laguiadepamplona.com\/actualidad\/wp-json\/wp\/v2\/posts"}],"about":[{"href":"https:\/\/www.laguiadepamplona.com\/actualidad\/wp-json\/wp\/v2\/types\/post"}],"author":[{"embeddable":true,"href":"https:\/\/www.laguiadepamplona.com\/actualidad\/wp-json\/wp\/v2\/users\/1"}],"replies":[{"embeddable":true,"href":"https:\/\/www.laguiadepamplona.com\/actualidad\/wp-json\/wp\/v2\/comments?post=51171"}],"version-history":[{"count":1,"href":"https:\/\/www.laguiadepamplona.com\/actualidad\/wp-json\/wp\/v2\/posts\/51171\/revisions"}],"predecessor-version":[{"id":51173,"href":"https:\/\/www.laguiadepamplona.com\/actualidad\/wp-json\/wp\/v2\/posts\/51171\/revisions\/51173"}],"wp:featuredmedia":[{"embeddable":true,"href":"https:\/\/www.laguiadepamplona.com\/actualidad\/wp-json\/wp\/v2\/media\/51172"}],"wp:attachment":[{"href":"https:\/\/www.laguiadepamplona.com\/actualidad\/wp-json\/wp\/v2\/media?parent=51171"}],"wp:term":[{"taxonomy":"category","embeddable":true,"href":"https:\/\/www.laguiadepamplona.com\/actualidad\/wp-json\/wp\/v2\/categories?post=51171"},{"taxonomy":"post_tag","embeddable":true,"href":"https:\/\/www.laguiadepamplona.com\/actualidad\/wp-json\/wp\/v2\/tags?post=51171"}],"curies":[{"name":"wp","href":"https:\/\/api.w.org\/{rel}","templated":true}]}}