{"id":51168,"date":"2024-10-29T14:09:53","date_gmt":"2024-10-29T12:09:53","guid":{"rendered":"https:\/\/www.laguiadepamplona.com\/actualidad\/?p=51168"},"modified":"2024-10-29T14:09:53","modified_gmt":"2024-10-29T12:09:53","slug":"el-cementerio-municipal-san-jose-de-pamplona-cerro-2023-como-el-ano-con-mayor-numero-de-cremaciones-con-2-445-un-8280-del-total-de-servicios-funerarios","status":"publish","type":"post","link":"https:\/\/www.laguiadepamplona.com\/actualidad\/el-cementerio-municipal-san-jose-de-pamplona-cerro-2023-como-el-ano-con-mayor-numero-de-cremaciones-con-2-445-un-8280-del-total-de-servicios-funerarios\/","title":{"rendered":"El cementerio municipal San Jos\u00e9 de Pamplona cerr\u00f3 2023 como el a\u00f1o con mayor n\u00famero de cremaciones, con 2.445, un 82,80% del total de servicios funerarios"},"content":{"rendered":"<h2 class=\"x_2Subtitulo\">En los nueve primeros meses de 2024 el porcentaje se ha incrementado y supone ya el 83,70%<\/h2>\n<p class=\"x_MsoNormal\"><!--more--><\/p>\n<p class=\"x_3Texto\">Ocho de cada diez servicios funerarios en el cementerio municipal San Jos\u00e9 de Pamplona fueron en 2023 cremaciones. En concreto, 2.445 de 2.953 servicios. La cifra es la m\u00e1s alta registrada hasta la fecha y ha permitido superar la barrera del 80% de cremaciones. El porcentaje, de hecho, escal\u00f3 el a\u00f1o pasado al 82,80% y la tendencia sigue creciendo. Una muestra de ello es la evoluci\u00f3n de los primeros nueve meses de 2024. En este tiempo las cremaciones, cifradas en 1.936, representan el 83,70% de todos los servicios funerarios realizados en el cementerio municipal<\/p>\n<p class=\"x_3Texto\">Frente a los datos de incineraciones, las inhumaciones caen a\u00f1o tras a\u00f1o. El n\u00famero total de enterramientos en 2023 fue de 509 (un 17,23% del total). De ellos, la mayor\u00eda fueron en nicho (317), seguidos por inhumaciones en panteones (166) y, las menos, en fosas de tierra (26). La cifra en los primeros meses de 2024 no es mayor. Cuando a\u00fan quedan tres meses por delante, la cifra total de inhumaciones es de 378, lo que representa el 16,34% del total (casi un punto menos que en todo 2023). Los enterramientos en nicho entre enero y el 30 de septiembre de este a\u00f1o han sido 249, mientras que la opci\u00f3n del pante\u00f3n se ha elegido en 113 servicios. En el caso de las fosas de tierra el n\u00famero ha sido de 16.<\/p>\n<p class=\"x_3Texto\">Comparando el mismo periodo con un a\u00f1o antes, los datos vuelven a mostrar una clara preferencia por las cremaciones. En los nueve primeros meses se han realizado 110 m\u00e1s que en las mismas fechas de un a\u00f1o antes (1.936 en 2024 frente a 1.826 en 2023). Por el contrario, los distintos tipos de inhumaciones bajan. Se han realizado 9 enterramientos en nicho menos; 22 menos en panteones y 3 menos en fosas de tierra. Todo ello, pese a haberse registrado 93 servicios funerarios m\u00e1s que en el mismo periodo de 2023.<\/p>\n<p class=\"x_3Texto\">La tendencia no es nueva. Aunque ha habido a\u00f1os con peque\u00f1os repuntes en las inhumaciones en nicho, como en 2011 (que se hicieron 26 m\u00e1s que un a\u00f1o antes) o 2014 (con 19 m\u00e1s que en 2013) o 2017 (7 m\u00e1s), esos datos no frenan una l\u00ednea clara de descenso en este tipo de enterramientos. En 2006, la elecci\u00f3n de nichos era la solicitada en el 37,41% de los casos, frente al 49% que optaba por la cremaci\u00f3n. El porcentaje de inhumaciones en nichos en 2023 fue del 10,73%. Y los porcentajes siguen descendiendo este 2024. El enterramiento en nichos en lo que va de a\u00f1o supone el 10,75% del total (un punto menos que en 2023)<\/p>\n<p class=\"x_3Texto\">Los datos no son mejores al hablar de panteones. Si en 2006, representaban el 11,59%. El a\u00f1o pasado fue el 5,62% y este 2024, de momento, el porcentaje se queda en el 4,88% (con un descenso similar, pr\u00f3ximo a un punto porcentual). El enterramiento en fosas de tierra siempre ha sido el menos utilizado y el descenso, aunque tambi\u00e9n supone una reducci\u00f3n de m\u00e1s del 30%, es menos relevante en el c\u00f3mputo general. Si en 2006 se realizaron 38 enterramientos de este tipo (1,92% del total), en todo 2023 la cifra fue de 26 (un 0,88%) y en lo que va de 2024 es de 16 (un 0,69%).<\/p>\n<p class=\"x_4Ladillo\"><strong>Festividad de Todos los Santos<\/strong><\/p>\n<p class=\"x_3Texto\">Con motivo de la festividad de Todos los Santos, el pr\u00f3ximo viernes 1 de noviembre, y ante el previsible incremento de visitantes al cementerio se ha activado un dispositivo especial de tr\u00e1fico, para facilitar el acceso al cementerio. Por su parte, la puerta principal del camposanto permanecer\u00e1 abierta desde las 8 de la ma\u00f1ana hasta las 19 horas, todos los d\u00edas hasta el 2 de noviembre incluido. El resto de puertas se cerrar\u00e1n a las 18.30 horas. A partir del 3 de noviembre y hasta el 31 de marzo, entra en vigor el horario de invierno, en el que la puerta principal se cierra a las 18.00 y el resto de puertas, a las 17.30.<\/p>\n<div>\n<h3 class=\"x_5TituloApoyodedatos\">Hist\u00f3rico del Cementerio<\/h3>\n<\/div>\n<p class=\"x_4Ladillo\" aria-hidden=\"true\">\n<table class=\"x_MsoNormalTable\" border=\"1\" cellspacing=\"0\" cellpadding=\"0\">\n<tbody>\n<tr>\n<td valign=\"top\" width=\"137\">\n<p class=\"x_MsoNormal\" align=\"center\"><b>\u00a0<\/b><\/p>\n<\/td>\n<td valign=\"top\" width=\"103\">\n<p class=\"x_MsoNormal\" align=\"center\"><b>Cremaciones<\/b><\/p>\n<\/td>\n<td valign=\"top\" width=\"103\">\n<p class=\"x_MsoNormal\" align=\"center\"><b>Nichos<\/b><\/p>\n<\/td>\n<td valign=\"top\" width=\"88\">\n<p class=\"x_MsoNormal\" align=\"center\"><b>Panteones<\/b><\/p>\n<\/td>\n<td valign=\"top\" width=\"110\">\n<p class=\"x_MsoNormal\" align=\"center\"><b>Fosas de tierra<\/b><\/p>\n<\/td>\n<td valign=\"top\" width=\"93\">\n<p class=\"x_MsoNormal\" align=\"center\"><b>Total<\/b><\/p>\n<\/td>\n<\/tr>\n<tr>\n<td valign=\"top\" width=\"137\">\n<p class=\"x_MsoNormal\" align=\"center\"><b>2006<\/b><\/p>\n<\/td>\n<td valign=\"top\" width=\"103\">\n<p class=\"x_MsoNormal\" align=\"center\">969<\/p>\n<\/td>\n<td valign=\"top\" width=\"103\">\n<p class=\"x_MsoNormal\" align=\"center\">739<\/p>\n<\/td>\n<td valign=\"top\" width=\"88\">\n<p class=\"x_MsoNormal\" align=\"center\">229<\/p>\n<\/td>\n<td valign=\"top\" width=\"110\">\n<p class=\"x_MsoNormal\" align=\"center\">38<\/p>\n<\/td>\n<td valign=\"top\" width=\"93\">\n<p class=\"x_MsoNormal\" align=\"center\">1.975<\/p>\n<\/td>\n<\/tr>\n<tr>\n<td valign=\"top\" width=\"137\">\n<p class=\"x_MsoNormal\" align=\"center\"><b>2007<\/b><\/p>\n<\/td>\n<td valign=\"top\" width=\"103\">\n<p class=\"x_MsoNormal\" align=\"center\">1.181<\/p>\n<\/td>\n<td valign=\"top\" width=\"103\">\n<p class=\"x_MsoNormal\" align=\"center\">695<\/p>\n<\/td>\n<td valign=\"top\" width=\"88\">\n<p class=\"x_MsoNormal\" align=\"center\">244<\/p>\n<\/td>\n<td valign=\"top\" width=\"110\">\n<p class=\"x_MsoNormal\" align=\"center\">35<\/p>\n<\/td>\n<td valign=\"top\" width=\"93\">\n<p class=\"x_MsoNormal\" align=\"center\">2.155<\/p>\n<\/td>\n<\/tr>\n<tr>\n<td valign=\"top\" width=\"137\">\n<p class=\"x_MsoNormal\" align=\"center\"><b>2008<\/b><\/p>\n<\/td>\n<td valign=\"top\" width=\"103\">\n<p class=\"x_MsoNormal\" align=\"center\">1.263<\/p>\n<\/td>\n<td valign=\"top\" width=\"103\">\n<p class=\"x_MsoNormal\" align=\"center\">632<\/p>\n<\/td>\n<td valign=\"top\" width=\"88\">\n<p class=\"x_MsoNormal\" align=\"center\">221<\/p>\n<\/td>\n<td valign=\"top\" width=\"110\">\n<p class=\"x_MsoNormal\" align=\"center\">37<\/p>\n<\/td>\n<td valign=\"top\" width=\"93\">\n<p class=\"x_MsoNormal\" align=\"center\">2.153<\/p>\n<\/td>\n<\/tr>\n<tr>\n<td valign=\"top\" width=\"137\">\n<p class=\"x_MsoNormal\" align=\"center\"><b>2009<\/b><\/p>\n<\/td>\n<td valign=\"top\" width=\"103\">\n<p class=\"x_MsoNormal\" align=\"center\">1.346<\/p>\n<\/td>\n<td valign=\"top\" width=\"103\">\n<p class=\"x_MsoNormal\" align=\"center\">622<\/p>\n<\/td>\n<td valign=\"top\" width=\"88\">\n<p class=\"x_MsoNormal\" align=\"center\">245<\/p>\n<\/td>\n<td valign=\"top\" width=\"110\">\n<p class=\"x_MsoNormal\" align=\"center\">30<\/p>\n<\/td>\n<td valign=\"top\" width=\"93\">\n<p class=\"x_MsoNormal\" align=\"center\">2.244<\/p>\n<\/td>\n<\/tr>\n<tr>\n<td valign=\"top\" width=\"137\">\n<p class=\"x_MsoNormal\" align=\"center\"><b>2010<\/b><\/p>\n<\/td>\n<td valign=\"top\" width=\"103\">\n<p class=\"x_MsoNormal\" align=\"center\">1.336<\/p>\n<\/td>\n<td valign=\"top\" width=\"103\">\n<p class=\"x_MsoNormal\" align=\"center\">534<\/p>\n<\/td>\n<td valign=\"top\" width=\"88\">\n<p class=\"x_MsoNormal\" align=\"center\">218<\/p>\n<\/td>\n<td valign=\"top\" width=\"110\">\n<p class=\"x_MsoNormal\" align=\"center\">29<\/p>\n<\/td>\n<td valign=\"top\" width=\"93\">\n<p class=\"x_MsoNormal\" align=\"center\">2.117<\/p>\n<\/td>\n<\/tr>\n<tr>\n<td valign=\"top\" width=\"137\">\n<p class=\"x_MsoNormal\" align=\"center\"><b>2011<\/b><\/p>\n<\/td>\n<td valign=\"top\" width=\"103\">\n<p class=\"x_MsoNormal\" align=\"center\">1.440<\/p>\n<\/td>\n<td valign=\"top\" width=\"103\">\n<p class=\"x_MsoNormal\" align=\"center\">560<\/p>\n<\/td>\n<td valign=\"top\" width=\"88\">\n<p class=\"x_MsoNormal\" align=\"center\">220<\/p>\n<\/td>\n<td valign=\"top\" width=\"110\">\n<p class=\"x_MsoNormal\" align=\"center\">17<\/p>\n<\/td>\n<td valign=\"top\" width=\"93\">\n<p class=\"x_MsoNormal\" align=\"center\">2.237<\/p>\n<\/td>\n<\/tr>\n<tr>\n<td valign=\"top\" width=\"137\">\n<p class=\"x_MsoNormal\" align=\"center\"><b>2012<\/b><\/p>\n<\/td>\n<td valign=\"top\" width=\"103\">\n<p class=\"x_MsoNormal\" align=\"center\">1.500<\/p>\n<\/td>\n<td valign=\"top\" width=\"103\">\n<p class=\"x_MsoNormal\" align=\"center\">510<\/p>\n<\/td>\n<td valign=\"top\" width=\"88\">\n<p class=\"x_MsoNormal\" align=\"center\">197<\/p>\n<\/td>\n<td valign=\"top\" width=\"110\">\n<p class=\"x_MsoNormal\" align=\"center\">20<\/p>\n<\/td>\n<td valign=\"top\" width=\"93\">\n<p class=\"x_MsoNormal\" align=\"center\">2.227<\/p>\n<\/td>\n<\/tr>\n<tr>\n<td valign=\"top\" width=\"137\">\n<p class=\"x_MsoNormal\" align=\"center\"><b>2013<\/b><\/p>\n<\/td>\n<td valign=\"top\" width=\"103\">\n<p class=\"x_MsoNormal\" align=\"center\">1.568<\/p>\n<\/td>\n<td valign=\"top\" width=\"103\">\n<p class=\"x_MsoNormal\" align=\"center\">481<\/p>\n<\/td>\n<td valign=\"top\" width=\"88\">\n<p class=\"x_MsoNormal\" align=\"center\">189<\/p>\n<\/td>\n<td valign=\"top\" width=\"110\">\n<p class=\"x_MsoNormal\" align=\"center\">19<\/p>\n<\/td>\n<td valign=\"top\" width=\"93\">\n<p class=\"x_MsoNormal\" align=\"center\">2.257<\/p>\n<\/td>\n<\/tr>\n<tr>\n<td valign=\"top\" width=\"137\">\n<p class=\"x_MsoNormal\" align=\"center\"><b>2014<\/b><\/p>\n<\/td>\n<td valign=\"top\" width=\"103\">\n<p class=\"x_MsoNormal\" align=\"center\">1.786<\/p>\n<\/td>\n<td valign=\"top\" width=\"103\">\n<p class=\"x_MsoNormal\" align=\"center\">500<\/p>\n<\/td>\n<td valign=\"top\" width=\"88\">\n<p class=\"x_MsoNormal\" align=\"center\">234<\/p>\n<\/td>\n<td valign=\"top\" width=\"110\">\n<p class=\"x_MsoNormal\" align=\"center\">20<\/p>\n<\/td>\n<td valign=\"top\" width=\"93\">\n<p class=\"x_MsoNormal\" align=\"center\">2.540<\/p>\n<\/td>\n<\/tr>\n<tr>\n<td valign=\"top\" width=\"137\">\n<p class=\"x_MsoNormal\" align=\"center\"><b>2015<\/b><\/p>\n<\/td>\n<td valign=\"top\" width=\"103\">\n<p class=\"x_MsoNormal\" align=\"center\">1.888<\/p>\n<\/td>\n<td valign=\"top\" width=\"103\">\n<p class=\"x_MsoNormal\" align=\"center\">457<\/p>\n<\/td>\n<td valign=\"top\" width=\"88\">\n<p class=\"x_MsoNormal\" align=\"center\">214<\/p>\n<\/td>\n<td valign=\"top\" width=\"110\">\n<p class=\"x_MsoNormal\" align=\"center\">15<\/p>\n<\/td>\n<td valign=\"top\" width=\"93\">\n<p class=\"x_MsoNormal\" align=\"center\">2.573<\/p>\n<\/td>\n<\/tr>\n<tr>\n<td valign=\"top\" width=\"137\">\n<p class=\"x_MsoNormal\" align=\"center\"><b>2016<\/b><\/p>\n<\/td>\n<td valign=\"top\" width=\"103\">\n<p class=\"x_MsoNormal\" align=\"center\">2.078<\/p>\n<\/td>\n<td valign=\"top\" width=\"103\">\n<p class=\"x_MsoNormal\" align=\"center\">427<\/p>\n<\/td>\n<td valign=\"top\" width=\"88\">\n<p class=\"x_MsoNormal\" align=\"center\">184<\/p>\n<\/td>\n<td valign=\"top\" width=\"110\">\n<p class=\"x_MsoNormal\" align=\"center\">8<\/p>\n<\/td>\n<td valign=\"top\" width=\"93\">\n<p class=\"x_MsoNormal\" align=\"center\">2.697<\/p>\n<\/td>\n<\/tr>\n<tr>\n<td valign=\"top\" width=\"137\">\n<p class=\"x_MsoNormal\" align=\"center\"><b>2017<\/b><\/p>\n<\/td>\n<td valign=\"top\" width=\"103\">\n<p class=\"x_MsoNormal\" align=\"center\">2.033<\/p>\n<\/td>\n<td valign=\"top\" width=\"103\">\n<p class=\"x_MsoNormal\" align=\"center\">435<\/p>\n<\/td>\n<td valign=\"top\" width=\"88\">\n<p class=\"x_MsoNormal\" align=\"center\">183<\/p>\n<\/td>\n<td valign=\"top\" width=\"110\">\n<p class=\"x_MsoNormal\" align=\"center\">24<\/p>\n<\/td>\n<td valign=\"top\" width=\"93\">\n<p class=\"x_MsoNormal\" align=\"center\">2.675<\/p>\n<\/td>\n<\/tr>\n<tr>\n<td valign=\"top\" width=\"137\">\n<p class=\"x_MsoNormal\" align=\"center\"><b>2018<\/b><\/p>\n<\/td>\n<td valign=\"top\" width=\"103\">\n<p class=\"x_MsoNormal\" align=\"center\">2.171<\/p>\n<\/td>\n<td valign=\"top\" width=\"103\">\n<p class=\"x_MsoNormal\" align=\"center\">420<\/p>\n<\/td>\n<td valign=\"top\" width=\"88\">\n<p class=\"x_MsoNormal\" align=\"center\">180<\/p>\n<\/td>\n<td valign=\"top\" width=\"110\">\n<p class=\"x_MsoNormal\" align=\"center\">32<\/p>\n<\/td>\n<td valign=\"top\" width=\"93\">\n<p class=\"x_MsoNormal\" align=\"center\">2.803<\/p>\n<\/td>\n<\/tr>\n<tr>\n<td valign=\"top\" width=\"137\">\n<p class=\"x_MsoNormal\" align=\"center\"><b>2019<\/b><\/p>\n<\/td>\n<td valign=\"top\" width=\"103\">\n<p class=\"x_MsoNormal\" align=\"center\">2.162<\/p>\n<\/td>\n<td valign=\"top\" width=\"103\">\n<p class=\"x_MsoNormal\" align=\"center\">363<\/p>\n<\/td>\n<td valign=\"top\" width=\"88\">\n<p class=\"x_MsoNormal\" align=\"center\">191<\/p>\n<\/td>\n<td valign=\"top\" width=\"110\">\n<p class=\"x_MsoNormal\" align=\"center\">37<\/p>\n<\/td>\n<td valign=\"top\" width=\"93\">\n<p class=\"x_MsoNormal\" align=\"center\">2.753<\/p>\n<\/td>\n<\/tr>\n<tr>\n<td valign=\"top\" width=\"137\">\n<p class=\"x_MsoNormal\" align=\"center\"><b>2020<\/b><\/p>\n<\/td>\n<td valign=\"top\" width=\"103\">\n<p class=\"x_MsoNormal\" align=\"center\">2.402<\/p>\n<\/td>\n<td valign=\"top\" width=\"103\">\n<p class=\"x_MsoNormal\" align=\"center\">466<\/p>\n<\/td>\n<td valign=\"top\" width=\"88\">\n<p class=\"x_MsoNormal\" align=\"center\">218<\/p>\n<\/td>\n<td valign=\"top\" width=\"110\">\n<p class=\"x_MsoNormal\" align=\"center\">46<\/p>\n<\/td>\n<td valign=\"top\" width=\"93\">\n<p class=\"x_MsoNormal\" align=\"center\">3.132<\/p>\n<\/td>\n<\/tr>\n<tr>\n<td valign=\"top\" width=\"137\">\n<p class=\"x_MsoNormal\" align=\"center\"><b>2021<\/b><\/p>\n<\/td>\n<td valign=\"top\" width=\"103\">\n<p class=\"x_MsoNormal\" align=\"center\">2.072<\/p>\n<\/td>\n<td valign=\"top\" width=\"103\">\n<p class=\"x_MsoNormal\" align=\"center\">364<\/p>\n<\/td>\n<td valign=\"top\" width=\"88\">\n<p class=\"x_MsoNormal\" align=\"center\">198<\/p>\n<\/td>\n<td valign=\"top\" width=\"110\">\n<p class=\"x_MsoNormal\" align=\"center\">33<\/p>\n<\/td>\n<td valign=\"top\" width=\"93\">\n<p class=\"x_MsoNormal\" align=\"center\">2.667<\/p>\n<\/td>\n<\/tr>\n<tr>\n<td valign=\"top\" width=\"137\">\n<p class=\"x_MsoNormal\" align=\"center\"><b>2022<\/b><\/p>\n<\/td>\n<td valign=\"top\" width=\"103\">\n<p class=\"x_MsoNormal\" align=\"center\">2.182<\/p>\n<\/td>\n<td valign=\"top\" width=\"103\">\n<p class=\"x_MsoNormal\" align=\"center\">383<\/p>\n<\/td>\n<td valign=\"top\" width=\"88\">\n<p class=\"x_MsoNormal\" align=\"center\">197<\/p>\n<\/td>\n<td valign=\"top\" width=\"110\">\n<p class=\"x_MsoNormal\" align=\"center\">29<\/p>\n<\/td>\n<td valign=\"top\" width=\"93\">\n<p class=\"x_MsoNormal\" align=\"center\">2.791<\/p>\n<\/td>\n<\/tr>\n<tr>\n<td valign=\"top\" width=\"137\">\n<p class=\"x_MsoNormal\" align=\"center\"><b>2023<\/b><\/p>\n<\/td>\n<td valign=\"top\" width=\"103\">\n<p class=\"x_MsoNormal\" align=\"center\">2.445<\/p>\n<\/td>\n<td valign=\"top\" width=\"103\">\n<p class=\"x_MsoNormal\" align=\"center\">317<\/p>\n<\/td>\n<td valign=\"top\" width=\"88\">\n<p class=\"x_MsoNormal\" align=\"center\">166<\/p>\n<\/td>\n<td valign=\"top\" width=\"110\">\n<p class=\"x_MsoNormal\" align=\"center\">26<\/p>\n<\/td>\n<td valign=\"top\" width=\"93\">\n<p class=\"x_MsoNormal\" align=\"center\">2.953<\/p>\n<\/td>\n<\/tr>\n<tr>\n<td valign=\"top\" width=\"137\">\n<p class=\"x_MsoNormal\" align=\"center\"><b>2024 (hasta 30 sept)<\/b><\/p>\n<\/td>\n<td valign=\"top\" width=\"103\">\n<p class=\"x_MsoNormal\" align=\"center\">1.936<\/p>\n<\/td>\n<td valign=\"top\" width=\"103\">\n<p class=\"x_MsoNormal\" align=\"center\">249<\/p>\n<\/td>\n<td valign=\"top\" width=\"88\">\n<p class=\"x_MsoNormal\" align=\"center\">113<\/p>\n<\/td>\n<td valign=\"top\" width=\"110\">\n<p class=\"x_MsoNormal\" align=\"center\">16<\/p>\n<\/td>\n<td valign=\"top\" width=\"93\">\n<p class=\"x_MsoNormal\" align=\"center\">2.313<\/p>\n<\/td>\n<\/tr>\n<\/tbody>\n<\/table>\n<p class=\"x_4Ladillo\" aria-hidden=\"true\">\n<p class=\"x_4Ladillo\" aria-hidden=\"true\">\n<div>\n<h3 class=\"x_5TituloApoyodedatos\">Horarios del Cementerio<\/h3>\n<\/div>\n<p class=\"x_6Textoapoyodatos\">\u00b7\u00a0\u00a0\u00a0\u00a0\u00a0\u00a0\u00a0<b>Del 1 de abril al 2 de noviembre<\/b><\/p>\n<p class=\"x_7texto2apoyodatos\">o\u00a0\u00a0\u00a0\u00a0Horario de verano: Apertura a las 8. La puerta principal se cierra a las 19.00 mientras que el resto de puertas se cierran a las 18.30.<\/p>\n<p class=\"x_6Textoapoyodatos\">\u00b7\u00a0\u00a0\u00a0\u00a0\u00a0\u00a0<b>Del 3 de noviembre al 31 de marzo<\/b>:<\/p>\n<p class=\"x_7texto2apoyodatos\">o\u00a0\u00a0\u00a0\u00a0Horario de invierno: Apertura a las 8. La puerta principal se cierra a las 18.00 mientras que el resto de puertas se cierran a las 17.30.<\/p>\n","protected":false},"excerpt":{"rendered":"<p>En los nueve primeros meses de 2024 el porcentaje se ha incrementado y supone ya el 83,70%<\/p>\n","protected":false},"author":1,"featured_media":51169,"comment_status":"open","ping_status":"closed","sticky":false,"template":"","format":"standard","meta":{"footnotes":""},"categories":[2],"tags":[],"class_list":["post-51168","post","type-post","status-publish","format-standard","has-post-thumbnail","hentry","category-ayuntamiento-pamplona"],"yoast_head":"<!-- This site is optimized with the Yoast SEO plugin v27.3 - https:\/\/yoast.com\/product\/yoast-seo-wordpress\/ -->\n<title>El cementerio municipal San Jos\u00e9 de Pamplona cerr\u00f3 2023 como el a\u00f1o con mayor n\u00famero de cremaciones, con 2.445, un 82,80% del total de servicios funerarios<\/title>\n<meta name=\"description\" content=\"En los nueve primeros meses de 2024 el porcentaje se ha incrementado y supone ya el 83,70%\" \/>\n<meta name=\"robots\" content=\"index, follow, max-snippet:-1, max-image-preview:large, max-video-preview:-1\" \/>\n<link rel=\"canonical\" href=\"https:\/\/www.laguiadepamplona.com\/actualidad\/el-cementerio-municipal-san-jose-de-pamplona-cerro-2023-como-el-ano-con-mayor-numero-de-cremaciones-con-2-445-un-8280-del-total-de-servicios-funerarios\/\" \/>\n<meta property=\"og:locale\" content=\"es_ES\" \/>\n<meta property=\"og:type\" content=\"article\" \/>\n<meta property=\"og:title\" content=\"El cementerio municipal San Jos\u00e9 de Pamplona cerr\u00f3 2023 como el a\u00f1o con mayor n\u00famero de cremaciones, con 2.445, un 82,80% del total de servicios funerarios\" \/>\n<meta property=\"og:description\" content=\"En los nueve primeros meses de 2024 el porcentaje se ha incrementado y supone ya el 83,70%\" \/>\n<meta property=\"og:url\" content=\"https:\/\/www.laguiadepamplona.com\/actualidad\/el-cementerio-municipal-san-jose-de-pamplona-cerro-2023-como-el-ano-con-mayor-numero-de-cremaciones-con-2-445-un-8280-del-total-de-servicios-funerarios\/\" \/>\n<meta property=\"og:site_name\" content=\"La Gu\u00eda de Pamplona\" \/>\n<meta property=\"article:publisher\" content=\"https:\/\/www.facebook.com\/laguiadepamplonacom-133175176762273\/?ref=hl\" \/>\n<meta property=\"article:published_time\" content=\"2024-10-29T12:09:53+00:00\" \/>\n<meta property=\"og:image\" content=\"https:\/\/www.laguiadepamplona.com\/actualidad\/wp-content\/uploads\/2024\/10\/cementerio_web.webp\" \/>\n\t<meta property=\"og:image:width\" content=\"1000\" \/>\n\t<meta property=\"og:image:height\" content=\"667\" \/>\n\t<meta property=\"og:image:type\" content=\"image\/webp\" \/>\n<meta name=\"author\" content=\"La Gu\u00eda de Pamplona\" \/>\n<meta name=\"twitter:card\" content=\"summary_large_image\" \/>\n<meta name=\"twitter:creator\" content=\"@LaGuiadPamplona\" \/>\n<meta name=\"twitter:site\" content=\"@LaGuiadPamplona\" \/>\n<meta name=\"twitter:label1\" content=\"Escrito por\" \/>\n\t<meta name=\"twitter:data1\" content=\"La Gu\u00eda de Pamplona\" \/>\n\t<meta name=\"twitter:label2\" content=\"Tiempo de lectura\" \/>\n\t<meta name=\"twitter:data2\" content=\"5 minutos\" \/>\n<script type=\"application\/ld+json\" class=\"yoast-schema-graph\">{\"@context\":\"https:\\\/\\\/schema.org\",\"@graph\":[{\"@type\":\"Article\",\"@id\":\"https:\\\/\\\/www.laguiadepamplona.com\\\/actualidad\\\/el-cementerio-municipal-san-jose-de-pamplona-cerro-2023-como-el-ano-con-mayor-numero-de-cremaciones-con-2-445-un-8280-del-total-de-servicios-funerarios\\\/#article\",\"isPartOf\":{\"@id\":\"https:\\\/\\\/www.laguiadepamplona.com\\\/actualidad\\\/el-cementerio-municipal-san-jose-de-pamplona-cerro-2023-como-el-ano-con-mayor-numero-de-cremaciones-con-2-445-un-8280-del-total-de-servicios-funerarios\\\/\"},\"author\":{\"name\":\"La Gu\u00eda de Pamplona\",\"@id\":\"https:\\\/\\\/www.laguiadepamplona.com\\\/actualidad\\\/#\\\/schema\\\/person\\\/efe887376f0213d4657c93adc50b1fdb\"},\"headline\":\"El cementerio municipal San Jos\u00e9 de Pamplona cerr\u00f3 2023 como el a\u00f1o con mayor n\u00famero de cremaciones, con 2.445, un 82,80% del total de servicios funerarios\",\"datePublished\":\"2024-10-29T12:09:53+00:00\",\"mainEntityOfPage\":{\"@id\":\"https:\\\/\\\/www.laguiadepamplona.com\\\/actualidad\\\/el-cementerio-municipal-san-jose-de-pamplona-cerro-2023-como-el-ano-con-mayor-numero-de-cremaciones-con-2-445-un-8280-del-total-de-servicios-funerarios\\\/\"},\"wordCount\":744,\"commentCount\":0,\"publisher\":{\"@id\":\"https:\\\/\\\/www.laguiadepamplona.com\\\/actualidad\\\/#organization\"},\"image\":{\"@id\":\"https:\\\/\\\/www.laguiadepamplona.com\\\/actualidad\\\/el-cementerio-municipal-san-jose-de-pamplona-cerro-2023-como-el-ano-con-mayor-numero-de-cremaciones-con-2-445-un-8280-del-total-de-servicios-funerarios\\\/#primaryimage\"},\"thumbnailUrl\":\"https:\\\/\\\/www.laguiadepamplona.com\\\/actualidad\\\/wp-content\\\/uploads\\\/2024\\\/10\\\/cementerio_web.webp\",\"articleSection\":[\"Ayto Pamplona\"],\"inLanguage\":\"es\",\"potentialAction\":[{\"@type\":\"CommentAction\",\"name\":\"Comment\",\"target\":[\"https:\\\/\\\/www.laguiadepamplona.com\\\/actualidad\\\/el-cementerio-municipal-san-jose-de-pamplona-cerro-2023-como-el-ano-con-mayor-numero-de-cremaciones-con-2-445-un-8280-del-total-de-servicios-funerarios\\\/#respond\"]}]},{\"@type\":\"WebPage\",\"@id\":\"https:\\\/\\\/www.laguiadepamplona.com\\\/actualidad\\\/el-cementerio-municipal-san-jose-de-pamplona-cerro-2023-como-el-ano-con-mayor-numero-de-cremaciones-con-2-445-un-8280-del-total-de-servicios-funerarios\\\/\",\"url\":\"https:\\\/\\\/www.laguiadepamplona.com\\\/actualidad\\\/el-cementerio-municipal-san-jose-de-pamplona-cerro-2023-como-el-ano-con-mayor-numero-de-cremaciones-con-2-445-un-8280-del-total-de-servicios-funerarios\\\/\",\"name\":\"El cementerio municipal San Jos\u00e9 de Pamplona cerr\u00f3 2023 como el a\u00f1o con mayor n\u00famero de cremaciones, con 2.445, un 82,80% del total de servicios funerarios\",\"isPartOf\":{\"@id\":\"https:\\\/\\\/www.laguiadepamplona.com\\\/actualidad\\\/#website\"},\"primaryImageOfPage\":{\"@id\":\"https:\\\/\\\/www.laguiadepamplona.com\\\/actualidad\\\/el-cementerio-municipal-san-jose-de-pamplona-cerro-2023-como-el-ano-con-mayor-numero-de-cremaciones-con-2-445-un-8280-del-total-de-servicios-funerarios\\\/#primaryimage\"},\"image\":{\"@id\":\"https:\\\/\\\/www.laguiadepamplona.com\\\/actualidad\\\/el-cementerio-municipal-san-jose-de-pamplona-cerro-2023-como-el-ano-con-mayor-numero-de-cremaciones-con-2-445-un-8280-del-total-de-servicios-funerarios\\\/#primaryimage\"},\"thumbnailUrl\":\"https:\\\/\\\/www.laguiadepamplona.com\\\/actualidad\\\/wp-content\\\/uploads\\\/2024\\\/10\\\/cementerio_web.webp\",\"datePublished\":\"2024-10-29T12:09:53+00:00\",\"description\":\"En los nueve primeros meses de 2024 el porcentaje se ha incrementado y supone ya el 83,70%\",\"breadcrumb\":{\"@id\":\"https:\\\/\\\/www.laguiadepamplona.com\\\/actualidad\\\/el-cementerio-municipal-san-jose-de-pamplona-cerro-2023-como-el-ano-con-mayor-numero-de-cremaciones-con-2-445-un-8280-del-total-de-servicios-funerarios\\\/#breadcrumb\"},\"inLanguage\":\"es\",\"potentialAction\":[{\"@type\":\"ReadAction\",\"target\":[\"https:\\\/\\\/www.laguiadepamplona.com\\\/actualidad\\\/el-cementerio-municipal-san-jose-de-pamplona-cerro-2023-como-el-ano-con-mayor-numero-de-cremaciones-con-2-445-un-8280-del-total-de-servicios-funerarios\\\/\"]}]},{\"@type\":\"ImageObject\",\"inLanguage\":\"es\",\"@id\":\"https:\\\/\\\/www.laguiadepamplona.com\\\/actualidad\\\/el-cementerio-municipal-san-jose-de-pamplona-cerro-2023-como-el-ano-con-mayor-numero-de-cremaciones-con-2-445-un-8280-del-total-de-servicios-funerarios\\\/#primaryimage\",\"url\":\"https:\\\/\\\/www.laguiadepamplona.com\\\/actualidad\\\/wp-content\\\/uploads\\\/2024\\\/10\\\/cementerio_web.webp\",\"contentUrl\":\"https:\\\/\\\/www.laguiadepamplona.com\\\/actualidad\\\/wp-content\\\/uploads\\\/2024\\\/10\\\/cementerio_web.webp\",\"width\":1000,\"height\":667,\"caption\":\"cementerio\"},{\"@type\":\"BreadcrumbList\",\"@id\":\"https:\\\/\\\/www.laguiadepamplona.com\\\/actualidad\\\/el-cementerio-municipal-san-jose-de-pamplona-cerro-2023-como-el-ano-con-mayor-numero-de-cremaciones-con-2-445-un-8280-del-total-de-servicios-funerarios\\\/#breadcrumb\",\"itemListElement\":[{\"@type\":\"ListItem\",\"position\":1,\"name\":\"Portada\",\"item\":\"https:\\\/\\\/www.laguiadepamplona.com\\\/actualidad\\\/\"},{\"@type\":\"ListItem\",\"position\":2,\"name\":\"El cementerio municipal San Jos\u00e9 de Pamplona cerr\u00f3 2023 como el a\u00f1o con mayor n\u00famero de cremaciones, con 2.445, un 82,80% del total de servicios funerarios\"}]},{\"@type\":\"WebSite\",\"@id\":\"https:\\\/\\\/www.laguiadepamplona.com\\\/actualidad\\\/#website\",\"url\":\"https:\\\/\\\/www.laguiadepamplona.com\\\/actualidad\\\/\",\"name\":\"La gu\u00eda de Pamplona\",\"description\":\"Noticias de Pamplona\",\"publisher\":{\"@id\":\"https:\\\/\\\/www.laguiadepamplona.com\\\/actualidad\\\/#organization\"},\"potentialAction\":[{\"@type\":\"SearchAction\",\"target\":{\"@type\":\"EntryPoint\",\"urlTemplate\":\"https:\\\/\\\/www.laguiadepamplona.com\\\/actualidad\\\/?s={search_term_string}\"},\"query-input\":{\"@type\":\"PropertyValueSpecification\",\"valueRequired\":true,\"valueName\":\"search_term_string\"}}],\"inLanguage\":\"es\"},{\"@type\":\"Organization\",\"@id\":\"https:\\\/\\\/www.laguiadepamplona.com\\\/actualidad\\\/#organization\",\"name\":\"La Gu\u00eda de Pamplona \\\/ Noticias\",\"url\":\"https:\\\/\\\/www.laguiadepamplona.com\\\/actualidad\\\/\",\"logo\":{\"@type\":\"ImageObject\",\"inLanguage\":\"es\",\"@id\":\"https:\\\/\\\/www.laguiadepamplona.com\\\/actualidad\\\/#\\\/schema\\\/logo\\\/image\\\/\",\"url\":\"https:\\\/\\\/www.laguiadepamplona.com\\\/actualidad\\\/wp-content\\\/uploads\\\/2018\\\/11\\\/logo-laguiadepamplona18-web1.png\",\"contentUrl\":\"https:\\\/\\\/www.laguiadepamplona.com\\\/actualidad\\\/wp-content\\\/uploads\\\/2018\\\/11\\\/logo-laguiadepamplona18-web1.png\",\"width\":600,\"height\":196,\"caption\":\"La Gu\u00eda de Pamplona \\\/ Noticias\"},\"image\":{\"@id\":\"https:\\\/\\\/www.laguiadepamplona.com\\\/actualidad\\\/#\\\/schema\\\/logo\\\/image\\\/\"},\"sameAs\":[\"https:\\\/\\\/www.facebook.com\\\/laguiadepamplonacom-133175176762273\\\/?ref=hl\",\"https:\\\/\\\/x.com\\\/LaGuiadPamplona\",\"https:\\\/\\\/www.instagram.com\\\/la_guia_de_pamplona\\\/\",\"https:\\\/\\\/www.youtube.com\\\/user\\\/laguiadepamplona\"]},{\"@type\":\"Person\",\"@id\":\"https:\\\/\\\/www.laguiadepamplona.com\\\/actualidad\\\/#\\\/schema\\\/person\\\/efe887376f0213d4657c93adc50b1fdb\",\"name\":\"La Gu\u00eda de Pamplona\",\"image\":{\"@type\":\"ImageObject\",\"inLanguage\":\"es\",\"@id\":\"https:\\\/\\\/secure.gravatar.com\\\/avatar\\\/b6992f131dc8d30ab0dff15446e9d346d9dbd95992de0fef795073f5ea83a81c?s=96&d=mm&r=g\",\"url\":\"https:\\\/\\\/secure.gravatar.com\\\/avatar\\\/b6992f131dc8d30ab0dff15446e9d346d9dbd95992de0fef795073f5ea83a81c?s=96&d=mm&r=g\",\"contentUrl\":\"https:\\\/\\\/secure.gravatar.com\\\/avatar\\\/b6992f131dc8d30ab0dff15446e9d346d9dbd95992de0fef795073f5ea83a81c?s=96&d=mm&r=g\",\"caption\":\"La Gu\u00eda de Pamplona\"}}]}<\/script>\n<!-- \/ Yoast SEO plugin. -->","yoast_head_json":{"title":"El cementerio municipal San Jos\u00e9 de Pamplona cerr\u00f3 2023 como el a\u00f1o con mayor n\u00famero de cremaciones, con 2.445, un 82,80% del total de servicios funerarios","description":"En los nueve primeros meses de 2024 el porcentaje se ha incrementado y supone ya el 83,70%","robots":{"index":"index","follow":"follow","max-snippet":"max-snippet:-1","max-image-preview":"max-image-preview:large","max-video-preview":"max-video-preview:-1"},"canonical":"https:\/\/www.laguiadepamplona.com\/actualidad\/el-cementerio-municipal-san-jose-de-pamplona-cerro-2023-como-el-ano-con-mayor-numero-de-cremaciones-con-2-445-un-8280-del-total-de-servicios-funerarios\/","og_locale":"es_ES","og_type":"article","og_title":"El cementerio municipal San Jos\u00e9 de Pamplona cerr\u00f3 2023 como el a\u00f1o con mayor n\u00famero de cremaciones, con 2.445, un 82,80% del total de servicios funerarios","og_description":"En los nueve primeros meses de 2024 el porcentaje se ha incrementado y supone ya el 83,70%","og_url":"https:\/\/www.laguiadepamplona.com\/actualidad\/el-cementerio-municipal-san-jose-de-pamplona-cerro-2023-como-el-ano-con-mayor-numero-de-cremaciones-con-2-445-un-8280-del-total-de-servicios-funerarios\/","og_site_name":"La Gu\u00eda de Pamplona","article_publisher":"https:\/\/www.facebook.com\/laguiadepamplonacom-133175176762273\/?ref=hl","article_published_time":"2024-10-29T12:09:53+00:00","og_image":[{"width":1000,"height":667,"url":"https:\/\/www.laguiadepamplona.com\/actualidad\/wp-content\/uploads\/2024\/10\/cementerio_web.webp","type":"image\/webp"}],"author":"La Gu\u00eda de Pamplona","twitter_card":"summary_large_image","twitter_creator":"@LaGuiadPamplona","twitter_site":"@LaGuiadPamplona","twitter_misc":{"Escrito por":"La Gu\u00eda de Pamplona","Tiempo de lectura":"5 minutos"},"schema":{"@context":"https:\/\/schema.org","@graph":[{"@type":"Article","@id":"https:\/\/www.laguiadepamplona.com\/actualidad\/el-cementerio-municipal-san-jose-de-pamplona-cerro-2023-como-el-ano-con-mayor-numero-de-cremaciones-con-2-445-un-8280-del-total-de-servicios-funerarios\/#article","isPartOf":{"@id":"https:\/\/www.laguiadepamplona.com\/actualidad\/el-cementerio-municipal-san-jose-de-pamplona-cerro-2023-como-el-ano-con-mayor-numero-de-cremaciones-con-2-445-un-8280-del-total-de-servicios-funerarios\/"},"author":{"name":"La Gu\u00eda de Pamplona","@id":"https:\/\/www.laguiadepamplona.com\/actualidad\/#\/schema\/person\/efe887376f0213d4657c93adc50b1fdb"},"headline":"El cementerio municipal San Jos\u00e9 de Pamplona cerr\u00f3 2023 como el a\u00f1o con mayor n\u00famero de cremaciones, con 2.445, un 82,80% del total de servicios funerarios","datePublished":"2024-10-29T12:09:53+00:00","mainEntityOfPage":{"@id":"https:\/\/www.laguiadepamplona.com\/actualidad\/el-cementerio-municipal-san-jose-de-pamplona-cerro-2023-como-el-ano-con-mayor-numero-de-cremaciones-con-2-445-un-8280-del-total-de-servicios-funerarios\/"},"wordCount":744,"commentCount":0,"publisher":{"@id":"https:\/\/www.laguiadepamplona.com\/actualidad\/#organization"},"image":{"@id":"https:\/\/www.laguiadepamplona.com\/actualidad\/el-cementerio-municipal-san-jose-de-pamplona-cerro-2023-como-el-ano-con-mayor-numero-de-cremaciones-con-2-445-un-8280-del-total-de-servicios-funerarios\/#primaryimage"},"thumbnailUrl":"https:\/\/www.laguiadepamplona.com\/actualidad\/wp-content\/uploads\/2024\/10\/cementerio_web.webp","articleSection":["Ayto Pamplona"],"inLanguage":"es","potentialAction":[{"@type":"CommentAction","name":"Comment","target":["https:\/\/www.laguiadepamplona.com\/actualidad\/el-cementerio-municipal-san-jose-de-pamplona-cerro-2023-como-el-ano-con-mayor-numero-de-cremaciones-con-2-445-un-8280-del-total-de-servicios-funerarios\/#respond"]}]},{"@type":"WebPage","@id":"https:\/\/www.laguiadepamplona.com\/actualidad\/el-cementerio-municipal-san-jose-de-pamplona-cerro-2023-como-el-ano-con-mayor-numero-de-cremaciones-con-2-445-un-8280-del-total-de-servicios-funerarios\/","url":"https:\/\/www.laguiadepamplona.com\/actualidad\/el-cementerio-municipal-san-jose-de-pamplona-cerro-2023-como-el-ano-con-mayor-numero-de-cremaciones-con-2-445-un-8280-del-total-de-servicios-funerarios\/","name":"El cementerio municipal San Jos\u00e9 de Pamplona cerr\u00f3 2023 como el a\u00f1o con mayor n\u00famero de cremaciones, con 2.445, un 82,80% del total de servicios funerarios","isPartOf":{"@id":"https:\/\/www.laguiadepamplona.com\/actualidad\/#website"},"primaryImageOfPage":{"@id":"https:\/\/www.laguiadepamplona.com\/actualidad\/el-cementerio-municipal-san-jose-de-pamplona-cerro-2023-como-el-ano-con-mayor-numero-de-cremaciones-con-2-445-un-8280-del-total-de-servicios-funerarios\/#primaryimage"},"image":{"@id":"https:\/\/www.laguiadepamplona.com\/actualidad\/el-cementerio-municipal-san-jose-de-pamplona-cerro-2023-como-el-ano-con-mayor-numero-de-cremaciones-con-2-445-un-8280-del-total-de-servicios-funerarios\/#primaryimage"},"thumbnailUrl":"https:\/\/www.laguiadepamplona.com\/actualidad\/wp-content\/uploads\/2024\/10\/cementerio_web.webp","datePublished":"2024-10-29T12:09:53+00:00","description":"En los nueve primeros meses de 2024 el porcentaje se ha incrementado y supone ya el 83,70%","breadcrumb":{"@id":"https:\/\/www.laguiadepamplona.com\/actualidad\/el-cementerio-municipal-san-jose-de-pamplona-cerro-2023-como-el-ano-con-mayor-numero-de-cremaciones-con-2-445-un-8280-del-total-de-servicios-funerarios\/#breadcrumb"},"inLanguage":"es","potentialAction":[{"@type":"ReadAction","target":["https:\/\/www.laguiadepamplona.com\/actualidad\/el-cementerio-municipal-san-jose-de-pamplona-cerro-2023-como-el-ano-con-mayor-numero-de-cremaciones-con-2-445-un-8280-del-total-de-servicios-funerarios\/"]}]},{"@type":"ImageObject","inLanguage":"es","@id":"https:\/\/www.laguiadepamplona.com\/actualidad\/el-cementerio-municipal-san-jose-de-pamplona-cerro-2023-como-el-ano-con-mayor-numero-de-cremaciones-con-2-445-un-8280-del-total-de-servicios-funerarios\/#primaryimage","url":"https:\/\/www.laguiadepamplona.com\/actualidad\/wp-content\/uploads\/2024\/10\/cementerio_web.webp","contentUrl":"https:\/\/www.laguiadepamplona.com\/actualidad\/wp-content\/uploads\/2024\/10\/cementerio_web.webp","width":1000,"height":667,"caption":"cementerio"},{"@type":"BreadcrumbList","@id":"https:\/\/www.laguiadepamplona.com\/actualidad\/el-cementerio-municipal-san-jose-de-pamplona-cerro-2023-como-el-ano-con-mayor-numero-de-cremaciones-con-2-445-un-8280-del-total-de-servicios-funerarios\/#breadcrumb","itemListElement":[{"@type":"ListItem","position":1,"name":"Portada","item":"https:\/\/www.laguiadepamplona.com\/actualidad\/"},{"@type":"ListItem","position":2,"name":"El cementerio municipal San Jos\u00e9 de Pamplona cerr\u00f3 2023 como el a\u00f1o con mayor n\u00famero de cremaciones, con 2.445, un 82,80% del total de servicios funerarios"}]},{"@type":"WebSite","@id":"https:\/\/www.laguiadepamplona.com\/actualidad\/#website","url":"https:\/\/www.laguiadepamplona.com\/actualidad\/","name":"La gu\u00eda de Pamplona","description":"Noticias de Pamplona","publisher":{"@id":"https:\/\/www.laguiadepamplona.com\/actualidad\/#organization"},"potentialAction":[{"@type":"SearchAction","target":{"@type":"EntryPoint","urlTemplate":"https:\/\/www.laguiadepamplona.com\/actualidad\/?s={search_term_string}"},"query-input":{"@type":"PropertyValueSpecification","valueRequired":true,"valueName":"search_term_string"}}],"inLanguage":"es"},{"@type":"Organization","@id":"https:\/\/www.laguiadepamplona.com\/actualidad\/#organization","name":"La Gu\u00eda de Pamplona \/ Noticias","url":"https:\/\/www.laguiadepamplona.com\/actualidad\/","logo":{"@type":"ImageObject","inLanguage":"es","@id":"https:\/\/www.laguiadepamplona.com\/actualidad\/#\/schema\/logo\/image\/","url":"https:\/\/www.laguiadepamplona.com\/actualidad\/wp-content\/uploads\/2018\/11\/logo-laguiadepamplona18-web1.png","contentUrl":"https:\/\/www.laguiadepamplona.com\/actualidad\/wp-content\/uploads\/2018\/11\/logo-laguiadepamplona18-web1.png","width":600,"height":196,"caption":"La Gu\u00eda de Pamplona \/ Noticias"},"image":{"@id":"https:\/\/www.laguiadepamplona.com\/actualidad\/#\/schema\/logo\/image\/"},"sameAs":["https:\/\/www.facebook.com\/laguiadepamplonacom-133175176762273\/?ref=hl","https:\/\/x.com\/LaGuiadPamplona","https:\/\/www.instagram.com\/la_guia_de_pamplona\/","https:\/\/www.youtube.com\/user\/laguiadepamplona"]},{"@type":"Person","@id":"https:\/\/www.laguiadepamplona.com\/actualidad\/#\/schema\/person\/efe887376f0213d4657c93adc50b1fdb","name":"La Gu\u00eda de Pamplona","image":{"@type":"ImageObject","inLanguage":"es","@id":"https:\/\/secure.gravatar.com\/avatar\/b6992f131dc8d30ab0dff15446e9d346d9dbd95992de0fef795073f5ea83a81c?s=96&d=mm&r=g","url":"https:\/\/secure.gravatar.com\/avatar\/b6992f131dc8d30ab0dff15446e9d346d9dbd95992de0fef795073f5ea83a81c?s=96&d=mm&r=g","contentUrl":"https:\/\/secure.gravatar.com\/avatar\/b6992f131dc8d30ab0dff15446e9d346d9dbd95992de0fef795073f5ea83a81c?s=96&d=mm&r=g","caption":"La Gu\u00eda de Pamplona"}}]}},"post_mailing_queue_ids":[],"_links":{"self":[{"href":"https:\/\/www.laguiadepamplona.com\/actualidad\/wp-json\/wp\/v2\/posts\/51168","targetHints":{"allow":["GET"]}}],"collection":[{"href":"https:\/\/www.laguiadepamplona.com\/actualidad\/wp-json\/wp\/v2\/posts"}],"about":[{"href":"https:\/\/www.laguiadepamplona.com\/actualidad\/wp-json\/wp\/v2\/types\/post"}],"author":[{"embeddable":true,"href":"https:\/\/www.laguiadepamplona.com\/actualidad\/wp-json\/wp\/v2\/users\/1"}],"replies":[{"embeddable":true,"href":"https:\/\/www.laguiadepamplona.com\/actualidad\/wp-json\/wp\/v2\/comments?post=51168"}],"version-history":[{"count":1,"href":"https:\/\/www.laguiadepamplona.com\/actualidad\/wp-json\/wp\/v2\/posts\/51168\/revisions"}],"predecessor-version":[{"id":51170,"href":"https:\/\/www.laguiadepamplona.com\/actualidad\/wp-json\/wp\/v2\/posts\/51168\/revisions\/51170"}],"wp:featuredmedia":[{"embeddable":true,"href":"https:\/\/www.laguiadepamplona.com\/actualidad\/wp-json\/wp\/v2\/media\/51169"}],"wp:attachment":[{"href":"https:\/\/www.laguiadepamplona.com\/actualidad\/wp-json\/wp\/v2\/media?parent=51168"}],"wp:term":[{"taxonomy":"category","embeddable":true,"href":"https:\/\/www.laguiadepamplona.com\/actualidad\/wp-json\/wp\/v2\/categories?post=51168"},{"taxonomy":"post_tag","embeddable":true,"href":"https:\/\/www.laguiadepamplona.com\/actualidad\/wp-json\/wp\/v2\/tags?post=51168"}],"curies":[{"name":"wp","href":"https:\/\/api.w.org\/{rel}","templated":true}]}}