{"id":51165,"date":"2024-10-29T14:07:52","date_gmt":"2024-10-29T12:07:52","guid":{"rendered":"https:\/\/www.laguiadepamplona.com\/actualidad\/?p=51165"},"modified":"2024-10-29T14:07:52","modified_gmt":"2024-10-29T12:07:52","slug":"un-total-de-60-personas-con-dificultades-de-insercion-laboral-se-forman-en-atencion-sociosanitaria-y-en-limpieza-a-traves-de-cursos-promovidos-por-el-ayuntamiento","status":"publish","type":"post","link":"https:\/\/www.laguiadepamplona.com\/actualidad\/un-total-de-60-personas-con-dificultades-de-insercion-laboral-se-forman-en-atencion-sociosanitaria-y-en-limpieza-a-traves-de-cursos-promovidos-por-el-ayuntamiento\/","title":{"rendered":"Un total de 60 personas con dificultades de inserci\u00f3n laboral se forman en atenci\u00f3n sociosanitaria y en limpieza a trav\u00e9s de cursos promovidos por el Ayuntamiento"},"content":{"rendered":"<h2 class=\"x_2Subtitulo\">La formaci\u00f3n, gracias a un convenio con el CNAI, se imparte en los locales de IWER a personas inscritas en los servicios sociales<\/h2>\n<p class=\"x_MsoNormal\"><!--more--><\/p>\n<p class=\"x_3Texto\">Un total de 60 personas con dificultades para acceder al mercado de trabajo participan en dos acciones formativas encaminadas a lograr conocimientos de atenci\u00f3n sociosanitaria y de limpieza. Ambas acciones, que se llevan a cabo en los locales del edificio IWER en el barrio de Rochapea han sido impulsadas por el Ayuntamiento de Pamplona, en colaboraci\u00f3n con CNAI, entidad p\u00fablica del Gobierno de Navarra dependiente del departamento de Educaci\u00f3n.<\/p>\n<p class=\"x_3Texto\">El objetivo de estas acciones es ofrecer a la poblaci\u00f3n con dificultades de inserci\u00f3n laboral una alternativa que les posibilite acceder a un contrato laboral. La formaci\u00f3n recibida, de hecho, puede ser acreditable para la obtenci\u00f3n de un Certificado de Profesionalidad. La Comisi\u00f3n de Presidencia del Ayuntamiento de Pamplona ha visitado ambos cursos formativos y ha conocido las materias que se imparten para encaminar la vida laboral de las personas participantes.<\/p>\n<p class=\"x_3Texto\">Una de las propuestas formativas es un curso de Atenci\u00f3n a Personas en Situaci\u00f3n de Dependencia y\/o Discapacidad en Instituciones, en el que participan 40 personas, repartidas en dos grupos. El curso est\u00e1 impartido por la consultor\u00eda de recursos humanos ACTIMA, que result\u00f3 adjudicataria del contrato. Esta formaci\u00f3n surge de la convocatoria de cualificaci\u00f3n profesional Reskillig-Upskilling, financiada por los fondos europeos Next Generation EU, con la que se pretende mejorar la cualificaci\u00f3n profesional de la poblaci\u00f3n activa prestando especial atenci\u00f3n a personas en riesgo de exclusi\u00f3n.<\/p>\n<p class=\"x_3Texto\">El otro es un curso de Limpieza, con 20 participantes, que corre a cargo de la empresa Formaci\u00f3n Continua. Esta actividad ha sido posible gracias al convenio de colaboraci\u00f3n suscrito hace unos meses entre el Ayuntamiento de Pamplona y el Gobierno de Navarra para la puesta en marcha del proyecto INTRO, con el cual se pretende facilitar formaci\u00f3n y capacitaci\u00f3n prelaboral a personas migrantes en situaci\u00f3n de vulnerabilidad.<\/p>\n<p class=\"x_3Texto\">Es por ello que los cursos est\u00e1n abiertos a personas tanto en situaci\u00f3n regular como irregular. En la mayor\u00eda de los casos son mujeres las participantes. En los cursos de atenci\u00f3n sociosanitaria, se est\u00e1n formando 36 mujeres y 4 hombres. Por su parte, al curso de limpieza acuden 16 mujeres y un hombre. Por franjas de edad, las actividades est\u00e1n abiertas a personas a partir de 20 a\u00f1os. No obstante, el grueso se sit\u00faa en la franja entre 30 y 50. La mayor\u00eda se encuentran en situaci\u00f3n regular, pero la mitad carece de apoyos familiares en Pamplona. Precisamente por este motivo, ambos cursos se imparten en horario de ma\u00f1ana, para facilitar la conciliaci\u00f3n familiar de las personas participantes.<\/p>\n<p class=\"x_4Ladillo\"><strong>Certificado de Profesionalidad<\/strong><\/p>\n<p class=\"x_3Texto\">A trav\u00e9s de esta formaci\u00f3n, el Consistorio busca ofrecer competencias y herramientas para facilitar la inserci\u00f3n laboral de estas personas. De hecho, ambos cursos son acreditables para la obtenci\u00f3n de un Certificado de Profesionalidad, a trav\u00e9s del reconocimiento de competencias profesionales por la v\u00eda de la formaci\u00f3n no formal.<\/p>\n<p class=\"x_3Texto\">El curso de Atenci\u00f3n a Personas en Situaci\u00f3n de Dependencia y\/o Discapacidad en Instituciones se articula en 370 horas formativas, que comenzaron el 3 de junio y concluir\u00e1n el 19 de noviembre. Las personas asistentes a esta formaci\u00f3n, ha abordado t\u00e9cnicas y formas de actuar con personas dependientes, en acciones diarias como la administraci\u00f3n de alimentos, las labores de higiene y aseo o los primeros auxilios. La formaci\u00f3n incluye tambi\u00e9n la elaboraci\u00f3n de planes de cuidado individualizados, las necesidades especiales de personas dependientes, como la movilizaci\u00f3n y el traslado, y la animaci\u00f3n social, entre otros asuntos. Igualmente, el curso imparte t\u00e9cnicas de comunicaci\u00f3n con personas dependientes en instituciones. Toda esta formaci\u00f3n de 370 horas acredita para la obtenci\u00f3n de un Certificado de Profesionalidad de Nivel 2.<\/p>\n<p class=\"x_3Texto\">Con el curso de Limpieza las personas participantes podr\u00e1n acceder a un Certificado de Profesionalidad de Nivel 1 en operaciones b\u00e1sicas de limpieza en edificios y locales. El curso, que arranc\u00f3 en el mes de septiembre y concluir\u00e1 a mediados de diciembre, se articula en un total de 190,5 horas de formaci\u00f3n te\u00f3rica, a las que se suman otras 40 horas de pr\u00e1cticas.<\/p>\n<p class=\"x_3Texto\">Adem\u00e1s, de aprender tareas de limpieza y mantenimiento, las asistentes reciben tambi\u00e9n otro tipo de competencias transversales, como habilidades en comunicaci\u00f3n, resoluci\u00f3n de conflictos, gesti\u00f3n del tiempo y trabajo en equipo, entre otras. Igualmente, reciben nociones b\u00e1sicas en competencias digitales, como el uso del tel\u00e9fono m\u00f3vil para la b\u00fasqueda de empleo o la realizaci\u00f3n de tr\u00e1mites digitales con las administraciones p\u00fablicas. Por \u00faltimo, dentro de la formaci\u00f3n, se les instruye en la b\u00fasqueda activa de empleo. Las pr\u00e1cticas se realizar\u00e1n a finales de noviembre y principios de diciembre, cuando ya hayan adquirido los conocimientos t\u00e9cnicos necesarios.<\/p>\n","protected":false},"excerpt":{"rendered":"<p>La formaci\u00f3n, gracias a un convenio con el CNAI, se imparte en los locales de IWER a personas inscritas en los servicios sociales<\/p>\n","protected":false},"author":1,"featured_media":51166,"comment_status":"open","ping_status":"closed","sticky":false,"template":"","format":"standard","meta":{"footnotes":""},"categories":[2],"tags":[],"class_list":["post-51165","post","type-post","status-publish","format-standard","has-post-thumbnail","hentry","category-ayuntamiento-pamplona"],"yoast_head":"<!-- This site is optimized with the Yoast SEO plugin v27.3 - https:\/\/yoast.com\/product\/yoast-seo-wordpress\/ -->\n<title>Un total de 60 personas con dificultades de inserci\u00f3n laboral se forman en atenci\u00f3n sociosanitaria y en limpieza a trav\u00e9s de cursos promovidos por el Ayuntamiento<\/title>\n<meta name=\"description\" content=\"La formaci\u00f3n, gracias a un convenio con el CNAI, se imparte en los locales de IWER a personas inscritas en los servicios sociales\" \/>\n<meta name=\"robots\" content=\"index, follow, max-snippet:-1, max-image-preview:large, max-video-preview:-1\" \/>\n<link rel=\"canonical\" href=\"https:\/\/www.laguiadepamplona.com\/actualidad\/un-total-de-60-personas-con-dificultades-de-insercion-laboral-se-forman-en-atencion-sociosanitaria-y-en-limpieza-a-traves-de-cursos-promovidos-por-el-ayuntamiento\/\" \/>\n<meta property=\"og:locale\" content=\"es_ES\" \/>\n<meta property=\"og:type\" content=\"article\" \/>\n<meta property=\"og:title\" content=\"Un total de 60 personas con dificultades de inserci\u00f3n laboral se forman en atenci\u00f3n sociosanitaria y en limpieza a trav\u00e9s de cursos promovidos por el Ayuntamiento\" \/>\n<meta property=\"og:description\" content=\"La formaci\u00f3n, gracias a un convenio con el CNAI, se imparte en los locales de IWER a personas inscritas en los servicios sociales\" \/>\n<meta property=\"og:url\" content=\"https:\/\/www.laguiadepamplona.com\/actualidad\/un-total-de-60-personas-con-dificultades-de-insercion-laboral-se-forman-en-atencion-sociosanitaria-y-en-limpieza-a-traves-de-cursos-promovidos-por-el-ayuntamiento\/\" \/>\n<meta property=\"og:site_name\" content=\"La Gu\u00eda de Pamplona\" \/>\n<meta property=\"article:publisher\" content=\"https:\/\/www.facebook.com\/laguiadepamplonacom-133175176762273\/?ref=hl\" \/>\n<meta property=\"article:published_time\" content=\"2024-10-29T12:07:52+00:00\" \/>\n<meta property=\"og:image\" content=\"https:\/\/www.laguiadepamplona.com\/actualidad\/wp-content\/uploads\/2024\/10\/visitaaiwermatesacomisionpresidencia1_0.webp\" \/>\n\t<meta property=\"og:image:width\" content=\"1000\" \/>\n\t<meta property=\"og:image:height\" content=\"666\" \/>\n\t<meta property=\"og:image:type\" content=\"image\/webp\" \/>\n<meta name=\"author\" content=\"La Gu\u00eda de Pamplona\" \/>\n<meta name=\"twitter:card\" content=\"summary_large_image\" \/>\n<meta name=\"twitter:creator\" content=\"@LaGuiadPamplona\" \/>\n<meta name=\"twitter:site\" content=\"@LaGuiadPamplona\" \/>\n<meta name=\"twitter:label1\" content=\"Escrito por\" \/>\n\t<meta name=\"twitter:data1\" content=\"La Gu\u00eda de Pamplona\" \/>\n\t<meta name=\"twitter:label2\" content=\"Tiempo de lectura\" \/>\n\t<meta name=\"twitter:data2\" content=\"4 minutos\" \/>\n<script type=\"application\/ld+json\" class=\"yoast-schema-graph\">{\"@context\":\"https:\\\/\\\/schema.org\",\"@graph\":[{\"@type\":\"Article\",\"@id\":\"https:\\\/\\\/www.laguiadepamplona.com\\\/actualidad\\\/un-total-de-60-personas-con-dificultades-de-insercion-laboral-se-forman-en-atencion-sociosanitaria-y-en-limpieza-a-traves-de-cursos-promovidos-por-el-ayuntamiento\\\/#article\",\"isPartOf\":{\"@id\":\"https:\\\/\\\/www.laguiadepamplona.com\\\/actualidad\\\/un-total-de-60-personas-con-dificultades-de-insercion-laboral-se-forman-en-atencion-sociosanitaria-y-en-limpieza-a-traves-de-cursos-promovidos-por-el-ayuntamiento\\\/\"},\"author\":{\"name\":\"La Gu\u00eda de Pamplona\",\"@id\":\"https:\\\/\\\/www.laguiadepamplona.com\\\/actualidad\\\/#\\\/schema\\\/person\\\/efe887376f0213d4657c93adc50b1fdb\"},\"headline\":\"Un total de 60 personas con dificultades de inserci\u00f3n laboral se forman en atenci\u00f3n sociosanitaria y en limpieza a trav\u00e9s de cursos promovidos por el Ayuntamiento\",\"datePublished\":\"2024-10-29T12:07:52+00:00\",\"mainEntityOfPage\":{\"@id\":\"https:\\\/\\\/www.laguiadepamplona.com\\\/actualidad\\\/un-total-de-60-personas-con-dificultades-de-insercion-laboral-se-forman-en-atencion-sociosanitaria-y-en-limpieza-a-traves-de-cursos-promovidos-por-el-ayuntamiento\\\/\"},\"wordCount\":865,\"commentCount\":0,\"publisher\":{\"@id\":\"https:\\\/\\\/www.laguiadepamplona.com\\\/actualidad\\\/#organization\"},\"image\":{\"@id\":\"https:\\\/\\\/www.laguiadepamplona.com\\\/actualidad\\\/un-total-de-60-personas-con-dificultades-de-insercion-laboral-se-forman-en-atencion-sociosanitaria-y-en-limpieza-a-traves-de-cursos-promovidos-por-el-ayuntamiento\\\/#primaryimage\"},\"thumbnailUrl\":\"https:\\\/\\\/www.laguiadepamplona.com\\\/actualidad\\\/wp-content\\\/uploads\\\/2024\\\/10\\\/visitaaiwermatesacomisionpresidencia1_0.webp\",\"articleSection\":[\"Ayto Pamplona\"],\"inLanguage\":\"es\",\"potentialAction\":[{\"@type\":\"CommentAction\",\"name\":\"Comment\",\"target\":[\"https:\\\/\\\/www.laguiadepamplona.com\\\/actualidad\\\/un-total-de-60-personas-con-dificultades-de-insercion-laboral-se-forman-en-atencion-sociosanitaria-y-en-limpieza-a-traves-de-cursos-promovidos-por-el-ayuntamiento\\\/#respond\"]}]},{\"@type\":\"WebPage\",\"@id\":\"https:\\\/\\\/www.laguiadepamplona.com\\\/actualidad\\\/un-total-de-60-personas-con-dificultades-de-insercion-laboral-se-forman-en-atencion-sociosanitaria-y-en-limpieza-a-traves-de-cursos-promovidos-por-el-ayuntamiento\\\/\",\"url\":\"https:\\\/\\\/www.laguiadepamplona.com\\\/actualidad\\\/un-total-de-60-personas-con-dificultades-de-insercion-laboral-se-forman-en-atencion-sociosanitaria-y-en-limpieza-a-traves-de-cursos-promovidos-por-el-ayuntamiento\\\/\",\"name\":\"Un total de 60 personas con dificultades de inserci\u00f3n laboral se forman en atenci\u00f3n sociosanitaria y en limpieza a trav\u00e9s de cursos promovidos por el Ayuntamiento\",\"isPartOf\":{\"@id\":\"https:\\\/\\\/www.laguiadepamplona.com\\\/actualidad\\\/#website\"},\"primaryImageOfPage\":{\"@id\":\"https:\\\/\\\/www.laguiadepamplona.com\\\/actualidad\\\/un-total-de-60-personas-con-dificultades-de-insercion-laboral-se-forman-en-atencion-sociosanitaria-y-en-limpieza-a-traves-de-cursos-promovidos-por-el-ayuntamiento\\\/#primaryimage\"},\"image\":{\"@id\":\"https:\\\/\\\/www.laguiadepamplona.com\\\/actualidad\\\/un-total-de-60-personas-con-dificultades-de-insercion-laboral-se-forman-en-atencion-sociosanitaria-y-en-limpieza-a-traves-de-cursos-promovidos-por-el-ayuntamiento\\\/#primaryimage\"},\"thumbnailUrl\":\"https:\\\/\\\/www.laguiadepamplona.com\\\/actualidad\\\/wp-content\\\/uploads\\\/2024\\\/10\\\/visitaaiwermatesacomisionpresidencia1_0.webp\",\"datePublished\":\"2024-10-29T12:07:52+00:00\",\"description\":\"La formaci\u00f3n, gracias a un convenio con el CNAI, se imparte en los locales de IWER a personas inscritas en los servicios sociales\",\"breadcrumb\":{\"@id\":\"https:\\\/\\\/www.laguiadepamplona.com\\\/actualidad\\\/un-total-de-60-personas-con-dificultades-de-insercion-laboral-se-forman-en-atencion-sociosanitaria-y-en-limpieza-a-traves-de-cursos-promovidos-por-el-ayuntamiento\\\/#breadcrumb\"},\"inLanguage\":\"es\",\"potentialAction\":[{\"@type\":\"ReadAction\",\"target\":[\"https:\\\/\\\/www.laguiadepamplona.com\\\/actualidad\\\/un-total-de-60-personas-con-dificultades-de-insercion-laboral-se-forman-en-atencion-sociosanitaria-y-en-limpieza-a-traves-de-cursos-promovidos-por-el-ayuntamiento\\\/\"]}]},{\"@type\":\"ImageObject\",\"inLanguage\":\"es\",\"@id\":\"https:\\\/\\\/www.laguiadepamplona.com\\\/actualidad\\\/un-total-de-60-personas-con-dificultades-de-insercion-laboral-se-forman-en-atencion-sociosanitaria-y-en-limpieza-a-traves-de-cursos-promovidos-por-el-ayuntamiento\\\/#primaryimage\",\"url\":\"https:\\\/\\\/www.laguiadepamplona.com\\\/actualidad\\\/wp-content\\\/uploads\\\/2024\\\/10\\\/visitaaiwermatesacomisionpresidencia1_0.webp\",\"contentUrl\":\"https:\\\/\\\/www.laguiadepamplona.com\\\/actualidad\\\/wp-content\\\/uploads\\\/2024\\\/10\\\/visitaaiwermatesacomisionpresidencia1_0.webp\",\"width\":1000,\"height\":666,\"caption\":\"visita comisi\u00f3n de presidencia\"},{\"@type\":\"BreadcrumbList\",\"@id\":\"https:\\\/\\\/www.laguiadepamplona.com\\\/actualidad\\\/un-total-de-60-personas-con-dificultades-de-insercion-laboral-se-forman-en-atencion-sociosanitaria-y-en-limpieza-a-traves-de-cursos-promovidos-por-el-ayuntamiento\\\/#breadcrumb\",\"itemListElement\":[{\"@type\":\"ListItem\",\"position\":1,\"name\":\"Portada\",\"item\":\"https:\\\/\\\/www.laguiadepamplona.com\\\/actualidad\\\/\"},{\"@type\":\"ListItem\",\"position\":2,\"name\":\"Un total de 60 personas con dificultades de inserci\u00f3n laboral se forman en atenci\u00f3n sociosanitaria y en limpieza a trav\u00e9s de cursos promovidos por el Ayuntamiento\"}]},{\"@type\":\"WebSite\",\"@id\":\"https:\\\/\\\/www.laguiadepamplona.com\\\/actualidad\\\/#website\",\"url\":\"https:\\\/\\\/www.laguiadepamplona.com\\\/actualidad\\\/\",\"name\":\"La gu\u00eda de Pamplona\",\"description\":\"Noticias de Pamplona\",\"publisher\":{\"@id\":\"https:\\\/\\\/www.laguiadepamplona.com\\\/actualidad\\\/#organization\"},\"potentialAction\":[{\"@type\":\"SearchAction\",\"target\":{\"@type\":\"EntryPoint\",\"urlTemplate\":\"https:\\\/\\\/www.laguiadepamplona.com\\\/actualidad\\\/?s={search_term_string}\"},\"query-input\":{\"@type\":\"PropertyValueSpecification\",\"valueRequired\":true,\"valueName\":\"search_term_string\"}}],\"inLanguage\":\"es\"},{\"@type\":\"Organization\",\"@id\":\"https:\\\/\\\/www.laguiadepamplona.com\\\/actualidad\\\/#organization\",\"name\":\"La Gu\u00eda de Pamplona \\\/ Noticias\",\"url\":\"https:\\\/\\\/www.laguiadepamplona.com\\\/actualidad\\\/\",\"logo\":{\"@type\":\"ImageObject\",\"inLanguage\":\"es\",\"@id\":\"https:\\\/\\\/www.laguiadepamplona.com\\\/actualidad\\\/#\\\/schema\\\/logo\\\/image\\\/\",\"url\":\"https:\\\/\\\/www.laguiadepamplona.com\\\/actualidad\\\/wp-content\\\/uploads\\\/2018\\\/11\\\/logo-laguiadepamplona18-web1.png\",\"contentUrl\":\"https:\\\/\\\/www.laguiadepamplona.com\\\/actualidad\\\/wp-content\\\/uploads\\\/2018\\\/11\\\/logo-laguiadepamplona18-web1.png\",\"width\":600,\"height\":196,\"caption\":\"La Gu\u00eda de Pamplona \\\/ Noticias\"},\"image\":{\"@id\":\"https:\\\/\\\/www.laguiadepamplona.com\\\/actualidad\\\/#\\\/schema\\\/logo\\\/image\\\/\"},\"sameAs\":[\"https:\\\/\\\/www.facebook.com\\\/laguiadepamplonacom-133175176762273\\\/?ref=hl\",\"https:\\\/\\\/x.com\\\/LaGuiadPamplona\",\"https:\\\/\\\/www.instagram.com\\\/la_guia_de_pamplona\\\/\",\"https:\\\/\\\/www.youtube.com\\\/user\\\/laguiadepamplona\"]},{\"@type\":\"Person\",\"@id\":\"https:\\\/\\\/www.laguiadepamplona.com\\\/actualidad\\\/#\\\/schema\\\/person\\\/efe887376f0213d4657c93adc50b1fdb\",\"name\":\"La Gu\u00eda de Pamplona\",\"image\":{\"@type\":\"ImageObject\",\"inLanguage\":\"es\",\"@id\":\"https:\\\/\\\/secure.gravatar.com\\\/avatar\\\/b6992f131dc8d30ab0dff15446e9d346d9dbd95992de0fef795073f5ea83a81c?s=96&d=mm&r=g\",\"url\":\"https:\\\/\\\/secure.gravatar.com\\\/avatar\\\/b6992f131dc8d30ab0dff15446e9d346d9dbd95992de0fef795073f5ea83a81c?s=96&d=mm&r=g\",\"contentUrl\":\"https:\\\/\\\/secure.gravatar.com\\\/avatar\\\/b6992f131dc8d30ab0dff15446e9d346d9dbd95992de0fef795073f5ea83a81c?s=96&d=mm&r=g\",\"caption\":\"La Gu\u00eda de Pamplona\"}}]}<\/script>\n<!-- \/ Yoast SEO plugin. -->","yoast_head_json":{"title":"Un total de 60 personas con dificultades de inserci\u00f3n laboral se forman en atenci\u00f3n sociosanitaria y en limpieza a trav\u00e9s de cursos promovidos por el Ayuntamiento","description":"La formaci\u00f3n, gracias a un convenio con el CNAI, se imparte en los locales de IWER a personas inscritas en los servicios sociales","robots":{"index":"index","follow":"follow","max-snippet":"max-snippet:-1","max-image-preview":"max-image-preview:large","max-video-preview":"max-video-preview:-1"},"canonical":"https:\/\/www.laguiadepamplona.com\/actualidad\/un-total-de-60-personas-con-dificultades-de-insercion-laboral-se-forman-en-atencion-sociosanitaria-y-en-limpieza-a-traves-de-cursos-promovidos-por-el-ayuntamiento\/","og_locale":"es_ES","og_type":"article","og_title":"Un total de 60 personas con dificultades de inserci\u00f3n laboral se forman en atenci\u00f3n sociosanitaria y en limpieza a trav\u00e9s de cursos promovidos por el Ayuntamiento","og_description":"La formaci\u00f3n, gracias a un convenio con el CNAI, se imparte en los locales de IWER a personas inscritas en los servicios sociales","og_url":"https:\/\/www.laguiadepamplona.com\/actualidad\/un-total-de-60-personas-con-dificultades-de-insercion-laboral-se-forman-en-atencion-sociosanitaria-y-en-limpieza-a-traves-de-cursos-promovidos-por-el-ayuntamiento\/","og_site_name":"La Gu\u00eda de Pamplona","article_publisher":"https:\/\/www.facebook.com\/laguiadepamplonacom-133175176762273\/?ref=hl","article_published_time":"2024-10-29T12:07:52+00:00","og_image":[{"width":1000,"height":666,"url":"https:\/\/www.laguiadepamplona.com\/actualidad\/wp-content\/uploads\/2024\/10\/visitaaiwermatesacomisionpresidencia1_0.webp","type":"image\/webp"}],"author":"La Gu\u00eda de Pamplona","twitter_card":"summary_large_image","twitter_creator":"@LaGuiadPamplona","twitter_site":"@LaGuiadPamplona","twitter_misc":{"Escrito por":"La Gu\u00eda de Pamplona","Tiempo de lectura":"4 minutos"},"schema":{"@context":"https:\/\/schema.org","@graph":[{"@type":"Article","@id":"https:\/\/www.laguiadepamplona.com\/actualidad\/un-total-de-60-personas-con-dificultades-de-insercion-laboral-se-forman-en-atencion-sociosanitaria-y-en-limpieza-a-traves-de-cursos-promovidos-por-el-ayuntamiento\/#article","isPartOf":{"@id":"https:\/\/www.laguiadepamplona.com\/actualidad\/un-total-de-60-personas-con-dificultades-de-insercion-laboral-se-forman-en-atencion-sociosanitaria-y-en-limpieza-a-traves-de-cursos-promovidos-por-el-ayuntamiento\/"},"author":{"name":"La Gu\u00eda de Pamplona","@id":"https:\/\/www.laguiadepamplona.com\/actualidad\/#\/schema\/person\/efe887376f0213d4657c93adc50b1fdb"},"headline":"Un total de 60 personas con dificultades de inserci\u00f3n laboral se forman en atenci\u00f3n sociosanitaria y en limpieza a trav\u00e9s de cursos promovidos por el Ayuntamiento","datePublished":"2024-10-29T12:07:52+00:00","mainEntityOfPage":{"@id":"https:\/\/www.laguiadepamplona.com\/actualidad\/un-total-de-60-personas-con-dificultades-de-insercion-laboral-se-forman-en-atencion-sociosanitaria-y-en-limpieza-a-traves-de-cursos-promovidos-por-el-ayuntamiento\/"},"wordCount":865,"commentCount":0,"publisher":{"@id":"https:\/\/www.laguiadepamplona.com\/actualidad\/#organization"},"image":{"@id":"https:\/\/www.laguiadepamplona.com\/actualidad\/un-total-de-60-personas-con-dificultades-de-insercion-laboral-se-forman-en-atencion-sociosanitaria-y-en-limpieza-a-traves-de-cursos-promovidos-por-el-ayuntamiento\/#primaryimage"},"thumbnailUrl":"https:\/\/www.laguiadepamplona.com\/actualidad\/wp-content\/uploads\/2024\/10\/visitaaiwermatesacomisionpresidencia1_0.webp","articleSection":["Ayto Pamplona"],"inLanguage":"es","potentialAction":[{"@type":"CommentAction","name":"Comment","target":["https:\/\/www.laguiadepamplona.com\/actualidad\/un-total-de-60-personas-con-dificultades-de-insercion-laboral-se-forman-en-atencion-sociosanitaria-y-en-limpieza-a-traves-de-cursos-promovidos-por-el-ayuntamiento\/#respond"]}]},{"@type":"WebPage","@id":"https:\/\/www.laguiadepamplona.com\/actualidad\/un-total-de-60-personas-con-dificultades-de-insercion-laboral-se-forman-en-atencion-sociosanitaria-y-en-limpieza-a-traves-de-cursos-promovidos-por-el-ayuntamiento\/","url":"https:\/\/www.laguiadepamplona.com\/actualidad\/un-total-de-60-personas-con-dificultades-de-insercion-laboral-se-forman-en-atencion-sociosanitaria-y-en-limpieza-a-traves-de-cursos-promovidos-por-el-ayuntamiento\/","name":"Un total de 60 personas con dificultades de inserci\u00f3n laboral se forman en atenci\u00f3n sociosanitaria y en limpieza a trav\u00e9s de cursos promovidos por el Ayuntamiento","isPartOf":{"@id":"https:\/\/www.laguiadepamplona.com\/actualidad\/#website"},"primaryImageOfPage":{"@id":"https:\/\/www.laguiadepamplona.com\/actualidad\/un-total-de-60-personas-con-dificultades-de-insercion-laboral-se-forman-en-atencion-sociosanitaria-y-en-limpieza-a-traves-de-cursos-promovidos-por-el-ayuntamiento\/#primaryimage"},"image":{"@id":"https:\/\/www.laguiadepamplona.com\/actualidad\/un-total-de-60-personas-con-dificultades-de-insercion-laboral-se-forman-en-atencion-sociosanitaria-y-en-limpieza-a-traves-de-cursos-promovidos-por-el-ayuntamiento\/#primaryimage"},"thumbnailUrl":"https:\/\/www.laguiadepamplona.com\/actualidad\/wp-content\/uploads\/2024\/10\/visitaaiwermatesacomisionpresidencia1_0.webp","datePublished":"2024-10-29T12:07:52+00:00","description":"La formaci\u00f3n, gracias a un convenio con el CNAI, se imparte en los locales de IWER a personas inscritas en los servicios sociales","breadcrumb":{"@id":"https:\/\/www.laguiadepamplona.com\/actualidad\/un-total-de-60-personas-con-dificultades-de-insercion-laboral-se-forman-en-atencion-sociosanitaria-y-en-limpieza-a-traves-de-cursos-promovidos-por-el-ayuntamiento\/#breadcrumb"},"inLanguage":"es","potentialAction":[{"@type":"ReadAction","target":["https:\/\/www.laguiadepamplona.com\/actualidad\/un-total-de-60-personas-con-dificultades-de-insercion-laboral-se-forman-en-atencion-sociosanitaria-y-en-limpieza-a-traves-de-cursos-promovidos-por-el-ayuntamiento\/"]}]},{"@type":"ImageObject","inLanguage":"es","@id":"https:\/\/www.laguiadepamplona.com\/actualidad\/un-total-de-60-personas-con-dificultades-de-insercion-laboral-se-forman-en-atencion-sociosanitaria-y-en-limpieza-a-traves-de-cursos-promovidos-por-el-ayuntamiento\/#primaryimage","url":"https:\/\/www.laguiadepamplona.com\/actualidad\/wp-content\/uploads\/2024\/10\/visitaaiwermatesacomisionpresidencia1_0.webp","contentUrl":"https:\/\/www.laguiadepamplona.com\/actualidad\/wp-content\/uploads\/2024\/10\/visitaaiwermatesacomisionpresidencia1_0.webp","width":1000,"height":666,"caption":"visita comisi\u00f3n de presidencia"},{"@type":"BreadcrumbList","@id":"https:\/\/www.laguiadepamplona.com\/actualidad\/un-total-de-60-personas-con-dificultades-de-insercion-laboral-se-forman-en-atencion-sociosanitaria-y-en-limpieza-a-traves-de-cursos-promovidos-por-el-ayuntamiento\/#breadcrumb","itemListElement":[{"@type":"ListItem","position":1,"name":"Portada","item":"https:\/\/www.laguiadepamplona.com\/actualidad\/"},{"@type":"ListItem","position":2,"name":"Un total de 60 personas con dificultades de inserci\u00f3n laboral se forman en atenci\u00f3n sociosanitaria y en limpieza a trav\u00e9s de cursos promovidos por el Ayuntamiento"}]},{"@type":"WebSite","@id":"https:\/\/www.laguiadepamplona.com\/actualidad\/#website","url":"https:\/\/www.laguiadepamplona.com\/actualidad\/","name":"La gu\u00eda de Pamplona","description":"Noticias de Pamplona","publisher":{"@id":"https:\/\/www.laguiadepamplona.com\/actualidad\/#organization"},"potentialAction":[{"@type":"SearchAction","target":{"@type":"EntryPoint","urlTemplate":"https:\/\/www.laguiadepamplona.com\/actualidad\/?s={search_term_string}"},"query-input":{"@type":"PropertyValueSpecification","valueRequired":true,"valueName":"search_term_string"}}],"inLanguage":"es"},{"@type":"Organization","@id":"https:\/\/www.laguiadepamplona.com\/actualidad\/#organization","name":"La Gu\u00eda de Pamplona \/ Noticias","url":"https:\/\/www.laguiadepamplona.com\/actualidad\/","logo":{"@type":"ImageObject","inLanguage":"es","@id":"https:\/\/www.laguiadepamplona.com\/actualidad\/#\/schema\/logo\/image\/","url":"https:\/\/www.laguiadepamplona.com\/actualidad\/wp-content\/uploads\/2018\/11\/logo-laguiadepamplona18-web1.png","contentUrl":"https:\/\/www.laguiadepamplona.com\/actualidad\/wp-content\/uploads\/2018\/11\/logo-laguiadepamplona18-web1.png","width":600,"height":196,"caption":"La Gu\u00eda de Pamplona \/ Noticias"},"image":{"@id":"https:\/\/www.laguiadepamplona.com\/actualidad\/#\/schema\/logo\/image\/"},"sameAs":["https:\/\/www.facebook.com\/laguiadepamplonacom-133175176762273\/?ref=hl","https:\/\/x.com\/LaGuiadPamplona","https:\/\/www.instagram.com\/la_guia_de_pamplona\/","https:\/\/www.youtube.com\/user\/laguiadepamplona"]},{"@type":"Person","@id":"https:\/\/www.laguiadepamplona.com\/actualidad\/#\/schema\/person\/efe887376f0213d4657c93adc50b1fdb","name":"La Gu\u00eda de Pamplona","image":{"@type":"ImageObject","inLanguage":"es","@id":"https:\/\/secure.gravatar.com\/avatar\/b6992f131dc8d30ab0dff15446e9d346d9dbd95992de0fef795073f5ea83a81c?s=96&d=mm&r=g","url":"https:\/\/secure.gravatar.com\/avatar\/b6992f131dc8d30ab0dff15446e9d346d9dbd95992de0fef795073f5ea83a81c?s=96&d=mm&r=g","contentUrl":"https:\/\/secure.gravatar.com\/avatar\/b6992f131dc8d30ab0dff15446e9d346d9dbd95992de0fef795073f5ea83a81c?s=96&d=mm&r=g","caption":"La Gu\u00eda de Pamplona"}}]}},"post_mailing_queue_ids":[],"_links":{"self":[{"href":"https:\/\/www.laguiadepamplona.com\/actualidad\/wp-json\/wp\/v2\/posts\/51165","targetHints":{"allow":["GET"]}}],"collection":[{"href":"https:\/\/www.laguiadepamplona.com\/actualidad\/wp-json\/wp\/v2\/posts"}],"about":[{"href":"https:\/\/www.laguiadepamplona.com\/actualidad\/wp-json\/wp\/v2\/types\/post"}],"author":[{"embeddable":true,"href":"https:\/\/www.laguiadepamplona.com\/actualidad\/wp-json\/wp\/v2\/users\/1"}],"replies":[{"embeddable":true,"href":"https:\/\/www.laguiadepamplona.com\/actualidad\/wp-json\/wp\/v2\/comments?post=51165"}],"version-history":[{"count":1,"href":"https:\/\/www.laguiadepamplona.com\/actualidad\/wp-json\/wp\/v2\/posts\/51165\/revisions"}],"predecessor-version":[{"id":51167,"href":"https:\/\/www.laguiadepamplona.com\/actualidad\/wp-json\/wp\/v2\/posts\/51165\/revisions\/51167"}],"wp:featuredmedia":[{"embeddable":true,"href":"https:\/\/www.laguiadepamplona.com\/actualidad\/wp-json\/wp\/v2\/media\/51166"}],"wp:attachment":[{"href":"https:\/\/www.laguiadepamplona.com\/actualidad\/wp-json\/wp\/v2\/media?parent=51165"}],"wp:term":[{"taxonomy":"category","embeddable":true,"href":"https:\/\/www.laguiadepamplona.com\/actualidad\/wp-json\/wp\/v2\/categories?post=51165"},{"taxonomy":"post_tag","embeddable":true,"href":"https:\/\/www.laguiadepamplona.com\/actualidad\/wp-json\/wp\/v2\/tags?post=51165"}],"curies":[{"name":"wp","href":"https:\/\/api.w.org\/{rel}","templated":true}]}}