{"id":51163,"date":"2024-10-28T17:35:30","date_gmt":"2024-10-28T15:35:30","guid":{"rendered":"https:\/\/www.laguiadepamplona.com\/actualidad\/?p=51163"},"modified":"2024-10-28T17:35:30","modified_gmt":"2024-10-28T15:35:30","slug":"el-acceso-al-cementerio-municipal-de-san-jose-por-la-festividad-de-todos-los-santos-se-mantiene-por-la-calle-biurdana-y-la-avenida-de-navarra","status":"publish","type":"post","link":"https:\/\/www.laguiadepamplona.com\/actualidad\/el-acceso-al-cementerio-municipal-de-san-jose-por-la-festividad-de-todos-los-santos-se-mantiene-por-la-calle-biurdana-y-la-avenida-de-navarra\/","title":{"rendered":"El acceso al cementerio municipal de San Jos\u00e9 por la festividad de Todos los Santos se mantiene por la calle Biurdana y la avenida de Navarra"},"content":{"rendered":"<h2 class=\"x_2Subtitulo\">El dispositivo especial de tr\u00e1fico comenzar\u00e1 el mi\u00e9rcoles y se prolongar\u00e1 hasta \u00faltima hora del d\u00eda 1 de noviembre<\/h2>\n<p class=\"x_MsoNormal\"><!--more--><\/p>\n<p class=\"x_3Texto\">Con motivo de la festividad de Todos los Santos, el pr\u00f3ximo viernes, 1 de noviembre, Polic\u00eda Municipal de Pamplona establecer\u00e1 un dispositivo especial de tr\u00e1fico en el entorno del cementerio municipal de San Jos\u00e9, ante la previsi\u00f3n de una gran afluencia de gente y de veh\u00edculos. Los accesos habituales al camposanto, por la calle Biurdana y por la avenida de Navarra, se mantendr\u00e1n abiertos con normalidad. La salida en veh\u00edculos desde este lugar \u00fanicamente podr\u00e1 realizarse por la avenida de Navarra y por la calle Miluze.<\/p>\n<p class=\"x_3Texto\">El dispositivo comenzar\u00e1 el mi\u00e9rcoles, d\u00eda 30, a primera hora de la ma\u00f1ana, y se prolongar\u00e1 hasta \u00faltima hora del viernes. En principio, se propiciar\u00e1 el acceso por la calle Biurduna y por la avenida de Navarra. En ambos casos, se autorizar\u00e1 a los veh\u00edculos a acceder a la zona de estacionamiento regulado frente a la puerta principal del cementerio. Esta zona naranja, no obstante, no ser\u00e1 de pago el mismo d\u00eda 1, al ser festivo.<\/p>\n<p class=\"x_3Texto\">En el caso de que se complete, se impedir\u00e1 el acceso al cementerio desde la avenida de Navarra, permitiendo \u00fanicamente entrar al aparcamiento disuasorio que existe junto a la avenida. Adem\u00e1s, tambi\u00e9n se prohibir\u00e1 la circulaci\u00f3n desde la denominada \u2018puerta del r\u00edo\u2019 hasta la puerta principal del camposanto. Desde Polic\u00eda Municipal, se establecer\u00e1n medidas especiales para controlar la circulaci\u00f3n en la zona.<\/p>\n<p class=\"x_3Texto\">Al priorizar el acceso por la calle Biurdana y por la avenida de Navarra, se prohibir\u00e1 el acceso a la zona del cementerio por el camino de Miluze, que se restringir\u00e1 \u00fanicamente a sentido salida. De igual manera, se prohibir\u00e1 el acceso al vial que rodea el cementerio por su parte trasera, desde la parte m\u00e1s cercana al Aquavox San Jorge, que pasar\u00e1 a ser de sentido \u00fanico de salida durante estos d\u00edas. En ambas carreteras se instalar\u00e1 se\u00f1alizaci\u00f3n vertical prohibiendo el paso.<\/p>\n<p class=\"x_3Texto\">Al igual que el a\u00f1o pasado, se habilitar\u00e1 una zona reservada entra la puerta principal del cementerio y el crematorio para el estacionamiento de los diferentes gremios que, en estos d\u00edas, necesiten acudir.<\/p>\n","protected":false},"excerpt":{"rendered":"<p>El dispositivo especial de tr\u00e1fico comenzar\u00e1 el mi\u00e9rcoles y se prolongar\u00e1 hasta \u00faltima hora del d\u00eda 1 de noviembre<\/p>\n","protected":false},"author":1,"featured_media":49932,"comment_status":"open","ping_status":"closed","sticky":false,"template":"","format":"standard","meta":{"footnotes":""},"categories":[2],"tags":[],"class_list":["post-51163","post","type-post","status-publish","format-standard","has-post-thumbnail","hentry","category-ayuntamiento-pamplona"],"yoast_head":"<!-- This site is optimized with the Yoast SEO plugin v27.3 - https:\/\/yoast.com\/product\/yoast-seo-wordpress\/ -->\n<title>El acceso al cementerio municipal de San Jos\u00e9 por la festividad de Todos los Santos se mantiene por la calle Biurdana y la avenida de Navarra<\/title>\n<meta name=\"description\" content=\"El dispositivo especial de tr\u00e1fico comenzar\u00e1 el mi\u00e9rcoles y se prolongar\u00e1 hasta \u00faltima hora del d\u00eda 1 de noviembre\" \/>\n<meta name=\"robots\" content=\"index, follow, max-snippet:-1, max-image-preview:large, max-video-preview:-1\" \/>\n<link rel=\"canonical\" href=\"https:\/\/www.laguiadepamplona.com\/actualidad\/el-acceso-al-cementerio-municipal-de-san-jose-por-la-festividad-de-todos-los-santos-se-mantiene-por-la-calle-biurdana-y-la-avenida-de-navarra\/\" \/>\n<meta property=\"og:locale\" content=\"es_ES\" \/>\n<meta property=\"og:type\" content=\"article\" \/>\n<meta property=\"og:title\" content=\"El acceso al cementerio municipal de San Jos\u00e9 por la festividad de Todos los Santos se mantiene por la calle Biurdana y la avenida de Navarra\" \/>\n<meta property=\"og:description\" content=\"El dispositivo especial de tr\u00e1fico comenzar\u00e1 el mi\u00e9rcoles y se prolongar\u00e1 hasta \u00faltima hora del d\u00eda 1 de noviembre\" \/>\n<meta property=\"og:url\" content=\"https:\/\/www.laguiadepamplona.com\/actualidad\/el-acceso-al-cementerio-municipal-de-san-jose-por-la-festividad-de-todos-los-santos-se-mantiene-por-la-calle-biurdana-y-la-avenida-de-navarra\/\" \/>\n<meta property=\"og:site_name\" content=\"La Gu\u00eda de Pamplona\" \/>\n<meta property=\"article:publisher\" content=\"https:\/\/www.facebook.com\/laguiadepamplonacom-133175176762273\/?ref=hl\" \/>\n<meta property=\"article:published_time\" content=\"2024-10-28T15:35:30+00:00\" \/>\n<meta property=\"og:image\" content=\"https:\/\/www.laguiadepamplona.com\/actualidad\/wp-content\/uploads\/2024\/06\/cementerio.webp\" \/>\n\t<meta property=\"og:image:width\" content=\"1000\" \/>\n\t<meta property=\"og:image:height\" content=\"667\" \/>\n\t<meta property=\"og:image:type\" content=\"image\/webp\" \/>\n<meta name=\"author\" content=\"La Gu\u00eda de Pamplona\" \/>\n<meta name=\"twitter:card\" content=\"summary_large_image\" \/>\n<meta name=\"twitter:creator\" content=\"@LaGuiadPamplona\" \/>\n<meta name=\"twitter:site\" content=\"@LaGuiadPamplona\" \/>\n<meta name=\"twitter:label1\" content=\"Escrito por\" \/>\n\t<meta name=\"twitter:data1\" content=\"La Gu\u00eda de Pamplona\" \/>\n\t<meta name=\"twitter:label2\" content=\"Tiempo de lectura\" \/>\n\t<meta name=\"twitter:data2\" content=\"2 minutos\" \/>\n<script type=\"application\/ld+json\" class=\"yoast-schema-graph\">{\"@context\":\"https:\\\/\\\/schema.org\",\"@graph\":[{\"@type\":\"Article\",\"@id\":\"https:\\\/\\\/www.laguiadepamplona.com\\\/actualidad\\\/el-acceso-al-cementerio-municipal-de-san-jose-por-la-festividad-de-todos-los-santos-se-mantiene-por-la-calle-biurdana-y-la-avenida-de-navarra\\\/#article\",\"isPartOf\":{\"@id\":\"https:\\\/\\\/www.laguiadepamplona.com\\\/actualidad\\\/el-acceso-al-cementerio-municipal-de-san-jose-por-la-festividad-de-todos-los-santos-se-mantiene-por-la-calle-biurdana-y-la-avenida-de-navarra\\\/\"},\"author\":{\"name\":\"La Gu\u00eda de Pamplona\",\"@id\":\"https:\\\/\\\/www.laguiadepamplona.com\\\/actualidad\\\/#\\\/schema\\\/person\\\/efe887376f0213d4657c93adc50b1fdb\"},\"headline\":\"El acceso al cementerio municipal de San Jos\u00e9 por la festividad de Todos los Santos se mantiene por la calle Biurdana y la avenida de Navarra\",\"datePublished\":\"2024-10-28T15:35:30+00:00\",\"mainEntityOfPage\":{\"@id\":\"https:\\\/\\\/www.laguiadepamplona.com\\\/actualidad\\\/el-acceso-al-cementerio-municipal-de-san-jose-por-la-festividad-de-todos-los-santos-se-mantiene-por-la-calle-biurdana-y-la-avenida-de-navarra\\\/\"},\"wordCount\":409,\"commentCount\":0,\"publisher\":{\"@id\":\"https:\\\/\\\/www.laguiadepamplona.com\\\/actualidad\\\/#organization\"},\"image\":{\"@id\":\"https:\\\/\\\/www.laguiadepamplona.com\\\/actualidad\\\/el-acceso-al-cementerio-municipal-de-san-jose-por-la-festividad-de-todos-los-santos-se-mantiene-por-la-calle-biurdana-y-la-avenida-de-navarra\\\/#primaryimage\"},\"thumbnailUrl\":\"https:\\\/\\\/www.laguiadepamplona.com\\\/actualidad\\\/wp-content\\\/uploads\\\/2024\\\/06\\\/cementerio.webp\",\"articleSection\":[\"Ayto Pamplona\"],\"inLanguage\":\"es\",\"potentialAction\":[{\"@type\":\"CommentAction\",\"name\":\"Comment\",\"target\":[\"https:\\\/\\\/www.laguiadepamplona.com\\\/actualidad\\\/el-acceso-al-cementerio-municipal-de-san-jose-por-la-festividad-de-todos-los-santos-se-mantiene-por-la-calle-biurdana-y-la-avenida-de-navarra\\\/#respond\"]}]},{\"@type\":\"WebPage\",\"@id\":\"https:\\\/\\\/www.laguiadepamplona.com\\\/actualidad\\\/el-acceso-al-cementerio-municipal-de-san-jose-por-la-festividad-de-todos-los-santos-se-mantiene-por-la-calle-biurdana-y-la-avenida-de-navarra\\\/\",\"url\":\"https:\\\/\\\/www.laguiadepamplona.com\\\/actualidad\\\/el-acceso-al-cementerio-municipal-de-san-jose-por-la-festividad-de-todos-los-santos-se-mantiene-por-la-calle-biurdana-y-la-avenida-de-navarra\\\/\",\"name\":\"El acceso al cementerio municipal de San Jos\u00e9 por la festividad de Todos los Santos se mantiene por la calle Biurdana y la avenida de Navarra\",\"isPartOf\":{\"@id\":\"https:\\\/\\\/www.laguiadepamplona.com\\\/actualidad\\\/#website\"},\"primaryImageOfPage\":{\"@id\":\"https:\\\/\\\/www.laguiadepamplona.com\\\/actualidad\\\/el-acceso-al-cementerio-municipal-de-san-jose-por-la-festividad-de-todos-los-santos-se-mantiene-por-la-calle-biurdana-y-la-avenida-de-navarra\\\/#primaryimage\"},\"image\":{\"@id\":\"https:\\\/\\\/www.laguiadepamplona.com\\\/actualidad\\\/el-acceso-al-cementerio-municipal-de-san-jose-por-la-festividad-de-todos-los-santos-se-mantiene-por-la-calle-biurdana-y-la-avenida-de-navarra\\\/#primaryimage\"},\"thumbnailUrl\":\"https:\\\/\\\/www.laguiadepamplona.com\\\/actualidad\\\/wp-content\\\/uploads\\\/2024\\\/06\\\/cementerio.webp\",\"datePublished\":\"2024-10-28T15:35:30+00:00\",\"description\":\"El dispositivo especial de tr\u00e1fico comenzar\u00e1 el mi\u00e9rcoles y se prolongar\u00e1 hasta \u00faltima hora del d\u00eda 1 de noviembre\",\"breadcrumb\":{\"@id\":\"https:\\\/\\\/www.laguiadepamplona.com\\\/actualidad\\\/el-acceso-al-cementerio-municipal-de-san-jose-por-la-festividad-de-todos-los-santos-se-mantiene-por-la-calle-biurdana-y-la-avenida-de-navarra\\\/#breadcrumb\"},\"inLanguage\":\"es\",\"potentialAction\":[{\"@type\":\"ReadAction\",\"target\":[\"https:\\\/\\\/www.laguiadepamplona.com\\\/actualidad\\\/el-acceso-al-cementerio-municipal-de-san-jose-por-la-festividad-de-todos-los-santos-se-mantiene-por-la-calle-biurdana-y-la-avenida-de-navarra\\\/\"]}]},{\"@type\":\"ImageObject\",\"inLanguage\":\"es\",\"@id\":\"https:\\\/\\\/www.laguiadepamplona.com\\\/actualidad\\\/el-acceso-al-cementerio-municipal-de-san-jose-por-la-festividad-de-todos-los-santos-se-mantiene-por-la-calle-biurdana-y-la-avenida-de-navarra\\\/#primaryimage\",\"url\":\"https:\\\/\\\/www.laguiadepamplona.com\\\/actualidad\\\/wp-content\\\/uploads\\\/2024\\\/06\\\/cementerio.webp\",\"contentUrl\":\"https:\\\/\\\/www.laguiadepamplona.com\\\/actualidad\\\/wp-content\\\/uploads\\\/2024\\\/06\\\/cementerio.webp\",\"width\":1000,\"height\":667,\"caption\":\"cementerio\"},{\"@type\":\"BreadcrumbList\",\"@id\":\"https:\\\/\\\/www.laguiadepamplona.com\\\/actualidad\\\/el-acceso-al-cementerio-municipal-de-san-jose-por-la-festividad-de-todos-los-santos-se-mantiene-por-la-calle-biurdana-y-la-avenida-de-navarra\\\/#breadcrumb\",\"itemListElement\":[{\"@type\":\"ListItem\",\"position\":1,\"name\":\"Portada\",\"item\":\"https:\\\/\\\/www.laguiadepamplona.com\\\/actualidad\\\/\"},{\"@type\":\"ListItem\",\"position\":2,\"name\":\"El acceso al cementerio municipal de San Jos\u00e9 por la festividad de Todos los Santos se mantiene por la calle Biurdana y la avenida de Navarra\"}]},{\"@type\":\"WebSite\",\"@id\":\"https:\\\/\\\/www.laguiadepamplona.com\\\/actualidad\\\/#website\",\"url\":\"https:\\\/\\\/www.laguiadepamplona.com\\\/actualidad\\\/\",\"name\":\"La gu\u00eda de Pamplona\",\"description\":\"Noticias de Pamplona\",\"publisher\":{\"@id\":\"https:\\\/\\\/www.laguiadepamplona.com\\\/actualidad\\\/#organization\"},\"potentialAction\":[{\"@type\":\"SearchAction\",\"target\":{\"@type\":\"EntryPoint\",\"urlTemplate\":\"https:\\\/\\\/www.laguiadepamplona.com\\\/actualidad\\\/?s={search_term_string}\"},\"query-input\":{\"@type\":\"PropertyValueSpecification\",\"valueRequired\":true,\"valueName\":\"search_term_string\"}}],\"inLanguage\":\"es\"},{\"@type\":\"Organization\",\"@id\":\"https:\\\/\\\/www.laguiadepamplona.com\\\/actualidad\\\/#organization\",\"name\":\"La Gu\u00eda de Pamplona \\\/ Noticias\",\"url\":\"https:\\\/\\\/www.laguiadepamplona.com\\\/actualidad\\\/\",\"logo\":{\"@type\":\"ImageObject\",\"inLanguage\":\"es\",\"@id\":\"https:\\\/\\\/www.laguiadepamplona.com\\\/actualidad\\\/#\\\/schema\\\/logo\\\/image\\\/\",\"url\":\"https:\\\/\\\/www.laguiadepamplona.com\\\/actualidad\\\/wp-content\\\/uploads\\\/2018\\\/11\\\/logo-laguiadepamplona18-web1.png\",\"contentUrl\":\"https:\\\/\\\/www.laguiadepamplona.com\\\/actualidad\\\/wp-content\\\/uploads\\\/2018\\\/11\\\/logo-laguiadepamplona18-web1.png\",\"width\":600,\"height\":196,\"caption\":\"La Gu\u00eda de Pamplona \\\/ Noticias\"},\"image\":{\"@id\":\"https:\\\/\\\/www.laguiadepamplona.com\\\/actualidad\\\/#\\\/schema\\\/logo\\\/image\\\/\"},\"sameAs\":[\"https:\\\/\\\/www.facebook.com\\\/laguiadepamplonacom-133175176762273\\\/?ref=hl\",\"https:\\\/\\\/x.com\\\/LaGuiadPamplona\",\"https:\\\/\\\/www.instagram.com\\\/la_guia_de_pamplona\\\/\",\"https:\\\/\\\/www.youtube.com\\\/user\\\/laguiadepamplona\"]},{\"@type\":\"Person\",\"@id\":\"https:\\\/\\\/www.laguiadepamplona.com\\\/actualidad\\\/#\\\/schema\\\/person\\\/efe887376f0213d4657c93adc50b1fdb\",\"name\":\"La Gu\u00eda de Pamplona\",\"image\":{\"@type\":\"ImageObject\",\"inLanguage\":\"es\",\"@id\":\"https:\\\/\\\/secure.gravatar.com\\\/avatar\\\/b6992f131dc8d30ab0dff15446e9d346d9dbd95992de0fef795073f5ea83a81c?s=96&d=mm&r=g\",\"url\":\"https:\\\/\\\/secure.gravatar.com\\\/avatar\\\/b6992f131dc8d30ab0dff15446e9d346d9dbd95992de0fef795073f5ea83a81c?s=96&d=mm&r=g\",\"contentUrl\":\"https:\\\/\\\/secure.gravatar.com\\\/avatar\\\/b6992f131dc8d30ab0dff15446e9d346d9dbd95992de0fef795073f5ea83a81c?s=96&d=mm&r=g\",\"caption\":\"La Gu\u00eda de Pamplona\"}}]}<\/script>\n<!-- \/ Yoast SEO plugin. -->","yoast_head_json":{"title":"El acceso al cementerio municipal de San Jos\u00e9 por la festividad de Todos los Santos se mantiene por la calle Biurdana y la avenida de Navarra","description":"El dispositivo especial de tr\u00e1fico comenzar\u00e1 el mi\u00e9rcoles y se prolongar\u00e1 hasta \u00faltima hora del d\u00eda 1 de noviembre","robots":{"index":"index","follow":"follow","max-snippet":"max-snippet:-1","max-image-preview":"max-image-preview:large","max-video-preview":"max-video-preview:-1"},"canonical":"https:\/\/www.laguiadepamplona.com\/actualidad\/el-acceso-al-cementerio-municipal-de-san-jose-por-la-festividad-de-todos-los-santos-se-mantiene-por-la-calle-biurdana-y-la-avenida-de-navarra\/","og_locale":"es_ES","og_type":"article","og_title":"El acceso al cementerio municipal de San Jos\u00e9 por la festividad de Todos los Santos se mantiene por la calle Biurdana y la avenida de Navarra","og_description":"El dispositivo especial de tr\u00e1fico comenzar\u00e1 el mi\u00e9rcoles y se prolongar\u00e1 hasta \u00faltima hora del d\u00eda 1 de noviembre","og_url":"https:\/\/www.laguiadepamplona.com\/actualidad\/el-acceso-al-cementerio-municipal-de-san-jose-por-la-festividad-de-todos-los-santos-se-mantiene-por-la-calle-biurdana-y-la-avenida-de-navarra\/","og_site_name":"La Gu\u00eda de Pamplona","article_publisher":"https:\/\/www.facebook.com\/laguiadepamplonacom-133175176762273\/?ref=hl","article_published_time":"2024-10-28T15:35:30+00:00","og_image":[{"width":1000,"height":667,"url":"https:\/\/www.laguiadepamplona.com\/actualidad\/wp-content\/uploads\/2024\/06\/cementerio.webp","type":"image\/webp"}],"author":"La Gu\u00eda de Pamplona","twitter_card":"summary_large_image","twitter_creator":"@LaGuiadPamplona","twitter_site":"@LaGuiadPamplona","twitter_misc":{"Escrito por":"La Gu\u00eda de Pamplona","Tiempo de lectura":"2 minutos"},"schema":{"@context":"https:\/\/schema.org","@graph":[{"@type":"Article","@id":"https:\/\/www.laguiadepamplona.com\/actualidad\/el-acceso-al-cementerio-municipal-de-san-jose-por-la-festividad-de-todos-los-santos-se-mantiene-por-la-calle-biurdana-y-la-avenida-de-navarra\/#article","isPartOf":{"@id":"https:\/\/www.laguiadepamplona.com\/actualidad\/el-acceso-al-cementerio-municipal-de-san-jose-por-la-festividad-de-todos-los-santos-se-mantiene-por-la-calle-biurdana-y-la-avenida-de-navarra\/"},"author":{"name":"La Gu\u00eda de Pamplona","@id":"https:\/\/www.laguiadepamplona.com\/actualidad\/#\/schema\/person\/efe887376f0213d4657c93adc50b1fdb"},"headline":"El acceso al cementerio municipal de San Jos\u00e9 por la festividad de Todos los Santos se mantiene por la calle Biurdana y la avenida de Navarra","datePublished":"2024-10-28T15:35:30+00:00","mainEntityOfPage":{"@id":"https:\/\/www.laguiadepamplona.com\/actualidad\/el-acceso-al-cementerio-municipal-de-san-jose-por-la-festividad-de-todos-los-santos-se-mantiene-por-la-calle-biurdana-y-la-avenida-de-navarra\/"},"wordCount":409,"commentCount":0,"publisher":{"@id":"https:\/\/www.laguiadepamplona.com\/actualidad\/#organization"},"image":{"@id":"https:\/\/www.laguiadepamplona.com\/actualidad\/el-acceso-al-cementerio-municipal-de-san-jose-por-la-festividad-de-todos-los-santos-se-mantiene-por-la-calle-biurdana-y-la-avenida-de-navarra\/#primaryimage"},"thumbnailUrl":"https:\/\/www.laguiadepamplona.com\/actualidad\/wp-content\/uploads\/2024\/06\/cementerio.webp","articleSection":["Ayto Pamplona"],"inLanguage":"es","potentialAction":[{"@type":"CommentAction","name":"Comment","target":["https:\/\/www.laguiadepamplona.com\/actualidad\/el-acceso-al-cementerio-municipal-de-san-jose-por-la-festividad-de-todos-los-santos-se-mantiene-por-la-calle-biurdana-y-la-avenida-de-navarra\/#respond"]}]},{"@type":"WebPage","@id":"https:\/\/www.laguiadepamplona.com\/actualidad\/el-acceso-al-cementerio-municipal-de-san-jose-por-la-festividad-de-todos-los-santos-se-mantiene-por-la-calle-biurdana-y-la-avenida-de-navarra\/","url":"https:\/\/www.laguiadepamplona.com\/actualidad\/el-acceso-al-cementerio-municipal-de-san-jose-por-la-festividad-de-todos-los-santos-se-mantiene-por-la-calle-biurdana-y-la-avenida-de-navarra\/","name":"El acceso al cementerio municipal de San Jos\u00e9 por la festividad de Todos los Santos se mantiene por la calle Biurdana y la avenida de Navarra","isPartOf":{"@id":"https:\/\/www.laguiadepamplona.com\/actualidad\/#website"},"primaryImageOfPage":{"@id":"https:\/\/www.laguiadepamplona.com\/actualidad\/el-acceso-al-cementerio-municipal-de-san-jose-por-la-festividad-de-todos-los-santos-se-mantiene-por-la-calle-biurdana-y-la-avenida-de-navarra\/#primaryimage"},"image":{"@id":"https:\/\/www.laguiadepamplona.com\/actualidad\/el-acceso-al-cementerio-municipal-de-san-jose-por-la-festividad-de-todos-los-santos-se-mantiene-por-la-calle-biurdana-y-la-avenida-de-navarra\/#primaryimage"},"thumbnailUrl":"https:\/\/www.laguiadepamplona.com\/actualidad\/wp-content\/uploads\/2024\/06\/cementerio.webp","datePublished":"2024-10-28T15:35:30+00:00","description":"El dispositivo especial de tr\u00e1fico comenzar\u00e1 el mi\u00e9rcoles y se prolongar\u00e1 hasta \u00faltima hora del d\u00eda 1 de noviembre","breadcrumb":{"@id":"https:\/\/www.laguiadepamplona.com\/actualidad\/el-acceso-al-cementerio-municipal-de-san-jose-por-la-festividad-de-todos-los-santos-se-mantiene-por-la-calle-biurdana-y-la-avenida-de-navarra\/#breadcrumb"},"inLanguage":"es","potentialAction":[{"@type":"ReadAction","target":["https:\/\/www.laguiadepamplona.com\/actualidad\/el-acceso-al-cementerio-municipal-de-san-jose-por-la-festividad-de-todos-los-santos-se-mantiene-por-la-calle-biurdana-y-la-avenida-de-navarra\/"]}]},{"@type":"ImageObject","inLanguage":"es","@id":"https:\/\/www.laguiadepamplona.com\/actualidad\/el-acceso-al-cementerio-municipal-de-san-jose-por-la-festividad-de-todos-los-santos-se-mantiene-por-la-calle-biurdana-y-la-avenida-de-navarra\/#primaryimage","url":"https:\/\/www.laguiadepamplona.com\/actualidad\/wp-content\/uploads\/2024\/06\/cementerio.webp","contentUrl":"https:\/\/www.laguiadepamplona.com\/actualidad\/wp-content\/uploads\/2024\/06\/cementerio.webp","width":1000,"height":667,"caption":"cementerio"},{"@type":"BreadcrumbList","@id":"https:\/\/www.laguiadepamplona.com\/actualidad\/el-acceso-al-cementerio-municipal-de-san-jose-por-la-festividad-de-todos-los-santos-se-mantiene-por-la-calle-biurdana-y-la-avenida-de-navarra\/#breadcrumb","itemListElement":[{"@type":"ListItem","position":1,"name":"Portada","item":"https:\/\/www.laguiadepamplona.com\/actualidad\/"},{"@type":"ListItem","position":2,"name":"El acceso al cementerio municipal de San Jos\u00e9 por la festividad de Todos los Santos se mantiene por la calle Biurdana y la avenida de Navarra"}]},{"@type":"WebSite","@id":"https:\/\/www.laguiadepamplona.com\/actualidad\/#website","url":"https:\/\/www.laguiadepamplona.com\/actualidad\/","name":"La gu\u00eda de Pamplona","description":"Noticias de Pamplona","publisher":{"@id":"https:\/\/www.laguiadepamplona.com\/actualidad\/#organization"},"potentialAction":[{"@type":"SearchAction","target":{"@type":"EntryPoint","urlTemplate":"https:\/\/www.laguiadepamplona.com\/actualidad\/?s={search_term_string}"},"query-input":{"@type":"PropertyValueSpecification","valueRequired":true,"valueName":"search_term_string"}}],"inLanguage":"es"},{"@type":"Organization","@id":"https:\/\/www.laguiadepamplona.com\/actualidad\/#organization","name":"La Gu\u00eda de Pamplona \/ Noticias","url":"https:\/\/www.laguiadepamplona.com\/actualidad\/","logo":{"@type":"ImageObject","inLanguage":"es","@id":"https:\/\/www.laguiadepamplona.com\/actualidad\/#\/schema\/logo\/image\/","url":"https:\/\/www.laguiadepamplona.com\/actualidad\/wp-content\/uploads\/2018\/11\/logo-laguiadepamplona18-web1.png","contentUrl":"https:\/\/www.laguiadepamplona.com\/actualidad\/wp-content\/uploads\/2018\/11\/logo-laguiadepamplona18-web1.png","width":600,"height":196,"caption":"La Gu\u00eda de Pamplona \/ Noticias"},"image":{"@id":"https:\/\/www.laguiadepamplona.com\/actualidad\/#\/schema\/logo\/image\/"},"sameAs":["https:\/\/www.facebook.com\/laguiadepamplonacom-133175176762273\/?ref=hl","https:\/\/x.com\/LaGuiadPamplona","https:\/\/www.instagram.com\/la_guia_de_pamplona\/","https:\/\/www.youtube.com\/user\/laguiadepamplona"]},{"@type":"Person","@id":"https:\/\/www.laguiadepamplona.com\/actualidad\/#\/schema\/person\/efe887376f0213d4657c93adc50b1fdb","name":"La Gu\u00eda de Pamplona","image":{"@type":"ImageObject","inLanguage":"es","@id":"https:\/\/secure.gravatar.com\/avatar\/b6992f131dc8d30ab0dff15446e9d346d9dbd95992de0fef795073f5ea83a81c?s=96&d=mm&r=g","url":"https:\/\/secure.gravatar.com\/avatar\/b6992f131dc8d30ab0dff15446e9d346d9dbd95992de0fef795073f5ea83a81c?s=96&d=mm&r=g","contentUrl":"https:\/\/secure.gravatar.com\/avatar\/b6992f131dc8d30ab0dff15446e9d346d9dbd95992de0fef795073f5ea83a81c?s=96&d=mm&r=g","caption":"La Gu\u00eda de Pamplona"}}]}},"post_mailing_queue_ids":[],"_links":{"self":[{"href":"https:\/\/www.laguiadepamplona.com\/actualidad\/wp-json\/wp\/v2\/posts\/51163","targetHints":{"allow":["GET"]}}],"collection":[{"href":"https:\/\/www.laguiadepamplona.com\/actualidad\/wp-json\/wp\/v2\/posts"}],"about":[{"href":"https:\/\/www.laguiadepamplona.com\/actualidad\/wp-json\/wp\/v2\/types\/post"}],"author":[{"embeddable":true,"href":"https:\/\/www.laguiadepamplona.com\/actualidad\/wp-json\/wp\/v2\/users\/1"}],"replies":[{"embeddable":true,"href":"https:\/\/www.laguiadepamplona.com\/actualidad\/wp-json\/wp\/v2\/comments?post=51163"}],"version-history":[{"count":1,"href":"https:\/\/www.laguiadepamplona.com\/actualidad\/wp-json\/wp\/v2\/posts\/51163\/revisions"}],"predecessor-version":[{"id":51164,"href":"https:\/\/www.laguiadepamplona.com\/actualidad\/wp-json\/wp\/v2\/posts\/51163\/revisions\/51164"}],"wp:featuredmedia":[{"embeddable":true,"href":"https:\/\/www.laguiadepamplona.com\/actualidad\/wp-json\/wp\/v2\/media\/49932"}],"wp:attachment":[{"href":"https:\/\/www.laguiadepamplona.com\/actualidad\/wp-json\/wp\/v2\/media?parent=51163"}],"wp:term":[{"taxonomy":"category","embeddable":true,"href":"https:\/\/www.laguiadepamplona.com\/actualidad\/wp-json\/wp\/v2\/categories?post=51163"},{"taxonomy":"post_tag","embeddable":true,"href":"https:\/\/www.laguiadepamplona.com\/actualidad\/wp-json\/wp\/v2\/tags?post=51163"}],"curies":[{"name":"wp","href":"https:\/\/api.w.org\/{rel}","templated":true}]}}