{"id":51160,"date":"2024-10-28T14:57:10","date_gmt":"2024-10-28T12:57:10","guid":{"rendered":"https:\/\/www.laguiadepamplona.com\/actualidad\/?p=51160"},"modified":"2024-10-28T14:57:10","modified_gmt":"2024-10-28T12:57:10","slug":"el-arte-efimero-de-lkn-se-hace-un-hueco-en-la-avenida-carlos-iii-donde-permanecera-durante-un-mes","status":"publish","type":"post","link":"https:\/\/www.laguiadepamplona.com\/actualidad\/el-arte-efimero-de-lkn-se-hace-un-hueco-en-la-avenida-carlos-iii-donde-permanecera-durante-un-mes\/","title":{"rendered":"El arte ef\u00edmero de LKN se hace un hueco en la avenida Carlos III, donde permanecer\u00e1 durante un mes"},"content":{"rendered":"<h2 class=\"x_2Subtitulo\">Este artista an\u00f3nimo mostrar\u00e1, de forma conjunta, quince de sus obras, realizadas a lo largo de los \u00faltimos cinco a\u00f1os<\/h2>\n<p class=\"x_MsoNormal\"><!--more--><\/p>\n<p class=\"x_3Texto\">LKN act\u00faa con nocturnidad y sigilo. Crea y expone de la noche a la ma\u00f1ana, en rincones insospechados de la ciudad. Cualquier fachada, cualquier tabl\u00f3n se convierte en lienzo para \u00e9l, en un juego donde la sorpresa y lo ef\u00edmero son coprotagonistas. A lo largo de los \u00faltimos cinco a\u00f1os este artista an\u00f3nimo ha logrado crear expectaci\u00f3n y contar con un importante n\u00famero de seguidores, que disfrutan de sus obras callejeras, en las que intercala representaciones libres de personas de la actualidad pol\u00edtica, social, deportiva y cultural de Pamplona y de Navarra.<\/p>\n<p class=\"x_3Texto\">Una buena parte de esas obras se podr\u00e1n ver ahora en conjunto en la calle, su escenario habitual. La avenida de Carlos III, a la altura del monumento al Encierro, se convierte hasta el 24 de noviembre en una sala de exposiciones al aire libre, donde la ciudadan\u00eda podr\u00e1 contemplar una quincena de sus obras m\u00e1s representativas. All\u00ed estar\u00e1n algunas de las pinturas m\u00e1s pol\u00e9micas, como \u2018El beso\u2019, que coloc\u00f3 en origen frente de la sede del Parlamento de Navarra, en el que representa a la Presidenta de Navarra, Mar\u00eda Chivite, y a la entonces portavoz de EH Bildu en el Parlamento, Bakartxo Ruiz. Tambi\u00e9n otras que levantaron pasiones como \u2018Santo Roberto\u2019, en homenaje al jugador de Osasuna Roberto Torres, inmortalizado como Jesucristo \u2018Salvator Mundi\u2019, con un bal\u00f3n en la mano, o la cantante Amaia Montero como la Virgen Mar\u00eda Reina, bajo el t\u00edtulo \u2018La reina del Pop\u2019.<\/p>\n<p class=\"x_3Texto\">Todos ellos cohabitar\u00e1n en un mismo espacio, en una muestra que lleva por nombre \u2018Reza por mi \/ Otoi nire alde\u2019. El t\u00edtulo de la exposici\u00f3n hace un gui\u00f1o a una carta al director que se public\u00f3 en respuesta a una exposici\u00f3n suya, en la que ped\u00edan una oraci\u00f3n por el artista. En respuesta a esta petici\u00f3n, LKN aboga por la libertad de expresi\u00f3n, mostrando no una sino quince de sus obras en conversaci\u00f3n, en complicidad. Se trata de reproducciones de las obras originales, realizadas a tama\u00f1o original, impresas sobre paneles de aluminio. All\u00ed se podr\u00e1 ver la representaci\u00f3n que el artista hace del futbolista Nico Williams, en la obra \u2018Or\u00edgenes\u2019 o de la actriz Clara Galle, en su obra \u2018Clara y Pura\u2019, entre otras.<\/p>\n<p class=\"x_3Texto\">Por su ubicaci\u00f3n, la muestra estar\u00e1 abierta a todo tipo de p\u00fablicos, en una apuesta del artista por acercar su obra a todos y cada uno de los ciudadanos de Pamplona. \u00c9sta es, precisamente, una de las razones por las que se ha elegido un espacio abierto, de tr\u00e1nsito, en lugar de encerrar la muestra en una sala de exposiciones. Otro motivo radica en esa naturaleza de arte callejero, transgresor y sat\u00edrico, que no quiere perder sus or\u00edgenes y su raz\u00f3n de ser: la calle.<\/p>\n<p class=\"x_3Texto\">Las obras se podr\u00e1n tocar, ver de cerca e incluso podr\u00e1n ser fotografiadas y grabadas por quienes acudan a verlas. La muestra, de hecho, abre la puerta al mundo creativo de LKN, de una forma cercana y m\u00e1gica.<\/p>\n<p class=\"x_3Texto\">No es la primera vez que LKN muestra su obra de la mano del Ayuntamiento de Pamplona. Ya lo hizo en 2021, en Condestable, con una veintena de pinturas creadas en sus dos primeros a\u00f1os de vida. Ahora recorre su primer lustro creativo, mostrando la evoluci\u00f3n en temas, pero sin abandonar su estilo, que le hace ya inconfundible. Lo que surgi\u00f3 como una creaci\u00f3n clandestina, que iba a ser \u00fanica en el tiempo, cumple ahora cinco a\u00f1os, pero manteniendo la esencia de ese arte furtivo, clandestino y que surge a la luz de la luna.<\/p>\n","protected":false},"excerpt":{"rendered":"<p>Este artista an\u00f3nimo mostrar\u00e1, de forma conjunta, quince de sus obras, realizadas a lo largo de los \u00faltimos cinco a\u00f1os<\/p>\n","protected":false},"author":1,"featured_media":51161,"comment_status":"open","ping_status":"closed","sticky":false,"template":"","format":"standard","meta":{"footnotes":""},"categories":[2],"tags":[],"class_list":["post-51160","post","type-post","status-publish","format-standard","has-post-thumbnail","hentry","category-ayuntamiento-pamplona"],"yoast_head":"<!-- This site is optimized with the Yoast SEO plugin v27.3 - https:\/\/yoast.com\/product\/yoast-seo-wordpress\/ -->\n<title>El arte ef\u00edmero de LKN se hace un hueco en la avenida Carlos III, donde permanecer\u00e1 durante un mes<\/title>\n<meta name=\"description\" content=\"Este artista an\u00f3nimo mostrar\u00e1, de forma conjunta, quince de sus obras, realizadas a lo largo de los \u00faltimos cinco a\u00f1os\" \/>\n<meta name=\"robots\" content=\"index, follow, max-snippet:-1, max-image-preview:large, max-video-preview:-1\" \/>\n<link rel=\"canonical\" href=\"https:\/\/www.laguiadepamplona.com\/actualidad\/el-arte-efimero-de-lkn-se-hace-un-hueco-en-la-avenida-carlos-iii-donde-permanecera-durante-un-mes\/\" \/>\n<meta property=\"og:locale\" content=\"es_ES\" \/>\n<meta property=\"og:type\" content=\"article\" \/>\n<meta property=\"og:title\" content=\"El arte ef\u00edmero de LKN se hace un hueco en la avenida Carlos III, donde permanecer\u00e1 durante un mes\" \/>\n<meta property=\"og:description\" content=\"Este artista an\u00f3nimo mostrar\u00e1, de forma conjunta, quince de sus obras, realizadas a lo largo de los \u00faltimos cinco a\u00f1os\" \/>\n<meta property=\"og:url\" content=\"https:\/\/www.laguiadepamplona.com\/actualidad\/el-arte-efimero-de-lkn-se-hace-un-hueco-en-la-avenida-carlos-iii-donde-permanecera-durante-un-mes\/\" \/>\n<meta property=\"og:site_name\" content=\"La Gu\u00eda de Pamplona\" \/>\n<meta property=\"article:publisher\" content=\"https:\/\/www.facebook.com\/laguiadepamplonacom-133175176762273\/?ref=hl\" \/>\n<meta property=\"article:published_time\" content=\"2024-10-28T12:57:10+00:00\" \/>\n<meta property=\"og:image\" content=\"https:\/\/www.laguiadepamplona.com\/actualidad\/wp-content\/uploads\/2024\/10\/expolkn1_0.webp\" \/>\n\t<meta property=\"og:image:width\" content=\"1000\" \/>\n\t<meta property=\"og:image:height\" content=\"667\" \/>\n\t<meta property=\"og:image:type\" content=\"image\/webp\" \/>\n<meta name=\"author\" content=\"La Gu\u00eda de Pamplona\" \/>\n<meta name=\"twitter:card\" content=\"summary_large_image\" \/>\n<meta name=\"twitter:creator\" content=\"@LaGuiadPamplona\" \/>\n<meta name=\"twitter:site\" content=\"@LaGuiadPamplona\" \/>\n<meta name=\"twitter:label1\" content=\"Escrito por\" \/>\n\t<meta name=\"twitter:data1\" content=\"La Gu\u00eda de Pamplona\" \/>\n\t<meta name=\"twitter:label2\" content=\"Tiempo de lectura\" \/>\n\t<meta name=\"twitter:data2\" content=\"3 minutos\" \/>\n<script type=\"application\/ld+json\" class=\"yoast-schema-graph\">{\"@context\":\"https:\\\/\\\/schema.org\",\"@graph\":[{\"@type\":\"Article\",\"@id\":\"https:\\\/\\\/www.laguiadepamplona.com\\\/actualidad\\\/el-arte-efimero-de-lkn-se-hace-un-hueco-en-la-avenida-carlos-iii-donde-permanecera-durante-un-mes\\\/#article\",\"isPartOf\":{\"@id\":\"https:\\\/\\\/www.laguiadepamplona.com\\\/actualidad\\\/el-arte-efimero-de-lkn-se-hace-un-hueco-en-la-avenida-carlos-iii-donde-permanecera-durante-un-mes\\\/\"},\"author\":{\"name\":\"La Gu\u00eda de Pamplona\",\"@id\":\"https:\\\/\\\/www.laguiadepamplona.com\\\/actualidad\\\/#\\\/schema\\\/person\\\/efe887376f0213d4657c93adc50b1fdb\"},\"headline\":\"El arte ef\u00edmero de LKN se hace un hueco en la avenida Carlos III, donde permanecer\u00e1 durante un mes\",\"datePublished\":\"2024-10-28T12:57:10+00:00\",\"mainEntityOfPage\":{\"@id\":\"https:\\\/\\\/www.laguiadepamplona.com\\\/actualidad\\\/el-arte-efimero-de-lkn-se-hace-un-hueco-en-la-avenida-carlos-iii-donde-permanecera-durante-un-mes\\\/\"},\"wordCount\":668,\"commentCount\":0,\"publisher\":{\"@id\":\"https:\\\/\\\/www.laguiadepamplona.com\\\/actualidad\\\/#organization\"},\"image\":{\"@id\":\"https:\\\/\\\/www.laguiadepamplona.com\\\/actualidad\\\/el-arte-efimero-de-lkn-se-hace-un-hueco-en-la-avenida-carlos-iii-donde-permanecera-durante-un-mes\\\/#primaryimage\"},\"thumbnailUrl\":\"https:\\\/\\\/www.laguiadepamplona.com\\\/actualidad\\\/wp-content\\\/uploads\\\/2024\\\/10\\\/expolkn1_0.webp\",\"articleSection\":[\"Ayto Pamplona\"],\"inLanguage\":\"es\",\"potentialAction\":[{\"@type\":\"CommentAction\",\"name\":\"Comment\",\"target\":[\"https:\\\/\\\/www.laguiadepamplona.com\\\/actualidad\\\/el-arte-efimero-de-lkn-se-hace-un-hueco-en-la-avenida-carlos-iii-donde-permanecera-durante-un-mes\\\/#respond\"]}]},{\"@type\":\"WebPage\",\"@id\":\"https:\\\/\\\/www.laguiadepamplona.com\\\/actualidad\\\/el-arte-efimero-de-lkn-se-hace-un-hueco-en-la-avenida-carlos-iii-donde-permanecera-durante-un-mes\\\/\",\"url\":\"https:\\\/\\\/www.laguiadepamplona.com\\\/actualidad\\\/el-arte-efimero-de-lkn-se-hace-un-hueco-en-la-avenida-carlos-iii-donde-permanecera-durante-un-mes\\\/\",\"name\":\"El arte ef\u00edmero de LKN se hace un hueco en la avenida Carlos III, donde permanecer\u00e1 durante un mes\",\"isPartOf\":{\"@id\":\"https:\\\/\\\/www.laguiadepamplona.com\\\/actualidad\\\/#website\"},\"primaryImageOfPage\":{\"@id\":\"https:\\\/\\\/www.laguiadepamplona.com\\\/actualidad\\\/el-arte-efimero-de-lkn-se-hace-un-hueco-en-la-avenida-carlos-iii-donde-permanecera-durante-un-mes\\\/#primaryimage\"},\"image\":{\"@id\":\"https:\\\/\\\/www.laguiadepamplona.com\\\/actualidad\\\/el-arte-efimero-de-lkn-se-hace-un-hueco-en-la-avenida-carlos-iii-donde-permanecera-durante-un-mes\\\/#primaryimage\"},\"thumbnailUrl\":\"https:\\\/\\\/www.laguiadepamplona.com\\\/actualidad\\\/wp-content\\\/uploads\\\/2024\\\/10\\\/expolkn1_0.webp\",\"datePublished\":\"2024-10-28T12:57:10+00:00\",\"description\":\"Este artista an\u00f3nimo mostrar\u00e1, de forma conjunta, quince de sus obras, realizadas a lo largo de los \u00faltimos cinco a\u00f1os\",\"breadcrumb\":{\"@id\":\"https:\\\/\\\/www.laguiadepamplona.com\\\/actualidad\\\/el-arte-efimero-de-lkn-se-hace-un-hueco-en-la-avenida-carlos-iii-donde-permanecera-durante-un-mes\\\/#breadcrumb\"},\"inLanguage\":\"es\",\"potentialAction\":[{\"@type\":\"ReadAction\",\"target\":[\"https:\\\/\\\/www.laguiadepamplona.com\\\/actualidad\\\/el-arte-efimero-de-lkn-se-hace-un-hueco-en-la-avenida-carlos-iii-donde-permanecera-durante-un-mes\\\/\"]}]},{\"@type\":\"ImageObject\",\"inLanguage\":\"es\",\"@id\":\"https:\\\/\\\/www.laguiadepamplona.com\\\/actualidad\\\/el-arte-efimero-de-lkn-se-hace-un-hueco-en-la-avenida-carlos-iii-donde-permanecera-durante-un-mes\\\/#primaryimage\",\"url\":\"https:\\\/\\\/www.laguiadepamplona.com\\\/actualidad\\\/wp-content\\\/uploads\\\/2024\\\/10\\\/expolkn1_0.webp\",\"contentUrl\":\"https:\\\/\\\/www.laguiadepamplona.com\\\/actualidad\\\/wp-content\\\/uploads\\\/2024\\\/10\\\/expolkn1_0.webp\",\"width\":1000,\"height\":667,\"caption\":\"Expo LKN\"},{\"@type\":\"BreadcrumbList\",\"@id\":\"https:\\\/\\\/www.laguiadepamplona.com\\\/actualidad\\\/el-arte-efimero-de-lkn-se-hace-un-hueco-en-la-avenida-carlos-iii-donde-permanecera-durante-un-mes\\\/#breadcrumb\",\"itemListElement\":[{\"@type\":\"ListItem\",\"position\":1,\"name\":\"Portada\",\"item\":\"https:\\\/\\\/www.laguiadepamplona.com\\\/actualidad\\\/\"},{\"@type\":\"ListItem\",\"position\":2,\"name\":\"El arte ef\u00edmero de LKN se hace un hueco en la avenida Carlos III, donde permanecer\u00e1 durante un mes\"}]},{\"@type\":\"WebSite\",\"@id\":\"https:\\\/\\\/www.laguiadepamplona.com\\\/actualidad\\\/#website\",\"url\":\"https:\\\/\\\/www.laguiadepamplona.com\\\/actualidad\\\/\",\"name\":\"La gu\u00eda de Pamplona\",\"description\":\"Noticias de Pamplona\",\"publisher\":{\"@id\":\"https:\\\/\\\/www.laguiadepamplona.com\\\/actualidad\\\/#organization\"},\"potentialAction\":[{\"@type\":\"SearchAction\",\"target\":{\"@type\":\"EntryPoint\",\"urlTemplate\":\"https:\\\/\\\/www.laguiadepamplona.com\\\/actualidad\\\/?s={search_term_string}\"},\"query-input\":{\"@type\":\"PropertyValueSpecification\",\"valueRequired\":true,\"valueName\":\"search_term_string\"}}],\"inLanguage\":\"es\"},{\"@type\":\"Organization\",\"@id\":\"https:\\\/\\\/www.laguiadepamplona.com\\\/actualidad\\\/#organization\",\"name\":\"La Gu\u00eda de Pamplona \\\/ Noticias\",\"url\":\"https:\\\/\\\/www.laguiadepamplona.com\\\/actualidad\\\/\",\"logo\":{\"@type\":\"ImageObject\",\"inLanguage\":\"es\",\"@id\":\"https:\\\/\\\/www.laguiadepamplona.com\\\/actualidad\\\/#\\\/schema\\\/logo\\\/image\\\/\",\"url\":\"https:\\\/\\\/www.laguiadepamplona.com\\\/actualidad\\\/wp-content\\\/uploads\\\/2018\\\/11\\\/logo-laguiadepamplona18-web1.png\",\"contentUrl\":\"https:\\\/\\\/www.laguiadepamplona.com\\\/actualidad\\\/wp-content\\\/uploads\\\/2018\\\/11\\\/logo-laguiadepamplona18-web1.png\",\"width\":600,\"height\":196,\"caption\":\"La Gu\u00eda de Pamplona \\\/ Noticias\"},\"image\":{\"@id\":\"https:\\\/\\\/www.laguiadepamplona.com\\\/actualidad\\\/#\\\/schema\\\/logo\\\/image\\\/\"},\"sameAs\":[\"https:\\\/\\\/www.facebook.com\\\/laguiadepamplonacom-133175176762273\\\/?ref=hl\",\"https:\\\/\\\/x.com\\\/LaGuiadPamplona\",\"https:\\\/\\\/www.instagram.com\\\/la_guia_de_pamplona\\\/\",\"https:\\\/\\\/www.youtube.com\\\/user\\\/laguiadepamplona\"]},{\"@type\":\"Person\",\"@id\":\"https:\\\/\\\/www.laguiadepamplona.com\\\/actualidad\\\/#\\\/schema\\\/person\\\/efe887376f0213d4657c93adc50b1fdb\",\"name\":\"La Gu\u00eda de Pamplona\",\"image\":{\"@type\":\"ImageObject\",\"inLanguage\":\"es\",\"@id\":\"https:\\\/\\\/secure.gravatar.com\\\/avatar\\\/b6992f131dc8d30ab0dff15446e9d346d9dbd95992de0fef795073f5ea83a81c?s=96&d=mm&r=g\",\"url\":\"https:\\\/\\\/secure.gravatar.com\\\/avatar\\\/b6992f131dc8d30ab0dff15446e9d346d9dbd95992de0fef795073f5ea83a81c?s=96&d=mm&r=g\",\"contentUrl\":\"https:\\\/\\\/secure.gravatar.com\\\/avatar\\\/b6992f131dc8d30ab0dff15446e9d346d9dbd95992de0fef795073f5ea83a81c?s=96&d=mm&r=g\",\"caption\":\"La Gu\u00eda de Pamplona\"}}]}<\/script>\n<!-- \/ Yoast SEO plugin. -->","yoast_head_json":{"title":"El arte ef\u00edmero de LKN se hace un hueco en la avenida Carlos III, donde permanecer\u00e1 durante un mes","description":"Este artista an\u00f3nimo mostrar\u00e1, de forma conjunta, quince de sus obras, realizadas a lo largo de los \u00faltimos cinco a\u00f1os","robots":{"index":"index","follow":"follow","max-snippet":"max-snippet:-1","max-image-preview":"max-image-preview:large","max-video-preview":"max-video-preview:-1"},"canonical":"https:\/\/www.laguiadepamplona.com\/actualidad\/el-arte-efimero-de-lkn-se-hace-un-hueco-en-la-avenida-carlos-iii-donde-permanecera-durante-un-mes\/","og_locale":"es_ES","og_type":"article","og_title":"El arte ef\u00edmero de LKN se hace un hueco en la avenida Carlos III, donde permanecer\u00e1 durante un mes","og_description":"Este artista an\u00f3nimo mostrar\u00e1, de forma conjunta, quince de sus obras, realizadas a lo largo de los \u00faltimos cinco a\u00f1os","og_url":"https:\/\/www.laguiadepamplona.com\/actualidad\/el-arte-efimero-de-lkn-se-hace-un-hueco-en-la-avenida-carlos-iii-donde-permanecera-durante-un-mes\/","og_site_name":"La Gu\u00eda de Pamplona","article_publisher":"https:\/\/www.facebook.com\/laguiadepamplonacom-133175176762273\/?ref=hl","article_published_time":"2024-10-28T12:57:10+00:00","og_image":[{"width":1000,"height":667,"url":"https:\/\/www.laguiadepamplona.com\/actualidad\/wp-content\/uploads\/2024\/10\/expolkn1_0.webp","type":"image\/webp"}],"author":"La Gu\u00eda de Pamplona","twitter_card":"summary_large_image","twitter_creator":"@LaGuiadPamplona","twitter_site":"@LaGuiadPamplona","twitter_misc":{"Escrito por":"La Gu\u00eda de Pamplona","Tiempo de lectura":"3 minutos"},"schema":{"@context":"https:\/\/schema.org","@graph":[{"@type":"Article","@id":"https:\/\/www.laguiadepamplona.com\/actualidad\/el-arte-efimero-de-lkn-se-hace-un-hueco-en-la-avenida-carlos-iii-donde-permanecera-durante-un-mes\/#article","isPartOf":{"@id":"https:\/\/www.laguiadepamplona.com\/actualidad\/el-arte-efimero-de-lkn-se-hace-un-hueco-en-la-avenida-carlos-iii-donde-permanecera-durante-un-mes\/"},"author":{"name":"La Gu\u00eda de Pamplona","@id":"https:\/\/www.laguiadepamplona.com\/actualidad\/#\/schema\/person\/efe887376f0213d4657c93adc50b1fdb"},"headline":"El arte ef\u00edmero de LKN se hace un hueco en la avenida Carlos III, donde permanecer\u00e1 durante un mes","datePublished":"2024-10-28T12:57:10+00:00","mainEntityOfPage":{"@id":"https:\/\/www.laguiadepamplona.com\/actualidad\/el-arte-efimero-de-lkn-se-hace-un-hueco-en-la-avenida-carlos-iii-donde-permanecera-durante-un-mes\/"},"wordCount":668,"commentCount":0,"publisher":{"@id":"https:\/\/www.laguiadepamplona.com\/actualidad\/#organization"},"image":{"@id":"https:\/\/www.laguiadepamplona.com\/actualidad\/el-arte-efimero-de-lkn-se-hace-un-hueco-en-la-avenida-carlos-iii-donde-permanecera-durante-un-mes\/#primaryimage"},"thumbnailUrl":"https:\/\/www.laguiadepamplona.com\/actualidad\/wp-content\/uploads\/2024\/10\/expolkn1_0.webp","articleSection":["Ayto Pamplona"],"inLanguage":"es","potentialAction":[{"@type":"CommentAction","name":"Comment","target":["https:\/\/www.laguiadepamplona.com\/actualidad\/el-arte-efimero-de-lkn-se-hace-un-hueco-en-la-avenida-carlos-iii-donde-permanecera-durante-un-mes\/#respond"]}]},{"@type":"WebPage","@id":"https:\/\/www.laguiadepamplona.com\/actualidad\/el-arte-efimero-de-lkn-se-hace-un-hueco-en-la-avenida-carlos-iii-donde-permanecera-durante-un-mes\/","url":"https:\/\/www.laguiadepamplona.com\/actualidad\/el-arte-efimero-de-lkn-se-hace-un-hueco-en-la-avenida-carlos-iii-donde-permanecera-durante-un-mes\/","name":"El arte ef\u00edmero de LKN se hace un hueco en la avenida Carlos III, donde permanecer\u00e1 durante un mes","isPartOf":{"@id":"https:\/\/www.laguiadepamplona.com\/actualidad\/#website"},"primaryImageOfPage":{"@id":"https:\/\/www.laguiadepamplona.com\/actualidad\/el-arte-efimero-de-lkn-se-hace-un-hueco-en-la-avenida-carlos-iii-donde-permanecera-durante-un-mes\/#primaryimage"},"image":{"@id":"https:\/\/www.laguiadepamplona.com\/actualidad\/el-arte-efimero-de-lkn-se-hace-un-hueco-en-la-avenida-carlos-iii-donde-permanecera-durante-un-mes\/#primaryimage"},"thumbnailUrl":"https:\/\/www.laguiadepamplona.com\/actualidad\/wp-content\/uploads\/2024\/10\/expolkn1_0.webp","datePublished":"2024-10-28T12:57:10+00:00","description":"Este artista an\u00f3nimo mostrar\u00e1, de forma conjunta, quince de sus obras, realizadas a lo largo de los \u00faltimos cinco a\u00f1os","breadcrumb":{"@id":"https:\/\/www.laguiadepamplona.com\/actualidad\/el-arte-efimero-de-lkn-se-hace-un-hueco-en-la-avenida-carlos-iii-donde-permanecera-durante-un-mes\/#breadcrumb"},"inLanguage":"es","potentialAction":[{"@type":"ReadAction","target":["https:\/\/www.laguiadepamplona.com\/actualidad\/el-arte-efimero-de-lkn-se-hace-un-hueco-en-la-avenida-carlos-iii-donde-permanecera-durante-un-mes\/"]}]},{"@type":"ImageObject","inLanguage":"es","@id":"https:\/\/www.laguiadepamplona.com\/actualidad\/el-arte-efimero-de-lkn-se-hace-un-hueco-en-la-avenida-carlos-iii-donde-permanecera-durante-un-mes\/#primaryimage","url":"https:\/\/www.laguiadepamplona.com\/actualidad\/wp-content\/uploads\/2024\/10\/expolkn1_0.webp","contentUrl":"https:\/\/www.laguiadepamplona.com\/actualidad\/wp-content\/uploads\/2024\/10\/expolkn1_0.webp","width":1000,"height":667,"caption":"Expo LKN"},{"@type":"BreadcrumbList","@id":"https:\/\/www.laguiadepamplona.com\/actualidad\/el-arte-efimero-de-lkn-se-hace-un-hueco-en-la-avenida-carlos-iii-donde-permanecera-durante-un-mes\/#breadcrumb","itemListElement":[{"@type":"ListItem","position":1,"name":"Portada","item":"https:\/\/www.laguiadepamplona.com\/actualidad\/"},{"@type":"ListItem","position":2,"name":"El arte ef\u00edmero de LKN se hace un hueco en la avenida Carlos III, donde permanecer\u00e1 durante un mes"}]},{"@type":"WebSite","@id":"https:\/\/www.laguiadepamplona.com\/actualidad\/#website","url":"https:\/\/www.laguiadepamplona.com\/actualidad\/","name":"La gu\u00eda de Pamplona","description":"Noticias de Pamplona","publisher":{"@id":"https:\/\/www.laguiadepamplona.com\/actualidad\/#organization"},"potentialAction":[{"@type":"SearchAction","target":{"@type":"EntryPoint","urlTemplate":"https:\/\/www.laguiadepamplona.com\/actualidad\/?s={search_term_string}"},"query-input":{"@type":"PropertyValueSpecification","valueRequired":true,"valueName":"search_term_string"}}],"inLanguage":"es"},{"@type":"Organization","@id":"https:\/\/www.laguiadepamplona.com\/actualidad\/#organization","name":"La Gu\u00eda de Pamplona \/ Noticias","url":"https:\/\/www.laguiadepamplona.com\/actualidad\/","logo":{"@type":"ImageObject","inLanguage":"es","@id":"https:\/\/www.laguiadepamplona.com\/actualidad\/#\/schema\/logo\/image\/","url":"https:\/\/www.laguiadepamplona.com\/actualidad\/wp-content\/uploads\/2018\/11\/logo-laguiadepamplona18-web1.png","contentUrl":"https:\/\/www.laguiadepamplona.com\/actualidad\/wp-content\/uploads\/2018\/11\/logo-laguiadepamplona18-web1.png","width":600,"height":196,"caption":"La Gu\u00eda de Pamplona \/ Noticias"},"image":{"@id":"https:\/\/www.laguiadepamplona.com\/actualidad\/#\/schema\/logo\/image\/"},"sameAs":["https:\/\/www.facebook.com\/laguiadepamplonacom-133175176762273\/?ref=hl","https:\/\/x.com\/LaGuiadPamplona","https:\/\/www.instagram.com\/la_guia_de_pamplona\/","https:\/\/www.youtube.com\/user\/laguiadepamplona"]},{"@type":"Person","@id":"https:\/\/www.laguiadepamplona.com\/actualidad\/#\/schema\/person\/efe887376f0213d4657c93adc50b1fdb","name":"La Gu\u00eda de Pamplona","image":{"@type":"ImageObject","inLanguage":"es","@id":"https:\/\/secure.gravatar.com\/avatar\/b6992f131dc8d30ab0dff15446e9d346d9dbd95992de0fef795073f5ea83a81c?s=96&d=mm&r=g","url":"https:\/\/secure.gravatar.com\/avatar\/b6992f131dc8d30ab0dff15446e9d346d9dbd95992de0fef795073f5ea83a81c?s=96&d=mm&r=g","contentUrl":"https:\/\/secure.gravatar.com\/avatar\/b6992f131dc8d30ab0dff15446e9d346d9dbd95992de0fef795073f5ea83a81c?s=96&d=mm&r=g","caption":"La Gu\u00eda de Pamplona"}}]}},"post_mailing_queue_ids":[],"_links":{"self":[{"href":"https:\/\/www.laguiadepamplona.com\/actualidad\/wp-json\/wp\/v2\/posts\/51160","targetHints":{"allow":["GET"]}}],"collection":[{"href":"https:\/\/www.laguiadepamplona.com\/actualidad\/wp-json\/wp\/v2\/posts"}],"about":[{"href":"https:\/\/www.laguiadepamplona.com\/actualidad\/wp-json\/wp\/v2\/types\/post"}],"author":[{"embeddable":true,"href":"https:\/\/www.laguiadepamplona.com\/actualidad\/wp-json\/wp\/v2\/users\/1"}],"replies":[{"embeddable":true,"href":"https:\/\/www.laguiadepamplona.com\/actualidad\/wp-json\/wp\/v2\/comments?post=51160"}],"version-history":[{"count":1,"href":"https:\/\/www.laguiadepamplona.com\/actualidad\/wp-json\/wp\/v2\/posts\/51160\/revisions"}],"predecessor-version":[{"id":51162,"href":"https:\/\/www.laguiadepamplona.com\/actualidad\/wp-json\/wp\/v2\/posts\/51160\/revisions\/51162"}],"wp:featuredmedia":[{"embeddable":true,"href":"https:\/\/www.laguiadepamplona.com\/actualidad\/wp-json\/wp\/v2\/media\/51161"}],"wp:attachment":[{"href":"https:\/\/www.laguiadepamplona.com\/actualidad\/wp-json\/wp\/v2\/media?parent=51160"}],"wp:term":[{"taxonomy":"category","embeddable":true,"href":"https:\/\/www.laguiadepamplona.com\/actualidad\/wp-json\/wp\/v2\/categories?post=51160"},{"taxonomy":"post_tag","embeddable":true,"href":"https:\/\/www.laguiadepamplona.com\/actualidad\/wp-json\/wp\/v2\/tags?post=51160"}],"curies":[{"name":"wp","href":"https:\/\/api.w.org\/{rel}","templated":true}]}}