{"id":51157,"date":"2024-10-28T14:55:47","date_gmt":"2024-10-28T12:55:47","guid":{"rendered":"https:\/\/www.laguiadepamplona.com\/actualidad\/?p=51157"},"modified":"2024-10-28T14:55:47","modified_gmt":"2024-10-28T12:55:47","slug":"nadia-fabo-andres-y-joseba-esparza-gorraiz-reciben-el-xviii-premio-internacional-de-poesia-ciudad-de-pamplona-en-las-modalidades-de-castellano-y-euskera","status":"publish","type":"post","link":"https:\/\/www.laguiadepamplona.com\/actualidad\/nadia-fabo-andres-y-joseba-esparza-gorraiz-reciben-el-xviii-premio-internacional-de-poesia-ciudad-de-pamplona-en-las-modalidades-de-castellano-y-euskera\/","title":{"rendered":"Nadia Fabo Andr\u00e9s y Joseba Esparza Gorraiz reciben el XVIII Premio Internacional de Poes\u00eda Ciudad de Pamplona en las modalidades de castellano y euskera"},"content":{"rendered":"<h2 class=\"x_2Subtitulo\">Adem\u00e1s de los 3.000 euros del premio econ\u00f3mico en cada modalidad, los poemarios ganadores, \u2018Pitx\u2019 y \u2018Ttau eta biok\u2019, se han publicado como libros<\/h2>\n<p class=\"x_MsoNormal\"><!--more--><\/p>\n<p class=\"x_3Texto\">El patio del Palacio del Condestable ha acogido esta ma\u00f1ana la entrega del XVIII Premio Internacional de Poes\u00eda Ciudad de Pamplona. Nadia Fabro Andr\u00e9s, con su obra \u2018Pitx\u2019 en la modalidad de castellano, y Joseba Esparza Gorraiz, con \u2018Ttau eta biok\u2019 en la modalidad de euskera, han recibido sus galardones de manos de la concejala delegada de Cultura, Fiestas, Educaci\u00f3n y Deporte, Maider Beloki Unzu, y del presidente del Ateneo Navarro, Pedro Salaberri Zunzarren.<\/p>\n<p class=\"x_3Texto\">El premio tiene un componente econ\u00f3mico de 3.000 euros para cada categor\u00eda y tambi\u00e9n una parte de difusi\u00f3n, pues los poemarios ganadores se publican en una edici\u00f3n impresa que est\u00e1 a la venta en las librer\u00edas de la ciudad. En esta decimoctava edici\u00f3n, se presentaron un total de 453 poemarios, de los que 438 han participado en la modalidad de castellano y 15 en la modalidad de euskera, creados por 336 autores y 95 autoras. Madrid, Andaluc\u00eda, Navarra y Castilla y Le\u00f3n son las autonom\u00edas desde las que se han aportado m\u00e1s trabajos. Tambi\u00e9n llegaron obras desde una treintena de pa\u00edses, con Argentina, Colombia y Cuba a la cabeza de los poemarios recibidos a nivel internacional.\u00a0 Un 97% de los trabajos llegaron al certamen por correo electr\u00f3nico.<\/p>\n<p class=\"x_3Texto\">Sobre \u2018Pitx\u2019 de Nadia Fabo Andr\u00e9s, el jurado reconoci\u00f3 su originalidad expresiva, su sentido del riesgo y una mezcla justa y efectiva de lenguaje coloquial y l\u00edrico. Asimismo, se destac\u00f3 que, bajo una aparente sencillez, se descubren capas de m\u00faltiple significaci\u00f3n que incitan a la relectura. El trabajo versa sobre una gran variedad de temas, hilados con una notable inteligencia constructiva. El jurado destac\u00f3 de la obra \u2018Ttau eta biok\u2019, de Joseba Esparza Gorraiz, su cohesi\u00f3n en el conjunto, con juegos de palabras e im\u00e1genes que van ganando profundidad a medida que se avanza, trabajando la fon\u00e9tica y, en definitiva, atrapando a quien lee los versos. La obra muestra un estilo propio y original.<\/p>\n<p class=\"x_3Texto\">El jurado de esta edici\u00f3n lo han integrado, en la modalidad de castellano, por el poeta y secretario Javier Asi\u00e1in Urtasun; el editor, traductor y poeta, Jes\u00fas Mun\u00e1rriz Peralta; la poeta Raquel Lanseros S\u00e1nchez; y la poeta y vocal de Literatura y Ling\u00fc\u00edstica de Ateneo Navarro, Regina Salcedo Irurzun. En la modalidad en euskera, el jurado lo han compuesto el ganador de la pasada edici\u00f3n Iban Garro Alzuri; Unai Pascual Loyarte, editor de Denonartean; In\u00e9s Castiella Imaz, secretaria y vocal de Euskera de Ateneo Navarro; y Pedro Salaberri, presidente de Ateneo Navarro.<\/p>\n","protected":false},"excerpt":{"rendered":"<p>Adem\u00e1s de los 3.000 euros del premio econ\u00f3mico en cada modalidad, los poemarios ganadores, \u2018Pitx\u2019 y \u2018Ttau eta biok\u2019, se han publicado como libros<\/p>\n","protected":false},"author":1,"featured_media":51158,"comment_status":"open","ping_status":"closed","sticky":false,"template":"","format":"standard","meta":{"footnotes":""},"categories":[2],"tags":[],"class_list":["post-51157","post","type-post","status-publish","format-standard","has-post-thumbnail","hentry","category-ayuntamiento-pamplona"],"yoast_head":"<!-- This site is optimized with the Yoast SEO plugin v27.3 - https:\/\/yoast.com\/product\/yoast-seo-wordpress\/ -->\n<title>Nadia Fabo Andr\u00e9s y Joseba Esparza Gorraiz reciben el XVIII Premio Internacional de Poes\u00eda Ciudad de Pamplona en las modalidades de castellano y euskera<\/title>\n<meta name=\"description\" content=\"Adem\u00e1s de los 3.000 euros del premio econ\u00f3mico en cada modalidad, los poemarios ganadores, \u2018Pitx\u2019 y \u2018Ttau eta biok\u2019, se han publicado\" \/>\n<meta name=\"robots\" content=\"index, follow, max-snippet:-1, max-image-preview:large, max-video-preview:-1\" \/>\n<link rel=\"canonical\" href=\"https:\/\/www.laguiadepamplona.com\/actualidad\/nadia-fabo-andres-y-joseba-esparza-gorraiz-reciben-el-xviii-premio-internacional-de-poesia-ciudad-de-pamplona-en-las-modalidades-de-castellano-y-euskera\/\" \/>\n<meta property=\"og:locale\" content=\"es_ES\" \/>\n<meta property=\"og:type\" content=\"article\" \/>\n<meta property=\"og:title\" content=\"Nadia Fabo Andr\u00e9s y Joseba Esparza Gorraiz reciben el XVIII Premio Internacional de Poes\u00eda Ciudad de Pamplona en las modalidades de castellano y euskera\" \/>\n<meta property=\"og:description\" content=\"Adem\u00e1s de los 3.000 euros del premio econ\u00f3mico en cada modalidad, los poemarios ganadores, \u2018Pitx\u2019 y \u2018Ttau eta biok\u2019, se han publicado\" \/>\n<meta property=\"og:url\" content=\"https:\/\/www.laguiadepamplona.com\/actualidad\/nadia-fabo-andres-y-joseba-esparza-gorraiz-reciben-el-xviii-premio-internacional-de-poesia-ciudad-de-pamplona-en-las-modalidades-de-castellano-y-euskera\/\" \/>\n<meta property=\"og:site_name\" content=\"La Gu\u00eda de Pamplona\" \/>\n<meta property=\"article:publisher\" content=\"https:\/\/www.facebook.com\/laguiadepamplonacom-133175176762273\/?ref=hl\" \/>\n<meta property=\"article:published_time\" content=\"2024-10-28T12:55:47+00:00\" \/>\n<meta property=\"og:image\" content=\"https:\/\/www.laguiadepamplona.com\/actualidad\/wp-content\/uploads\/2024\/10\/premiosciudaddepamplonanb6329_0.webp\" \/>\n\t<meta property=\"og:image:width\" content=\"1000\" \/>\n\t<meta property=\"og:image:height\" content=\"667\" \/>\n\t<meta property=\"og:image:type\" content=\"image\/webp\" \/>\n<meta name=\"author\" content=\"La Gu\u00eda de Pamplona\" \/>\n<meta name=\"twitter:card\" content=\"summary_large_image\" \/>\n<meta name=\"twitter:creator\" content=\"@LaGuiadPamplona\" \/>\n<meta name=\"twitter:site\" content=\"@LaGuiadPamplona\" \/>\n<meta name=\"twitter:label1\" content=\"Escrito por\" \/>\n\t<meta name=\"twitter:data1\" content=\"La Gu\u00eda de Pamplona\" \/>\n\t<meta name=\"twitter:label2\" content=\"Tiempo de lectura\" \/>\n\t<meta name=\"twitter:data2\" content=\"2 minutos\" \/>\n<script type=\"application\/ld+json\" class=\"yoast-schema-graph\">{\"@context\":\"https:\\\/\\\/schema.org\",\"@graph\":[{\"@type\":\"Article\",\"@id\":\"https:\\\/\\\/www.laguiadepamplona.com\\\/actualidad\\\/nadia-fabo-andres-y-joseba-esparza-gorraiz-reciben-el-xviii-premio-internacional-de-poesia-ciudad-de-pamplona-en-las-modalidades-de-castellano-y-euskera\\\/#article\",\"isPartOf\":{\"@id\":\"https:\\\/\\\/www.laguiadepamplona.com\\\/actualidad\\\/nadia-fabo-andres-y-joseba-esparza-gorraiz-reciben-el-xviii-premio-internacional-de-poesia-ciudad-de-pamplona-en-las-modalidades-de-castellano-y-euskera\\\/\"},\"author\":{\"name\":\"La Gu\u00eda de Pamplona\",\"@id\":\"https:\\\/\\\/www.laguiadepamplona.com\\\/actualidad\\\/#\\\/schema\\\/person\\\/efe887376f0213d4657c93adc50b1fdb\"},\"headline\":\"Nadia Fabo Andr\u00e9s y Joseba Esparza Gorraiz reciben el XVIII Premio Internacional de Poes\u00eda Ciudad de Pamplona en las modalidades de castellano y euskera\",\"datePublished\":\"2024-10-28T12:55:47+00:00\",\"mainEntityOfPage\":{\"@id\":\"https:\\\/\\\/www.laguiadepamplona.com\\\/actualidad\\\/nadia-fabo-andres-y-joseba-esparza-gorraiz-reciben-el-xviii-premio-internacional-de-poesia-ciudad-de-pamplona-en-las-modalidades-de-castellano-y-euskera\\\/\"},\"wordCount\":484,\"commentCount\":0,\"publisher\":{\"@id\":\"https:\\\/\\\/www.laguiadepamplona.com\\\/actualidad\\\/#organization\"},\"image\":{\"@id\":\"https:\\\/\\\/www.laguiadepamplona.com\\\/actualidad\\\/nadia-fabo-andres-y-joseba-esparza-gorraiz-reciben-el-xviii-premio-internacional-de-poesia-ciudad-de-pamplona-en-las-modalidades-de-castellano-y-euskera\\\/#primaryimage\"},\"thumbnailUrl\":\"https:\\\/\\\/www.laguiadepamplona.com\\\/actualidad\\\/wp-content\\\/uploads\\\/2024\\\/10\\\/premiosciudaddepamplonanb6329_0.webp\",\"articleSection\":[\"Ayto Pamplona\"],\"inLanguage\":\"es\",\"potentialAction\":[{\"@type\":\"CommentAction\",\"name\":\"Comment\",\"target\":[\"https:\\\/\\\/www.laguiadepamplona.com\\\/actualidad\\\/nadia-fabo-andres-y-joseba-esparza-gorraiz-reciben-el-xviii-premio-internacional-de-poesia-ciudad-de-pamplona-en-las-modalidades-de-castellano-y-euskera\\\/#respond\"]}]},{\"@type\":\"WebPage\",\"@id\":\"https:\\\/\\\/www.laguiadepamplona.com\\\/actualidad\\\/nadia-fabo-andres-y-joseba-esparza-gorraiz-reciben-el-xviii-premio-internacional-de-poesia-ciudad-de-pamplona-en-las-modalidades-de-castellano-y-euskera\\\/\",\"url\":\"https:\\\/\\\/www.laguiadepamplona.com\\\/actualidad\\\/nadia-fabo-andres-y-joseba-esparza-gorraiz-reciben-el-xviii-premio-internacional-de-poesia-ciudad-de-pamplona-en-las-modalidades-de-castellano-y-euskera\\\/\",\"name\":\"Nadia Fabo Andr\u00e9s y Joseba Esparza Gorraiz reciben el XVIII Premio Internacional de Poes\u00eda Ciudad de Pamplona en las modalidades de castellano y euskera\",\"isPartOf\":{\"@id\":\"https:\\\/\\\/www.laguiadepamplona.com\\\/actualidad\\\/#website\"},\"primaryImageOfPage\":{\"@id\":\"https:\\\/\\\/www.laguiadepamplona.com\\\/actualidad\\\/nadia-fabo-andres-y-joseba-esparza-gorraiz-reciben-el-xviii-premio-internacional-de-poesia-ciudad-de-pamplona-en-las-modalidades-de-castellano-y-euskera\\\/#primaryimage\"},\"image\":{\"@id\":\"https:\\\/\\\/www.laguiadepamplona.com\\\/actualidad\\\/nadia-fabo-andres-y-joseba-esparza-gorraiz-reciben-el-xviii-premio-internacional-de-poesia-ciudad-de-pamplona-en-las-modalidades-de-castellano-y-euskera\\\/#primaryimage\"},\"thumbnailUrl\":\"https:\\\/\\\/www.laguiadepamplona.com\\\/actualidad\\\/wp-content\\\/uploads\\\/2024\\\/10\\\/premiosciudaddepamplonanb6329_0.webp\",\"datePublished\":\"2024-10-28T12:55:47+00:00\",\"description\":\"Adem\u00e1s de los 3.000 euros del premio econ\u00f3mico en cada modalidad, los poemarios ganadores, \u2018Pitx\u2019 y \u2018Ttau eta biok\u2019, se han publicado\",\"breadcrumb\":{\"@id\":\"https:\\\/\\\/www.laguiadepamplona.com\\\/actualidad\\\/nadia-fabo-andres-y-joseba-esparza-gorraiz-reciben-el-xviii-premio-internacional-de-poesia-ciudad-de-pamplona-en-las-modalidades-de-castellano-y-euskera\\\/#breadcrumb\"},\"inLanguage\":\"es\",\"potentialAction\":[{\"@type\":\"ReadAction\",\"target\":[\"https:\\\/\\\/www.laguiadepamplona.com\\\/actualidad\\\/nadia-fabo-andres-y-joseba-esparza-gorraiz-reciben-el-xviii-premio-internacional-de-poesia-ciudad-de-pamplona-en-las-modalidades-de-castellano-y-euskera\\\/\"]}]},{\"@type\":\"ImageObject\",\"inLanguage\":\"es\",\"@id\":\"https:\\\/\\\/www.laguiadepamplona.com\\\/actualidad\\\/nadia-fabo-andres-y-joseba-esparza-gorraiz-reciben-el-xviii-premio-internacional-de-poesia-ciudad-de-pamplona-en-las-modalidades-de-castellano-y-euskera\\\/#primaryimage\",\"url\":\"https:\\\/\\\/www.laguiadepamplona.com\\\/actualidad\\\/wp-content\\\/uploads\\\/2024\\\/10\\\/premiosciudaddepamplonanb6329_0.webp\",\"contentUrl\":\"https:\\\/\\\/www.laguiadepamplona.com\\\/actualidad\\\/wp-content\\\/uploads\\\/2024\\\/10\\\/premiosciudaddepamplonanb6329_0.webp\",\"width\":1000,\"height\":667,\"caption\":\"premios ciudad de Pamplona\"},{\"@type\":\"BreadcrumbList\",\"@id\":\"https:\\\/\\\/www.laguiadepamplona.com\\\/actualidad\\\/nadia-fabo-andres-y-joseba-esparza-gorraiz-reciben-el-xviii-premio-internacional-de-poesia-ciudad-de-pamplona-en-las-modalidades-de-castellano-y-euskera\\\/#breadcrumb\",\"itemListElement\":[{\"@type\":\"ListItem\",\"position\":1,\"name\":\"Portada\",\"item\":\"https:\\\/\\\/www.laguiadepamplona.com\\\/actualidad\\\/\"},{\"@type\":\"ListItem\",\"position\":2,\"name\":\"Nadia Fabo Andr\u00e9s y Joseba Esparza Gorraiz reciben el XVIII Premio Internacional de Poes\u00eda Ciudad de Pamplona en las modalidades de castellano y euskera\"}]},{\"@type\":\"WebSite\",\"@id\":\"https:\\\/\\\/www.laguiadepamplona.com\\\/actualidad\\\/#website\",\"url\":\"https:\\\/\\\/www.laguiadepamplona.com\\\/actualidad\\\/\",\"name\":\"La gu\u00eda de Pamplona\",\"description\":\"Noticias de Pamplona\",\"publisher\":{\"@id\":\"https:\\\/\\\/www.laguiadepamplona.com\\\/actualidad\\\/#organization\"},\"potentialAction\":[{\"@type\":\"SearchAction\",\"target\":{\"@type\":\"EntryPoint\",\"urlTemplate\":\"https:\\\/\\\/www.laguiadepamplona.com\\\/actualidad\\\/?s={search_term_string}\"},\"query-input\":{\"@type\":\"PropertyValueSpecification\",\"valueRequired\":true,\"valueName\":\"search_term_string\"}}],\"inLanguage\":\"es\"},{\"@type\":\"Organization\",\"@id\":\"https:\\\/\\\/www.laguiadepamplona.com\\\/actualidad\\\/#organization\",\"name\":\"La Gu\u00eda de Pamplona \\\/ Noticias\",\"url\":\"https:\\\/\\\/www.laguiadepamplona.com\\\/actualidad\\\/\",\"logo\":{\"@type\":\"ImageObject\",\"inLanguage\":\"es\",\"@id\":\"https:\\\/\\\/www.laguiadepamplona.com\\\/actualidad\\\/#\\\/schema\\\/logo\\\/image\\\/\",\"url\":\"https:\\\/\\\/www.laguiadepamplona.com\\\/actualidad\\\/wp-content\\\/uploads\\\/2018\\\/11\\\/logo-laguiadepamplona18-web1.png\",\"contentUrl\":\"https:\\\/\\\/www.laguiadepamplona.com\\\/actualidad\\\/wp-content\\\/uploads\\\/2018\\\/11\\\/logo-laguiadepamplona18-web1.png\",\"width\":600,\"height\":196,\"caption\":\"La Gu\u00eda de Pamplona \\\/ Noticias\"},\"image\":{\"@id\":\"https:\\\/\\\/www.laguiadepamplona.com\\\/actualidad\\\/#\\\/schema\\\/logo\\\/image\\\/\"},\"sameAs\":[\"https:\\\/\\\/www.facebook.com\\\/laguiadepamplonacom-133175176762273\\\/?ref=hl\",\"https:\\\/\\\/x.com\\\/LaGuiadPamplona\",\"https:\\\/\\\/www.instagram.com\\\/la_guia_de_pamplona\\\/\",\"https:\\\/\\\/www.youtube.com\\\/user\\\/laguiadepamplona\"]},{\"@type\":\"Person\",\"@id\":\"https:\\\/\\\/www.laguiadepamplona.com\\\/actualidad\\\/#\\\/schema\\\/person\\\/efe887376f0213d4657c93adc50b1fdb\",\"name\":\"La Gu\u00eda de Pamplona\",\"image\":{\"@type\":\"ImageObject\",\"inLanguage\":\"es\",\"@id\":\"https:\\\/\\\/secure.gravatar.com\\\/avatar\\\/b6992f131dc8d30ab0dff15446e9d346d9dbd95992de0fef795073f5ea83a81c?s=96&d=mm&r=g\",\"url\":\"https:\\\/\\\/secure.gravatar.com\\\/avatar\\\/b6992f131dc8d30ab0dff15446e9d346d9dbd95992de0fef795073f5ea83a81c?s=96&d=mm&r=g\",\"contentUrl\":\"https:\\\/\\\/secure.gravatar.com\\\/avatar\\\/b6992f131dc8d30ab0dff15446e9d346d9dbd95992de0fef795073f5ea83a81c?s=96&d=mm&r=g\",\"caption\":\"La Gu\u00eda de Pamplona\"}}]}<\/script>\n<!-- \/ Yoast SEO plugin. -->","yoast_head_json":{"title":"Nadia Fabo Andr\u00e9s y Joseba Esparza Gorraiz reciben el XVIII Premio Internacional de Poes\u00eda Ciudad de Pamplona en las modalidades de castellano y euskera","description":"Adem\u00e1s de los 3.000 euros del premio econ\u00f3mico en cada modalidad, los poemarios ganadores, \u2018Pitx\u2019 y \u2018Ttau eta biok\u2019, se han publicado","robots":{"index":"index","follow":"follow","max-snippet":"max-snippet:-1","max-image-preview":"max-image-preview:large","max-video-preview":"max-video-preview:-1"},"canonical":"https:\/\/www.laguiadepamplona.com\/actualidad\/nadia-fabo-andres-y-joseba-esparza-gorraiz-reciben-el-xviii-premio-internacional-de-poesia-ciudad-de-pamplona-en-las-modalidades-de-castellano-y-euskera\/","og_locale":"es_ES","og_type":"article","og_title":"Nadia Fabo Andr\u00e9s y Joseba Esparza Gorraiz reciben el XVIII Premio Internacional de Poes\u00eda Ciudad de Pamplona en las modalidades de castellano y euskera","og_description":"Adem\u00e1s de los 3.000 euros del premio econ\u00f3mico en cada modalidad, los poemarios ganadores, \u2018Pitx\u2019 y \u2018Ttau eta biok\u2019, se han publicado","og_url":"https:\/\/www.laguiadepamplona.com\/actualidad\/nadia-fabo-andres-y-joseba-esparza-gorraiz-reciben-el-xviii-premio-internacional-de-poesia-ciudad-de-pamplona-en-las-modalidades-de-castellano-y-euskera\/","og_site_name":"La Gu\u00eda de Pamplona","article_publisher":"https:\/\/www.facebook.com\/laguiadepamplonacom-133175176762273\/?ref=hl","article_published_time":"2024-10-28T12:55:47+00:00","og_image":[{"width":1000,"height":667,"url":"https:\/\/www.laguiadepamplona.com\/actualidad\/wp-content\/uploads\/2024\/10\/premiosciudaddepamplonanb6329_0.webp","type":"image\/webp"}],"author":"La Gu\u00eda de Pamplona","twitter_card":"summary_large_image","twitter_creator":"@LaGuiadPamplona","twitter_site":"@LaGuiadPamplona","twitter_misc":{"Escrito por":"La Gu\u00eda de Pamplona","Tiempo de lectura":"2 minutos"},"schema":{"@context":"https:\/\/schema.org","@graph":[{"@type":"Article","@id":"https:\/\/www.laguiadepamplona.com\/actualidad\/nadia-fabo-andres-y-joseba-esparza-gorraiz-reciben-el-xviii-premio-internacional-de-poesia-ciudad-de-pamplona-en-las-modalidades-de-castellano-y-euskera\/#article","isPartOf":{"@id":"https:\/\/www.laguiadepamplona.com\/actualidad\/nadia-fabo-andres-y-joseba-esparza-gorraiz-reciben-el-xviii-premio-internacional-de-poesia-ciudad-de-pamplona-en-las-modalidades-de-castellano-y-euskera\/"},"author":{"name":"La Gu\u00eda de Pamplona","@id":"https:\/\/www.laguiadepamplona.com\/actualidad\/#\/schema\/person\/efe887376f0213d4657c93adc50b1fdb"},"headline":"Nadia Fabo Andr\u00e9s y Joseba Esparza Gorraiz reciben el XVIII Premio Internacional de Poes\u00eda Ciudad de Pamplona en las modalidades de castellano y euskera","datePublished":"2024-10-28T12:55:47+00:00","mainEntityOfPage":{"@id":"https:\/\/www.laguiadepamplona.com\/actualidad\/nadia-fabo-andres-y-joseba-esparza-gorraiz-reciben-el-xviii-premio-internacional-de-poesia-ciudad-de-pamplona-en-las-modalidades-de-castellano-y-euskera\/"},"wordCount":484,"commentCount":0,"publisher":{"@id":"https:\/\/www.laguiadepamplona.com\/actualidad\/#organization"},"image":{"@id":"https:\/\/www.laguiadepamplona.com\/actualidad\/nadia-fabo-andres-y-joseba-esparza-gorraiz-reciben-el-xviii-premio-internacional-de-poesia-ciudad-de-pamplona-en-las-modalidades-de-castellano-y-euskera\/#primaryimage"},"thumbnailUrl":"https:\/\/www.laguiadepamplona.com\/actualidad\/wp-content\/uploads\/2024\/10\/premiosciudaddepamplonanb6329_0.webp","articleSection":["Ayto Pamplona"],"inLanguage":"es","potentialAction":[{"@type":"CommentAction","name":"Comment","target":["https:\/\/www.laguiadepamplona.com\/actualidad\/nadia-fabo-andres-y-joseba-esparza-gorraiz-reciben-el-xviii-premio-internacional-de-poesia-ciudad-de-pamplona-en-las-modalidades-de-castellano-y-euskera\/#respond"]}]},{"@type":"WebPage","@id":"https:\/\/www.laguiadepamplona.com\/actualidad\/nadia-fabo-andres-y-joseba-esparza-gorraiz-reciben-el-xviii-premio-internacional-de-poesia-ciudad-de-pamplona-en-las-modalidades-de-castellano-y-euskera\/","url":"https:\/\/www.laguiadepamplona.com\/actualidad\/nadia-fabo-andres-y-joseba-esparza-gorraiz-reciben-el-xviii-premio-internacional-de-poesia-ciudad-de-pamplona-en-las-modalidades-de-castellano-y-euskera\/","name":"Nadia Fabo Andr\u00e9s y Joseba Esparza Gorraiz reciben el XVIII Premio Internacional de Poes\u00eda Ciudad de Pamplona en las modalidades de castellano y euskera","isPartOf":{"@id":"https:\/\/www.laguiadepamplona.com\/actualidad\/#website"},"primaryImageOfPage":{"@id":"https:\/\/www.laguiadepamplona.com\/actualidad\/nadia-fabo-andres-y-joseba-esparza-gorraiz-reciben-el-xviii-premio-internacional-de-poesia-ciudad-de-pamplona-en-las-modalidades-de-castellano-y-euskera\/#primaryimage"},"image":{"@id":"https:\/\/www.laguiadepamplona.com\/actualidad\/nadia-fabo-andres-y-joseba-esparza-gorraiz-reciben-el-xviii-premio-internacional-de-poesia-ciudad-de-pamplona-en-las-modalidades-de-castellano-y-euskera\/#primaryimage"},"thumbnailUrl":"https:\/\/www.laguiadepamplona.com\/actualidad\/wp-content\/uploads\/2024\/10\/premiosciudaddepamplonanb6329_0.webp","datePublished":"2024-10-28T12:55:47+00:00","description":"Adem\u00e1s de los 3.000 euros del premio econ\u00f3mico en cada modalidad, los poemarios ganadores, \u2018Pitx\u2019 y \u2018Ttau eta biok\u2019, se han publicado","breadcrumb":{"@id":"https:\/\/www.laguiadepamplona.com\/actualidad\/nadia-fabo-andres-y-joseba-esparza-gorraiz-reciben-el-xviii-premio-internacional-de-poesia-ciudad-de-pamplona-en-las-modalidades-de-castellano-y-euskera\/#breadcrumb"},"inLanguage":"es","potentialAction":[{"@type":"ReadAction","target":["https:\/\/www.laguiadepamplona.com\/actualidad\/nadia-fabo-andres-y-joseba-esparza-gorraiz-reciben-el-xviii-premio-internacional-de-poesia-ciudad-de-pamplona-en-las-modalidades-de-castellano-y-euskera\/"]}]},{"@type":"ImageObject","inLanguage":"es","@id":"https:\/\/www.laguiadepamplona.com\/actualidad\/nadia-fabo-andres-y-joseba-esparza-gorraiz-reciben-el-xviii-premio-internacional-de-poesia-ciudad-de-pamplona-en-las-modalidades-de-castellano-y-euskera\/#primaryimage","url":"https:\/\/www.laguiadepamplona.com\/actualidad\/wp-content\/uploads\/2024\/10\/premiosciudaddepamplonanb6329_0.webp","contentUrl":"https:\/\/www.laguiadepamplona.com\/actualidad\/wp-content\/uploads\/2024\/10\/premiosciudaddepamplonanb6329_0.webp","width":1000,"height":667,"caption":"premios ciudad de Pamplona"},{"@type":"BreadcrumbList","@id":"https:\/\/www.laguiadepamplona.com\/actualidad\/nadia-fabo-andres-y-joseba-esparza-gorraiz-reciben-el-xviii-premio-internacional-de-poesia-ciudad-de-pamplona-en-las-modalidades-de-castellano-y-euskera\/#breadcrumb","itemListElement":[{"@type":"ListItem","position":1,"name":"Portada","item":"https:\/\/www.laguiadepamplona.com\/actualidad\/"},{"@type":"ListItem","position":2,"name":"Nadia Fabo Andr\u00e9s y Joseba Esparza Gorraiz reciben el XVIII Premio Internacional de Poes\u00eda Ciudad de Pamplona en las modalidades de castellano y euskera"}]},{"@type":"WebSite","@id":"https:\/\/www.laguiadepamplona.com\/actualidad\/#website","url":"https:\/\/www.laguiadepamplona.com\/actualidad\/","name":"La gu\u00eda de Pamplona","description":"Noticias de Pamplona","publisher":{"@id":"https:\/\/www.laguiadepamplona.com\/actualidad\/#organization"},"potentialAction":[{"@type":"SearchAction","target":{"@type":"EntryPoint","urlTemplate":"https:\/\/www.laguiadepamplona.com\/actualidad\/?s={search_term_string}"},"query-input":{"@type":"PropertyValueSpecification","valueRequired":true,"valueName":"search_term_string"}}],"inLanguage":"es"},{"@type":"Organization","@id":"https:\/\/www.laguiadepamplona.com\/actualidad\/#organization","name":"La Gu\u00eda de Pamplona \/ Noticias","url":"https:\/\/www.laguiadepamplona.com\/actualidad\/","logo":{"@type":"ImageObject","inLanguage":"es","@id":"https:\/\/www.laguiadepamplona.com\/actualidad\/#\/schema\/logo\/image\/","url":"https:\/\/www.laguiadepamplona.com\/actualidad\/wp-content\/uploads\/2018\/11\/logo-laguiadepamplona18-web1.png","contentUrl":"https:\/\/www.laguiadepamplona.com\/actualidad\/wp-content\/uploads\/2018\/11\/logo-laguiadepamplona18-web1.png","width":600,"height":196,"caption":"La Gu\u00eda de Pamplona \/ Noticias"},"image":{"@id":"https:\/\/www.laguiadepamplona.com\/actualidad\/#\/schema\/logo\/image\/"},"sameAs":["https:\/\/www.facebook.com\/laguiadepamplonacom-133175176762273\/?ref=hl","https:\/\/x.com\/LaGuiadPamplona","https:\/\/www.instagram.com\/la_guia_de_pamplona\/","https:\/\/www.youtube.com\/user\/laguiadepamplona"]},{"@type":"Person","@id":"https:\/\/www.laguiadepamplona.com\/actualidad\/#\/schema\/person\/efe887376f0213d4657c93adc50b1fdb","name":"La Gu\u00eda de Pamplona","image":{"@type":"ImageObject","inLanguage":"es","@id":"https:\/\/secure.gravatar.com\/avatar\/b6992f131dc8d30ab0dff15446e9d346d9dbd95992de0fef795073f5ea83a81c?s=96&d=mm&r=g","url":"https:\/\/secure.gravatar.com\/avatar\/b6992f131dc8d30ab0dff15446e9d346d9dbd95992de0fef795073f5ea83a81c?s=96&d=mm&r=g","contentUrl":"https:\/\/secure.gravatar.com\/avatar\/b6992f131dc8d30ab0dff15446e9d346d9dbd95992de0fef795073f5ea83a81c?s=96&d=mm&r=g","caption":"La Gu\u00eda de Pamplona"}}]}},"post_mailing_queue_ids":[],"_links":{"self":[{"href":"https:\/\/www.laguiadepamplona.com\/actualidad\/wp-json\/wp\/v2\/posts\/51157","targetHints":{"allow":["GET"]}}],"collection":[{"href":"https:\/\/www.laguiadepamplona.com\/actualidad\/wp-json\/wp\/v2\/posts"}],"about":[{"href":"https:\/\/www.laguiadepamplona.com\/actualidad\/wp-json\/wp\/v2\/types\/post"}],"author":[{"embeddable":true,"href":"https:\/\/www.laguiadepamplona.com\/actualidad\/wp-json\/wp\/v2\/users\/1"}],"replies":[{"embeddable":true,"href":"https:\/\/www.laguiadepamplona.com\/actualidad\/wp-json\/wp\/v2\/comments?post=51157"}],"version-history":[{"count":1,"href":"https:\/\/www.laguiadepamplona.com\/actualidad\/wp-json\/wp\/v2\/posts\/51157\/revisions"}],"predecessor-version":[{"id":51159,"href":"https:\/\/www.laguiadepamplona.com\/actualidad\/wp-json\/wp\/v2\/posts\/51157\/revisions\/51159"}],"wp:featuredmedia":[{"embeddable":true,"href":"https:\/\/www.laguiadepamplona.com\/actualidad\/wp-json\/wp\/v2\/media\/51158"}],"wp:attachment":[{"href":"https:\/\/www.laguiadepamplona.com\/actualidad\/wp-json\/wp\/v2\/media?parent=51157"}],"wp:term":[{"taxonomy":"category","embeddable":true,"href":"https:\/\/www.laguiadepamplona.com\/actualidad\/wp-json\/wp\/v2\/categories?post=51157"},{"taxonomy":"post_tag","embeddable":true,"href":"https:\/\/www.laguiadepamplona.com\/actualidad\/wp-json\/wp\/v2\/tags?post=51157"}],"curies":[{"name":"wp","href":"https:\/\/api.w.org\/{rel}","templated":true}]}}