{"id":51154,"date":"2024-10-28T14:54:08","date_gmt":"2024-10-28T12:54:08","guid":{"rendered":"https:\/\/www.laguiadepamplona.com\/actualidad\/?p=51154"},"modified":"2024-10-28T14:54:08","modified_gmt":"2024-10-28T12:54:08","slug":"a-mediados-de-noviembre-se-asfaltara-la-avenida-de-zaragoza-en-el-tramo-comprendido-entre-las-calles-rio-queiles-y-sanguesa-en-el-sentido-de-entrada-a-la-ciudad","status":"publish","type":"post","link":"https:\/\/www.laguiadepamplona.com\/actualidad\/a-mediados-de-noviembre-se-asfaltara-la-avenida-de-zaragoza-en-el-tramo-comprendido-entre-las-calles-rio-queiles-y-sanguesa-en-el-sentido-de-entrada-a-la-ciudad\/","title":{"rendered":"A mediados de noviembre se asfaltar\u00e1 la avenida de Zaragoza en el tramo comprendido entre las calles R\u00edo Queiles y Sang\u00fcesa en el sentido de entrada a la ciudad"},"content":{"rendered":"<h2 class=\"x_2Subtitulo\">Los trabajos se llevar\u00e1n a cabo durante cinco d\u00edas, con un presupuesto de 208.094,11 euros<\/h2>\n<p class=\"x_MsoNormal\"><!--more--><\/p>\n<p class=\"x_3Texto\">El Ayuntamiento de Pamplona va a llevar a cabo a mediados del mes de noviembre el asfaltado del tramo de la avenida de Zaragoza comprendido entre las calles R\u00edo Queiles y Sang\u00fcesa, en sentido centro de la ciudad. La Junta de Gobierno Local ha aprobado el contrato derivado del acuerdo marco de obras de rehabilitaci\u00f3n de espacios p\u00fablicos. La empresa Obras y Servicios Urgentes SL ser\u00e1 la encargada de desarrollar los trabajos con un presupuesto de 208.094,11 euros. El plazo de ejecuci\u00f3n ser\u00e1 de cinco d\u00edas.<\/p>\n<p class=\"x_3Texto\">En ese tramo, la conservaci\u00f3n a base de bacheos y parcheos empieza a ser considerable, dado que la degradaci\u00f3n de la capa de rodadura es progresiva y de continuo mantenimiento. Adem\u00e1s, hay un hundimiento en medio de la calzada que hay que sanear previamente al asfaltado. En el a\u00f1o 2016 ya se asfalt\u00f3 la avenida, pero con el paso del tiempo ha vuelto a ceder, por lo que es necesario realizar un saneo para solventar dicha problem\u00e1tica. El intenso tr\u00e1fico que circula por v\u00eda, tanto de veh\u00edculos ligeros como pesados, la climatolog\u00eda y la mala ejecuci\u00f3n de la zanja hundida han degradado el estado de conservaci\u00f3n del asfalto.<\/p>\n<p class=\"x_3Texto\">La actuaci\u00f3n principal ser\u00e1 la sustituci\u00f3n completa del firme, debido a su agotamiento o rotura total. Previamente, se realizar\u00e1 el saneo de la zona hundida. De este modo, la actuaci\u00f3n en la avenida de Zaragoza consistir\u00e1 en un levantamiento o fresado de la capa de aglomerado y su reposici\u00f3n. Por otro lado, hay que llevar a cabo un saneo a lo largo de todo el tramo que se va a asfaltar. Consistir\u00e1 en una excavaci\u00f3n previa de un metro de profundidad para, posteriormente, rellenar los primeros 50 cent\u00edmetros con material granular y, por \u00faltimo, dos tongadas de 25 cent\u00edmetros cada una de hormig\u00f3n seco. Asimismo, se repondr\u00e1 la r\u00edgola en las paradas del transporte urbano comarcal y se pondr\u00e1n a cota las tapas que se estime necesario. Finalmente, se har\u00e1n los trabajos de se\u00f1alizaci\u00f3n horizontal.<\/p>\n","protected":false},"excerpt":{"rendered":"<p>Los trabajos se llevar\u00e1n a cabo durante cinco d\u00edas, con un presupuesto de 208.094,11 euros<\/p>\n","protected":false},"author":1,"featured_media":51155,"comment_status":"open","ping_status":"closed","sticky":false,"template":"","format":"standard","meta":{"footnotes":""},"categories":[2],"tags":[],"class_list":["post-51154","post","type-post","status-publish","format-standard","has-post-thumbnail","hentry","category-ayuntamiento-pamplona"],"yoast_head":"<!-- This site is optimized with the Yoast SEO plugin v27.3 - https:\/\/yoast.com\/product\/yoast-seo-wordpress\/ -->\n<title>A mediados de noviembre se asfaltar\u00e1 la avenida de Zaragoza en el tramo comprendido entre las calles R\u00edo Queiles y Sang\u00fcesa en el sentido de entrada a la ciudad<\/title>\n<meta name=\"description\" content=\"Los trabajos se llevar\u00e1n a cabo durante cinco d\u00edas, con un presupuesto de 208.094,11 euros\" \/>\n<meta name=\"robots\" content=\"index, follow, max-snippet:-1, max-image-preview:large, max-video-preview:-1\" \/>\n<link rel=\"canonical\" href=\"https:\/\/www.laguiadepamplona.com\/actualidad\/a-mediados-de-noviembre-se-asfaltara-la-avenida-de-zaragoza-en-el-tramo-comprendido-entre-las-calles-rio-queiles-y-sanguesa-en-el-sentido-de-entrada-a-la-ciudad\/\" \/>\n<meta property=\"og:locale\" content=\"es_ES\" \/>\n<meta property=\"og:type\" content=\"article\" \/>\n<meta property=\"og:title\" content=\"A mediados de noviembre se asfaltar\u00e1 la avenida de Zaragoza en el tramo comprendido entre las calles R\u00edo Queiles y Sang\u00fcesa en el sentido de entrada a la ciudad\" \/>\n<meta property=\"og:description\" content=\"Los trabajos se llevar\u00e1n a cabo durante cinco d\u00edas, con un presupuesto de 208.094,11 euros\" \/>\n<meta property=\"og:url\" content=\"https:\/\/www.laguiadepamplona.com\/actualidad\/a-mediados-de-noviembre-se-asfaltara-la-avenida-de-zaragoza-en-el-tramo-comprendido-entre-las-calles-rio-queiles-y-sanguesa-en-el-sentido-de-entrada-a-la-ciudad\/\" \/>\n<meta property=\"og:site_name\" content=\"La Gu\u00eda de Pamplona\" \/>\n<meta property=\"article:publisher\" content=\"https:\/\/www.facebook.com\/laguiadepamplonacom-133175176762273\/?ref=hl\" \/>\n<meta property=\"article:published_time\" content=\"2024-10-28T12:54:08+00:00\" \/>\n<meta property=\"og:image\" content=\"https:\/\/www.laguiadepamplona.com\/actualidad\/wp-content\/uploads\/2024\/10\/asfaltado-avenida-Zaragoza_web.webp\" \/>\n\t<meta property=\"og:image:width\" content=\"1000\" \/>\n\t<meta property=\"og:image:height\" content=\"667\" \/>\n\t<meta property=\"og:image:type\" content=\"image\/webp\" \/>\n<meta name=\"author\" content=\"La Gu\u00eda de Pamplona\" \/>\n<meta name=\"twitter:card\" content=\"summary_large_image\" \/>\n<meta name=\"twitter:creator\" content=\"@LaGuiadPamplona\" \/>\n<meta name=\"twitter:site\" content=\"@LaGuiadPamplona\" \/>\n<meta name=\"twitter:label1\" content=\"Escrito por\" \/>\n\t<meta name=\"twitter:data1\" content=\"La Gu\u00eda de Pamplona\" \/>\n\t<meta name=\"twitter:label2\" content=\"Tiempo de lectura\" \/>\n\t<meta name=\"twitter:data2\" content=\"2 minutos\" \/>\n<script type=\"application\/ld+json\" class=\"yoast-schema-graph\">{\"@context\":\"https:\\\/\\\/schema.org\",\"@graph\":[{\"@type\":\"Article\",\"@id\":\"https:\\\/\\\/www.laguiadepamplona.com\\\/actualidad\\\/a-mediados-de-noviembre-se-asfaltara-la-avenida-de-zaragoza-en-el-tramo-comprendido-entre-las-calles-rio-queiles-y-sanguesa-en-el-sentido-de-entrada-a-la-ciudad\\\/#article\",\"isPartOf\":{\"@id\":\"https:\\\/\\\/www.laguiadepamplona.com\\\/actualidad\\\/a-mediados-de-noviembre-se-asfaltara-la-avenida-de-zaragoza-en-el-tramo-comprendido-entre-las-calles-rio-queiles-y-sanguesa-en-el-sentido-de-entrada-a-la-ciudad\\\/\"},\"author\":{\"name\":\"La Gu\u00eda de Pamplona\",\"@id\":\"https:\\\/\\\/www.laguiadepamplona.com\\\/actualidad\\\/#\\\/schema\\\/person\\\/efe887376f0213d4657c93adc50b1fdb\"},\"headline\":\"A mediados de noviembre se asfaltar\u00e1 la avenida de Zaragoza en el tramo comprendido entre las calles R\u00edo Queiles y Sang\u00fcesa en el sentido de entrada a la ciudad\",\"datePublished\":\"2024-10-28T12:54:08+00:00\",\"mainEntityOfPage\":{\"@id\":\"https:\\\/\\\/www.laguiadepamplona.com\\\/actualidad\\\/a-mediados-de-noviembre-se-asfaltara-la-avenida-de-zaragoza-en-el-tramo-comprendido-entre-las-calles-rio-queiles-y-sanguesa-en-el-sentido-de-entrada-a-la-ciudad\\\/\"},\"wordCount\":402,\"commentCount\":0,\"publisher\":{\"@id\":\"https:\\\/\\\/www.laguiadepamplona.com\\\/actualidad\\\/#organization\"},\"image\":{\"@id\":\"https:\\\/\\\/www.laguiadepamplona.com\\\/actualidad\\\/a-mediados-de-noviembre-se-asfaltara-la-avenida-de-zaragoza-en-el-tramo-comprendido-entre-las-calles-rio-queiles-y-sanguesa-en-el-sentido-de-entrada-a-la-ciudad\\\/#primaryimage\"},\"thumbnailUrl\":\"https:\\\/\\\/www.laguiadepamplona.com\\\/actualidad\\\/wp-content\\\/uploads\\\/2024\\\/10\\\/asfaltado-avenida-Zaragoza_web.webp\",\"articleSection\":[\"Ayto Pamplona\"],\"inLanguage\":\"es\",\"potentialAction\":[{\"@type\":\"CommentAction\",\"name\":\"Comment\",\"target\":[\"https:\\\/\\\/www.laguiadepamplona.com\\\/actualidad\\\/a-mediados-de-noviembre-se-asfaltara-la-avenida-de-zaragoza-en-el-tramo-comprendido-entre-las-calles-rio-queiles-y-sanguesa-en-el-sentido-de-entrada-a-la-ciudad\\\/#respond\"]}]},{\"@type\":\"WebPage\",\"@id\":\"https:\\\/\\\/www.laguiadepamplona.com\\\/actualidad\\\/a-mediados-de-noviembre-se-asfaltara-la-avenida-de-zaragoza-en-el-tramo-comprendido-entre-las-calles-rio-queiles-y-sanguesa-en-el-sentido-de-entrada-a-la-ciudad\\\/\",\"url\":\"https:\\\/\\\/www.laguiadepamplona.com\\\/actualidad\\\/a-mediados-de-noviembre-se-asfaltara-la-avenida-de-zaragoza-en-el-tramo-comprendido-entre-las-calles-rio-queiles-y-sanguesa-en-el-sentido-de-entrada-a-la-ciudad\\\/\",\"name\":\"A mediados de noviembre se asfaltar\u00e1 la avenida de Zaragoza en el tramo comprendido entre las calles R\u00edo Queiles y Sang\u00fcesa en el sentido de entrada a la ciudad\",\"isPartOf\":{\"@id\":\"https:\\\/\\\/www.laguiadepamplona.com\\\/actualidad\\\/#website\"},\"primaryImageOfPage\":{\"@id\":\"https:\\\/\\\/www.laguiadepamplona.com\\\/actualidad\\\/a-mediados-de-noviembre-se-asfaltara-la-avenida-de-zaragoza-en-el-tramo-comprendido-entre-las-calles-rio-queiles-y-sanguesa-en-el-sentido-de-entrada-a-la-ciudad\\\/#primaryimage\"},\"image\":{\"@id\":\"https:\\\/\\\/www.laguiadepamplona.com\\\/actualidad\\\/a-mediados-de-noviembre-se-asfaltara-la-avenida-de-zaragoza-en-el-tramo-comprendido-entre-las-calles-rio-queiles-y-sanguesa-en-el-sentido-de-entrada-a-la-ciudad\\\/#primaryimage\"},\"thumbnailUrl\":\"https:\\\/\\\/www.laguiadepamplona.com\\\/actualidad\\\/wp-content\\\/uploads\\\/2024\\\/10\\\/asfaltado-avenida-Zaragoza_web.webp\",\"datePublished\":\"2024-10-28T12:54:08+00:00\",\"description\":\"Los trabajos se llevar\u00e1n a cabo durante cinco d\u00edas, con un presupuesto de 208.094,11 euros\",\"breadcrumb\":{\"@id\":\"https:\\\/\\\/www.laguiadepamplona.com\\\/actualidad\\\/a-mediados-de-noviembre-se-asfaltara-la-avenida-de-zaragoza-en-el-tramo-comprendido-entre-las-calles-rio-queiles-y-sanguesa-en-el-sentido-de-entrada-a-la-ciudad\\\/#breadcrumb\"},\"inLanguage\":\"es\",\"potentialAction\":[{\"@type\":\"ReadAction\",\"target\":[\"https:\\\/\\\/www.laguiadepamplona.com\\\/actualidad\\\/a-mediados-de-noviembre-se-asfaltara-la-avenida-de-zaragoza-en-el-tramo-comprendido-entre-las-calles-rio-queiles-y-sanguesa-en-el-sentido-de-entrada-a-la-ciudad\\\/\"]}]},{\"@type\":\"ImageObject\",\"inLanguage\":\"es\",\"@id\":\"https:\\\/\\\/www.laguiadepamplona.com\\\/actualidad\\\/a-mediados-de-noviembre-se-asfaltara-la-avenida-de-zaragoza-en-el-tramo-comprendido-entre-las-calles-rio-queiles-y-sanguesa-en-el-sentido-de-entrada-a-la-ciudad\\\/#primaryimage\",\"url\":\"https:\\\/\\\/www.laguiadepamplona.com\\\/actualidad\\\/wp-content\\\/uploads\\\/2024\\\/10\\\/asfaltado-avenida-Zaragoza_web.webp\",\"contentUrl\":\"https:\\\/\\\/www.laguiadepamplona.com\\\/actualidad\\\/wp-content\\\/uploads\\\/2024\\\/10\\\/asfaltado-avenida-Zaragoza_web.webp\",\"width\":1000,\"height\":667,\"caption\":\"asfaltado avenida Zaragoza\"},{\"@type\":\"BreadcrumbList\",\"@id\":\"https:\\\/\\\/www.laguiadepamplona.com\\\/actualidad\\\/a-mediados-de-noviembre-se-asfaltara-la-avenida-de-zaragoza-en-el-tramo-comprendido-entre-las-calles-rio-queiles-y-sanguesa-en-el-sentido-de-entrada-a-la-ciudad\\\/#breadcrumb\",\"itemListElement\":[{\"@type\":\"ListItem\",\"position\":1,\"name\":\"Portada\",\"item\":\"https:\\\/\\\/www.laguiadepamplona.com\\\/actualidad\\\/\"},{\"@type\":\"ListItem\",\"position\":2,\"name\":\"A mediados de noviembre se asfaltar\u00e1 la avenida de Zaragoza en el tramo comprendido entre las calles R\u00edo Queiles y Sang\u00fcesa en el sentido de entrada a la ciudad\"}]},{\"@type\":\"WebSite\",\"@id\":\"https:\\\/\\\/www.laguiadepamplona.com\\\/actualidad\\\/#website\",\"url\":\"https:\\\/\\\/www.laguiadepamplona.com\\\/actualidad\\\/\",\"name\":\"La gu\u00eda de Pamplona\",\"description\":\"Noticias de Pamplona\",\"publisher\":{\"@id\":\"https:\\\/\\\/www.laguiadepamplona.com\\\/actualidad\\\/#organization\"},\"potentialAction\":[{\"@type\":\"SearchAction\",\"target\":{\"@type\":\"EntryPoint\",\"urlTemplate\":\"https:\\\/\\\/www.laguiadepamplona.com\\\/actualidad\\\/?s={search_term_string}\"},\"query-input\":{\"@type\":\"PropertyValueSpecification\",\"valueRequired\":true,\"valueName\":\"search_term_string\"}}],\"inLanguage\":\"es\"},{\"@type\":\"Organization\",\"@id\":\"https:\\\/\\\/www.laguiadepamplona.com\\\/actualidad\\\/#organization\",\"name\":\"La Gu\u00eda de Pamplona \\\/ Noticias\",\"url\":\"https:\\\/\\\/www.laguiadepamplona.com\\\/actualidad\\\/\",\"logo\":{\"@type\":\"ImageObject\",\"inLanguage\":\"es\",\"@id\":\"https:\\\/\\\/www.laguiadepamplona.com\\\/actualidad\\\/#\\\/schema\\\/logo\\\/image\\\/\",\"url\":\"https:\\\/\\\/www.laguiadepamplona.com\\\/actualidad\\\/wp-content\\\/uploads\\\/2018\\\/11\\\/logo-laguiadepamplona18-web1.png\",\"contentUrl\":\"https:\\\/\\\/www.laguiadepamplona.com\\\/actualidad\\\/wp-content\\\/uploads\\\/2018\\\/11\\\/logo-laguiadepamplona18-web1.png\",\"width\":600,\"height\":196,\"caption\":\"La Gu\u00eda de Pamplona \\\/ Noticias\"},\"image\":{\"@id\":\"https:\\\/\\\/www.laguiadepamplona.com\\\/actualidad\\\/#\\\/schema\\\/logo\\\/image\\\/\"},\"sameAs\":[\"https:\\\/\\\/www.facebook.com\\\/laguiadepamplonacom-133175176762273\\\/?ref=hl\",\"https:\\\/\\\/x.com\\\/LaGuiadPamplona\",\"https:\\\/\\\/www.instagram.com\\\/la_guia_de_pamplona\\\/\",\"https:\\\/\\\/www.youtube.com\\\/user\\\/laguiadepamplona\"]},{\"@type\":\"Person\",\"@id\":\"https:\\\/\\\/www.laguiadepamplona.com\\\/actualidad\\\/#\\\/schema\\\/person\\\/efe887376f0213d4657c93adc50b1fdb\",\"name\":\"La Gu\u00eda de Pamplona\",\"image\":{\"@type\":\"ImageObject\",\"inLanguage\":\"es\",\"@id\":\"https:\\\/\\\/secure.gravatar.com\\\/avatar\\\/b6992f131dc8d30ab0dff15446e9d346d9dbd95992de0fef795073f5ea83a81c?s=96&d=mm&r=g\",\"url\":\"https:\\\/\\\/secure.gravatar.com\\\/avatar\\\/b6992f131dc8d30ab0dff15446e9d346d9dbd95992de0fef795073f5ea83a81c?s=96&d=mm&r=g\",\"contentUrl\":\"https:\\\/\\\/secure.gravatar.com\\\/avatar\\\/b6992f131dc8d30ab0dff15446e9d346d9dbd95992de0fef795073f5ea83a81c?s=96&d=mm&r=g\",\"caption\":\"La Gu\u00eda de Pamplona\"}}]}<\/script>\n<!-- \/ Yoast SEO plugin. -->","yoast_head_json":{"title":"A mediados de noviembre se asfaltar\u00e1 la avenida de Zaragoza en el tramo comprendido entre las calles R\u00edo Queiles y Sang\u00fcesa en el sentido de entrada a la ciudad","description":"Los trabajos se llevar\u00e1n a cabo durante cinco d\u00edas, con un presupuesto de 208.094,11 euros","robots":{"index":"index","follow":"follow","max-snippet":"max-snippet:-1","max-image-preview":"max-image-preview:large","max-video-preview":"max-video-preview:-1"},"canonical":"https:\/\/www.laguiadepamplona.com\/actualidad\/a-mediados-de-noviembre-se-asfaltara-la-avenida-de-zaragoza-en-el-tramo-comprendido-entre-las-calles-rio-queiles-y-sanguesa-en-el-sentido-de-entrada-a-la-ciudad\/","og_locale":"es_ES","og_type":"article","og_title":"A mediados de noviembre se asfaltar\u00e1 la avenida de Zaragoza en el tramo comprendido entre las calles R\u00edo Queiles y Sang\u00fcesa en el sentido de entrada a la ciudad","og_description":"Los trabajos se llevar\u00e1n a cabo durante cinco d\u00edas, con un presupuesto de 208.094,11 euros","og_url":"https:\/\/www.laguiadepamplona.com\/actualidad\/a-mediados-de-noviembre-se-asfaltara-la-avenida-de-zaragoza-en-el-tramo-comprendido-entre-las-calles-rio-queiles-y-sanguesa-en-el-sentido-de-entrada-a-la-ciudad\/","og_site_name":"La Gu\u00eda de Pamplona","article_publisher":"https:\/\/www.facebook.com\/laguiadepamplonacom-133175176762273\/?ref=hl","article_published_time":"2024-10-28T12:54:08+00:00","og_image":[{"width":1000,"height":667,"url":"https:\/\/www.laguiadepamplona.com\/actualidad\/wp-content\/uploads\/2024\/10\/asfaltado-avenida-Zaragoza_web.webp","type":"image\/webp"}],"author":"La Gu\u00eda de Pamplona","twitter_card":"summary_large_image","twitter_creator":"@LaGuiadPamplona","twitter_site":"@LaGuiadPamplona","twitter_misc":{"Escrito por":"La Gu\u00eda de Pamplona","Tiempo de lectura":"2 minutos"},"schema":{"@context":"https:\/\/schema.org","@graph":[{"@type":"Article","@id":"https:\/\/www.laguiadepamplona.com\/actualidad\/a-mediados-de-noviembre-se-asfaltara-la-avenida-de-zaragoza-en-el-tramo-comprendido-entre-las-calles-rio-queiles-y-sanguesa-en-el-sentido-de-entrada-a-la-ciudad\/#article","isPartOf":{"@id":"https:\/\/www.laguiadepamplona.com\/actualidad\/a-mediados-de-noviembre-se-asfaltara-la-avenida-de-zaragoza-en-el-tramo-comprendido-entre-las-calles-rio-queiles-y-sanguesa-en-el-sentido-de-entrada-a-la-ciudad\/"},"author":{"name":"La Gu\u00eda de Pamplona","@id":"https:\/\/www.laguiadepamplona.com\/actualidad\/#\/schema\/person\/efe887376f0213d4657c93adc50b1fdb"},"headline":"A mediados de noviembre se asfaltar\u00e1 la avenida de Zaragoza en el tramo comprendido entre las calles R\u00edo Queiles y Sang\u00fcesa en el sentido de entrada a la ciudad","datePublished":"2024-10-28T12:54:08+00:00","mainEntityOfPage":{"@id":"https:\/\/www.laguiadepamplona.com\/actualidad\/a-mediados-de-noviembre-se-asfaltara-la-avenida-de-zaragoza-en-el-tramo-comprendido-entre-las-calles-rio-queiles-y-sanguesa-en-el-sentido-de-entrada-a-la-ciudad\/"},"wordCount":402,"commentCount":0,"publisher":{"@id":"https:\/\/www.laguiadepamplona.com\/actualidad\/#organization"},"image":{"@id":"https:\/\/www.laguiadepamplona.com\/actualidad\/a-mediados-de-noviembre-se-asfaltara-la-avenida-de-zaragoza-en-el-tramo-comprendido-entre-las-calles-rio-queiles-y-sanguesa-en-el-sentido-de-entrada-a-la-ciudad\/#primaryimage"},"thumbnailUrl":"https:\/\/www.laguiadepamplona.com\/actualidad\/wp-content\/uploads\/2024\/10\/asfaltado-avenida-Zaragoza_web.webp","articleSection":["Ayto Pamplona"],"inLanguage":"es","potentialAction":[{"@type":"CommentAction","name":"Comment","target":["https:\/\/www.laguiadepamplona.com\/actualidad\/a-mediados-de-noviembre-se-asfaltara-la-avenida-de-zaragoza-en-el-tramo-comprendido-entre-las-calles-rio-queiles-y-sanguesa-en-el-sentido-de-entrada-a-la-ciudad\/#respond"]}]},{"@type":"WebPage","@id":"https:\/\/www.laguiadepamplona.com\/actualidad\/a-mediados-de-noviembre-se-asfaltara-la-avenida-de-zaragoza-en-el-tramo-comprendido-entre-las-calles-rio-queiles-y-sanguesa-en-el-sentido-de-entrada-a-la-ciudad\/","url":"https:\/\/www.laguiadepamplona.com\/actualidad\/a-mediados-de-noviembre-se-asfaltara-la-avenida-de-zaragoza-en-el-tramo-comprendido-entre-las-calles-rio-queiles-y-sanguesa-en-el-sentido-de-entrada-a-la-ciudad\/","name":"A mediados de noviembre se asfaltar\u00e1 la avenida de Zaragoza en el tramo comprendido entre las calles R\u00edo Queiles y Sang\u00fcesa en el sentido de entrada a la ciudad","isPartOf":{"@id":"https:\/\/www.laguiadepamplona.com\/actualidad\/#website"},"primaryImageOfPage":{"@id":"https:\/\/www.laguiadepamplona.com\/actualidad\/a-mediados-de-noviembre-se-asfaltara-la-avenida-de-zaragoza-en-el-tramo-comprendido-entre-las-calles-rio-queiles-y-sanguesa-en-el-sentido-de-entrada-a-la-ciudad\/#primaryimage"},"image":{"@id":"https:\/\/www.laguiadepamplona.com\/actualidad\/a-mediados-de-noviembre-se-asfaltara-la-avenida-de-zaragoza-en-el-tramo-comprendido-entre-las-calles-rio-queiles-y-sanguesa-en-el-sentido-de-entrada-a-la-ciudad\/#primaryimage"},"thumbnailUrl":"https:\/\/www.laguiadepamplona.com\/actualidad\/wp-content\/uploads\/2024\/10\/asfaltado-avenida-Zaragoza_web.webp","datePublished":"2024-10-28T12:54:08+00:00","description":"Los trabajos se llevar\u00e1n a cabo durante cinco d\u00edas, con un presupuesto de 208.094,11 euros","breadcrumb":{"@id":"https:\/\/www.laguiadepamplona.com\/actualidad\/a-mediados-de-noviembre-se-asfaltara-la-avenida-de-zaragoza-en-el-tramo-comprendido-entre-las-calles-rio-queiles-y-sanguesa-en-el-sentido-de-entrada-a-la-ciudad\/#breadcrumb"},"inLanguage":"es","potentialAction":[{"@type":"ReadAction","target":["https:\/\/www.laguiadepamplona.com\/actualidad\/a-mediados-de-noviembre-se-asfaltara-la-avenida-de-zaragoza-en-el-tramo-comprendido-entre-las-calles-rio-queiles-y-sanguesa-en-el-sentido-de-entrada-a-la-ciudad\/"]}]},{"@type":"ImageObject","inLanguage":"es","@id":"https:\/\/www.laguiadepamplona.com\/actualidad\/a-mediados-de-noviembre-se-asfaltara-la-avenida-de-zaragoza-en-el-tramo-comprendido-entre-las-calles-rio-queiles-y-sanguesa-en-el-sentido-de-entrada-a-la-ciudad\/#primaryimage","url":"https:\/\/www.laguiadepamplona.com\/actualidad\/wp-content\/uploads\/2024\/10\/asfaltado-avenida-Zaragoza_web.webp","contentUrl":"https:\/\/www.laguiadepamplona.com\/actualidad\/wp-content\/uploads\/2024\/10\/asfaltado-avenida-Zaragoza_web.webp","width":1000,"height":667,"caption":"asfaltado avenida Zaragoza"},{"@type":"BreadcrumbList","@id":"https:\/\/www.laguiadepamplona.com\/actualidad\/a-mediados-de-noviembre-se-asfaltara-la-avenida-de-zaragoza-en-el-tramo-comprendido-entre-las-calles-rio-queiles-y-sanguesa-en-el-sentido-de-entrada-a-la-ciudad\/#breadcrumb","itemListElement":[{"@type":"ListItem","position":1,"name":"Portada","item":"https:\/\/www.laguiadepamplona.com\/actualidad\/"},{"@type":"ListItem","position":2,"name":"A mediados de noviembre se asfaltar\u00e1 la avenida de Zaragoza en el tramo comprendido entre las calles R\u00edo Queiles y Sang\u00fcesa en el sentido de entrada a la ciudad"}]},{"@type":"WebSite","@id":"https:\/\/www.laguiadepamplona.com\/actualidad\/#website","url":"https:\/\/www.laguiadepamplona.com\/actualidad\/","name":"La gu\u00eda de Pamplona","description":"Noticias de Pamplona","publisher":{"@id":"https:\/\/www.laguiadepamplona.com\/actualidad\/#organization"},"potentialAction":[{"@type":"SearchAction","target":{"@type":"EntryPoint","urlTemplate":"https:\/\/www.laguiadepamplona.com\/actualidad\/?s={search_term_string}"},"query-input":{"@type":"PropertyValueSpecification","valueRequired":true,"valueName":"search_term_string"}}],"inLanguage":"es"},{"@type":"Organization","@id":"https:\/\/www.laguiadepamplona.com\/actualidad\/#organization","name":"La Gu\u00eda de Pamplona \/ Noticias","url":"https:\/\/www.laguiadepamplona.com\/actualidad\/","logo":{"@type":"ImageObject","inLanguage":"es","@id":"https:\/\/www.laguiadepamplona.com\/actualidad\/#\/schema\/logo\/image\/","url":"https:\/\/www.laguiadepamplona.com\/actualidad\/wp-content\/uploads\/2018\/11\/logo-laguiadepamplona18-web1.png","contentUrl":"https:\/\/www.laguiadepamplona.com\/actualidad\/wp-content\/uploads\/2018\/11\/logo-laguiadepamplona18-web1.png","width":600,"height":196,"caption":"La Gu\u00eda de Pamplona \/ Noticias"},"image":{"@id":"https:\/\/www.laguiadepamplona.com\/actualidad\/#\/schema\/logo\/image\/"},"sameAs":["https:\/\/www.facebook.com\/laguiadepamplonacom-133175176762273\/?ref=hl","https:\/\/x.com\/LaGuiadPamplona","https:\/\/www.instagram.com\/la_guia_de_pamplona\/","https:\/\/www.youtube.com\/user\/laguiadepamplona"]},{"@type":"Person","@id":"https:\/\/www.laguiadepamplona.com\/actualidad\/#\/schema\/person\/efe887376f0213d4657c93adc50b1fdb","name":"La Gu\u00eda de Pamplona","image":{"@type":"ImageObject","inLanguage":"es","@id":"https:\/\/secure.gravatar.com\/avatar\/b6992f131dc8d30ab0dff15446e9d346d9dbd95992de0fef795073f5ea83a81c?s=96&d=mm&r=g","url":"https:\/\/secure.gravatar.com\/avatar\/b6992f131dc8d30ab0dff15446e9d346d9dbd95992de0fef795073f5ea83a81c?s=96&d=mm&r=g","contentUrl":"https:\/\/secure.gravatar.com\/avatar\/b6992f131dc8d30ab0dff15446e9d346d9dbd95992de0fef795073f5ea83a81c?s=96&d=mm&r=g","caption":"La Gu\u00eda de Pamplona"}}]}},"post_mailing_queue_ids":[],"_links":{"self":[{"href":"https:\/\/www.laguiadepamplona.com\/actualidad\/wp-json\/wp\/v2\/posts\/51154","targetHints":{"allow":["GET"]}}],"collection":[{"href":"https:\/\/www.laguiadepamplona.com\/actualidad\/wp-json\/wp\/v2\/posts"}],"about":[{"href":"https:\/\/www.laguiadepamplona.com\/actualidad\/wp-json\/wp\/v2\/types\/post"}],"author":[{"embeddable":true,"href":"https:\/\/www.laguiadepamplona.com\/actualidad\/wp-json\/wp\/v2\/users\/1"}],"replies":[{"embeddable":true,"href":"https:\/\/www.laguiadepamplona.com\/actualidad\/wp-json\/wp\/v2\/comments?post=51154"}],"version-history":[{"count":1,"href":"https:\/\/www.laguiadepamplona.com\/actualidad\/wp-json\/wp\/v2\/posts\/51154\/revisions"}],"predecessor-version":[{"id":51156,"href":"https:\/\/www.laguiadepamplona.com\/actualidad\/wp-json\/wp\/v2\/posts\/51154\/revisions\/51156"}],"wp:featuredmedia":[{"embeddable":true,"href":"https:\/\/www.laguiadepamplona.com\/actualidad\/wp-json\/wp\/v2\/media\/51155"}],"wp:attachment":[{"href":"https:\/\/www.laguiadepamplona.com\/actualidad\/wp-json\/wp\/v2\/media?parent=51154"}],"wp:term":[{"taxonomy":"category","embeddable":true,"href":"https:\/\/www.laguiadepamplona.com\/actualidad\/wp-json\/wp\/v2\/categories?post=51154"},{"taxonomy":"post_tag","embeddable":true,"href":"https:\/\/www.laguiadepamplona.com\/actualidad\/wp-json\/wp\/v2\/tags?post=51154"}],"curies":[{"name":"wp","href":"https:\/\/api.w.org\/{rel}","templated":true}]}}