{"id":51152,"date":"2024-10-28T14:52:27","date_gmt":"2024-10-28T12:52:27","guid":{"rendered":"https:\/\/www.laguiadepamplona.com\/actualidad\/?p=51152"},"modified":"2024-10-28T14:52:27","modified_gmt":"2024-10-28T12:52:27","slug":"propuesta-de-actividades-organizadas-por-el-ayuntamiento-de-pamplona-del-29-al-31-de-octubre-con-plazas-libres","status":"publish","type":"post","link":"https:\/\/www.laguiadepamplona.com\/actualidad\/propuesta-de-actividades-organizadas-por-el-ayuntamiento-de-pamplona-del-29-al-31-de-octubre-con-plazas-libres\/","title":{"rendered":"Propuesta de actividades organizadas por el Ayuntamiento de Pamplona del 29 al 31 de octubre con plazas libres"},"content":{"rendered":"<p class=\"x_3Texto\"><!--more--><\/p>\n<p class=\"x_3Texto\"><b>MARTES 29 DE OCTUBRE<\/b><\/p>\n<p class=\"x_3Texto\"><a href=\"https:\/\/www.pamplona.es\/actualidad\/eventos\/mujeres-que-nos-inspiraron-para-progresar-encuentros-para-reflexionar-y-contar-0\" data-auth=\"NotApplicable\" data-linkindex=\"1\">Mujeres que nos inspiraron para progresar. Encuentros para reflexionar y contar sus historias. Civivox Iturrama, 18 horas. Entrada libre, previa inscripci\u00f3n en el tel\u00e9fono 010, la red Civivox o<\/a>\u00a0<a href=\"http:\/\/www.pamplonaescultura.es\/\" data-auth=\"NotApplicable\" data-linkindex=\"2\">www.pamplonaescultura.es<\/a><\/p>\n<p class=\"x_3Texto\">Un espacio de reflexi\u00f3n para visibilizar las aportaciones de mujeres an\u00f3nimas de cualquier lugar del mundo, que fueron impulsoras y modelos en nuestro aprendizaje vital en el barrio, la escuela, la familia, el vecindario, el trabajo, etc. Un reconocimiento individual para una visibilidad colectiva. Dinamiza la sesi\u00f3n Vanina V\u00e1zquez Gentile, psic\u00f3loga experta en g\u00e9nero. Programa en colaboraci\u00f3n con el \u00e1rea de Igualdad del Ayuntamiento de Pamplona<\/p>\n<p class=\"x_3Texto\" aria-hidden=\"true\">\n<p class=\"x_3Texto\">[pamplona.pamplona.es\/actualidad\/eventos\/cafeteando-yincana-casa-de-la-juventud-0]#Cafeteando. Yincana. Casa de la Juventud, 18.30 horas. Entrada libre, hasta completar el aforo<\/p>\n<p class=\"x_3Texto\">La Casa de la Juventud ha preparado para este martes una tarde de yincana, pruebas y retos para pasar un buen rato entre amigos y amigas.<\/p>\n<p class=\"x_3Texto\">\n<p class=\"x_3Texto\"><a href=\"https:\/\/www.pamplona.es\/actualidad\/eventos\/heroinas-de-cine-proyeccion-cinematografica-no-te-preocupes-querida-dont-worry\" data-auth=\"NotApplicable\" data-linkindex=\"3\">Hero\u00ednas de cine. Proyecci\u00f3n cinematogr\u00e1fica. \u2018No te preocupes, querida (Don\u00b4t worry, darling)\u2019, de Olivia Wilde. Civivox San Jorge, 18 horas.\u00a0Entrada libre, previa inscripci\u00f3n en el 010, el propio civivox o<\/a>\u00a0<a href=\"http:\/\/www.pamplonaescultura.es\/\" data-auth=\"NotApplicable\" data-linkindex=\"4\">www.pamplonaescultura.es<\/a><\/p>\n<p class=\"x_3Texto\">Alice y Jack tienen la suerte de vivir en la comunidad idealizada de Victoria, una ciudad experimental creada por una compa\u00f1\u00eda en donde los hombres que trabajan para el \u2018Proyecto Victoria\u2019, de alto secreto, viven con sus familias. Pero cuando empiezan a aparecer grietas en su id\u00edlica vida, exponiendo destellos de algo mucho m\u00e1s siniestro que se esconde bajo la atractiva fachada, Alice no puede evitar cuestionarse exactamente qu\u00e9 est\u00e1n haciendo en Victoria, y por qu\u00e9.<\/p>\n<p class=\"x_3Texto\">\n<p class=\"x_3Texto\">[pamplona.pamplona.es\/actualidad\/eventos\/taller-lo-desconocido-bibliotecas-humanas-biblioteca-san-francisco]Taller. \u2018Lo desconocido: bibliotecas humanas\u2019. Biblioteca P\u00fablica de San Francisco, 18 horas. Inscripci\u00f3n previa en la biblioteca, en el tel\u00e9fono, 948 21 05 24 o en\u00a0<a href=\"mailto:biblisfr@navarra.es\" data-linkindex=\"5\">biblisfr@navarra.es<\/a><\/p>\n<p class=\"x_3Texto\">En esta actividad podremos sentarnos cara a cara con la persona-libro elegida, para escuchar y dialogar con ella sobre su experiencia vital, empatizando con su situaci\u00f3n y rompiendo prejuicios. La actividad forma parte de la programaci\u00f3n de Bibliotecas por la Paz 2024.<\/p>\n<p class=\"x_3Texto\">\n<p class=\"x_3Texto\"><a href=\"https:\/\/www.pamplona.es\/actualidad\/eventos\/proyeccion-de-cortometraje-krutxalteatik-uronarat-de-marina-lameiro-biblioteca\" data-auth=\"NotApplicable\" data-linkindex=\"6\">Proyecci\u00f3n de cortometraje. \u2018Krutxalteatik Uronarat\u2019, de Marina Lameiro. Biblioteca P\u00fablica de Txantrea, 19 horas. Entrada libre, hasta completar el aforo<\/a><\/p>\n<p class=\"x_3Texto\">Entre las fuentes Krutxaltea y Urona se encuentra el pueblo de Uzt\u00e1rroz. Hasta el verano de 2022 all\u00ed se hab\u00edan rodado 3 pel\u00edculas sin contar con la autor\u00eda de sus habitantes. Una cineasta es invitada al pueblo a hacer un proyecto que dialogue con esta realidad y propone a los uztarroztarras hacer una cuarta pel\u00edcula de manera colectiva en la que ellos determinen c\u00f3mo autorrepresentarse. Una pel\u00edcula colectiva hecha en Uzt\u00e1rroz y dirigida por Marina Lameiro.<\/p>\n<p class=\"x_3Texto\" aria-hidden=\"true\">\n<p class=\"x_3Texto\"><a href=\"http:\/\/www.pamplona.es\/actualidad\/eventos\/mapamundistas-proyeccion-cinematografica-jai-aime-vivre-la-de-regis-sauder\" data-auth=\"NotApplicable\" data-linkindex=\"7\">Mapamundistas. Proyecci\u00f3n cinematogr\u00e1fica. \u2018J\u2019ai aim\u00e9 vivre l\u00e0\u2019, de R\u00e9gis Sauder. Civivox Iturrama, 19 horas.\u00a0Entrada libre, previa inscripci\u00f3n en el tel\u00e9fono 010, la red Civivox o<\/a>\u00a0<a href=\"http:\/\/www.pamplonaescultura.es\/\" data-auth=\"NotApplicable\" data-linkindex=\"8\">www.pamplonaescultura.es<\/a><\/p>\n<p class=\"x_3Texto\">Cergy-Pontoise es una ciudad nueva que se inaugur\u00f3 en 1969 a 25 kil\u00f3metros de Paris. En este lugar, la prestigiosa escritora ganadora del Premio Nobel de Literatura en 2022, Annie Ernaux, escribi\u00f3 gran parte de una obra que se nutre de su observaci\u00f3n de los dem\u00e1s. La pel\u00edcula parte de la lectura de sus textos para evocar un territorio donde la gente se muestra feliz de vivir y donde las personas que llegan de otros lugares se mezclan entre s\u00ed. Con la colaboraci\u00f3n del Institut Fran\u00e7ais de Bilbao.<\/p>\n<p class=\"x_3Texto\" aria-hidden=\"true\">\n<p class=\"x_3Texto\"><a href=\"https:\/\/www.pamplona.es\/actualidad\/eventos\/conferencia-la-menopausia-y-el-suelo-pelvico-civivox-iturrama\" data-auth=\"NotApplicable\" data-linkindex=\"9\">Ciclo sobre fisioterapia y salud. Conferencia. Menopausia y suelo p\u00e9lvico. Civivox Iturrama, 19.30 horas. Entrada libre, hasta completar el aforo<\/a><\/p>\n<p class=\"x_3Texto\">La menopausia es un periodo de la vida de la mujer, que puede conllevar una serie de cambios f\u00edsicos y psicol\u00f3gicos. El suelo p\u00e9lvico, al igual que otras zonas de cuerpo, se puede ver afectado, y por ello la menopausia se considera una etapa de riesgo para esta zona tan importante en la mujer. Con esta charla, daremos a conocer los s\u00edntomas m\u00e1s frecuentes, y la importancia de la fisioterapia en la prevenci\u00f3n y tratamiento de muchos de ellos. Con Tania Ruiz, fisioterapeuta. Ciclo realizado en colaboraci\u00f3n con el Colegio Oficial de Fisioterapeutas de Navarra.<\/p>\n<p class=\"x_3Texto\" aria-hidden=\"true\">\n<p class=\"x_3Texto\"><b>MI\u00c9RCOLES 30 DE OCTUBRE<\/b><\/p>\n<p class=\"x_3Texto\"><a href=\"https:\/\/www.pamplona.es\/actualidad\/eventos\/cuentacuentos-murcielaguito-perez-biblioteca-de-san-francisco\" data-auth=\"NotApplicable\" data-linkindex=\"10\">Cuentacuentos. \u2018Murcielaguito P\u00e9rez\u2019. Biblioteca P\u00fablica de San Francisco, 18 horas.\u00a0Inscripci\u00f3n previa en la biblioteca, en el tel\u00e9fono, 948 21 05 24 o el correo electr\u00f3nico<\/a>\u00a0<a href=\"mailto:biblisfr@navarra.es\" data-linkindex=\"11\">biblisfr@navarra.es<\/a><\/p>\n<p class=\"x_3Texto\">Alicia Escribano presenta su \u00e1lbum \u2018<strong>Murcielaguito P\u00e9rez<\/strong>\u2019, con un cuentacuentos para p\u00fablico infantil a partir de 4 a\u00f1os. La sesi\u00f3n se cerrar\u00e1 con una peque\u00f1a manualidad.<\/p>\n<p class=\"x_3Texto\">\n<p class=\"x_3Texto\"><a href=\"https:\/\/www.pamplona.es\/actualidad\/eventos\/cafeteando-tarde-de-juegos-bingo-casa-de-la-juventud\" data-auth=\"NotApplicable\" data-linkindex=\"12\">#Cafeteando. Bingo. Casa de la Juventud, 18.30 horas. Entrada libre, hasta completar el aforo<\/a><\/p>\n<p class=\"x_3Texto\">La Casa de la Juventud ha preparado para este mi\u00e9rcoles una tarde de bingo para tentar a la suerte y pasar un buen rato.<\/p>\n<p class=\"x_3Texto\">\n<p class=\"x_3Texto\"><a href=\"https:\/\/www.pamplona.es\/actualidad\/eventos\/record-arte-recital-poetico-civivox-condestable\" data-auth=\"NotApplicable\" data-linkindex=\"13\">Record-arte. La expresi\u00f3n art\u00edstica como herramienta en el proceso de duelo. Recital po\u00e9tico. Civivox Condestable, 19 horas. Entrada libre, hasta completar el aforo<\/a><\/p>\n<p class=\"x_3Texto\">Recital po\u00e9tico en el que el p\u00fablico adquiere protagonismo, preguntando y compartiendo lo que le ha trasmitido. Con Bego\u00f1a Abad. La asociaci\u00f3n Goizargi, en colaboraci\u00f3n con la red Civivox, organiza Record-ARTE, ciclo cultural en el que se engloban actividades relacionadas con diferentes corrientes art\u00edsticas en torno al d\u00eda de Todos los Santos, entre finales de octubre y principios de noviembre.<\/p>\n<p class=\"x_3Texto\" aria-hidden=\"true\">\n<p class=\"x_3Texto\"><a href=\"https:\/\/www.pamplona.es\/actualidad\/eventos\/antzerki-aroa-teatro-en-euskera-artxibo-biluzia-de-metrokoadroka-escuela-navarra\" data-auth=\"NotApplicable\" data-linkindex=\"14\">Antzerki Aroa. Teatro en euskera. \u201cArtxibo biluzia\u201d, de Metrokoadroka. Escuela Navarra de Teatro, 19 horas. Entrada: 8 euros en la taquilla de la Escuela Navarra de Teatro o en<\/a>\u00a0<a href=\"http:\/\/www.laescueladeteatro.com\/\" data-auth=\"NotApplicable\" data-linkindex=\"15\">www.laescueladeteatro.com<\/a>\u00a0(estudiantes de euskera en euskaltegis o Escuela de Idiomas, 5 euros)<\/p>\n<p class=\"x_3Texto\">Cuando detuvieron a Joan Mari Torrealdai, la polic\u00eda confisc\u00f3 en su casa innumerables documentos. M\u00e1s adelante contar\u00eda que: \u201cMe dejaron desnudo, no f\u00edsicamente, sino intelectualmente\u201d.\u00a0 Para crear la pieza \u201cArtxibo biluzia (El archivo desnudo)\u201d hemos imaginado una carpeta que qued\u00f3 vac\u00eda aquel d\u00eda, y hemos intentado llenarla de recursos esc\u00e9nicos, haci\u00e9ndonos a nosotros mismos y al p\u00fablico, la siguiente pregunta: \u00bfqu\u00e9 historia te gustar\u00eda que pasara a la historia? \u201cArtxibo biluzia (El archivo desnudo)\u201d es una pieza esc\u00e9nica que fusiona la conferencia performativa, el teatro documental y el humor.<\/p>\n<p class=\"x_3Texto\" aria-hidden=\"true\">\n<p class=\"x_3Texto\"><b>JUEVES 31 DE OCTUBRE<\/b><\/p>\n<p class=\"x_3Texto\"><a href=\"https:\/\/www.pamplona.es\/actualidad\/eventos\/mujeres-que-nos-inspiraron-para-progresar-encuentros-para-reflexionar-y-contar-0\" data-auth=\"NotApplicable\" data-linkindex=\"16\">Mujeres que nos inspiraron para progresar. Encuentros para reflexionar y contar sus historias. Civivox Jus la Rocha, 18 horas. Entrada libre, previa inscripci\u00f3n en el tel\u00e9fono 010, la red Civivox o<\/a>\u00a0<a href=\"http:\/\/www.pamplonaescultura.es\/\" data-auth=\"NotApplicable\" data-linkindex=\"17\">www.pamplonaescultura.es<\/a><\/p>\n<p class=\"x_3Texto\">Un espacio de reflexi\u00f3n para visibilizar las aportaciones de mujeres an\u00f3nimas de cualquier lugar del mundo, que fueron impulsoras y modelos en nuestro aprendizaje vital en el barrio, la escuela, la familia, el vecindario, el trabajo, etc. Un reconocimiento individual para una visibilidad colectiva. Dinamiza la sesi\u00f3n Vanina V\u00e1zquez Gentile, psic\u00f3loga experta en g\u00e9nero. Programa en colaboraci\u00f3n con el \u00e1rea de Igualdad del Ayuntamiento de Pamplona<\/p>\n","protected":false},"excerpt":{"rendered":"","protected":false},"author":1,"featured_media":50736,"comment_status":"open","ping_status":"closed","sticky":false,"template":"","format":"standard","meta":{"footnotes":""},"categories":[2],"tags":[],"class_list":["post-51152","post","type-post","status-publish","format-standard","has-post-thumbnail","hentry","category-ayuntamiento-pamplona"],"yoast_head":"<!-- This site is optimized with the Yoast SEO plugin v27.3 - https:\/\/yoast.com\/product\/yoast-seo-wordpress\/ -->\n<title>Propuesta de actividades organizadas por el Ayuntamiento de Pamplona del 29 al 31 de octubre con plazas libres<\/title>\n<meta name=\"robots\" content=\"index, follow, max-snippet:-1, max-image-preview:large, max-video-preview:-1\" \/>\n<link rel=\"canonical\" href=\"https:\/\/www.laguiadepamplona.com\/actualidad\/propuesta-de-actividades-organizadas-por-el-ayuntamiento-de-pamplona-del-29-al-31-de-octubre-con-plazas-libres\/\" \/>\n<meta property=\"og:locale\" content=\"es_ES\" \/>\n<meta property=\"og:type\" content=\"article\" \/>\n<meta property=\"og:title\" content=\"Propuesta de actividades organizadas por el Ayuntamiento de Pamplona del 29 al 31 de octubre con plazas libres\" \/>\n<meta property=\"og:url\" content=\"https:\/\/www.laguiadepamplona.com\/actualidad\/propuesta-de-actividades-organizadas-por-el-ayuntamiento-de-pamplona-del-29-al-31-de-octubre-con-plazas-libres\/\" \/>\n<meta property=\"og:site_name\" content=\"La Gu\u00eda de Pamplona\" \/>\n<meta property=\"article:publisher\" content=\"https:\/\/www.facebook.com\/laguiadepamplonacom-133175176762273\/?ref=hl\" \/>\n<meta property=\"article:published_time\" content=\"2024-10-28T12:52:27+00:00\" \/>\n<meta property=\"og:image\" content=\"https:\/\/www.laguiadepamplona.com\/actualidad\/wp-content\/uploads\/2024\/09\/Fachada-Ayuntamiento_contacto-Comarca_web2.webp\" \/>\n\t<meta property=\"og:image:width\" content=\"1000\" \/>\n\t<meta property=\"og:image:height\" content=\"646\" \/>\n\t<meta property=\"og:image:type\" content=\"image\/webp\" \/>\n<meta name=\"author\" content=\"La Gu\u00eda de Pamplona\" \/>\n<meta name=\"twitter:card\" content=\"summary_large_image\" \/>\n<meta name=\"twitter:creator\" content=\"@LaGuiadPamplona\" \/>\n<meta name=\"twitter:site\" content=\"@LaGuiadPamplona\" \/>\n<meta name=\"twitter:label1\" content=\"Escrito por\" \/>\n\t<meta name=\"twitter:data1\" content=\"La Gu\u00eda de Pamplona\" \/>\n\t<meta name=\"twitter:label2\" content=\"Tiempo de lectura\" \/>\n\t<meta name=\"twitter:data2\" content=\"5 minutos\" \/>\n<script type=\"application\/ld+json\" class=\"yoast-schema-graph\">{\"@context\":\"https:\\\/\\\/schema.org\",\"@graph\":[{\"@type\":\"Article\",\"@id\":\"https:\\\/\\\/www.laguiadepamplona.com\\\/actualidad\\\/propuesta-de-actividades-organizadas-por-el-ayuntamiento-de-pamplona-del-29-al-31-de-octubre-con-plazas-libres\\\/#article\",\"isPartOf\":{\"@id\":\"https:\\\/\\\/www.laguiadepamplona.com\\\/actualidad\\\/propuesta-de-actividades-organizadas-por-el-ayuntamiento-de-pamplona-del-29-al-31-de-octubre-con-plazas-libres\\\/\"},\"author\":{\"name\":\"La Gu\u00eda de Pamplona\",\"@id\":\"https:\\\/\\\/www.laguiadepamplona.com\\\/actualidad\\\/#\\\/schema\\\/person\\\/efe887376f0213d4657c93adc50b1fdb\"},\"headline\":\"Propuesta de actividades organizadas por el Ayuntamiento de Pamplona del 29 al 31 de octubre con plazas libres\",\"datePublished\":\"2024-10-28T12:52:27+00:00\",\"mainEntityOfPage\":{\"@id\":\"https:\\\/\\\/www.laguiadepamplona.com\\\/actualidad\\\/propuesta-de-actividades-organizadas-por-el-ayuntamiento-de-pamplona-del-29-al-31-de-octubre-con-plazas-libres\\\/\"},\"wordCount\":1154,\"commentCount\":0,\"publisher\":{\"@id\":\"https:\\\/\\\/www.laguiadepamplona.com\\\/actualidad\\\/#organization\"},\"image\":{\"@id\":\"https:\\\/\\\/www.laguiadepamplona.com\\\/actualidad\\\/propuesta-de-actividades-organizadas-por-el-ayuntamiento-de-pamplona-del-29-al-31-de-octubre-con-plazas-libres\\\/#primaryimage\"},\"thumbnailUrl\":\"https:\\\/\\\/www.laguiadepamplona.com\\\/actualidad\\\/wp-content\\\/uploads\\\/2024\\\/09\\\/Fachada-Ayuntamiento_contacto-Comarca_web2.webp\",\"articleSection\":[\"Ayto Pamplona\"],\"inLanguage\":\"es\",\"potentialAction\":[{\"@type\":\"CommentAction\",\"name\":\"Comment\",\"target\":[\"https:\\\/\\\/www.laguiadepamplona.com\\\/actualidad\\\/propuesta-de-actividades-organizadas-por-el-ayuntamiento-de-pamplona-del-29-al-31-de-octubre-con-plazas-libres\\\/#respond\"]}]},{\"@type\":\"WebPage\",\"@id\":\"https:\\\/\\\/www.laguiadepamplona.com\\\/actualidad\\\/propuesta-de-actividades-organizadas-por-el-ayuntamiento-de-pamplona-del-29-al-31-de-octubre-con-plazas-libres\\\/\",\"url\":\"https:\\\/\\\/www.laguiadepamplona.com\\\/actualidad\\\/propuesta-de-actividades-organizadas-por-el-ayuntamiento-de-pamplona-del-29-al-31-de-octubre-con-plazas-libres\\\/\",\"name\":\"Propuesta de actividades organizadas por el Ayuntamiento de Pamplona del 29 al 31 de octubre con plazas libres\",\"isPartOf\":{\"@id\":\"https:\\\/\\\/www.laguiadepamplona.com\\\/actualidad\\\/#website\"},\"primaryImageOfPage\":{\"@id\":\"https:\\\/\\\/www.laguiadepamplona.com\\\/actualidad\\\/propuesta-de-actividades-organizadas-por-el-ayuntamiento-de-pamplona-del-29-al-31-de-octubre-con-plazas-libres\\\/#primaryimage\"},\"image\":{\"@id\":\"https:\\\/\\\/www.laguiadepamplona.com\\\/actualidad\\\/propuesta-de-actividades-organizadas-por-el-ayuntamiento-de-pamplona-del-29-al-31-de-octubre-con-plazas-libres\\\/#primaryimage\"},\"thumbnailUrl\":\"https:\\\/\\\/www.laguiadepamplona.com\\\/actualidad\\\/wp-content\\\/uploads\\\/2024\\\/09\\\/Fachada-Ayuntamiento_contacto-Comarca_web2.webp\",\"datePublished\":\"2024-10-28T12:52:27+00:00\",\"breadcrumb\":{\"@id\":\"https:\\\/\\\/www.laguiadepamplona.com\\\/actualidad\\\/propuesta-de-actividades-organizadas-por-el-ayuntamiento-de-pamplona-del-29-al-31-de-octubre-con-plazas-libres\\\/#breadcrumb\"},\"inLanguage\":\"es\",\"potentialAction\":[{\"@type\":\"ReadAction\",\"target\":[\"https:\\\/\\\/www.laguiadepamplona.com\\\/actualidad\\\/propuesta-de-actividades-organizadas-por-el-ayuntamiento-de-pamplona-del-29-al-31-de-octubre-con-plazas-libres\\\/\"]}]},{\"@type\":\"ImageObject\",\"inLanguage\":\"es\",\"@id\":\"https:\\\/\\\/www.laguiadepamplona.com\\\/actualidad\\\/propuesta-de-actividades-organizadas-por-el-ayuntamiento-de-pamplona-del-29-al-31-de-octubre-con-plazas-libres\\\/#primaryimage\",\"url\":\"https:\\\/\\\/www.laguiadepamplona.com\\\/actualidad\\\/wp-content\\\/uploads\\\/2024\\\/09\\\/Fachada-Ayuntamiento_contacto-Comarca_web2.webp\",\"contentUrl\":\"https:\\\/\\\/www.laguiadepamplona.com\\\/actualidad\\\/wp-content\\\/uploads\\\/2024\\\/09\\\/Fachada-Ayuntamiento_contacto-Comarca_web2.webp\",\"width\":1000,\"height\":646,\"caption\":\"fachada ayuntamiento\"},{\"@type\":\"BreadcrumbList\",\"@id\":\"https:\\\/\\\/www.laguiadepamplona.com\\\/actualidad\\\/propuesta-de-actividades-organizadas-por-el-ayuntamiento-de-pamplona-del-29-al-31-de-octubre-con-plazas-libres\\\/#breadcrumb\",\"itemListElement\":[{\"@type\":\"ListItem\",\"position\":1,\"name\":\"Portada\",\"item\":\"https:\\\/\\\/www.laguiadepamplona.com\\\/actualidad\\\/\"},{\"@type\":\"ListItem\",\"position\":2,\"name\":\"Propuesta de actividades organizadas por el Ayuntamiento de Pamplona del 29 al 31 de octubre con plazas libres\"}]},{\"@type\":\"WebSite\",\"@id\":\"https:\\\/\\\/www.laguiadepamplona.com\\\/actualidad\\\/#website\",\"url\":\"https:\\\/\\\/www.laguiadepamplona.com\\\/actualidad\\\/\",\"name\":\"La gu\u00eda de Pamplona\",\"description\":\"Noticias de Pamplona\",\"publisher\":{\"@id\":\"https:\\\/\\\/www.laguiadepamplona.com\\\/actualidad\\\/#organization\"},\"potentialAction\":[{\"@type\":\"SearchAction\",\"target\":{\"@type\":\"EntryPoint\",\"urlTemplate\":\"https:\\\/\\\/www.laguiadepamplona.com\\\/actualidad\\\/?s={search_term_string}\"},\"query-input\":{\"@type\":\"PropertyValueSpecification\",\"valueRequired\":true,\"valueName\":\"search_term_string\"}}],\"inLanguage\":\"es\"},{\"@type\":\"Organization\",\"@id\":\"https:\\\/\\\/www.laguiadepamplona.com\\\/actualidad\\\/#organization\",\"name\":\"La Gu\u00eda de Pamplona \\\/ Noticias\",\"url\":\"https:\\\/\\\/www.laguiadepamplona.com\\\/actualidad\\\/\",\"logo\":{\"@type\":\"ImageObject\",\"inLanguage\":\"es\",\"@id\":\"https:\\\/\\\/www.laguiadepamplona.com\\\/actualidad\\\/#\\\/schema\\\/logo\\\/image\\\/\",\"url\":\"https:\\\/\\\/www.laguiadepamplona.com\\\/actualidad\\\/wp-content\\\/uploads\\\/2018\\\/11\\\/logo-laguiadepamplona18-web1.png\",\"contentUrl\":\"https:\\\/\\\/www.laguiadepamplona.com\\\/actualidad\\\/wp-content\\\/uploads\\\/2018\\\/11\\\/logo-laguiadepamplona18-web1.png\",\"width\":600,\"height\":196,\"caption\":\"La Gu\u00eda de Pamplona \\\/ Noticias\"},\"image\":{\"@id\":\"https:\\\/\\\/www.laguiadepamplona.com\\\/actualidad\\\/#\\\/schema\\\/logo\\\/image\\\/\"},\"sameAs\":[\"https:\\\/\\\/www.facebook.com\\\/laguiadepamplonacom-133175176762273\\\/?ref=hl\",\"https:\\\/\\\/x.com\\\/LaGuiadPamplona\",\"https:\\\/\\\/www.instagram.com\\\/la_guia_de_pamplona\\\/\",\"https:\\\/\\\/www.youtube.com\\\/user\\\/laguiadepamplona\"]},{\"@type\":\"Person\",\"@id\":\"https:\\\/\\\/www.laguiadepamplona.com\\\/actualidad\\\/#\\\/schema\\\/person\\\/efe887376f0213d4657c93adc50b1fdb\",\"name\":\"La Gu\u00eda de Pamplona\",\"image\":{\"@type\":\"ImageObject\",\"inLanguage\":\"es\",\"@id\":\"https:\\\/\\\/secure.gravatar.com\\\/avatar\\\/b6992f131dc8d30ab0dff15446e9d346d9dbd95992de0fef795073f5ea83a81c?s=96&d=mm&r=g\",\"url\":\"https:\\\/\\\/secure.gravatar.com\\\/avatar\\\/b6992f131dc8d30ab0dff15446e9d346d9dbd95992de0fef795073f5ea83a81c?s=96&d=mm&r=g\",\"contentUrl\":\"https:\\\/\\\/secure.gravatar.com\\\/avatar\\\/b6992f131dc8d30ab0dff15446e9d346d9dbd95992de0fef795073f5ea83a81c?s=96&d=mm&r=g\",\"caption\":\"La Gu\u00eda de Pamplona\"}}]}<\/script>\n<!-- \/ Yoast SEO plugin. -->","yoast_head_json":{"title":"Propuesta de actividades organizadas por el Ayuntamiento de Pamplona del 29 al 31 de octubre con plazas libres","robots":{"index":"index","follow":"follow","max-snippet":"max-snippet:-1","max-image-preview":"max-image-preview:large","max-video-preview":"max-video-preview:-1"},"canonical":"https:\/\/www.laguiadepamplona.com\/actualidad\/propuesta-de-actividades-organizadas-por-el-ayuntamiento-de-pamplona-del-29-al-31-de-octubre-con-plazas-libres\/","og_locale":"es_ES","og_type":"article","og_title":"Propuesta de actividades organizadas por el Ayuntamiento de Pamplona del 29 al 31 de octubre con plazas libres","og_url":"https:\/\/www.laguiadepamplona.com\/actualidad\/propuesta-de-actividades-organizadas-por-el-ayuntamiento-de-pamplona-del-29-al-31-de-octubre-con-plazas-libres\/","og_site_name":"La Gu\u00eda de Pamplona","article_publisher":"https:\/\/www.facebook.com\/laguiadepamplonacom-133175176762273\/?ref=hl","article_published_time":"2024-10-28T12:52:27+00:00","og_image":[{"width":1000,"height":646,"url":"https:\/\/www.laguiadepamplona.com\/actualidad\/wp-content\/uploads\/2024\/09\/Fachada-Ayuntamiento_contacto-Comarca_web2.webp","type":"image\/webp"}],"author":"La Gu\u00eda de Pamplona","twitter_card":"summary_large_image","twitter_creator":"@LaGuiadPamplona","twitter_site":"@LaGuiadPamplona","twitter_misc":{"Escrito por":"La Gu\u00eda de Pamplona","Tiempo de lectura":"5 minutos"},"schema":{"@context":"https:\/\/schema.org","@graph":[{"@type":"Article","@id":"https:\/\/www.laguiadepamplona.com\/actualidad\/propuesta-de-actividades-organizadas-por-el-ayuntamiento-de-pamplona-del-29-al-31-de-octubre-con-plazas-libres\/#article","isPartOf":{"@id":"https:\/\/www.laguiadepamplona.com\/actualidad\/propuesta-de-actividades-organizadas-por-el-ayuntamiento-de-pamplona-del-29-al-31-de-octubre-con-plazas-libres\/"},"author":{"name":"La Gu\u00eda de Pamplona","@id":"https:\/\/www.laguiadepamplona.com\/actualidad\/#\/schema\/person\/efe887376f0213d4657c93adc50b1fdb"},"headline":"Propuesta de actividades organizadas por el Ayuntamiento de Pamplona del 29 al 31 de octubre con plazas libres","datePublished":"2024-10-28T12:52:27+00:00","mainEntityOfPage":{"@id":"https:\/\/www.laguiadepamplona.com\/actualidad\/propuesta-de-actividades-organizadas-por-el-ayuntamiento-de-pamplona-del-29-al-31-de-octubre-con-plazas-libres\/"},"wordCount":1154,"commentCount":0,"publisher":{"@id":"https:\/\/www.laguiadepamplona.com\/actualidad\/#organization"},"image":{"@id":"https:\/\/www.laguiadepamplona.com\/actualidad\/propuesta-de-actividades-organizadas-por-el-ayuntamiento-de-pamplona-del-29-al-31-de-octubre-con-plazas-libres\/#primaryimage"},"thumbnailUrl":"https:\/\/www.laguiadepamplona.com\/actualidad\/wp-content\/uploads\/2024\/09\/Fachada-Ayuntamiento_contacto-Comarca_web2.webp","articleSection":["Ayto Pamplona"],"inLanguage":"es","potentialAction":[{"@type":"CommentAction","name":"Comment","target":["https:\/\/www.laguiadepamplona.com\/actualidad\/propuesta-de-actividades-organizadas-por-el-ayuntamiento-de-pamplona-del-29-al-31-de-octubre-con-plazas-libres\/#respond"]}]},{"@type":"WebPage","@id":"https:\/\/www.laguiadepamplona.com\/actualidad\/propuesta-de-actividades-organizadas-por-el-ayuntamiento-de-pamplona-del-29-al-31-de-octubre-con-plazas-libres\/","url":"https:\/\/www.laguiadepamplona.com\/actualidad\/propuesta-de-actividades-organizadas-por-el-ayuntamiento-de-pamplona-del-29-al-31-de-octubre-con-plazas-libres\/","name":"Propuesta de actividades organizadas por el Ayuntamiento de Pamplona del 29 al 31 de octubre con plazas libres","isPartOf":{"@id":"https:\/\/www.laguiadepamplona.com\/actualidad\/#website"},"primaryImageOfPage":{"@id":"https:\/\/www.laguiadepamplona.com\/actualidad\/propuesta-de-actividades-organizadas-por-el-ayuntamiento-de-pamplona-del-29-al-31-de-octubre-con-plazas-libres\/#primaryimage"},"image":{"@id":"https:\/\/www.laguiadepamplona.com\/actualidad\/propuesta-de-actividades-organizadas-por-el-ayuntamiento-de-pamplona-del-29-al-31-de-octubre-con-plazas-libres\/#primaryimage"},"thumbnailUrl":"https:\/\/www.laguiadepamplona.com\/actualidad\/wp-content\/uploads\/2024\/09\/Fachada-Ayuntamiento_contacto-Comarca_web2.webp","datePublished":"2024-10-28T12:52:27+00:00","breadcrumb":{"@id":"https:\/\/www.laguiadepamplona.com\/actualidad\/propuesta-de-actividades-organizadas-por-el-ayuntamiento-de-pamplona-del-29-al-31-de-octubre-con-plazas-libres\/#breadcrumb"},"inLanguage":"es","potentialAction":[{"@type":"ReadAction","target":["https:\/\/www.laguiadepamplona.com\/actualidad\/propuesta-de-actividades-organizadas-por-el-ayuntamiento-de-pamplona-del-29-al-31-de-octubre-con-plazas-libres\/"]}]},{"@type":"ImageObject","inLanguage":"es","@id":"https:\/\/www.laguiadepamplona.com\/actualidad\/propuesta-de-actividades-organizadas-por-el-ayuntamiento-de-pamplona-del-29-al-31-de-octubre-con-plazas-libres\/#primaryimage","url":"https:\/\/www.laguiadepamplona.com\/actualidad\/wp-content\/uploads\/2024\/09\/Fachada-Ayuntamiento_contacto-Comarca_web2.webp","contentUrl":"https:\/\/www.laguiadepamplona.com\/actualidad\/wp-content\/uploads\/2024\/09\/Fachada-Ayuntamiento_contacto-Comarca_web2.webp","width":1000,"height":646,"caption":"fachada ayuntamiento"},{"@type":"BreadcrumbList","@id":"https:\/\/www.laguiadepamplona.com\/actualidad\/propuesta-de-actividades-organizadas-por-el-ayuntamiento-de-pamplona-del-29-al-31-de-octubre-con-plazas-libres\/#breadcrumb","itemListElement":[{"@type":"ListItem","position":1,"name":"Portada","item":"https:\/\/www.laguiadepamplona.com\/actualidad\/"},{"@type":"ListItem","position":2,"name":"Propuesta de actividades organizadas por el Ayuntamiento de Pamplona del 29 al 31 de octubre con plazas libres"}]},{"@type":"WebSite","@id":"https:\/\/www.laguiadepamplona.com\/actualidad\/#website","url":"https:\/\/www.laguiadepamplona.com\/actualidad\/","name":"La gu\u00eda de Pamplona","description":"Noticias de Pamplona","publisher":{"@id":"https:\/\/www.laguiadepamplona.com\/actualidad\/#organization"},"potentialAction":[{"@type":"SearchAction","target":{"@type":"EntryPoint","urlTemplate":"https:\/\/www.laguiadepamplona.com\/actualidad\/?s={search_term_string}"},"query-input":{"@type":"PropertyValueSpecification","valueRequired":true,"valueName":"search_term_string"}}],"inLanguage":"es"},{"@type":"Organization","@id":"https:\/\/www.laguiadepamplona.com\/actualidad\/#organization","name":"La Gu\u00eda de Pamplona \/ Noticias","url":"https:\/\/www.laguiadepamplona.com\/actualidad\/","logo":{"@type":"ImageObject","inLanguage":"es","@id":"https:\/\/www.laguiadepamplona.com\/actualidad\/#\/schema\/logo\/image\/","url":"https:\/\/www.laguiadepamplona.com\/actualidad\/wp-content\/uploads\/2018\/11\/logo-laguiadepamplona18-web1.png","contentUrl":"https:\/\/www.laguiadepamplona.com\/actualidad\/wp-content\/uploads\/2018\/11\/logo-laguiadepamplona18-web1.png","width":600,"height":196,"caption":"La Gu\u00eda de Pamplona \/ Noticias"},"image":{"@id":"https:\/\/www.laguiadepamplona.com\/actualidad\/#\/schema\/logo\/image\/"},"sameAs":["https:\/\/www.facebook.com\/laguiadepamplonacom-133175176762273\/?ref=hl","https:\/\/x.com\/LaGuiadPamplona","https:\/\/www.instagram.com\/la_guia_de_pamplona\/","https:\/\/www.youtube.com\/user\/laguiadepamplona"]},{"@type":"Person","@id":"https:\/\/www.laguiadepamplona.com\/actualidad\/#\/schema\/person\/efe887376f0213d4657c93adc50b1fdb","name":"La Gu\u00eda de Pamplona","image":{"@type":"ImageObject","inLanguage":"es","@id":"https:\/\/secure.gravatar.com\/avatar\/b6992f131dc8d30ab0dff15446e9d346d9dbd95992de0fef795073f5ea83a81c?s=96&d=mm&r=g","url":"https:\/\/secure.gravatar.com\/avatar\/b6992f131dc8d30ab0dff15446e9d346d9dbd95992de0fef795073f5ea83a81c?s=96&d=mm&r=g","contentUrl":"https:\/\/secure.gravatar.com\/avatar\/b6992f131dc8d30ab0dff15446e9d346d9dbd95992de0fef795073f5ea83a81c?s=96&d=mm&r=g","caption":"La Gu\u00eda de Pamplona"}}]}},"post_mailing_queue_ids":[],"_links":{"self":[{"href":"https:\/\/www.laguiadepamplona.com\/actualidad\/wp-json\/wp\/v2\/posts\/51152","targetHints":{"allow":["GET"]}}],"collection":[{"href":"https:\/\/www.laguiadepamplona.com\/actualidad\/wp-json\/wp\/v2\/posts"}],"about":[{"href":"https:\/\/www.laguiadepamplona.com\/actualidad\/wp-json\/wp\/v2\/types\/post"}],"author":[{"embeddable":true,"href":"https:\/\/www.laguiadepamplona.com\/actualidad\/wp-json\/wp\/v2\/users\/1"}],"replies":[{"embeddable":true,"href":"https:\/\/www.laguiadepamplona.com\/actualidad\/wp-json\/wp\/v2\/comments?post=51152"}],"version-history":[{"count":1,"href":"https:\/\/www.laguiadepamplona.com\/actualidad\/wp-json\/wp\/v2\/posts\/51152\/revisions"}],"predecessor-version":[{"id":51153,"href":"https:\/\/www.laguiadepamplona.com\/actualidad\/wp-json\/wp\/v2\/posts\/51152\/revisions\/51153"}],"wp:featuredmedia":[{"embeddable":true,"href":"https:\/\/www.laguiadepamplona.com\/actualidad\/wp-json\/wp\/v2\/media\/50736"}],"wp:attachment":[{"href":"https:\/\/www.laguiadepamplona.com\/actualidad\/wp-json\/wp\/v2\/media?parent=51152"}],"wp:term":[{"taxonomy":"category","embeddable":true,"href":"https:\/\/www.laguiadepamplona.com\/actualidad\/wp-json\/wp\/v2\/categories?post=51152"},{"taxonomy":"post_tag","embeddable":true,"href":"https:\/\/www.laguiadepamplona.com\/actualidad\/wp-json\/wp\/v2\/tags?post=51152"}],"curies":[{"name":"wp","href":"https:\/\/api.w.org\/{rel}","templated":true}]}}