{"id":51149,"date":"2024-10-28T14:47:38","date_gmt":"2024-10-28T12:47:38","guid":{"rendered":"https:\/\/www.laguiadepamplona.com\/actualidad\/?p=51149"},"modified":"2024-10-28T14:47:38","modified_gmt":"2024-10-28T12:47:38","slug":"pamplona-tendra-siete-nuevas-instalaciones-solares-fotovoltaicas-en-edificios-publicos-antes-de-que-acabe-el-ano-y-dos-mas-en-proyecto-para-2025","status":"publish","type":"post","link":"https:\/\/www.laguiadepamplona.com\/actualidad\/pamplona-tendra-siete-nuevas-instalaciones-solares-fotovoltaicas-en-edificios-publicos-antes-de-que-acabe-el-ano-y-dos-mas-en-proyecto-para-2025\/","title":{"rendered":"Pamplona tendr\u00e1 siete nuevas instalaciones solares fotovoltaicas en edificios p\u00fablicos antes de que acabe el a\u00f1o y dos m\u00e1s en proyecto para 2025"},"content":{"rendered":"<h2 class=\"x_2Subtitulo\">Las ISF en inmuebles o mobiliario p\u00fablico en 2025 llegar\u00e1n casi al medio centenar, con una potencia instalada total de 2.905,40 kW<\/h2>\n<p class=\"x_MsoNormal\"><!--more--><\/p>\n<p class=\"x_3Texto\">El Ayuntamiento de Pamplona ha ejecutado este a\u00f1o tres instalaciones fotovoltaicas de autoconsumo y tiene en proceso cuatro m\u00e1s, adem\u00e1s de contar con otras dos en fase de proyecto para poner en marcha en 2025, estas \u00faltimas en los colegios p\u00fablicos V\u00e1zquez de Mella e Iturrama. En total, el conjunto de las nueve instalaciones de 2024\/2025 tendr\u00e1\u00a0una potencia fotovoltaica total instalada de 1.065 kW\u00a0y las nuevas ISF se distribuir\u00e1n por distintas partes de la ciudad. Tienen ubicaciones en los barrios de Buztintxuri, Rochapea, San Jorge, San Juan, Mendillorri, Casco Antiguo-Ensanche, Iturrama, Landaben y el campus universitario.<\/p>\n<p class=\"x_3Texto\">Esta ma\u00f1ana los concejales delegados de Gobierno estrat\u00e9gico, Urbanismo, Vivienda y Agenda 2030 y de Ciudad Habitable y Sostenible, Joxe Abaurrea San Juan y Borja Izaguirre Larra\u00f1aga, respectivamente, han presentado en rueda de prensa un balance de las \u00faltimas aportaciones a una red municipal de instalaciones que casi llega al medio centenar. Desde el a\u00f1o 2001 y hasta 2023, el Ayuntamiento de Pamplona realiz\u00f3 hasta 39 instalaciones en edificios o en mobiliario urbano (como p\u00e9rgolas), aunque desde el inicio los colegios p\u00fablicos fueron el germen de esta iniciativa.<\/p>\n<p class=\"x_3Texto\">La solar fotovoltaica es un tipo de energ\u00eda renovable que aprovecha la radiaci\u00f3n del sol transform\u00e1ndola directamente en energ\u00eda el\u00e9ctrica mediante unas c\u00e9lulas compuestas por un material semiconductor, normalmente silicio. Las instalaciones municipales vierten la energ\u00eda el\u00e9ctrica producida a la red para que sea consumida posteriormente. La energ\u00eda solar fotovoltaica se diferencia de la solar t\u00e9rmica en que la primera transforma la irradiaci\u00f3n solar en electricidad y la segunda aprovecha la energ\u00eda para calentar agua destinada a calefacci\u00f3n o agua caliente sanitaria.<\/p>\n<p class=\"x_3Texto\">La puesta en marcha de este tipo de instalaciones se enmarca en la Estrategia de Transici\u00f3n Energ\u00e9tica y Cambio Clim\u00e1tico 2030 de la ciudad, ya que contribuyen, desde el propio sector p\u00fablico, a la sostenibilidad y la lucha contra el cambio clim\u00e1tico mediante la obtenci\u00f3n de energ\u00eda\u00a0limpia. La potencia\u00a0fotovoltaica de 1.065 kW\u00a0de energ\u00eda limpia evitar\u00e1 la emisi\u00f3n de 167.525 kilos de CO2 al a\u00f1o, lo que equivale al CO2 absorbido por 18.614 \u00e1rboles en un a\u00f1o.\u00a0Adem\u00e1s, estas instalaciones ayudan a uso eficiente de los recursos ya que suponen un ahorro en la factura energ\u00e9tica municipal. Las instalaciones tienen, adem\u00e1s, un componente de sensibilizaci\u00f3n ciudadana, tanto de la poblaci\u00f3n escolar mediante aplicaciones pedag\u00f3gicas, como de la ciudadan\u00eda en general mediante actividades informativas y visitas.<\/p>\n<p class=\"x_4Ladillo\"><strong>En proceso tres colegios p\u00fablicos y un centro de formaci\u00f3n<\/strong><\/p>\n<p class=\"x_3Texto\">En estos momentos en Pamplona est\u00e1n en ejecuci\u00f3n cuatro nuevas instalaciones fotovoltaicas, que se levantar\u00e1n en las cubiertas de los colegios p\u00fablicos San Jorge y Patxi Larrainzar (Rochapea), as\u00ed como en la del CP Elorri, adem\u00e1s de en el Centro de Formaci\u00f3n Landaben, un edificio que aloja el espacio de aprendizaje y los talleres de algunas de las escuelas-taller municipales. En total, entre las cuatro plantas fotovoltaicas se prev\u00e9 lograr una potencia\u00a0fotovoltaica instalada de\u00a0400 kW. La instalaci\u00f3n fotovoltaica del CP Elorri est\u00e1 finalizada y pendiente del proceso de \u201clegalizaci\u00f3n\u201d de la instalaci\u00f3n con Iberdrola; en el resto de instalaciones la fecha prevista de finalizaci\u00f3n de los trabajos es el mes de diciembre.<\/p>\n<p class=\"x_3Texto\">La instalaci\u00f3n en el CP Elorri es diferente al resto porque es un proyecto financiado y ejecutado por la Comunidad Energetica de Kemendi de Mendillorri que puso realizar la ISF gracias a una cesi\u00f3n del Consistorio.<\/p>\n<p class=\"x_3Texto\">Todas ellas cuentan con ayudas del Plan de Recuperaci\u00f3n, Transformaci\u00f3n y Resiliencia financiado por la Uni\u00f3n Europea-Next Generation EU, siempre en funci\u00f3n del tama\u00f1o de la instalaci\u00f3n, de forma que la planta que se ubicar\u00e1 en la cubierta del Centro de Formaci\u00f3n Landaben, se espera una subvenci\u00f3n de 90.720 euros; la subvenci\u00f3n esperada para la instalaci\u00f3n del CPEIP San Jorge asciende a 87.480 euros; la del CPEIP Patxi Larrainzar ser\u00e1 de 90.720 euros. Las instalaciones de estos dos colegios ser\u00e1n complementarias a las instalaciones de la \u2018Red de colegios fotovoltaicos\u2019, ya que ambos colegios dispon\u00edan de dos instalaciones de venta de energ\u00eda realizadas en los a\u00f1os 2003 y 2008.<\/p>\n<p class=\"x_4Ladillo\"><strong>Ya terminadas otras tres en 2024 con 498 kW de potencia<\/strong><\/p>\n<p class=\"x_3Texto\">Las otras tres ISF ejecutadas en 2024 est\u00e1n en tr\u00e1mites con Iberdrola para legalizar la instalaci\u00f3n, un proceso que dura aproximadamente 4 meses. Son las de la escuela Infantil Donibane, el Centro de Atenci\u00f3n a Animales (CAA) y el Polideportivo Buztintxuri.<\/p>\n<p class=\"x_3Texto\">Este \u00faltimo edificio aporta a la red 400 kW que supone la mayor parte de los 465 kW del total de este bloque de instalaciones. El polideportivo alberga en su cubierta la mayor instalaci\u00f3n fotovoltaica ubicada en un edificio de Pamplona, con 912 m\u00f3dulos fotovoltaicos y es ejemplo de c\u00f3mo el posible excedente de energ\u00eda generada por una instalaci\u00f3n de gran volumen puede servir de generador de energ\u00eda limpia para otras dotaciones como la escuela infantil del barrio y los colegios cercanos. Hay que destacar, desde el punto de vista comparativo, que las dos primeras ISF del a\u00f1o 2001 (CP San Juan de la Cadena y CP Mendillorri) ten\u00edan una potencia de 1,5 kW cada una de ella. No fue hasta el a\u00f1o 2020 cuando se empezaron a instalar en Pamplona ISF de 100 kW.<\/p>\n<p class=\"x_3Texto\">El pasado a\u00f1o se realizaron tres ISF en espacios p\u00fablicos: las del CP Paderborn-Lezkairu, las de CP Cardenal Ilund\u00e1in y la del Polideportivo Arrosad\u00eda, con un total de 1.105 kW de potencia. Esta ma\u00f1ana la Junta de Gobierno Local ha aprobado una modificaci\u00f3n en la instalaci\u00f3n fotovoltaica de autoconsumo en el Polideportivo Arrosadia realizado en 2023 por la empresa AEMPA. Entre otras cuestiones se ha incluido en el expediente de obras con financiaci\u00f3n prevista a trav\u00e9s del marco del Plan de Recuperaci\u00f3n, Transformaci\u00f3n y Resiliencia financiado por la Uni\u00f3n Europea-Next Generation EU.<\/p>\n<p class=\"x_4Ladillo\"><strong>En noviembre de 2025, dos colegios m\u00e1s<\/strong><\/p>\n<p class=\"x_3Texto\">Este pr\u00f3ximo a\u00f1o por el momento hay previstas dos instalaciones nuevas: las de los colegios p\u00fablicos V\u00e1zquez de Mella (Casco Antiguo-Ensanche) e Iturrama, en el barrio del mismo nombre. En estos momentos el proyecto est\u00e1 en fase de redacci\u00f3n para poder realizar la licitaci\u00f3n de las obras, que se ejecutar\u00e1n durante el a\u00f1o que viene.<\/p>\n<p class=\"x_3Texto\">En el CPEIP V\u00e1zquez de Mella se ha proyectado una instalaci\u00f3n con una potencia de 75kW y un presupuesto de 109.000 euros; mientras que la instalaci\u00f3n del CPEIP Iturrama tendr\u00e1 una potencia de 100kW y un coste aproximado de 110.000 euros. Para estas dos instalaciones est\u00e1 previsto recibir una subvenci\u00f3n de Gobierno de Navarra de 200.000 euros.<\/p>\n<div>\n<h3 class=\"x_5TituloApoyodedatos\">ISF municipales en 2024\/2025<\/h3>\n<\/div>\n<p class=\"x_6Textoapoyodatos\" aria-hidden=\"true\">\n<table class=\"x_MsoNormalTable\" border=\"1\" cellspacing=\"0\" cellpadding=\"0\">\n<tbody>\n<tr>\n<td valign=\"top\" nowrap=\"nowrap\" width=\"193\">\n<p class=\"x_6Textoapoyodatos\"><b>Centro<\/b><\/p>\n<\/td>\n<td valign=\"top\" nowrap=\"nowrap\" width=\"83\">\n<p class=\"x_6Textoapoyodatos\"><b>A\u00f1o<\/b><\/p>\n<\/td>\n<td valign=\"top\" nowrap=\"nowrap\" width=\"114\">\n<p class=\"x_6Textoapoyodatos\"><b>Potencia<\/b><\/p>\n<\/td>\n<td valign=\"top\" nowrap=\"nowrap\" width=\"126\">\n<p class=\"x_6Textoapoyodatos\"><b>Estado<\/b><\/p>\n<\/td>\n<\/tr>\n<tr>\n<td valign=\"top\" nowrap=\"nowrap\" width=\"193\">\n<p class=\"x_6Textoapoyodatos\">Polideportivo Buztintxuri<\/p>\n<\/td>\n<td valign=\"top\" nowrap=\"nowrap\" width=\"83\">\n<p class=\"x_6Textoapoyodatos\">2024<\/p>\n<\/td>\n<td valign=\"top\" nowrap=\"nowrap\" width=\"114\">\n<p class=\"x_6Textoapoyodatos\">400 kW<\/p>\n<\/td>\n<td valign=\"top\" nowrap=\"nowrap\" width=\"126\">\n<p class=\"x_6Textoapoyodatos\">Ejecutada<\/p>\n<\/td>\n<\/tr>\n<tr>\n<td valign=\"top\" nowrap=\"nowrap\" width=\"193\">\n<p class=\"x_6Textoapoyodatos\" align=\"left\">Centro Formaci\u00f3n Landaben<\/p>\n<\/td>\n<td valign=\"top\" nowrap=\"nowrap\" width=\"83\">\n<p class=\"x_6Textoapoyodatos\">2024<\/p>\n<\/td>\n<td valign=\"top\" nowrap=\"nowrap\" width=\"114\">\n<p class=\"x_6Textoapoyodatos\">100 kW<\/p>\n<\/td>\n<td valign=\"top\" nowrap=\"nowrap\" width=\"126\">\n<p class=\"x_6Textoapoyodatos\">En ejecuci\u00f3n<\/p>\n<\/td>\n<\/tr>\n<tr>\n<td valign=\"top\" nowrap=\"nowrap\" width=\"193\">\n<p class=\"x_6Textoapoyodatos\">Centro de Atenci\u00f3n a Animales (CAA)<\/p>\n<\/td>\n<td valign=\"top\" nowrap=\"nowrap\" width=\"83\">\n<p class=\"x_6Textoapoyodatos\">2024<\/p>\n<\/td>\n<td valign=\"top\" nowrap=\"nowrap\" width=\"114\">\n<p class=\"x_6Textoapoyodatos\">35 kW<\/p>\n<\/td>\n<td valign=\"top\" nowrap=\"nowrap\" width=\"126\">\n<p class=\"x_6Textoapoyodatos\">Ejecutada<\/p>\n<\/td>\n<\/tr>\n<tr>\n<td valign=\"top\" nowrap=\"nowrap\" width=\"193\">\n<p class=\"x_6Textoapoyodatos\">EI Donibane<\/p>\n<\/td>\n<td valign=\"top\" nowrap=\"nowrap\" width=\"83\">\n<p class=\"x_6Textoapoyodatos\">2024<\/p>\n<\/td>\n<td valign=\"top\" nowrap=\"nowrap\" width=\"114\">\n<p class=\"x_6Textoapoyodatos\">33 kW<\/p>\n<\/td>\n<td valign=\"top\" nowrap=\"nowrap\" width=\"126\">\n<p class=\"x_6Textoapoyodatos\">Ejecutada<\/p>\n<\/td>\n<\/tr>\n<tr>\n<td valign=\"top\" nowrap=\"nowrap\" width=\"193\">\n<p class=\"x_6Textoapoyodatos\">CP Patxi Larrainzar<\/p>\n<\/td>\n<td valign=\"top\" nowrap=\"nowrap\" width=\"83\">\n<p class=\"x_6Textoapoyodatos\">2024<\/p>\n<\/td>\n<td valign=\"top\" nowrap=\"nowrap\" width=\"114\">\n<p class=\"x_6Textoapoyodatos\">100 kW<\/p>\n<\/td>\n<td valign=\"top\" nowrap=\"nowrap\" width=\"126\">\n<p class=\"x_6Textoapoyodatos\">En ejecuci\u00f3n<\/p>\n<\/td>\n<\/tr>\n<tr>\n<td valign=\"top\" nowrap=\"nowrap\" width=\"193\">\n<p class=\"x_6Textoapoyodatos\">CP San Jorge<\/p>\n<\/td>\n<td valign=\"top\" nowrap=\"nowrap\" width=\"83\">\n<p class=\"x_6Textoapoyodatos\">2024<\/p>\n<\/td>\n<td valign=\"top\" nowrap=\"nowrap\" width=\"114\">\n<p class=\"x_6Textoapoyodatos\">100 kW<\/p>\n<\/td>\n<td valign=\"top\" nowrap=\"nowrap\" width=\"126\">\n<p class=\"x_6Textoapoyodatos\">En ejecuci\u00f3n<\/p>\n<\/td>\n<\/tr>\n<tr>\n<td valign=\"top\" nowrap=\"nowrap\" width=\"193\">\n<p class=\"x_6Textoapoyodatos\">CP Elorri<\/p>\n<\/td>\n<td valign=\"top\" nowrap=\"nowrap\" width=\"83\">\n<p class=\"x_6Textoapoyodatos\">2024<\/p>\n<\/td>\n<td valign=\"top\" nowrap=\"nowrap\" width=\"114\">\n<p class=\"x_6Textoapoyodatos\">100 kW<\/p>\n<\/td>\n<td valign=\"top\" nowrap=\"nowrap\" width=\"126\">\n<p class=\"x_6Textoapoyodatos\">En ejecuci\u00f3n<\/p>\n<\/td>\n<\/tr>\n<tr>\n<td valign=\"top\" nowrap=\"nowrap\" width=\"193\">\n<p class=\"x_6Textoapoyodatos\">CP V\u00e1zquez de Mella<\/p>\n<\/td>\n<td valign=\"top\" nowrap=\"nowrap\" width=\"83\">\n<p class=\"x_6Textoapoyodatos\">2025<\/p>\n<\/td>\n<td valign=\"top\" nowrap=\"nowrap\" width=\"114\">\n<p class=\"x_6Textoapoyodatos\">100 kW<\/p>\n<\/td>\n<td valign=\"top\" nowrap=\"nowrap\" width=\"126\">\n<p class=\"x_6Textoapoyodatos\">Proyecto (2025)<\/p>\n<\/td>\n<\/tr>\n<tr>\n<td valign=\"top\" nowrap=\"nowrap\" width=\"193\">\n<p class=\"x_6Textoapoyodatos\">CP Iturrama<\/p>\n<\/td>\n<td valign=\"top\" nowrap=\"nowrap\" width=\"83\">\n<p class=\"x_6Textoapoyodatos\">2025<\/p>\n<\/td>\n<td valign=\"top\" nowrap=\"nowrap\" width=\"114\">\n<p class=\"x_6Textoapoyodatos\">100 kW<\/p>\n<\/td>\n<td valign=\"top\" nowrap=\"nowrap\" width=\"126\">\n<p class=\"x_6Textoapoyodatos\">Proyecto (2025)<\/p>\n<\/td>\n<\/tr>\n<\/tbody>\n<\/table>\n<p class=\"x_6Textoapoyodatos\" aria-hidden=\"true\">\n","protected":false},"excerpt":{"rendered":"<p>Las ISF en inmuebles o mobiliario p\u00fablico en 2025 llegar\u00e1n casi al medio centenar, con una potencia instalada total de 2.905,40 kW<\/p>\n","protected":false},"author":1,"featured_media":51150,"comment_status":"open","ping_status":"closed","sticky":false,"template":"","format":"standard","meta":{"footnotes":""},"categories":[2],"tags":[],"class_list":["post-51149","post","type-post","status-publish","format-standard","has-post-thumbnail","hentry","category-ayuntamiento-pamplona"],"yoast_head":"<!-- This site is optimized with the Yoast SEO plugin v27.3 - https:\/\/yoast.com\/product\/yoast-seo-wordpress\/ -->\n<title>Pamplona tendr\u00e1 siete nuevas instalaciones solares fotovoltaicas en edificios p\u00fablicos antes de que acabe el a\u00f1o y dos m\u00e1s en proyecto para 2025<\/title>\n<meta name=\"description\" content=\"Las ISF en inmuebles o mobiliario p\u00fablico en 2025 llegar\u00e1n casi al medio centenar, con una potencia instalada total de 2.905,40 kW\" \/>\n<meta name=\"robots\" content=\"index, follow, max-snippet:-1, max-image-preview:large, max-video-preview:-1\" \/>\n<link rel=\"canonical\" href=\"https:\/\/www.laguiadepamplona.com\/actualidad\/pamplona-tendra-siete-nuevas-instalaciones-solares-fotovoltaicas-en-edificios-publicos-antes-de-que-acabe-el-ano-y-dos-mas-en-proyecto-para-2025\/\" \/>\n<meta property=\"og:locale\" content=\"es_ES\" \/>\n<meta property=\"og:type\" content=\"article\" \/>\n<meta property=\"og:title\" content=\"Pamplona tendr\u00e1 siete nuevas instalaciones solares fotovoltaicas en edificios p\u00fablicos antes de que acabe el a\u00f1o y dos m\u00e1s en proyecto para 2025\" \/>\n<meta property=\"og:description\" content=\"Las ISF en inmuebles o mobiliario p\u00fablico en 2025 llegar\u00e1n casi al medio centenar, con una potencia instalada total de 2.905,40 kW\" \/>\n<meta property=\"og:url\" content=\"https:\/\/www.laguiadepamplona.com\/actualidad\/pamplona-tendra-siete-nuevas-instalaciones-solares-fotovoltaicas-en-edificios-publicos-antes-de-que-acabe-el-ano-y-dos-mas-en-proyecto-para-2025\/\" \/>\n<meta property=\"og:site_name\" content=\"La Gu\u00eda de Pamplona\" \/>\n<meta property=\"article:publisher\" content=\"https:\/\/www.facebook.com\/laguiadepamplonacom-133175176762273\/?ref=hl\" \/>\n<meta property=\"article:published_time\" content=\"2024-10-28T12:47:38+00:00\" \/>\n<meta property=\"og:image\" content=\"https:\/\/www.laguiadepamplona.com\/actualidad\/wp-content\/uploads\/2024\/10\/cubierta-fotovoltaica_web.webp\" \/>\n\t<meta property=\"og:image:width\" content=\"1000\" \/>\n\t<meta property=\"og:image:height\" content=\"667\" \/>\n\t<meta property=\"og:image:type\" content=\"image\/webp\" \/>\n<meta name=\"author\" content=\"La Gu\u00eda de Pamplona\" \/>\n<meta name=\"twitter:card\" content=\"summary_large_image\" \/>\n<meta name=\"twitter:creator\" content=\"@LaGuiadPamplona\" \/>\n<meta name=\"twitter:site\" content=\"@LaGuiadPamplona\" \/>\n<meta name=\"twitter:label1\" content=\"Escrito por\" \/>\n\t<meta name=\"twitter:data1\" content=\"La Gu\u00eda de Pamplona\" \/>\n\t<meta name=\"twitter:label2\" content=\"Tiempo de lectura\" \/>\n\t<meta name=\"twitter:data2\" content=\"6 minutos\" \/>\n<script type=\"application\/ld+json\" class=\"yoast-schema-graph\">{\"@context\":\"https:\\\/\\\/schema.org\",\"@graph\":[{\"@type\":\"Article\",\"@id\":\"https:\\\/\\\/www.laguiadepamplona.com\\\/actualidad\\\/pamplona-tendra-siete-nuevas-instalaciones-solares-fotovoltaicas-en-edificios-publicos-antes-de-que-acabe-el-ano-y-dos-mas-en-proyecto-para-2025\\\/#article\",\"isPartOf\":{\"@id\":\"https:\\\/\\\/www.laguiadepamplona.com\\\/actualidad\\\/pamplona-tendra-siete-nuevas-instalaciones-solares-fotovoltaicas-en-edificios-publicos-antes-de-que-acabe-el-ano-y-dos-mas-en-proyecto-para-2025\\\/\"},\"author\":{\"name\":\"La Gu\u00eda de Pamplona\",\"@id\":\"https:\\\/\\\/www.laguiadepamplona.com\\\/actualidad\\\/#\\\/schema\\\/person\\\/efe887376f0213d4657c93adc50b1fdb\"},\"headline\":\"Pamplona tendr\u00e1 siete nuevas instalaciones solares fotovoltaicas en edificios p\u00fablicos antes de que acabe el a\u00f1o y dos m\u00e1s en proyecto para 2025\",\"datePublished\":\"2024-10-28T12:47:38+00:00\",\"mainEntityOfPage\":{\"@id\":\"https:\\\/\\\/www.laguiadepamplona.com\\\/actualidad\\\/pamplona-tendra-siete-nuevas-instalaciones-solares-fotovoltaicas-en-edificios-publicos-antes-de-que-acabe-el-ano-y-dos-mas-en-proyecto-para-2025\\\/\"},\"wordCount\":1248,\"commentCount\":0,\"publisher\":{\"@id\":\"https:\\\/\\\/www.laguiadepamplona.com\\\/actualidad\\\/#organization\"},\"image\":{\"@id\":\"https:\\\/\\\/www.laguiadepamplona.com\\\/actualidad\\\/pamplona-tendra-siete-nuevas-instalaciones-solares-fotovoltaicas-en-edificios-publicos-antes-de-que-acabe-el-ano-y-dos-mas-en-proyecto-para-2025\\\/#primaryimage\"},\"thumbnailUrl\":\"https:\\\/\\\/www.laguiadepamplona.com\\\/actualidad\\\/wp-content\\\/uploads\\\/2024\\\/10\\\/cubierta-fotovoltaica_web.webp\",\"articleSection\":[\"Ayto Pamplona\"],\"inLanguage\":\"es\",\"potentialAction\":[{\"@type\":\"CommentAction\",\"name\":\"Comment\",\"target\":[\"https:\\\/\\\/www.laguiadepamplona.com\\\/actualidad\\\/pamplona-tendra-siete-nuevas-instalaciones-solares-fotovoltaicas-en-edificios-publicos-antes-de-que-acabe-el-ano-y-dos-mas-en-proyecto-para-2025\\\/#respond\"]}]},{\"@type\":\"WebPage\",\"@id\":\"https:\\\/\\\/www.laguiadepamplona.com\\\/actualidad\\\/pamplona-tendra-siete-nuevas-instalaciones-solares-fotovoltaicas-en-edificios-publicos-antes-de-que-acabe-el-ano-y-dos-mas-en-proyecto-para-2025\\\/\",\"url\":\"https:\\\/\\\/www.laguiadepamplona.com\\\/actualidad\\\/pamplona-tendra-siete-nuevas-instalaciones-solares-fotovoltaicas-en-edificios-publicos-antes-de-que-acabe-el-ano-y-dos-mas-en-proyecto-para-2025\\\/\",\"name\":\"Pamplona tendr\u00e1 siete nuevas instalaciones solares fotovoltaicas en edificios p\u00fablicos antes de que acabe el a\u00f1o y dos m\u00e1s en proyecto para 2025\",\"isPartOf\":{\"@id\":\"https:\\\/\\\/www.laguiadepamplona.com\\\/actualidad\\\/#website\"},\"primaryImageOfPage\":{\"@id\":\"https:\\\/\\\/www.laguiadepamplona.com\\\/actualidad\\\/pamplona-tendra-siete-nuevas-instalaciones-solares-fotovoltaicas-en-edificios-publicos-antes-de-que-acabe-el-ano-y-dos-mas-en-proyecto-para-2025\\\/#primaryimage\"},\"image\":{\"@id\":\"https:\\\/\\\/www.laguiadepamplona.com\\\/actualidad\\\/pamplona-tendra-siete-nuevas-instalaciones-solares-fotovoltaicas-en-edificios-publicos-antes-de-que-acabe-el-ano-y-dos-mas-en-proyecto-para-2025\\\/#primaryimage\"},\"thumbnailUrl\":\"https:\\\/\\\/www.laguiadepamplona.com\\\/actualidad\\\/wp-content\\\/uploads\\\/2024\\\/10\\\/cubierta-fotovoltaica_web.webp\",\"datePublished\":\"2024-10-28T12:47:38+00:00\",\"description\":\"Las ISF en inmuebles o mobiliario p\u00fablico en 2025 llegar\u00e1n casi al medio centenar, con una potencia instalada total de 2.905,40 kW\",\"breadcrumb\":{\"@id\":\"https:\\\/\\\/www.laguiadepamplona.com\\\/actualidad\\\/pamplona-tendra-siete-nuevas-instalaciones-solares-fotovoltaicas-en-edificios-publicos-antes-de-que-acabe-el-ano-y-dos-mas-en-proyecto-para-2025\\\/#breadcrumb\"},\"inLanguage\":\"es\",\"potentialAction\":[{\"@type\":\"ReadAction\",\"target\":[\"https:\\\/\\\/www.laguiadepamplona.com\\\/actualidad\\\/pamplona-tendra-siete-nuevas-instalaciones-solares-fotovoltaicas-en-edificios-publicos-antes-de-que-acabe-el-ano-y-dos-mas-en-proyecto-para-2025\\\/\"]}]},{\"@type\":\"ImageObject\",\"inLanguage\":\"es\",\"@id\":\"https:\\\/\\\/www.laguiadepamplona.com\\\/actualidad\\\/pamplona-tendra-siete-nuevas-instalaciones-solares-fotovoltaicas-en-edificios-publicos-antes-de-que-acabe-el-ano-y-dos-mas-en-proyecto-para-2025\\\/#primaryimage\",\"url\":\"https:\\\/\\\/www.laguiadepamplona.com\\\/actualidad\\\/wp-content\\\/uploads\\\/2024\\\/10\\\/cubierta-fotovoltaica_web.webp\",\"contentUrl\":\"https:\\\/\\\/www.laguiadepamplona.com\\\/actualidad\\\/wp-content\\\/uploads\\\/2024\\\/10\\\/cubierta-fotovoltaica_web.webp\",\"width\":1000,\"height\":667,\"caption\":\"cubierta fotovoltaicas\"},{\"@type\":\"BreadcrumbList\",\"@id\":\"https:\\\/\\\/www.laguiadepamplona.com\\\/actualidad\\\/pamplona-tendra-siete-nuevas-instalaciones-solares-fotovoltaicas-en-edificios-publicos-antes-de-que-acabe-el-ano-y-dos-mas-en-proyecto-para-2025\\\/#breadcrumb\",\"itemListElement\":[{\"@type\":\"ListItem\",\"position\":1,\"name\":\"Portada\",\"item\":\"https:\\\/\\\/www.laguiadepamplona.com\\\/actualidad\\\/\"},{\"@type\":\"ListItem\",\"position\":2,\"name\":\"Pamplona tendr\u00e1 siete nuevas instalaciones solares fotovoltaicas en edificios p\u00fablicos antes de que acabe el a\u00f1o y dos m\u00e1s en proyecto para 2025\"}]},{\"@type\":\"WebSite\",\"@id\":\"https:\\\/\\\/www.laguiadepamplona.com\\\/actualidad\\\/#website\",\"url\":\"https:\\\/\\\/www.laguiadepamplona.com\\\/actualidad\\\/\",\"name\":\"La gu\u00eda de Pamplona\",\"description\":\"Noticias de Pamplona\",\"publisher\":{\"@id\":\"https:\\\/\\\/www.laguiadepamplona.com\\\/actualidad\\\/#organization\"},\"potentialAction\":[{\"@type\":\"SearchAction\",\"target\":{\"@type\":\"EntryPoint\",\"urlTemplate\":\"https:\\\/\\\/www.laguiadepamplona.com\\\/actualidad\\\/?s={search_term_string}\"},\"query-input\":{\"@type\":\"PropertyValueSpecification\",\"valueRequired\":true,\"valueName\":\"search_term_string\"}}],\"inLanguage\":\"es\"},{\"@type\":\"Organization\",\"@id\":\"https:\\\/\\\/www.laguiadepamplona.com\\\/actualidad\\\/#organization\",\"name\":\"La Gu\u00eda de Pamplona \\\/ Noticias\",\"url\":\"https:\\\/\\\/www.laguiadepamplona.com\\\/actualidad\\\/\",\"logo\":{\"@type\":\"ImageObject\",\"inLanguage\":\"es\",\"@id\":\"https:\\\/\\\/www.laguiadepamplona.com\\\/actualidad\\\/#\\\/schema\\\/logo\\\/image\\\/\",\"url\":\"https:\\\/\\\/www.laguiadepamplona.com\\\/actualidad\\\/wp-content\\\/uploads\\\/2018\\\/11\\\/logo-laguiadepamplona18-web1.png\",\"contentUrl\":\"https:\\\/\\\/www.laguiadepamplona.com\\\/actualidad\\\/wp-content\\\/uploads\\\/2018\\\/11\\\/logo-laguiadepamplona18-web1.png\",\"width\":600,\"height\":196,\"caption\":\"La Gu\u00eda de Pamplona \\\/ Noticias\"},\"image\":{\"@id\":\"https:\\\/\\\/www.laguiadepamplona.com\\\/actualidad\\\/#\\\/schema\\\/logo\\\/image\\\/\"},\"sameAs\":[\"https:\\\/\\\/www.facebook.com\\\/laguiadepamplonacom-133175176762273\\\/?ref=hl\",\"https:\\\/\\\/x.com\\\/LaGuiadPamplona\",\"https:\\\/\\\/www.instagram.com\\\/la_guia_de_pamplona\\\/\",\"https:\\\/\\\/www.youtube.com\\\/user\\\/laguiadepamplona\"]},{\"@type\":\"Person\",\"@id\":\"https:\\\/\\\/www.laguiadepamplona.com\\\/actualidad\\\/#\\\/schema\\\/person\\\/efe887376f0213d4657c93adc50b1fdb\",\"name\":\"La Gu\u00eda de Pamplona\",\"image\":{\"@type\":\"ImageObject\",\"inLanguage\":\"es\",\"@id\":\"https:\\\/\\\/secure.gravatar.com\\\/avatar\\\/b6992f131dc8d30ab0dff15446e9d346d9dbd95992de0fef795073f5ea83a81c?s=96&d=mm&r=g\",\"url\":\"https:\\\/\\\/secure.gravatar.com\\\/avatar\\\/b6992f131dc8d30ab0dff15446e9d346d9dbd95992de0fef795073f5ea83a81c?s=96&d=mm&r=g\",\"contentUrl\":\"https:\\\/\\\/secure.gravatar.com\\\/avatar\\\/b6992f131dc8d30ab0dff15446e9d346d9dbd95992de0fef795073f5ea83a81c?s=96&d=mm&r=g\",\"caption\":\"La Gu\u00eda de Pamplona\"}}]}<\/script>\n<!-- \/ Yoast SEO plugin. -->","yoast_head_json":{"title":"Pamplona tendr\u00e1 siete nuevas instalaciones solares fotovoltaicas en edificios p\u00fablicos antes de que acabe el a\u00f1o y dos m\u00e1s en proyecto para 2025","description":"Las ISF en inmuebles o mobiliario p\u00fablico en 2025 llegar\u00e1n casi al medio centenar, con una potencia instalada total de 2.905,40 kW","robots":{"index":"index","follow":"follow","max-snippet":"max-snippet:-1","max-image-preview":"max-image-preview:large","max-video-preview":"max-video-preview:-1"},"canonical":"https:\/\/www.laguiadepamplona.com\/actualidad\/pamplona-tendra-siete-nuevas-instalaciones-solares-fotovoltaicas-en-edificios-publicos-antes-de-que-acabe-el-ano-y-dos-mas-en-proyecto-para-2025\/","og_locale":"es_ES","og_type":"article","og_title":"Pamplona tendr\u00e1 siete nuevas instalaciones solares fotovoltaicas en edificios p\u00fablicos antes de que acabe el a\u00f1o y dos m\u00e1s en proyecto para 2025","og_description":"Las ISF en inmuebles o mobiliario p\u00fablico en 2025 llegar\u00e1n casi al medio centenar, con una potencia instalada total de 2.905,40 kW","og_url":"https:\/\/www.laguiadepamplona.com\/actualidad\/pamplona-tendra-siete-nuevas-instalaciones-solares-fotovoltaicas-en-edificios-publicos-antes-de-que-acabe-el-ano-y-dos-mas-en-proyecto-para-2025\/","og_site_name":"La Gu\u00eda de Pamplona","article_publisher":"https:\/\/www.facebook.com\/laguiadepamplonacom-133175176762273\/?ref=hl","article_published_time":"2024-10-28T12:47:38+00:00","og_image":[{"width":1000,"height":667,"url":"https:\/\/www.laguiadepamplona.com\/actualidad\/wp-content\/uploads\/2024\/10\/cubierta-fotovoltaica_web.webp","type":"image\/webp"}],"author":"La Gu\u00eda de Pamplona","twitter_card":"summary_large_image","twitter_creator":"@LaGuiadPamplona","twitter_site":"@LaGuiadPamplona","twitter_misc":{"Escrito por":"La Gu\u00eda de Pamplona","Tiempo de lectura":"6 minutos"},"schema":{"@context":"https:\/\/schema.org","@graph":[{"@type":"Article","@id":"https:\/\/www.laguiadepamplona.com\/actualidad\/pamplona-tendra-siete-nuevas-instalaciones-solares-fotovoltaicas-en-edificios-publicos-antes-de-que-acabe-el-ano-y-dos-mas-en-proyecto-para-2025\/#article","isPartOf":{"@id":"https:\/\/www.laguiadepamplona.com\/actualidad\/pamplona-tendra-siete-nuevas-instalaciones-solares-fotovoltaicas-en-edificios-publicos-antes-de-que-acabe-el-ano-y-dos-mas-en-proyecto-para-2025\/"},"author":{"name":"La Gu\u00eda de Pamplona","@id":"https:\/\/www.laguiadepamplona.com\/actualidad\/#\/schema\/person\/efe887376f0213d4657c93adc50b1fdb"},"headline":"Pamplona tendr\u00e1 siete nuevas instalaciones solares fotovoltaicas en edificios p\u00fablicos antes de que acabe el a\u00f1o y dos m\u00e1s en proyecto para 2025","datePublished":"2024-10-28T12:47:38+00:00","mainEntityOfPage":{"@id":"https:\/\/www.laguiadepamplona.com\/actualidad\/pamplona-tendra-siete-nuevas-instalaciones-solares-fotovoltaicas-en-edificios-publicos-antes-de-que-acabe-el-ano-y-dos-mas-en-proyecto-para-2025\/"},"wordCount":1248,"commentCount":0,"publisher":{"@id":"https:\/\/www.laguiadepamplona.com\/actualidad\/#organization"},"image":{"@id":"https:\/\/www.laguiadepamplona.com\/actualidad\/pamplona-tendra-siete-nuevas-instalaciones-solares-fotovoltaicas-en-edificios-publicos-antes-de-que-acabe-el-ano-y-dos-mas-en-proyecto-para-2025\/#primaryimage"},"thumbnailUrl":"https:\/\/www.laguiadepamplona.com\/actualidad\/wp-content\/uploads\/2024\/10\/cubierta-fotovoltaica_web.webp","articleSection":["Ayto Pamplona"],"inLanguage":"es","potentialAction":[{"@type":"CommentAction","name":"Comment","target":["https:\/\/www.laguiadepamplona.com\/actualidad\/pamplona-tendra-siete-nuevas-instalaciones-solares-fotovoltaicas-en-edificios-publicos-antes-de-que-acabe-el-ano-y-dos-mas-en-proyecto-para-2025\/#respond"]}]},{"@type":"WebPage","@id":"https:\/\/www.laguiadepamplona.com\/actualidad\/pamplona-tendra-siete-nuevas-instalaciones-solares-fotovoltaicas-en-edificios-publicos-antes-de-que-acabe-el-ano-y-dos-mas-en-proyecto-para-2025\/","url":"https:\/\/www.laguiadepamplona.com\/actualidad\/pamplona-tendra-siete-nuevas-instalaciones-solares-fotovoltaicas-en-edificios-publicos-antes-de-que-acabe-el-ano-y-dos-mas-en-proyecto-para-2025\/","name":"Pamplona tendr\u00e1 siete nuevas instalaciones solares fotovoltaicas en edificios p\u00fablicos antes de que acabe el a\u00f1o y dos m\u00e1s en proyecto para 2025","isPartOf":{"@id":"https:\/\/www.laguiadepamplona.com\/actualidad\/#website"},"primaryImageOfPage":{"@id":"https:\/\/www.laguiadepamplona.com\/actualidad\/pamplona-tendra-siete-nuevas-instalaciones-solares-fotovoltaicas-en-edificios-publicos-antes-de-que-acabe-el-ano-y-dos-mas-en-proyecto-para-2025\/#primaryimage"},"image":{"@id":"https:\/\/www.laguiadepamplona.com\/actualidad\/pamplona-tendra-siete-nuevas-instalaciones-solares-fotovoltaicas-en-edificios-publicos-antes-de-que-acabe-el-ano-y-dos-mas-en-proyecto-para-2025\/#primaryimage"},"thumbnailUrl":"https:\/\/www.laguiadepamplona.com\/actualidad\/wp-content\/uploads\/2024\/10\/cubierta-fotovoltaica_web.webp","datePublished":"2024-10-28T12:47:38+00:00","description":"Las ISF en inmuebles o mobiliario p\u00fablico en 2025 llegar\u00e1n casi al medio centenar, con una potencia instalada total de 2.905,40 kW","breadcrumb":{"@id":"https:\/\/www.laguiadepamplona.com\/actualidad\/pamplona-tendra-siete-nuevas-instalaciones-solares-fotovoltaicas-en-edificios-publicos-antes-de-que-acabe-el-ano-y-dos-mas-en-proyecto-para-2025\/#breadcrumb"},"inLanguage":"es","potentialAction":[{"@type":"ReadAction","target":["https:\/\/www.laguiadepamplona.com\/actualidad\/pamplona-tendra-siete-nuevas-instalaciones-solares-fotovoltaicas-en-edificios-publicos-antes-de-que-acabe-el-ano-y-dos-mas-en-proyecto-para-2025\/"]}]},{"@type":"ImageObject","inLanguage":"es","@id":"https:\/\/www.laguiadepamplona.com\/actualidad\/pamplona-tendra-siete-nuevas-instalaciones-solares-fotovoltaicas-en-edificios-publicos-antes-de-que-acabe-el-ano-y-dos-mas-en-proyecto-para-2025\/#primaryimage","url":"https:\/\/www.laguiadepamplona.com\/actualidad\/wp-content\/uploads\/2024\/10\/cubierta-fotovoltaica_web.webp","contentUrl":"https:\/\/www.laguiadepamplona.com\/actualidad\/wp-content\/uploads\/2024\/10\/cubierta-fotovoltaica_web.webp","width":1000,"height":667,"caption":"cubierta fotovoltaicas"},{"@type":"BreadcrumbList","@id":"https:\/\/www.laguiadepamplona.com\/actualidad\/pamplona-tendra-siete-nuevas-instalaciones-solares-fotovoltaicas-en-edificios-publicos-antes-de-que-acabe-el-ano-y-dos-mas-en-proyecto-para-2025\/#breadcrumb","itemListElement":[{"@type":"ListItem","position":1,"name":"Portada","item":"https:\/\/www.laguiadepamplona.com\/actualidad\/"},{"@type":"ListItem","position":2,"name":"Pamplona tendr\u00e1 siete nuevas instalaciones solares fotovoltaicas en edificios p\u00fablicos antes de que acabe el a\u00f1o y dos m\u00e1s en proyecto para 2025"}]},{"@type":"WebSite","@id":"https:\/\/www.laguiadepamplona.com\/actualidad\/#website","url":"https:\/\/www.laguiadepamplona.com\/actualidad\/","name":"La gu\u00eda de Pamplona","description":"Noticias de Pamplona","publisher":{"@id":"https:\/\/www.laguiadepamplona.com\/actualidad\/#organization"},"potentialAction":[{"@type":"SearchAction","target":{"@type":"EntryPoint","urlTemplate":"https:\/\/www.laguiadepamplona.com\/actualidad\/?s={search_term_string}"},"query-input":{"@type":"PropertyValueSpecification","valueRequired":true,"valueName":"search_term_string"}}],"inLanguage":"es"},{"@type":"Organization","@id":"https:\/\/www.laguiadepamplona.com\/actualidad\/#organization","name":"La Gu\u00eda de Pamplona \/ Noticias","url":"https:\/\/www.laguiadepamplona.com\/actualidad\/","logo":{"@type":"ImageObject","inLanguage":"es","@id":"https:\/\/www.laguiadepamplona.com\/actualidad\/#\/schema\/logo\/image\/","url":"https:\/\/www.laguiadepamplona.com\/actualidad\/wp-content\/uploads\/2018\/11\/logo-laguiadepamplona18-web1.png","contentUrl":"https:\/\/www.laguiadepamplona.com\/actualidad\/wp-content\/uploads\/2018\/11\/logo-laguiadepamplona18-web1.png","width":600,"height":196,"caption":"La Gu\u00eda de Pamplona \/ Noticias"},"image":{"@id":"https:\/\/www.laguiadepamplona.com\/actualidad\/#\/schema\/logo\/image\/"},"sameAs":["https:\/\/www.facebook.com\/laguiadepamplonacom-133175176762273\/?ref=hl","https:\/\/x.com\/LaGuiadPamplona","https:\/\/www.instagram.com\/la_guia_de_pamplona\/","https:\/\/www.youtube.com\/user\/laguiadepamplona"]},{"@type":"Person","@id":"https:\/\/www.laguiadepamplona.com\/actualidad\/#\/schema\/person\/efe887376f0213d4657c93adc50b1fdb","name":"La Gu\u00eda de Pamplona","image":{"@type":"ImageObject","inLanguage":"es","@id":"https:\/\/secure.gravatar.com\/avatar\/b6992f131dc8d30ab0dff15446e9d346d9dbd95992de0fef795073f5ea83a81c?s=96&d=mm&r=g","url":"https:\/\/secure.gravatar.com\/avatar\/b6992f131dc8d30ab0dff15446e9d346d9dbd95992de0fef795073f5ea83a81c?s=96&d=mm&r=g","contentUrl":"https:\/\/secure.gravatar.com\/avatar\/b6992f131dc8d30ab0dff15446e9d346d9dbd95992de0fef795073f5ea83a81c?s=96&d=mm&r=g","caption":"La Gu\u00eda de Pamplona"}}]}},"post_mailing_queue_ids":[],"_links":{"self":[{"href":"https:\/\/www.laguiadepamplona.com\/actualidad\/wp-json\/wp\/v2\/posts\/51149","targetHints":{"allow":["GET"]}}],"collection":[{"href":"https:\/\/www.laguiadepamplona.com\/actualidad\/wp-json\/wp\/v2\/posts"}],"about":[{"href":"https:\/\/www.laguiadepamplona.com\/actualidad\/wp-json\/wp\/v2\/types\/post"}],"author":[{"embeddable":true,"href":"https:\/\/www.laguiadepamplona.com\/actualidad\/wp-json\/wp\/v2\/users\/1"}],"replies":[{"embeddable":true,"href":"https:\/\/www.laguiadepamplona.com\/actualidad\/wp-json\/wp\/v2\/comments?post=51149"}],"version-history":[{"count":1,"href":"https:\/\/www.laguiadepamplona.com\/actualidad\/wp-json\/wp\/v2\/posts\/51149\/revisions"}],"predecessor-version":[{"id":51151,"href":"https:\/\/www.laguiadepamplona.com\/actualidad\/wp-json\/wp\/v2\/posts\/51149\/revisions\/51151"}],"wp:featuredmedia":[{"embeddable":true,"href":"https:\/\/www.laguiadepamplona.com\/actualidad\/wp-json\/wp\/v2\/media\/51150"}],"wp:attachment":[{"href":"https:\/\/www.laguiadepamplona.com\/actualidad\/wp-json\/wp\/v2\/media?parent=51149"}],"wp:term":[{"taxonomy":"category","embeddable":true,"href":"https:\/\/www.laguiadepamplona.com\/actualidad\/wp-json\/wp\/v2\/categories?post=51149"},{"taxonomy":"post_tag","embeddable":true,"href":"https:\/\/www.laguiadepamplona.com\/actualidad\/wp-json\/wp\/v2\/tags?post=51149"}],"curies":[{"name":"wp","href":"https:\/\/api.w.org\/{rel}","templated":true}]}}